{"id":565892,"date":"2024-07-10T15:40:43","date_gmt":"2024-07-10T18:40:43","guid":{"rendered":"https:\/\/www.suno.com.br\/noticias\/?p=565892"},"modified":"2024-07-10T15:40:50","modified_gmt":"2024-07-10T18:40:50","slug":"ipca-abaixo-esperado-selic-cair-gb","status":"publish","type":"post","link":"https:\/\/www.suno.com.br\/noticias\/ipca-abaixo-esperado-selic-cair-gb\/","title":{"rendered":"Com IPCA abaixo do esperado, Selic pode voltar a cair? Confira an\u00e1lises"},"content":{"rendered":"<p>O \u00cdndice de Pre\u00e7os ao Consumidor Amplo (<strong><a href=\"https:\/\/www.suno.com.br\/guias\/ipca\/\">IPCA<\/a><\/strong>), indicador oficial da infla\u00e7\u00e3o no Pa\u00eds, registrou alta de 0,21% em junho, abaixo da expectativa do mercado, que projetava um aumento de 0,32%. Na vis\u00e3o dos especialistas, mesmo que a infla\u00e7\u00e3o n\u00e3o tenha avan\u00e7ado na magnitude esperada, a taxa Selic deve continuar em 10,50% na pr\u00f3xima reuni\u00e3o do Copom.<\/p>\t<div class=\"wrapper-featured-image\">\n\t\t<figure class=\"spotlightImg\">\n\n\t\t\t<picture>\n\t\t\t\t<source media=\"(max-width: 768px)\" srcset=\"https:\/\/files.sunoresearch.com.br\/n\/uploads\/2024\/03\/iStock-1475324668-400x200.jpg\">\n\t\t\t\t<img loading=\"lazy\" decoding=\"async\" class=\"newsContent__article__imgCapa lazyloadDisabled \" src=\"https:\/\/files.sunoresearch.com.br\/n\/uploads\/2024\/03\/iStock-1475324668-800x450.jpg\" width=\"800\" height=\"450\" alt=\"Com IPCA abaixo do esperado, Selic pode voltar a cair? Confira an\u00e1lises\" fetchpriority=high \/>\n\t\t\t<\/picture>\n\n\t\t\t<figcaption class=\"wp-caption-text wp-caption-text--show\">IPCA e Selic. Foto: iStock.<\/figcaption>\n\t\t<\/figure>\n\t<\/div>\n\n\n\n\n\n\t<p>\n\t\t<a href=\"\" target=\"_blank\" data-element=\"shortcode-suno-banner\" title=\"Banner SUNO, clique e saiba mais\">\n\t\t\t<picture>\n\t\t\t\t<source media=\"(max-width: 500px)\" srcset=\"\">\n\t\t\t\t<img class=\"newsContent__article__imgCapa newsContent__article__imgCapa--banner\"\n\t\t\t\t\tsrc=\"\"\n\t\t\t\t\tdata-promo-id=\"240038\"\t\t\t\t\t\t\t\t\t\t\t\t\t\t\talt=\"\"\n\t\t\t\t>\n\t\t\t<\/picture>\n\t\t<\/a>\n\t<\/p>\n\n\n\n\n\n\n\n<p>&#8220;A infla\u00e7\u00e3o deste m\u00eas foi considerada uma \u2018boa not\u00edcia\u2019&#8221;, afirmou Lucas Barbosa, economista da AZ Quest. &#8220;\u00c9 uma situa\u00e7\u00e3o positiva para a din\u00e2mica de <strong>infla\u00e7\u00e3o<\/strong>, que vinha preocupando nos \u00faltimos meses, com a incorpora\u00e7\u00e3o de diversos choques, come\u00e7ando pelas enchentes no Rio Grande do Sul e, na sequ\u00eancia, uma piora da parte de bandeira tarif\u00e1ria e, por fim, o reajuste de gasolina por parte da Petrobras.&#8221;<\/p>\n\n\n\n<p>Barbosa tamb\u00e9m ponderou que &#8220;o filme da infla\u00e7\u00e3o ainda n\u00e3o \u00e9 um filme bonito, mas a foto do n\u00famero de hoje traz algum al\u00edvio, ainda que moment\u00e2neo&#8221;.<\/p>\n\n\n\n<p>Jos\u00e9 Alfaix, economista da Rio Bravo, concorda com essa vis\u00e3o. &#8220;O resultado alivia a recente resili\u00eancia observada em servi\u00e7os subjacentes e servi\u00e7os intensivos em trabalho, que agora mostram alguma resposta ao aperto monet\u00e1rio.&#8221;<\/p>\n\n\n\n<p>Al\u00e9m disso, Alfaix destacou que a infla\u00e7\u00e3o mais contida, somada a outros fatores como a retra\u00e7\u00e3o do d\u00f3lar para o patamar de R$ 5,40 e a expectativa de desacelera\u00e7\u00e3o dos indicadores do <a class=\"suno-keyword\" target=\"_blank\" data-force=\"no\" data-priority=\"2\" href=\"https:\/\/www.suno.com.br\/artigos\/mercado-de-trabalho\/\" rel=\"noopener\">mercado de trabalho<\/a> dos Estados Unidos, resultaram em um achatamento na <a class=\"suno-keyword\" target=\"_blank\" data-force=\"no\" data-priority=\"1\" href=\"https:\/\/www.suno.com.br\/artigos\/curva-de-juros\/\" rel=\"noopener\">curva de juros<\/a> nesta manh\u00e3. &#8220;Agora h\u00e1 menos preocupa\u00e7\u00f5es com um pr\u00f3ximo movimento de alta da <strong><a href=\"https:\/\/www.suno.com.br\/guias\/taxa-selic-hoje\/\">Selic<\/a><\/strong> por parte do <strong>Banco Central<\/strong>&#8220;, comentou.<\/p>\n\n\n\t<div data-element=\"shortcode-read-more\" class=\"knowMore\">\n\t\t\t\t<span class=\"knowMore__title\">Leia mais<\/span>\n\t\t\t\t<a class=\"knowMore__link\" href=\"https:\/\/www.suno.com.br\/noticias\/ipca-junho-2024-gss\/\">\n\t\t\tIPCA desacelera a 0,21% em junho e fica abaixo do esperado; infla\u00e7\u00e3o acumula alta de 2,48% no ano\t\t<\/a>\n\t<\/div>\n\n\n\n\n<h2 class=\"wp-block-heading\">IPCA deve fechar o ano acima da meta e Selic continuar\u00e1 em 10,50%<\/h2>\n\n\n\n<p>Apesar disso, os especialistas n\u00e3o afirmam categoricamente que a redu\u00e7\u00e3o do IPCA signifique uma queda na<strong> infla\u00e7\u00e3o para 2024<\/strong>. \u201cN\u00f3s mantemos uma proje\u00e7\u00e3o de 4,4% no ano\u201d, disse o economista da AZ Quest. J\u00e1 o Boletim Focus projeta uma infla\u00e7\u00e3o para 4,02% no fim do ano. <\/p>\n\n\n\n<p>No acumulado dos \u00faltimos 12 meses, com o IPCA atualmente em 4,23%, n\u00e3o h\u00e1 margem para o BC baixar a taxa Selic, pois a infla\u00e7\u00e3o segue bem acima do centro da meta, de 3%, afirma Volnei Eyng, CEO da gestora Multiplike. \u201cMesmo que esses n\u00fameros n\u00e3o sinalizem uma baixa da Selic ainda para esse ano, eles contribuem para a expectativa de uma diminui\u00e7\u00e3o da Selic para 2025, se os pr\u00f3ximos dados vierem abaixo do esperado\u201d, destacou.<\/p>\n\n\n\n<p>Por esse motivo, apesar do recuo do <strong>IPCA<\/strong>, os juros devem permanecer constantes em 10,5%, mas com um vi\u00e9s baixista para 10%, caso a atividade econ\u00f4mica nos Estados Unidos desacelere mais r\u00e1pido do que atualmente projetado, concluiu o especialista.<\/p>\n\n\n\t<p>\n\t\t<a href=\"https:\/\/lp.suno.com.br\/ebook-gratuito-investindo-no-exterior\/\" target=\"_blank\" data-element=\"shortcode-suno-banner\" title=\"Banner SUNO, clique e saiba mais\">\n\t\t\t<picture>\n\t\t\t\t<source media=\"(max-width: 500px)\" srcset=\"https:\/\/files.sunoresearch.com.br\/n\/uploads\/2023\/03\/400x300-Investindo-no-exterior.png\">\n\t\t\t\t<img class=\"newsContent__article__imgCapa newsContent__article__imgCapa--banner\"\n\t\t\t\t\tsrc=\"https:\/\/files.sunoresearch.com.br\/n\/uploads\/2023\/03\/1420x240-Investindo-no-exterior.png\"\n\t\t\t\t\tdata-promo-id=\"383161\"\t\t\t\t\t\t\t\t\t\twidth='1420' height='240'\t\t\t\t\talt=\"https:\/\/files.sunoresearch.com.br\/n\/uploads\/2023\/03\/1420x240-Investindo-no-exterior.png\"\n\t\t\t\t>\n\t\t\t<\/picture>\n\t\t<\/a>\n\t<\/p>\n\n\n","protected":false},"excerpt":{"rendered":"<p>O \u00cdndice de Pre\u00e7os ao Consumidor Amplo (IPCA), indicador oficial da infla\u00e7\u00e3o no Pa\u00eds, registrou alta de 0,21% em junho, abaixo da expectativa do mercado, que projetava um aumento de 0,32%. Na vis\u00e3o dos especialistas, mesmo que a infla\u00e7\u00e3o n\u00e3o tenha avan\u00e7ado na magnitude esperada, a taxa Selic deve continuar em 10,50% na pr\u00f3xima reuni\u00e3o [&hellip;]<\/p>\n","protected":false},"author":172,"featured_media":532431,"comment_status":"closed","ping_status":"closed","sticky":false,"template":"","format":"standard","meta":[],"categories":[64],"tags":[966,290],"suno_strategy":[],"class_list":["post-565892","post","type-post","status-publish","format-standard","has-post-thumbnail","hentry","category-negocios","tag-ipca","tag-taxa-selic"],"yoast_head":"<!-- This site is optimized with the Yoast SEO plugin v24.4 - https:\/\/yoast.com\/wordpress\/plugins\/seo\/ -->\n<title>Com IPCA abaixo do esperado, Selic pode voltar a cair?<\/title>\n<meta name=\"description\" content=\"Mesmo com IPCA abaixo do esperado em junho, especialistas n\u00e3o acreditam em queda da Selic. Leia e entenda.\" \/>\n<meta name=\"robots\" content=\"index, follow, max-snippet:-1, max-image-preview:large, max-video-preview:-1\" \/>\n<link rel=\"canonical\" href=\"https:\/\/www.suno.com.br\/noticias\/ipca-abaixo-esperado-selic-cair-gb\/\" \/>\n<meta property=\"og:locale\" content=\"pt_BR\" \/>\n<meta property=\"og:type\" content=\"article\" \/>\n<meta property=\"og:title\" content=\"Com IPCA abaixo do esperado, Selic pode voltar a cair?\" \/>\n<meta property=\"og:description\" content=\"Mesmo com IPCA abaixo do esperado em junho, especialistas n\u00e3o acreditam em queda da Selic. Leia e entenda.\" \/>\n<meta property=\"og:url\" content=\"https:\/\/www.suno.com.br\/noticias\/ipca-abaixo-esperado-selic-cair-gb\/\" \/>\n<meta property=\"og:site_name\" content=\"Suno Not\u00edcias\" \/>\n<meta property=\"article:publisher\" content=\"https:\/\/facebook.com\/sunoresearch\" \/>\n<meta property=\"og:image\" content=\"https:\/\/files.sunoresearch.com.br\/n\/uploads\/2024\/03\/iStock-1475324668.jpg\" \/>\n\t<meta property=\"og:image:width\" content=\"2121\" \/>\n\t<meta property=\"og:image:height\" content=\"1414\" \/>\n\t<meta property=\"og:image:type\" content=\"image\/jpeg\" \/>\n<meta name=\"author\" content=\"Gustavo Bianch\" \/>\n<meta name=\"twitter:card\" content=\"summary_large_image\" \/>\n<meta name=\"twitter:creator\" content=\"@sunoresearch\" \/>\n<meta name=\"twitter:site\" content=\"@sunoresearch\" \/>\n<meta name=\"twitter:label1\" content=\"Escrito por\" \/>\n\t<meta name=\"twitter:data1\" content=\"Gustavo Bianch\" \/>\n\t<meta name=\"twitter:label2\" content=\"Est. tempo de leitura\" \/>\n\t<meta name=\"twitter:data2\" content=\"3 minutos\" \/>\n<script type=\"application\/ld+json\" class=\"yoast-schema-graph\">{\"@context\":\"https:\/\/schema.org\",\"@graph\":[{\"@type\":\"NewsArticle\",\"@id\":\"https:\/\/www.suno.com.br\/noticias\/ipca-abaixo-esperado-selic-cair-gb\/#article\",\"isPartOf\":{\"@id\":\"https:\/\/www.suno.com.br\/noticias\/ipca-abaixo-esperado-selic-cair-gb\/\"},\"author\":{\"name\":\"Gustavo Bianch\",\"@id\":\"https:\/\/www.suno.com.br\/noticias\/#\/schema\/person\/a72c0794bc524e8100a01ae3d3b6becb\"},\"headline\":\"Com IPCA abaixo do esperado, Selic pode voltar a cair? Confira an\u00e1lises\",\"datePublished\":\"2024-07-10T18:40:43+00:00\",\"dateModified\":\"2024-07-10T18:40:50+00:00\",\"mainEntityOfPage\":{\"@id\":\"https:\/\/www.suno.com.br\/noticias\/ipca-abaixo-esperado-selic-cair-gb\/\"},\"wordCount\":478,\"publisher\":{\"@id\":\"https:\/\/www.suno.com.br\/noticias\/#organization\"},\"image\":{\"@id\":\"https:\/\/www.suno.com.br\/noticias\/ipca-abaixo-esperado-selic-cair-gb\/#primaryimage\"},\"thumbnailUrl\":\"https:\/\/files.sunoresearch.com.br\/n\/uploads\/2024\/03\/iStock-1475324668.jpg\",\"keywords\":[\"IPCA\",\"Taxa Selic\"],\"articleSection\":[\"Neg\u00f3cios\"],\"inLanguage\":\"pt-BR\"},{\"@type\":\"WebPage\",\"@id\":\"https:\/\/www.suno.com.br\/noticias\/ipca-abaixo-esperado-selic-cair-gb\/\",\"url\":\"https:\/\/www.suno.com.br\/noticias\/ipca-abaixo-esperado-selic-cair-gb\/\",\"name\":\"Com IPCA abaixo do esperado, Selic pode voltar a cair?\",\"isPartOf\":{\"@id\":\"https:\/\/www.suno.com.br\/noticias\/#website\"},\"primaryImageOfPage\":{\"@id\":\"https:\/\/www.suno.com.br\/noticias\/ipca-abaixo-esperado-selic-cair-gb\/#primaryimage\"},\"image\":{\"@id\":\"https:\/\/www.suno.com.br\/noticias\/ipca-abaixo-esperado-selic-cair-gb\/#primaryimage\"},\"thumbnailUrl\":\"https:\/\/files.sunoresearch.com.br\/n\/uploads\/2024\/03\/iStock-1475324668.jpg\",\"datePublished\":\"2024-07-10T18:40:43+00:00\",\"dateModified\":\"2024-07-10T18:40:50+00:00\",\"description\":\"Mesmo com IPCA abaixo do esperado em junho, especialistas n\u00e3o acreditam em queda da Selic. Leia e entenda.\",\"breadcrumb\":{\"@id\":\"https:\/\/www.suno.com.br\/noticias\/ipca-abaixo-esperado-selic-cair-gb\/#breadcrumb\"},\"inLanguage\":\"pt-BR\",\"potentialAction\":[{\"@type\":\"ReadAction\",\"target\":[\"https:\/\/www.suno.com.br\/noticias\/ipca-abaixo-esperado-selic-cair-gb\/\"]}]},{\"@type\":\"ImageObject\",\"inLanguage\":\"pt-BR\",\"@id\":\"https:\/\/www.suno.com.br\/noticias\/ipca-abaixo-esperado-selic-cair-gb\/#primaryimage\",\"url\":\"https:\/\/files.sunoresearch.com.br\/n\/uploads\/2024\/03\/iStock-1475324668.jpg\",\"contentUrl\":\"https:\/\/files.sunoresearch.com.br\/n\/uploads\/2024\/03\/iStock-1475324668.jpg\",\"width\":2121,\"height\":1414,\"caption\":\"IPCA e Selic. Foto: iStock.\"},{\"@type\":\"BreadcrumbList\",\"@id\":\"https:\/\/www.suno.com.br\/noticias\/ipca-abaixo-esperado-selic-cair-gb\/#breadcrumb\",\"itemListElement\":[{\"@type\":\"ListItem\",\"position\":1,\"name\":\"Not\u00edcias\",\"item\":\"https:\/\/www.suno.com.br\/noticias\/\"},{\"@type\":\"ListItem\",\"position\":2,\"name\":\"Neg\u00f3cios\",\"item\":\"https:\/\/www.suno.com.br\/noticias\/negocios\/\"},{\"@type\":\"ListItem\",\"position\":3,\"name\":\"Com IPCA abaixo do esperado, Selic pode voltar a cair? Confira an\u00e1lises\"}]},{\"@type\":\"WebSite\",\"@id\":\"https:\/\/www.suno.com.br\/noticias\/#website\",\"url\":\"https:\/\/www.suno.com.br\/noticias\/\",\"name\":\"Suno Not\u00edcias\",\"description\":\"Seu portal de informa\u00e7\u00e3o sobre o mundo dos investimentos\",\"publisher\":{\"@id\":\"https:\/\/www.suno.com.br\/noticias\/#organization\"},\"potentialAction\":[{\"@type\":\"SearchAction\",\"target\":{\"@type\":\"EntryPoint\",\"urlTemplate\":\"https:\/\/www.suno.com.br\/noticias\/?s={search_term_string}\"},\"query-input\":{\"@type\":\"PropertyValueSpecification\",\"valueRequired\":true,\"valueName\":\"search_term_string\"}}],\"inLanguage\":\"pt-BR\"},{\"@type\":\"Organization\",\"@id\":\"https:\/\/www.suno.com.br\/noticias\/#organization\",\"name\":\"Suno Not\u00edcias\",\"url\":\"https:\/\/www.suno.com.br\/noticias\/\",\"logo\":{\"@type\":\"ImageObject\",\"inLanguage\":\"pt-BR\",\"@id\":\"https:\/\/www.suno.com.br\/noticias\/#\/schema\/logo\/image\/\",\"url\":\"https:\/\/files.sunoresearch.com.br\/n\/uploads\/2021\/09\/suno-logo.png\",\"contentUrl\":\"https:\/\/files.sunoresearch.com.br\/n\/uploads\/2021\/09\/suno-logo.png\",\"width\":180,\"height\":180,\"caption\":\"Suno Not\u00edcias\"},\"image\":{\"@id\":\"https:\/\/www.suno.com.br\/noticias\/#\/schema\/logo\/image\/\"},\"sameAs\":[\"https:\/\/facebook.com\/sunoresearch\",\"https:\/\/x.com\/sunoresearch\",\"https:\/\/www.instagram.com\/suno\",\"https:\/\/www.linkedin.com\/company\/suno-research\/\",\"https:\/\/www.youtube.com\/c\/sunoresearch\"]},{\"@type\":\"Person\",\"@id\":\"https:\/\/www.suno.com.br\/noticias\/#\/schema\/person\/a72c0794bc524e8100a01ae3d3b6becb\",\"name\":\"Gustavo Bianch\",\"image\":{\"@type\":\"ImageObject\",\"inLanguage\":\"pt-BR\",\"@id\":\"https:\/\/www.suno.com.br\/noticias\/#\/schema\/person\/image\/\",\"url\":\"https:\/\/secure.gravatar.com\/avatar\/a8da2835aade1ac6c1eede0339ead827?s=96&r=g\",\"contentUrl\":\"https:\/\/secure.gravatar.com\/avatar\/a8da2835aade1ac6c1eede0339ead827?s=96&r=g\",\"caption\":\"Gustavo Bianch\"},\"description\":\"Jornalista com doutorado pela UFMG e produtor de conte\u00fado da unidade de m\u00eddias da Suno. Tamb\u00e9m trabalha no FIIs.com.br e Funds Explorer, fazendo a cobertura sobre FIIs, Fiagro e FI-Infra.\",\"url\":\"https:\/\/www.suno.com.br\/noticias\/author\/gustavo-silva\/\"}]}<\/script>\n<!-- \/ Yoast SEO plugin. -->","yoast_head_json":{"title":"Com IPCA abaixo do esperado, Selic pode voltar a cair?","description":"Mesmo com IPCA abaixo do esperado em junho, especialistas n\u00e3o acreditam em queda da Selic. Leia e entenda.","robots":{"index":"index","follow":"follow","max-snippet":"max-snippet:-1","max-image-preview":"max-image-preview:large","max-video-preview":"max-video-preview:-1"},"canonical":"https:\/\/www.suno.com.br\/noticias\/ipca-abaixo-esperado-selic-cair-gb\/","og_locale":"pt_BR","og_type":"article","og_title":"Com IPCA abaixo do esperado, Selic pode voltar a cair?","og_description":"Mesmo com IPCA abaixo do esperado em junho, especialistas n\u00e3o acreditam em queda da Selic. Leia e entenda.","og_url":"https:\/\/www.suno.com.br\/noticias\/ipca-abaixo-esperado-selic-cair-gb\/","og_site_name":"Suno Not\u00edcias","article_publisher":"https:\/\/facebook.com\/sunoresearch","og_image":[{"width":2121,"height":1414,"url":"https:\/\/files.sunoresearch.com.br\/n\/uploads\/2024\/03\/iStock-1475324668.jpg","type":"image\/jpeg"}],"author":"Gustavo Bianch","twitter_card":"summary_large_image","twitter_creator":"@sunoresearch","twitter_site":"@sunoresearch","twitter_misc":{"Escrito por":"Gustavo Bianch","Est. tempo de leitura":"3 minutos"},"schema":{"@context":"https:\/\/schema.org","@graph":[{"@type":"NewsArticle","@id":"https:\/\/www.suno.com.br\/noticias\/ipca-abaixo-esperado-selic-cair-gb\/#article","isPartOf":{"@id":"https:\/\/www.suno.com.br\/noticias\/ipca-abaixo-esperado-selic-cair-gb\/"},"author":{"name":"Gustavo Bianch","@id":"https:\/\/www.suno.com.br\/noticias\/#\/schema\/person\/a72c0794bc524e8100a01ae3d3b6becb"},"headline":"Com IPCA abaixo do esperado, Selic pode voltar a cair? Confira an\u00e1lises","datePublished":"2024-07-10T18:40:43+00:00","dateModified":"2024-07-10T18:40:50+00:00","mainEntityOfPage":{"@id":"https:\/\/www.suno.com.br\/noticias\/ipca-abaixo-esperado-selic-cair-gb\/"},"wordCount":478,"publisher":{"@id":"https:\/\/www.suno.com.br\/noticias\/#organization"},"image":{"@id":"https:\/\/www.suno.com.br\/noticias\/ipca-abaixo-esperado-selic-cair-gb\/#primaryimage"},"thumbnailUrl":"https:\/\/files.sunoresearch.com.br\/n\/uploads\/2024\/03\/iStock-1475324668.jpg","keywords":["IPCA","Taxa Selic"],"articleSection":["Neg\u00f3cios"],"inLanguage":"pt-BR"},{"@type":"WebPage","@id":"https:\/\/www.suno.com.br\/noticias\/ipca-abaixo-esperado-selic-cair-gb\/","url":"https:\/\/www.suno.com.br\/noticias\/ipca-abaixo-esperado-selic-cair-gb\/","name":"Com IPCA abaixo do esperado, Selic pode voltar a cair?","isPartOf":{"@id":"https:\/\/www.suno.com.br\/noticias\/#website"},"primaryImageOfPage":{"@id":"https:\/\/www.suno.com.br\/noticias\/ipca-abaixo-esperado-selic-cair-gb\/#primaryimage"},"image":{"@id":"https:\/\/www.suno.com.br\/noticias\/ipca-abaixo-esperado-selic-cair-gb\/#primaryimage"},"thumbnailUrl":"https:\/\/files.sunoresearch.com.br\/n\/uploads\/2024\/03\/iStock-1475324668.jpg","datePublished":"2024-07-10T18:40:43+00:00","dateModified":"2024-07-10T18:40:50+00:00","description":"Mesmo com IPCA abaixo do esperado em junho, especialistas n\u00e3o acreditam em queda da Selic. Leia e entenda.","breadcrumb":{"@id":"https:\/\/www.suno.com.br\/noticias\/ipca-abaixo-esperado-selic-cair-gb\/#breadcrumb"},"inLanguage":"pt-BR","potentialAction":[{"@type":"ReadAction","target":["https:\/\/www.suno.com.br\/noticias\/ipca-abaixo-esperado-selic-cair-gb\/"]}]},{"@type":"ImageObject","inLanguage":"pt-BR","@id":"https:\/\/www.suno.com.br\/noticias\/ipca-abaixo-esperado-selic-cair-gb\/#primaryimage","url":"https:\/\/files.sunoresearch.com.br\/n\/uploads\/2024\/03\/iStock-1475324668.jpg","contentUrl":"https:\/\/files.sunoresearch.com.br\/n\/uploads\/2024\/03\/iStock-1475324668.jpg","width":2121,"height":1414,"caption":"IPCA e Selic. Foto: iStock."},{"@type":"BreadcrumbList","@id":"https:\/\/www.suno.com.br\/noticias\/ipca-abaixo-esperado-selic-cair-gb\/#breadcrumb","itemListElement":[{"@type":"ListItem","position":1,"name":"Not\u00edcias","item":"https:\/\/www.suno.com.br\/noticias\/"},{"@type":"ListItem","position":2,"name":"Neg\u00f3cios","item":"https:\/\/www.suno.com.br\/noticias\/negocios\/"},{"@type":"ListItem","position":3,"name":"Com IPCA abaixo do esperado, Selic pode voltar a cair? Confira an\u00e1lises"}]},{"@type":"WebSite","@id":"https:\/\/www.suno.com.br\/noticias\/#website","url":"https:\/\/www.suno.com.br\/noticias\/","name":"Suno Not\u00edcias","description":"Seu portal de informa\u00e7\u00e3o sobre o mundo dos investimentos","publisher":{"@id":"https:\/\/www.suno.com.br\/noticias\/#organization"},"potentialAction":[{"@type":"SearchAction","target":{"@type":"EntryPoint","urlTemplate":"https:\/\/www.suno.com.br\/noticias\/?s={search_term_string}"},"query-input":{"@type":"PropertyValueSpecification","valueRequired":true,"valueName":"search_term_string"}}],"inLanguage":"pt-BR"},{"@type":"Organization","@id":"https:\/\/www.suno.com.br\/noticias\/#organization","name":"Suno Not\u00edcias","url":"https:\/\/www.suno.com.br\/noticias\/","logo":{"@type":"ImageObject","inLanguage":"pt-BR","@id":"https:\/\/www.suno.com.br\/noticias\/#\/schema\/logo\/image\/","url":"https:\/\/files.sunoresearch.com.br\/n\/uploads\/2021\/09\/suno-logo.png","contentUrl":"https:\/\/files.sunoresearch.com.br\/n\/uploads\/2021\/09\/suno-logo.png","width":180,"height":180,"caption":"Suno Not\u00edcias"},"image":{"@id":"https:\/\/www.suno.com.br\/noticias\/#\/schema\/logo\/image\/"},"sameAs":["https:\/\/facebook.com\/sunoresearch","https:\/\/x.com\/sunoresearch","https:\/\/www.instagram.com\/suno","https:\/\/www.linkedin.com\/company\/suno-research\/","https:\/\/www.youtube.com\/c\/sunoresearch"]},{"@type":"Person","@id":"https:\/\/www.suno.com.br\/noticias\/#\/schema\/person\/a72c0794bc524e8100a01ae3d3b6becb","name":"Gustavo Bianch","image":{"@type":"ImageObject","inLanguage":"pt-BR","@id":"https:\/\/www.suno.com.br\/noticias\/#\/schema\/person\/image\/","url":"https:\/\/secure.gravatar.com\/avatar\/a8da2835aade1ac6c1eede0339ead827?s=96&r=g","contentUrl":"https:\/\/secure.gravatar.com\/avatar\/a8da2835aade1ac6c1eede0339ead827?s=96&r=g","caption":"Gustavo Bianch"},"description":"Jornalista com doutorado pela UFMG e produtor de conte\u00fado da unidade de m\u00eddias da Suno. Tamb\u00e9m trabalha no FIIs.com.br e Funds Explorer, fazendo a cobertura sobre FIIs, Fiagro e FI-Infra.","url":"https:\/\/www.suno.com.br\/noticias\/author\/gustavo-silva\/"}]}},"default_loop_html":"<div class=\"cardsPage__listCard__boxs\"><div class=\"cardsPage__listCard__boxs__img\"><a href=\"https:\/\/www.suno.com.br\/noticias\/ipca-abaixo-esperado-selic-cair-gb\/\"><img class=\"mask\" src=\"https:\/\/www.suno.com.br\/noticias\/wp-content\/themes\/suno\/resources\/images\/spotlight\/spotlight1img\/bg-mask.png\" alt=\"Image Mask\"\/><img src=\"https:\/\/files.sunoresearch.com.br\/n\/uploads\/2024\/03\/iStock-1475324668-400x200.jpg\" alt=\"Com IPCA abaixo do esperado, Selic pode voltar a cair? Confira an\u00e1lises\"\/><\/a><span class=\"spotlightCategory\"><a href=\"https:\/\/www.suno.com.br\/noticias\/negocios\/\">Neg\u00f3cios<\/a><\/span><\/div><div class=\"cardsPage__listCard__boxs__content\"><a href=\"https:\/\/www.suno.com.br\/noticias\/ipca-abaixo-esperado-selic-cair-gb\/\"><h2 class=\"content__title\">Com IPCA abaixo do esperado, Selic pode voltar a cair? Confira an\u00e1lises<\/h2><\/a><div class=\"newsContent__article__meta\"><div class=\"newsContent__article__meta__authorBox\"><a href=\"https:\/\/www.suno.com.br\/noticias\/author\/gustavo-silva\/\" class=\"authorBox__avatar noMobi\"><img src=\"https:\/\/files.sunoresearch.com.br\/n\/uploads\/2024\/06\/41337ec3172142e15d749bd3a95a5216.jpeg\" alt=\"Gustavo Bianch\"><\/a><div class=\"authorBox__name\"><span>por\n\t\t\t<a href=\"https:\/\/www.suno.com.br\/noticias\/author\/gustavo-silva\/\"><span itemprop=\"author\">Gustavo Bianch<\/span><\/a><\/span><time datetime=\"2024-07-10T15:40:43-03:00\" itemprop=\"datePublished\">10\/07\/2024 15:40<\/time><\/div><\/div><\/div><\/div><\/div>","single_layout":"posts","amp_enabled":true,"_links":{"self":[{"href":"https:\/\/www.suno.com.br\/noticias\/wp-json\/wp\/v2\/posts\/565892"}],"collection":[{"href":"https:\/\/www.suno.com.br\/noticias\/wp-json\/wp\/v2\/posts"}],"about":[{"href":"https:\/\/www.suno.com.br\/noticias\/wp-json\/wp\/v2\/types\/post"}],"author":[{"embeddable":true,"href":"https:\/\/www.suno.com.br\/noticias\/wp-json\/wp\/v2\/users\/172"}],"replies":[{"embeddable":true,"href":"https:\/\/www.suno.com.br\/noticias\/wp-json\/wp\/v2\/comments?post=565892"}],"version-history":[{"count":2,"href":"https:\/\/www.suno.com.br\/noticias\/wp-json\/wp\/v2\/posts\/565892\/revisions"}],"predecessor-version":[{"id":565943,"href":"https:\/\/www.suno.com.br\/noticias\/wp-json\/wp\/v2\/posts\/565892\/revisions\/565943"}],"wp:featuredmedia":[{"embeddable":true,"href":"https:\/\/www.suno.com.br\/noticias\/wp-json\/wp\/v2\/media\/532431"}],"wp:attachment":[{"href":"https:\/\/www.suno.com.br\/noticias\/wp-json\/wp\/v2\/media?parent=565892"}],"wp:term":[{"taxonomy":"category","embeddable":true,"href":"https:\/\/www.suno.com.br\/noticias\/wp-json\/wp\/v2\/categories?post=565892"},{"taxonomy":"post_tag","embeddable":true,"href":"https:\/\/www.suno.com.br\/noticias\/wp-json\/wp\/v2\/tags?post=565892"},{"taxonomy":"suno_strategy","embeddable":true,"href":"https:\/\/www.suno.com.br\/noticias\/wp-json\/wp\/v2\/suno_strategy?post=565892"}],"curies":[{"name":"wp","href":"https:\/\/api.w.org\/{rel}","templated":true}]}}