{"id":565888,"date":"2024-07-10T15:01:13","date_gmt":"2024-07-10T18:01:13","guid":{"rendered":"https:\/\/www.suno.com.br\/noticias\/?p=565888"},"modified":"2024-07-10T15:01:19","modified_gmt":"2024-07-10T18:01:19","slug":"fed-powell-cofiante-inflacao-meta-evm","status":"publish","type":"post","link":"https:\/\/www.suno.com.br\/noticias\/fed-powell-cofiante-inflacao-meta-evm\/","title":{"rendered":"Powell diz que &#8216;n\u00e3o est\u00e1 confiante&#8217; sobre converg\u00eancia de infla\u00e7\u00e3o \u00e0 meta"},"content":{"rendered":"<p>O presidente do <a class=\"suno-keyword\" data-force=\"no\" data-priority=\"2\" href=\"https:\/\/www.suno.com.br\/artigos\/fed\/\" target=\"_blank\" rel=\"noopener\">Federal Reserve (Fed)<\/a>, <a href=\"https:\/\/www.suno.com.br\/noticias\/fed-powell-mercado-de-trabalho-pre-pandemia-evm\/\">Jerome <strong>Powell<\/strong><\/a>, disse novamente nesta quarta (10) que a autoridade monet\u00e1ria dos EUA obteve bastante progresso no combate \u00e0 infla\u00e7\u00e3o nos Estados Unidos.<\/p><div class=\"videoFull \">\n\t\t\t<div class=\"videoWrapper yt-lazyload center\"\n\t\t\t\tdata-width=\"960\"\n\t\t\t\tdata-height=\"540\"\n\t\t\t\tdata-id=\"Np0nsimFRLQ\"\n\t\t\t\tdata-alt=\"V\u00eddeo do YouTube - clique para reproduzir\"\n\t\t\t\tdata-logo=\"3\"\n\t\t\t\tdata-imagequality=\"maxres\">\n\t\t\t<\/div>\n\t\t<\/div><script type=\"application\/ld+json\">{\"@context\":\"https:\/\/schema.org\",\"@type\":\"VideoObject\",\"name\":\"\ud83d\udd34NOME DO CEO DA VALE (VALE3) REVELADO? | Ibovespa sobe | Petrobras (PETR4) mira g\u00e1s boliviano\",\"description\":\"#mercadofinanceiro #a\u00e7\u00f5es #investimentos #bolsadevalores #ibovespa #dinheiro #finan\u00e7as #pol\u00edtica #d\u00f3lar #livedas19h #petr4 #petr3 #petrobras #vale3 #vale #a\u00e7\u00f5es #economia #dividendos #min\u00e9riodeferro #min\u00e9rio #petr\u00f3leo #commodities #proventos #dividendos #jcp #statusinvest #sunoconsultoria #ceo #americanas #amer3 #cambio #xp \ud83d\udd34INVISTA MELHOR COM STATUS INVEST ASSESSORIA: https:\/\/lp.statusinvest.com.br\/ao\/assessoria-status-invest-b\/?&utm_source=suno-noticias&utm_medium=live&utm_campaign=seuconsultorresponde&utm_content=09072024 00:00 In\u00edcio do v\u00eddeo 01:27 Fechamento de preg\u00e3o 05:40 Nomes para CEO da Vale 10:18 Petrobras\u2026\",\"duration\":\"PT30M52S\",\"embedUrl\":\"https:\/\/www.youtube.com\/embed\/Np0nsimFRLQ\",\"regionsAllowed\":\"en-US\",\"interactionStatistic\":{\"@type\":\"InteractionCounter\",\"interactionType\":{\"@type\":\"WatchAction\"},\"userInteractionCount\":4733},\"thumbnailUrl\":\"https:\/\/i.ytimg.com\/vi\/Np0nsimFRLQ\/default.jpg\",\"uploadDate\":\"2024-07-09T22:41:39Z\"}<\/script>\n\n\n\n\n\t<p>\n\t\t<a href=\"https:\/\/lp.suno.com.br\/ebook-como-analisar-uma-acao\/\" target=\"_blank\" data-element=\"shortcode-suno-banner\" title=\"Banner SUNO, clique e saiba mais\">\n\t\t\t<picture>\n\t\t\t\t<source media=\"(max-width: 500px)\" srcset=\"https:\/\/files.sunoresearch.com.br\/n\/uploads\/2023\/03\/Ebook-Acoes-Mobile.jpg\">\n\t\t\t\t<img class=\"newsContent__article__imgCapa newsContent__article__imgCapa--banner\"\n\t\t\t\t\tsrc=\"https:\/\/files.sunoresearch.com.br\/n\/uploads\/2023\/03\/Ebook-Acoes-Desktop.jpg\"\n\t\t\t\t\tdata-promo-id=\"378302\"\t\t\t\t\t\t\t\t\t\twidth='1420' height='286'\t\t\t\t\talt=\"https:\/\/files.sunoresearch.com.br\/n\/uploads\/2023\/03\/Ebook-Acoes-Desktop.jpg\"\n\t\t\t\t>\n\t\t\t<\/picture>\n\t\t<\/a>\n\t<\/p>\n\n\n\n\n\n\n\n<p>Durante audi\u00eancia na <a href=\"https:\/\/www.house.gov\/\">C\u00e2mara dos Representantes<\/a>, Powell explicou que a pol\u00edtica restritiva est\u00e1 atuando para esfriar a demanda, enquanto as restri\u00e7\u00f5es \u00e0 oferta se normalizam. <\/p>\n\n\n\n<p>Segundo ele, a <a class=\"suno-keyword\" data-force=\"no\" data-priority=\"1\" href=\"https:\/\/www.suno.com.br\/artigos\/politica-monetaria\/\" target=\"_blank\" rel=\"noopener\"><strong>pol\u00edtica monet\u00e1ria<\/strong><\/a> est\u00e1 &#8220;funcionando da maneira como esper\u00e1vamos&#8221;.<\/p>\n\n\n\n<p><strong>Jerome Powell<\/strong> afirmou hoje ter &#8220;alguma confian\u00e7a&#8221; de que a infla\u00e7\u00e3o est\u00e1 arrefecendo. <\/p>\n\n\n\n<p>No entanto, o dirigente disse ainda n\u00e3o est\u00e1 pronto para atestar confian\u00e7a de que os \u00edndices de pre\u00e7os caminham &#8220;sustentadamente em dire\u00e7\u00e3o \u00e0 meta de 2%&#8221;.<\/p>\n\n\n\n<p>Na audi\u00eancia na C\u00e2mara dos Representantes dos <strong>EUA<\/strong>, Powell assegurou que a eventual decis\u00e3o por corte de juros ser\u00e1 definida pela &#8220;totalidade dos dados&#8221;, n\u00e3o apenas informa\u00e7\u00f5es pontuais. O dirigente, contudo, reconheceu que um &#8220;inesperado enfraquecimento&#8221; do mercado de trabalho poderia justificar o relaxamento monet\u00e1rio.<\/p>\n\n\n\t<p>\n\t\t<a href=\"https:\/\/lp.suno.com.br\/ebook-gratuito-investindo-no-exterior\/\" target=\"_blank\" data-element=\"shortcode-suno-banner\" title=\"Banner SUNO, clique e saiba mais\">\n\t\t\t<picture>\n\t\t\t\t<source media=\"(max-width: 500px)\" srcset=\"https:\/\/files.sunoresearch.com.br\/n\/uploads\/2023\/03\/400x300-Investindo-no-exterior.png\">\n\t\t\t\t<img class=\"newsContent__article__imgCapa newsContent__article__imgCapa--banner\"\n\t\t\t\t\tsrc=\"https:\/\/files.sunoresearch.com.br\/n\/uploads\/2023\/03\/1420x240-Investindo-no-exterior.png\"\n\t\t\t\t\tdata-promo-id=\"383161\"\t\t\t\t\t\t\t\t\t\twidth='1420' height='240'\t\t\t\t\talt=\"https:\/\/files.sunoresearch.com.br\/n\/uploads\/2023\/03\/1420x240-Investindo-no-exterior.png\"\n\t\t\t\t>\n\t\t\t<\/picture>\n\t\t<\/a>\n\t<\/p>\n\n\n\n\n\n<p>Powell acrescentou que o <a href=\"https:\/\/www.suno.com.br\/noticias\/roberto-campos-neto-fed-banco-central-evm\/\"><strong>Fed<\/strong> n\u00e3o pretende esperar a <strong>infla\u00e7\u00e3o<\/strong><\/a> voltar precisamente \u00e0 taxa de 2% para come\u00e7ar a reduzir juros. De acordo com ele, as oscila\u00e7\u00f5es inflacion\u00e1rias tendem a ser vol\u00e1teis e exibir defasagem. Por isso, esperar uma precis\u00e3o nos pre\u00e7os poderia levar a um aperto monet\u00e1rio desnecess\u00e1rio.<\/p>\n\n\n\n<p>Powell alertou ainda que a taxa neutro de juros pode estar mais alta no <a class=\"suno-keyword\" target=\"_blank\" data-force=\"no\" data-priority=\"1\" href=\"https:\/\/www.suno.com.br\/artigos\/curto-prazo\/\" rel=\"noopener\">curto prazo<\/a> do que antes da pandemia de covid-19.<\/p>\n\n\n\n<h2 class=\"wp-block-heading\">Juros neutros est\u00e3o mais altos do que antigamente, afirma Powell<\/h2>\n\n\n\n<p>Powell tamb\u00e9m reiterou que a autoridade monet\u00e1ria quer ter mais confian\u00e7a de que a infla\u00e7\u00e3o caminha sustentadamente em dire\u00e7\u00e3o \u00e0 meta de 2% nos Estados Unidos antes de decidir por cortes de juros.<\/p>\n\n\n\n<p><strong>Powell<\/strong> lembrou que o Fed monitora de maneira mais detida a evolu\u00e7\u00e3o do \u00edndice de pre\u00e7os de gastos com consumo (PCE, na sigla em ingl\u00eas). Segundo ele, a diverg\u00eancia entre o PCE e o \u00edndice de pre\u00e7os ao consumidor (CPI, na sigla em ingl\u00eas) tem estado mais alta do que o normal.<\/p>\n\n\n\n<p>Com Estad\u00e3o Conte\u00fado<\/p>\n\n\n\t<p>\n\t\t<a href=\"https:\/\/lp.suno.com.br\/planilha-da-vida-financeira\/\" target=\"_blank\" data-element=\"shortcode-suno-banner\" title=\"Banner SUNO, clique e saiba mais\">\n\t\t\t<picture>\n\t\t\t\t<source media=\"(max-width: 500px)\" srcset=\"https:\/\/files.sunoresearch.com.br\/n\/uploads\/2023\/04\/400x300-Planilha-vida-financeira-true.png\">\n\t\t\t\t<img class=\"newsContent__article__imgCapa newsContent__article__imgCapa--banner\"\n\t\t\t\t\tsrc=\"https:\/\/files.sunoresearch.com.br\/n\/uploads\/2023\/04\/1420x240-Planilha-vida-financeira-true.png\"\n\t\t\t\t\tdata-promo-id=\"383123\"\t\t\t\t\t\t\t\t\t\twidth='1420' height='240'\t\t\t\t\talt=\"https:\/\/files.sunoresearch.com.br\/n\/uploads\/2023\/04\/1420x240-Planilha-vida-financeira-true.png\"\n\t\t\t\t>\n\t\t\t<\/picture>\n\t\t<\/a>\n\t<\/p>\n\n\n","protected":false},"excerpt":{"rendered":"<p>O presidente do Federal Reserve (Fed), Jerome Powell, disse novamente nesta quarta (10) que a autoridade monet\u00e1ria dos EUA obteve bastante progresso no combate \u00e0 infla\u00e7\u00e3o nos Estados Unidos. Durante audi\u00eancia na C\u00e2mara dos Representantes, Powell explicou que a pol\u00edtica restritiva est\u00e1 atuando para esfriar a demanda, enquanto as restri\u00e7\u00f5es \u00e0 oferta se normalizam. Segundo [&hellip;]<\/p>\n","protected":false},"author":73,"featured_media":252827,"comment_status":"closed","ping_status":"closed","sticky":false,"template":"","format":"standard","meta":[],"categories":[63],"tags":[106444,776,1899,2448],"suno_strategy":[],"class_list":["post-565888","post","type-post","status-publish","format-standard","has-post-thumbnail","hentry","category-internacional","tag-agencias","tag-federal-reseve-fed","tag-jerome-powell","tag-politica-monetaria"],"yoast_head":"<!-- This site is optimized with the Yoast SEO plugin v24.4 - https:\/\/yoast.com\/wordpress\/plugins\/seo\/ -->\n<title>Powell diz que &#039;n\u00e3o est\u00e1 confiante&#039; sobre converg\u00eancia de infla\u00e7\u00e3o \u00e0 meta<\/title>\n<meta name=\"description\" content=\"Durante audi\u00eancia na C\u00e2mara dos Representantes, Powell explicou que a pol\u00edtica restritiva est\u00e1 atuando para esfriar a demanda\" \/>\n<meta name=\"robots\" content=\"index, follow, max-snippet:-1, max-image-preview:large, max-video-preview:-1\" \/>\n<link rel=\"canonical\" href=\"https:\/\/www.suno.com.br\/noticias\/fed-powell-cofiante-inflacao-meta-evm\/\" \/>\n<meta property=\"og:locale\" content=\"pt_BR\" \/>\n<meta property=\"og:type\" content=\"article\" \/>\n<meta property=\"og:title\" content=\"Powell diz que &#039;n\u00e3o est\u00e1 confiante&#039; sobre converg\u00eancia de infla\u00e7\u00e3o \u00e0 meta\" \/>\n<meta property=\"og:description\" content=\"Durante audi\u00eancia na C\u00e2mara dos Representantes, Powell explicou que a pol\u00edtica restritiva est\u00e1 atuando para esfriar a demanda\" \/>\n<meta property=\"og:url\" content=\"https:\/\/www.suno.com.br\/noticias\/fed-powell-cofiante-inflacao-meta-evm\/\" \/>\n<meta property=\"og:site_name\" content=\"Suno Not\u00edcias\" \/>\n<meta property=\"article:publisher\" content=\"https:\/\/facebook.com\/sunoresearch\" \/>\n<meta property=\"og:image\" content=\"https:\/\/files.sunoresearch.com.br\/n\/uploads\/2022\/04\/jerome_powell.jpg\" \/>\n\t<meta property=\"og:image:width\" content=\"1200\" \/>\n\t<meta property=\"og:image:height\" content=\"800\" \/>\n\t<meta property=\"og:image:type\" content=\"image\/jpeg\" \/>\n<meta name=\"author\" content=\"Eduardo Vargas\" \/>\n<meta name=\"twitter:card\" content=\"summary_large_image\" \/>\n<meta name=\"twitter:creator\" content=\"@sunoresearch\" \/>\n<meta name=\"twitter:site\" content=\"@sunoresearch\" \/>\n<meta name=\"twitter:label1\" content=\"Escrito por\" \/>\n\t<meta name=\"twitter:data1\" content=\"Eduardo Vargas\" \/>\n\t<meta name=\"twitter:label2\" content=\"Est. tempo de leitura\" \/>\n\t<meta name=\"twitter:data2\" content=\"2 minutos\" \/>\n<script type=\"application\/ld+json\" class=\"yoast-schema-graph\">{\"@context\":\"https:\/\/schema.org\",\"@graph\":[{\"@type\":\"NewsArticle\",\"@id\":\"https:\/\/www.suno.com.br\/noticias\/fed-powell-cofiante-inflacao-meta-evm\/#article\",\"isPartOf\":{\"@id\":\"https:\/\/www.suno.com.br\/noticias\/fed-powell-cofiante-inflacao-meta-evm\/\"},\"author\":{\"name\":\"Eduardo Vargas\",\"@id\":\"https:\/\/www.suno.com.br\/noticias\/#\/schema\/person\/7f4d362bf3518e76090143ae77bb49a5\"},\"headline\":\"Powell diz que &#8216;n\u00e3o est\u00e1 confiante&#8217; sobre converg\u00eancia de infla\u00e7\u00e3o \u00e0 meta\",\"datePublished\":\"2024-07-10T18:01:13+00:00\",\"dateModified\":\"2024-07-10T18:01:19+00:00\",\"mainEntityOfPage\":{\"@id\":\"https:\/\/www.suno.com.br\/noticias\/fed-powell-cofiante-inflacao-meta-evm\/\"},\"wordCount\":378,\"publisher\":{\"@id\":\"https:\/\/www.suno.com.br\/noticias\/#organization\"},\"image\":{\"@id\":\"https:\/\/www.suno.com.br\/noticias\/fed-powell-cofiante-inflacao-meta-evm\/#primaryimage\"},\"thumbnailUrl\":\"https:\/\/files.sunoresearch.com.br\/n\/uploads\/2022\/04\/jerome_powell.jpg\",\"keywords\":[\"Ag\u00eancias\",\"Federal Reserve (FED)\",\"Jerome Powell\",\"pol\u00edtica monet\u00e1ria\"],\"articleSection\":[\"Internacional\"],\"inLanguage\":\"pt-BR\"},{\"@type\":\"WebPage\",\"@id\":\"https:\/\/www.suno.com.br\/noticias\/fed-powell-cofiante-inflacao-meta-evm\/\",\"url\":\"https:\/\/www.suno.com.br\/noticias\/fed-powell-cofiante-inflacao-meta-evm\/\",\"name\":\"Powell diz que 'n\u00e3o est\u00e1 confiante' sobre converg\u00eancia de infla\u00e7\u00e3o \u00e0 meta\",\"isPartOf\":{\"@id\":\"https:\/\/www.suno.com.br\/noticias\/#website\"},\"primaryImageOfPage\":{\"@id\":\"https:\/\/www.suno.com.br\/noticias\/fed-powell-cofiante-inflacao-meta-evm\/#primaryimage\"},\"image\":{\"@id\":\"https:\/\/www.suno.com.br\/noticias\/fed-powell-cofiante-inflacao-meta-evm\/#primaryimage\"},\"thumbnailUrl\":\"https:\/\/files.sunoresearch.com.br\/n\/uploads\/2022\/04\/jerome_powell.jpg\",\"datePublished\":\"2024-07-10T18:01:13+00:00\",\"dateModified\":\"2024-07-10T18:01:19+00:00\",\"description\":\"Durante audi\u00eancia na C\u00e2mara dos Representantes, Powell explicou que a pol\u00edtica restritiva est\u00e1 atuando para esfriar a demanda\",\"breadcrumb\":{\"@id\":\"https:\/\/www.suno.com.br\/noticias\/fed-powell-cofiante-inflacao-meta-evm\/#breadcrumb\"},\"inLanguage\":\"pt-BR\",\"potentialAction\":[{\"@type\":\"ReadAction\",\"target\":[\"https:\/\/www.suno.com.br\/noticias\/fed-powell-cofiante-inflacao-meta-evm\/\"]}]},{\"@type\":\"ImageObject\",\"inLanguage\":\"pt-BR\",\"@id\":\"https:\/\/www.suno.com.br\/noticias\/fed-powell-cofiante-inflacao-meta-evm\/#primaryimage\",\"url\":\"https:\/\/files.sunoresearch.com.br\/n\/uploads\/2022\/04\/jerome_powell.jpg\",\"contentUrl\":\"https:\/\/files.sunoresearch.com.br\/n\/uploads\/2022\/04\/jerome_powell.jpg\",\"width\":1200,\"height\":800,\"caption\":\"Jerome Powell, presidente do Federal Reserve. Foto: Wikimedia Commons\"},{\"@type\":\"BreadcrumbList\",\"@id\":\"https:\/\/www.suno.com.br\/noticias\/fed-powell-cofiante-inflacao-meta-evm\/#breadcrumb\",\"itemListElement\":[{\"@type\":\"ListItem\",\"position\":1,\"name\":\"Not\u00edcias\",\"item\":\"https:\/\/www.suno.com.br\/noticias\/\"},{\"@type\":\"ListItem\",\"position\":2,\"name\":\"Internacional\",\"item\":\"https:\/\/www.suno.com.br\/noticias\/internacional\/\"},{\"@type\":\"ListItem\",\"position\":3,\"name\":\"Powell diz que &#8216;n\u00e3o est\u00e1 confiante&#8217; sobre converg\u00eancia de infla\u00e7\u00e3o \u00e0 meta\"}]},{\"@type\":\"WebSite\",\"@id\":\"https:\/\/www.suno.com.br\/noticias\/#website\",\"url\":\"https:\/\/www.suno.com.br\/noticias\/\",\"name\":\"Suno Not\u00edcias\",\"description\":\"Seu portal de informa\u00e7\u00e3o sobre o mundo dos investimentos\",\"publisher\":{\"@id\":\"https:\/\/www.suno.com.br\/noticias\/#organization\"},\"potentialAction\":[{\"@type\":\"SearchAction\",\"target\":{\"@type\":\"EntryPoint\",\"urlTemplate\":\"https:\/\/www.suno.com.br\/noticias\/?s={search_term_string}\"},\"query-input\":{\"@type\":\"PropertyValueSpecification\",\"valueRequired\":true,\"valueName\":\"search_term_string\"}}],\"inLanguage\":\"pt-BR\"},{\"@type\":\"Organization\",\"@id\":\"https:\/\/www.suno.com.br\/noticias\/#organization\",\"name\":\"Suno Not\u00edcias\",\"url\":\"https:\/\/www.suno.com.br\/noticias\/\",\"logo\":{\"@type\":\"ImageObject\",\"inLanguage\":\"pt-BR\",\"@id\":\"https:\/\/www.suno.com.br\/noticias\/#\/schema\/logo\/image\/\",\"url\":\"https:\/\/files.sunoresearch.com.br\/n\/uploads\/2021\/09\/suno-logo.png\",\"contentUrl\":\"https:\/\/files.sunoresearch.com.br\/n\/uploads\/2021\/09\/suno-logo.png\",\"width\":180,\"height\":180,\"caption\":\"Suno Not\u00edcias\"},\"image\":{\"@id\":\"https:\/\/www.suno.com.br\/noticias\/#\/schema\/logo\/image\/\"},\"sameAs\":[\"https:\/\/facebook.com\/sunoresearch\",\"https:\/\/x.com\/sunoresearch\",\"https:\/\/www.instagram.com\/suno\",\"https:\/\/www.linkedin.com\/company\/suno-research\/\",\"https:\/\/www.youtube.com\/c\/sunoresearch\"]},{\"@type\":\"Person\",\"@id\":\"https:\/\/www.suno.com.br\/noticias\/#\/schema\/person\/7f4d362bf3518e76090143ae77bb49a5\",\"name\":\"Eduardo Vargas\",\"image\":{\"@type\":\"ImageObject\",\"inLanguage\":\"pt-BR\",\"@id\":\"https:\/\/www.suno.com.br\/noticias\/#\/schema\/person\/image\/\",\"url\":\"https:\/\/secure.gravatar.com\/avatar\/dac340933427a22924c9f99d1eb2e3f2?s=96&r=g\",\"contentUrl\":\"https:\/\/secure.gravatar.com\/avatar\/dac340933427a22924c9f99d1eb2e3f2?s=96&r=g\",\"caption\":\"Eduardo Vargas\"},\"description\":\"Jornalista formado pela UFSC, cobre macroeconomia, neg\u00f3cios e startups para o Suno Not\u00edcias, escrevendo principalmente not\u00edcias sobre o mercado financeiro e a bolsa de valores. No YouTube e no Instagram, \u00e9 respons\u00e1vel pela produ\u00e7\u00e3o de Reels e Shorts do Suno Not\u00edcias. Anteriormente, trabalhou cobrindo economia e cotidiano no ND+ e para o ND, maior jornal impresso de Santa Catarina. Cursou um semestre letivo de Estudos de M\u00eddia na Universidad de Buenos Aires.\",\"url\":\"https:\/\/www.suno.com.br\/noticias\/author\/eduardo-vargas\/\"}]}<\/script>\n<!-- \/ Yoast SEO plugin. -->","yoast_head_json":{"title":"Powell diz que 'n\u00e3o est\u00e1 confiante' sobre converg\u00eancia de infla\u00e7\u00e3o \u00e0 meta","description":"Durante audi\u00eancia na C\u00e2mara dos Representantes, Powell explicou que a pol\u00edtica restritiva est\u00e1 atuando para esfriar a demanda","robots":{"index":"index","follow":"follow","max-snippet":"max-snippet:-1","max-image-preview":"max-image-preview:large","max-video-preview":"max-video-preview:-1"},"canonical":"https:\/\/www.suno.com.br\/noticias\/fed-powell-cofiante-inflacao-meta-evm\/","og_locale":"pt_BR","og_type":"article","og_title":"Powell diz que 'n\u00e3o est\u00e1 confiante' sobre converg\u00eancia de infla\u00e7\u00e3o \u00e0 meta","og_description":"Durante audi\u00eancia na C\u00e2mara dos Representantes, Powell explicou que a pol\u00edtica restritiva est\u00e1 atuando para esfriar a demanda","og_url":"https:\/\/www.suno.com.br\/noticias\/fed-powell-cofiante-inflacao-meta-evm\/","og_site_name":"Suno Not\u00edcias","article_publisher":"https:\/\/facebook.com\/sunoresearch","og_image":[{"width":1200,"height":800,"url":"https:\/\/files.sunoresearch.com.br\/n\/uploads\/2022\/04\/jerome_powell.jpg","type":"image\/jpeg"}],"author":"Eduardo Vargas","twitter_card":"summary_large_image","twitter_creator":"@sunoresearch","twitter_site":"@sunoresearch","twitter_misc":{"Escrito por":"Eduardo Vargas","Est. tempo de leitura":"2 minutos"},"schema":{"@context":"https:\/\/schema.org","@graph":[{"@type":"NewsArticle","@id":"https:\/\/www.suno.com.br\/noticias\/fed-powell-cofiante-inflacao-meta-evm\/#article","isPartOf":{"@id":"https:\/\/www.suno.com.br\/noticias\/fed-powell-cofiante-inflacao-meta-evm\/"},"author":{"name":"Eduardo Vargas","@id":"https:\/\/www.suno.com.br\/noticias\/#\/schema\/person\/7f4d362bf3518e76090143ae77bb49a5"},"headline":"Powell diz que &#8216;n\u00e3o est\u00e1 confiante&#8217; sobre converg\u00eancia de infla\u00e7\u00e3o \u00e0 meta","datePublished":"2024-07-10T18:01:13+00:00","dateModified":"2024-07-10T18:01:19+00:00","mainEntityOfPage":{"@id":"https:\/\/www.suno.com.br\/noticias\/fed-powell-cofiante-inflacao-meta-evm\/"},"wordCount":378,"publisher":{"@id":"https:\/\/www.suno.com.br\/noticias\/#organization"},"image":{"@id":"https:\/\/www.suno.com.br\/noticias\/fed-powell-cofiante-inflacao-meta-evm\/#primaryimage"},"thumbnailUrl":"https:\/\/files.sunoresearch.com.br\/n\/uploads\/2022\/04\/jerome_powell.jpg","keywords":["Ag\u00eancias","Federal Reserve (FED)","Jerome Powell","pol\u00edtica monet\u00e1ria"],"articleSection":["Internacional"],"inLanguage":"pt-BR"},{"@type":"WebPage","@id":"https:\/\/www.suno.com.br\/noticias\/fed-powell-cofiante-inflacao-meta-evm\/","url":"https:\/\/www.suno.com.br\/noticias\/fed-powell-cofiante-inflacao-meta-evm\/","name":"Powell diz que 'n\u00e3o est\u00e1 confiante' sobre converg\u00eancia de infla\u00e7\u00e3o \u00e0 meta","isPartOf":{"@id":"https:\/\/www.suno.com.br\/noticias\/#website"},"primaryImageOfPage":{"@id":"https:\/\/www.suno.com.br\/noticias\/fed-powell-cofiante-inflacao-meta-evm\/#primaryimage"},"image":{"@id":"https:\/\/www.suno.com.br\/noticias\/fed-powell-cofiante-inflacao-meta-evm\/#primaryimage"},"thumbnailUrl":"https:\/\/files.sunoresearch.com.br\/n\/uploads\/2022\/04\/jerome_powell.jpg","datePublished":"2024-07-10T18:01:13+00:00","dateModified":"2024-07-10T18:01:19+00:00","description":"Durante audi\u00eancia na C\u00e2mara dos Representantes, Powell explicou que a pol\u00edtica restritiva est\u00e1 atuando para esfriar a demanda","breadcrumb":{"@id":"https:\/\/www.suno.com.br\/noticias\/fed-powell-cofiante-inflacao-meta-evm\/#breadcrumb"},"inLanguage":"pt-BR","potentialAction":[{"@type":"ReadAction","target":["https:\/\/www.suno.com.br\/noticias\/fed-powell-cofiante-inflacao-meta-evm\/"]}]},{"@type":"ImageObject","inLanguage":"pt-BR","@id":"https:\/\/www.suno.com.br\/noticias\/fed-powell-cofiante-inflacao-meta-evm\/#primaryimage","url":"https:\/\/files.sunoresearch.com.br\/n\/uploads\/2022\/04\/jerome_powell.jpg","contentUrl":"https:\/\/files.sunoresearch.com.br\/n\/uploads\/2022\/04\/jerome_powell.jpg","width":1200,"height":800,"caption":"Jerome Powell, presidente do Federal Reserve. Foto: Wikimedia Commons"},{"@type":"BreadcrumbList","@id":"https:\/\/www.suno.com.br\/noticias\/fed-powell-cofiante-inflacao-meta-evm\/#breadcrumb","itemListElement":[{"@type":"ListItem","position":1,"name":"Not\u00edcias","item":"https:\/\/www.suno.com.br\/noticias\/"},{"@type":"ListItem","position":2,"name":"Internacional","item":"https:\/\/www.suno.com.br\/noticias\/internacional\/"},{"@type":"ListItem","position":3,"name":"Powell diz que &#8216;n\u00e3o est\u00e1 confiante&#8217; sobre converg\u00eancia de infla\u00e7\u00e3o \u00e0 meta"}]},{"@type":"WebSite","@id":"https:\/\/www.suno.com.br\/noticias\/#website","url":"https:\/\/www.suno.com.br\/noticias\/","name":"Suno Not\u00edcias","description":"Seu portal de informa\u00e7\u00e3o sobre o mundo dos investimentos","publisher":{"@id":"https:\/\/www.suno.com.br\/noticias\/#organization"},"potentialAction":[{"@type":"SearchAction","target":{"@type":"EntryPoint","urlTemplate":"https:\/\/www.suno.com.br\/noticias\/?s={search_term_string}"},"query-input":{"@type":"PropertyValueSpecification","valueRequired":true,"valueName":"search_term_string"}}],"inLanguage":"pt-BR"},{"@type":"Organization","@id":"https:\/\/www.suno.com.br\/noticias\/#organization","name":"Suno Not\u00edcias","url":"https:\/\/www.suno.com.br\/noticias\/","logo":{"@type":"ImageObject","inLanguage":"pt-BR","@id":"https:\/\/www.suno.com.br\/noticias\/#\/schema\/logo\/image\/","url":"https:\/\/files.sunoresearch.com.br\/n\/uploads\/2021\/09\/suno-logo.png","contentUrl":"https:\/\/files.sunoresearch.com.br\/n\/uploads\/2021\/09\/suno-logo.png","width":180,"height":180,"caption":"Suno Not\u00edcias"},"image":{"@id":"https:\/\/www.suno.com.br\/noticias\/#\/schema\/logo\/image\/"},"sameAs":["https:\/\/facebook.com\/sunoresearch","https:\/\/x.com\/sunoresearch","https:\/\/www.instagram.com\/suno","https:\/\/www.linkedin.com\/company\/suno-research\/","https:\/\/www.youtube.com\/c\/sunoresearch"]},{"@type":"Person","@id":"https:\/\/www.suno.com.br\/noticias\/#\/schema\/person\/7f4d362bf3518e76090143ae77bb49a5","name":"Eduardo Vargas","image":{"@type":"ImageObject","inLanguage":"pt-BR","@id":"https:\/\/www.suno.com.br\/noticias\/#\/schema\/person\/image\/","url":"https:\/\/secure.gravatar.com\/avatar\/dac340933427a22924c9f99d1eb2e3f2?s=96&r=g","contentUrl":"https:\/\/secure.gravatar.com\/avatar\/dac340933427a22924c9f99d1eb2e3f2?s=96&r=g","caption":"Eduardo Vargas"},"description":"Jornalista formado pela UFSC, cobre macroeconomia, neg\u00f3cios e startups para o Suno Not\u00edcias, escrevendo principalmente not\u00edcias sobre o mercado financeiro e a bolsa de valores. No YouTube e no Instagram, \u00e9 respons\u00e1vel pela produ\u00e7\u00e3o de Reels e Shorts do Suno Not\u00edcias. Anteriormente, trabalhou cobrindo economia e cotidiano no ND+ e para o ND, maior jornal impresso de Santa Catarina. Cursou um semestre letivo de Estudos de M\u00eddia na Universidad de Buenos Aires.","url":"https:\/\/www.suno.com.br\/noticias\/author\/eduardo-vargas\/"}]}},"default_loop_html":"<div class=\"cardsPage__listCard__boxs\"><div class=\"cardsPage__listCard__boxs__img\"><a href=\"https:\/\/www.suno.com.br\/noticias\/fed-powell-cofiante-inflacao-meta-evm\/\"><img class=\"mask\" src=\"https:\/\/www.suno.com.br\/noticias\/wp-content\/themes\/suno\/resources\/images\/spotlight\/spotlight1img\/bg-mask.png\" alt=\"Image Mask\"\/><img src=\"https:\/\/files.sunoresearch.com.br\/n\/uploads\/2022\/04\/jerome_powell-400x200.jpg\" alt=\"Powell diz que &#8216;n\u00e3o est\u00e1 confiante&#8217; sobre converg\u00eancia de infla\u00e7\u00e3o \u00e0 meta\"\/><\/a><span class=\"spotlightCategory\"><a href=\"https:\/\/www.suno.com.br\/noticias\/internacional\/\">Internacional<\/a><\/span><\/div><div class=\"cardsPage__listCard__boxs__content\"><a href=\"https:\/\/www.suno.com.br\/noticias\/fed-powell-cofiante-inflacao-meta-evm\/\"><h2 class=\"content__title\">Powell diz que &#8216;n\u00e3o est\u00e1 confiante&#8217; sobre converg\u00eancia de infla\u00e7\u00e3o \u00e0 meta<\/h2><\/a><div class=\"newsContent__article__meta\"><div class=\"newsContent__article__meta__authorBox\"><a href=\"https:\/\/www.suno.com.br\/noticias\/author\/eduardo-vargas\/\" class=\"authorBox__avatar noMobi\"><img src=\"https:\/\/secure.gravatar.com\/avatar\/dac340933427a22924c9f99d1eb2e3f2?s=96&#038;r=g\" alt=\"Eduardo Vargas\"><\/a><div class=\"authorBox__name\"><span>por\n\t\t\t<a href=\"https:\/\/www.suno.com.br\/noticias\/author\/eduardo-vargas\/\"><span itemprop=\"author\">Eduardo Vargas<\/span><\/a><\/span><time datetime=\"2024-07-10T15:01:13-03:00\" itemprop=\"datePublished\">10\/07\/2024 15:01<\/time><\/div><\/div><\/div><\/div><\/div>","single_layout":"posts","amp_enabled":true,"_links":{"self":[{"href":"https:\/\/www.suno.com.br\/noticias\/wp-json\/wp\/v2\/posts\/565888"}],"collection":[{"href":"https:\/\/www.suno.com.br\/noticias\/wp-json\/wp\/v2\/posts"}],"about":[{"href":"https:\/\/www.suno.com.br\/noticias\/wp-json\/wp\/v2\/types\/post"}],"author":[{"embeddable":true,"href":"https:\/\/www.suno.com.br\/noticias\/wp-json\/wp\/v2\/users\/73"}],"replies":[{"embeddable":true,"href":"https:\/\/www.suno.com.br\/noticias\/wp-json\/wp\/v2\/comments?post=565888"}],"version-history":[{"count":3,"href":"https:\/\/www.suno.com.br\/noticias\/wp-json\/wp\/v2\/posts\/565888\/revisions"}],"predecessor-version":[{"id":565922,"href":"https:\/\/www.suno.com.br\/noticias\/wp-json\/wp\/v2\/posts\/565888\/revisions\/565922"}],"wp:featuredmedia":[{"embeddable":true,"href":"https:\/\/www.suno.com.br\/noticias\/wp-json\/wp\/v2\/media\/252827"}],"wp:attachment":[{"href":"https:\/\/www.suno.com.br\/noticias\/wp-json\/wp\/v2\/media?parent=565888"}],"wp:term":[{"taxonomy":"category","embeddable":true,"href":"https:\/\/www.suno.com.br\/noticias\/wp-json\/wp\/v2\/categories?post=565888"},{"taxonomy":"post_tag","embeddable":true,"href":"https:\/\/www.suno.com.br\/noticias\/wp-json\/wp\/v2\/tags?post=565888"},{"taxonomy":"suno_strategy","embeddable":true,"href":"https:\/\/www.suno.com.br\/noticias\/wp-json\/wp\/v2\/suno_strategy?post=565888"}],"curies":[{"name":"wp","href":"https:\/\/api.w.org\/{rel}","templated":true}]}}