{"id":565781,"date":"2024-07-09T20:44:53","date_gmt":"2024-07-09T23:44:53","guid":{"rendered":"https:\/\/www.suno.com.br\/noticias\/?p=565781"},"modified":"2024-07-09T20:44:58","modified_gmt":"2024-07-09T23:44:58","slug":"dolar-fecha-menor-patamar-15-dias-evm","status":"publish","type":"post","link":"https:\/\/www.suno.com.br\/noticias\/dolar-fecha-menor-patamar-15-dias-evm\/","title":{"rendered":"D\u00f3lar fecha no menor patamar em 15 dias, a R$ 5,41"},"content":{"rendered":"<p>Em dia de menor liquidez por conta do feriado estadual em S\u00e3o Paulo, o <a href=\"https:\/\/www.suno.com.br\/noticias\/dolar-novos-estresses-6-projecao-xp-evm\/\"><strong>d\u00f3lar<\/strong> fechou a R$ 5,41<\/a>, com uma queda de 1,12% nesta ter\u00e7a-feira (9).<\/p><div class=\"videoFull \">\n\t\t\t<div class=\"videoWrapper yt-lazyload center\"\n\t\t\t\tdata-width=\"960\"\n\t\t\t\tdata-height=\"540\"\n\t\t\t\tdata-id=\"Np0nsimFRLQ\"\n\t\t\t\tdata-alt=\"V\u00eddeo do YouTube - clique para reproduzir\"\n\t\t\t\tdata-logo=\"3\"\n\t\t\t\tdata-imagequality=\"maxres\">\n\t\t\t<\/div>\n\t\t<\/div><script type=\"application\/ld+json\">{\"@context\":\"https:\/\/schema.org\",\"@type\":\"VideoObject\",\"name\":\"\ud83d\udd34NOME DO CEO DA VALE (VALE3) REVELADO? | Ibovespa sobe | Petrobras (PETR4) mira g\u00e1s boliviano\",\"description\":\"#mercadofinanceiro #a\u00e7\u00f5es #investimentos #bolsadevalores #ibovespa #dinheiro #finan\u00e7as #pol\u00edtica #d\u00f3lar #livedas19h #petr4 #petr3 #petrobras #vale3 #vale #a\u00e7\u00f5es #economia #dividendos #min\u00e9riodeferro #min\u00e9rio #petr\u00f3leo #commodities #proventos #dividendos #jcp #statusinvest #sunoconsultoria #ceo #americanas #amer3 #cambio #xp \ud83d\udd34INVISTA MELHOR COM STATUS INVEST ASSESSORIA: https:\/\/lp.statusinvest.com.br\/ao\/assessoria-status-invest-b\/?&utm_source=suno-noticias&utm_medium=live&utm_campaign=seuconsultorresponde&utm_content=09072024 00:00 In\u00edcio do v\u00eddeo 01:27 Fechamento de preg\u00e3o 05:40 Nomes para CEO da Vale 10:18 Petrobras\u2026\",\"duration\":\"PT30M52S\",\"embedUrl\":\"https:\/\/www.youtube.com\/embed\/Np0nsimFRLQ\",\"regionsAllowed\":\"en-US\",\"interactionStatistic\":{\"@type\":\"InteractionCounter\",\"interactionType\":{\"@type\":\"WatchAction\"},\"userInteractionCount\":4733},\"thumbnailUrl\":\"https:\/\/i.ytimg.com\/vi\/Np0nsimFRLQ\/default.jpg\",\"uploadDate\":\"2024-07-09T22:41:39Z\"}<\/script>\n\n\n\n\n\t<p>\n\t\t<a href=\"https:\/\/lp.suno.com.br\/ebook-como-analisar-uma-acao\/\" target=\"_blank\" data-element=\"shortcode-suno-banner\" title=\"Banner SUNO, clique e saiba mais\">\n\t\t\t<picture>\n\t\t\t\t<source media=\"(max-width: 500px)\" srcset=\"https:\/\/files.sunoresearch.com.br\/n\/uploads\/2023\/03\/Ebook-Acoes-Mobile.jpg\">\n\t\t\t\t<img class=\"newsContent__article__imgCapa newsContent__article__imgCapa--banner\"\n\t\t\t\t\tsrc=\"https:\/\/files.sunoresearch.com.br\/n\/uploads\/2023\/03\/Ebook-Acoes-Desktop.jpg\"\n\t\t\t\t\tdata-promo-id=\"378302\"\t\t\t\t\t\t\t\t\t\twidth='1420' height='286'\t\t\t\t\talt=\"https:\/\/files.sunoresearch.com.br\/n\/uploads\/2023\/03\/Ebook-Acoes-Desktop.jpg\"\n\t\t\t\t>\n\t\t\t<\/picture>\n\t\t<\/a>\n\t<\/p>\n\n\n\n\n\n\n\n<p>Com isso, a <strong>cota\u00e7\u00e3o do d\u00f3lar<\/strong> chegou ao seu menor patamar nas \u00faltimas duas semanas.<\/p>\n\n\n\n<p>O cen\u00e1rio segue sendo de um ser al\u00edvio nos ru\u00eddos relativos \u00e0 <a class=\"suno-keyword\" target=\"_blank\" data-force=\"no\" data-priority=\"1\" href=\"https:\/\/www.suno.com.br\/artigos\/politica-fiscal\/\" rel=\"noopener\">pol\u00edtica fiscal<\/a> e a condu\u00e7\u00e3o da <a class=\"suno-keyword\" target=\"_blank\" data-force=\"no\" data-priority=\"1\" href=\"https:\/\/www.suno.com.br\/artigos\/politica-monetaria\/\" rel=\"noopener\">pol\u00edtica monet\u00e1ria<\/a> que fizeram a moeda subir consideravelmente na \u00faltima quinzena.<\/p>\n\n\n\n<p>Na ter\u00e7a-feira passada o d\u00f3lar chegou a bater R$ 5,70 durante a sess\u00e3o, fechando na casa dos R$ 5,67 neste dia.<\/p>\n\n\n\n<p>A <strong>queda do d\u00f3lar<\/strong> ante o real ocorreu apesar do fortalecimento da moeda americana ante outras internacionais.<\/p>\n\n\n\n<p>Isso porque hoje aconteceu uma audi\u00eancia ao Senado norte-americano em que o presidente do <a href=\"https:\/\/www.federalreserve.gov\/\">Federal Reserve (Fed, Banco Central norte-americano)<\/a>, Jerome Powell, foi sabatinado.<\/p>\n\n\n\n<p>As declara\u00e7\u00f5es foram vistas como mistas.<\/p>\n\n\n\n<p>Powell comentou que a infla\u00e7\u00e3o come\u00e7ou a cede, por\u00e9m o progresso \u00e9 &#8220;modesto&#8221; em rela\u00e7\u00e3o \u00e0 meta de 2% do <strong>Fed<\/strong>.<\/p>\n\n\n\t<p>\n\t\t<a href=\"https:\/\/lp.suno.com.br\/ebook-gratuito-investindo-no-exterior\/\" target=\"_blank\" data-element=\"shortcode-suno-banner\" title=\"Banner SUNO, clique e saiba mais\">\n\t\t\t<picture>\n\t\t\t\t<source media=\"(max-width: 500px)\" srcset=\"https:\/\/files.sunoresearch.com.br\/n\/uploads\/2023\/03\/400x300-Investindo-no-exterior.png\">\n\t\t\t\t<img class=\"newsContent__article__imgCapa newsContent__article__imgCapa--banner\"\n\t\t\t\t\tsrc=\"https:\/\/files.sunoresearch.com.br\/n\/uploads\/2023\/03\/1420x240-Investindo-no-exterior.png\"\n\t\t\t\t\tdata-promo-id=\"383161\"\t\t\t\t\t\t\t\t\t\twidth='1420' height='240'\t\t\t\t\talt=\"https:\/\/files.sunoresearch.com.br\/n\/uploads\/2023\/03\/1420x240-Investindo-no-exterior.png\"\n\t\t\t\t>\n\t\t\t<\/picture>\n\t\t<\/a>\n\t<\/p>\n\n\n\n\n\n<h2 class=\"wp-block-heading\">D\u00f3lar pode se fortalecer com cortes do Fed<\/h2>\n\n\n\n<p>A grande discuss\u00e3o do mercado \u00e9 sobre quando o Fed ir\u00e1 iniciar o ciclo e flexibiliza\u00e7\u00e3o de pol\u00edtica monet\u00e1ria.<\/p>\n\n\n\n<p>No in\u00edcio do ano o mercado esperava cortes j\u00e1 no primeiro semestre, mas essa tese caiu por terra e agora o mercado espera um corte no fim do ano.<\/p>\n\n\n\n<p>As expectativas s\u00e3o calibradas conforme os dados de atividade econ\u00f4mica s\u00e3o divulgados &#8211; incluindo Payroll, CPI, Pedidos Iniciais por Seguro Desemprego e outros.<\/p>\n\n\n\n<p>Fabio Murad, s\u00f3cio da Ip\u00ea Avalia\u00e7\u00f5es, comenta que a poss\u00edvel redu\u00e7\u00e3o da <a class=\"suno-keyword\" target=\"_blank\" data-force=\"no\" data-priority=\"2\" href=\"https:\/\/www.suno.com.br\/artigos\/juros\/\" rel=\"noopener\">taxa de juros<\/a> pelo Fed, que pode ocorrer em setembro ou dezembro, ter\u00e1 impactos significativos no cen\u00e1rio econ\u00f4mico global e, consequentemente, no Brasil. <\/p>\n\n\n\n<p>&#8220;Com a diminui\u00e7\u00e3o dos juros nos Estados Unidos, \u00e9 esperado um aumento no fluxo de capitais para o mercado norte-americano, o que tende a fortalecer o d\u00f3lar em rela\u00e7\u00e3o a outras moedas, incluindo o real brasileiro. Esse movimento pode pressionar a infla\u00e7\u00e3o no Brasil, uma vez que a valoriza\u00e7\u00e3o do <strong>c\u00e2mbio<\/strong> encarece as importa\u00e7\u00f5es&#8221;, explica.<\/p>\n\n\n\n<p>&#8220;Al\u00e9m disso, com a sa\u00edda de <a class=\"suno-keyword\" target=\"_blank\" data-force=\"no\" data-priority=\"1\" href=\"https:\/\/www.suno.com.br\/artigos\/recursos-financeiros\/\" rel=\"noopener\">recursos financeiros<\/a> do Brasil em dire\u00e7\u00e3o aos EUA, o Banco Central do Brasil pode enfrentar desafios adicionais na gest\u00e3o da pol\u00edtica monet\u00e1ria, possivelmente mantendo a taxa Selic elevada para conter a infla\u00e7\u00e3o e tentar atrair investidores&#8221;, completa, sobre a influ\u00eancia no <strong>d\u00f3lar<\/strong>.<\/p>\n\n\n\t<p>\n\t\t<a href=\"https:\/\/lp.suno.com.br\/planilha-da-vida-financeira\/\" target=\"_blank\" data-element=\"shortcode-suno-banner\" title=\"Banner SUNO, clique e saiba mais\">\n\t\t\t<picture>\n\t\t\t\t<source media=\"(max-width: 500px)\" srcset=\"https:\/\/files.sunoresearch.com.br\/n\/uploads\/2023\/04\/400x300-Planilha-vida-financeira-true.png\">\n\t\t\t\t<img class=\"newsContent__article__imgCapa newsContent__article__imgCapa--banner\"\n\t\t\t\t\tsrc=\"https:\/\/files.sunoresearch.com.br\/n\/uploads\/2023\/04\/1420x240-Planilha-vida-financeira-true.png\"\n\t\t\t\t\tdata-promo-id=\"383123\"\t\t\t\t\t\t\t\t\t\twidth='1420' height='240'\t\t\t\t\talt=\"https:\/\/files.sunoresearch.com.br\/n\/uploads\/2023\/04\/1420x240-Planilha-vida-financeira-true.png\"\n\t\t\t\t>\n\t\t\t<\/picture>\n\t\t<\/a>\n\t<\/p>\n\n\n","protected":false},"excerpt":{"rendered":"<p>Em dia de menor liquidez por conta do feriado estadual em S\u00e3o Paulo, o d\u00f3lar fechou a R$ 5,41, com uma queda de 1,12% nesta ter\u00e7a-feira (9). Com isso, a cota\u00e7\u00e3o do d\u00f3lar chegou ao seu menor patamar nas \u00faltimas duas semanas. O cen\u00e1rio segue sendo de um ser al\u00edvio nos ru\u00eddos relativos \u00e0 pol\u00edtica [&hellip;]<\/p>\n","protected":false},"author":73,"featured_media":539313,"comment_status":"closed","ping_status":"closed","sticky":false,"template":"","format":"standard","meta":[],"categories":[60],"tags":[1853,326],"suno_strategy":[],"class_list":["post-565781","post","type-post","status-publish","format-standard","has-post-thumbnail","hentry","category-mercado","tag-cambio","tag-dolar"],"yoast_head":"<!-- This site is optimized with the Yoast SEO plugin v24.4 - https:\/\/yoast.com\/wordpress\/plugins\/seo\/ -->\n<title>D\u00f3lar fecha no menor patamar em 15 dias, a R$ 5,41<\/title>\n<meta name=\"description\" content=\"Em dia de menor liquidez por conta do feriado estadual em S\u00e3o Paulo, o d\u00f3lar fechou a R$ 5,41, com uma queda de 1,12%\" \/>\n<meta name=\"robots\" content=\"index, follow, max-snippet:-1, max-image-preview:large, max-video-preview:-1\" \/>\n<link rel=\"canonical\" href=\"https:\/\/www.suno.com.br\/noticias\/dolar-fecha-menor-patamar-15-dias-evm\/\" \/>\n<meta property=\"og:locale\" content=\"pt_BR\" \/>\n<meta property=\"og:type\" content=\"article\" \/>\n<meta property=\"og:title\" content=\"D\u00f3lar fecha no menor patamar em 15 dias, a R$ 5,41\" \/>\n<meta property=\"og:description\" content=\"Em dia de menor liquidez por conta do feriado estadual em S\u00e3o Paulo, o d\u00f3lar fechou a R$ 5,41, com uma queda de 1,12%\" \/>\n<meta property=\"og:url\" content=\"https:\/\/www.suno.com.br\/noticias\/dolar-fecha-menor-patamar-15-dias-evm\/\" \/>\n<meta property=\"og:site_name\" content=\"Suno Not\u00edcias\" \/>\n<meta property=\"article:publisher\" content=\"https:\/\/facebook.com\/sunoresearch\" \/>\n<meta property=\"og:image\" content=\"https:\/\/files.sunoresearch.com.br\/n\/uploads\/2024\/03\/dolar-vestido.jpg\" \/>\n\t<meta property=\"og:image:width\" content=\"1280\" \/>\n\t<meta property=\"og:image:height\" content=\"905\" \/>\n\t<meta property=\"og:image:type\" content=\"image\/jpeg\" \/>\n<meta name=\"author\" content=\"Eduardo Vargas\" \/>\n<meta name=\"twitter:card\" content=\"summary_large_image\" \/>\n<meta name=\"twitter:creator\" content=\"@sunoresearch\" \/>\n<meta name=\"twitter:site\" content=\"@sunoresearch\" \/>\n<meta name=\"twitter:label1\" content=\"Escrito por\" \/>\n\t<meta name=\"twitter:data1\" content=\"Eduardo Vargas\" \/>\n\t<meta name=\"twitter:label2\" content=\"Est. tempo de leitura\" \/>\n\t<meta name=\"twitter:data2\" content=\"3 minutos\" \/>\n<script type=\"application\/ld+json\" class=\"yoast-schema-graph\">{\"@context\":\"https:\/\/schema.org\",\"@graph\":[{\"@type\":\"NewsArticle\",\"@id\":\"https:\/\/www.suno.com.br\/noticias\/dolar-fecha-menor-patamar-15-dias-evm\/#article\",\"isPartOf\":{\"@id\":\"https:\/\/www.suno.com.br\/noticias\/dolar-fecha-menor-patamar-15-dias-evm\/\"},\"author\":{\"name\":\"Eduardo Vargas\",\"@id\":\"https:\/\/www.suno.com.br\/noticias\/#\/schema\/person\/7f4d362bf3518e76090143ae77bb49a5\"},\"headline\":\"D\u00f3lar fecha no menor patamar em 15 dias, a R$ 5,41\",\"datePublished\":\"2024-07-09T23:44:53+00:00\",\"dateModified\":\"2024-07-09T23:44:58+00:00\",\"mainEntityOfPage\":{\"@id\":\"https:\/\/www.suno.com.br\/noticias\/dolar-fecha-menor-patamar-15-dias-evm\/\"},\"wordCount\":438,\"publisher\":{\"@id\":\"https:\/\/www.suno.com.br\/noticias\/#organization\"},\"image\":{\"@id\":\"https:\/\/www.suno.com.br\/noticias\/dolar-fecha-menor-patamar-15-dias-evm\/#primaryimage\"},\"thumbnailUrl\":\"https:\/\/files.sunoresearch.com.br\/n\/uploads\/2024\/03\/dolar-vestido.jpg\",\"keywords\":[\"c\u00e2mbio\",\"d\u00f3lar\"],\"articleSection\":[\"Mercado\"],\"inLanguage\":\"pt-BR\"},{\"@type\":\"WebPage\",\"@id\":\"https:\/\/www.suno.com.br\/noticias\/dolar-fecha-menor-patamar-15-dias-evm\/\",\"url\":\"https:\/\/www.suno.com.br\/noticias\/dolar-fecha-menor-patamar-15-dias-evm\/\",\"name\":\"D\u00f3lar fecha no menor patamar em 15 dias, a R$ 5,41\",\"isPartOf\":{\"@id\":\"https:\/\/www.suno.com.br\/noticias\/#website\"},\"primaryImageOfPage\":{\"@id\":\"https:\/\/www.suno.com.br\/noticias\/dolar-fecha-menor-patamar-15-dias-evm\/#primaryimage\"},\"image\":{\"@id\":\"https:\/\/www.suno.com.br\/noticias\/dolar-fecha-menor-patamar-15-dias-evm\/#primaryimage\"},\"thumbnailUrl\":\"https:\/\/files.sunoresearch.com.br\/n\/uploads\/2024\/03\/dolar-vestido.jpg\",\"datePublished\":\"2024-07-09T23:44:53+00:00\",\"dateModified\":\"2024-07-09T23:44:58+00:00\",\"description\":\"Em dia de menor liquidez por conta do feriado estadual em S\u00e3o Paulo, o d\u00f3lar fechou a R$ 5,41, com uma queda de 1,12%\",\"breadcrumb\":{\"@id\":\"https:\/\/www.suno.com.br\/noticias\/dolar-fecha-menor-patamar-15-dias-evm\/#breadcrumb\"},\"inLanguage\":\"pt-BR\",\"potentialAction\":[{\"@type\":\"ReadAction\",\"target\":[\"https:\/\/www.suno.com.br\/noticias\/dolar-fecha-menor-patamar-15-dias-evm\/\"]}]},{\"@type\":\"ImageObject\",\"inLanguage\":\"pt-BR\",\"@id\":\"https:\/\/www.suno.com.br\/noticias\/dolar-fecha-menor-patamar-15-dias-evm\/#primaryimage\",\"url\":\"https:\/\/files.sunoresearch.com.br\/n\/uploads\/2024\/03\/dolar-vestido.jpg\",\"contentUrl\":\"https:\/\/files.sunoresearch.com.br\/n\/uploads\/2024\/03\/dolar-vestido.jpg\",\"width\":1280,\"height\":905,\"caption\":\"REITs\/FIIss. Foto: Pixabay\"},{\"@type\":\"BreadcrumbList\",\"@id\":\"https:\/\/www.suno.com.br\/noticias\/dolar-fecha-menor-patamar-15-dias-evm\/#breadcrumb\",\"itemListElement\":[{\"@type\":\"ListItem\",\"position\":1,\"name\":\"Not\u00edcias\",\"item\":\"https:\/\/www.suno.com.br\/noticias\/\"},{\"@type\":\"ListItem\",\"position\":2,\"name\":\"Mercado\",\"item\":\"https:\/\/www.suno.com.br\/noticias\/mercado\/\"},{\"@type\":\"ListItem\",\"position\":3,\"name\":\"D\u00f3lar fecha no menor patamar em 15 dias, a R$ 5,41\"}]},{\"@type\":\"WebSite\",\"@id\":\"https:\/\/www.suno.com.br\/noticias\/#website\",\"url\":\"https:\/\/www.suno.com.br\/noticias\/\",\"name\":\"Suno Not\u00edcias\",\"description\":\"Seu portal de informa\u00e7\u00e3o sobre o mundo dos investimentos\",\"publisher\":{\"@id\":\"https:\/\/www.suno.com.br\/noticias\/#organization\"},\"potentialAction\":[{\"@type\":\"SearchAction\",\"target\":{\"@type\":\"EntryPoint\",\"urlTemplate\":\"https:\/\/www.suno.com.br\/noticias\/?s={search_term_string}\"},\"query-input\":{\"@type\":\"PropertyValueSpecification\",\"valueRequired\":true,\"valueName\":\"search_term_string\"}}],\"inLanguage\":\"pt-BR\"},{\"@type\":\"Organization\",\"@id\":\"https:\/\/www.suno.com.br\/noticias\/#organization\",\"name\":\"Suno Not\u00edcias\",\"url\":\"https:\/\/www.suno.com.br\/noticias\/\",\"logo\":{\"@type\":\"ImageObject\",\"inLanguage\":\"pt-BR\",\"@id\":\"https:\/\/www.suno.com.br\/noticias\/#\/schema\/logo\/image\/\",\"url\":\"https:\/\/files.sunoresearch.com.br\/n\/uploads\/2021\/09\/suno-logo.png\",\"contentUrl\":\"https:\/\/files.sunoresearch.com.br\/n\/uploads\/2021\/09\/suno-logo.png\",\"width\":180,\"height\":180,\"caption\":\"Suno Not\u00edcias\"},\"image\":{\"@id\":\"https:\/\/www.suno.com.br\/noticias\/#\/schema\/logo\/image\/\"},\"sameAs\":[\"https:\/\/facebook.com\/sunoresearch\",\"https:\/\/x.com\/sunoresearch\",\"https:\/\/www.instagram.com\/suno\",\"https:\/\/www.linkedin.com\/company\/suno-research\/\",\"https:\/\/www.youtube.com\/c\/sunoresearch\"]},{\"@type\":\"Person\",\"@id\":\"https:\/\/www.suno.com.br\/noticias\/#\/schema\/person\/7f4d362bf3518e76090143ae77bb49a5\",\"name\":\"Eduardo Vargas\",\"image\":{\"@type\":\"ImageObject\",\"inLanguage\":\"pt-BR\",\"@id\":\"https:\/\/www.suno.com.br\/noticias\/#\/schema\/person\/image\/\",\"url\":\"https:\/\/secure.gravatar.com\/avatar\/dac340933427a22924c9f99d1eb2e3f2?s=96&r=g\",\"contentUrl\":\"https:\/\/secure.gravatar.com\/avatar\/dac340933427a22924c9f99d1eb2e3f2?s=96&r=g\",\"caption\":\"Eduardo Vargas\"},\"description\":\"Jornalista formado pela UFSC, cobre macroeconomia, neg\u00f3cios e startups para o Suno Not\u00edcias, escrevendo principalmente not\u00edcias sobre o mercado financeiro e a bolsa de valores. No YouTube e no Instagram, \u00e9 respons\u00e1vel pela produ\u00e7\u00e3o de Reels e Shorts do Suno Not\u00edcias. Anteriormente, trabalhou cobrindo economia e cotidiano no ND+ e para o ND, maior jornal impresso de Santa Catarina. Cursou um semestre letivo de Estudos de M\u00eddia na Universidad de Buenos Aires.\",\"url\":\"https:\/\/www.suno.com.br\/noticias\/author\/eduardo-vargas\/\"}]}<\/script>\n<!-- \/ Yoast SEO plugin. -->","yoast_head_json":{"title":"D\u00f3lar fecha no menor patamar em 15 dias, a R$ 5,41","description":"Em dia de menor liquidez por conta do feriado estadual em S\u00e3o Paulo, o d\u00f3lar fechou a R$ 5,41, com uma queda de 1,12%","robots":{"index":"index","follow":"follow","max-snippet":"max-snippet:-1","max-image-preview":"max-image-preview:large","max-video-preview":"max-video-preview:-1"},"canonical":"https:\/\/www.suno.com.br\/noticias\/dolar-fecha-menor-patamar-15-dias-evm\/","og_locale":"pt_BR","og_type":"article","og_title":"D\u00f3lar fecha no menor patamar em 15 dias, a R$ 5,41","og_description":"Em dia de menor liquidez por conta do feriado estadual em S\u00e3o Paulo, o d\u00f3lar fechou a R$ 5,41, com uma queda de 1,12%","og_url":"https:\/\/www.suno.com.br\/noticias\/dolar-fecha-menor-patamar-15-dias-evm\/","og_site_name":"Suno Not\u00edcias","article_publisher":"https:\/\/facebook.com\/sunoresearch","og_image":[{"width":1280,"height":905,"url":"https:\/\/files.sunoresearch.com.br\/n\/uploads\/2024\/03\/dolar-vestido.jpg","type":"image\/jpeg"}],"author":"Eduardo Vargas","twitter_card":"summary_large_image","twitter_creator":"@sunoresearch","twitter_site":"@sunoresearch","twitter_misc":{"Escrito por":"Eduardo Vargas","Est. tempo de leitura":"3 minutos"},"schema":{"@context":"https:\/\/schema.org","@graph":[{"@type":"NewsArticle","@id":"https:\/\/www.suno.com.br\/noticias\/dolar-fecha-menor-patamar-15-dias-evm\/#article","isPartOf":{"@id":"https:\/\/www.suno.com.br\/noticias\/dolar-fecha-menor-patamar-15-dias-evm\/"},"author":{"name":"Eduardo Vargas","@id":"https:\/\/www.suno.com.br\/noticias\/#\/schema\/person\/7f4d362bf3518e76090143ae77bb49a5"},"headline":"D\u00f3lar fecha no menor patamar em 15 dias, a R$ 5,41","datePublished":"2024-07-09T23:44:53+00:00","dateModified":"2024-07-09T23:44:58+00:00","mainEntityOfPage":{"@id":"https:\/\/www.suno.com.br\/noticias\/dolar-fecha-menor-patamar-15-dias-evm\/"},"wordCount":438,"publisher":{"@id":"https:\/\/www.suno.com.br\/noticias\/#organization"},"image":{"@id":"https:\/\/www.suno.com.br\/noticias\/dolar-fecha-menor-patamar-15-dias-evm\/#primaryimage"},"thumbnailUrl":"https:\/\/files.sunoresearch.com.br\/n\/uploads\/2024\/03\/dolar-vestido.jpg","keywords":["c\u00e2mbio","d\u00f3lar"],"articleSection":["Mercado"],"inLanguage":"pt-BR"},{"@type":"WebPage","@id":"https:\/\/www.suno.com.br\/noticias\/dolar-fecha-menor-patamar-15-dias-evm\/","url":"https:\/\/www.suno.com.br\/noticias\/dolar-fecha-menor-patamar-15-dias-evm\/","name":"D\u00f3lar fecha no menor patamar em 15 dias, a R$ 5,41","isPartOf":{"@id":"https:\/\/www.suno.com.br\/noticias\/#website"},"primaryImageOfPage":{"@id":"https:\/\/www.suno.com.br\/noticias\/dolar-fecha-menor-patamar-15-dias-evm\/#primaryimage"},"image":{"@id":"https:\/\/www.suno.com.br\/noticias\/dolar-fecha-menor-patamar-15-dias-evm\/#primaryimage"},"thumbnailUrl":"https:\/\/files.sunoresearch.com.br\/n\/uploads\/2024\/03\/dolar-vestido.jpg","datePublished":"2024-07-09T23:44:53+00:00","dateModified":"2024-07-09T23:44:58+00:00","description":"Em dia de menor liquidez por conta do feriado estadual em S\u00e3o Paulo, o d\u00f3lar fechou a R$ 5,41, com uma queda de 1,12%","breadcrumb":{"@id":"https:\/\/www.suno.com.br\/noticias\/dolar-fecha-menor-patamar-15-dias-evm\/#breadcrumb"},"inLanguage":"pt-BR","potentialAction":[{"@type":"ReadAction","target":["https:\/\/www.suno.com.br\/noticias\/dolar-fecha-menor-patamar-15-dias-evm\/"]}]},{"@type":"ImageObject","inLanguage":"pt-BR","@id":"https:\/\/www.suno.com.br\/noticias\/dolar-fecha-menor-patamar-15-dias-evm\/#primaryimage","url":"https:\/\/files.sunoresearch.com.br\/n\/uploads\/2024\/03\/dolar-vestido.jpg","contentUrl":"https:\/\/files.sunoresearch.com.br\/n\/uploads\/2024\/03\/dolar-vestido.jpg","width":1280,"height":905,"caption":"REITs\/FIIss. Foto: Pixabay"},{"@type":"BreadcrumbList","@id":"https:\/\/www.suno.com.br\/noticias\/dolar-fecha-menor-patamar-15-dias-evm\/#breadcrumb","itemListElement":[{"@type":"ListItem","position":1,"name":"Not\u00edcias","item":"https:\/\/www.suno.com.br\/noticias\/"},{"@type":"ListItem","position":2,"name":"Mercado","item":"https:\/\/www.suno.com.br\/noticias\/mercado\/"},{"@type":"ListItem","position":3,"name":"D\u00f3lar fecha no menor patamar em 15 dias, a R$ 5,41"}]},{"@type":"WebSite","@id":"https:\/\/www.suno.com.br\/noticias\/#website","url":"https:\/\/www.suno.com.br\/noticias\/","name":"Suno Not\u00edcias","description":"Seu portal de informa\u00e7\u00e3o sobre o mundo dos investimentos","publisher":{"@id":"https:\/\/www.suno.com.br\/noticias\/#organization"},"potentialAction":[{"@type":"SearchAction","target":{"@type":"EntryPoint","urlTemplate":"https:\/\/www.suno.com.br\/noticias\/?s={search_term_string}"},"query-input":{"@type":"PropertyValueSpecification","valueRequired":true,"valueName":"search_term_string"}}],"inLanguage":"pt-BR"},{"@type":"Organization","@id":"https:\/\/www.suno.com.br\/noticias\/#organization","name":"Suno Not\u00edcias","url":"https:\/\/www.suno.com.br\/noticias\/","logo":{"@type":"ImageObject","inLanguage":"pt-BR","@id":"https:\/\/www.suno.com.br\/noticias\/#\/schema\/logo\/image\/","url":"https:\/\/files.sunoresearch.com.br\/n\/uploads\/2021\/09\/suno-logo.png","contentUrl":"https:\/\/files.sunoresearch.com.br\/n\/uploads\/2021\/09\/suno-logo.png","width":180,"height":180,"caption":"Suno Not\u00edcias"},"image":{"@id":"https:\/\/www.suno.com.br\/noticias\/#\/schema\/logo\/image\/"},"sameAs":["https:\/\/facebook.com\/sunoresearch","https:\/\/x.com\/sunoresearch","https:\/\/www.instagram.com\/suno","https:\/\/www.linkedin.com\/company\/suno-research\/","https:\/\/www.youtube.com\/c\/sunoresearch"]},{"@type":"Person","@id":"https:\/\/www.suno.com.br\/noticias\/#\/schema\/person\/7f4d362bf3518e76090143ae77bb49a5","name":"Eduardo Vargas","image":{"@type":"ImageObject","inLanguage":"pt-BR","@id":"https:\/\/www.suno.com.br\/noticias\/#\/schema\/person\/image\/","url":"https:\/\/secure.gravatar.com\/avatar\/dac340933427a22924c9f99d1eb2e3f2?s=96&r=g","contentUrl":"https:\/\/secure.gravatar.com\/avatar\/dac340933427a22924c9f99d1eb2e3f2?s=96&r=g","caption":"Eduardo Vargas"},"description":"Jornalista formado pela UFSC, cobre macroeconomia, neg\u00f3cios e startups para o Suno Not\u00edcias, escrevendo principalmente not\u00edcias sobre o mercado financeiro e a bolsa de valores. No YouTube e no Instagram, \u00e9 respons\u00e1vel pela produ\u00e7\u00e3o de Reels e Shorts do Suno Not\u00edcias. Anteriormente, trabalhou cobrindo economia e cotidiano no ND+ e para o ND, maior jornal impresso de Santa Catarina. Cursou um semestre letivo de Estudos de M\u00eddia na Universidad de Buenos Aires.","url":"https:\/\/www.suno.com.br\/noticias\/author\/eduardo-vargas\/"}]}},"default_loop_html":"<div class=\"cardsPage__listCard__boxs\"><div class=\"cardsPage__listCard__boxs__img\"><a href=\"https:\/\/www.suno.com.br\/noticias\/dolar-fecha-menor-patamar-15-dias-evm\/\"><img class=\"mask\" src=\"https:\/\/www.suno.com.br\/noticias\/wp-content\/themes\/suno\/resources\/images\/spotlight\/spotlight1img\/bg-mask.png\" alt=\"Image Mask\"\/><img src=\"https:\/\/files.sunoresearch.com.br\/n\/uploads\/2024\/03\/dolar-vestido-400x200.jpg\" alt=\"D\u00f3lar fecha no menor patamar em 15 dias, a R$ 5,41\"\/><\/a><span class=\"spotlightCategory\"><a href=\"https:\/\/www.suno.com.br\/noticias\/mercado\/\">Mercado<\/a><\/span><\/div><div class=\"cardsPage__listCard__boxs__content\"><a href=\"https:\/\/www.suno.com.br\/noticias\/dolar-fecha-menor-patamar-15-dias-evm\/\"><h2 class=\"content__title\">D\u00f3lar fecha no menor patamar em 15 dias, a R$ 5,41<\/h2><\/a><div class=\"newsContent__article__meta\"><div class=\"newsContent__article__meta__authorBox\"><a href=\"https:\/\/www.suno.com.br\/noticias\/author\/eduardo-vargas\/\" class=\"authorBox__avatar noMobi\"><img src=\"https:\/\/secure.gravatar.com\/avatar\/dac340933427a22924c9f99d1eb2e3f2?s=96&#038;r=g\" alt=\"Eduardo Vargas\"><\/a><div class=\"authorBox__name\"><span>por\n\t\t\t<a href=\"https:\/\/www.suno.com.br\/noticias\/author\/eduardo-vargas\/\"><span itemprop=\"author\">Eduardo Vargas<\/span><\/a><\/span><time datetime=\"2024-07-09T20:44:53-03:00\" itemprop=\"datePublished\">09\/07\/2024 20:44<\/time><\/div><\/div><\/div><\/div><\/div>","single_layout":"posts","amp_enabled":true,"_links":{"self":[{"href":"https:\/\/www.suno.com.br\/noticias\/wp-json\/wp\/v2\/posts\/565781"}],"collection":[{"href":"https:\/\/www.suno.com.br\/noticias\/wp-json\/wp\/v2\/posts"}],"about":[{"href":"https:\/\/www.suno.com.br\/noticias\/wp-json\/wp\/v2\/types\/post"}],"author":[{"embeddable":true,"href":"https:\/\/www.suno.com.br\/noticias\/wp-json\/wp\/v2\/users\/73"}],"replies":[{"embeddable":true,"href":"https:\/\/www.suno.com.br\/noticias\/wp-json\/wp\/v2\/comments?post=565781"}],"version-history":[{"count":3,"href":"https:\/\/www.suno.com.br\/noticias\/wp-json\/wp\/v2\/posts\/565781\/revisions"}],"predecessor-version":[{"id":565787,"href":"https:\/\/www.suno.com.br\/noticias\/wp-json\/wp\/v2\/posts\/565781\/revisions\/565787"}],"wp:featuredmedia":[{"embeddable":true,"href":"https:\/\/www.suno.com.br\/noticias\/wp-json\/wp\/v2\/media\/539313"}],"wp:attachment":[{"href":"https:\/\/www.suno.com.br\/noticias\/wp-json\/wp\/v2\/media?parent=565781"}],"wp:term":[{"taxonomy":"category","embeddable":true,"href":"https:\/\/www.suno.com.br\/noticias\/wp-json\/wp\/v2\/categories?post=565781"},{"taxonomy":"post_tag","embeddable":true,"href":"https:\/\/www.suno.com.br\/noticias\/wp-json\/wp\/v2\/tags?post=565781"},{"taxonomy":"suno_strategy","embeddable":true,"href":"https:\/\/www.suno.com.br\/noticias\/wp-json\/wp\/v2\/suno_strategy?post=565781"}],"curies":[{"name":"wp","href":"https:\/\/api.w.org\/{rel}","templated":true}]}}