{"id":565699,"date":"2024-07-09T15:50:23","date_gmt":"2024-07-09T18:50:23","guid":{"rendered":"https:\/\/www.suno.com.br\/noticias\/?p=565699"},"modified":"2024-07-09T15:50:28","modified_gmt":"2024-07-09T18:50:28","slug":"aneel-flexibilizacao-concessionarias-rio-grande-do-sul-evm","status":"publish","type":"post","link":"https:\/\/www.suno.com.br\/noticias\/aneel-flexibilizacao-concessionarias-rio-grande-do-sul-evm\/","title":{"rendered":"Aneel aprova novas flexibiliza\u00e7\u00f5es para concession\u00e1rias do Rio Grande do Sul"},"content":{"rendered":"<p>A <a href=\"https:\/\/www.gov.br\/aneel\/pt-br\">Ag\u00eancia Nacional de Energia El\u00e9trica, a <strong>Aneel<\/strong><\/a>, aprovou nesta ter\u00e7a-feira (9) novas flexibiliza\u00e7\u00f5es tempor\u00e1rias \u00e0s concession\u00e1rias e permission\u00e1rias de distribui\u00e7\u00e3o de energia no Rio Grande do Sul.<\/p><div class=\"videoFull \">\n\t\t\t<div class=\"videoWrapper yt-lazyload center\"\n\t\t\t\tdata-width=\"960\"\n\t\t\t\tdata-height=\"540\"\n\t\t\t\tdata-id=\"1Og-sdQ6RWw\"\n\t\t\t\tdata-alt=\"V\u00eddeo do YouTube - clique para reproduzir\"\n\t\t\t\tdata-logo=\"3\"\n\t\t\t\tdata-imagequality=\"maxres\">\n\t\t\t<\/div>\n\t\t<\/div><script type=\"application\/ld+json\">{\"@context\":\"https:\/\/schema.org\",\"@type\":\"VideoObject\",\"name\":\"\ud83d\udd34PETROBRAS (PETR4) ELEVA PRE\u00c7O DA GASOLINA | Ibovespa sobe | Gal\u00edpolo presidente do BC?\",\"description\":\"#mercadofinanceiro #a\u00e7\u00f5es #investimentos #bolsadevalores #ibovespa #dinheiro #finan\u00e7as #pol\u00edtica #d\u00f3lar #livedas19h #petr4 #petr3 #petrobras #vale3 #vale #a\u00e7\u00f5es #economia #dividendos #min\u00e9riodeferro #min\u00e9rio #petr\u00f3leo #commodities #proventos #dividendos #jcp #statusinvest #statusalpha #sunoconsultoria #gasolina #g\u00e1sdecozinha #g\u00e1sdecozinha \ud83d\udd34TENHA UM CONSULTOR PRA TE AJUDAR NOS SEUS INVESTIMENTOS: https:\/\/lp.suno.com.br\/ao\/consultoria-de-investimentos\/?&utm_source=suno-noticias&utm_medium=live&utm_campaign=seuconsultorresponde&utm_content=27062024 00:00 In\u00edcio do v\u00eddeo 02:05 Fechamento de preg\u00e3o 07:02 PETR4 reajuste 12:31 Gal\u00edpolo presidente\u2026\",\"duration\":\"PT33M56S\",\"embedUrl\":\"https:\/\/www.youtube.com\/embed\/1Og-sdQ6RWw\",\"regionsAllowed\":\"en-US\",\"interactionStatistic\":{\"@type\":\"InteractionCounter\",\"interactionType\":{\"@type\":\"WatchAction\"},\"userInteractionCount\":2177},\"thumbnailUrl\":\"https:\/\/i.ytimg.com\/vi\/1Og-sdQ6RWw\/default.jpg\",\"uploadDate\":\"2024-07-08T22:46:02Z\"}<\/script>\n\n\n\n\n\t<p>\n\t\t<a href=\"\" target=\"_blank\" data-element=\"shortcode-suno-banner\" title=\"Banner SUNO, clique e saiba mais\">\n\t\t\t<picture>\n\t\t\t\t<source media=\"(max-width: 500px)\" srcset=\"\">\n\t\t\t\t<img class=\"newsContent__article__imgCapa newsContent__article__imgCapa--banner\"\n\t\t\t\t\tsrc=\"\"\n\t\t\t\t\tdata-promo-id=\"240038\"\t\t\t\t\t\t\t\t\t\t\t\t\t\t\talt=\"\"\n\t\t\t\t>\n\t\t\t<\/picture>\n\t\t<\/a>\n\t<\/p>\n\n\n\n\n\n\n\n<p>Conforme a mudan\u00e7a na normativa da Aneel, agora ser\u00e1 permitido o uso extraordin\u00e1rio dos recursos do Programa de Efici\u00eancia Energ\u00e9tica (PEE) para atender aos crit\u00e9rios de revitaliza\u00e7\u00e3o de <strong>redes el\u00e9tricas<\/strong> e reformas de instala\u00e7\u00e3o.<\/p>\n\n\n\n<p>Al\u00e9m disso, tamb\u00e9m para a destina\u00e7\u00e3o (sem contrapartida) dos chamados &#8220;equipamentos eficientes&#8221; aos clientes da classe rural com atividades econ\u00f4micas ativas.<\/p>\n\n\n\n<p>O prazo das m\u00e9dias est\u00e1 de acordo com a vig\u00eancia do decreto legislativo n\u00ba 236, do Congresso Nacional, que reconheceu o estado de calamidade p\u00fablica no estado do Rio Grande do Sul at\u00e9 31 de dezembro de 2024.<\/p>\n\n\n\n<p>&#8220;As chuvas intensas que atingiram o estado do Rio Grande do Sul a partir do dia 24 de abril de 2024, estenderam-se ao m\u00eas de maio e junho e, at\u00e9 o fechamento deste voto, ainda n\u00e3o haviam cessado integralmente&#8221;, diz a minuta da Aneel, com os votos dos diretores.<\/p>\n\n\n\n<p>Segundo balan\u00e7o apresentado, o estado de calamidade j\u00e1 alcan\u00e7ou 95 munic\u00edpios do <strong>Rio Grande do Sul<\/strong> e o estado de emerg\u00eancia alcan\u00e7a 323 munic\u00edpios, totalizando 418 munic\u00edpios afetados pelas enchentes.<\/p>\n\n\n\t<p>\n\t\t<a href=\"https:\/\/lp.suno.com.br\/ebook-gratuito-investindo-no-exterior\/\" target=\"_blank\" data-element=\"shortcode-suno-banner\" title=\"Banner SUNO, clique e saiba mais\">\n\t\t\t<picture>\n\t\t\t\t<source media=\"(max-width: 500px)\" srcset=\"https:\/\/files.sunoresearch.com.br\/n\/uploads\/2023\/03\/400x300-Investindo-no-exterior.png\">\n\t\t\t\t<img class=\"newsContent__article__imgCapa newsContent__article__imgCapa--banner\"\n\t\t\t\t\tsrc=\"https:\/\/files.sunoresearch.com.br\/n\/uploads\/2023\/03\/1420x240-Investindo-no-exterior.png\"\n\t\t\t\t\tdata-promo-id=\"383161\"\t\t\t\t\t\t\t\t\t\twidth='1420' height='240'\t\t\t\t\talt=\"https:\/\/files.sunoresearch.com.br\/n\/uploads\/2023\/03\/1420x240-Investindo-no-exterior.png\"\n\t\t\t\t>\n\t\t\t<\/picture>\n\t\t<\/a>\n\t<\/p>\n\n\n\n\n\n<h2 class=\"wp-block-heading\">Aneel aprova redu\u00e7\u00e3o m\u00e9dia de 1,76% nas tarifas da Energisa Minas Rio<\/h2>\n\n\n\n<p>A Aneel aprovou em junho o reajuste tarif\u00e1rio de 2024 da Energisa Minas Rio Distribuidora de Energia S.A., com uma redu\u00e7\u00e3o m\u00e9dia de 1,76%.<\/p>\n\n\n\n<p>Conforme o <strong>reajuste da Aneel<\/strong>, para os consumidores conectados na alta tens\u00e3o (grandes empresas), haver\u00e1 aumento de 2,29%, em m\u00e9dia. <\/p>\n\n\n\n<p>J\u00e1 para os consumidores conectados na baixa tens\u00e3o (residenciais), foi aprovado uma <strong>redu\u00e7\u00e3o <\/strong>m\u00e9dia de 2,77%.<\/p>\n\n\n\n<p>Nessa revis\u00e3o anual, a distribuidora considera os valores dos encargos setoriais, bem como dispositivos legais. <\/p>\n\n\n\n<p>O total dos encargos, por exemplo, foi reduzido, com um impacto no efeito m\u00e9dio de -0,88%. <\/p>\n\n\n\n<p>Por outro lado, houve aumento do custo de transporte da <strong>energia<\/strong> <a href=\"https:\/\/www.suno.com.br\/noticias\/web-stories\/usina-de-itaipu-alcanca-producao-recorde-confira-gpj\/\">proveniente de Itaipu<\/a>, que contribuiu para um acr\u00e9scimo tarif\u00e1rio de 0,45%.<\/p>\n\n\n\n<p>A Energisa Minas Rio Distribuidora \u00e9 sediada na cidade de Cataguases, no estado de Minas Gerais, atende aproximadamente 606 mil unidades consumidoras. <\/p>\n\n\n\n<p>O consumo de energia el\u00e9trica representa um faturamento anual de aproximadamente R$ 1,29 bilh\u00e3o para a empresa.<\/p>\n\n\n\n<p>Com Estad\u00e3o Conte\u00fado<\/p>\n\n\n\t<p>\n\t\t<a href=\"https:\/\/lp.suno.com.br\/planilha-da-vida-financeira\/\" target=\"_blank\" data-element=\"shortcode-suno-banner\" title=\"Banner SUNO, clique e saiba mais\">\n\t\t\t<picture>\n\t\t\t\t<source media=\"(max-width: 500px)\" srcset=\"https:\/\/files.sunoresearch.com.br\/n\/uploads\/2023\/04\/400x300-Planilha-vida-financeira-true.png\">\n\t\t\t\t<img class=\"newsContent__article__imgCapa newsContent__article__imgCapa--banner\"\n\t\t\t\t\tsrc=\"https:\/\/files.sunoresearch.com.br\/n\/uploads\/2023\/04\/1420x240-Planilha-vida-financeira-true.png\"\n\t\t\t\t\tdata-promo-id=\"383123\"\t\t\t\t\t\t\t\t\t\twidth='1420' height='240'\t\t\t\t\talt=\"https:\/\/files.sunoresearch.com.br\/n\/uploads\/2023\/04\/1420x240-Planilha-vida-financeira-true.png\"\n\t\t\t\t>\n\t\t\t<\/picture>\n\t\t<\/a>\n\t<\/p>\n\n\n","protected":false},"excerpt":{"rendered":"<p>A Ag\u00eancia Nacional de Energia El\u00e9trica, a Aneel, aprovou nesta ter\u00e7a-feira (9) novas flexibiliza\u00e7\u00f5es tempor\u00e1rias \u00e0s concession\u00e1rias e permission\u00e1rias de distribui\u00e7\u00e3o de energia no Rio Grande do Sul. Conforme a mudan\u00e7a na normativa da Aneel, agora ser\u00e1 permitido o uso extraordin\u00e1rio dos recursos do Programa de Efici\u00eancia Energ\u00e9tica (PEE) para atender aos crit\u00e9rios de revitaliza\u00e7\u00e3o [&hellip;]<\/p>\n","protected":false},"author":73,"featured_media":225450,"comment_status":"closed","ping_status":"closed","sticky":false,"template":"","format":"standard","meta":[],"categories":[62],"tags":[106444,896],"suno_strategy":[],"class_list":["post-565699","post","type-post","status-publish","format-standard","has-post-thumbnail","hentry","category-economia","tag-agencias","tag-aneel"],"yoast_head":"<!-- This site is optimized with the Yoast SEO plugin v24.4 - https:\/\/yoast.com\/wordpress\/plugins\/seo\/ -->\n<title>Aneel aprova novas flexibiliza\u00e7\u00f5es para concession\u00e1rias do RS<\/title>\n<meta name=\"description\" content=\"Conforme a Aneel, agora ser\u00e1 permitido o uso extraordin\u00e1rio dos recursos do PEE para atender aos crit\u00e9rios de revitaliza\u00e7\u00e3o de redes el\u00e9tricas\" \/>\n<meta name=\"robots\" content=\"index, follow, max-snippet:-1, max-image-preview:large, max-video-preview:-1\" \/>\n<link rel=\"canonical\" href=\"https:\/\/www.suno.com.br\/noticias\/aneel-flexibilizacao-concessionarias-rio-grande-do-sul-evm\/\" \/>\n<meta property=\"og:locale\" content=\"pt_BR\" \/>\n<meta property=\"og:type\" content=\"article\" \/>\n<meta property=\"og:title\" content=\"Aneel aprova novas flexibiliza\u00e7\u00f5es para concession\u00e1rias do RS\" \/>\n<meta property=\"og:description\" content=\"Conforme a Aneel, agora ser\u00e1 permitido o uso extraordin\u00e1rio dos recursos do PEE para atender aos crit\u00e9rios de revitaliza\u00e7\u00e3o de redes el\u00e9tricas\" \/>\n<meta property=\"og:url\" content=\"https:\/\/www.suno.com.br\/noticias\/aneel-flexibilizacao-concessionarias-rio-grande-do-sul-evm\/\" \/>\n<meta property=\"og:site_name\" content=\"Suno Not\u00edcias\" \/>\n<meta property=\"article:publisher\" content=\"https:\/\/facebook.com\/sunoresearch\" \/>\n<meta property=\"og:image\" content=\"https:\/\/files.sunoresearch.com.br\/n\/uploads\/2022\/01\/christian-dubovan-gxsRL8B_ZqE-unsplash-1-scaled.jpg\" \/>\n\t<meta property=\"og:image:width\" content=\"1920\" \/>\n\t<meta property=\"og:image:height\" content=\"2560\" \/>\n\t<meta property=\"og:image:type\" content=\"image\/jpeg\" \/>\n<meta name=\"author\" content=\"Eduardo Vargas\" \/>\n<meta name=\"twitter:card\" content=\"summary_large_image\" \/>\n<meta name=\"twitter:creator\" content=\"@sunoresearch\" \/>\n<meta name=\"twitter:site\" content=\"@sunoresearch\" \/>\n<meta name=\"twitter:label1\" content=\"Escrito por\" \/>\n\t<meta name=\"twitter:data1\" content=\"Eduardo Vargas\" \/>\n\t<meta name=\"twitter:label2\" content=\"Est. tempo de leitura\" \/>\n\t<meta name=\"twitter:data2\" content=\"3 minutos\" \/>\n<script type=\"application\/ld+json\" class=\"yoast-schema-graph\">{\"@context\":\"https:\/\/schema.org\",\"@graph\":[{\"@type\":\"NewsArticle\",\"@id\":\"https:\/\/www.suno.com.br\/noticias\/aneel-flexibilizacao-concessionarias-rio-grande-do-sul-evm\/#article\",\"isPartOf\":{\"@id\":\"https:\/\/www.suno.com.br\/noticias\/aneel-flexibilizacao-concessionarias-rio-grande-do-sul-evm\/\"},\"author\":{\"name\":\"Eduardo Vargas\",\"@id\":\"https:\/\/www.suno.com.br\/noticias\/#\/schema\/person\/7f4d362bf3518e76090143ae77bb49a5\"},\"headline\":\"Aneel aprova novas flexibiliza\u00e7\u00f5es para concession\u00e1rias do Rio Grande do Sul\",\"datePublished\":\"2024-07-09T18:50:23+00:00\",\"dateModified\":\"2024-07-09T18:50:28+00:00\",\"mainEntityOfPage\":{\"@id\":\"https:\/\/www.suno.com.br\/noticias\/aneel-flexibilizacao-concessionarias-rio-grande-do-sul-evm\/\"},\"wordCount\":422,\"publisher\":{\"@id\":\"https:\/\/www.suno.com.br\/noticias\/#organization\"},\"image\":{\"@id\":\"https:\/\/www.suno.com.br\/noticias\/aneel-flexibilizacao-concessionarias-rio-grande-do-sul-evm\/#primaryimage\"},\"thumbnailUrl\":\"https:\/\/files.sunoresearch.com.br\/n\/uploads\/2022\/01\/christian-dubovan-gxsRL8B_ZqE-unsplash-1-scaled.jpg\",\"keywords\":[\"Ag\u00eancias\",\"Aneel\"],\"articleSection\":[\"Economia\"],\"inLanguage\":\"pt-BR\"},{\"@type\":\"WebPage\",\"@id\":\"https:\/\/www.suno.com.br\/noticias\/aneel-flexibilizacao-concessionarias-rio-grande-do-sul-evm\/\",\"url\":\"https:\/\/www.suno.com.br\/noticias\/aneel-flexibilizacao-concessionarias-rio-grande-do-sul-evm\/\",\"name\":\"Aneel aprova novas flexibiliza\u00e7\u00f5es para concession\u00e1rias do RS\",\"isPartOf\":{\"@id\":\"https:\/\/www.suno.com.br\/noticias\/#website\"},\"primaryImageOfPage\":{\"@id\":\"https:\/\/www.suno.com.br\/noticias\/aneel-flexibilizacao-concessionarias-rio-grande-do-sul-evm\/#primaryimage\"},\"image\":{\"@id\":\"https:\/\/www.suno.com.br\/noticias\/aneel-flexibilizacao-concessionarias-rio-grande-do-sul-evm\/#primaryimage\"},\"thumbnailUrl\":\"https:\/\/files.sunoresearch.com.br\/n\/uploads\/2022\/01\/christian-dubovan-gxsRL8B_ZqE-unsplash-1-scaled.jpg\",\"datePublished\":\"2024-07-09T18:50:23+00:00\",\"dateModified\":\"2024-07-09T18:50:28+00:00\",\"description\":\"Conforme a Aneel, agora ser\u00e1 permitido o uso extraordin\u00e1rio dos recursos do PEE para atender aos crit\u00e9rios de revitaliza\u00e7\u00e3o de redes el\u00e9tricas\",\"breadcrumb\":{\"@id\":\"https:\/\/www.suno.com.br\/noticias\/aneel-flexibilizacao-concessionarias-rio-grande-do-sul-evm\/#breadcrumb\"},\"inLanguage\":\"pt-BR\",\"potentialAction\":[{\"@type\":\"ReadAction\",\"target\":[\"https:\/\/www.suno.com.br\/noticias\/aneel-flexibilizacao-concessionarias-rio-grande-do-sul-evm\/\"]}]},{\"@type\":\"ImageObject\",\"inLanguage\":\"pt-BR\",\"@id\":\"https:\/\/www.suno.com.br\/noticias\/aneel-flexibilizacao-concessionarias-rio-grande-do-sul-evm\/#primaryimage\",\"url\":\"https:\/\/files.sunoresearch.com.br\/n\/uploads\/2022\/01\/christian-dubovan-gxsRL8B_ZqE-unsplash-1-scaled.jpg\",\"contentUrl\":\"https:\/\/files.sunoresearch.com.br\/n\/uploads\/2022\/01\/christian-dubovan-gxsRL8B_ZqE-unsplash-1-scaled.jpg\",\"width\":1920,\"height\":2560,\"caption\":\"Foto: Pixabay\"},{\"@type\":\"BreadcrumbList\",\"@id\":\"https:\/\/www.suno.com.br\/noticias\/aneel-flexibilizacao-concessionarias-rio-grande-do-sul-evm\/#breadcrumb\",\"itemListElement\":[{\"@type\":\"ListItem\",\"position\":1,\"name\":\"Not\u00edcias\",\"item\":\"https:\/\/www.suno.com.br\/noticias\/\"},{\"@type\":\"ListItem\",\"position\":2,\"name\":\"Economia\",\"item\":\"https:\/\/www.suno.com.br\/noticias\/economia\/\"},{\"@type\":\"ListItem\",\"position\":3,\"name\":\"Aneel aprova novas flexibiliza\u00e7\u00f5es para concession\u00e1rias do Rio Grande do Sul\"}]},{\"@type\":\"WebSite\",\"@id\":\"https:\/\/www.suno.com.br\/noticias\/#website\",\"url\":\"https:\/\/www.suno.com.br\/noticias\/\",\"name\":\"Suno Not\u00edcias\",\"description\":\"Seu portal de informa\u00e7\u00e3o sobre o mundo dos investimentos\",\"publisher\":{\"@id\":\"https:\/\/www.suno.com.br\/noticias\/#organization\"},\"potentialAction\":[{\"@type\":\"SearchAction\",\"target\":{\"@type\":\"EntryPoint\",\"urlTemplate\":\"https:\/\/www.suno.com.br\/noticias\/?s={search_term_string}\"},\"query-input\":{\"@type\":\"PropertyValueSpecification\",\"valueRequired\":true,\"valueName\":\"search_term_string\"}}],\"inLanguage\":\"pt-BR\"},{\"@type\":\"Organization\",\"@id\":\"https:\/\/www.suno.com.br\/noticias\/#organization\",\"name\":\"Suno Not\u00edcias\",\"url\":\"https:\/\/www.suno.com.br\/noticias\/\",\"logo\":{\"@type\":\"ImageObject\",\"inLanguage\":\"pt-BR\",\"@id\":\"https:\/\/www.suno.com.br\/noticias\/#\/schema\/logo\/image\/\",\"url\":\"https:\/\/files.sunoresearch.com.br\/n\/uploads\/2021\/09\/suno-logo.png\",\"contentUrl\":\"https:\/\/files.sunoresearch.com.br\/n\/uploads\/2021\/09\/suno-logo.png\",\"width\":180,\"height\":180,\"caption\":\"Suno Not\u00edcias\"},\"image\":{\"@id\":\"https:\/\/www.suno.com.br\/noticias\/#\/schema\/logo\/image\/\"},\"sameAs\":[\"https:\/\/facebook.com\/sunoresearch\",\"https:\/\/x.com\/sunoresearch\",\"https:\/\/www.instagram.com\/suno\",\"https:\/\/www.linkedin.com\/company\/suno-research\/\",\"https:\/\/www.youtube.com\/c\/sunoresearch\"]},{\"@type\":\"Person\",\"@id\":\"https:\/\/www.suno.com.br\/noticias\/#\/schema\/person\/7f4d362bf3518e76090143ae77bb49a5\",\"name\":\"Eduardo Vargas\",\"image\":{\"@type\":\"ImageObject\",\"inLanguage\":\"pt-BR\",\"@id\":\"https:\/\/www.suno.com.br\/noticias\/#\/schema\/person\/image\/\",\"url\":\"https:\/\/secure.gravatar.com\/avatar\/dac340933427a22924c9f99d1eb2e3f2?s=96&r=g\",\"contentUrl\":\"https:\/\/secure.gravatar.com\/avatar\/dac340933427a22924c9f99d1eb2e3f2?s=96&r=g\",\"caption\":\"Eduardo Vargas\"},\"description\":\"Jornalista formado pela UFSC, cobre macroeconomia, neg\u00f3cios e startups para o Suno Not\u00edcias, escrevendo principalmente not\u00edcias sobre o mercado financeiro e a bolsa de valores. No YouTube e no Instagram, \u00e9 respons\u00e1vel pela produ\u00e7\u00e3o de Reels e Shorts do Suno Not\u00edcias. Anteriormente, trabalhou cobrindo economia e cotidiano no ND+ e para o ND, maior jornal impresso de Santa Catarina. Cursou um semestre letivo de Estudos de M\u00eddia na Universidad de Buenos Aires.\",\"url\":\"https:\/\/www.suno.com.br\/noticias\/author\/eduardo-vargas\/\"}]}<\/script>\n<!-- \/ Yoast SEO plugin. -->","yoast_head_json":{"title":"Aneel aprova novas flexibiliza\u00e7\u00f5es para concession\u00e1rias do RS","description":"Conforme a Aneel, agora ser\u00e1 permitido o uso extraordin\u00e1rio dos recursos do PEE para atender aos crit\u00e9rios de revitaliza\u00e7\u00e3o de redes el\u00e9tricas","robots":{"index":"index","follow":"follow","max-snippet":"max-snippet:-1","max-image-preview":"max-image-preview:large","max-video-preview":"max-video-preview:-1"},"canonical":"https:\/\/www.suno.com.br\/noticias\/aneel-flexibilizacao-concessionarias-rio-grande-do-sul-evm\/","og_locale":"pt_BR","og_type":"article","og_title":"Aneel aprova novas flexibiliza\u00e7\u00f5es para concession\u00e1rias do RS","og_description":"Conforme a Aneel, agora ser\u00e1 permitido o uso extraordin\u00e1rio dos recursos do PEE para atender aos crit\u00e9rios de revitaliza\u00e7\u00e3o de redes el\u00e9tricas","og_url":"https:\/\/www.suno.com.br\/noticias\/aneel-flexibilizacao-concessionarias-rio-grande-do-sul-evm\/","og_site_name":"Suno Not\u00edcias","article_publisher":"https:\/\/facebook.com\/sunoresearch","og_image":[{"width":1920,"height":2560,"url":"https:\/\/files.sunoresearch.com.br\/n\/uploads\/2022\/01\/christian-dubovan-gxsRL8B_ZqE-unsplash-1-scaled.jpg","type":"image\/jpeg"}],"author":"Eduardo Vargas","twitter_card":"summary_large_image","twitter_creator":"@sunoresearch","twitter_site":"@sunoresearch","twitter_misc":{"Escrito por":"Eduardo Vargas","Est. tempo de leitura":"3 minutos"},"schema":{"@context":"https:\/\/schema.org","@graph":[{"@type":"NewsArticle","@id":"https:\/\/www.suno.com.br\/noticias\/aneel-flexibilizacao-concessionarias-rio-grande-do-sul-evm\/#article","isPartOf":{"@id":"https:\/\/www.suno.com.br\/noticias\/aneel-flexibilizacao-concessionarias-rio-grande-do-sul-evm\/"},"author":{"name":"Eduardo Vargas","@id":"https:\/\/www.suno.com.br\/noticias\/#\/schema\/person\/7f4d362bf3518e76090143ae77bb49a5"},"headline":"Aneel aprova novas flexibiliza\u00e7\u00f5es para concession\u00e1rias do Rio Grande do Sul","datePublished":"2024-07-09T18:50:23+00:00","dateModified":"2024-07-09T18:50:28+00:00","mainEntityOfPage":{"@id":"https:\/\/www.suno.com.br\/noticias\/aneel-flexibilizacao-concessionarias-rio-grande-do-sul-evm\/"},"wordCount":422,"publisher":{"@id":"https:\/\/www.suno.com.br\/noticias\/#organization"},"image":{"@id":"https:\/\/www.suno.com.br\/noticias\/aneel-flexibilizacao-concessionarias-rio-grande-do-sul-evm\/#primaryimage"},"thumbnailUrl":"https:\/\/files.sunoresearch.com.br\/n\/uploads\/2022\/01\/christian-dubovan-gxsRL8B_ZqE-unsplash-1-scaled.jpg","keywords":["Ag\u00eancias","Aneel"],"articleSection":["Economia"],"inLanguage":"pt-BR"},{"@type":"WebPage","@id":"https:\/\/www.suno.com.br\/noticias\/aneel-flexibilizacao-concessionarias-rio-grande-do-sul-evm\/","url":"https:\/\/www.suno.com.br\/noticias\/aneel-flexibilizacao-concessionarias-rio-grande-do-sul-evm\/","name":"Aneel aprova novas flexibiliza\u00e7\u00f5es para concession\u00e1rias do RS","isPartOf":{"@id":"https:\/\/www.suno.com.br\/noticias\/#website"},"primaryImageOfPage":{"@id":"https:\/\/www.suno.com.br\/noticias\/aneel-flexibilizacao-concessionarias-rio-grande-do-sul-evm\/#primaryimage"},"image":{"@id":"https:\/\/www.suno.com.br\/noticias\/aneel-flexibilizacao-concessionarias-rio-grande-do-sul-evm\/#primaryimage"},"thumbnailUrl":"https:\/\/files.sunoresearch.com.br\/n\/uploads\/2022\/01\/christian-dubovan-gxsRL8B_ZqE-unsplash-1-scaled.jpg","datePublished":"2024-07-09T18:50:23+00:00","dateModified":"2024-07-09T18:50:28+00:00","description":"Conforme a Aneel, agora ser\u00e1 permitido o uso extraordin\u00e1rio dos recursos do PEE para atender aos crit\u00e9rios de revitaliza\u00e7\u00e3o de redes el\u00e9tricas","breadcrumb":{"@id":"https:\/\/www.suno.com.br\/noticias\/aneel-flexibilizacao-concessionarias-rio-grande-do-sul-evm\/#breadcrumb"},"inLanguage":"pt-BR","potentialAction":[{"@type":"ReadAction","target":["https:\/\/www.suno.com.br\/noticias\/aneel-flexibilizacao-concessionarias-rio-grande-do-sul-evm\/"]}]},{"@type":"ImageObject","inLanguage":"pt-BR","@id":"https:\/\/www.suno.com.br\/noticias\/aneel-flexibilizacao-concessionarias-rio-grande-do-sul-evm\/#primaryimage","url":"https:\/\/files.sunoresearch.com.br\/n\/uploads\/2022\/01\/christian-dubovan-gxsRL8B_ZqE-unsplash-1-scaled.jpg","contentUrl":"https:\/\/files.sunoresearch.com.br\/n\/uploads\/2022\/01\/christian-dubovan-gxsRL8B_ZqE-unsplash-1-scaled.jpg","width":1920,"height":2560,"caption":"Foto: Pixabay"},{"@type":"BreadcrumbList","@id":"https:\/\/www.suno.com.br\/noticias\/aneel-flexibilizacao-concessionarias-rio-grande-do-sul-evm\/#breadcrumb","itemListElement":[{"@type":"ListItem","position":1,"name":"Not\u00edcias","item":"https:\/\/www.suno.com.br\/noticias\/"},{"@type":"ListItem","position":2,"name":"Economia","item":"https:\/\/www.suno.com.br\/noticias\/economia\/"},{"@type":"ListItem","position":3,"name":"Aneel aprova novas flexibiliza\u00e7\u00f5es para concession\u00e1rias do Rio Grande do Sul"}]},{"@type":"WebSite","@id":"https:\/\/www.suno.com.br\/noticias\/#website","url":"https:\/\/www.suno.com.br\/noticias\/","name":"Suno Not\u00edcias","description":"Seu portal de informa\u00e7\u00e3o sobre o mundo dos investimentos","publisher":{"@id":"https:\/\/www.suno.com.br\/noticias\/#organization"},"potentialAction":[{"@type":"SearchAction","target":{"@type":"EntryPoint","urlTemplate":"https:\/\/www.suno.com.br\/noticias\/?s={search_term_string}"},"query-input":{"@type":"PropertyValueSpecification","valueRequired":true,"valueName":"search_term_string"}}],"inLanguage":"pt-BR"},{"@type":"Organization","@id":"https:\/\/www.suno.com.br\/noticias\/#organization","name":"Suno Not\u00edcias","url":"https:\/\/www.suno.com.br\/noticias\/","logo":{"@type":"ImageObject","inLanguage":"pt-BR","@id":"https:\/\/www.suno.com.br\/noticias\/#\/schema\/logo\/image\/","url":"https:\/\/files.sunoresearch.com.br\/n\/uploads\/2021\/09\/suno-logo.png","contentUrl":"https:\/\/files.sunoresearch.com.br\/n\/uploads\/2021\/09\/suno-logo.png","width":180,"height":180,"caption":"Suno Not\u00edcias"},"image":{"@id":"https:\/\/www.suno.com.br\/noticias\/#\/schema\/logo\/image\/"},"sameAs":["https:\/\/facebook.com\/sunoresearch","https:\/\/x.com\/sunoresearch","https:\/\/www.instagram.com\/suno","https:\/\/www.linkedin.com\/company\/suno-research\/","https:\/\/www.youtube.com\/c\/sunoresearch"]},{"@type":"Person","@id":"https:\/\/www.suno.com.br\/noticias\/#\/schema\/person\/7f4d362bf3518e76090143ae77bb49a5","name":"Eduardo Vargas","image":{"@type":"ImageObject","inLanguage":"pt-BR","@id":"https:\/\/www.suno.com.br\/noticias\/#\/schema\/person\/image\/","url":"https:\/\/secure.gravatar.com\/avatar\/dac340933427a22924c9f99d1eb2e3f2?s=96&r=g","contentUrl":"https:\/\/secure.gravatar.com\/avatar\/dac340933427a22924c9f99d1eb2e3f2?s=96&r=g","caption":"Eduardo Vargas"},"description":"Jornalista formado pela UFSC, cobre macroeconomia, neg\u00f3cios e startups para o Suno Not\u00edcias, escrevendo principalmente not\u00edcias sobre o mercado financeiro e a bolsa de valores. No YouTube e no Instagram, \u00e9 respons\u00e1vel pela produ\u00e7\u00e3o de Reels e Shorts do Suno Not\u00edcias. Anteriormente, trabalhou cobrindo economia e cotidiano no ND+ e para o ND, maior jornal impresso de Santa Catarina. Cursou um semestre letivo de Estudos de M\u00eddia na Universidad de Buenos Aires.","url":"https:\/\/www.suno.com.br\/noticias\/author\/eduardo-vargas\/"}]}},"default_loop_html":"<div class=\"cardsPage__listCard__boxs\"><div class=\"cardsPage__listCard__boxs__img\"><a href=\"https:\/\/www.suno.com.br\/noticias\/aneel-flexibilizacao-concessionarias-rio-grande-do-sul-evm\/\"><img class=\"mask\" src=\"https:\/\/www.suno.com.br\/noticias\/wp-content\/themes\/suno\/resources\/images\/spotlight\/spotlight1img\/bg-mask.png\" alt=\"Image Mask\"\/><img src=\"https:\/\/files.sunoresearch.com.br\/n\/uploads\/2022\/01\/christian-dubovan-gxsRL8B_ZqE-unsplash-1-400x200.jpg\" alt=\"Aneel aprova novas flexibiliza\u00e7\u00f5es para concession\u00e1rias do Rio Grande do Sul\"\/><\/a><span class=\"spotlightCategory\"><a href=\"https:\/\/www.suno.com.br\/noticias\/economia\/\">Economia<\/a><\/span><\/div><div class=\"cardsPage__listCard__boxs__content\"><a href=\"https:\/\/www.suno.com.br\/noticias\/aneel-flexibilizacao-concessionarias-rio-grande-do-sul-evm\/\"><h2 class=\"content__title\">Aneel aprova novas flexibiliza\u00e7\u00f5es para concession\u00e1rias do Rio Grande do Sul<\/h2><\/a><div class=\"newsContent__article__meta\"><div class=\"newsContent__article__meta__authorBox\"><a href=\"https:\/\/www.suno.com.br\/noticias\/author\/eduardo-vargas\/\" class=\"authorBox__avatar noMobi\"><img src=\"https:\/\/secure.gravatar.com\/avatar\/dac340933427a22924c9f99d1eb2e3f2?s=96&#038;r=g\" alt=\"Eduardo Vargas\"><\/a><div class=\"authorBox__name\"><span>por\n\t\t\t<a href=\"https:\/\/www.suno.com.br\/noticias\/author\/eduardo-vargas\/\"><span itemprop=\"author\">Eduardo Vargas<\/span><\/a><\/span><time datetime=\"2024-07-09T15:50:23-03:00\" itemprop=\"datePublished\">09\/07\/2024 15:50<\/time><\/div><\/div><\/div><\/div><\/div>","single_layout":"posts","amp_enabled":true,"_links":{"self":[{"href":"https:\/\/www.suno.com.br\/noticias\/wp-json\/wp\/v2\/posts\/565699"}],"collection":[{"href":"https:\/\/www.suno.com.br\/noticias\/wp-json\/wp\/v2\/posts"}],"about":[{"href":"https:\/\/www.suno.com.br\/noticias\/wp-json\/wp\/v2\/types\/post"}],"author":[{"embeddable":true,"href":"https:\/\/www.suno.com.br\/noticias\/wp-json\/wp\/v2\/users\/73"}],"replies":[{"embeddable":true,"href":"https:\/\/www.suno.com.br\/noticias\/wp-json\/wp\/v2\/comments?post=565699"}],"version-history":[{"count":3,"href":"https:\/\/www.suno.com.br\/noticias\/wp-json\/wp\/v2\/posts\/565699\/revisions"}],"predecessor-version":[{"id":565722,"href":"https:\/\/www.suno.com.br\/noticias\/wp-json\/wp\/v2\/posts\/565699\/revisions\/565722"}],"wp:featuredmedia":[{"embeddable":true,"href":"https:\/\/www.suno.com.br\/noticias\/wp-json\/wp\/v2\/media\/225450"}],"wp:attachment":[{"href":"https:\/\/www.suno.com.br\/noticias\/wp-json\/wp\/v2\/media?parent=565699"}],"wp:term":[{"taxonomy":"category","embeddable":true,"href":"https:\/\/www.suno.com.br\/noticias\/wp-json\/wp\/v2\/categories?post=565699"},{"taxonomy":"post_tag","embeddable":true,"href":"https:\/\/www.suno.com.br\/noticias\/wp-json\/wp\/v2\/tags?post=565699"},{"taxonomy":"suno_strategy","embeddable":true,"href":"https:\/\/www.suno.com.br\/noticias\/wp-json\/wp\/v2\/suno_strategy?post=565699"}],"curies":[{"name":"wp","href":"https:\/\/api.w.org\/{rel}","templated":true}]}}