{"id":565688,"date":"2024-07-09T14:46:47","date_gmt":"2024-07-09T17:46:47","guid":{"rendered":"https:\/\/www.suno.com.br\/noticias\/?p=565688"},"modified":"2024-07-09T14:46:53","modified_gmt":"2024-07-09T17:46:53","slug":"dolar-novos-estresses-6-projecao-xp-evm","status":"publish","type":"post","link":"https:\/\/www.suno.com.br\/noticias\/dolar-novos-estresses-6-projecao-xp-evm\/","title":{"rendered":"D\u00f3lar pode ter novos estresses, mas n\u00e3o achamos que vai a R$ 6, diz economista-chefe da XP"},"content":{"rendered":"<p>Apesar da volatilidade recente <a href=\"https:\/\/www.suno.com.br\/noticias\/dolar-montanha-russa-cambio-570-evm\/\">e dos solavancos no <strong>d\u00f3lar<\/strong><\/a>, Caio Megale, economista-chefe da XP, refor\u00e7a que a casa n\u00e3o acredita que a moeda se estabilize em patamares de R$ 5,70 &#8211; cota\u00e7\u00e3o atingida na \u00faltima ter\u00e7a (2) &#8211; ou fique pr\u00f3ximo de R$ 6.<\/p><div class=\"videoFull \">\n\t\t\t<div class=\"videoWrapper yt-lazyload center\"\n\t\t\t\tdata-width=\"960\"\n\t\t\t\tdata-height=\"540\"\n\t\t\t\tdata-id=\"1Og-sdQ6RWw\"\n\t\t\t\tdata-alt=\"V\u00eddeo do YouTube - clique para reproduzir\"\n\t\t\t\tdata-logo=\"3\"\n\t\t\t\tdata-imagequality=\"maxres\">\n\t\t\t<\/div>\n\t\t<\/div><script type=\"application\/ld+json\">{\"@context\":\"https:\/\/schema.org\",\"@type\":\"VideoObject\",\"name\":\"\ud83d\udd34PETROBRAS (PETR4) ELEVA PRE\u00c7O DA GASOLINA | Ibovespa sobe | Gal\u00edpolo presidente do BC?\",\"description\":\"#mercadofinanceiro #a\u00e7\u00f5es #investimentos #bolsadevalores #ibovespa #dinheiro #finan\u00e7as #pol\u00edtica #d\u00f3lar #livedas19h #petr4 #petr3 #petrobras #vale3 #vale #a\u00e7\u00f5es #economia #dividendos #min\u00e9riodeferro #min\u00e9rio #petr\u00f3leo #commodities #proventos #dividendos #jcp #statusinvest #statusalpha #sunoconsultoria #gasolina #g\u00e1sdecozinha #g\u00e1sdecozinha \ud83d\udd34TENHA UM CONSULTOR PRA TE AJUDAR NOS SEUS INVESTIMENTOS: https:\/\/lp.suno.com.br\/ao\/consultoria-de-investimentos\/?&utm_source=suno-noticias&utm_medium=live&utm_campaign=seuconsultorresponde&utm_content=27062024 00:00 In\u00edcio do v\u00eddeo 02:05 Fechamento de preg\u00e3o 07:02 PETR4 reajuste 12:31 Gal\u00edpolo presidente\u2026\",\"duration\":\"PT33M56S\",\"embedUrl\":\"https:\/\/www.youtube.com\/embed\/1Og-sdQ6RWw\",\"regionsAllowed\":\"en-US\",\"interactionStatistic\":{\"@type\":\"InteractionCounter\",\"interactionType\":{\"@type\":\"WatchAction\"},\"userInteractionCount\":2177},\"thumbnailUrl\":\"https:\/\/i.ytimg.com\/vi\/1Og-sdQ6RWw\/default.jpg\",\"uploadDate\":\"2024-07-08T22:46:02Z\"}<\/script>\n\n\n\n\n\t<p>\n\t\t<a href=\"https:\/\/lp.suno.com.br\/ebook-como-analisar-uma-acao\/\" target=\"_blank\" data-element=\"shortcode-suno-banner\" title=\"Banner SUNO, clique e saiba mais\">\n\t\t\t<picture>\n\t\t\t\t<source media=\"(max-width: 500px)\" srcset=\"https:\/\/files.sunoresearch.com.br\/n\/uploads\/2023\/03\/Ebook-Acoes-Mobile.jpg\">\n\t\t\t\t<img class=\"newsContent__article__imgCapa newsContent__article__imgCapa--banner\"\n\t\t\t\t\tsrc=\"https:\/\/files.sunoresearch.com.br\/n\/uploads\/2023\/03\/Ebook-Acoes-Desktop.jpg\"\n\t\t\t\t\tdata-promo-id=\"378302\"\t\t\t\t\t\t\t\t\t\twidth='1420' height='286'\t\t\t\t\talt=\"https:\/\/files.sunoresearch.com.br\/n\/uploads\/2023\/03\/Ebook-Acoes-Desktop.jpg\"\n\t\t\t\t>\n\t\t\t<\/picture>\n\t\t<\/a>\n\t<\/p>\n\n\n\n\n\n\n\n<p>Segundo o especialista, do come\u00e7o do ano para c\u00e1 as expectativas para a <strong>cota\u00e7\u00e3o do d\u00f3lar<\/strong> de fato aumentaram, com uma deteriora\u00e7\u00e3o do fiscal e mudan\u00e7as nas proje\u00e7\u00f5es de infla\u00e7\u00e3o e de juros, mas isso n\u00e3o \u00e9 suficiente para que as proje\u00e7\u00f5es passem a ser pr\u00f3ximas de R$ 6.<\/p>\n\n\n\n<p>&#8220;A nossa <strong>proje\u00e7\u00e3o do d\u00f3lar<\/strong> saiu de R$ 5 para R$ 5,40, o que tem muito a ver com a condu\u00e7\u00e3o da <a class=\"suno-keyword\" data-force=\"no\" data-priority=\"1\" href=\"https:\/\/www.suno.com.br\/artigos\/politica-economica\/\" target=\"_blank\" rel=\"noopener\">pol\u00edtica econ\u00f4mica<\/a> &#8211;  tanto fiscal quanto monet\u00e1ria. No momento em que as vari\u00e1veis chegam em d\u00favida, <a class=\"suno-keyword\" data-force=\"no\" data-priority=\"1\" href=\"https:\/\/www.suno.com.br\/artigos\/meta-fiscal\/\" target=\"_blank\" rel=\"noopener\">meta fiscal<\/a> do arcabou\u00e7o, <a class=\"suno-keyword\" data-force=\"no\" data-priority=\"1\" href=\"https:\/\/www.suno.com.br\/artigos\/meta-de-inflacao\/\" target=\"_blank\" rel=\"noopener\">meta de infla\u00e7\u00e3o<\/a>, a temperatura pol\u00edtica subiu exacerbadamente; fica a d\u00favida se vamos ter uma \u2018atropelada pol\u00edtica&#8221;, comenta Megale.<\/p>\n\n\n\n<p>&#8220;Existe uma parte da proje\u00e7\u00e3o que fica [mais alta], mas n\u00e3os subimos para R$ 5,70. N\u00e3o achamos que vai para R$ 6&#8221;, completa.<\/p>\n\n\n\n<p>O economista-chefe da XP ainda acrescenta que esse cen\u00e1rio tamb\u00e9m deve alterar as proje\u00e7\u00f5es de <a href=\"https:\/\/www.suno.com.br\/noticias\/petrobras-petr4-reajuste-projecao-ipca-evm\/\">infla\u00e7\u00e3o, dado que o d\u00f3lar mais alto \u00e9 inflacion\u00e1rio<\/a>.<\/p>\n\n\n\t<p>\n\t\t<a href=\"https:\/\/lp.suno.com.br\/ebook-gratuito-investindo-no-exterior\/\" target=\"_blank\" data-element=\"shortcode-suno-banner\" title=\"Banner SUNO, clique e saiba mais\">\n\t\t\t<picture>\n\t\t\t\t<source media=\"(max-width: 500px)\" srcset=\"https:\/\/files.sunoresearch.com.br\/n\/uploads\/2023\/03\/400x300-Investindo-no-exterior.png\">\n\t\t\t\t<img class=\"newsContent__article__imgCapa newsContent__article__imgCapa--banner\"\n\t\t\t\t\tsrc=\"https:\/\/files.sunoresearch.com.br\/n\/uploads\/2023\/03\/1420x240-Investindo-no-exterior.png\"\n\t\t\t\t\tdata-promo-id=\"383161\"\t\t\t\t\t\t\t\t\t\twidth='1420' height='240'\t\t\t\t\talt=\"https:\/\/files.sunoresearch.com.br\/n\/uploads\/2023\/03\/1420x240-Investindo-no-exterior.png\"\n\t\t\t\t>\n\t\t\t<\/picture>\n\t\t<\/a>\n\t<\/p>\n\n\n\n\n\n<p>Sobre os juros, Megale acrescenta que a expectativa n\u00e3o \u00e9 de uma alta da Selic.<\/p>\n\n\n\n<p>&#8220;A barra est\u00e1 alta. N\u00e3o estimamos uma nova alta mesmo que seja isso que est\u00e1 precificado no <a class=\"suno-keyword\" target=\"_blank\" data-force=\"no\" data-priority=\"1\" href=\"https:\/\/www.suno.com.br\/artigos\/contrato-futuro\/\" rel=\"noopener\">mercado futuro<\/a>. Mas se virmos novamente aquela din\u00e2mica do c\u00e2mbio, de altas de 10 centavos todo dia, as proje\u00e7\u00f5es de infla\u00e7\u00e3o ter\u00e3o uma nova rodada de alta e o Banco Central pode eventualmente mudar a sua postura&#8221;.<\/p>\n\n\n\n<h2 class=\"wp-block-heading\">Consenso espera d\u00f3lar a R$ 5,20 at\u00e9 o fim de 2025<\/h2>\n\n\n\n<p>Conforme <a href=\"https:\/\/www.bcb.gov.br\/content\/focus\/focus\/R20240705.pdf\">a edi\u00e7\u00e3o mais recente do Boletim Focus<\/a>, desta segunda (8), a expectativa do consenso de mercado \u00e9 de um d\u00f3lar a R$ 5,20 para o ano de 2024.<\/p>\n\n\n\n<p>H\u00e1 quatro semanas, o mercado tinha uma expectativa razoavelmente menor para o <strong>c\u00e2mbio<\/strong>, de R$ 5,05.<\/p>\n\n\n\n<p>Para o ano de 2025 a proje\u00e7\u00e3o do <strong>d\u00f3lar <\/strong>foi elevada para R$ 5,20, sendo a quinta vez consecutiva que a expectativa \u00e9 elevada.<\/p>\n\n\n\t<p>\n\t\t<a href=\"https:\/\/lp.suno.com.br\/planilha-da-vida-financeira\/\" target=\"_blank\" data-element=\"shortcode-suno-banner\" title=\"Banner SUNO, clique e saiba mais\">\n\t\t\t<picture>\n\t\t\t\t<source media=\"(max-width: 500px)\" srcset=\"https:\/\/files.sunoresearch.com.br\/n\/uploads\/2023\/04\/400x300-Planilha-vida-financeira-true.png\">\n\t\t\t\t<img class=\"newsContent__article__imgCapa newsContent__article__imgCapa--banner\"\n\t\t\t\t\tsrc=\"https:\/\/files.sunoresearch.com.br\/n\/uploads\/2023\/04\/1420x240-Planilha-vida-financeira-true.png\"\n\t\t\t\t\tdata-promo-id=\"383123\"\t\t\t\t\t\t\t\t\t\twidth='1420' height='240'\t\t\t\t\talt=\"https:\/\/files.sunoresearch.com.br\/n\/uploads\/2023\/04\/1420x240-Planilha-vida-financeira-true.png\"\n\t\t\t\t>\n\t\t\t<\/picture>\n\t\t<\/a>\n\t<\/p>\n\n\n","protected":false},"excerpt":{"rendered":"<p>Apesar da volatilidade recente e dos solavancos no d\u00f3lar, Caio Megale, economista-chefe da XP, refor\u00e7a que a casa n\u00e3o acredita que a moeda se estabilize em patamares de R$ 5,70 &#8211; cota\u00e7\u00e3o atingida na \u00faltima ter\u00e7a (2) &#8211; ou fique pr\u00f3ximo de R$ 6. Segundo o especialista, do come\u00e7o do ano para c\u00e1 as expectativas [&hellip;]<\/p>\n","protected":false},"author":73,"featured_media":494813,"comment_status":"closed","ping_status":"closed","sticky":false,"template":"","format":"standard","meta":[],"categories":[62],"tags":[1853,326,105816],"suno_strategy":[],"class_list":["post-565688","post","type-post","status-publish","format-standard","has-post-thumbnail","hentry","category-economia","tag-cambio","tag-dolar","tag-especialistas"],"yoast_head":"<!-- This site is optimized with the Yoast SEO plugin v24.4 - https:\/\/yoast.com\/wordpress\/plugins\/seo\/ -->\n<title>&#039;D\u00f3lar pode ter novos estresses, mas n\u00e3o achamos que vai a R$ 6&#039;<\/title>\n<meta name=\"description\" content=\"&quot;A nossa proje\u00e7\u00e3o do d\u00f3lar saiu de R$ 5 para R$ 5,40, o que tem muito a ver com a condu\u00e7\u00e3o do fiscal e do monet\u00e1rio&quot;, diz economista da XP\" \/>\n<meta name=\"robots\" content=\"index, follow, max-snippet:-1, max-image-preview:large, max-video-preview:-1\" \/>\n<link rel=\"canonical\" href=\"https:\/\/www.suno.com.br\/noticias\/dolar-novos-estresses-6-projecao-xp-evm\/\" \/>\n<meta property=\"og:locale\" content=\"pt_BR\" \/>\n<meta property=\"og:type\" content=\"article\" \/>\n<meta property=\"og:title\" content=\"&#039;D\u00f3lar pode ter novos estresses, mas n\u00e3o achamos que vai a R$ 6&#039;\" \/>\n<meta property=\"og:description\" content=\"&quot;A nossa proje\u00e7\u00e3o do d\u00f3lar saiu de R$ 5 para R$ 5,40, o que tem muito a ver com a condu\u00e7\u00e3o do fiscal e do monet\u00e1rio&quot;, diz economista da XP\" \/>\n<meta property=\"og:url\" content=\"https:\/\/www.suno.com.br\/noticias\/dolar-novos-estresses-6-projecao-xp-evm\/\" \/>\n<meta property=\"og:site_name\" content=\"Suno Not\u00edcias\" \/>\n<meta property=\"article:publisher\" content=\"https:\/\/facebook.com\/sunoresearch\" \/>\n<meta property=\"og:image\" content=\"https:\/\/files.sunoresearch.com.br\/n\/uploads\/2023\/12\/Caio-Megale-1278-Editar-scaled.jpg\" \/>\n\t<meta property=\"og:image:width\" content=\"2560\" \/>\n\t<meta property=\"og:image:height\" content=\"1707\" \/>\n\t<meta property=\"og:image:type\" content=\"image\/jpeg\" \/>\n<meta name=\"author\" content=\"Eduardo Vargas\" \/>\n<meta name=\"twitter:card\" content=\"summary_large_image\" \/>\n<meta name=\"twitter:creator\" content=\"@sunoresearch\" \/>\n<meta name=\"twitter:site\" content=\"@sunoresearch\" \/>\n<meta name=\"twitter:label1\" content=\"Escrito por\" \/>\n\t<meta name=\"twitter:data1\" content=\"Eduardo Vargas\" \/>\n\t<meta name=\"twitter:label2\" content=\"Est. tempo de leitura\" \/>\n\t<meta name=\"twitter:data2\" content=\"2 minutos\" \/>\n<script type=\"application\/ld+json\" class=\"yoast-schema-graph\">{\"@context\":\"https:\/\/schema.org\",\"@graph\":[{\"@type\":\"NewsArticle\",\"@id\":\"https:\/\/www.suno.com.br\/noticias\/dolar-novos-estresses-6-projecao-xp-evm\/#article\",\"isPartOf\":{\"@id\":\"https:\/\/www.suno.com.br\/noticias\/dolar-novos-estresses-6-projecao-xp-evm\/\"},\"author\":{\"name\":\"Eduardo Vargas\",\"@id\":\"https:\/\/www.suno.com.br\/noticias\/#\/schema\/person\/7f4d362bf3518e76090143ae77bb49a5\"},\"headline\":\"D\u00f3lar pode ter novos estresses, mas n\u00e3o achamos que vai a R$ 6, diz economista-chefe da XP\",\"datePublished\":\"2024-07-09T17:46:47+00:00\",\"dateModified\":\"2024-07-09T17:46:53+00:00\",\"mainEntityOfPage\":{\"@id\":\"https:\/\/www.suno.com.br\/noticias\/dolar-novos-estresses-6-projecao-xp-evm\/\"},\"wordCount\":406,\"publisher\":{\"@id\":\"https:\/\/www.suno.com.br\/noticias\/#organization\"},\"image\":{\"@id\":\"https:\/\/www.suno.com.br\/noticias\/dolar-novos-estresses-6-projecao-xp-evm\/#primaryimage\"},\"thumbnailUrl\":\"https:\/\/files.sunoresearch.com.br\/n\/uploads\/2023\/12\/Caio-Megale-1278-Editar-scaled.jpg\",\"keywords\":[\"c\u00e2mbio\",\"d\u00f3lar\",\"Especialistas\"],\"articleSection\":[\"Economia\"],\"inLanguage\":\"pt-BR\"},{\"@type\":\"WebPage\",\"@id\":\"https:\/\/www.suno.com.br\/noticias\/dolar-novos-estresses-6-projecao-xp-evm\/\",\"url\":\"https:\/\/www.suno.com.br\/noticias\/dolar-novos-estresses-6-projecao-xp-evm\/\",\"name\":\"'D\u00f3lar pode ter novos estresses, mas n\u00e3o achamos que vai a R$ 6'\",\"isPartOf\":{\"@id\":\"https:\/\/www.suno.com.br\/noticias\/#website\"},\"primaryImageOfPage\":{\"@id\":\"https:\/\/www.suno.com.br\/noticias\/dolar-novos-estresses-6-projecao-xp-evm\/#primaryimage\"},\"image\":{\"@id\":\"https:\/\/www.suno.com.br\/noticias\/dolar-novos-estresses-6-projecao-xp-evm\/#primaryimage\"},\"thumbnailUrl\":\"https:\/\/files.sunoresearch.com.br\/n\/uploads\/2023\/12\/Caio-Megale-1278-Editar-scaled.jpg\",\"datePublished\":\"2024-07-09T17:46:47+00:00\",\"dateModified\":\"2024-07-09T17:46:53+00:00\",\"description\":\"\\\"A nossa proje\u00e7\u00e3o do d\u00f3lar saiu de R$ 5 para R$ 5,40, o que tem muito a ver com a condu\u00e7\u00e3o do fiscal e do monet\u00e1rio\\\", diz economista da XP\",\"breadcrumb\":{\"@id\":\"https:\/\/www.suno.com.br\/noticias\/dolar-novos-estresses-6-projecao-xp-evm\/#breadcrumb\"},\"inLanguage\":\"pt-BR\",\"potentialAction\":[{\"@type\":\"ReadAction\",\"target\":[\"https:\/\/www.suno.com.br\/noticias\/dolar-novos-estresses-6-projecao-xp-evm\/\"]}]},{\"@type\":\"ImageObject\",\"inLanguage\":\"pt-BR\",\"@id\":\"https:\/\/www.suno.com.br\/noticias\/dolar-novos-estresses-6-projecao-xp-evm\/#primaryimage\",\"url\":\"https:\/\/files.sunoresearch.com.br\/n\/uploads\/2023\/12\/Caio-Megale-1278-Editar-scaled.jpg\",\"contentUrl\":\"https:\/\/files.sunoresearch.com.br\/n\/uploads\/2023\/12\/Caio-Megale-1278-Editar-scaled.jpg\",\"width\":2560,\"height\":1707,\"caption\":\"Caio Megale, economista-chefe da XP - Foto: Divulga\u00e7\u00e3o\/XP Inc.\"},{\"@type\":\"BreadcrumbList\",\"@id\":\"https:\/\/www.suno.com.br\/noticias\/dolar-novos-estresses-6-projecao-xp-evm\/#breadcrumb\",\"itemListElement\":[{\"@type\":\"ListItem\",\"position\":1,\"name\":\"Not\u00edcias\",\"item\":\"https:\/\/www.suno.com.br\/noticias\/\"},{\"@type\":\"ListItem\",\"position\":2,\"name\":\"Economia\",\"item\":\"https:\/\/www.suno.com.br\/noticias\/economia\/\"},{\"@type\":\"ListItem\",\"position\":3,\"name\":\"D\u00f3lar pode ter novos estresses, mas n\u00e3o achamos que vai a R$ 6, diz economista-chefe da XP\"}]},{\"@type\":\"WebSite\",\"@id\":\"https:\/\/www.suno.com.br\/noticias\/#website\",\"url\":\"https:\/\/www.suno.com.br\/noticias\/\",\"name\":\"Suno Not\u00edcias\",\"description\":\"Seu portal de informa\u00e7\u00e3o sobre o mundo dos investimentos\",\"publisher\":{\"@id\":\"https:\/\/www.suno.com.br\/noticias\/#organization\"},\"potentialAction\":[{\"@type\":\"SearchAction\",\"target\":{\"@type\":\"EntryPoint\",\"urlTemplate\":\"https:\/\/www.suno.com.br\/noticias\/?s={search_term_string}\"},\"query-input\":{\"@type\":\"PropertyValueSpecification\",\"valueRequired\":true,\"valueName\":\"search_term_string\"}}],\"inLanguage\":\"pt-BR\"},{\"@type\":\"Organization\",\"@id\":\"https:\/\/www.suno.com.br\/noticias\/#organization\",\"name\":\"Suno Not\u00edcias\",\"url\":\"https:\/\/www.suno.com.br\/noticias\/\",\"logo\":{\"@type\":\"ImageObject\",\"inLanguage\":\"pt-BR\",\"@id\":\"https:\/\/www.suno.com.br\/noticias\/#\/schema\/logo\/image\/\",\"url\":\"https:\/\/files.sunoresearch.com.br\/n\/uploads\/2021\/09\/suno-logo.png\",\"contentUrl\":\"https:\/\/files.sunoresearch.com.br\/n\/uploads\/2021\/09\/suno-logo.png\",\"width\":180,\"height\":180,\"caption\":\"Suno Not\u00edcias\"},\"image\":{\"@id\":\"https:\/\/www.suno.com.br\/noticias\/#\/schema\/logo\/image\/\"},\"sameAs\":[\"https:\/\/facebook.com\/sunoresearch\",\"https:\/\/x.com\/sunoresearch\",\"https:\/\/www.instagram.com\/suno\",\"https:\/\/www.linkedin.com\/company\/suno-research\/\",\"https:\/\/www.youtube.com\/c\/sunoresearch\"]},{\"@type\":\"Person\",\"@id\":\"https:\/\/www.suno.com.br\/noticias\/#\/schema\/person\/7f4d362bf3518e76090143ae77bb49a5\",\"name\":\"Eduardo Vargas\",\"image\":{\"@type\":\"ImageObject\",\"inLanguage\":\"pt-BR\",\"@id\":\"https:\/\/www.suno.com.br\/noticias\/#\/schema\/person\/image\/\",\"url\":\"https:\/\/secure.gravatar.com\/avatar\/dac340933427a22924c9f99d1eb2e3f2?s=96&r=g\",\"contentUrl\":\"https:\/\/secure.gravatar.com\/avatar\/dac340933427a22924c9f99d1eb2e3f2?s=96&r=g\",\"caption\":\"Eduardo Vargas\"},\"description\":\"Jornalista formado pela UFSC, cobre macroeconomia, neg\u00f3cios e startups para o Suno Not\u00edcias, escrevendo principalmente not\u00edcias sobre o mercado financeiro e a bolsa de valores. No YouTube e no Instagram, \u00e9 respons\u00e1vel pela produ\u00e7\u00e3o de Reels e Shorts do Suno Not\u00edcias. Anteriormente, trabalhou cobrindo economia e cotidiano no ND+ e para o ND, maior jornal impresso de Santa Catarina. Cursou um semestre letivo de Estudos de M\u00eddia na Universidad de Buenos Aires.\",\"url\":\"https:\/\/www.suno.com.br\/noticias\/author\/eduardo-vargas\/\"}]}<\/script>\n<!-- \/ Yoast SEO plugin. -->","yoast_head_json":{"title":"'D\u00f3lar pode ter novos estresses, mas n\u00e3o achamos que vai a R$ 6'","description":"\"A nossa proje\u00e7\u00e3o do d\u00f3lar saiu de R$ 5 para R$ 5,40, o que tem muito a ver com a condu\u00e7\u00e3o do fiscal e do monet\u00e1rio\", diz economista da XP","robots":{"index":"index","follow":"follow","max-snippet":"max-snippet:-1","max-image-preview":"max-image-preview:large","max-video-preview":"max-video-preview:-1"},"canonical":"https:\/\/www.suno.com.br\/noticias\/dolar-novos-estresses-6-projecao-xp-evm\/","og_locale":"pt_BR","og_type":"article","og_title":"'D\u00f3lar pode ter novos estresses, mas n\u00e3o achamos que vai a R$ 6'","og_description":"\"A nossa proje\u00e7\u00e3o do d\u00f3lar saiu de R$ 5 para R$ 5,40, o que tem muito a ver com a condu\u00e7\u00e3o do fiscal e do monet\u00e1rio\", diz economista da XP","og_url":"https:\/\/www.suno.com.br\/noticias\/dolar-novos-estresses-6-projecao-xp-evm\/","og_site_name":"Suno Not\u00edcias","article_publisher":"https:\/\/facebook.com\/sunoresearch","og_image":[{"width":2560,"height":1707,"url":"https:\/\/files.sunoresearch.com.br\/n\/uploads\/2023\/12\/Caio-Megale-1278-Editar-scaled.jpg","type":"image\/jpeg"}],"author":"Eduardo Vargas","twitter_card":"summary_large_image","twitter_creator":"@sunoresearch","twitter_site":"@sunoresearch","twitter_misc":{"Escrito por":"Eduardo Vargas","Est. tempo de leitura":"2 minutos"},"schema":{"@context":"https:\/\/schema.org","@graph":[{"@type":"NewsArticle","@id":"https:\/\/www.suno.com.br\/noticias\/dolar-novos-estresses-6-projecao-xp-evm\/#article","isPartOf":{"@id":"https:\/\/www.suno.com.br\/noticias\/dolar-novos-estresses-6-projecao-xp-evm\/"},"author":{"name":"Eduardo Vargas","@id":"https:\/\/www.suno.com.br\/noticias\/#\/schema\/person\/7f4d362bf3518e76090143ae77bb49a5"},"headline":"D\u00f3lar pode ter novos estresses, mas n\u00e3o achamos que vai a R$ 6, diz economista-chefe da XP","datePublished":"2024-07-09T17:46:47+00:00","dateModified":"2024-07-09T17:46:53+00:00","mainEntityOfPage":{"@id":"https:\/\/www.suno.com.br\/noticias\/dolar-novos-estresses-6-projecao-xp-evm\/"},"wordCount":406,"publisher":{"@id":"https:\/\/www.suno.com.br\/noticias\/#organization"},"image":{"@id":"https:\/\/www.suno.com.br\/noticias\/dolar-novos-estresses-6-projecao-xp-evm\/#primaryimage"},"thumbnailUrl":"https:\/\/files.sunoresearch.com.br\/n\/uploads\/2023\/12\/Caio-Megale-1278-Editar-scaled.jpg","keywords":["c\u00e2mbio","d\u00f3lar","Especialistas"],"articleSection":["Economia"],"inLanguage":"pt-BR"},{"@type":"WebPage","@id":"https:\/\/www.suno.com.br\/noticias\/dolar-novos-estresses-6-projecao-xp-evm\/","url":"https:\/\/www.suno.com.br\/noticias\/dolar-novos-estresses-6-projecao-xp-evm\/","name":"'D\u00f3lar pode ter novos estresses, mas n\u00e3o achamos que vai a R$ 6'","isPartOf":{"@id":"https:\/\/www.suno.com.br\/noticias\/#website"},"primaryImageOfPage":{"@id":"https:\/\/www.suno.com.br\/noticias\/dolar-novos-estresses-6-projecao-xp-evm\/#primaryimage"},"image":{"@id":"https:\/\/www.suno.com.br\/noticias\/dolar-novos-estresses-6-projecao-xp-evm\/#primaryimage"},"thumbnailUrl":"https:\/\/files.sunoresearch.com.br\/n\/uploads\/2023\/12\/Caio-Megale-1278-Editar-scaled.jpg","datePublished":"2024-07-09T17:46:47+00:00","dateModified":"2024-07-09T17:46:53+00:00","description":"\"A nossa proje\u00e7\u00e3o do d\u00f3lar saiu de R$ 5 para R$ 5,40, o que tem muito a ver com a condu\u00e7\u00e3o do fiscal e do monet\u00e1rio\", diz economista da XP","breadcrumb":{"@id":"https:\/\/www.suno.com.br\/noticias\/dolar-novos-estresses-6-projecao-xp-evm\/#breadcrumb"},"inLanguage":"pt-BR","potentialAction":[{"@type":"ReadAction","target":["https:\/\/www.suno.com.br\/noticias\/dolar-novos-estresses-6-projecao-xp-evm\/"]}]},{"@type":"ImageObject","inLanguage":"pt-BR","@id":"https:\/\/www.suno.com.br\/noticias\/dolar-novos-estresses-6-projecao-xp-evm\/#primaryimage","url":"https:\/\/files.sunoresearch.com.br\/n\/uploads\/2023\/12\/Caio-Megale-1278-Editar-scaled.jpg","contentUrl":"https:\/\/files.sunoresearch.com.br\/n\/uploads\/2023\/12\/Caio-Megale-1278-Editar-scaled.jpg","width":2560,"height":1707,"caption":"Caio Megale, economista-chefe da XP - Foto: Divulga\u00e7\u00e3o\/XP Inc."},{"@type":"BreadcrumbList","@id":"https:\/\/www.suno.com.br\/noticias\/dolar-novos-estresses-6-projecao-xp-evm\/#breadcrumb","itemListElement":[{"@type":"ListItem","position":1,"name":"Not\u00edcias","item":"https:\/\/www.suno.com.br\/noticias\/"},{"@type":"ListItem","position":2,"name":"Economia","item":"https:\/\/www.suno.com.br\/noticias\/economia\/"},{"@type":"ListItem","position":3,"name":"D\u00f3lar pode ter novos estresses, mas n\u00e3o achamos que vai a R$ 6, diz economista-chefe da XP"}]},{"@type":"WebSite","@id":"https:\/\/www.suno.com.br\/noticias\/#website","url":"https:\/\/www.suno.com.br\/noticias\/","name":"Suno Not\u00edcias","description":"Seu portal de informa\u00e7\u00e3o sobre o mundo dos investimentos","publisher":{"@id":"https:\/\/www.suno.com.br\/noticias\/#organization"},"potentialAction":[{"@type":"SearchAction","target":{"@type":"EntryPoint","urlTemplate":"https:\/\/www.suno.com.br\/noticias\/?s={search_term_string}"},"query-input":{"@type":"PropertyValueSpecification","valueRequired":true,"valueName":"search_term_string"}}],"inLanguage":"pt-BR"},{"@type":"Organization","@id":"https:\/\/www.suno.com.br\/noticias\/#organization","name":"Suno Not\u00edcias","url":"https:\/\/www.suno.com.br\/noticias\/","logo":{"@type":"ImageObject","inLanguage":"pt-BR","@id":"https:\/\/www.suno.com.br\/noticias\/#\/schema\/logo\/image\/","url":"https:\/\/files.sunoresearch.com.br\/n\/uploads\/2021\/09\/suno-logo.png","contentUrl":"https:\/\/files.sunoresearch.com.br\/n\/uploads\/2021\/09\/suno-logo.png","width":180,"height":180,"caption":"Suno Not\u00edcias"},"image":{"@id":"https:\/\/www.suno.com.br\/noticias\/#\/schema\/logo\/image\/"},"sameAs":["https:\/\/facebook.com\/sunoresearch","https:\/\/x.com\/sunoresearch","https:\/\/www.instagram.com\/suno","https:\/\/www.linkedin.com\/company\/suno-research\/","https:\/\/www.youtube.com\/c\/sunoresearch"]},{"@type":"Person","@id":"https:\/\/www.suno.com.br\/noticias\/#\/schema\/person\/7f4d362bf3518e76090143ae77bb49a5","name":"Eduardo Vargas","image":{"@type":"ImageObject","inLanguage":"pt-BR","@id":"https:\/\/www.suno.com.br\/noticias\/#\/schema\/person\/image\/","url":"https:\/\/secure.gravatar.com\/avatar\/dac340933427a22924c9f99d1eb2e3f2?s=96&r=g","contentUrl":"https:\/\/secure.gravatar.com\/avatar\/dac340933427a22924c9f99d1eb2e3f2?s=96&r=g","caption":"Eduardo Vargas"},"description":"Jornalista formado pela UFSC, cobre macroeconomia, neg\u00f3cios e startups para o Suno Not\u00edcias, escrevendo principalmente not\u00edcias sobre o mercado financeiro e a bolsa de valores. No YouTube e no Instagram, \u00e9 respons\u00e1vel pela produ\u00e7\u00e3o de Reels e Shorts do Suno Not\u00edcias. Anteriormente, trabalhou cobrindo economia e cotidiano no ND+ e para o ND, maior jornal impresso de Santa Catarina. Cursou um semestre letivo de Estudos de M\u00eddia na Universidad de Buenos Aires.","url":"https:\/\/www.suno.com.br\/noticias\/author\/eduardo-vargas\/"}]}},"default_loop_html":"<div class=\"cardsPage__listCard__boxs\"><div class=\"cardsPage__listCard__boxs__img\"><a href=\"https:\/\/www.suno.com.br\/noticias\/dolar-novos-estresses-6-projecao-xp-evm\/\"><img class=\"mask\" src=\"https:\/\/www.suno.com.br\/noticias\/wp-content\/themes\/suno\/resources\/images\/spotlight\/spotlight1img\/bg-mask.png\" alt=\"Image Mask\"\/><img src=\"https:\/\/files.sunoresearch.com.br\/n\/uploads\/2023\/12\/Caio-Megale-1278-Editar-400x200.jpg\" alt=\"D\u00f3lar pode ter novos estresses, mas n\u00e3o achamos que vai a R$ 6, diz economista-chefe da XP\"\/><\/a><span class=\"spotlightCategory\"><a href=\"https:\/\/www.suno.com.br\/noticias\/economia\/\">Economia<\/a><\/span><\/div><div class=\"cardsPage__listCard__boxs__content\"><a href=\"https:\/\/www.suno.com.br\/noticias\/dolar-novos-estresses-6-projecao-xp-evm\/\"><h2 class=\"content__title\">D\u00f3lar pode ter novos estresses, mas n\u00e3o achamos que vai a R$ 6, diz economista-chefe da XP<\/h2><\/a><div class=\"newsContent__article__meta\"><div class=\"newsContent__article__meta__authorBox\"><a href=\"https:\/\/www.suno.com.br\/noticias\/author\/eduardo-vargas\/\" class=\"authorBox__avatar noMobi\"><img src=\"https:\/\/secure.gravatar.com\/avatar\/dac340933427a22924c9f99d1eb2e3f2?s=96&#038;r=g\" alt=\"Eduardo Vargas\"><\/a><div class=\"authorBox__name\"><span>por\n\t\t\t<a href=\"https:\/\/www.suno.com.br\/noticias\/author\/eduardo-vargas\/\"><span itemprop=\"author\">Eduardo Vargas<\/span><\/a><\/span><time datetime=\"2024-07-09T14:46:47-03:00\" itemprop=\"datePublished\">09\/07\/2024 14:46<\/time><\/div><\/div><\/div><\/div><\/div>","single_layout":"posts","amp_enabled":true,"_links":{"self":[{"href":"https:\/\/www.suno.com.br\/noticias\/wp-json\/wp\/v2\/posts\/565688"}],"collection":[{"href":"https:\/\/www.suno.com.br\/noticias\/wp-json\/wp\/v2\/posts"}],"about":[{"href":"https:\/\/www.suno.com.br\/noticias\/wp-json\/wp\/v2\/types\/post"}],"author":[{"embeddable":true,"href":"https:\/\/www.suno.com.br\/noticias\/wp-json\/wp\/v2\/users\/73"}],"replies":[{"embeddable":true,"href":"https:\/\/www.suno.com.br\/noticias\/wp-json\/wp\/v2\/comments?post=565688"}],"version-history":[{"count":3,"href":"https:\/\/www.suno.com.br\/noticias\/wp-json\/wp\/v2\/posts\/565688\/revisions"}],"predecessor-version":[{"id":565697,"href":"https:\/\/www.suno.com.br\/noticias\/wp-json\/wp\/v2\/posts\/565688\/revisions\/565697"}],"wp:featuredmedia":[{"embeddable":true,"href":"https:\/\/www.suno.com.br\/noticias\/wp-json\/wp\/v2\/media\/494813"}],"wp:attachment":[{"href":"https:\/\/www.suno.com.br\/noticias\/wp-json\/wp\/v2\/media?parent=565688"}],"wp:term":[{"taxonomy":"category","embeddable":true,"href":"https:\/\/www.suno.com.br\/noticias\/wp-json\/wp\/v2\/categories?post=565688"},{"taxonomy":"post_tag","embeddable":true,"href":"https:\/\/www.suno.com.br\/noticias\/wp-json\/wp\/v2\/tags?post=565688"},{"taxonomy":"suno_strategy","embeddable":true,"href":"https:\/\/www.suno.com.br\/noticias\/wp-json\/wp\/v2\/suno_strategy?post=565688"}],"curies":[{"name":"wp","href":"https:\/\/api.w.org\/{rel}","templated":true}]}}