{"id":565489,"date":"2024-07-08T14:51:45","date_gmt":"2024-07-08T17:51:45","guid":{"rendered":"https:\/\/www.suno.com.br\/noticias\/?p=565489"},"modified":"2024-07-08T15:17:34","modified_gmt":"2024-07-08T18:17:34","slug":"gabriel-galipolo-presidente-banco-central-evm","status":"publish","type":"post","link":"https:\/\/www.suno.com.br\/noticias\/gabriel-galipolo-presidente-banco-central-evm\/","title":{"rendered":"Gabriel Gal\u00edpolo deve ser nomeado presidente do BC em agosto, diz coluna"},"content":{"rendered":"<p><a href=\"https:\/\/www.suno.com.br\/noticias\/copom-proxima-reuniao-guidance-galipolo-evm\/\">Gabriel <strong>Gal\u00edpolo<\/strong><\/a>, atual diretor de <a class=\"suno-keyword\" data-force=\"no\" data-priority=\"1\" href=\"https:\/\/www.suno.com.br\/artigos\/politica-monetaria\/\" target=\"_blank\" rel=\"noopener\">Pol\u00edtica Monet\u00e1ria<\/a> do Banco Central, deve ser o novo presidente da institui\u00e7\u00e3o. A informa\u00e7\u00e3o \u00e9 da coluna do Lauro Jardim, do jornal O Globo.<\/p><div class=\"videoFull \">\n\t\t\t<div class=\"videoWrapper yt-lazyload center\"\n\t\t\t\tdata-width=\"960\"\n\t\t\t\tdata-height=\"540\"\n\t\t\t\tdata-id=\"Bx2FGkbKS8Y\"\n\t\t\t\tdata-alt=\"V\u00eddeo do YouTube - clique para reproduzir\"\n\t\t\t\tdata-logo=\"3\"\n\t\t\t\tdata-imagequality=\"maxres\">\n\t\t\t<\/div>\n\t\t<\/div><script type=\"application\/ld+json\">{\"@context\":\"https:\/\/schema.org\",\"@type\":\"VideoObject\",\"name\":\"\ud83d\udd34FUS\u00c3O ENTRE AZUL (AZUL4) E GOL (GOLL4)? | Ibovespa est\u00e1vel | Maior plano Safra do BB (BBAS3)\",\"description\":\"#mercadofinanceiro #a\u00e7\u00f5es #investimentos #bolsadevalores #ibovespa #dinheiro #finan\u00e7as #pol\u00edtica #d\u00f3lar #livedas19h #petr4 #petr3 #petrobras #vale3 #vale #a\u00e7\u00f5es #economia #dividendos #min\u00e9riodeferro #min\u00e9rio #petr\u00f3leo #commodities #proventos #dividendos #jcp #statusinvest #statusalpha #sunoconsultoria #azul #azul4 #gol #goll4 \ud83d\udd34TENHA UM CONSULTOR PRA TE AJUDAR NOS SEUS INVESTIMENTOS: https:\/\/lp.suno.com.br\/ao\/consultoria-de-investimentos\/?&utm_source=suno-noticias&utm_medium=live&utm_campaign=seuconsultorresponde&utm_content=04072024 00:00 In\u00edcio do v\u00eddeo 02:10 Fechamento de preg\u00e3o 06:10 Fus\u00e3o de Azul e\u2026\",\"duration\":\"PT17M41S\",\"embedUrl\":\"https:\/\/www.youtube.com\/embed\/Bx2FGkbKS8Y\",\"regionsAllowed\":\"en-US\",\"interactionStatistic\":{\"@type\":\"InteractionCounter\",\"interactionType\":{\"@type\":\"WatchAction\"},\"userInteractionCount\":1678},\"thumbnailUrl\":\"https:\/\/i.ytimg.com\/vi\/Bx2FGkbKS8Y\/default.jpg\",\"uploadDate\":\"2024-07-05T22:25:37Z\"}<\/script>\n\n\n\n\n\t<p>\n\t\t<a href=\"\" target=\"_blank\" data-element=\"shortcode-suno-banner\" title=\"Banner SUNO, clique e saiba mais\">\n\t\t\t<picture>\n\t\t\t\t<source media=\"(max-width: 500px)\" srcset=\"\">\n\t\t\t\t<img class=\"newsContent__article__imgCapa newsContent__article__imgCapa--banner\"\n\t\t\t\t\tsrc=\"\"\n\t\t\t\t\tdata-promo-id=\"240038\"\t\t\t\t\t\t\t\t\t\t\t\t\t\t\talt=\"\"\n\t\t\t\t>\n\t\t\t<\/picture>\n\t\t<\/a>\n\t<\/p>\n\n\n\n\n\n\n\n<p>Segundo as informa\u00e7\u00f5es de bastidores, Gal\u00edpolo deve ser nomeado <strong>presidente do Banco Central<\/strong> j\u00e1 em agosto deste ano, fazendo uma &#8216;transi\u00e7\u00e3o suave&#8217;.<\/p>\n\n\n\n<p>Em ocasi\u00f5es anteriores, o atual <strong>presidente do BC<\/strong>, <strong>Campos Neto<\/strong>, j\u00e1 havia sinalizado que seu anseio seria por uma transi\u00e7\u00e3o nesse sentido, dado que seu mandato finda em dezembro deste ano.<\/p>\n\n\n\n<p>Segundo a Coluna, Haddad e Campos Neto decidiram que a nomea\u00e7\u00e3o deve ocorrer em agosto.<\/p>\n\n\n\n<p>A data seria estrat\u00e9gica pois se o an\u00fancio fosse feito com anteced\u00eancia demasiada o poder no <strong>Banco Central<\/strong> ficaria dividido muito antes do fim do mandato e, se fosse no fim do ano, dificultaria uma boa transi\u00e7\u00e3o entre os presidentes.<\/p>\n\n\n\n<p>Vale destacar que Lula (PT) criticou reiteradas vezes Campos Neto nos \u00faltimos meses, ora pela aproxima\u00e7\u00e3o de Tarc\u00edsio e o presidente da autoridade monet\u00e1ria, ora por conta do patamar atual da <a class=\"suno-keyword\" target=\"_blank\" data-force=\"no\" data-priority=\"3\" href=\"https:\/\/www.suno.com.br\/artigos\/taxa-selic\/\" rel=\"noopener\">Taxa Selic<\/a>.<\/p>\n\n\n\n<p>Todavia, o presidente da Rep\u00fablica fez elogios a Gal\u00edpolo, apesar de o diretor ter votado no mesmo sentido que Campos Neto em reuni\u00f5es recentes.<\/p>\n\n\n\t<p>\n\t\t<a href=\"https:\/\/lp.suno.com.br\/ebook-gratuito-investindo-no-exterior\/\" target=\"_blank\" data-element=\"shortcode-suno-banner\" title=\"Banner SUNO, clique e saiba mais\">\n\t\t\t<picture>\n\t\t\t\t<source media=\"(max-width: 500px)\" srcset=\"https:\/\/files.sunoresearch.com.br\/n\/uploads\/2023\/03\/400x300-Investindo-no-exterior.png\">\n\t\t\t\t<img class=\"newsContent__article__imgCapa newsContent__article__imgCapa--banner\"\n\t\t\t\t\tsrc=\"https:\/\/files.sunoresearch.com.br\/n\/uploads\/2023\/03\/1420x240-Investindo-no-exterior.png\"\n\t\t\t\t\tdata-promo-id=\"383161\"\t\t\t\t\t\t\t\t\t\twidth='1420' height='240'\t\t\t\t\talt=\"https:\/\/files.sunoresearch.com.br\/n\/uploads\/2023\/03\/1420x240-Investindo-no-exterior.png\"\n\t\t\t\t>\n\t\t\t<\/picture>\n\t\t<\/a>\n\t<\/p>\n\n\n\n\n\n<p>Em junho Lula chamou Gal\u00edpolo de &#8220;menino de ouro&#8221; e afirmou que quer indicar para a presid\u00eancia do BC um nome &#8220;combinado&#8221; com o Senado Federal.<\/p>\n\n\n\n<p>&#8220;Se tem um menino de ouro, \u00e9 o Gal\u00edpolo. Competent\u00edssimo, de uma honestidade \u00edmpar. Obviamente que ele tem todas as condi\u00e7\u00f5es, mas eu nunca conversei com ele&#8221;, disse Lula em entrevista \u00e0 r\u00e1dio Itatiai, em Minas Gerais.<\/p>\n\n\n\n<p>Ainda no final de junho, Gal\u00edpolo disse que as coisas &#8220;v\u00e3o voltar \u00e0 normalidade&#8221; quando Campos Neto deixar o cargo.<\/p>\n\n\n\n<p>&#8220;Estamos chegando no momento de trocar o presidente do Banco Central, acho que as coisas v\u00e3o voltar \u00e0 normalidade&#8221;, disse o presidente da rep\u00fablica em entrevista \u00e0 r\u00e1dio Mirante, do Maranh\u00e3o. &#8220;Porque o Brasil \u00e9 um pa\u00eds de muita confiabilidade&#8221;, justificou.<\/p>\n\n\n\n<h2 class=\"wp-block-heading\">Antes do BC, Gal\u00edpolo foi &#8216;n\u00famero 2&#8217; da Fazenda<\/h2>\n\n\n\n<p>Ventilado para a presid\u00eancia do BC, o economista foi Secret\u00e1rio-Executivo do <a class=\"suno-keyword\" target=\"_blank\" data-force=\"no\" data-priority=\"2\" href=\"https:\/\/www.suno.com.br\/artigos\/ministerio-da-fazenda\/\" rel=\"noopener\">Minist\u00e9rio da Fazenda<\/a>. Ele ocupou este cargo antes de ser nomeado para <strong>diretor do Banco Central<\/strong>, ficando neste posto de janeiro a junho de 2023.<\/p>\n\n\n\n<p><strong>Gal\u00edpolo<\/strong> tamb\u00e9m atuou como Presidente do <a class=\"suno-keyword\" target=\"_blank\" data-force=\"no\" data-priority=\"1\" href=\"https:\/\/www.suno.com.br\/artigos\/conselho-administracao\/\" rel=\"noopener\">Conselho de Administra\u00e7\u00e3o<\/a> do <a class=\"suno-keyword\" target=\"_blank\" data-force=\"yes\" data-priority=\"2\" href=\"https:\/\/www.suno.com.br\/acoes\/BBAS3\/\" rel=\"noopener\">Banco do Brasil (BBAS3)<\/a>, cargo que ocupou de maio a julho de 2023.<\/p>\n\n\n\t<p>\n\t\t<a href=\"https:\/\/lp.suno.com.br\/planilha-da-vida-financeira\/\" target=\"_blank\" data-element=\"shortcode-suno-banner\" title=\"Banner SUNO, clique e saiba mais\">\n\t\t\t<picture>\n\t\t\t\t<source media=\"(max-width: 500px)\" srcset=\"https:\/\/files.sunoresearch.com.br\/n\/uploads\/2023\/04\/400x300-Planilha-vida-financeira-true.png\">\n\t\t\t\t<img class=\"newsContent__article__imgCapa newsContent__article__imgCapa--banner\"\n\t\t\t\t\tsrc=\"https:\/\/files.sunoresearch.com.br\/n\/uploads\/2023\/04\/1420x240-Planilha-vida-financeira-true.png\"\n\t\t\t\t\tdata-promo-id=\"383123\"\t\t\t\t\t\t\t\t\t\twidth='1420' height='240'\t\t\t\t\talt=\"https:\/\/files.sunoresearch.com.br\/n\/uploads\/2023\/04\/1420x240-Planilha-vida-financeira-true.png\"\n\t\t\t\t>\n\t\t\t<\/picture>\n\t\t<\/a>\n\t<\/p>\n\n\n","protected":false},"excerpt":{"rendered":"<p>Gabriel Gal\u00edpolo, atual diretor de Pol\u00edtica Monet\u00e1ria do Banco Central, deve ser o novo presidente da institui\u00e7\u00e3o. A informa\u00e7\u00e3o \u00e9 da coluna do Lauro Jardim, do jornal O Globo. Segundo as informa\u00e7\u00f5es de bastidores, Gal\u00edpolo deve ser nomeado presidente do Banco Central j\u00e1 em agosto deste ano, fazendo uma &#8216;transi\u00e7\u00e3o suave&#8217;. Em ocasi\u00f5es anteriores, o [&hellip;]<\/p>\n","protected":false},"author":73,"featured_media":340539,"comment_status":"closed","ping_status":"closed","sticky":false,"template":"","format":"standard","meta":[],"categories":[62],"tags":[1842,1113],"suno_strategy":[],"class_list":["post-565489","post","type-post","status-publish","format-standard","has-post-thumbnail","hentry","category-economia","tag-banco-central-bc","tag-roberto-campos-neto"],"yoast_head":"<!-- This site is optimized with the Yoast SEO plugin v24.4 - https:\/\/yoast.com\/wordpress\/plugins\/seo\/ -->\n<title>Gabriel Gal\u00edpolo deve ser nomeado presidente do BC em agosto<\/title>\n<meta name=\"description\" content=\"Segundo informa\u00e7\u00f5es da Coluna do Lauro Jardim, Gal\u00edpolo deve ser nomeado j\u00e1 em agosto para &#039;transi\u00e7\u00e3o suave&#039; na presid\u00eancia do BC\" \/>\n<meta name=\"robots\" content=\"index, follow, max-snippet:-1, max-image-preview:large, max-video-preview:-1\" \/>\n<link rel=\"canonical\" href=\"https:\/\/www.suno.com.br\/noticias\/gabriel-galipolo-presidente-banco-central-evm\/\" \/>\n<meta property=\"og:locale\" content=\"pt_BR\" \/>\n<meta property=\"og:type\" content=\"article\" \/>\n<meta property=\"og:title\" content=\"Gabriel Gal\u00edpolo deve ser nomeado presidente do BC em agosto\" \/>\n<meta property=\"og:description\" content=\"Segundo informa\u00e7\u00f5es da Coluna do Lauro Jardim, Gal\u00edpolo deve ser nomeado j\u00e1 em agosto para &#039;transi\u00e7\u00e3o suave&#039; na presid\u00eancia do BC\" \/>\n<meta property=\"og:url\" content=\"https:\/\/www.suno.com.br\/noticias\/gabriel-galipolo-presidente-banco-central-evm\/\" \/>\n<meta property=\"og:site_name\" content=\"Suno Not\u00edcias\" \/>\n<meta property=\"article:publisher\" content=\"https:\/\/facebook.com\/sunoresearch\" \/>\n<meta property=\"og:image\" content=\"https:\/\/files.sunoresearch.com.br\/n\/uploads\/2023\/01\/Gabriel-Galipolo.jpg\" \/>\n\t<meta property=\"og:image:width\" content=\"1200\" \/>\n\t<meta property=\"og:image:height\" content=\"800\" \/>\n\t<meta property=\"og:image:type\" content=\"image\/jpeg\" \/>\n<meta name=\"author\" content=\"Eduardo Vargas\" \/>\n<meta name=\"twitter:card\" content=\"summary_large_image\" \/>\n<meta name=\"twitter:creator\" content=\"@sunoresearch\" \/>\n<meta name=\"twitter:site\" content=\"@sunoresearch\" \/>\n<meta name=\"twitter:label1\" content=\"Escrito por\" \/>\n\t<meta name=\"twitter:data1\" content=\"Eduardo Vargas\" \/>\n\t<meta name=\"twitter:label2\" content=\"Est. tempo de leitura\" \/>\n\t<meta name=\"twitter:data2\" content=\"3 minutos\" \/>\n<script type=\"application\/ld+json\" class=\"yoast-schema-graph\">{\"@context\":\"https:\/\/schema.org\",\"@graph\":[{\"@type\":\"NewsArticle\",\"@id\":\"https:\/\/www.suno.com.br\/noticias\/gabriel-galipolo-presidente-banco-central-evm\/#article\",\"isPartOf\":{\"@id\":\"https:\/\/www.suno.com.br\/noticias\/gabriel-galipolo-presidente-banco-central-evm\/\"},\"author\":{\"name\":\"Eduardo Vargas\",\"@id\":\"https:\/\/www.suno.com.br\/noticias\/#\/schema\/person\/7f4d362bf3518e76090143ae77bb49a5\"},\"headline\":\"Gabriel Gal\u00edpolo deve ser nomeado presidente do BC em agosto, diz coluna\",\"datePublished\":\"2024-07-08T17:51:45+00:00\",\"dateModified\":\"2024-07-08T18:17:34+00:00\",\"mainEntityOfPage\":{\"@id\":\"https:\/\/www.suno.com.br\/noticias\/gabriel-galipolo-presidente-banco-central-evm\/\"},\"wordCount\":440,\"publisher\":{\"@id\":\"https:\/\/www.suno.com.br\/noticias\/#organization\"},\"image\":{\"@id\":\"https:\/\/www.suno.com.br\/noticias\/gabriel-galipolo-presidente-banco-central-evm\/#primaryimage\"},\"thumbnailUrl\":\"https:\/\/files.sunoresearch.com.br\/n\/uploads\/2023\/01\/Gabriel-Galipolo.jpg\",\"keywords\":[\"Banco Central (BC)\",\"Roberto Campos Neto\"],\"articleSection\":[\"Economia\"],\"inLanguage\":\"pt-BR\"},{\"@type\":\"WebPage\",\"@id\":\"https:\/\/www.suno.com.br\/noticias\/gabriel-galipolo-presidente-banco-central-evm\/\",\"url\":\"https:\/\/www.suno.com.br\/noticias\/gabriel-galipolo-presidente-banco-central-evm\/\",\"name\":\"Gabriel Gal\u00edpolo deve ser nomeado presidente do BC em agosto\",\"isPartOf\":{\"@id\":\"https:\/\/www.suno.com.br\/noticias\/#website\"},\"primaryImageOfPage\":{\"@id\":\"https:\/\/www.suno.com.br\/noticias\/gabriel-galipolo-presidente-banco-central-evm\/#primaryimage\"},\"image\":{\"@id\":\"https:\/\/www.suno.com.br\/noticias\/gabriel-galipolo-presidente-banco-central-evm\/#primaryimage\"},\"thumbnailUrl\":\"https:\/\/files.sunoresearch.com.br\/n\/uploads\/2023\/01\/Gabriel-Galipolo.jpg\",\"datePublished\":\"2024-07-08T17:51:45+00:00\",\"dateModified\":\"2024-07-08T18:17:34+00:00\",\"description\":\"Segundo informa\u00e7\u00f5es da Coluna do Lauro Jardim, Gal\u00edpolo deve ser nomeado j\u00e1 em agosto para 'transi\u00e7\u00e3o suave' na presid\u00eancia do BC\",\"breadcrumb\":{\"@id\":\"https:\/\/www.suno.com.br\/noticias\/gabriel-galipolo-presidente-banco-central-evm\/#breadcrumb\"},\"inLanguage\":\"pt-BR\",\"potentialAction\":[{\"@type\":\"ReadAction\",\"target\":[\"https:\/\/www.suno.com.br\/noticias\/gabriel-galipolo-presidente-banco-central-evm\/\"]}]},{\"@type\":\"ImageObject\",\"inLanguage\":\"pt-BR\",\"@id\":\"https:\/\/www.suno.com.br\/noticias\/gabriel-galipolo-presidente-banco-central-evm\/#primaryimage\",\"url\":\"https:\/\/files.sunoresearch.com.br\/n\/uploads\/2023\/01\/Gabriel-Galipolo.jpg\",\"contentUrl\":\"https:\/\/files.sunoresearch.com.br\/n\/uploads\/2023\/01\/Gabriel-Galipolo.jpg\",\"width\":1200,\"height\":800,\"caption\":\"Gabriel Galipolo. Foto: Divulga\u00e7\u00e3o\"},{\"@type\":\"BreadcrumbList\",\"@id\":\"https:\/\/www.suno.com.br\/noticias\/gabriel-galipolo-presidente-banco-central-evm\/#breadcrumb\",\"itemListElement\":[{\"@type\":\"ListItem\",\"position\":1,\"name\":\"Not\u00edcias\",\"item\":\"https:\/\/www.suno.com.br\/noticias\/\"},{\"@type\":\"ListItem\",\"position\":2,\"name\":\"Economia\",\"item\":\"https:\/\/www.suno.com.br\/noticias\/economia\/\"},{\"@type\":\"ListItem\",\"position\":3,\"name\":\"Gabriel Gal\u00edpolo deve ser nomeado presidente do BC em agosto, diz coluna\"}]},{\"@type\":\"WebSite\",\"@id\":\"https:\/\/www.suno.com.br\/noticias\/#website\",\"url\":\"https:\/\/www.suno.com.br\/noticias\/\",\"name\":\"Suno Not\u00edcias\",\"description\":\"Seu portal de informa\u00e7\u00e3o sobre o mundo dos investimentos\",\"publisher\":{\"@id\":\"https:\/\/www.suno.com.br\/noticias\/#organization\"},\"potentialAction\":[{\"@type\":\"SearchAction\",\"target\":{\"@type\":\"EntryPoint\",\"urlTemplate\":\"https:\/\/www.suno.com.br\/noticias\/?s={search_term_string}\"},\"query-input\":{\"@type\":\"PropertyValueSpecification\",\"valueRequired\":true,\"valueName\":\"search_term_string\"}}],\"inLanguage\":\"pt-BR\"},{\"@type\":\"Organization\",\"@id\":\"https:\/\/www.suno.com.br\/noticias\/#organization\",\"name\":\"Suno Not\u00edcias\",\"url\":\"https:\/\/www.suno.com.br\/noticias\/\",\"logo\":{\"@type\":\"ImageObject\",\"inLanguage\":\"pt-BR\",\"@id\":\"https:\/\/www.suno.com.br\/noticias\/#\/schema\/logo\/image\/\",\"url\":\"https:\/\/files.sunoresearch.com.br\/n\/uploads\/2021\/09\/suno-logo.png\",\"contentUrl\":\"https:\/\/files.sunoresearch.com.br\/n\/uploads\/2021\/09\/suno-logo.png\",\"width\":180,\"height\":180,\"caption\":\"Suno Not\u00edcias\"},\"image\":{\"@id\":\"https:\/\/www.suno.com.br\/noticias\/#\/schema\/logo\/image\/\"},\"sameAs\":[\"https:\/\/facebook.com\/sunoresearch\",\"https:\/\/x.com\/sunoresearch\",\"https:\/\/www.instagram.com\/suno\",\"https:\/\/www.linkedin.com\/company\/suno-research\/\",\"https:\/\/www.youtube.com\/c\/sunoresearch\"]},{\"@type\":\"Person\",\"@id\":\"https:\/\/www.suno.com.br\/noticias\/#\/schema\/person\/7f4d362bf3518e76090143ae77bb49a5\",\"name\":\"Eduardo Vargas\",\"image\":{\"@type\":\"ImageObject\",\"inLanguage\":\"pt-BR\",\"@id\":\"https:\/\/www.suno.com.br\/noticias\/#\/schema\/person\/image\/\",\"url\":\"https:\/\/secure.gravatar.com\/avatar\/dac340933427a22924c9f99d1eb2e3f2?s=96&r=g\",\"contentUrl\":\"https:\/\/secure.gravatar.com\/avatar\/dac340933427a22924c9f99d1eb2e3f2?s=96&r=g\",\"caption\":\"Eduardo Vargas\"},\"description\":\"Jornalista formado pela UFSC, cobre macroeconomia, neg\u00f3cios e startups para o Suno Not\u00edcias, escrevendo principalmente not\u00edcias sobre o mercado financeiro e a bolsa de valores. No YouTube e no Instagram, \u00e9 respons\u00e1vel pela produ\u00e7\u00e3o de Reels e Shorts do Suno Not\u00edcias. Anteriormente, trabalhou cobrindo economia e cotidiano no ND+ e para o ND, maior jornal impresso de Santa Catarina. Cursou um semestre letivo de Estudos de M\u00eddia na Universidad de Buenos Aires.\",\"url\":\"https:\/\/www.suno.com.br\/noticias\/author\/eduardo-vargas\/\"}]}<\/script>\n<!-- \/ Yoast SEO plugin. -->","yoast_head_json":{"title":"Gabriel Gal\u00edpolo deve ser nomeado presidente do BC em agosto","description":"Segundo informa\u00e7\u00f5es da Coluna do Lauro Jardim, Gal\u00edpolo deve ser nomeado j\u00e1 em agosto para 'transi\u00e7\u00e3o suave' na presid\u00eancia do BC","robots":{"index":"index","follow":"follow","max-snippet":"max-snippet:-1","max-image-preview":"max-image-preview:large","max-video-preview":"max-video-preview:-1"},"canonical":"https:\/\/www.suno.com.br\/noticias\/gabriel-galipolo-presidente-banco-central-evm\/","og_locale":"pt_BR","og_type":"article","og_title":"Gabriel Gal\u00edpolo deve ser nomeado presidente do BC em agosto","og_description":"Segundo informa\u00e7\u00f5es da Coluna do Lauro Jardim, Gal\u00edpolo deve ser nomeado j\u00e1 em agosto para 'transi\u00e7\u00e3o suave' na presid\u00eancia do BC","og_url":"https:\/\/www.suno.com.br\/noticias\/gabriel-galipolo-presidente-banco-central-evm\/","og_site_name":"Suno Not\u00edcias","article_publisher":"https:\/\/facebook.com\/sunoresearch","og_image":[{"width":1200,"height":800,"url":"https:\/\/files.sunoresearch.com.br\/n\/uploads\/2023\/01\/Gabriel-Galipolo.jpg","type":"image\/jpeg"}],"author":"Eduardo Vargas","twitter_card":"summary_large_image","twitter_creator":"@sunoresearch","twitter_site":"@sunoresearch","twitter_misc":{"Escrito por":"Eduardo Vargas","Est. tempo de leitura":"3 minutos"},"schema":{"@context":"https:\/\/schema.org","@graph":[{"@type":"NewsArticle","@id":"https:\/\/www.suno.com.br\/noticias\/gabriel-galipolo-presidente-banco-central-evm\/#article","isPartOf":{"@id":"https:\/\/www.suno.com.br\/noticias\/gabriel-galipolo-presidente-banco-central-evm\/"},"author":{"name":"Eduardo Vargas","@id":"https:\/\/www.suno.com.br\/noticias\/#\/schema\/person\/7f4d362bf3518e76090143ae77bb49a5"},"headline":"Gabriel Gal\u00edpolo deve ser nomeado presidente do BC em agosto, diz coluna","datePublished":"2024-07-08T17:51:45+00:00","dateModified":"2024-07-08T18:17:34+00:00","mainEntityOfPage":{"@id":"https:\/\/www.suno.com.br\/noticias\/gabriel-galipolo-presidente-banco-central-evm\/"},"wordCount":440,"publisher":{"@id":"https:\/\/www.suno.com.br\/noticias\/#organization"},"image":{"@id":"https:\/\/www.suno.com.br\/noticias\/gabriel-galipolo-presidente-banco-central-evm\/#primaryimage"},"thumbnailUrl":"https:\/\/files.sunoresearch.com.br\/n\/uploads\/2023\/01\/Gabriel-Galipolo.jpg","keywords":["Banco Central (BC)","Roberto Campos Neto"],"articleSection":["Economia"],"inLanguage":"pt-BR"},{"@type":"WebPage","@id":"https:\/\/www.suno.com.br\/noticias\/gabriel-galipolo-presidente-banco-central-evm\/","url":"https:\/\/www.suno.com.br\/noticias\/gabriel-galipolo-presidente-banco-central-evm\/","name":"Gabriel Gal\u00edpolo deve ser nomeado presidente do BC em agosto","isPartOf":{"@id":"https:\/\/www.suno.com.br\/noticias\/#website"},"primaryImageOfPage":{"@id":"https:\/\/www.suno.com.br\/noticias\/gabriel-galipolo-presidente-banco-central-evm\/#primaryimage"},"image":{"@id":"https:\/\/www.suno.com.br\/noticias\/gabriel-galipolo-presidente-banco-central-evm\/#primaryimage"},"thumbnailUrl":"https:\/\/files.sunoresearch.com.br\/n\/uploads\/2023\/01\/Gabriel-Galipolo.jpg","datePublished":"2024-07-08T17:51:45+00:00","dateModified":"2024-07-08T18:17:34+00:00","description":"Segundo informa\u00e7\u00f5es da Coluna do Lauro Jardim, Gal\u00edpolo deve ser nomeado j\u00e1 em agosto para 'transi\u00e7\u00e3o suave' na presid\u00eancia do BC","breadcrumb":{"@id":"https:\/\/www.suno.com.br\/noticias\/gabriel-galipolo-presidente-banco-central-evm\/#breadcrumb"},"inLanguage":"pt-BR","potentialAction":[{"@type":"ReadAction","target":["https:\/\/www.suno.com.br\/noticias\/gabriel-galipolo-presidente-banco-central-evm\/"]}]},{"@type":"ImageObject","inLanguage":"pt-BR","@id":"https:\/\/www.suno.com.br\/noticias\/gabriel-galipolo-presidente-banco-central-evm\/#primaryimage","url":"https:\/\/files.sunoresearch.com.br\/n\/uploads\/2023\/01\/Gabriel-Galipolo.jpg","contentUrl":"https:\/\/files.sunoresearch.com.br\/n\/uploads\/2023\/01\/Gabriel-Galipolo.jpg","width":1200,"height":800,"caption":"Gabriel Galipolo. Foto: Divulga\u00e7\u00e3o"},{"@type":"BreadcrumbList","@id":"https:\/\/www.suno.com.br\/noticias\/gabriel-galipolo-presidente-banco-central-evm\/#breadcrumb","itemListElement":[{"@type":"ListItem","position":1,"name":"Not\u00edcias","item":"https:\/\/www.suno.com.br\/noticias\/"},{"@type":"ListItem","position":2,"name":"Economia","item":"https:\/\/www.suno.com.br\/noticias\/economia\/"},{"@type":"ListItem","position":3,"name":"Gabriel Gal\u00edpolo deve ser nomeado presidente do BC em agosto, diz coluna"}]},{"@type":"WebSite","@id":"https:\/\/www.suno.com.br\/noticias\/#website","url":"https:\/\/www.suno.com.br\/noticias\/","name":"Suno Not\u00edcias","description":"Seu portal de informa\u00e7\u00e3o sobre o mundo dos investimentos","publisher":{"@id":"https:\/\/www.suno.com.br\/noticias\/#organization"},"potentialAction":[{"@type":"SearchAction","target":{"@type":"EntryPoint","urlTemplate":"https:\/\/www.suno.com.br\/noticias\/?s={search_term_string}"},"query-input":{"@type":"PropertyValueSpecification","valueRequired":true,"valueName":"search_term_string"}}],"inLanguage":"pt-BR"},{"@type":"Organization","@id":"https:\/\/www.suno.com.br\/noticias\/#organization","name":"Suno Not\u00edcias","url":"https:\/\/www.suno.com.br\/noticias\/","logo":{"@type":"ImageObject","inLanguage":"pt-BR","@id":"https:\/\/www.suno.com.br\/noticias\/#\/schema\/logo\/image\/","url":"https:\/\/files.sunoresearch.com.br\/n\/uploads\/2021\/09\/suno-logo.png","contentUrl":"https:\/\/files.sunoresearch.com.br\/n\/uploads\/2021\/09\/suno-logo.png","width":180,"height":180,"caption":"Suno Not\u00edcias"},"image":{"@id":"https:\/\/www.suno.com.br\/noticias\/#\/schema\/logo\/image\/"},"sameAs":["https:\/\/facebook.com\/sunoresearch","https:\/\/x.com\/sunoresearch","https:\/\/www.instagram.com\/suno","https:\/\/www.linkedin.com\/company\/suno-research\/","https:\/\/www.youtube.com\/c\/sunoresearch"]},{"@type":"Person","@id":"https:\/\/www.suno.com.br\/noticias\/#\/schema\/person\/7f4d362bf3518e76090143ae77bb49a5","name":"Eduardo Vargas","image":{"@type":"ImageObject","inLanguage":"pt-BR","@id":"https:\/\/www.suno.com.br\/noticias\/#\/schema\/person\/image\/","url":"https:\/\/secure.gravatar.com\/avatar\/dac340933427a22924c9f99d1eb2e3f2?s=96&r=g","contentUrl":"https:\/\/secure.gravatar.com\/avatar\/dac340933427a22924c9f99d1eb2e3f2?s=96&r=g","caption":"Eduardo Vargas"},"description":"Jornalista formado pela UFSC, cobre macroeconomia, neg\u00f3cios e startups para o Suno Not\u00edcias, escrevendo principalmente not\u00edcias sobre o mercado financeiro e a bolsa de valores. No YouTube e no Instagram, \u00e9 respons\u00e1vel pela produ\u00e7\u00e3o de Reels e Shorts do Suno Not\u00edcias. Anteriormente, trabalhou cobrindo economia e cotidiano no ND+ e para o ND, maior jornal impresso de Santa Catarina. Cursou um semestre letivo de Estudos de M\u00eddia na Universidad de Buenos Aires.","url":"https:\/\/www.suno.com.br\/noticias\/author\/eduardo-vargas\/"}]}},"default_loop_html":"<div class=\"cardsPage__listCard__boxs\"><div class=\"cardsPage__listCard__boxs__img\"><a href=\"https:\/\/www.suno.com.br\/noticias\/gabriel-galipolo-presidente-banco-central-evm\/\"><img class=\"mask\" src=\"https:\/\/www.suno.com.br\/noticias\/wp-content\/themes\/suno\/resources\/images\/spotlight\/spotlight1img\/bg-mask.png\" alt=\"Image Mask\"\/><img src=\"https:\/\/files.sunoresearch.com.br\/n\/uploads\/2023\/01\/Gabriel-Galipolo-400x200.jpg\" alt=\"Gabriel Gal\u00edpolo deve ser nomeado presidente do BC em agosto, diz coluna\"\/><\/a><span class=\"spotlightCategory\"><a href=\"https:\/\/www.suno.com.br\/noticias\/economia\/\">Economia<\/a><\/span><\/div><div class=\"cardsPage__listCard__boxs__content\"><a href=\"https:\/\/www.suno.com.br\/noticias\/gabriel-galipolo-presidente-banco-central-evm\/\"><h2 class=\"content__title\">Gabriel Gal\u00edpolo deve ser nomeado presidente do BC em agosto, diz coluna<\/h2><\/a><div class=\"newsContent__article__meta\"><div class=\"newsContent__article__meta__authorBox\"><a href=\"https:\/\/www.suno.com.br\/noticias\/author\/eduardo-vargas\/\" class=\"authorBox__avatar noMobi\"><img src=\"https:\/\/secure.gravatar.com\/avatar\/dac340933427a22924c9f99d1eb2e3f2?s=96&#038;r=g\" alt=\"Eduardo Vargas\"><\/a><div class=\"authorBox__name\"><span>por\n\t\t\t<a href=\"https:\/\/www.suno.com.br\/noticias\/author\/eduardo-vargas\/\"><span itemprop=\"author\">Eduardo Vargas<\/span><\/a><\/span><time datetime=\"2024-07-08T14:51:45-03:00\" itemprop=\"datePublished\">08\/07\/2024 14:51<\/time><\/div><\/div><\/div><\/div><\/div>","single_layout":"posts","amp_enabled":true,"_links":{"self":[{"href":"https:\/\/www.suno.com.br\/noticias\/wp-json\/wp\/v2\/posts\/565489"}],"collection":[{"href":"https:\/\/www.suno.com.br\/noticias\/wp-json\/wp\/v2\/posts"}],"about":[{"href":"https:\/\/www.suno.com.br\/noticias\/wp-json\/wp\/v2\/types\/post"}],"author":[{"embeddable":true,"href":"https:\/\/www.suno.com.br\/noticias\/wp-json\/wp\/v2\/users\/73"}],"replies":[{"embeddable":true,"href":"https:\/\/www.suno.com.br\/noticias\/wp-json\/wp\/v2\/comments?post=565489"}],"version-history":[{"count":3,"href":"https:\/\/www.suno.com.br\/noticias\/wp-json\/wp\/v2\/posts\/565489\/revisions"}],"predecessor-version":[{"id":565538,"href":"https:\/\/www.suno.com.br\/noticias\/wp-json\/wp\/v2\/posts\/565489\/revisions\/565538"}],"wp:featuredmedia":[{"embeddable":true,"href":"https:\/\/www.suno.com.br\/noticias\/wp-json\/wp\/v2\/media\/340539"}],"wp:attachment":[{"href":"https:\/\/www.suno.com.br\/noticias\/wp-json\/wp\/v2\/media?parent=565489"}],"wp:term":[{"taxonomy":"category","embeddable":true,"href":"https:\/\/www.suno.com.br\/noticias\/wp-json\/wp\/v2\/categories?post=565489"},{"taxonomy":"post_tag","embeddable":true,"href":"https:\/\/www.suno.com.br\/noticias\/wp-json\/wp\/v2\/tags?post=565489"},{"taxonomy":"suno_strategy","embeddable":true,"href":"https:\/\/www.suno.com.br\/noticias\/wp-json\/wp\/v2\/suno_strategy?post=565489"}],"curies":[{"name":"wp","href":"https:\/\/api.w.org\/{rel}","templated":true}]}}