{"id":565484,"date":"2024-07-08T12:19:30","date_gmt":"2024-07-08T15:19:30","guid":{"rendered":"https:\/\/www.suno.com.br\/noticias\/?p=565484"},"modified":"2024-07-08T12:19:35","modified_gmt":"2024-07-08T15:19:35","slug":"bancos-selic-primeiro-copom-2025-evm","status":"publish","type":"post","link":"https:\/\/www.suno.com.br\/noticias\/bancos-selic-primeiro-copom-2025-evm\/","title":{"rendered":"Bancos esperam Selic em 10,5% at\u00e9 primeiro Copom de 2025, diz Febraban"},"content":{"rendered":"<p>As equipes de an\u00e1lise econ\u00f4mica dos bancos acreditam que a <a class=\"suno-keyword\" data-force=\"no\" data-priority=\"1\" href=\"https:\/\/www.suno.com.br\/artigos\/taxa-de-juros\/\" target=\"_blank\" rel=\"noopener\">taxa b\u00e1sica de juros<\/a>, a <strong><a href=\"https:\/\/www.suno.com.br\/noticias\/selic-dolar-estaveis-ipca-pib-alta-boletim-focus-08072024-ec-gss\/\">Selic<\/a><\/strong>, vai permanecer no n\u00edvel atual, de 10,5%, at\u00e9 a primeira reuni\u00e3o de <a class=\"suno-keyword\" data-force=\"no\" data-priority=\"1\" href=\"https:\/\/www.suno.com.br\/artigos\/politica-monetaria\/\" target=\"_blank\" rel=\"noopener\">pol\u00edtica monet\u00e1ria<\/a> de 2025, marcada para os dias 28 e 29 de janeiro.<\/p><div class=\"videoFull \">\n\t\t\t<div class=\"videoWrapper yt-lazyload center\"\n\t\t\t\tdata-width=\"960\"\n\t\t\t\tdata-height=\"540\"\n\t\t\t\tdata-id=\"Bx2FGkbKS8Y\"\n\t\t\t\tdata-alt=\"V\u00eddeo do YouTube - clique para reproduzir\"\n\t\t\t\tdata-logo=\"3\"\n\t\t\t\tdata-imagequality=\"maxres\">\n\t\t\t<\/div>\n\t\t<\/div><script type=\"application\/ld+json\">{\"@context\":\"https:\/\/schema.org\",\"@type\":\"VideoObject\",\"name\":\"\ud83d\udd34FUS\u00c3O ENTRE AZUL (AZUL4) E GOL (GOLL4)? | Ibovespa est\u00e1vel | Maior plano Safra do BB (BBAS3)\",\"description\":\"#mercadofinanceiro #a\u00e7\u00f5es #investimentos #bolsadevalores #ibovespa #dinheiro #finan\u00e7as #pol\u00edtica #d\u00f3lar #livedas19h #petr4 #petr3 #petrobras #vale3 #vale #a\u00e7\u00f5es #economia #dividendos #min\u00e9riodeferro #min\u00e9rio #petr\u00f3leo #commodities #proventos #dividendos #jcp #statusinvest #statusalpha #sunoconsultoria #azul #azul4 #gol #goll4 \ud83d\udd34TENHA UM CONSULTOR PRA TE AJUDAR NOS SEUS INVESTIMENTOS: https:\/\/lp.suno.com.br\/ao\/consultoria-de-investimentos\/?&utm_source=suno-noticias&utm_medium=live&utm_campaign=seuconsultorresponde&utm_content=04072024 00:00 In\u00edcio do v\u00eddeo 02:10 Fechamento de preg\u00e3o 06:10 Fus\u00e3o de Azul e\u2026\",\"duration\":\"PT17M41S\",\"embedUrl\":\"https:\/\/www.youtube.com\/embed\/Bx2FGkbKS8Y\",\"regionsAllowed\":\"en-US\",\"interactionStatistic\":{\"@type\":\"InteractionCounter\",\"interactionType\":{\"@type\":\"WatchAction\"},\"userInteractionCount\":1678},\"thumbnailUrl\":\"https:\/\/i.ytimg.com\/vi\/Bx2FGkbKS8Y\/default.jpg\",\"uploadDate\":\"2024-07-05T22:25:37Z\"}<\/script>\n\n\n\n\n\t<p>\n\t\t<a href=\"\" target=\"_blank\" data-element=\"shortcode-suno-banner\" title=\"Banner SUNO, clique e saiba mais\">\n\t\t\t<picture>\n\t\t\t\t<source media=\"(max-width: 500px)\" srcset=\"\">\n\t\t\t\t<img class=\"newsContent__article__imgCapa newsContent__article__imgCapa--banner\"\n\t\t\t\t\tsrc=\"\"\n\t\t\t\t\tdata-promo-id=\"240038\"\t\t\t\t\t\t\t\t\t\t\t\t\t\t\talt=\"\"\n\t\t\t\t>\n\t\t\t<\/picture>\n\t\t<\/a>\n\t<\/p>\n\n\n\n\n\n\n\n<p>\u00c9 o que mostra pesquisa de Economia Banc\u00e1ria e Expectativas da <a href=\"https:\/\/www.suno.com.br\/noticias\/bolsas-asiaticas-baixa-inflacao-europa-sobe-eleicao-franca-ec-gss\/\">Federa\u00e7\u00e3o Brasileira de Bancos (Febraban)<\/a>, realizada a cada 45 dias, sempre ap\u00f3s a divulga\u00e7\u00e3o da ata da \u00faltima reuni\u00e3o de pol\u00edtica monet\u00e1ria do Copom &#8211; referente \u00e0 reuni\u00e3o em que o comit\u00ea optou pela manuten\u00e7\u00e3o da Selic.<\/p>\n\n\n\n<p>A maioria dos participantes (85%) entendeu que <a href=\"https:\/\/www.suno.com.br\/noticias\/selic-ata-copom-itau-fim-ciclo-cortes-gss\/\">a decis\u00e3o do <strong>Copom<\/strong> de parar de cortar os juros<\/a> foi adequada, mostra a pesquisa, realizada com 20 bancos.<\/p>\n\n\n\t<p>\n\t\t<a href=\"https:\/\/lp.suno.com.br\/ebook-gratuito-investindo-no-exterior\/\" target=\"_blank\" data-element=\"shortcode-suno-banner\" title=\"Banner SUNO, clique e saiba mais\">\n\t\t\t<picture>\n\t\t\t\t<source media=\"(max-width: 500px)\" srcset=\"https:\/\/files.sunoresearch.com.br\/n\/uploads\/2023\/03\/400x300-Investindo-no-exterior.png\">\n\t\t\t\t<img class=\"newsContent__article__imgCapa newsContent__article__imgCapa--banner\"\n\t\t\t\t\tsrc=\"https:\/\/files.sunoresearch.com.br\/n\/uploads\/2023\/03\/1420x240-Investindo-no-exterior.png\"\n\t\t\t\t\tdata-promo-id=\"383161\"\t\t\t\t\t\t\t\t\t\twidth='1420' height='240'\t\t\t\t\talt=\"https:\/\/files.sunoresearch.com.br\/n\/uploads\/2023\/03\/1420x240-Investindo-no-exterior.png\"\n\t\t\t\t>\n\t\t\t<\/picture>\n\t\t<\/a>\n\t<\/p>\n\n\n\n\n\n<h2 class=\"wp-block-heading\">Al\u00e9m da Selic, bancos entendem proje\u00e7\u00e3o de IPCA como &#8216;bem calibradas&#8217;<\/h2>\n\n\n\n<p>Com rela\u00e7\u00e3o \u00e0 infla\u00e7\u00e3o, a maior parte dos entrevistados (75%) entende que as atuais proje\u00e7\u00f5es para o <a href=\"https:\/\/www.suno.com.br\/noticias\/selic-estavel-boletim-focus-01072024-ec-gss\/\"><strong>IPCA<\/strong> deste ano<\/a>, em torno de 4%, est\u00e3o &#8220;bem calibradas&#8221;.<\/p>\n\n\n\n<p>No c\u00e2mbio, a perspectiva \u00e9 de piora do real, com o d\u00f3lar devendo permanecer acima de R$ 5,20 at\u00e9 o final de 2024. Em maio, na pesquisa anterior, as proje\u00e7\u00f5es m\u00e1ximas eram de d\u00f3lar a R$ 5,00.<\/p>\n\n\n\n<p>Para o desempenho do <a class=\"suno-keyword\" target=\"_blank\" data-force=\"no\" data-priority=\"2\" href=\"https:\/\/www.suno.com.br\/artigos\/pib-produto-interno-bruto\/\" rel=\"noopener\">Produto Interno Bruto (PIB)<\/a>, a pesquisa mostra uma diferen\u00e7a em rela\u00e7\u00e3o \u00e0 vis\u00e3o do Banco Central, que reavaliou que o hiato do produto est\u00e1 atualmente neutro. <\/p>\n\n\n\n<p>Para 63,2% dos entrevistados na Febraban, o hiato do produto j\u00e1 est\u00e1 positivo, o que significa que o pa\u00eds estaria crescendo acima de sua capacidade.<\/p>\n\n\n\n<p>Nos Estados Unidos, a expectativa de 60% dos entrevistados est\u00e1 em linha com a indica\u00e7\u00e3o do Federal Reserve, de apenas um corte de 0,25 ponto porcentual at\u00e9 o fim do ano.<\/p>\n\n\n\n<p>Com Estad\u00e3o Conte\u00fado<\/p>\n\n\n\t<p>\n\t\t<a href=\"https:\/\/lp.suno.com.br\/planilha-da-vida-financeira\/\" target=\"_blank\" data-element=\"shortcode-suno-banner\" title=\"Banner SUNO, clique e saiba mais\">\n\t\t\t<picture>\n\t\t\t\t<source media=\"(max-width: 500px)\" srcset=\"https:\/\/files.sunoresearch.com.br\/n\/uploads\/2023\/04\/400x300-Planilha-vida-financeira-true.png\">\n\t\t\t\t<img class=\"newsContent__article__imgCapa newsContent__article__imgCapa--banner\"\n\t\t\t\t\tsrc=\"https:\/\/files.sunoresearch.com.br\/n\/uploads\/2023\/04\/1420x240-Planilha-vida-financeira-true.png\"\n\t\t\t\t\tdata-promo-id=\"383123\"\t\t\t\t\t\t\t\t\t\twidth='1420' height='240'\t\t\t\t\talt=\"https:\/\/files.sunoresearch.com.br\/n\/uploads\/2023\/04\/1420x240-Planilha-vida-financeira-true.png\"\n\t\t\t\t>\n\t\t\t<\/picture>\n\t\t<\/a>\n\t<\/p>\n\n\n","protected":false},"excerpt":{"rendered":"<p>As equipes de an\u00e1lise econ\u00f4mica dos bancos acreditam que a taxa b\u00e1sica de juros, a Selic, vai permanecer no n\u00edvel atual, de 10,5%, at\u00e9 a primeira reuni\u00e3o de pol\u00edtica monet\u00e1ria de 2025, marcada para os dias 28 e 29 de janeiro. \u00c9 o que mostra pesquisa de Economia Banc\u00e1ria e Expectativas da Federa\u00e7\u00e3o Brasileira de [&hellip;]<\/p>\n","protected":false},"author":73,"featured_media":558754,"comment_status":"closed","ping_status":"closed","sticky":false,"template":"","format":"standard","meta":[],"categories":[62],"tags":[106444,1752,290],"suno_strategy":[],"class_list":["post-565484","post","type-post","status-publish","format-standard","has-post-thumbnail","hentry","category-economia","tag-agencias","tag-taxa-de-juros","tag-taxa-selic"],"yoast_head":"<!-- This site is optimized with the Yoast SEO plugin v24.4 - https:\/\/yoast.com\/wordpress\/plugins\/seo\/ -->\n<title>Bancos esperam Selic em 10,5% at\u00e9 primeiro Copom de 2025<\/title>\n<meta name=\"description\" content=\"A maioria dos participantes (85%) entendeu que a decis\u00e3o do Copom de parar de cortar os juros foi adequada, mostra a pesquisa da Febraban\" \/>\n<meta name=\"robots\" content=\"index, follow, max-snippet:-1, max-image-preview:large, max-video-preview:-1\" \/>\n<link rel=\"canonical\" href=\"https:\/\/www.suno.com.br\/noticias\/bancos-selic-primeiro-copom-2025-evm\/\" \/>\n<meta property=\"og:locale\" content=\"pt_BR\" \/>\n<meta property=\"og:type\" content=\"article\" \/>\n<meta property=\"og:title\" content=\"Bancos esperam Selic em 10,5% at\u00e9 primeiro Copom de 2025\" \/>\n<meta property=\"og:description\" content=\"A maioria dos participantes (85%) entendeu que a decis\u00e3o do Copom de parar de cortar os juros foi adequada, mostra a pesquisa da Febraban\" \/>\n<meta property=\"og:url\" content=\"https:\/\/www.suno.com.br\/noticias\/bancos-selic-primeiro-copom-2025-evm\/\" \/>\n<meta property=\"og:site_name\" content=\"Suno Not\u00edcias\" \/>\n<meta property=\"article:publisher\" content=\"https:\/\/facebook.com\/sunoresearch\" \/>\n<meta property=\"og:image\" content=\"https:\/\/files.sunoresearch.com.br\/n\/uploads\/2024\/05\/iStock-1362657409.jpg\" \/>\n\t<meta property=\"og:image:width\" content=\"1304\" \/>\n\t<meta property=\"og:image:height\" content=\"804\" \/>\n\t<meta property=\"og:image:type\" content=\"image\/jpeg\" \/>\n<meta name=\"author\" content=\"Eduardo Vargas\" \/>\n<meta name=\"twitter:card\" content=\"summary_large_image\" \/>\n<meta name=\"twitter:creator\" content=\"@sunoresearch\" \/>\n<meta name=\"twitter:site\" content=\"@sunoresearch\" \/>\n<meta name=\"twitter:label1\" content=\"Escrito por\" \/>\n\t<meta name=\"twitter:data1\" content=\"Eduardo Vargas\" \/>\n\t<meta name=\"twitter:label2\" content=\"Est. tempo de leitura\" \/>\n\t<meta name=\"twitter:data2\" content=\"2 minutos\" \/>\n<script type=\"application\/ld+json\" class=\"yoast-schema-graph\">{\"@context\":\"https:\/\/schema.org\",\"@graph\":[{\"@type\":\"NewsArticle\",\"@id\":\"https:\/\/www.suno.com.br\/noticias\/bancos-selic-primeiro-copom-2025-evm\/#article\",\"isPartOf\":{\"@id\":\"https:\/\/www.suno.com.br\/noticias\/bancos-selic-primeiro-copom-2025-evm\/\"},\"author\":{\"name\":\"Eduardo Vargas\",\"@id\":\"https:\/\/www.suno.com.br\/noticias\/#\/schema\/person\/7f4d362bf3518e76090143ae77bb49a5\"},\"headline\":\"Bancos esperam Selic em 10,5% at\u00e9 primeiro Copom de 2025, diz Febraban\",\"datePublished\":\"2024-07-08T15:19:30+00:00\",\"dateModified\":\"2024-07-08T15:19:35+00:00\",\"mainEntityOfPage\":{\"@id\":\"https:\/\/www.suno.com.br\/noticias\/bancos-selic-primeiro-copom-2025-evm\/\"},\"wordCount\":313,\"publisher\":{\"@id\":\"https:\/\/www.suno.com.br\/noticias\/#organization\"},\"image\":{\"@id\":\"https:\/\/www.suno.com.br\/noticias\/bancos-selic-primeiro-copom-2025-evm\/#primaryimage\"},\"thumbnailUrl\":\"https:\/\/files.sunoresearch.com.br\/n\/uploads\/2024\/05\/iStock-1362657409.jpg\",\"keywords\":[\"Ag\u00eancias\",\"taxa de juros\",\"Taxa Selic\"],\"articleSection\":[\"Economia\"],\"inLanguage\":\"pt-BR\"},{\"@type\":\"WebPage\",\"@id\":\"https:\/\/www.suno.com.br\/noticias\/bancos-selic-primeiro-copom-2025-evm\/\",\"url\":\"https:\/\/www.suno.com.br\/noticias\/bancos-selic-primeiro-copom-2025-evm\/\",\"name\":\"Bancos esperam Selic em 10,5% at\u00e9 primeiro Copom de 2025\",\"isPartOf\":{\"@id\":\"https:\/\/www.suno.com.br\/noticias\/#website\"},\"primaryImageOfPage\":{\"@id\":\"https:\/\/www.suno.com.br\/noticias\/bancos-selic-primeiro-copom-2025-evm\/#primaryimage\"},\"image\":{\"@id\":\"https:\/\/www.suno.com.br\/noticias\/bancos-selic-primeiro-copom-2025-evm\/#primaryimage\"},\"thumbnailUrl\":\"https:\/\/files.sunoresearch.com.br\/n\/uploads\/2024\/05\/iStock-1362657409.jpg\",\"datePublished\":\"2024-07-08T15:19:30+00:00\",\"dateModified\":\"2024-07-08T15:19:35+00:00\",\"description\":\"A maioria dos participantes (85%) entendeu que a decis\u00e3o do Copom de parar de cortar os juros foi adequada, mostra a pesquisa da Febraban\",\"breadcrumb\":{\"@id\":\"https:\/\/www.suno.com.br\/noticias\/bancos-selic-primeiro-copom-2025-evm\/#breadcrumb\"},\"inLanguage\":\"pt-BR\",\"potentialAction\":[{\"@type\":\"ReadAction\",\"target\":[\"https:\/\/www.suno.com.br\/noticias\/bancos-selic-primeiro-copom-2025-evm\/\"]}]},{\"@type\":\"ImageObject\",\"inLanguage\":\"pt-BR\",\"@id\":\"https:\/\/www.suno.com.br\/noticias\/bancos-selic-primeiro-copom-2025-evm\/#primaryimage\",\"url\":\"https:\/\/files.sunoresearch.com.br\/n\/uploads\/2024\/05\/iStock-1362657409.jpg\",\"contentUrl\":\"https:\/\/files.sunoresearch.com.br\/n\/uploads\/2024\/05\/iStock-1362657409.jpg\",\"width\":1304,\"height\":804,\"caption\":\"Taxa Selic. Foto: iStock\"},{\"@type\":\"BreadcrumbList\",\"@id\":\"https:\/\/www.suno.com.br\/noticias\/bancos-selic-primeiro-copom-2025-evm\/#breadcrumb\",\"itemListElement\":[{\"@type\":\"ListItem\",\"position\":1,\"name\":\"Not\u00edcias\",\"item\":\"https:\/\/www.suno.com.br\/noticias\/\"},{\"@type\":\"ListItem\",\"position\":2,\"name\":\"Economia\",\"item\":\"https:\/\/www.suno.com.br\/noticias\/economia\/\"},{\"@type\":\"ListItem\",\"position\":3,\"name\":\"Bancos esperam Selic em 10,5% at\u00e9 primeiro Copom de 2025, diz Febraban\"}]},{\"@type\":\"WebSite\",\"@id\":\"https:\/\/www.suno.com.br\/noticias\/#website\",\"url\":\"https:\/\/www.suno.com.br\/noticias\/\",\"name\":\"Suno Not\u00edcias\",\"description\":\"Seu portal de informa\u00e7\u00e3o sobre o mundo dos investimentos\",\"publisher\":{\"@id\":\"https:\/\/www.suno.com.br\/noticias\/#organization\"},\"potentialAction\":[{\"@type\":\"SearchAction\",\"target\":{\"@type\":\"EntryPoint\",\"urlTemplate\":\"https:\/\/www.suno.com.br\/noticias\/?s={search_term_string}\"},\"query-input\":{\"@type\":\"PropertyValueSpecification\",\"valueRequired\":true,\"valueName\":\"search_term_string\"}}],\"inLanguage\":\"pt-BR\"},{\"@type\":\"Organization\",\"@id\":\"https:\/\/www.suno.com.br\/noticias\/#organization\",\"name\":\"Suno Not\u00edcias\",\"url\":\"https:\/\/www.suno.com.br\/noticias\/\",\"logo\":{\"@type\":\"ImageObject\",\"inLanguage\":\"pt-BR\",\"@id\":\"https:\/\/www.suno.com.br\/noticias\/#\/schema\/logo\/image\/\",\"url\":\"https:\/\/files.sunoresearch.com.br\/n\/uploads\/2021\/09\/suno-logo.png\",\"contentUrl\":\"https:\/\/files.sunoresearch.com.br\/n\/uploads\/2021\/09\/suno-logo.png\",\"width\":180,\"height\":180,\"caption\":\"Suno Not\u00edcias\"},\"image\":{\"@id\":\"https:\/\/www.suno.com.br\/noticias\/#\/schema\/logo\/image\/\"},\"sameAs\":[\"https:\/\/facebook.com\/sunoresearch\",\"https:\/\/x.com\/sunoresearch\",\"https:\/\/www.instagram.com\/suno\",\"https:\/\/www.linkedin.com\/company\/suno-research\/\",\"https:\/\/www.youtube.com\/c\/sunoresearch\"]},{\"@type\":\"Person\",\"@id\":\"https:\/\/www.suno.com.br\/noticias\/#\/schema\/person\/7f4d362bf3518e76090143ae77bb49a5\",\"name\":\"Eduardo Vargas\",\"image\":{\"@type\":\"ImageObject\",\"inLanguage\":\"pt-BR\",\"@id\":\"https:\/\/www.suno.com.br\/noticias\/#\/schema\/person\/image\/\",\"url\":\"https:\/\/secure.gravatar.com\/avatar\/dac340933427a22924c9f99d1eb2e3f2?s=96&r=g\",\"contentUrl\":\"https:\/\/secure.gravatar.com\/avatar\/dac340933427a22924c9f99d1eb2e3f2?s=96&r=g\",\"caption\":\"Eduardo Vargas\"},\"description\":\"Jornalista formado pela UFSC, cobre macroeconomia, neg\u00f3cios e startups para o Suno Not\u00edcias, escrevendo principalmente not\u00edcias sobre o mercado financeiro e a bolsa de valores. No YouTube e no Instagram, \u00e9 respons\u00e1vel pela produ\u00e7\u00e3o de Reels e Shorts do Suno Not\u00edcias. Anteriormente, trabalhou cobrindo economia e cotidiano no ND+ e para o ND, maior jornal impresso de Santa Catarina. Cursou um semestre letivo de Estudos de M\u00eddia na Universidad de Buenos Aires.\",\"url\":\"https:\/\/www.suno.com.br\/noticias\/author\/eduardo-vargas\/\"}]}<\/script>\n<!-- \/ Yoast SEO plugin. -->","yoast_head_json":{"title":"Bancos esperam Selic em 10,5% at\u00e9 primeiro Copom de 2025","description":"A maioria dos participantes (85%) entendeu que a decis\u00e3o do Copom de parar de cortar os juros foi adequada, mostra a pesquisa da Febraban","robots":{"index":"index","follow":"follow","max-snippet":"max-snippet:-1","max-image-preview":"max-image-preview:large","max-video-preview":"max-video-preview:-1"},"canonical":"https:\/\/www.suno.com.br\/noticias\/bancos-selic-primeiro-copom-2025-evm\/","og_locale":"pt_BR","og_type":"article","og_title":"Bancos esperam Selic em 10,5% at\u00e9 primeiro Copom de 2025","og_description":"A maioria dos participantes (85%) entendeu que a decis\u00e3o do Copom de parar de cortar os juros foi adequada, mostra a pesquisa da Febraban","og_url":"https:\/\/www.suno.com.br\/noticias\/bancos-selic-primeiro-copom-2025-evm\/","og_site_name":"Suno Not\u00edcias","article_publisher":"https:\/\/facebook.com\/sunoresearch","og_image":[{"width":1304,"height":804,"url":"https:\/\/files.sunoresearch.com.br\/n\/uploads\/2024\/05\/iStock-1362657409.jpg","type":"image\/jpeg"}],"author":"Eduardo Vargas","twitter_card":"summary_large_image","twitter_creator":"@sunoresearch","twitter_site":"@sunoresearch","twitter_misc":{"Escrito por":"Eduardo Vargas","Est. tempo de leitura":"2 minutos"},"schema":{"@context":"https:\/\/schema.org","@graph":[{"@type":"NewsArticle","@id":"https:\/\/www.suno.com.br\/noticias\/bancos-selic-primeiro-copom-2025-evm\/#article","isPartOf":{"@id":"https:\/\/www.suno.com.br\/noticias\/bancos-selic-primeiro-copom-2025-evm\/"},"author":{"name":"Eduardo Vargas","@id":"https:\/\/www.suno.com.br\/noticias\/#\/schema\/person\/7f4d362bf3518e76090143ae77bb49a5"},"headline":"Bancos esperam Selic em 10,5% at\u00e9 primeiro Copom de 2025, diz Febraban","datePublished":"2024-07-08T15:19:30+00:00","dateModified":"2024-07-08T15:19:35+00:00","mainEntityOfPage":{"@id":"https:\/\/www.suno.com.br\/noticias\/bancos-selic-primeiro-copom-2025-evm\/"},"wordCount":313,"publisher":{"@id":"https:\/\/www.suno.com.br\/noticias\/#organization"},"image":{"@id":"https:\/\/www.suno.com.br\/noticias\/bancos-selic-primeiro-copom-2025-evm\/#primaryimage"},"thumbnailUrl":"https:\/\/files.sunoresearch.com.br\/n\/uploads\/2024\/05\/iStock-1362657409.jpg","keywords":["Ag\u00eancias","taxa de juros","Taxa Selic"],"articleSection":["Economia"],"inLanguage":"pt-BR"},{"@type":"WebPage","@id":"https:\/\/www.suno.com.br\/noticias\/bancos-selic-primeiro-copom-2025-evm\/","url":"https:\/\/www.suno.com.br\/noticias\/bancos-selic-primeiro-copom-2025-evm\/","name":"Bancos esperam Selic em 10,5% at\u00e9 primeiro Copom de 2025","isPartOf":{"@id":"https:\/\/www.suno.com.br\/noticias\/#website"},"primaryImageOfPage":{"@id":"https:\/\/www.suno.com.br\/noticias\/bancos-selic-primeiro-copom-2025-evm\/#primaryimage"},"image":{"@id":"https:\/\/www.suno.com.br\/noticias\/bancos-selic-primeiro-copom-2025-evm\/#primaryimage"},"thumbnailUrl":"https:\/\/files.sunoresearch.com.br\/n\/uploads\/2024\/05\/iStock-1362657409.jpg","datePublished":"2024-07-08T15:19:30+00:00","dateModified":"2024-07-08T15:19:35+00:00","description":"A maioria dos participantes (85%) entendeu que a decis\u00e3o do Copom de parar de cortar os juros foi adequada, mostra a pesquisa da Febraban","breadcrumb":{"@id":"https:\/\/www.suno.com.br\/noticias\/bancos-selic-primeiro-copom-2025-evm\/#breadcrumb"},"inLanguage":"pt-BR","potentialAction":[{"@type":"ReadAction","target":["https:\/\/www.suno.com.br\/noticias\/bancos-selic-primeiro-copom-2025-evm\/"]}]},{"@type":"ImageObject","inLanguage":"pt-BR","@id":"https:\/\/www.suno.com.br\/noticias\/bancos-selic-primeiro-copom-2025-evm\/#primaryimage","url":"https:\/\/files.sunoresearch.com.br\/n\/uploads\/2024\/05\/iStock-1362657409.jpg","contentUrl":"https:\/\/files.sunoresearch.com.br\/n\/uploads\/2024\/05\/iStock-1362657409.jpg","width":1304,"height":804,"caption":"Taxa Selic. Foto: iStock"},{"@type":"BreadcrumbList","@id":"https:\/\/www.suno.com.br\/noticias\/bancos-selic-primeiro-copom-2025-evm\/#breadcrumb","itemListElement":[{"@type":"ListItem","position":1,"name":"Not\u00edcias","item":"https:\/\/www.suno.com.br\/noticias\/"},{"@type":"ListItem","position":2,"name":"Economia","item":"https:\/\/www.suno.com.br\/noticias\/economia\/"},{"@type":"ListItem","position":3,"name":"Bancos esperam Selic em 10,5% at\u00e9 primeiro Copom de 2025, diz Febraban"}]},{"@type":"WebSite","@id":"https:\/\/www.suno.com.br\/noticias\/#website","url":"https:\/\/www.suno.com.br\/noticias\/","name":"Suno Not\u00edcias","description":"Seu portal de informa\u00e7\u00e3o sobre o mundo dos investimentos","publisher":{"@id":"https:\/\/www.suno.com.br\/noticias\/#organization"},"potentialAction":[{"@type":"SearchAction","target":{"@type":"EntryPoint","urlTemplate":"https:\/\/www.suno.com.br\/noticias\/?s={search_term_string}"},"query-input":{"@type":"PropertyValueSpecification","valueRequired":true,"valueName":"search_term_string"}}],"inLanguage":"pt-BR"},{"@type":"Organization","@id":"https:\/\/www.suno.com.br\/noticias\/#organization","name":"Suno Not\u00edcias","url":"https:\/\/www.suno.com.br\/noticias\/","logo":{"@type":"ImageObject","inLanguage":"pt-BR","@id":"https:\/\/www.suno.com.br\/noticias\/#\/schema\/logo\/image\/","url":"https:\/\/files.sunoresearch.com.br\/n\/uploads\/2021\/09\/suno-logo.png","contentUrl":"https:\/\/files.sunoresearch.com.br\/n\/uploads\/2021\/09\/suno-logo.png","width":180,"height":180,"caption":"Suno Not\u00edcias"},"image":{"@id":"https:\/\/www.suno.com.br\/noticias\/#\/schema\/logo\/image\/"},"sameAs":["https:\/\/facebook.com\/sunoresearch","https:\/\/x.com\/sunoresearch","https:\/\/www.instagram.com\/suno","https:\/\/www.linkedin.com\/company\/suno-research\/","https:\/\/www.youtube.com\/c\/sunoresearch"]},{"@type":"Person","@id":"https:\/\/www.suno.com.br\/noticias\/#\/schema\/person\/7f4d362bf3518e76090143ae77bb49a5","name":"Eduardo Vargas","image":{"@type":"ImageObject","inLanguage":"pt-BR","@id":"https:\/\/www.suno.com.br\/noticias\/#\/schema\/person\/image\/","url":"https:\/\/secure.gravatar.com\/avatar\/dac340933427a22924c9f99d1eb2e3f2?s=96&r=g","contentUrl":"https:\/\/secure.gravatar.com\/avatar\/dac340933427a22924c9f99d1eb2e3f2?s=96&r=g","caption":"Eduardo Vargas"},"description":"Jornalista formado pela UFSC, cobre macroeconomia, neg\u00f3cios e startups para o Suno Not\u00edcias, escrevendo principalmente not\u00edcias sobre o mercado financeiro e a bolsa de valores. No YouTube e no Instagram, \u00e9 respons\u00e1vel pela produ\u00e7\u00e3o de Reels e Shorts do Suno Not\u00edcias. Anteriormente, trabalhou cobrindo economia e cotidiano no ND+ e para o ND, maior jornal impresso de Santa Catarina. Cursou um semestre letivo de Estudos de M\u00eddia na Universidad de Buenos Aires.","url":"https:\/\/www.suno.com.br\/noticias\/author\/eduardo-vargas\/"}]}},"default_loop_html":"<div class=\"cardsPage__listCard__boxs\"><div class=\"cardsPage__listCard__boxs__img\"><a href=\"https:\/\/www.suno.com.br\/noticias\/bancos-selic-primeiro-copom-2025-evm\/\"><img class=\"mask\" src=\"https:\/\/www.suno.com.br\/noticias\/wp-content\/themes\/suno\/resources\/images\/spotlight\/spotlight1img\/bg-mask.png\" alt=\"Image Mask\"\/><img src=\"https:\/\/files.sunoresearch.com.br\/n\/uploads\/2024\/05\/iStock-1362657409-400x200.jpg\" alt=\"Bancos esperam Selic em 10,5% at\u00e9 primeiro Copom de 2025, diz Febraban\"\/><\/a><span class=\"spotlightCategory\"><a href=\"https:\/\/www.suno.com.br\/noticias\/economia\/\">Economia<\/a><\/span><\/div><div class=\"cardsPage__listCard__boxs__content\"><a href=\"https:\/\/www.suno.com.br\/noticias\/bancos-selic-primeiro-copom-2025-evm\/\"><h2 class=\"content__title\">Bancos esperam Selic em 10,5% at\u00e9 primeiro Copom de 2025, diz Febraban<\/h2><\/a><div class=\"newsContent__article__meta\"><div class=\"newsContent__article__meta__authorBox\"><a href=\"https:\/\/www.suno.com.br\/noticias\/author\/eduardo-vargas\/\" class=\"authorBox__avatar noMobi\"><img src=\"https:\/\/secure.gravatar.com\/avatar\/dac340933427a22924c9f99d1eb2e3f2?s=96&#038;r=g\" alt=\"Eduardo Vargas\"><\/a><div class=\"authorBox__name\"><span>por\n\t\t\t<a href=\"https:\/\/www.suno.com.br\/noticias\/author\/eduardo-vargas\/\"><span itemprop=\"author\">Eduardo Vargas<\/span><\/a><\/span><time datetime=\"2024-07-08T12:19:30-03:00\" itemprop=\"datePublished\">08\/07\/2024 12:19<\/time><\/div><\/div><\/div><\/div><\/div>","single_layout":"posts","amp_enabled":true,"_links":{"self":[{"href":"https:\/\/www.suno.com.br\/noticias\/wp-json\/wp\/v2\/posts\/565484"}],"collection":[{"href":"https:\/\/www.suno.com.br\/noticias\/wp-json\/wp\/v2\/posts"}],"about":[{"href":"https:\/\/www.suno.com.br\/noticias\/wp-json\/wp\/v2\/types\/post"}],"author":[{"embeddable":true,"href":"https:\/\/www.suno.com.br\/noticias\/wp-json\/wp\/v2\/users\/73"}],"replies":[{"embeddable":true,"href":"https:\/\/www.suno.com.br\/noticias\/wp-json\/wp\/v2\/comments?post=565484"}],"version-history":[{"count":3,"href":"https:\/\/www.suno.com.br\/noticias\/wp-json\/wp\/v2\/posts\/565484\/revisions"}],"predecessor-version":[{"id":565497,"href":"https:\/\/www.suno.com.br\/noticias\/wp-json\/wp\/v2\/posts\/565484\/revisions\/565497"}],"wp:featuredmedia":[{"embeddable":true,"href":"https:\/\/www.suno.com.br\/noticias\/wp-json\/wp\/v2\/media\/558754"}],"wp:attachment":[{"href":"https:\/\/www.suno.com.br\/noticias\/wp-json\/wp\/v2\/media?parent=565484"}],"wp:term":[{"taxonomy":"category","embeddable":true,"href":"https:\/\/www.suno.com.br\/noticias\/wp-json\/wp\/v2\/categories?post=565484"},{"taxonomy":"post_tag","embeddable":true,"href":"https:\/\/www.suno.com.br\/noticias\/wp-json\/wp\/v2\/tags?post=565484"},{"taxonomy":"suno_strategy","embeddable":true,"href":"https:\/\/www.suno.com.br\/noticias\/wp-json\/wp\/v2\/suno_strategy?post=565484"}],"curies":[{"name":"wp","href":"https:\/\/api.w.org\/{rel}","templated":true}]}}