{"id":565442,"date":"2024-07-08T09:43:47","date_gmt":"2024-07-08T12:43:47","guid":{"rendered":"https:\/\/www.suno.com.br\/noticias\/?p=565442"},"modified":"2024-07-08T09:43:51","modified_gmt":"2024-07-08T12:43:51","slug":"selic-dolar-estaveis-ipca-pib-alta-boletim-focus-08072024-ec-gss","status":"publish","type":"post","link":"https:\/\/www.suno.com.br\/noticias\/selic-dolar-estaveis-ipca-pib-alta-boletim-focus-08072024-ec-gss\/","title":{"rendered":"Selic e d\u00f3lar est\u00e1veis, IPCA e PIB em alta: veja as proje\u00e7\u00f5es do Boletim Focus desta semana"},"content":{"rendered":"<p>A mediana do <a class=\"suno-keyword\" data-force=\"no\" data-priority=\"1\" href=\"https:\/\/www.suno.com.br\/artigos\/boletim-focus\/\" target=\"_blank\" rel=\"noopener\">relat\u00f3rio Focus<\/a> para a taxa <strong>Selic<\/strong> no fim de 2024 continuou em 10,5% pela terceira semana consecutiva. Um m\u00eas atr\u00e1s, era de 10,25%. Considerando apenas as 41 respostas dos \u00faltimos cinco dias \u00fateis, a estimativa intermedi\u00e1ria tamb\u00e9m se manteve em 10,5%.<\/p>\t<div class=\"wrapper-featured-image\">\n\t\t<figure class=\"spotlightImg\">\n\n\t\t\t<picture>\n\t\t\t\t<source media=\"(max-width: 768px)\" srcset=\"https:\/\/files.sunoresearch.com.br\/n\/uploads\/2024\/03\/iStock-1294366144-400x200.jpg\">\n\t\t\t\t<img loading=\"lazy\" decoding=\"async\" class=\"newsContent__article__imgCapa lazyloadDisabled \" src=\"https:\/\/files.sunoresearch.com.br\/n\/uploads\/2024\/03\/iStock-1294366144-800x450.jpg\" width=\"800\" height=\"450\" alt=\"Selic e d\u00f3lar est\u00e1veis, IPCA e PIB em alta: veja as proje\u00e7\u00f5es do Boletim Focus desta semana\" fetchpriority=high \/>\n\t\t\t<\/picture>\n\n\t\t\t<figcaption class=\"wp-caption-text wp-caption-text--show\">BC abre consulta p\u00fablica sobre regras do eFX-Br: iStock<\/figcaption>\n\t\t<\/figure>\n\t<\/div>\n\n\n\n\n\n\n\n\t<p>\n\t\t<a href=\"\" target=\"_blank\" data-element=\"shortcode-suno-banner\" title=\"Banner SUNO, clique e saiba mais\">\n\t\t\t<picture>\n\t\t\t\t<source media=\"(max-width: 500px)\" srcset=\"\">\n\t\t\t\t<img class=\"newsContent__article__imgCapa newsContent__article__imgCapa--banner\"\n\t\t\t\t\tsrc=\"\"\n\t\t\t\t\tdata-promo-id=\"240038\"\t\t\t\t\t\t\t\t\t\t\t\t\t\t\talt=\"\"\n\t\t\t\t>\n\t\t\t<\/picture>\n\t\t<\/a>\n\t<\/p>\n\n\n\n\n\n<p>Na decis\u00e3o mais recente, de junho, o Comit\u00ea de <a class=\"suno-keyword\" data-force=\"no\" data-priority=\"1\" href=\"https:\/\/www.suno.com.br\/artigos\/politica-monetaria\/\" target=\"_blank\" rel=\"noopener\">Pol\u00edtica Monet\u00e1ria<\/a> (Copom) do Banco Central manteve a Selic em 10,5%, por unanimidade, e comunicou a &#8220;interrup\u00e7\u00e3o&#8221; do ciclo de cortes.<\/p>\n\n\n\n<p>A mediana do Focus para a Selic no fim de 2025 permaneceu em 9,5% pela terceira semana consecutiva, de 9,25% um m\u00eas atr\u00e1s. Considerando as 40 estimativas atualizadas nos \u00faltimos cinco dias \u00fateis, a estimativa intermedi\u00e1ria tamb\u00e9m \u00e9 de 9,5%.<\/p>\n\n\n\n<p>A estimativa intermedi\u00e1ria para a <strong>taxa de juros<\/strong> no fim de 2026 permaneceu em 9% pela oitava semana seguida. A proje\u00e7\u00e3o para a Selic no fim de 2025 continuou em 9%, est\u00e1vel h\u00e1 sete semanas.<\/p>\n\n\n\n<h2 class=\"wp-block-heading\">D\u00f3lar tamb\u00e9m fica est\u00e1vel<\/h2>\n\n\n\n<p>A mediana do <strong>relat\u00f3rio Focus<\/strong> para a <strong>cota\u00e7\u00e3o do d\u00f3lar <\/strong>no fim de 2024 continuou em R$ 5,20, o mesmo n\u00edvel de uma semana atr\u00e1s. Um m\u00eas antes, a estimativa era de R$ 5,05. A estimativa intermedi\u00e1ria para a moeda americana no fim de 2025 subiu de R$ 5,19 para R$ 5,20, contra R$ 5,09 quatro semanas antes.<\/p>\n\n\n\n<p>Considerando apenas as 36 proje\u00e7\u00f5es atualizadas nos \u00faltimos cinco dias \u00fateis, a estimativa intermedi\u00e1ria para o <strong>d\u00f3lar <\/strong>no fim deste ano passou de R$ 5,20 para R$ 5,27. A proje\u00e7\u00e3o para o fim de 2025 tamb\u00e9m avan\u00e7ou, de R$ 5,15 para R$ 5,19, com base em 35 atualiza\u00e7\u00f5es no per\u00edodo.<\/p>\n\n\n\n<p>O d\u00f3lar chegou a cruzar o limiar de R$ 5,70 na cota\u00e7\u00e3o intradi\u00e1ria na \u00faltima ter\u00e7a-feira, 2, em meio a declara\u00e7\u00f5es do presidente Luiz In\u00e1cio Lula da Silva que renovaram o ceticismo do mercado quanto \u00e0 possibilidade de cumprimento das metas do novo arcabou\u00e7o fiscal.<\/p>\n\n\n\t<p>\n\t\t<a href=\"https:\/\/lp.suno.com.br\/ebook-gratuito-investindo-no-exterior\/\" target=\"_blank\" data-element=\"shortcode-suno-banner\" title=\"Banner SUNO, clique e saiba mais\">\n\t\t\t<picture>\n\t\t\t\t<source media=\"(max-width: 500px)\" srcset=\"https:\/\/files.sunoresearch.com.br\/n\/uploads\/2023\/03\/400x300-Investindo-no-exterior.png\">\n\t\t\t\t<img class=\"newsContent__article__imgCapa newsContent__article__imgCapa--banner\"\n\t\t\t\t\tsrc=\"https:\/\/files.sunoresearch.com.br\/n\/uploads\/2023\/03\/1420x240-Investindo-no-exterior.png\"\n\t\t\t\t\tdata-promo-id=\"383161\"\t\t\t\t\t\t\t\t\t\twidth='1420' height='240'\t\t\t\t\talt=\"https:\/\/files.sunoresearch.com.br\/n\/uploads\/2023\/03\/1420x240-Investindo-no-exterior.png\"\n\t\t\t\t>\n\t\t\t<\/picture>\n\t\t<\/a>\n\t<\/p>\n\n\n\n\n\n<h2 class=\"wp-block-heading\">Previs\u00e3o para o IPCA sobe<\/h2>\n\n\n\n<p>J\u00e1 a estimativa do <strong>boletim Focus <\/strong>para o <strong>IPCA<\/strong> de 2024 avan\u00e7ou de 4% para 4,02%, mais de 1 ponto porcentual acima do centro da meta, de 3%. Um m\u00eas atr\u00e1s, era de 3,90%. A mediana para 2025, horizonte relevante da pol\u00edtica monet\u00e1ria, subiu de 3,87% para 3,88%, contra 3,78% um m\u00eas antes.<\/p>\n\n\n\n<p>Considerando as 48 estimativas atualizadas nos \u00faltimos cinco dias \u00fateis, a mediana para o IPCA de 2024 passou de 4,02% para 4,04%. A estimativa intermedi\u00e1ria para a <strong>infla\u00e7\u00e3o<\/strong> de 2025 avan\u00e7ou de 3,87% para 3,90%, tomando como base as 47 proje\u00e7\u00f5es atualizadas no per\u00edodo.<\/p>\n\n\n\n<p>A partir do ano que vem, a <a class=\"suno-keyword\" target=\"_blank\" data-force=\"no\" data-priority=\"1\" href=\"https:\/\/www.suno.com.br\/artigos\/meta-de-inflacao\/\" rel=\"noopener\">meta de infla\u00e7\u00e3o<\/a> passa a ser cont\u00ednua, apurada com base no IPCA acumulado em 12 meses. Se ele ficar acima do teto ou abaixo do piso por seis meses consecutivos, vai se considerar que o alvo foi perdido.<\/p>\n\n\n\n<h2 class=\"wp-block-heading\">Expectativa para o PIB tamb\u00e9m \u00e9 elevada<\/h2>\n\n\n\n<p>A expectativa do<strong> Focus<\/strong> para o <strong>Produto Interno Bruto<\/strong> (<strong>PIB<\/strong>) brasileiro de 2024 subiu de 2,09% para 2,10%. Um m\u00eas atr\u00e1s, era de 2,09%. Considerando apenas as 28 estimativas atualizadas nos \u00faltimos cinco dias \u00fateis, a estimativa intermedi\u00e1ria passou de 2,10% para 2,16%.<\/p>\n\n\n\n<p>A estimativa intermedi\u00e1ria para o PIB de 2025 caiu de 1,98% para 1,97%, a segunda oscila\u00e7\u00e3o negativa seguida. Levando em conta apenas as 26 proje\u00e7\u00f5es atualizadas nos \u00faltimos cinco dias \u00fateis, passou de 1,94% para 2%.<\/p>\n\n\n\n<p>A mediana do Focus para o crescimento da economia em 2026 continuou em 2% pela 48\u00aa semana seguida. Para 2027, a proje\u00e7\u00e3o tamb\u00e9m se manteve em 2%, pela 50\u00aa leitura consecutiva.<\/p>\n\n\n\n<p>O <a class=\"suno-keyword\" target=\"_blank\" data-force=\"no\" data-priority=\"2\" href=\"https:\/\/www.suno.com.br\/artigos\/ministerio-da-fazenda\/\" rel=\"noopener\">Minist\u00e9rio da Fazenda<\/a> espera crescimento de 2,5% para o<strong> PIB brasileiro<\/strong> em 2024. O Banco Central aumentou a sua estimativa, de 1,9% para 2,3%, no \u00faltimo Relat\u00f3rio Trimestral de Infla\u00e7\u00e3o (RTI).<\/p>\n\n\n\n<p><em>Com Estad\u00e3o Conte\u00fado<\/em><\/p>\n\n\n\n<p>O Boletim Focus \u00e9 elaborado semanalmente pelo Banco Central. Para a composi\u00e7\u00e3o do boletim, s\u00e3o utilizadas as proje\u00e7\u00f5es dos especialistas das 100 principais institui\u00e7\u00f5es ligadas ao mercado financeiro do Brasil para juros, IPCA, c\u00e2mbio, taxa <strong>Selic<\/strong> e outros indicadores.<\/p>\n\n\n\t<p>\n\t\t<a href=\"https:\/\/lp.suno.com.br\/planilha-da-vida-financeira\/\" target=\"_blank\" data-element=\"shortcode-suno-banner\" title=\"Banner SUNO, clique e saiba mais\">\n\t\t\t<picture>\n\t\t\t\t<source media=\"(max-width: 500px)\" srcset=\"https:\/\/files.sunoresearch.com.br\/n\/uploads\/2023\/04\/400x300-Planilha-vida-financeira-true.png\">\n\t\t\t\t<img class=\"newsContent__article__imgCapa newsContent__article__imgCapa--banner\"\n\t\t\t\t\tsrc=\"https:\/\/files.sunoresearch.com.br\/n\/uploads\/2023\/04\/1420x240-Planilha-vida-financeira-true.png\"\n\t\t\t\t\tdata-promo-id=\"383123\"\t\t\t\t\t\t\t\t\t\twidth='1420' height='240'\t\t\t\t\talt=\"https:\/\/files.sunoresearch.com.br\/n\/uploads\/2023\/04\/1420x240-Planilha-vida-financeira-true.png\"\n\t\t\t\t>\n\t\t\t<\/picture>\n\t\t<\/a>\n\t<\/p>\n\n\n","protected":false},"excerpt":{"rendered":"<p>A mediana do relat\u00f3rio Focus para a taxa Selic no fim de 2024 continuou em 10,5% pela terceira semana consecutiva. Um m\u00eas atr\u00e1s, era de 10,25%. Considerando apenas as 41 respostas dos \u00faltimos cinco dias \u00fateis, a estimativa intermedi\u00e1ria tamb\u00e9m se manteve em 10,5%. BC abre consulta p\u00fablica sobre regras do eFX-Br: iStock Na decis\u00e3o [&hellip;]<\/p>\n","protected":false},"author":376,"featured_media":532465,"comment_status":"closed","ping_status":"closed","sticky":false,"template":"","format":"standard","meta":[],"categories":[64],"tags":[834,290],"suno_strategy":[],"class_list":["post-565442","post","type-post","status-publish","format-standard","has-post-thumbnail","hentry","category-negocios","tag-boletim-focus","tag-taxa-selic"],"yoast_head":"<!-- This site is optimized with the Yoast SEO plugin v24.4 - https:\/\/yoast.com\/wordpress\/plugins\/seo\/ -->\n<title>Selic e d\u00f3lar est\u00e1veis, IPCA e PIB em alta: veja o Boletim Focus<\/title>\n<meta name=\"description\" content=\"Confira as proje\u00e7\u00f5es do Boletim Focus desta semana. Entre os destaques, as estimativas para Selic e d\u00f3lar foram mantidas.\" \/>\n<meta name=\"robots\" content=\"index, follow, max-snippet:-1, max-image-preview:large, max-video-preview:-1\" \/>\n<link rel=\"canonical\" href=\"https:\/\/www.suno.com.br\/noticias\/selic-dolar-estaveis-ipca-pib-alta-boletim-focus-08072024-ec-gss\/\" \/>\n<meta property=\"og:locale\" content=\"pt_BR\" \/>\n<meta property=\"og:type\" content=\"article\" \/>\n<meta property=\"og:title\" content=\"Selic e d\u00f3lar est\u00e1veis, IPCA e PIB em alta: veja o Boletim Focus\" \/>\n<meta property=\"og:description\" content=\"Confira as proje\u00e7\u00f5es do Boletim Focus desta semana. Entre os destaques, as estimativas para Selic e d\u00f3lar foram mantidas.\" \/>\n<meta property=\"og:url\" content=\"https:\/\/www.suno.com.br\/noticias\/selic-dolar-estaveis-ipca-pib-alta-boletim-focus-08072024-ec-gss\/\" \/>\n<meta property=\"og:site_name\" content=\"Suno Not\u00edcias\" \/>\n<meta property=\"article:publisher\" content=\"https:\/\/facebook.com\/sunoresearch\" \/>\n<meta property=\"og:image\" content=\"https:\/\/files.sunoresearch.com.br\/n\/uploads\/2024\/03\/iStock-1294366144.jpg\" \/>\n\t<meta property=\"og:image:width\" content=\"1254\" \/>\n\t<meta property=\"og:image:height\" content=\"836\" \/>\n\t<meta property=\"og:image:type\" content=\"image\/jpeg\" \/>\n<meta name=\"author\" content=\"Guilherme Serrano\" \/>\n<meta name=\"twitter:card\" content=\"summary_large_image\" \/>\n<meta name=\"twitter:creator\" content=\"@sunoresearch\" \/>\n<meta name=\"twitter:site\" content=\"@sunoresearch\" \/>\n<meta name=\"twitter:label1\" content=\"Escrito por\" \/>\n\t<meta name=\"twitter:data1\" content=\"Guilherme Serrano\" \/>\n\t<meta name=\"twitter:label2\" content=\"Est. tempo de leitura\" \/>\n\t<meta name=\"twitter:data2\" content=\"4 minutos\" \/>\n<script type=\"application\/ld+json\" class=\"yoast-schema-graph\">{\"@context\":\"https:\/\/schema.org\",\"@graph\":[{\"@type\":\"NewsArticle\",\"@id\":\"https:\/\/www.suno.com.br\/noticias\/selic-dolar-estaveis-ipca-pib-alta-boletim-focus-08072024-ec-gss\/#article\",\"isPartOf\":{\"@id\":\"https:\/\/www.suno.com.br\/noticias\/selic-dolar-estaveis-ipca-pib-alta-boletim-focus-08072024-ec-gss\/\"},\"author\":{\"name\":\"Guilherme Serrano\",\"@id\":\"https:\/\/www.suno.com.br\/noticias\/#\/schema\/person\/d0f07e64bce64aa671feadfb844f04ca\"},\"headline\":\"Selic e d\u00f3lar est\u00e1veis, IPCA e PIB em alta: veja as proje\u00e7\u00f5es do Boletim Focus desta semana\",\"datePublished\":\"2024-07-08T12:43:47+00:00\",\"dateModified\":\"2024-07-08T12:43:51+00:00\",\"mainEntityOfPage\":{\"@id\":\"https:\/\/www.suno.com.br\/noticias\/selic-dolar-estaveis-ipca-pib-alta-boletim-focus-08072024-ec-gss\/\"},\"wordCount\":669,\"publisher\":{\"@id\":\"https:\/\/www.suno.com.br\/noticias\/#organization\"},\"image\":{\"@id\":\"https:\/\/www.suno.com.br\/noticias\/selic-dolar-estaveis-ipca-pib-alta-boletim-focus-08072024-ec-gss\/#primaryimage\"},\"thumbnailUrl\":\"https:\/\/files.sunoresearch.com.br\/n\/uploads\/2024\/03\/iStock-1294366144.jpg\",\"keywords\":[\"Boletim Focus\",\"Taxa Selic\"],\"articleSection\":[\"Neg\u00f3cios\"],\"inLanguage\":\"pt-BR\"},{\"@type\":\"WebPage\",\"@id\":\"https:\/\/www.suno.com.br\/noticias\/selic-dolar-estaveis-ipca-pib-alta-boletim-focus-08072024-ec-gss\/\",\"url\":\"https:\/\/www.suno.com.br\/noticias\/selic-dolar-estaveis-ipca-pib-alta-boletim-focus-08072024-ec-gss\/\",\"name\":\"Selic e d\u00f3lar est\u00e1veis, IPCA e PIB em alta: veja o Boletim Focus\",\"isPartOf\":{\"@id\":\"https:\/\/www.suno.com.br\/noticias\/#website\"},\"primaryImageOfPage\":{\"@id\":\"https:\/\/www.suno.com.br\/noticias\/selic-dolar-estaveis-ipca-pib-alta-boletim-focus-08072024-ec-gss\/#primaryimage\"},\"image\":{\"@id\":\"https:\/\/www.suno.com.br\/noticias\/selic-dolar-estaveis-ipca-pib-alta-boletim-focus-08072024-ec-gss\/#primaryimage\"},\"thumbnailUrl\":\"https:\/\/files.sunoresearch.com.br\/n\/uploads\/2024\/03\/iStock-1294366144.jpg\",\"datePublished\":\"2024-07-08T12:43:47+00:00\",\"dateModified\":\"2024-07-08T12:43:51+00:00\",\"description\":\"Confira as proje\u00e7\u00f5es do Boletim Focus desta semana. Entre os destaques, as estimativas para Selic e d\u00f3lar foram mantidas.\",\"breadcrumb\":{\"@id\":\"https:\/\/www.suno.com.br\/noticias\/selic-dolar-estaveis-ipca-pib-alta-boletim-focus-08072024-ec-gss\/#breadcrumb\"},\"inLanguage\":\"pt-BR\",\"potentialAction\":[{\"@type\":\"ReadAction\",\"target\":[\"https:\/\/www.suno.com.br\/noticias\/selic-dolar-estaveis-ipca-pib-alta-boletim-focus-08072024-ec-gss\/\"]}]},{\"@type\":\"ImageObject\",\"inLanguage\":\"pt-BR\",\"@id\":\"https:\/\/www.suno.com.br\/noticias\/selic-dolar-estaveis-ipca-pib-alta-boletim-focus-08072024-ec-gss\/#primaryimage\",\"url\":\"https:\/\/files.sunoresearch.com.br\/n\/uploads\/2024\/03\/iStock-1294366144.jpg\",\"contentUrl\":\"https:\/\/files.sunoresearch.com.br\/n\/uploads\/2024\/03\/iStock-1294366144.jpg\",\"width\":1254,\"height\":836,\"caption\":\"BC abre consulta p\u00fablica sobre regras do eFX-Br: iStock\"},{\"@type\":\"BreadcrumbList\",\"@id\":\"https:\/\/www.suno.com.br\/noticias\/selic-dolar-estaveis-ipca-pib-alta-boletim-focus-08072024-ec-gss\/#breadcrumb\",\"itemListElement\":[{\"@type\":\"ListItem\",\"position\":1,\"name\":\"Not\u00edcias\",\"item\":\"https:\/\/www.suno.com.br\/noticias\/\"},{\"@type\":\"ListItem\",\"position\":2,\"name\":\"Neg\u00f3cios\",\"item\":\"https:\/\/www.suno.com.br\/noticias\/negocios\/\"},{\"@type\":\"ListItem\",\"position\":3,\"name\":\"Selic e d\u00f3lar est\u00e1veis, IPCA e PIB em alta: veja as proje\u00e7\u00f5es do Boletim Focus desta semana\"}]},{\"@type\":\"WebSite\",\"@id\":\"https:\/\/www.suno.com.br\/noticias\/#website\",\"url\":\"https:\/\/www.suno.com.br\/noticias\/\",\"name\":\"Suno Not\u00edcias\",\"description\":\"Seu portal de informa\u00e7\u00e3o sobre o mundo dos investimentos\",\"publisher\":{\"@id\":\"https:\/\/www.suno.com.br\/noticias\/#organization\"},\"potentialAction\":[{\"@type\":\"SearchAction\",\"target\":{\"@type\":\"EntryPoint\",\"urlTemplate\":\"https:\/\/www.suno.com.br\/noticias\/?s={search_term_string}\"},\"query-input\":{\"@type\":\"PropertyValueSpecification\",\"valueRequired\":true,\"valueName\":\"search_term_string\"}}],\"inLanguage\":\"pt-BR\"},{\"@type\":\"Organization\",\"@id\":\"https:\/\/www.suno.com.br\/noticias\/#organization\",\"name\":\"Suno Not\u00edcias\",\"url\":\"https:\/\/www.suno.com.br\/noticias\/\",\"logo\":{\"@type\":\"ImageObject\",\"inLanguage\":\"pt-BR\",\"@id\":\"https:\/\/www.suno.com.br\/noticias\/#\/schema\/logo\/image\/\",\"url\":\"https:\/\/files.sunoresearch.com.br\/n\/uploads\/2021\/09\/suno-logo.png\",\"contentUrl\":\"https:\/\/files.sunoresearch.com.br\/n\/uploads\/2021\/09\/suno-logo.png\",\"width\":180,\"height\":180,\"caption\":\"Suno Not\u00edcias\"},\"image\":{\"@id\":\"https:\/\/www.suno.com.br\/noticias\/#\/schema\/logo\/image\/\"},\"sameAs\":[\"https:\/\/facebook.com\/sunoresearch\",\"https:\/\/x.com\/sunoresearch\",\"https:\/\/www.instagram.com\/suno\",\"https:\/\/www.linkedin.com\/company\/suno-research\/\",\"https:\/\/www.youtube.com\/c\/sunoresearch\"]},{\"@type\":\"Person\",\"@id\":\"https:\/\/www.suno.com.br\/noticias\/#\/schema\/person\/d0f07e64bce64aa671feadfb844f04ca\",\"name\":\"Guilherme Serrano\",\"image\":{\"@type\":\"ImageObject\",\"inLanguage\":\"pt-BR\",\"@id\":\"https:\/\/www.suno.com.br\/noticias\/#\/schema\/person\/image\/\",\"url\":\"https:\/\/secure.gravatar.com\/avatar\/a90be19d8c67bef61497e4522de30ac4?s=96&r=g\",\"contentUrl\":\"https:\/\/secure.gravatar.com\/avatar\/a90be19d8c67bef61497e4522de30ac4?s=96&r=g\",\"caption\":\"Guilherme Serrano\"},\"description\":\"Jornalista formado pela Faculdade C\u00e1sper L\u00edbero e p\u00f3s-graduado em Can\u00e7\u00e3o Popular pela Faculdade Santa Marcelina. Passagens por R\u00e1dio Gazeta AM, gazetaesportiva.com e TC R\u00e1dio.\",\"url\":\"https:\/\/www.suno.com.br\/noticias\/author\/guilherme-silvasuno-com-br\/\"}]}<\/script>\n<!-- \/ Yoast SEO plugin. -->","yoast_head_json":{"title":"Selic e d\u00f3lar est\u00e1veis, IPCA e PIB em alta: veja o Boletim Focus","description":"Confira as proje\u00e7\u00f5es do Boletim Focus desta semana. Entre os destaques, as estimativas para Selic e d\u00f3lar foram mantidas.","robots":{"index":"index","follow":"follow","max-snippet":"max-snippet:-1","max-image-preview":"max-image-preview:large","max-video-preview":"max-video-preview:-1"},"canonical":"https:\/\/www.suno.com.br\/noticias\/selic-dolar-estaveis-ipca-pib-alta-boletim-focus-08072024-ec-gss\/","og_locale":"pt_BR","og_type":"article","og_title":"Selic e d\u00f3lar est\u00e1veis, IPCA e PIB em alta: veja o Boletim Focus","og_description":"Confira as proje\u00e7\u00f5es do Boletim Focus desta semana. Entre os destaques, as estimativas para Selic e d\u00f3lar foram mantidas.","og_url":"https:\/\/www.suno.com.br\/noticias\/selic-dolar-estaveis-ipca-pib-alta-boletim-focus-08072024-ec-gss\/","og_site_name":"Suno Not\u00edcias","article_publisher":"https:\/\/facebook.com\/sunoresearch","og_image":[{"width":1254,"height":836,"url":"https:\/\/files.sunoresearch.com.br\/n\/uploads\/2024\/03\/iStock-1294366144.jpg","type":"image\/jpeg"}],"author":"Guilherme Serrano","twitter_card":"summary_large_image","twitter_creator":"@sunoresearch","twitter_site":"@sunoresearch","twitter_misc":{"Escrito por":"Guilherme Serrano","Est. tempo de leitura":"4 minutos"},"schema":{"@context":"https:\/\/schema.org","@graph":[{"@type":"NewsArticle","@id":"https:\/\/www.suno.com.br\/noticias\/selic-dolar-estaveis-ipca-pib-alta-boletim-focus-08072024-ec-gss\/#article","isPartOf":{"@id":"https:\/\/www.suno.com.br\/noticias\/selic-dolar-estaveis-ipca-pib-alta-boletim-focus-08072024-ec-gss\/"},"author":{"name":"Guilherme Serrano","@id":"https:\/\/www.suno.com.br\/noticias\/#\/schema\/person\/d0f07e64bce64aa671feadfb844f04ca"},"headline":"Selic e d\u00f3lar est\u00e1veis, IPCA e PIB em alta: veja as proje\u00e7\u00f5es do Boletim Focus desta semana","datePublished":"2024-07-08T12:43:47+00:00","dateModified":"2024-07-08T12:43:51+00:00","mainEntityOfPage":{"@id":"https:\/\/www.suno.com.br\/noticias\/selic-dolar-estaveis-ipca-pib-alta-boletim-focus-08072024-ec-gss\/"},"wordCount":669,"publisher":{"@id":"https:\/\/www.suno.com.br\/noticias\/#organization"},"image":{"@id":"https:\/\/www.suno.com.br\/noticias\/selic-dolar-estaveis-ipca-pib-alta-boletim-focus-08072024-ec-gss\/#primaryimage"},"thumbnailUrl":"https:\/\/files.sunoresearch.com.br\/n\/uploads\/2024\/03\/iStock-1294366144.jpg","keywords":["Boletim Focus","Taxa Selic"],"articleSection":["Neg\u00f3cios"],"inLanguage":"pt-BR"},{"@type":"WebPage","@id":"https:\/\/www.suno.com.br\/noticias\/selic-dolar-estaveis-ipca-pib-alta-boletim-focus-08072024-ec-gss\/","url":"https:\/\/www.suno.com.br\/noticias\/selic-dolar-estaveis-ipca-pib-alta-boletim-focus-08072024-ec-gss\/","name":"Selic e d\u00f3lar est\u00e1veis, IPCA e PIB em alta: veja o Boletim Focus","isPartOf":{"@id":"https:\/\/www.suno.com.br\/noticias\/#website"},"primaryImageOfPage":{"@id":"https:\/\/www.suno.com.br\/noticias\/selic-dolar-estaveis-ipca-pib-alta-boletim-focus-08072024-ec-gss\/#primaryimage"},"image":{"@id":"https:\/\/www.suno.com.br\/noticias\/selic-dolar-estaveis-ipca-pib-alta-boletim-focus-08072024-ec-gss\/#primaryimage"},"thumbnailUrl":"https:\/\/files.sunoresearch.com.br\/n\/uploads\/2024\/03\/iStock-1294366144.jpg","datePublished":"2024-07-08T12:43:47+00:00","dateModified":"2024-07-08T12:43:51+00:00","description":"Confira as proje\u00e7\u00f5es do Boletim Focus desta semana. Entre os destaques, as estimativas para Selic e d\u00f3lar foram mantidas.","breadcrumb":{"@id":"https:\/\/www.suno.com.br\/noticias\/selic-dolar-estaveis-ipca-pib-alta-boletim-focus-08072024-ec-gss\/#breadcrumb"},"inLanguage":"pt-BR","potentialAction":[{"@type":"ReadAction","target":["https:\/\/www.suno.com.br\/noticias\/selic-dolar-estaveis-ipca-pib-alta-boletim-focus-08072024-ec-gss\/"]}]},{"@type":"ImageObject","inLanguage":"pt-BR","@id":"https:\/\/www.suno.com.br\/noticias\/selic-dolar-estaveis-ipca-pib-alta-boletim-focus-08072024-ec-gss\/#primaryimage","url":"https:\/\/files.sunoresearch.com.br\/n\/uploads\/2024\/03\/iStock-1294366144.jpg","contentUrl":"https:\/\/files.sunoresearch.com.br\/n\/uploads\/2024\/03\/iStock-1294366144.jpg","width":1254,"height":836,"caption":"BC abre consulta p\u00fablica sobre regras do eFX-Br: iStock"},{"@type":"BreadcrumbList","@id":"https:\/\/www.suno.com.br\/noticias\/selic-dolar-estaveis-ipca-pib-alta-boletim-focus-08072024-ec-gss\/#breadcrumb","itemListElement":[{"@type":"ListItem","position":1,"name":"Not\u00edcias","item":"https:\/\/www.suno.com.br\/noticias\/"},{"@type":"ListItem","position":2,"name":"Neg\u00f3cios","item":"https:\/\/www.suno.com.br\/noticias\/negocios\/"},{"@type":"ListItem","position":3,"name":"Selic e d\u00f3lar est\u00e1veis, IPCA e PIB em alta: veja as proje\u00e7\u00f5es do Boletim Focus desta semana"}]},{"@type":"WebSite","@id":"https:\/\/www.suno.com.br\/noticias\/#website","url":"https:\/\/www.suno.com.br\/noticias\/","name":"Suno Not\u00edcias","description":"Seu portal de informa\u00e7\u00e3o sobre o mundo dos investimentos","publisher":{"@id":"https:\/\/www.suno.com.br\/noticias\/#organization"},"potentialAction":[{"@type":"SearchAction","target":{"@type":"EntryPoint","urlTemplate":"https:\/\/www.suno.com.br\/noticias\/?s={search_term_string}"},"query-input":{"@type":"PropertyValueSpecification","valueRequired":true,"valueName":"search_term_string"}}],"inLanguage":"pt-BR"},{"@type":"Organization","@id":"https:\/\/www.suno.com.br\/noticias\/#organization","name":"Suno Not\u00edcias","url":"https:\/\/www.suno.com.br\/noticias\/","logo":{"@type":"ImageObject","inLanguage":"pt-BR","@id":"https:\/\/www.suno.com.br\/noticias\/#\/schema\/logo\/image\/","url":"https:\/\/files.sunoresearch.com.br\/n\/uploads\/2021\/09\/suno-logo.png","contentUrl":"https:\/\/files.sunoresearch.com.br\/n\/uploads\/2021\/09\/suno-logo.png","width":180,"height":180,"caption":"Suno Not\u00edcias"},"image":{"@id":"https:\/\/www.suno.com.br\/noticias\/#\/schema\/logo\/image\/"},"sameAs":["https:\/\/facebook.com\/sunoresearch","https:\/\/x.com\/sunoresearch","https:\/\/www.instagram.com\/suno","https:\/\/www.linkedin.com\/company\/suno-research\/","https:\/\/www.youtube.com\/c\/sunoresearch"]},{"@type":"Person","@id":"https:\/\/www.suno.com.br\/noticias\/#\/schema\/person\/d0f07e64bce64aa671feadfb844f04ca","name":"Guilherme Serrano","image":{"@type":"ImageObject","inLanguage":"pt-BR","@id":"https:\/\/www.suno.com.br\/noticias\/#\/schema\/person\/image\/","url":"https:\/\/secure.gravatar.com\/avatar\/a90be19d8c67bef61497e4522de30ac4?s=96&r=g","contentUrl":"https:\/\/secure.gravatar.com\/avatar\/a90be19d8c67bef61497e4522de30ac4?s=96&r=g","caption":"Guilherme Serrano"},"description":"Jornalista formado pela Faculdade C\u00e1sper L\u00edbero e p\u00f3s-graduado em Can\u00e7\u00e3o Popular pela Faculdade Santa Marcelina. Passagens por R\u00e1dio Gazeta AM, gazetaesportiva.com e TC R\u00e1dio.","url":"https:\/\/www.suno.com.br\/noticias\/author\/guilherme-silvasuno-com-br\/"}]}},"default_loop_html":"<div class=\"cardsPage__listCard__boxs\"><div class=\"cardsPage__listCard__boxs__img\"><a href=\"https:\/\/www.suno.com.br\/noticias\/selic-dolar-estaveis-ipca-pib-alta-boletim-focus-08072024-ec-gss\/\"><img class=\"mask\" src=\"https:\/\/www.suno.com.br\/noticias\/wp-content\/themes\/suno\/resources\/images\/spotlight\/spotlight1img\/bg-mask.png\" alt=\"Image Mask\"\/><img src=\"https:\/\/files.sunoresearch.com.br\/n\/uploads\/2024\/03\/iStock-1294366144-400x200.jpg\" alt=\"Selic e d\u00f3lar est\u00e1veis, IPCA e PIB em alta: veja as proje\u00e7\u00f5es do Boletim Focus desta semana\"\/><\/a><span class=\"spotlightCategory\"><a href=\"https:\/\/www.suno.com.br\/noticias\/negocios\/\">Neg\u00f3cios<\/a><\/span><\/div><div class=\"cardsPage__listCard__boxs__content\"><a href=\"https:\/\/www.suno.com.br\/noticias\/selic-dolar-estaveis-ipca-pib-alta-boletim-focus-08072024-ec-gss\/\"><h2 class=\"content__title\">Selic e d\u00f3lar est\u00e1veis, IPCA e PIB em alta: veja as proje\u00e7\u00f5es do Boletim Focus desta semana<\/h2><\/a><div class=\"newsContent__article__meta\"><div class=\"newsContent__article__meta__authorBox\"><a href=\"https:\/\/www.suno.com.br\/noticias\/author\/guilherme-silvasuno-com-br\/\" class=\"authorBox__avatar noMobi\"><img src=\"https:\/\/secure.gravatar.com\/avatar\/a90be19d8c67bef61497e4522de30ac4?s=96&#038;r=g\" alt=\"Guilherme Serrano\"><\/a><div class=\"authorBox__name\"><span>por\n\t\t\t<a href=\"https:\/\/www.suno.com.br\/noticias\/author\/guilherme-silvasuno-com-br\/\"><span itemprop=\"author\">Guilherme Serrano<\/span><\/a><\/span><time datetime=\"2024-07-08T09:43:47-03:00\" itemprop=\"datePublished\">08\/07\/2024 09:43<\/time><\/div><\/div><\/div><\/div><\/div>","single_layout":"posts","amp_enabled":true,"_links":{"self":[{"href":"https:\/\/www.suno.com.br\/noticias\/wp-json\/wp\/v2\/posts\/565442"}],"collection":[{"href":"https:\/\/www.suno.com.br\/noticias\/wp-json\/wp\/v2\/posts"}],"about":[{"href":"https:\/\/www.suno.com.br\/noticias\/wp-json\/wp\/v2\/types\/post"}],"author":[{"embeddable":true,"href":"https:\/\/www.suno.com.br\/noticias\/wp-json\/wp\/v2\/users\/376"}],"replies":[{"embeddable":true,"href":"https:\/\/www.suno.com.br\/noticias\/wp-json\/wp\/v2\/comments?post=565442"}],"version-history":[{"count":2,"href":"https:\/\/www.suno.com.br\/noticias\/wp-json\/wp\/v2\/posts\/565442\/revisions"}],"predecessor-version":[{"id":565453,"href":"https:\/\/www.suno.com.br\/noticias\/wp-json\/wp\/v2\/posts\/565442\/revisions\/565453"}],"wp:featuredmedia":[{"embeddable":true,"href":"https:\/\/www.suno.com.br\/noticias\/wp-json\/wp\/v2\/media\/532465"}],"wp:attachment":[{"href":"https:\/\/www.suno.com.br\/noticias\/wp-json\/wp\/v2\/media?parent=565442"}],"wp:term":[{"taxonomy":"category","embeddable":true,"href":"https:\/\/www.suno.com.br\/noticias\/wp-json\/wp\/v2\/categories?post=565442"},{"taxonomy":"post_tag","embeddable":true,"href":"https:\/\/www.suno.com.br\/noticias\/wp-json\/wp\/v2\/tags?post=565442"},{"taxonomy":"suno_strategy","embeddable":true,"href":"https:\/\/www.suno.com.br\/noticias\/wp-json\/wp\/v2\/suno_strategy?post=565442"}],"curies":[{"name":"wp","href":"https:\/\/api.w.org\/{rel}","templated":true}]}}