{"id":565161,"date":"2024-07-04T14:19:18","date_gmt":"2024-07-04T17:19:18","guid":{"rendered":"https:\/\/www.suno.com.br\/noticias\/?p=565161"},"modified":"2024-07-04T14:19:23","modified_gmt":"2024-07-04T17:19:23","slug":"reforma-tributaria-restaurantes-nao-cumulativo-evm","status":"publish","type":"post","link":"https:\/\/www.suno.com.br\/noticias\/reforma-tributaria-restaurantes-nao-cumulativo-evm\/","title":{"rendered":"Reforma Tribut\u00e1ria: Restaurantes v\u00e3o para regime n\u00e3o cumulativo"},"content":{"rendered":"<p>Uma das mudan\u00e7as apontadas no texto substitutivo apresentado pela C\u00e2mara dos Deputados para a regulamenta\u00e7\u00e3o da <a class=\"suno-keyword\" data-force=\"no\" data-priority=\"2\" href=\"https:\/\/www.suno.com.br\/artigos\/reforma-tributaria\/\" target=\"_blank\" rel=\"noopener\"><strong>reforma tribut\u00e1ria<\/strong><\/a> \u00e9 a transfer\u00eancia de bares e restaurantes ao regime n\u00e3o cumulativo.<\/p><div class=\"videoFull \">\n\t\t\t<div class=\"videoWrapper yt-lazyload center\"\n\t\t\t\tdata-width=\"960\"\n\t\t\t\tdata-height=\"540\"\n\t\t\t\tdata-id=\"lUwEVSvRySU\"\n\t\t\t\tdata-alt=\"V\u00eddeo do YouTube - clique para reproduzir\"\n\t\t\t\tdata-logo=\"3\"\n\t\t\t\tdata-imagequality=\"maxres\">\n\t\t\t<\/div>\n\t\t<\/div><script type=\"application\/ld+json\">{\"@context\":\"https:\/\/schema.org\",\"@type\":\"VideoObject\",\"name\":\"\ud83d\udd34PETROBRAS (PETR4) SUBVALORIZADA? | Ibovespa sobe | Vale (VALE3) dispara\",\"description\":\"#mercadofinanceiro #a\u00e7\u00f5es #investimentos #bolsadevalores #ibovespa #dinheiro #finan\u00e7as #pol\u00edtica #d\u00f3lar #livedas19h #petr4 #petr3 #petrobras #vale3 #vale #a\u00e7\u00f5es #economia #dividendos #min\u00e9riodeferro #min\u00e9rio #petr\u00f3leo #commodities #proventos #dividendos #jcp #statusinvest #statusalpha #sunoconsultoria \ud83d\udd34TENHA UM CONSULTOR PRA TE AJUDAR NOS SEUS INVESTIMENTOS: https:\/\/lp.suno.com.br\/ao\/consultoria-de-investimentos\/?&utm_source=suno-noticias&utm_medium=live&utm_campaign=seuconsultorresponde&utm_content=27062024 00:00 In\u00edcio do v\u00eddeo 01:40 Fechamento de preg\u00e3o 05:53 Lula e Haddad voltaram atr\u00e1s? 08:29 PETR4, indica\u00e7\u00f5es\u2026\",\"duration\":\"PT20M43S\",\"embedUrl\":\"https:\/\/www.youtube.com\/embed\/lUwEVSvRySU\",\"regionsAllowed\":\"en-US\",\"interactionStatistic\":{\"@type\":\"InteractionCounter\",\"interactionType\":{\"@type\":\"WatchAction\"},\"userInteractionCount\":4552},\"thumbnailUrl\":\"https:\/\/i.ytimg.com\/vi\/lUwEVSvRySU\/default.jpg\",\"uploadDate\":\"2024-07-03T22:27:45Z\"}<\/script>\n\n\n\n\n\t<p>\n\t\t<a href=\"\" target=\"_blank\" data-element=\"shortcode-suno-banner\" title=\"Banner SUNO, clique e saiba mais\">\n\t\t\t<picture>\n\t\t\t\t<source media=\"(max-width: 500px)\" srcset=\"\">\n\t\t\t\t<img class=\"newsContent__article__imgCapa newsContent__article__imgCapa--banner\"\n\t\t\t\t\tsrc=\"\"\n\t\t\t\t\tdata-promo-id=\"240038\"\t\t\t\t\t\t\t\t\t\t\t\t\t\t\talt=\"\"\n\t\t\t\t>\n\t\t\t<\/picture>\n\t\t<\/a>\n\t<\/p>\n\n\n\n\n\n\n\n<p>Conforme resumo do <strong>texto da reforma tribut\u00e1ria<\/strong>, tamb\u00e9m &#8220;passou-se a permitir a exclus\u00e3o do delivery da base de c\u00e1lculo e se deixou claro que o fornecimento de alimenta\u00e7\u00e3o prontas para pessoas jur\u00eddicas est\u00e1 no regime geral de cr\u00e9dito e d\u00e9bito&#8221;.<\/p>\n\n\n\n<p>A expectativa \u00e9 de que a <strong><a href=\"https:\/\/www.camara.leg.br\/\">C\u00e2mara dos Deputados<\/a><\/strong> vote, j\u00e1 na semana que vem, o texto substitutivo da regulamenta\u00e7\u00e3o da reforma tribut\u00e1ria, que foi apresentado hoje pelo grupo de trabalho que ficou respons\u00e1vel pela an\u00e1lise da proposta entregue pelo governo federal.<\/p>\n\n\n\n<h2 class=\"wp-block-heading\">Relat\u00f3rio da reforma tribut\u00e1ria inclui 40% de redu\u00e7\u00e3o de al\u00edquota para constru\u00e7\u00e3o civil<\/h2>\n\n\n\n<p>Os deputados inclu\u00edram a constru\u00e7\u00e3o civil no regime imobili\u00e1rio da reforma tribut\u00e1ria, conforme relat\u00f3rio do primeiro projeto apresentado pelo grupo de trabalho sobre a lei geral do IBS e da CBS na C\u00e2mara, nesta quinta-feira (4). <\/p>\n\n\n\n<p>As opera\u00e7\u00f5es com bens im\u00f3veis est\u00e3o sujeitas a um regime espec\u00edfico de incid\u00eancia do IBS e da CBS.<\/p>\n\n\n\t<p>\n\t\t<a href=\"https:\/\/lp.suno.com.br\/ebook-gratuito-investindo-no-exterior\/\" target=\"_blank\" data-element=\"shortcode-suno-banner\" title=\"Banner SUNO, clique e saiba mais\">\n\t\t\t<picture>\n\t\t\t\t<source media=\"(max-width: 500px)\" srcset=\"https:\/\/files.sunoresearch.com.br\/n\/uploads\/2023\/03\/400x300-Investindo-no-exterior.png\">\n\t\t\t\t<img class=\"newsContent__article__imgCapa newsContent__article__imgCapa--banner\"\n\t\t\t\t\tsrc=\"https:\/\/files.sunoresearch.com.br\/n\/uploads\/2023\/03\/1420x240-Investindo-no-exterior.png\"\n\t\t\t\t\tdata-promo-id=\"383161\"\t\t\t\t\t\t\t\t\t\twidth='1420' height='240'\t\t\t\t\talt=\"https:\/\/files.sunoresearch.com.br\/n\/uploads\/2023\/03\/1420x240-Investindo-no-exterior.png\"\n\t\t\t\t>\n\t\t\t<\/picture>\n\t\t<\/a>\n\t<\/p>\n\n\n\n\n\n<p>Uma se\u00e7\u00e3o inclu\u00edda no parecer trata exclusivamente da constru\u00e7\u00e3o civil. <\/p>\n\n\n\n<p>&#8220;A base de c\u00e1lculo do IBS e da CBS nos servi\u00e7os de constru\u00e7\u00e3o civil ser\u00e1 o valor da opera\u00e7\u00e3o, deduzidos os valores relacionados aos materiais de constru\u00e7\u00e3o fornecidos diretamente ou indiretamente pela construtora&#8221;.<\/p>\n\n\n\n<p>Um dos artigos da se\u00e7\u00e3o veda a apropria\u00e7\u00e3o e a utiliza\u00e7\u00e3o dos cr\u00e9ditos de IBS e de CBS pelo fornecedor de servi\u00e7os de constru\u00e7\u00e3o civil nas aquisi\u00e7\u00f5es de materiais de constru\u00e7\u00e3o aplicados nas obras contratadas.<\/p>\n\n\n\n<p>O regime espec\u00edfico prev\u00ea que as al\u00edquotas do IBS e da CBS relativas \u00e0 constru\u00e7\u00e3o civil e a opera\u00e7\u00f5es com bens im\u00f3veis ficam reduzidas em 40%. <\/p>\n\n\n\n<p>As al\u00edquotas do IBS e da CBS relativas \u00e0s opera\u00e7\u00f5es de loca\u00e7\u00e3o, <a class=\"suno-keyword\" data-force=\"no\" data-priority=\"1\" href=\"https:\/\/www.suno.com.br\/artigos\/cessao-onerosa\/\" target=\"_blank\" rel=\"noopener\">cess\u00e3o onerosa<\/a> e arrendamento de bens im\u00f3veis ficam reduzidas em 60%.<\/p>\n\n\n\n<p>Segundo os parlamentares, a pr\u00f3xima semana na C\u00e2mara ser\u00e1 voltada &#8220;\u00fanica e exclusivamente&#8221; para a tramita\u00e7\u00e3o do primeiro projeto da regulamenta\u00e7\u00e3o. <\/p>\n\n\n\n<p>H\u00e1 uma expectativa de vota\u00e7\u00e3o de um requerimento de urg\u00eancia na pr\u00f3xima ter\u00e7a-feira. Os membros do GT afirmam que a ideia ainda \u00e9 aprovar a mat\u00e9ria da <strong>reforma tribut\u00e1ria<\/strong> antes do fim do semestre legislativo.<\/p>\n\n\n\n<p>Com Estad\u00e3o Conte\u00fado<\/p>\n\n\n\t<p>\n\t\t<a href=\"https:\/\/lp.suno.com.br\/planilha-da-vida-financeira\/\" target=\"_blank\" data-element=\"shortcode-suno-banner\" title=\"Banner SUNO, clique e saiba mais\">\n\t\t\t<picture>\n\t\t\t\t<source media=\"(max-width: 500px)\" srcset=\"https:\/\/files.sunoresearch.com.br\/n\/uploads\/2023\/04\/400x300-Planilha-vida-financeira-true.png\">\n\t\t\t\t<img class=\"newsContent__article__imgCapa newsContent__article__imgCapa--banner\"\n\t\t\t\t\tsrc=\"https:\/\/files.sunoresearch.com.br\/n\/uploads\/2023\/04\/1420x240-Planilha-vida-financeira-true.png\"\n\t\t\t\t\tdata-promo-id=\"383123\"\t\t\t\t\t\t\t\t\t\twidth='1420' height='240'\t\t\t\t\talt=\"https:\/\/files.sunoresearch.com.br\/n\/uploads\/2023\/04\/1420x240-Planilha-vida-financeira-true.png\"\n\t\t\t\t>\n\t\t\t<\/picture>\n\t\t<\/a>\n\t<\/p>\n\n\n","protected":false},"excerpt":{"rendered":"<p>Uma das mudan\u00e7as apontadas no texto substitutivo apresentado pela C\u00e2mara dos Deputados para a regulamenta\u00e7\u00e3o da reforma tribut\u00e1ria \u00e9 a transfer\u00eancia de bares e restaurantes ao regime n\u00e3o cumulativo. Conforme resumo do texto da reforma tribut\u00e1ria, tamb\u00e9m &#8220;passou-se a permitir a exclus\u00e3o do delivery da base de c\u00e1lculo e se deixou claro que o fornecimento [&hellip;]<\/p>\n","protected":false},"author":73,"featured_media":482959,"comment_status":"closed","ping_status":"closed","sticky":false,"template":"","format":"standard","meta":[],"categories":[62],"tags":[106444,1286],"suno_strategy":[],"class_list":["post-565161","post","type-post","status-publish","format-standard","has-post-thumbnail","hentry","category-economia","tag-agencias","tag-reforma-tributaria"],"yoast_head":"<!-- This site is optimized with the Yoast SEO plugin v24.4 - https:\/\/yoast.com\/wordpress\/plugins\/seo\/ -->\n<title>Reforma Tribut\u00e1ria: Restaurantes v\u00e3o para regime n\u00e3o cumulativo<\/title>\n<meta name=\"description\" content=\"Conforme resumo do texto da reforma tribut\u00e1ria, tamb\u00e9m &quot;passou-se a permitir a exclus\u00e3o do delivery da base de c\u00e1lculo&quot;\" \/>\n<meta name=\"robots\" content=\"index, follow, max-snippet:-1, max-image-preview:large, max-video-preview:-1\" \/>\n<link rel=\"canonical\" href=\"https:\/\/www.suno.com.br\/noticias\/reforma-tributaria-restaurantes-nao-cumulativo-evm\/\" \/>\n<meta property=\"og:locale\" content=\"pt_BR\" \/>\n<meta property=\"og:type\" content=\"article\" \/>\n<meta property=\"og:title\" content=\"Reforma Tribut\u00e1ria: Restaurantes v\u00e3o para regime n\u00e3o cumulativo\" \/>\n<meta property=\"og:description\" content=\"Conforme resumo do texto da reforma tribut\u00e1ria, tamb\u00e9m &quot;passou-se a permitir a exclus\u00e3o do delivery da base de c\u00e1lculo&quot;\" \/>\n<meta property=\"og:url\" content=\"https:\/\/www.suno.com.br\/noticias\/reforma-tributaria-restaurantes-nao-cumulativo-evm\/\" \/>\n<meta property=\"og:site_name\" content=\"Suno Not\u00edcias\" \/>\n<meta property=\"article:publisher\" content=\"https:\/\/facebook.com\/sunoresearch\" \/>\n<meta property=\"og:image\" content=\"https:\/\/files.sunoresearch.com.br\/n\/uploads\/2023\/11\/reforma-tributaria-no-Senado.jpg\" \/>\n\t<meta property=\"og:image:width\" content=\"1350\" \/>\n\t<meta property=\"og:image:height\" content=\"808\" \/>\n\t<meta property=\"og:image:type\" content=\"image\/jpeg\" \/>\n<meta name=\"author\" content=\"Eduardo Vargas\" \/>\n<meta name=\"twitter:card\" content=\"summary_large_image\" \/>\n<meta name=\"twitter:creator\" content=\"@sunoresearch\" \/>\n<meta name=\"twitter:site\" content=\"@sunoresearch\" \/>\n<meta name=\"twitter:label1\" content=\"Escrito por\" \/>\n\t<meta name=\"twitter:data1\" content=\"Eduardo Vargas\" \/>\n\t<meta name=\"twitter:label2\" content=\"Est. tempo de leitura\" \/>\n\t<meta name=\"twitter:data2\" content=\"3 minutos\" \/>\n<script type=\"application\/ld+json\" class=\"yoast-schema-graph\">{\"@context\":\"https:\/\/schema.org\",\"@graph\":[{\"@type\":\"NewsArticle\",\"@id\":\"https:\/\/www.suno.com.br\/noticias\/reforma-tributaria-restaurantes-nao-cumulativo-evm\/#article\",\"isPartOf\":{\"@id\":\"https:\/\/www.suno.com.br\/noticias\/reforma-tributaria-restaurantes-nao-cumulativo-evm\/\"},\"author\":{\"name\":\"Eduardo Vargas\",\"@id\":\"https:\/\/www.suno.com.br\/noticias\/#\/schema\/person\/7f4d362bf3518e76090143ae77bb49a5\"},\"headline\":\"Reforma Tribut\u00e1ria: Restaurantes v\u00e3o para regime n\u00e3o cumulativo\",\"datePublished\":\"2024-07-04T17:19:18+00:00\",\"dateModified\":\"2024-07-04T17:19:23+00:00\",\"mainEntityOfPage\":{\"@id\":\"https:\/\/www.suno.com.br\/noticias\/reforma-tributaria-restaurantes-nao-cumulativo-evm\/\"},\"wordCount\":449,\"publisher\":{\"@id\":\"https:\/\/www.suno.com.br\/noticias\/#organization\"},\"image\":{\"@id\":\"https:\/\/www.suno.com.br\/noticias\/reforma-tributaria-restaurantes-nao-cumulativo-evm\/#primaryimage\"},\"thumbnailUrl\":\"https:\/\/files.sunoresearch.com.br\/n\/uploads\/2023\/11\/reforma-tributaria-no-Senado.jpg\",\"keywords\":[\"Ag\u00eancias\",\"reforma tribut\u00e1ria\"],\"articleSection\":[\"Economia\"],\"inLanguage\":\"pt-BR\"},{\"@type\":\"WebPage\",\"@id\":\"https:\/\/www.suno.com.br\/noticias\/reforma-tributaria-restaurantes-nao-cumulativo-evm\/\",\"url\":\"https:\/\/www.suno.com.br\/noticias\/reforma-tributaria-restaurantes-nao-cumulativo-evm\/\",\"name\":\"Reforma Tribut\u00e1ria: Restaurantes v\u00e3o para regime n\u00e3o cumulativo\",\"isPartOf\":{\"@id\":\"https:\/\/www.suno.com.br\/noticias\/#website\"},\"primaryImageOfPage\":{\"@id\":\"https:\/\/www.suno.com.br\/noticias\/reforma-tributaria-restaurantes-nao-cumulativo-evm\/#primaryimage\"},\"image\":{\"@id\":\"https:\/\/www.suno.com.br\/noticias\/reforma-tributaria-restaurantes-nao-cumulativo-evm\/#primaryimage\"},\"thumbnailUrl\":\"https:\/\/files.sunoresearch.com.br\/n\/uploads\/2023\/11\/reforma-tributaria-no-Senado.jpg\",\"datePublished\":\"2024-07-04T17:19:18+00:00\",\"dateModified\":\"2024-07-04T17:19:23+00:00\",\"description\":\"Conforme resumo do texto da reforma tribut\u00e1ria, tamb\u00e9m \\\"passou-se a permitir a exclus\u00e3o do delivery da base de c\u00e1lculo\\\"\",\"breadcrumb\":{\"@id\":\"https:\/\/www.suno.com.br\/noticias\/reforma-tributaria-restaurantes-nao-cumulativo-evm\/#breadcrumb\"},\"inLanguage\":\"pt-BR\",\"potentialAction\":[{\"@type\":\"ReadAction\",\"target\":[\"https:\/\/www.suno.com.br\/noticias\/reforma-tributaria-restaurantes-nao-cumulativo-evm\/\"]}]},{\"@type\":\"ImageObject\",\"inLanguage\":\"pt-BR\",\"@id\":\"https:\/\/www.suno.com.br\/noticias\/reforma-tributaria-restaurantes-nao-cumulativo-evm\/#primaryimage\",\"url\":\"https:\/\/files.sunoresearch.com.br\/n\/uploads\/2023\/11\/reforma-tributaria-no-Senado.jpg\",\"contentUrl\":\"https:\/\/files.sunoresearch.com.br\/n\/uploads\/2023\/11\/reforma-tributaria-no-Senado.jpg\",\"width\":1350,\"height\":808,\"caption\":\"Reforma tribut\u00e1ria. Foto: Lula Marques\/Ag\u00eancia Brasil\"},{\"@type\":\"BreadcrumbList\",\"@id\":\"https:\/\/www.suno.com.br\/noticias\/reforma-tributaria-restaurantes-nao-cumulativo-evm\/#breadcrumb\",\"itemListElement\":[{\"@type\":\"ListItem\",\"position\":1,\"name\":\"Not\u00edcias\",\"item\":\"https:\/\/www.suno.com.br\/noticias\/\"},{\"@type\":\"ListItem\",\"position\":2,\"name\":\"Economia\",\"item\":\"https:\/\/www.suno.com.br\/noticias\/economia\/\"},{\"@type\":\"ListItem\",\"position\":3,\"name\":\"Reforma Tribut\u00e1ria: Restaurantes v\u00e3o para regime n\u00e3o cumulativo\"}]},{\"@type\":\"WebSite\",\"@id\":\"https:\/\/www.suno.com.br\/noticias\/#website\",\"url\":\"https:\/\/www.suno.com.br\/noticias\/\",\"name\":\"Suno Not\u00edcias\",\"description\":\"Seu portal de informa\u00e7\u00e3o sobre o mundo dos investimentos\",\"publisher\":{\"@id\":\"https:\/\/www.suno.com.br\/noticias\/#organization\"},\"potentialAction\":[{\"@type\":\"SearchAction\",\"target\":{\"@type\":\"EntryPoint\",\"urlTemplate\":\"https:\/\/www.suno.com.br\/noticias\/?s={search_term_string}\"},\"query-input\":{\"@type\":\"PropertyValueSpecification\",\"valueRequired\":true,\"valueName\":\"search_term_string\"}}],\"inLanguage\":\"pt-BR\"},{\"@type\":\"Organization\",\"@id\":\"https:\/\/www.suno.com.br\/noticias\/#organization\",\"name\":\"Suno Not\u00edcias\",\"url\":\"https:\/\/www.suno.com.br\/noticias\/\",\"logo\":{\"@type\":\"ImageObject\",\"inLanguage\":\"pt-BR\",\"@id\":\"https:\/\/www.suno.com.br\/noticias\/#\/schema\/logo\/image\/\",\"url\":\"https:\/\/files.sunoresearch.com.br\/n\/uploads\/2021\/09\/suno-logo.png\",\"contentUrl\":\"https:\/\/files.sunoresearch.com.br\/n\/uploads\/2021\/09\/suno-logo.png\",\"width\":180,\"height\":180,\"caption\":\"Suno Not\u00edcias\"},\"image\":{\"@id\":\"https:\/\/www.suno.com.br\/noticias\/#\/schema\/logo\/image\/\"},\"sameAs\":[\"https:\/\/facebook.com\/sunoresearch\",\"https:\/\/x.com\/sunoresearch\",\"https:\/\/www.instagram.com\/suno\",\"https:\/\/www.linkedin.com\/company\/suno-research\/\",\"https:\/\/www.youtube.com\/c\/sunoresearch\"]},{\"@type\":\"Person\",\"@id\":\"https:\/\/www.suno.com.br\/noticias\/#\/schema\/person\/7f4d362bf3518e76090143ae77bb49a5\",\"name\":\"Eduardo Vargas\",\"image\":{\"@type\":\"ImageObject\",\"inLanguage\":\"pt-BR\",\"@id\":\"https:\/\/www.suno.com.br\/noticias\/#\/schema\/person\/image\/\",\"url\":\"https:\/\/secure.gravatar.com\/avatar\/dac340933427a22924c9f99d1eb2e3f2?s=96&r=g\",\"contentUrl\":\"https:\/\/secure.gravatar.com\/avatar\/dac340933427a22924c9f99d1eb2e3f2?s=96&r=g\",\"caption\":\"Eduardo Vargas\"},\"description\":\"Jornalista formado pela UFSC, cobre macroeconomia, neg\u00f3cios e startups para o Suno Not\u00edcias, escrevendo principalmente not\u00edcias sobre o mercado financeiro e a bolsa de valores. No YouTube e no Instagram, \u00e9 respons\u00e1vel pela produ\u00e7\u00e3o de Reels e Shorts do Suno Not\u00edcias. Anteriormente, trabalhou cobrindo economia e cotidiano no ND+ e para o ND, maior jornal impresso de Santa Catarina. Cursou um semestre letivo de Estudos de M\u00eddia na Universidad de Buenos Aires.\",\"url\":\"https:\/\/www.suno.com.br\/noticias\/author\/eduardo-vargas\/\"}]}<\/script>\n<!-- \/ Yoast SEO plugin. -->","yoast_head_json":{"title":"Reforma Tribut\u00e1ria: Restaurantes v\u00e3o para regime n\u00e3o cumulativo","description":"Conforme resumo do texto da reforma tribut\u00e1ria, tamb\u00e9m \"passou-se a permitir a exclus\u00e3o do delivery da base de c\u00e1lculo\"","robots":{"index":"index","follow":"follow","max-snippet":"max-snippet:-1","max-image-preview":"max-image-preview:large","max-video-preview":"max-video-preview:-1"},"canonical":"https:\/\/www.suno.com.br\/noticias\/reforma-tributaria-restaurantes-nao-cumulativo-evm\/","og_locale":"pt_BR","og_type":"article","og_title":"Reforma Tribut\u00e1ria: Restaurantes v\u00e3o para regime n\u00e3o cumulativo","og_description":"Conforme resumo do texto da reforma tribut\u00e1ria, tamb\u00e9m \"passou-se a permitir a exclus\u00e3o do delivery da base de c\u00e1lculo\"","og_url":"https:\/\/www.suno.com.br\/noticias\/reforma-tributaria-restaurantes-nao-cumulativo-evm\/","og_site_name":"Suno Not\u00edcias","article_publisher":"https:\/\/facebook.com\/sunoresearch","og_image":[{"width":1350,"height":808,"url":"https:\/\/files.sunoresearch.com.br\/n\/uploads\/2023\/11\/reforma-tributaria-no-Senado.jpg","type":"image\/jpeg"}],"author":"Eduardo Vargas","twitter_card":"summary_large_image","twitter_creator":"@sunoresearch","twitter_site":"@sunoresearch","twitter_misc":{"Escrito por":"Eduardo Vargas","Est. tempo de leitura":"3 minutos"},"schema":{"@context":"https:\/\/schema.org","@graph":[{"@type":"NewsArticle","@id":"https:\/\/www.suno.com.br\/noticias\/reforma-tributaria-restaurantes-nao-cumulativo-evm\/#article","isPartOf":{"@id":"https:\/\/www.suno.com.br\/noticias\/reforma-tributaria-restaurantes-nao-cumulativo-evm\/"},"author":{"name":"Eduardo Vargas","@id":"https:\/\/www.suno.com.br\/noticias\/#\/schema\/person\/7f4d362bf3518e76090143ae77bb49a5"},"headline":"Reforma Tribut\u00e1ria: Restaurantes v\u00e3o para regime n\u00e3o cumulativo","datePublished":"2024-07-04T17:19:18+00:00","dateModified":"2024-07-04T17:19:23+00:00","mainEntityOfPage":{"@id":"https:\/\/www.suno.com.br\/noticias\/reforma-tributaria-restaurantes-nao-cumulativo-evm\/"},"wordCount":449,"publisher":{"@id":"https:\/\/www.suno.com.br\/noticias\/#organization"},"image":{"@id":"https:\/\/www.suno.com.br\/noticias\/reforma-tributaria-restaurantes-nao-cumulativo-evm\/#primaryimage"},"thumbnailUrl":"https:\/\/files.sunoresearch.com.br\/n\/uploads\/2023\/11\/reforma-tributaria-no-Senado.jpg","keywords":["Ag\u00eancias","reforma tribut\u00e1ria"],"articleSection":["Economia"],"inLanguage":"pt-BR"},{"@type":"WebPage","@id":"https:\/\/www.suno.com.br\/noticias\/reforma-tributaria-restaurantes-nao-cumulativo-evm\/","url":"https:\/\/www.suno.com.br\/noticias\/reforma-tributaria-restaurantes-nao-cumulativo-evm\/","name":"Reforma Tribut\u00e1ria: Restaurantes v\u00e3o para regime n\u00e3o cumulativo","isPartOf":{"@id":"https:\/\/www.suno.com.br\/noticias\/#website"},"primaryImageOfPage":{"@id":"https:\/\/www.suno.com.br\/noticias\/reforma-tributaria-restaurantes-nao-cumulativo-evm\/#primaryimage"},"image":{"@id":"https:\/\/www.suno.com.br\/noticias\/reforma-tributaria-restaurantes-nao-cumulativo-evm\/#primaryimage"},"thumbnailUrl":"https:\/\/files.sunoresearch.com.br\/n\/uploads\/2023\/11\/reforma-tributaria-no-Senado.jpg","datePublished":"2024-07-04T17:19:18+00:00","dateModified":"2024-07-04T17:19:23+00:00","description":"Conforme resumo do texto da reforma tribut\u00e1ria, tamb\u00e9m \"passou-se a permitir a exclus\u00e3o do delivery da base de c\u00e1lculo\"","breadcrumb":{"@id":"https:\/\/www.suno.com.br\/noticias\/reforma-tributaria-restaurantes-nao-cumulativo-evm\/#breadcrumb"},"inLanguage":"pt-BR","potentialAction":[{"@type":"ReadAction","target":["https:\/\/www.suno.com.br\/noticias\/reforma-tributaria-restaurantes-nao-cumulativo-evm\/"]}]},{"@type":"ImageObject","inLanguage":"pt-BR","@id":"https:\/\/www.suno.com.br\/noticias\/reforma-tributaria-restaurantes-nao-cumulativo-evm\/#primaryimage","url":"https:\/\/files.sunoresearch.com.br\/n\/uploads\/2023\/11\/reforma-tributaria-no-Senado.jpg","contentUrl":"https:\/\/files.sunoresearch.com.br\/n\/uploads\/2023\/11\/reforma-tributaria-no-Senado.jpg","width":1350,"height":808,"caption":"Reforma tribut\u00e1ria. Foto: Lula Marques\/Ag\u00eancia Brasil"},{"@type":"BreadcrumbList","@id":"https:\/\/www.suno.com.br\/noticias\/reforma-tributaria-restaurantes-nao-cumulativo-evm\/#breadcrumb","itemListElement":[{"@type":"ListItem","position":1,"name":"Not\u00edcias","item":"https:\/\/www.suno.com.br\/noticias\/"},{"@type":"ListItem","position":2,"name":"Economia","item":"https:\/\/www.suno.com.br\/noticias\/economia\/"},{"@type":"ListItem","position":3,"name":"Reforma Tribut\u00e1ria: Restaurantes v\u00e3o para regime n\u00e3o cumulativo"}]},{"@type":"WebSite","@id":"https:\/\/www.suno.com.br\/noticias\/#website","url":"https:\/\/www.suno.com.br\/noticias\/","name":"Suno Not\u00edcias","description":"Seu portal de informa\u00e7\u00e3o sobre o mundo dos investimentos","publisher":{"@id":"https:\/\/www.suno.com.br\/noticias\/#organization"},"potentialAction":[{"@type":"SearchAction","target":{"@type":"EntryPoint","urlTemplate":"https:\/\/www.suno.com.br\/noticias\/?s={search_term_string}"},"query-input":{"@type":"PropertyValueSpecification","valueRequired":true,"valueName":"search_term_string"}}],"inLanguage":"pt-BR"},{"@type":"Organization","@id":"https:\/\/www.suno.com.br\/noticias\/#organization","name":"Suno Not\u00edcias","url":"https:\/\/www.suno.com.br\/noticias\/","logo":{"@type":"ImageObject","inLanguage":"pt-BR","@id":"https:\/\/www.suno.com.br\/noticias\/#\/schema\/logo\/image\/","url":"https:\/\/files.sunoresearch.com.br\/n\/uploads\/2021\/09\/suno-logo.png","contentUrl":"https:\/\/files.sunoresearch.com.br\/n\/uploads\/2021\/09\/suno-logo.png","width":180,"height":180,"caption":"Suno Not\u00edcias"},"image":{"@id":"https:\/\/www.suno.com.br\/noticias\/#\/schema\/logo\/image\/"},"sameAs":["https:\/\/facebook.com\/sunoresearch","https:\/\/x.com\/sunoresearch","https:\/\/www.instagram.com\/suno","https:\/\/www.linkedin.com\/company\/suno-research\/","https:\/\/www.youtube.com\/c\/sunoresearch"]},{"@type":"Person","@id":"https:\/\/www.suno.com.br\/noticias\/#\/schema\/person\/7f4d362bf3518e76090143ae77bb49a5","name":"Eduardo Vargas","image":{"@type":"ImageObject","inLanguage":"pt-BR","@id":"https:\/\/www.suno.com.br\/noticias\/#\/schema\/person\/image\/","url":"https:\/\/secure.gravatar.com\/avatar\/dac340933427a22924c9f99d1eb2e3f2?s=96&r=g","contentUrl":"https:\/\/secure.gravatar.com\/avatar\/dac340933427a22924c9f99d1eb2e3f2?s=96&r=g","caption":"Eduardo Vargas"},"description":"Jornalista formado pela UFSC, cobre macroeconomia, neg\u00f3cios e startups para o Suno Not\u00edcias, escrevendo principalmente not\u00edcias sobre o mercado financeiro e a bolsa de valores. No YouTube e no Instagram, \u00e9 respons\u00e1vel pela produ\u00e7\u00e3o de Reels e Shorts do Suno Not\u00edcias. Anteriormente, trabalhou cobrindo economia e cotidiano no ND+ e para o ND, maior jornal impresso de Santa Catarina. Cursou um semestre letivo de Estudos de M\u00eddia na Universidad de Buenos Aires.","url":"https:\/\/www.suno.com.br\/noticias\/author\/eduardo-vargas\/"}]}},"default_loop_html":"<div class=\"cardsPage__listCard__boxs\"><div class=\"cardsPage__listCard__boxs__img\"><a href=\"https:\/\/www.suno.com.br\/noticias\/reforma-tributaria-restaurantes-nao-cumulativo-evm\/\"><img class=\"mask\" src=\"https:\/\/www.suno.com.br\/noticias\/wp-content\/themes\/suno\/resources\/images\/spotlight\/spotlight1img\/bg-mask.png\" alt=\"Image Mask\"\/><img src=\"https:\/\/files.sunoresearch.com.br\/n\/uploads\/2023\/11\/reforma-tributaria-no-Senado-400x200.jpg\" alt=\"Reforma Tribut\u00e1ria: Restaurantes v\u00e3o para regime n\u00e3o cumulativo\"\/><\/a><span class=\"spotlightCategory\"><a href=\"https:\/\/www.suno.com.br\/noticias\/economia\/\">Economia<\/a><\/span><\/div><div class=\"cardsPage__listCard__boxs__content\"><a href=\"https:\/\/www.suno.com.br\/noticias\/reforma-tributaria-restaurantes-nao-cumulativo-evm\/\"><h2 class=\"content__title\">Reforma Tribut\u00e1ria: Restaurantes v\u00e3o para regime n\u00e3o cumulativo<\/h2><\/a><div class=\"newsContent__article__meta\"><div class=\"newsContent__article__meta__authorBox\"><a href=\"https:\/\/www.suno.com.br\/noticias\/author\/eduardo-vargas\/\" class=\"authorBox__avatar noMobi\"><img src=\"https:\/\/secure.gravatar.com\/avatar\/dac340933427a22924c9f99d1eb2e3f2?s=96&#038;r=g\" alt=\"Eduardo Vargas\"><\/a><div class=\"authorBox__name\"><span>por\n\t\t\t<a href=\"https:\/\/www.suno.com.br\/noticias\/author\/eduardo-vargas\/\"><span itemprop=\"author\">Eduardo Vargas<\/span><\/a><\/span><time datetime=\"2024-07-04T14:19:18-03:00\" itemprop=\"datePublished\">04\/07\/2024 14:19<\/time><\/div><\/div><\/div><\/div><\/div>","single_layout":"posts","amp_enabled":true,"_links":{"self":[{"href":"https:\/\/www.suno.com.br\/noticias\/wp-json\/wp\/v2\/posts\/565161"}],"collection":[{"href":"https:\/\/www.suno.com.br\/noticias\/wp-json\/wp\/v2\/posts"}],"about":[{"href":"https:\/\/www.suno.com.br\/noticias\/wp-json\/wp\/v2\/types\/post"}],"author":[{"embeddable":true,"href":"https:\/\/www.suno.com.br\/noticias\/wp-json\/wp\/v2\/users\/73"}],"replies":[{"embeddable":true,"href":"https:\/\/www.suno.com.br\/noticias\/wp-json\/wp\/v2\/comments?post=565161"}],"version-history":[{"count":3,"href":"https:\/\/www.suno.com.br\/noticias\/wp-json\/wp\/v2\/posts\/565161\/revisions"}],"predecessor-version":[{"id":565174,"href":"https:\/\/www.suno.com.br\/noticias\/wp-json\/wp\/v2\/posts\/565161\/revisions\/565174"}],"wp:featuredmedia":[{"embeddable":true,"href":"https:\/\/www.suno.com.br\/noticias\/wp-json\/wp\/v2\/media\/482959"}],"wp:attachment":[{"href":"https:\/\/www.suno.com.br\/noticias\/wp-json\/wp\/v2\/media?parent=565161"}],"wp:term":[{"taxonomy":"category","embeddable":true,"href":"https:\/\/www.suno.com.br\/noticias\/wp-json\/wp\/v2\/categories?post=565161"},{"taxonomy":"post_tag","embeddable":true,"href":"https:\/\/www.suno.com.br\/noticias\/wp-json\/wp\/v2\/tags?post=565161"},{"taxonomy":"suno_strategy","embeddable":true,"href":"https:\/\/www.suno.com.br\/noticias\/wp-json\/wp\/v2\/suno_strategy?post=565161"}],"curies":[{"name":"wp","href":"https:\/\/api.w.org\/{rel}","templated":true}]}}