{"id":565075,"date":"2024-07-03T22:32:07","date_gmt":"2024-07-04T01:32:07","guid":{"rendered":"https:\/\/www.suno.com.br\/noticias\/?p=565075"},"modified":"2024-07-03T22:32:11","modified_gmt":"2024-07-04T01:32:11","slug":"fiis-inadimplencia-wework-sexto-relato-fc","status":"publish","type":"post","link":"https:\/\/www.suno.com.br\/noticias\/fiis-inadimplencia-wework-sexto-relato-fc\/","title":{"rendered":"Mais um fundo divulga inadimpl\u00eancia da WeWork; s\u00e3o seis FIIs at\u00e9 agora"},"content":{"rendered":"<p>O fundo imobili\u00e1rio Multi Renda Urbana (VVMR11) anunciou na noite desta quarta-feira (3) que n\u00e3o recebeu at\u00e9 agora o aluguel relativo \u00e0 compet\u00eancia de maio de 2024 da WeWork, empresa de gest\u00e3o de espa\u00e7os de coworking, em linha com os an\u00fancios de n\u00e3o recebimento realizados por outros <strong>FIIs<\/strong> nos \u00faltimos dias.<\/p>\t<div class=\"wrapper-featured-image\">\n\t\t<figure class=\"spotlightImg\">\n\n\t\t\t<picture>\n\t\t\t\t<source media=\"(max-width: 768px)\" srcset=\"https:\/\/files.sunoresearch.com.br\/n\/uploads\/2021\/05\/7580abaf-13502998_1336822542996468_4041568704985308327_o-400x200.webp\">\n\t\t\t\t<img loading=\"lazy\" decoding=\"async\" class=\"newsContent__article__imgCapa lazyloadDisabled \" src=\"https:\/\/files.sunoresearch.com.br\/n\/uploads\/2021\/05\/7580abaf-13502998_1336822542996468_4041568704985308327_o-800x450.webp\" width=\"800\" height=\"450\" alt=\"Mais um fundo divulga inadimpl\u00eancia da WeWork; s\u00e3o seis FIIs at\u00e9 agora\" fetchpriority=high \/>\n\t\t\t<\/picture>\n\n\t\t\t<figcaption class=\"wp-caption-text wp-caption-text--show\">WeWork. Foto: Reprodu\u00e7\u00e3o Facebook<\/figcaption>\n\t\t<\/figure>\n\t<\/div>\n\n\n\n\n\n\t<p>\n\t\t<a href=\"\" target=\"_blank\" data-element=\"shortcode-suno-banner\" title=\"Banner SUNO, clique e saiba mais\">\n\t\t\t<picture>\n\t\t\t\t<source media=\"(max-width: 500px)\" srcset=\"\">\n\t\t\t\t<img class=\"newsContent__article__imgCapa newsContent__article__imgCapa--banner\"\n\t\t\t\t\tsrc=\"\"\n\t\t\t\t\tdata-promo-id=\"89005\"\t\t\t\t\t\t\t\t\t\t\t\t\t\t\talt=\"\"\n\t\t\t\t>\n\t\t\t<\/picture>\n\t\t<\/a>\n\t<\/p>\n\n\n\n\n\n<p>No caso do fundo imobili\u00e1rio VVMR11, o valor do aluguel est\u00e1 associado \u00e0 loca\u00e7\u00e3o de 55 salas em cinco diferentes andares do edif\u00edcio One Eleven, na Vila Ol\u00edmpia, centro financeiro de S\u00e3o Paulo.<\/p>\n\n\n\n<ul class=\"wp-block-list\">\n<li>Salas 101 a 114, do 1\u00ba andar;<\/li>\n\n\n\n<li>Salas 201 a 214, do 2\u00ba andar;<\/li>\n\n\n\n<li>Salas 301 a 306 e 310 a 314, do 3 \u00ba andar;<\/li>\n\n\n\n<li>Salas 401 a 405 e 410 a 414, do 4\u00ba andar;<\/li>\n\n\n\n<li>Salas 601 a 606, do 6\u00ba andar.<\/li>\n<\/ul>\n\n\n\n<p>A gest\u00e3o e a administra\u00e7\u00e3o do FII VVMR11 afirmam que v\u00e3o adotar todas as medidas cab\u00edveis, conforme os termos do contrato de loca\u00e7\u00e3o e em conformidade com a legisla\u00e7\u00e3o, para que se possa cobrar o valor devido pela empresa de escrit\u00f3rios compartilhados.<\/p>\n\n\n\n<p>Pela falta desse pagamento, a receita imobili\u00e1ria relativa \u00e0 compet\u00eancia de maio vai ser influenciada de maneira negativa em cerca de R$ 0,19 por cota.<\/p>\n\n\n\t<p>\n\t\t<a href=\"https:\/\/lp.suno.com.br\/minicurso-investindo-fiis\/\" target=\"_blank\" data-element=\"shortcode-suno-banner\" title=\"Banner SUNO, clique e saiba mais\">\n\t\t\t<picture>\n\t\t\t\t<source media=\"(max-width: 500px)\" srcset=\"https:\/\/files.sunoresearch.com.br\/n\/uploads\/2023\/03\/400x300-Minicurso-FIIS.png\">\n\t\t\t\t<img class=\"newsContent__article__imgCapa newsContent__article__imgCapa--banner\"\n\t\t\t\t\tsrc=\"https:\/\/files.sunoresearch.com.br\/n\/uploads\/2023\/03\/1420x240-Minicurso-FIIS.png\"\n\t\t\t\t\tdata-promo-id=\"383125\"\t\t\t\t\t\t\t\t\t\twidth='1420' height='240'\t\t\t\t\talt=\"https:\/\/files.sunoresearch.com.br\/n\/uploads\/2023\/03\/1420x240-Minicurso-FIIS.png\"\n\t\t\t\t>\n\t\t\t<\/picture>\n\t\t<\/a>\n\t<\/p>\n\n\n\n\n\n<h2 class=\"wp-block-heading\">FIIs com calote da WeWork: VVMR11 \u00e9 o sexto<\/h2>\n\n\n\n<p>Al\u00e9m do fundo imobili\u00e1rio VVMR11, outros FIIs tamb\u00e9m divulgaram recentemente que n\u00e3o receberam aluguel da WeWork, conforme informa\u00e7\u00f5es abaixo:<\/p>\n\n\n\n<ul class=\"wp-block-list\">\n<li>VINO11 &#8211; Im\u00f3vel OF 585, na rua Oscar Freire, regi\u00e3o da Avenida Paulista; ocupa uma \u00e1rea de 3.594 metros quadrados, equivalente a 5% das receitas do FII;<\/li>\n\n\n\n<li>RCRB11 &#8211; Im\u00f3vel na Vila Madalena, zona oeste de S\u00e3o Paulo, corresponde a 9,5% da receita contratada do fundo;<\/li>\n\n\n\n<li>SARE11 &#8211; unidades do Condom\u00ednio WT Morumbi, com risco de impacto negativo de R$ 0,05 por cota;<\/li>\n\n\n\n<li>TRNT11 &#8211; unidades da Torre Norte do Centro Empresarial das Na\u00e7\u00f5es Unidas, na zona sul de S\u00e3o Paulo, com risco de impacto negativo de R$ 0,12 por cota;<\/li>\n\n\n\n<li>VGRI11 &#8211; \u00e1rea de 2.878,88 metros quadrados no Brazilian Financial Center (BFC), localizado na Avenida Paulista, que representa 5,8% das receitas do fundo.<\/li>\n<\/ul>\n\n\n\n<p>As gestoras dos <strong>FIIs<\/strong> informaram que est\u00e3o em conversa\u00e7\u00f5es para verificar as possibilidades de retorno \u00e0 normalidade dos pagamentos e estudando provid\u00eancias para defender o interesse dos cotistas. A WeWork ainda n\u00e3o se manifestou publicamente sobre o caso.<\/p>\n\n\n\t<p>\n\t\t<a href=\"https:\/\/lp.suno.com.br\/planilha-da-vida-financeira\/\" target=\"_blank\" data-element=\"shortcode-suno-banner\" title=\"Banner SUNO, clique e saiba mais\">\n\t\t\t<picture>\n\t\t\t\t<source media=\"(max-width: 500px)\" srcset=\"https:\/\/files.sunoresearch.com.br\/n\/uploads\/2023\/04\/400x300-Planilha-vida-financeira-true.png\">\n\t\t\t\t<img class=\"newsContent__article__imgCapa newsContent__article__imgCapa--banner\"\n\t\t\t\t\tsrc=\"https:\/\/files.sunoresearch.com.br\/n\/uploads\/2023\/04\/1420x240-Planilha-vida-financeira-true.png\"\n\t\t\t\t\tdata-promo-id=\"383123\"\t\t\t\t\t\t\t\t\t\twidth='1420' height='240'\t\t\t\t\talt=\"https:\/\/files.sunoresearch.com.br\/n\/uploads\/2023\/04\/1420x240-Planilha-vida-financeira-true.png\"\n\t\t\t\t>\n\t\t\t<\/picture>\n\t\t<\/a>\n\t<\/p>\n\n\n","protected":false},"excerpt":{"rendered":"<p>FIIs podem ter impacto na distribui\u00e7\u00e3o de dividendos se calote persistir; empresa de gest\u00e3o de coworking n\u00e3o se manifestou.<\/p>\n","protected":false},"author":339,"featured_media":149801,"comment_status":"closed","ping_status":"closed","sticky":false,"template":"","format":"standard","meta":[],"categories":[66],"tags":[],"suno_strategy":[],"class_list":["post-565075","post","type-post","status-publish","format-standard","has-post-thumbnail","hentry","category-fiis"],"yoast_head":"<!-- This site is optimized with the Yoast SEO plugin v24.4 - https:\/\/yoast.com\/wordpress\/plugins\/seo\/ -->\n<title>Mais um: seis FIIs relatam inadimpl\u00eancia da WeWork<\/title>\n<meta name=\"description\" content=\"FIIs podem ter impacto na distribui\u00e7\u00e3o de dividendos se calote persistir; empresa de gest\u00e3o de coworking n\u00e3o se manifestou.\" \/>\n<meta name=\"robots\" content=\"index, follow, max-snippet:-1, max-image-preview:large, max-video-preview:-1\" \/>\n<link rel=\"canonical\" href=\"https:\/\/www.suno.com.br\/noticias\/fiis-inadimplencia-wework-sexto-relato-fc\/\" \/>\n<meta property=\"og:locale\" content=\"pt_BR\" \/>\n<meta property=\"og:type\" content=\"article\" \/>\n<meta property=\"og:title\" content=\"Mais um: seis FIIs relatam inadimpl\u00eancia da WeWork\" \/>\n<meta property=\"og:description\" content=\"FIIs podem ter impacto na distribui\u00e7\u00e3o de dividendos se calote persistir; empresa de gest\u00e3o de coworking n\u00e3o se manifestou.\" \/>\n<meta property=\"og:url\" content=\"https:\/\/www.suno.com.br\/noticias\/fiis-inadimplencia-wework-sexto-relato-fc\/\" \/>\n<meta property=\"og:site_name\" content=\"Suno Not\u00edcias\" \/>\n<meta property=\"article:publisher\" content=\"https:\/\/facebook.com\/sunoresearch\" \/>\n<meta property=\"og:image\" content=\"https:\/\/files.sunoresearch.com.br\/n\/uploads\/2021\/05\/7580abaf-13502998_1336822542996468_4041568704985308327_o.jpg\" \/>\n\t<meta property=\"og:image:width\" content=\"2048\" \/>\n\t<meta property=\"og:image:height\" content=\"1365\" \/>\n\t<meta property=\"og:image:type\" content=\"image\/jpeg\" \/>\n<meta name=\"author\" content=\"Fernando Cesarotti\" \/>\n<meta name=\"twitter:card\" content=\"summary_large_image\" \/>\n<meta name=\"twitter:creator\" content=\"@sunoresearch\" \/>\n<meta name=\"twitter:site\" content=\"@sunoresearch\" \/>\n<meta name=\"twitter:label1\" content=\"Escrito por\" \/>\n\t<meta name=\"twitter:data1\" content=\"Fernando Cesarotti\" \/>\n\t<meta name=\"twitter:label2\" content=\"Est. tempo de leitura\" \/>\n\t<meta name=\"twitter:data2\" content=\"3 minutos\" \/>\n<script type=\"application\/ld+json\" class=\"yoast-schema-graph\">{\"@context\":\"https:\/\/schema.org\",\"@graph\":[{\"@type\":\"NewsArticle\",\"@id\":\"https:\/\/www.suno.com.br\/noticias\/fiis-inadimplencia-wework-sexto-relato-fc\/#article\",\"isPartOf\":{\"@id\":\"https:\/\/www.suno.com.br\/noticias\/fiis-inadimplencia-wework-sexto-relato-fc\/\"},\"author\":{\"name\":\"Fernando Cesarotti\",\"@id\":\"https:\/\/www.suno.com.br\/noticias\/#\/schema\/person\/02171f82e02ec2306ed662847e114507\"},\"headline\":\"Mais um fundo divulga inadimpl\u00eancia da WeWork; s\u00e3o seis FIIs at\u00e9 agora\",\"datePublished\":\"2024-07-04T01:32:07+00:00\",\"dateModified\":\"2024-07-04T01:32:11+00:00\",\"mainEntityOfPage\":{\"@id\":\"https:\/\/www.suno.com.br\/noticias\/fiis-inadimplencia-wework-sexto-relato-fc\/\"},\"wordCount\":398,\"publisher\":{\"@id\":\"https:\/\/www.suno.com.br\/noticias\/#organization\"},\"image\":{\"@id\":\"https:\/\/www.suno.com.br\/noticias\/fiis-inadimplencia-wework-sexto-relato-fc\/#primaryimage\"},\"thumbnailUrl\":\"https:\/\/files.sunoresearch.com.br\/n\/uploads\/2021\/05\/7580abaf-13502998_1336822542996468_4041568704985308327_o-jpg.webp\",\"articleSection\":[\"FIIs\"],\"inLanguage\":\"pt-BR\"},{\"@type\":\"WebPage\",\"@id\":\"https:\/\/www.suno.com.br\/noticias\/fiis-inadimplencia-wework-sexto-relato-fc\/\",\"url\":\"https:\/\/www.suno.com.br\/noticias\/fiis-inadimplencia-wework-sexto-relato-fc\/\",\"name\":\"Mais um: seis FIIs relatam inadimpl\u00eancia da WeWork\",\"isPartOf\":{\"@id\":\"https:\/\/www.suno.com.br\/noticias\/#website\"},\"primaryImageOfPage\":{\"@id\":\"https:\/\/www.suno.com.br\/noticias\/fiis-inadimplencia-wework-sexto-relato-fc\/#primaryimage\"},\"image\":{\"@id\":\"https:\/\/www.suno.com.br\/noticias\/fiis-inadimplencia-wework-sexto-relato-fc\/#primaryimage\"},\"thumbnailUrl\":\"https:\/\/files.sunoresearch.com.br\/n\/uploads\/2021\/05\/7580abaf-13502998_1336822542996468_4041568704985308327_o-jpg.webp\",\"datePublished\":\"2024-07-04T01:32:07+00:00\",\"dateModified\":\"2024-07-04T01:32:11+00:00\",\"description\":\"FIIs podem ter impacto na distribui\u00e7\u00e3o de dividendos se calote persistir; empresa de gest\u00e3o de coworking n\u00e3o se manifestou.\",\"breadcrumb\":{\"@id\":\"https:\/\/www.suno.com.br\/noticias\/fiis-inadimplencia-wework-sexto-relato-fc\/#breadcrumb\"},\"inLanguage\":\"pt-BR\",\"potentialAction\":[{\"@type\":\"ReadAction\",\"target\":[\"https:\/\/www.suno.com.br\/noticias\/fiis-inadimplencia-wework-sexto-relato-fc\/\"]}]},{\"@type\":\"ImageObject\",\"inLanguage\":\"pt-BR\",\"@id\":\"https:\/\/www.suno.com.br\/noticias\/fiis-inadimplencia-wework-sexto-relato-fc\/#primaryimage\",\"url\":\"https:\/\/files.sunoresearch.com.br\/n\/uploads\/2021\/05\/7580abaf-13502998_1336822542996468_4041568704985308327_o-jpg.webp\",\"contentUrl\":\"https:\/\/files.sunoresearch.com.br\/n\/uploads\/2021\/05\/7580abaf-13502998_1336822542996468_4041568704985308327_o-jpg.webp\",\"width\":2048,\"height\":1365,\"caption\":\"WeWork. Foto: Reprodu\u00e7\u00e3o Facebook\"},{\"@type\":\"BreadcrumbList\",\"@id\":\"https:\/\/www.suno.com.br\/noticias\/fiis-inadimplencia-wework-sexto-relato-fc\/#breadcrumb\",\"itemListElement\":[{\"@type\":\"ListItem\",\"position\":1,\"name\":\"Not\u00edcias\",\"item\":\"https:\/\/www.suno.com.br\/noticias\/\"},{\"@type\":\"ListItem\",\"position\":2,\"name\":\"FIIs\",\"item\":\"https:\/\/www.suno.com.br\/noticias\/fiis\/\"},{\"@type\":\"ListItem\",\"position\":3,\"name\":\"Mais um fundo divulga inadimpl\u00eancia da WeWork; s\u00e3o seis FIIs at\u00e9 agora\"}]},{\"@type\":\"WebSite\",\"@id\":\"https:\/\/www.suno.com.br\/noticias\/#website\",\"url\":\"https:\/\/www.suno.com.br\/noticias\/\",\"name\":\"Suno Not\u00edcias\",\"description\":\"Seu portal de informa\u00e7\u00e3o sobre o mundo dos investimentos\",\"publisher\":{\"@id\":\"https:\/\/www.suno.com.br\/noticias\/#organization\"},\"potentialAction\":[{\"@type\":\"SearchAction\",\"target\":{\"@type\":\"EntryPoint\",\"urlTemplate\":\"https:\/\/www.suno.com.br\/noticias\/?s={search_term_string}\"},\"query-input\":{\"@type\":\"PropertyValueSpecification\",\"valueRequired\":true,\"valueName\":\"search_term_string\"}}],\"inLanguage\":\"pt-BR\"},{\"@type\":\"Organization\",\"@id\":\"https:\/\/www.suno.com.br\/noticias\/#organization\",\"name\":\"Suno Not\u00edcias\",\"url\":\"https:\/\/www.suno.com.br\/noticias\/\",\"logo\":{\"@type\":\"ImageObject\",\"inLanguage\":\"pt-BR\",\"@id\":\"https:\/\/www.suno.com.br\/noticias\/#\/schema\/logo\/image\/\",\"url\":\"https:\/\/files.sunoresearch.com.br\/n\/uploads\/2021\/09\/suno-logo.png\",\"contentUrl\":\"https:\/\/files.sunoresearch.com.br\/n\/uploads\/2021\/09\/suno-logo.png\",\"width\":180,\"height\":180,\"caption\":\"Suno Not\u00edcias\"},\"image\":{\"@id\":\"https:\/\/www.suno.com.br\/noticias\/#\/schema\/logo\/image\/\"},\"sameAs\":[\"https:\/\/facebook.com\/sunoresearch\",\"https:\/\/x.com\/sunoresearch\",\"https:\/\/www.instagram.com\/suno\",\"https:\/\/www.linkedin.com\/company\/suno-research\/\",\"https:\/\/www.youtube.com\/c\/sunoresearch\"]},{\"@type\":\"Person\",\"@id\":\"https:\/\/www.suno.com.br\/noticias\/#\/schema\/person\/02171f82e02ec2306ed662847e114507\",\"name\":\"Fernando Cesarotti\",\"image\":{\"@type\":\"ImageObject\",\"inLanguage\":\"pt-BR\",\"@id\":\"https:\/\/www.suno.com.br\/noticias\/#\/schema\/person\/image\/\",\"url\":\"https:\/\/secure.gravatar.com\/avatar\/fc3a37e1dd6249fd3cfdc1702d00d404?s=96&r=g\",\"contentUrl\":\"https:\/\/secure.gravatar.com\/avatar\/fc3a37e1dd6249fd3cfdc1702d00d404?s=96&r=g\",\"caption\":\"Fernando Cesarotti\"},\"description\":\"Jornalista, editor do FIIs.com.br. Graduado pela Unesp, com p\u00f3s-gradua\u00e7\u00e3o em Jornalismo Liter\u00e1rio, com mais de 20 anos de experi\u00eancia em coberturas de economia, pol\u00edtica e esportes. Passagem tamb\u00e9m pelo meio acad\u00eamico, como professor universit\u00e1rio em cursos de Comunica\u00e7\u00e3o e l\u00edder de empresa j\u00fanior.\",\"url\":\"https:\/\/www.suno.com.br\/noticias\/author\/fcesarottigmail-com\/\"}]}<\/script>\n<!-- \/ Yoast SEO plugin. -->","yoast_head_json":{"title":"Mais um: seis FIIs relatam inadimpl\u00eancia da WeWork","description":"FIIs podem ter impacto na distribui\u00e7\u00e3o de dividendos se calote persistir; empresa de gest\u00e3o de coworking n\u00e3o se manifestou.","robots":{"index":"index","follow":"follow","max-snippet":"max-snippet:-1","max-image-preview":"max-image-preview:large","max-video-preview":"max-video-preview:-1"},"canonical":"https:\/\/www.suno.com.br\/noticias\/fiis-inadimplencia-wework-sexto-relato-fc\/","og_locale":"pt_BR","og_type":"article","og_title":"Mais um: seis FIIs relatam inadimpl\u00eancia da WeWork","og_description":"FIIs podem ter impacto na distribui\u00e7\u00e3o de dividendos se calote persistir; empresa de gest\u00e3o de coworking n\u00e3o se manifestou.","og_url":"https:\/\/www.suno.com.br\/noticias\/fiis-inadimplencia-wework-sexto-relato-fc\/","og_site_name":"Suno Not\u00edcias","article_publisher":"https:\/\/facebook.com\/sunoresearch","og_image":[{"width":2048,"height":1365,"url":"https:\/\/files.sunoresearch.com.br\/n\/uploads\/2021\/05\/7580abaf-13502998_1336822542996468_4041568704985308327_o.jpg","type":"image\/jpeg"}],"author":"Fernando Cesarotti","twitter_card":"summary_large_image","twitter_creator":"@sunoresearch","twitter_site":"@sunoresearch","twitter_misc":{"Escrito por":"Fernando Cesarotti","Est. tempo de leitura":"3 minutos"},"schema":{"@context":"https:\/\/schema.org","@graph":[{"@type":"NewsArticle","@id":"https:\/\/www.suno.com.br\/noticias\/fiis-inadimplencia-wework-sexto-relato-fc\/#article","isPartOf":{"@id":"https:\/\/www.suno.com.br\/noticias\/fiis-inadimplencia-wework-sexto-relato-fc\/"},"author":{"name":"Fernando Cesarotti","@id":"https:\/\/www.suno.com.br\/noticias\/#\/schema\/person\/02171f82e02ec2306ed662847e114507"},"headline":"Mais um fundo divulga inadimpl\u00eancia da WeWork; s\u00e3o seis FIIs at\u00e9 agora","datePublished":"2024-07-04T01:32:07+00:00","dateModified":"2024-07-04T01:32:11+00:00","mainEntityOfPage":{"@id":"https:\/\/www.suno.com.br\/noticias\/fiis-inadimplencia-wework-sexto-relato-fc\/"},"wordCount":398,"publisher":{"@id":"https:\/\/www.suno.com.br\/noticias\/#organization"},"image":{"@id":"https:\/\/www.suno.com.br\/noticias\/fiis-inadimplencia-wework-sexto-relato-fc\/#primaryimage"},"thumbnailUrl":"https:\/\/files.sunoresearch.com.br\/n\/uploads\/2021\/05\/7580abaf-13502998_1336822542996468_4041568704985308327_o-jpg.webp","articleSection":["FIIs"],"inLanguage":"pt-BR"},{"@type":"WebPage","@id":"https:\/\/www.suno.com.br\/noticias\/fiis-inadimplencia-wework-sexto-relato-fc\/","url":"https:\/\/www.suno.com.br\/noticias\/fiis-inadimplencia-wework-sexto-relato-fc\/","name":"Mais um: seis FIIs relatam inadimpl\u00eancia da WeWork","isPartOf":{"@id":"https:\/\/www.suno.com.br\/noticias\/#website"},"primaryImageOfPage":{"@id":"https:\/\/www.suno.com.br\/noticias\/fiis-inadimplencia-wework-sexto-relato-fc\/#primaryimage"},"image":{"@id":"https:\/\/www.suno.com.br\/noticias\/fiis-inadimplencia-wework-sexto-relato-fc\/#primaryimage"},"thumbnailUrl":"https:\/\/files.sunoresearch.com.br\/n\/uploads\/2021\/05\/7580abaf-13502998_1336822542996468_4041568704985308327_o-jpg.webp","datePublished":"2024-07-04T01:32:07+00:00","dateModified":"2024-07-04T01:32:11+00:00","description":"FIIs podem ter impacto na distribui\u00e7\u00e3o de dividendos se calote persistir; empresa de gest\u00e3o de coworking n\u00e3o se manifestou.","breadcrumb":{"@id":"https:\/\/www.suno.com.br\/noticias\/fiis-inadimplencia-wework-sexto-relato-fc\/#breadcrumb"},"inLanguage":"pt-BR","potentialAction":[{"@type":"ReadAction","target":["https:\/\/www.suno.com.br\/noticias\/fiis-inadimplencia-wework-sexto-relato-fc\/"]}]},{"@type":"ImageObject","inLanguage":"pt-BR","@id":"https:\/\/www.suno.com.br\/noticias\/fiis-inadimplencia-wework-sexto-relato-fc\/#primaryimage","url":"https:\/\/files.sunoresearch.com.br\/n\/uploads\/2021\/05\/7580abaf-13502998_1336822542996468_4041568704985308327_o-jpg.webp","contentUrl":"https:\/\/files.sunoresearch.com.br\/n\/uploads\/2021\/05\/7580abaf-13502998_1336822542996468_4041568704985308327_o-jpg.webp","width":2048,"height":1365,"caption":"WeWork. Foto: Reprodu\u00e7\u00e3o Facebook"},{"@type":"BreadcrumbList","@id":"https:\/\/www.suno.com.br\/noticias\/fiis-inadimplencia-wework-sexto-relato-fc\/#breadcrumb","itemListElement":[{"@type":"ListItem","position":1,"name":"Not\u00edcias","item":"https:\/\/www.suno.com.br\/noticias\/"},{"@type":"ListItem","position":2,"name":"FIIs","item":"https:\/\/www.suno.com.br\/noticias\/fiis\/"},{"@type":"ListItem","position":3,"name":"Mais um fundo divulga inadimpl\u00eancia da WeWork; s\u00e3o seis FIIs at\u00e9 agora"}]},{"@type":"WebSite","@id":"https:\/\/www.suno.com.br\/noticias\/#website","url":"https:\/\/www.suno.com.br\/noticias\/","name":"Suno Not\u00edcias","description":"Seu portal de informa\u00e7\u00e3o sobre o mundo dos investimentos","publisher":{"@id":"https:\/\/www.suno.com.br\/noticias\/#organization"},"potentialAction":[{"@type":"SearchAction","target":{"@type":"EntryPoint","urlTemplate":"https:\/\/www.suno.com.br\/noticias\/?s={search_term_string}"},"query-input":{"@type":"PropertyValueSpecification","valueRequired":true,"valueName":"search_term_string"}}],"inLanguage":"pt-BR"},{"@type":"Organization","@id":"https:\/\/www.suno.com.br\/noticias\/#organization","name":"Suno Not\u00edcias","url":"https:\/\/www.suno.com.br\/noticias\/","logo":{"@type":"ImageObject","inLanguage":"pt-BR","@id":"https:\/\/www.suno.com.br\/noticias\/#\/schema\/logo\/image\/","url":"https:\/\/files.sunoresearch.com.br\/n\/uploads\/2021\/09\/suno-logo.png","contentUrl":"https:\/\/files.sunoresearch.com.br\/n\/uploads\/2021\/09\/suno-logo.png","width":180,"height":180,"caption":"Suno Not\u00edcias"},"image":{"@id":"https:\/\/www.suno.com.br\/noticias\/#\/schema\/logo\/image\/"},"sameAs":["https:\/\/facebook.com\/sunoresearch","https:\/\/x.com\/sunoresearch","https:\/\/www.instagram.com\/suno","https:\/\/www.linkedin.com\/company\/suno-research\/","https:\/\/www.youtube.com\/c\/sunoresearch"]},{"@type":"Person","@id":"https:\/\/www.suno.com.br\/noticias\/#\/schema\/person\/02171f82e02ec2306ed662847e114507","name":"Fernando Cesarotti","image":{"@type":"ImageObject","inLanguage":"pt-BR","@id":"https:\/\/www.suno.com.br\/noticias\/#\/schema\/person\/image\/","url":"https:\/\/secure.gravatar.com\/avatar\/fc3a37e1dd6249fd3cfdc1702d00d404?s=96&r=g","contentUrl":"https:\/\/secure.gravatar.com\/avatar\/fc3a37e1dd6249fd3cfdc1702d00d404?s=96&r=g","caption":"Fernando Cesarotti"},"description":"Jornalista, editor do FIIs.com.br. Graduado pela Unesp, com p\u00f3s-gradua\u00e7\u00e3o em Jornalismo Liter\u00e1rio, com mais de 20 anos de experi\u00eancia em coberturas de economia, pol\u00edtica e esportes. Passagem tamb\u00e9m pelo meio acad\u00eamico, como professor universit\u00e1rio em cursos de Comunica\u00e7\u00e3o e l\u00edder de empresa j\u00fanior.","url":"https:\/\/www.suno.com.br\/noticias\/author\/fcesarottigmail-com\/"}]}},"default_loop_html":"<div class=\"cardsPage__listCard__boxs\"><div class=\"cardsPage__listCard__boxs__img\"><a href=\"https:\/\/www.suno.com.br\/noticias\/fiis-inadimplencia-wework-sexto-relato-fc\/\"><img class=\"mask\" src=\"https:\/\/www.suno.com.br\/noticias\/wp-content\/themes\/suno\/resources\/images\/spotlight\/spotlight1img\/bg-mask.png\" alt=\"Image Mask\"\/><img src=\"https:\/\/files.sunoresearch.com.br\/n\/uploads\/2021\/05\/7580abaf-13502998_1336822542996468_4041568704985308327_o-400x200.webp\" alt=\"Mais um fundo divulga inadimpl\u00eancia da WeWork; s\u00e3o seis FIIs at\u00e9 agora\"\/><\/a><span class=\"spotlightCategory\"><a href=\"https:\/\/www.suno.com.br\/noticias\/fiis\/\">FIIs<\/a><\/span><\/div><div class=\"cardsPage__listCard__boxs__content\"><a href=\"https:\/\/www.suno.com.br\/noticias\/fiis-inadimplencia-wework-sexto-relato-fc\/\"><h2 class=\"content__title\">Mais um fundo divulga inadimpl\u00eancia da WeWork; s\u00e3o seis FIIs at\u00e9 agora<\/h2><\/a><div class=\"newsContent__article__meta\"><div class=\"newsContent__article__meta__authorBox\"><a href=\"https:\/\/www.suno.com.br\/noticias\/author\/fcesarottigmail-com\/\" class=\"authorBox__avatar noMobi\"><img src=\"https:\/\/files.sunoresearch.com.br\/n\/uploads\/2024\/02\/perfil-150x150.jpg\" alt=\"Fernando Cesarotti\"><\/a><div class=\"authorBox__name\"><span>por\n\t\t\t<a href=\"https:\/\/www.suno.com.br\/noticias\/author\/fcesarottigmail-com\/\"><span itemprop=\"author\">Fernando Cesarotti<\/span><\/a><\/span><time datetime=\"2024-07-03T22:32:07-03:00\" itemprop=\"datePublished\">03\/07\/2024 22:32<\/time><\/div><\/div><\/div><\/div><\/div>","single_layout":"posts","amp_enabled":true,"_links":{"self":[{"href":"https:\/\/www.suno.com.br\/noticias\/wp-json\/wp\/v2\/posts\/565075"}],"collection":[{"href":"https:\/\/www.suno.com.br\/noticias\/wp-json\/wp\/v2\/posts"}],"about":[{"href":"https:\/\/www.suno.com.br\/noticias\/wp-json\/wp\/v2\/types\/post"}],"author":[{"embeddable":true,"href":"https:\/\/www.suno.com.br\/noticias\/wp-json\/wp\/v2\/users\/339"}],"replies":[{"embeddable":true,"href":"https:\/\/www.suno.com.br\/noticias\/wp-json\/wp\/v2\/comments?post=565075"}],"version-history":[{"count":1,"href":"https:\/\/www.suno.com.br\/noticias\/wp-json\/wp\/v2\/posts\/565075\/revisions"}],"predecessor-version":[{"id":565076,"href":"https:\/\/www.suno.com.br\/noticias\/wp-json\/wp\/v2\/posts\/565075\/revisions\/565076"}],"wp:featuredmedia":[{"embeddable":true,"href":"https:\/\/www.suno.com.br\/noticias\/wp-json\/wp\/v2\/media\/149801"}],"wp:attachment":[{"href":"https:\/\/www.suno.com.br\/noticias\/wp-json\/wp\/v2\/media?parent=565075"}],"wp:term":[{"taxonomy":"category","embeddable":true,"href":"https:\/\/www.suno.com.br\/noticias\/wp-json\/wp\/v2\/categories?post=565075"},{"taxonomy":"post_tag","embeddable":true,"href":"https:\/\/www.suno.com.br\/noticias\/wp-json\/wp\/v2\/tags?post=565075"},{"taxonomy":"suno_strategy","embeddable":true,"href":"https:\/\/www.suno.com.br\/noticias\/wp-json\/wp\/v2\/suno_strategy?post=565075"}],"curies":[{"name":"wp","href":"https:\/\/api.w.org\/{rel}","templated":true}]}}