{"id":564964,"date":"2024-07-03T16:22:13","date_gmt":"2024-07-03T19:22:13","guid":{"rendered":"https:\/\/www.suno.com.br\/noticias\/?p=564964"},"modified":"2024-07-03T16:23:30","modified_gmt":"2024-07-03T19:23:30","slug":"banco-central-perde-swap-cambial-evm","status":"publish","type":"post","link":"https:\/\/www.suno.com.br\/noticias\/banco-central-perde-swap-cambial-evm\/","title":{"rendered":"Banco Central perde R$ 28,6 bilh\u00f5es com swap cambial em junho"},"content":{"rendered":"<p>O <a class=\"suno-keyword\" data-force=\"no\" data-priority=\"3\" href=\"https:\/\/www.suno.com.br\/artigos\/bacen\/\" target=\"_blank\" rel=\"noopener\"><strong>Banco Central<\/strong> (BC)<\/a> teve um resultado negativo de R$ 28,608 bilh\u00f5es com a sua posi\u00e7\u00e3o em <a class=\"suno-keyword\" data-force=\"no\" data-priority=\"1\" href=\"https:\/\/www.suno.com.br\/artigos\/swap-cambial\/\" target=\"_blank\" rel=\"noopener\">swap cambial<\/a> em junho, pelo crit\u00e9rio caixa. Em maio, o resultado havia sido negativo em R$ 7,732 bilh\u00f5es.<\/p><div class=\"videoFull \">\n\t\t\t<div class=\"videoWrapper yt-lazyload center\"\n\t\t\t\tdata-width=\"960\"\n\t\t\t\tdata-height=\"540\"\n\t\t\t\tdata-id=\"BBQ0S46bXP4\"\n\t\t\t\tdata-alt=\"V\u00eddeo do YouTube - clique para reproduzir\"\n\t\t\t\tdata-logo=\"3\"\n\t\t\t\tdata-imagequality=\"maxres\">\n\t\t\t<\/div>\n\t\t<\/div><script type=\"application\/ld+json\">{\"@context\":\"https:\/\/schema.org\",\"@type\":\"VideoObject\",\"name\":\"\ud83d\udd34D\u00d3LAR BATE R$ 5,70 COM FALAS DE LULA | Ibovespa sobe | 'Buraco' no Conselho da Vale (VALE3)\",\"description\":\"#mercadofinanceiro #a\u00e7\u00f5es #investimentos #bolsadevalores #ibovespa #dinheiro #finan\u00e7as #pol\u00edtica #d\u00f3lar #livedas19h #petr4 #petr3 #petrobras #vale3 #vale #a\u00e7\u00f5es #economia #dividendos #min\u00e9riodeferro #min\u00e9rio #petr\u00f3leo #commodities #proventos #dividendos #jcp #statusinvest #statusalpha #sunoconsultoria #lula #cambio #haddad #gleisi #pt \ud83d\udd34TENHA UM CONSULTOR PRA TE AJUDAR NOS SEUS INVESTIMENTOS: https:\/\/lp.suno.com.br\/ao\/consultoria-de-investimentos\/?&utm_source=suno-noticias&utm_medium=live&utm_campaign=seuconsultorresponde&utm_content=27062024 00:00 In\u00edcio do v\u00eddeo 01:40 Fechamento de preg\u00e3o 05:45 D\u00f3lar bate R$\u2026\",\"duration\":\"PT38M3S\",\"embedUrl\":\"https:\/\/www.youtube.com\/embed\/BBQ0S46bXP4\",\"regionsAllowed\":\"en-US\",\"interactionStatistic\":{\"@type\":\"InteractionCounter\",\"interactionType\":{\"@type\":\"WatchAction\"},\"userInteractionCount\":2983},\"thumbnailUrl\":\"https:\/\/i.ytimg.com\/vi\/BBQ0S46bXP4\/default.jpg\",\"uploadDate\":\"2024-07-02T22:41:48Z\"}<\/script>\n\n\n\n\n\t<p>\n\t\t<a href=\"\" target=\"_blank\" data-element=\"shortcode-suno-banner\" title=\"Banner SUNO, clique e saiba mais\">\n\t\t\t<picture>\n\t\t\t\t<source media=\"(max-width: 500px)\" srcset=\"\">\n\t\t\t\t<img class=\"newsContent__article__imgCapa newsContent__article__imgCapa--banner\"\n\t\t\t\t\tsrc=\"\"\n\t\t\t\t\tdata-promo-id=\"240038\"\t\t\t\t\t\t\t\t\t\t\t\t\t\t\talt=\"\"\n\t\t\t\t>\n\t\t\t<\/picture>\n\t\t<\/a>\n\t<\/p>\n\n\n\n\n\n\n\n<p>Pelo conceito de compet\u00eancia, houve perda de R$ 31,948 bilh\u00f5es no Banco Central. <\/p>\n\n\n\n<p>O resultado pelo crit\u00e9rio de compet\u00eancia inclui ganhos e perdas ocorridos no m\u00eas, independentemente da data de <a class=\"suno-keyword\" data-force=\"no\" data-priority=\"1\" href=\"https:\/\/www.suno.com.br\/artigos\/liquidacao-financeira\/\" target=\"_blank\" rel=\"noopener\">liquida\u00e7\u00e3o financeira<\/a>. <\/p>\n\n\n\n<p>A liquida\u00e7\u00e3o financeira desse resultado (caixa) ocorre no dia seguinte, em D+1.<\/p>\n\n\n\n<p>O <a href=\"https:\/\/www.bcb.gov.br\/\">Banco Central lucrou R$ 123,495 bilh\u00f5es<\/a> com a rentabilidade na administra\u00e7\u00e3o das <a class=\"suno-keyword\" data-force=\"no\" data-priority=\"1\" href=\"https:\/\/www.suno.com.br\/artigos\/reservas-internacionais\/\" target=\"_blank\" rel=\"noopener\">reservas internacionais<\/a>. Esse resultado considera ganhos e preju\u00edzos com corre\u00e7\u00e3o <strong>cambial<\/strong>, <a class=\"suno-keyword\" data-force=\"no\" data-priority=\"1\" href=\"https:\/\/www.suno.com.br\/artigos\/marcacao-mercado\/\" target=\"_blank\" rel=\"noopener\">marca\u00e7\u00e3o a mercado<\/a> e juros.<\/p>\n\n\n\n<p>O resultado l\u00edquido das reservas &#8211; rentabilidade menos custo de capta\u00e7\u00e3o &#8211; foi positivo em R$ 105,026 bilh\u00f5es. O resultado das <strong>opera\u00e7\u00f5es cambiais<\/strong> foi positivo em R$ 73,078 bilh\u00f5es.<\/p>\n\n\n\t<p>\n\t\t<a href=\"https:\/\/lp.suno.com.br\/ebook-gratuito-investindo-no-exterior\/\" target=\"_blank\" data-element=\"shortcode-suno-banner\" title=\"Banner SUNO, clique e saiba mais\">\n\t\t\t<picture>\n\t\t\t\t<source media=\"(max-width: 500px)\" srcset=\"https:\/\/files.sunoresearch.com.br\/n\/uploads\/2023\/03\/400x300-Investindo-no-exterior.png\">\n\t\t\t\t<img class=\"newsContent__article__imgCapa newsContent__article__imgCapa--banner\"\n\t\t\t\t\tsrc=\"https:\/\/files.sunoresearch.com.br\/n\/uploads\/2023\/03\/1420x240-Investindo-no-exterior.png\"\n\t\t\t\t\tdata-promo-id=\"383161\"\t\t\t\t\t\t\t\t\t\twidth='1420' height='240'\t\t\t\t\talt=\"https:\/\/files.sunoresearch.com.br\/n\/uploads\/2023\/03\/1420x240-Investindo-no-exterior.png\"\n\t\t\t\t>\n\t\t\t<\/picture>\n\t\t<\/a>\n\t<\/p>\n\n\n\n\n\n<p>O BC sempre destaca que n\u00e3o visa lucro nas opera\u00e7\u00f5es de <strong><a href=\"https:\/\/www.suno.com.br\/noticias\/banco-central-perde-swap-cambial-evm\/\">swap cambial<\/a><\/strong> ou na administra\u00e7\u00e3o das reservas internacionais. <\/p>\n\n\n\n<p>Segundo a <strong>autoridade monet\u00e1ria<\/strong>, o objetivo \u00e9 fornecer hedge ao mercado em tempos de volatilidade e manter um colch\u00e3o de liquidez para momentos de crise.<\/p>\n\n\n\n<h2 class=\"wp-block-heading\">Banco Central em 2024<\/h2>\n\n\n\n<p>No ano, at\u00e9 junho, o BC acumula preju\u00edzo de R$ 57,132 bilh\u00f5es com a sua posi\u00e7\u00e3o de swaps cambiais no crit\u00e9rio caixa. No crit\u00e9rio compet\u00eancia, o resultado \u00e9 negativo em R$ 62,230 bilh\u00f5es.<\/p>\n\n\n\n<p>O <strong>Banco Central<\/strong> ganha R$ 265,920 bilh\u00f5es com a rentabilidade na administra\u00e7\u00e3o das reservas internacionais. O resultado l\u00edquido das reservas \u00e9 positivo em R$ 177,282 bilh\u00f5es e o resultado das opera\u00e7\u00f5es cambiais, positivo em R$ 115,052 bilh\u00f5es.<\/p>\n\n\n\n<p>Com Estad\u00e3o Conte\u00fado<\/p>\n\n\n\t<p>\n\t\t<a href=\"https:\/\/lp.suno.com.br\/planilha-da-vida-financeira\/\" target=\"_blank\" data-element=\"shortcode-suno-banner\" title=\"Banner SUNO, clique e saiba mais\">\n\t\t\t<picture>\n\t\t\t\t<source media=\"(max-width: 500px)\" srcset=\"https:\/\/files.sunoresearch.com.br\/n\/uploads\/2023\/04\/400x300-Planilha-vida-financeira-true.png\">\n\t\t\t\t<img class=\"newsContent__article__imgCapa newsContent__article__imgCapa--banner\"\n\t\t\t\t\tsrc=\"https:\/\/files.sunoresearch.com.br\/n\/uploads\/2023\/04\/1420x240-Planilha-vida-financeira-true.png\"\n\t\t\t\t\tdata-promo-id=\"383123\"\t\t\t\t\t\t\t\t\t\twidth='1420' height='240'\t\t\t\t\talt=\"https:\/\/files.sunoresearch.com.br\/n\/uploads\/2023\/04\/1420x240-Planilha-vida-financeira-true.png\"\n\t\t\t\t>\n\t\t\t<\/picture>\n\t\t<\/a>\n\t<\/p>\n\n\n","protected":false},"excerpt":{"rendered":"<p>O Banco Central (BC) teve um resultado negativo de R$ 28,608 bilh\u00f5es com a sua posi\u00e7\u00e3o em swap cambial em junho, pelo crit\u00e9rio caixa. Em maio, o resultado havia sido negativo em R$ 7,732 bilh\u00f5es. Pelo conceito de compet\u00eancia, houve perda de R$ 31,948 bilh\u00f5es no Banco Central. O resultado pelo crit\u00e9rio de compet\u00eancia inclui [&hellip;]<\/p>\n","protected":false},"author":73,"featured_media":459389,"comment_status":"closed","ping_status":"closed","sticky":false,"template":"","format":"standard","meta":[],"categories":[62],"tags":[106444,1842],"suno_strategy":[],"class_list":["post-564964","post","type-post","status-publish","format-standard","has-post-thumbnail","hentry","category-economia","tag-agencias","tag-banco-central-bc"],"yoast_head":"<!-- This site is optimized with the Yoast SEO plugin v24.4 - https:\/\/yoast.com\/wordpress\/plugins\/seo\/ -->\n<title>Banco Central perde R$ 28,6 bilh\u00f5es com swap cambial em junho<\/title>\n<meta name=\"description\" content=\"O Banco Central (BC) teve um resultado negativo de R$ 28,608 bilh\u00f5es com a sua posi\u00e7\u00e3o em swap cambial em junho, pelo crit\u00e9rio caixa\" \/>\n<meta name=\"robots\" content=\"index, follow, max-snippet:-1, max-image-preview:large, max-video-preview:-1\" \/>\n<link rel=\"canonical\" href=\"https:\/\/www.suno.com.br\/noticias\/banco-central-perde-swap-cambial-evm\/\" \/>\n<meta property=\"og:locale\" content=\"pt_BR\" \/>\n<meta property=\"og:type\" content=\"article\" \/>\n<meta property=\"og:title\" content=\"Banco Central perde R$ 28,6 bilh\u00f5es com swap cambial em junho\" \/>\n<meta property=\"og:description\" content=\"O Banco Central (BC) teve um resultado negativo de R$ 28,608 bilh\u00f5es com a sua posi\u00e7\u00e3o em swap cambial em junho, pelo crit\u00e9rio caixa\" \/>\n<meta property=\"og:url\" content=\"https:\/\/www.suno.com.br\/noticias\/banco-central-perde-swap-cambial-evm\/\" \/>\n<meta property=\"og:site_name\" content=\"Suno Not\u00edcias\" \/>\n<meta property=\"article:publisher\" content=\"https:\/\/facebook.com\/sunoresearch\" \/>\n<meta property=\"og:image\" content=\"https:\/\/files.sunoresearch.com.br\/n\/uploads\/2023\/09\/Banco-Central.jpg\" \/>\n\t<meta property=\"og:image:width\" content=\"1280\" \/>\n\t<meta property=\"og:image:height\" content=\"853\" \/>\n\t<meta property=\"og:image:type\" content=\"image\/jpeg\" \/>\n<meta name=\"author\" content=\"Eduardo Vargas\" \/>\n<meta name=\"twitter:card\" content=\"summary_large_image\" \/>\n<meta name=\"twitter:creator\" content=\"@sunoresearch\" \/>\n<meta name=\"twitter:site\" content=\"@sunoresearch\" \/>\n<meta name=\"twitter:label1\" content=\"Escrito por\" \/>\n\t<meta name=\"twitter:data1\" content=\"Eduardo Vargas\" \/>\n\t<meta name=\"twitter:label2\" content=\"Est. tempo de leitura\" \/>\n\t<meta name=\"twitter:data2\" content=\"2 minutos\" \/>\n<script type=\"application\/ld+json\" class=\"yoast-schema-graph\">{\"@context\":\"https:\/\/schema.org\",\"@graph\":[{\"@type\":\"NewsArticle\",\"@id\":\"https:\/\/www.suno.com.br\/noticias\/banco-central-perde-swap-cambial-evm\/#article\",\"isPartOf\":{\"@id\":\"https:\/\/www.suno.com.br\/noticias\/banco-central-perde-swap-cambial-evm\/\"},\"author\":{\"name\":\"Eduardo Vargas\",\"@id\":\"https:\/\/www.suno.com.br\/noticias\/#\/schema\/person\/7f4d362bf3518e76090143ae77bb49a5\"},\"headline\":\"Banco Central perde R$ 28,6 bilh\u00f5es com swap cambial em junho\",\"datePublished\":\"2024-07-03T19:22:13+00:00\",\"dateModified\":\"2024-07-03T19:23:30+00:00\",\"mainEntityOfPage\":{\"@id\":\"https:\/\/www.suno.com.br\/noticias\/banco-central-perde-swap-cambial-evm\/\"},\"wordCount\":304,\"publisher\":{\"@id\":\"https:\/\/www.suno.com.br\/noticias\/#organization\"},\"image\":{\"@id\":\"https:\/\/www.suno.com.br\/noticias\/banco-central-perde-swap-cambial-evm\/#primaryimage\"},\"thumbnailUrl\":\"https:\/\/files.sunoresearch.com.br\/n\/uploads\/2023\/09\/Banco-Central.jpg\",\"keywords\":[\"Ag\u00eancias\",\"Banco Central (BC)\"],\"articleSection\":[\"Economia\"],\"inLanguage\":\"pt-BR\"},{\"@type\":\"WebPage\",\"@id\":\"https:\/\/www.suno.com.br\/noticias\/banco-central-perde-swap-cambial-evm\/\",\"url\":\"https:\/\/www.suno.com.br\/noticias\/banco-central-perde-swap-cambial-evm\/\",\"name\":\"Banco Central perde R$ 28,6 bilh\u00f5es com swap cambial em junho\",\"isPartOf\":{\"@id\":\"https:\/\/www.suno.com.br\/noticias\/#website\"},\"primaryImageOfPage\":{\"@id\":\"https:\/\/www.suno.com.br\/noticias\/banco-central-perde-swap-cambial-evm\/#primaryimage\"},\"image\":{\"@id\":\"https:\/\/www.suno.com.br\/noticias\/banco-central-perde-swap-cambial-evm\/#primaryimage\"},\"thumbnailUrl\":\"https:\/\/files.sunoresearch.com.br\/n\/uploads\/2023\/09\/Banco-Central.jpg\",\"datePublished\":\"2024-07-03T19:22:13+00:00\",\"dateModified\":\"2024-07-03T19:23:30+00:00\",\"description\":\"O Banco Central (BC) teve um resultado negativo de R$ 28,608 bilh\u00f5es com a sua posi\u00e7\u00e3o em swap cambial em junho, pelo crit\u00e9rio caixa\",\"breadcrumb\":{\"@id\":\"https:\/\/www.suno.com.br\/noticias\/banco-central-perde-swap-cambial-evm\/#breadcrumb\"},\"inLanguage\":\"pt-BR\",\"potentialAction\":[{\"@type\":\"ReadAction\",\"target\":[\"https:\/\/www.suno.com.br\/noticias\/banco-central-perde-swap-cambial-evm\/\"]}]},{\"@type\":\"ImageObject\",\"inLanguage\":\"pt-BR\",\"@id\":\"https:\/\/www.suno.com.br\/noticias\/banco-central-perde-swap-cambial-evm\/#primaryimage\",\"url\":\"https:\/\/files.sunoresearch.com.br\/n\/uploads\/2023\/09\/Banco-Central.jpg\",\"contentUrl\":\"https:\/\/files.sunoresearch.com.br\/n\/uploads\/2023\/09\/Banco-Central.jpg\",\"width\":1280,\"height\":853,\"caption\":\"Banco Central - Foto: Marcello Casal jr\/Ag\u00eancia Brasil\"},{\"@type\":\"BreadcrumbList\",\"@id\":\"https:\/\/www.suno.com.br\/noticias\/banco-central-perde-swap-cambial-evm\/#breadcrumb\",\"itemListElement\":[{\"@type\":\"ListItem\",\"position\":1,\"name\":\"Not\u00edcias\",\"item\":\"https:\/\/www.suno.com.br\/noticias\/\"},{\"@type\":\"ListItem\",\"position\":2,\"name\":\"Economia\",\"item\":\"https:\/\/www.suno.com.br\/noticias\/economia\/\"},{\"@type\":\"ListItem\",\"position\":3,\"name\":\"Banco Central perde R$ 28,6 bilh\u00f5es com swap cambial em junho\"}]},{\"@type\":\"WebSite\",\"@id\":\"https:\/\/www.suno.com.br\/noticias\/#website\",\"url\":\"https:\/\/www.suno.com.br\/noticias\/\",\"name\":\"Suno Not\u00edcias\",\"description\":\"Seu portal de informa\u00e7\u00e3o sobre o mundo dos investimentos\",\"publisher\":{\"@id\":\"https:\/\/www.suno.com.br\/noticias\/#organization\"},\"potentialAction\":[{\"@type\":\"SearchAction\",\"target\":{\"@type\":\"EntryPoint\",\"urlTemplate\":\"https:\/\/www.suno.com.br\/noticias\/?s={search_term_string}\"},\"query-input\":{\"@type\":\"PropertyValueSpecification\",\"valueRequired\":true,\"valueName\":\"search_term_string\"}}],\"inLanguage\":\"pt-BR\"},{\"@type\":\"Organization\",\"@id\":\"https:\/\/www.suno.com.br\/noticias\/#organization\",\"name\":\"Suno Not\u00edcias\",\"url\":\"https:\/\/www.suno.com.br\/noticias\/\",\"logo\":{\"@type\":\"ImageObject\",\"inLanguage\":\"pt-BR\",\"@id\":\"https:\/\/www.suno.com.br\/noticias\/#\/schema\/logo\/image\/\",\"url\":\"https:\/\/files.sunoresearch.com.br\/n\/uploads\/2021\/09\/suno-logo.png\",\"contentUrl\":\"https:\/\/files.sunoresearch.com.br\/n\/uploads\/2021\/09\/suno-logo.png\",\"width\":180,\"height\":180,\"caption\":\"Suno Not\u00edcias\"},\"image\":{\"@id\":\"https:\/\/www.suno.com.br\/noticias\/#\/schema\/logo\/image\/\"},\"sameAs\":[\"https:\/\/facebook.com\/sunoresearch\",\"https:\/\/x.com\/sunoresearch\",\"https:\/\/www.instagram.com\/suno\",\"https:\/\/www.linkedin.com\/company\/suno-research\/\",\"https:\/\/www.youtube.com\/c\/sunoresearch\"]},{\"@type\":\"Person\",\"@id\":\"https:\/\/www.suno.com.br\/noticias\/#\/schema\/person\/7f4d362bf3518e76090143ae77bb49a5\",\"name\":\"Eduardo Vargas\",\"image\":{\"@type\":\"ImageObject\",\"inLanguage\":\"pt-BR\",\"@id\":\"https:\/\/www.suno.com.br\/noticias\/#\/schema\/person\/image\/\",\"url\":\"https:\/\/secure.gravatar.com\/avatar\/dac340933427a22924c9f99d1eb2e3f2?s=96&r=g\",\"contentUrl\":\"https:\/\/secure.gravatar.com\/avatar\/dac340933427a22924c9f99d1eb2e3f2?s=96&r=g\",\"caption\":\"Eduardo Vargas\"},\"description\":\"Jornalista formado pela UFSC, cobre macroeconomia, neg\u00f3cios e startups para o Suno Not\u00edcias, escrevendo principalmente not\u00edcias sobre o mercado financeiro e a bolsa de valores. No YouTube e no Instagram, \u00e9 respons\u00e1vel pela produ\u00e7\u00e3o de Reels e Shorts do Suno Not\u00edcias. Anteriormente, trabalhou cobrindo economia e cotidiano no ND+ e para o ND, maior jornal impresso de Santa Catarina. Cursou um semestre letivo de Estudos de M\u00eddia na Universidad de Buenos Aires.\",\"url\":\"https:\/\/www.suno.com.br\/noticias\/author\/eduardo-vargas\/\"}]}<\/script>\n<!-- \/ Yoast SEO plugin. -->","yoast_head_json":{"title":"Banco Central perde R$ 28,6 bilh\u00f5es com swap cambial em junho","description":"O Banco Central (BC) teve um resultado negativo de R$ 28,608 bilh\u00f5es com a sua posi\u00e7\u00e3o em swap cambial em junho, pelo crit\u00e9rio caixa","robots":{"index":"index","follow":"follow","max-snippet":"max-snippet:-1","max-image-preview":"max-image-preview:large","max-video-preview":"max-video-preview:-1"},"canonical":"https:\/\/www.suno.com.br\/noticias\/banco-central-perde-swap-cambial-evm\/","og_locale":"pt_BR","og_type":"article","og_title":"Banco Central perde R$ 28,6 bilh\u00f5es com swap cambial em junho","og_description":"O Banco Central (BC) teve um resultado negativo de R$ 28,608 bilh\u00f5es com a sua posi\u00e7\u00e3o em swap cambial em junho, pelo crit\u00e9rio caixa","og_url":"https:\/\/www.suno.com.br\/noticias\/banco-central-perde-swap-cambial-evm\/","og_site_name":"Suno Not\u00edcias","article_publisher":"https:\/\/facebook.com\/sunoresearch","og_image":[{"width":1280,"height":853,"url":"https:\/\/files.sunoresearch.com.br\/n\/uploads\/2023\/09\/Banco-Central.jpg","type":"image\/jpeg"}],"author":"Eduardo Vargas","twitter_card":"summary_large_image","twitter_creator":"@sunoresearch","twitter_site":"@sunoresearch","twitter_misc":{"Escrito por":"Eduardo Vargas","Est. tempo de leitura":"2 minutos"},"schema":{"@context":"https:\/\/schema.org","@graph":[{"@type":"NewsArticle","@id":"https:\/\/www.suno.com.br\/noticias\/banco-central-perde-swap-cambial-evm\/#article","isPartOf":{"@id":"https:\/\/www.suno.com.br\/noticias\/banco-central-perde-swap-cambial-evm\/"},"author":{"name":"Eduardo Vargas","@id":"https:\/\/www.suno.com.br\/noticias\/#\/schema\/person\/7f4d362bf3518e76090143ae77bb49a5"},"headline":"Banco Central perde R$ 28,6 bilh\u00f5es com swap cambial em junho","datePublished":"2024-07-03T19:22:13+00:00","dateModified":"2024-07-03T19:23:30+00:00","mainEntityOfPage":{"@id":"https:\/\/www.suno.com.br\/noticias\/banco-central-perde-swap-cambial-evm\/"},"wordCount":304,"publisher":{"@id":"https:\/\/www.suno.com.br\/noticias\/#organization"},"image":{"@id":"https:\/\/www.suno.com.br\/noticias\/banco-central-perde-swap-cambial-evm\/#primaryimage"},"thumbnailUrl":"https:\/\/files.sunoresearch.com.br\/n\/uploads\/2023\/09\/Banco-Central.jpg","keywords":["Ag\u00eancias","Banco Central (BC)"],"articleSection":["Economia"],"inLanguage":"pt-BR"},{"@type":"WebPage","@id":"https:\/\/www.suno.com.br\/noticias\/banco-central-perde-swap-cambial-evm\/","url":"https:\/\/www.suno.com.br\/noticias\/banco-central-perde-swap-cambial-evm\/","name":"Banco Central perde R$ 28,6 bilh\u00f5es com swap cambial em junho","isPartOf":{"@id":"https:\/\/www.suno.com.br\/noticias\/#website"},"primaryImageOfPage":{"@id":"https:\/\/www.suno.com.br\/noticias\/banco-central-perde-swap-cambial-evm\/#primaryimage"},"image":{"@id":"https:\/\/www.suno.com.br\/noticias\/banco-central-perde-swap-cambial-evm\/#primaryimage"},"thumbnailUrl":"https:\/\/files.sunoresearch.com.br\/n\/uploads\/2023\/09\/Banco-Central.jpg","datePublished":"2024-07-03T19:22:13+00:00","dateModified":"2024-07-03T19:23:30+00:00","description":"O Banco Central (BC) teve um resultado negativo de R$ 28,608 bilh\u00f5es com a sua posi\u00e7\u00e3o em swap cambial em junho, pelo crit\u00e9rio caixa","breadcrumb":{"@id":"https:\/\/www.suno.com.br\/noticias\/banco-central-perde-swap-cambial-evm\/#breadcrumb"},"inLanguage":"pt-BR","potentialAction":[{"@type":"ReadAction","target":["https:\/\/www.suno.com.br\/noticias\/banco-central-perde-swap-cambial-evm\/"]}]},{"@type":"ImageObject","inLanguage":"pt-BR","@id":"https:\/\/www.suno.com.br\/noticias\/banco-central-perde-swap-cambial-evm\/#primaryimage","url":"https:\/\/files.sunoresearch.com.br\/n\/uploads\/2023\/09\/Banco-Central.jpg","contentUrl":"https:\/\/files.sunoresearch.com.br\/n\/uploads\/2023\/09\/Banco-Central.jpg","width":1280,"height":853,"caption":"Banco Central - Foto: Marcello Casal jr\/Ag\u00eancia Brasil"},{"@type":"BreadcrumbList","@id":"https:\/\/www.suno.com.br\/noticias\/banco-central-perde-swap-cambial-evm\/#breadcrumb","itemListElement":[{"@type":"ListItem","position":1,"name":"Not\u00edcias","item":"https:\/\/www.suno.com.br\/noticias\/"},{"@type":"ListItem","position":2,"name":"Economia","item":"https:\/\/www.suno.com.br\/noticias\/economia\/"},{"@type":"ListItem","position":3,"name":"Banco Central perde R$ 28,6 bilh\u00f5es com swap cambial em junho"}]},{"@type":"WebSite","@id":"https:\/\/www.suno.com.br\/noticias\/#website","url":"https:\/\/www.suno.com.br\/noticias\/","name":"Suno Not\u00edcias","description":"Seu portal de informa\u00e7\u00e3o sobre o mundo dos investimentos","publisher":{"@id":"https:\/\/www.suno.com.br\/noticias\/#organization"},"potentialAction":[{"@type":"SearchAction","target":{"@type":"EntryPoint","urlTemplate":"https:\/\/www.suno.com.br\/noticias\/?s={search_term_string}"},"query-input":{"@type":"PropertyValueSpecification","valueRequired":true,"valueName":"search_term_string"}}],"inLanguage":"pt-BR"},{"@type":"Organization","@id":"https:\/\/www.suno.com.br\/noticias\/#organization","name":"Suno Not\u00edcias","url":"https:\/\/www.suno.com.br\/noticias\/","logo":{"@type":"ImageObject","inLanguage":"pt-BR","@id":"https:\/\/www.suno.com.br\/noticias\/#\/schema\/logo\/image\/","url":"https:\/\/files.sunoresearch.com.br\/n\/uploads\/2021\/09\/suno-logo.png","contentUrl":"https:\/\/files.sunoresearch.com.br\/n\/uploads\/2021\/09\/suno-logo.png","width":180,"height":180,"caption":"Suno Not\u00edcias"},"image":{"@id":"https:\/\/www.suno.com.br\/noticias\/#\/schema\/logo\/image\/"},"sameAs":["https:\/\/facebook.com\/sunoresearch","https:\/\/x.com\/sunoresearch","https:\/\/www.instagram.com\/suno","https:\/\/www.linkedin.com\/company\/suno-research\/","https:\/\/www.youtube.com\/c\/sunoresearch"]},{"@type":"Person","@id":"https:\/\/www.suno.com.br\/noticias\/#\/schema\/person\/7f4d362bf3518e76090143ae77bb49a5","name":"Eduardo Vargas","image":{"@type":"ImageObject","inLanguage":"pt-BR","@id":"https:\/\/www.suno.com.br\/noticias\/#\/schema\/person\/image\/","url":"https:\/\/secure.gravatar.com\/avatar\/dac340933427a22924c9f99d1eb2e3f2?s=96&r=g","contentUrl":"https:\/\/secure.gravatar.com\/avatar\/dac340933427a22924c9f99d1eb2e3f2?s=96&r=g","caption":"Eduardo Vargas"},"description":"Jornalista formado pela UFSC, cobre macroeconomia, neg\u00f3cios e startups para o Suno Not\u00edcias, escrevendo principalmente not\u00edcias sobre o mercado financeiro e a bolsa de valores. No YouTube e no Instagram, \u00e9 respons\u00e1vel pela produ\u00e7\u00e3o de Reels e Shorts do Suno Not\u00edcias. Anteriormente, trabalhou cobrindo economia e cotidiano no ND+ e para o ND, maior jornal impresso de Santa Catarina. Cursou um semestre letivo de Estudos de M\u00eddia na Universidad de Buenos Aires.","url":"https:\/\/www.suno.com.br\/noticias\/author\/eduardo-vargas\/"}]}},"default_loop_html":"<div class=\"cardsPage__listCard__boxs\"><div class=\"cardsPage__listCard__boxs__img\"><a href=\"https:\/\/www.suno.com.br\/noticias\/banco-central-perde-swap-cambial-evm\/\"><img class=\"mask\" src=\"https:\/\/www.suno.com.br\/noticias\/wp-content\/themes\/suno\/resources\/images\/spotlight\/spotlight1img\/bg-mask.png\" alt=\"Image Mask\"\/><img src=\"https:\/\/files.sunoresearch.com.br\/n\/uploads\/2023\/09\/Banco-Central-400x200.jpg\" alt=\"Banco Central perde R$ 28,6 bilh\u00f5es com swap cambial em junho\"\/><\/a><span class=\"spotlightCategory\"><a href=\"https:\/\/www.suno.com.br\/noticias\/economia\/\">Economia<\/a><\/span><\/div><div class=\"cardsPage__listCard__boxs__content\"><a href=\"https:\/\/www.suno.com.br\/noticias\/banco-central-perde-swap-cambial-evm\/\"><h2 class=\"content__title\">Banco Central perde R$ 28,6 bilh\u00f5es com swap cambial em junho<\/h2><\/a><div class=\"newsContent__article__meta\"><div class=\"newsContent__article__meta__authorBox\"><a href=\"https:\/\/www.suno.com.br\/noticias\/author\/eduardo-vargas\/\" class=\"authorBox__avatar noMobi\"><img src=\"https:\/\/secure.gravatar.com\/avatar\/dac340933427a22924c9f99d1eb2e3f2?s=96&#038;r=g\" alt=\"Eduardo Vargas\"><\/a><div class=\"authorBox__name\"><span>por\n\t\t\t<a href=\"https:\/\/www.suno.com.br\/noticias\/author\/eduardo-vargas\/\"><span itemprop=\"author\">Eduardo Vargas<\/span><\/a><\/span><time datetime=\"2024-07-03T16:22:13-03:00\" itemprop=\"datePublished\">03\/07\/2024 16:22<\/time><\/div><\/div><\/div><\/div><\/div>","single_layout":"posts","amp_enabled":true,"_links":{"self":[{"href":"https:\/\/www.suno.com.br\/noticias\/wp-json\/wp\/v2\/posts\/564964"}],"collection":[{"href":"https:\/\/www.suno.com.br\/noticias\/wp-json\/wp\/v2\/posts"}],"about":[{"href":"https:\/\/www.suno.com.br\/noticias\/wp-json\/wp\/v2\/types\/post"}],"author":[{"embeddable":true,"href":"https:\/\/www.suno.com.br\/noticias\/wp-json\/wp\/v2\/users\/73"}],"replies":[{"embeddable":true,"href":"https:\/\/www.suno.com.br\/noticias\/wp-json\/wp\/v2\/comments?post=564964"}],"version-history":[{"count":3,"href":"https:\/\/www.suno.com.br\/noticias\/wp-json\/wp\/v2\/posts\/564964\/revisions"}],"predecessor-version":[{"id":565006,"href":"https:\/\/www.suno.com.br\/noticias\/wp-json\/wp\/v2\/posts\/564964\/revisions\/565006"}],"wp:featuredmedia":[{"embeddable":true,"href":"https:\/\/www.suno.com.br\/noticias\/wp-json\/wp\/v2\/media\/459389"}],"wp:attachment":[{"href":"https:\/\/www.suno.com.br\/noticias\/wp-json\/wp\/v2\/media?parent=564964"}],"wp:term":[{"taxonomy":"category","embeddable":true,"href":"https:\/\/www.suno.com.br\/noticias\/wp-json\/wp\/v2\/categories?post=564964"},{"taxonomy":"post_tag","embeddable":true,"href":"https:\/\/www.suno.com.br\/noticias\/wp-json\/wp\/v2\/tags?post=564964"},{"taxonomy":"suno_strategy","embeddable":true,"href":"https:\/\/www.suno.com.br\/noticias\/wp-json\/wp\/v2\/suno_strategy?post=564964"}],"curies":[{"name":"wp","href":"https:\/\/api.w.org\/{rel}","templated":true}]}}