{"id":564734,"date":"2024-07-02T12:48:36","date_gmt":"2024-07-02T15:48:36","guid":{"rendered":"https:\/\/www.suno.com.br\/noticias\/?p=564734"},"modified":"2024-07-02T12:48:39","modified_gmt":"2024-07-02T15:48:39","slug":"wework-atrasa-alugueis-fiis-impacto-dividendos-fc","status":"publish","type":"post","link":"https:\/\/www.suno.com.br\/noticias\/wework-atrasa-alugueis-fiis-impacto-dividendos-fc\/","title":{"rendered":"WeWork atrasa pagamento de aluguel e tr\u00eas FIIs projetam impacto em dividendos"},"content":{"rendered":"<p>Tr\u00eas <a class=\"suno-keyword\" target=\"_blank\" data-force=\"no\" data-priority=\"2\" href=\"https:\/\/www.suno.com.br\/fundos-imobiliarios\/\" rel=\"noopener\">fundos imobili\u00e1rios<\/a> do segmento de renda urbana e im\u00f3veis corporativos reportaram nos \u00faltimos dias inadimpl\u00eancia em alugu\u00e9is da <strong>WeWork<\/strong>, empresa especializada em ofertas de espa\u00e7o de coworking.<\/p>\t<div class=\"wrapper-featured-image\">\n\t\t<figure class=\"spotlightImg\">\n\n\t\t\t<picture>\n\t\t\t\t<source media=\"(max-width: 768px)\" srcset=\"https:\/\/files.sunoresearch.com.br\/n\/uploads\/2019\/09\/b882b348-we-400x200.webp\">\n\t\t\t\t<img loading=\"lazy\" decoding=\"async\" class=\"newsContent__article__imgCapa lazyloadDisabled \" src=\"https:\/\/files.sunoresearch.com.br\/n\/uploads\/2019\/09\/b882b348-we-800x450.webp\" width=\"800\" height=\"450\" alt=\"WeWork atrasa pagamento de aluguel e tr\u00eas FIIs projetam impacto em dividendos\" fetchpriority=high \/>\n\t\t\t<\/picture>\n\n\t\t\t<figcaption class=\"wp-caption-text wp-caption-text--show\">Wework - Foto: Divulga\u00e7\u00e3o<\/figcaption>\n\t\t<\/figure>\n\t<\/div>\n\n\n\n\n\n\t<p>\n\t\t<a href=\"\" target=\"_blank\" data-element=\"shortcode-suno-banner\" title=\"Banner SUNO, clique e saiba mais\">\n\t\t\t<picture>\n\t\t\t\t<source media=\"(max-width: 500px)\" srcset=\"\">\n\t\t\t\t<img class=\"newsContent__article__imgCapa newsContent__article__imgCapa--banner\"\n\t\t\t\t\tsrc=\"\"\n\t\t\t\t\tdata-promo-id=\"89005\"\t\t\t\t\t\t\t\t\t\t\t\t\t\t\talt=\"\"\n\t\t\t\t>\n\t\t\t<\/picture>\n\t\t<\/a>\n\t<\/p>\n\n\n\n\n\n<p>O \u00faltimo deles, na noite de segunda-feira, foi o Rio Bravo Renda Corporativa (<a class=\"suno-keyword\" target=\"_blank\" data-force=\"yes\" data-priority=\"2\" href=\"https:\/\/www.suno.com.br\/fundos-imobiliarios\/rcrb11\/\" rel=\"noopener\">RCRB11<\/a>), que divulgou <a class=\"suno-keyword\" target=\"_blank\" data-force=\"no\" data-priority=\"1\" href=\"https:\/\/www.suno.com.br\/artigos\/fato-relevante\/\" rel=\"noopener\">fato relevante<\/a> explicando a inadimpl\u00eancia de im\u00f3vel na Vila Madalena referente ao m\u00eas de junho, com impacto de R$ 0,11 por cota nos <a class=\"suno-keyword\" target=\"_blank\" data-force=\"no\" data-priority=\"1\" href=\"https:\/\/www.suno.com.br\/guias\/dividendos\/\" rel=\"noopener\">dividendos<\/a>.&nbsp;<\/p>\n\n\n\n<p>Segundo a gestora, o aluguel devido pela WeWork representa 9,5% da receita contratada do <strong>RCRB11 <\/strong>e a empresa j\u00e1 foi notificada. O FII continua tratando o assunto de maneira direta para que o pagamento do aluguel atrasado aconte\u00e7a \u201co mais r\u00e1pido poss\u00edvel\u201d.<\/p>\n\n\n\n<p>O fundo diz ainda que o im\u00f3vel, \u201cpela sua localiza\u00e7\u00e3o e qualidade, tem alta liquidez e mant\u00e9m uma alta taxa hist\u00f3rica de ocupa\u00e7\u00e3o, com relev\u00e2ncia de empresas de tecnologia de grande porte\u201d, diz o comunicado.<\/p>\n\n\n\t<p>\n\t\t<a href=\"https:\/\/lp.suno.com.br\/minicurso-investindo-fiis\/\" target=\"_blank\" data-element=\"shortcode-suno-banner\" title=\"Banner SUNO, clique e saiba mais\">\n\t\t\t<picture>\n\t\t\t\t<source media=\"(max-width: 500px)\" srcset=\"https:\/\/files.sunoresearch.com.br\/n\/uploads\/2023\/03\/400x300-Minicurso-FIIS.png\">\n\t\t\t\t<img class=\"newsContent__article__imgCapa newsContent__article__imgCapa--banner\"\n\t\t\t\t\tsrc=\"https:\/\/files.sunoresearch.com.br\/n\/uploads\/2023\/03\/1420x240-Minicurso-FIIS.png\"\n\t\t\t\t\tdata-promo-id=\"383125\"\t\t\t\t\t\t\t\t\t\twidth='1420' height='240'\t\t\t\t\talt=\"https:\/\/files.sunoresearch.com.br\/n\/uploads\/2023\/03\/1420x240-Minicurso-FIIS.png\"\n\t\t\t\t>\n\t\t\t<\/picture>\n\t\t<\/a>\n\t<\/p>\n\n\n\n\n\n<h2 class=\"wp-block-heading\">FIIs VINO11 e SARE11 tamb\u00e9m relatam calote<\/h2>\n\n\n\n<p>Na semana passada, os <strong>FIIs<\/strong> Vinci Offices (<a href=\"https:\/\/www.suno.com.br\/fundos-imobiliarios\/vino11\/\">VINO11<\/a>) e Santander Renda de Alugu\u00e9is (<a href=\"https:\/\/www.suno.com.br\/fundos-imobiliarios\/sare11\/\">SARE11<\/a>) haviam anunciado o atraso da WeWork. No caso do fundo imobili\u00e1rio VINO11, a companhia \u00e9 a locat\u00e1ria do empreendimento OF 585, no qual a empresa ocupa uma \u00e1rea de 3.594 m\u00b2.<\/p>\n\n\n\n<p>O valor do aluguel corresponde a cerca de 5% do faturamento total do FII, assim como 4% da \u00e1rea bruta loc\u00e1vel (ABL) total do fundo. \u201cA gest\u00e3o, em conjunto com seus advogados, est\u00e1 atuando para tomar as a\u00e7\u00f5es cab\u00edveis em prol do fundo e seus cotistas\u201d, disse o FII <strong>VINO11 <\/strong>em seu comunicado.<\/p>\n\n\n\n<p>O SARE11 det\u00e9m quatro unidades ocupadas pela <strong>WeWork <\/strong>na Ala B do Condom\u00ednio WT Morumbi, no bairro Vila Gertrudes. O impacto projetado pelo fundo \u00e9 de R$ 0,05 por cota no pagamento de dividendos. A a\u00e7\u00e3o tomada pelo FII at\u00e9 o momento foi o envio de uma notifica\u00e7\u00e3o formal de cobran\u00e7a do aluguel para a gestora de coworkings.<\/p>\n\n\n\t<p>\n\t\t<a href=\"https:\/\/lp.suno.com.br\/planilha-da-vida-financeira\/\" target=\"_blank\" data-element=\"shortcode-suno-banner\" title=\"Banner SUNO, clique e saiba mais\">\n\t\t\t<picture>\n\t\t\t\t<source media=\"(max-width: 500px)\" srcset=\"https:\/\/files.sunoresearch.com.br\/n\/uploads\/2023\/04\/400x300-Planilha-vida-financeira-true.png\">\n\t\t\t\t<img class=\"newsContent__article__imgCapa newsContent__article__imgCapa--banner\"\n\t\t\t\t\tsrc=\"https:\/\/files.sunoresearch.com.br\/n\/uploads\/2023\/04\/1420x240-Planilha-vida-financeira-true.png\"\n\t\t\t\t\tdata-promo-id=\"383123\"\t\t\t\t\t\t\t\t\t\twidth='1420' height='240'\t\t\t\t\talt=\"https:\/\/files.sunoresearch.com.br\/n\/uploads\/2023\/04\/1420x240-Planilha-vida-financeira-true.png\"\n\t\t\t\t>\n\t\t\t<\/picture>\n\t\t<\/a>\n\t<\/p>\n\n\n","protected":false},"excerpt":{"rendered":"<p>WeWork, empresa que oferece espa\u00e7os de coworking, est\u00e1 atrasada nos pagamentos a tr\u00eas FIIs: RCRB11, SARE11 e VINO11.<\/p>\n","protected":false},"author":339,"featured_media":37500,"comment_status":"closed","ping_status":"closed","sticky":false,"template":"","format":"standard","meta":[],"categories":[66,64],"tags":[295,106947,315,949],"suno_strategy":[],"class_list":["post-564734","post","type-post","status-publish","format-standard","has-post-thumbnail","hentry","category-fiis","category-negocios","tag-dividendos","tag-fiis-rendimentos-alta","tag-fundos-imobiliarios-fiis","tag-wework"],"yoast_head":"<!-- This site is optimized with the Yoast SEO plugin v24.4 - https:\/\/yoast.com\/wordpress\/plugins\/seo\/ -->\n<title>WeWork atrasa alugu\u00e9is e 3 FIIs projetam impacto em dividendos<\/title>\n<meta name=\"description\" content=\"WeWork, empresa que oferece espa\u00e7os de coworking, est\u00e1 atrasada nos pagamentos a tr\u00eas FIIs: RCRB11, SARE11 e VINO11.\" \/>\n<meta name=\"robots\" content=\"index, follow, max-snippet:-1, max-image-preview:large, max-video-preview:-1\" \/>\n<link rel=\"canonical\" href=\"https:\/\/www.suno.com.br\/noticias\/wework-atrasa-alugueis-fiis-impacto-dividendos-fc\/\" \/>\n<meta property=\"og:locale\" content=\"pt_BR\" \/>\n<meta property=\"og:type\" content=\"article\" \/>\n<meta property=\"og:title\" content=\"WeWork atrasa alugu\u00e9is e 3 FIIs projetam impacto em dividendos\" \/>\n<meta property=\"og:description\" content=\"WeWork, empresa que oferece espa\u00e7os de coworking, est\u00e1 atrasada nos pagamentos a tr\u00eas FIIs: RCRB11, SARE11 e VINO11.\" \/>\n<meta property=\"og:url\" content=\"https:\/\/www.suno.com.br\/noticias\/wework-atrasa-alugueis-fiis-impacto-dividendos-fc\/\" \/>\n<meta property=\"og:site_name\" content=\"Suno Not\u00edcias\" \/>\n<meta property=\"article:publisher\" content=\"https:\/\/facebook.com\/sunoresearch\" \/>\n<meta property=\"og:image\" content=\"https:\/\/files.sunoresearch.com.br\/n\/uploads\/2019\/09\/b882b348-we.jpg\" \/>\n\t<meta property=\"og:image:width\" content=\"1536\" \/>\n\t<meta property=\"og:image:height\" content=\"1024\" \/>\n\t<meta property=\"og:image:type\" content=\"image\/jpeg\" \/>\n<meta name=\"author\" content=\"Fernando Cesarotti\" \/>\n<meta name=\"twitter:card\" content=\"summary_large_image\" \/>\n<meta name=\"twitter:creator\" content=\"@sunoresearch\" \/>\n<meta name=\"twitter:site\" content=\"@sunoresearch\" \/>\n<meta name=\"twitter:label1\" content=\"Escrito por\" \/>\n\t<meta name=\"twitter:data1\" content=\"Fernando Cesarotti\" \/>\n\t<meta name=\"twitter:label2\" content=\"Est. tempo de leitura\" \/>\n\t<meta name=\"twitter:data2\" content=\"2 minutos\" \/>\n<script type=\"application\/ld+json\" class=\"yoast-schema-graph\">{\"@context\":\"https:\/\/schema.org\",\"@graph\":[{\"@type\":\"NewsArticle\",\"@id\":\"https:\/\/www.suno.com.br\/noticias\/wework-atrasa-alugueis-fiis-impacto-dividendos-fc\/#article\",\"isPartOf\":{\"@id\":\"https:\/\/www.suno.com.br\/noticias\/wework-atrasa-alugueis-fiis-impacto-dividendos-fc\/\"},\"author\":{\"name\":\"Fernando Cesarotti\",\"@id\":\"https:\/\/www.suno.com.br\/noticias\/#\/schema\/person\/02171f82e02ec2306ed662847e114507\"},\"headline\":\"WeWork atrasa pagamento de aluguel e tr\u00eas FIIs projetam impacto em dividendos\",\"datePublished\":\"2024-07-02T15:48:36+00:00\",\"dateModified\":\"2024-07-02T15:48:39+00:00\",\"mainEntityOfPage\":{\"@id\":\"https:\/\/www.suno.com.br\/noticias\/wework-atrasa-alugueis-fiis-impacto-dividendos-fc\/\"},\"wordCount\":353,\"publisher\":{\"@id\":\"https:\/\/www.suno.com.br\/noticias\/#organization\"},\"image\":{\"@id\":\"https:\/\/www.suno.com.br\/noticias\/wework-atrasa-alugueis-fiis-impacto-dividendos-fc\/#primaryimage\"},\"thumbnailUrl\":\"https:\/\/files.sunoresearch.com.br\/n\/uploads\/2019\/09\/b882b348-we-jpg.webp\",\"keywords\":[\"dividendos\",\"FIIs Rendimentos alta\",\"Fundos Imobili\u00e1rios (FIIs)\",\"WeWork\"],\"articleSection\":[\"FIIs\",\"Neg\u00f3cios\"],\"inLanguage\":\"pt-BR\"},{\"@type\":\"WebPage\",\"@id\":\"https:\/\/www.suno.com.br\/noticias\/wework-atrasa-alugueis-fiis-impacto-dividendos-fc\/\",\"url\":\"https:\/\/www.suno.com.br\/noticias\/wework-atrasa-alugueis-fiis-impacto-dividendos-fc\/\",\"name\":\"WeWork atrasa alugu\u00e9is e 3 FIIs projetam impacto em dividendos\",\"isPartOf\":{\"@id\":\"https:\/\/www.suno.com.br\/noticias\/#website\"},\"primaryImageOfPage\":{\"@id\":\"https:\/\/www.suno.com.br\/noticias\/wework-atrasa-alugueis-fiis-impacto-dividendos-fc\/#primaryimage\"},\"image\":{\"@id\":\"https:\/\/www.suno.com.br\/noticias\/wework-atrasa-alugueis-fiis-impacto-dividendos-fc\/#primaryimage\"},\"thumbnailUrl\":\"https:\/\/files.sunoresearch.com.br\/n\/uploads\/2019\/09\/b882b348-we-jpg.webp\",\"datePublished\":\"2024-07-02T15:48:36+00:00\",\"dateModified\":\"2024-07-02T15:48:39+00:00\",\"description\":\"WeWork, empresa que oferece espa\u00e7os de coworking, est\u00e1 atrasada nos pagamentos a tr\u00eas FIIs: RCRB11, SARE11 e VINO11.\",\"breadcrumb\":{\"@id\":\"https:\/\/www.suno.com.br\/noticias\/wework-atrasa-alugueis-fiis-impacto-dividendos-fc\/#breadcrumb\"},\"inLanguage\":\"pt-BR\",\"potentialAction\":[{\"@type\":\"ReadAction\",\"target\":[\"https:\/\/www.suno.com.br\/noticias\/wework-atrasa-alugueis-fiis-impacto-dividendos-fc\/\"]}]},{\"@type\":\"ImageObject\",\"inLanguage\":\"pt-BR\",\"@id\":\"https:\/\/www.suno.com.br\/noticias\/wework-atrasa-alugueis-fiis-impacto-dividendos-fc\/#primaryimage\",\"url\":\"https:\/\/files.sunoresearch.com.br\/n\/uploads\/2019\/09\/b882b348-we-jpg.webp\",\"contentUrl\":\"https:\/\/files.sunoresearch.com.br\/n\/uploads\/2019\/09\/b882b348-we-jpg.webp\",\"width\":1536,\"height\":1024,\"caption\":\"Wework - Foto: Divulga\u00e7\u00e3o\"},{\"@type\":\"BreadcrumbList\",\"@id\":\"https:\/\/www.suno.com.br\/noticias\/wework-atrasa-alugueis-fiis-impacto-dividendos-fc\/#breadcrumb\",\"itemListElement\":[{\"@type\":\"ListItem\",\"position\":1,\"name\":\"Not\u00edcias\",\"item\":\"https:\/\/www.suno.com.br\/noticias\/\"},{\"@type\":\"ListItem\",\"position\":2,\"name\":\"FIIs\",\"item\":\"https:\/\/www.suno.com.br\/noticias\/fiis\/\"},{\"@type\":\"ListItem\",\"position\":3,\"name\":\"WeWork atrasa pagamento de aluguel e tr\u00eas FIIs projetam impacto em dividendos\"}]},{\"@type\":\"WebSite\",\"@id\":\"https:\/\/www.suno.com.br\/noticias\/#website\",\"url\":\"https:\/\/www.suno.com.br\/noticias\/\",\"name\":\"Suno Not\u00edcias\",\"description\":\"Seu portal de informa\u00e7\u00e3o sobre o mundo dos investimentos\",\"publisher\":{\"@id\":\"https:\/\/www.suno.com.br\/noticias\/#organization\"},\"potentialAction\":[{\"@type\":\"SearchAction\",\"target\":{\"@type\":\"EntryPoint\",\"urlTemplate\":\"https:\/\/www.suno.com.br\/noticias\/?s={search_term_string}\"},\"query-input\":{\"@type\":\"PropertyValueSpecification\",\"valueRequired\":true,\"valueName\":\"search_term_string\"}}],\"inLanguage\":\"pt-BR\"},{\"@type\":\"Organization\",\"@id\":\"https:\/\/www.suno.com.br\/noticias\/#organization\",\"name\":\"Suno Not\u00edcias\",\"url\":\"https:\/\/www.suno.com.br\/noticias\/\",\"logo\":{\"@type\":\"ImageObject\",\"inLanguage\":\"pt-BR\",\"@id\":\"https:\/\/www.suno.com.br\/noticias\/#\/schema\/logo\/image\/\",\"url\":\"https:\/\/files.sunoresearch.com.br\/n\/uploads\/2021\/09\/suno-logo.png\",\"contentUrl\":\"https:\/\/files.sunoresearch.com.br\/n\/uploads\/2021\/09\/suno-logo.png\",\"width\":180,\"height\":180,\"caption\":\"Suno Not\u00edcias\"},\"image\":{\"@id\":\"https:\/\/www.suno.com.br\/noticias\/#\/schema\/logo\/image\/\"},\"sameAs\":[\"https:\/\/facebook.com\/sunoresearch\",\"https:\/\/x.com\/sunoresearch\",\"https:\/\/www.instagram.com\/suno\",\"https:\/\/www.linkedin.com\/company\/suno-research\/\",\"https:\/\/www.youtube.com\/c\/sunoresearch\"]},{\"@type\":\"Person\",\"@id\":\"https:\/\/www.suno.com.br\/noticias\/#\/schema\/person\/02171f82e02ec2306ed662847e114507\",\"name\":\"Fernando Cesarotti\",\"image\":{\"@type\":\"ImageObject\",\"inLanguage\":\"pt-BR\",\"@id\":\"https:\/\/www.suno.com.br\/noticias\/#\/schema\/person\/image\/\",\"url\":\"https:\/\/secure.gravatar.com\/avatar\/fc3a37e1dd6249fd3cfdc1702d00d404?s=96&r=g\",\"contentUrl\":\"https:\/\/secure.gravatar.com\/avatar\/fc3a37e1dd6249fd3cfdc1702d00d404?s=96&r=g\",\"caption\":\"Fernando Cesarotti\"},\"description\":\"Jornalista, editor do FIIs.com.br. Graduado pela Unesp, com p\u00f3s-gradua\u00e7\u00e3o em Jornalismo Liter\u00e1rio, com mais de 20 anos de experi\u00eancia em coberturas de economia, pol\u00edtica e esportes. Passagem tamb\u00e9m pelo meio acad\u00eamico, como professor universit\u00e1rio em cursos de Comunica\u00e7\u00e3o e l\u00edder de empresa j\u00fanior.\",\"url\":\"https:\/\/www.suno.com.br\/noticias\/author\/fcesarottigmail-com\/\"}]}<\/script>\n<!-- \/ Yoast SEO plugin. -->","yoast_head_json":{"title":"WeWork atrasa alugu\u00e9is e 3 FIIs projetam impacto em dividendos","description":"WeWork, empresa que oferece espa\u00e7os de coworking, est\u00e1 atrasada nos pagamentos a tr\u00eas FIIs: RCRB11, SARE11 e VINO11.","robots":{"index":"index","follow":"follow","max-snippet":"max-snippet:-1","max-image-preview":"max-image-preview:large","max-video-preview":"max-video-preview:-1"},"canonical":"https:\/\/www.suno.com.br\/noticias\/wework-atrasa-alugueis-fiis-impacto-dividendos-fc\/","og_locale":"pt_BR","og_type":"article","og_title":"WeWork atrasa alugu\u00e9is e 3 FIIs projetam impacto em dividendos","og_description":"WeWork, empresa que oferece espa\u00e7os de coworking, est\u00e1 atrasada nos pagamentos a tr\u00eas FIIs: RCRB11, SARE11 e VINO11.","og_url":"https:\/\/www.suno.com.br\/noticias\/wework-atrasa-alugueis-fiis-impacto-dividendos-fc\/","og_site_name":"Suno Not\u00edcias","article_publisher":"https:\/\/facebook.com\/sunoresearch","og_image":[{"width":1536,"height":1024,"url":"https:\/\/files.sunoresearch.com.br\/n\/uploads\/2019\/09\/b882b348-we.jpg","type":"image\/jpeg"}],"author":"Fernando Cesarotti","twitter_card":"summary_large_image","twitter_creator":"@sunoresearch","twitter_site":"@sunoresearch","twitter_misc":{"Escrito por":"Fernando Cesarotti","Est. tempo de leitura":"2 minutos"},"schema":{"@context":"https:\/\/schema.org","@graph":[{"@type":"NewsArticle","@id":"https:\/\/www.suno.com.br\/noticias\/wework-atrasa-alugueis-fiis-impacto-dividendos-fc\/#article","isPartOf":{"@id":"https:\/\/www.suno.com.br\/noticias\/wework-atrasa-alugueis-fiis-impacto-dividendos-fc\/"},"author":{"name":"Fernando Cesarotti","@id":"https:\/\/www.suno.com.br\/noticias\/#\/schema\/person\/02171f82e02ec2306ed662847e114507"},"headline":"WeWork atrasa pagamento de aluguel e tr\u00eas FIIs projetam impacto em dividendos","datePublished":"2024-07-02T15:48:36+00:00","dateModified":"2024-07-02T15:48:39+00:00","mainEntityOfPage":{"@id":"https:\/\/www.suno.com.br\/noticias\/wework-atrasa-alugueis-fiis-impacto-dividendos-fc\/"},"wordCount":353,"publisher":{"@id":"https:\/\/www.suno.com.br\/noticias\/#organization"},"image":{"@id":"https:\/\/www.suno.com.br\/noticias\/wework-atrasa-alugueis-fiis-impacto-dividendos-fc\/#primaryimage"},"thumbnailUrl":"https:\/\/files.sunoresearch.com.br\/n\/uploads\/2019\/09\/b882b348-we-jpg.webp","keywords":["dividendos","FIIs Rendimentos alta","Fundos Imobili\u00e1rios (FIIs)","WeWork"],"articleSection":["FIIs","Neg\u00f3cios"],"inLanguage":"pt-BR"},{"@type":"WebPage","@id":"https:\/\/www.suno.com.br\/noticias\/wework-atrasa-alugueis-fiis-impacto-dividendos-fc\/","url":"https:\/\/www.suno.com.br\/noticias\/wework-atrasa-alugueis-fiis-impacto-dividendos-fc\/","name":"WeWork atrasa alugu\u00e9is e 3 FIIs projetam impacto em dividendos","isPartOf":{"@id":"https:\/\/www.suno.com.br\/noticias\/#website"},"primaryImageOfPage":{"@id":"https:\/\/www.suno.com.br\/noticias\/wework-atrasa-alugueis-fiis-impacto-dividendos-fc\/#primaryimage"},"image":{"@id":"https:\/\/www.suno.com.br\/noticias\/wework-atrasa-alugueis-fiis-impacto-dividendos-fc\/#primaryimage"},"thumbnailUrl":"https:\/\/files.sunoresearch.com.br\/n\/uploads\/2019\/09\/b882b348-we-jpg.webp","datePublished":"2024-07-02T15:48:36+00:00","dateModified":"2024-07-02T15:48:39+00:00","description":"WeWork, empresa que oferece espa\u00e7os de coworking, est\u00e1 atrasada nos pagamentos a tr\u00eas FIIs: RCRB11, SARE11 e VINO11.","breadcrumb":{"@id":"https:\/\/www.suno.com.br\/noticias\/wework-atrasa-alugueis-fiis-impacto-dividendos-fc\/#breadcrumb"},"inLanguage":"pt-BR","potentialAction":[{"@type":"ReadAction","target":["https:\/\/www.suno.com.br\/noticias\/wework-atrasa-alugueis-fiis-impacto-dividendos-fc\/"]}]},{"@type":"ImageObject","inLanguage":"pt-BR","@id":"https:\/\/www.suno.com.br\/noticias\/wework-atrasa-alugueis-fiis-impacto-dividendos-fc\/#primaryimage","url":"https:\/\/files.sunoresearch.com.br\/n\/uploads\/2019\/09\/b882b348-we-jpg.webp","contentUrl":"https:\/\/files.sunoresearch.com.br\/n\/uploads\/2019\/09\/b882b348-we-jpg.webp","width":1536,"height":1024,"caption":"Wework - Foto: Divulga\u00e7\u00e3o"},{"@type":"BreadcrumbList","@id":"https:\/\/www.suno.com.br\/noticias\/wework-atrasa-alugueis-fiis-impacto-dividendos-fc\/#breadcrumb","itemListElement":[{"@type":"ListItem","position":1,"name":"Not\u00edcias","item":"https:\/\/www.suno.com.br\/noticias\/"},{"@type":"ListItem","position":2,"name":"FIIs","item":"https:\/\/www.suno.com.br\/noticias\/fiis\/"},{"@type":"ListItem","position":3,"name":"WeWork atrasa pagamento de aluguel e tr\u00eas FIIs projetam impacto em dividendos"}]},{"@type":"WebSite","@id":"https:\/\/www.suno.com.br\/noticias\/#website","url":"https:\/\/www.suno.com.br\/noticias\/","name":"Suno Not\u00edcias","description":"Seu portal de informa\u00e7\u00e3o sobre o mundo dos investimentos","publisher":{"@id":"https:\/\/www.suno.com.br\/noticias\/#organization"},"potentialAction":[{"@type":"SearchAction","target":{"@type":"EntryPoint","urlTemplate":"https:\/\/www.suno.com.br\/noticias\/?s={search_term_string}"},"query-input":{"@type":"PropertyValueSpecification","valueRequired":true,"valueName":"search_term_string"}}],"inLanguage":"pt-BR"},{"@type":"Organization","@id":"https:\/\/www.suno.com.br\/noticias\/#organization","name":"Suno Not\u00edcias","url":"https:\/\/www.suno.com.br\/noticias\/","logo":{"@type":"ImageObject","inLanguage":"pt-BR","@id":"https:\/\/www.suno.com.br\/noticias\/#\/schema\/logo\/image\/","url":"https:\/\/files.sunoresearch.com.br\/n\/uploads\/2021\/09\/suno-logo.png","contentUrl":"https:\/\/files.sunoresearch.com.br\/n\/uploads\/2021\/09\/suno-logo.png","width":180,"height":180,"caption":"Suno Not\u00edcias"},"image":{"@id":"https:\/\/www.suno.com.br\/noticias\/#\/schema\/logo\/image\/"},"sameAs":["https:\/\/facebook.com\/sunoresearch","https:\/\/x.com\/sunoresearch","https:\/\/www.instagram.com\/suno","https:\/\/www.linkedin.com\/company\/suno-research\/","https:\/\/www.youtube.com\/c\/sunoresearch"]},{"@type":"Person","@id":"https:\/\/www.suno.com.br\/noticias\/#\/schema\/person\/02171f82e02ec2306ed662847e114507","name":"Fernando Cesarotti","image":{"@type":"ImageObject","inLanguage":"pt-BR","@id":"https:\/\/www.suno.com.br\/noticias\/#\/schema\/person\/image\/","url":"https:\/\/secure.gravatar.com\/avatar\/fc3a37e1dd6249fd3cfdc1702d00d404?s=96&r=g","contentUrl":"https:\/\/secure.gravatar.com\/avatar\/fc3a37e1dd6249fd3cfdc1702d00d404?s=96&r=g","caption":"Fernando Cesarotti"},"description":"Jornalista, editor do FIIs.com.br. Graduado pela Unesp, com p\u00f3s-gradua\u00e7\u00e3o em Jornalismo Liter\u00e1rio, com mais de 20 anos de experi\u00eancia em coberturas de economia, pol\u00edtica e esportes. Passagem tamb\u00e9m pelo meio acad\u00eamico, como professor universit\u00e1rio em cursos de Comunica\u00e7\u00e3o e l\u00edder de empresa j\u00fanior.","url":"https:\/\/www.suno.com.br\/noticias\/author\/fcesarottigmail-com\/"}]}},"default_loop_html":"<div class=\"cardsPage__listCard__boxs\"><div class=\"cardsPage__listCard__boxs__img\"><a href=\"https:\/\/www.suno.com.br\/noticias\/wework-atrasa-alugueis-fiis-impacto-dividendos-fc\/\"><img class=\"mask\" src=\"https:\/\/www.suno.com.br\/noticias\/wp-content\/themes\/suno\/resources\/images\/spotlight\/spotlight1img\/bg-mask.png\" alt=\"Image Mask\"\/><img src=\"https:\/\/files.sunoresearch.com.br\/n\/uploads\/2019\/09\/b882b348-we-400x200.webp\" alt=\"WeWork atrasa pagamento de aluguel e tr\u00eas FIIs projetam impacto em dividendos\"\/><\/a><span class=\"spotlightCategory\"><a href=\"https:\/\/www.suno.com.br\/noticias\/fiis\/\">FIIs<\/a><\/span><\/div><div class=\"cardsPage__listCard__boxs__content\"><a href=\"https:\/\/www.suno.com.br\/noticias\/wework-atrasa-alugueis-fiis-impacto-dividendos-fc\/\"><h2 class=\"content__title\">WeWork atrasa pagamento de aluguel e tr\u00eas FIIs projetam impacto em dividendos<\/h2><\/a><div class=\"newsContent__article__meta\"><div class=\"newsContent__article__meta__authorBox\"><a href=\"https:\/\/www.suno.com.br\/noticias\/author\/fcesarottigmail-com\/\" class=\"authorBox__avatar noMobi\"><img src=\"https:\/\/files.sunoresearch.com.br\/n\/uploads\/2024\/02\/perfil-150x150.jpg\" alt=\"Fernando Cesarotti\"><\/a><div class=\"authorBox__name\"><span>por\n\t\t\t<a href=\"https:\/\/www.suno.com.br\/noticias\/author\/fcesarottigmail-com\/\"><span itemprop=\"author\">Fernando Cesarotti<\/span><\/a><\/span><time datetime=\"2024-07-02T12:48:36-03:00\" itemprop=\"datePublished\">02\/07\/2024 12:48<\/time><\/div><\/div><\/div><\/div><\/div>","single_layout":"posts","amp_enabled":true,"_links":{"self":[{"href":"https:\/\/www.suno.com.br\/noticias\/wp-json\/wp\/v2\/posts\/564734"}],"collection":[{"href":"https:\/\/www.suno.com.br\/noticias\/wp-json\/wp\/v2\/posts"}],"about":[{"href":"https:\/\/www.suno.com.br\/noticias\/wp-json\/wp\/v2\/types\/post"}],"author":[{"embeddable":true,"href":"https:\/\/www.suno.com.br\/noticias\/wp-json\/wp\/v2\/users\/339"}],"replies":[{"embeddable":true,"href":"https:\/\/www.suno.com.br\/noticias\/wp-json\/wp\/v2\/comments?post=564734"}],"version-history":[{"count":1,"href":"https:\/\/www.suno.com.br\/noticias\/wp-json\/wp\/v2\/posts\/564734\/revisions"}],"predecessor-version":[{"id":564740,"href":"https:\/\/www.suno.com.br\/noticias\/wp-json\/wp\/v2\/posts\/564734\/revisions\/564740"}],"wp:featuredmedia":[{"embeddable":true,"href":"https:\/\/www.suno.com.br\/noticias\/wp-json\/wp\/v2\/media\/37500"}],"wp:attachment":[{"href":"https:\/\/www.suno.com.br\/noticias\/wp-json\/wp\/v2\/media?parent=564734"}],"wp:term":[{"taxonomy":"category","embeddable":true,"href":"https:\/\/www.suno.com.br\/noticias\/wp-json\/wp\/v2\/categories?post=564734"},{"taxonomy":"post_tag","embeddable":true,"href":"https:\/\/www.suno.com.br\/noticias\/wp-json\/wp\/v2\/tags?post=564734"},{"taxonomy":"suno_strategy","embeddable":true,"href":"https:\/\/www.suno.com.br\/noticias\/wp-json\/wp\/v2\/suno_strategy?post=564734"}],"curies":[{"name":"wp","href":"https:\/\/api.w.org\/{rel}","templated":true}]}}