{"id":56472,"date":"2020-03-13T10:29:02","date_gmt":"2020-03-13T13:29:02","guid":{"rendered":"https:\/\/www.suno.com.br\/noticias\/?p=56472"},"modified":"2020-03-13T10:44:16","modified_gmt":"2020-03-13T13:44:16","slug":"ibovespa-coronavirus-economia-13032020","status":"publish","type":"post","link":"https:\/\/www.suno.com.br\/noticias\/ibovespa-coronavirus-economia-13032020\/","title":{"rendered":"Ibovespa abre em alta de 14% seguindo o otimismo do mercado externo"},"content":{"rendered":"<p>O <strong>Ibovespa<\/strong> abriu em forte alta nesta sexta-feira (13), seguindo o otimismo generalizado nos mercados europeus.<\/p>\t<div class=\"wrapper-featured-image\">\n\t\t<figure class=\"spotlightImg\">\n\n\t\t\t<picture>\n\t\t\t\t<source media=\"(max-width: 768px)\" srcset=\"https:\/\/files.sunoresearch.com.br\/n\/uploads\/2019\/05\/0a3734a8-ibovespa-400x200.webp\">\n\t\t\t\t<img loading=\"lazy\" decoding=\"async\" class=\"newsContent__article__imgCapa lazyloadDisabled newsContent__article__imgCapa--noCaption\" src=\"https:\/\/files.sunoresearch.com.br\/n\/uploads\/2019\/05\/0a3734a8-ibovespa-800x450.webp\" width=\"800\" height=\"450\" alt=\"Ibovespa abre em alta de 14% seguindo o otimismo do mercado externo\" fetchpriority=high \/>\n\t\t\t<\/picture>\n\n\t\t\t<figcaption class=\"wp-caption-text wp-caption-text--hide\">Ibovespa fecha em alta de 0,52%, a 87.402,59 pontos<\/figcaption>\n\t\t<\/figure>\n\t<\/div>\n\n\n\n<p>O principal \u00edndice acion\u00e1rio da <a href=\"https:\/\/www.suno.com.br\/artigos\/b3\/\">Bolsa de Valores de S\u00e3o Paulo (B3)<\/a> registrou a maior queda di\u00e1ria desde 1998 na \u00faltima quinta-feira (12). Por volta de 10h25 desta sexta, o Ibovespa subia 14%, a 82.704,54 pontos.<\/p>\n<p>Segue no radar as medidas do Banco Central dos <strong>Estados Unidos<\/strong> para a recupera\u00e7\u00e3o do mercado local e as atualiza\u00e7\u00f5es sobre o <strong>coronav\u00edrus<\/strong> (Covid-19) no Brasil.<\/p>\n<h2>Fed<\/h2>\n<p>O <a href=\"https:\/\/www.suno.com.br\/artigos\/fed\/\">Federal Reserve (<strong>Fed<\/strong>)<\/a> anunciou na \u00faltima quinta-feira que injetar\u00e1 mais de US$ 1,5 trilh\u00e3o (cerca de R$ 7,2 trilh\u00f5es) nos mercados financeiros. A medida ocorrer\u00e1 por meio de opera\u00e7\u00f5es de recompra reversa.<\/p>\n<p>De acordo com a autoridade monet\u00e1ria central norte-americana, a primeira opera\u00e7\u00e3o ocorrer\u00e1 nesta quinta-feira. A oferta realizada pelo Fed ser\u00e1 de US$ 500 bilh\u00f5es em <a href=\"https:\/\/www.suno.com.br\/artigos\/operacao-compromissada\/\"><strong>opera\u00e7\u00f5es repo<\/strong><\/a>, que s\u00e3o de compromisso de recompra,\u00a0de tr\u00eas meses.<\/p>\n\t<p>\n\t\t<a href=\"https:\/\/lp.suno.com.br\/minicurso-investindo-fiis\/\" target=\"_blank\" data-element=\"shortcode-suno-banner\" title=\"Banner SUNO, clique e saiba mais\">\n\t\t\t<picture>\n\t\t\t\t<source media=\"(max-width: 500px)\" srcset=\"https:\/\/files.sunoresearch.com.br\/n\/uploads\/2023\/07\/400x300-Minicurso-FIIS.png\">\n\t\t\t\t<img class=\"newsContent__article__imgCapa newsContent__article__imgCapa--banner\"\n\t\t\t\t\tsrc=\"https:\/\/files.sunoresearch.com.br\/n\/uploads\/2023\/07\/1420x240-Minicurso-FIIS.png\"\n\t\t\t\t\tdata-promo-id=\"311935\"\t\t\t\t\t\t\t\t\t\twidth='1420' height='240'\t\t\t\t\talt=\"https:\/\/files.sunoresearch.com.br\/n\/uploads\/2023\/07\/1420x240-Minicurso-FIIS.png\"\n\t\t\t\t>\n\t\t\t<\/picture>\n\t\t<\/a>\n\t<\/p>\n\n\n<p>A medida ocorre como forma de minimizar os impactos econ\u00f4micos do <strong>coronav\u00edrus<\/strong>. Desde que a <strong>Organiza\u00e7\u00e3o Mundial da Sa\u00fade<\/strong> (<strong>OMS<\/strong>) classificou a doen\u00e7a como uma pandemia, as bolsas de valores do mundo inteiro est\u00e3o despencando.<\/p>\n<p>Al\u00e9m da autarquia dos EUA, o <a href=\"https:\/\/www.suno.com.br\/artigos\/bce\/\">Banco Central Europeu<\/a><a href=\"https:\/\/www.suno.com.br\/artigos\/bce\/\"> (BCE)<\/a> tamb\u00e9m anunciou uma s\u00e9rie de medidas para conter os impactos do coronav\u00edrus na economia.<\/p>\n<p>Entre as medidas, a institui\u00e7\u00e3o far\u00e1 uma rodada adicional de opera\u00e7\u00f5es de refinanciamento de longo prazo. O banco anunciou ainda um programa adicional de recompra de ativos. Para a medida, a autoridade monet\u00e1ria desembolsar\u00e1 120 bilh\u00f5es de euros (cerca de R$ 667,34 bilh\u00f5es).<\/p>\n<h2>Coronav\u00edrus<\/h2>\n<p>O n\u00famero de casos confirmados do <strong>coronav\u00edrus<\/strong> (Covid-19) no Brasil subiu para 143. O n\u00famero foi atualizado nesta sexta-feira (13) a partir de balan\u00e7os divulgados pelas secretarias estaduais de Sa\u00fade e pelo <strong>Hospital Albert Einstein<\/strong>.<\/p>\n<p>O <strong>Minist\u00e9rio da Economia<\/strong> anunciou cinco medidas para retrair o impacto da doen\u00e7a no Pa\u00eds. Segundo a nota da pasta econ\u00f4mica, as primeiras a\u00e7\u00f5es s\u00e3o &#8220;dedicadas especialmente a parcela da popula\u00e7\u00e3o mais vulner\u00e1vel \u00e0 pandemia&#8221;.<\/p>\n<p><a href=\"https:\/\/www.suno.com.br\/noticias\/coronavirus-disney-parques-california-pandemia\/\">Saiba mais: Disney fecha parques na Calif\u00f3rnia em meio a pandemia<\/a><\/p>\n<p>Entre o <a href=\"https:\/\/www.youtube.com\/watch?v=0snRYzfHan0&amp;t=92s\">plano de conting\u00eancia<\/a>, est\u00e1 a alternativa de trabalho remoto para os servidores que realizarem viagens internacionais, a trabalho ou por motivos pessoais, e demonstraram sintomas associados \u00e0 doen\u00e7a.<\/p>\n<p>Essa medida deve ser tomada at\u00e9 o 14\u00ba dia contado a partir da data de retorno do servidor ao Brasil. Se o trabalho n\u00e3o puder ser realizado \u00e0 dist\u00e2ncia, a orienta\u00e7\u00e3o \u00e9 que o servidor n\u00e3o v\u00e1 ao trabalho e tenha sua frequ\u00eancia abonada.<\/p>\n<h2>Bolsas no exterior<\/h2>\n<p>As <strong>bolsas de valores<\/strong> da \u00c1sia fecharam em forte queda. Na Coreia do Sul, segundo pa\u00eds mais afetado pelo coronav\u00edrus, o \u00edndice Kospi fechou em queda de 3,43%.<\/p>\n<p><a href=\"https:\/\/www.suno.com.br\/noticias\/bolsas-asiaticas-caem-futuros-dos-eua-em-alta\/\">Saiba mais: Bolsas asi\u00e1ticas fecham em forte queda<\/a><\/p>\n<p>A <strong>Nikkei 225<\/strong>, principal \u00edndice acion\u00e1rio do Jap\u00e3o, terceira maior economia do mundo, fechou em forte queda de 6,02%. Em Hong Kong, o Hang Seng fechou em queda de 1,14%, enquanto a Bolsa de Valores de Xangai encerrou a sess\u00e3o com um recuo de 1,23%.<\/p>\n<p>Por outro lado, as bolsas europeias est\u00e3o registrando os seguintes resultados, \u00e0s 10h40 (hor\u00e1rio de Bras\u00edlia):<\/p>\n<ul>\n<li>It\u00e1lia: FTSE MIB +12,80<\/li>\n<li>Alemanha: <a href=\"https:\/\/www.suno.com.br\/artigos\/dax-30\/\">DAX 30<\/a> +6,27%<\/li>\n<li>Reino Unido: <a href=\"https:\/\/www.suno.com.br\/artigos\/ftse-100\/\">FTSE 100<\/a> +5,23%<\/li>\n<li>Fran\u00e7a: <a href=\"https:\/\/www.suno.com.br\/artigos\/cac-40\/#:~:text=O%20CAC%2040%20foi%20criado,(antigamente%20chamada%20Paris%20Bourse).\">CAC 40<\/a> +7,40%<\/li>\n<\/ul>\n<h2>\u00daltimo fechamento do Ibovespa<\/h2>\n<p>O <a href=\"https:\/\/www.suno.com.br\/artigos\/ibovespa\/\"><strong>Ibovespa<\/strong><\/a> encerrou a sess\u00e3o, na \u00faltima quinta-feira, em queda de 14,78% a 72.582,53 pontos.<\/p>\n\n","protected":false},"excerpt":{"rendered":"<p>O Ibovespa abriu em forte alta nesta sexta-feira (13), seguindo o otimismo generalizado nos mercados europeus. Ibovespa fecha em alta de 0,52%, a 87.402,59 pontos O principal \u00edndice acion\u00e1rio da Bolsa de Valores de S\u00e3o Paulo (B3) registrou a maior queda di\u00e1ria desde 1998 na \u00faltima quinta-feira (12). Por volta de 10h25 desta sexta, o [&hellip;]<\/p>\n","protected":false},"author":24,"featured_media":23473,"comment_status":"closed","ping_status":"closed","sticky":false,"template":"","format":"standard","meta":[],"categories":[60],"tags":[5255,776,721,909],"suno_strategy":[],"class_list":["post-56472","post","type-post","status-publish","format-standard","has-post-thumbnail","hentry","category-mercado","tag-covid-19","tag-federal-reseve-fed","tag-ibovespa","tag-ministerio-da-economia"],"yoast_head":"<!-- This site is optimized with the Yoast SEO plugin v24.4 - https:\/\/yoast.com\/wordpress\/plugins\/seo\/ -->\n<title>Ibovespa abre em alta de 14% seguindo o otimismo do mercado externo<\/title>\n<meta name=\"description\" content=\"O Ibovespa abriu em forte alta nesta sexta-feira (13), seguindo o otimismo generalizado nos mercados europeus. Saiba mais.\" \/>\n<meta name=\"robots\" content=\"index, follow, max-snippet:-1, max-image-preview:large, max-video-preview:-1\" \/>\n<link rel=\"canonical\" href=\"https:\/\/www.suno.com.br\/noticias\/ibovespa-coronavirus-economia-13032020\/\" \/>\n<meta property=\"og:locale\" content=\"pt_BR\" \/>\n<meta property=\"og:type\" content=\"article\" \/>\n<meta property=\"og:title\" content=\"Ibovespa abre em alta de 14% seguindo o otimismo do mercado externo\" \/>\n<meta property=\"og:description\" content=\"O Ibovespa abriu em forte alta nesta sexta-feira (13), seguindo o otimismo generalizado nos mercados europeus. Saiba mais.\" \/>\n<meta property=\"og:url\" content=\"https:\/\/www.suno.com.br\/noticias\/ibovespa-coronavirus-economia-13032020\/\" \/>\n<meta property=\"og:site_name\" content=\"Suno Not\u00edcias\" \/>\n<meta property=\"article:publisher\" content=\"https:\/\/facebook.com\/sunoresearch\" \/>\n<meta property=\"og:image\" content=\"https:\/\/files.sunoresearch.com.br\/n\/uploads\/2019\/05\/0a3734a8-ibovespa.jpg\" \/>\n\t<meta property=\"og:image:width\" content=\"3888\" \/>\n\t<meta property=\"og:image:height\" content=\"2592\" \/>\n\t<meta property=\"og:image:type\" content=\"image\/jpeg\" \/>\n<meta name=\"author\" content=\"Jader Lazarini\" \/>\n<meta name=\"twitter:card\" content=\"summary_large_image\" \/>\n<meta name=\"twitter:creator\" content=\"@sunoresearch\" \/>\n<meta name=\"twitter:site\" content=\"@sunoresearch\" \/>\n<meta name=\"twitter:label1\" content=\"Escrito por\" \/>\n\t<meta name=\"twitter:data1\" content=\"Jader Lazarini\" \/>\n\t<meta name=\"twitter:label2\" content=\"Est. tempo de leitura\" \/>\n\t<meta name=\"twitter:data2\" content=\"3 minutos\" \/>\n<script type=\"application\/ld+json\" class=\"yoast-schema-graph\">{\"@context\":\"https:\/\/schema.org\",\"@graph\":[{\"@type\":\"NewsArticle\",\"@id\":\"https:\/\/www.suno.com.br\/noticias\/ibovespa-coronavirus-economia-13032020\/#article\",\"isPartOf\":{\"@id\":\"https:\/\/www.suno.com.br\/noticias\/ibovespa-coronavirus-economia-13032020\/\"},\"author\":{\"name\":\"Jader Lazarini\",\"@id\":\"https:\/\/www.suno.com.br\/noticias\/#\/schema\/person\/918d79de1f0281f01599b93f9ea6e23f\"},\"headline\":\"Ibovespa abre em alta de 14% seguindo o otimismo do mercado externo\",\"datePublished\":\"2020-03-13T13:29:02+00:00\",\"dateModified\":\"2020-03-13T13:44:16+00:00\",\"mainEntityOfPage\":{\"@id\":\"https:\/\/www.suno.com.br\/noticias\/ibovespa-coronavirus-economia-13032020\/\"},\"wordCount\":597,\"publisher\":{\"@id\":\"https:\/\/www.suno.com.br\/noticias\/#organization\"},\"image\":{\"@id\":\"https:\/\/www.suno.com.br\/noticias\/ibovespa-coronavirus-economia-13032020\/#primaryimage\"},\"thumbnailUrl\":\"https:\/\/files.sunoresearch.com.br\/n\/uploads\/2019\/05\/0a3734a8-ibovespa-scaled.webp\",\"keywords\":[\"covid-19\",\"Federal Reserve (FED)\",\"Ibovespa\",\"Minist\u00e9rio da Economia\"],\"articleSection\":[\"Mercado\"],\"inLanguage\":\"pt-BR\"},{\"@type\":\"WebPage\",\"@id\":\"https:\/\/www.suno.com.br\/noticias\/ibovespa-coronavirus-economia-13032020\/\",\"url\":\"https:\/\/www.suno.com.br\/noticias\/ibovespa-coronavirus-economia-13032020\/\",\"name\":\"Ibovespa abre em alta de 14% seguindo o otimismo do mercado externo\",\"isPartOf\":{\"@id\":\"https:\/\/www.suno.com.br\/noticias\/#website\"},\"primaryImageOfPage\":{\"@id\":\"https:\/\/www.suno.com.br\/noticias\/ibovespa-coronavirus-economia-13032020\/#primaryimage\"},\"image\":{\"@id\":\"https:\/\/www.suno.com.br\/noticias\/ibovespa-coronavirus-economia-13032020\/#primaryimage\"},\"thumbnailUrl\":\"https:\/\/files.sunoresearch.com.br\/n\/uploads\/2019\/05\/0a3734a8-ibovespa-scaled.webp\",\"datePublished\":\"2020-03-13T13:29:02+00:00\",\"dateModified\":\"2020-03-13T13:44:16+00:00\",\"description\":\"O Ibovespa abriu em forte alta nesta sexta-feira (13), seguindo o otimismo generalizado nos mercados europeus. Saiba mais.\",\"breadcrumb\":{\"@id\":\"https:\/\/www.suno.com.br\/noticias\/ibovespa-coronavirus-economia-13032020\/#breadcrumb\"},\"inLanguage\":\"pt-BR\",\"potentialAction\":[{\"@type\":\"ReadAction\",\"target\":[\"https:\/\/www.suno.com.br\/noticias\/ibovespa-coronavirus-economia-13032020\/\"]}]},{\"@type\":\"ImageObject\",\"inLanguage\":\"pt-BR\",\"@id\":\"https:\/\/www.suno.com.br\/noticias\/ibovespa-coronavirus-economia-13032020\/#primaryimage\",\"url\":\"https:\/\/files.sunoresearch.com.br\/n\/uploads\/2019\/05\/0a3734a8-ibovespa-scaled.webp\",\"contentUrl\":\"https:\/\/files.sunoresearch.com.br\/n\/uploads\/2019\/05\/0a3734a8-ibovespa-scaled.webp\",\"width\":2560,\"height\":1707,\"caption\":\"Ibovespa fecha em alta de 0,52%, a 87.402,59 pontos\"},{\"@type\":\"BreadcrumbList\",\"@id\":\"https:\/\/www.suno.com.br\/noticias\/ibovespa-coronavirus-economia-13032020\/#breadcrumb\",\"itemListElement\":[{\"@type\":\"ListItem\",\"position\":1,\"name\":\"Not\u00edcias\",\"item\":\"https:\/\/www.suno.com.br\/noticias\/\"},{\"@type\":\"ListItem\",\"position\":2,\"name\":\"Mercado\",\"item\":\"https:\/\/www.suno.com.br\/noticias\/mercado\/\"},{\"@type\":\"ListItem\",\"position\":3,\"name\":\"Ibovespa abre em alta de 14% seguindo o otimismo do mercado externo\"}]},{\"@type\":\"WebSite\",\"@id\":\"https:\/\/www.suno.com.br\/noticias\/#website\",\"url\":\"https:\/\/www.suno.com.br\/noticias\/\",\"name\":\"Suno Not\u00edcias\",\"description\":\"Seu portal de informa\u00e7\u00e3o sobre o mundo dos investimentos\",\"publisher\":{\"@id\":\"https:\/\/www.suno.com.br\/noticias\/#organization\"},\"potentialAction\":[{\"@type\":\"SearchAction\",\"target\":{\"@type\":\"EntryPoint\",\"urlTemplate\":\"https:\/\/www.suno.com.br\/noticias\/?s={search_term_string}\"},\"query-input\":{\"@type\":\"PropertyValueSpecification\",\"valueRequired\":true,\"valueName\":\"search_term_string\"}}],\"inLanguage\":\"pt-BR\"},{\"@type\":\"Organization\",\"@id\":\"https:\/\/www.suno.com.br\/noticias\/#organization\",\"name\":\"Suno Not\u00edcias\",\"url\":\"https:\/\/www.suno.com.br\/noticias\/\",\"logo\":{\"@type\":\"ImageObject\",\"inLanguage\":\"pt-BR\",\"@id\":\"https:\/\/www.suno.com.br\/noticias\/#\/schema\/logo\/image\/\",\"url\":\"https:\/\/files.sunoresearch.com.br\/n\/uploads\/2021\/09\/suno-logo.png\",\"contentUrl\":\"https:\/\/files.sunoresearch.com.br\/n\/uploads\/2021\/09\/suno-logo.png\",\"width\":180,\"height\":180,\"caption\":\"Suno Not\u00edcias\"},\"image\":{\"@id\":\"https:\/\/www.suno.com.br\/noticias\/#\/schema\/logo\/image\/\"},\"sameAs\":[\"https:\/\/facebook.com\/sunoresearch\",\"https:\/\/x.com\/sunoresearch\",\"https:\/\/www.instagram.com\/suno\",\"https:\/\/www.linkedin.com\/company\/suno-research\/\",\"https:\/\/www.youtube.com\/c\/sunoresearch\"]},{\"@type\":\"Person\",\"@id\":\"https:\/\/www.suno.com.br\/noticias\/#\/schema\/person\/918d79de1f0281f01599b93f9ea6e23f\",\"name\":\"Jader Lazarini\",\"image\":{\"@type\":\"ImageObject\",\"inLanguage\":\"pt-BR\",\"@id\":\"https:\/\/www.suno.com.br\/noticias\/#\/schema\/person\/image\/\",\"url\":\"https:\/\/secure.gravatar.com\/avatar\/3c1ad8caa51589841baeb923fcddea97?s=96&r=g\",\"contentUrl\":\"https:\/\/secure.gravatar.com\/avatar\/3c1ad8caa51589841baeb923fcddea97?s=96&r=g\",\"caption\":\"Jader Lazarini\"},\"description\":\"Jader Lazarini escreve sobre investimentos, finan\u00e7as, economia e neg\u00f3cios. \u00c9 bacharel em Rela\u00e7\u00f5es Internacionais e analista CNPI (2619).\",\"url\":\"https:\/\/www.suno.com.br\/noticias\/author\/jader-lazarini\/\"}]}<\/script>\n<!-- \/ Yoast SEO plugin. -->","yoast_head_json":{"title":"Ibovespa abre em alta de 14% seguindo o otimismo do mercado externo","description":"O Ibovespa abriu em forte alta nesta sexta-feira (13), seguindo o otimismo generalizado nos mercados europeus. Saiba mais.","robots":{"index":"index","follow":"follow","max-snippet":"max-snippet:-1","max-image-preview":"max-image-preview:large","max-video-preview":"max-video-preview:-1"},"canonical":"https:\/\/www.suno.com.br\/noticias\/ibovespa-coronavirus-economia-13032020\/","og_locale":"pt_BR","og_type":"article","og_title":"Ibovespa abre em alta de 14% seguindo o otimismo do mercado externo","og_description":"O Ibovespa abriu em forte alta nesta sexta-feira (13), seguindo o otimismo generalizado nos mercados europeus. Saiba mais.","og_url":"https:\/\/www.suno.com.br\/noticias\/ibovespa-coronavirus-economia-13032020\/","og_site_name":"Suno Not\u00edcias","article_publisher":"https:\/\/facebook.com\/sunoresearch","og_image":[{"width":3888,"height":2592,"url":"https:\/\/files.sunoresearch.com.br\/n\/uploads\/2019\/05\/0a3734a8-ibovespa.jpg","type":"image\/jpeg"}],"author":"Jader Lazarini","twitter_card":"summary_large_image","twitter_creator":"@sunoresearch","twitter_site":"@sunoresearch","twitter_misc":{"Escrito por":"Jader Lazarini","Est. tempo de leitura":"3 minutos"},"schema":{"@context":"https:\/\/schema.org","@graph":[{"@type":"NewsArticle","@id":"https:\/\/www.suno.com.br\/noticias\/ibovespa-coronavirus-economia-13032020\/#article","isPartOf":{"@id":"https:\/\/www.suno.com.br\/noticias\/ibovespa-coronavirus-economia-13032020\/"},"author":{"name":"Jader Lazarini","@id":"https:\/\/www.suno.com.br\/noticias\/#\/schema\/person\/918d79de1f0281f01599b93f9ea6e23f"},"headline":"Ibovespa abre em alta de 14% seguindo o otimismo do mercado externo","datePublished":"2020-03-13T13:29:02+00:00","dateModified":"2020-03-13T13:44:16+00:00","mainEntityOfPage":{"@id":"https:\/\/www.suno.com.br\/noticias\/ibovespa-coronavirus-economia-13032020\/"},"wordCount":597,"publisher":{"@id":"https:\/\/www.suno.com.br\/noticias\/#organization"},"image":{"@id":"https:\/\/www.suno.com.br\/noticias\/ibovespa-coronavirus-economia-13032020\/#primaryimage"},"thumbnailUrl":"https:\/\/files.sunoresearch.com.br\/n\/uploads\/2019\/05\/0a3734a8-ibovespa-scaled.webp","keywords":["covid-19","Federal Reserve (FED)","Ibovespa","Minist\u00e9rio da Economia"],"articleSection":["Mercado"],"inLanguage":"pt-BR"},{"@type":"WebPage","@id":"https:\/\/www.suno.com.br\/noticias\/ibovespa-coronavirus-economia-13032020\/","url":"https:\/\/www.suno.com.br\/noticias\/ibovespa-coronavirus-economia-13032020\/","name":"Ibovespa abre em alta de 14% seguindo o otimismo do mercado externo","isPartOf":{"@id":"https:\/\/www.suno.com.br\/noticias\/#website"},"primaryImageOfPage":{"@id":"https:\/\/www.suno.com.br\/noticias\/ibovespa-coronavirus-economia-13032020\/#primaryimage"},"image":{"@id":"https:\/\/www.suno.com.br\/noticias\/ibovespa-coronavirus-economia-13032020\/#primaryimage"},"thumbnailUrl":"https:\/\/files.sunoresearch.com.br\/n\/uploads\/2019\/05\/0a3734a8-ibovespa-scaled.webp","datePublished":"2020-03-13T13:29:02+00:00","dateModified":"2020-03-13T13:44:16+00:00","description":"O Ibovespa abriu em forte alta nesta sexta-feira (13), seguindo o otimismo generalizado nos mercados europeus. Saiba mais.","breadcrumb":{"@id":"https:\/\/www.suno.com.br\/noticias\/ibovespa-coronavirus-economia-13032020\/#breadcrumb"},"inLanguage":"pt-BR","potentialAction":[{"@type":"ReadAction","target":["https:\/\/www.suno.com.br\/noticias\/ibovespa-coronavirus-economia-13032020\/"]}]},{"@type":"ImageObject","inLanguage":"pt-BR","@id":"https:\/\/www.suno.com.br\/noticias\/ibovespa-coronavirus-economia-13032020\/#primaryimage","url":"https:\/\/files.sunoresearch.com.br\/n\/uploads\/2019\/05\/0a3734a8-ibovespa-scaled.webp","contentUrl":"https:\/\/files.sunoresearch.com.br\/n\/uploads\/2019\/05\/0a3734a8-ibovespa-scaled.webp","width":2560,"height":1707,"caption":"Ibovespa fecha em alta de 0,52%, a 87.402,59 pontos"},{"@type":"BreadcrumbList","@id":"https:\/\/www.suno.com.br\/noticias\/ibovespa-coronavirus-economia-13032020\/#breadcrumb","itemListElement":[{"@type":"ListItem","position":1,"name":"Not\u00edcias","item":"https:\/\/www.suno.com.br\/noticias\/"},{"@type":"ListItem","position":2,"name":"Mercado","item":"https:\/\/www.suno.com.br\/noticias\/mercado\/"},{"@type":"ListItem","position":3,"name":"Ibovespa abre em alta de 14% seguindo o otimismo do mercado externo"}]},{"@type":"WebSite","@id":"https:\/\/www.suno.com.br\/noticias\/#website","url":"https:\/\/www.suno.com.br\/noticias\/","name":"Suno Not\u00edcias","description":"Seu portal de informa\u00e7\u00e3o sobre o mundo dos investimentos","publisher":{"@id":"https:\/\/www.suno.com.br\/noticias\/#organization"},"potentialAction":[{"@type":"SearchAction","target":{"@type":"EntryPoint","urlTemplate":"https:\/\/www.suno.com.br\/noticias\/?s={search_term_string}"},"query-input":{"@type":"PropertyValueSpecification","valueRequired":true,"valueName":"search_term_string"}}],"inLanguage":"pt-BR"},{"@type":"Organization","@id":"https:\/\/www.suno.com.br\/noticias\/#organization","name":"Suno Not\u00edcias","url":"https:\/\/www.suno.com.br\/noticias\/","logo":{"@type":"ImageObject","inLanguage":"pt-BR","@id":"https:\/\/www.suno.com.br\/noticias\/#\/schema\/logo\/image\/","url":"https:\/\/files.sunoresearch.com.br\/n\/uploads\/2021\/09\/suno-logo.png","contentUrl":"https:\/\/files.sunoresearch.com.br\/n\/uploads\/2021\/09\/suno-logo.png","width":180,"height":180,"caption":"Suno Not\u00edcias"},"image":{"@id":"https:\/\/www.suno.com.br\/noticias\/#\/schema\/logo\/image\/"},"sameAs":["https:\/\/facebook.com\/sunoresearch","https:\/\/x.com\/sunoresearch","https:\/\/www.instagram.com\/suno","https:\/\/www.linkedin.com\/company\/suno-research\/","https:\/\/www.youtube.com\/c\/sunoresearch"]},{"@type":"Person","@id":"https:\/\/www.suno.com.br\/noticias\/#\/schema\/person\/918d79de1f0281f01599b93f9ea6e23f","name":"Jader Lazarini","image":{"@type":"ImageObject","inLanguage":"pt-BR","@id":"https:\/\/www.suno.com.br\/noticias\/#\/schema\/person\/image\/","url":"https:\/\/secure.gravatar.com\/avatar\/3c1ad8caa51589841baeb923fcddea97?s=96&r=g","contentUrl":"https:\/\/secure.gravatar.com\/avatar\/3c1ad8caa51589841baeb923fcddea97?s=96&r=g","caption":"Jader Lazarini"},"description":"Jader Lazarini escreve sobre investimentos, finan\u00e7as, economia e neg\u00f3cios. \u00c9 bacharel em Rela\u00e7\u00f5es Internacionais e analista CNPI (2619).","url":"https:\/\/www.suno.com.br\/noticias\/author\/jader-lazarini\/"}]}},"default_loop_html":"<div class=\"cardsPage__listCard__boxs\"><div class=\"cardsPage__listCard__boxs__img\"><a href=\"https:\/\/www.suno.com.br\/noticias\/ibovespa-coronavirus-economia-13032020\/\"><img class=\"mask\" src=\"https:\/\/www.suno.com.br\/noticias\/wp-content\/themes\/suno\/resources\/images\/spotlight\/spotlight1img\/bg-mask.png\" alt=\"Image Mask\"\/><img src=\"https:\/\/files.sunoresearch.com.br\/n\/uploads\/2019\/05\/0a3734a8-ibovespa-400x200.webp\" alt=\"Ibovespa abre em alta de 14% seguindo o otimismo do mercado externo\"\/><\/a><span class=\"spotlightCategory\"><a href=\"https:\/\/www.suno.com.br\/noticias\/mercado\/\">Mercado<\/a><\/span><\/div><div class=\"cardsPage__listCard__boxs__content\"><a href=\"https:\/\/www.suno.com.br\/noticias\/ibovespa-coronavirus-economia-13032020\/\"><h2 class=\"content__title\">Ibovespa abre em alta de 14% seguindo o otimismo do mercado externo<\/h2><\/a><div class=\"newsContent__article__meta\"><div class=\"newsContent__article__meta__authorBox\"><a href=\"https:\/\/www.suno.com.br\/noticias\/author\/jader-lazarini\/\" class=\"authorBox__avatar noMobi\"><img src=\"https:\/\/files.sunoresearch.com.br\/n\/uploads\/2021\/01\/178e6598-foto-perfil-2-150x150.jpg\" alt=\"Jader Lazarini\"><\/a><div class=\"authorBox__name\"><span>por\n\t\t\t<a href=\"https:\/\/www.suno.com.br\/noticias\/author\/jader-lazarini\/\"><span itemprop=\"author\">Jader Lazarini<\/span><\/a><\/span><time datetime=\"2020-03-13T10:29:02-03:00\" itemprop=\"datePublished\">13\/03\/2020 10:29<\/time><\/div><\/div><\/div><\/div><\/div>","single_layout":"posts","amp_enabled":true,"_links":{"self":[{"href":"https:\/\/www.suno.com.br\/noticias\/wp-json\/wp\/v2\/posts\/56472"}],"collection":[{"href":"https:\/\/www.suno.com.br\/noticias\/wp-json\/wp\/v2\/posts"}],"about":[{"href":"https:\/\/www.suno.com.br\/noticias\/wp-json\/wp\/v2\/types\/post"}],"author":[{"embeddable":true,"href":"https:\/\/www.suno.com.br\/noticias\/wp-json\/wp\/v2\/users\/24"}],"replies":[{"embeddable":true,"href":"https:\/\/www.suno.com.br\/noticias\/wp-json\/wp\/v2\/comments?post=56472"}],"version-history":[{"count":0,"href":"https:\/\/www.suno.com.br\/noticias\/wp-json\/wp\/v2\/posts\/56472\/revisions"}],"wp:featuredmedia":[{"embeddable":true,"href":"https:\/\/www.suno.com.br\/noticias\/wp-json\/wp\/v2\/media\/23473"}],"wp:attachment":[{"href":"https:\/\/www.suno.com.br\/noticias\/wp-json\/wp\/v2\/media?parent=56472"}],"wp:term":[{"taxonomy":"category","embeddable":true,"href":"https:\/\/www.suno.com.br\/noticias\/wp-json\/wp\/v2\/categories?post=56472"},{"taxonomy":"post_tag","embeddable":true,"href":"https:\/\/www.suno.com.br\/noticias\/wp-json\/wp\/v2\/tags?post=56472"},{"taxonomy":"suno_strategy","embeddable":true,"href":"https:\/\/www.suno.com.br\/noticias\/wp-json\/wp\/v2\/suno_strategy?post=56472"}],"curies":[{"name":"wp","href":"https:\/\/api.w.org\/{rel}","templated":true}]}}