{"id":564709,"date":"2024-07-02T11:22:36","date_gmt":"2024-07-02T14:22:36","guid":{"rendered":"https:\/\/www.suno.com.br\/noticias\/?p=564709"},"modified":"2024-07-02T11:22:39","modified_gmt":"2024-07-02T14:22:39","slug":"azzas-2154-pedro-parente-presidente-ec-gss","status":"publish","type":"post","link":"https:\/\/www.suno.com.br\/noticias\/azzas-2154-pedro-parente-presidente-ec-gss\/","title":{"rendered":"Azzas 2154: Pedro Parente vai presidir conselho da empresa fruto da fus\u00e3o entre Arezzo (ARZZ3) e Grupo Soma (SOMA3)"},"content":{"rendered":"<p>A <a class=\"suno-keyword\" data-force=\"yes\" data-priority=\"2\" href=\"https:\/\/www.suno.com.br\/acoes\/ARZZ3\/\" target=\"_blank\" rel=\"noopener\">Arezzo (ARZZ3)<\/a> e o <a class=\"suno-keyword\" data-force=\"yes\" data-priority=\"2\" href=\"https:\/\/www.suno.com.br\/acoes\/SOMA3\/\" target=\"_blank\" rel=\"noopener\">Grupo Soma (SOMA3)<\/a> anunciaram na segunda-feira, 1\u00ba, os nomes indicados para compor o <a class=\"suno-keyword\" data-force=\"no\" data-priority=\"1\" href=\"https:\/\/www.suno.com.br\/artigos\/conselho-administracao\/\" target=\"_blank\" rel=\"noopener\">Conselho de Administra\u00e7\u00e3o<\/a> da <strong>Azzas 2154<\/strong>, nova companhia decorrente da associa\u00e7\u00e3o entre os dois grupos. <\/p>\t<div class=\"wrapper-featured-image\">\n\t\t<figure class=\"spotlightImg\">\n\n\t\t\t<picture>\n\t\t\t\t<source media=\"(max-width: 768px)\" srcset=\"https:\/\/files.sunoresearch.com.br\/n\/uploads\/2024\/07\/27542659110_ac245b2851_k-400x200.jpg\">\n\t\t\t\t<img loading=\"lazy\" decoding=\"async\" class=\"newsContent__article__imgCapa lazyloadDisabled \" src=\"https:\/\/files.sunoresearch.com.br\/n\/uploads\/2024\/07\/27542659110_ac245b2851_k-800x450.jpg\" width=\"800\" height=\"450\" alt=\"Azzas 2154: Pedro Parente vai presidir conselho da empresa fruto da fus\u00e3o entre Arezzo (ARZZ3) e Grupo Soma (SOMA3)\" fetchpriority=high \/>\n\t\t\t<\/picture>\n\n\t\t\t<figcaption class=\"wp-caption-text wp-caption-text--show\">Pedro Parente, presidente do conselho da Azzas 2154. Foto: Foto: Marcos Corr\u00eaa\/PR<\/figcaption>\n\t\t<\/figure>\n\t<\/div>\n\n\n\n\n\n\n\n\t<p>\n\t\t<a href=\"https:\/\/lp.suno.com.br\/planilha-da-vida-financeira\/\" target=\"_blank\" data-element=\"shortcode-suno-banner\" title=\"Banner SUNO, clique e saiba mais\">\n\t\t\t<picture>\n\t\t\t\t<source media=\"(max-width: 500px)\" srcset=\"https:\/\/files.sunoresearch.com.br\/n\/uploads\/2023\/04\/400x300-Planilha-vida-financeira-true.png\">\n\t\t\t\t<img class=\"newsContent__article__imgCapa newsContent__article__imgCapa--banner\"\n\t\t\t\t\tsrc=\"https:\/\/files.sunoresearch.com.br\/n\/uploads\/2023\/04\/1420x240-Planilha-vida-financeira-true.png\"\n\t\t\t\t\tdata-promo-id=\"106682\"\t\t\t\t\t\t\t\t\t\twidth='1420' height='240'\t\t\t\t\talt=\"https:\/\/files.sunoresearch.com.br\/n\/uploads\/2023\/04\/1420x240-Planilha-vida-financeira-true.png\"\n\t\t\t\t>\n\t\t\t<\/picture>\n\t\t<\/a>\n\t<\/p>\n\n\n\n\n\n<p>Al\u00e9m de <strong>Alexandre Birman<\/strong> e <strong>Roberto Jatahy<\/strong>, s\u00f3cios-fundadores das duas empresas que originam agora a <strong>Azzas<\/strong> 2154, foram escolhidos Guilherme Benchimol, Edison Ticle, Jos\u00e9 Ernesto Bologna, Ruy Kameyama, Sylvia Le\u00e3o e Anna Chaia. <strong>Pedro Parente<\/strong>, ex-presidente da <a class=\"suno-keyword\" data-force=\"yes\" data-priority=\"2\" href=\"https:\/\/www.suno.com.br\/acoes\/PETR4\/\" target=\"_blank\" rel=\"noopener\">Petrobras (PETR4)<\/a>, foi o indicado para assumir a presid\u00eancia do Conselho de Administra\u00e7\u00e3o.<\/p>\n\n\n\n<p>A incorpora\u00e7\u00e3o do <strong>Grupo Soma<\/strong> pela <strong>Arezzo<\/strong> foi aprovada no \u00faltimo dia 18 em Assembleias Gerais Extraordin\u00e1rias (AGE) realizadas pelas companhias. Com a incorpora\u00e7\u00e3o, a <strong>Arezzo&amp;Co<\/strong> passa a se chamar Azzas 2154, enquanto o Grupo Soma \u00e9 extinto.<\/p>\n\n\n\n<p>Os nomes propostos ao Conselho de Administra\u00e7\u00e3o ser\u00e3o apresentados aos acionistas em Assembleia Geral Extraordin\u00e1ria convocada para o pr\u00f3ximo dia 31 de julho.<\/p>\n\n\n\n<p>Alexandre Birman ser\u00e1 tamb\u00e9m o futuro <strong>CEO da Azzas 2154<\/strong>, e Roberto Jatahy assumir\u00e1 como CEO da unidade de neg\u00f3cios de vestu\u00e1rio feminino. O novo grupo anunciou tamb\u00e9m a cria\u00e7\u00e3o de tr\u00eas Comit\u00eas Estatut\u00e1rios: Comit\u00ea de Riscos, Auditoria e Finan\u00e7as (CRAF), coordenado por Edison Ticle; Comit\u00ea de Pessoas, <a class=\"suno-keyword\" target=\"_blank\" data-force=\"no\" data-priority=\"2\" href=\"https:\/\/www.suno.com.br\/guias\/esg\/\" rel=\"noopener\">ESG<\/a> e Remunera\u00e7\u00e3o, coordenado por Jos\u00e9 Ernesto Beni Bologna; e Comit\u00ea de Integra\u00e7\u00e3o e Estrat\u00e9gia; coordenado por Ruy Kameyama.<\/p>\n\n\n\n<p>A nova multinacional tem <a class=\"suno-keyword\" target=\"_blank\" data-force=\"no\" data-priority=\"1\" href=\"https:\/\/www.suno.com.br\/artigos\/o-que-receita-bruta\/\" rel=\"noopener\">receita bruta<\/a> anual estimada em mais de R$ 12,4 bilh\u00f5es e EBTIDA de R$ 1,6 bilh\u00e3o. O grupo re\u00fane 34 marcas, cerca de 22 mil colaboradores diretos, mais de 2 mil lojas, 1,5 mil franquias e 22 mil multimarcas, informou.<\/p>\n\n\n\n<p>A nova estrutura da <strong>Azzas 2154<\/strong> ter\u00e1 quatro unidades de neg\u00f3cios: Cal\u00e7ados e Acess\u00f3rios, com Arezzo, Schutz, Vans e outras; Vestu\u00e1rio Feminino Lifestyle, com Farm, Animale, Maria Fil\u00f3, NV e outras; Vestu\u00e1rio Masculino Lifestyle, com Reserva, Oficina, Foxton e outras; e Vestu\u00e1rio Democr\u00e1tico, Hering, Hering Kids, Hering Intimates e Dzarm.<\/p>\n\n\n\n<p><em>Com Estad\u00e3o Conte\u00fado<\/em><\/p>\n\n\n\t<p>\n\t\t<a href=\"https:\/\/lp.suno.com.br\/planilha-da-vida-financeira\/\" target=\"_blank\" data-element=\"shortcode-suno-banner\" title=\"Banner SUNO, clique e saiba mais\">\n\t\t\t<picture>\n\t\t\t\t<source media=\"(max-width: 500px)\" srcset=\"https:\/\/files.sunoresearch.com.br\/n\/uploads\/2023\/04\/400x300-Planilha-vida-financeira-true.png\">\n\t\t\t\t<img class=\"newsContent__article__imgCapa newsContent__article__imgCapa--banner\"\n\t\t\t\t\tsrc=\"https:\/\/files.sunoresearch.com.br\/n\/uploads\/2023\/04\/1420x240-Planilha-vida-financeira-true.png\"\n\t\t\t\t\tdata-promo-id=\"383123\"\t\t\t\t\t\t\t\t\t\twidth='1420' height='240'\t\t\t\t\talt=\"https:\/\/files.sunoresearch.com.br\/n\/uploads\/2023\/04\/1420x240-Planilha-vida-financeira-true.png\"\n\t\t\t\t>\n\t\t\t<\/picture>\n\t\t<\/a>\n\t<\/p>\n\n\n","protected":false},"excerpt":{"rendered":"<p>A Arezzo (ARZZ3) e o Grupo Soma (SOMA3) anunciaram na segunda-feira, 1\u00ba, os nomes indicados para compor o Conselho de Administra\u00e7\u00e3o da Azzas 2154, nova companhia decorrente da associa\u00e7\u00e3o entre os dois grupos. Pedro Parente, presidente do conselho da Azzas 2154. Foto: Foto: Marcos Corr\u00eaa\/PR Al\u00e9m de Alexandre Birman e Roberto Jatahy, s\u00f3cios-fundadores das duas [&hellip;]<\/p>\n","protected":false},"author":376,"featured_media":564713,"comment_status":"closed","ping_status":"closed","sticky":false,"template":"","format":"standard","meta":[],"categories":[64],"tags":[362,2686],"suno_strategy":[],"class_list":["post-564709","post","type-post","status-publish","format-standard","has-post-thumbnail","hentry","category-negocios","tag-arezzo-arzz3","tag-grupo-soma-soma3"],"yoast_head":"<!-- This site is optimized with the Yoast SEO plugin v24.4 - https:\/\/yoast.com\/wordpress\/plugins\/seo\/ -->\n<title>Azzas 2154: Pedro Parente vai presidir conselho da nova empresa<\/title>\n<meta name=\"description\" content=\"Azzas 2154 \u00e9 a empresa fruto da fus\u00e3o entre Arezzo (ARZZ3) e Grupo Soma (SOMA3), que ter\u00e1 o ex-presidente da Petrobras (PETR4) no conselho.\" \/>\n<meta name=\"robots\" content=\"index, follow, max-snippet:-1, max-image-preview:large, max-video-preview:-1\" \/>\n<link rel=\"canonical\" href=\"https:\/\/www.suno.com.br\/noticias\/azzas-2154-pedro-parente-presidente-ec-gss\/\" \/>\n<meta property=\"og:locale\" content=\"pt_BR\" \/>\n<meta property=\"og:type\" content=\"article\" \/>\n<meta property=\"og:title\" content=\"Azzas 2154: Pedro Parente vai presidir conselho da nova empresa\" \/>\n<meta property=\"og:description\" content=\"Azzas 2154 \u00e9 a empresa fruto da fus\u00e3o entre Arezzo (ARZZ3) e Grupo Soma (SOMA3), que ter\u00e1 o ex-presidente da Petrobras (PETR4) no conselho.\" \/>\n<meta property=\"og:url\" content=\"https:\/\/www.suno.com.br\/noticias\/azzas-2154-pedro-parente-presidente-ec-gss\/\" \/>\n<meta property=\"og:site_name\" content=\"Suno Not\u00edcias\" \/>\n<meta property=\"article:publisher\" content=\"https:\/\/facebook.com\/sunoresearch\" \/>\n<meta property=\"og:image\" content=\"https:\/\/files.sunoresearch.com.br\/n\/uploads\/2024\/07\/27542659110_ac245b2851_k.jpg\" \/>\n\t<meta property=\"og:image:width\" content=\"2048\" \/>\n\t<meta property=\"og:image:height\" content=\"1365\" \/>\n\t<meta property=\"og:image:type\" content=\"image\/jpeg\" \/>\n<meta name=\"author\" content=\"Guilherme Serrano\" \/>\n<meta name=\"twitter:card\" content=\"summary_large_image\" \/>\n<meta name=\"twitter:creator\" content=\"@sunoresearch\" \/>\n<meta name=\"twitter:site\" content=\"@sunoresearch\" \/>\n<meta name=\"twitter:label1\" content=\"Escrito por\" \/>\n\t<meta name=\"twitter:data1\" content=\"Guilherme Serrano\" \/>\n\t<meta name=\"twitter:label2\" content=\"Est. tempo de leitura\" \/>\n\t<meta name=\"twitter:data2\" content=\"2 minutos\" \/>\n<script type=\"application\/ld+json\" class=\"yoast-schema-graph\">{\"@context\":\"https:\/\/schema.org\",\"@graph\":[{\"@type\":\"NewsArticle\",\"@id\":\"https:\/\/www.suno.com.br\/noticias\/azzas-2154-pedro-parente-presidente-ec-gss\/#article\",\"isPartOf\":{\"@id\":\"https:\/\/www.suno.com.br\/noticias\/azzas-2154-pedro-parente-presidente-ec-gss\/\"},\"author\":{\"name\":\"Guilherme Serrano\",\"@id\":\"https:\/\/www.suno.com.br\/noticias\/#\/schema\/person\/d0f07e64bce64aa671feadfb844f04ca\"},\"headline\":\"Azzas 2154: Pedro Parente vai presidir conselho da empresa fruto da fus\u00e3o entre Arezzo (ARZZ3) e Grupo Soma (SOMA3)\",\"datePublished\":\"2024-07-02T14:22:36+00:00\",\"dateModified\":\"2024-07-02T14:22:39+00:00\",\"mainEntityOfPage\":{\"@id\":\"https:\/\/www.suno.com.br\/noticias\/azzas-2154-pedro-parente-presidente-ec-gss\/\"},\"wordCount\":357,\"publisher\":{\"@id\":\"https:\/\/www.suno.com.br\/noticias\/#organization\"},\"image\":{\"@id\":\"https:\/\/www.suno.com.br\/noticias\/azzas-2154-pedro-parente-presidente-ec-gss\/#primaryimage\"},\"thumbnailUrl\":\"https:\/\/files.sunoresearch.com.br\/n\/uploads\/2024\/07\/27542659110_ac245b2851_k.jpg\",\"keywords\":[\"Arezzo (ARZZ3)\",\"Grupo Soma (SOMA3)\"],\"articleSection\":[\"Neg\u00f3cios\"],\"inLanguage\":\"pt-BR\"},{\"@type\":\"WebPage\",\"@id\":\"https:\/\/www.suno.com.br\/noticias\/azzas-2154-pedro-parente-presidente-ec-gss\/\",\"url\":\"https:\/\/www.suno.com.br\/noticias\/azzas-2154-pedro-parente-presidente-ec-gss\/\",\"name\":\"Azzas 2154: Pedro Parente vai presidir conselho da nova empresa\",\"isPartOf\":{\"@id\":\"https:\/\/www.suno.com.br\/noticias\/#website\"},\"primaryImageOfPage\":{\"@id\":\"https:\/\/www.suno.com.br\/noticias\/azzas-2154-pedro-parente-presidente-ec-gss\/#primaryimage\"},\"image\":{\"@id\":\"https:\/\/www.suno.com.br\/noticias\/azzas-2154-pedro-parente-presidente-ec-gss\/#primaryimage\"},\"thumbnailUrl\":\"https:\/\/files.sunoresearch.com.br\/n\/uploads\/2024\/07\/27542659110_ac245b2851_k.jpg\",\"datePublished\":\"2024-07-02T14:22:36+00:00\",\"dateModified\":\"2024-07-02T14:22:39+00:00\",\"description\":\"Azzas 2154 \u00e9 a empresa fruto da fus\u00e3o entre Arezzo (ARZZ3) e Grupo Soma (SOMA3), que ter\u00e1 o ex-presidente da Petrobras (PETR4) no conselho.\",\"breadcrumb\":{\"@id\":\"https:\/\/www.suno.com.br\/noticias\/azzas-2154-pedro-parente-presidente-ec-gss\/#breadcrumb\"},\"inLanguage\":\"pt-BR\",\"potentialAction\":[{\"@type\":\"ReadAction\",\"target\":[\"https:\/\/www.suno.com.br\/noticias\/azzas-2154-pedro-parente-presidente-ec-gss\/\"]}]},{\"@type\":\"ImageObject\",\"inLanguage\":\"pt-BR\",\"@id\":\"https:\/\/www.suno.com.br\/noticias\/azzas-2154-pedro-parente-presidente-ec-gss\/#primaryimage\",\"url\":\"https:\/\/files.sunoresearch.com.br\/n\/uploads\/2024\/07\/27542659110_ac245b2851_k.jpg\",\"contentUrl\":\"https:\/\/files.sunoresearch.com.br\/n\/uploads\/2024\/07\/27542659110_ac245b2851_k.jpg\",\"width\":2048,\"height\":1365,\"caption\":\"Pedro Parente, presidente do conselho da Azzas 2154. Foto: Foto: Marcos Corr\u00eaa\/PR\"},{\"@type\":\"BreadcrumbList\",\"@id\":\"https:\/\/www.suno.com.br\/noticias\/azzas-2154-pedro-parente-presidente-ec-gss\/#breadcrumb\",\"itemListElement\":[{\"@type\":\"ListItem\",\"position\":1,\"name\":\"Not\u00edcias\",\"item\":\"https:\/\/www.suno.com.br\/noticias\/\"},{\"@type\":\"ListItem\",\"position\":2,\"name\":\"Neg\u00f3cios\",\"item\":\"https:\/\/www.suno.com.br\/noticias\/negocios\/\"},{\"@type\":\"ListItem\",\"position\":3,\"name\":\"Azzas 2154: Pedro Parente vai presidir conselho da empresa fruto da fus\u00e3o entre Arezzo (ARZZ3) e Grupo Soma (SOMA3)\"}]},{\"@type\":\"WebSite\",\"@id\":\"https:\/\/www.suno.com.br\/noticias\/#website\",\"url\":\"https:\/\/www.suno.com.br\/noticias\/\",\"name\":\"Suno Not\u00edcias\",\"description\":\"Seu portal de informa\u00e7\u00e3o sobre o mundo dos investimentos\",\"publisher\":{\"@id\":\"https:\/\/www.suno.com.br\/noticias\/#organization\"},\"potentialAction\":[{\"@type\":\"SearchAction\",\"target\":{\"@type\":\"EntryPoint\",\"urlTemplate\":\"https:\/\/www.suno.com.br\/noticias\/?s={search_term_string}\"},\"query-input\":{\"@type\":\"PropertyValueSpecification\",\"valueRequired\":true,\"valueName\":\"search_term_string\"}}],\"inLanguage\":\"pt-BR\"},{\"@type\":\"Organization\",\"@id\":\"https:\/\/www.suno.com.br\/noticias\/#organization\",\"name\":\"Suno Not\u00edcias\",\"url\":\"https:\/\/www.suno.com.br\/noticias\/\",\"logo\":{\"@type\":\"ImageObject\",\"inLanguage\":\"pt-BR\",\"@id\":\"https:\/\/www.suno.com.br\/noticias\/#\/schema\/logo\/image\/\",\"url\":\"https:\/\/files.sunoresearch.com.br\/n\/uploads\/2021\/09\/suno-logo.png\",\"contentUrl\":\"https:\/\/files.sunoresearch.com.br\/n\/uploads\/2021\/09\/suno-logo.png\",\"width\":180,\"height\":180,\"caption\":\"Suno Not\u00edcias\"},\"image\":{\"@id\":\"https:\/\/www.suno.com.br\/noticias\/#\/schema\/logo\/image\/\"},\"sameAs\":[\"https:\/\/facebook.com\/sunoresearch\",\"https:\/\/x.com\/sunoresearch\",\"https:\/\/www.instagram.com\/suno\",\"https:\/\/www.linkedin.com\/company\/suno-research\/\",\"https:\/\/www.youtube.com\/c\/sunoresearch\"]},{\"@type\":\"Person\",\"@id\":\"https:\/\/www.suno.com.br\/noticias\/#\/schema\/person\/d0f07e64bce64aa671feadfb844f04ca\",\"name\":\"Guilherme Serrano\",\"image\":{\"@type\":\"ImageObject\",\"inLanguage\":\"pt-BR\",\"@id\":\"https:\/\/www.suno.com.br\/noticias\/#\/schema\/person\/image\/\",\"url\":\"https:\/\/secure.gravatar.com\/avatar\/a90be19d8c67bef61497e4522de30ac4?s=96&r=g\",\"contentUrl\":\"https:\/\/secure.gravatar.com\/avatar\/a90be19d8c67bef61497e4522de30ac4?s=96&r=g\",\"caption\":\"Guilherme Serrano\"},\"description\":\"Jornalista formado pela Faculdade C\u00e1sper L\u00edbero e p\u00f3s-graduado em Can\u00e7\u00e3o Popular pela Faculdade Santa Marcelina. Passagens por R\u00e1dio Gazeta AM, gazetaesportiva.com e TC R\u00e1dio.\",\"url\":\"https:\/\/www.suno.com.br\/noticias\/author\/guilherme-silvasuno-com-br\/\"}]}<\/script>\n<!-- \/ Yoast SEO plugin. -->","yoast_head_json":{"title":"Azzas 2154: Pedro Parente vai presidir conselho da nova empresa","description":"Azzas 2154 \u00e9 a empresa fruto da fus\u00e3o entre Arezzo (ARZZ3) e Grupo Soma (SOMA3), que ter\u00e1 o ex-presidente da Petrobras (PETR4) no conselho.","robots":{"index":"index","follow":"follow","max-snippet":"max-snippet:-1","max-image-preview":"max-image-preview:large","max-video-preview":"max-video-preview:-1"},"canonical":"https:\/\/www.suno.com.br\/noticias\/azzas-2154-pedro-parente-presidente-ec-gss\/","og_locale":"pt_BR","og_type":"article","og_title":"Azzas 2154: Pedro Parente vai presidir conselho da nova empresa","og_description":"Azzas 2154 \u00e9 a empresa fruto da fus\u00e3o entre Arezzo (ARZZ3) e Grupo Soma (SOMA3), que ter\u00e1 o ex-presidente da Petrobras (PETR4) no conselho.","og_url":"https:\/\/www.suno.com.br\/noticias\/azzas-2154-pedro-parente-presidente-ec-gss\/","og_site_name":"Suno Not\u00edcias","article_publisher":"https:\/\/facebook.com\/sunoresearch","og_image":[{"width":2048,"height":1365,"url":"https:\/\/files.sunoresearch.com.br\/n\/uploads\/2024\/07\/27542659110_ac245b2851_k.jpg","type":"image\/jpeg"}],"author":"Guilherme Serrano","twitter_card":"summary_large_image","twitter_creator":"@sunoresearch","twitter_site":"@sunoresearch","twitter_misc":{"Escrito por":"Guilherme Serrano","Est. tempo de leitura":"2 minutos"},"schema":{"@context":"https:\/\/schema.org","@graph":[{"@type":"NewsArticle","@id":"https:\/\/www.suno.com.br\/noticias\/azzas-2154-pedro-parente-presidente-ec-gss\/#article","isPartOf":{"@id":"https:\/\/www.suno.com.br\/noticias\/azzas-2154-pedro-parente-presidente-ec-gss\/"},"author":{"name":"Guilherme Serrano","@id":"https:\/\/www.suno.com.br\/noticias\/#\/schema\/person\/d0f07e64bce64aa671feadfb844f04ca"},"headline":"Azzas 2154: Pedro Parente vai presidir conselho da empresa fruto da fus\u00e3o entre Arezzo (ARZZ3) e Grupo Soma (SOMA3)","datePublished":"2024-07-02T14:22:36+00:00","dateModified":"2024-07-02T14:22:39+00:00","mainEntityOfPage":{"@id":"https:\/\/www.suno.com.br\/noticias\/azzas-2154-pedro-parente-presidente-ec-gss\/"},"wordCount":357,"publisher":{"@id":"https:\/\/www.suno.com.br\/noticias\/#organization"},"image":{"@id":"https:\/\/www.suno.com.br\/noticias\/azzas-2154-pedro-parente-presidente-ec-gss\/#primaryimage"},"thumbnailUrl":"https:\/\/files.sunoresearch.com.br\/n\/uploads\/2024\/07\/27542659110_ac245b2851_k.jpg","keywords":["Arezzo (ARZZ3)","Grupo Soma (SOMA3)"],"articleSection":["Neg\u00f3cios"],"inLanguage":"pt-BR"},{"@type":"WebPage","@id":"https:\/\/www.suno.com.br\/noticias\/azzas-2154-pedro-parente-presidente-ec-gss\/","url":"https:\/\/www.suno.com.br\/noticias\/azzas-2154-pedro-parente-presidente-ec-gss\/","name":"Azzas 2154: Pedro Parente vai presidir conselho da nova empresa","isPartOf":{"@id":"https:\/\/www.suno.com.br\/noticias\/#website"},"primaryImageOfPage":{"@id":"https:\/\/www.suno.com.br\/noticias\/azzas-2154-pedro-parente-presidente-ec-gss\/#primaryimage"},"image":{"@id":"https:\/\/www.suno.com.br\/noticias\/azzas-2154-pedro-parente-presidente-ec-gss\/#primaryimage"},"thumbnailUrl":"https:\/\/files.sunoresearch.com.br\/n\/uploads\/2024\/07\/27542659110_ac245b2851_k.jpg","datePublished":"2024-07-02T14:22:36+00:00","dateModified":"2024-07-02T14:22:39+00:00","description":"Azzas 2154 \u00e9 a empresa fruto da fus\u00e3o entre Arezzo (ARZZ3) e Grupo Soma (SOMA3), que ter\u00e1 o ex-presidente da Petrobras (PETR4) no conselho.","breadcrumb":{"@id":"https:\/\/www.suno.com.br\/noticias\/azzas-2154-pedro-parente-presidente-ec-gss\/#breadcrumb"},"inLanguage":"pt-BR","potentialAction":[{"@type":"ReadAction","target":["https:\/\/www.suno.com.br\/noticias\/azzas-2154-pedro-parente-presidente-ec-gss\/"]}]},{"@type":"ImageObject","inLanguage":"pt-BR","@id":"https:\/\/www.suno.com.br\/noticias\/azzas-2154-pedro-parente-presidente-ec-gss\/#primaryimage","url":"https:\/\/files.sunoresearch.com.br\/n\/uploads\/2024\/07\/27542659110_ac245b2851_k.jpg","contentUrl":"https:\/\/files.sunoresearch.com.br\/n\/uploads\/2024\/07\/27542659110_ac245b2851_k.jpg","width":2048,"height":1365,"caption":"Pedro Parente, presidente do conselho da Azzas 2154. Foto: Foto: Marcos Corr\u00eaa\/PR"},{"@type":"BreadcrumbList","@id":"https:\/\/www.suno.com.br\/noticias\/azzas-2154-pedro-parente-presidente-ec-gss\/#breadcrumb","itemListElement":[{"@type":"ListItem","position":1,"name":"Not\u00edcias","item":"https:\/\/www.suno.com.br\/noticias\/"},{"@type":"ListItem","position":2,"name":"Neg\u00f3cios","item":"https:\/\/www.suno.com.br\/noticias\/negocios\/"},{"@type":"ListItem","position":3,"name":"Azzas 2154: Pedro Parente vai presidir conselho da empresa fruto da fus\u00e3o entre Arezzo (ARZZ3) e Grupo Soma (SOMA3)"}]},{"@type":"WebSite","@id":"https:\/\/www.suno.com.br\/noticias\/#website","url":"https:\/\/www.suno.com.br\/noticias\/","name":"Suno Not\u00edcias","description":"Seu portal de informa\u00e7\u00e3o sobre o mundo dos investimentos","publisher":{"@id":"https:\/\/www.suno.com.br\/noticias\/#organization"},"potentialAction":[{"@type":"SearchAction","target":{"@type":"EntryPoint","urlTemplate":"https:\/\/www.suno.com.br\/noticias\/?s={search_term_string}"},"query-input":{"@type":"PropertyValueSpecification","valueRequired":true,"valueName":"search_term_string"}}],"inLanguage":"pt-BR"},{"@type":"Organization","@id":"https:\/\/www.suno.com.br\/noticias\/#organization","name":"Suno Not\u00edcias","url":"https:\/\/www.suno.com.br\/noticias\/","logo":{"@type":"ImageObject","inLanguage":"pt-BR","@id":"https:\/\/www.suno.com.br\/noticias\/#\/schema\/logo\/image\/","url":"https:\/\/files.sunoresearch.com.br\/n\/uploads\/2021\/09\/suno-logo.png","contentUrl":"https:\/\/files.sunoresearch.com.br\/n\/uploads\/2021\/09\/suno-logo.png","width":180,"height":180,"caption":"Suno Not\u00edcias"},"image":{"@id":"https:\/\/www.suno.com.br\/noticias\/#\/schema\/logo\/image\/"},"sameAs":["https:\/\/facebook.com\/sunoresearch","https:\/\/x.com\/sunoresearch","https:\/\/www.instagram.com\/suno","https:\/\/www.linkedin.com\/company\/suno-research\/","https:\/\/www.youtube.com\/c\/sunoresearch"]},{"@type":"Person","@id":"https:\/\/www.suno.com.br\/noticias\/#\/schema\/person\/d0f07e64bce64aa671feadfb844f04ca","name":"Guilherme Serrano","image":{"@type":"ImageObject","inLanguage":"pt-BR","@id":"https:\/\/www.suno.com.br\/noticias\/#\/schema\/person\/image\/","url":"https:\/\/secure.gravatar.com\/avatar\/a90be19d8c67bef61497e4522de30ac4?s=96&r=g","contentUrl":"https:\/\/secure.gravatar.com\/avatar\/a90be19d8c67bef61497e4522de30ac4?s=96&r=g","caption":"Guilherme Serrano"},"description":"Jornalista formado pela Faculdade C\u00e1sper L\u00edbero e p\u00f3s-graduado em Can\u00e7\u00e3o Popular pela Faculdade Santa Marcelina. Passagens por R\u00e1dio Gazeta AM, gazetaesportiva.com e TC R\u00e1dio.","url":"https:\/\/www.suno.com.br\/noticias\/author\/guilherme-silvasuno-com-br\/"}]}},"default_loop_html":"<div class=\"cardsPage__listCard__boxs\"><div class=\"cardsPage__listCard__boxs__img\"><a href=\"https:\/\/www.suno.com.br\/noticias\/azzas-2154-pedro-parente-presidente-ec-gss\/\"><img class=\"mask\" src=\"https:\/\/www.suno.com.br\/noticias\/wp-content\/themes\/suno\/resources\/images\/spotlight\/spotlight1img\/bg-mask.png\" alt=\"Image Mask\"\/><img src=\"https:\/\/files.sunoresearch.com.br\/n\/uploads\/2024\/07\/27542659110_ac245b2851_k-400x200.jpg\" alt=\"Azzas 2154: Pedro Parente vai presidir conselho da empresa fruto da fus\u00e3o entre Arezzo (ARZZ3) e Grupo Soma (SOMA3)\"\/><\/a><span class=\"spotlightCategory\"><a href=\"https:\/\/www.suno.com.br\/noticias\/negocios\/\">Neg\u00f3cios<\/a><\/span><\/div><div class=\"cardsPage__listCard__boxs__content\"><a href=\"https:\/\/www.suno.com.br\/noticias\/azzas-2154-pedro-parente-presidente-ec-gss\/\"><h2 class=\"content__title\">Azzas 2154: Pedro Parente vai presidir conselho da empresa fruto da fus\u00e3o entre Arezzo (ARZZ3) e Grupo Soma (SOMA3)<\/h2><\/a><div class=\"newsContent__article__meta\"><div class=\"newsContent__article__meta__authorBox\"><a href=\"https:\/\/www.suno.com.br\/noticias\/author\/guilherme-silvasuno-com-br\/\" class=\"authorBox__avatar noMobi\"><img src=\"https:\/\/secure.gravatar.com\/avatar\/a90be19d8c67bef61497e4522de30ac4?s=96&#038;r=g\" alt=\"Guilherme Serrano\"><\/a><div class=\"authorBox__name\"><span>por\n\t\t\t<a href=\"https:\/\/www.suno.com.br\/noticias\/author\/guilherme-silvasuno-com-br\/\"><span itemprop=\"author\">Guilherme Serrano<\/span><\/a><\/span><time datetime=\"2024-07-02T11:22:36-03:00\" itemprop=\"datePublished\">02\/07\/2024 11:22<\/time><\/div><\/div><\/div><\/div><\/div>","single_layout":"posts","amp_enabled":true,"_links":{"self":[{"href":"https:\/\/www.suno.com.br\/noticias\/wp-json\/wp\/v2\/posts\/564709"}],"collection":[{"href":"https:\/\/www.suno.com.br\/noticias\/wp-json\/wp\/v2\/posts"}],"about":[{"href":"https:\/\/www.suno.com.br\/noticias\/wp-json\/wp\/v2\/types\/post"}],"author":[{"embeddable":true,"href":"https:\/\/www.suno.com.br\/noticias\/wp-json\/wp\/v2\/users\/376"}],"replies":[{"embeddable":true,"href":"https:\/\/www.suno.com.br\/noticias\/wp-json\/wp\/v2\/comments?post=564709"}],"version-history":[{"count":2,"href":"https:\/\/www.suno.com.br\/noticias\/wp-json\/wp\/v2\/posts\/564709\/revisions"}],"predecessor-version":[{"id":564715,"href":"https:\/\/www.suno.com.br\/noticias\/wp-json\/wp\/v2\/posts\/564709\/revisions\/564715"}],"wp:featuredmedia":[{"embeddable":true,"href":"https:\/\/www.suno.com.br\/noticias\/wp-json\/wp\/v2\/media\/564713"}],"wp:attachment":[{"href":"https:\/\/www.suno.com.br\/noticias\/wp-json\/wp\/v2\/media?parent=564709"}],"wp:term":[{"taxonomy":"category","embeddable":true,"href":"https:\/\/www.suno.com.br\/noticias\/wp-json\/wp\/v2\/categories?post=564709"},{"taxonomy":"post_tag","embeddable":true,"href":"https:\/\/www.suno.com.br\/noticias\/wp-json\/wp\/v2\/tags?post=564709"},{"taxonomy":"suno_strategy","embeddable":true,"href":"https:\/\/www.suno.com.br\/noticias\/wp-json\/wp\/v2\/suno_strategy?post=564709"}],"curies":[{"name":"wp","href":"https:\/\/api.w.org\/{rel}","templated":true}]}}