{"id":564471,"date":"2024-07-01T11:15:22","date_gmt":"2024-07-01T14:15:22","guid":{"rendered":"https:\/\/www.suno.com.br\/noticias\/?p=564471"},"modified":"2024-07-01T11:15:26","modified_gmt":"2024-07-01T14:15:26","slug":"warren-buffett-fortuna-pos-morte-gss","status":"publish","type":"post","link":"https:\/\/www.suno.com.br\/noticias\/warren-buffett-fortuna-pos-morte-gss\/","title":{"rendered":"Heran\u00e7a, fundos, caridade? Veja para onde vai a fortuna de Warren Buffett ap\u00f3s sua morte"},"content":{"rendered":"<p>O lend\u00e1rio megainvestidor <strong>Warren Buffett<\/strong> revelou, em entrevista ao The <a class=\"suno-keyword\" data-force=\"no\" data-priority=\"2\" href=\"https:\/\/www.suno.com.br\/artigos\/wall-street\/\" target=\"_blank\" rel=\"noopener\">Wall Street<\/a> Journal, que, ap\u00f3s a sua morte, quase toda a sua fortuna ir\u00e1 para um novo fundo de caridade supervisionado pelos filhos.<\/p>\t<div class=\"wrapper-featured-image\">\n\t\t<figure class=\"spotlightImg\">\n\n\t\t\t<picture>\n\t\t\t\t<source media=\"(max-width: 768px)\" srcset=\"https:\/\/files.sunoresearch.com.br\/n\/uploads\/2023\/05\/warren-buffet-acoes-dividendos-foto-youtube-400x200.jpg\">\n\t\t\t\t<img loading=\"lazy\" decoding=\"async\" class=\"newsContent__article__imgCapa lazyloadDisabled \" src=\"https:\/\/files.sunoresearch.com.br\/n\/uploads\/2023\/05\/warren-buffet-acoes-dividendos-foto-youtube-800x450.jpg\" width=\"800\" height=\"450\" alt=\"Heran\u00e7a, fundos, caridade? Veja para onde vai a fortuna de Warren Buffett ap\u00f3s sua morte\" fetchpriority=high \/>\n\t\t\t<\/picture>\n\n\t\t\t<figcaption class=\"wp-caption-text wp-caption-text--show\">Warren Buffett. Foto: YouTube<\/figcaption>\n\t\t<\/figure>\n\t<\/div>\n\n\n\n\n\n\n\n\t<p>\n\t\t<a href=\"https:\/\/lp.suno.com.br\/planilha-da-vida-financeira\/\" target=\"_blank\" data-element=\"shortcode-suno-banner\" title=\"Banner SUNO, clique e saiba mais\">\n\t\t\t<picture>\n\t\t\t\t<source media=\"(max-width: 500px)\" srcset=\"https:\/\/files.sunoresearch.com.br\/n\/uploads\/2023\/04\/400x300-Planilha-vida-financeira-true.png\">\n\t\t\t\t<img class=\"newsContent__article__imgCapa newsContent__article__imgCapa--banner\"\n\t\t\t\t\tsrc=\"https:\/\/files.sunoresearch.com.br\/n\/uploads\/2023\/04\/1420x240-Planilha-vida-financeira-true.png\"\n\t\t\t\t\tdata-promo-id=\"106682\"\t\t\t\t\t\t\t\t\t\twidth='1420' height='240'\t\t\t\t\talt=\"https:\/\/files.sunoresearch.com.br\/n\/uploads\/2023\/04\/1420x240-Planilha-vida-financeira-true.png\"\n\t\t\t\t>\n\t\t\t<\/picture>\n\t\t<\/a>\n\t<\/p>\n\n\n\n\n\n<p>Segundo <strong>Buffett<\/strong>, sua filha Susie e seus filhos Howie e Peter Buffet n\u00e3o receberam ordens sobre o que fazer com o dinheiro. No entanto, o investidor ressaltou a import\u00e2ncia da doa\u00e7\u00e3o.<\/p>\n\n\n\n<p>&#8220;O dinheiro deveria ser usado para ajudar as pessoas que n\u00e3o tiveram a mesma sorte que n\u00f3s. H\u00e1 oito bilh\u00f5es de pessoas no mundo, e eu e meus filhos estamos no 100\u00b0 lugar mais sortudo de 1% ou algo assim. H\u00e1 muitas maneiras de ajudar as pessoas&#8221;, disse.<\/p>\n\n\n\n<p>O <strong>or\u00e1culo de Omaha<\/strong>, como \u00e9 chamado, j\u00e1 doou mais da metade de suas a\u00e7\u00f5es da <strong>Berkshire Hathaway<\/strong>, empresa sob seu controle desde 1965. Hoje, ele possui cerca de US$ 130 bilh\u00f5es em a\u00e7\u00f5es da companhia, j\u00e1 contando com a \u00faltima rodada de caridade divulgada na \u00faltima sexta-feira (28).<\/p>\n\n\n\n<p>O bilion\u00e1rio de 93 anos de idade vem, desde 2006, realizando doa\u00e7\u00f5es para a Funda\u00e7\u00e3o Bill &amp; Melinda Gates e outras quatro funda\u00e7\u00f5es ligadas \u00e0 sua fam\u00edlia. No entanto, ele ressaltou, em entrevista ao The Wall Street Journal, que tais doa\u00e7\u00f5es continuar\u00e3o apenas enquanto ele estiver vivo.<\/p>\n\n\n\n<p>Buffett afirmou ainda que mudou seu testamento muitas vezes, e que chegou ao plano atual ap\u00f3s ver a forma como seus filhos amadureceram ao longo dos anos.<\/p>\n\n\n\t<p>\n\t\t<a href=\"https:\/\/lp.suno.com.br\/ebook-como-analisar-uma-acao\/\" target=\"_blank\" data-element=\"shortcode-suno-banner\" title=\"Banner SUNO, clique e saiba mais\">\n\t\t\t<picture>\n\t\t\t\t<source media=\"(max-width: 500px)\" srcset=\"https:\/\/files.sunoresearch.com.br\/n\/uploads\/2023\/03\/Ebook-Acoes-Mobile.jpg\">\n\t\t\t\t<img class=\"newsContent__article__imgCapa newsContent__article__imgCapa--banner\"\n\t\t\t\t\tsrc=\"https:\/\/files.sunoresearch.com.br\/n\/uploads\/2023\/03\/Ebook-Acoes-Desktop.jpg\"\n\t\t\t\t\tdata-promo-id=\"378302\"\t\t\t\t\t\t\t\t\t\twidth='1420' height='286'\t\t\t\t\talt=\"https:\/\/files.sunoresearch.com.br\/n\/uploads\/2023\/03\/Ebook-Acoes-Desktop.jpg\"\n\t\t\t\t>\n\t\t\t<\/picture>\n\t\t<\/a>\n\t<\/p>\n\n\n\n\n\n<p><strong>Susie Buffett<\/strong> tem 71 anos de idade e mora em Omaha. \u00c9 presidente da Funda\u00e7\u00e3o Sherwood, voltada para a educa\u00e7\u00e3o infantil e a justi\u00e7a social, e da Funda\u00e7\u00e3o Susan Thompson Buffet, batizada em homenagem \u00e0 sua m\u00e3e, falecida em 2004.<\/p>\n\n\n\n<p><strong>Howie Buffett<\/strong> tem 69 anos, cultiva fazendas em Decatur, Illinois, e dirige a Funda\u00e7\u00e3o Howard G. Buffet, focada na seguran\u00e7a alimentar, mitiga\u00e7\u00e3o de conflitos e combate ao tr\u00e1fico de pessoas. <\/p>\n\n\n\n<p>J\u00e1 <strong>Peter Buffett<\/strong> tem 66 anos e, junto de sua esposa, Jennifer Buffet, lidera a Funda\u00e7\u00e3o NoVo, que possui projetos ligados \u00e0s comunidades ind\u00edgenas.<\/p>\n\n\n\n<p>Com isso, <strong>Warren Buffett<\/strong> afirma que sente-se bem com os valores de seus filhos e que tem confian\u00e7a na forma como eles conduzir\u00e3o seu patrim\u00f4nio.<\/p>\n\n\n\t<p>\n\t\t<a href=\"https:\/\/lp.suno.com.br\/planilha-da-vida-financeira\/\" target=\"_blank\" data-element=\"shortcode-suno-banner\" title=\"Banner SUNO, clique e saiba mais\">\n\t\t\t<picture>\n\t\t\t\t<source media=\"(max-width: 500px)\" srcset=\"https:\/\/files.sunoresearch.com.br\/n\/uploads\/2023\/04\/400x300-Planilha-vida-financeira-true.png\">\n\t\t\t\t<img class=\"newsContent__article__imgCapa newsContent__article__imgCapa--banner\"\n\t\t\t\t\tsrc=\"https:\/\/files.sunoresearch.com.br\/n\/uploads\/2023\/04\/1420x240-Planilha-vida-financeira-true.png\"\n\t\t\t\t\tdata-promo-id=\"383123\"\t\t\t\t\t\t\t\t\t\twidth='1420' height='240'\t\t\t\t\talt=\"https:\/\/files.sunoresearch.com.br\/n\/uploads\/2023\/04\/1420x240-Planilha-vida-financeira-true.png\"\n\t\t\t\t>\n\t\t\t<\/picture>\n\t\t<\/a>\n\t<\/p>\n\n\n","protected":false},"excerpt":{"rendered":"<p>O lend\u00e1rio megainvestidor Warren Buffett revelou, em entrevista ao The Wall Street Journal, que, ap\u00f3s a sua morte, quase toda a sua fortuna ir\u00e1 para um novo fundo de caridade supervisionado pelos filhos. Warren Buffett. Foto: YouTube Segundo Buffett, sua filha Susie e seus filhos Howie e Peter Buffet n\u00e3o receberam ordens sobre o que [&hellip;]<\/p>\n","protected":false},"author":376,"featured_media":406374,"comment_status":"closed","ping_status":"closed","sticky":false,"template":"","format":"standard","meta":[],"categories":[64],"tags":[330],"suno_strategy":[],"class_list":["post-564471","post","type-post","status-publish","format-standard","has-post-thumbnail","hentry","category-negocios","tag-warren-buffett"],"yoast_head":"<!-- This site is optimized with the Yoast SEO plugin v24.4 - https:\/\/yoast.com\/wordpress\/plugins\/seo\/ -->\n<title>Para onde ir\u00e1 a fortuna de Warren Buffett ap\u00f3s sua morte? Confira<\/title>\n<meta name=\"description\" content=\"Heran\u00e7a, fundos de investimento, caridade? Clique para saber para onde Warren Buffett destinar\u00e1 sua fortuna ap\u00f3s a morte.\" \/>\n<meta name=\"robots\" content=\"index, follow, max-snippet:-1, max-image-preview:large, max-video-preview:-1\" \/>\n<link rel=\"canonical\" href=\"https:\/\/www.suno.com.br\/noticias\/warren-buffett-fortuna-pos-morte-gss\/\" \/>\n<meta property=\"og:locale\" content=\"pt_BR\" \/>\n<meta property=\"og:type\" content=\"article\" \/>\n<meta property=\"og:title\" content=\"Para onde ir\u00e1 a fortuna de Warren Buffett ap\u00f3s sua morte? Confira\" \/>\n<meta property=\"og:description\" content=\"Heran\u00e7a, fundos de investimento, caridade? Clique para saber para onde Warren Buffett destinar\u00e1 sua fortuna ap\u00f3s a morte.\" \/>\n<meta property=\"og:url\" content=\"https:\/\/www.suno.com.br\/noticias\/warren-buffett-fortuna-pos-morte-gss\/\" \/>\n<meta property=\"og:site_name\" content=\"Suno Not\u00edcias\" \/>\n<meta property=\"article:publisher\" content=\"https:\/\/facebook.com\/sunoresearch\" \/>\n<meta property=\"og:image\" content=\"https:\/\/files.sunoresearch.com.br\/n\/uploads\/2023\/05\/warren-buffet-acoes-dividendos-foto-youtube.jpg\" \/>\n\t<meta property=\"og:image:width\" content=\"1920\" \/>\n\t<meta property=\"og:image:height\" content=\"1080\" \/>\n\t<meta property=\"og:image:type\" content=\"image\/jpeg\" \/>\n<meta name=\"author\" content=\"Guilherme Serrano\" \/>\n<meta name=\"twitter:card\" content=\"summary_large_image\" \/>\n<meta name=\"twitter:creator\" content=\"@sunoresearch\" \/>\n<meta name=\"twitter:site\" content=\"@sunoresearch\" \/>\n<meta name=\"twitter:label1\" content=\"Escrito por\" \/>\n\t<meta name=\"twitter:data1\" content=\"Guilherme Serrano\" \/>\n\t<meta name=\"twitter:label2\" content=\"Est. tempo de leitura\" \/>\n\t<meta name=\"twitter:data2\" content=\"2 minutos\" \/>\n<script type=\"application\/ld+json\" class=\"yoast-schema-graph\">{\"@context\":\"https:\/\/schema.org\",\"@graph\":[{\"@type\":\"NewsArticle\",\"@id\":\"https:\/\/www.suno.com.br\/noticias\/warren-buffett-fortuna-pos-morte-gss\/#article\",\"isPartOf\":{\"@id\":\"https:\/\/www.suno.com.br\/noticias\/warren-buffett-fortuna-pos-morte-gss\/\"},\"author\":{\"name\":\"Guilherme Serrano\",\"@id\":\"https:\/\/www.suno.com.br\/noticias\/#\/schema\/person\/d0f07e64bce64aa671feadfb844f04ca\"},\"headline\":\"Heran\u00e7a, fundos, caridade? Veja para onde vai a fortuna de Warren Buffett ap\u00f3s sua morte\",\"datePublished\":\"2024-07-01T14:15:22+00:00\",\"dateModified\":\"2024-07-01T14:15:26+00:00\",\"mainEntityOfPage\":{\"@id\":\"https:\/\/www.suno.com.br\/noticias\/warren-buffett-fortuna-pos-morte-gss\/\"},\"wordCount\":399,\"publisher\":{\"@id\":\"https:\/\/www.suno.com.br\/noticias\/#organization\"},\"image\":{\"@id\":\"https:\/\/www.suno.com.br\/noticias\/warren-buffett-fortuna-pos-morte-gss\/#primaryimage\"},\"thumbnailUrl\":\"https:\/\/files.sunoresearch.com.br\/n\/uploads\/2023\/05\/warren-buffet-acoes-dividendos-foto-youtube.jpg\",\"keywords\":[\"Warren Buffett\"],\"articleSection\":[\"Neg\u00f3cios\"],\"inLanguage\":\"pt-BR\"},{\"@type\":\"WebPage\",\"@id\":\"https:\/\/www.suno.com.br\/noticias\/warren-buffett-fortuna-pos-morte-gss\/\",\"url\":\"https:\/\/www.suno.com.br\/noticias\/warren-buffett-fortuna-pos-morte-gss\/\",\"name\":\"Para onde ir\u00e1 a fortuna de Warren Buffett ap\u00f3s sua morte? Confira\",\"isPartOf\":{\"@id\":\"https:\/\/www.suno.com.br\/noticias\/#website\"},\"primaryImageOfPage\":{\"@id\":\"https:\/\/www.suno.com.br\/noticias\/warren-buffett-fortuna-pos-morte-gss\/#primaryimage\"},\"image\":{\"@id\":\"https:\/\/www.suno.com.br\/noticias\/warren-buffett-fortuna-pos-morte-gss\/#primaryimage\"},\"thumbnailUrl\":\"https:\/\/files.sunoresearch.com.br\/n\/uploads\/2023\/05\/warren-buffet-acoes-dividendos-foto-youtube.jpg\",\"datePublished\":\"2024-07-01T14:15:22+00:00\",\"dateModified\":\"2024-07-01T14:15:26+00:00\",\"description\":\"Heran\u00e7a, fundos de investimento, caridade? Clique para saber para onde Warren Buffett destinar\u00e1 sua fortuna ap\u00f3s a morte.\",\"breadcrumb\":{\"@id\":\"https:\/\/www.suno.com.br\/noticias\/warren-buffett-fortuna-pos-morte-gss\/#breadcrumb\"},\"inLanguage\":\"pt-BR\",\"potentialAction\":[{\"@type\":\"ReadAction\",\"target\":[\"https:\/\/www.suno.com.br\/noticias\/warren-buffett-fortuna-pos-morte-gss\/\"]}]},{\"@type\":\"ImageObject\",\"inLanguage\":\"pt-BR\",\"@id\":\"https:\/\/www.suno.com.br\/noticias\/warren-buffett-fortuna-pos-morte-gss\/#primaryimage\",\"url\":\"https:\/\/files.sunoresearch.com.br\/n\/uploads\/2023\/05\/warren-buffet-acoes-dividendos-foto-youtube.jpg\",\"contentUrl\":\"https:\/\/files.sunoresearch.com.br\/n\/uploads\/2023\/05\/warren-buffet-acoes-dividendos-foto-youtube.jpg\",\"width\":1920,\"height\":1080,\"caption\":\"Warren Buffett. Foto: YouTube\"},{\"@type\":\"BreadcrumbList\",\"@id\":\"https:\/\/www.suno.com.br\/noticias\/warren-buffett-fortuna-pos-morte-gss\/#breadcrumb\",\"itemListElement\":[{\"@type\":\"ListItem\",\"position\":1,\"name\":\"Not\u00edcias\",\"item\":\"https:\/\/www.suno.com.br\/noticias\/\"},{\"@type\":\"ListItem\",\"position\":2,\"name\":\"Neg\u00f3cios\",\"item\":\"https:\/\/www.suno.com.br\/noticias\/negocios\/\"},{\"@type\":\"ListItem\",\"position\":3,\"name\":\"Heran\u00e7a, fundos, caridade? Veja para onde vai a fortuna de Warren Buffett ap\u00f3s sua morte\"}]},{\"@type\":\"WebSite\",\"@id\":\"https:\/\/www.suno.com.br\/noticias\/#website\",\"url\":\"https:\/\/www.suno.com.br\/noticias\/\",\"name\":\"Suno Not\u00edcias\",\"description\":\"Seu portal de informa\u00e7\u00e3o sobre o mundo dos investimentos\",\"publisher\":{\"@id\":\"https:\/\/www.suno.com.br\/noticias\/#organization\"},\"potentialAction\":[{\"@type\":\"SearchAction\",\"target\":{\"@type\":\"EntryPoint\",\"urlTemplate\":\"https:\/\/www.suno.com.br\/noticias\/?s={search_term_string}\"},\"query-input\":{\"@type\":\"PropertyValueSpecification\",\"valueRequired\":true,\"valueName\":\"search_term_string\"}}],\"inLanguage\":\"pt-BR\"},{\"@type\":\"Organization\",\"@id\":\"https:\/\/www.suno.com.br\/noticias\/#organization\",\"name\":\"Suno Not\u00edcias\",\"url\":\"https:\/\/www.suno.com.br\/noticias\/\",\"logo\":{\"@type\":\"ImageObject\",\"inLanguage\":\"pt-BR\",\"@id\":\"https:\/\/www.suno.com.br\/noticias\/#\/schema\/logo\/image\/\",\"url\":\"https:\/\/files.sunoresearch.com.br\/n\/uploads\/2021\/09\/suno-logo.png\",\"contentUrl\":\"https:\/\/files.sunoresearch.com.br\/n\/uploads\/2021\/09\/suno-logo.png\",\"width\":180,\"height\":180,\"caption\":\"Suno Not\u00edcias\"},\"image\":{\"@id\":\"https:\/\/www.suno.com.br\/noticias\/#\/schema\/logo\/image\/\"},\"sameAs\":[\"https:\/\/facebook.com\/sunoresearch\",\"https:\/\/x.com\/sunoresearch\",\"https:\/\/www.instagram.com\/suno\",\"https:\/\/www.linkedin.com\/company\/suno-research\/\",\"https:\/\/www.youtube.com\/c\/sunoresearch\"]},{\"@type\":\"Person\",\"@id\":\"https:\/\/www.suno.com.br\/noticias\/#\/schema\/person\/d0f07e64bce64aa671feadfb844f04ca\",\"name\":\"Guilherme Serrano\",\"image\":{\"@type\":\"ImageObject\",\"inLanguage\":\"pt-BR\",\"@id\":\"https:\/\/www.suno.com.br\/noticias\/#\/schema\/person\/image\/\",\"url\":\"https:\/\/secure.gravatar.com\/avatar\/a90be19d8c67bef61497e4522de30ac4?s=96&r=g\",\"contentUrl\":\"https:\/\/secure.gravatar.com\/avatar\/a90be19d8c67bef61497e4522de30ac4?s=96&r=g\",\"caption\":\"Guilherme Serrano\"},\"description\":\"Jornalista formado pela Faculdade C\u00e1sper L\u00edbero e p\u00f3s-graduado em Can\u00e7\u00e3o Popular pela Faculdade Santa Marcelina. Passagens por R\u00e1dio Gazeta AM, gazetaesportiva.com e TC R\u00e1dio.\",\"url\":\"https:\/\/www.suno.com.br\/noticias\/author\/guilherme-silvasuno-com-br\/\"}]}<\/script>\n<!-- \/ Yoast SEO plugin. -->","yoast_head_json":{"title":"Para onde ir\u00e1 a fortuna de Warren Buffett ap\u00f3s sua morte? Confira","description":"Heran\u00e7a, fundos de investimento, caridade? Clique para saber para onde Warren Buffett destinar\u00e1 sua fortuna ap\u00f3s a morte.","robots":{"index":"index","follow":"follow","max-snippet":"max-snippet:-1","max-image-preview":"max-image-preview:large","max-video-preview":"max-video-preview:-1"},"canonical":"https:\/\/www.suno.com.br\/noticias\/warren-buffett-fortuna-pos-morte-gss\/","og_locale":"pt_BR","og_type":"article","og_title":"Para onde ir\u00e1 a fortuna de Warren Buffett ap\u00f3s sua morte? Confira","og_description":"Heran\u00e7a, fundos de investimento, caridade? Clique para saber para onde Warren Buffett destinar\u00e1 sua fortuna ap\u00f3s a morte.","og_url":"https:\/\/www.suno.com.br\/noticias\/warren-buffett-fortuna-pos-morte-gss\/","og_site_name":"Suno Not\u00edcias","article_publisher":"https:\/\/facebook.com\/sunoresearch","og_image":[{"width":1920,"height":1080,"url":"https:\/\/files.sunoresearch.com.br\/n\/uploads\/2023\/05\/warren-buffet-acoes-dividendos-foto-youtube.jpg","type":"image\/jpeg"}],"author":"Guilherme Serrano","twitter_card":"summary_large_image","twitter_creator":"@sunoresearch","twitter_site":"@sunoresearch","twitter_misc":{"Escrito por":"Guilherme Serrano","Est. tempo de leitura":"2 minutos"},"schema":{"@context":"https:\/\/schema.org","@graph":[{"@type":"NewsArticle","@id":"https:\/\/www.suno.com.br\/noticias\/warren-buffett-fortuna-pos-morte-gss\/#article","isPartOf":{"@id":"https:\/\/www.suno.com.br\/noticias\/warren-buffett-fortuna-pos-morte-gss\/"},"author":{"name":"Guilherme Serrano","@id":"https:\/\/www.suno.com.br\/noticias\/#\/schema\/person\/d0f07e64bce64aa671feadfb844f04ca"},"headline":"Heran\u00e7a, fundos, caridade? Veja para onde vai a fortuna de Warren Buffett ap\u00f3s sua morte","datePublished":"2024-07-01T14:15:22+00:00","dateModified":"2024-07-01T14:15:26+00:00","mainEntityOfPage":{"@id":"https:\/\/www.suno.com.br\/noticias\/warren-buffett-fortuna-pos-morte-gss\/"},"wordCount":399,"publisher":{"@id":"https:\/\/www.suno.com.br\/noticias\/#organization"},"image":{"@id":"https:\/\/www.suno.com.br\/noticias\/warren-buffett-fortuna-pos-morte-gss\/#primaryimage"},"thumbnailUrl":"https:\/\/files.sunoresearch.com.br\/n\/uploads\/2023\/05\/warren-buffet-acoes-dividendos-foto-youtube.jpg","keywords":["Warren Buffett"],"articleSection":["Neg\u00f3cios"],"inLanguage":"pt-BR"},{"@type":"WebPage","@id":"https:\/\/www.suno.com.br\/noticias\/warren-buffett-fortuna-pos-morte-gss\/","url":"https:\/\/www.suno.com.br\/noticias\/warren-buffett-fortuna-pos-morte-gss\/","name":"Para onde ir\u00e1 a fortuna de Warren Buffett ap\u00f3s sua morte? Confira","isPartOf":{"@id":"https:\/\/www.suno.com.br\/noticias\/#website"},"primaryImageOfPage":{"@id":"https:\/\/www.suno.com.br\/noticias\/warren-buffett-fortuna-pos-morte-gss\/#primaryimage"},"image":{"@id":"https:\/\/www.suno.com.br\/noticias\/warren-buffett-fortuna-pos-morte-gss\/#primaryimage"},"thumbnailUrl":"https:\/\/files.sunoresearch.com.br\/n\/uploads\/2023\/05\/warren-buffet-acoes-dividendos-foto-youtube.jpg","datePublished":"2024-07-01T14:15:22+00:00","dateModified":"2024-07-01T14:15:26+00:00","description":"Heran\u00e7a, fundos de investimento, caridade? Clique para saber para onde Warren Buffett destinar\u00e1 sua fortuna ap\u00f3s a morte.","breadcrumb":{"@id":"https:\/\/www.suno.com.br\/noticias\/warren-buffett-fortuna-pos-morte-gss\/#breadcrumb"},"inLanguage":"pt-BR","potentialAction":[{"@type":"ReadAction","target":["https:\/\/www.suno.com.br\/noticias\/warren-buffett-fortuna-pos-morte-gss\/"]}]},{"@type":"ImageObject","inLanguage":"pt-BR","@id":"https:\/\/www.suno.com.br\/noticias\/warren-buffett-fortuna-pos-morte-gss\/#primaryimage","url":"https:\/\/files.sunoresearch.com.br\/n\/uploads\/2023\/05\/warren-buffet-acoes-dividendos-foto-youtube.jpg","contentUrl":"https:\/\/files.sunoresearch.com.br\/n\/uploads\/2023\/05\/warren-buffet-acoes-dividendos-foto-youtube.jpg","width":1920,"height":1080,"caption":"Warren Buffett. Foto: YouTube"},{"@type":"BreadcrumbList","@id":"https:\/\/www.suno.com.br\/noticias\/warren-buffett-fortuna-pos-morte-gss\/#breadcrumb","itemListElement":[{"@type":"ListItem","position":1,"name":"Not\u00edcias","item":"https:\/\/www.suno.com.br\/noticias\/"},{"@type":"ListItem","position":2,"name":"Neg\u00f3cios","item":"https:\/\/www.suno.com.br\/noticias\/negocios\/"},{"@type":"ListItem","position":3,"name":"Heran\u00e7a, fundos, caridade? Veja para onde vai a fortuna de Warren Buffett ap\u00f3s sua morte"}]},{"@type":"WebSite","@id":"https:\/\/www.suno.com.br\/noticias\/#website","url":"https:\/\/www.suno.com.br\/noticias\/","name":"Suno Not\u00edcias","description":"Seu portal de informa\u00e7\u00e3o sobre o mundo dos investimentos","publisher":{"@id":"https:\/\/www.suno.com.br\/noticias\/#organization"},"potentialAction":[{"@type":"SearchAction","target":{"@type":"EntryPoint","urlTemplate":"https:\/\/www.suno.com.br\/noticias\/?s={search_term_string}"},"query-input":{"@type":"PropertyValueSpecification","valueRequired":true,"valueName":"search_term_string"}}],"inLanguage":"pt-BR"},{"@type":"Organization","@id":"https:\/\/www.suno.com.br\/noticias\/#organization","name":"Suno Not\u00edcias","url":"https:\/\/www.suno.com.br\/noticias\/","logo":{"@type":"ImageObject","inLanguage":"pt-BR","@id":"https:\/\/www.suno.com.br\/noticias\/#\/schema\/logo\/image\/","url":"https:\/\/files.sunoresearch.com.br\/n\/uploads\/2021\/09\/suno-logo.png","contentUrl":"https:\/\/files.sunoresearch.com.br\/n\/uploads\/2021\/09\/suno-logo.png","width":180,"height":180,"caption":"Suno Not\u00edcias"},"image":{"@id":"https:\/\/www.suno.com.br\/noticias\/#\/schema\/logo\/image\/"},"sameAs":["https:\/\/facebook.com\/sunoresearch","https:\/\/x.com\/sunoresearch","https:\/\/www.instagram.com\/suno","https:\/\/www.linkedin.com\/company\/suno-research\/","https:\/\/www.youtube.com\/c\/sunoresearch"]},{"@type":"Person","@id":"https:\/\/www.suno.com.br\/noticias\/#\/schema\/person\/d0f07e64bce64aa671feadfb844f04ca","name":"Guilherme Serrano","image":{"@type":"ImageObject","inLanguage":"pt-BR","@id":"https:\/\/www.suno.com.br\/noticias\/#\/schema\/person\/image\/","url":"https:\/\/secure.gravatar.com\/avatar\/a90be19d8c67bef61497e4522de30ac4?s=96&r=g","contentUrl":"https:\/\/secure.gravatar.com\/avatar\/a90be19d8c67bef61497e4522de30ac4?s=96&r=g","caption":"Guilherme Serrano"},"description":"Jornalista formado pela Faculdade C\u00e1sper L\u00edbero e p\u00f3s-graduado em Can\u00e7\u00e3o Popular pela Faculdade Santa Marcelina. Passagens por R\u00e1dio Gazeta AM, gazetaesportiva.com e TC R\u00e1dio.","url":"https:\/\/www.suno.com.br\/noticias\/author\/guilherme-silvasuno-com-br\/"}]}},"default_loop_html":"<div class=\"cardsPage__listCard__boxs\"><div class=\"cardsPage__listCard__boxs__img\"><a href=\"https:\/\/www.suno.com.br\/noticias\/warren-buffett-fortuna-pos-morte-gss\/\"><img class=\"mask\" src=\"https:\/\/www.suno.com.br\/noticias\/wp-content\/themes\/suno\/resources\/images\/spotlight\/spotlight1img\/bg-mask.png\" alt=\"Image Mask\"\/><img src=\"https:\/\/files.sunoresearch.com.br\/n\/uploads\/2023\/05\/warren-buffet-acoes-dividendos-foto-youtube-400x200.jpg\" alt=\"Heran\u00e7a, fundos, caridade? Veja para onde vai a fortuna de Warren Buffett ap\u00f3s sua morte\"\/><\/a><span class=\"spotlightCategory\"><a href=\"https:\/\/www.suno.com.br\/noticias\/negocios\/\">Neg\u00f3cios<\/a><\/span><\/div><div class=\"cardsPage__listCard__boxs__content\"><a href=\"https:\/\/www.suno.com.br\/noticias\/warren-buffett-fortuna-pos-morte-gss\/\"><h2 class=\"content__title\">Heran\u00e7a, fundos, caridade? Veja para onde vai a fortuna de Warren Buffett ap\u00f3s sua morte<\/h2><\/a><div class=\"newsContent__article__meta\"><div class=\"newsContent__article__meta__authorBox\"><a href=\"https:\/\/www.suno.com.br\/noticias\/author\/guilherme-silvasuno-com-br\/\" class=\"authorBox__avatar noMobi\"><img src=\"https:\/\/secure.gravatar.com\/avatar\/a90be19d8c67bef61497e4522de30ac4?s=96&#038;r=g\" alt=\"Guilherme Serrano\"><\/a><div class=\"authorBox__name\"><span>por\n\t\t\t<a href=\"https:\/\/www.suno.com.br\/noticias\/author\/guilherme-silvasuno-com-br\/\"><span itemprop=\"author\">Guilherme Serrano<\/span><\/a><\/span><time datetime=\"2024-07-01T11:15:22-03:00\" itemprop=\"datePublished\">01\/07\/2024 11:15<\/time><\/div><\/div><\/div><\/div><\/div>","single_layout":"posts","amp_enabled":true,"_links":{"self":[{"href":"https:\/\/www.suno.com.br\/noticias\/wp-json\/wp\/v2\/posts\/564471"}],"collection":[{"href":"https:\/\/www.suno.com.br\/noticias\/wp-json\/wp\/v2\/posts"}],"about":[{"href":"https:\/\/www.suno.com.br\/noticias\/wp-json\/wp\/v2\/types\/post"}],"author":[{"embeddable":true,"href":"https:\/\/www.suno.com.br\/noticias\/wp-json\/wp\/v2\/users\/376"}],"replies":[{"embeddable":true,"href":"https:\/\/www.suno.com.br\/noticias\/wp-json\/wp\/v2\/comments?post=564471"}],"version-history":[{"count":2,"href":"https:\/\/www.suno.com.br\/noticias\/wp-json\/wp\/v2\/posts\/564471\/revisions"}],"predecessor-version":[{"id":564497,"href":"https:\/\/www.suno.com.br\/noticias\/wp-json\/wp\/v2\/posts\/564471\/revisions\/564497"}],"wp:featuredmedia":[{"embeddable":true,"href":"https:\/\/www.suno.com.br\/noticias\/wp-json\/wp\/v2\/media\/406374"}],"wp:attachment":[{"href":"https:\/\/www.suno.com.br\/noticias\/wp-json\/wp\/v2\/media?parent=564471"}],"wp:term":[{"taxonomy":"category","embeddable":true,"href":"https:\/\/www.suno.com.br\/noticias\/wp-json\/wp\/v2\/categories?post=564471"},{"taxonomy":"post_tag","embeddable":true,"href":"https:\/\/www.suno.com.br\/noticias\/wp-json\/wp\/v2\/tags?post=564471"},{"taxonomy":"suno_strategy","embeddable":true,"href":"https:\/\/www.suno.com.br\/noticias\/wp-json\/wp\/v2\/suno_strategy?post=564471"}],"curies":[{"name":"wp","href":"https:\/\/api.w.org\/{rel}","templated":true}]}}