{"id":563523,"date":"2024-06-25T11:24:44","date_gmt":"2024-06-25T14:24:44","guid":{"rendered":"https:\/\/www.suno.com.br\/noticias\/?p=563523"},"modified":"2024-06-25T11:24:47","modified_gmt":"2024-06-25T14:24:47","slug":"selic-ata-copom-itau-fim-ciclo-cortes-gss","status":"publish","type":"post","link":"https:\/\/www.suno.com.br\/noticias\/selic-ata-copom-itau-fim-ciclo-cortes-gss\/","title":{"rendered":"Selic: ap\u00f3s ata do Copom, Ita\u00fa v\u00ea fim do ciclo de cortes"},"content":{"rendered":"<p>Na manh\u00e3 desta ter\u00e7a-feira (25), o Copom divulgou a ata de sua \u00faltima reuni\u00e3o, ocasi\u00e3o na qual a taxa <strong>Selic<\/strong> foi mantida em 10,50% ao ano. E para o Ita\u00fa, o documento refor\u00e7ou a ideia de fim do ciclo de cortes nos juros.<\/p>\t<div class=\"wrapper-featured-image\">\n\t\t<figure class=\"spotlightImg\">\n\n\t\t\t<picture>\n\t\t\t\t<source media=\"(max-width: 768px)\" srcset=\"https:\/\/files.sunoresearch.com.br\/n\/uploads\/2023\/02\/banco-central-400x200.jpg\">\n\t\t\t\t<img loading=\"lazy\" decoding=\"async\" class=\"newsContent__article__imgCapa lazyloadDisabled \" src=\"https:\/\/files.sunoresearch.com.br\/n\/uploads\/2023\/02\/banco-central-800x450.jpg\" width=\"800\" height=\"450\" alt=\"Selic: ap\u00f3s ata do Copom, Ita\u00fa v\u00ea fim do ciclo de cortes\" fetchpriority=high \/>\n\t\t\t<\/picture>\n\n\t\t\t<figcaption class=\"wp-caption-text wp-caption-text--show\">Banco Central: Copom e Selic. Foto: Marcello Casal Jr\/Ag\u00eancia Brasil<\/figcaption>\n\t\t<\/figure>\n\t<\/div>\n\n\n\n\n\n\n\n\t<p>\n\t\t<a href=\"\" target=\"_blank\" data-element=\"shortcode-suno-banner\" title=\"Banner SUNO, clique e saiba mais\">\n\t\t\t<picture>\n\t\t\t\t<source media=\"(max-width: 500px)\" srcset=\"\">\n\t\t\t\t<img class=\"newsContent__article__imgCapa newsContent__article__imgCapa--banner\"\n\t\t\t\t\tsrc=\"\"\n\t\t\t\t\tdata-promo-id=\"240038\"\t\t\t\t\t\t\t\t\t\t\t\t\t\t\talt=\"\"\n\t\t\t\t>\n\t\t\t<\/picture>\n\t\t<\/a>\n\t<\/p>\n\n\n\n\n\n<p>Assim como no comunicado da decis\u00e3o mais recente, a <strong>ata do Copom<\/strong> afirmou que &#8220;a <a class=\"suno-keyword\" data-force=\"no\" data-priority=\"1\" href=\"https:\/\/www.suno.com.br\/artigos\/politica-monetaria\/\" target=\"_blank\" rel=\"noopener\">pol\u00edtica monet\u00e1ria<\/a> deve se manter contracionista por tempo suficiente em patamar que consolide n\u00e3o apenas o processo de desinfla\u00e7\u00e3o como tamb\u00e9m a ancoragem das expectativas em torno de suas metas\u201d.<\/p>\n\n\n\n<p>Para o Ita\u00fa, esse \u00e9 um dos sinais de que o ciclo de <strong>cortes na Selic<\/strong> chegou ao fim. Os analistas do banco tamb\u00e9m destacam a import\u00e2ncia da unanimidade entre os membros do <strong>Copom<\/strong> na \u00faltima reuni\u00e3o.<\/p>\n\n\n\n<p>&#8220;A ata do Copom trouxe, como esperado, o racional para o fim do ciclo de flexibiliza\u00e7\u00e3o e, acertadamente, refor\u00e7ou a mensagem de unanimidade na decis\u00e3o&#8221;, diz o Ita\u00fa.<\/p>\n\n\n\n<p>No documento divulgado nesta manh\u00e3, o comit\u00ea afirma tamb\u00e9m que avaliou cen\u00e1rios com um juro real neutro no patamar entre 4,50% e 5%, o que chamou a aten\u00e7\u00e3o dos analistas do banco.<\/p>\n\n\n\n<p>&#8220;Dois aspectos do texto merecem mais discuss\u00e3o. Primeiro, o Copom aumentou sua hip\u00f3tese de taxa neutra para 4,75%, versus 4,50%, e considerou que o hiato do produto fechou, o que, em nossa opini\u00e3o, torna mais dif\u00edcil equacionar a proje\u00e7\u00e3o de infla\u00e7\u00e3o de 3,1% para 2025&#8221;, diz o relat\u00f3rio.<\/p>\n\n\n\t<p>\n\t\t<a href=\"https:\/\/lp.suno.com.br\/ebook-gratuito-investindo-no-exterior\/\" target=\"_blank\" data-element=\"shortcode-suno-banner\" title=\"Banner SUNO, clique e saiba mais\">\n\t\t\t<picture>\n\t\t\t\t<source media=\"(max-width: 500px)\" srcset=\"https:\/\/files.sunoresearch.com.br\/n\/uploads\/2023\/03\/400x300-Investindo-no-exterior.png\">\n\t\t\t\t<img class=\"newsContent__article__imgCapa newsContent__article__imgCapa--banner\"\n\t\t\t\t\tsrc=\"https:\/\/files.sunoresearch.com.br\/n\/uploads\/2023\/03\/1420x240-Investindo-no-exterior.png\"\n\t\t\t\t\tdata-promo-id=\"383161\"\t\t\t\t\t\t\t\t\t\twidth='1420' height='240'\t\t\t\t\talt=\"https:\/\/files.sunoresearch.com.br\/n\/uploads\/2023\/03\/1420x240-Investindo-no-exterior.png\"\n\t\t\t\t>\n\t\t\t<\/picture>\n\t\t<\/a>\n\t<\/p>\n\n\n\n\n\n<p>A casa tamb\u00e9m destaca o tom mais &#8220;hawkish&#8221; adotado pelo BC. Ou seja, uma postura mais dura e combatente em rela\u00e7\u00e3o \u00e0 infla\u00e7\u00e3o.<\/p>\n\n\n\n<p>&#8220;Ao abordar o balan\u00e7o de riscos, o tom das autoridades foi um pouco mais duro. Anteriormente,<br>indicaram que alguns membros consideravam os riscos de infla\u00e7\u00e3o assim\u00e9tricos para cima. Agora, afirmam que a maioria decidiu manter o balan\u00e7o de riscos sim\u00e9trico nessa reuni\u00e3o. Isso abre uma alguma margem para o endurecimento da ret\u00f3rica do Copom no futuro&#8221;, afirmam os analistas.<\/p>\n\n\n\n<p>Com isso, o Ita\u00fa acredita que a <strong>taxa Selic<\/strong> ser\u00e1 mantida no patamar atual de 10,50% ao ano e mostra desconfian\u00e7a em rela\u00e7\u00e3o a um futuro corte nos juros.<\/p>\n\n\n\n<p>&#8220;Por ora, seguimos com a vis\u00e3o de que o Copom manter\u00e1 a <a class=\"suno-keyword\" target=\"_blank\" data-force=\"no\" data-priority=\"3\" href=\"https:\/\/www.suno.com.br\/artigos\/taxa-selic\/\" rel=\"noopener\">taxa Selic<\/a> inalterada em 10,50% a.a. durante todo o horizonte de pol\u00edtica monet\u00e1ria. Mas nada nesta ata sugere que o pr\u00f3ximo movimento da <strong>Selic <\/strong>ser\u00e1 de queda&#8221;, completa.<\/p>\n\n\n\t<p>\n\t\t<a href=\"https:\/\/lp.suno.com.br\/planilha-da-vida-financeira\/\" target=\"_blank\" data-element=\"shortcode-suno-banner\" title=\"Banner SUNO, clique e saiba mais\">\n\t\t\t<picture>\n\t\t\t\t<source media=\"(max-width: 500px)\" srcset=\"https:\/\/files.sunoresearch.com.br\/n\/uploads\/2023\/04\/400x300-Planilha-vida-financeira-true.png\">\n\t\t\t\t<img class=\"newsContent__article__imgCapa newsContent__article__imgCapa--banner\"\n\t\t\t\t\tsrc=\"https:\/\/files.sunoresearch.com.br\/n\/uploads\/2023\/04\/1420x240-Planilha-vida-financeira-true.png\"\n\t\t\t\t\tdata-promo-id=\"383123\"\t\t\t\t\t\t\t\t\t\twidth='1420' height='240'\t\t\t\t\talt=\"https:\/\/files.sunoresearch.com.br\/n\/uploads\/2023\/04\/1420x240-Planilha-vida-financeira-true.png\"\n\t\t\t\t>\n\t\t\t<\/picture>\n\t\t<\/a>\n\t<\/p>\n\n\n","protected":false},"excerpt":{"rendered":"<p>Na manh\u00e3 desta ter\u00e7a-feira (25), o Copom divulgou a ata de sua \u00faltima reuni\u00e3o, ocasi\u00e3o na qual a taxa Selic foi mantida em 10,50% ao ano. E para o Ita\u00fa, o documento refor\u00e7ou a ideia de fim do ciclo de cortes nos juros. Banco Central: Copom e Selic. Foto: Marcello Casal Jr\/Ag\u00eancia Brasil Assim como [&hellip;]<\/p>\n","protected":false},"author":376,"featured_media":356744,"comment_status":"closed","ping_status":"closed","sticky":false,"template":"","format":"standard","meta":[],"categories":[64],"tags":[290],"suno_strategy":[],"class_list":["post-563523","post","type-post","status-publish","format-standard","has-post-thumbnail","hentry","category-negocios","tag-taxa-selic"],"yoast_head":"<!-- This site is optimized with the Yoast SEO plugin v24.4 - https:\/\/yoast.com\/wordpress\/plugins\/seo\/ -->\n<title>Selic: ap\u00f3s ata do Copom, Ita\u00fa v\u00ea fim do ciclo de cortes<\/title>\n<meta name=\"description\" content=\"Nesta ter\u00e7a-feira (25), o Copom divulgou a ata da sua \u00faltima reuni\u00e3o. Ap\u00f3s a divulga\u00e7\u00e3o, o Ita\u00fa acredita que a Selic seguir\u00e1 em 10,50%.\" \/>\n<meta name=\"robots\" content=\"index, follow, max-snippet:-1, max-image-preview:large, max-video-preview:-1\" \/>\n<link rel=\"canonical\" href=\"https:\/\/www.suno.com.br\/noticias\/selic-ata-copom-itau-fim-ciclo-cortes-gss\/\" \/>\n<meta property=\"og:locale\" content=\"pt_BR\" \/>\n<meta property=\"og:type\" content=\"article\" \/>\n<meta property=\"og:title\" content=\"Selic: ap\u00f3s ata do Copom, Ita\u00fa v\u00ea fim do ciclo de cortes\" \/>\n<meta property=\"og:description\" content=\"Nesta ter\u00e7a-feira (25), o Copom divulgou a ata da sua \u00faltima reuni\u00e3o. Ap\u00f3s a divulga\u00e7\u00e3o, o Ita\u00fa acredita que a Selic seguir\u00e1 em 10,50%.\" \/>\n<meta property=\"og:url\" content=\"https:\/\/www.suno.com.br\/noticias\/selic-ata-copom-itau-fim-ciclo-cortes-gss\/\" \/>\n<meta property=\"og:site_name\" content=\"Suno Not\u00edcias\" \/>\n<meta property=\"article:publisher\" content=\"https:\/\/facebook.com\/sunoresearch\" \/>\n<meta property=\"og:image\" content=\"https:\/\/files.sunoresearch.com.br\/n\/uploads\/2023\/02\/banco-central.jpg\" \/>\n\t<meta property=\"og:image:width\" content=\"1280\" \/>\n\t<meta property=\"og:image:height\" content=\"853\" \/>\n\t<meta property=\"og:image:type\" content=\"image\/jpeg\" \/>\n<meta name=\"author\" content=\"Guilherme Serrano\" \/>\n<meta name=\"twitter:card\" content=\"summary_large_image\" \/>\n<meta name=\"twitter:creator\" content=\"@sunoresearch\" \/>\n<meta name=\"twitter:site\" content=\"@sunoresearch\" \/>\n<meta name=\"twitter:label1\" content=\"Escrito por\" \/>\n\t<meta name=\"twitter:data1\" content=\"Guilherme Serrano\" \/>\n\t<meta name=\"twitter:label2\" content=\"Est. tempo de leitura\" \/>\n\t<meta name=\"twitter:data2\" content=\"3 minutos\" \/>\n<script type=\"application\/ld+json\" class=\"yoast-schema-graph\">{\"@context\":\"https:\/\/schema.org\",\"@graph\":[{\"@type\":\"NewsArticle\",\"@id\":\"https:\/\/www.suno.com.br\/noticias\/selic-ata-copom-itau-fim-ciclo-cortes-gss\/#article\",\"isPartOf\":{\"@id\":\"https:\/\/www.suno.com.br\/noticias\/selic-ata-copom-itau-fim-ciclo-cortes-gss\/\"},\"author\":{\"name\":\"Guilherme Serrano\",\"@id\":\"https:\/\/www.suno.com.br\/noticias\/#\/schema\/person\/d0f07e64bce64aa671feadfb844f04ca\"},\"headline\":\"Selic: ap\u00f3s ata do Copom, Ita\u00fa v\u00ea fim do ciclo de cortes\",\"datePublished\":\"2024-06-25T14:24:44+00:00\",\"dateModified\":\"2024-06-25T14:24:47+00:00\",\"mainEntityOfPage\":{\"@id\":\"https:\/\/www.suno.com.br\/noticias\/selic-ata-copom-itau-fim-ciclo-cortes-gss\/\"},\"wordCount\":437,\"publisher\":{\"@id\":\"https:\/\/www.suno.com.br\/noticias\/#organization\"},\"image\":{\"@id\":\"https:\/\/www.suno.com.br\/noticias\/selic-ata-copom-itau-fim-ciclo-cortes-gss\/#primaryimage\"},\"thumbnailUrl\":\"https:\/\/files.sunoresearch.com.br\/n\/uploads\/2023\/02\/banco-central.jpg\",\"keywords\":[\"Taxa Selic\"],\"articleSection\":[\"Neg\u00f3cios\"],\"inLanguage\":\"pt-BR\"},{\"@type\":\"WebPage\",\"@id\":\"https:\/\/www.suno.com.br\/noticias\/selic-ata-copom-itau-fim-ciclo-cortes-gss\/\",\"url\":\"https:\/\/www.suno.com.br\/noticias\/selic-ata-copom-itau-fim-ciclo-cortes-gss\/\",\"name\":\"Selic: ap\u00f3s ata do Copom, Ita\u00fa v\u00ea fim do ciclo de cortes\",\"isPartOf\":{\"@id\":\"https:\/\/www.suno.com.br\/noticias\/#website\"},\"primaryImageOfPage\":{\"@id\":\"https:\/\/www.suno.com.br\/noticias\/selic-ata-copom-itau-fim-ciclo-cortes-gss\/#primaryimage\"},\"image\":{\"@id\":\"https:\/\/www.suno.com.br\/noticias\/selic-ata-copom-itau-fim-ciclo-cortes-gss\/#primaryimage\"},\"thumbnailUrl\":\"https:\/\/files.sunoresearch.com.br\/n\/uploads\/2023\/02\/banco-central.jpg\",\"datePublished\":\"2024-06-25T14:24:44+00:00\",\"dateModified\":\"2024-06-25T14:24:47+00:00\",\"description\":\"Nesta ter\u00e7a-feira (25), o Copom divulgou a ata da sua \u00faltima reuni\u00e3o. Ap\u00f3s a divulga\u00e7\u00e3o, o Ita\u00fa acredita que a Selic seguir\u00e1 em 10,50%.\",\"breadcrumb\":{\"@id\":\"https:\/\/www.suno.com.br\/noticias\/selic-ata-copom-itau-fim-ciclo-cortes-gss\/#breadcrumb\"},\"inLanguage\":\"pt-BR\",\"potentialAction\":[{\"@type\":\"ReadAction\",\"target\":[\"https:\/\/www.suno.com.br\/noticias\/selic-ata-copom-itau-fim-ciclo-cortes-gss\/\"]}]},{\"@type\":\"ImageObject\",\"inLanguage\":\"pt-BR\",\"@id\":\"https:\/\/www.suno.com.br\/noticias\/selic-ata-copom-itau-fim-ciclo-cortes-gss\/#primaryimage\",\"url\":\"https:\/\/files.sunoresearch.com.br\/n\/uploads\/2023\/02\/banco-central.jpg\",\"contentUrl\":\"https:\/\/files.sunoresearch.com.br\/n\/uploads\/2023\/02\/banco-central.jpg\",\"width\":1280,\"height\":853,\"caption\":\"Banco Central: Copom e Selic. Foto: Marcello Casal Jr\/Ag\u00eancia Brasil\"},{\"@type\":\"BreadcrumbList\",\"@id\":\"https:\/\/www.suno.com.br\/noticias\/selic-ata-copom-itau-fim-ciclo-cortes-gss\/#breadcrumb\",\"itemListElement\":[{\"@type\":\"ListItem\",\"position\":1,\"name\":\"Not\u00edcias\",\"item\":\"https:\/\/www.suno.com.br\/noticias\/\"},{\"@type\":\"ListItem\",\"position\":2,\"name\":\"Neg\u00f3cios\",\"item\":\"https:\/\/www.suno.com.br\/noticias\/negocios\/\"},{\"@type\":\"ListItem\",\"position\":3,\"name\":\"Selic: ap\u00f3s ata do Copom, Ita\u00fa v\u00ea fim do ciclo de cortes\"}]},{\"@type\":\"WebSite\",\"@id\":\"https:\/\/www.suno.com.br\/noticias\/#website\",\"url\":\"https:\/\/www.suno.com.br\/noticias\/\",\"name\":\"Suno Not\u00edcias\",\"description\":\"Seu portal de informa\u00e7\u00e3o sobre o mundo dos investimentos\",\"publisher\":{\"@id\":\"https:\/\/www.suno.com.br\/noticias\/#organization\"},\"potentialAction\":[{\"@type\":\"SearchAction\",\"target\":{\"@type\":\"EntryPoint\",\"urlTemplate\":\"https:\/\/www.suno.com.br\/noticias\/?s={search_term_string}\"},\"query-input\":{\"@type\":\"PropertyValueSpecification\",\"valueRequired\":true,\"valueName\":\"search_term_string\"}}],\"inLanguage\":\"pt-BR\"},{\"@type\":\"Organization\",\"@id\":\"https:\/\/www.suno.com.br\/noticias\/#organization\",\"name\":\"Suno Not\u00edcias\",\"url\":\"https:\/\/www.suno.com.br\/noticias\/\",\"logo\":{\"@type\":\"ImageObject\",\"inLanguage\":\"pt-BR\",\"@id\":\"https:\/\/www.suno.com.br\/noticias\/#\/schema\/logo\/image\/\",\"url\":\"https:\/\/files.sunoresearch.com.br\/n\/uploads\/2021\/09\/suno-logo.png\",\"contentUrl\":\"https:\/\/files.sunoresearch.com.br\/n\/uploads\/2021\/09\/suno-logo.png\",\"width\":180,\"height\":180,\"caption\":\"Suno Not\u00edcias\"},\"image\":{\"@id\":\"https:\/\/www.suno.com.br\/noticias\/#\/schema\/logo\/image\/\"},\"sameAs\":[\"https:\/\/facebook.com\/sunoresearch\",\"https:\/\/x.com\/sunoresearch\",\"https:\/\/www.instagram.com\/suno\",\"https:\/\/www.linkedin.com\/company\/suno-research\/\",\"https:\/\/www.youtube.com\/c\/sunoresearch\"]},{\"@type\":\"Person\",\"@id\":\"https:\/\/www.suno.com.br\/noticias\/#\/schema\/person\/d0f07e64bce64aa671feadfb844f04ca\",\"name\":\"Guilherme Serrano\",\"image\":{\"@type\":\"ImageObject\",\"inLanguage\":\"pt-BR\",\"@id\":\"https:\/\/www.suno.com.br\/noticias\/#\/schema\/person\/image\/\",\"url\":\"https:\/\/secure.gravatar.com\/avatar\/a90be19d8c67bef61497e4522de30ac4?s=96&r=g\",\"contentUrl\":\"https:\/\/secure.gravatar.com\/avatar\/a90be19d8c67bef61497e4522de30ac4?s=96&r=g\",\"caption\":\"Guilherme Serrano\"},\"description\":\"Jornalista formado pela Faculdade C\u00e1sper L\u00edbero e p\u00f3s-graduado em Can\u00e7\u00e3o Popular pela Faculdade Santa Marcelina. Passagens por R\u00e1dio Gazeta AM, gazetaesportiva.com e TC R\u00e1dio.\",\"url\":\"https:\/\/www.suno.com.br\/noticias\/author\/guilherme-silvasuno-com-br\/\"}]}<\/script>\n<!-- \/ Yoast SEO plugin. -->","yoast_head_json":{"title":"Selic: ap\u00f3s ata do Copom, Ita\u00fa v\u00ea fim do ciclo de cortes","description":"Nesta ter\u00e7a-feira (25), o Copom divulgou a ata da sua \u00faltima reuni\u00e3o. Ap\u00f3s a divulga\u00e7\u00e3o, o Ita\u00fa acredita que a Selic seguir\u00e1 em 10,50%.","robots":{"index":"index","follow":"follow","max-snippet":"max-snippet:-1","max-image-preview":"max-image-preview:large","max-video-preview":"max-video-preview:-1"},"canonical":"https:\/\/www.suno.com.br\/noticias\/selic-ata-copom-itau-fim-ciclo-cortes-gss\/","og_locale":"pt_BR","og_type":"article","og_title":"Selic: ap\u00f3s ata do Copom, Ita\u00fa v\u00ea fim do ciclo de cortes","og_description":"Nesta ter\u00e7a-feira (25), o Copom divulgou a ata da sua \u00faltima reuni\u00e3o. Ap\u00f3s a divulga\u00e7\u00e3o, o Ita\u00fa acredita que a Selic seguir\u00e1 em 10,50%.","og_url":"https:\/\/www.suno.com.br\/noticias\/selic-ata-copom-itau-fim-ciclo-cortes-gss\/","og_site_name":"Suno Not\u00edcias","article_publisher":"https:\/\/facebook.com\/sunoresearch","og_image":[{"width":1280,"height":853,"url":"https:\/\/files.sunoresearch.com.br\/n\/uploads\/2023\/02\/banco-central.jpg","type":"image\/jpeg"}],"author":"Guilherme Serrano","twitter_card":"summary_large_image","twitter_creator":"@sunoresearch","twitter_site":"@sunoresearch","twitter_misc":{"Escrito por":"Guilherme Serrano","Est. tempo de leitura":"3 minutos"},"schema":{"@context":"https:\/\/schema.org","@graph":[{"@type":"NewsArticle","@id":"https:\/\/www.suno.com.br\/noticias\/selic-ata-copom-itau-fim-ciclo-cortes-gss\/#article","isPartOf":{"@id":"https:\/\/www.suno.com.br\/noticias\/selic-ata-copom-itau-fim-ciclo-cortes-gss\/"},"author":{"name":"Guilherme Serrano","@id":"https:\/\/www.suno.com.br\/noticias\/#\/schema\/person\/d0f07e64bce64aa671feadfb844f04ca"},"headline":"Selic: ap\u00f3s ata do Copom, Ita\u00fa v\u00ea fim do ciclo de cortes","datePublished":"2024-06-25T14:24:44+00:00","dateModified":"2024-06-25T14:24:47+00:00","mainEntityOfPage":{"@id":"https:\/\/www.suno.com.br\/noticias\/selic-ata-copom-itau-fim-ciclo-cortes-gss\/"},"wordCount":437,"publisher":{"@id":"https:\/\/www.suno.com.br\/noticias\/#organization"},"image":{"@id":"https:\/\/www.suno.com.br\/noticias\/selic-ata-copom-itau-fim-ciclo-cortes-gss\/#primaryimage"},"thumbnailUrl":"https:\/\/files.sunoresearch.com.br\/n\/uploads\/2023\/02\/banco-central.jpg","keywords":["Taxa Selic"],"articleSection":["Neg\u00f3cios"],"inLanguage":"pt-BR"},{"@type":"WebPage","@id":"https:\/\/www.suno.com.br\/noticias\/selic-ata-copom-itau-fim-ciclo-cortes-gss\/","url":"https:\/\/www.suno.com.br\/noticias\/selic-ata-copom-itau-fim-ciclo-cortes-gss\/","name":"Selic: ap\u00f3s ata do Copom, Ita\u00fa v\u00ea fim do ciclo de cortes","isPartOf":{"@id":"https:\/\/www.suno.com.br\/noticias\/#website"},"primaryImageOfPage":{"@id":"https:\/\/www.suno.com.br\/noticias\/selic-ata-copom-itau-fim-ciclo-cortes-gss\/#primaryimage"},"image":{"@id":"https:\/\/www.suno.com.br\/noticias\/selic-ata-copom-itau-fim-ciclo-cortes-gss\/#primaryimage"},"thumbnailUrl":"https:\/\/files.sunoresearch.com.br\/n\/uploads\/2023\/02\/banco-central.jpg","datePublished":"2024-06-25T14:24:44+00:00","dateModified":"2024-06-25T14:24:47+00:00","description":"Nesta ter\u00e7a-feira (25), o Copom divulgou a ata da sua \u00faltima reuni\u00e3o. Ap\u00f3s a divulga\u00e7\u00e3o, o Ita\u00fa acredita que a Selic seguir\u00e1 em 10,50%.","breadcrumb":{"@id":"https:\/\/www.suno.com.br\/noticias\/selic-ata-copom-itau-fim-ciclo-cortes-gss\/#breadcrumb"},"inLanguage":"pt-BR","potentialAction":[{"@type":"ReadAction","target":["https:\/\/www.suno.com.br\/noticias\/selic-ata-copom-itau-fim-ciclo-cortes-gss\/"]}]},{"@type":"ImageObject","inLanguage":"pt-BR","@id":"https:\/\/www.suno.com.br\/noticias\/selic-ata-copom-itau-fim-ciclo-cortes-gss\/#primaryimage","url":"https:\/\/files.sunoresearch.com.br\/n\/uploads\/2023\/02\/banco-central.jpg","contentUrl":"https:\/\/files.sunoresearch.com.br\/n\/uploads\/2023\/02\/banco-central.jpg","width":1280,"height":853,"caption":"Banco Central: Copom e Selic. Foto: Marcello Casal Jr\/Ag\u00eancia Brasil"},{"@type":"BreadcrumbList","@id":"https:\/\/www.suno.com.br\/noticias\/selic-ata-copom-itau-fim-ciclo-cortes-gss\/#breadcrumb","itemListElement":[{"@type":"ListItem","position":1,"name":"Not\u00edcias","item":"https:\/\/www.suno.com.br\/noticias\/"},{"@type":"ListItem","position":2,"name":"Neg\u00f3cios","item":"https:\/\/www.suno.com.br\/noticias\/negocios\/"},{"@type":"ListItem","position":3,"name":"Selic: ap\u00f3s ata do Copom, Ita\u00fa v\u00ea fim do ciclo de cortes"}]},{"@type":"WebSite","@id":"https:\/\/www.suno.com.br\/noticias\/#website","url":"https:\/\/www.suno.com.br\/noticias\/","name":"Suno Not\u00edcias","description":"Seu portal de informa\u00e7\u00e3o sobre o mundo dos investimentos","publisher":{"@id":"https:\/\/www.suno.com.br\/noticias\/#organization"},"potentialAction":[{"@type":"SearchAction","target":{"@type":"EntryPoint","urlTemplate":"https:\/\/www.suno.com.br\/noticias\/?s={search_term_string}"},"query-input":{"@type":"PropertyValueSpecification","valueRequired":true,"valueName":"search_term_string"}}],"inLanguage":"pt-BR"},{"@type":"Organization","@id":"https:\/\/www.suno.com.br\/noticias\/#organization","name":"Suno Not\u00edcias","url":"https:\/\/www.suno.com.br\/noticias\/","logo":{"@type":"ImageObject","inLanguage":"pt-BR","@id":"https:\/\/www.suno.com.br\/noticias\/#\/schema\/logo\/image\/","url":"https:\/\/files.sunoresearch.com.br\/n\/uploads\/2021\/09\/suno-logo.png","contentUrl":"https:\/\/files.sunoresearch.com.br\/n\/uploads\/2021\/09\/suno-logo.png","width":180,"height":180,"caption":"Suno Not\u00edcias"},"image":{"@id":"https:\/\/www.suno.com.br\/noticias\/#\/schema\/logo\/image\/"},"sameAs":["https:\/\/facebook.com\/sunoresearch","https:\/\/x.com\/sunoresearch","https:\/\/www.instagram.com\/suno","https:\/\/www.linkedin.com\/company\/suno-research\/","https:\/\/www.youtube.com\/c\/sunoresearch"]},{"@type":"Person","@id":"https:\/\/www.suno.com.br\/noticias\/#\/schema\/person\/d0f07e64bce64aa671feadfb844f04ca","name":"Guilherme Serrano","image":{"@type":"ImageObject","inLanguage":"pt-BR","@id":"https:\/\/www.suno.com.br\/noticias\/#\/schema\/person\/image\/","url":"https:\/\/secure.gravatar.com\/avatar\/a90be19d8c67bef61497e4522de30ac4?s=96&r=g","contentUrl":"https:\/\/secure.gravatar.com\/avatar\/a90be19d8c67bef61497e4522de30ac4?s=96&r=g","caption":"Guilherme Serrano"},"description":"Jornalista formado pela Faculdade C\u00e1sper L\u00edbero e p\u00f3s-graduado em Can\u00e7\u00e3o Popular pela Faculdade Santa Marcelina. Passagens por R\u00e1dio Gazeta AM, gazetaesportiva.com e TC R\u00e1dio.","url":"https:\/\/www.suno.com.br\/noticias\/author\/guilherme-silvasuno-com-br\/"}]}},"default_loop_html":"<div class=\"cardsPage__listCard__boxs\"><div class=\"cardsPage__listCard__boxs__img\"><a href=\"https:\/\/www.suno.com.br\/noticias\/selic-ata-copom-itau-fim-ciclo-cortes-gss\/\"><img class=\"mask\" src=\"https:\/\/www.suno.com.br\/noticias\/wp-content\/themes\/suno\/resources\/images\/spotlight\/spotlight1img\/bg-mask.png\" alt=\"Image Mask\"\/><img src=\"https:\/\/files.sunoresearch.com.br\/n\/uploads\/2023\/02\/banco-central-400x200.jpg\" alt=\"Selic: ap\u00f3s ata do Copom, Ita\u00fa v\u00ea fim do ciclo de cortes\"\/><\/a><span class=\"spotlightCategory\"><a href=\"https:\/\/www.suno.com.br\/noticias\/negocios\/\">Neg\u00f3cios<\/a><\/span><\/div><div class=\"cardsPage__listCard__boxs__content\"><a href=\"https:\/\/www.suno.com.br\/noticias\/selic-ata-copom-itau-fim-ciclo-cortes-gss\/\"><h2 class=\"content__title\">Selic: ap\u00f3s ata do Copom, Ita\u00fa v\u00ea fim do ciclo de cortes<\/h2><\/a><div class=\"newsContent__article__meta\"><div class=\"newsContent__article__meta__authorBox\"><a href=\"https:\/\/www.suno.com.br\/noticias\/author\/guilherme-silvasuno-com-br\/\" class=\"authorBox__avatar noMobi\"><img src=\"https:\/\/secure.gravatar.com\/avatar\/a90be19d8c67bef61497e4522de30ac4?s=96&#038;r=g\" alt=\"Guilherme Serrano\"><\/a><div class=\"authorBox__name\"><span>por\n\t\t\t<a href=\"https:\/\/www.suno.com.br\/noticias\/author\/guilherme-silvasuno-com-br\/\"><span itemprop=\"author\">Guilherme Serrano<\/span><\/a><\/span><time datetime=\"2024-06-25T11:24:44-03:00\" itemprop=\"datePublished\">25\/06\/2024 11:24<\/time><\/div><\/div><\/div><\/div><\/div>","single_layout":"posts","amp_enabled":true,"_links":{"self":[{"href":"https:\/\/www.suno.com.br\/noticias\/wp-json\/wp\/v2\/posts\/563523"}],"collection":[{"href":"https:\/\/www.suno.com.br\/noticias\/wp-json\/wp\/v2\/posts"}],"about":[{"href":"https:\/\/www.suno.com.br\/noticias\/wp-json\/wp\/v2\/types\/post"}],"author":[{"embeddable":true,"href":"https:\/\/www.suno.com.br\/noticias\/wp-json\/wp\/v2\/users\/376"}],"replies":[{"embeddable":true,"href":"https:\/\/www.suno.com.br\/noticias\/wp-json\/wp\/v2\/comments?post=563523"}],"version-history":[{"count":2,"href":"https:\/\/www.suno.com.br\/noticias\/wp-json\/wp\/v2\/posts\/563523\/revisions"}],"predecessor-version":[{"id":563525,"href":"https:\/\/www.suno.com.br\/noticias\/wp-json\/wp\/v2\/posts\/563523\/revisions\/563525"}],"wp:featuredmedia":[{"embeddable":true,"href":"https:\/\/www.suno.com.br\/noticias\/wp-json\/wp\/v2\/media\/356744"}],"wp:attachment":[{"href":"https:\/\/www.suno.com.br\/noticias\/wp-json\/wp\/v2\/media?parent=563523"}],"wp:term":[{"taxonomy":"category","embeddable":true,"href":"https:\/\/www.suno.com.br\/noticias\/wp-json\/wp\/v2\/categories?post=563523"},{"taxonomy":"post_tag","embeddable":true,"href":"https:\/\/www.suno.com.br\/noticias\/wp-json\/wp\/v2\/tags?post=563523"},{"taxonomy":"suno_strategy","embeddable":true,"href":"https:\/\/www.suno.com.br\/noticias\/wp-json\/wp\/v2\/suno_strategy?post=563523"}],"curies":[{"name":"wp","href":"https:\/\/api.w.org\/{rel}","templated":true}]}}