{"id":563494,"date":"2024-06-25T10:00:33","date_gmt":"2024-06-25T13:00:33","guid":{"rendered":"https:\/\/www.suno.com.br\/noticias\/?p=563494"},"modified":"2024-06-25T10:00:39","modified_gmt":"2024-06-25T13:00:39","slug":"dolar-sobe-linha-com-exterior-ata-galipolo-evm","status":"publish","type":"post","link":"https:\/\/www.suno.com.br\/noticias\/dolar-sobe-linha-com-exterior-ata-galipolo-evm\/","title":{"rendered":"D\u00f3lar sobe em linha com exterior em meio \u00e0 Ata do Copom"},"content":{"rendered":"<p>O <strong>d\u00f3lar<\/strong> opera em alta nesta ter\u00e7a (25), ap\u00f3s duas quedas seguidas, acompanhando a valoriza\u00e7\u00e3o externa da divisa americana em meio \u00e0 leitura da ata do Copom, que manteve a <a class=\"suno-keyword\" target=\"_blank\" data-force=\"no\" data-priority=\"3\" href=\"https:\/\/www.suno.com.br\/artigos\/taxa-selic\/\" rel=\"noopener\">taxa Selic<\/a> em 10,50%, por unanimidade, na semana passada. <\/p><div class=\"videoFull \">\n\t\t\t<div class=\"videoWrapper yt-lazyload center\"\n\t\t\t\tdata-width=\"960\"\n\t\t\t\tdata-height=\"540\"\n\t\t\t\tdata-id=\"FkZ4YKV2wFM\"\n\t\t\t\tdata-alt=\"V\u00eddeo do YouTube - clique para reproduzir\"\n\t\t\t\tdata-logo=\"3\"\n\t\t\t\tdata-imagequality=\"maxres\">\n\t\t\t<\/div>\n\t\t<\/div><script type=\"application\/ld+json\">{\"@context\":\"https:\/\/schema.org\",\"@type\":\"VideoObject\",\"name\":\"\ud83d\udd34MAGALU (MGLU3) E ALIEXPRESS SELAM ACORDO | Ibovespa sobe | Azul (AZUL4) precifica d\u00f3lar a R$ 6,50\",\"description\":\"#mercadofinanceiro #a\u00e7\u00f5es #investimentos #bolsadevalores #ibovespa #dinheiro #finan\u00e7as #pol\u00edtica #d\u00f3lar #livedas19h #petr4 #petr3 #petrobras #vale3 #vale #a\u00e7\u00f5es #economia #dividendos #min\u00e9riodeferro #min\u00e9rio #petr\u00f3leo #commodities #proventos #dividendos #jcp #statusinvest #statusalpha #sunoconsultoria #magazineluiza #mglu3 #magalu #aliexpress #azul #azul4 \ud83d\udd34TENHA UM CONSULTOR PRA TE AJUDAR NOS SEUS INVESTIMENTOS: https:\/\/lp.suno.com.br\/ao\/consultoria-de-investimentos\/?utm_source=youtube.noticias&utm_campaign=020524&utm_medium=live 00:00 In\u00edcio do v\u00eddeo 01:40 Fechamento de preg\u00e3o 08:48 Acordo de\u2026\",\"duration\":\"PT25M19S\",\"embedUrl\":\"https:\/\/www.youtube.com\/embed\/FkZ4YKV2wFM\",\"regionsAllowed\":\"en-US\",\"interactionStatistic\":{\"@type\":\"InteractionCounter\",\"interactionType\":{\"@type\":\"WatchAction\"},\"userInteractionCount\":2818},\"thumbnailUrl\":\"https:\/\/i.ytimg.com\/vi\/FkZ4YKV2wFM\/default.jpg\",\"uploadDate\":\"2024-06-24T22:29:22Z\"}<\/script>\n\n\n\n\n\t<p>\n\t\t<a href=\"https:\/\/lp.suno.com.br\/planilha-da-vida-financeira\/\" target=\"_blank\" data-element=\"shortcode-suno-banner\" title=\"Banner SUNO, clique e saiba mais\">\n\t\t\t<picture>\n\t\t\t\t<source media=\"(max-width: 500px)\" srcset=\"https:\/\/files.sunoresearch.com.br\/n\/uploads\/2023\/04\/400x300-Planilha-vida-financeira-true.png\">\n\t\t\t\t<img class=\"newsContent__article__imgCapa newsContent__article__imgCapa--banner\"\n\t\t\t\t\tsrc=\"https:\/\/files.sunoresearch.com.br\/n\/uploads\/2023\/04\/1420x240-Planilha-vida-financeira-true.png\"\n\t\t\t\t\tdata-promo-id=\"106682\"\t\t\t\t\t\t\t\t\t\twidth='1420' height='240'\t\t\t\t\talt=\"https:\/\/files.sunoresearch.com.br\/n\/uploads\/2023\/04\/1420x240-Planilha-vida-financeira-true.png\"\n\t\t\t\t>\n\t\t\t<\/picture>\n\t\t<\/a>\n\t<\/p>\n\n\n\n\n\n\n\n<p>Com influ\u00eancia na <strong>cota\u00e7\u00e3o do d\u00f3lar<\/strong>, o documento do Banco Central ainda \u00e9 analisado por investidores antes do webinar com o diretor de <a class=\"suno-keyword\" target=\"_blank\" data-force=\"no\" data-priority=\"1\" href=\"https:\/\/www.suno.com.br\/artigos\/politica-monetaria\/\" rel=\"noopener\">Pol\u00edtica Monet\u00e1ria<\/a> do BC, Gabriel Gal\u00edpolo (previsto para \u00e0s 10 horas).<\/p>\n\n\n\n<p>Na ata, o comit\u00ea refor\u00e7ou que eventuais ajustes futuros na Selic ser\u00e3o ditados pelo &#8220;firme compromisso de converg\u00eancia da infla\u00e7\u00e3o \u00e0 meta&#8221; e houve aumento da estimativa de juro real neutro, de 4,5% para 4,75%. <\/p>\n\n\n\n<p>O Copom afirma que a manuten\u00e7\u00e3o da taxa Selic em 10,5% \u00e9 compat\u00edvel com a sua estrat\u00e9gia para fazer a infla\u00e7\u00e3o convergir a um n\u00edvel &#8220;ao redor&#8221; da meta no horizonte relevante, que inclui o ano de 2025.<\/p>\n\n\n\n<p>O ministro da Fazenda, Fernando Haddad, classificou a ata do Copom como &#8220;muito aderente&#8221; ao comunicado. <\/p>\n\n\n\n<p>Para Haddad, o documento transmite a ideia de que a autoridade monet\u00e1ria promove uma &#8220;interrup\u00e7\u00e3o&#8221; do ciclo de cortes para que possa avaliar os cen\u00e1rios externo e interno e tomar decis\u00f5es a partir de novos dados, o que, na avalia\u00e7\u00e3o do ministro, \u00e9 uma indica\u00e7\u00e3o importante de se &#8220;frisar&#8221;.<\/p>\n\n\n\n<p>Por sua vez, o <a class=\"suno-keyword\" target=\"_blank\" data-force=\"no\" data-priority=\"1\" href=\"https:\/\/www.suno.com.br\/artigos\/indice-de-confianca\/\" rel=\"noopener\">\u00cdndice de Confian\u00e7a<\/a> da Constru\u00e7\u00e3o (ICST) ficou est\u00e1vel em 96,4 pontos em junho. Em m\u00e9dias m\u00f3veis trimestrais, por\u00e9m, houve recuo de 0,1 ponto.<\/p>\n\n\n\n<p>O \u00cdndice de Pre\u00e7os ao Consumidor (IPC), que mede a infla\u00e7\u00e3o na cidade de S\u00e3o Paulo, subiu 0,40% na terceira quadrissemana de junho, acelerando levemente ante o ganho de 0,38% observado na segunda quadrissemana, segundo dados publicados hoje pela Funda\u00e7\u00e3o Instituto de Pesquisas Econ\u00f4micas (Fipe).<\/p>\n\n\n\t<p>\n\t\t<a href=\"https:\/\/lp.suno.com.br\/ebook-como-analisar-uma-acao\/\" target=\"_blank\" data-element=\"shortcode-suno-banner\" title=\"Banner SUNO, clique e saiba mais\">\n\t\t\t<picture>\n\t\t\t\t<source media=\"(max-width: 500px)\" srcset=\"https:\/\/files.sunoresearch.com.br\/n\/uploads\/2023\/03\/Ebook-Acoes-Mobile.jpg\">\n\t\t\t\t<img class=\"newsContent__article__imgCapa newsContent__article__imgCapa--banner\"\n\t\t\t\t\tsrc=\"https:\/\/files.sunoresearch.com.br\/n\/uploads\/2023\/03\/Ebook-Acoes-Desktop.jpg\"\n\t\t\t\t\tdata-promo-id=\"378302\"\t\t\t\t\t\t\t\t\t\twidth='1420' height='286'\t\t\t\t\talt=\"https:\/\/files.sunoresearch.com.br\/n\/uploads\/2023\/03\/Ebook-Acoes-Desktop.jpg\"\n\t\t\t\t>\n\t\t\t<\/picture>\n\t\t<\/a>\n\t<\/p>\n\n\n\n\n\n<p>O coordenador do IPC-Fipe, Guilherme Moreira, ajustou sua proje\u00e7\u00e3o para a varia\u00e7\u00e3o do \u00edndice no encerramento de junho, de 0,38% para 0,34%. A mudan\u00e7a, afirma, reflete um movimento de descompress\u00e3o na varia\u00e7\u00e3o de alguns alimentos in natura e de itens como leite e batata que estavam pressionados principalmente por conta das condi\u00e7\u00f5es clim\u00e1ticas adversas entre maio e o in\u00edcio de junho.<\/p>\n\n\n\n<p>No exterior, os juros dos Treasuries operam em baixa, pela terceira sess\u00e3o seguida, mas o d\u00f3lar amplia ganhos frente outras moedas principais e a maioria das divisas emergentes e ligadas a commodities, em dia de min\u00e9rio de ferro est\u00e1vel e queda do petr\u00f3leo. <\/p>\n\n\n\n<p>H\u00e1 pouco, o Fed de Chicago informou que o \u00edndice de atividade nacional subiu a 0,18 em maio.<\/p>\n\n\n\n<p>Investidores precificam no c\u00e2mbio a fala da diretora do Federal Reserve, Michele Bowman, de que n\u00e3o v\u00ea nenhum corte de juros em 2024, mas ponderou que as pr\u00f3ximas decis\u00f5es depender\u00e3o de cen\u00e1rios.<\/p>\n\n\n\n<p>Conforme a dirigente, essa postura permite a an\u00e1lise de dados e pode abrir espa\u00e7o para cortes de juros, caso ocorra progresso na infla\u00e7\u00e3o ou uma deteriora\u00e7\u00e3o do emprego nos EUA. No radar est\u00e3o ainda a leitura de junho do \u00edndice de <a class=\"suno-keyword\" target=\"_blank\" data-force=\"no\" data-priority=\"1\" href=\"https:\/\/www.suno.com.br\/artigos\/confianca-do-consumidor\/\" rel=\"noopener\">confian\u00e7a do consumidor<\/a> dos Estados Unidos (11h), e discursos das diretoras do Fed Lisa Cook (13h) e novamente de Michele Bowman (15h10).<\/p>\n\n\n\n<h2 class=\"wp-block-heading\">Cota\u00e7\u00e3o do d\u00f3lar<\/h2>\n\n\n\n<p>\u00c0s 9h34, o <strong>d\u00f3lar<\/strong> \u00e0 vista subia 0,39%, a R$ 5,4108. O d\u00f3lar para julho ganhava 0,27%, a R$ 5,4110. O <a class=\"suno-keyword\" target=\"_blank\" data-force=\"no\" data-priority=\"1\" href=\"https:\/\/www.suno.com.br\/artigos\/dxy\/\" rel=\"noopener\">\u00edndice DXY<\/a> da moeda americana frente outros pares principais apontava ganho de 0,15%, a 105,63 pontos. O juro da T-Note 10 anos ca\u00eda a 4,224%, ante 4,241% no fim da tarde de ontem.<\/p>\n\n\n\n<p>Com Estad\u00e3o Conte\u00fado<\/p>\n\n\n\t<p>\n\t\t<a href=\"https:\/\/lp.suno.com.br\/planilha-da-vida-financeira\/\" target=\"_blank\" data-element=\"shortcode-suno-banner\" title=\"Banner SUNO, clique e saiba mais\">\n\t\t\t<picture>\n\t\t\t\t<source media=\"(max-width: 500px)\" srcset=\"https:\/\/files.sunoresearch.com.br\/n\/uploads\/2023\/04\/400x300-Planilha-vida-financeira-true.png\">\n\t\t\t\t<img class=\"newsContent__article__imgCapa newsContent__article__imgCapa--banner\"\n\t\t\t\t\tsrc=\"https:\/\/files.sunoresearch.com.br\/n\/uploads\/2023\/04\/1420x240-Planilha-vida-financeira-true.png\"\n\t\t\t\t\tdata-promo-id=\"383123\"\t\t\t\t\t\t\t\t\t\twidth='1420' height='240'\t\t\t\t\talt=\"https:\/\/files.sunoresearch.com.br\/n\/uploads\/2023\/04\/1420x240-Planilha-vida-financeira-true.png\"\n\t\t\t\t>\n\t\t\t<\/picture>\n\t\t<\/a>\n\t<\/p>\n\n\n","protected":false},"excerpt":{"rendered":"<p>O d\u00f3lar opera em alta nesta ter\u00e7a (25), ap\u00f3s duas quedas seguidas, acompanhando a valoriza\u00e7\u00e3o externa da divisa americana em meio \u00e0 leitura da ata do Copom, que manteve a taxa Selic em 10,50%, por unanimidade, na semana passada. Com influ\u00eancia na cota\u00e7\u00e3o do d\u00f3lar, o documento do Banco Central ainda \u00e9 analisado por investidores [&hellip;]<\/p>\n","protected":false},"author":73,"featured_media":539313,"comment_status":"closed","ping_status":"closed","sticky":false,"template":"","format":"standard","meta":[],"categories":[60],"tags":[106444,326],"suno_strategy":[],"class_list":["post-563494","post","type-post","status-publish","format-standard","has-post-thumbnail","hentry","category-mercado","tag-agencias","tag-dolar"],"yoast_head":"<!-- This site is optimized with the Yoast SEO plugin v24.4 - https:\/\/yoast.com\/wordpress\/plugins\/seo\/ -->\n<title>D\u00f3lar sobe em linha com exterior em meio \u00e0 Ata do Copom<\/title>\n<meta name=\"description\" content=\"Com influ\u00eancia na cota\u00e7\u00e3o do d\u00f3lar, o documento do BC ainda \u00e9 analisado antes do webinar com Gabriel Gal\u00edpolo\" \/>\n<meta name=\"robots\" content=\"index, follow, max-snippet:-1, max-image-preview:large, max-video-preview:-1\" \/>\n<link rel=\"canonical\" href=\"https:\/\/www.suno.com.br\/noticias\/dolar-sobe-linha-com-exterior-ata-galipolo-evm\/\" \/>\n<meta property=\"og:locale\" content=\"pt_BR\" \/>\n<meta property=\"og:type\" content=\"article\" \/>\n<meta property=\"og:title\" content=\"D\u00f3lar sobe em linha com exterior em meio \u00e0 Ata do Copom\" \/>\n<meta property=\"og:description\" content=\"Com influ\u00eancia na cota\u00e7\u00e3o do d\u00f3lar, o documento do BC ainda \u00e9 analisado antes do webinar com Gabriel Gal\u00edpolo\" \/>\n<meta property=\"og:url\" content=\"https:\/\/www.suno.com.br\/noticias\/dolar-sobe-linha-com-exterior-ata-galipolo-evm\/\" \/>\n<meta property=\"og:site_name\" content=\"Suno Not\u00edcias\" \/>\n<meta property=\"article:publisher\" content=\"https:\/\/facebook.com\/sunoresearch\" \/>\n<meta property=\"og:image\" content=\"https:\/\/files.sunoresearch.com.br\/n\/uploads\/2024\/03\/dolar-vestido.jpg\" \/>\n\t<meta property=\"og:image:width\" content=\"1280\" \/>\n\t<meta property=\"og:image:height\" content=\"905\" \/>\n\t<meta property=\"og:image:type\" content=\"image\/jpeg\" \/>\n<meta name=\"author\" content=\"Eduardo Vargas\" \/>\n<meta name=\"twitter:card\" content=\"summary_large_image\" \/>\n<meta name=\"twitter:creator\" content=\"@sunoresearch\" \/>\n<meta name=\"twitter:site\" content=\"@sunoresearch\" \/>\n<meta name=\"twitter:label1\" content=\"Escrito por\" \/>\n\t<meta name=\"twitter:data1\" content=\"Eduardo Vargas\" \/>\n\t<meta name=\"twitter:label2\" content=\"Est. tempo de leitura\" \/>\n\t<meta name=\"twitter:data2\" content=\"4 minutos\" \/>\n<script type=\"application\/ld+json\" class=\"yoast-schema-graph\">{\"@context\":\"https:\/\/schema.org\",\"@graph\":[{\"@type\":\"NewsArticle\",\"@id\":\"https:\/\/www.suno.com.br\/noticias\/dolar-sobe-linha-com-exterior-ata-galipolo-evm\/#article\",\"isPartOf\":{\"@id\":\"https:\/\/www.suno.com.br\/noticias\/dolar-sobe-linha-com-exterior-ata-galipolo-evm\/\"},\"author\":{\"name\":\"Eduardo Vargas\",\"@id\":\"https:\/\/www.suno.com.br\/noticias\/#\/schema\/person\/7f4d362bf3518e76090143ae77bb49a5\"},\"headline\":\"D\u00f3lar sobe em linha com exterior em meio \u00e0 Ata do Copom\",\"datePublished\":\"2024-06-25T13:00:33+00:00\",\"dateModified\":\"2024-06-25T13:00:39+00:00\",\"mainEntityOfPage\":{\"@id\":\"https:\/\/www.suno.com.br\/noticias\/dolar-sobe-linha-com-exterior-ata-galipolo-evm\/\"},\"wordCount\":619,\"publisher\":{\"@id\":\"https:\/\/www.suno.com.br\/noticias\/#organization\"},\"image\":{\"@id\":\"https:\/\/www.suno.com.br\/noticias\/dolar-sobe-linha-com-exterior-ata-galipolo-evm\/#primaryimage\"},\"thumbnailUrl\":\"https:\/\/files.sunoresearch.com.br\/n\/uploads\/2024\/03\/dolar-vestido.jpg\",\"keywords\":[\"Ag\u00eancias\",\"d\u00f3lar\"],\"articleSection\":[\"Mercado\"],\"inLanguage\":\"pt-BR\"},{\"@type\":\"WebPage\",\"@id\":\"https:\/\/www.suno.com.br\/noticias\/dolar-sobe-linha-com-exterior-ata-galipolo-evm\/\",\"url\":\"https:\/\/www.suno.com.br\/noticias\/dolar-sobe-linha-com-exterior-ata-galipolo-evm\/\",\"name\":\"D\u00f3lar sobe em linha com exterior em meio \u00e0 Ata do Copom\",\"isPartOf\":{\"@id\":\"https:\/\/www.suno.com.br\/noticias\/#website\"},\"primaryImageOfPage\":{\"@id\":\"https:\/\/www.suno.com.br\/noticias\/dolar-sobe-linha-com-exterior-ata-galipolo-evm\/#primaryimage\"},\"image\":{\"@id\":\"https:\/\/www.suno.com.br\/noticias\/dolar-sobe-linha-com-exterior-ata-galipolo-evm\/#primaryimage\"},\"thumbnailUrl\":\"https:\/\/files.sunoresearch.com.br\/n\/uploads\/2024\/03\/dolar-vestido.jpg\",\"datePublished\":\"2024-06-25T13:00:33+00:00\",\"dateModified\":\"2024-06-25T13:00:39+00:00\",\"description\":\"Com influ\u00eancia na cota\u00e7\u00e3o do d\u00f3lar, o documento do BC ainda \u00e9 analisado antes do webinar com Gabriel Gal\u00edpolo\",\"breadcrumb\":{\"@id\":\"https:\/\/www.suno.com.br\/noticias\/dolar-sobe-linha-com-exterior-ata-galipolo-evm\/#breadcrumb\"},\"inLanguage\":\"pt-BR\",\"potentialAction\":[{\"@type\":\"ReadAction\",\"target\":[\"https:\/\/www.suno.com.br\/noticias\/dolar-sobe-linha-com-exterior-ata-galipolo-evm\/\"]}]},{\"@type\":\"ImageObject\",\"inLanguage\":\"pt-BR\",\"@id\":\"https:\/\/www.suno.com.br\/noticias\/dolar-sobe-linha-com-exterior-ata-galipolo-evm\/#primaryimage\",\"url\":\"https:\/\/files.sunoresearch.com.br\/n\/uploads\/2024\/03\/dolar-vestido.jpg\",\"contentUrl\":\"https:\/\/files.sunoresearch.com.br\/n\/uploads\/2024\/03\/dolar-vestido.jpg\",\"width\":1280,\"height\":905,\"caption\":\"REITs\/FIIss. Foto: Pixabay\"},{\"@type\":\"BreadcrumbList\",\"@id\":\"https:\/\/www.suno.com.br\/noticias\/dolar-sobe-linha-com-exterior-ata-galipolo-evm\/#breadcrumb\",\"itemListElement\":[{\"@type\":\"ListItem\",\"position\":1,\"name\":\"Not\u00edcias\",\"item\":\"https:\/\/www.suno.com.br\/noticias\/\"},{\"@type\":\"ListItem\",\"position\":2,\"name\":\"Mercado\",\"item\":\"https:\/\/www.suno.com.br\/noticias\/mercado\/\"},{\"@type\":\"ListItem\",\"position\":3,\"name\":\"D\u00f3lar sobe em linha com exterior em meio \u00e0 Ata do Copom\"}]},{\"@type\":\"WebSite\",\"@id\":\"https:\/\/www.suno.com.br\/noticias\/#website\",\"url\":\"https:\/\/www.suno.com.br\/noticias\/\",\"name\":\"Suno Not\u00edcias\",\"description\":\"Seu portal de informa\u00e7\u00e3o sobre o mundo dos investimentos\",\"publisher\":{\"@id\":\"https:\/\/www.suno.com.br\/noticias\/#organization\"},\"potentialAction\":[{\"@type\":\"SearchAction\",\"target\":{\"@type\":\"EntryPoint\",\"urlTemplate\":\"https:\/\/www.suno.com.br\/noticias\/?s={search_term_string}\"},\"query-input\":{\"@type\":\"PropertyValueSpecification\",\"valueRequired\":true,\"valueName\":\"search_term_string\"}}],\"inLanguage\":\"pt-BR\"},{\"@type\":\"Organization\",\"@id\":\"https:\/\/www.suno.com.br\/noticias\/#organization\",\"name\":\"Suno Not\u00edcias\",\"url\":\"https:\/\/www.suno.com.br\/noticias\/\",\"logo\":{\"@type\":\"ImageObject\",\"inLanguage\":\"pt-BR\",\"@id\":\"https:\/\/www.suno.com.br\/noticias\/#\/schema\/logo\/image\/\",\"url\":\"https:\/\/files.sunoresearch.com.br\/n\/uploads\/2021\/09\/suno-logo.png\",\"contentUrl\":\"https:\/\/files.sunoresearch.com.br\/n\/uploads\/2021\/09\/suno-logo.png\",\"width\":180,\"height\":180,\"caption\":\"Suno Not\u00edcias\"},\"image\":{\"@id\":\"https:\/\/www.suno.com.br\/noticias\/#\/schema\/logo\/image\/\"},\"sameAs\":[\"https:\/\/facebook.com\/sunoresearch\",\"https:\/\/x.com\/sunoresearch\",\"https:\/\/www.instagram.com\/suno\",\"https:\/\/www.linkedin.com\/company\/suno-research\/\",\"https:\/\/www.youtube.com\/c\/sunoresearch\"]},{\"@type\":\"Person\",\"@id\":\"https:\/\/www.suno.com.br\/noticias\/#\/schema\/person\/7f4d362bf3518e76090143ae77bb49a5\",\"name\":\"Eduardo Vargas\",\"image\":{\"@type\":\"ImageObject\",\"inLanguage\":\"pt-BR\",\"@id\":\"https:\/\/www.suno.com.br\/noticias\/#\/schema\/person\/image\/\",\"url\":\"https:\/\/secure.gravatar.com\/avatar\/dac340933427a22924c9f99d1eb2e3f2?s=96&r=g\",\"contentUrl\":\"https:\/\/secure.gravatar.com\/avatar\/dac340933427a22924c9f99d1eb2e3f2?s=96&r=g\",\"caption\":\"Eduardo Vargas\"},\"description\":\"Jornalista formado pela UFSC, cobre macroeconomia, neg\u00f3cios e startups para o Suno Not\u00edcias, escrevendo principalmente not\u00edcias sobre o mercado financeiro e a bolsa de valores. No YouTube e no Instagram, \u00e9 respons\u00e1vel pela produ\u00e7\u00e3o de Reels e Shorts do Suno Not\u00edcias. Anteriormente, trabalhou cobrindo economia e cotidiano no ND+ e para o ND, maior jornal impresso de Santa Catarina. Cursou um semestre letivo de Estudos de M\u00eddia na Universidad de Buenos Aires.\",\"url\":\"https:\/\/www.suno.com.br\/noticias\/author\/eduardo-vargas\/\"}]}<\/script>\n<!-- \/ Yoast SEO plugin. -->","yoast_head_json":{"title":"D\u00f3lar sobe em linha com exterior em meio \u00e0 Ata do Copom","description":"Com influ\u00eancia na cota\u00e7\u00e3o do d\u00f3lar, o documento do BC ainda \u00e9 analisado antes do webinar com Gabriel Gal\u00edpolo","robots":{"index":"index","follow":"follow","max-snippet":"max-snippet:-1","max-image-preview":"max-image-preview:large","max-video-preview":"max-video-preview:-1"},"canonical":"https:\/\/www.suno.com.br\/noticias\/dolar-sobe-linha-com-exterior-ata-galipolo-evm\/","og_locale":"pt_BR","og_type":"article","og_title":"D\u00f3lar sobe em linha com exterior em meio \u00e0 Ata do Copom","og_description":"Com influ\u00eancia na cota\u00e7\u00e3o do d\u00f3lar, o documento do BC ainda \u00e9 analisado antes do webinar com Gabriel Gal\u00edpolo","og_url":"https:\/\/www.suno.com.br\/noticias\/dolar-sobe-linha-com-exterior-ata-galipolo-evm\/","og_site_name":"Suno Not\u00edcias","article_publisher":"https:\/\/facebook.com\/sunoresearch","og_image":[{"width":1280,"height":905,"url":"https:\/\/files.sunoresearch.com.br\/n\/uploads\/2024\/03\/dolar-vestido.jpg","type":"image\/jpeg"}],"author":"Eduardo Vargas","twitter_card":"summary_large_image","twitter_creator":"@sunoresearch","twitter_site":"@sunoresearch","twitter_misc":{"Escrito por":"Eduardo Vargas","Est. tempo de leitura":"4 minutos"},"schema":{"@context":"https:\/\/schema.org","@graph":[{"@type":"NewsArticle","@id":"https:\/\/www.suno.com.br\/noticias\/dolar-sobe-linha-com-exterior-ata-galipolo-evm\/#article","isPartOf":{"@id":"https:\/\/www.suno.com.br\/noticias\/dolar-sobe-linha-com-exterior-ata-galipolo-evm\/"},"author":{"name":"Eduardo Vargas","@id":"https:\/\/www.suno.com.br\/noticias\/#\/schema\/person\/7f4d362bf3518e76090143ae77bb49a5"},"headline":"D\u00f3lar sobe em linha com exterior em meio \u00e0 Ata do Copom","datePublished":"2024-06-25T13:00:33+00:00","dateModified":"2024-06-25T13:00:39+00:00","mainEntityOfPage":{"@id":"https:\/\/www.suno.com.br\/noticias\/dolar-sobe-linha-com-exterior-ata-galipolo-evm\/"},"wordCount":619,"publisher":{"@id":"https:\/\/www.suno.com.br\/noticias\/#organization"},"image":{"@id":"https:\/\/www.suno.com.br\/noticias\/dolar-sobe-linha-com-exterior-ata-galipolo-evm\/#primaryimage"},"thumbnailUrl":"https:\/\/files.sunoresearch.com.br\/n\/uploads\/2024\/03\/dolar-vestido.jpg","keywords":["Ag\u00eancias","d\u00f3lar"],"articleSection":["Mercado"],"inLanguage":"pt-BR"},{"@type":"WebPage","@id":"https:\/\/www.suno.com.br\/noticias\/dolar-sobe-linha-com-exterior-ata-galipolo-evm\/","url":"https:\/\/www.suno.com.br\/noticias\/dolar-sobe-linha-com-exterior-ata-galipolo-evm\/","name":"D\u00f3lar sobe em linha com exterior em meio \u00e0 Ata do Copom","isPartOf":{"@id":"https:\/\/www.suno.com.br\/noticias\/#website"},"primaryImageOfPage":{"@id":"https:\/\/www.suno.com.br\/noticias\/dolar-sobe-linha-com-exterior-ata-galipolo-evm\/#primaryimage"},"image":{"@id":"https:\/\/www.suno.com.br\/noticias\/dolar-sobe-linha-com-exterior-ata-galipolo-evm\/#primaryimage"},"thumbnailUrl":"https:\/\/files.sunoresearch.com.br\/n\/uploads\/2024\/03\/dolar-vestido.jpg","datePublished":"2024-06-25T13:00:33+00:00","dateModified":"2024-06-25T13:00:39+00:00","description":"Com influ\u00eancia na cota\u00e7\u00e3o do d\u00f3lar, o documento do BC ainda \u00e9 analisado antes do webinar com Gabriel Gal\u00edpolo","breadcrumb":{"@id":"https:\/\/www.suno.com.br\/noticias\/dolar-sobe-linha-com-exterior-ata-galipolo-evm\/#breadcrumb"},"inLanguage":"pt-BR","potentialAction":[{"@type":"ReadAction","target":["https:\/\/www.suno.com.br\/noticias\/dolar-sobe-linha-com-exterior-ata-galipolo-evm\/"]}]},{"@type":"ImageObject","inLanguage":"pt-BR","@id":"https:\/\/www.suno.com.br\/noticias\/dolar-sobe-linha-com-exterior-ata-galipolo-evm\/#primaryimage","url":"https:\/\/files.sunoresearch.com.br\/n\/uploads\/2024\/03\/dolar-vestido.jpg","contentUrl":"https:\/\/files.sunoresearch.com.br\/n\/uploads\/2024\/03\/dolar-vestido.jpg","width":1280,"height":905,"caption":"REITs\/FIIss. Foto: Pixabay"},{"@type":"BreadcrumbList","@id":"https:\/\/www.suno.com.br\/noticias\/dolar-sobe-linha-com-exterior-ata-galipolo-evm\/#breadcrumb","itemListElement":[{"@type":"ListItem","position":1,"name":"Not\u00edcias","item":"https:\/\/www.suno.com.br\/noticias\/"},{"@type":"ListItem","position":2,"name":"Mercado","item":"https:\/\/www.suno.com.br\/noticias\/mercado\/"},{"@type":"ListItem","position":3,"name":"D\u00f3lar sobe em linha com exterior em meio \u00e0 Ata do Copom"}]},{"@type":"WebSite","@id":"https:\/\/www.suno.com.br\/noticias\/#website","url":"https:\/\/www.suno.com.br\/noticias\/","name":"Suno Not\u00edcias","description":"Seu portal de informa\u00e7\u00e3o sobre o mundo dos investimentos","publisher":{"@id":"https:\/\/www.suno.com.br\/noticias\/#organization"},"potentialAction":[{"@type":"SearchAction","target":{"@type":"EntryPoint","urlTemplate":"https:\/\/www.suno.com.br\/noticias\/?s={search_term_string}"},"query-input":{"@type":"PropertyValueSpecification","valueRequired":true,"valueName":"search_term_string"}}],"inLanguage":"pt-BR"},{"@type":"Organization","@id":"https:\/\/www.suno.com.br\/noticias\/#organization","name":"Suno Not\u00edcias","url":"https:\/\/www.suno.com.br\/noticias\/","logo":{"@type":"ImageObject","inLanguage":"pt-BR","@id":"https:\/\/www.suno.com.br\/noticias\/#\/schema\/logo\/image\/","url":"https:\/\/files.sunoresearch.com.br\/n\/uploads\/2021\/09\/suno-logo.png","contentUrl":"https:\/\/files.sunoresearch.com.br\/n\/uploads\/2021\/09\/suno-logo.png","width":180,"height":180,"caption":"Suno Not\u00edcias"},"image":{"@id":"https:\/\/www.suno.com.br\/noticias\/#\/schema\/logo\/image\/"},"sameAs":["https:\/\/facebook.com\/sunoresearch","https:\/\/x.com\/sunoresearch","https:\/\/www.instagram.com\/suno","https:\/\/www.linkedin.com\/company\/suno-research\/","https:\/\/www.youtube.com\/c\/sunoresearch"]},{"@type":"Person","@id":"https:\/\/www.suno.com.br\/noticias\/#\/schema\/person\/7f4d362bf3518e76090143ae77bb49a5","name":"Eduardo Vargas","image":{"@type":"ImageObject","inLanguage":"pt-BR","@id":"https:\/\/www.suno.com.br\/noticias\/#\/schema\/person\/image\/","url":"https:\/\/secure.gravatar.com\/avatar\/dac340933427a22924c9f99d1eb2e3f2?s=96&r=g","contentUrl":"https:\/\/secure.gravatar.com\/avatar\/dac340933427a22924c9f99d1eb2e3f2?s=96&r=g","caption":"Eduardo Vargas"},"description":"Jornalista formado pela UFSC, cobre macroeconomia, neg\u00f3cios e startups para o Suno Not\u00edcias, escrevendo principalmente not\u00edcias sobre o mercado financeiro e a bolsa de valores. No YouTube e no Instagram, \u00e9 respons\u00e1vel pela produ\u00e7\u00e3o de Reels e Shorts do Suno Not\u00edcias. Anteriormente, trabalhou cobrindo economia e cotidiano no ND+ e para o ND, maior jornal impresso de Santa Catarina. Cursou um semestre letivo de Estudos de M\u00eddia na Universidad de Buenos Aires.","url":"https:\/\/www.suno.com.br\/noticias\/author\/eduardo-vargas\/"}]}},"default_loop_html":"<div class=\"cardsPage__listCard__boxs\"><div class=\"cardsPage__listCard__boxs__img\"><a href=\"https:\/\/www.suno.com.br\/noticias\/dolar-sobe-linha-com-exterior-ata-galipolo-evm\/\"><img class=\"mask\" src=\"https:\/\/www.suno.com.br\/noticias\/wp-content\/themes\/suno\/resources\/images\/spotlight\/spotlight1img\/bg-mask.png\" alt=\"Image Mask\"\/><img src=\"https:\/\/files.sunoresearch.com.br\/n\/uploads\/2024\/03\/dolar-vestido-400x200.jpg\" alt=\"D\u00f3lar sobe em linha com exterior em meio \u00e0 Ata do Copom\"\/><\/a><span class=\"spotlightCategory\"><a href=\"https:\/\/www.suno.com.br\/noticias\/mercado\/\">Mercado<\/a><\/span><\/div><div class=\"cardsPage__listCard__boxs__content\"><a href=\"https:\/\/www.suno.com.br\/noticias\/dolar-sobe-linha-com-exterior-ata-galipolo-evm\/\"><h2 class=\"content__title\">D\u00f3lar sobe em linha com exterior em meio \u00e0 Ata do Copom<\/h2><\/a><div class=\"newsContent__article__meta\"><div class=\"newsContent__article__meta__authorBox\"><a href=\"https:\/\/www.suno.com.br\/noticias\/author\/eduardo-vargas\/\" class=\"authorBox__avatar noMobi\"><img src=\"https:\/\/secure.gravatar.com\/avatar\/dac340933427a22924c9f99d1eb2e3f2?s=96&#038;r=g\" alt=\"Eduardo Vargas\"><\/a><div class=\"authorBox__name\"><span>por\n\t\t\t<a href=\"https:\/\/www.suno.com.br\/noticias\/author\/eduardo-vargas\/\"><span itemprop=\"author\">Eduardo Vargas<\/span><\/a><\/span><time datetime=\"2024-06-25T10:00:33-03:00\" itemprop=\"datePublished\">25\/06\/2024 10:00<\/time><\/div><\/div><\/div><\/div><\/div>","single_layout":"posts","amp_enabled":true,"_links":{"self":[{"href":"https:\/\/www.suno.com.br\/noticias\/wp-json\/wp\/v2\/posts\/563494"}],"collection":[{"href":"https:\/\/www.suno.com.br\/noticias\/wp-json\/wp\/v2\/posts"}],"about":[{"href":"https:\/\/www.suno.com.br\/noticias\/wp-json\/wp\/v2\/types\/post"}],"author":[{"embeddable":true,"href":"https:\/\/www.suno.com.br\/noticias\/wp-json\/wp\/v2\/users\/73"}],"replies":[{"embeddable":true,"href":"https:\/\/www.suno.com.br\/noticias\/wp-json\/wp\/v2\/comments?post=563494"}],"version-history":[{"count":3,"href":"https:\/\/www.suno.com.br\/noticias\/wp-json\/wp\/v2\/posts\/563494\/revisions"}],"predecessor-version":[{"id":563501,"href":"https:\/\/www.suno.com.br\/noticias\/wp-json\/wp\/v2\/posts\/563494\/revisions\/563501"}],"wp:featuredmedia":[{"embeddable":true,"href":"https:\/\/www.suno.com.br\/noticias\/wp-json\/wp\/v2\/media\/539313"}],"wp:attachment":[{"href":"https:\/\/www.suno.com.br\/noticias\/wp-json\/wp\/v2\/media?parent=563494"}],"wp:term":[{"taxonomy":"category","embeddable":true,"href":"https:\/\/www.suno.com.br\/noticias\/wp-json\/wp\/v2\/categories?post=563494"},{"taxonomy":"post_tag","embeddable":true,"href":"https:\/\/www.suno.com.br\/noticias\/wp-json\/wp\/v2\/tags?post=563494"},{"taxonomy":"suno_strategy","embeddable":true,"href":"https:\/\/www.suno.com.br\/noticias\/wp-json\/wp\/v2\/suno_strategy?post=563494"}],"curies":[{"name":"wp","href":"https:\/\/api.w.org\/{rel}","templated":true}]}}