{"id":56339,"date":"2020-03-12T17:17:32","date_gmt":"2020-03-12T20:17:32","guid":{"rendered":"https:\/\/www.suno.com.br\/noticias\/?p=56339"},"modified":"2020-03-12T17:17:32","modified_gmt":"2020-03-12T20:17:32","slug":"coronavirus-casos-confirmados-brasil","status":"publish","type":"post","link":"https:\/\/www.suno.com.br\/noticias\/coronavirus-casos-confirmados-brasil\/","title":{"rendered":"Coronav\u00edrus: Brasil confirma 77 ocorr\u00eancias do coronav\u00edrus, afirma Minist\u00e9rio"},"content":{"rendered":"<p>Conforme o novo balan\u00e7o feito pelo Minist\u00e9rio da Sa\u00fade, o Brasil registra 77 casos do novo <strong>coronav\u00edrus<\/strong> (covid-19). O boletim foi divulgado \u00e0s 16h20 desta quinta-feira (12).<\/p>\t<div class=\"wrapper-featured-image\">\n\t\t<figure class=\"spotlightImg\">\n\n\t\t\t<picture>\n\t\t\t\t<source media=\"(max-width: 768px)\" srcset=\"https:\/\/files.sunoresearch.com.br\/n\/uploads\/2020\/03\/7be42bee-cdc-coronavirus-400x200.webp\">\n\t\t\t\t<img loading=\"lazy\" decoding=\"async\" class=\"newsContent__article__imgCapa lazyloadDisabled newsContent__article__imgCapa--noCaption\" src=\"https:\/\/files.sunoresearch.com.br\/n\/uploads\/2020\/03\/7be42bee-cdc-coronavirus-jpg.webp\" width=\"800\" height=\"450\" alt=\"Coronav\u00edrus: Brasil confirma 77 ocorr\u00eancias do coronav\u00edrus, afirma Minist\u00e9rio\" fetchpriority=high \/>\n\t\t\t<\/picture>\n\n\t\t\t<figcaption class=\"wp-caption-text wp-caption-text--hide\">Coronav\u00edrus: Pequim fecha mercado ap\u00f3s novos casos da doen\u00e7a<\/figcaption>\n\t\t<\/figure>\n\t<\/div>\n\n\n\n<p>O estado de S\u00e3o Paulo ainda \u00e9 o mais afetado pelo <strong>coronav\u00edrus<\/strong>, apresentando 41 casos de contamina\u00e7\u00e3o com o novo v\u00edrus.<\/p>\n<p>Segundo os dados no Minist\u00e9rio, s\u00e3o 76 casos confirmados no Pa\u00eds, um aumento de 24 ocorr\u00eancias de a publica\u00e7\u00e3o do \u00faltimo boletim na quarta-feira (11). Ao todo, s\u00e3o 1.427 casos suspeitos e 1.156 descartados.<\/p>\n<p>Foram registrados pela primeiras vez casos da doen\u00e7a nos estados do Paran\u00e1e em Pernambuco.<\/p>\n<h2>Paulo Guedes sobre coronav\u00edrus<\/h2>\n<p>O Ministro da Economia, <a href=\"https:\/\/www.suno.com.br\/tudo-sobre\/paulo-guedes\/\"><strong>Paulo Guedes<\/strong><\/a>, declarou nessa quinta-feira (12) que o Brasil vai sofrer impacto da crise do <strong>coronav\u00edrus<\/strong>. Entretanto, segundo o economista, os efeitos da epidemia ser\u00e3o passageiros.<\/p>\n<p>Paulo Guedes falou sobre o surto do v\u00edrus respondendo a uma pergunta sobre a alta do d\u00f3lar. A moeda norte-americana alcan\u00e7ou, nesta quinta-feira o valor de R$5 pela primeira vez na hist\u00f3ria.<\/p>\n\t<p>\n\t\t<a href=\"https:\/\/lp.suno.com.br\/planilha-controle-gastos\/\" target=\"_blank\" data-element=\"shortcode-suno-banner\" title=\"Banner SUNO, clique e saiba mais\">\n\t\t\t<picture>\n\t\t\t\t<source media=\"(max-width: 500px)\" srcset=\"https:\/\/files.sunoresearch.com.br\/n\/uploads\/2023\/03\/400x300-Planilha-controle-de-gastos.png\">\n\t\t\t\t<img class=\"newsContent__article__imgCapa newsContent__article__imgCapa--banner\"\n\t\t\t\t\tsrc=\"https:\/\/files.sunoresearch.com.br\/n\/uploads\/2023\/03\/1420x240-Planilha-controle-de-gastos.png\"\n\t\t\t\t\tdata-promo-id=\"102417\"\t\t\t\t\t\t\t\t\t\twidth='1420' height='240'\t\t\t\t\talt=\"https:\/\/files.sunoresearch.com.br\/n\/uploads\/2023\/03\/1420x240-Planilha-controle-de-gastos.png\"\n\t\t\t\t>\n\t\t\t<\/picture>\n\t\t<\/a>\n\t<\/p>\n\n\n<p>O pol\u00edtico salientou: &#8220;\u00e9 uma crise passageira, uma pandemia, como foi dito do ponto de vista de sa\u00fade p\u00fablica. Tem uma onda de impacto, um per\u00edodo de difus\u00e3o, e depois ela cede tamb\u00e9m com for\u00e7a. J\u00e1 est\u00e1 acontecendo isso na China. Vamos tomar o impacto agora&#8221;.<\/p>\n<h2>Coronav\u00edrus preocupa e Ibovespa trava em queda<\/h2>\n<p>O <strong>Ibovespa<\/strong> travou as negocia\u00e7\u00f5es ap\u00f3s uma queda de 18,97%, aos 69.013,08 pontos e todas as a\u00e7\u00f5es entraram em <a href=\"https:\/\/www.suno.com.br\/artigos\/leilao-de-acoes\/\">leil\u00e3o<\/a> as 14h dessa quinta-feira (12). A interrup\u00e7\u00e3o das negocia\u00e7\u00f5es acontece ap\u00f3s dois\u00a0 <a href=\"https:\/\/www.suno.com.br\/artigos\/circuit-breaker\/\"><strong>circuit breakers<\/strong><\/a> serem acionados no dia.<\/p>\n<p><a href=\"https:\/\/www.suno.com.br\/nossas-assinaturas\/suno-premium\/\"><span data-sheets-value=\"{&quot;1&quot;:2,&quot;2&quot;:&quot;Coronav\u00edrus e Mercado Financeiro | Saiba quais oportunidades voc\u00ea pode estar perdendo&quot;}\" data-sheets-userformat=\"{&quot;2&quot;:513,&quot;3&quot;:{&quot;1&quot;:0},&quot;12&quot;:0}\">Coronav\u00edrus e Mercado Financeiro | Saiba quais oportunidades voc\u00ea pode estar perdendo<\/span><\/a><\/p>\n<p>O\u00a0principal \u00edndice da <strong><a href=\"https:\/\/www.suno.com.br\/artigos\/b3\/\">Bolsa de Valores de S\u00e3o Paulo (B3)<\/a><\/strong> abriu em forte queda de 11,65%, a 75,247,25 pontos, por volta das 10h20 desta quinta. A queda do <a href=\"https:\/\/www.google.com\/aclk?sa=l&amp;ai=DChcSEwiQvoL6upXoAhVVCZEKHVcKB20YABAAGgJjZQ&amp;sig=AOD64_148K2-3LWmxKgX_GMHHKcaxXVUzw&amp;q=&amp;ved=2ahUKEwjKu_z5upXoAhXtIbkGHSs5AL4Q0Qx6BAgNEAE&amp;adurl=\">Ibovespa<\/a> foi provocada pelas consequ\u00eancias econ\u00f4micas da epidemia de <strong>coronav\u00edrus<\/strong>.<\/p>\n<p>Por sua vez, as Bolsas de Valores do mundo:<\/p>\n<ul>\n<li>It\u00e1lia: FTSE MIB -16,92%<\/li>\n<li>Alemanha: <a href=\"https:\/\/www.suno.com.br\/artigos\/dax-30\/\">Dax\u00a0 30<\/a> -12,24%<\/li>\n<li>Reino Unido: <a href=\"https:\/\/www.suno.com.br\/artigos\/ftse-100\/\">FTSE 100<\/a> -10,87%<\/li>\n<li>Fran\u00e7a: <a href=\"https:\/\/www.suno.com.br\/artigos\/cac-40\/#:~:text=O%20CAC%2040%20foi%20criado,(antigamente%20chamada%20Paris%20Bourse).\">CAC 40<\/a> -12,28%<\/li>\n<li>EUA: <a href=\"https:\/\/www.suno.com.br\/artigos\/nasdaq\/\">Nasdaq<\/a> -9,27%<\/li>\n<li>EUA: <a href=\"https:\/\/www.suno.com.br\/artigos\/djia\/\">Dow Jones<\/a> -9,99%<\/li>\n<li>Hong Kong: <a href=\"https:\/\/www.suno.com.br\/artigos\/hang-seng\/\">Hang Seng<\/a> -3,66%<\/li>\n<li>Jap\u00e3o: <a href=\"https:\/\/www.suno.com.br\/artigos\/nikkei-225\/\">Nikkei<\/a> -4,41%<\/li>\n<\/ul>\n\n","protected":false},"excerpt":{"rendered":"<p>Conforme o novo balan\u00e7o feito pelo Minist\u00e9rio da Sa\u00fade, o Brasil registra 77 casos do novo coronav\u00edrus (covid-19). O boletim foi divulgado \u00e0s 16h20 desta quinta-feira (12). Coronav\u00edrus: Pequim fecha mercado ap\u00f3s novos casos da doen\u00e7a O estado de S\u00e3o Paulo ainda \u00e9 o mais afetado pelo coronav\u00edrus, apresentando 41 casos de contamina\u00e7\u00e3o com o [&hellip;]<\/p>\n","protected":false},"author":35,"featured_media":55207,"comment_status":"closed","ping_status":"closed","sticky":false,"template":"","format":"standard","meta":[],"categories":[63],"tags":[309,2487],"suno_strategy":[],"class_list":["post-56339","post","type-post","status-publish","format-standard","has-post-thumbnail","hentry","category-internacional","tag-bolsa-de-valores","tag-coronavirus"],"yoast_head":"<!-- This site is optimized with the Yoast SEO plugin v24.4 - https:\/\/yoast.com\/wordpress\/plugins\/seo\/ -->\n<title>Coronav\u00edrus: Brasil confirma 77 casos de coronav\u00edrus, afirma Minist\u00e9rio<\/title>\n<meta name=\"description\" content=\"O novo balan\u00e7o do coronav\u00edrus feito pelo Minist\u00e9rio da Sa\u00fade foi divulgado \u00e0s 16h20 desta quinta-feira (12). Clique para saber mais\" \/>\n<meta name=\"robots\" content=\"index, follow, max-snippet:-1, max-image-preview:large, max-video-preview:-1\" \/>\n<link rel=\"canonical\" href=\"https:\/\/www.suno.com.br\/noticias\/coronavirus-casos-confirmados-brasil\/\" \/>\n<meta property=\"og:locale\" content=\"pt_BR\" \/>\n<meta property=\"og:type\" content=\"article\" \/>\n<meta property=\"og:title\" content=\"Coronav\u00edrus: Brasil confirma 77 casos de coronav\u00edrus, afirma Minist\u00e9rio\" \/>\n<meta property=\"og:description\" content=\"O novo balan\u00e7o do coronav\u00edrus feito pelo Minist\u00e9rio da Sa\u00fade foi divulgado \u00e0s 16h20 desta quinta-feira (12). Clique para saber mais\" \/>\n<meta property=\"og:url\" content=\"https:\/\/www.suno.com.br\/noticias\/coronavirus-casos-confirmados-brasil\/\" \/>\n<meta property=\"og:site_name\" content=\"Suno Not\u00edcias\" \/>\n<meta property=\"article:publisher\" content=\"https:\/\/facebook.com\/sunoresearch\" \/>\n<meta property=\"og:image\" content=\"https:\/\/files.sunoresearch.com.br\/n\/uploads\/2020\/03\/7be42bee-cdc-coronavirus.jpg\" \/>\n\t<meta property=\"og:image:width\" content=\"720\" \/>\n\t<meta property=\"og:image:height\" content=\"407\" \/>\n\t<meta property=\"og:image:type\" content=\"image\/jpeg\" \/>\n<meta name=\"author\" content=\"Arthur Guimar\u00e3es\" \/>\n<meta name=\"twitter:card\" content=\"summary_large_image\" \/>\n<meta name=\"twitter:creator\" content=\"@sunoresearch\" \/>\n<meta name=\"twitter:site\" content=\"@sunoresearch\" \/>\n<meta name=\"twitter:label1\" content=\"Escrito por\" \/>\n\t<meta name=\"twitter:data1\" content=\"Arthur Guimar\u00e3es\" \/>\n\t<meta name=\"twitter:label2\" content=\"Est. tempo de leitura\" \/>\n\t<meta name=\"twitter:data2\" content=\"2 minutos\" \/>\n<script type=\"application\/ld+json\" class=\"yoast-schema-graph\">{\"@context\":\"https:\/\/schema.org\",\"@graph\":[{\"@type\":\"NewsArticle\",\"@id\":\"https:\/\/www.suno.com.br\/noticias\/coronavirus-casos-confirmados-brasil\/#article\",\"isPartOf\":{\"@id\":\"https:\/\/www.suno.com.br\/noticias\/coronavirus-casos-confirmados-brasil\/\"},\"author\":{\"name\":\"Arthur Guimar\u00e3es\",\"@id\":\"https:\/\/www.suno.com.br\/noticias\/#\/schema\/person\/053a750a709a263919a20f976caae91c\"},\"headline\":\"Coronav\u00edrus: Brasil confirma 77 ocorr\u00eancias do coronav\u00edrus, afirma Minist\u00e9rio\",\"datePublished\":\"2020-03-12T20:17:32+00:00\",\"mainEntityOfPage\":{\"@id\":\"https:\/\/www.suno.com.br\/noticias\/coronavirus-casos-confirmados-brasil\/\"},\"wordCount\":394,\"publisher\":{\"@id\":\"https:\/\/www.suno.com.br\/noticias\/#organization\"},\"image\":{\"@id\":\"https:\/\/www.suno.com.br\/noticias\/coronavirus-casos-confirmados-brasil\/#primaryimage\"},\"thumbnailUrl\":\"https:\/\/files.sunoresearch.com.br\/n\/uploads\/2020\/03\/7be42bee-cdc-coronavirus-jpg.webp\",\"keywords\":[\"Bolsa de Valores\",\"coronav\u00edrus\"],\"articleSection\":[\"Internacional\"],\"inLanguage\":\"pt-BR\"},{\"@type\":\"WebPage\",\"@id\":\"https:\/\/www.suno.com.br\/noticias\/coronavirus-casos-confirmados-brasil\/\",\"url\":\"https:\/\/www.suno.com.br\/noticias\/coronavirus-casos-confirmados-brasil\/\",\"name\":\"Coronav\u00edrus: Brasil confirma 77 casos de coronav\u00edrus, afirma Minist\u00e9rio\",\"isPartOf\":{\"@id\":\"https:\/\/www.suno.com.br\/noticias\/#website\"},\"primaryImageOfPage\":{\"@id\":\"https:\/\/www.suno.com.br\/noticias\/coronavirus-casos-confirmados-brasil\/#primaryimage\"},\"image\":{\"@id\":\"https:\/\/www.suno.com.br\/noticias\/coronavirus-casos-confirmados-brasil\/#primaryimage\"},\"thumbnailUrl\":\"https:\/\/files.sunoresearch.com.br\/n\/uploads\/2020\/03\/7be42bee-cdc-coronavirus-jpg.webp\",\"datePublished\":\"2020-03-12T20:17:32+00:00\",\"description\":\"O novo balan\u00e7o do coronav\u00edrus feito pelo Minist\u00e9rio da Sa\u00fade foi divulgado \u00e0s 16h20 desta quinta-feira (12). Clique para saber mais\",\"breadcrumb\":{\"@id\":\"https:\/\/www.suno.com.br\/noticias\/coronavirus-casos-confirmados-brasil\/#breadcrumb\"},\"inLanguage\":\"pt-BR\",\"potentialAction\":[{\"@type\":\"ReadAction\",\"target\":[\"https:\/\/www.suno.com.br\/noticias\/coronavirus-casos-confirmados-brasil\/\"]}]},{\"@type\":\"ImageObject\",\"inLanguage\":\"pt-BR\",\"@id\":\"https:\/\/www.suno.com.br\/noticias\/coronavirus-casos-confirmados-brasil\/#primaryimage\",\"url\":\"https:\/\/files.sunoresearch.com.br\/n\/uploads\/2020\/03\/7be42bee-cdc-coronavirus-jpg.webp\",\"contentUrl\":\"https:\/\/files.sunoresearch.com.br\/n\/uploads\/2020\/03\/7be42bee-cdc-coronavirus-jpg.webp\",\"width\":720,\"height\":407,\"caption\":\"Coronav\u00edrus: Pequim fecha mercado ap\u00f3s novos casos da doen\u00e7a\"},{\"@type\":\"BreadcrumbList\",\"@id\":\"https:\/\/www.suno.com.br\/noticias\/coronavirus-casos-confirmados-brasil\/#breadcrumb\",\"itemListElement\":[{\"@type\":\"ListItem\",\"position\":1,\"name\":\"Not\u00edcias\",\"item\":\"https:\/\/www.suno.com.br\/noticias\/\"},{\"@type\":\"ListItem\",\"position\":2,\"name\":\"Internacional\",\"item\":\"https:\/\/www.suno.com.br\/noticias\/internacional\/\"},{\"@type\":\"ListItem\",\"position\":3,\"name\":\"Coronav\u00edrus: Brasil confirma 77 ocorr\u00eancias do coronav\u00edrus, afirma Minist\u00e9rio\"}]},{\"@type\":\"WebSite\",\"@id\":\"https:\/\/www.suno.com.br\/noticias\/#website\",\"url\":\"https:\/\/www.suno.com.br\/noticias\/\",\"name\":\"Suno Not\u00edcias\",\"description\":\"Seu portal de informa\u00e7\u00e3o sobre o mundo dos investimentos\",\"publisher\":{\"@id\":\"https:\/\/www.suno.com.br\/noticias\/#organization\"},\"potentialAction\":[{\"@type\":\"SearchAction\",\"target\":{\"@type\":\"EntryPoint\",\"urlTemplate\":\"https:\/\/www.suno.com.br\/noticias\/?s={search_term_string}\"},\"query-input\":{\"@type\":\"PropertyValueSpecification\",\"valueRequired\":true,\"valueName\":\"search_term_string\"}}],\"inLanguage\":\"pt-BR\"},{\"@type\":\"Organization\",\"@id\":\"https:\/\/www.suno.com.br\/noticias\/#organization\",\"name\":\"Suno Not\u00edcias\",\"url\":\"https:\/\/www.suno.com.br\/noticias\/\",\"logo\":{\"@type\":\"ImageObject\",\"inLanguage\":\"pt-BR\",\"@id\":\"https:\/\/www.suno.com.br\/noticias\/#\/schema\/logo\/image\/\",\"url\":\"https:\/\/files.sunoresearch.com.br\/n\/uploads\/2021\/09\/suno-logo.png\",\"contentUrl\":\"https:\/\/files.sunoresearch.com.br\/n\/uploads\/2021\/09\/suno-logo.png\",\"width\":180,\"height\":180,\"caption\":\"Suno Not\u00edcias\"},\"image\":{\"@id\":\"https:\/\/www.suno.com.br\/noticias\/#\/schema\/logo\/image\/\"},\"sameAs\":[\"https:\/\/facebook.com\/sunoresearch\",\"https:\/\/x.com\/sunoresearch\",\"https:\/\/www.instagram.com\/suno\",\"https:\/\/www.linkedin.com\/company\/suno-research\/\",\"https:\/\/www.youtube.com\/c\/sunoresearch\"]},{\"@type\":\"Person\",\"@id\":\"https:\/\/www.suno.com.br\/noticias\/#\/schema\/person\/053a750a709a263919a20f976caae91c\",\"name\":\"Arthur Guimar\u00e3es\",\"image\":{\"@type\":\"ImageObject\",\"inLanguage\":\"pt-BR\",\"@id\":\"https:\/\/www.suno.com.br\/noticias\/#\/schema\/person\/image\/\",\"url\":\"https:\/\/secure.gravatar.com\/avatar\/1affd86a11209ae09eb6dd3bcad3e96c?s=96&r=g\",\"contentUrl\":\"https:\/\/secure.gravatar.com\/avatar\/1affd86a11209ae09eb6dd3bcad3e96c?s=96&r=g\",\"caption\":\"Arthur Guimar\u00e3es\"},\"description\":\"Arthur Guimar\u00e3es escreve sobre pol\u00edtica, economia e neg\u00f3cios para o portal de not\u00edcias da Suno Research. Atualmente, \u00e9 estudante de jornalismo pela Faculdade C\u00e1sper L\u00edbero.\",\"url\":\"https:\/\/www.suno.com.br\/noticias\/author\/arthur-guimaraes\/\"}]}<\/script>\n<!-- \/ Yoast SEO plugin. -->","yoast_head_json":{"title":"Coronav\u00edrus: Brasil confirma 77 casos de coronav\u00edrus, afirma Minist\u00e9rio","description":"O novo balan\u00e7o do coronav\u00edrus feito pelo Minist\u00e9rio da Sa\u00fade foi divulgado \u00e0s 16h20 desta quinta-feira (12). Clique para saber mais","robots":{"index":"index","follow":"follow","max-snippet":"max-snippet:-1","max-image-preview":"max-image-preview:large","max-video-preview":"max-video-preview:-1"},"canonical":"https:\/\/www.suno.com.br\/noticias\/coronavirus-casos-confirmados-brasil\/","og_locale":"pt_BR","og_type":"article","og_title":"Coronav\u00edrus: Brasil confirma 77 casos de coronav\u00edrus, afirma Minist\u00e9rio","og_description":"O novo balan\u00e7o do coronav\u00edrus feito pelo Minist\u00e9rio da Sa\u00fade foi divulgado \u00e0s 16h20 desta quinta-feira (12). Clique para saber mais","og_url":"https:\/\/www.suno.com.br\/noticias\/coronavirus-casos-confirmados-brasil\/","og_site_name":"Suno Not\u00edcias","article_publisher":"https:\/\/facebook.com\/sunoresearch","og_image":[{"width":720,"height":407,"url":"https:\/\/files.sunoresearch.com.br\/n\/uploads\/2020\/03\/7be42bee-cdc-coronavirus.jpg","type":"image\/jpeg"}],"author":"Arthur Guimar\u00e3es","twitter_card":"summary_large_image","twitter_creator":"@sunoresearch","twitter_site":"@sunoresearch","twitter_misc":{"Escrito por":"Arthur Guimar\u00e3es","Est. tempo de leitura":"2 minutos"},"schema":{"@context":"https:\/\/schema.org","@graph":[{"@type":"NewsArticle","@id":"https:\/\/www.suno.com.br\/noticias\/coronavirus-casos-confirmados-brasil\/#article","isPartOf":{"@id":"https:\/\/www.suno.com.br\/noticias\/coronavirus-casos-confirmados-brasil\/"},"author":{"name":"Arthur Guimar\u00e3es","@id":"https:\/\/www.suno.com.br\/noticias\/#\/schema\/person\/053a750a709a263919a20f976caae91c"},"headline":"Coronav\u00edrus: Brasil confirma 77 ocorr\u00eancias do coronav\u00edrus, afirma Minist\u00e9rio","datePublished":"2020-03-12T20:17:32+00:00","mainEntityOfPage":{"@id":"https:\/\/www.suno.com.br\/noticias\/coronavirus-casos-confirmados-brasil\/"},"wordCount":394,"publisher":{"@id":"https:\/\/www.suno.com.br\/noticias\/#organization"},"image":{"@id":"https:\/\/www.suno.com.br\/noticias\/coronavirus-casos-confirmados-brasil\/#primaryimage"},"thumbnailUrl":"https:\/\/files.sunoresearch.com.br\/n\/uploads\/2020\/03\/7be42bee-cdc-coronavirus-jpg.webp","keywords":["Bolsa de Valores","coronav\u00edrus"],"articleSection":["Internacional"],"inLanguage":"pt-BR"},{"@type":"WebPage","@id":"https:\/\/www.suno.com.br\/noticias\/coronavirus-casos-confirmados-brasil\/","url":"https:\/\/www.suno.com.br\/noticias\/coronavirus-casos-confirmados-brasil\/","name":"Coronav\u00edrus: Brasil confirma 77 casos de coronav\u00edrus, afirma Minist\u00e9rio","isPartOf":{"@id":"https:\/\/www.suno.com.br\/noticias\/#website"},"primaryImageOfPage":{"@id":"https:\/\/www.suno.com.br\/noticias\/coronavirus-casos-confirmados-brasil\/#primaryimage"},"image":{"@id":"https:\/\/www.suno.com.br\/noticias\/coronavirus-casos-confirmados-brasil\/#primaryimage"},"thumbnailUrl":"https:\/\/files.sunoresearch.com.br\/n\/uploads\/2020\/03\/7be42bee-cdc-coronavirus-jpg.webp","datePublished":"2020-03-12T20:17:32+00:00","description":"O novo balan\u00e7o do coronav\u00edrus feito pelo Minist\u00e9rio da Sa\u00fade foi divulgado \u00e0s 16h20 desta quinta-feira (12). Clique para saber mais","breadcrumb":{"@id":"https:\/\/www.suno.com.br\/noticias\/coronavirus-casos-confirmados-brasil\/#breadcrumb"},"inLanguage":"pt-BR","potentialAction":[{"@type":"ReadAction","target":["https:\/\/www.suno.com.br\/noticias\/coronavirus-casos-confirmados-brasil\/"]}]},{"@type":"ImageObject","inLanguage":"pt-BR","@id":"https:\/\/www.suno.com.br\/noticias\/coronavirus-casos-confirmados-brasil\/#primaryimage","url":"https:\/\/files.sunoresearch.com.br\/n\/uploads\/2020\/03\/7be42bee-cdc-coronavirus-jpg.webp","contentUrl":"https:\/\/files.sunoresearch.com.br\/n\/uploads\/2020\/03\/7be42bee-cdc-coronavirus-jpg.webp","width":720,"height":407,"caption":"Coronav\u00edrus: Pequim fecha mercado ap\u00f3s novos casos da doen\u00e7a"},{"@type":"BreadcrumbList","@id":"https:\/\/www.suno.com.br\/noticias\/coronavirus-casos-confirmados-brasil\/#breadcrumb","itemListElement":[{"@type":"ListItem","position":1,"name":"Not\u00edcias","item":"https:\/\/www.suno.com.br\/noticias\/"},{"@type":"ListItem","position":2,"name":"Internacional","item":"https:\/\/www.suno.com.br\/noticias\/internacional\/"},{"@type":"ListItem","position":3,"name":"Coronav\u00edrus: Brasil confirma 77 ocorr\u00eancias do coronav\u00edrus, afirma Minist\u00e9rio"}]},{"@type":"WebSite","@id":"https:\/\/www.suno.com.br\/noticias\/#website","url":"https:\/\/www.suno.com.br\/noticias\/","name":"Suno Not\u00edcias","description":"Seu portal de informa\u00e7\u00e3o sobre o mundo dos investimentos","publisher":{"@id":"https:\/\/www.suno.com.br\/noticias\/#organization"},"potentialAction":[{"@type":"SearchAction","target":{"@type":"EntryPoint","urlTemplate":"https:\/\/www.suno.com.br\/noticias\/?s={search_term_string}"},"query-input":{"@type":"PropertyValueSpecification","valueRequired":true,"valueName":"search_term_string"}}],"inLanguage":"pt-BR"},{"@type":"Organization","@id":"https:\/\/www.suno.com.br\/noticias\/#organization","name":"Suno Not\u00edcias","url":"https:\/\/www.suno.com.br\/noticias\/","logo":{"@type":"ImageObject","inLanguage":"pt-BR","@id":"https:\/\/www.suno.com.br\/noticias\/#\/schema\/logo\/image\/","url":"https:\/\/files.sunoresearch.com.br\/n\/uploads\/2021\/09\/suno-logo.png","contentUrl":"https:\/\/files.sunoresearch.com.br\/n\/uploads\/2021\/09\/suno-logo.png","width":180,"height":180,"caption":"Suno Not\u00edcias"},"image":{"@id":"https:\/\/www.suno.com.br\/noticias\/#\/schema\/logo\/image\/"},"sameAs":["https:\/\/facebook.com\/sunoresearch","https:\/\/x.com\/sunoresearch","https:\/\/www.instagram.com\/suno","https:\/\/www.linkedin.com\/company\/suno-research\/","https:\/\/www.youtube.com\/c\/sunoresearch"]},{"@type":"Person","@id":"https:\/\/www.suno.com.br\/noticias\/#\/schema\/person\/053a750a709a263919a20f976caae91c","name":"Arthur Guimar\u00e3es","image":{"@type":"ImageObject","inLanguage":"pt-BR","@id":"https:\/\/www.suno.com.br\/noticias\/#\/schema\/person\/image\/","url":"https:\/\/secure.gravatar.com\/avatar\/1affd86a11209ae09eb6dd3bcad3e96c?s=96&r=g","contentUrl":"https:\/\/secure.gravatar.com\/avatar\/1affd86a11209ae09eb6dd3bcad3e96c?s=96&r=g","caption":"Arthur Guimar\u00e3es"},"description":"Arthur Guimar\u00e3es escreve sobre pol\u00edtica, economia e neg\u00f3cios para o portal de not\u00edcias da Suno Research. Atualmente, \u00e9 estudante de jornalismo pela Faculdade C\u00e1sper L\u00edbero.","url":"https:\/\/www.suno.com.br\/noticias\/author\/arthur-guimaraes\/"}]}},"default_loop_html":"<div class=\"cardsPage__listCard__boxs\"><div class=\"cardsPage__listCard__boxs__img\"><a href=\"https:\/\/www.suno.com.br\/noticias\/coronavirus-casos-confirmados-brasil\/\"><img class=\"mask\" src=\"https:\/\/www.suno.com.br\/noticias\/wp-content\/themes\/suno\/resources\/images\/spotlight\/spotlight1img\/bg-mask.png\" alt=\"Image Mask\"\/><img src=\"https:\/\/files.sunoresearch.com.br\/n\/uploads\/2020\/03\/7be42bee-cdc-coronavirus-400x200.webp\" alt=\"Coronav\u00edrus: Brasil confirma 77 ocorr\u00eancias do coronav\u00edrus, afirma Minist\u00e9rio\"\/><\/a><span class=\"spotlightCategory\"><a href=\"https:\/\/www.suno.com.br\/noticias\/internacional\/\">Internacional<\/a><\/span><\/div><div class=\"cardsPage__listCard__boxs__content\"><a href=\"https:\/\/www.suno.com.br\/noticias\/coronavirus-casos-confirmados-brasil\/\"><h2 class=\"content__title\">Coronav\u00edrus: Brasil confirma 77 ocorr\u00eancias do coronav\u00edrus, afirma Minist\u00e9rio<\/h2><\/a><div class=\"newsContent__article__meta\"><div class=\"newsContent__article__meta__authorBox\"><a href=\"https:\/\/www.suno.com.br\/noticias\/author\/arthur-guimaraes\/\" class=\"authorBox__avatar noMobi\"><img src=\"https:\/\/files.sunoresearch.com.br\/n\/uploads\/2020\/02\/dfb40897-eu-150x150.webp\" alt=\"Arthur Guimar\u00e3es\"><\/a><div class=\"authorBox__name\"><span>por\n\t\t\t<a href=\"https:\/\/www.suno.com.br\/noticias\/author\/arthur-guimaraes\/\"><span itemprop=\"author\">Arthur Guimar\u00e3es<\/span><\/a><\/span><time datetime=\"2020-03-12T17:17:32-03:00\" itemprop=\"datePublished\">12\/03\/2020 17:17<\/time><\/div><\/div><\/div><\/div><\/div>","single_layout":"posts","amp_enabled":true,"_links":{"self":[{"href":"https:\/\/www.suno.com.br\/noticias\/wp-json\/wp\/v2\/posts\/56339"}],"collection":[{"href":"https:\/\/www.suno.com.br\/noticias\/wp-json\/wp\/v2\/posts"}],"about":[{"href":"https:\/\/www.suno.com.br\/noticias\/wp-json\/wp\/v2\/types\/post"}],"author":[{"embeddable":true,"href":"https:\/\/www.suno.com.br\/noticias\/wp-json\/wp\/v2\/users\/35"}],"replies":[{"embeddable":true,"href":"https:\/\/www.suno.com.br\/noticias\/wp-json\/wp\/v2\/comments?post=56339"}],"version-history":[{"count":0,"href":"https:\/\/www.suno.com.br\/noticias\/wp-json\/wp\/v2\/posts\/56339\/revisions"}],"wp:featuredmedia":[{"embeddable":true,"href":"https:\/\/www.suno.com.br\/noticias\/wp-json\/wp\/v2\/media\/55207"}],"wp:attachment":[{"href":"https:\/\/www.suno.com.br\/noticias\/wp-json\/wp\/v2\/media?parent=56339"}],"wp:term":[{"taxonomy":"category","embeddable":true,"href":"https:\/\/www.suno.com.br\/noticias\/wp-json\/wp\/v2\/categories?post=56339"},{"taxonomy":"post_tag","embeddable":true,"href":"https:\/\/www.suno.com.br\/noticias\/wp-json\/wp\/v2\/tags?post=56339"},{"taxonomy":"suno_strategy","embeddable":true,"href":"https:\/\/www.suno.com.br\/noticias\/wp-json\/wp\/v2\/suno_strategy?post=56339"}],"curies":[{"name":"wp","href":"https:\/\/api.w.org\/{rel}","templated":true}]}}