{"id":563330,"date":"2024-06-24T16:24:09","date_gmt":"2024-06-24T19:24:09","guid":{"rendered":"https:\/\/www.suno.com.br\/noticias\/?p=563330"},"modified":"2024-06-24T16:24:16","modified_gmt":"2024-06-24T19:24:16","slug":"stf-decisao-inadimplentes-refis-evm","status":"publish","type":"post","link":"https:\/\/www.suno.com.br\/noticias\/stf-decisao-inadimplentes-refis-evm\/","title":{"rendered":"STF mant\u00e9m decis\u00e3o que reinclui empresas consideradas inadimplentes no Refis"},"content":{"rendered":"<p>O <a href=\"https:\/\/portal.stf.jus.br\/\">Supremo Tribunal Federal (<strong>STF<\/strong>)<\/a> manteve, por 8 a 3, uma decis\u00e3o liminar que reincluiu empresas consideradas inadimplentes no <a href=\"https:\/\/www.gov.br\/pt-br\/@@search?SearchableText=Regime%20de%20Recupera%C3%A7%C3%A3o%20Fiscal\">Programa de Recupera\u00e7\u00e3o Fiscal (Refis)<\/a>.<\/p><div class=\"videoFull \">\n\t\t\t<div class=\"videoWrapper yt-lazyload center\"\n\t\t\t\tdata-width=\"960\"\n\t\t\t\tdata-height=\"540\"\n\t\t\t\tdata-id=\"C57YHtx4QM0\"\n\t\t\t\tdata-alt=\"V\u00eddeo do YouTube - clique para reproduzir\"\n\t\t\t\tdata-logo=\"3\"\n\t\t\t\tdata-imagequality=\"maxres\">\n\t\t\t<\/div>\n\t\t<\/div><script type=\"application\/ld+json\">{\"@context\":\"https:\/\/schema.org\",\"@type\":\"VideoObject\",\"name\":\"\ud83d\udd34TROCA DE CEO DA VALE (VALE3)?| Ibovespa 121 mil pontos | Lula legalizou Cassino?\",\"description\":\"#mercadofinanceiro #a\u00e7\u00f5es #investimentos #bolsadevalores #ibovespa #dinheiro #finan\u00e7as #pol\u00edtica #d\u00f3lar #livedas19h #petr4 #petr3 #petrobras #vale3 #vale #a\u00e7\u00f5es #economia #dividendos #min\u00e9riodeferro #min\u00e9rio #petr\u00f3leo #commodities #proventos #dividendos #jcp #statusinvest #statusalpha #sunoconsultoria #selic #bc #proventos \ud83d\udd34TENHA UM CONSULTOR PRA TE AJUDAR NOS SEUS INVESTIMENTOS: https:\/\/lp.suno.com.br\/ao\/consultoria-de-investimentos\/?utm_source=youtube.noticias&utm_campaign=020524&utm_medium=live 00:00 In\u00edcio do v\u00eddeo 01:45 Fechamento de preg\u00e3o 05:50 Antecipa\u00e7\u00e3o de troca de CEO\u2026\",\"duration\":\"PT20M13S\",\"embedUrl\":\"https:\/\/www.youtube.com\/embed\/C57YHtx4QM0\",\"regionsAllowed\":\"en-US\",\"interactionStatistic\":{\"@type\":\"InteractionCounter\",\"interactionType\":{\"@type\":\"WatchAction\"},\"userInteractionCount\":2336},\"thumbnailUrl\":\"https:\/\/i.ytimg.com\/vi\/C57YHtx4QM0\/default.jpg\",\"uploadDate\":\"2024-06-21T22:24:50Z\"}<\/script>\n\n\n\n\n\t<p>\n\t\t<a href=\"\" target=\"_blank\" data-element=\"shortcode-suno-banner\" title=\"Banner SUNO, clique e saiba mais\">\n\t\t\t<picture>\n\t\t\t\t<source media=\"(max-width: 500px)\" srcset=\"\">\n\t\t\t\t<img class=\"newsContent__article__imgCapa newsContent__article__imgCapa--banner\"\n\t\t\t\t\tsrc=\"\"\n\t\t\t\t\tdata-promo-id=\"240038\"\t\t\t\t\t\t\t\t\t\t\t\t\t\t\talt=\"\"\n\t\t\t\t>\n\t\t\t<\/picture>\n\t\t<\/a>\n\t<\/p>\n\n\n\n\n\n\n\n<p>A liminar foi concedida pelo <strong>ministro do STF Ricardo Lewandowski<\/strong>, hoje aposentado, em abril de 2023. A decis\u00e3o abrangeu empresas que haviam sido exclu\u00eddas do Refis por pagarem parcelas insuficientes para abater a d\u00edvida em 50 anos.<\/p>\n\n\n\n<p>A liminar atendeu a pedido do Conselho Federal da Ordem dos Advogados do Brasil (CFOAB), que contesta um parecer de 2013 da Procuradoria-Geral da Fazenda Nacional (PGFN) que invalidou esses pagamentos. <\/p>\n\n\n\n<p>De acordo com a CFOAB, o parecer abriu precedentes para que empresas adimplentes sejam exclu\u00eddas do parcelamento.<\/p>\n\n\n\n<p>A PGFN excluiu contribuintes do <strong>Refis<\/strong> por considerar irregular o pagamento de &#8220;parcelas \u00ednfimas ou impag\u00e1veis&#8221;. No parecer, a procuradoria estabeleceu prazo m\u00e1ximo de 50 anos para o pagamento de d\u00e9bitos tribut\u00e1rios. <\/p>\n\n\n\n<p>Em nota enviada ao STF nos autos do processo, a <a href=\"https:\/\/www.gov.br\/agu\/pt-br\">Advocacia Geral da Uni\u00e3o (AGU)<\/a> sustenta que a disputa alcan\u00e7a 113 mil parcelas envolvendo mais de R$ 80 bilh\u00f5es.<\/p>\n\n\n\n<p>A <a class=\"suno-keyword\" target=\"_blank\" data-force=\"no\" data-priority=\"3\" href=\"https:\/\/www.suno.com.br\/artigos\/receita-federal\/\" rel=\"noopener\">Receita Federal<\/a> fez uma simula\u00e7\u00e3o de impacto aos cofres p\u00fablicos com base na m\u00e9dia dos pagamentos feitos no \u00e2mbito de 228 parcelamentos cuja m\u00e9dia mensal de pagamento \u00e9 menor do que o valor necess\u00e1rio para liquidar a d\u00edvida em 50 anos. <\/p>\n\n\n\n<p>&#8220;Caso a m\u00e9dia de pagamento desses parcelamentos se mantenha, o valor m\u00e9dio que deixa de ser recolhido aos cofres p\u00fablicos mensalmente \u00e9 de cerca de R$ 3,38 milh\u00f5es. Expandindo esta proje\u00e7\u00e3o, tem-se que anualmente o d\u00e9ficit \u00e9 de cerca de R$ 44 milh\u00f5es; e, no prazo de 50 anos, de R$ 1,1 bilh\u00e3o&#8221;, diz a nota.<\/p>\n\n\n\n<p>&#8220;Desse modo, caso seja autorizado por essa Suprema Corte a continuidade do pagamento de parcelas irris\u00f3rias, o cen\u00e1rio ser\u00e1 de perpetua\u00e7\u00e3o do cr\u00e9dito tribut\u00e1rio, uma verdadeira remiss\u00e3o t\u00e1cita, o que n\u00e3o foi a inten\u00e7\u00e3o do legislador ao permitir o parcelamento&#8221;, disse a AGU em manifesta\u00e7\u00e3o ao Supremo.<\/p>\n\n\n\t<p>\n\t\t<a href=\"https:\/\/lp.suno.com.br\/ebook-gratuito-investindo-no-exterior\/\" target=\"_blank\" data-element=\"shortcode-suno-banner\" title=\"Banner SUNO, clique e saiba mais\">\n\t\t\t<picture>\n\t\t\t\t<source media=\"(max-width: 500px)\" srcset=\"https:\/\/files.sunoresearch.com.br\/n\/uploads\/2023\/03\/400x300-Investindo-no-exterior.png\">\n\t\t\t\t<img class=\"newsContent__article__imgCapa newsContent__article__imgCapa--banner\"\n\t\t\t\t\tsrc=\"https:\/\/files.sunoresearch.com.br\/n\/uploads\/2023\/03\/1420x240-Investindo-no-exterior.png\"\n\t\t\t\t\tdata-promo-id=\"383161\"\t\t\t\t\t\t\t\t\t\twidth='1420' height='240'\t\t\t\t\talt=\"https:\/\/files.sunoresearch.com.br\/n\/uploads\/2023\/03\/1420x240-Investindo-no-exterior.png\"\n\t\t\t\t>\n\t\t\t<\/picture>\n\t\t<\/a>\n\t<\/p>\n\n\n\n\n\n<h2 class=\"wp-block-heading\">Maioria do STF acompanhou Zanin<\/h2>\n\n\n\n<p>A maioria dos ministros seguiu o voto de Cristiano Zanin, que sucedeu Lewandowski no Supremo e assumiu a relatoria do caso. <\/p>\n\n\n\n<p>&#8220;Se exige do Poder P\u00fablico que aja com lealdade, transpar\u00eancia e boa-f\u00e9, sendo-lhe vedado modificar a conduta de forma inesperada, an\u00f4mala ou contradit\u00f3ria, de maneira a surpreender o administrado ou frustrar as suas leg\u00edtimas expectativas, como ocorreu no caso ora em an\u00e1lise&#8221;, afirmou o ministro.<\/p>\n\n\n\n<p>Zanin tamb\u00e9m afirmou que o parecer da PGFN imp\u00f4s aos contribuintes as consequ\u00eancias de uma suposta <strong>inadimpl\u00eancia<\/strong> tribut\u00e1ria, como indisponibilidade e expropria\u00e7\u00e3o de bens e impossibilidade de emiss\u00e3o de certid\u00f5es de regularidade fiscal. <\/p>\n\n\n\n<p>Para o ministro, a situa\u00e7\u00e3o &#8220;se agrava para os contribuintes que seguem recolhendo as parcelas, pois, por for\u00e7a da prescri\u00e7\u00e3o, n\u00e3o ser\u00e1 poss\u00edvel pleitear a devolu\u00e7\u00e3o dos valores recolhidos&#8221;.<\/p>\n\n\n\n<p>O ministro Fl\u00e1vio Dino abriu diverg\u00eancia e votou para derrubar a liminar. <\/p>\n\n\n\n<p>&#8220;A inten\u00e7\u00e3o do legislador jamais foi a de que a ades\u00e3o ao parcelamento significasse uma posterga\u00e7\u00e3o eterna da quita\u00e7\u00e3o da obriga\u00e7\u00e3o fiscal&#8221;, afirmou em seu voto. <\/p>\n\n\n\n<p>Ele foi seguido pelos ministros do <strong>STF<\/strong> Lu\u00eds Roberto Barroso e Dias Toffoli.<\/p>\n\n\n\n<p>Com Estad\u00e3o Conte\u00fado<\/p>\n\n\n\t<p>\n\t\t<a href=\"https:\/\/lp.suno.com.br\/planilha-da-vida-financeira\/\" target=\"_blank\" data-element=\"shortcode-suno-banner\" title=\"Banner SUNO, clique e saiba mais\">\n\t\t\t<picture>\n\t\t\t\t<source media=\"(max-width: 500px)\" srcset=\"https:\/\/files.sunoresearch.com.br\/n\/uploads\/2023\/04\/400x300-Planilha-vida-financeira-true.png\">\n\t\t\t\t<img class=\"newsContent__article__imgCapa newsContent__article__imgCapa--banner\"\n\t\t\t\t\tsrc=\"https:\/\/files.sunoresearch.com.br\/n\/uploads\/2023\/04\/1420x240-Planilha-vida-financeira-true.png\"\n\t\t\t\t\tdata-promo-id=\"383123\"\t\t\t\t\t\t\t\t\t\twidth='1420' height='240'\t\t\t\t\talt=\"https:\/\/files.sunoresearch.com.br\/n\/uploads\/2023\/04\/1420x240-Planilha-vida-financeira-true.png\"\n\t\t\t\t>\n\t\t\t<\/picture>\n\t\t<\/a>\n\t<\/p>\n\n\n","protected":false},"excerpt":{"rendered":"<p>O Supremo Tribunal Federal (STF) manteve, por 8 a 3, uma decis\u00e3o liminar que reincluiu empresas consideradas inadimplentes no Programa de Recupera\u00e7\u00e3o Fiscal (Refis). A liminar foi concedida pelo ministro do STF Ricardo Lewandowski, hoje aposentado, em abril de 2023. A decis\u00e3o abrangeu empresas que haviam sido exclu\u00eddas do Refis por pagarem parcelas insuficientes para [&hellip;]<\/p>\n","protected":false},"author":73,"featured_media":148337,"comment_status":"closed","ping_status":"closed","sticky":false,"template":"","format":"standard","meta":[],"categories":[62],"tags":[106444,785],"suno_strategy":[],"class_list":["post-563330","post","type-post","status-publish","format-standard","has-post-thumbnail","hentry","category-economia","tag-agencias","tag-supremo-tribunal-federal-stf"],"yoast_head":"<!-- This site is optimized with the Yoast SEO plugin v24.4 - https:\/\/yoast.com\/wordpress\/plugins\/seo\/ -->\n<title>STF mant\u00e9m decis\u00e3o que reinclui empresas inadimplentes no Refis<\/title>\n<meta name=\"description\" content=\"A decis\u00e3o do STF abrangeu empresas que haviam sido exclu\u00eddas do Refis por pagarem parcelas insuficientes para abater a d\u00edvida em 50 anos\" \/>\n<meta name=\"robots\" content=\"index, follow, max-snippet:-1, max-image-preview:large, max-video-preview:-1\" \/>\n<link rel=\"canonical\" href=\"https:\/\/www.suno.com.br\/noticias\/stf-decisao-inadimplentes-refis-evm\/\" \/>\n<meta property=\"og:locale\" content=\"pt_BR\" \/>\n<meta property=\"og:type\" content=\"article\" \/>\n<meta property=\"og:title\" content=\"STF mant\u00e9m decis\u00e3o que reinclui empresas inadimplentes no Refis\" \/>\n<meta property=\"og:description\" content=\"A decis\u00e3o do STF abrangeu empresas que haviam sido exclu\u00eddas do Refis por pagarem parcelas insuficientes para abater a d\u00edvida em 50 anos\" \/>\n<meta property=\"og:url\" content=\"https:\/\/www.suno.com.br\/noticias\/stf-decisao-inadimplentes-refis-evm\/\" \/>\n<meta property=\"og:site_name\" content=\"Suno Not\u00edcias\" \/>\n<meta property=\"article:publisher\" content=\"https:\/\/facebook.com\/sunoresearch\" \/>\n<meta property=\"og:image\" content=\"https:\/\/files.sunoresearch.com.br\/n\/uploads\/2021\/05\/aed6caaf-ch-stf-20150910-4-1024x590.jpg\" \/>\n\t<meta property=\"og:image:width\" content=\"1024\" \/>\n\t<meta property=\"og:image:height\" content=\"590\" \/>\n\t<meta property=\"og:image:type\" content=\"image\/jpeg\" \/>\n<meta name=\"author\" content=\"Eduardo Vargas\" \/>\n<meta name=\"twitter:card\" content=\"summary_large_image\" \/>\n<meta name=\"twitter:creator\" content=\"@sunoresearch\" \/>\n<meta name=\"twitter:site\" content=\"@sunoresearch\" \/>\n<meta name=\"twitter:label1\" content=\"Escrito por\" \/>\n\t<meta name=\"twitter:data1\" content=\"Eduardo Vargas\" \/>\n\t<meta name=\"twitter:label2\" content=\"Est. tempo de leitura\" \/>\n\t<meta name=\"twitter:data2\" content=\"3 minutos\" \/>\n<script type=\"application\/ld+json\" class=\"yoast-schema-graph\">{\"@context\":\"https:\/\/schema.org\",\"@graph\":[{\"@type\":\"NewsArticle\",\"@id\":\"https:\/\/www.suno.com.br\/noticias\/stf-decisao-inadimplentes-refis-evm\/#article\",\"isPartOf\":{\"@id\":\"https:\/\/www.suno.com.br\/noticias\/stf-decisao-inadimplentes-refis-evm\/\"},\"author\":{\"name\":\"Eduardo Vargas\",\"@id\":\"https:\/\/www.suno.com.br\/noticias\/#\/schema\/person\/7f4d362bf3518e76090143ae77bb49a5\"},\"headline\":\"STF mant\u00e9m decis\u00e3o que reinclui empresas consideradas inadimplentes no Refis\",\"datePublished\":\"2024-06-24T19:24:09+00:00\",\"dateModified\":\"2024-06-24T19:24:16+00:00\",\"mainEntityOfPage\":{\"@id\":\"https:\/\/www.suno.com.br\/noticias\/stf-decisao-inadimplentes-refis-evm\/\"},\"wordCount\":573,\"publisher\":{\"@id\":\"https:\/\/www.suno.com.br\/noticias\/#organization\"},\"image\":{\"@id\":\"https:\/\/www.suno.com.br\/noticias\/stf-decisao-inadimplentes-refis-evm\/#primaryimage\"},\"thumbnailUrl\":\"https:\/\/files.sunoresearch.com.br\/n\/uploads\/2021\/05\/aed6caaf-ch-stf-20150910-4-jpg.webp\",\"keywords\":[\"Ag\u00eancias\",\"Supremo Tribunal Federal (STF)\"],\"articleSection\":[\"Economia\"],\"inLanguage\":\"pt-BR\"},{\"@type\":\"WebPage\",\"@id\":\"https:\/\/www.suno.com.br\/noticias\/stf-decisao-inadimplentes-refis-evm\/\",\"url\":\"https:\/\/www.suno.com.br\/noticias\/stf-decisao-inadimplentes-refis-evm\/\",\"name\":\"STF mant\u00e9m decis\u00e3o que reinclui empresas inadimplentes no Refis\",\"isPartOf\":{\"@id\":\"https:\/\/www.suno.com.br\/noticias\/#website\"},\"primaryImageOfPage\":{\"@id\":\"https:\/\/www.suno.com.br\/noticias\/stf-decisao-inadimplentes-refis-evm\/#primaryimage\"},\"image\":{\"@id\":\"https:\/\/www.suno.com.br\/noticias\/stf-decisao-inadimplentes-refis-evm\/#primaryimage\"},\"thumbnailUrl\":\"https:\/\/files.sunoresearch.com.br\/n\/uploads\/2021\/05\/aed6caaf-ch-stf-20150910-4-jpg.webp\",\"datePublished\":\"2024-06-24T19:24:09+00:00\",\"dateModified\":\"2024-06-24T19:24:16+00:00\",\"description\":\"A decis\u00e3o do STF abrangeu empresas que haviam sido exclu\u00eddas do Refis por pagarem parcelas insuficientes para abater a d\u00edvida em 50 anos\",\"breadcrumb\":{\"@id\":\"https:\/\/www.suno.com.br\/noticias\/stf-decisao-inadimplentes-refis-evm\/#breadcrumb\"},\"inLanguage\":\"pt-BR\",\"potentialAction\":[{\"@type\":\"ReadAction\",\"target\":[\"https:\/\/www.suno.com.br\/noticias\/stf-decisao-inadimplentes-refis-evm\/\"]}]},{\"@type\":\"ImageObject\",\"inLanguage\":\"pt-BR\",\"@id\":\"https:\/\/www.suno.com.br\/noticias\/stf-decisao-inadimplentes-refis-evm\/#primaryimage\",\"url\":\"https:\/\/files.sunoresearch.com.br\/n\/uploads\/2021\/05\/aed6caaf-ch-stf-20150910-4-jpg.webp\",\"contentUrl\":\"https:\/\/files.sunoresearch.com.br\/n\/uploads\/2021\/05\/aed6caaf-ch-stf-20150910-4-jpg.webp\",\"width\":2000,\"height\":1152,\"caption\":\"Supremo Tribunal Federal (STF) - Foto: Reprodu\u00e7\u00e3o Fotos P\u00fablicas\"},{\"@type\":\"BreadcrumbList\",\"@id\":\"https:\/\/www.suno.com.br\/noticias\/stf-decisao-inadimplentes-refis-evm\/#breadcrumb\",\"itemListElement\":[{\"@type\":\"ListItem\",\"position\":1,\"name\":\"Not\u00edcias\",\"item\":\"https:\/\/www.suno.com.br\/noticias\/\"},{\"@type\":\"ListItem\",\"position\":2,\"name\":\"Economia\",\"item\":\"https:\/\/www.suno.com.br\/noticias\/economia\/\"},{\"@type\":\"ListItem\",\"position\":3,\"name\":\"STF mant\u00e9m decis\u00e3o que reinclui empresas consideradas inadimplentes no Refis\"}]},{\"@type\":\"WebSite\",\"@id\":\"https:\/\/www.suno.com.br\/noticias\/#website\",\"url\":\"https:\/\/www.suno.com.br\/noticias\/\",\"name\":\"Suno Not\u00edcias\",\"description\":\"Seu portal de informa\u00e7\u00e3o sobre o mundo dos investimentos\",\"publisher\":{\"@id\":\"https:\/\/www.suno.com.br\/noticias\/#organization\"},\"potentialAction\":[{\"@type\":\"SearchAction\",\"target\":{\"@type\":\"EntryPoint\",\"urlTemplate\":\"https:\/\/www.suno.com.br\/noticias\/?s={search_term_string}\"},\"query-input\":{\"@type\":\"PropertyValueSpecification\",\"valueRequired\":true,\"valueName\":\"search_term_string\"}}],\"inLanguage\":\"pt-BR\"},{\"@type\":\"Organization\",\"@id\":\"https:\/\/www.suno.com.br\/noticias\/#organization\",\"name\":\"Suno Not\u00edcias\",\"url\":\"https:\/\/www.suno.com.br\/noticias\/\",\"logo\":{\"@type\":\"ImageObject\",\"inLanguage\":\"pt-BR\",\"@id\":\"https:\/\/www.suno.com.br\/noticias\/#\/schema\/logo\/image\/\",\"url\":\"https:\/\/files.sunoresearch.com.br\/n\/uploads\/2021\/09\/suno-logo.png\",\"contentUrl\":\"https:\/\/files.sunoresearch.com.br\/n\/uploads\/2021\/09\/suno-logo.png\",\"width\":180,\"height\":180,\"caption\":\"Suno Not\u00edcias\"},\"image\":{\"@id\":\"https:\/\/www.suno.com.br\/noticias\/#\/schema\/logo\/image\/\"},\"sameAs\":[\"https:\/\/facebook.com\/sunoresearch\",\"https:\/\/x.com\/sunoresearch\",\"https:\/\/www.instagram.com\/suno\",\"https:\/\/www.linkedin.com\/company\/suno-research\/\",\"https:\/\/www.youtube.com\/c\/sunoresearch\"]},{\"@type\":\"Person\",\"@id\":\"https:\/\/www.suno.com.br\/noticias\/#\/schema\/person\/7f4d362bf3518e76090143ae77bb49a5\",\"name\":\"Eduardo Vargas\",\"image\":{\"@type\":\"ImageObject\",\"inLanguage\":\"pt-BR\",\"@id\":\"https:\/\/www.suno.com.br\/noticias\/#\/schema\/person\/image\/\",\"url\":\"https:\/\/secure.gravatar.com\/avatar\/dac340933427a22924c9f99d1eb2e3f2?s=96&r=g\",\"contentUrl\":\"https:\/\/secure.gravatar.com\/avatar\/dac340933427a22924c9f99d1eb2e3f2?s=96&r=g\",\"caption\":\"Eduardo Vargas\"},\"description\":\"Jornalista formado pela UFSC, cobre macroeconomia, neg\u00f3cios e startups para o Suno Not\u00edcias, escrevendo principalmente not\u00edcias sobre o mercado financeiro e a bolsa de valores. No YouTube e no Instagram, \u00e9 respons\u00e1vel pela produ\u00e7\u00e3o de Reels e Shorts do Suno Not\u00edcias. Anteriormente, trabalhou cobrindo economia e cotidiano no ND+ e para o ND, maior jornal impresso de Santa Catarina. Cursou um semestre letivo de Estudos de M\u00eddia na Universidad de Buenos Aires.\",\"url\":\"https:\/\/www.suno.com.br\/noticias\/author\/eduardo-vargas\/\"}]}<\/script>\n<!-- \/ Yoast SEO plugin. -->","yoast_head_json":{"title":"STF mant\u00e9m decis\u00e3o que reinclui empresas inadimplentes no Refis","description":"A decis\u00e3o do STF abrangeu empresas que haviam sido exclu\u00eddas do Refis por pagarem parcelas insuficientes para abater a d\u00edvida em 50 anos","robots":{"index":"index","follow":"follow","max-snippet":"max-snippet:-1","max-image-preview":"max-image-preview:large","max-video-preview":"max-video-preview:-1"},"canonical":"https:\/\/www.suno.com.br\/noticias\/stf-decisao-inadimplentes-refis-evm\/","og_locale":"pt_BR","og_type":"article","og_title":"STF mant\u00e9m decis\u00e3o que reinclui empresas inadimplentes no Refis","og_description":"A decis\u00e3o do STF abrangeu empresas que haviam sido exclu\u00eddas do Refis por pagarem parcelas insuficientes para abater a d\u00edvida em 50 anos","og_url":"https:\/\/www.suno.com.br\/noticias\/stf-decisao-inadimplentes-refis-evm\/","og_site_name":"Suno Not\u00edcias","article_publisher":"https:\/\/facebook.com\/sunoresearch","og_image":[{"width":1024,"height":590,"url":"https:\/\/files.sunoresearch.com.br\/n\/uploads\/2021\/05\/aed6caaf-ch-stf-20150910-4-1024x590.jpg","type":"image\/jpeg"}],"author":"Eduardo Vargas","twitter_card":"summary_large_image","twitter_creator":"@sunoresearch","twitter_site":"@sunoresearch","twitter_misc":{"Escrito por":"Eduardo Vargas","Est. tempo de leitura":"3 minutos"},"schema":{"@context":"https:\/\/schema.org","@graph":[{"@type":"NewsArticle","@id":"https:\/\/www.suno.com.br\/noticias\/stf-decisao-inadimplentes-refis-evm\/#article","isPartOf":{"@id":"https:\/\/www.suno.com.br\/noticias\/stf-decisao-inadimplentes-refis-evm\/"},"author":{"name":"Eduardo Vargas","@id":"https:\/\/www.suno.com.br\/noticias\/#\/schema\/person\/7f4d362bf3518e76090143ae77bb49a5"},"headline":"STF mant\u00e9m decis\u00e3o que reinclui empresas consideradas inadimplentes no Refis","datePublished":"2024-06-24T19:24:09+00:00","dateModified":"2024-06-24T19:24:16+00:00","mainEntityOfPage":{"@id":"https:\/\/www.suno.com.br\/noticias\/stf-decisao-inadimplentes-refis-evm\/"},"wordCount":573,"publisher":{"@id":"https:\/\/www.suno.com.br\/noticias\/#organization"},"image":{"@id":"https:\/\/www.suno.com.br\/noticias\/stf-decisao-inadimplentes-refis-evm\/#primaryimage"},"thumbnailUrl":"https:\/\/files.sunoresearch.com.br\/n\/uploads\/2021\/05\/aed6caaf-ch-stf-20150910-4-jpg.webp","keywords":["Ag\u00eancias","Supremo Tribunal Federal (STF)"],"articleSection":["Economia"],"inLanguage":"pt-BR"},{"@type":"WebPage","@id":"https:\/\/www.suno.com.br\/noticias\/stf-decisao-inadimplentes-refis-evm\/","url":"https:\/\/www.suno.com.br\/noticias\/stf-decisao-inadimplentes-refis-evm\/","name":"STF mant\u00e9m decis\u00e3o que reinclui empresas inadimplentes no Refis","isPartOf":{"@id":"https:\/\/www.suno.com.br\/noticias\/#website"},"primaryImageOfPage":{"@id":"https:\/\/www.suno.com.br\/noticias\/stf-decisao-inadimplentes-refis-evm\/#primaryimage"},"image":{"@id":"https:\/\/www.suno.com.br\/noticias\/stf-decisao-inadimplentes-refis-evm\/#primaryimage"},"thumbnailUrl":"https:\/\/files.sunoresearch.com.br\/n\/uploads\/2021\/05\/aed6caaf-ch-stf-20150910-4-jpg.webp","datePublished":"2024-06-24T19:24:09+00:00","dateModified":"2024-06-24T19:24:16+00:00","description":"A decis\u00e3o do STF abrangeu empresas que haviam sido exclu\u00eddas do Refis por pagarem parcelas insuficientes para abater a d\u00edvida em 50 anos","breadcrumb":{"@id":"https:\/\/www.suno.com.br\/noticias\/stf-decisao-inadimplentes-refis-evm\/#breadcrumb"},"inLanguage":"pt-BR","potentialAction":[{"@type":"ReadAction","target":["https:\/\/www.suno.com.br\/noticias\/stf-decisao-inadimplentes-refis-evm\/"]}]},{"@type":"ImageObject","inLanguage":"pt-BR","@id":"https:\/\/www.suno.com.br\/noticias\/stf-decisao-inadimplentes-refis-evm\/#primaryimage","url":"https:\/\/files.sunoresearch.com.br\/n\/uploads\/2021\/05\/aed6caaf-ch-stf-20150910-4-jpg.webp","contentUrl":"https:\/\/files.sunoresearch.com.br\/n\/uploads\/2021\/05\/aed6caaf-ch-stf-20150910-4-jpg.webp","width":2000,"height":1152,"caption":"Supremo Tribunal Federal (STF) - Foto: Reprodu\u00e7\u00e3o Fotos P\u00fablicas"},{"@type":"BreadcrumbList","@id":"https:\/\/www.suno.com.br\/noticias\/stf-decisao-inadimplentes-refis-evm\/#breadcrumb","itemListElement":[{"@type":"ListItem","position":1,"name":"Not\u00edcias","item":"https:\/\/www.suno.com.br\/noticias\/"},{"@type":"ListItem","position":2,"name":"Economia","item":"https:\/\/www.suno.com.br\/noticias\/economia\/"},{"@type":"ListItem","position":3,"name":"STF mant\u00e9m decis\u00e3o que reinclui empresas consideradas inadimplentes no Refis"}]},{"@type":"WebSite","@id":"https:\/\/www.suno.com.br\/noticias\/#website","url":"https:\/\/www.suno.com.br\/noticias\/","name":"Suno Not\u00edcias","description":"Seu portal de informa\u00e7\u00e3o sobre o mundo dos investimentos","publisher":{"@id":"https:\/\/www.suno.com.br\/noticias\/#organization"},"potentialAction":[{"@type":"SearchAction","target":{"@type":"EntryPoint","urlTemplate":"https:\/\/www.suno.com.br\/noticias\/?s={search_term_string}"},"query-input":{"@type":"PropertyValueSpecification","valueRequired":true,"valueName":"search_term_string"}}],"inLanguage":"pt-BR"},{"@type":"Organization","@id":"https:\/\/www.suno.com.br\/noticias\/#organization","name":"Suno Not\u00edcias","url":"https:\/\/www.suno.com.br\/noticias\/","logo":{"@type":"ImageObject","inLanguage":"pt-BR","@id":"https:\/\/www.suno.com.br\/noticias\/#\/schema\/logo\/image\/","url":"https:\/\/files.sunoresearch.com.br\/n\/uploads\/2021\/09\/suno-logo.png","contentUrl":"https:\/\/files.sunoresearch.com.br\/n\/uploads\/2021\/09\/suno-logo.png","width":180,"height":180,"caption":"Suno Not\u00edcias"},"image":{"@id":"https:\/\/www.suno.com.br\/noticias\/#\/schema\/logo\/image\/"},"sameAs":["https:\/\/facebook.com\/sunoresearch","https:\/\/x.com\/sunoresearch","https:\/\/www.instagram.com\/suno","https:\/\/www.linkedin.com\/company\/suno-research\/","https:\/\/www.youtube.com\/c\/sunoresearch"]},{"@type":"Person","@id":"https:\/\/www.suno.com.br\/noticias\/#\/schema\/person\/7f4d362bf3518e76090143ae77bb49a5","name":"Eduardo Vargas","image":{"@type":"ImageObject","inLanguage":"pt-BR","@id":"https:\/\/www.suno.com.br\/noticias\/#\/schema\/person\/image\/","url":"https:\/\/secure.gravatar.com\/avatar\/dac340933427a22924c9f99d1eb2e3f2?s=96&r=g","contentUrl":"https:\/\/secure.gravatar.com\/avatar\/dac340933427a22924c9f99d1eb2e3f2?s=96&r=g","caption":"Eduardo Vargas"},"description":"Jornalista formado pela UFSC, cobre macroeconomia, neg\u00f3cios e startups para o Suno Not\u00edcias, escrevendo principalmente not\u00edcias sobre o mercado financeiro e a bolsa de valores. No YouTube e no Instagram, \u00e9 respons\u00e1vel pela produ\u00e7\u00e3o de Reels e Shorts do Suno Not\u00edcias. Anteriormente, trabalhou cobrindo economia e cotidiano no ND+ e para o ND, maior jornal impresso de Santa Catarina. Cursou um semestre letivo de Estudos de M\u00eddia na Universidad de Buenos Aires.","url":"https:\/\/www.suno.com.br\/noticias\/author\/eduardo-vargas\/"}]}},"default_loop_html":"<div class=\"cardsPage__listCard__boxs\"><div class=\"cardsPage__listCard__boxs__img\"><a href=\"https:\/\/www.suno.com.br\/noticias\/stf-decisao-inadimplentes-refis-evm\/\"><img class=\"mask\" src=\"https:\/\/www.suno.com.br\/noticias\/wp-content\/themes\/suno\/resources\/images\/spotlight\/spotlight1img\/bg-mask.png\" alt=\"Image Mask\"\/><img src=\"https:\/\/files.sunoresearch.com.br\/n\/uploads\/2021\/05\/aed6caaf-ch-stf-20150910-4-400x200.webp\" alt=\"STF mant\u00e9m decis\u00e3o que reinclui empresas consideradas inadimplentes no Refis\"\/><\/a><span class=\"spotlightCategory\"><a href=\"https:\/\/www.suno.com.br\/noticias\/economia\/\">Economia<\/a><\/span><\/div><div class=\"cardsPage__listCard__boxs__content\"><a href=\"https:\/\/www.suno.com.br\/noticias\/stf-decisao-inadimplentes-refis-evm\/\"><h2 class=\"content__title\">STF mant\u00e9m decis\u00e3o que reinclui empresas consideradas inadimplentes no Refis<\/h2><\/a><div class=\"newsContent__article__meta\"><div class=\"newsContent__article__meta__authorBox\"><a href=\"https:\/\/www.suno.com.br\/noticias\/author\/eduardo-vargas\/\" class=\"authorBox__avatar noMobi\"><img src=\"https:\/\/secure.gravatar.com\/avatar\/dac340933427a22924c9f99d1eb2e3f2?s=96&#038;r=g\" alt=\"Eduardo Vargas\"><\/a><div class=\"authorBox__name\"><span>por\n\t\t\t<a href=\"https:\/\/www.suno.com.br\/noticias\/author\/eduardo-vargas\/\"><span itemprop=\"author\">Eduardo Vargas<\/span><\/a><\/span><time datetime=\"2024-06-24T16:24:09-03:00\" itemprop=\"datePublished\">24\/06\/2024 16:24<\/time><\/div><\/div><\/div><\/div><\/div>","single_layout":"posts","amp_enabled":true,"_links":{"self":[{"href":"https:\/\/www.suno.com.br\/noticias\/wp-json\/wp\/v2\/posts\/563330"}],"collection":[{"href":"https:\/\/www.suno.com.br\/noticias\/wp-json\/wp\/v2\/posts"}],"about":[{"href":"https:\/\/www.suno.com.br\/noticias\/wp-json\/wp\/v2\/types\/post"}],"author":[{"embeddable":true,"href":"https:\/\/www.suno.com.br\/noticias\/wp-json\/wp\/v2\/users\/73"}],"replies":[{"embeddable":true,"href":"https:\/\/www.suno.com.br\/noticias\/wp-json\/wp\/v2\/comments?post=563330"}],"version-history":[{"count":3,"href":"https:\/\/www.suno.com.br\/noticias\/wp-json\/wp\/v2\/posts\/563330\/revisions"}],"predecessor-version":[{"id":563393,"href":"https:\/\/www.suno.com.br\/noticias\/wp-json\/wp\/v2\/posts\/563330\/revisions\/563393"}],"wp:featuredmedia":[{"embeddable":true,"href":"https:\/\/www.suno.com.br\/noticias\/wp-json\/wp\/v2\/media\/148337"}],"wp:attachment":[{"href":"https:\/\/www.suno.com.br\/noticias\/wp-json\/wp\/v2\/media?parent=563330"}],"wp:term":[{"taxonomy":"category","embeddable":true,"href":"https:\/\/www.suno.com.br\/noticias\/wp-json\/wp\/v2\/categories?post=563330"},{"taxonomy":"post_tag","embeddable":true,"href":"https:\/\/www.suno.com.br\/noticias\/wp-json\/wp\/v2\/tags?post=563330"},{"taxonomy":"suno_strategy","embeddable":true,"href":"https:\/\/www.suno.com.br\/noticias\/wp-json\/wp\/v2\/suno_strategy?post=563330"}],"curies":[{"name":"wp","href":"https:\/\/api.w.org\/{rel}","templated":true}]}}