{"id":563213,"date":"2024-06-21T19:21:25","date_gmt":"2024-06-21T22:21:25","guid":{"rendered":"https:\/\/www.suno.com.br\/noticias\/?p=563213"},"modified":"2024-06-21T19:21:47","modified_gmt":"2024-06-21T22:21:47","slug":"ifix-fechamento-210624","status":"publish","type":"post","link":"https:\/\/www.suno.com.br\/noticias\/ifix-fechamento-210624\/","title":{"rendered":"FIIs oscilam e IFIX j\u00e1 acumula queda de 2,45% em junho"},"content":{"rendered":"<p>O mercado de <a class=\"suno-keyword\" target=\"_blank\" data-force=\"no\" data-priority=\"2\" href=\"https:\/\/www.suno.com.br\/fundos-imobiliarios\/\" rel=\"noopener\">fundos imobili\u00e1rios<\/a> (<strong>FIIs)<\/strong> operou em forte volatilidade nesta sexta-feira (21), com alta pela manh\u00e3 e um forte recuo no per\u00edodo da tarde que levou o IFIX novamente abaixo dos 3.300 pontos, com seu pior fechamento na semana.<\/p>\t<div class=\"wrapper-featured-image\">\n\t\t<figure class=\"spotlightImg\">\n\n\t\t\t<picture>\n\t\t\t\t<source media=\"(max-width: 768px)\" srcset=\"https:\/\/files.sunoresearch.com.br\/n\/uploads\/2024\/06\/BROF11-E-Tower-400x200.jpg\">\n\t\t\t\t<img loading=\"lazy\" decoding=\"async\" class=\"newsContent__article__imgCapa lazyloadDisabled \" src=\"https:\/\/files.sunoresearch.com.br\/n\/uploads\/2024\/06\/BROF11-E-Tower.jpg\" width=\"800\" height=\"450\" alt=\"FIIs oscilam e IFIX j\u00e1 acumula queda de 2,45% em junho\" fetchpriority=high \/>\n\t\t\t<\/picture>\n\n\t\t\t<figcaption class=\"wp-caption-text wp-caption-text--show\">FIIs mostram volatilidade e IFIX termina semana em queda - Foto: Divulga\u00e7\u00e3o<\/figcaption>\n\t\t<\/figure>\n\t<\/div>\n\n\n\n\n\n\t<p>\n\t\t<a href=\"https:\/\/lp.suno.com.br\/ebook-investindo-em-fiis\/\" target=\"_blank\" data-element=\"shortcode-suno-banner\" title=\"Banner SUNO, clique e saiba mais\">\n\t\t\t<picture>\n\t\t\t\t<source media=\"(max-width: 500px)\" srcset=\"https:\/\/files.sunoresearch.com.br\/n\/uploads\/2023\/07\/Ebook-Fundos-Imobiliarios-Mobile.jpg\">\n\t\t\t\t<img class=\"newsContent__article__imgCapa newsContent__article__imgCapa--banner\"\n\t\t\t\t\tsrc=\"https:\/\/files.sunoresearch.com.br\/n\/uploads\/2023\/07\/Ebook-Fundos-Imobiliarios-Desktop.jpg\"\n\t\t\t\t\tdata-promo-id=\"378301\"\t\t\t\t\t\t\t\t\t\twidth='1420' height='286'\t\t\t\t\talt=\"https:\/\/files.sunoresearch.com.br\/n\/uploads\/2023\/07\/Ebook-Fundos-Imobiliarios-Desktop.jpg\"\n\t\t\t\t>\n\t\t\t<\/picture>\n\t\t<\/a>\n\t<\/p>\n\n\n\n\n\n<p>O <strong>\u00edndice de FIIs<\/strong> fechou o dia em 3.299,38 pontos, queda de 0,06% em rela\u00e7\u00e3o \u00e0 v\u00e9spera e o segundo pior resultado do ano, superior apenas ao de 13 de junho, de 3.295,71 pontos.&nbsp;<\/p>\n\n\n\n<p>Depois de atingir a m\u00e1xima de 3.309,66 pontos \u00e0s 11h15, o ritmo de queda do <strong>IFIX<\/strong> acelerou depois das 15h e entrou em patamar negativo somente na \u00faltima hora do preg\u00e3o, batendo no piso de 3.298,48 pontos antes do fechamento.<\/p>\n\n\n\n<p>Com esse resultado, o <strong>\u00edndice de fundos imobili\u00e1rios<\/strong> acumulou queda de 0,40% na semana, em compara\u00e7\u00e3o com a sexta-feira passada; desde o in\u00edcio do m\u00eas de junho, o recuo \u00e9 de 2,45%; no ano, a perda \u00e9 de 0,30%.<\/p>\n\n\n\t<p>\n\t\t<a href=\"https:\/\/lp.suno.com.br\/plataforma-de-controle-de-investimentos\/\" target=\"_blank\" data-element=\"shortcode-suno-banner\" title=\"Banner SUNO, clique e saiba mais\">\n\t\t\t<picture>\n\t\t\t\t<source media=\"(max-width: 500px)\" srcset=\"https:\/\/files.sunoresearch.com.br\/n\/uploads\/2023\/03\/400x300-Controle-de-Investimentos.png\">\n\t\t\t\t<img class=\"newsContent__article__imgCapa newsContent__article__imgCapa--banner\"\n\t\t\t\t\tsrc=\"https:\/\/files.sunoresearch.com.br\/n\/uploads\/2023\/03\/1420x240-Controle-de-Investimentos.png\"\n\t\t\t\t\tdata-promo-id=\"383162\"\t\t\t\t\t\t\t\t\t\twidth='1420' height='240'\t\t\t\t\talt=\"https:\/\/files.sunoresearch.com.br\/n\/uploads\/2023\/03\/1420x240-Controle-de-Investimentos.png\"\n\t\t\t\t>\n\t\t\t<\/picture>\n\t\t<\/a>\n\t<\/p>\n\n\n\n\n\n<h2 class=\"wp-block-heading\">FIIs: como fica o mercado na semana que vem?<\/h2>\n\n\n\n<p>Com a manuten\u00e7\u00e3o da Selic em 10,5%, analistas acreditam que o <strong>mercado de FIIs <\/strong>deve se estabilizar novamente, com ajustes de proje\u00e7\u00f5es e nova precifica\u00e7\u00e3o dos ativos.&nbsp;<\/p>\n\n\n\n<p>Para a semana que vem, a expectativa \u00e9 de recupera\u00e7\u00e3o parcial do \u00edndice, especialmente com a proximidade do encerramento do m\u00eas e dos an\u00fancios de <strong>dividendos <\/strong>por grande parte dos FIIs mais populares, que acontece na sexta-feira (28), \u00faltimo dia \u00fatil do m\u00eas, assim como a <a class=\"suno-keyword\" target=\"_blank\" data-force=\"no\" data-priority=\"2\" href=\"https:\/\/www.suno.com.br\/artigos\/dividendos-datas-importantes\/\" rel=\"noopener\">data de corte<\/a> para quem receber\u00e1 os proventos (\u201cdata com\u201d).<\/p>\n\n\n\n<p>Embora a estagna\u00e7\u00e3o da <strong>Selic<\/strong> em patamar elevado seja vista como prejudicial para o setor de FIIs como um todo, alguns segmentos, como os chamados <a class=\"suno-keyword\" target=\"_blank\" data-force=\"no\" data-priority=\"1\" href=\"https:\/\/www.suno.com.br\/artigos\/fundos-de-papel-valem-a-pena\/\" rel=\"noopener\">fundos de papel<\/a>, podem se beneficiar, j\u00e1 que negociam t\u00edtulos de d\u00edvida cuja rentabilidade se mant\u00e9m elevada.<\/p>\n\n\n\t<p>\n\t\t<a href=\"https:\/\/lp.suno.com.br\/minicurso-investindo-fiis\/\" target=\"_blank\" data-element=\"shortcode-suno-banner\" title=\"Banner SUNO, clique e saiba mais\">\n\t\t\t<picture>\n\t\t\t\t<source media=\"(max-width: 500px)\" srcset=\"https:\/\/files.sunoresearch.com.br\/n\/uploads\/2023\/03\/400x300-Minicurso-FIIS.png\">\n\t\t\t\t<img class=\"newsContent__article__imgCapa newsContent__article__imgCapa--banner\"\n\t\t\t\t\tsrc=\"https:\/\/files.sunoresearch.com.br\/n\/uploads\/2023\/03\/1420x240-Minicurso-FIIS.png\"\n\t\t\t\t\tdata-promo-id=\"383125\"\t\t\t\t\t\t\t\t\t\twidth='1420' height='240'\t\t\t\t\talt=\"https:\/\/files.sunoresearch.com.br\/n\/uploads\/2023\/03\/1420x240-Minicurso-FIIS.png\"\n\t\t\t\t>\n\t\t\t<\/picture>\n\t\t<\/a>\n\t<\/p>\n\n\n\n\n\n<h2 class=\"wp-block-heading\">IFIX: veja altas e baixas do dia<\/h2>\n\n\n\n<p>Entre as principais altas entre os<strong> fundos imobili\u00e1rios<\/strong> no preg\u00e3o aparecem:<\/p>\n\n\n\n<figure class=\"wp-block-table\"><table><tbody><tr><td><strong>Fundo<\/strong><\/td><td><strong>Varia\u00e7\u00e3o<\/strong><\/td><td><strong>Fechamento<\/strong><\/td><\/tr><tr><td>XPML11<\/td><td>3,86%<\/td><td>R$ 114,00<\/td><\/tr><tr><td>AIEC11<\/td><td>2,31%<\/td><td>R$ 53,69<\/td><\/tr><tr><td>XPIN11<\/td><td>1,64%<\/td><td>R$ 75,43<\/td><\/tr><tr><td>BCFF11<\/td><td>1,37%<\/td><td>R$ 8,12<\/td><\/tr><tr><td>TVRI11<\/td><td>1,23%<\/td><td>R$ 102,50<\/td><\/tr><\/tbody><\/table><\/figure>\n\n\n\n<p>Na outra ponta, entre as principais baixas, ficaram:<\/p>\n\n\n\n<figure class=\"wp-block-table\"><table><tbody><tr><td><strong>Fundo<\/strong><\/td><td><strong>Varia\u00e7\u00e3o<\/strong><\/td><td><strong>Fechamento<\/strong><\/td><\/tr><tr><td>XPLG11<\/td><td>-4,33%<\/td><td>R$ 97,01<\/td><\/tr><tr><td>HSLG11<\/td><td>-3,50%<\/td><td>R$ 86,00<\/td><\/tr><tr><td>BROF11<\/td><td>-3,40%<\/td><td>R$ 53,13<\/td><\/tr><tr><td>BTLG11<\/td><td>-2,37%<\/td><td>R$ 95,97<\/td><\/tr><tr><td>AJFI11<\/td><td>-1,57%<\/td><td>R$ 8,17<\/td><\/tr><\/tbody><\/table><\/figure>\n\n\n\t<p>\n\t\t<a href=\"https:\/\/lp.suno.com.br\/planilha-da-vida-financeira\/\" target=\"_blank\" data-element=\"shortcode-suno-banner\" title=\"Banner SUNO, clique e saiba mais\">\n\t\t\t<picture>\n\t\t\t\t<source media=\"(max-width: 500px)\" srcset=\"https:\/\/files.sunoresearch.com.br\/n\/uploads\/2023\/04\/400x300-Planilha-vida-financeira-true.png\">\n\t\t\t\t<img class=\"newsContent__article__imgCapa newsContent__article__imgCapa--banner\"\n\t\t\t\t\tsrc=\"https:\/\/files.sunoresearch.com.br\/n\/uploads\/2023\/04\/1420x240-Planilha-vida-financeira-true.png\"\n\t\t\t\t\tdata-promo-id=\"383123\"\t\t\t\t\t\t\t\t\t\twidth='1420' height='240'\t\t\t\t\talt=\"https:\/\/files.sunoresearch.com.br\/n\/uploads\/2023\/04\/1420x240-Planilha-vida-financeira-true.png\"\n\t\t\t\t>\n\t\t\t<\/picture>\n\t\t<\/a>\n\t<\/p>\n\n\n\n\n\n<p>Em volume de cotas vendidas ao longo do preg\u00e3o, os mais negociados foram<\/p>\n\n\n\n<ul class=\"wp-block-list\">\n<li><a href=\"https:\/\/fiis.com.br\/mxrf11\">MXRF11<\/a> &#8211; 984.785<\/li>\n\n\n\n<li><a href=\"https:\/\/fiis.com.br\/gare11\">GARE11<\/a> &#8211; 799.032<\/li>\n\n\n\n<li><a href=\"https:\/\/fiis.com.br\/cpts11\">CPTS11<\/a> &#8211; 656.361<\/li>\n\n\n\n<li><a href=\"https:\/\/fiis.com.br\/rbrf11\">RBRF11<\/a> &#8211; 438.778<\/li>\n\n\n\n<li><a href=\"https:\/\/fiis.com.br\/vghf11\">VGHF11<\/a> &#8211; 365.758<\/li>\n<\/ul>\n\n\n\n<p>O IFIX \u00e9 o \u00edndice oficial do mercado de <strong>FIIs<\/strong>. Na atual <a class=\"suno-keyword\" target=\"_blank\" data-force=\"no\" data-priority=\"1\" href=\"https:\/\/www.suno.com.br\/artigos\/carteira-teorica\/\" rel=\"noopener\">carteira te\u00f3rica<\/a>, apresentada em maio e com validade at\u00e9 o fim de agosto, figuram 112 fundos imobili\u00e1rios, escolhidos pela B3 a partir de indicadores como <a class=\"suno-keyword\" target=\"_blank\" data-force=\"no\" data-priority=\"1\" href=\"https:\/\/www.suno.com.br\/artigos\/valor-patrimonial\/\" rel=\"noopener\">valor patrimonial<\/a> e liquidez das cotas, entre outros fatores.<\/p>\n\n\n\t<p>\n\t\t<a href=\"\" target=\"_blank\" data-element=\"shortcode-suno-banner\" title=\"Banner SUNO, clique e saiba mais\">\n\t\t\t<picture>\n\t\t\t\t<source media=\"(max-width: 500px)\" srcset=\"\">\n\t\t\t\t<img class=\"newsContent__article__imgCapa newsContent__article__imgCapa--banner\"\n\t\t\t\t\tsrc=\"\"\n\t\t\t\t\tdata-promo-id=\"77014\"\t\t\t\t\t\t\t\t\t\t\t\t\t\t\talt=\"\"\n\t\t\t\t>\n\t\t\t<\/picture>\n\t\t<\/a>\n\t<\/p>\n\n\n","protected":false},"excerpt":{"rendered":"<p>Mercado de FIIs passou boa parte do dia em alta, mas recuou na \u00faltima hora e fechou semana com queda de 0,40%.<\/p>\n","protected":false},"author":339,"featured_media":563215,"comment_status":"closed","ping_status":"closed","sticky":false,"template":"","format":"standard","meta":[],"categories":[66],"tags":[106947,315,2689],"suno_strategy":[],"class_list":["post-563213","post","type-post","status-publish","format-standard","has-post-thumbnail","hentry","category-fiis","tag-fiis-rendimentos-alta","tag-fundos-imobiliarios-fiis","tag-ifix"],"yoast_head":"<!-- This site is optimized with the Yoast SEO plugin v24.4 - https:\/\/yoast.com\/wordpress\/plugins\/seo\/ -->\n<title>FIIs oscilam e IFIX j\u00e1 acumula queda de 2,45% em junho<\/title>\n<meta name=\"description\" content=\"Mercado de FIIs passou boa parte do dia em alta, mas recuou na \u00faltima hora e fechou semana com queda de 0,40%.\" \/>\n<meta name=\"robots\" content=\"index, follow, max-snippet:-1, max-image-preview:large, max-video-preview:-1\" \/>\n<link rel=\"canonical\" href=\"https:\/\/www.suno.com.br\/noticias\/ifix-fechamento-210624\/\" \/>\n<meta property=\"og:locale\" content=\"pt_BR\" \/>\n<meta property=\"og:type\" content=\"article\" \/>\n<meta property=\"og:title\" content=\"FIIs oscilam e IFIX j\u00e1 acumula queda de 2,45% em junho\" \/>\n<meta property=\"og:description\" content=\"Mercado de FIIs passou boa parte do dia em alta, mas recuou na \u00faltima hora e fechou semana com queda de 0,40%.\" \/>\n<meta property=\"og:url\" content=\"https:\/\/www.suno.com.br\/noticias\/ifix-fechamento-210624\/\" \/>\n<meta property=\"og:site_name\" content=\"Suno Not\u00edcias\" \/>\n<meta property=\"article:publisher\" content=\"https:\/\/facebook.com\/sunoresearch\" \/>\n<meta property=\"og:image\" content=\"https:\/\/files.sunoresearch.com.br\/n\/uploads\/2024\/06\/BROF11-E-Tower.jpg\" \/>\n\t<meta property=\"og:image:width\" content=\"676\" \/>\n\t<meta property=\"og:image:height\" content=\"371\" \/>\n\t<meta property=\"og:image:type\" content=\"image\/jpeg\" \/>\n<meta name=\"author\" content=\"Fernando Cesarotti\" \/>\n<meta name=\"twitter:card\" content=\"summary_large_image\" \/>\n<meta name=\"twitter:creator\" content=\"@sunoresearch\" \/>\n<meta name=\"twitter:site\" content=\"@sunoresearch\" \/>\n<meta name=\"twitter:label1\" content=\"Escrito por\" \/>\n\t<meta name=\"twitter:data1\" content=\"Fernando Cesarotti\" \/>\n\t<meta name=\"twitter:label2\" content=\"Est. tempo de leitura\" \/>\n\t<meta name=\"twitter:data2\" content=\"3 minutos\" \/>\n<script type=\"application\/ld+json\" class=\"yoast-schema-graph\">{\"@context\":\"https:\/\/schema.org\",\"@graph\":[{\"@type\":\"NewsArticle\",\"@id\":\"https:\/\/www.suno.com.br\/noticias\/ifix-fechamento-210624\/#article\",\"isPartOf\":{\"@id\":\"https:\/\/www.suno.com.br\/noticias\/ifix-fechamento-210624\/\"},\"author\":{\"name\":\"Fernando Cesarotti\",\"@id\":\"https:\/\/www.suno.com.br\/noticias\/#\/schema\/person\/02171f82e02ec2306ed662847e114507\"},\"headline\":\"FIIs oscilam e IFIX j\u00e1 acumula queda de 2,45% em junho\",\"datePublished\":\"2024-06-21T22:21:25+00:00\",\"dateModified\":\"2024-06-21T22:21:47+00:00\",\"mainEntityOfPage\":{\"@id\":\"https:\/\/www.suno.com.br\/noticias\/ifix-fechamento-210624\/\"},\"wordCount\":449,\"publisher\":{\"@id\":\"https:\/\/www.suno.com.br\/noticias\/#organization\"},\"image\":{\"@id\":\"https:\/\/www.suno.com.br\/noticias\/ifix-fechamento-210624\/#primaryimage\"},\"thumbnailUrl\":\"https:\/\/files.sunoresearch.com.br\/n\/uploads\/2024\/06\/BROF11-E-Tower.jpg\",\"keywords\":[\"FIIs Rendimentos alta\",\"Fundos Imobili\u00e1rios (FIIs)\",\"IFIX\"],\"articleSection\":[\"FIIs\"],\"inLanguage\":\"pt-BR\"},{\"@type\":\"WebPage\",\"@id\":\"https:\/\/www.suno.com.br\/noticias\/ifix-fechamento-210624\/\",\"url\":\"https:\/\/www.suno.com.br\/noticias\/ifix-fechamento-210624\/\",\"name\":\"FIIs oscilam e IFIX j\u00e1 acumula queda de 2,45% em junho\",\"isPartOf\":{\"@id\":\"https:\/\/www.suno.com.br\/noticias\/#website\"},\"primaryImageOfPage\":{\"@id\":\"https:\/\/www.suno.com.br\/noticias\/ifix-fechamento-210624\/#primaryimage\"},\"image\":{\"@id\":\"https:\/\/www.suno.com.br\/noticias\/ifix-fechamento-210624\/#primaryimage\"},\"thumbnailUrl\":\"https:\/\/files.sunoresearch.com.br\/n\/uploads\/2024\/06\/BROF11-E-Tower.jpg\",\"datePublished\":\"2024-06-21T22:21:25+00:00\",\"dateModified\":\"2024-06-21T22:21:47+00:00\",\"description\":\"Mercado de FIIs passou boa parte do dia em alta, mas recuou na \u00faltima hora e fechou semana com queda de 0,40%.\",\"breadcrumb\":{\"@id\":\"https:\/\/www.suno.com.br\/noticias\/ifix-fechamento-210624\/#breadcrumb\"},\"inLanguage\":\"pt-BR\",\"potentialAction\":[{\"@type\":\"ReadAction\",\"target\":[\"https:\/\/www.suno.com.br\/noticias\/ifix-fechamento-210624\/\"]}]},{\"@type\":\"ImageObject\",\"inLanguage\":\"pt-BR\",\"@id\":\"https:\/\/www.suno.com.br\/noticias\/ifix-fechamento-210624\/#primaryimage\",\"url\":\"https:\/\/files.sunoresearch.com.br\/n\/uploads\/2024\/06\/BROF11-E-Tower.jpg\",\"contentUrl\":\"https:\/\/files.sunoresearch.com.br\/n\/uploads\/2024\/06\/BROF11-E-Tower.jpg\",\"width\":676,\"height\":371,\"caption\":\"FIIs mostram volatilidade e IFIX termina semana em queda - Foto: Divulga\u00e7\u00e3o\"},{\"@type\":\"BreadcrumbList\",\"@id\":\"https:\/\/www.suno.com.br\/noticias\/ifix-fechamento-210624\/#breadcrumb\",\"itemListElement\":[{\"@type\":\"ListItem\",\"position\":1,\"name\":\"Not\u00edcias\",\"item\":\"https:\/\/www.suno.com.br\/noticias\/\"},{\"@type\":\"ListItem\",\"position\":2,\"name\":\"FIIs\",\"item\":\"https:\/\/www.suno.com.br\/noticias\/fiis\/\"},{\"@type\":\"ListItem\",\"position\":3,\"name\":\"FIIs oscilam e IFIX j\u00e1 acumula queda de 2,45% em junho\"}]},{\"@type\":\"WebSite\",\"@id\":\"https:\/\/www.suno.com.br\/noticias\/#website\",\"url\":\"https:\/\/www.suno.com.br\/noticias\/\",\"name\":\"Suno Not\u00edcias\",\"description\":\"Seu portal de informa\u00e7\u00e3o sobre o mundo dos investimentos\",\"publisher\":{\"@id\":\"https:\/\/www.suno.com.br\/noticias\/#organization\"},\"potentialAction\":[{\"@type\":\"SearchAction\",\"target\":{\"@type\":\"EntryPoint\",\"urlTemplate\":\"https:\/\/www.suno.com.br\/noticias\/?s={search_term_string}\"},\"query-input\":{\"@type\":\"PropertyValueSpecification\",\"valueRequired\":true,\"valueName\":\"search_term_string\"}}],\"inLanguage\":\"pt-BR\"},{\"@type\":\"Organization\",\"@id\":\"https:\/\/www.suno.com.br\/noticias\/#organization\",\"name\":\"Suno Not\u00edcias\",\"url\":\"https:\/\/www.suno.com.br\/noticias\/\",\"logo\":{\"@type\":\"ImageObject\",\"inLanguage\":\"pt-BR\",\"@id\":\"https:\/\/www.suno.com.br\/noticias\/#\/schema\/logo\/image\/\",\"url\":\"https:\/\/files.sunoresearch.com.br\/n\/uploads\/2021\/09\/suno-logo.png\",\"contentUrl\":\"https:\/\/files.sunoresearch.com.br\/n\/uploads\/2021\/09\/suno-logo.png\",\"width\":180,\"height\":180,\"caption\":\"Suno Not\u00edcias\"},\"image\":{\"@id\":\"https:\/\/www.suno.com.br\/noticias\/#\/schema\/logo\/image\/\"},\"sameAs\":[\"https:\/\/facebook.com\/sunoresearch\",\"https:\/\/x.com\/sunoresearch\",\"https:\/\/www.instagram.com\/suno\",\"https:\/\/www.linkedin.com\/company\/suno-research\/\",\"https:\/\/www.youtube.com\/c\/sunoresearch\"]},{\"@type\":\"Person\",\"@id\":\"https:\/\/www.suno.com.br\/noticias\/#\/schema\/person\/02171f82e02ec2306ed662847e114507\",\"name\":\"Fernando Cesarotti\",\"image\":{\"@type\":\"ImageObject\",\"inLanguage\":\"pt-BR\",\"@id\":\"https:\/\/www.suno.com.br\/noticias\/#\/schema\/person\/image\/\",\"url\":\"https:\/\/secure.gravatar.com\/avatar\/fc3a37e1dd6249fd3cfdc1702d00d404?s=96&r=g\",\"contentUrl\":\"https:\/\/secure.gravatar.com\/avatar\/fc3a37e1dd6249fd3cfdc1702d00d404?s=96&r=g\",\"caption\":\"Fernando Cesarotti\"},\"description\":\"Jornalista, editor do FIIs.com.br. Graduado pela Unesp, com p\u00f3s-gradua\u00e7\u00e3o em Jornalismo Liter\u00e1rio, com mais de 20 anos de experi\u00eancia em coberturas de economia, pol\u00edtica e esportes. Passagem tamb\u00e9m pelo meio acad\u00eamico, como professor universit\u00e1rio em cursos de Comunica\u00e7\u00e3o e l\u00edder de empresa j\u00fanior.\",\"url\":\"https:\/\/www.suno.com.br\/noticias\/author\/fcesarottigmail-com\/\"}]}<\/script>\n<!-- \/ Yoast SEO plugin. -->","yoast_head_json":{"title":"FIIs oscilam e IFIX j\u00e1 acumula queda de 2,45% em junho","description":"Mercado de FIIs passou boa parte do dia em alta, mas recuou na \u00faltima hora e fechou semana com queda de 0,40%.","robots":{"index":"index","follow":"follow","max-snippet":"max-snippet:-1","max-image-preview":"max-image-preview:large","max-video-preview":"max-video-preview:-1"},"canonical":"https:\/\/www.suno.com.br\/noticias\/ifix-fechamento-210624\/","og_locale":"pt_BR","og_type":"article","og_title":"FIIs oscilam e IFIX j\u00e1 acumula queda de 2,45% em junho","og_description":"Mercado de FIIs passou boa parte do dia em alta, mas recuou na \u00faltima hora e fechou semana com queda de 0,40%.","og_url":"https:\/\/www.suno.com.br\/noticias\/ifix-fechamento-210624\/","og_site_name":"Suno Not\u00edcias","article_publisher":"https:\/\/facebook.com\/sunoresearch","og_image":[{"width":676,"height":371,"url":"https:\/\/files.sunoresearch.com.br\/n\/uploads\/2024\/06\/BROF11-E-Tower.jpg","type":"image\/jpeg"}],"author":"Fernando Cesarotti","twitter_card":"summary_large_image","twitter_creator":"@sunoresearch","twitter_site":"@sunoresearch","twitter_misc":{"Escrito por":"Fernando Cesarotti","Est. tempo de leitura":"3 minutos"},"schema":{"@context":"https:\/\/schema.org","@graph":[{"@type":"NewsArticle","@id":"https:\/\/www.suno.com.br\/noticias\/ifix-fechamento-210624\/#article","isPartOf":{"@id":"https:\/\/www.suno.com.br\/noticias\/ifix-fechamento-210624\/"},"author":{"name":"Fernando Cesarotti","@id":"https:\/\/www.suno.com.br\/noticias\/#\/schema\/person\/02171f82e02ec2306ed662847e114507"},"headline":"FIIs oscilam e IFIX j\u00e1 acumula queda de 2,45% em junho","datePublished":"2024-06-21T22:21:25+00:00","dateModified":"2024-06-21T22:21:47+00:00","mainEntityOfPage":{"@id":"https:\/\/www.suno.com.br\/noticias\/ifix-fechamento-210624\/"},"wordCount":449,"publisher":{"@id":"https:\/\/www.suno.com.br\/noticias\/#organization"},"image":{"@id":"https:\/\/www.suno.com.br\/noticias\/ifix-fechamento-210624\/#primaryimage"},"thumbnailUrl":"https:\/\/files.sunoresearch.com.br\/n\/uploads\/2024\/06\/BROF11-E-Tower.jpg","keywords":["FIIs Rendimentos alta","Fundos Imobili\u00e1rios (FIIs)","IFIX"],"articleSection":["FIIs"],"inLanguage":"pt-BR"},{"@type":"WebPage","@id":"https:\/\/www.suno.com.br\/noticias\/ifix-fechamento-210624\/","url":"https:\/\/www.suno.com.br\/noticias\/ifix-fechamento-210624\/","name":"FIIs oscilam e IFIX j\u00e1 acumula queda de 2,45% em junho","isPartOf":{"@id":"https:\/\/www.suno.com.br\/noticias\/#website"},"primaryImageOfPage":{"@id":"https:\/\/www.suno.com.br\/noticias\/ifix-fechamento-210624\/#primaryimage"},"image":{"@id":"https:\/\/www.suno.com.br\/noticias\/ifix-fechamento-210624\/#primaryimage"},"thumbnailUrl":"https:\/\/files.sunoresearch.com.br\/n\/uploads\/2024\/06\/BROF11-E-Tower.jpg","datePublished":"2024-06-21T22:21:25+00:00","dateModified":"2024-06-21T22:21:47+00:00","description":"Mercado de FIIs passou boa parte do dia em alta, mas recuou na \u00faltima hora e fechou semana com queda de 0,40%.","breadcrumb":{"@id":"https:\/\/www.suno.com.br\/noticias\/ifix-fechamento-210624\/#breadcrumb"},"inLanguage":"pt-BR","potentialAction":[{"@type":"ReadAction","target":["https:\/\/www.suno.com.br\/noticias\/ifix-fechamento-210624\/"]}]},{"@type":"ImageObject","inLanguage":"pt-BR","@id":"https:\/\/www.suno.com.br\/noticias\/ifix-fechamento-210624\/#primaryimage","url":"https:\/\/files.sunoresearch.com.br\/n\/uploads\/2024\/06\/BROF11-E-Tower.jpg","contentUrl":"https:\/\/files.sunoresearch.com.br\/n\/uploads\/2024\/06\/BROF11-E-Tower.jpg","width":676,"height":371,"caption":"FIIs mostram volatilidade e IFIX termina semana em queda - Foto: Divulga\u00e7\u00e3o"},{"@type":"BreadcrumbList","@id":"https:\/\/www.suno.com.br\/noticias\/ifix-fechamento-210624\/#breadcrumb","itemListElement":[{"@type":"ListItem","position":1,"name":"Not\u00edcias","item":"https:\/\/www.suno.com.br\/noticias\/"},{"@type":"ListItem","position":2,"name":"FIIs","item":"https:\/\/www.suno.com.br\/noticias\/fiis\/"},{"@type":"ListItem","position":3,"name":"FIIs oscilam e IFIX j\u00e1 acumula queda de 2,45% em junho"}]},{"@type":"WebSite","@id":"https:\/\/www.suno.com.br\/noticias\/#website","url":"https:\/\/www.suno.com.br\/noticias\/","name":"Suno Not\u00edcias","description":"Seu portal de informa\u00e7\u00e3o sobre o mundo dos investimentos","publisher":{"@id":"https:\/\/www.suno.com.br\/noticias\/#organization"},"potentialAction":[{"@type":"SearchAction","target":{"@type":"EntryPoint","urlTemplate":"https:\/\/www.suno.com.br\/noticias\/?s={search_term_string}"},"query-input":{"@type":"PropertyValueSpecification","valueRequired":true,"valueName":"search_term_string"}}],"inLanguage":"pt-BR"},{"@type":"Organization","@id":"https:\/\/www.suno.com.br\/noticias\/#organization","name":"Suno Not\u00edcias","url":"https:\/\/www.suno.com.br\/noticias\/","logo":{"@type":"ImageObject","inLanguage":"pt-BR","@id":"https:\/\/www.suno.com.br\/noticias\/#\/schema\/logo\/image\/","url":"https:\/\/files.sunoresearch.com.br\/n\/uploads\/2021\/09\/suno-logo.png","contentUrl":"https:\/\/files.sunoresearch.com.br\/n\/uploads\/2021\/09\/suno-logo.png","width":180,"height":180,"caption":"Suno Not\u00edcias"},"image":{"@id":"https:\/\/www.suno.com.br\/noticias\/#\/schema\/logo\/image\/"},"sameAs":["https:\/\/facebook.com\/sunoresearch","https:\/\/x.com\/sunoresearch","https:\/\/www.instagram.com\/suno","https:\/\/www.linkedin.com\/company\/suno-research\/","https:\/\/www.youtube.com\/c\/sunoresearch"]},{"@type":"Person","@id":"https:\/\/www.suno.com.br\/noticias\/#\/schema\/person\/02171f82e02ec2306ed662847e114507","name":"Fernando Cesarotti","image":{"@type":"ImageObject","inLanguage":"pt-BR","@id":"https:\/\/www.suno.com.br\/noticias\/#\/schema\/person\/image\/","url":"https:\/\/secure.gravatar.com\/avatar\/fc3a37e1dd6249fd3cfdc1702d00d404?s=96&r=g","contentUrl":"https:\/\/secure.gravatar.com\/avatar\/fc3a37e1dd6249fd3cfdc1702d00d404?s=96&r=g","caption":"Fernando Cesarotti"},"description":"Jornalista, editor do FIIs.com.br. Graduado pela Unesp, com p\u00f3s-gradua\u00e7\u00e3o em Jornalismo Liter\u00e1rio, com mais de 20 anos de experi\u00eancia em coberturas de economia, pol\u00edtica e esportes. Passagem tamb\u00e9m pelo meio acad\u00eamico, como professor universit\u00e1rio em cursos de Comunica\u00e7\u00e3o e l\u00edder de empresa j\u00fanior.","url":"https:\/\/www.suno.com.br\/noticias\/author\/fcesarottigmail-com\/"}]}},"default_loop_html":"<div class=\"cardsPage__listCard__boxs\"><div class=\"cardsPage__listCard__boxs__img\"><a href=\"https:\/\/www.suno.com.br\/noticias\/ifix-fechamento-210624\/\"><img class=\"mask\" src=\"https:\/\/www.suno.com.br\/noticias\/wp-content\/themes\/suno\/resources\/images\/spotlight\/spotlight1img\/bg-mask.png\" alt=\"Image Mask\"\/><img src=\"https:\/\/files.sunoresearch.com.br\/n\/uploads\/2024\/06\/BROF11-E-Tower-400x200.jpg\" alt=\"FIIs oscilam e IFIX j\u00e1 acumula queda de 2,45% em junho\"\/><\/a><span class=\"spotlightCategory\"><a href=\"https:\/\/www.suno.com.br\/noticias\/fiis\/\">FIIs<\/a><\/span><\/div><div class=\"cardsPage__listCard__boxs__content\"><a href=\"https:\/\/www.suno.com.br\/noticias\/ifix-fechamento-210624\/\"><h2 class=\"content__title\">FIIs oscilam e IFIX j\u00e1 acumula queda de 2,45% em junho<\/h2><\/a><div class=\"newsContent__article__meta\"><div class=\"newsContent__article__meta__authorBox\"><a href=\"https:\/\/www.suno.com.br\/noticias\/author\/fcesarottigmail-com\/\" class=\"authorBox__avatar noMobi\"><img src=\"https:\/\/files.sunoresearch.com.br\/n\/uploads\/2024\/02\/perfil-150x150.jpg\" alt=\"Fernando Cesarotti\"><\/a><div class=\"authorBox__name\"><span>por\n\t\t\t<a href=\"https:\/\/www.suno.com.br\/noticias\/author\/fcesarottigmail-com\/\"><span itemprop=\"author\">Fernando Cesarotti<\/span><\/a><\/span><time datetime=\"2024-06-21T19:21:25-03:00\" itemprop=\"datePublished\">21\/06\/2024 19:21<\/time><\/div><\/div><\/div><\/div><\/div>","single_layout":"posts","amp_enabled":true,"_links":{"self":[{"href":"https:\/\/www.suno.com.br\/noticias\/wp-json\/wp\/v2\/posts\/563213"}],"collection":[{"href":"https:\/\/www.suno.com.br\/noticias\/wp-json\/wp\/v2\/posts"}],"about":[{"href":"https:\/\/www.suno.com.br\/noticias\/wp-json\/wp\/v2\/types\/post"}],"author":[{"embeddable":true,"href":"https:\/\/www.suno.com.br\/noticias\/wp-json\/wp\/v2\/users\/339"}],"replies":[{"embeddable":true,"href":"https:\/\/www.suno.com.br\/noticias\/wp-json\/wp\/v2\/comments?post=563213"}],"version-history":[{"count":1,"href":"https:\/\/www.suno.com.br\/noticias\/wp-json\/wp\/v2\/posts\/563213\/revisions"}],"predecessor-version":[{"id":563216,"href":"https:\/\/www.suno.com.br\/noticias\/wp-json\/wp\/v2\/posts\/563213\/revisions\/563216"}],"wp:featuredmedia":[{"embeddable":true,"href":"https:\/\/www.suno.com.br\/noticias\/wp-json\/wp\/v2\/media\/563215"}],"wp:attachment":[{"href":"https:\/\/www.suno.com.br\/noticias\/wp-json\/wp\/v2\/media?parent=563213"}],"wp:term":[{"taxonomy":"category","embeddable":true,"href":"https:\/\/www.suno.com.br\/noticias\/wp-json\/wp\/v2\/categories?post=563213"},{"taxonomy":"post_tag","embeddable":true,"href":"https:\/\/www.suno.com.br\/noticias\/wp-json\/wp\/v2\/tags?post=563213"},{"taxonomy":"suno_strategy","embeddable":true,"href":"https:\/\/www.suno.com.br\/noticias\/wp-json\/wp\/v2\/suno_strategy?post=563213"}],"curies":[{"name":"wp","href":"https:\/\/api.w.org\/{rel}","templated":true}]}}