{"id":563134,"date":"2024-06-21T13:34:49","date_gmt":"2024-06-21T16:34:49","guid":{"rendered":"https:\/\/www.suno.com.br\/noticias\/?p=563134"},"modified":"2024-06-21T13:34:52","modified_gmt":"2024-06-21T16:34:52","slug":"light-ligt3-plano-recuperacao-judicial-homologado-gss","status":"publish","type":"post","link":"https:\/\/www.suno.com.br\/noticias\/light-ligt3-plano-recuperacao-judicial-homologado-gss\/","title":{"rendered":"Justi\u00e7a homologa plano de recupera\u00e7\u00e3o judicial da Light (LIGT3)"},"content":{"rendered":"<p>A <strong>Light<\/strong> (LIGT3) informou que seu <a class=\"suno-keyword\" data-force=\"no\" data-priority=\"1\" href=\"https:\/\/www.suno.com.br\/artigos\/plano-de-recuperacao\/\" target=\"_blank\" rel=\"noopener\">plano de recupera\u00e7\u00e3o judicial<\/a> foi homologado por decis\u00e3o proferida pela 3\u00aa Vara Empresarial do Rio de Janeiro. O documento havia sido aprovado em Assembleia Geral de Credores realizada entre os dias 25 de abril e 29 de maio.<\/p>\t<div class=\"wrapper-featured-image\">\n\t\t<figure class=\"spotlightImg\">\n\n\t\t\t<picture>\n\t\t\t\t<source media=\"(max-width: 768px)\" srcset=\"https:\/\/files.sunoresearch.com.br\/n\/uploads\/2021\/01\/da74fdd7-image002-400x200.webp\">\n\t\t\t\t<img loading=\"lazy\" decoding=\"async\" class=\"newsContent__article__imgCapa lazyloadDisabled \" src=\"https:\/\/files.sunoresearch.com.br\/n\/uploads\/2021\/01\/da74fdd7-image002-800x450.webp\" width=\"800\" height=\"450\" alt=\"Justi\u00e7a homologa plano de recupera\u00e7\u00e3o judicial da Light (LIGT3)\" fetchpriority=high \/>\n\t\t\t<\/picture>\n\n\t\t\t<figcaption class=\"wp-caption-text wp-caption-text--show\">Light (LIGT3). Foto: divulga\u00e7\u00e3o<\/figcaption>\n\t\t<\/figure>\n\t<\/div>\n\n\n\n\n\n\n\n\t<p>\n\t\t<a href=\"https:\/\/lp.suno.com.br\/planilha-da-vida-financeira\/\" target=\"_blank\" data-element=\"shortcode-suno-banner\" title=\"Banner SUNO, clique e saiba mais\">\n\t\t\t<picture>\n\t\t\t\t<source media=\"(max-width: 500px)\" srcset=\"https:\/\/files.sunoresearch.com.br\/n\/uploads\/2023\/04\/400x300-Planilha-vida-financeira-true.png\">\n\t\t\t\t<img class=\"newsContent__article__imgCapa newsContent__article__imgCapa--banner\"\n\t\t\t\t\tsrc=\"https:\/\/files.sunoresearch.com.br\/n\/uploads\/2023\/04\/1420x240-Planilha-vida-financeira-true.png\"\n\t\t\t\t\tdata-promo-id=\"106682\"\t\t\t\t\t\t\t\t\t\twidth='1420' height='240'\t\t\t\t\talt=\"https:\/\/files.sunoresearch.com.br\/n\/uploads\/2023\/04\/1420x240-Planilha-vida-financeira-true.png\"\n\t\t\t\t>\n\t\t\t<\/picture>\n\t\t<\/a>\n\t<\/p>\n\n\n\n\n\n<p>Conforme previsto no plano de <strong>recupera\u00e7\u00e3o judicial da Light<\/strong> e de acordo com a decis\u00e3o, ficam bloqueadas as negocia\u00e7\u00f5es de deb\u00eantures SESA e demais t\u00edtulos que sejam nela lastreados.<\/p>\n\n\n\n<p>Tal decis\u00e3o tem como objetivo assegurar a operacionaliza\u00e7\u00e3o e a implementa\u00e7\u00e3o das medidas de reestrutura\u00e7\u00e3o do plano de <strong>RJ da Light<\/strong>.<\/p>\n\n\n\n<p>O bloqueio segue at\u00e9 a data de fechamento da reestrutura\u00e7\u00e3o, e inclui <a class=\"suno-keyword\" target=\"_blank\" data-force=\"no\" data-priority=\"1\" href=\"https:\/\/www.suno.com.br\/artigos\/certificados-recebiveis-imobiliarios\/\" rel=\"noopener\">certificados de receb\u00edveis imobili\u00e1rios<\/a>, desde que sejam lastreados nas <strong>deb\u00eantures SESA<\/strong>.<\/p>\n\n\n\n<h2 class=\"wp-block-heading\">\u00daltimo balan\u00e7o da Light (LIGT3)<\/h2>\n\n\n\n<p>No primeiro trimestre deste ano, a Light (<strong>LIGT3<\/strong>) teve preju\u00edzo l\u00edquido consolidado de R$ 304,3 milh\u00f5es. Com isso, a empresa, reverteu o lucro de R$ 107,1 milh\u00f5es anotado em igual per\u00edodo do ano passado.<\/p>\n\n\n\n<p>De janeiro a mar\u00e7o de 2024, o Lucro Antes de Juros, Impostos, <a class=\"suno-keyword\" target=\"_blank\" data-force=\"no\" data-priority=\"1\" href=\"https:\/\/www.suno.com.br\/artigos\/depreciacao-amortizacao\/\" rel=\"noopener\">Deprecia\u00e7\u00e3o e Amortiza\u00e7\u00e3o<\/a> (Ebitda, da sigla em ingl\u00eas) totalizou R$ 294,4 milh\u00f5es, queda de 45,3%.<\/p>\n\n\n\n<p>J\u00e1 a <a class=\"suno-keyword\" target=\"_blank\" data-force=\"no\" data-priority=\"1\" href=\"https:\/\/www.suno.com.br\/artigos\/o-que-receita-liquida\/\" rel=\"noopener\">receita l\u00edquida<\/a> ajustada foi de R$ 3,403 bilh\u00f5es, montante 5,8% menor do que o observado um ano antes.<\/p>\n\n\n\t<p>\n\t\t<a href=\"https:\/\/lp.suno.com.br\/ebook-como-analisar-uma-acao\/\" target=\"_blank\" data-element=\"shortcode-suno-banner\" title=\"Banner SUNO, clique e saiba mais\">\n\t\t\t<picture>\n\t\t\t\t<source media=\"(max-width: 500px)\" srcset=\"https:\/\/files.sunoresearch.com.br\/n\/uploads\/2023\/03\/Ebook-Acoes-Mobile.jpg\">\n\t\t\t\t<img class=\"newsContent__article__imgCapa newsContent__article__imgCapa--banner\"\n\t\t\t\t\tsrc=\"https:\/\/files.sunoresearch.com.br\/n\/uploads\/2023\/03\/Ebook-Acoes-Desktop.jpg\"\n\t\t\t\t\tdata-promo-id=\"378302\"\t\t\t\t\t\t\t\t\t\twidth='1420' height='286'\t\t\t\t\talt=\"https:\/\/files.sunoresearch.com.br\/n\/uploads\/2023\/03\/Ebook-Acoes-Desktop.jpg\"\n\t\t\t\t>\n\t\t\t<\/picture>\n\t\t<\/a>\n\t<\/p>\n\n\n\n\n\n<p>O preju\u00edzo ajustado foi de R$ 393,4 milh\u00f5es, impactado principalmente pela contabiliza\u00e7\u00e3o da provis\u00e3o para a n\u00e3o recuperabilidade de cr\u00e9ditos fiscais diferidos complementares de R$ 234,2 milh\u00f5es. Tamb\u00e9m pesou a redu\u00e7\u00e3o 63,0% do Ebitda da Light, que totalizou R$ 127,4 milh\u00f5es.<\/p>\n\n\n\n<p>A companhia informou, ainda, que as despesas com Pessoal, Material, Servi\u00e7os de terceiros e Outros (PMSO) foi impactado em R$ 81,8 milh\u00f5es, relativos \u00e0 opera\u00e7\u00e3o emergencial na Ilha do Governador.<\/p>\n\n\n\n<p>Essa opera\u00e7\u00e3o demandou o aluguel e abastecimento de 95 geradores, mobiliza\u00e7\u00e3o de pessoal e contrata\u00e7\u00e3o de servi\u00e7os de vigil\u00e2ncia para garantir a seguran\u00e7a dos empregados e prevenir o furto de materiais. Excluindo o evento n\u00e3o recorrente o PMSO aumentou R$ 61,8 milh\u00f5es no trimestre.<\/p>\n\n\n\n<p>No segmento de gera\u00e7\u00e3o e comercializa\u00e7\u00e3o, a <strong>Light<\/strong> teve <a class=\"suno-keyword\" target=\"_blank\" data-force=\"no\" data-priority=\"1\" href=\"https:\/\/www.suno.com.br\/artigos\/lucro-liquido\/\" rel=\"noopener\">lucro l\u00edquido<\/a> de R$ 63 milh\u00f5es, redu\u00e7\u00e3o de 38,1% em base anual de compara\u00e7\u00e3o. J\u00e1 o <a class=\"suno-keyword\" target=\"_blank\" data-force=\"no\" data-priority=\"1\" href=\"https:\/\/www.suno.com.br\/artigos\/ebitda-ajustado\/\" rel=\"noopener\">Ebitda ajustado<\/a> somou R$ 172,4 milh\u00f5es, queda de 14,6%.<\/p>\n\n\n\t<p>\n\t\t<a href=\"https:\/\/lp.suno.com.br\/planilha-da-vida-financeira\/\" target=\"_blank\" data-element=\"shortcode-suno-banner\" title=\"Banner SUNO, clique e saiba mais\">\n\t\t\t<picture>\n\t\t\t\t<source media=\"(max-width: 500px)\" srcset=\"https:\/\/files.sunoresearch.com.br\/n\/uploads\/2023\/04\/400x300-Planilha-vida-financeira-true.png\">\n\t\t\t\t<img class=\"newsContent__article__imgCapa newsContent__article__imgCapa--banner\"\n\t\t\t\t\tsrc=\"https:\/\/files.sunoresearch.com.br\/n\/uploads\/2023\/04\/1420x240-Planilha-vida-financeira-true.png\"\n\t\t\t\t\tdata-promo-id=\"383123\"\t\t\t\t\t\t\t\t\t\twidth='1420' height='240'\t\t\t\t\talt=\"https:\/\/files.sunoresearch.com.br\/n\/uploads\/2023\/04\/1420x240-Planilha-vida-financeira-true.png\"\n\t\t\t\t>\n\t\t\t<\/picture>\n\t\t<\/a>\n\t<\/p>\n\n\n","protected":false},"excerpt":{"rendered":"<p>A Light (LIGT3) informou que seu plano de recupera\u00e7\u00e3o judicial foi homologado por decis\u00e3o proferida pela 3\u00aa Vara Empresarial do Rio de Janeiro. O documento havia sido aprovado em Assembleia Geral de Credores realizada entre os dias 25 de abril e 29 de maio. Light (LIGT3). Foto: divulga\u00e7\u00e3o Conforme previsto no plano de recupera\u00e7\u00e3o judicial [&hellip;]<\/p>\n","protected":false},"author":376,"featured_media":115759,"comment_status":"closed","ping_status":"closed","sticky":false,"template":"","format":"standard","meta":[],"categories":[64],"tags":[41531],"suno_strategy":[],"class_list":["post-563134","post","type-post","status-publish","format-standard","has-post-thumbnail","hentry","category-negocios","tag-light-ligt3"],"yoast_head":"<!-- This site is optimized with the Yoast SEO plugin v24.4 - https:\/\/yoast.com\/wordpress\/plugins\/seo\/ -->\n<title>Light (LIGT3) tem plano de recupera\u00e7\u00e3o judicial homologado<\/title>\n<meta name=\"description\" content=\"A Light informou que seu plano de recupera\u00e7\u00e3o judicial foi homologado por decis\u00e3o proferida pela 3\u00aa Vara Empresarial do Rio de Janeiro.\" \/>\n<meta name=\"robots\" content=\"index, follow, max-snippet:-1, max-image-preview:large, max-video-preview:-1\" \/>\n<link rel=\"canonical\" href=\"https:\/\/www.suno.com.br\/noticias\/light-ligt3-plano-recuperacao-judicial-homologado-gss\/\" \/>\n<meta property=\"og:locale\" content=\"pt_BR\" \/>\n<meta property=\"og:type\" content=\"article\" \/>\n<meta property=\"og:title\" content=\"Light (LIGT3) tem plano de recupera\u00e7\u00e3o judicial homologado\" \/>\n<meta property=\"og:description\" content=\"A Light informou que seu plano de recupera\u00e7\u00e3o judicial foi homologado por decis\u00e3o proferida pela 3\u00aa Vara Empresarial do Rio de Janeiro.\" \/>\n<meta property=\"og:url\" content=\"https:\/\/www.suno.com.br\/noticias\/light-ligt3-plano-recuperacao-judicial-homologado-gss\/\" \/>\n<meta property=\"og:site_name\" content=\"Suno Not\u00edcias\" \/>\n<meta property=\"article:publisher\" content=\"https:\/\/facebook.com\/sunoresearch\" \/>\n<meta property=\"og:image\" content=\"https:\/\/files.sunoresearch.com.br\/n\/uploads\/2021\/01\/da74fdd7-image002.jpg\" \/>\n\t<meta property=\"og:image:width\" content=\"1397\" \/>\n\t<meta property=\"og:image:height\" content=\"1048\" \/>\n\t<meta property=\"og:image:type\" content=\"image\/jpeg\" \/>\n<meta name=\"author\" content=\"Guilherme Serrano\" \/>\n<meta name=\"twitter:card\" content=\"summary_large_image\" \/>\n<meta name=\"twitter:creator\" content=\"@sunoresearch\" \/>\n<meta name=\"twitter:site\" content=\"@sunoresearch\" \/>\n<meta name=\"twitter:label1\" content=\"Escrito por\" \/>\n\t<meta name=\"twitter:data1\" content=\"Guilherme Serrano\" \/>\n\t<meta name=\"twitter:label2\" content=\"Est. tempo de leitura\" \/>\n\t<meta name=\"twitter:data2\" content=\"2 minutos\" \/>\n<script type=\"application\/ld+json\" class=\"yoast-schema-graph\">{\"@context\":\"https:\/\/schema.org\",\"@graph\":[{\"@type\":\"NewsArticle\",\"@id\":\"https:\/\/www.suno.com.br\/noticias\/light-ligt3-plano-recuperacao-judicial-homologado-gss\/#article\",\"isPartOf\":{\"@id\":\"https:\/\/www.suno.com.br\/noticias\/light-ligt3-plano-recuperacao-judicial-homologado-gss\/\"},\"author\":{\"name\":\"Guilherme Serrano\",\"@id\":\"https:\/\/www.suno.com.br\/noticias\/#\/schema\/person\/d0f07e64bce64aa671feadfb844f04ca\"},\"headline\":\"Justi\u00e7a homologa plano de recupera\u00e7\u00e3o judicial da Light (LIGT3)\",\"datePublished\":\"2024-06-21T16:34:49+00:00\",\"dateModified\":\"2024-06-21T16:34:52+00:00\",\"mainEntityOfPage\":{\"@id\":\"https:\/\/www.suno.com.br\/noticias\/light-ligt3-plano-recuperacao-judicial-homologado-gss\/\"},\"wordCount\":406,\"publisher\":{\"@id\":\"https:\/\/www.suno.com.br\/noticias\/#organization\"},\"image\":{\"@id\":\"https:\/\/www.suno.com.br\/noticias\/light-ligt3-plano-recuperacao-judicial-homologado-gss\/#primaryimage\"},\"thumbnailUrl\":\"https:\/\/files.sunoresearch.com.br\/n\/uploads\/2021\/01\/da74fdd7-image002-jpg.webp\",\"keywords\":[\"Light (LIGT3)\"],\"articleSection\":[\"Neg\u00f3cios\"],\"inLanguage\":\"pt-BR\"},{\"@type\":\"WebPage\",\"@id\":\"https:\/\/www.suno.com.br\/noticias\/light-ligt3-plano-recuperacao-judicial-homologado-gss\/\",\"url\":\"https:\/\/www.suno.com.br\/noticias\/light-ligt3-plano-recuperacao-judicial-homologado-gss\/\",\"name\":\"Light (LIGT3) tem plano de recupera\u00e7\u00e3o judicial homologado\",\"isPartOf\":{\"@id\":\"https:\/\/www.suno.com.br\/noticias\/#website\"},\"primaryImageOfPage\":{\"@id\":\"https:\/\/www.suno.com.br\/noticias\/light-ligt3-plano-recuperacao-judicial-homologado-gss\/#primaryimage\"},\"image\":{\"@id\":\"https:\/\/www.suno.com.br\/noticias\/light-ligt3-plano-recuperacao-judicial-homologado-gss\/#primaryimage\"},\"thumbnailUrl\":\"https:\/\/files.sunoresearch.com.br\/n\/uploads\/2021\/01\/da74fdd7-image002-jpg.webp\",\"datePublished\":\"2024-06-21T16:34:49+00:00\",\"dateModified\":\"2024-06-21T16:34:52+00:00\",\"description\":\"A Light informou que seu plano de recupera\u00e7\u00e3o judicial foi homologado por decis\u00e3o proferida pela 3\u00aa Vara Empresarial do Rio de Janeiro.\",\"breadcrumb\":{\"@id\":\"https:\/\/www.suno.com.br\/noticias\/light-ligt3-plano-recuperacao-judicial-homologado-gss\/#breadcrumb\"},\"inLanguage\":\"pt-BR\",\"potentialAction\":[{\"@type\":\"ReadAction\",\"target\":[\"https:\/\/www.suno.com.br\/noticias\/light-ligt3-plano-recuperacao-judicial-homologado-gss\/\"]}]},{\"@type\":\"ImageObject\",\"inLanguage\":\"pt-BR\",\"@id\":\"https:\/\/www.suno.com.br\/noticias\/light-ligt3-plano-recuperacao-judicial-homologado-gss\/#primaryimage\",\"url\":\"https:\/\/files.sunoresearch.com.br\/n\/uploads\/2021\/01\/da74fdd7-image002-jpg.webp\",\"contentUrl\":\"https:\/\/files.sunoresearch.com.br\/n\/uploads\/2021\/01\/da74fdd7-image002-jpg.webp\",\"width\":1397,\"height\":1048,\"caption\":\"Light (LIGT3). Foto: divulga\u00e7\u00e3o\"},{\"@type\":\"BreadcrumbList\",\"@id\":\"https:\/\/www.suno.com.br\/noticias\/light-ligt3-plano-recuperacao-judicial-homologado-gss\/#breadcrumb\",\"itemListElement\":[{\"@type\":\"ListItem\",\"position\":1,\"name\":\"Not\u00edcias\",\"item\":\"https:\/\/www.suno.com.br\/noticias\/\"},{\"@type\":\"ListItem\",\"position\":2,\"name\":\"Neg\u00f3cios\",\"item\":\"https:\/\/www.suno.com.br\/noticias\/negocios\/\"},{\"@type\":\"ListItem\",\"position\":3,\"name\":\"Justi\u00e7a homologa plano de recupera\u00e7\u00e3o judicial da Light (LIGT3)\"}]},{\"@type\":\"WebSite\",\"@id\":\"https:\/\/www.suno.com.br\/noticias\/#website\",\"url\":\"https:\/\/www.suno.com.br\/noticias\/\",\"name\":\"Suno Not\u00edcias\",\"description\":\"Seu portal de informa\u00e7\u00e3o sobre o mundo dos investimentos\",\"publisher\":{\"@id\":\"https:\/\/www.suno.com.br\/noticias\/#organization\"},\"potentialAction\":[{\"@type\":\"SearchAction\",\"target\":{\"@type\":\"EntryPoint\",\"urlTemplate\":\"https:\/\/www.suno.com.br\/noticias\/?s={search_term_string}\"},\"query-input\":{\"@type\":\"PropertyValueSpecification\",\"valueRequired\":true,\"valueName\":\"search_term_string\"}}],\"inLanguage\":\"pt-BR\"},{\"@type\":\"Organization\",\"@id\":\"https:\/\/www.suno.com.br\/noticias\/#organization\",\"name\":\"Suno Not\u00edcias\",\"url\":\"https:\/\/www.suno.com.br\/noticias\/\",\"logo\":{\"@type\":\"ImageObject\",\"inLanguage\":\"pt-BR\",\"@id\":\"https:\/\/www.suno.com.br\/noticias\/#\/schema\/logo\/image\/\",\"url\":\"https:\/\/files.sunoresearch.com.br\/n\/uploads\/2021\/09\/suno-logo.png\",\"contentUrl\":\"https:\/\/files.sunoresearch.com.br\/n\/uploads\/2021\/09\/suno-logo.png\",\"width\":180,\"height\":180,\"caption\":\"Suno Not\u00edcias\"},\"image\":{\"@id\":\"https:\/\/www.suno.com.br\/noticias\/#\/schema\/logo\/image\/\"},\"sameAs\":[\"https:\/\/facebook.com\/sunoresearch\",\"https:\/\/x.com\/sunoresearch\",\"https:\/\/www.instagram.com\/suno\",\"https:\/\/www.linkedin.com\/company\/suno-research\/\",\"https:\/\/www.youtube.com\/c\/sunoresearch\"]},{\"@type\":\"Person\",\"@id\":\"https:\/\/www.suno.com.br\/noticias\/#\/schema\/person\/d0f07e64bce64aa671feadfb844f04ca\",\"name\":\"Guilherme Serrano\",\"image\":{\"@type\":\"ImageObject\",\"inLanguage\":\"pt-BR\",\"@id\":\"https:\/\/www.suno.com.br\/noticias\/#\/schema\/person\/image\/\",\"url\":\"https:\/\/secure.gravatar.com\/avatar\/a90be19d8c67bef61497e4522de30ac4?s=96&r=g\",\"contentUrl\":\"https:\/\/secure.gravatar.com\/avatar\/a90be19d8c67bef61497e4522de30ac4?s=96&r=g\",\"caption\":\"Guilherme Serrano\"},\"description\":\"Jornalista formado pela Faculdade C\u00e1sper L\u00edbero e p\u00f3s-graduado em Can\u00e7\u00e3o Popular pela Faculdade Santa Marcelina. Passagens por R\u00e1dio Gazeta AM, gazetaesportiva.com e TC R\u00e1dio.\",\"url\":\"https:\/\/www.suno.com.br\/noticias\/author\/guilherme-silvasuno-com-br\/\"}]}<\/script>\n<!-- \/ Yoast SEO plugin. -->","yoast_head_json":{"title":"Light (LIGT3) tem plano de recupera\u00e7\u00e3o judicial homologado","description":"A Light informou que seu plano de recupera\u00e7\u00e3o judicial foi homologado por decis\u00e3o proferida pela 3\u00aa Vara Empresarial do Rio de Janeiro.","robots":{"index":"index","follow":"follow","max-snippet":"max-snippet:-1","max-image-preview":"max-image-preview:large","max-video-preview":"max-video-preview:-1"},"canonical":"https:\/\/www.suno.com.br\/noticias\/light-ligt3-plano-recuperacao-judicial-homologado-gss\/","og_locale":"pt_BR","og_type":"article","og_title":"Light (LIGT3) tem plano de recupera\u00e7\u00e3o judicial homologado","og_description":"A Light informou que seu plano de recupera\u00e7\u00e3o judicial foi homologado por decis\u00e3o proferida pela 3\u00aa Vara Empresarial do Rio de Janeiro.","og_url":"https:\/\/www.suno.com.br\/noticias\/light-ligt3-plano-recuperacao-judicial-homologado-gss\/","og_site_name":"Suno Not\u00edcias","article_publisher":"https:\/\/facebook.com\/sunoresearch","og_image":[{"width":1397,"height":1048,"url":"https:\/\/files.sunoresearch.com.br\/n\/uploads\/2021\/01\/da74fdd7-image002.jpg","type":"image\/jpeg"}],"author":"Guilherme Serrano","twitter_card":"summary_large_image","twitter_creator":"@sunoresearch","twitter_site":"@sunoresearch","twitter_misc":{"Escrito por":"Guilherme Serrano","Est. tempo de leitura":"2 minutos"},"schema":{"@context":"https:\/\/schema.org","@graph":[{"@type":"NewsArticle","@id":"https:\/\/www.suno.com.br\/noticias\/light-ligt3-plano-recuperacao-judicial-homologado-gss\/#article","isPartOf":{"@id":"https:\/\/www.suno.com.br\/noticias\/light-ligt3-plano-recuperacao-judicial-homologado-gss\/"},"author":{"name":"Guilherme Serrano","@id":"https:\/\/www.suno.com.br\/noticias\/#\/schema\/person\/d0f07e64bce64aa671feadfb844f04ca"},"headline":"Justi\u00e7a homologa plano de recupera\u00e7\u00e3o judicial da Light (LIGT3)","datePublished":"2024-06-21T16:34:49+00:00","dateModified":"2024-06-21T16:34:52+00:00","mainEntityOfPage":{"@id":"https:\/\/www.suno.com.br\/noticias\/light-ligt3-plano-recuperacao-judicial-homologado-gss\/"},"wordCount":406,"publisher":{"@id":"https:\/\/www.suno.com.br\/noticias\/#organization"},"image":{"@id":"https:\/\/www.suno.com.br\/noticias\/light-ligt3-plano-recuperacao-judicial-homologado-gss\/#primaryimage"},"thumbnailUrl":"https:\/\/files.sunoresearch.com.br\/n\/uploads\/2021\/01\/da74fdd7-image002-jpg.webp","keywords":["Light (LIGT3)"],"articleSection":["Neg\u00f3cios"],"inLanguage":"pt-BR"},{"@type":"WebPage","@id":"https:\/\/www.suno.com.br\/noticias\/light-ligt3-plano-recuperacao-judicial-homologado-gss\/","url":"https:\/\/www.suno.com.br\/noticias\/light-ligt3-plano-recuperacao-judicial-homologado-gss\/","name":"Light (LIGT3) tem plano de recupera\u00e7\u00e3o judicial homologado","isPartOf":{"@id":"https:\/\/www.suno.com.br\/noticias\/#website"},"primaryImageOfPage":{"@id":"https:\/\/www.suno.com.br\/noticias\/light-ligt3-plano-recuperacao-judicial-homologado-gss\/#primaryimage"},"image":{"@id":"https:\/\/www.suno.com.br\/noticias\/light-ligt3-plano-recuperacao-judicial-homologado-gss\/#primaryimage"},"thumbnailUrl":"https:\/\/files.sunoresearch.com.br\/n\/uploads\/2021\/01\/da74fdd7-image002-jpg.webp","datePublished":"2024-06-21T16:34:49+00:00","dateModified":"2024-06-21T16:34:52+00:00","description":"A Light informou que seu plano de recupera\u00e7\u00e3o judicial foi homologado por decis\u00e3o proferida pela 3\u00aa Vara Empresarial do Rio de Janeiro.","breadcrumb":{"@id":"https:\/\/www.suno.com.br\/noticias\/light-ligt3-plano-recuperacao-judicial-homologado-gss\/#breadcrumb"},"inLanguage":"pt-BR","potentialAction":[{"@type":"ReadAction","target":["https:\/\/www.suno.com.br\/noticias\/light-ligt3-plano-recuperacao-judicial-homologado-gss\/"]}]},{"@type":"ImageObject","inLanguage":"pt-BR","@id":"https:\/\/www.suno.com.br\/noticias\/light-ligt3-plano-recuperacao-judicial-homologado-gss\/#primaryimage","url":"https:\/\/files.sunoresearch.com.br\/n\/uploads\/2021\/01\/da74fdd7-image002-jpg.webp","contentUrl":"https:\/\/files.sunoresearch.com.br\/n\/uploads\/2021\/01\/da74fdd7-image002-jpg.webp","width":1397,"height":1048,"caption":"Light (LIGT3). Foto: divulga\u00e7\u00e3o"},{"@type":"BreadcrumbList","@id":"https:\/\/www.suno.com.br\/noticias\/light-ligt3-plano-recuperacao-judicial-homologado-gss\/#breadcrumb","itemListElement":[{"@type":"ListItem","position":1,"name":"Not\u00edcias","item":"https:\/\/www.suno.com.br\/noticias\/"},{"@type":"ListItem","position":2,"name":"Neg\u00f3cios","item":"https:\/\/www.suno.com.br\/noticias\/negocios\/"},{"@type":"ListItem","position":3,"name":"Justi\u00e7a homologa plano de recupera\u00e7\u00e3o judicial da Light (LIGT3)"}]},{"@type":"WebSite","@id":"https:\/\/www.suno.com.br\/noticias\/#website","url":"https:\/\/www.suno.com.br\/noticias\/","name":"Suno Not\u00edcias","description":"Seu portal de informa\u00e7\u00e3o sobre o mundo dos investimentos","publisher":{"@id":"https:\/\/www.suno.com.br\/noticias\/#organization"},"potentialAction":[{"@type":"SearchAction","target":{"@type":"EntryPoint","urlTemplate":"https:\/\/www.suno.com.br\/noticias\/?s={search_term_string}"},"query-input":{"@type":"PropertyValueSpecification","valueRequired":true,"valueName":"search_term_string"}}],"inLanguage":"pt-BR"},{"@type":"Organization","@id":"https:\/\/www.suno.com.br\/noticias\/#organization","name":"Suno Not\u00edcias","url":"https:\/\/www.suno.com.br\/noticias\/","logo":{"@type":"ImageObject","inLanguage":"pt-BR","@id":"https:\/\/www.suno.com.br\/noticias\/#\/schema\/logo\/image\/","url":"https:\/\/files.sunoresearch.com.br\/n\/uploads\/2021\/09\/suno-logo.png","contentUrl":"https:\/\/files.sunoresearch.com.br\/n\/uploads\/2021\/09\/suno-logo.png","width":180,"height":180,"caption":"Suno Not\u00edcias"},"image":{"@id":"https:\/\/www.suno.com.br\/noticias\/#\/schema\/logo\/image\/"},"sameAs":["https:\/\/facebook.com\/sunoresearch","https:\/\/x.com\/sunoresearch","https:\/\/www.instagram.com\/suno","https:\/\/www.linkedin.com\/company\/suno-research\/","https:\/\/www.youtube.com\/c\/sunoresearch"]},{"@type":"Person","@id":"https:\/\/www.suno.com.br\/noticias\/#\/schema\/person\/d0f07e64bce64aa671feadfb844f04ca","name":"Guilherme Serrano","image":{"@type":"ImageObject","inLanguage":"pt-BR","@id":"https:\/\/www.suno.com.br\/noticias\/#\/schema\/person\/image\/","url":"https:\/\/secure.gravatar.com\/avatar\/a90be19d8c67bef61497e4522de30ac4?s=96&r=g","contentUrl":"https:\/\/secure.gravatar.com\/avatar\/a90be19d8c67bef61497e4522de30ac4?s=96&r=g","caption":"Guilherme Serrano"},"description":"Jornalista formado pela Faculdade C\u00e1sper L\u00edbero e p\u00f3s-graduado em Can\u00e7\u00e3o Popular pela Faculdade Santa Marcelina. Passagens por R\u00e1dio Gazeta AM, gazetaesportiva.com e TC R\u00e1dio.","url":"https:\/\/www.suno.com.br\/noticias\/author\/guilherme-silvasuno-com-br\/"}]}},"default_loop_html":"<div class=\"cardsPage__listCard__boxs\"><div class=\"cardsPage__listCard__boxs__img\"><a href=\"https:\/\/www.suno.com.br\/noticias\/light-ligt3-plano-recuperacao-judicial-homologado-gss\/\"><img class=\"mask\" src=\"https:\/\/www.suno.com.br\/noticias\/wp-content\/themes\/suno\/resources\/images\/spotlight\/spotlight1img\/bg-mask.png\" alt=\"Image Mask\"\/><img src=\"https:\/\/files.sunoresearch.com.br\/n\/uploads\/2021\/01\/da74fdd7-image002-400x200.webp\" alt=\"Justi\u00e7a homologa plano de recupera\u00e7\u00e3o judicial da Light (LIGT3)\"\/><\/a><span class=\"spotlightCategory\"><a href=\"https:\/\/www.suno.com.br\/noticias\/negocios\/\">Neg\u00f3cios<\/a><\/span><\/div><div class=\"cardsPage__listCard__boxs__content\"><a href=\"https:\/\/www.suno.com.br\/noticias\/light-ligt3-plano-recuperacao-judicial-homologado-gss\/\"><h2 class=\"content__title\">Justi\u00e7a homologa plano de recupera\u00e7\u00e3o judicial da Light (LIGT3)<\/h2><\/a><div class=\"newsContent__article__meta\"><div class=\"newsContent__article__meta__authorBox\"><a href=\"https:\/\/www.suno.com.br\/noticias\/author\/guilherme-silvasuno-com-br\/\" class=\"authorBox__avatar noMobi\"><img src=\"https:\/\/secure.gravatar.com\/avatar\/a90be19d8c67bef61497e4522de30ac4?s=96&#038;r=g\" alt=\"Guilherme Serrano\"><\/a><div class=\"authorBox__name\"><span>por\n\t\t\t<a href=\"https:\/\/www.suno.com.br\/noticias\/author\/guilherme-silvasuno-com-br\/\"><span itemprop=\"author\">Guilherme Serrano<\/span><\/a><\/span><time datetime=\"2024-06-21T13:34:49-03:00\" itemprop=\"datePublished\">21\/06\/2024 13:34<\/time><\/div><\/div><\/div><\/div><\/div>","single_layout":"posts","amp_enabled":true,"_links":{"self":[{"href":"https:\/\/www.suno.com.br\/noticias\/wp-json\/wp\/v2\/posts\/563134"}],"collection":[{"href":"https:\/\/www.suno.com.br\/noticias\/wp-json\/wp\/v2\/posts"}],"about":[{"href":"https:\/\/www.suno.com.br\/noticias\/wp-json\/wp\/v2\/types\/post"}],"author":[{"embeddable":true,"href":"https:\/\/www.suno.com.br\/noticias\/wp-json\/wp\/v2\/users\/376"}],"replies":[{"embeddable":true,"href":"https:\/\/www.suno.com.br\/noticias\/wp-json\/wp\/v2\/comments?post=563134"}],"version-history":[{"count":2,"href":"https:\/\/www.suno.com.br\/noticias\/wp-json\/wp\/v2\/posts\/563134\/revisions"}],"predecessor-version":[{"id":563138,"href":"https:\/\/www.suno.com.br\/noticias\/wp-json\/wp\/v2\/posts\/563134\/revisions\/563138"}],"wp:featuredmedia":[{"embeddable":true,"href":"https:\/\/www.suno.com.br\/noticias\/wp-json\/wp\/v2\/media\/115759"}],"wp:attachment":[{"href":"https:\/\/www.suno.com.br\/noticias\/wp-json\/wp\/v2\/media?parent=563134"}],"wp:term":[{"taxonomy":"category","embeddable":true,"href":"https:\/\/www.suno.com.br\/noticias\/wp-json\/wp\/v2\/categories?post=563134"},{"taxonomy":"post_tag","embeddable":true,"href":"https:\/\/www.suno.com.br\/noticias\/wp-json\/wp\/v2\/tags?post=563134"},{"taxonomy":"suno_strategy","embeddable":true,"href":"https:\/\/www.suno.com.br\/noticias\/wp-json\/wp\/v2\/suno_strategy?post=563134"}],"curies":[{"name":"wp","href":"https:\/\/api.w.org\/{rel}","templated":true}]}}