{"id":56306,"date":"2020-03-12T16:21:57","date_gmt":"2020-03-12T19:21:57","guid":{"rendered":"https:\/\/www.suno.com.br\/noticias\/?p=56306"},"modified":"2020-03-12T18:14:24","modified_gmt":"2020-03-12T21:14:24","slug":"coronavirus-paulo-guedes-crise-ibovespa-12032020","status":"publish","type":"post","link":"https:\/\/www.suno.com.br\/noticias\/coronavirus-paulo-guedes-crise-ibovespa-12032020\/","title":{"rendered":"Paulo Guedes diz que crise do coronav\u00edrus \u00e9 passageira"},"content":{"rendered":"<p>O Ministro da Economia, <a href=\"https:\/\/www.suno.com.br\/tudo-sobre\/paulo-guedes\/\"><strong>Paulo Guedes<\/strong><\/a>, declarou nessa quinta-feira (12) que o Brasil vai sofrer impacto da crise do <strong>coronav\u00edrus<\/strong> (covid-19). Entretanto, segundo o economista, os efeitos da epidemia ser\u00e3o passageiros.<\/p>\t<div class=\"wrapper-featured-image\">\n\t\t<figure class=\"spotlightImg\">\n\n\t\t\t<picture>\n\t\t\t\t<source media=\"(max-width: 768px)\" srcset=\"https:\/\/files.sunoresearch.com.br\/n\/uploads\/2019\/09\/20c19e60-paulo-guedes-400x200.webp\">\n\t\t\t\t<img loading=\"lazy\" decoding=\"async\" class=\"newsContent__article__imgCapa lazyloadDisabled newsContent__article__imgCapa--noCaption\" src=\"https:\/\/files.sunoresearch.com.br\/n\/uploads\/2019\/09\/20c19e60-paulo-guedes-800x450.webp\" width=\"800\" height=\"450\" alt=\"Paulo Guedes diz que crise do coronav\u00edrus \u00e9 passageira\" fetchpriority=high \/>\n\t\t\t<\/picture>\n\n\t\t\t<figcaption class=\"wp-caption-text wp-caption-text--hide\">Paulo Guedes diz que crise do coronav\u00edrus \u00e9 passageira<\/figcaption>\n\t\t<\/figure>\n\t<\/div>\n\n\n\n<p>Paulo Guedes falou sobre o surto do v\u00edrus respondendo a uma pergunta sobre a alta do d\u00f3lar. A moeda norte-americana alcan\u00e7ou, nessa quinta-feira o valor de R$5 pela primeira vez na hist\u00f3ria.<\/p>\n<p>Guedes salientou: &#8220;\u00e9 uma crise passageira, uma pandemia, como foi dito do ponto de vista de sa\u00fade p\u00fablica. Tem uma onda de impacto, um per\u00edodo de difus\u00e3o, e depois ela cede tamb\u00e9m com for\u00e7a. J\u00e1 est\u00e1 acontecendo isso na China. Vamos tomar o impacto agora&#8221;.<\/p>\n<p><a href=\"https:\/\/www.suno.com.br\/noticias\/coronavirus-camara-senado-restricoes\/\">Saiba mais: Coronav\u00edrus: Senado e C\u00e2mara limitam acesso ao locais do Legislativo<\/a><\/p>\n<p>\u201cTem que alguns setores que sabemos que v\u00e3o ser impactados, viagens internacionais, servi\u00e7os em geral\u201d disse Guedes, \u201ctem s\u00e9rie de efeitos que estamos analisando e nos preparando para enfrentar a frente\u201d.<\/p>\n\t<p>\n\t\t<a href=\"https:\/\/lp.suno.com.br\/minicurso-valuation\/\" target=\"_blank\" data-element=\"shortcode-suno-banner\" title=\"Banner SUNO, clique e saiba mais\">\n\t\t\t<picture>\n\t\t\t\t<source media=\"(max-width: 500px)\" srcset=\"https:\/\/files.sunoresearch.com.br\/n\/uploads\/2023\/03\/400x300-Minicurso-Valuation.png\">\n\t\t\t\t<img class=\"newsContent__article__imgCapa newsContent__article__imgCapa--banner\"\n\t\t\t\t\tsrc=\"https:\/\/files.sunoresearch.com.br\/n\/uploads\/2023\/03\/1420x240-Minicurso-Valuation.png\"\n\t\t\t\t\tdata-promo-id=\"383160\"\t\t\t\t\t\t\t\t\t\twidth='1420' height='240'\t\t\t\t\talt=\"https:\/\/files.sunoresearch.com.br\/n\/uploads\/2023\/03\/1420x240-Minicurso-Valuation.png\"\n\t\t\t\t>\n\t\t\t<\/picture>\n\t\t<\/a>\n\t<\/p>\n\n\n<p>Guedes, orientou que os recursos do Or\u00e7amento Impositivo sejam usados na conten\u00e7\u00e3o da crise do novo coronav\u00edrus.<\/p>\n<p>&#8220;Veio a sugest\u00e3o: vamos pegar esses R$ 10 bilh\u00f5es que eram objeto de disputa, vamos mandar R$ 5 bilh\u00f5es para o Mandetta j\u00e1, para o ataque ao coronav\u00edrus, e vamos separar os outros 5 para um fundo de combate \u00e0 pandemia \u00e0 medida que os impactos ent\u00e3o se verifiquem\u201d, disse o ministro.<\/p>\n<h2>Paulo Guedes fala sobre PIB<\/h2>\n<p>Paulo Guedes falou sobre previs\u00f5es de crescimento do <strong><a href=\"https:\/\/www.suno.com.br\/artigos\/pib-produto-interno-bruto\/\">Produto Interno Bruto (PIB)<\/a><\/strong>, \u201cj\u00e1 est\u00e1vamos entrando a 2%, que seria a nossa estimativa para esse ano, tinha gente que estimava 2,5%, com o coronav\u00edrus agora cai 0,5%, pode voltar a 2%, eu j\u00e1 estimava 2%, e estou observando o efeito sobre a economia\u201d<\/p>\n<p>Nessa quinta, o <strong><a href=\"https:\/\/www.suno.com.br\/artigos\/tag\/bovespa\/\">Ibovespa<\/a><\/strong> acionou o <strong><a href=\"https:\/\/www.suno.com.br\/noticias\/circuit-breaker-o-que-e\/#:~:text=Circuit%20breaker%3A%20saiba%20o%20que%20%C3%A9%20o%20mecanismo%20acionado%20pela%20B3,-Por%20Vinicius%20Pereira&amp;text=O%20temor%20em%20rela%C3%A7%C3%A3o%20as,bolsa%20brasileira%3A%20o%20circuit%20breaker.\">circuit breaker<\/a><\/strong> pela terceira vez essa semana e pela segunda vez no dia.<\/p>\n<p>O Minist\u00e9rio da Sa\u00fade j\u00e1 contabilizou 73 casos de <strong>coronav\u00edrus<\/strong> no Brasil. Entretanto, o Rio de Janeiro informou a ocorr\u00eancia de mais casos que ainda n\u00e3o entraram na conta.<\/p>\n<p><a href=\"https:\/\/www.suno.com.br\/noticias\/oms-declara-coronavirus-pandemia\/\">Saiba mais: Organiza\u00e7\u00e3o Mundial da Sa\u00fade declara o coronav\u00edrus pandemia<\/a><\/p>\n<p>Semana passada o ministro <strong>Paulo Guedes<\/strong> ainda afirmou que &#8220;se fizesse muita besteira, o d\u00f3lar poderia bater em R$ 5&#8221;. Nessa quinta, se explicou que a afirma\u00e7\u00e3o n\u00e3o se tratava apenas dele e sim do &#8220;Congresso, Senado, C\u00e2mara, Presid\u00eancia da Rep\u00fablica, ministros, opini\u00e3o p\u00fablica informada pela m\u00eddia\u201d.<\/p>\n<p>&nbsp;<\/p>\n\n<div id=\"njcdgcofcbnlbpkpdhmlmiblaglnkpnj\"><\/div>\n","protected":false},"excerpt":{"rendered":"<p>O Ministro da Economia, Paulo Guedes, declarou nessa quinta-feira (12) que o Brasil vai sofrer impacto da crise do coronav\u00edrus (covid-19). Entretanto, segundo o economista, os efeitos da epidemia ser\u00e3o passageiros. Paulo Guedes diz que crise do coronav\u00edrus \u00e9 passageira Paulo Guedes falou sobre o surto do v\u00edrus respondendo a uma pergunta sobre a alta [&hellip;]<\/p>\n","protected":false},"author":39,"featured_media":36047,"comment_status":"closed","ping_status":"closed","sticky":false,"template":"","format":"standard","meta":[],"categories":[61],"tags":[2487,909,796],"suno_strategy":[],"class_list":["post-56306","post","type-post","status-publish","format-standard","has-post-thumbnail","hentry","category-politica","tag-coronavirus","tag-ministerio-da-economia","tag-paulo-guedes"],"yoast_head":"<!-- This site is optimized with the Yoast SEO plugin v24.4 - https:\/\/yoast.com\/wordpress\/plugins\/seo\/ -->\n<title>Paulo Guedes diz que crise do coronav\u00edrus \u00e9 passageira<\/title>\n<meta name=\"description\" content=\"O Min\u00edstro da Economia, Paulo Guedes, declarou nessa quinta-feira (12) que a crise do coronav\u00edrus \u00e9 passageira. Clique aqui para saber mais\" \/>\n<meta name=\"robots\" content=\"index, follow, max-snippet:-1, max-image-preview:large, max-video-preview:-1\" \/>\n<link rel=\"canonical\" href=\"https:\/\/www.suno.com.br\/noticias\/coronavirus-paulo-guedes-crise-ibovespa-12032020\/\" \/>\n<meta property=\"og:locale\" content=\"pt_BR\" \/>\n<meta property=\"og:type\" content=\"article\" \/>\n<meta property=\"og:title\" content=\"Paulo Guedes diz que crise do coronav\u00edrus \u00e9 passageira\" \/>\n<meta property=\"og:description\" content=\"O Min\u00edstro da Economia, Paulo Guedes, declarou nessa quinta-feira (12) que a crise do coronav\u00edrus \u00e9 passageira. Clique aqui para saber mais\" \/>\n<meta property=\"og:url\" content=\"https:\/\/www.suno.com.br\/noticias\/coronavirus-paulo-guedes-crise-ibovespa-12032020\/\" \/>\n<meta property=\"og:site_name\" content=\"Suno Not\u00edcias\" \/>\n<meta property=\"article:publisher\" content=\"https:\/\/facebook.com\/sunoresearch\" \/>\n<meta property=\"og:image\" content=\"https:\/\/files.sunoresearch.com.br\/n\/uploads\/2019\/09\/20c19e60-paulo-guedes.jpg\" \/>\n\t<meta property=\"og:image:width\" content=\"2400\" \/>\n\t<meta property=\"og:image:height\" content=\"1600\" \/>\n\t<meta property=\"og:image:type\" content=\"image\/jpeg\" \/>\n<meta name=\"author\" content=\"Laura Moutinho\" \/>\n<meta name=\"twitter:card\" content=\"summary_large_image\" \/>\n<meta name=\"twitter:creator\" content=\"@sunoresearch\" \/>\n<meta name=\"twitter:site\" content=\"@sunoresearch\" \/>\n<meta name=\"twitter:label1\" content=\"Escrito por\" \/>\n\t<meta name=\"twitter:data1\" content=\"Laura Moutinho\" \/>\n\t<meta name=\"twitter:label2\" content=\"Est. tempo de leitura\" \/>\n\t<meta name=\"twitter:data2\" content=\"2 minutos\" \/>\n<script type=\"application\/ld+json\" class=\"yoast-schema-graph\">{\"@context\":\"https:\/\/schema.org\",\"@graph\":[{\"@type\":\"NewsArticle\",\"@id\":\"https:\/\/www.suno.com.br\/noticias\/coronavirus-paulo-guedes-crise-ibovespa-12032020\/#article\",\"isPartOf\":{\"@id\":\"https:\/\/www.suno.com.br\/noticias\/coronavirus-paulo-guedes-crise-ibovespa-12032020\/\"},\"author\":{\"name\":\"Laura Moutinho\",\"@id\":\"https:\/\/www.suno.com.br\/noticias\/#\/schema\/person\/3df0d2808748b74496efe5dbeaef2c72\"},\"headline\":\"Paulo Guedes diz que crise do coronav\u00edrus \u00e9 passageira\",\"datePublished\":\"2020-03-12T19:21:57+00:00\",\"dateModified\":\"2020-03-12T21:14:24+00:00\",\"mainEntityOfPage\":{\"@id\":\"https:\/\/www.suno.com.br\/noticias\/coronavirus-paulo-guedes-crise-ibovespa-12032020\/\"},\"wordCount\":434,\"publisher\":{\"@id\":\"https:\/\/www.suno.com.br\/noticias\/#organization\"},\"image\":{\"@id\":\"https:\/\/www.suno.com.br\/noticias\/coronavirus-paulo-guedes-crise-ibovespa-12032020\/#primaryimage\"},\"thumbnailUrl\":\"https:\/\/files.sunoresearch.com.br\/n\/uploads\/2019\/09\/20c19e60-paulo-guedes-jpg.webp\",\"keywords\":[\"coronav\u00edrus\",\"Minist\u00e9rio da Economia\",\"Paulo Guedes\"],\"articleSection\":[\"Pol\u00edtica\"],\"inLanguage\":\"pt-BR\"},{\"@type\":\"WebPage\",\"@id\":\"https:\/\/www.suno.com.br\/noticias\/coronavirus-paulo-guedes-crise-ibovespa-12032020\/\",\"url\":\"https:\/\/www.suno.com.br\/noticias\/coronavirus-paulo-guedes-crise-ibovespa-12032020\/\",\"name\":\"Paulo Guedes diz que crise do coronav\u00edrus \u00e9 passageira\",\"isPartOf\":{\"@id\":\"https:\/\/www.suno.com.br\/noticias\/#website\"},\"primaryImageOfPage\":{\"@id\":\"https:\/\/www.suno.com.br\/noticias\/coronavirus-paulo-guedes-crise-ibovespa-12032020\/#primaryimage\"},\"image\":{\"@id\":\"https:\/\/www.suno.com.br\/noticias\/coronavirus-paulo-guedes-crise-ibovespa-12032020\/#primaryimage\"},\"thumbnailUrl\":\"https:\/\/files.sunoresearch.com.br\/n\/uploads\/2019\/09\/20c19e60-paulo-guedes-jpg.webp\",\"datePublished\":\"2020-03-12T19:21:57+00:00\",\"dateModified\":\"2020-03-12T21:14:24+00:00\",\"description\":\"O Min\u00edstro da Economia, Paulo Guedes, declarou nessa quinta-feira (12) que a crise do coronav\u00edrus \u00e9 passageira. Clique aqui para saber mais\",\"breadcrumb\":{\"@id\":\"https:\/\/www.suno.com.br\/noticias\/coronavirus-paulo-guedes-crise-ibovespa-12032020\/#breadcrumb\"},\"inLanguage\":\"pt-BR\",\"potentialAction\":[{\"@type\":\"ReadAction\",\"target\":[\"https:\/\/www.suno.com.br\/noticias\/coronavirus-paulo-guedes-crise-ibovespa-12032020\/\"]}]},{\"@type\":\"ImageObject\",\"inLanguage\":\"pt-BR\",\"@id\":\"https:\/\/www.suno.com.br\/noticias\/coronavirus-paulo-guedes-crise-ibovespa-12032020\/#primaryimage\",\"url\":\"https:\/\/files.sunoresearch.com.br\/n\/uploads\/2019\/09\/20c19e60-paulo-guedes-jpg.webp\",\"contentUrl\":\"https:\/\/files.sunoresearch.com.br\/n\/uploads\/2019\/09\/20c19e60-paulo-guedes-jpg.webp\",\"width\":2400,\"height\":1600,\"caption\":\"Paulo Guedes diz que crise do coronav\u00edrus \u00e9 passageira\"},{\"@type\":\"BreadcrumbList\",\"@id\":\"https:\/\/www.suno.com.br\/noticias\/coronavirus-paulo-guedes-crise-ibovespa-12032020\/#breadcrumb\",\"itemListElement\":[{\"@type\":\"ListItem\",\"position\":1,\"name\":\"Not\u00edcias\",\"item\":\"https:\/\/www.suno.com.br\/noticias\/\"},{\"@type\":\"ListItem\",\"position\":2,\"name\":\"Pol\u00edtica\",\"item\":\"https:\/\/www.suno.com.br\/noticias\/politica\/\"},{\"@type\":\"ListItem\",\"position\":3,\"name\":\"Paulo Guedes diz que crise do coronav\u00edrus \u00e9 passageira\"}]},{\"@type\":\"WebSite\",\"@id\":\"https:\/\/www.suno.com.br\/noticias\/#website\",\"url\":\"https:\/\/www.suno.com.br\/noticias\/\",\"name\":\"Suno Not\u00edcias\",\"description\":\"Seu portal de informa\u00e7\u00e3o sobre o mundo dos investimentos\",\"publisher\":{\"@id\":\"https:\/\/www.suno.com.br\/noticias\/#organization\"},\"potentialAction\":[{\"@type\":\"SearchAction\",\"target\":{\"@type\":\"EntryPoint\",\"urlTemplate\":\"https:\/\/www.suno.com.br\/noticias\/?s={search_term_string}\"},\"query-input\":{\"@type\":\"PropertyValueSpecification\",\"valueRequired\":true,\"valueName\":\"search_term_string\"}}],\"inLanguage\":\"pt-BR\"},{\"@type\":\"Organization\",\"@id\":\"https:\/\/www.suno.com.br\/noticias\/#organization\",\"name\":\"Suno Not\u00edcias\",\"url\":\"https:\/\/www.suno.com.br\/noticias\/\",\"logo\":{\"@type\":\"ImageObject\",\"inLanguage\":\"pt-BR\",\"@id\":\"https:\/\/www.suno.com.br\/noticias\/#\/schema\/logo\/image\/\",\"url\":\"https:\/\/files.sunoresearch.com.br\/n\/uploads\/2021\/09\/suno-logo.png\",\"contentUrl\":\"https:\/\/files.sunoresearch.com.br\/n\/uploads\/2021\/09\/suno-logo.png\",\"width\":180,\"height\":180,\"caption\":\"Suno Not\u00edcias\"},\"image\":{\"@id\":\"https:\/\/www.suno.com.br\/noticias\/#\/schema\/logo\/image\/\"},\"sameAs\":[\"https:\/\/facebook.com\/sunoresearch\",\"https:\/\/x.com\/sunoresearch\",\"https:\/\/www.instagram.com\/suno\",\"https:\/\/www.linkedin.com\/company\/suno-research\/\",\"https:\/\/www.youtube.com\/c\/sunoresearch\"]},{\"@type\":\"Person\",\"@id\":\"https:\/\/www.suno.com.br\/noticias\/#\/schema\/person\/3df0d2808748b74496efe5dbeaef2c72\",\"name\":\"Laura Moutinho\",\"image\":{\"@type\":\"ImageObject\",\"inLanguage\":\"pt-BR\",\"@id\":\"https:\/\/www.suno.com.br\/noticias\/#\/schema\/person\/image\/\",\"url\":\"https:\/\/secure.gravatar.com\/avatar\/7571c7c8ca3a6fca5e41384ece5557ff?s=96&r=g\",\"contentUrl\":\"https:\/\/secure.gravatar.com\/avatar\/7571c7c8ca3a6fca5e41384ece5557ff?s=96&r=g\",\"caption\":\"Laura Moutinho\"},\"description\":\"Estagi\u00e1ria na Suno Not\u00edcias, escreve not\u00edcias que afetam o mercado financeiro. Estuda administra\u00e7\u00e3o na Universidade Presbiteriana Mackenzie.\",\"url\":\"https:\/\/www.suno.com.br\/noticias\/author\/laura-moutinho\/\"}]}<\/script>\n<!-- \/ Yoast SEO plugin. -->","yoast_head_json":{"title":"Paulo Guedes diz que crise do coronav\u00edrus \u00e9 passageira","description":"O Min\u00edstro da Economia, Paulo Guedes, declarou nessa quinta-feira (12) que a crise do coronav\u00edrus \u00e9 passageira. Clique aqui para saber mais","robots":{"index":"index","follow":"follow","max-snippet":"max-snippet:-1","max-image-preview":"max-image-preview:large","max-video-preview":"max-video-preview:-1"},"canonical":"https:\/\/www.suno.com.br\/noticias\/coronavirus-paulo-guedes-crise-ibovespa-12032020\/","og_locale":"pt_BR","og_type":"article","og_title":"Paulo Guedes diz que crise do coronav\u00edrus \u00e9 passageira","og_description":"O Min\u00edstro da Economia, Paulo Guedes, declarou nessa quinta-feira (12) que a crise do coronav\u00edrus \u00e9 passageira. Clique aqui para saber mais","og_url":"https:\/\/www.suno.com.br\/noticias\/coronavirus-paulo-guedes-crise-ibovespa-12032020\/","og_site_name":"Suno Not\u00edcias","article_publisher":"https:\/\/facebook.com\/sunoresearch","og_image":[{"width":2400,"height":1600,"url":"https:\/\/files.sunoresearch.com.br\/n\/uploads\/2019\/09\/20c19e60-paulo-guedes.jpg","type":"image\/jpeg"}],"author":"Laura Moutinho","twitter_card":"summary_large_image","twitter_creator":"@sunoresearch","twitter_site":"@sunoresearch","twitter_misc":{"Escrito por":"Laura Moutinho","Est. tempo de leitura":"2 minutos"},"schema":{"@context":"https:\/\/schema.org","@graph":[{"@type":"NewsArticle","@id":"https:\/\/www.suno.com.br\/noticias\/coronavirus-paulo-guedes-crise-ibovespa-12032020\/#article","isPartOf":{"@id":"https:\/\/www.suno.com.br\/noticias\/coronavirus-paulo-guedes-crise-ibovespa-12032020\/"},"author":{"name":"Laura Moutinho","@id":"https:\/\/www.suno.com.br\/noticias\/#\/schema\/person\/3df0d2808748b74496efe5dbeaef2c72"},"headline":"Paulo Guedes diz que crise do coronav\u00edrus \u00e9 passageira","datePublished":"2020-03-12T19:21:57+00:00","dateModified":"2020-03-12T21:14:24+00:00","mainEntityOfPage":{"@id":"https:\/\/www.suno.com.br\/noticias\/coronavirus-paulo-guedes-crise-ibovespa-12032020\/"},"wordCount":434,"publisher":{"@id":"https:\/\/www.suno.com.br\/noticias\/#organization"},"image":{"@id":"https:\/\/www.suno.com.br\/noticias\/coronavirus-paulo-guedes-crise-ibovespa-12032020\/#primaryimage"},"thumbnailUrl":"https:\/\/files.sunoresearch.com.br\/n\/uploads\/2019\/09\/20c19e60-paulo-guedes-jpg.webp","keywords":["coronav\u00edrus","Minist\u00e9rio da Economia","Paulo Guedes"],"articleSection":["Pol\u00edtica"],"inLanguage":"pt-BR"},{"@type":"WebPage","@id":"https:\/\/www.suno.com.br\/noticias\/coronavirus-paulo-guedes-crise-ibovespa-12032020\/","url":"https:\/\/www.suno.com.br\/noticias\/coronavirus-paulo-guedes-crise-ibovespa-12032020\/","name":"Paulo Guedes diz que crise do coronav\u00edrus \u00e9 passageira","isPartOf":{"@id":"https:\/\/www.suno.com.br\/noticias\/#website"},"primaryImageOfPage":{"@id":"https:\/\/www.suno.com.br\/noticias\/coronavirus-paulo-guedes-crise-ibovespa-12032020\/#primaryimage"},"image":{"@id":"https:\/\/www.suno.com.br\/noticias\/coronavirus-paulo-guedes-crise-ibovespa-12032020\/#primaryimage"},"thumbnailUrl":"https:\/\/files.sunoresearch.com.br\/n\/uploads\/2019\/09\/20c19e60-paulo-guedes-jpg.webp","datePublished":"2020-03-12T19:21:57+00:00","dateModified":"2020-03-12T21:14:24+00:00","description":"O Min\u00edstro da Economia, Paulo Guedes, declarou nessa quinta-feira (12) que a crise do coronav\u00edrus \u00e9 passageira. Clique aqui para saber mais","breadcrumb":{"@id":"https:\/\/www.suno.com.br\/noticias\/coronavirus-paulo-guedes-crise-ibovespa-12032020\/#breadcrumb"},"inLanguage":"pt-BR","potentialAction":[{"@type":"ReadAction","target":["https:\/\/www.suno.com.br\/noticias\/coronavirus-paulo-guedes-crise-ibovespa-12032020\/"]}]},{"@type":"ImageObject","inLanguage":"pt-BR","@id":"https:\/\/www.suno.com.br\/noticias\/coronavirus-paulo-guedes-crise-ibovespa-12032020\/#primaryimage","url":"https:\/\/files.sunoresearch.com.br\/n\/uploads\/2019\/09\/20c19e60-paulo-guedes-jpg.webp","contentUrl":"https:\/\/files.sunoresearch.com.br\/n\/uploads\/2019\/09\/20c19e60-paulo-guedes-jpg.webp","width":2400,"height":1600,"caption":"Paulo Guedes diz que crise do coronav\u00edrus \u00e9 passageira"},{"@type":"BreadcrumbList","@id":"https:\/\/www.suno.com.br\/noticias\/coronavirus-paulo-guedes-crise-ibovespa-12032020\/#breadcrumb","itemListElement":[{"@type":"ListItem","position":1,"name":"Not\u00edcias","item":"https:\/\/www.suno.com.br\/noticias\/"},{"@type":"ListItem","position":2,"name":"Pol\u00edtica","item":"https:\/\/www.suno.com.br\/noticias\/politica\/"},{"@type":"ListItem","position":3,"name":"Paulo Guedes diz que crise do coronav\u00edrus \u00e9 passageira"}]},{"@type":"WebSite","@id":"https:\/\/www.suno.com.br\/noticias\/#website","url":"https:\/\/www.suno.com.br\/noticias\/","name":"Suno Not\u00edcias","description":"Seu portal de informa\u00e7\u00e3o sobre o mundo dos investimentos","publisher":{"@id":"https:\/\/www.suno.com.br\/noticias\/#organization"},"potentialAction":[{"@type":"SearchAction","target":{"@type":"EntryPoint","urlTemplate":"https:\/\/www.suno.com.br\/noticias\/?s={search_term_string}"},"query-input":{"@type":"PropertyValueSpecification","valueRequired":true,"valueName":"search_term_string"}}],"inLanguage":"pt-BR"},{"@type":"Organization","@id":"https:\/\/www.suno.com.br\/noticias\/#organization","name":"Suno Not\u00edcias","url":"https:\/\/www.suno.com.br\/noticias\/","logo":{"@type":"ImageObject","inLanguage":"pt-BR","@id":"https:\/\/www.suno.com.br\/noticias\/#\/schema\/logo\/image\/","url":"https:\/\/files.sunoresearch.com.br\/n\/uploads\/2021\/09\/suno-logo.png","contentUrl":"https:\/\/files.sunoresearch.com.br\/n\/uploads\/2021\/09\/suno-logo.png","width":180,"height":180,"caption":"Suno Not\u00edcias"},"image":{"@id":"https:\/\/www.suno.com.br\/noticias\/#\/schema\/logo\/image\/"},"sameAs":["https:\/\/facebook.com\/sunoresearch","https:\/\/x.com\/sunoresearch","https:\/\/www.instagram.com\/suno","https:\/\/www.linkedin.com\/company\/suno-research\/","https:\/\/www.youtube.com\/c\/sunoresearch"]},{"@type":"Person","@id":"https:\/\/www.suno.com.br\/noticias\/#\/schema\/person\/3df0d2808748b74496efe5dbeaef2c72","name":"Laura Moutinho","image":{"@type":"ImageObject","inLanguage":"pt-BR","@id":"https:\/\/www.suno.com.br\/noticias\/#\/schema\/person\/image\/","url":"https:\/\/secure.gravatar.com\/avatar\/7571c7c8ca3a6fca5e41384ece5557ff?s=96&r=g","contentUrl":"https:\/\/secure.gravatar.com\/avatar\/7571c7c8ca3a6fca5e41384ece5557ff?s=96&r=g","caption":"Laura Moutinho"},"description":"Estagi\u00e1ria na Suno Not\u00edcias, escreve not\u00edcias que afetam o mercado financeiro. Estuda administra\u00e7\u00e3o na Universidade Presbiteriana Mackenzie.","url":"https:\/\/www.suno.com.br\/noticias\/author\/laura-moutinho\/"}]}},"default_loop_html":"<div class=\"cardsPage__listCard__boxs\"><div class=\"cardsPage__listCard__boxs__img\"><a href=\"https:\/\/www.suno.com.br\/noticias\/coronavirus-paulo-guedes-crise-ibovespa-12032020\/\"><img class=\"mask\" src=\"https:\/\/www.suno.com.br\/noticias\/wp-content\/themes\/suno\/resources\/images\/spotlight\/spotlight1img\/bg-mask.png\" alt=\"Image Mask\"\/><img src=\"https:\/\/files.sunoresearch.com.br\/n\/uploads\/2019\/09\/20c19e60-paulo-guedes-400x200.webp\" alt=\"Paulo Guedes diz que crise do coronav\u00edrus \u00e9 passageira\"\/><\/a><span class=\"spotlightCategory\"><a href=\"https:\/\/www.suno.com.br\/noticias\/politica\/\">Pol\u00edtica<\/a><\/span><\/div><div class=\"cardsPage__listCard__boxs__content\"><a href=\"https:\/\/www.suno.com.br\/noticias\/coronavirus-paulo-guedes-crise-ibovespa-12032020\/\"><h2 class=\"content__title\">Paulo Guedes diz que crise do coronav\u00edrus \u00e9 passageira<\/h2><\/a><div class=\"newsContent__article__meta\"><div class=\"newsContent__article__meta__authorBox\"><a href=\"https:\/\/www.suno.com.br\/noticias\/author\/laura-moutinho\/\" class=\"authorBox__avatar noMobi\"><img src=\"https:\/\/files.sunoresearch.com.br\/n\/uploads\/2020\/08\/531ff69d-whatsapp-image-2020-08-03-at-14.54.38-150x150.webp\" alt=\"Laura Moutinho\"><\/a><div class=\"authorBox__name\"><span>por\n\t\t\t<a href=\"https:\/\/www.suno.com.br\/noticias\/author\/laura-moutinho\/\"><span itemprop=\"author\">Laura Moutinho<\/span><\/a><\/span><time datetime=\"2020-03-12T16:21:57-03:00\" itemprop=\"datePublished\">12\/03\/2020 16:21<\/time><\/div><\/div><\/div><\/div><\/div>","single_layout":"posts","amp_enabled":true,"_links":{"self":[{"href":"https:\/\/www.suno.com.br\/noticias\/wp-json\/wp\/v2\/posts\/56306"}],"collection":[{"href":"https:\/\/www.suno.com.br\/noticias\/wp-json\/wp\/v2\/posts"}],"about":[{"href":"https:\/\/www.suno.com.br\/noticias\/wp-json\/wp\/v2\/types\/post"}],"author":[{"embeddable":true,"href":"https:\/\/www.suno.com.br\/noticias\/wp-json\/wp\/v2\/users\/39"}],"replies":[{"embeddable":true,"href":"https:\/\/www.suno.com.br\/noticias\/wp-json\/wp\/v2\/comments?post=56306"}],"version-history":[{"count":0,"href":"https:\/\/www.suno.com.br\/noticias\/wp-json\/wp\/v2\/posts\/56306\/revisions"}],"wp:featuredmedia":[{"embeddable":true,"href":"https:\/\/www.suno.com.br\/noticias\/wp-json\/wp\/v2\/media\/36047"}],"wp:attachment":[{"href":"https:\/\/www.suno.com.br\/noticias\/wp-json\/wp\/v2\/media?parent=56306"}],"wp:term":[{"taxonomy":"category","embeddable":true,"href":"https:\/\/www.suno.com.br\/noticias\/wp-json\/wp\/v2\/categories?post=56306"},{"taxonomy":"post_tag","embeddable":true,"href":"https:\/\/www.suno.com.br\/noticias\/wp-json\/wp\/v2\/tags?post=56306"},{"taxonomy":"suno_strategy","embeddable":true,"href":"https:\/\/www.suno.com.br\/noticias\/wp-json\/wp\/v2\/suno_strategy?post=56306"}],"curies":[{"name":"wp","href":"https:\/\/api.w.org\/{rel}","templated":true}]}}