{"id":56297,"date":"2020-03-12T14:58:06","date_gmt":"2020-03-12T17:58:06","guid":{"rendered":"https:\/\/www.suno.com.br\/noticias\/?p=56297"},"modified":"2021-02-17T22:43:38","modified_gmt":"2021-02-18T01:43:38","slug":"coronavirus-presidente-bce-politica-fiscal-coordenada","status":"publish","type":"post","link":"https:\/\/www.suno.com.br\/noticias\/coronavirus-presidente-bce-politica-fiscal-coordenada\/","title":{"rendered":"Coronav\u00edrus: Presidente do BCE diz que \u00e9 necess\u00e1rio uma pol\u00edtica fiscal coordenada"},"content":{"rendered":"<p>A presidente do <a href=\"https:\/\/www.suno.com.br\/artigos\/bce\/\"><strong>Banco Central Europeu (BCE)<\/strong><\/a>, <strong>Christine<\/strong> <strong>Lagarde<\/strong>, decidiu junto aos integrantes da autoridade monet\u00e1ria n\u00e3o cortar os juros, na zona do euro, como uma medida para conter os impactos sofridos pela dissemina\u00e7\u00e3o de <strong>coronav\u00edrus<\/strong>. Para ela, os mercados &#8220;precisam de tempo&#8221; para analisar as decis\u00f5es pol\u00edticas monet\u00e1rias.<\/p>\t<div class=\"wrapper-featured-image\">\n\t\t<figure class=\"spotlightImg\">\n\n\t\t\t<picture>\n\t\t\t\t<source media=\"(max-width: 768px)\" srcset=\"https:\/\/files.sunoresearch.com.br\/n\/uploads\/2020\/03\/81b4718b-lagarde-400x200.webp\">\n\t\t\t\t<img loading=\"lazy\" decoding=\"async\" class=\"newsContent__article__imgCapa lazyloadDisabled newsContent__article__imgCapa--noCaption\" src=\"https:\/\/files.sunoresearch.com.br\/n\/uploads\/2020\/03\/81b4718b-lagarde-800x450.webp\" width=\"800\" height=\"450\" alt=\"Coronav\u00edrus: Presidente do BCE diz que \u00e9 necess\u00e1rio uma pol\u00edtica fiscal coordenada\" fetchpriority=high \/>\n\t\t\t<\/picture>\n\n\t\t\t<figcaption class=\"wp-caption-text wp-caption-text--hide\">A presidente do BCE decidiu n\u00e3o cortar os juros para ajudar com os impactos sofridos pelo surto de coronav\u00edrus. Clique aqui para saber mais. <\/figcaption>\n\t\t<\/figure>\n\t<\/div>\n\n\n\n<p>Sobre a decis\u00e3o de n\u00e3o tomar nenhuma atitude em rela\u00e7\u00e3o aos juros, Lagarde afirmou que a institui\u00e7\u00e3o avaliou que a expans\u00e3o do programa de compra de ativos em 120 bilh\u00f5es de euros e o aumento tempor\u00e1rio das opera\u00e7\u00f5es de refinanciamento de longo prazo (LTROs) seriam determina\u00e7\u00f5es mais eficazes para suportar a sensibilidade que os mercados est\u00e3o enfrentando.<\/p>\n<p>Mesmo com falas contr\u00e1rias ao corte de juros no momento, Lagarde n\u00e3o eliminou a chance de um corte de juros no futuro. Isso porque, segundo a institui\u00e7\u00e3o, isso pode ser o mais apropriado para se fazer em algum momento.<\/p>\n\t<p>\n\t\t<a href=\"https:\/\/lp.suno.com.br\/planilha-controle-gastos\/\" target=\"_blank\" data-element=\"shortcode-suno-banner\" title=\"Banner SUNO, clique e saiba mais\">\n\t\t\t<picture>\n\t\t\t\t<source media=\"(max-width: 500px)\" srcset=\"https:\/\/files.sunoresearch.com.br\/n\/uploads\/2023\/03\/400x300-Planilha-controle-de-gastos.png\">\n\t\t\t\t<img class=\"newsContent__article__imgCapa newsContent__article__imgCapa--banner\"\n\t\t\t\t\tsrc=\"https:\/\/files.sunoresearch.com.br\/n\/uploads\/2023\/03\/1420x240-Planilha-controle-de-gastos.png\"\n\t\t\t\t\tdata-promo-id=\"102417\"\t\t\t\t\t\t\t\t\t\twidth='1420' height='240'\t\t\t\t\talt=\"https:\/\/files.sunoresearch.com.br\/n\/uploads\/2023\/03\/1420x240-Planilha-controle-de-gastos.png\"\n\t\t\t\t>\n\t\t\t<\/picture>\n\t\t<\/a>\n\t<\/p>\n\n\n<p>&#8220;Estamos enfrentando algo diferente da crise financeira de 2008. Analisamos a crise atual como sendo primeiramente um choque de oferta, seguido de um choque de demanda, acompanhado pela instabilidade financeira&#8221;, afirmou Lagarde.<\/p>\n<p><a href=\"https:\/\/www.suno.com.br\/noticias\/coronavirus-wajgarten-testa-positivo-viagem-bolsonaro\/\">Veja tamb\u00e9m: Coronav\u00edrus: Wajngarten testa positivo ap\u00f3s voltar de viagem com Bolsonaro<\/a><\/p>\n<p>&#8220;Por isso, acreditamos que a primeira resposta deveria ser fiscal. Os bancos centrais n\u00e3o deveriam ser a resposta inicial aos problemas gerados pelo coronav\u00edrus&#8221;, destacou a presidente do Banco Central Europeu.<\/p>\n<h2>Medidas contra o coronav\u00edrus<\/h2>\n<p>Lagarde afirmou que todos [autoridades fiscais e monet\u00e1rias] devem juntar for\u00e7as para ajudar nos efeitos negativos que o coronav\u00edrus trouxe ao mundo. &#8220;Espero que as autoridades fiscais entendam a necessidade de enfrentarmos os problemas juntos. Precisamos desenvolver uma solu\u00e7\u00e3o coletiva&#8221;, disse a presidente do BCE.<\/p>\n<p><a href=\"https:\/\/www.suno.com.br\/nossas-assinaturas\/suno-premium\/\">Bolsa em queda livre!? Aproveita as maiores oportunidades da bolsa brasileira com nosso acesso Suno Premium.<\/a><\/p>\n<p>Ela refor\u00e7ou, ao final, que os governos e as institui\u00e7\u00f5es do continente europeu &#8220;precisam contribuir com o esfor\u00e7o coordenado&#8221; para enfrentar os efeitos do <strong>coronav\u00edrus<\/strong> no mundo.<\/p>\n\n<div id=\"njcdgcofcbnlbpkpdhmlmiblaglnkpnj\"><\/div>\n<div id=\"njcdgcofcbnlbpkpdhmlmiblaglnkpnj\"><\/div>\n","protected":false},"excerpt":{"rendered":"<p>A presidente do Banco Central Europeu (BCE), Christine Lagarde, decidiu junto aos integrantes da autoridade monet\u00e1ria n\u00e3o cortar os juros, na zona do euro, como uma medida para conter os impactos sofridos pela dissemina\u00e7\u00e3o de coronav\u00edrus. Para ela, os mercados &#8220;precisam de tempo&#8221; para analisar as decis\u00f5es pol\u00edticas monet\u00e1rias. A presidente do BCE decidiu n\u00e3o [&hellip;]<\/p>\n","protected":false},"author":19,"featured_media":54682,"comment_status":"closed","ping_status":"closed","sticky":false,"template":"","format":"standard","meta":[],"categories":[63],"tags":[863,2487],"suno_strategy":[],"class_list":["post-56297","post","type-post","status-publish","format-standard","has-post-thumbnail","hentry","category-internacional","tag-banco-central-europeu-bce","tag-coronavirus"],"yoast_head":"<!-- This site is optimized with the Yoast SEO plugin v24.4 - https:\/\/yoast.com\/wordpress\/plugins\/seo\/ -->\n<title>Coronav\u00edrus: Presidente do BCE diz que \u00e9 necess\u00e1rio uma pol\u00edtica eficaz<\/title>\n<meta name=\"description\" content=\"A presidente do BCE decidiu n\u00e3o cortar os juros para ajudar com os impactos sofridos pelo surto de coronav\u00edrus. Clique aqui para saber mais.\" \/>\n<meta name=\"robots\" content=\"index, follow, max-snippet:-1, max-image-preview:large, max-video-preview:-1\" \/>\n<link rel=\"canonical\" href=\"https:\/\/www.suno.com.br\/noticias\/coronavirus-presidente-bce-politica-fiscal-coordenada\/\" \/>\n<meta property=\"og:locale\" content=\"pt_BR\" \/>\n<meta property=\"og:type\" content=\"article\" \/>\n<meta property=\"og:title\" content=\"Coronav\u00edrus: Presidente do BCE diz que \u00e9 necess\u00e1rio uma pol\u00edtica eficaz\" \/>\n<meta property=\"og:description\" content=\"A presidente do BCE decidiu n\u00e3o cortar os juros para ajudar com os impactos sofridos pelo surto de coronav\u00edrus. Clique aqui para saber mais.\" \/>\n<meta property=\"og:url\" content=\"https:\/\/www.suno.com.br\/noticias\/coronavirus-presidente-bce-politica-fiscal-coordenada\/\" \/>\n<meta property=\"og:site_name\" content=\"Suno Not\u00edcias\" \/>\n<meta property=\"article:publisher\" content=\"https:\/\/facebook.com\/sunoresearch\" \/>\n<meta property=\"og:image\" content=\"https:\/\/files.sunoresearch.com.br\/n\/uploads\/2020\/03\/81b4718b-lagarde.jpg\" \/>\n\t<meta property=\"og:image:width\" content=\"1170\" \/>\n\t<meta property=\"og:image:height\" content=\"700\" \/>\n\t<meta property=\"og:image:type\" content=\"image\/jpeg\" \/>\n<meta name=\"author\" content=\"Juliano Passaro\" \/>\n<meta name=\"twitter:card\" content=\"summary_large_image\" \/>\n<meta name=\"twitter:creator\" content=\"@sunoresearch\" \/>\n<meta name=\"twitter:site\" content=\"@sunoresearch\" \/>\n<meta name=\"twitter:label1\" content=\"Escrito por\" \/>\n\t<meta name=\"twitter:data1\" content=\"Juliano Passaro\" \/>\n\t<meta name=\"twitter:label2\" content=\"Est. tempo de leitura\" \/>\n\t<meta name=\"twitter:data2\" content=\"2 minutos\" \/>\n<script type=\"application\/ld+json\" class=\"yoast-schema-graph\">{\"@context\":\"https:\/\/schema.org\",\"@graph\":[{\"@type\":\"NewsArticle\",\"@id\":\"https:\/\/www.suno.com.br\/noticias\/coronavirus-presidente-bce-politica-fiscal-coordenada\/#article\",\"isPartOf\":{\"@id\":\"https:\/\/www.suno.com.br\/noticias\/coronavirus-presidente-bce-politica-fiscal-coordenada\/\"},\"author\":{\"name\":\"Juliano Passaro\",\"@id\":\"https:\/\/www.suno.com.br\/noticias\/#\/schema\/person\/1db762f78ffd8919a648a63e425953e3\"},\"headline\":\"Coronav\u00edrus: Presidente do BCE diz que \u00e9 necess\u00e1rio uma pol\u00edtica fiscal coordenada\",\"datePublished\":\"2020-03-12T17:58:06+00:00\",\"dateModified\":\"2021-02-18T01:43:38+00:00\",\"mainEntityOfPage\":{\"@id\":\"https:\/\/www.suno.com.br\/noticias\/coronavirus-presidente-bce-politica-fiscal-coordenada\/\"},\"wordCount\":369,\"publisher\":{\"@id\":\"https:\/\/www.suno.com.br\/noticias\/#organization\"},\"image\":{\"@id\":\"https:\/\/www.suno.com.br\/noticias\/coronavirus-presidente-bce-politica-fiscal-coordenada\/#primaryimage\"},\"thumbnailUrl\":\"https:\/\/files.sunoresearch.com.br\/n\/uploads\/2020\/03\/81b4718b-lagarde-jpg.webp\",\"keywords\":[\"Banco Central Europeu (BCE)\",\"coronav\u00edrus\"],\"articleSection\":[\"Internacional\"],\"inLanguage\":\"pt-BR\"},{\"@type\":\"WebPage\",\"@id\":\"https:\/\/www.suno.com.br\/noticias\/coronavirus-presidente-bce-politica-fiscal-coordenada\/\",\"url\":\"https:\/\/www.suno.com.br\/noticias\/coronavirus-presidente-bce-politica-fiscal-coordenada\/\",\"name\":\"Coronav\u00edrus: Presidente do BCE diz que \u00e9 necess\u00e1rio uma pol\u00edtica eficaz\",\"isPartOf\":{\"@id\":\"https:\/\/www.suno.com.br\/noticias\/#website\"},\"primaryImageOfPage\":{\"@id\":\"https:\/\/www.suno.com.br\/noticias\/coronavirus-presidente-bce-politica-fiscal-coordenada\/#primaryimage\"},\"image\":{\"@id\":\"https:\/\/www.suno.com.br\/noticias\/coronavirus-presidente-bce-politica-fiscal-coordenada\/#primaryimage\"},\"thumbnailUrl\":\"https:\/\/files.sunoresearch.com.br\/n\/uploads\/2020\/03\/81b4718b-lagarde-jpg.webp\",\"datePublished\":\"2020-03-12T17:58:06+00:00\",\"dateModified\":\"2021-02-18T01:43:38+00:00\",\"description\":\"A presidente do BCE decidiu n\u00e3o cortar os juros para ajudar com os impactos sofridos pelo surto de coronav\u00edrus. Clique aqui para saber mais.\",\"breadcrumb\":{\"@id\":\"https:\/\/www.suno.com.br\/noticias\/coronavirus-presidente-bce-politica-fiscal-coordenada\/#breadcrumb\"},\"inLanguage\":\"pt-BR\",\"potentialAction\":[{\"@type\":\"ReadAction\",\"target\":[\"https:\/\/www.suno.com.br\/noticias\/coronavirus-presidente-bce-politica-fiscal-coordenada\/\"]}]},{\"@type\":\"ImageObject\",\"inLanguage\":\"pt-BR\",\"@id\":\"https:\/\/www.suno.com.br\/noticias\/coronavirus-presidente-bce-politica-fiscal-coordenada\/#primaryimage\",\"url\":\"https:\/\/files.sunoresearch.com.br\/n\/uploads\/2020\/03\/81b4718b-lagarde-jpg.webp\",\"contentUrl\":\"https:\/\/files.sunoresearch.com.br\/n\/uploads\/2020\/03\/81b4718b-lagarde-jpg.webp\",\"width\":1170,\"height\":700,\"caption\":\"A presidente do BCE decidiu n\u00e3o cortar os juros para ajudar com os impactos sofridos pelo surto de coronav\u00edrus. Clique aqui para saber mais.\"},{\"@type\":\"BreadcrumbList\",\"@id\":\"https:\/\/www.suno.com.br\/noticias\/coronavirus-presidente-bce-politica-fiscal-coordenada\/#breadcrumb\",\"itemListElement\":[{\"@type\":\"ListItem\",\"position\":1,\"name\":\"Not\u00edcias\",\"item\":\"https:\/\/www.suno.com.br\/noticias\/\"},{\"@type\":\"ListItem\",\"position\":2,\"name\":\"Internacional\",\"item\":\"https:\/\/www.suno.com.br\/noticias\/internacional\/\"},{\"@type\":\"ListItem\",\"position\":3,\"name\":\"Coronav\u00edrus: Presidente do BCE diz que \u00e9 necess\u00e1rio uma pol\u00edtica fiscal coordenada\"}]},{\"@type\":\"WebSite\",\"@id\":\"https:\/\/www.suno.com.br\/noticias\/#website\",\"url\":\"https:\/\/www.suno.com.br\/noticias\/\",\"name\":\"Suno Not\u00edcias\",\"description\":\"Seu portal de informa\u00e7\u00e3o sobre o mundo dos investimentos\",\"publisher\":{\"@id\":\"https:\/\/www.suno.com.br\/noticias\/#organization\"},\"potentialAction\":[{\"@type\":\"SearchAction\",\"target\":{\"@type\":\"EntryPoint\",\"urlTemplate\":\"https:\/\/www.suno.com.br\/noticias\/?s={search_term_string}\"},\"query-input\":{\"@type\":\"PropertyValueSpecification\",\"valueRequired\":true,\"valueName\":\"search_term_string\"}}],\"inLanguage\":\"pt-BR\"},{\"@type\":\"Organization\",\"@id\":\"https:\/\/www.suno.com.br\/noticias\/#organization\",\"name\":\"Suno Not\u00edcias\",\"url\":\"https:\/\/www.suno.com.br\/noticias\/\",\"logo\":{\"@type\":\"ImageObject\",\"inLanguage\":\"pt-BR\",\"@id\":\"https:\/\/www.suno.com.br\/noticias\/#\/schema\/logo\/image\/\",\"url\":\"https:\/\/files.sunoresearch.com.br\/n\/uploads\/2021\/09\/suno-logo.png\",\"contentUrl\":\"https:\/\/files.sunoresearch.com.br\/n\/uploads\/2021\/09\/suno-logo.png\",\"width\":180,\"height\":180,\"caption\":\"Suno Not\u00edcias\"},\"image\":{\"@id\":\"https:\/\/www.suno.com.br\/noticias\/#\/schema\/logo\/image\/\"},\"sameAs\":[\"https:\/\/facebook.com\/sunoresearch\",\"https:\/\/x.com\/sunoresearch\",\"https:\/\/www.instagram.com\/suno\",\"https:\/\/www.linkedin.com\/company\/suno-research\/\",\"https:\/\/www.youtube.com\/c\/sunoresearch\"]},{\"@type\":\"Person\",\"@id\":\"https:\/\/www.suno.com.br\/noticias\/#\/schema\/person\/1db762f78ffd8919a648a63e425953e3\",\"name\":\"Juliano Passaro\",\"image\":{\"@type\":\"ImageObject\",\"inLanguage\":\"pt-BR\",\"@id\":\"https:\/\/www.suno.com.br\/noticias\/#\/schema\/person\/image\/\",\"url\":\"https:\/\/secure.gravatar.com\/avatar\/743d4df28eebf6dcc46b4ad03c319e92?s=96&r=g\",\"contentUrl\":\"https:\/\/secure.gravatar.com\/avatar\/743d4df28eebf6dcc46b4ad03c319e92?s=96&r=g\",\"caption\":\"Juliano Passaro\"},\"description\":\"Juliano Passaro escreve sobre pol\u00edtica, economia e neg\u00f3cios para o portal da Suno Research. Antes da Suno, trabalhou no Portal da Band. \u00c9 formado em jornalismo pela Universidade Presbiteriana Mackenzie.\",\"url\":\"https:\/\/www.suno.com.br\/noticias\/author\/juliano\/\"}]}<\/script>\n<!-- \/ Yoast SEO plugin. -->","yoast_head_json":{"title":"Coronav\u00edrus: Presidente do BCE diz que \u00e9 necess\u00e1rio uma pol\u00edtica eficaz","description":"A presidente do BCE decidiu n\u00e3o cortar os juros para ajudar com os impactos sofridos pelo surto de coronav\u00edrus. Clique aqui para saber mais.","robots":{"index":"index","follow":"follow","max-snippet":"max-snippet:-1","max-image-preview":"max-image-preview:large","max-video-preview":"max-video-preview:-1"},"canonical":"https:\/\/www.suno.com.br\/noticias\/coronavirus-presidente-bce-politica-fiscal-coordenada\/","og_locale":"pt_BR","og_type":"article","og_title":"Coronav\u00edrus: Presidente do BCE diz que \u00e9 necess\u00e1rio uma pol\u00edtica eficaz","og_description":"A presidente do BCE decidiu n\u00e3o cortar os juros para ajudar com os impactos sofridos pelo surto de coronav\u00edrus. Clique aqui para saber mais.","og_url":"https:\/\/www.suno.com.br\/noticias\/coronavirus-presidente-bce-politica-fiscal-coordenada\/","og_site_name":"Suno Not\u00edcias","article_publisher":"https:\/\/facebook.com\/sunoresearch","og_image":[{"width":1170,"height":700,"url":"https:\/\/files.sunoresearch.com.br\/n\/uploads\/2020\/03\/81b4718b-lagarde.jpg","type":"image\/jpeg"}],"author":"Juliano Passaro","twitter_card":"summary_large_image","twitter_creator":"@sunoresearch","twitter_site":"@sunoresearch","twitter_misc":{"Escrito por":"Juliano Passaro","Est. tempo de leitura":"2 minutos"},"schema":{"@context":"https:\/\/schema.org","@graph":[{"@type":"NewsArticle","@id":"https:\/\/www.suno.com.br\/noticias\/coronavirus-presidente-bce-politica-fiscal-coordenada\/#article","isPartOf":{"@id":"https:\/\/www.suno.com.br\/noticias\/coronavirus-presidente-bce-politica-fiscal-coordenada\/"},"author":{"name":"Juliano Passaro","@id":"https:\/\/www.suno.com.br\/noticias\/#\/schema\/person\/1db762f78ffd8919a648a63e425953e3"},"headline":"Coronav\u00edrus: Presidente do BCE diz que \u00e9 necess\u00e1rio uma pol\u00edtica fiscal coordenada","datePublished":"2020-03-12T17:58:06+00:00","dateModified":"2021-02-18T01:43:38+00:00","mainEntityOfPage":{"@id":"https:\/\/www.suno.com.br\/noticias\/coronavirus-presidente-bce-politica-fiscal-coordenada\/"},"wordCount":369,"publisher":{"@id":"https:\/\/www.suno.com.br\/noticias\/#organization"},"image":{"@id":"https:\/\/www.suno.com.br\/noticias\/coronavirus-presidente-bce-politica-fiscal-coordenada\/#primaryimage"},"thumbnailUrl":"https:\/\/files.sunoresearch.com.br\/n\/uploads\/2020\/03\/81b4718b-lagarde-jpg.webp","keywords":["Banco Central Europeu (BCE)","coronav\u00edrus"],"articleSection":["Internacional"],"inLanguage":"pt-BR"},{"@type":"WebPage","@id":"https:\/\/www.suno.com.br\/noticias\/coronavirus-presidente-bce-politica-fiscal-coordenada\/","url":"https:\/\/www.suno.com.br\/noticias\/coronavirus-presidente-bce-politica-fiscal-coordenada\/","name":"Coronav\u00edrus: Presidente do BCE diz que \u00e9 necess\u00e1rio uma pol\u00edtica eficaz","isPartOf":{"@id":"https:\/\/www.suno.com.br\/noticias\/#website"},"primaryImageOfPage":{"@id":"https:\/\/www.suno.com.br\/noticias\/coronavirus-presidente-bce-politica-fiscal-coordenada\/#primaryimage"},"image":{"@id":"https:\/\/www.suno.com.br\/noticias\/coronavirus-presidente-bce-politica-fiscal-coordenada\/#primaryimage"},"thumbnailUrl":"https:\/\/files.sunoresearch.com.br\/n\/uploads\/2020\/03\/81b4718b-lagarde-jpg.webp","datePublished":"2020-03-12T17:58:06+00:00","dateModified":"2021-02-18T01:43:38+00:00","description":"A presidente do BCE decidiu n\u00e3o cortar os juros para ajudar com os impactos sofridos pelo surto de coronav\u00edrus. Clique aqui para saber mais.","breadcrumb":{"@id":"https:\/\/www.suno.com.br\/noticias\/coronavirus-presidente-bce-politica-fiscal-coordenada\/#breadcrumb"},"inLanguage":"pt-BR","potentialAction":[{"@type":"ReadAction","target":["https:\/\/www.suno.com.br\/noticias\/coronavirus-presidente-bce-politica-fiscal-coordenada\/"]}]},{"@type":"ImageObject","inLanguage":"pt-BR","@id":"https:\/\/www.suno.com.br\/noticias\/coronavirus-presidente-bce-politica-fiscal-coordenada\/#primaryimage","url":"https:\/\/files.sunoresearch.com.br\/n\/uploads\/2020\/03\/81b4718b-lagarde-jpg.webp","contentUrl":"https:\/\/files.sunoresearch.com.br\/n\/uploads\/2020\/03\/81b4718b-lagarde-jpg.webp","width":1170,"height":700,"caption":"A presidente do BCE decidiu n\u00e3o cortar os juros para ajudar com os impactos sofridos pelo surto de coronav\u00edrus. Clique aqui para saber mais."},{"@type":"BreadcrumbList","@id":"https:\/\/www.suno.com.br\/noticias\/coronavirus-presidente-bce-politica-fiscal-coordenada\/#breadcrumb","itemListElement":[{"@type":"ListItem","position":1,"name":"Not\u00edcias","item":"https:\/\/www.suno.com.br\/noticias\/"},{"@type":"ListItem","position":2,"name":"Internacional","item":"https:\/\/www.suno.com.br\/noticias\/internacional\/"},{"@type":"ListItem","position":3,"name":"Coronav\u00edrus: Presidente do BCE diz que \u00e9 necess\u00e1rio uma pol\u00edtica fiscal coordenada"}]},{"@type":"WebSite","@id":"https:\/\/www.suno.com.br\/noticias\/#website","url":"https:\/\/www.suno.com.br\/noticias\/","name":"Suno Not\u00edcias","description":"Seu portal de informa\u00e7\u00e3o sobre o mundo dos investimentos","publisher":{"@id":"https:\/\/www.suno.com.br\/noticias\/#organization"},"potentialAction":[{"@type":"SearchAction","target":{"@type":"EntryPoint","urlTemplate":"https:\/\/www.suno.com.br\/noticias\/?s={search_term_string}"},"query-input":{"@type":"PropertyValueSpecification","valueRequired":true,"valueName":"search_term_string"}}],"inLanguage":"pt-BR"},{"@type":"Organization","@id":"https:\/\/www.suno.com.br\/noticias\/#organization","name":"Suno Not\u00edcias","url":"https:\/\/www.suno.com.br\/noticias\/","logo":{"@type":"ImageObject","inLanguage":"pt-BR","@id":"https:\/\/www.suno.com.br\/noticias\/#\/schema\/logo\/image\/","url":"https:\/\/files.sunoresearch.com.br\/n\/uploads\/2021\/09\/suno-logo.png","contentUrl":"https:\/\/files.sunoresearch.com.br\/n\/uploads\/2021\/09\/suno-logo.png","width":180,"height":180,"caption":"Suno Not\u00edcias"},"image":{"@id":"https:\/\/www.suno.com.br\/noticias\/#\/schema\/logo\/image\/"},"sameAs":["https:\/\/facebook.com\/sunoresearch","https:\/\/x.com\/sunoresearch","https:\/\/www.instagram.com\/suno","https:\/\/www.linkedin.com\/company\/suno-research\/","https:\/\/www.youtube.com\/c\/sunoresearch"]},{"@type":"Person","@id":"https:\/\/www.suno.com.br\/noticias\/#\/schema\/person\/1db762f78ffd8919a648a63e425953e3","name":"Juliano Passaro","image":{"@type":"ImageObject","inLanguage":"pt-BR","@id":"https:\/\/www.suno.com.br\/noticias\/#\/schema\/person\/image\/","url":"https:\/\/secure.gravatar.com\/avatar\/743d4df28eebf6dcc46b4ad03c319e92?s=96&r=g","contentUrl":"https:\/\/secure.gravatar.com\/avatar\/743d4df28eebf6dcc46b4ad03c319e92?s=96&r=g","caption":"Juliano Passaro"},"description":"Juliano Passaro escreve sobre pol\u00edtica, economia e neg\u00f3cios para o portal da Suno Research. Antes da Suno, trabalhou no Portal da Band. \u00c9 formado em jornalismo pela Universidade Presbiteriana Mackenzie.","url":"https:\/\/www.suno.com.br\/noticias\/author\/juliano\/"}]}},"default_loop_html":"<div class=\"cardsPage__listCard__boxs\"><div class=\"cardsPage__listCard__boxs__img\"><a href=\"https:\/\/www.suno.com.br\/noticias\/coronavirus-presidente-bce-politica-fiscal-coordenada\/\"><img class=\"mask\" src=\"https:\/\/www.suno.com.br\/noticias\/wp-content\/themes\/suno\/resources\/images\/spotlight\/spotlight1img\/bg-mask.png\" alt=\"Image Mask\"\/><img src=\"https:\/\/files.sunoresearch.com.br\/n\/uploads\/2020\/03\/81b4718b-lagarde-400x200.webp\" alt=\"Coronav\u00edrus: Presidente do BCE diz que \u00e9 necess\u00e1rio uma pol\u00edtica fiscal coordenada\"\/><\/a><span class=\"spotlightCategory\"><a href=\"https:\/\/www.suno.com.br\/noticias\/internacional\/\">Internacional<\/a><\/span><\/div><div class=\"cardsPage__listCard__boxs__content\"><a href=\"https:\/\/www.suno.com.br\/noticias\/coronavirus-presidente-bce-politica-fiscal-coordenada\/\"><h2 class=\"content__title\">Coronav\u00edrus: Presidente do BCE diz que \u00e9 necess\u00e1rio uma pol\u00edtica fiscal coordenada<\/h2><\/a><div class=\"newsContent__article__meta\"><div class=\"newsContent__article__meta__authorBox\"><a href=\"https:\/\/www.suno.com.br\/noticias\/author\/juliano\/\" class=\"authorBox__avatar noMobi\"><img src=\"https:\/\/files.sunoresearch.com.br\/n\/uploads\/2019\/06\/7cc3efea-whatsapp-image-2019-07-18-at-21.59.33-e1563499821209-150x150.webp\" alt=\"Juliano Passaro\"><\/a><div class=\"authorBox__name\"><span>por\n\t\t\t<a href=\"https:\/\/www.suno.com.br\/noticias\/author\/juliano\/\"><span itemprop=\"author\">Juliano Passaro<\/span><\/a><\/span><time datetime=\"2020-03-12T14:58:06-03:00\" itemprop=\"datePublished\">12\/03\/2020 14:58<\/time><\/div><\/div><\/div><\/div><\/div>","single_layout":"posts","amp_enabled":true,"_links":{"self":[{"href":"https:\/\/www.suno.com.br\/noticias\/wp-json\/wp\/v2\/posts\/56297"}],"collection":[{"href":"https:\/\/www.suno.com.br\/noticias\/wp-json\/wp\/v2\/posts"}],"about":[{"href":"https:\/\/www.suno.com.br\/noticias\/wp-json\/wp\/v2\/types\/post"}],"author":[{"embeddable":true,"href":"https:\/\/www.suno.com.br\/noticias\/wp-json\/wp\/v2\/users\/19"}],"replies":[{"embeddable":true,"href":"https:\/\/www.suno.com.br\/noticias\/wp-json\/wp\/v2\/comments?post=56297"}],"version-history":[{"count":0,"href":"https:\/\/www.suno.com.br\/noticias\/wp-json\/wp\/v2\/posts\/56297\/revisions"}],"wp:featuredmedia":[{"embeddable":true,"href":"https:\/\/www.suno.com.br\/noticias\/wp-json\/wp\/v2\/media\/54682"}],"wp:attachment":[{"href":"https:\/\/www.suno.com.br\/noticias\/wp-json\/wp\/v2\/media?parent=56297"}],"wp:term":[{"taxonomy":"category","embeddable":true,"href":"https:\/\/www.suno.com.br\/noticias\/wp-json\/wp\/v2\/categories?post=56297"},{"taxonomy":"post_tag","embeddable":true,"href":"https:\/\/www.suno.com.br\/noticias\/wp-json\/wp\/v2\/tags?post=56297"},{"taxonomy":"suno_strategy","embeddable":true,"href":"https:\/\/www.suno.com.br\/noticias\/wp-json\/wp\/v2\/suno_strategy?post=56297"}],"curies":[{"name":"wp","href":"https:\/\/api.w.org\/{rel}","templated":true}]}}