{"id":562917,"date":"2024-06-20T13:10:56","date_gmt":"2024-06-20T16:10:56","guid":{"rendered":"https:\/\/www.suno.com.br\/noticias\/?p=562917"},"modified":"2024-06-20T13:11:01","modified_gmt":"2024-06-20T16:11:01","slug":"vale-vale3-refuta-lula-indenizacao-brumadinho-evm","status":"publish","type":"post","link":"https:\/\/www.suno.com.br\/noticias\/vale-vale3-refuta-lula-indenizacao-brumadinho-evm\/","title":{"rendered":"Vale (VALE3) rebate fala de Lula sobre falta de indeniza\u00e7\u00e3o em trag\u00e9dia de Brumadinho"},"content":{"rendered":"<p>A mineradora <a class=\"suno-keyword\" data-force=\"yes\" data-priority=\"2\" href=\"https:\/\/www.suno.com.br\/acoes\/VALE3\/\" target=\"_blank\" rel=\"noopener\"><strong>Vale<\/strong> (VALE3)<\/a>, por meio de nota, contestou a manifesta\u00e7\u00e3o do presidente Luiz In\u00e1cio Lula da Silva sobre o desastre de Brumadinho. <\/p><div class=\"videoFull \">\n\t\t\t<div class=\"videoWrapper yt-lazyload center\"\n\t\t\t\tdata-width=\"960\"\n\t\t\t\tdata-height=\"540\"\n\t\t\t\tdata-id=\"l0j0nYCvguI\"\n\t\t\t\tdata-alt=\"V\u00eddeo do YouTube - clique para reproduzir\"\n\t\t\t\tdata-logo=\"3\"\n\t\t\t\tdata-imagequality=\"maxres\">\n\t\t\t<\/div>\n\t\t<\/div><script type=\"application\/ld+json\">{\"@context\":\"https:\/\/schema.org\",\"@type\":\"VideoObject\",\"name\":\"\ud83d\udd34COPOM MANT\u00c9M SELIC, E AGORA? | Ibovespa sobe | Dividendos extraordin\u00e1rios do Ita\u00fa (ITUB4)?\",\"description\":\"#mercadofinanceiro #a\u00e7\u00f5es #investimentos #bolsadevalores #ibovespa #dinheiro #finan\u00e7as #pol\u00edtica #d\u00f3lar #livedas19h #petr4 #petr3 #petrobras #vale3 #vale #a\u00e7\u00f5es #economia #dividendos #min\u00e9riodeferro #min\u00e9rio #petr\u00f3leo #commodities #proventos #dividendos #jcp #statusinvest #statusalpha #sunoconsultoria #sabesp #sbsp3 #robertocamposneto #rcn #camposneto #bc #bcb \ud83d\udd34TENHA UM CONSULTOR PRA TE AJUDAR NOS SEUS INVESTIMENTOS: https:\/\/lp.suno.com.br\/ao\/consultoria-de-investimentos\/?utm_source=youtube.noticias&utm_campaign=020524&utm_medium=live 00:00 In\u00edcio do v\u00eddeo 01:28 TUDO sobre a decis\u00e3o do\u2026\",\"duration\":\"PT20M46S\",\"embedUrl\":\"https:\/\/www.youtube.com\/embed\/l0j0nYCvguI\",\"regionsAllowed\":\"en-US\",\"interactionStatistic\":{\"@type\":\"InteractionCounter\",\"interactionType\":{\"@type\":\"WatchAction\"},\"userInteractionCount\":3255},\"thumbnailUrl\":\"https:\/\/i.ytimg.com\/vi\/l0j0nYCvguI\/default.jpg\",\"uploadDate\":\"2024-06-19T22:25:44Z\"}<\/script>\n\n\n\n\n\t<p>\n\t\t<a href=\"\" target=\"_blank\" data-element=\"shortcode-suno-banner\" title=\"Banner SUNO, clique e saiba mais\">\n\t\t\t<picture>\n\t\t\t\t<source media=\"(max-width: 500px)\" srcset=\"\">\n\t\t\t\t<img class=\"newsContent__article__imgCapa newsContent__article__imgCapa--banner\"\n\t\t\t\t\tsrc=\"\"\n\t\t\t\t\tdata-promo-id=\"240038\"\t\t\t\t\t\t\t\t\t\t\t\t\t\t\talt=\"\"\n\t\t\t\t>\n\t\t\t<\/picture>\n\t\t<\/a>\n\t<\/p>\n\n\n\n\n\n<p>Na quarta-feira (19) durante a cerim\u00f4nia de posse da presidente da <a class=\"suno-keyword\" data-force=\"yes\" data-priority=\"2\" href=\"https:\/\/www.suno.com.br\/acoes\/PETR4\/\" target=\"_blank\" rel=\"noopener\">Petrobras (PETR4)<\/a>, <a href=\"https:\/\/www.suno.com.br\/noticias\/petrobras-petr4-magda-chambriard-alinhada-lula-ec-gss\/\">Magda Chambriard<\/a>, Lula declarou que n\u00e3o houve, da parte da Vale, o pagamento da indeniza\u00e7\u00e3o pelos danos sociais e ambientais causados.<\/p>\n\n\n\n\n\n<p>&#8220;Desde Mariana e <strong><a href=\"https:\/\/www.suno.com.br\/noticias\/vale-vale3-avaliacao-moodys-risco-brasil-cpf\/\">Brumadinho<\/a><\/strong>, com o desastre das barragens, at\u00e9 hoje n\u00e3o foi paga a indeniza\u00e7\u00e3o daquele povo que est\u00e1 esperando uma casa e o ressarcimento do estrago&#8221;, disse o presidente em seu discurso, na quarta.<\/p>\n\n\n\n<p>Em rela\u00e7\u00e3o ao rompimento da barragem B1, em Brumadinho, a Vale afirmou que 16.394 pessoas fecharam acordos de indeniza\u00e7\u00e3o c\u00edveis e trabalhistas desde 2019. <\/p>\n\n\n\n<p>Em valores, segundo a empresa, foram pagos R$ 3,7 bilh\u00f5es, em dados atualizados.<\/p>\n\n\n\n<p>Com base em levantamento da Funda\u00e7\u00e3o Renova, a mineradora menciona que foram destinados R$ 37 bilh\u00f5es para a\u00e7\u00f5es de repara\u00e7\u00e3o e compensa\u00e7\u00e3o. Nesse montante, a empresa alega que est\u00e3o inclusos o pagamento de indeniza\u00e7\u00f5es e aux\u00edlios emergenciais.<\/p>\n\n\n\t<p>\n\t\t<a href=\"https:\/\/lp.suno.com.br\/ebook-gratuito-investindo-no-exterior\/\" target=\"_blank\" data-element=\"shortcode-suno-banner\" title=\"Banner SUNO, clique e saiba mais\">\n\t\t\t<picture>\n\t\t\t\t<source media=\"(max-width: 500px)\" srcset=\"https:\/\/files.sunoresearch.com.br\/n\/uploads\/2023\/03\/400x300-Investindo-no-exterior.png\">\n\t\t\t\t<img class=\"newsContent__article__imgCapa newsContent__article__imgCapa--banner\"\n\t\t\t\t\tsrc=\"https:\/\/files.sunoresearch.com.br\/n\/uploads\/2023\/03\/1420x240-Investindo-no-exterior.png\"\n\t\t\t\t\tdata-promo-id=\"383161\"\t\t\t\t\t\t\t\t\t\twidth='1420' height='240'\t\t\t\t\talt=\"https:\/\/files.sunoresearch.com.br\/n\/uploads\/2023\/03\/1420x240-Investindo-no-exterior.png\"\n\t\t\t\t>\n\t\t\t<\/picture>\n\t\t<\/a>\n\t<\/p>\n\n\n\n\n\n<h2 class=\"wp-block-heading\">Trag\u00e9dias da Vale<\/h2>\n\n\n\n<p>No caso de Brumadinho (MG), em janeiro de 2019 ocorreu o rompimento da Barragem I do Complexo Paraopeba II, de propriedade da Vale. O primeiro rompimento afetou outras duas da mina C\u00f3rrego do Feij\u00e3o.<\/p>\n\n\n\n<p>J\u00e1 em rela\u00e7\u00e3o ao munic\u00edpio de Mariana (MG), em novembro de 2015 ocorreu o rompimento da barragem de Fund\u00e3o, no Complexo Industrial de Germano, sob a gest\u00e3o da Samarco Minera\u00e7\u00e3o. A empresa \u00e9 controlada pela <strong>Vale<\/strong> e pela mineradora anglo-australiana BHP Billinton.<\/p>\n\n\n\n<p>Com Estad\u00e3o Conte\u00fado<\/p>\n\n\n\t<p>\n\t\t<a href=\"https:\/\/lp.suno.com.br\/planilha-da-vida-financeira\/\" target=\"_blank\" data-element=\"shortcode-suno-banner\" title=\"Banner SUNO, clique e saiba mais\">\n\t\t\t<picture>\n\t\t\t\t<source media=\"(max-width: 500px)\" srcset=\"https:\/\/files.sunoresearch.com.br\/n\/uploads\/2023\/04\/400x300-Planilha-vida-financeira-true.png\">\n\t\t\t\t<img class=\"newsContent__article__imgCapa newsContent__article__imgCapa--banner\"\n\t\t\t\t\tsrc=\"https:\/\/files.sunoresearch.com.br\/n\/uploads\/2023\/04\/1420x240-Planilha-vida-financeira-true.png\"\n\t\t\t\t\tdata-promo-id=\"383123\"\t\t\t\t\t\t\t\t\t\twidth='1420' height='240'\t\t\t\t\talt=\"https:\/\/files.sunoresearch.com.br\/n\/uploads\/2023\/04\/1420x240-Planilha-vida-financeira-true.png\"\n\t\t\t\t>\n\t\t\t<\/picture>\n\t\t<\/a>\n\t<\/p>\n\n\n","protected":false},"excerpt":{"rendered":"<p>A mineradora Vale (VALE3), por meio de nota, contestou a manifesta\u00e7\u00e3o do presidente Luiz In\u00e1cio Lula da Silva sobre o desastre de Brumadinho. Na quarta-feira (19) durante a cerim\u00f4nia de posse da presidente da Petrobras (PETR4), Magda Chambriard, Lula declarou que n\u00e3o houve, da parte da Vale, o pagamento da indeniza\u00e7\u00e3o pelos danos sociais e [&hellip;]<\/p>\n","protected":false},"author":73,"featured_media":533452,"comment_status":"closed","ping_status":"closed","sticky":false,"template":"","format":"standard","meta":[],"categories":[61],"tags":[106444,709,676],"suno_strategy":[],"class_list":["post-562917","post","type-post","status-publish","format-standard","has-post-thumbnail","hentry","category-politica","tag-agencias","tag-lula","tag-vale-vale3"],"yoast_head":"<!-- This site is optimized with the Yoast SEO plugin v24.4 - https:\/\/yoast.com\/wordpress\/plugins\/seo\/ -->\n<title>Vale (VALE3) rebate fala de Lula sobre Brumadinho<\/title>\n<meta name=\"description\" content=\"Lula declarou que n\u00e3o houve, da parte da Vale, o pagamento da indeniza\u00e7\u00e3o pelos danos sociais e ambientais causados\" \/>\n<meta name=\"robots\" content=\"index, follow, max-snippet:-1, max-image-preview:large, max-video-preview:-1\" \/>\n<link rel=\"canonical\" href=\"https:\/\/www.suno.com.br\/noticias\/vale-vale3-refuta-lula-indenizacao-brumadinho-evm\/\" \/>\n<meta property=\"og:locale\" content=\"pt_BR\" \/>\n<meta property=\"og:type\" content=\"article\" \/>\n<meta property=\"og:title\" content=\"Vale (VALE3) rebate fala de Lula sobre Brumadinho\" \/>\n<meta property=\"og:description\" content=\"Lula declarou que n\u00e3o houve, da parte da Vale, o pagamento da indeniza\u00e7\u00e3o pelos danos sociais e ambientais causados\" \/>\n<meta property=\"og:url\" content=\"https:\/\/www.suno.com.br\/noticias\/vale-vale3-refuta-lula-indenizacao-brumadinho-evm\/\" \/>\n<meta property=\"og:site_name\" content=\"Suno Not\u00edcias\" \/>\n<meta property=\"article:publisher\" content=\"https:\/\/facebook.com\/sunoresearch\" \/>\n<meta property=\"og:image\" content=\"https:\/\/files.sunoresearch.com.br\/n\/uploads\/2024\/03\/53582035884_ff6b54a412_k.jpg\" \/>\n\t<meta property=\"og:image:width\" content=\"2048\" \/>\n\t<meta property=\"og:image:height\" content=\"1365\" \/>\n\t<meta property=\"og:image:type\" content=\"image\/jpeg\" \/>\n<meta name=\"author\" content=\"Eduardo Vargas\" \/>\n<meta name=\"twitter:card\" content=\"summary_large_image\" \/>\n<meta name=\"twitter:creator\" content=\"@sunoresearch\" \/>\n<meta name=\"twitter:site\" content=\"@sunoresearch\" \/>\n<meta name=\"twitter:label1\" content=\"Escrito por\" \/>\n\t<meta name=\"twitter:data1\" content=\"Eduardo Vargas\" \/>\n\t<meta name=\"twitter:label2\" content=\"Est. tempo de leitura\" \/>\n\t<meta name=\"twitter:data2\" content=\"2 minutos\" \/>\n<script type=\"application\/ld+json\" class=\"yoast-schema-graph\">{\"@context\":\"https:\/\/schema.org\",\"@graph\":[{\"@type\":\"NewsArticle\",\"@id\":\"https:\/\/www.suno.com.br\/noticias\/vale-vale3-refuta-lula-indenizacao-brumadinho-evm\/#article\",\"isPartOf\":{\"@id\":\"https:\/\/www.suno.com.br\/noticias\/vale-vale3-refuta-lula-indenizacao-brumadinho-evm\/\"},\"author\":{\"name\":\"Eduardo Vargas\",\"@id\":\"https:\/\/www.suno.com.br\/noticias\/#\/schema\/person\/7f4d362bf3518e76090143ae77bb49a5\"},\"headline\":\"Vale (VALE3) rebate fala de Lula sobre falta de indeniza\u00e7\u00e3o em trag\u00e9dia de Brumadinho\",\"datePublished\":\"2024-06-20T16:10:56+00:00\",\"dateModified\":\"2024-06-20T16:11:01+00:00\",\"mainEntityOfPage\":{\"@id\":\"https:\/\/www.suno.com.br\/noticias\/vale-vale3-refuta-lula-indenizacao-brumadinho-evm\/\"},\"wordCount\":295,\"publisher\":{\"@id\":\"https:\/\/www.suno.com.br\/noticias\/#organization\"},\"image\":{\"@id\":\"https:\/\/www.suno.com.br\/noticias\/vale-vale3-refuta-lula-indenizacao-brumadinho-evm\/#primaryimage\"},\"thumbnailUrl\":\"https:\/\/files.sunoresearch.com.br\/n\/uploads\/2024\/03\/53582035884_ff6b54a412_k.jpg\",\"keywords\":[\"Ag\u00eancias\",\"Lula\",\"Vale (VALE3)\"],\"articleSection\":[\"Pol\u00edtica\"],\"inLanguage\":\"pt-BR\"},{\"@type\":\"WebPage\",\"@id\":\"https:\/\/www.suno.com.br\/noticias\/vale-vale3-refuta-lula-indenizacao-brumadinho-evm\/\",\"url\":\"https:\/\/www.suno.com.br\/noticias\/vale-vale3-refuta-lula-indenizacao-brumadinho-evm\/\",\"name\":\"Vale (VALE3) rebate fala de Lula sobre Brumadinho\",\"isPartOf\":{\"@id\":\"https:\/\/www.suno.com.br\/noticias\/#website\"},\"primaryImageOfPage\":{\"@id\":\"https:\/\/www.suno.com.br\/noticias\/vale-vale3-refuta-lula-indenizacao-brumadinho-evm\/#primaryimage\"},\"image\":{\"@id\":\"https:\/\/www.suno.com.br\/noticias\/vale-vale3-refuta-lula-indenizacao-brumadinho-evm\/#primaryimage\"},\"thumbnailUrl\":\"https:\/\/files.sunoresearch.com.br\/n\/uploads\/2024\/03\/53582035884_ff6b54a412_k.jpg\",\"datePublished\":\"2024-06-20T16:10:56+00:00\",\"dateModified\":\"2024-06-20T16:11:01+00:00\",\"description\":\"Lula declarou que n\u00e3o houve, da parte da Vale, o pagamento da indeniza\u00e7\u00e3o pelos danos sociais e ambientais causados\",\"breadcrumb\":{\"@id\":\"https:\/\/www.suno.com.br\/noticias\/vale-vale3-refuta-lula-indenizacao-brumadinho-evm\/#breadcrumb\"},\"inLanguage\":\"pt-BR\",\"potentialAction\":[{\"@type\":\"ReadAction\",\"target\":[\"https:\/\/www.suno.com.br\/noticias\/vale-vale3-refuta-lula-indenizacao-brumadinho-evm\/\"]}]},{\"@type\":\"ImageObject\",\"inLanguage\":\"pt-BR\",\"@id\":\"https:\/\/www.suno.com.br\/noticias\/vale-vale3-refuta-lula-indenizacao-brumadinho-evm\/#primaryimage\",\"url\":\"https:\/\/files.sunoresearch.com.br\/n\/uploads\/2024\/03\/53582035884_ff6b54a412_k.jpg\",\"contentUrl\":\"https:\/\/files.sunoresearch.com.br\/n\/uploads\/2024\/03\/53582035884_ff6b54a412_k.jpg\",\"width\":2048,\"height\":1365,\"caption\":\"Presidente Lula assina medida provis\u00f3ria para apoiar setores prejudicados pelo tarifa\u00e7o dos EUA. Foto: Ricardo Stuckert \/ PR\"},{\"@type\":\"BreadcrumbList\",\"@id\":\"https:\/\/www.suno.com.br\/noticias\/vale-vale3-refuta-lula-indenizacao-brumadinho-evm\/#breadcrumb\",\"itemListElement\":[{\"@type\":\"ListItem\",\"position\":1,\"name\":\"Not\u00edcias\",\"item\":\"https:\/\/www.suno.com.br\/noticias\/\"},{\"@type\":\"ListItem\",\"position\":2,\"name\":\"Pol\u00edtica\",\"item\":\"https:\/\/www.suno.com.br\/noticias\/politica\/\"},{\"@type\":\"ListItem\",\"position\":3,\"name\":\"Vale (VALE3) rebate fala de Lula sobre falta de indeniza\u00e7\u00e3o em trag\u00e9dia de Brumadinho\"}]},{\"@type\":\"WebSite\",\"@id\":\"https:\/\/www.suno.com.br\/noticias\/#website\",\"url\":\"https:\/\/www.suno.com.br\/noticias\/\",\"name\":\"Suno Not\u00edcias\",\"description\":\"Seu portal de informa\u00e7\u00e3o sobre o mundo dos investimentos\",\"publisher\":{\"@id\":\"https:\/\/www.suno.com.br\/noticias\/#organization\"},\"potentialAction\":[{\"@type\":\"SearchAction\",\"target\":{\"@type\":\"EntryPoint\",\"urlTemplate\":\"https:\/\/www.suno.com.br\/noticias\/?s={search_term_string}\"},\"query-input\":{\"@type\":\"PropertyValueSpecification\",\"valueRequired\":true,\"valueName\":\"search_term_string\"}}],\"inLanguage\":\"pt-BR\"},{\"@type\":\"Organization\",\"@id\":\"https:\/\/www.suno.com.br\/noticias\/#organization\",\"name\":\"Suno Not\u00edcias\",\"url\":\"https:\/\/www.suno.com.br\/noticias\/\",\"logo\":{\"@type\":\"ImageObject\",\"inLanguage\":\"pt-BR\",\"@id\":\"https:\/\/www.suno.com.br\/noticias\/#\/schema\/logo\/image\/\",\"url\":\"https:\/\/files.sunoresearch.com.br\/n\/uploads\/2021\/09\/suno-logo.png\",\"contentUrl\":\"https:\/\/files.sunoresearch.com.br\/n\/uploads\/2021\/09\/suno-logo.png\",\"width\":180,\"height\":180,\"caption\":\"Suno Not\u00edcias\"},\"image\":{\"@id\":\"https:\/\/www.suno.com.br\/noticias\/#\/schema\/logo\/image\/\"},\"sameAs\":[\"https:\/\/facebook.com\/sunoresearch\",\"https:\/\/x.com\/sunoresearch\",\"https:\/\/www.instagram.com\/suno\",\"https:\/\/www.linkedin.com\/company\/suno-research\/\",\"https:\/\/www.youtube.com\/c\/sunoresearch\"]},{\"@type\":\"Person\",\"@id\":\"https:\/\/www.suno.com.br\/noticias\/#\/schema\/person\/7f4d362bf3518e76090143ae77bb49a5\",\"name\":\"Eduardo Vargas\",\"image\":{\"@type\":\"ImageObject\",\"inLanguage\":\"pt-BR\",\"@id\":\"https:\/\/www.suno.com.br\/noticias\/#\/schema\/person\/image\/\",\"url\":\"https:\/\/secure.gravatar.com\/avatar\/dac340933427a22924c9f99d1eb2e3f2?s=96&r=g\",\"contentUrl\":\"https:\/\/secure.gravatar.com\/avatar\/dac340933427a22924c9f99d1eb2e3f2?s=96&r=g\",\"caption\":\"Eduardo Vargas\"},\"description\":\"Jornalista formado pela UFSC, cobre macroeconomia, neg\u00f3cios e startups para o Suno Not\u00edcias, escrevendo principalmente not\u00edcias sobre o mercado financeiro e a bolsa de valores. No YouTube e no Instagram, \u00e9 respons\u00e1vel pela produ\u00e7\u00e3o de Reels e Shorts do Suno Not\u00edcias. Anteriormente, trabalhou cobrindo economia e cotidiano no ND+ e para o ND, maior jornal impresso de Santa Catarina. Cursou um semestre letivo de Estudos de M\u00eddia na Universidad de Buenos Aires.\",\"url\":\"https:\/\/www.suno.com.br\/noticias\/author\/eduardo-vargas\/\"}]}<\/script>\n<!-- \/ Yoast SEO plugin. -->","yoast_head_json":{"title":"Vale (VALE3) rebate fala de Lula sobre Brumadinho","description":"Lula declarou que n\u00e3o houve, da parte da Vale, o pagamento da indeniza\u00e7\u00e3o pelos danos sociais e ambientais causados","robots":{"index":"index","follow":"follow","max-snippet":"max-snippet:-1","max-image-preview":"max-image-preview:large","max-video-preview":"max-video-preview:-1"},"canonical":"https:\/\/www.suno.com.br\/noticias\/vale-vale3-refuta-lula-indenizacao-brumadinho-evm\/","og_locale":"pt_BR","og_type":"article","og_title":"Vale (VALE3) rebate fala de Lula sobre Brumadinho","og_description":"Lula declarou que n\u00e3o houve, da parte da Vale, o pagamento da indeniza\u00e7\u00e3o pelos danos sociais e ambientais causados","og_url":"https:\/\/www.suno.com.br\/noticias\/vale-vale3-refuta-lula-indenizacao-brumadinho-evm\/","og_site_name":"Suno Not\u00edcias","article_publisher":"https:\/\/facebook.com\/sunoresearch","og_image":[{"width":2048,"height":1365,"url":"https:\/\/files.sunoresearch.com.br\/n\/uploads\/2024\/03\/53582035884_ff6b54a412_k.jpg","type":"image\/jpeg"}],"author":"Eduardo Vargas","twitter_card":"summary_large_image","twitter_creator":"@sunoresearch","twitter_site":"@sunoresearch","twitter_misc":{"Escrito por":"Eduardo Vargas","Est. tempo de leitura":"2 minutos"},"schema":{"@context":"https:\/\/schema.org","@graph":[{"@type":"NewsArticle","@id":"https:\/\/www.suno.com.br\/noticias\/vale-vale3-refuta-lula-indenizacao-brumadinho-evm\/#article","isPartOf":{"@id":"https:\/\/www.suno.com.br\/noticias\/vale-vale3-refuta-lula-indenizacao-brumadinho-evm\/"},"author":{"name":"Eduardo Vargas","@id":"https:\/\/www.suno.com.br\/noticias\/#\/schema\/person\/7f4d362bf3518e76090143ae77bb49a5"},"headline":"Vale (VALE3) rebate fala de Lula sobre falta de indeniza\u00e7\u00e3o em trag\u00e9dia de Brumadinho","datePublished":"2024-06-20T16:10:56+00:00","dateModified":"2024-06-20T16:11:01+00:00","mainEntityOfPage":{"@id":"https:\/\/www.suno.com.br\/noticias\/vale-vale3-refuta-lula-indenizacao-brumadinho-evm\/"},"wordCount":295,"publisher":{"@id":"https:\/\/www.suno.com.br\/noticias\/#organization"},"image":{"@id":"https:\/\/www.suno.com.br\/noticias\/vale-vale3-refuta-lula-indenizacao-brumadinho-evm\/#primaryimage"},"thumbnailUrl":"https:\/\/files.sunoresearch.com.br\/n\/uploads\/2024\/03\/53582035884_ff6b54a412_k.jpg","keywords":["Ag\u00eancias","Lula","Vale (VALE3)"],"articleSection":["Pol\u00edtica"],"inLanguage":"pt-BR"},{"@type":"WebPage","@id":"https:\/\/www.suno.com.br\/noticias\/vale-vale3-refuta-lula-indenizacao-brumadinho-evm\/","url":"https:\/\/www.suno.com.br\/noticias\/vale-vale3-refuta-lula-indenizacao-brumadinho-evm\/","name":"Vale (VALE3) rebate fala de Lula sobre Brumadinho","isPartOf":{"@id":"https:\/\/www.suno.com.br\/noticias\/#website"},"primaryImageOfPage":{"@id":"https:\/\/www.suno.com.br\/noticias\/vale-vale3-refuta-lula-indenizacao-brumadinho-evm\/#primaryimage"},"image":{"@id":"https:\/\/www.suno.com.br\/noticias\/vale-vale3-refuta-lula-indenizacao-brumadinho-evm\/#primaryimage"},"thumbnailUrl":"https:\/\/files.sunoresearch.com.br\/n\/uploads\/2024\/03\/53582035884_ff6b54a412_k.jpg","datePublished":"2024-06-20T16:10:56+00:00","dateModified":"2024-06-20T16:11:01+00:00","description":"Lula declarou que n\u00e3o houve, da parte da Vale, o pagamento da indeniza\u00e7\u00e3o pelos danos sociais e ambientais causados","breadcrumb":{"@id":"https:\/\/www.suno.com.br\/noticias\/vale-vale3-refuta-lula-indenizacao-brumadinho-evm\/#breadcrumb"},"inLanguage":"pt-BR","potentialAction":[{"@type":"ReadAction","target":["https:\/\/www.suno.com.br\/noticias\/vale-vale3-refuta-lula-indenizacao-brumadinho-evm\/"]}]},{"@type":"ImageObject","inLanguage":"pt-BR","@id":"https:\/\/www.suno.com.br\/noticias\/vale-vale3-refuta-lula-indenizacao-brumadinho-evm\/#primaryimage","url":"https:\/\/files.sunoresearch.com.br\/n\/uploads\/2024\/03\/53582035884_ff6b54a412_k.jpg","contentUrl":"https:\/\/files.sunoresearch.com.br\/n\/uploads\/2024\/03\/53582035884_ff6b54a412_k.jpg","width":2048,"height":1365,"caption":"Presidente Lula assina medida provis\u00f3ria para apoiar setores prejudicados pelo tarifa\u00e7o dos EUA. Foto: Ricardo Stuckert \/ PR"},{"@type":"BreadcrumbList","@id":"https:\/\/www.suno.com.br\/noticias\/vale-vale3-refuta-lula-indenizacao-brumadinho-evm\/#breadcrumb","itemListElement":[{"@type":"ListItem","position":1,"name":"Not\u00edcias","item":"https:\/\/www.suno.com.br\/noticias\/"},{"@type":"ListItem","position":2,"name":"Pol\u00edtica","item":"https:\/\/www.suno.com.br\/noticias\/politica\/"},{"@type":"ListItem","position":3,"name":"Vale (VALE3) rebate fala de Lula sobre falta de indeniza\u00e7\u00e3o em trag\u00e9dia de Brumadinho"}]},{"@type":"WebSite","@id":"https:\/\/www.suno.com.br\/noticias\/#website","url":"https:\/\/www.suno.com.br\/noticias\/","name":"Suno Not\u00edcias","description":"Seu portal de informa\u00e7\u00e3o sobre o mundo dos investimentos","publisher":{"@id":"https:\/\/www.suno.com.br\/noticias\/#organization"},"potentialAction":[{"@type":"SearchAction","target":{"@type":"EntryPoint","urlTemplate":"https:\/\/www.suno.com.br\/noticias\/?s={search_term_string}"},"query-input":{"@type":"PropertyValueSpecification","valueRequired":true,"valueName":"search_term_string"}}],"inLanguage":"pt-BR"},{"@type":"Organization","@id":"https:\/\/www.suno.com.br\/noticias\/#organization","name":"Suno Not\u00edcias","url":"https:\/\/www.suno.com.br\/noticias\/","logo":{"@type":"ImageObject","inLanguage":"pt-BR","@id":"https:\/\/www.suno.com.br\/noticias\/#\/schema\/logo\/image\/","url":"https:\/\/files.sunoresearch.com.br\/n\/uploads\/2021\/09\/suno-logo.png","contentUrl":"https:\/\/files.sunoresearch.com.br\/n\/uploads\/2021\/09\/suno-logo.png","width":180,"height":180,"caption":"Suno Not\u00edcias"},"image":{"@id":"https:\/\/www.suno.com.br\/noticias\/#\/schema\/logo\/image\/"},"sameAs":["https:\/\/facebook.com\/sunoresearch","https:\/\/x.com\/sunoresearch","https:\/\/www.instagram.com\/suno","https:\/\/www.linkedin.com\/company\/suno-research\/","https:\/\/www.youtube.com\/c\/sunoresearch"]},{"@type":"Person","@id":"https:\/\/www.suno.com.br\/noticias\/#\/schema\/person\/7f4d362bf3518e76090143ae77bb49a5","name":"Eduardo Vargas","image":{"@type":"ImageObject","inLanguage":"pt-BR","@id":"https:\/\/www.suno.com.br\/noticias\/#\/schema\/person\/image\/","url":"https:\/\/secure.gravatar.com\/avatar\/dac340933427a22924c9f99d1eb2e3f2?s=96&r=g","contentUrl":"https:\/\/secure.gravatar.com\/avatar\/dac340933427a22924c9f99d1eb2e3f2?s=96&r=g","caption":"Eduardo Vargas"},"description":"Jornalista formado pela UFSC, cobre macroeconomia, neg\u00f3cios e startups para o Suno Not\u00edcias, escrevendo principalmente not\u00edcias sobre o mercado financeiro e a bolsa de valores. No YouTube e no Instagram, \u00e9 respons\u00e1vel pela produ\u00e7\u00e3o de Reels e Shorts do Suno Not\u00edcias. Anteriormente, trabalhou cobrindo economia e cotidiano no ND+ e para o ND, maior jornal impresso de Santa Catarina. Cursou um semestre letivo de Estudos de M\u00eddia na Universidad de Buenos Aires.","url":"https:\/\/www.suno.com.br\/noticias\/author\/eduardo-vargas\/"}]}},"default_loop_html":"<div class=\"cardsPage__listCard__boxs\"><div class=\"cardsPage__listCard__boxs__img\"><a href=\"https:\/\/www.suno.com.br\/noticias\/vale-vale3-refuta-lula-indenizacao-brumadinho-evm\/\"><img class=\"mask\" src=\"https:\/\/www.suno.com.br\/noticias\/wp-content\/themes\/suno\/resources\/images\/spotlight\/spotlight1img\/bg-mask.png\" alt=\"Image Mask\"\/><img src=\"https:\/\/files.sunoresearch.com.br\/n\/uploads\/2024\/03\/53582035884_ff6b54a412_k-400x200.jpg\" alt=\"Vale (VALE3) rebate fala de Lula sobre falta de indeniza\u00e7\u00e3o em trag\u00e9dia de Brumadinho\"\/><\/a><span class=\"spotlightCategory\"><a href=\"https:\/\/www.suno.com.br\/noticias\/politica\/\">Pol\u00edtica<\/a><\/span><\/div><div class=\"cardsPage__listCard__boxs__content\"><a href=\"https:\/\/www.suno.com.br\/noticias\/vale-vale3-refuta-lula-indenizacao-brumadinho-evm\/\"><h2 class=\"content__title\">Vale (VALE3) rebate fala de Lula sobre falta de indeniza\u00e7\u00e3o em trag\u00e9dia de Brumadinho<\/h2><\/a><div class=\"newsContent__article__meta\"><div class=\"newsContent__article__meta__authorBox\"><a href=\"https:\/\/www.suno.com.br\/noticias\/author\/eduardo-vargas\/\" class=\"authorBox__avatar noMobi\"><img src=\"https:\/\/secure.gravatar.com\/avatar\/dac340933427a22924c9f99d1eb2e3f2?s=96&#038;r=g\" alt=\"Eduardo Vargas\"><\/a><div class=\"authorBox__name\"><span>por\n\t\t\t<a href=\"https:\/\/www.suno.com.br\/noticias\/author\/eduardo-vargas\/\"><span itemprop=\"author\">Eduardo Vargas<\/span><\/a><\/span><time datetime=\"2024-06-20T13:10:56-03:00\" itemprop=\"datePublished\">20\/06\/2024 13:10<\/time><\/div><\/div><\/div><\/div><\/div>","single_layout":"posts","amp_enabled":true,"_links":{"self":[{"href":"https:\/\/www.suno.com.br\/noticias\/wp-json\/wp\/v2\/posts\/562917"}],"collection":[{"href":"https:\/\/www.suno.com.br\/noticias\/wp-json\/wp\/v2\/posts"}],"about":[{"href":"https:\/\/www.suno.com.br\/noticias\/wp-json\/wp\/v2\/types\/post"}],"author":[{"embeddable":true,"href":"https:\/\/www.suno.com.br\/noticias\/wp-json\/wp\/v2\/users\/73"}],"replies":[{"embeddable":true,"href":"https:\/\/www.suno.com.br\/noticias\/wp-json\/wp\/v2\/comments?post=562917"}],"version-history":[{"count":3,"href":"https:\/\/www.suno.com.br\/noticias\/wp-json\/wp\/v2\/posts\/562917\/revisions"}],"predecessor-version":[{"id":562939,"href":"https:\/\/www.suno.com.br\/noticias\/wp-json\/wp\/v2\/posts\/562917\/revisions\/562939"}],"wp:featuredmedia":[{"embeddable":true,"href":"https:\/\/www.suno.com.br\/noticias\/wp-json\/wp\/v2\/media\/533452"}],"wp:attachment":[{"href":"https:\/\/www.suno.com.br\/noticias\/wp-json\/wp\/v2\/media?parent=562917"}],"wp:term":[{"taxonomy":"category","embeddable":true,"href":"https:\/\/www.suno.com.br\/noticias\/wp-json\/wp\/v2\/categories?post=562917"},{"taxonomy":"post_tag","embeddable":true,"href":"https:\/\/www.suno.com.br\/noticias\/wp-json\/wp\/v2\/tags?post=562917"},{"taxonomy":"suno_strategy","embeddable":true,"href":"https:\/\/www.suno.com.br\/noticias\/wp-json\/wp\/v2\/suno_strategy?post=562917"}],"curies":[{"name":"wp","href":"https:\/\/api.w.org\/{rel}","templated":true}]}}