{"id":562752,"date":"2024-06-19T19:02:15","date_gmt":"2024-06-19T22:02:15","guid":{"rendered":"https:\/\/www.suno.com.br\/noticias\/?p=562752"},"modified":"2024-06-19T19:04:39","modified_gmt":"2024-06-19T22:04:39","slug":"copom-decisao-taxa-selic-junho-2024-gss","status":"publish","type":"post","link":"https:\/\/www.suno.com.br\/noticias\/copom-decisao-taxa-selic-junho-2024-gss\/","title":{"rendered":"Copom mant\u00e9m taxa Selic em 10,50% ao ano e interrompe ciclo de sete cortes consecutivos"},"content":{"rendered":"<p>O Comit\u00ea de <a class=\"suno-keyword\" data-force=\"no\" data-priority=\"1\" href=\"https:\/\/www.suno.com.br\/artigos\/politica-monetaria\/\" target=\"_blank\" rel=\"noopener\">Pol\u00edtica Monet\u00e1ria<\/a> (<strong>Copom<\/strong>), do Banco Central, anunciou nesta quarta (19) a manuten\u00e7\u00e3o da Selic em 10,50% ao ano, interrompendo um ciclo de sete cortes consecutivos na taxa. No comunicado, o comit\u00ea indicou que n\u00e3o deve haver novas redu\u00e7\u00f5es no <a class=\"suno-keyword\" data-force=\"no\" data-priority=\"1\" href=\"https:\/\/www.suno.com.br\/artigos\/curto-prazo\/\" target=\"_blank\" rel=\"noopener\">curto prazo<\/a>. <\/p>\t<div class=\"wrapper-featured-image\">\n\t\t<figure class=\"spotlightImg\">\n\n\t\t\t<picture>\n\t\t\t\t<source media=\"(max-width: 768px)\" srcset=\"https:\/\/files.sunoresearch.com.br\/n\/uploads\/2023\/05\/agenda-copom-natura-ntco3-braskem-cpi-eua-400x200.jpg\">\n\t\t\t\t<img loading=\"lazy\" decoding=\"async\" class=\"newsContent__article__imgCapa lazyloadDisabled \" src=\"https:\/\/files.sunoresearch.com.br\/n\/uploads\/2023\/05\/agenda-copom-natura-ntco3-braskem-cpi-eua-800x450.jpg\" width=\"800\" height=\"450\" alt=\"Copom mant\u00e9m taxa Selic em 10,50% ao ano e interrompe ciclo de sete cortes consecutivos\" fetchpriority=high \/>\n\t\t\t<\/picture>\n\n\t\t\t<figcaption class=\"wp-caption-text wp-caption-text--show\"> Reuni\u00e3o do Copom -  Foto: Copom \/Divulga\u00e7\u00e3o<\/figcaption>\n\t\t<\/figure>\n\t<\/div>\n\n\n\n\n\n\n\n\t<p>\n\t\t<a href=\"\" target=\"_blank\" data-element=\"shortcode-suno-banner\" title=\"Banner SUNO, clique e saiba mais\">\n\t\t\t<picture>\n\t\t\t\t<source media=\"(max-width: 500px)\" srcset=\"\">\n\t\t\t\t<img class=\"newsContent__article__imgCapa newsContent__article__imgCapa--banner\"\n\t\t\t\t\tsrc=\"\"\n\t\t\t\t\tdata-promo-id=\"240038\"\t\t\t\t\t\t\t\t\t\t\t\t\t\t\talt=\"\"\n\t\t\t\t>\n\t\t\t<\/picture>\n\t\t<\/a>\n\t<\/p>\n\n\n\n\n\n<p>A <strong>decis\u00e3o do Copom<\/strong> de manter a <strong>Selic<\/strong> j\u00e1 era esperada por boa parte do mercado, que via fatores como risco fiscal, infla\u00e7\u00e3o e o alto patamar dos juros nos Estados Unidos obrigando o Banco Central brasileiro a cessar os cortes por aqui. <\/p>\n\n\n\n<p>A <strong>manuten\u00e7\u00e3o da Selic<\/strong> foi unanimidade entre o colegiado do BC. Ou seja: todos os membros votaram a favor de n\u00e3o realizar uma nova redu\u00e7\u00e3o nos juros. Na reuni\u00e3o passada, a &#8220;racha&#8221;, ou falta de consenso entre os membros, foi um dos fatores que preocuparam o mercado. <\/p>\n\n\n\n<p>No <strong>comunicado do Copom<\/strong>, o comit\u00ea afirma que o ambiente externo segue adverso, em linha com a incerteza elevada e persistente sobre a flexibiliza\u00e7\u00e3o da pol\u00edtica monet\u00e1ria nos Estados Unidos e as d\u00favidas sobre a velocidade da queda sustentada da <strong>infla\u00e7\u00e3o<\/strong> em outros pa\u00edses.<\/p>\n\n\n\n<p>&#8220;Os bancos centrais das principais economias permanecem determinados em promover a converg\u00eancia das taxas de infla\u00e7\u00e3o para suas metas em um ambiente marcado por press\u00f5es nos mercados de trabalho. O Comit\u00ea avalia que o cen\u00e1rio segue exigindo cautela por parte de <a class=\"suno-keyword\" target=\"_blank\" data-force=\"no\" data-priority=\"2\" href=\"https:\/\/www.suno.com.br\/artigos\/paises-emergentes\/\" rel=\"noopener\">pa\u00edses emergentes<\/a>&#8220;, afirma a autarquia.<\/p>\n\n\n\n<p>Em rela\u00e7\u00e3o ao cen\u00e1rio dom\u00e9stico, o Copom segue enxergando um dinamismo acima do esperado nos <a class=\"suno-keyword\" target=\"_blank\" data-force=\"no\" data-priority=\"1\" href=\"https:\/\/www.suno.com.br\/artigos\/indicadores-de-atividade\/\" rel=\"noopener\">indicadores de atividade<\/a> econ\u00f4mica e mercado de trabalho. Segundo o BC, a <strong>infla\u00e7\u00e3o cheia<\/strong> ao consumidor vem apresentando trajet\u00f3ria de desinfla\u00e7\u00e3o, ao passo que <strong>medidas de infla\u00e7\u00e3o <\/strong>subjacente se situaram acima da meta nas divulga\u00e7\u00f5es mais recentes.<\/p>\n\n\n\n<h2 class=\"wp-block-heading\">Quest\u00f5es fiscais impactam pol\u00edtica monet\u00e1ria<\/h2>\n\n\n\n<p>O quadro <strong>fiscal brasileiro<\/strong> \u00e9 um dos entraves mais citados pelos analistas em rela\u00e7\u00e3o aos poss\u00edveis novos cortes de juros, e o tema tamb\u00e9m foi abordado pelo Copom.<\/p>\n\n\n\n<p>&#8220;O Comit\u00ea monitora com aten\u00e7\u00e3o como os desenvolvimentos recentes da <a class=\"suno-keyword\" target=\"_blank\" data-force=\"no\" data-priority=\"1\" href=\"https:\/\/www.suno.com.br\/artigos\/politica-fiscal\/\" rel=\"noopener\">pol\u00edtica fiscal<\/a> impactam a pol\u00edtica monet\u00e1ria e os ativos financeiros. O Comit\u00ea reafirma que uma pol\u00edtica fiscal cr\u00edvel e comprometida com a sustentabilidade da d\u00edvida contribui para a ancoragem das expectativas de infla\u00e7\u00e3o e para a redu\u00e7\u00e3o dos pr\u00eamios de risco dos ativos financeiros, consequentemente impactando a pol\u00edtica monet\u00e1ria&#8221;, diz o comunicado.<\/p>\n\n\n\n<h2 class=\"wp-block-heading\">Proje\u00e7\u00f5es de infla\u00e7\u00e3o e riscos<\/h2>\n\n\n\n<p>As <strong>proje\u00e7\u00f5es de infla\u00e7\u00e3o<\/strong> do Copom em seu cen\u00e1rio de refer\u00eancia est\u00e3o em 4% em 2024 e 3,4% em 2025. Em um cen\u00e1rio alternativo, no qual a <strong>taxa Selic<\/strong> \u00e9 mantida constante ao longo do horizonte relevante, as proje\u00e7\u00f5es do comit\u00ea ficam em 4% para 2024 e 3,1% para 2025.<\/p>\n\n\n\n<p>O Copom destaca que h\u00e1 fatores de risco em ambas as dire\u00e7\u00f5es em seus cen\u00e1rios para infla\u00e7\u00e3o. Entre os riscos de alta para o cen\u00e1rio inflacion\u00e1rio e as expectativas de infla\u00e7\u00e3o, destacam-se:<\/p>\n\n\n\n<ul class=\"wp-block-list\">\n<li>Maior persist\u00eancia das press\u00f5es inflacion\u00e1rias globais<\/li>\n\n\n\n<li>Maior resili\u00eancia na infla\u00e7\u00e3o de servi\u00e7os do que a projetada em fun\u00e7\u00e3o de um hiato do produto mais apertado. <\/li>\n<\/ul>\n\n\n\n<p>Entre os riscos de baixa, o comit\u00ea ressalta:<\/p>\n\n\n\n<ul class=\"wp-block-list\">\n<li>Desacelera\u00e7\u00e3o da atividade econ\u00f4mica global mais acentuada do que a projetada<\/li>\n\n\n\n<li>Impactos do aperto monet\u00e1rio sincronizado sobre a desinfla\u00e7\u00e3o global se mostrarem mais fortes do que o esperado.<\/li>\n<\/ul>\n\n\n\n<h2 class=\"wp-block-heading\">Quais ser\u00e3o os pr\u00f3ximos passos do Copom?<\/h2>\n\n\n\n<p>Levando em conta os fatores citados acima, o <strong>Comit\u00ea de Pol\u00edtica Monet\u00e1ria<\/strong> do <strong>Banco Central<\/strong> entendeu que a <strong>manuten\u00e7\u00e3o da Selic<\/strong> no atual patamar de 10,50% ao ano \u00e9 uma decis\u00e3o compat\u00edvel com a estrat\u00e9gia de converg\u00eancia da infla\u00e7\u00e3o para o redor da meta ao longo do horizonte relevante, que inclui o ano de 2025.<\/p>\n\n\n\n<p>&#8220;A conjuntura atual, caracterizada por um est\u00e1gio do processo desinflacion\u00e1rio que tende a ser mais lento, amplia\u00e7\u00e3o da desancoragem das expectativas de infla\u00e7\u00e3o e um cen\u00e1rio global desafiador, demanda serenidade e modera\u00e7\u00e3o na condu\u00e7\u00e3o da pol\u00edtica monet\u00e1ria&#8221;, diz o comunicado.<\/p>\n\n\n\n<p>O comit\u00ea deu, ainda, uma pista sobre os seus pr\u00f3ximos passos, afirmando que &#8220;a pol\u00edtica monet\u00e1ria deve se manter contracionista por tempo suficiente em patamar que consolide n\u00e3o apenas o processo de desinfla\u00e7\u00e3o como tamb\u00e9m a ancoragem das expectativas em torno de suas metas&#8221;. Ou seja, novos cortes na Selic n\u00e3o est\u00e3o entre as expectativas do Copom no curto prazo. <\/p>\n\n\n\t<p>\n\t\t<a href=\"https:\/\/lp.suno.com.br\/ebook-gratuito-investindo-no-exterior\/\" target=\"_blank\" data-element=\"shortcode-suno-banner\" title=\"Banner SUNO, clique e saiba mais\">\n\t\t\t<picture>\n\t\t\t\t<source media=\"(max-width: 500px)\" srcset=\"https:\/\/files.sunoresearch.com.br\/n\/uploads\/2023\/03\/400x300-Investindo-no-exterior.png\">\n\t\t\t\t<img class=\"newsContent__article__imgCapa newsContent__article__imgCapa--banner\"\n\t\t\t\t\tsrc=\"https:\/\/files.sunoresearch.com.br\/n\/uploads\/2023\/03\/1420x240-Investindo-no-exterior.png\"\n\t\t\t\t\tdata-promo-id=\"383161\"\t\t\t\t\t\t\t\t\t\twidth='1420' height='240'\t\t\t\t\talt=\"https:\/\/files.sunoresearch.com.br\/n\/uploads\/2023\/03\/1420x240-Investindo-no-exterior.png\"\n\t\t\t\t>\n\t\t\t<\/picture>\n\t\t<\/a>\n\t<\/p>\n\n\n\n\n\n<h2 class=\"wp-block-heading\">Leia o comunicado do Copom sobre a manuten\u00e7\u00e3o da Selic<\/h2>\n\n\n\n<p>O ambiente externo mant\u00e9m-se adverso, em fun\u00e7\u00e3o da incerteza elevada e persistente sobre a flexibiliza\u00e7\u00e3o da pol\u00edtica monet\u00e1ria nos Estados Unidos e quanto \u00e0 velocidade com que se observar\u00e1 a queda da infla\u00e7\u00e3o de forma sustentada em diversos pa\u00edses. Os bancos centrais das principais economias permanecem determinados em promover a converg\u00eancia das taxas de infla\u00e7\u00e3o para suas metas em um ambiente marcado por press\u00f5es nos mercados de trabalho. O Comit\u00ea avalia que o cen\u00e1rio segue exigindo cautela por parte de pa\u00edses emergentes.<\/p>\n\n\n\n<p>Em rela\u00e7\u00e3o ao cen\u00e1rio dom\u00e9stico, o conjunto dos indicadores de atividade econ\u00f4mica e do mercado de trabalho segue apresentando dinamismo maior do que o esperado. A infla\u00e7\u00e3o cheia ao consumidor tem apresentado trajet\u00f3ria de desinfla\u00e7\u00e3o, enquanto medidas de infla\u00e7\u00e3o subjacente se situaram acima da meta para a infla\u00e7\u00e3o nas divulga\u00e7\u00f5es mais recentes.<\/p>\n\n\n\n<p>As expectativas de infla\u00e7\u00e3o para 2024 e 2025 apuradas pela pesquisa Focus encontram-se em torno de 4,0% e 3,8%, respectivamente.<\/p>\n\n\n\n<p>As proje\u00e7\u00f5es de infla\u00e7\u00e3o do Copom em seu cen\u00e1rio de refer\u00eancia* situam-se em 4,0% em 2024 e 3,4% em 2025. As proje\u00e7\u00f5es para a infla\u00e7\u00e3o de <a class=\"suno-keyword\" target=\"_blank\" data-force=\"no\" data-priority=\"1\" href=\"https:\/\/www.suno.com.br\/artigos\/precos-administrados\/\" rel=\"noopener\">pre\u00e7os administrados<\/a> s\u00e3o de 4,4% em 2024 e 4,0% em 2025. Em cen\u00e1rio alternativo, no qual a taxa Selic \u00e9 mantida constante ao longo do horizonte relevante, as proje\u00e7\u00f5es de infla\u00e7\u00e3o situam-se em 4,0% para 2024 e 3,1% para 2025.<\/p>\n\n\n\n<p>O Comit\u00ea ressalta que, em seus cen\u00e1rios para a infla\u00e7\u00e3o, permanecem fatores de risco em ambas as dire\u00e7\u00f5es. Entre os riscos de alta para o cen\u00e1rio inflacion\u00e1rio e as expectativas de infla\u00e7\u00e3o, destacam-se (i) uma maior persist\u00eancia das press\u00f5es inflacion\u00e1rias globais; e (ii) uma maior resili\u00eancia na infla\u00e7\u00e3o de servi\u00e7os do que a projetada em fun\u00e7\u00e3o de um hiato do produto mais apertado. Entre os riscos de baixa, ressaltam-se (i) uma desacelera\u00e7\u00e3o da atividade econ\u00f4mica global mais acentuada do que a projetada; e (ii) os impactos do aperto monet\u00e1rio sincronizado sobre a desinfla\u00e7\u00e3o global se mostrarem mais fortes do que o esperado. &nbsp;O Comit\u00ea avalia que as conjunturas dom\u00e9stica e internacional seguem mais incertas, exigindo maior cautela na condu\u00e7\u00e3o da pol\u00edtica monet\u00e1ria.<\/p>\n\n\n\n<p>O Comit\u00ea monitora com aten\u00e7\u00e3o como os desenvolvimentos recentes da pol\u00edtica fiscal impactam a pol\u00edtica monet\u00e1ria e os ativos financeiros. O Comit\u00ea reafirma que uma pol\u00edtica fiscal cr\u00edvel e comprometida com a sustentabilidade da d\u00edvida contribui para a ancoragem das expectativas de infla\u00e7\u00e3o e para a redu\u00e7\u00e3o dos pr\u00eamios de risco dos ativos financeiros, consequentemente impactando a pol\u00edtica monet\u00e1ria.&nbsp;<\/p>\n\n\n\n<p>Considerando a evolu\u00e7\u00e3o do processo de desinfla\u00e7\u00e3o, os cen\u00e1rios avaliados, o balan\u00e7o de riscos e o amplo conjunto de informa\u00e7\u00f5es dispon\u00edveis, o Copom decidiu manter a <a class=\"suno-keyword\" target=\"_blank\" data-force=\"no\" data-priority=\"1\" href=\"https:\/\/www.suno.com.br\/artigos\/taxa-de-juros\/\" rel=\"noopener\">taxa b\u00e1sica de juros<\/a> em 10,50% a.a. e entende que essa decis\u00e3o \u00e9 compat\u00edvel com a estrat\u00e9gia de converg\u00eancia da infla\u00e7\u00e3o para o redor da meta ao longo do horizonte relevante, que inclui o ano de 2025. Sem preju\u00edzo de seu objetivo fundamental de assegurar a estabilidade de pre\u00e7os, essa decis\u00e3o tamb\u00e9m implica suaviza\u00e7\u00e3o das flutua\u00e7\u00f5es do n\u00edvel de atividade econ\u00f4mica e fomento do <a class=\"suno-keyword\" target=\"_blank\" data-force=\"no\" data-priority=\"1\" href=\"https:\/\/www.suno.com.br\/artigos\/pleno-emprego\/\" rel=\"noopener\">pleno emprego<\/a>.<\/p>\n\n\n\n<p>A conjuntura atual, caracterizada por um est\u00e1gio do processo desinflacion\u00e1rio que tende a ser mais lento, amplia\u00e7\u00e3o da desancoragem das expectativas de infla\u00e7\u00e3o e um cen\u00e1rio global desafiador, demanda serenidade e modera\u00e7\u00e3o na condu\u00e7\u00e3o da pol\u00edtica monet\u00e1ria.<\/p>\n\n\n\n<p>O Comit\u00ea, unanimemente, optou por interromper o ciclo de queda de juros, destacando que o cen\u00e1rio global incerto e o cen\u00e1rio dom\u00e9stico marcado por resili\u00eancia na atividade, eleva\u00e7\u00e3o das proje\u00e7\u00f5es de infla\u00e7\u00e3o e expectativas desancoradas demandam maior cautela. Ressalta, ademais, que a pol\u00edtica monet\u00e1ria deve se manter contracionista por tempo suficiente em patamar que consolide n\u00e3o apenas o processo de desinfla\u00e7\u00e3o como tamb\u00e9m a ancoragem das expectativas em torno de suas metas. O Comit\u00ea se manter\u00e1 vigilante e relembra, como usual, que eventuais ajustes futuros na <a class=\"suno-keyword\" target=\"_blank\" data-force=\"no\" data-priority=\"2\" href=\"https:\/\/www.suno.com.br\/artigos\/juros\/\" rel=\"noopener\">taxa de juros<\/a> ser\u00e3o ditados pelo firme compromisso de converg\u00eancia da infla\u00e7\u00e3o \u00e0 meta.<\/p>\n\n\n\n<p>Votaram por essa decis\u00e3o os seguintes membros do Comit\u00ea: Roberto de Oliveira Campos Neto (presidente), Ailton de Aquino Santos, Carolina de Assis Barros, Diogo Abry Guillen, Gabriel Muricca Gal\u00edpolo, Ot\u00e1vio Ribeiro Damaso, Paulo Picchetti, Renato Dias de Brito Gomes e Rodrigo Alves Teixeira.<\/p>\n\n\n\t<p>\n\t\t<a href=\"https:\/\/lp.suno.com.br\/planilha-da-vida-financeira\/\" target=\"_blank\" data-element=\"shortcode-suno-banner\" title=\"Banner SUNO, clique e saiba mais\">\n\t\t\t<picture>\n\t\t\t\t<source media=\"(max-width: 500px)\" srcset=\"https:\/\/files.sunoresearch.com.br\/n\/uploads\/2023\/04\/400x300-Planilha-vida-financeira-true.png\">\n\t\t\t\t<img class=\"newsContent__article__imgCapa newsContent__article__imgCapa--banner\"\n\t\t\t\t\tsrc=\"https:\/\/files.sunoresearch.com.br\/n\/uploads\/2023\/04\/1420x240-Planilha-vida-financeira-true.png\"\n\t\t\t\t\tdata-promo-id=\"383123\"\t\t\t\t\t\t\t\t\t\twidth='1420' height='240'\t\t\t\t\talt=\"https:\/\/files.sunoresearch.com.br\/n\/uploads\/2023\/04\/1420x240-Planilha-vida-financeira-true.png\"\n\t\t\t\t>\n\t\t\t<\/picture>\n\t\t<\/a>\n\t<\/p>\n\n\n","protected":false},"excerpt":{"rendered":"<p>O Comit\u00ea de Pol\u00edtica Monet\u00e1ria (Copom), do Banco Central, anunciou nesta quarta (19) a manuten\u00e7\u00e3o da Selic em 10,50% ao ano, interrompendo um ciclo de sete cortes consecutivos na taxa. No comunicado, o comit\u00ea indicou que n\u00e3o deve haver novas redu\u00e7\u00f5es no curto prazo. Reuni\u00e3o do Copom &#8211; Foto: Copom \/Divulga\u00e7\u00e3o A decis\u00e3o do Copom [&hellip;]<\/p>\n","protected":false},"author":376,"featured_media":402006,"comment_status":"closed","ping_status":"closed","sticky":false,"template":"","format":"standard","meta":[],"categories":[64],"tags":[1842,1104,290],"suno_strategy":[],"class_list":["post-562752","post","type-post","status-publish","format-standard","has-post-thumbnail","hentry","category-negocios","tag-banco-central-bc","tag-copom","tag-taxa-selic"],"yoast_head":"<!-- This site is optimized with the Yoast SEO plugin v24.4 - https:\/\/yoast.com\/wordpress\/plugins\/seo\/ -->\n<title>Copom mant\u00e9m taxa Selic em 10,50%; leia o comunicado do BC<\/title>\n<meta name=\"description\" content=\"O Comit\u00ea de Pol\u00edtica Monet\u00e1ria (Copom), do Banco Central, optou por cessar os cortes na taxa Selic. Veja por qu\u00ea.\" \/>\n<meta name=\"robots\" content=\"index, follow, max-snippet:-1, max-image-preview:large, max-video-preview:-1\" \/>\n<link rel=\"canonical\" href=\"https:\/\/www.suno.com.br\/noticias\/copom-decisao-taxa-selic-junho-2024-gss\/\" \/>\n<meta property=\"og:locale\" content=\"pt_BR\" \/>\n<meta property=\"og:type\" content=\"article\" \/>\n<meta property=\"og:title\" content=\"Copom mant\u00e9m taxa Selic em 10,50%; leia o comunicado do BC\" \/>\n<meta property=\"og:description\" content=\"O Comit\u00ea de Pol\u00edtica Monet\u00e1ria (Copom), do Banco Central, optou por cessar os cortes na taxa Selic. Veja por qu\u00ea.\" \/>\n<meta property=\"og:url\" content=\"https:\/\/www.suno.com.br\/noticias\/copom-decisao-taxa-selic-junho-2024-gss\/\" \/>\n<meta property=\"og:site_name\" content=\"Suno Not\u00edcias\" \/>\n<meta property=\"article:publisher\" content=\"https:\/\/facebook.com\/sunoresearch\" \/>\n<meta property=\"og:image\" content=\"https:\/\/files.sunoresearch.com.br\/n\/uploads\/2023\/05\/agenda-copom-natura-ntco3-braskem-cpi-eua.jpg\" \/>\n\t<meta property=\"og:image:width\" content=\"1200\" \/>\n\t<meta property=\"og:image:height\" content=\"800\" \/>\n\t<meta property=\"og:image:type\" content=\"image\/jpeg\" \/>\n<meta name=\"author\" content=\"Guilherme Serrano\" \/>\n<meta name=\"twitter:card\" content=\"summary_large_image\" \/>\n<meta name=\"twitter:creator\" content=\"@sunoresearch\" \/>\n<meta name=\"twitter:site\" content=\"@sunoresearch\" \/>\n<meta name=\"twitter:label1\" content=\"Escrito por\" \/>\n\t<meta name=\"twitter:data1\" content=\"Guilherme Serrano\" \/>\n\t<meta name=\"twitter:label2\" content=\"Est. tempo de leitura\" \/>\n\t<meta name=\"twitter:data2\" content=\"8 minutos\" \/>\n<script type=\"application\/ld+json\" class=\"yoast-schema-graph\">{\"@context\":\"https:\/\/schema.org\",\"@graph\":[{\"@type\":\"NewsArticle\",\"@id\":\"https:\/\/www.suno.com.br\/noticias\/copom-decisao-taxa-selic-junho-2024-gss\/#article\",\"isPartOf\":{\"@id\":\"https:\/\/www.suno.com.br\/noticias\/copom-decisao-taxa-selic-junho-2024-gss\/\"},\"author\":{\"name\":\"Guilherme Serrano\",\"@id\":\"https:\/\/www.suno.com.br\/noticias\/#\/schema\/person\/d0f07e64bce64aa671feadfb844f04ca\"},\"headline\":\"Copom mant\u00e9m taxa Selic em 10,50% ao ano e interrompe ciclo de sete cortes consecutivos\",\"datePublished\":\"2024-06-19T22:02:15+00:00\",\"dateModified\":\"2024-06-19T22:04:39+00:00\",\"mainEntityOfPage\":{\"@id\":\"https:\/\/www.suno.com.br\/noticias\/copom-decisao-taxa-selic-junho-2024-gss\/\"},\"wordCount\":1571,\"publisher\":{\"@id\":\"https:\/\/www.suno.com.br\/noticias\/#organization\"},\"image\":{\"@id\":\"https:\/\/www.suno.com.br\/noticias\/copom-decisao-taxa-selic-junho-2024-gss\/#primaryimage\"},\"thumbnailUrl\":\"https:\/\/files.sunoresearch.com.br\/n\/uploads\/2023\/05\/agenda-copom-natura-ntco3-braskem-cpi-eua.jpg\",\"keywords\":[\"Banco Central (BC)\",\"Copom\",\"Taxa Selic\"],\"articleSection\":[\"Neg\u00f3cios\"],\"inLanguage\":\"pt-BR\"},{\"@type\":\"WebPage\",\"@id\":\"https:\/\/www.suno.com.br\/noticias\/copom-decisao-taxa-selic-junho-2024-gss\/\",\"url\":\"https:\/\/www.suno.com.br\/noticias\/copom-decisao-taxa-selic-junho-2024-gss\/\",\"name\":\"Copom mant\u00e9m taxa Selic em 10,50%; leia o comunicado do BC\",\"isPartOf\":{\"@id\":\"https:\/\/www.suno.com.br\/noticias\/#website\"},\"primaryImageOfPage\":{\"@id\":\"https:\/\/www.suno.com.br\/noticias\/copom-decisao-taxa-selic-junho-2024-gss\/#primaryimage\"},\"image\":{\"@id\":\"https:\/\/www.suno.com.br\/noticias\/copom-decisao-taxa-selic-junho-2024-gss\/#primaryimage\"},\"thumbnailUrl\":\"https:\/\/files.sunoresearch.com.br\/n\/uploads\/2023\/05\/agenda-copom-natura-ntco3-braskem-cpi-eua.jpg\",\"datePublished\":\"2024-06-19T22:02:15+00:00\",\"dateModified\":\"2024-06-19T22:04:39+00:00\",\"description\":\"O Comit\u00ea de Pol\u00edtica Monet\u00e1ria (Copom), do Banco Central, optou por cessar os cortes na taxa Selic. Veja por qu\u00ea.\",\"breadcrumb\":{\"@id\":\"https:\/\/www.suno.com.br\/noticias\/copom-decisao-taxa-selic-junho-2024-gss\/#breadcrumb\"},\"inLanguage\":\"pt-BR\",\"potentialAction\":[{\"@type\":\"ReadAction\",\"target\":[\"https:\/\/www.suno.com.br\/noticias\/copom-decisao-taxa-selic-junho-2024-gss\/\"]}]},{\"@type\":\"ImageObject\",\"inLanguage\":\"pt-BR\",\"@id\":\"https:\/\/www.suno.com.br\/noticias\/copom-decisao-taxa-selic-junho-2024-gss\/#primaryimage\",\"url\":\"https:\/\/files.sunoresearch.com.br\/n\/uploads\/2023\/05\/agenda-copom-natura-ntco3-braskem-cpi-eua.jpg\",\"contentUrl\":\"https:\/\/files.sunoresearch.com.br\/n\/uploads\/2023\/05\/agenda-copom-natura-ntco3-braskem-cpi-eua.jpg\",\"width\":1200,\"height\":800,\"caption\":\"Reuni\u00e3o do Copom - Foto: Copom \/Divulga\u00e7\u00e3o\"},{\"@type\":\"BreadcrumbList\",\"@id\":\"https:\/\/www.suno.com.br\/noticias\/copom-decisao-taxa-selic-junho-2024-gss\/#breadcrumb\",\"itemListElement\":[{\"@type\":\"ListItem\",\"position\":1,\"name\":\"Not\u00edcias\",\"item\":\"https:\/\/www.suno.com.br\/noticias\/\"},{\"@type\":\"ListItem\",\"position\":2,\"name\":\"Neg\u00f3cios\",\"item\":\"https:\/\/www.suno.com.br\/noticias\/negocios\/\"},{\"@type\":\"ListItem\",\"position\":3,\"name\":\"Copom mant\u00e9m taxa Selic em 10,50% ao ano e interrompe ciclo de sete cortes consecutivos\"}]},{\"@type\":\"WebSite\",\"@id\":\"https:\/\/www.suno.com.br\/noticias\/#website\",\"url\":\"https:\/\/www.suno.com.br\/noticias\/\",\"name\":\"Suno Not\u00edcias\",\"description\":\"Seu portal de informa\u00e7\u00e3o sobre o mundo dos investimentos\",\"publisher\":{\"@id\":\"https:\/\/www.suno.com.br\/noticias\/#organization\"},\"potentialAction\":[{\"@type\":\"SearchAction\",\"target\":{\"@type\":\"EntryPoint\",\"urlTemplate\":\"https:\/\/www.suno.com.br\/noticias\/?s={search_term_string}\"},\"query-input\":{\"@type\":\"PropertyValueSpecification\",\"valueRequired\":true,\"valueName\":\"search_term_string\"}}],\"inLanguage\":\"pt-BR\"},{\"@type\":\"Organization\",\"@id\":\"https:\/\/www.suno.com.br\/noticias\/#organization\",\"name\":\"Suno Not\u00edcias\",\"url\":\"https:\/\/www.suno.com.br\/noticias\/\",\"logo\":{\"@type\":\"ImageObject\",\"inLanguage\":\"pt-BR\",\"@id\":\"https:\/\/www.suno.com.br\/noticias\/#\/schema\/logo\/image\/\",\"url\":\"https:\/\/files.sunoresearch.com.br\/n\/uploads\/2021\/09\/suno-logo.png\",\"contentUrl\":\"https:\/\/files.sunoresearch.com.br\/n\/uploads\/2021\/09\/suno-logo.png\",\"width\":180,\"height\":180,\"caption\":\"Suno Not\u00edcias\"},\"image\":{\"@id\":\"https:\/\/www.suno.com.br\/noticias\/#\/schema\/logo\/image\/\"},\"sameAs\":[\"https:\/\/facebook.com\/sunoresearch\",\"https:\/\/x.com\/sunoresearch\",\"https:\/\/www.instagram.com\/suno\",\"https:\/\/www.linkedin.com\/company\/suno-research\/\",\"https:\/\/www.youtube.com\/c\/sunoresearch\"]},{\"@type\":\"Person\",\"@id\":\"https:\/\/www.suno.com.br\/noticias\/#\/schema\/person\/d0f07e64bce64aa671feadfb844f04ca\",\"name\":\"Guilherme Serrano\",\"image\":{\"@type\":\"ImageObject\",\"inLanguage\":\"pt-BR\",\"@id\":\"https:\/\/www.suno.com.br\/noticias\/#\/schema\/person\/image\/\",\"url\":\"https:\/\/secure.gravatar.com\/avatar\/a90be19d8c67bef61497e4522de30ac4?s=96&r=g\",\"contentUrl\":\"https:\/\/secure.gravatar.com\/avatar\/a90be19d8c67bef61497e4522de30ac4?s=96&r=g\",\"caption\":\"Guilherme Serrano\"},\"description\":\"Jornalista formado pela Faculdade C\u00e1sper L\u00edbero e p\u00f3s-graduado em Can\u00e7\u00e3o Popular pela Faculdade Santa Marcelina. Passagens por R\u00e1dio Gazeta AM, gazetaesportiva.com e TC R\u00e1dio.\",\"url\":\"https:\/\/www.suno.com.br\/noticias\/author\/guilherme-silvasuno-com-br\/\"}]}<\/script>\n<!-- \/ Yoast SEO plugin. -->","yoast_head_json":{"title":"Copom mant\u00e9m taxa Selic em 10,50%; leia o comunicado do BC","description":"O Comit\u00ea de Pol\u00edtica Monet\u00e1ria (Copom), do Banco Central, optou por cessar os cortes na taxa Selic. Veja por qu\u00ea.","robots":{"index":"index","follow":"follow","max-snippet":"max-snippet:-1","max-image-preview":"max-image-preview:large","max-video-preview":"max-video-preview:-1"},"canonical":"https:\/\/www.suno.com.br\/noticias\/copom-decisao-taxa-selic-junho-2024-gss\/","og_locale":"pt_BR","og_type":"article","og_title":"Copom mant\u00e9m taxa Selic em 10,50%; leia o comunicado do BC","og_description":"O Comit\u00ea de Pol\u00edtica Monet\u00e1ria (Copom), do Banco Central, optou por cessar os cortes na taxa Selic. Veja por qu\u00ea.","og_url":"https:\/\/www.suno.com.br\/noticias\/copom-decisao-taxa-selic-junho-2024-gss\/","og_site_name":"Suno Not\u00edcias","article_publisher":"https:\/\/facebook.com\/sunoresearch","og_image":[{"width":1200,"height":800,"url":"https:\/\/files.sunoresearch.com.br\/n\/uploads\/2023\/05\/agenda-copom-natura-ntco3-braskem-cpi-eua.jpg","type":"image\/jpeg"}],"author":"Guilherme Serrano","twitter_card":"summary_large_image","twitter_creator":"@sunoresearch","twitter_site":"@sunoresearch","twitter_misc":{"Escrito por":"Guilherme Serrano","Est. tempo de leitura":"8 minutos"},"schema":{"@context":"https:\/\/schema.org","@graph":[{"@type":"NewsArticle","@id":"https:\/\/www.suno.com.br\/noticias\/copom-decisao-taxa-selic-junho-2024-gss\/#article","isPartOf":{"@id":"https:\/\/www.suno.com.br\/noticias\/copom-decisao-taxa-selic-junho-2024-gss\/"},"author":{"name":"Guilherme Serrano","@id":"https:\/\/www.suno.com.br\/noticias\/#\/schema\/person\/d0f07e64bce64aa671feadfb844f04ca"},"headline":"Copom mant\u00e9m taxa Selic em 10,50% ao ano e interrompe ciclo de sete cortes consecutivos","datePublished":"2024-06-19T22:02:15+00:00","dateModified":"2024-06-19T22:04:39+00:00","mainEntityOfPage":{"@id":"https:\/\/www.suno.com.br\/noticias\/copom-decisao-taxa-selic-junho-2024-gss\/"},"wordCount":1571,"publisher":{"@id":"https:\/\/www.suno.com.br\/noticias\/#organization"},"image":{"@id":"https:\/\/www.suno.com.br\/noticias\/copom-decisao-taxa-selic-junho-2024-gss\/#primaryimage"},"thumbnailUrl":"https:\/\/files.sunoresearch.com.br\/n\/uploads\/2023\/05\/agenda-copom-natura-ntco3-braskem-cpi-eua.jpg","keywords":["Banco Central (BC)","Copom","Taxa Selic"],"articleSection":["Neg\u00f3cios"],"inLanguage":"pt-BR"},{"@type":"WebPage","@id":"https:\/\/www.suno.com.br\/noticias\/copom-decisao-taxa-selic-junho-2024-gss\/","url":"https:\/\/www.suno.com.br\/noticias\/copom-decisao-taxa-selic-junho-2024-gss\/","name":"Copom mant\u00e9m taxa Selic em 10,50%; leia o comunicado do BC","isPartOf":{"@id":"https:\/\/www.suno.com.br\/noticias\/#website"},"primaryImageOfPage":{"@id":"https:\/\/www.suno.com.br\/noticias\/copom-decisao-taxa-selic-junho-2024-gss\/#primaryimage"},"image":{"@id":"https:\/\/www.suno.com.br\/noticias\/copom-decisao-taxa-selic-junho-2024-gss\/#primaryimage"},"thumbnailUrl":"https:\/\/files.sunoresearch.com.br\/n\/uploads\/2023\/05\/agenda-copom-natura-ntco3-braskem-cpi-eua.jpg","datePublished":"2024-06-19T22:02:15+00:00","dateModified":"2024-06-19T22:04:39+00:00","description":"O Comit\u00ea de Pol\u00edtica Monet\u00e1ria (Copom), do Banco Central, optou por cessar os cortes na taxa Selic. Veja por qu\u00ea.","breadcrumb":{"@id":"https:\/\/www.suno.com.br\/noticias\/copom-decisao-taxa-selic-junho-2024-gss\/#breadcrumb"},"inLanguage":"pt-BR","potentialAction":[{"@type":"ReadAction","target":["https:\/\/www.suno.com.br\/noticias\/copom-decisao-taxa-selic-junho-2024-gss\/"]}]},{"@type":"ImageObject","inLanguage":"pt-BR","@id":"https:\/\/www.suno.com.br\/noticias\/copom-decisao-taxa-selic-junho-2024-gss\/#primaryimage","url":"https:\/\/files.sunoresearch.com.br\/n\/uploads\/2023\/05\/agenda-copom-natura-ntco3-braskem-cpi-eua.jpg","contentUrl":"https:\/\/files.sunoresearch.com.br\/n\/uploads\/2023\/05\/agenda-copom-natura-ntco3-braskem-cpi-eua.jpg","width":1200,"height":800,"caption":"Reuni\u00e3o do Copom - Foto: Copom \/Divulga\u00e7\u00e3o"},{"@type":"BreadcrumbList","@id":"https:\/\/www.suno.com.br\/noticias\/copom-decisao-taxa-selic-junho-2024-gss\/#breadcrumb","itemListElement":[{"@type":"ListItem","position":1,"name":"Not\u00edcias","item":"https:\/\/www.suno.com.br\/noticias\/"},{"@type":"ListItem","position":2,"name":"Neg\u00f3cios","item":"https:\/\/www.suno.com.br\/noticias\/negocios\/"},{"@type":"ListItem","position":3,"name":"Copom mant\u00e9m taxa Selic em 10,50% ao ano e interrompe ciclo de sete cortes consecutivos"}]},{"@type":"WebSite","@id":"https:\/\/www.suno.com.br\/noticias\/#website","url":"https:\/\/www.suno.com.br\/noticias\/","name":"Suno Not\u00edcias","description":"Seu portal de informa\u00e7\u00e3o sobre o mundo dos investimentos","publisher":{"@id":"https:\/\/www.suno.com.br\/noticias\/#organization"},"potentialAction":[{"@type":"SearchAction","target":{"@type":"EntryPoint","urlTemplate":"https:\/\/www.suno.com.br\/noticias\/?s={search_term_string}"},"query-input":{"@type":"PropertyValueSpecification","valueRequired":true,"valueName":"search_term_string"}}],"inLanguage":"pt-BR"},{"@type":"Organization","@id":"https:\/\/www.suno.com.br\/noticias\/#organization","name":"Suno Not\u00edcias","url":"https:\/\/www.suno.com.br\/noticias\/","logo":{"@type":"ImageObject","inLanguage":"pt-BR","@id":"https:\/\/www.suno.com.br\/noticias\/#\/schema\/logo\/image\/","url":"https:\/\/files.sunoresearch.com.br\/n\/uploads\/2021\/09\/suno-logo.png","contentUrl":"https:\/\/files.sunoresearch.com.br\/n\/uploads\/2021\/09\/suno-logo.png","width":180,"height":180,"caption":"Suno Not\u00edcias"},"image":{"@id":"https:\/\/www.suno.com.br\/noticias\/#\/schema\/logo\/image\/"},"sameAs":["https:\/\/facebook.com\/sunoresearch","https:\/\/x.com\/sunoresearch","https:\/\/www.instagram.com\/suno","https:\/\/www.linkedin.com\/company\/suno-research\/","https:\/\/www.youtube.com\/c\/sunoresearch"]},{"@type":"Person","@id":"https:\/\/www.suno.com.br\/noticias\/#\/schema\/person\/d0f07e64bce64aa671feadfb844f04ca","name":"Guilherme Serrano","image":{"@type":"ImageObject","inLanguage":"pt-BR","@id":"https:\/\/www.suno.com.br\/noticias\/#\/schema\/person\/image\/","url":"https:\/\/secure.gravatar.com\/avatar\/a90be19d8c67bef61497e4522de30ac4?s=96&r=g","contentUrl":"https:\/\/secure.gravatar.com\/avatar\/a90be19d8c67bef61497e4522de30ac4?s=96&r=g","caption":"Guilherme Serrano"},"description":"Jornalista formado pela Faculdade C\u00e1sper L\u00edbero e p\u00f3s-graduado em Can\u00e7\u00e3o Popular pela Faculdade Santa Marcelina. Passagens por R\u00e1dio Gazeta AM, gazetaesportiva.com e TC R\u00e1dio.","url":"https:\/\/www.suno.com.br\/noticias\/author\/guilherme-silvasuno-com-br\/"}]}},"default_loop_html":"<div class=\"cardsPage__listCard__boxs\"><div class=\"cardsPage__listCard__boxs__img\"><a href=\"https:\/\/www.suno.com.br\/noticias\/copom-decisao-taxa-selic-junho-2024-gss\/\"><img class=\"mask\" src=\"https:\/\/www.suno.com.br\/noticias\/wp-content\/themes\/suno\/resources\/images\/spotlight\/spotlight1img\/bg-mask.png\" alt=\"Image Mask\"\/><img src=\"https:\/\/files.sunoresearch.com.br\/n\/uploads\/2023\/05\/agenda-copom-natura-ntco3-braskem-cpi-eua-400x200.jpg\" alt=\"Copom mant\u00e9m taxa Selic em 10,50% ao ano e interrompe ciclo de sete cortes consecutivos\"\/><\/a><span class=\"spotlightCategory\"><a href=\"https:\/\/www.suno.com.br\/noticias\/negocios\/\">Neg\u00f3cios<\/a><\/span><\/div><div class=\"cardsPage__listCard__boxs__content\"><a href=\"https:\/\/www.suno.com.br\/noticias\/copom-decisao-taxa-selic-junho-2024-gss\/\"><h2 class=\"content__title\">Copom mant\u00e9m taxa Selic em 10,50% ao ano e interrompe ciclo de sete cortes consecutivos<\/h2><\/a><div class=\"newsContent__article__meta\"><div class=\"newsContent__article__meta__authorBox\"><a href=\"https:\/\/www.suno.com.br\/noticias\/author\/guilherme-silvasuno-com-br\/\" class=\"authorBox__avatar noMobi\"><img src=\"https:\/\/secure.gravatar.com\/avatar\/a90be19d8c67bef61497e4522de30ac4?s=96&#038;r=g\" alt=\"Guilherme Serrano\"><\/a><div class=\"authorBox__name\"><span>por\n\t\t\t<a href=\"https:\/\/www.suno.com.br\/noticias\/author\/guilherme-silvasuno-com-br\/\"><span itemprop=\"author\">Guilherme Serrano<\/span><\/a><\/span><time datetime=\"2024-06-19T19:02:15-03:00\" itemprop=\"datePublished\">19\/06\/2024 19:02<\/time><\/div><\/div><\/div><\/div><\/div>","single_layout":"posts","amp_enabled":true,"_links":{"self":[{"href":"https:\/\/www.suno.com.br\/noticias\/wp-json\/wp\/v2\/posts\/562752"}],"collection":[{"href":"https:\/\/www.suno.com.br\/noticias\/wp-json\/wp\/v2\/posts"}],"about":[{"href":"https:\/\/www.suno.com.br\/noticias\/wp-json\/wp\/v2\/types\/post"}],"author":[{"embeddable":true,"href":"https:\/\/www.suno.com.br\/noticias\/wp-json\/wp\/v2\/users\/376"}],"replies":[{"embeddable":true,"href":"https:\/\/www.suno.com.br\/noticias\/wp-json\/wp\/v2\/comments?post=562752"}],"version-history":[{"count":3,"href":"https:\/\/www.suno.com.br\/noticias\/wp-json\/wp\/v2\/posts\/562752\/revisions"}],"predecessor-version":[{"id":562812,"href":"https:\/\/www.suno.com.br\/noticias\/wp-json\/wp\/v2\/posts\/562752\/revisions\/562812"}],"wp:featuredmedia":[{"embeddable":true,"href":"https:\/\/www.suno.com.br\/noticias\/wp-json\/wp\/v2\/media\/402006"}],"wp:attachment":[{"href":"https:\/\/www.suno.com.br\/noticias\/wp-json\/wp\/v2\/media?parent=562752"}],"wp:term":[{"taxonomy":"category","embeddable":true,"href":"https:\/\/www.suno.com.br\/noticias\/wp-json\/wp\/v2\/categories?post=562752"},{"taxonomy":"post_tag","embeddable":true,"href":"https:\/\/www.suno.com.br\/noticias\/wp-json\/wp\/v2\/tags?post=562752"},{"taxonomy":"suno_strategy","embeddable":true,"href":"https:\/\/www.suno.com.br\/noticias\/wp-json\/wp\/v2\/suno_strategy?post=562752"}],"curies":[{"name":"wp","href":"https:\/\/api.w.org\/{rel}","templated":true}]}}