{"id":56248,"date":"2020-03-12T12:37:47","date_gmt":"2020-03-12T15:37:47","guid":{"rendered":"https:\/\/www.suno.com.br\/noticias\/?p=56248"},"modified":"2020-03-12T13:03:26","modified_gmt":"2020-03-12T16:03:26","slug":"coronavirus-wajgarten-testa-positivo-viagem-bolsonaro","status":"publish","type":"post","link":"https:\/\/www.suno.com.br\/noticias\/coronavirus-wajgarten-testa-positivo-viagem-bolsonaro\/","title":{"rendered":"Coronav\u00edrus: Wajngarten testa positivo ap\u00f3s voltar de viagem com Bolsonaro"},"content":{"rendered":"<p>De acordo com a mulher do secret\u00e1rio de Comunica\u00e7\u00e3o da Presid\u00eancia da Rep\u00fablica, Sophie Wajgarten, o secret\u00e1rio do governo, <strong>F\u00e1bio<\/strong> <strong>Wajngarten<\/strong>, fez o teste do <strong>coronav\u00edrus<\/strong> e acabou dando positivo. O secret\u00e1rio voltou de viagem feita aos Estados Unidos recentemente e teve contato direto com <strong>Jair Bolsonaro<\/strong> e o presidente dos Estados Unidos, <a href=\"https:\/\/www.suno.com.br\/tudo-sobre\/donald-trump\/\">Donald Trump<\/a>.<\/p>\t<div class=\"wrapper-featured-image\">\n\t\t<figure class=\"spotlightImg\">\n\n\t\t\t<picture>\n\t\t\t\t<source media=\"(max-width: 768px)\" srcset=\"https:\/\/files.sunoresearch.com.br\/n\/uploads\/2020\/03\/d0100af3-xfabio-wajngarten.jpg.pagespeed.ic_.mdhnapjksl-400x200.webp\">\n\t\t\t\t<img loading=\"lazy\" decoding=\"async\" class=\"newsContent__article__imgCapa lazyloadDisabled newsContent__article__imgCapa--noCaption\" src=\"https:\/\/files.sunoresearch.com.br\/n\/uploads\/2020\/03\/d0100af3-xfabio-wajngarten.jpg.pagespeed.ic_.mdhnapjksl-800x450.webp\" width=\"800\" height=\"450\" alt=\"Coronav\u00edrus: Wajngarten testa positivo ap\u00f3s voltar de viagem com Bolsonaro\" fetchpriority=high \/>\n\t\t\t<\/picture>\n\n\t\t\t<figcaption class=\"wp-caption-text wp-caption-text--hide\">Wajngarten<\/figcaption>\n\t\t<\/figure>\n\t<\/div>\n\n\n\n<p>O secret\u00e1rio-executivo do <strong>Minist\u00e9rio da Sa\u00fade<\/strong>, Jo\u00e3o Gabbardo dos Reis,<br \/>\nafirmou em entrevista coletiva realizada nesta quinta que n\u00e3o tem informa\u00e7\u00f5es sobre o caso de Wajngarten. Perguntado sobre Bolsonaro, o secret\u00e1rio tamb\u00e9m disse que n\u00e3o tinha informa\u00e7\u00f5es e afirmou que n\u00e3o responderia sobre cada caso individualmente.<\/p>\n<p><a href=\"https:\/\/www.suno.com.br\/nossas-assinaturas\/suno-premium\/\">Coronav\u00edrus e Mercado Financeiro | Saiba quais oportunidades voc\u00ea pode estar perdendo<\/a><\/p>\n<p>Segundo informa\u00e7\u00f5es do jornal &#8220;Folha de S. Paulo&#8221;, a mulher de Wajngarten disse em um grupo de WhatsApp que o resultado de seu marido para o Covid-19 deu positivo. \u201cMeninas , bom dia: conforme e-mail da escola ontem, meu marido voltou de vagem de Miami ontem e fez o exame de covid que deu positivo\u201d, teria escrito Sophie no grupo.<\/p>\n\t<p>\n\t\t<a href=\"https:\/\/www.suno.com.br\/asset\/fundos\/suno-acoes-xp-seg-prev\/\" target=\"_blank\" data-element=\"shortcode-suno-banner\" title=\"Banner SUNO, clique e saiba mais\">\n\t\t\t<picture>\n\t\t\t\t<source media=\"(max-width: 500px)\" srcset=\"https:\/\/files.sunoresearch.com.br\/n\/uploads\/2023\/10\/SUNOPREV-400x300-Mobile-Artigos-3.png\">\n\t\t\t\t<img class=\"newsContent__article__imgCapa newsContent__article__imgCapa--banner\"\n\t\t\t\t\tsrc=\"https:\/\/files.sunoresearch.com.br\/n\/uploads\/2023\/10\/SUNOPREV-1420x240-Banner-Artigos-1-_-Banner-Materias-1.png\"\n\t\t\t\t\tdata-promo-id=\"476310\"\t\t\t\t\t\t\t\t\t\twidth='1420' height='240'\t\t\t\t\talt=\"https:\/\/files.sunoresearch.com.br\/n\/uploads\/2023\/10\/SUNOPREV-1420x240-Banner-Artigos-1-_-Banner-Materias-1.png\"\n\t\t\t\t>\n\t\t\t<\/picture>\n\t\t<\/a>\n\t<\/p>\n\n\n<p>De acordo com a mulher do secret\u00e1rio, Wajngarten \u201cest\u00e1 tomando todos os cuidados em casa e desde sua volta foi isolado em um quarto, seguindo todo protocolo da quarentena\u201d.<\/p>\n<p>Depois do teste positivo para <strong>coronav\u00edrus<\/strong> em Wajngarten, o presidente Jair Bolsonaro passou a ser monitorado de perto pela equipe m\u00e9dica da <strong>Presid\u00eancia<\/strong> <strong>da<\/strong> <strong>Rep\u00fablica<\/strong>.<\/p>\n<h2>Governo confirma informa\u00e7\u00e3o sobre Wanjgarten<\/h2>\n<div>O governo confirmou nesta quinta-feira (12) que o secret\u00e1rio de Comunica\u00e7\u00e3o Social da Presid\u00eancia est\u00e1 com coronav\u00edrus. O Pal\u00e1cio do Planalto informou que a contra-prova j\u00e1 foi feita e que o protocolo a cerca dos cuidados com o secret\u00e1rio j\u00e1 est\u00e1 sendo realizado.<\/div>\n<h2>Casos de coronav\u00edrus<\/h2>\n<p>A <strong>Organiza\u00e7\u00e3o Mundial da Sa\u00fade (OMS)<\/strong> declarou na \u00faltima quarta-feira (11) que o coronav\u00edrus se tornou uma pandemia mundial. A organiza\u00e7\u00e3o estima que o n\u00famero de pacientes, de v\u00edtimas fatais e pa\u00edses atingidos deve aumentar nos pr\u00f3ximos dias e semanas.<\/p>\n<p>Desde o in\u00edcio do surto, a <strong>China<\/strong> j\u00e1 registrou 80.980 casos de <strong>coronav\u00edrus<\/strong> (<strong>Covid-19<\/strong>) e 3.173 mortes. O <strong>Ir\u00e3<\/strong> registrou mais de 10 mil casos do coronav\u00edrus e 429 mortes. A <strong>It\u00e1lia<\/strong> tem mais de 10 mil infectados. O Brasil tem 75 casos de coronav\u00edrus confirmados, de acordo com dados do Minist\u00e9rio da Sa\u00fade. No mundo, j\u00e1 s\u00e3o 124 mil pessoas afetadas pelo novo v\u00edrus e mais de 4,6 mil mortos.<\/p>\n\n","protected":false},"excerpt":{"rendered":"<p>De acordo com a mulher do secret\u00e1rio de Comunica\u00e7\u00e3o da Presid\u00eancia da Rep\u00fablica, Sophie Wajgarten, o secret\u00e1rio do governo, F\u00e1bio Wajngarten, fez o teste do coronav\u00edrus e acabou dando positivo. O secret\u00e1rio voltou de viagem feita aos Estados Unidos recentemente e teve contato direto com Jair Bolsonaro e o presidente dos Estados Unidos, Donald Trump. [&hellip;]<\/p>\n","protected":false},"author":19,"featured_media":56256,"comment_status":"closed","ping_status":"closed","sticky":false,"template":"","format":"standard","meta":[],"categories":[61],"tags":[2487],"suno_strategy":[],"class_list":["post-56248","post","type-post","status-publish","format-standard","has-post-thumbnail","hentry","category-politica","tag-coronavirus"],"yoast_head":"<!-- This site is optimized with the Yoast SEO plugin v24.4 - https:\/\/yoast.com\/wordpress\/plugins\/seo\/ -->\n<title>Coronav\u00edrus: Wajngarten testa positivo ap\u00f3s viagem internacional<\/title>\n<meta name=\"description\" content=\"O secret\u00e1rio de comunica\u00e7\u00e3o do governo, F\u00e1bio Wajngarten, fez o teste do coronav\u00edrus e acabou dando positivo. Clique aqui para saber mais.\" \/>\n<meta name=\"robots\" content=\"index, follow, max-snippet:-1, max-image-preview:large, max-video-preview:-1\" \/>\n<link rel=\"canonical\" href=\"https:\/\/www.suno.com.br\/noticias\/coronavirus-wajgarten-testa-positivo-viagem-bolsonaro\/\" \/>\n<meta property=\"og:locale\" content=\"pt_BR\" \/>\n<meta property=\"og:type\" content=\"article\" \/>\n<meta property=\"og:title\" content=\"Coronav\u00edrus: Wajngarten testa positivo ap\u00f3s viagem internacional\" \/>\n<meta property=\"og:description\" content=\"O secret\u00e1rio de comunica\u00e7\u00e3o do governo, F\u00e1bio Wajngarten, fez o teste do coronav\u00edrus e acabou dando positivo. Clique aqui para saber mais.\" \/>\n<meta property=\"og:url\" content=\"https:\/\/www.suno.com.br\/noticias\/coronavirus-wajgarten-testa-positivo-viagem-bolsonaro\/\" \/>\n<meta property=\"og:site_name\" content=\"Suno Not\u00edcias\" \/>\n<meta property=\"article:publisher\" content=\"https:\/\/facebook.com\/sunoresearch\" \/>\n<meta property=\"og:image\" content=\"https:\/\/files.sunoresearch.com.br\/n\/uploads\/2020\/03\/d0100af3-xfabio-wajngarten.jpg.pagespeed.ic_.mdhnapjksl.jpg\" \/>\n\t<meta property=\"og:image:width\" content=\"1086\" \/>\n\t<meta property=\"og:image:height\" content=\"652\" \/>\n\t<meta property=\"og:image:type\" content=\"image\/jpeg\" \/>\n<meta name=\"author\" content=\"Juliano Passaro\" \/>\n<meta name=\"twitter:card\" content=\"summary_large_image\" \/>\n<meta name=\"twitter:creator\" content=\"@sunoresearch\" \/>\n<meta name=\"twitter:site\" content=\"@sunoresearch\" \/>\n<meta name=\"twitter:label1\" content=\"Escrito por\" \/>\n\t<meta name=\"twitter:data1\" content=\"Juliano Passaro\" \/>\n\t<meta name=\"twitter:label2\" content=\"Est. tempo de leitura\" \/>\n\t<meta name=\"twitter:data2\" content=\"2 minutos\" \/>\n<script type=\"application\/ld+json\" class=\"yoast-schema-graph\">{\"@context\":\"https:\/\/schema.org\",\"@graph\":[{\"@type\":\"NewsArticle\",\"@id\":\"https:\/\/www.suno.com.br\/noticias\/coronavirus-wajgarten-testa-positivo-viagem-bolsonaro\/#article\",\"isPartOf\":{\"@id\":\"https:\/\/www.suno.com.br\/noticias\/coronavirus-wajgarten-testa-positivo-viagem-bolsonaro\/\"},\"author\":{\"name\":\"Juliano Passaro\",\"@id\":\"https:\/\/www.suno.com.br\/noticias\/#\/schema\/person\/1db762f78ffd8919a648a63e425953e3\"},\"headline\":\"Coronav\u00edrus: Wajngarten testa positivo ap\u00f3s voltar de viagem com Bolsonaro\",\"datePublished\":\"2020-03-12T15:37:47+00:00\",\"dateModified\":\"2020-03-12T16:03:26+00:00\",\"mainEntityOfPage\":{\"@id\":\"https:\/\/www.suno.com.br\/noticias\/coronavirus-wajgarten-testa-positivo-viagem-bolsonaro\/\"},\"wordCount\":451,\"publisher\":{\"@id\":\"https:\/\/www.suno.com.br\/noticias\/#organization\"},\"image\":{\"@id\":\"https:\/\/www.suno.com.br\/noticias\/coronavirus-wajgarten-testa-positivo-viagem-bolsonaro\/#primaryimage\"},\"thumbnailUrl\":\"https:\/\/files.sunoresearch.com.br\/n\/uploads\/2020\/03\/d0100af3-xfabio-wajngarten.jpg.pagespeed.ic_.mdhnapjksl-jpg.webp\",\"keywords\":[\"coronav\u00edrus\"],\"articleSection\":[\"Pol\u00edtica\"],\"inLanguage\":\"pt-BR\"},{\"@type\":\"WebPage\",\"@id\":\"https:\/\/www.suno.com.br\/noticias\/coronavirus-wajgarten-testa-positivo-viagem-bolsonaro\/\",\"url\":\"https:\/\/www.suno.com.br\/noticias\/coronavirus-wajgarten-testa-positivo-viagem-bolsonaro\/\",\"name\":\"Coronav\u00edrus: Wajngarten testa positivo ap\u00f3s viagem internacional\",\"isPartOf\":{\"@id\":\"https:\/\/www.suno.com.br\/noticias\/#website\"},\"primaryImageOfPage\":{\"@id\":\"https:\/\/www.suno.com.br\/noticias\/coronavirus-wajgarten-testa-positivo-viagem-bolsonaro\/#primaryimage\"},\"image\":{\"@id\":\"https:\/\/www.suno.com.br\/noticias\/coronavirus-wajgarten-testa-positivo-viagem-bolsonaro\/#primaryimage\"},\"thumbnailUrl\":\"https:\/\/files.sunoresearch.com.br\/n\/uploads\/2020\/03\/d0100af3-xfabio-wajngarten.jpg.pagespeed.ic_.mdhnapjksl-jpg.webp\",\"datePublished\":\"2020-03-12T15:37:47+00:00\",\"dateModified\":\"2020-03-12T16:03:26+00:00\",\"description\":\"O secret\u00e1rio de comunica\u00e7\u00e3o do governo, F\u00e1bio Wajngarten, fez o teste do coronav\u00edrus e acabou dando positivo. Clique aqui para saber mais.\",\"breadcrumb\":{\"@id\":\"https:\/\/www.suno.com.br\/noticias\/coronavirus-wajgarten-testa-positivo-viagem-bolsonaro\/#breadcrumb\"},\"inLanguage\":\"pt-BR\",\"potentialAction\":[{\"@type\":\"ReadAction\",\"target\":[\"https:\/\/www.suno.com.br\/noticias\/coronavirus-wajgarten-testa-positivo-viagem-bolsonaro\/\"]}]},{\"@type\":\"ImageObject\",\"inLanguage\":\"pt-BR\",\"@id\":\"https:\/\/www.suno.com.br\/noticias\/coronavirus-wajgarten-testa-positivo-viagem-bolsonaro\/#primaryimage\",\"url\":\"https:\/\/files.sunoresearch.com.br\/n\/uploads\/2020\/03\/d0100af3-xfabio-wajngarten.jpg.pagespeed.ic_.mdhnapjksl-jpg.webp\",\"contentUrl\":\"https:\/\/files.sunoresearch.com.br\/n\/uploads\/2020\/03\/d0100af3-xfabio-wajngarten.jpg.pagespeed.ic_.mdhnapjksl-jpg.webp\",\"width\":1086,\"height\":652,\"caption\":\"Wajngarten\"},{\"@type\":\"BreadcrumbList\",\"@id\":\"https:\/\/www.suno.com.br\/noticias\/coronavirus-wajgarten-testa-positivo-viagem-bolsonaro\/#breadcrumb\",\"itemListElement\":[{\"@type\":\"ListItem\",\"position\":1,\"name\":\"Not\u00edcias\",\"item\":\"https:\/\/www.suno.com.br\/noticias\/\"},{\"@type\":\"ListItem\",\"position\":2,\"name\":\"Pol\u00edtica\",\"item\":\"https:\/\/www.suno.com.br\/noticias\/politica\/\"},{\"@type\":\"ListItem\",\"position\":3,\"name\":\"Coronav\u00edrus: Wajngarten testa positivo ap\u00f3s voltar de viagem com Bolsonaro\"}]},{\"@type\":\"WebSite\",\"@id\":\"https:\/\/www.suno.com.br\/noticias\/#website\",\"url\":\"https:\/\/www.suno.com.br\/noticias\/\",\"name\":\"Suno Not\u00edcias\",\"description\":\"Seu portal de informa\u00e7\u00e3o sobre o mundo dos investimentos\",\"publisher\":{\"@id\":\"https:\/\/www.suno.com.br\/noticias\/#organization\"},\"potentialAction\":[{\"@type\":\"SearchAction\",\"target\":{\"@type\":\"EntryPoint\",\"urlTemplate\":\"https:\/\/www.suno.com.br\/noticias\/?s={search_term_string}\"},\"query-input\":{\"@type\":\"PropertyValueSpecification\",\"valueRequired\":true,\"valueName\":\"search_term_string\"}}],\"inLanguage\":\"pt-BR\"},{\"@type\":\"Organization\",\"@id\":\"https:\/\/www.suno.com.br\/noticias\/#organization\",\"name\":\"Suno Not\u00edcias\",\"url\":\"https:\/\/www.suno.com.br\/noticias\/\",\"logo\":{\"@type\":\"ImageObject\",\"inLanguage\":\"pt-BR\",\"@id\":\"https:\/\/www.suno.com.br\/noticias\/#\/schema\/logo\/image\/\",\"url\":\"https:\/\/files.sunoresearch.com.br\/n\/uploads\/2021\/09\/suno-logo.png\",\"contentUrl\":\"https:\/\/files.sunoresearch.com.br\/n\/uploads\/2021\/09\/suno-logo.png\",\"width\":180,\"height\":180,\"caption\":\"Suno Not\u00edcias\"},\"image\":{\"@id\":\"https:\/\/www.suno.com.br\/noticias\/#\/schema\/logo\/image\/\"},\"sameAs\":[\"https:\/\/facebook.com\/sunoresearch\",\"https:\/\/x.com\/sunoresearch\",\"https:\/\/www.instagram.com\/suno\",\"https:\/\/www.linkedin.com\/company\/suno-research\/\",\"https:\/\/www.youtube.com\/c\/sunoresearch\"]},{\"@type\":\"Person\",\"@id\":\"https:\/\/www.suno.com.br\/noticias\/#\/schema\/person\/1db762f78ffd8919a648a63e425953e3\",\"name\":\"Juliano Passaro\",\"image\":{\"@type\":\"ImageObject\",\"inLanguage\":\"pt-BR\",\"@id\":\"https:\/\/www.suno.com.br\/noticias\/#\/schema\/person\/image\/\",\"url\":\"https:\/\/secure.gravatar.com\/avatar\/743d4df28eebf6dcc46b4ad03c319e92?s=96&r=g\",\"contentUrl\":\"https:\/\/secure.gravatar.com\/avatar\/743d4df28eebf6dcc46b4ad03c319e92?s=96&r=g\",\"caption\":\"Juliano Passaro\"},\"description\":\"Juliano Passaro escreve sobre pol\u00edtica, economia e neg\u00f3cios para o portal da Suno Research. Antes da Suno, trabalhou no Portal da Band. \u00c9 formado em jornalismo pela Universidade Presbiteriana Mackenzie.\",\"url\":\"https:\/\/www.suno.com.br\/noticias\/author\/juliano\/\"}]}<\/script>\n<!-- \/ Yoast SEO plugin. -->","yoast_head_json":{"title":"Coronav\u00edrus: Wajngarten testa positivo ap\u00f3s viagem internacional","description":"O secret\u00e1rio de comunica\u00e7\u00e3o do governo, F\u00e1bio Wajngarten, fez o teste do coronav\u00edrus e acabou dando positivo. Clique aqui para saber mais.","robots":{"index":"index","follow":"follow","max-snippet":"max-snippet:-1","max-image-preview":"max-image-preview:large","max-video-preview":"max-video-preview:-1"},"canonical":"https:\/\/www.suno.com.br\/noticias\/coronavirus-wajgarten-testa-positivo-viagem-bolsonaro\/","og_locale":"pt_BR","og_type":"article","og_title":"Coronav\u00edrus: Wajngarten testa positivo ap\u00f3s viagem internacional","og_description":"O secret\u00e1rio de comunica\u00e7\u00e3o do governo, F\u00e1bio Wajngarten, fez o teste do coronav\u00edrus e acabou dando positivo. Clique aqui para saber mais.","og_url":"https:\/\/www.suno.com.br\/noticias\/coronavirus-wajgarten-testa-positivo-viagem-bolsonaro\/","og_site_name":"Suno Not\u00edcias","article_publisher":"https:\/\/facebook.com\/sunoresearch","og_image":[{"width":1086,"height":652,"url":"https:\/\/files.sunoresearch.com.br\/n\/uploads\/2020\/03\/d0100af3-xfabio-wajngarten.jpg.pagespeed.ic_.mdhnapjksl.jpg","type":"image\/jpeg"}],"author":"Juliano Passaro","twitter_card":"summary_large_image","twitter_creator":"@sunoresearch","twitter_site":"@sunoresearch","twitter_misc":{"Escrito por":"Juliano Passaro","Est. tempo de leitura":"2 minutos"},"schema":{"@context":"https:\/\/schema.org","@graph":[{"@type":"NewsArticle","@id":"https:\/\/www.suno.com.br\/noticias\/coronavirus-wajgarten-testa-positivo-viagem-bolsonaro\/#article","isPartOf":{"@id":"https:\/\/www.suno.com.br\/noticias\/coronavirus-wajgarten-testa-positivo-viagem-bolsonaro\/"},"author":{"name":"Juliano Passaro","@id":"https:\/\/www.suno.com.br\/noticias\/#\/schema\/person\/1db762f78ffd8919a648a63e425953e3"},"headline":"Coronav\u00edrus: Wajngarten testa positivo ap\u00f3s voltar de viagem com Bolsonaro","datePublished":"2020-03-12T15:37:47+00:00","dateModified":"2020-03-12T16:03:26+00:00","mainEntityOfPage":{"@id":"https:\/\/www.suno.com.br\/noticias\/coronavirus-wajgarten-testa-positivo-viagem-bolsonaro\/"},"wordCount":451,"publisher":{"@id":"https:\/\/www.suno.com.br\/noticias\/#organization"},"image":{"@id":"https:\/\/www.suno.com.br\/noticias\/coronavirus-wajgarten-testa-positivo-viagem-bolsonaro\/#primaryimage"},"thumbnailUrl":"https:\/\/files.sunoresearch.com.br\/n\/uploads\/2020\/03\/d0100af3-xfabio-wajngarten.jpg.pagespeed.ic_.mdhnapjksl-jpg.webp","keywords":["coronav\u00edrus"],"articleSection":["Pol\u00edtica"],"inLanguage":"pt-BR"},{"@type":"WebPage","@id":"https:\/\/www.suno.com.br\/noticias\/coronavirus-wajgarten-testa-positivo-viagem-bolsonaro\/","url":"https:\/\/www.suno.com.br\/noticias\/coronavirus-wajgarten-testa-positivo-viagem-bolsonaro\/","name":"Coronav\u00edrus: Wajngarten testa positivo ap\u00f3s viagem internacional","isPartOf":{"@id":"https:\/\/www.suno.com.br\/noticias\/#website"},"primaryImageOfPage":{"@id":"https:\/\/www.suno.com.br\/noticias\/coronavirus-wajgarten-testa-positivo-viagem-bolsonaro\/#primaryimage"},"image":{"@id":"https:\/\/www.suno.com.br\/noticias\/coronavirus-wajgarten-testa-positivo-viagem-bolsonaro\/#primaryimage"},"thumbnailUrl":"https:\/\/files.sunoresearch.com.br\/n\/uploads\/2020\/03\/d0100af3-xfabio-wajngarten.jpg.pagespeed.ic_.mdhnapjksl-jpg.webp","datePublished":"2020-03-12T15:37:47+00:00","dateModified":"2020-03-12T16:03:26+00:00","description":"O secret\u00e1rio de comunica\u00e7\u00e3o do governo, F\u00e1bio Wajngarten, fez o teste do coronav\u00edrus e acabou dando positivo. Clique aqui para saber mais.","breadcrumb":{"@id":"https:\/\/www.suno.com.br\/noticias\/coronavirus-wajgarten-testa-positivo-viagem-bolsonaro\/#breadcrumb"},"inLanguage":"pt-BR","potentialAction":[{"@type":"ReadAction","target":["https:\/\/www.suno.com.br\/noticias\/coronavirus-wajgarten-testa-positivo-viagem-bolsonaro\/"]}]},{"@type":"ImageObject","inLanguage":"pt-BR","@id":"https:\/\/www.suno.com.br\/noticias\/coronavirus-wajgarten-testa-positivo-viagem-bolsonaro\/#primaryimage","url":"https:\/\/files.sunoresearch.com.br\/n\/uploads\/2020\/03\/d0100af3-xfabio-wajngarten.jpg.pagespeed.ic_.mdhnapjksl-jpg.webp","contentUrl":"https:\/\/files.sunoresearch.com.br\/n\/uploads\/2020\/03\/d0100af3-xfabio-wajngarten.jpg.pagespeed.ic_.mdhnapjksl-jpg.webp","width":1086,"height":652,"caption":"Wajngarten"},{"@type":"BreadcrumbList","@id":"https:\/\/www.suno.com.br\/noticias\/coronavirus-wajgarten-testa-positivo-viagem-bolsonaro\/#breadcrumb","itemListElement":[{"@type":"ListItem","position":1,"name":"Not\u00edcias","item":"https:\/\/www.suno.com.br\/noticias\/"},{"@type":"ListItem","position":2,"name":"Pol\u00edtica","item":"https:\/\/www.suno.com.br\/noticias\/politica\/"},{"@type":"ListItem","position":3,"name":"Coronav\u00edrus: Wajngarten testa positivo ap\u00f3s voltar de viagem com Bolsonaro"}]},{"@type":"WebSite","@id":"https:\/\/www.suno.com.br\/noticias\/#website","url":"https:\/\/www.suno.com.br\/noticias\/","name":"Suno Not\u00edcias","description":"Seu portal de informa\u00e7\u00e3o sobre o mundo dos investimentos","publisher":{"@id":"https:\/\/www.suno.com.br\/noticias\/#organization"},"potentialAction":[{"@type":"SearchAction","target":{"@type":"EntryPoint","urlTemplate":"https:\/\/www.suno.com.br\/noticias\/?s={search_term_string}"},"query-input":{"@type":"PropertyValueSpecification","valueRequired":true,"valueName":"search_term_string"}}],"inLanguage":"pt-BR"},{"@type":"Organization","@id":"https:\/\/www.suno.com.br\/noticias\/#organization","name":"Suno Not\u00edcias","url":"https:\/\/www.suno.com.br\/noticias\/","logo":{"@type":"ImageObject","inLanguage":"pt-BR","@id":"https:\/\/www.suno.com.br\/noticias\/#\/schema\/logo\/image\/","url":"https:\/\/files.sunoresearch.com.br\/n\/uploads\/2021\/09\/suno-logo.png","contentUrl":"https:\/\/files.sunoresearch.com.br\/n\/uploads\/2021\/09\/suno-logo.png","width":180,"height":180,"caption":"Suno Not\u00edcias"},"image":{"@id":"https:\/\/www.suno.com.br\/noticias\/#\/schema\/logo\/image\/"},"sameAs":["https:\/\/facebook.com\/sunoresearch","https:\/\/x.com\/sunoresearch","https:\/\/www.instagram.com\/suno","https:\/\/www.linkedin.com\/company\/suno-research\/","https:\/\/www.youtube.com\/c\/sunoresearch"]},{"@type":"Person","@id":"https:\/\/www.suno.com.br\/noticias\/#\/schema\/person\/1db762f78ffd8919a648a63e425953e3","name":"Juliano Passaro","image":{"@type":"ImageObject","inLanguage":"pt-BR","@id":"https:\/\/www.suno.com.br\/noticias\/#\/schema\/person\/image\/","url":"https:\/\/secure.gravatar.com\/avatar\/743d4df28eebf6dcc46b4ad03c319e92?s=96&r=g","contentUrl":"https:\/\/secure.gravatar.com\/avatar\/743d4df28eebf6dcc46b4ad03c319e92?s=96&r=g","caption":"Juliano Passaro"},"description":"Juliano Passaro escreve sobre pol\u00edtica, economia e neg\u00f3cios para o portal da Suno Research. Antes da Suno, trabalhou no Portal da Band. \u00c9 formado em jornalismo pela Universidade Presbiteriana Mackenzie.","url":"https:\/\/www.suno.com.br\/noticias\/author\/juliano\/"}]}},"default_loop_html":"<div class=\"cardsPage__listCard__boxs\"><div class=\"cardsPage__listCard__boxs__img\"><a href=\"https:\/\/www.suno.com.br\/noticias\/coronavirus-wajgarten-testa-positivo-viagem-bolsonaro\/\"><img class=\"mask\" src=\"https:\/\/www.suno.com.br\/noticias\/wp-content\/themes\/suno\/resources\/images\/spotlight\/spotlight1img\/bg-mask.png\" alt=\"Image Mask\"\/><img src=\"https:\/\/files.sunoresearch.com.br\/n\/uploads\/2020\/03\/d0100af3-xfabio-wajngarten.jpg.pagespeed.ic_.mdhnapjksl-400x200.webp\" alt=\"Coronav\u00edrus: Wajngarten testa positivo ap\u00f3s voltar de viagem com Bolsonaro\"\/><\/a><span class=\"spotlightCategory\"><a href=\"https:\/\/www.suno.com.br\/noticias\/politica\/\">Pol\u00edtica<\/a><\/span><\/div><div class=\"cardsPage__listCard__boxs__content\"><a href=\"https:\/\/www.suno.com.br\/noticias\/coronavirus-wajgarten-testa-positivo-viagem-bolsonaro\/\"><h2 class=\"content__title\">Coronav\u00edrus: Wajngarten testa positivo ap\u00f3s voltar de viagem com Bolsonaro<\/h2><\/a><div class=\"newsContent__article__meta\"><div class=\"newsContent__article__meta__authorBox\"><a href=\"https:\/\/www.suno.com.br\/noticias\/author\/juliano\/\" class=\"authorBox__avatar noMobi\"><img src=\"https:\/\/files.sunoresearch.com.br\/n\/uploads\/2019\/06\/7cc3efea-whatsapp-image-2019-07-18-at-21.59.33-e1563499821209-150x150.webp\" alt=\"Juliano Passaro\"><\/a><div class=\"authorBox__name\"><span>por\n\t\t\t<a href=\"https:\/\/www.suno.com.br\/noticias\/author\/juliano\/\"><span itemprop=\"author\">Juliano Passaro<\/span><\/a><\/span><time datetime=\"2020-03-12T12:37:47-03:00\" itemprop=\"datePublished\">12\/03\/2020 12:37<\/time><\/div><\/div><\/div><\/div><\/div>","single_layout":"posts","amp_enabled":true,"_links":{"self":[{"href":"https:\/\/www.suno.com.br\/noticias\/wp-json\/wp\/v2\/posts\/56248"}],"collection":[{"href":"https:\/\/www.suno.com.br\/noticias\/wp-json\/wp\/v2\/posts"}],"about":[{"href":"https:\/\/www.suno.com.br\/noticias\/wp-json\/wp\/v2\/types\/post"}],"author":[{"embeddable":true,"href":"https:\/\/www.suno.com.br\/noticias\/wp-json\/wp\/v2\/users\/19"}],"replies":[{"embeddable":true,"href":"https:\/\/www.suno.com.br\/noticias\/wp-json\/wp\/v2\/comments?post=56248"}],"version-history":[{"count":0,"href":"https:\/\/www.suno.com.br\/noticias\/wp-json\/wp\/v2\/posts\/56248\/revisions"}],"wp:featuredmedia":[{"embeddable":true,"href":"https:\/\/www.suno.com.br\/noticias\/wp-json\/wp\/v2\/media\/56256"}],"wp:attachment":[{"href":"https:\/\/www.suno.com.br\/noticias\/wp-json\/wp\/v2\/media?parent=56248"}],"wp:term":[{"taxonomy":"category","embeddable":true,"href":"https:\/\/www.suno.com.br\/noticias\/wp-json\/wp\/v2\/categories?post=56248"},{"taxonomy":"post_tag","embeddable":true,"href":"https:\/\/www.suno.com.br\/noticias\/wp-json\/wp\/v2\/tags?post=56248"},{"taxonomy":"suno_strategy","embeddable":true,"href":"https:\/\/www.suno.com.br\/noticias\/wp-json\/wp\/v2\/suno_strategy?post=56248"}],"curies":[{"name":"wp","href":"https:\/\/api.w.org\/{rel}","templated":true}]}}