{"id":56157,"date":"2020-03-12T09:13:39","date_gmt":"2020-03-12T12:13:39","guid":{"rendered":"https:\/\/www.suno.com.br\/noticias\/?p=56157"},"modified":"2020-03-12T09:44:49","modified_gmt":"2020-03-12T12:44:49","slug":"dolar-abre-em-alta-12032020","status":"publish","type":"post","link":"https:\/\/www.suno.com.br\/noticias\/dolar-abre-em-alta-12032020\/","title":{"rendered":"D\u00f3lar abre em forte alta e ultrapassa R$ 5 pela primeira vez"},"content":{"rendered":"<p>O <strong>d\u00f3lar<\/strong> abriu, nesta quinta-feira (12), em forte alta e superou a marca de R$ 5 nominal pela primeira vez na hist\u00f3ria.<\/p>\t<div class=\"wrapper-featured-image\">\n\t\t<figure class=\"spotlightImg\">\n\n\t\t\t<picture>\n\t\t\t\t<source media=\"(max-width: 768px)\" srcset=\"https:\/\/files.sunoresearch.com.br\/n\/uploads\/2019\/06\/753f7398-dol\u00e1r-400x200.webp\">\n\t\t\t\t<img loading=\"lazy\" decoding=\"async\" class=\"newsContent__article__imgCapa lazyloadDisabled newsContent__article__imgCapa--noCaption\" src=\"https:\/\/files.sunoresearch.com.br\/n\/uploads\/2019\/06\/753f7398-dol\u00e1r-800x450.webp\" width=\"800\" height=\"450\" alt=\"D\u00f3lar abre em forte alta e ultrapassa R$ 5 pela primeira vez\" fetchpriority=high \/>\n\t\t\t<\/picture>\n\n\t\t\t<figcaption class=\"wp-caption-text wp-caption-text--hide\">O d\u00f3lar hoje fechou no maior patamar desde 2 de outubro<\/figcaption>\n\t\t<\/figure>\n\t<\/div>\n\n\n\n<p>Por volta das 09h15, a moeda norte-americana apresentava uma alta de 6,29%, sendo cotada a R$ 5,0155. O temor pelo <a href=\"https:\/\/www.youtube.com\/watch?v=0snRYzfHan0&amp;t=1s\">avan\u00e7o do <strong>coronav\u00edrus<\/strong> (Covid-19)<\/a> e sua influ\u00eancia na atividade econ\u00f4mica global impactam a cota\u00e7\u00e3o do d\u00f3lar.<\/p>\n<p>Al\u00e9m disso, os investidores demonstram pessimismo ap\u00f3s o Congresso Nacional derrubar o veto do presidente Jair Bolsonaro ao Projeto de Lei 3.055\/97, o que pode elevar os custos p\u00fablicos pelos pr\u00f3ximos 10 anos, desidratando a reforma da<strong> Previd\u00eancia<\/strong>.<\/p>\n<h2>Pandemia<\/h2>\n<p>A <strong>Organiza\u00e7\u00e3o Mundial da Sa\u00fade (OMS)<\/strong> declarou na \u00faltima quarta-feira (11) o coronav\u00edrus uma pandemia. O diretor-geral da OMS, <strong>Tedros Adhanom Ghebreyesus<\/strong>, tinha afirmado na semana passada que os epidemiologistas da organiza\u00e7\u00e3o estavam monitorando constantemente o desenvolvimento da doen\u00e7a.<\/p>\n<p>Segundo a organiza\u00e7\u00e3o internacional, atualmente h\u00e1 mais de 118 mil casos em 114 pa\u00edses, com 4.291 pessoas que j\u00e1 morreram por causa da epidemia.<\/p>\n<p>&#8220;A descri\u00e7\u00e3o da situa\u00e7\u00e3o como uma pandemia n\u00e3o altera a avalia\u00e7\u00e3o da OMS da amea\u00e7a representada por esse v\u00edrus. Isso n\u00e3o muda o que a OMS est\u00e1 fazendo, nem o que os pa\u00edses devem fazer &#8220;, declarou Ghebreyesus.<\/p>\n\t<p>\n\t\t<a href=\"https:\/\/lp.suno.com.br\/planilha-controle-gastos\/\" target=\"_blank\" data-element=\"shortcode-suno-banner\" title=\"Banner SUNO, clique e saiba mais\">\n\t\t\t<picture>\n\t\t\t\t<source media=\"(max-width: 500px)\" srcset=\"https:\/\/files.sunoresearch.com.br\/n\/uploads\/2023\/03\/400x300-Planilha-controle-de-gastos.png\">\n\t\t\t\t<img class=\"newsContent__article__imgCapa newsContent__article__imgCapa--banner\"\n\t\t\t\t\tsrc=\"https:\/\/files.sunoresearch.com.br\/n\/uploads\/2023\/03\/1420x240-Planilha-controle-de-gastos.png\"\n\t\t\t\t\tdata-promo-id=\"383122\"\t\t\t\t\t\t\t\t\t\twidth='1420' height='240'\t\t\t\t\talt=\"https:\/\/files.sunoresearch.com.br\/n\/uploads\/2023\/03\/1420x240-Planilha-controle-de-gastos.png\"\n\t\t\t\t>\n\t\t\t<\/picture>\n\t\t<\/a>\n\t<\/p>\n\n\n<p>&#8220;Pandemia n\u00e3o \u00e9 uma palavra para ser usada de maneira leviana ou descuidada. \u00c9 uma palavra que, se mal utilizada, pode causar medo irracional ou aceita\u00e7\u00e3o injustificada de que a luta acabou, levando a sofrimento e morte desnecess\u00e1rios&#8221;, disse o diretor.<\/p>\n<p>Segundo a OMS, os casos de infectados e o n\u00famero de mortes nos pa\u00edses atingidos poderia aumentar nas pr\u00f3ximas semanas. Nos \u00faltimos 15 dias, o n\u00famero de casos de coronav\u00edrus fora da China aumentou 13 vezes, enquanto o n\u00famero de pa\u00edses afetados triplicou.<\/p>\n<h2>Restri\u00e7\u00e3o de viagens aos EUA<\/h2>\n<p>O presidente dos estadunidense, <a href=\"https:\/\/www.suno.com.br\/tudo-sobre\/donald-trump\/\">Donald Trump<\/a>, informou, na \u00faltima quarta-feira (11), que as viagens de pa\u00edses europeus aos Estados Unidos est\u00e3o suspensas por 30 dias. A medida de conten\u00e7\u00e3o tomada pela Casa Branca \u00e9 motivada pelo avan\u00e7o dos casos do coronav\u00edrus.<\/p>\n<p>Ap\u00f3s o discurso de Trump, o Departamento de Seguran\u00e7a Nacional publicou uma nota dizendo que as novas normas valem para estrangeiros que estiveram nos 26 pa\u00edses da <strong>Zona Schengen<\/strong> nos 14 dias anteriores \u00e0 tentativa de volta aos Estados Unidos.<\/p>\n<p><a href=\"https:\/\/www.suno.com.br\/nossas-assinaturas\/suno-premium\/\">Coronav\u00edrus e Mercado Financeiro | Saiba quais oportunidades voc\u00ea pode estar perdendo<\/a><\/p>\n<p>Trump, em seu pronunciamento, salientou que o Reino Unido n\u00e3o entra na medida tomada pelo governo. Al\u00e9m disso, as restri\u00e7\u00f5es n\u00e3o se aplicam a quem possui resid\u00eancia fixa nos <strong>Estados Unidos<\/strong> e &#8220;parentes imediatos&#8221; no pa\u00eds norte-americano.<\/p>\n<p>O Departamento de Estado estadunidense emitiu um aviso aconselhando os cidad\u00e3os a repensarem suas viagens marcadas ao exterior devido ao risco de infec\u00e7\u00e3o. A autarquia salientou que as medidas tomadas se estendem ao transporte de mercadorias. At\u00e9 a noite da \u00faltima quarta-feira, mais de mil casos j\u00e1 haviam sido confirmados nos Estados Unidos. 36 pessoas morreram.<\/p>\n<h2>P\/L 3.055\/97<\/h2>\n<p>A queda do Ibovespa e a alta do d\u00f3lar no <a href=\"https:\/\/www.suno.com.br\/artigos\/after-market\/#:~:text=Segundo%20a%20defini%C3%A7%C3%A3o%20da%20pr%C3%B3pria,do%20hor%C3%A1rio%20regular%20de%20preg%C3%A3o.&amp;text=Esse%20servi%C3%A7o%20oferecido%20pela%20bolsa,m%C3%A9dios%20investidores%20%C3%A0%20renda%20vari%C3%A1vel.\"><strong>after-market<\/strong><\/a> da \u00faltima quarta-feira (12) foi provocada pela vota\u00e7\u00e3o no Congresso, que derrubou o veto do presidente Bolsonaro ao Projeto de Lei 3.055\/97.<\/p>\n<p>O texto previa o aumento de um quarto do sal\u00e1rio m\u00ednimo para meio sal\u00e1rio m\u00ednimo no limite da renda familiar per capita para idosos e pessoas com defici\u00eancia para ter acesso ao Benef\u00edcio de Presta\u00e7\u00e3o Continuada (BPC). O n\u00famero de votos a favor da derrubada do projeto chegou a 137.<\/p>\n<p>A medida ter\u00e1 um impacto de R$ 217 bilh\u00f5es nas contas p\u00fablicas em dez anos. Uma redu\u00e7\u00e3o de cerca de 20% no impacto fiscal da reforma da Previd\u00eancia, aprovada em 2019. Segundo o secret\u00e1rio do <a href=\"https:\/\/www.suno.com.br\/artigos\/tesouro-nacional\/\">Tesouro Nacional<\/a>, Mansueto Almeida, a queda do veto pode significar o fim do teto de gastos.<\/p>\n<p><a href=\"https:\/\/www.suno.com.br\/noticias\/coronavirus-camara-senado-restricoes\/\">Veja tamb\u00e9m: Coronav\u00edrus: Senado e C\u00e2mara limitam acesso ao locais do Legislativo<\/a><\/p>\n<p>O C\u00e2mara dos Deputados, Rodrigo Maia (DEM-RJ), salientou como a derrubada de veto \u00e9 uma decis\u00e3o equivocada. E chega em um dia de forte nervosismo nos mercados.<\/p>\n<p>\u201cDe fato, o impacto \u00e9 grande, num momento dif\u00edcil. Num momento em que economia brasileira come\u00e7a a dar sinais de que n\u00e3o vai crescer aquilo que estava projetado no in\u00edcio do ano, num dia da decis\u00e3o da OMS de decretar pandemia, com as bolsas caindo muito, com nervosismo muito grande dos atores econ\u00f4micos\u201d, declarou o pol\u00edtico.<\/p>\n<h2>\u00daltima cota\u00e7\u00e3o do d\u00f3lar<\/h2>\n<p>Na \u00faltima sess\u00e3o, na quarta-feira, o <a href=\"https:\/\/www.youtube.com\/watch?v=YLVbWKnRr6Q\"><strong>d\u00f3lar<\/strong><\/a> encerrou o preg\u00e3o em alta de <span class=\"ng-binding\">1,614<\/span><label class=\"percent\">%<\/label>, cotado a R$ 4,7207 na venda.<\/p>\n\n","protected":false},"excerpt":{"rendered":"<p>O d\u00f3lar abriu, nesta quinta-feira (12), em forte alta e superou a marca de R$ 5 nominal pela primeira vez na hist\u00f3ria. O d\u00f3lar hoje fechou no maior patamar desde 2 de outubro Por volta das 09h15, a moeda norte-americana apresentava uma alta de 6,29%, sendo cotada a R$ 5,0155. O temor pelo avan\u00e7o do [&hellip;]<\/p>\n","protected":false},"author":24,"featured_media":27876,"comment_status":"closed","ping_status":"closed","sticky":false,"template":"","format":"standard","meta":[],"categories":[60],"tags":[2487,326,719],"suno_strategy":[],"class_list":["post-56157","post","type-post","status-publish","format-standard","has-post-thumbnail","hentry","category-mercado","tag-coronavirus","tag-dolar","tag-jair-bolsonaro"],"yoast_head":"<!-- This site is optimized with the Yoast SEO plugin v24.4 - https:\/\/yoast.com\/wordpress\/plugins\/seo\/ -->\n<title>D\u00f3lar abre em alta de alta e ultrapassa R$ 5 pela primeira vez<\/title>\n<meta name=\"description\" content=\"O d\u00f3lar abriu, nesta quinta-feira (12), em forte alta e superou a marca de R$ 5,00. Os mercados seguem atentos ao coronav\u00edrus. Saiba mais.\" \/>\n<meta name=\"robots\" content=\"index, follow, max-snippet:-1, max-image-preview:large, max-video-preview:-1\" \/>\n<link rel=\"canonical\" href=\"https:\/\/www.suno.com.br\/noticias\/dolar-abre-em-alta-12032020\/\" \/>\n<meta property=\"og:locale\" content=\"pt_BR\" \/>\n<meta property=\"og:type\" content=\"article\" \/>\n<meta property=\"og:title\" content=\"D\u00f3lar abre em alta de alta e ultrapassa R$ 5 pela primeira vez\" \/>\n<meta property=\"og:description\" content=\"O d\u00f3lar abriu, nesta quinta-feira (12), em forte alta e superou a marca de R$ 5,00. Os mercados seguem atentos ao coronav\u00edrus. Saiba mais.\" \/>\n<meta property=\"og:url\" content=\"https:\/\/www.suno.com.br\/noticias\/dolar-abre-em-alta-12032020\/\" \/>\n<meta property=\"og:site_name\" content=\"Suno Not\u00edcias\" \/>\n<meta property=\"article:publisher\" content=\"https:\/\/facebook.com\/sunoresearch\" \/>\n<meta property=\"og:image\" content=\"https:\/\/files.sunoresearch.com.br\/n\/uploads\/2019\/06\/753f7398-dol\u00e1r.jpg\" \/>\n\t<meta property=\"og:image:width\" content=\"2598\" \/>\n\t<meta property=\"og:image:height\" content=\"1700\" \/>\n\t<meta property=\"og:image:type\" content=\"image\/jpeg\" \/>\n<meta name=\"author\" content=\"Jader Lazarini\" \/>\n<meta name=\"twitter:card\" content=\"summary_large_image\" \/>\n<meta name=\"twitter:creator\" content=\"@sunoresearch\" \/>\n<meta name=\"twitter:site\" content=\"@sunoresearch\" \/>\n<meta name=\"twitter:label1\" content=\"Escrito por\" \/>\n\t<meta name=\"twitter:data1\" content=\"Jader Lazarini\" \/>\n\t<meta name=\"twitter:label2\" content=\"Est. tempo de leitura\" \/>\n\t<meta name=\"twitter:data2\" content=\"4 minutos\" \/>\n<script type=\"application\/ld+json\" class=\"yoast-schema-graph\">{\"@context\":\"https:\/\/schema.org\",\"@graph\":[{\"@type\":\"NewsArticle\",\"@id\":\"https:\/\/www.suno.com.br\/noticias\/dolar-abre-em-alta-12032020\/#article\",\"isPartOf\":{\"@id\":\"https:\/\/www.suno.com.br\/noticias\/dolar-abre-em-alta-12032020\/\"},\"author\":{\"name\":\"Jader Lazarini\",\"@id\":\"https:\/\/www.suno.com.br\/noticias\/#\/schema\/person\/918d79de1f0281f01599b93f9ea6e23f\"},\"headline\":\"D\u00f3lar abre em forte alta e ultrapassa R$ 5 pela primeira vez\",\"datePublished\":\"2020-03-12T12:13:39+00:00\",\"dateModified\":\"2020-03-12T12:44:49+00:00\",\"mainEntityOfPage\":{\"@id\":\"https:\/\/www.suno.com.br\/noticias\/dolar-abre-em-alta-12032020\/\"},\"wordCount\":806,\"publisher\":{\"@id\":\"https:\/\/www.suno.com.br\/noticias\/#organization\"},\"image\":{\"@id\":\"https:\/\/www.suno.com.br\/noticias\/dolar-abre-em-alta-12032020\/#primaryimage\"},\"thumbnailUrl\":\"https:\/\/files.sunoresearch.com.br\/n\/uploads\/2019\/06\/753f7398-dol\u00e1r-scaled.webp\",\"keywords\":[\"coronav\u00edrus\",\"d\u00f3lar\",\"Jair Bolsonaro\"],\"articleSection\":[\"Mercado\"],\"inLanguage\":\"pt-BR\"},{\"@type\":\"WebPage\",\"@id\":\"https:\/\/www.suno.com.br\/noticias\/dolar-abre-em-alta-12032020\/\",\"url\":\"https:\/\/www.suno.com.br\/noticias\/dolar-abre-em-alta-12032020\/\",\"name\":\"D\u00f3lar abre em alta de alta e ultrapassa R$ 5 pela primeira vez\",\"isPartOf\":{\"@id\":\"https:\/\/www.suno.com.br\/noticias\/#website\"},\"primaryImageOfPage\":{\"@id\":\"https:\/\/www.suno.com.br\/noticias\/dolar-abre-em-alta-12032020\/#primaryimage\"},\"image\":{\"@id\":\"https:\/\/www.suno.com.br\/noticias\/dolar-abre-em-alta-12032020\/#primaryimage\"},\"thumbnailUrl\":\"https:\/\/files.sunoresearch.com.br\/n\/uploads\/2019\/06\/753f7398-dol\u00e1r-scaled.webp\",\"datePublished\":\"2020-03-12T12:13:39+00:00\",\"dateModified\":\"2020-03-12T12:44:49+00:00\",\"description\":\"O d\u00f3lar abriu, nesta quinta-feira (12), em forte alta e superou a marca de R$ 5,00. Os mercados seguem atentos ao coronav\u00edrus. Saiba mais.\",\"breadcrumb\":{\"@id\":\"https:\/\/www.suno.com.br\/noticias\/dolar-abre-em-alta-12032020\/#breadcrumb\"},\"inLanguage\":\"pt-BR\",\"potentialAction\":[{\"@type\":\"ReadAction\",\"target\":[\"https:\/\/www.suno.com.br\/noticias\/dolar-abre-em-alta-12032020\/\"]}]},{\"@type\":\"ImageObject\",\"inLanguage\":\"pt-BR\",\"@id\":\"https:\/\/www.suno.com.br\/noticias\/dolar-abre-em-alta-12032020\/#primaryimage\",\"url\":\"https:\/\/files.sunoresearch.com.br\/n\/uploads\/2019\/06\/753f7398-dol\u00e1r-scaled.webp\",\"contentUrl\":\"https:\/\/files.sunoresearch.com.br\/n\/uploads\/2019\/06\/753f7398-dol\u00e1r-scaled.webp\",\"width\":2560,\"height\":1675,\"caption\":\"O d\u00f3lar hoje fechou no maior patamar desde 2 de outubro\"},{\"@type\":\"BreadcrumbList\",\"@id\":\"https:\/\/www.suno.com.br\/noticias\/dolar-abre-em-alta-12032020\/#breadcrumb\",\"itemListElement\":[{\"@type\":\"ListItem\",\"position\":1,\"name\":\"Not\u00edcias\",\"item\":\"https:\/\/www.suno.com.br\/noticias\/\"},{\"@type\":\"ListItem\",\"position\":2,\"name\":\"Mercado\",\"item\":\"https:\/\/www.suno.com.br\/noticias\/mercado\/\"},{\"@type\":\"ListItem\",\"position\":3,\"name\":\"D\u00f3lar abre em forte alta e ultrapassa R$ 5 pela primeira vez\"}]},{\"@type\":\"WebSite\",\"@id\":\"https:\/\/www.suno.com.br\/noticias\/#website\",\"url\":\"https:\/\/www.suno.com.br\/noticias\/\",\"name\":\"Suno Not\u00edcias\",\"description\":\"Seu portal de informa\u00e7\u00e3o sobre o mundo dos investimentos\",\"publisher\":{\"@id\":\"https:\/\/www.suno.com.br\/noticias\/#organization\"},\"potentialAction\":[{\"@type\":\"SearchAction\",\"target\":{\"@type\":\"EntryPoint\",\"urlTemplate\":\"https:\/\/www.suno.com.br\/noticias\/?s={search_term_string}\"},\"query-input\":{\"@type\":\"PropertyValueSpecification\",\"valueRequired\":true,\"valueName\":\"search_term_string\"}}],\"inLanguage\":\"pt-BR\"},{\"@type\":\"Organization\",\"@id\":\"https:\/\/www.suno.com.br\/noticias\/#organization\",\"name\":\"Suno Not\u00edcias\",\"url\":\"https:\/\/www.suno.com.br\/noticias\/\",\"logo\":{\"@type\":\"ImageObject\",\"inLanguage\":\"pt-BR\",\"@id\":\"https:\/\/www.suno.com.br\/noticias\/#\/schema\/logo\/image\/\",\"url\":\"https:\/\/files.sunoresearch.com.br\/n\/uploads\/2021\/09\/suno-logo.png\",\"contentUrl\":\"https:\/\/files.sunoresearch.com.br\/n\/uploads\/2021\/09\/suno-logo.png\",\"width\":180,\"height\":180,\"caption\":\"Suno Not\u00edcias\"},\"image\":{\"@id\":\"https:\/\/www.suno.com.br\/noticias\/#\/schema\/logo\/image\/\"},\"sameAs\":[\"https:\/\/facebook.com\/sunoresearch\",\"https:\/\/x.com\/sunoresearch\",\"https:\/\/www.instagram.com\/suno\",\"https:\/\/www.linkedin.com\/company\/suno-research\/\",\"https:\/\/www.youtube.com\/c\/sunoresearch\"]},{\"@type\":\"Person\",\"@id\":\"https:\/\/www.suno.com.br\/noticias\/#\/schema\/person\/918d79de1f0281f01599b93f9ea6e23f\",\"name\":\"Jader Lazarini\",\"image\":{\"@type\":\"ImageObject\",\"inLanguage\":\"pt-BR\",\"@id\":\"https:\/\/www.suno.com.br\/noticias\/#\/schema\/person\/image\/\",\"url\":\"https:\/\/secure.gravatar.com\/avatar\/3c1ad8caa51589841baeb923fcddea97?s=96&r=g\",\"contentUrl\":\"https:\/\/secure.gravatar.com\/avatar\/3c1ad8caa51589841baeb923fcddea97?s=96&r=g\",\"caption\":\"Jader Lazarini\"},\"description\":\"Jader Lazarini escreve sobre investimentos, finan\u00e7as, economia e neg\u00f3cios. \u00c9 bacharel em Rela\u00e7\u00f5es Internacionais e analista CNPI (2619).\",\"url\":\"https:\/\/www.suno.com.br\/noticias\/author\/jader-lazarini\/\"}]}<\/script>\n<!-- \/ Yoast SEO plugin. -->","yoast_head_json":{"title":"D\u00f3lar abre em alta de alta e ultrapassa R$ 5 pela primeira vez","description":"O d\u00f3lar abriu, nesta quinta-feira (12), em forte alta e superou a marca de R$ 5,00. Os mercados seguem atentos ao coronav\u00edrus. Saiba mais.","robots":{"index":"index","follow":"follow","max-snippet":"max-snippet:-1","max-image-preview":"max-image-preview:large","max-video-preview":"max-video-preview:-1"},"canonical":"https:\/\/www.suno.com.br\/noticias\/dolar-abre-em-alta-12032020\/","og_locale":"pt_BR","og_type":"article","og_title":"D\u00f3lar abre em alta de alta e ultrapassa R$ 5 pela primeira vez","og_description":"O d\u00f3lar abriu, nesta quinta-feira (12), em forte alta e superou a marca de R$ 5,00. Os mercados seguem atentos ao coronav\u00edrus. Saiba mais.","og_url":"https:\/\/www.suno.com.br\/noticias\/dolar-abre-em-alta-12032020\/","og_site_name":"Suno Not\u00edcias","article_publisher":"https:\/\/facebook.com\/sunoresearch","og_image":[{"width":2598,"height":1700,"url":"https:\/\/files.sunoresearch.com.br\/n\/uploads\/2019\/06\/753f7398-dol\u00e1r.jpg","type":"image\/jpeg"}],"author":"Jader Lazarini","twitter_card":"summary_large_image","twitter_creator":"@sunoresearch","twitter_site":"@sunoresearch","twitter_misc":{"Escrito por":"Jader Lazarini","Est. tempo de leitura":"4 minutos"},"schema":{"@context":"https:\/\/schema.org","@graph":[{"@type":"NewsArticle","@id":"https:\/\/www.suno.com.br\/noticias\/dolar-abre-em-alta-12032020\/#article","isPartOf":{"@id":"https:\/\/www.suno.com.br\/noticias\/dolar-abre-em-alta-12032020\/"},"author":{"name":"Jader Lazarini","@id":"https:\/\/www.suno.com.br\/noticias\/#\/schema\/person\/918d79de1f0281f01599b93f9ea6e23f"},"headline":"D\u00f3lar abre em forte alta e ultrapassa R$ 5 pela primeira vez","datePublished":"2020-03-12T12:13:39+00:00","dateModified":"2020-03-12T12:44:49+00:00","mainEntityOfPage":{"@id":"https:\/\/www.suno.com.br\/noticias\/dolar-abre-em-alta-12032020\/"},"wordCount":806,"publisher":{"@id":"https:\/\/www.suno.com.br\/noticias\/#organization"},"image":{"@id":"https:\/\/www.suno.com.br\/noticias\/dolar-abre-em-alta-12032020\/#primaryimage"},"thumbnailUrl":"https:\/\/files.sunoresearch.com.br\/n\/uploads\/2019\/06\/753f7398-dol\u00e1r-scaled.webp","keywords":["coronav\u00edrus","d\u00f3lar","Jair Bolsonaro"],"articleSection":["Mercado"],"inLanguage":"pt-BR"},{"@type":"WebPage","@id":"https:\/\/www.suno.com.br\/noticias\/dolar-abre-em-alta-12032020\/","url":"https:\/\/www.suno.com.br\/noticias\/dolar-abre-em-alta-12032020\/","name":"D\u00f3lar abre em alta de alta e ultrapassa R$ 5 pela primeira vez","isPartOf":{"@id":"https:\/\/www.suno.com.br\/noticias\/#website"},"primaryImageOfPage":{"@id":"https:\/\/www.suno.com.br\/noticias\/dolar-abre-em-alta-12032020\/#primaryimage"},"image":{"@id":"https:\/\/www.suno.com.br\/noticias\/dolar-abre-em-alta-12032020\/#primaryimage"},"thumbnailUrl":"https:\/\/files.sunoresearch.com.br\/n\/uploads\/2019\/06\/753f7398-dol\u00e1r-scaled.webp","datePublished":"2020-03-12T12:13:39+00:00","dateModified":"2020-03-12T12:44:49+00:00","description":"O d\u00f3lar abriu, nesta quinta-feira (12), em forte alta e superou a marca de R$ 5,00. Os mercados seguem atentos ao coronav\u00edrus. Saiba mais.","breadcrumb":{"@id":"https:\/\/www.suno.com.br\/noticias\/dolar-abre-em-alta-12032020\/#breadcrumb"},"inLanguage":"pt-BR","potentialAction":[{"@type":"ReadAction","target":["https:\/\/www.suno.com.br\/noticias\/dolar-abre-em-alta-12032020\/"]}]},{"@type":"ImageObject","inLanguage":"pt-BR","@id":"https:\/\/www.suno.com.br\/noticias\/dolar-abre-em-alta-12032020\/#primaryimage","url":"https:\/\/files.sunoresearch.com.br\/n\/uploads\/2019\/06\/753f7398-dol\u00e1r-scaled.webp","contentUrl":"https:\/\/files.sunoresearch.com.br\/n\/uploads\/2019\/06\/753f7398-dol\u00e1r-scaled.webp","width":2560,"height":1675,"caption":"O d\u00f3lar hoje fechou no maior patamar desde 2 de outubro"},{"@type":"BreadcrumbList","@id":"https:\/\/www.suno.com.br\/noticias\/dolar-abre-em-alta-12032020\/#breadcrumb","itemListElement":[{"@type":"ListItem","position":1,"name":"Not\u00edcias","item":"https:\/\/www.suno.com.br\/noticias\/"},{"@type":"ListItem","position":2,"name":"Mercado","item":"https:\/\/www.suno.com.br\/noticias\/mercado\/"},{"@type":"ListItem","position":3,"name":"D\u00f3lar abre em forte alta e ultrapassa R$ 5 pela primeira vez"}]},{"@type":"WebSite","@id":"https:\/\/www.suno.com.br\/noticias\/#website","url":"https:\/\/www.suno.com.br\/noticias\/","name":"Suno Not\u00edcias","description":"Seu portal de informa\u00e7\u00e3o sobre o mundo dos investimentos","publisher":{"@id":"https:\/\/www.suno.com.br\/noticias\/#organization"},"potentialAction":[{"@type":"SearchAction","target":{"@type":"EntryPoint","urlTemplate":"https:\/\/www.suno.com.br\/noticias\/?s={search_term_string}"},"query-input":{"@type":"PropertyValueSpecification","valueRequired":true,"valueName":"search_term_string"}}],"inLanguage":"pt-BR"},{"@type":"Organization","@id":"https:\/\/www.suno.com.br\/noticias\/#organization","name":"Suno Not\u00edcias","url":"https:\/\/www.suno.com.br\/noticias\/","logo":{"@type":"ImageObject","inLanguage":"pt-BR","@id":"https:\/\/www.suno.com.br\/noticias\/#\/schema\/logo\/image\/","url":"https:\/\/files.sunoresearch.com.br\/n\/uploads\/2021\/09\/suno-logo.png","contentUrl":"https:\/\/files.sunoresearch.com.br\/n\/uploads\/2021\/09\/suno-logo.png","width":180,"height":180,"caption":"Suno Not\u00edcias"},"image":{"@id":"https:\/\/www.suno.com.br\/noticias\/#\/schema\/logo\/image\/"},"sameAs":["https:\/\/facebook.com\/sunoresearch","https:\/\/x.com\/sunoresearch","https:\/\/www.instagram.com\/suno","https:\/\/www.linkedin.com\/company\/suno-research\/","https:\/\/www.youtube.com\/c\/sunoresearch"]},{"@type":"Person","@id":"https:\/\/www.suno.com.br\/noticias\/#\/schema\/person\/918d79de1f0281f01599b93f9ea6e23f","name":"Jader Lazarini","image":{"@type":"ImageObject","inLanguage":"pt-BR","@id":"https:\/\/www.suno.com.br\/noticias\/#\/schema\/person\/image\/","url":"https:\/\/secure.gravatar.com\/avatar\/3c1ad8caa51589841baeb923fcddea97?s=96&r=g","contentUrl":"https:\/\/secure.gravatar.com\/avatar\/3c1ad8caa51589841baeb923fcddea97?s=96&r=g","caption":"Jader Lazarini"},"description":"Jader Lazarini escreve sobre investimentos, finan\u00e7as, economia e neg\u00f3cios. \u00c9 bacharel em Rela\u00e7\u00f5es Internacionais e analista CNPI (2619).","url":"https:\/\/www.suno.com.br\/noticias\/author\/jader-lazarini\/"}]}},"default_loop_html":"<div class=\"cardsPage__listCard__boxs\"><div class=\"cardsPage__listCard__boxs__img\"><a href=\"https:\/\/www.suno.com.br\/noticias\/dolar-abre-em-alta-12032020\/\"><img class=\"mask\" src=\"https:\/\/www.suno.com.br\/noticias\/wp-content\/themes\/suno\/resources\/images\/spotlight\/spotlight1img\/bg-mask.png\" alt=\"Image Mask\"\/><img src=\"https:\/\/files.sunoresearch.com.br\/n\/uploads\/2019\/06\/753f7398-dol\u00e1r-400x200.webp\" alt=\"D\u00f3lar abre em forte alta e ultrapassa R$ 5 pela primeira vez\"\/><\/a><span class=\"spotlightCategory\"><a href=\"https:\/\/www.suno.com.br\/noticias\/mercado\/\">Mercado<\/a><\/span><\/div><div class=\"cardsPage__listCard__boxs__content\"><a href=\"https:\/\/www.suno.com.br\/noticias\/dolar-abre-em-alta-12032020\/\"><h2 class=\"content__title\">D\u00f3lar abre em forte alta e ultrapassa R$ 5 pela primeira vez<\/h2><\/a><div class=\"newsContent__article__meta\"><div class=\"newsContent__article__meta__authorBox\"><a href=\"https:\/\/www.suno.com.br\/noticias\/author\/jader-lazarini\/\" class=\"authorBox__avatar noMobi\"><img src=\"https:\/\/files.sunoresearch.com.br\/n\/uploads\/2021\/01\/178e6598-foto-perfil-2-150x150.jpg\" alt=\"Jader Lazarini\"><\/a><div class=\"authorBox__name\"><span>por\n\t\t\t<a href=\"https:\/\/www.suno.com.br\/noticias\/author\/jader-lazarini\/\"><span itemprop=\"author\">Jader Lazarini<\/span><\/a><\/span><time datetime=\"2020-03-12T09:13:39-03:00\" itemprop=\"datePublished\">12\/03\/2020 09:13<\/time><\/div><\/div><\/div><\/div><\/div>","single_layout":"posts","amp_enabled":true,"_links":{"self":[{"href":"https:\/\/www.suno.com.br\/noticias\/wp-json\/wp\/v2\/posts\/56157"}],"collection":[{"href":"https:\/\/www.suno.com.br\/noticias\/wp-json\/wp\/v2\/posts"}],"about":[{"href":"https:\/\/www.suno.com.br\/noticias\/wp-json\/wp\/v2\/types\/post"}],"author":[{"embeddable":true,"href":"https:\/\/www.suno.com.br\/noticias\/wp-json\/wp\/v2\/users\/24"}],"replies":[{"embeddable":true,"href":"https:\/\/www.suno.com.br\/noticias\/wp-json\/wp\/v2\/comments?post=56157"}],"version-history":[{"count":0,"href":"https:\/\/www.suno.com.br\/noticias\/wp-json\/wp\/v2\/posts\/56157\/revisions"}],"wp:featuredmedia":[{"embeddable":true,"href":"https:\/\/www.suno.com.br\/noticias\/wp-json\/wp\/v2\/media\/27876"}],"wp:attachment":[{"href":"https:\/\/www.suno.com.br\/noticias\/wp-json\/wp\/v2\/media?parent=56157"}],"wp:term":[{"taxonomy":"category","embeddable":true,"href":"https:\/\/www.suno.com.br\/noticias\/wp-json\/wp\/v2\/categories?post=56157"},{"taxonomy":"post_tag","embeddable":true,"href":"https:\/\/www.suno.com.br\/noticias\/wp-json\/wp\/v2\/tags?post=56157"},{"taxonomy":"suno_strategy","embeddable":true,"href":"https:\/\/www.suno.com.br\/noticias\/wp-json\/wp\/v2\/suno_strategy?post=56157"}],"curies":[{"name":"wp","href":"https:\/\/api.w.org\/{rel}","templated":true}]}}