{"id":56150,"date":"2020-03-12T09:55:26","date_gmt":"2020-03-12T12:55:26","guid":{"rendered":"https:\/\/www.suno.com.br\/noticias\/?p=56150"},"modified":"2021-02-17T22:43:38","modified_gmt":"2021-02-18T01:43:38","slug":"coronavirus-na-europa-bce-anuncia-medidas-de-estimulo","status":"publish","type":"post","link":"https:\/\/www.suno.com.br\/noticias\/coronavirus-na-europa-bce-anuncia-medidas-de-estimulo\/","title":{"rendered":"Coronav\u00edrus: Na Europa, BCE anuncia medidas de est\u00edmulo"},"content":{"rendered":"<p>O Banco Central Europeu (BCE) anunciou nesta quinta-feira medidas de suporte ao setor financeiro para minimizar os impactos do <strong>coronav\u00edrus<\/strong> na economia.<\/p>\t<div class=\"wrapper-featured-image\">\n\t\t<figure class=\"spotlightImg\">\n\n\t\t\t<picture>\n\t\t\t\t<source media=\"(max-width: 768px)\" srcset=\"https:\/\/files.sunoresearch.com.br\/n\/uploads\/2020\/03\/4d6634f3-uni\u00e3o-europeia-400x200.webp\">\n\t\t\t\t<img loading=\"lazy\" decoding=\"async\" class=\"newsContent__article__imgCapa lazyloadDisabled newsContent__article__imgCapa--noCaption\" src=\"https:\/\/files.sunoresearch.com.br\/n\/uploads\/2020\/03\/4d6634f3-uni\u00e3o-europeia-jpg.webp\" width=\"800\" height=\"450\" alt=\"Coronav\u00edrus: Na Europa, BCE anuncia medidas de est\u00edmulo\" fetchpriority=high \/>\n\t\t\t<\/picture>\n\n\t\t\t<figcaption class=\"wp-caption-text wp-caption-text--hide\">Zona do Euro<\/figcaption>\n\t\t<\/figure>\n\t<\/div>\n\n\n\n<p>O pacote inclui uma rodada adicional de opera\u00e7\u00f5es de refinanciamento de longo prazo (TLTRO, na sigla em ingl\u00eas), condi\u00e7\u00f5es mais favor\u00e1veis a esses empr\u00e9stimos e um programa adicional de recompra de ativos. Esta \u00faltima medida prev\u00ea o desembolso \u20ac 120 bilh\u00f5es (R$ 667,34 bilh\u00f5es).<\/p>\n<p><a href=\"https:\/\/www.suno.com.br\/noticias\/coronavirus-pregao-de-chicago-sera-paralisado\/\">Veja mais: Coronav\u00edrus: Bolsa de Chicago ser\u00e1 paralisada a partir de sexta-feira<\/a><\/p>\n<p>Fonte: &lt;a href=&#8221;https:\/\/www.suno.com.br\/noticias\/coronavirus-pregao-de-chicago-sera-paralisado\/&#8221;&gt;Coronav\u00edrus: Bolsa de Chicago ser\u00e1 paralisada a partir de sexta-feira&lt;\/a&gt;<\/p>\n<p>A autoridade monet\u00e1ria diz que n\u00e3o v\u00ea problemas de liquidez no sistema financeiro, mas tomou as medidas como forma de preven\u00e7\u00e3o. No caso das TLTRO&#8217;s, o objetivo \u00e9 auxiliar principalmente empresas de pequeno e m\u00e9dio portes, segundo o <strong>Banco Central Europeu<\/strong>.<\/p>\n<p>As opera\u00e7\u00f5es de refinanciamento de longo prazo adicionais ter\u00e3o validade at\u00e9 junho, quando j\u00e1 estava prevista uma nova rodada desse tipo de medida. As TLTRO&#8217;s feitas a partir do meio do ano ter\u00e3o redu\u00e7\u00e3o nos juros de 0,25% sobre as m\u00e9dias, segundo o <strong>BCE<\/strong>.<\/p>\n<p>A autoridade monet\u00e1ria manteve a taxa de juro da facilidade permanente de dep\u00f3sito em -0,50%.<\/p>\n<p>Na Europa, os mercados operam desde a abertura dos preg\u00f5es em forte baixa, em rea\u00e7\u00e3o \u00e0 restri\u00e7\u00e3o de v\u00f4os do continente aos Estados Unidos por 30 dias. O an\u00fancio da medida, em tentativa de conter os avan\u00e7os do <strong>coronav\u00edrus<\/strong>, foi feito pelo presidente Donald Trump em rede nacional na noite da \u00faltima quarta-feira. Uma exce\u00e7\u00e3o \u00e0 regra s\u00e3o v\u00f4os origin\u00e1rios da Inglaterra.<\/p>\n\n","protected":false},"excerpt":{"rendered":"<p>O Banco Central Europeu (BCE) anunciou nesta quinta-feira medidas de suporte ao setor financeiro para minimizar os impactos do coronav\u00edrus na economia. Zona do Euro O pacote inclui uma rodada adicional de opera\u00e7\u00f5es de refinanciamento de longo prazo (TLTRO, na sigla em ingl\u00eas), condi\u00e7\u00f5es mais favor\u00e1veis a esses empr\u00e9stimos e um programa adicional de recompra [&hellip;]<\/p>\n","protected":false},"author":30,"featured_media":55895,"comment_status":"closed","ping_status":"closed","sticky":false,"template":"","format":"standard","meta":[],"categories":[63],"tags":[863,2487,710],"suno_strategy":[],"class_list":["post-56150","post","type-post","status-publish","format-standard","has-post-thumbnail","hentry","category-internacional","tag-banco-central-europeu-bce","tag-coronavirus","tag-europa"],"yoast_head":"<!-- This site is optimized with the Yoast SEO plugin v24.4 - https:\/\/yoast.com\/wordpress\/plugins\/seo\/ -->\n<title>Coronav\u00edrus: Na Europa, BCE anuncia medidas de est\u00edmulo<\/title>\n<meta name=\"robots\" content=\"index, follow, max-snippet:-1, max-image-preview:large, max-video-preview:-1\" \/>\n<link rel=\"canonical\" href=\"https:\/\/www.suno.com.br\/noticias\/coronavirus-na-europa-bce-anuncia-medidas-de-estimulo\/\" \/>\n<meta property=\"og:locale\" content=\"pt_BR\" \/>\n<meta property=\"og:type\" content=\"article\" \/>\n<meta property=\"og:title\" content=\"Coronav\u00edrus: Na Europa, BCE anuncia medidas de est\u00edmulo\" \/>\n<meta property=\"og:description\" content=\"O Banco Central Europeu (BCE) anunciou nesta quinta-feira medidas de suporte ao setor financeiro para minimizar os impactos do coronav\u00edrus na economia. Zona do Euro O pacote inclui uma rodada adicional de opera\u00e7\u00f5es de refinanciamento de longo prazo (TLTRO, na sigla em ingl\u00eas), condi\u00e7\u00f5es mais favor\u00e1veis a esses empr\u00e9stimos e um programa adicional de recompra [&hellip;]\" \/>\n<meta property=\"og:url\" content=\"https:\/\/www.suno.com.br\/noticias\/coronavirus-na-europa-bce-anuncia-medidas-de-estimulo\/\" \/>\n<meta property=\"og:site_name\" content=\"Suno Not\u00edcias\" \/>\n<meta property=\"article:publisher\" content=\"https:\/\/facebook.com\/sunoresearch\" \/>\n<meta property=\"og:image\" content=\"https:\/\/files.sunoresearch.com.br\/n\/uploads\/2020\/03\/4d6634f3-uni\u00e3o-europeia.jpg\" \/>\n\t<meta property=\"og:image:width\" content=\"615\" \/>\n\t<meta property=\"og:image:height\" content=\"410\" \/>\n\t<meta property=\"og:image:type\" content=\"image\/jpeg\" \/>\n<meta name=\"author\" content=\"Felipe Machado\" \/>\n<meta name=\"twitter:card\" content=\"summary_large_image\" \/>\n<meta name=\"twitter:creator\" content=\"@sunoresearch\" \/>\n<meta name=\"twitter:site\" content=\"@sunoresearch\" \/>\n<meta name=\"twitter:label1\" content=\"Escrito por\" \/>\n\t<meta name=\"twitter:data1\" content=\"Felipe Machado\" \/>\n\t<meta name=\"twitter:label2\" content=\"Est. tempo de leitura\" \/>\n\t<meta name=\"twitter:data2\" content=\"1 minuto\" \/>\n<script type=\"application\/ld+json\" class=\"yoast-schema-graph\">{\"@context\":\"https:\/\/schema.org\",\"@graph\":[{\"@type\":\"NewsArticle\",\"@id\":\"https:\/\/www.suno.com.br\/noticias\/coronavirus-na-europa-bce-anuncia-medidas-de-estimulo\/#article\",\"isPartOf\":{\"@id\":\"https:\/\/www.suno.com.br\/noticias\/coronavirus-na-europa-bce-anuncia-medidas-de-estimulo\/\"},\"author\":{\"name\":\"Felipe Machado\",\"@id\":\"https:\/\/www.suno.com.br\/noticias\/#\/schema\/person\/b14135480a79188b43f9a30429ce6d9f\"},\"headline\":\"Coronav\u00edrus: Na Europa, BCE anuncia medidas de est\u00edmulo\",\"datePublished\":\"2020-03-12T12:55:26+00:00\",\"dateModified\":\"2021-02-18T01:43:38+00:00\",\"mainEntityOfPage\":{\"@id\":\"https:\/\/www.suno.com.br\/noticias\/coronavirus-na-europa-bce-anuncia-medidas-de-estimulo\/\"},\"wordCount\":309,\"publisher\":{\"@id\":\"https:\/\/www.suno.com.br\/noticias\/#organization\"},\"image\":{\"@id\":\"https:\/\/www.suno.com.br\/noticias\/coronavirus-na-europa-bce-anuncia-medidas-de-estimulo\/#primaryimage\"},\"thumbnailUrl\":\"https:\/\/files.sunoresearch.com.br\/n\/uploads\/2020\/03\/4d6634f3-uni\u00e3o-europeia-jpg.webp\",\"keywords\":[\"Banco Central Europeu (BCE)\",\"coronav\u00edrus\",\"Europa\"],\"articleSection\":[\"Internacional\"],\"inLanguage\":\"pt-BR\"},{\"@type\":\"WebPage\",\"@id\":\"https:\/\/www.suno.com.br\/noticias\/coronavirus-na-europa-bce-anuncia-medidas-de-estimulo\/\",\"url\":\"https:\/\/www.suno.com.br\/noticias\/coronavirus-na-europa-bce-anuncia-medidas-de-estimulo\/\",\"name\":\"Coronav\u00edrus: Na Europa, BCE anuncia medidas de est\u00edmulo\",\"isPartOf\":{\"@id\":\"https:\/\/www.suno.com.br\/noticias\/#website\"},\"primaryImageOfPage\":{\"@id\":\"https:\/\/www.suno.com.br\/noticias\/coronavirus-na-europa-bce-anuncia-medidas-de-estimulo\/#primaryimage\"},\"image\":{\"@id\":\"https:\/\/www.suno.com.br\/noticias\/coronavirus-na-europa-bce-anuncia-medidas-de-estimulo\/#primaryimage\"},\"thumbnailUrl\":\"https:\/\/files.sunoresearch.com.br\/n\/uploads\/2020\/03\/4d6634f3-uni\u00e3o-europeia-jpg.webp\",\"datePublished\":\"2020-03-12T12:55:26+00:00\",\"dateModified\":\"2021-02-18T01:43:38+00:00\",\"breadcrumb\":{\"@id\":\"https:\/\/www.suno.com.br\/noticias\/coronavirus-na-europa-bce-anuncia-medidas-de-estimulo\/#breadcrumb\"},\"inLanguage\":\"pt-BR\",\"potentialAction\":[{\"@type\":\"ReadAction\",\"target\":[\"https:\/\/www.suno.com.br\/noticias\/coronavirus-na-europa-bce-anuncia-medidas-de-estimulo\/\"]}]},{\"@type\":\"ImageObject\",\"inLanguage\":\"pt-BR\",\"@id\":\"https:\/\/www.suno.com.br\/noticias\/coronavirus-na-europa-bce-anuncia-medidas-de-estimulo\/#primaryimage\",\"url\":\"https:\/\/files.sunoresearch.com.br\/n\/uploads\/2020\/03\/4d6634f3-uni\u00e3o-europeia-jpg.webp\",\"contentUrl\":\"https:\/\/files.sunoresearch.com.br\/n\/uploads\/2020\/03\/4d6634f3-uni\u00e3o-europeia-jpg.webp\",\"width\":615,\"height\":410,\"caption\":\"Zona do Euro\"},{\"@type\":\"BreadcrumbList\",\"@id\":\"https:\/\/www.suno.com.br\/noticias\/coronavirus-na-europa-bce-anuncia-medidas-de-estimulo\/#breadcrumb\",\"itemListElement\":[{\"@type\":\"ListItem\",\"position\":1,\"name\":\"Not\u00edcias\",\"item\":\"https:\/\/www.suno.com.br\/noticias\/\"},{\"@type\":\"ListItem\",\"position\":2,\"name\":\"Internacional\",\"item\":\"https:\/\/www.suno.com.br\/noticias\/internacional\/\"},{\"@type\":\"ListItem\",\"position\":3,\"name\":\"Coronav\u00edrus: Na Europa, BCE anuncia medidas de est\u00edmulo\"}]},{\"@type\":\"WebSite\",\"@id\":\"https:\/\/www.suno.com.br\/noticias\/#website\",\"url\":\"https:\/\/www.suno.com.br\/noticias\/\",\"name\":\"Suno Not\u00edcias\",\"description\":\"Seu portal de informa\u00e7\u00e3o sobre o mundo dos investimentos\",\"publisher\":{\"@id\":\"https:\/\/www.suno.com.br\/noticias\/#organization\"},\"potentialAction\":[{\"@type\":\"SearchAction\",\"target\":{\"@type\":\"EntryPoint\",\"urlTemplate\":\"https:\/\/www.suno.com.br\/noticias\/?s={search_term_string}\"},\"query-input\":{\"@type\":\"PropertyValueSpecification\",\"valueRequired\":true,\"valueName\":\"search_term_string\"}}],\"inLanguage\":\"pt-BR\"},{\"@type\":\"Organization\",\"@id\":\"https:\/\/www.suno.com.br\/noticias\/#organization\",\"name\":\"Suno Not\u00edcias\",\"url\":\"https:\/\/www.suno.com.br\/noticias\/\",\"logo\":{\"@type\":\"ImageObject\",\"inLanguage\":\"pt-BR\",\"@id\":\"https:\/\/www.suno.com.br\/noticias\/#\/schema\/logo\/image\/\",\"url\":\"https:\/\/files.sunoresearch.com.br\/n\/uploads\/2021\/09\/suno-logo.png\",\"contentUrl\":\"https:\/\/files.sunoresearch.com.br\/n\/uploads\/2021\/09\/suno-logo.png\",\"width\":180,\"height\":180,\"caption\":\"Suno Not\u00edcias\"},\"image\":{\"@id\":\"https:\/\/www.suno.com.br\/noticias\/#\/schema\/logo\/image\/\"},\"sameAs\":[\"https:\/\/facebook.com\/sunoresearch\",\"https:\/\/x.com\/sunoresearch\",\"https:\/\/www.instagram.com\/suno\",\"https:\/\/www.linkedin.com\/company\/suno-research\/\",\"https:\/\/www.youtube.com\/c\/sunoresearch\"]},{\"@type\":\"Person\",\"@id\":\"https:\/\/www.suno.com.br\/noticias\/#\/schema\/person\/b14135480a79188b43f9a30429ce6d9f\",\"name\":\"Felipe Machado\",\"image\":{\"@type\":\"ImageObject\",\"inLanguage\":\"pt-BR\",\"@id\":\"https:\/\/www.suno.com.br\/noticias\/#\/schema\/person\/image\/\",\"url\":\"https:\/\/secure.gravatar.com\/avatar\/3227bc9cdf051f6f10f9a33abecb8f29?s=96&r=g\",\"contentUrl\":\"https:\/\/secure.gravatar.com\/avatar\/3227bc9cdf051f6f10f9a33abecb8f29?s=96&r=g\",\"caption\":\"Felipe Machado\"},\"description\":\"Felipe Machado \u00e9 editor na Suno Research. Formado em jornalismo pela Universidade Federal de Santa Catarina (UFSC). Foi rep\u00f3rter de Servi\u00e7os no Valor Econ\u00f4mico e de Economia no site da Veja.\",\"url\":\"https:\/\/www.suno.com.br\/noticias\/author\/felipe-machado\/\"}]}<\/script>\n<!-- \/ Yoast SEO plugin. -->","yoast_head_json":{"title":"Coronav\u00edrus: Na Europa, BCE anuncia medidas de est\u00edmulo","robots":{"index":"index","follow":"follow","max-snippet":"max-snippet:-1","max-image-preview":"max-image-preview:large","max-video-preview":"max-video-preview:-1"},"canonical":"https:\/\/www.suno.com.br\/noticias\/coronavirus-na-europa-bce-anuncia-medidas-de-estimulo\/","og_locale":"pt_BR","og_type":"article","og_title":"Coronav\u00edrus: Na Europa, BCE anuncia medidas de est\u00edmulo","og_description":"O Banco Central Europeu (BCE) anunciou nesta quinta-feira medidas de suporte ao setor financeiro para minimizar os impactos do coronav\u00edrus na economia. Zona do Euro O pacote inclui uma rodada adicional de opera\u00e7\u00f5es de refinanciamento de longo prazo (TLTRO, na sigla em ingl\u00eas), condi\u00e7\u00f5es mais favor\u00e1veis a esses empr\u00e9stimos e um programa adicional de recompra [&hellip;]","og_url":"https:\/\/www.suno.com.br\/noticias\/coronavirus-na-europa-bce-anuncia-medidas-de-estimulo\/","og_site_name":"Suno Not\u00edcias","article_publisher":"https:\/\/facebook.com\/sunoresearch","og_image":[{"width":615,"height":410,"url":"https:\/\/files.sunoresearch.com.br\/n\/uploads\/2020\/03\/4d6634f3-uni\u00e3o-europeia.jpg","type":"image\/jpeg"}],"author":"Felipe Machado","twitter_card":"summary_large_image","twitter_creator":"@sunoresearch","twitter_site":"@sunoresearch","twitter_misc":{"Escrito por":"Felipe Machado","Est. tempo de leitura":"1 minuto"},"schema":{"@context":"https:\/\/schema.org","@graph":[{"@type":"NewsArticle","@id":"https:\/\/www.suno.com.br\/noticias\/coronavirus-na-europa-bce-anuncia-medidas-de-estimulo\/#article","isPartOf":{"@id":"https:\/\/www.suno.com.br\/noticias\/coronavirus-na-europa-bce-anuncia-medidas-de-estimulo\/"},"author":{"name":"Felipe Machado","@id":"https:\/\/www.suno.com.br\/noticias\/#\/schema\/person\/b14135480a79188b43f9a30429ce6d9f"},"headline":"Coronav\u00edrus: Na Europa, BCE anuncia medidas de est\u00edmulo","datePublished":"2020-03-12T12:55:26+00:00","dateModified":"2021-02-18T01:43:38+00:00","mainEntityOfPage":{"@id":"https:\/\/www.suno.com.br\/noticias\/coronavirus-na-europa-bce-anuncia-medidas-de-estimulo\/"},"wordCount":309,"publisher":{"@id":"https:\/\/www.suno.com.br\/noticias\/#organization"},"image":{"@id":"https:\/\/www.suno.com.br\/noticias\/coronavirus-na-europa-bce-anuncia-medidas-de-estimulo\/#primaryimage"},"thumbnailUrl":"https:\/\/files.sunoresearch.com.br\/n\/uploads\/2020\/03\/4d6634f3-uni\u00e3o-europeia-jpg.webp","keywords":["Banco Central Europeu (BCE)","coronav\u00edrus","Europa"],"articleSection":["Internacional"],"inLanguage":"pt-BR"},{"@type":"WebPage","@id":"https:\/\/www.suno.com.br\/noticias\/coronavirus-na-europa-bce-anuncia-medidas-de-estimulo\/","url":"https:\/\/www.suno.com.br\/noticias\/coronavirus-na-europa-bce-anuncia-medidas-de-estimulo\/","name":"Coronav\u00edrus: Na Europa, BCE anuncia medidas de est\u00edmulo","isPartOf":{"@id":"https:\/\/www.suno.com.br\/noticias\/#website"},"primaryImageOfPage":{"@id":"https:\/\/www.suno.com.br\/noticias\/coronavirus-na-europa-bce-anuncia-medidas-de-estimulo\/#primaryimage"},"image":{"@id":"https:\/\/www.suno.com.br\/noticias\/coronavirus-na-europa-bce-anuncia-medidas-de-estimulo\/#primaryimage"},"thumbnailUrl":"https:\/\/files.sunoresearch.com.br\/n\/uploads\/2020\/03\/4d6634f3-uni\u00e3o-europeia-jpg.webp","datePublished":"2020-03-12T12:55:26+00:00","dateModified":"2021-02-18T01:43:38+00:00","breadcrumb":{"@id":"https:\/\/www.suno.com.br\/noticias\/coronavirus-na-europa-bce-anuncia-medidas-de-estimulo\/#breadcrumb"},"inLanguage":"pt-BR","potentialAction":[{"@type":"ReadAction","target":["https:\/\/www.suno.com.br\/noticias\/coronavirus-na-europa-bce-anuncia-medidas-de-estimulo\/"]}]},{"@type":"ImageObject","inLanguage":"pt-BR","@id":"https:\/\/www.suno.com.br\/noticias\/coronavirus-na-europa-bce-anuncia-medidas-de-estimulo\/#primaryimage","url":"https:\/\/files.sunoresearch.com.br\/n\/uploads\/2020\/03\/4d6634f3-uni\u00e3o-europeia-jpg.webp","contentUrl":"https:\/\/files.sunoresearch.com.br\/n\/uploads\/2020\/03\/4d6634f3-uni\u00e3o-europeia-jpg.webp","width":615,"height":410,"caption":"Zona do Euro"},{"@type":"BreadcrumbList","@id":"https:\/\/www.suno.com.br\/noticias\/coronavirus-na-europa-bce-anuncia-medidas-de-estimulo\/#breadcrumb","itemListElement":[{"@type":"ListItem","position":1,"name":"Not\u00edcias","item":"https:\/\/www.suno.com.br\/noticias\/"},{"@type":"ListItem","position":2,"name":"Internacional","item":"https:\/\/www.suno.com.br\/noticias\/internacional\/"},{"@type":"ListItem","position":3,"name":"Coronav\u00edrus: Na Europa, BCE anuncia medidas de est\u00edmulo"}]},{"@type":"WebSite","@id":"https:\/\/www.suno.com.br\/noticias\/#website","url":"https:\/\/www.suno.com.br\/noticias\/","name":"Suno Not\u00edcias","description":"Seu portal de informa\u00e7\u00e3o sobre o mundo dos investimentos","publisher":{"@id":"https:\/\/www.suno.com.br\/noticias\/#organization"},"potentialAction":[{"@type":"SearchAction","target":{"@type":"EntryPoint","urlTemplate":"https:\/\/www.suno.com.br\/noticias\/?s={search_term_string}"},"query-input":{"@type":"PropertyValueSpecification","valueRequired":true,"valueName":"search_term_string"}}],"inLanguage":"pt-BR"},{"@type":"Organization","@id":"https:\/\/www.suno.com.br\/noticias\/#organization","name":"Suno Not\u00edcias","url":"https:\/\/www.suno.com.br\/noticias\/","logo":{"@type":"ImageObject","inLanguage":"pt-BR","@id":"https:\/\/www.suno.com.br\/noticias\/#\/schema\/logo\/image\/","url":"https:\/\/files.sunoresearch.com.br\/n\/uploads\/2021\/09\/suno-logo.png","contentUrl":"https:\/\/files.sunoresearch.com.br\/n\/uploads\/2021\/09\/suno-logo.png","width":180,"height":180,"caption":"Suno Not\u00edcias"},"image":{"@id":"https:\/\/www.suno.com.br\/noticias\/#\/schema\/logo\/image\/"},"sameAs":["https:\/\/facebook.com\/sunoresearch","https:\/\/x.com\/sunoresearch","https:\/\/www.instagram.com\/suno","https:\/\/www.linkedin.com\/company\/suno-research\/","https:\/\/www.youtube.com\/c\/sunoresearch"]},{"@type":"Person","@id":"https:\/\/www.suno.com.br\/noticias\/#\/schema\/person\/b14135480a79188b43f9a30429ce6d9f","name":"Felipe Machado","image":{"@type":"ImageObject","inLanguage":"pt-BR","@id":"https:\/\/www.suno.com.br\/noticias\/#\/schema\/person\/image\/","url":"https:\/\/secure.gravatar.com\/avatar\/3227bc9cdf051f6f10f9a33abecb8f29?s=96&r=g","contentUrl":"https:\/\/secure.gravatar.com\/avatar\/3227bc9cdf051f6f10f9a33abecb8f29?s=96&r=g","caption":"Felipe Machado"},"description":"Felipe Machado \u00e9 editor na Suno Research. Formado em jornalismo pela Universidade Federal de Santa Catarina (UFSC). Foi rep\u00f3rter de Servi\u00e7os no Valor Econ\u00f4mico e de Economia no site da Veja.","url":"https:\/\/www.suno.com.br\/noticias\/author\/felipe-machado\/"}]}},"default_loop_html":"<div class=\"cardsPage__listCard__boxs\"><div class=\"cardsPage__listCard__boxs__img\"><a href=\"https:\/\/www.suno.com.br\/noticias\/coronavirus-na-europa-bce-anuncia-medidas-de-estimulo\/\"><img class=\"mask\" src=\"https:\/\/www.suno.com.br\/noticias\/wp-content\/themes\/suno\/resources\/images\/spotlight\/spotlight1img\/bg-mask.png\" alt=\"Image Mask\"\/><img src=\"https:\/\/files.sunoresearch.com.br\/n\/uploads\/2020\/03\/4d6634f3-uni\u00e3o-europeia-400x200.webp\" alt=\"Coronav\u00edrus: Na Europa, BCE anuncia medidas de est\u00edmulo\"\/><\/a><span class=\"spotlightCategory\"><a href=\"https:\/\/www.suno.com.br\/noticias\/internacional\/\">Internacional<\/a><\/span><\/div><div class=\"cardsPage__listCard__boxs__content\"><a href=\"https:\/\/www.suno.com.br\/noticias\/coronavirus-na-europa-bce-anuncia-medidas-de-estimulo\/\"><h2 class=\"content__title\">Coronav\u00edrus: Na Europa, BCE anuncia medidas de est\u00edmulo<\/h2><\/a><div class=\"newsContent__article__meta\"><div class=\"newsContent__article__meta__authorBox\"><a href=\"https:\/\/www.suno.com.br\/noticias\/author\/felipe-machado\/\" class=\"authorBox__avatar noMobi\"><img src=\"https:\/\/files.sunoresearch.com.br\/n\/uploads\/2020\/08\/0bf96073-jponokxz_400x400-150x150.webp\" alt=\"Felipe Machado\"><\/a><div class=\"authorBox__name\"><span>por\n\t\t\t<a href=\"https:\/\/www.suno.com.br\/noticias\/author\/felipe-machado\/\"><span itemprop=\"author\">Felipe Machado<\/span><\/a><\/span><time datetime=\"2020-03-12T09:55:26-03:00\" itemprop=\"datePublished\">12\/03\/2020 09:55<\/time><\/div><\/div><\/div><\/div><\/div>","single_layout":"posts","amp_enabled":true,"_links":{"self":[{"href":"https:\/\/www.suno.com.br\/noticias\/wp-json\/wp\/v2\/posts\/56150"}],"collection":[{"href":"https:\/\/www.suno.com.br\/noticias\/wp-json\/wp\/v2\/posts"}],"about":[{"href":"https:\/\/www.suno.com.br\/noticias\/wp-json\/wp\/v2\/types\/post"}],"author":[{"embeddable":true,"href":"https:\/\/www.suno.com.br\/noticias\/wp-json\/wp\/v2\/users\/30"}],"replies":[{"embeddable":true,"href":"https:\/\/www.suno.com.br\/noticias\/wp-json\/wp\/v2\/comments?post=56150"}],"version-history":[{"count":0,"href":"https:\/\/www.suno.com.br\/noticias\/wp-json\/wp\/v2\/posts\/56150\/revisions"}],"wp:featuredmedia":[{"embeddable":true,"href":"https:\/\/www.suno.com.br\/noticias\/wp-json\/wp\/v2\/media\/55895"}],"wp:attachment":[{"href":"https:\/\/www.suno.com.br\/noticias\/wp-json\/wp\/v2\/media?parent=56150"}],"wp:term":[{"taxonomy":"category","embeddable":true,"href":"https:\/\/www.suno.com.br\/noticias\/wp-json\/wp\/v2\/categories?post=56150"},{"taxonomy":"post_tag","embeddable":true,"href":"https:\/\/www.suno.com.br\/noticias\/wp-json\/wp\/v2\/tags?post=56150"},{"taxonomy":"suno_strategy","embeddable":true,"href":"https:\/\/www.suno.com.br\/noticias\/wp-json\/wp\/v2\/suno_strategy?post=56150"}],"curies":[{"name":"wp","href":"https:\/\/api.w.org\/{rel}","templated":true}]}}