{"id":56148,"date":"2020-03-12T10:06:26","date_gmt":"2020-03-12T13:06:26","guid":{"rendered":"https:\/\/www.suno.com.br\/noticias\/?p=56148"},"modified":"2021-06-13T23:38:30","modified_gmt":"2021-06-14T02:38:30","slug":"coronavirus-pregao-de-chicago-sera-paralisado","status":"publish","type":"post","link":"https:\/\/www.suno.com.br\/noticias\/coronavirus-pregao-de-chicago-sera-paralisado\/","title":{"rendered":"Coronav\u00edrus: Bolsa de Chicago ser\u00e1 paralisada a partir de sexta-feira"},"content":{"rendered":"<p>A Bolsa de Chicago, por conta do avan\u00e7o do <strong>coronav\u00edrus<\/strong> (Covid-19) nos Estados Unidos, ser\u00e1 paralisada ap\u00f3s o fechamento do preg\u00e3o na pr\u00f3xima sexta-feira (13). O an\u00fancio foi realizado pelo CME Group, controlador e maior grupo operador do mercado de derivativos do mundo, na \u00faltima quarta-feira (11).<\/p>\t<div class=\"wrapper-featured-image\">\n\t\t<figure class=\"spotlightImg\">\n\n\t\t\t<picture>\n\t\t\t\t<source media=\"(max-width: 768px)\" srcset=\"https:\/\/files.sunoresearch.com.br\/n\/uploads\/2020\/03\/b1a7d299-chicago-400x200.webp\">\n\t\t\t\t<img loading=\"lazy\" decoding=\"async\" class=\"newsContent__article__imgCapa lazyloadDisabled newsContent__article__imgCapa--noCaption\" src=\"https:\/\/files.sunoresearch.com.br\/n\/uploads\/2020\/03\/b1a7d299-chicago-800x450.webp\" width=\"800\" height=\"450\" alt=\"Coronav\u00edrus: Bolsa de Chicago ser\u00e1 paralisada a partir de sexta-feira\" fetchpriority=high \/>\n\t\t\t<\/picture>\n\n\t\t\t<figcaption class=\"wp-caption-text wp-caption-text--hide\">Coronav\u00edrus: Bolsa de Chicago ser\u00e1 paralisada a partir de sexta-feira<\/figcaption>\n\t\t<\/figure>\n\t<\/div>\n\n\n\n<p>O <strong>CME<\/strong>, no entanto, informou que nenhum caso de coronav\u00edrus foi confirmado na junta comercial de Chicago. A bolsa local \u00e9 uma dos maiores centros de negocia\u00e7\u00e3o das commodities mundiais.<\/p>\n<p>O fechamento das opera\u00e7\u00f5es da Bolsa de Chicago far\u00e1 com que o CME seja a primeira bolsa dos Estados Unidos a ser paralisada por conta da doen\u00e7a. A <a href=\"https:\/\/www.suno.com.br\/artigos\/nyse\/\">Bolsa de Nova York (NYSE)<\/a> tamb\u00e9m est\u00e1 tomando medidas de precau\u00e7\u00e3o, separando traders de outros colaboradores, segundo a ag\u00eancia de not\u00edcias &#8220;Reuters&#8221;.<\/p>\n\t<p>\n\t\t<a href=\"https:\/\/lp.suno.com.br\/4-emissao-snel11\/\" target=\"_blank\" data-element=\"shortcode-suno-banner\" title=\"Banner SUNO, clique e saiba mais\">\n\t\t\t<picture>\n\t\t\t\t<source media=\"(max-width: 500px)\" srcset=\"https:\/\/files.sunoresearch.com.br\/n\/uploads\/2025\/07\/400x300-Mobile-Artigos-7.webp\">\n\t\t\t\t<img class=\"newsContent__article__imgCapa newsContent__article__imgCapa--banner\"\n\t\t\t\t\tsrc=\"https:\/\/files.sunoresearch.com.br\/n\/uploads\/2025\/07\/1420x240-Banner-Artigos-1-_-Banner-Materias-5.webp\"\n\t\t\t\t\tdata-promo-id=\"613822\"\t\t\t\t\t\t\t\t\t\twidth='1420' height='240'\t\t\t\t\talt=\"https:\/\/files.sunoresearch.com.br\/n\/uploads\/2025\/07\/1420x240-Banner-Artigos-1-_-Banner-Materias-5.webp\"\n\t\t\t\t>\n\t\t\t<\/picture>\n\t\t<\/a>\n\t<\/p>\n\n\n<p>O CME informou que os operadores do preg\u00e3o em Chicago receber\u00e3o um \u201cquestion\u00e1rio adicional\u201d nesta quinta-feira (12), relacionado \u00e0 execu\u00e7\u00e3o de determinados produtos, procedimentos e protocolos da bolsa.<\/p>\n<p>O an\u00fancio do CME ocorre ap\u00f3s v\u00e1rias empresas e organiza\u00e7\u00f5es instru\u00edrem seus funcion\u00e1rios a trabalhares de casa, evitando o cont\u00e1gio do v\u00edrus. A NBA, liga de basquetebol profissional dos Estados Unidos, anunciou a paralisa\u00e7\u00e3o de suas atividades por tempo indeterminado.<\/p>\n<p><a href=\"https:\/\/www.suno.com.br\/noticias\/dolar-abre-em-alta-12032020\/\">Confira: D\u00f3lar abre em forte alta e ultrapassa R$ 5 pela primeira vez<\/a><\/p>\n<p>Al\u00e9m disso, a <strong>It\u00e1lia<\/strong>, <a href=\"https:\/\/www.youtube.com\/watch?v=0snRYzfHan0&amp;t=79s\">pa\u00eds europeu mais atingido pela epidemia<\/a>, determinou, na \u00faltima quarta-feira, o fechamento de todos os com\u00e9rcios n\u00e3o essenciais. As restri\u00e7\u00f5es preveem que somente farm\u00e1cias e mercados tenham a autoriza\u00e7\u00e3o para ficarem abertos. Todos os outros com\u00e9rcios dever\u00e3o ficar fechados at\u00e9 dia 25 de mar\u00e7o.<\/p>\n<p>Os casos de <strong>coronav\u00edrus<\/strong> em todo o mundo ultrapassaram 124 mil, segundo os dados da universidade norte-americana Johns Hopkins. O diretor-geral da Organiza\u00e7\u00e3o Mundial da Sa\u00fade (OMS), Tedros Adhanom Ghebreyesus, solicitou nesta quinta-feira (12) que todos os pa\u00edses &#8220;redobrem&#8221; a aten\u00e7\u00e3o contra a nova pandemia.<\/p>\n\n","protected":false},"excerpt":{"rendered":"<p>A Bolsa de Chicago, por conta do avan\u00e7o do coronav\u00edrus (Covid-19) nos Estados Unidos, ser\u00e1 paralisada ap\u00f3s o fechamento do preg\u00e3o na pr\u00f3xima sexta-feira (13). O an\u00fancio foi realizado pelo CME Group, controlador e maior grupo operador do mercado de derivativos do mundo, na \u00faltima quarta-feira (11). Coronav\u00edrus: Bolsa de Chicago ser\u00e1 paralisada a partir [&hellip;]<\/p>\n","protected":false},"author":24,"featured_media":56153,"comment_status":"closed","ping_status":"closed","sticky":false,"template":"","format":"standard","meta":[],"categories":[63],"tags":[2487,793],"suno_strategy":[],"class_list":["post-56148","post","type-post","status-publish","format-standard","has-post-thumbnail","hentry","category-internacional","tag-coronavirus","tag-estados-unidos-eua"],"yoast_head":"<!-- This site is optimized with the Yoast SEO plugin v24.4 - https:\/\/yoast.com\/wordpress\/plugins\/seo\/ -->\n<title>Coronav\u00edrus: Bolsa de Chicago ser\u00e1 paralisada a partir de sexta-feira<\/title>\n<meta name=\"description\" content=\"A Bolsa de Chicago, por conta do avan\u00e7o do coronav\u00edrus, ser\u00e1 paralisada ap\u00f3s o fechamento do preg\u00e3o na pr\u00f3xima sexta-feira. Saiba mais.\" \/>\n<meta name=\"robots\" content=\"index, follow, max-snippet:-1, max-image-preview:large, max-video-preview:-1\" \/>\n<link rel=\"canonical\" href=\"https:\/\/www.suno.com.br\/noticias\/coronavirus-pregao-de-chicago-sera-paralisado\/\" \/>\n<meta property=\"og:locale\" content=\"pt_BR\" \/>\n<meta property=\"og:type\" content=\"article\" \/>\n<meta property=\"og:title\" content=\"Coronav\u00edrus: Bolsa de Chicago ser\u00e1 paralisada a partir de sexta-feira\" \/>\n<meta property=\"og:description\" content=\"A Bolsa de Chicago, por conta do avan\u00e7o do coronav\u00edrus, ser\u00e1 paralisada ap\u00f3s o fechamento do preg\u00e3o na pr\u00f3xima sexta-feira. Saiba mais.\" \/>\n<meta property=\"og:url\" content=\"https:\/\/www.suno.com.br\/noticias\/coronavirus-pregao-de-chicago-sera-paralisado\/\" \/>\n<meta property=\"og:site_name\" content=\"Suno Not\u00edcias\" \/>\n<meta property=\"article:publisher\" content=\"https:\/\/facebook.com\/sunoresearch\" \/>\n<meta property=\"og:image\" content=\"https:\/\/files.sunoresearch.com.br\/n\/uploads\/2020\/03\/b1a7d299-chicago-1024x662.jpeg\" \/>\n\t<meta property=\"og:image:width\" content=\"1024\" \/>\n\t<meta property=\"og:image:height\" content=\"662\" \/>\n\t<meta property=\"og:image:type\" content=\"image\/jpeg\" \/>\n<meta name=\"author\" content=\"Jader Lazarini\" \/>\n<meta name=\"twitter:card\" content=\"summary_large_image\" \/>\n<meta name=\"twitter:creator\" content=\"@sunoresearch\" \/>\n<meta name=\"twitter:site\" content=\"@sunoresearch\" \/>\n<meta name=\"twitter:label1\" content=\"Escrito por\" \/>\n\t<meta name=\"twitter:data1\" content=\"Jader Lazarini\" \/>\n\t<meta name=\"twitter:label2\" content=\"Est. tempo de leitura\" \/>\n\t<meta name=\"twitter:data2\" content=\"2 minutos\" \/>\n<script type=\"application\/ld+json\" class=\"yoast-schema-graph\">{\"@context\":\"https:\/\/schema.org\",\"@graph\":[{\"@type\":\"NewsArticle\",\"@id\":\"https:\/\/www.suno.com.br\/noticias\/coronavirus-pregao-de-chicago-sera-paralisado\/#article\",\"isPartOf\":{\"@id\":\"https:\/\/www.suno.com.br\/noticias\/coronavirus-pregao-de-chicago-sera-paralisado\/\"},\"author\":{\"name\":\"Jader Lazarini\",\"@id\":\"https:\/\/www.suno.com.br\/noticias\/#\/schema\/person\/918d79de1f0281f01599b93f9ea6e23f\"},\"headline\":\"Coronav\u00edrus: Bolsa de Chicago ser\u00e1 paralisada a partir de sexta-feira\",\"datePublished\":\"2020-03-12T13:06:26+00:00\",\"dateModified\":\"2021-06-14T02:38:30+00:00\",\"mainEntityOfPage\":{\"@id\":\"https:\/\/www.suno.com.br\/noticias\/coronavirus-pregao-de-chicago-sera-paralisado\/\"},\"wordCount\":358,\"publisher\":{\"@id\":\"https:\/\/www.suno.com.br\/noticias\/#organization\"},\"image\":{\"@id\":\"https:\/\/www.suno.com.br\/noticias\/coronavirus-pregao-de-chicago-sera-paralisado\/#primaryimage\"},\"thumbnailUrl\":\"https:\/\/files.sunoresearch.com.br\/n\/uploads\/2020\/03\/b1a7d299-chicago-scaled.webp\",\"keywords\":[\"coronav\u00edrus\",\"Estados Unidos (EUA)\"],\"articleSection\":[\"Internacional\"],\"inLanguage\":\"pt-BR\"},{\"@type\":\"WebPage\",\"@id\":\"https:\/\/www.suno.com.br\/noticias\/coronavirus-pregao-de-chicago-sera-paralisado\/\",\"url\":\"https:\/\/www.suno.com.br\/noticias\/coronavirus-pregao-de-chicago-sera-paralisado\/\",\"name\":\"Coronav\u00edrus: Bolsa de Chicago ser\u00e1 paralisada a partir de sexta-feira\",\"isPartOf\":{\"@id\":\"https:\/\/www.suno.com.br\/noticias\/#website\"},\"primaryImageOfPage\":{\"@id\":\"https:\/\/www.suno.com.br\/noticias\/coronavirus-pregao-de-chicago-sera-paralisado\/#primaryimage\"},\"image\":{\"@id\":\"https:\/\/www.suno.com.br\/noticias\/coronavirus-pregao-de-chicago-sera-paralisado\/#primaryimage\"},\"thumbnailUrl\":\"https:\/\/files.sunoresearch.com.br\/n\/uploads\/2020\/03\/b1a7d299-chicago-scaled.webp\",\"datePublished\":\"2020-03-12T13:06:26+00:00\",\"dateModified\":\"2021-06-14T02:38:30+00:00\",\"description\":\"A Bolsa de Chicago, por conta do avan\u00e7o do coronav\u00edrus, ser\u00e1 paralisada ap\u00f3s o fechamento do preg\u00e3o na pr\u00f3xima sexta-feira. Saiba mais.\",\"breadcrumb\":{\"@id\":\"https:\/\/www.suno.com.br\/noticias\/coronavirus-pregao-de-chicago-sera-paralisado\/#breadcrumb\"},\"inLanguage\":\"pt-BR\",\"potentialAction\":[{\"@type\":\"ReadAction\",\"target\":[\"https:\/\/www.suno.com.br\/noticias\/coronavirus-pregao-de-chicago-sera-paralisado\/\"]}]},{\"@type\":\"ImageObject\",\"inLanguage\":\"pt-BR\",\"@id\":\"https:\/\/www.suno.com.br\/noticias\/coronavirus-pregao-de-chicago-sera-paralisado\/#primaryimage\",\"url\":\"https:\/\/files.sunoresearch.com.br\/n\/uploads\/2020\/03\/b1a7d299-chicago-scaled.webp\",\"contentUrl\":\"https:\/\/files.sunoresearch.com.br\/n\/uploads\/2020\/03\/b1a7d299-chicago-scaled.webp\",\"width\":2560,\"height\":1655,\"caption\":\"Coronav\u00edrus: Bolsa de Chicago ser\u00e1 paralisada a partir de sexta-feira\"},{\"@type\":\"BreadcrumbList\",\"@id\":\"https:\/\/www.suno.com.br\/noticias\/coronavirus-pregao-de-chicago-sera-paralisado\/#breadcrumb\",\"itemListElement\":[{\"@type\":\"ListItem\",\"position\":1,\"name\":\"Not\u00edcias\",\"item\":\"https:\/\/www.suno.com.br\/noticias\/\"},{\"@type\":\"ListItem\",\"position\":2,\"name\":\"Internacional\",\"item\":\"https:\/\/www.suno.com.br\/noticias\/internacional\/\"},{\"@type\":\"ListItem\",\"position\":3,\"name\":\"Coronav\u00edrus: Bolsa de Chicago ser\u00e1 paralisada a partir de sexta-feira\"}]},{\"@type\":\"WebSite\",\"@id\":\"https:\/\/www.suno.com.br\/noticias\/#website\",\"url\":\"https:\/\/www.suno.com.br\/noticias\/\",\"name\":\"Suno Not\u00edcias\",\"description\":\"Seu portal de informa\u00e7\u00e3o sobre o mundo dos investimentos\",\"publisher\":{\"@id\":\"https:\/\/www.suno.com.br\/noticias\/#organization\"},\"potentialAction\":[{\"@type\":\"SearchAction\",\"target\":{\"@type\":\"EntryPoint\",\"urlTemplate\":\"https:\/\/www.suno.com.br\/noticias\/?s={search_term_string}\"},\"query-input\":{\"@type\":\"PropertyValueSpecification\",\"valueRequired\":true,\"valueName\":\"search_term_string\"}}],\"inLanguage\":\"pt-BR\"},{\"@type\":\"Organization\",\"@id\":\"https:\/\/www.suno.com.br\/noticias\/#organization\",\"name\":\"Suno Not\u00edcias\",\"url\":\"https:\/\/www.suno.com.br\/noticias\/\",\"logo\":{\"@type\":\"ImageObject\",\"inLanguage\":\"pt-BR\",\"@id\":\"https:\/\/www.suno.com.br\/noticias\/#\/schema\/logo\/image\/\",\"url\":\"https:\/\/files.sunoresearch.com.br\/n\/uploads\/2021\/09\/suno-logo.png\",\"contentUrl\":\"https:\/\/files.sunoresearch.com.br\/n\/uploads\/2021\/09\/suno-logo.png\",\"width\":180,\"height\":180,\"caption\":\"Suno Not\u00edcias\"},\"image\":{\"@id\":\"https:\/\/www.suno.com.br\/noticias\/#\/schema\/logo\/image\/\"},\"sameAs\":[\"https:\/\/facebook.com\/sunoresearch\",\"https:\/\/x.com\/sunoresearch\",\"https:\/\/www.instagram.com\/suno\",\"https:\/\/www.linkedin.com\/company\/suno-research\/\",\"https:\/\/www.youtube.com\/c\/sunoresearch\"]},{\"@type\":\"Person\",\"@id\":\"https:\/\/www.suno.com.br\/noticias\/#\/schema\/person\/918d79de1f0281f01599b93f9ea6e23f\",\"name\":\"Jader Lazarini\",\"image\":{\"@type\":\"ImageObject\",\"inLanguage\":\"pt-BR\",\"@id\":\"https:\/\/www.suno.com.br\/noticias\/#\/schema\/person\/image\/\",\"url\":\"https:\/\/secure.gravatar.com\/avatar\/3c1ad8caa51589841baeb923fcddea97?s=96&r=g\",\"contentUrl\":\"https:\/\/secure.gravatar.com\/avatar\/3c1ad8caa51589841baeb923fcddea97?s=96&r=g\",\"caption\":\"Jader Lazarini\"},\"description\":\"Jader Lazarini escreve sobre investimentos, finan\u00e7as, economia e neg\u00f3cios. \u00c9 bacharel em Rela\u00e7\u00f5es Internacionais e analista CNPI (2619).\",\"url\":\"https:\/\/www.suno.com.br\/noticias\/author\/jader-lazarini\/\"}]}<\/script>\n<!-- \/ Yoast SEO plugin. -->","yoast_head_json":{"title":"Coronav\u00edrus: Bolsa de Chicago ser\u00e1 paralisada a partir de sexta-feira","description":"A Bolsa de Chicago, por conta do avan\u00e7o do coronav\u00edrus, ser\u00e1 paralisada ap\u00f3s o fechamento do preg\u00e3o na pr\u00f3xima sexta-feira. Saiba mais.","robots":{"index":"index","follow":"follow","max-snippet":"max-snippet:-1","max-image-preview":"max-image-preview:large","max-video-preview":"max-video-preview:-1"},"canonical":"https:\/\/www.suno.com.br\/noticias\/coronavirus-pregao-de-chicago-sera-paralisado\/","og_locale":"pt_BR","og_type":"article","og_title":"Coronav\u00edrus: Bolsa de Chicago ser\u00e1 paralisada a partir de sexta-feira","og_description":"A Bolsa de Chicago, por conta do avan\u00e7o do coronav\u00edrus, ser\u00e1 paralisada ap\u00f3s o fechamento do preg\u00e3o na pr\u00f3xima sexta-feira. Saiba mais.","og_url":"https:\/\/www.suno.com.br\/noticias\/coronavirus-pregao-de-chicago-sera-paralisado\/","og_site_name":"Suno Not\u00edcias","article_publisher":"https:\/\/facebook.com\/sunoresearch","og_image":[{"width":1024,"height":662,"url":"https:\/\/files.sunoresearch.com.br\/n\/uploads\/2020\/03\/b1a7d299-chicago-1024x662.jpeg","type":"image\/jpeg"}],"author":"Jader Lazarini","twitter_card":"summary_large_image","twitter_creator":"@sunoresearch","twitter_site":"@sunoresearch","twitter_misc":{"Escrito por":"Jader Lazarini","Est. tempo de leitura":"2 minutos"},"schema":{"@context":"https:\/\/schema.org","@graph":[{"@type":"NewsArticle","@id":"https:\/\/www.suno.com.br\/noticias\/coronavirus-pregao-de-chicago-sera-paralisado\/#article","isPartOf":{"@id":"https:\/\/www.suno.com.br\/noticias\/coronavirus-pregao-de-chicago-sera-paralisado\/"},"author":{"name":"Jader Lazarini","@id":"https:\/\/www.suno.com.br\/noticias\/#\/schema\/person\/918d79de1f0281f01599b93f9ea6e23f"},"headline":"Coronav\u00edrus: Bolsa de Chicago ser\u00e1 paralisada a partir de sexta-feira","datePublished":"2020-03-12T13:06:26+00:00","dateModified":"2021-06-14T02:38:30+00:00","mainEntityOfPage":{"@id":"https:\/\/www.suno.com.br\/noticias\/coronavirus-pregao-de-chicago-sera-paralisado\/"},"wordCount":358,"publisher":{"@id":"https:\/\/www.suno.com.br\/noticias\/#organization"},"image":{"@id":"https:\/\/www.suno.com.br\/noticias\/coronavirus-pregao-de-chicago-sera-paralisado\/#primaryimage"},"thumbnailUrl":"https:\/\/files.sunoresearch.com.br\/n\/uploads\/2020\/03\/b1a7d299-chicago-scaled.webp","keywords":["coronav\u00edrus","Estados Unidos (EUA)"],"articleSection":["Internacional"],"inLanguage":"pt-BR"},{"@type":"WebPage","@id":"https:\/\/www.suno.com.br\/noticias\/coronavirus-pregao-de-chicago-sera-paralisado\/","url":"https:\/\/www.suno.com.br\/noticias\/coronavirus-pregao-de-chicago-sera-paralisado\/","name":"Coronav\u00edrus: Bolsa de Chicago ser\u00e1 paralisada a partir de sexta-feira","isPartOf":{"@id":"https:\/\/www.suno.com.br\/noticias\/#website"},"primaryImageOfPage":{"@id":"https:\/\/www.suno.com.br\/noticias\/coronavirus-pregao-de-chicago-sera-paralisado\/#primaryimage"},"image":{"@id":"https:\/\/www.suno.com.br\/noticias\/coronavirus-pregao-de-chicago-sera-paralisado\/#primaryimage"},"thumbnailUrl":"https:\/\/files.sunoresearch.com.br\/n\/uploads\/2020\/03\/b1a7d299-chicago-scaled.webp","datePublished":"2020-03-12T13:06:26+00:00","dateModified":"2021-06-14T02:38:30+00:00","description":"A Bolsa de Chicago, por conta do avan\u00e7o do coronav\u00edrus, ser\u00e1 paralisada ap\u00f3s o fechamento do preg\u00e3o na pr\u00f3xima sexta-feira. Saiba mais.","breadcrumb":{"@id":"https:\/\/www.suno.com.br\/noticias\/coronavirus-pregao-de-chicago-sera-paralisado\/#breadcrumb"},"inLanguage":"pt-BR","potentialAction":[{"@type":"ReadAction","target":["https:\/\/www.suno.com.br\/noticias\/coronavirus-pregao-de-chicago-sera-paralisado\/"]}]},{"@type":"ImageObject","inLanguage":"pt-BR","@id":"https:\/\/www.suno.com.br\/noticias\/coronavirus-pregao-de-chicago-sera-paralisado\/#primaryimage","url":"https:\/\/files.sunoresearch.com.br\/n\/uploads\/2020\/03\/b1a7d299-chicago-scaled.webp","contentUrl":"https:\/\/files.sunoresearch.com.br\/n\/uploads\/2020\/03\/b1a7d299-chicago-scaled.webp","width":2560,"height":1655,"caption":"Coronav\u00edrus: Bolsa de Chicago ser\u00e1 paralisada a partir de sexta-feira"},{"@type":"BreadcrumbList","@id":"https:\/\/www.suno.com.br\/noticias\/coronavirus-pregao-de-chicago-sera-paralisado\/#breadcrumb","itemListElement":[{"@type":"ListItem","position":1,"name":"Not\u00edcias","item":"https:\/\/www.suno.com.br\/noticias\/"},{"@type":"ListItem","position":2,"name":"Internacional","item":"https:\/\/www.suno.com.br\/noticias\/internacional\/"},{"@type":"ListItem","position":3,"name":"Coronav\u00edrus: Bolsa de Chicago ser\u00e1 paralisada a partir de sexta-feira"}]},{"@type":"WebSite","@id":"https:\/\/www.suno.com.br\/noticias\/#website","url":"https:\/\/www.suno.com.br\/noticias\/","name":"Suno Not\u00edcias","description":"Seu portal de informa\u00e7\u00e3o sobre o mundo dos investimentos","publisher":{"@id":"https:\/\/www.suno.com.br\/noticias\/#organization"},"potentialAction":[{"@type":"SearchAction","target":{"@type":"EntryPoint","urlTemplate":"https:\/\/www.suno.com.br\/noticias\/?s={search_term_string}"},"query-input":{"@type":"PropertyValueSpecification","valueRequired":true,"valueName":"search_term_string"}}],"inLanguage":"pt-BR"},{"@type":"Organization","@id":"https:\/\/www.suno.com.br\/noticias\/#organization","name":"Suno Not\u00edcias","url":"https:\/\/www.suno.com.br\/noticias\/","logo":{"@type":"ImageObject","inLanguage":"pt-BR","@id":"https:\/\/www.suno.com.br\/noticias\/#\/schema\/logo\/image\/","url":"https:\/\/files.sunoresearch.com.br\/n\/uploads\/2021\/09\/suno-logo.png","contentUrl":"https:\/\/files.sunoresearch.com.br\/n\/uploads\/2021\/09\/suno-logo.png","width":180,"height":180,"caption":"Suno Not\u00edcias"},"image":{"@id":"https:\/\/www.suno.com.br\/noticias\/#\/schema\/logo\/image\/"},"sameAs":["https:\/\/facebook.com\/sunoresearch","https:\/\/x.com\/sunoresearch","https:\/\/www.instagram.com\/suno","https:\/\/www.linkedin.com\/company\/suno-research\/","https:\/\/www.youtube.com\/c\/sunoresearch"]},{"@type":"Person","@id":"https:\/\/www.suno.com.br\/noticias\/#\/schema\/person\/918d79de1f0281f01599b93f9ea6e23f","name":"Jader Lazarini","image":{"@type":"ImageObject","inLanguage":"pt-BR","@id":"https:\/\/www.suno.com.br\/noticias\/#\/schema\/person\/image\/","url":"https:\/\/secure.gravatar.com\/avatar\/3c1ad8caa51589841baeb923fcddea97?s=96&r=g","contentUrl":"https:\/\/secure.gravatar.com\/avatar\/3c1ad8caa51589841baeb923fcddea97?s=96&r=g","caption":"Jader Lazarini"},"description":"Jader Lazarini escreve sobre investimentos, finan\u00e7as, economia e neg\u00f3cios. \u00c9 bacharel em Rela\u00e7\u00f5es Internacionais e analista CNPI (2619).","url":"https:\/\/www.suno.com.br\/noticias\/author\/jader-lazarini\/"}]}},"default_loop_html":"<div class=\"cardsPage__listCard__boxs\"><div class=\"cardsPage__listCard__boxs__img\"><a href=\"https:\/\/www.suno.com.br\/noticias\/coronavirus-pregao-de-chicago-sera-paralisado\/\"><img class=\"mask\" src=\"https:\/\/www.suno.com.br\/noticias\/wp-content\/themes\/suno\/resources\/images\/spotlight\/spotlight1img\/bg-mask.png\" alt=\"Image Mask\"\/><img src=\"https:\/\/files.sunoresearch.com.br\/n\/uploads\/2020\/03\/b1a7d299-chicago-400x200.webp\" alt=\"Coronav\u00edrus: Bolsa de Chicago ser\u00e1 paralisada a partir de sexta-feira\"\/><\/a><span class=\"spotlightCategory\"><a href=\"https:\/\/www.suno.com.br\/noticias\/internacional\/\">Internacional<\/a><\/span><\/div><div class=\"cardsPage__listCard__boxs__content\"><a href=\"https:\/\/www.suno.com.br\/noticias\/coronavirus-pregao-de-chicago-sera-paralisado\/\"><h2 class=\"content__title\">Coronav\u00edrus: Bolsa de Chicago ser\u00e1 paralisada a partir de sexta-feira<\/h2><\/a><div class=\"newsContent__article__meta\"><div class=\"newsContent__article__meta__authorBox\"><a href=\"https:\/\/www.suno.com.br\/noticias\/author\/jader-lazarini\/\" class=\"authorBox__avatar noMobi\"><img src=\"https:\/\/files.sunoresearch.com.br\/n\/uploads\/2021\/01\/178e6598-foto-perfil-2-150x150.jpg\" alt=\"Jader Lazarini\"><\/a><div class=\"authorBox__name\"><span>por\n\t\t\t<a href=\"https:\/\/www.suno.com.br\/noticias\/author\/jader-lazarini\/\"><span itemprop=\"author\">Jader Lazarini<\/span><\/a><\/span><time datetime=\"2020-03-12T10:06:26-03:00\" itemprop=\"datePublished\">12\/03\/2020 10:06<\/time><\/div><\/div><\/div><\/div><\/div>","single_layout":"posts","amp_enabled":true,"_links":{"self":[{"href":"https:\/\/www.suno.com.br\/noticias\/wp-json\/wp\/v2\/posts\/56148"}],"collection":[{"href":"https:\/\/www.suno.com.br\/noticias\/wp-json\/wp\/v2\/posts"}],"about":[{"href":"https:\/\/www.suno.com.br\/noticias\/wp-json\/wp\/v2\/types\/post"}],"author":[{"embeddable":true,"href":"https:\/\/www.suno.com.br\/noticias\/wp-json\/wp\/v2\/users\/24"}],"replies":[{"embeddable":true,"href":"https:\/\/www.suno.com.br\/noticias\/wp-json\/wp\/v2\/comments?post=56148"}],"version-history":[{"count":1,"href":"https:\/\/www.suno.com.br\/noticias\/wp-json\/wp\/v2\/posts\/56148\/revisions"}],"predecessor-version":[{"id":157132,"href":"https:\/\/www.suno.com.br\/noticias\/wp-json\/wp\/v2\/posts\/56148\/revisions\/157132"}],"wp:featuredmedia":[{"embeddable":true,"href":"https:\/\/www.suno.com.br\/noticias\/wp-json\/wp\/v2\/media\/56153"}],"wp:attachment":[{"href":"https:\/\/www.suno.com.br\/noticias\/wp-json\/wp\/v2\/media?parent=56148"}],"wp:term":[{"taxonomy":"category","embeddable":true,"href":"https:\/\/www.suno.com.br\/noticias\/wp-json\/wp\/v2\/categories?post=56148"},{"taxonomy":"post_tag","embeddable":true,"href":"https:\/\/www.suno.com.br\/noticias\/wp-json\/wp\/v2\/tags?post=56148"},{"taxonomy":"suno_strategy","embeddable":true,"href":"https:\/\/www.suno.com.br\/noticias\/wp-json\/wp\/v2\/suno_strategy?post=56148"}],"curies":[{"name":"wp","href":"https:\/\/api.w.org\/{rel}","templated":true}]}}