{"id":561061,"date":"2024-06-10T09:07:12","date_gmt":"2024-06-10T12:07:12","guid":{"rendered":"https:\/\/www.suno.com.br\/noticias\/?p=561061"},"modified":"2024-06-10T09:07:20","modified_gmt":"2024-06-10T12:07:20","slug":"boletim-focus-inflacao-taxa-selic-projecoes-cpf","status":"publish","type":"post","link":"https:\/\/www.suno.com.br\/noticias\/boletim-focus-inflacao-taxa-selic-projecoes-cpf\/","title":{"rendered":"Selic volta a subir com infla\u00e7\u00e3o no Focus para 2025; veja proje\u00e7\u00f5es da semana"},"content":{"rendered":"<p>O mercado financeira manteve sua expectativa para a Taxa <strong>Selic <\/strong>em 10,25% para 2024, enquanto que a proje\u00e7\u00e3o de infla\u00e7\u00e3o segue subindo. <\/p>\t<div class=\"wrapper-featured-image\">\n\t\t<figure class=\"spotlightImg\">\n\n\t\t\t<picture>\n\t\t\t\t<source media=\"(max-width: 768px)\" srcset=\"https:\/\/files.sunoresearch.com.br\/n\/uploads\/2024\/04\/iStock-1414982888-400x200.jpg\">\n\t\t\t\t<img loading=\"lazy\" decoding=\"async\" class=\"newsContent__article__imgCapa lazyloadDisabled \" src=\"https:\/\/files.sunoresearch.com.br\/n\/uploads\/2024\/04\/iStock-1414982888-800x450.jpg\" width=\"800\" height=\"450\" alt=\"Selic volta a subir com infla\u00e7\u00e3o no Focus para 2025; veja proje\u00e7\u00f5es da semana\" fetchpriority=high \/>\n\t\t\t<\/picture>\n\n\t\t\t<figcaption class=\"wp-caption-text wp-caption-text--show\">Taxa Selic. Foto: iStock.<\/figcaption>\n\t\t<\/figure>\n\t<\/div>\n\n\n\n\n\n\n\n\t<p>\n\t\t<a href=\"\" target=\"_blank\" data-element=\"shortcode-suno-banner\" title=\"Banner SUNO, clique e saiba mais\">\n\t\t\t<picture>\n\t\t\t\t<source media=\"(max-width: 500px)\" srcset=\"\">\n\t\t\t\t<img class=\"newsContent__article__imgCapa newsContent__article__imgCapa--banner\"\n\t\t\t\t\tsrc=\"\"\n\t\t\t\t\tdata-promo-id=\"240038\"\t\t\t\t\t\t\t\t\t\t\t\t\t\t\talt=\"\"\n\t\t\t\t>\n\t\t\t<\/picture>\n\t\t<\/a>\n\t<\/p>\n\n\n\n\n\n<p>Segundo <strong>Boletim Focus<\/strong> divulgado hoje pelo <a class=\"suno-keyword\" target=\"_blank\" data-force=\"no\" data-priority=\"3\" href=\"https:\/\/www.suno.com.br\/artigos\/bacen\/\" rel=\"noopener\">Banco Central (BC)<\/a> nesta segunda-feira (10), a estimativa para a <a class=\"suno-keyword\" data-force=\"no\" data-priority=\"1\" href=\"https:\/\/www.suno.com.br\/artigos\/taxa-de-juros\/\" target=\"_blank\" rel=\"noopener\">taxa b\u00e1sica de juros<\/a>, a <strong>taxa Selic<\/strong>, est\u00e1 em 10,25% ao final deste ano, maior que a de quatro semanas atr\u00e1s, de 9,75%.<\/p>\n\n\n\n<p>De acordo com a pesquisa, para 2025 a expectativa tamb\u00e9m foi elevada a 9,25%, ap\u00f3s eleva\u00e7\u00e3o da semana passada para 9,18%. <\/p>\n\n\n\n<p>Para 2026, o mercado espera que a <strong>taxa de juros<\/strong> termine em 9,00%, igual proje\u00e7\u00e3o anterior.<\/p>\n\n\n\n<p>Ainda no <strong>Focus<\/strong>, o principal indicador de <strong>infla\u00e7\u00e3o<\/strong>, o <strong>IPCA<\/strong> deve terminar 2024 em 3,90%, acima da proje\u00e7\u00e3o da semana passada (3,88%) e das \u00faltimas quatro semanas (3,76%).<\/p>\n\n\n\n<p>Al\u00e9m disso, o mercado financeiro elevou as suas estimativas do <strong>PIB<\/strong> deste ano, para 2,09%, acima da proje\u00e7\u00e3o da semana anterior (2,05%). H\u00e1 quatro semanas, a previs\u00e3o era igualmente de 2,09%.<\/p>\n\n\n\n<p>No c\u00e2mbio, a previs\u00e3o desta semana permaneceu est\u00e1vel na <strong>cota\u00e7\u00e3o do d\u00f3lar<\/strong> para R$ 5,05 para 2024.<\/p>\n\n\n\n<p>Segundo analistas da XP, o mercado vem acompanhando de perto as expectativas coletadas pela <strong>pesquisa Focus<\/strong> do Banco Central. <\/p>\n\n\n\n<p>De olho na alta da infla\u00e7\u00e3o, os analistas destacam que outro efeito relevante sobre o indicador poder\u00e1 ser a nova medida de desonera\u00e7\u00e3o da folha. <\/p>\n\n\n\n<p>&#8220;No Brasil, medida provis\u00f3ria que limita os cr\u00e9ditos do PIS e da Cofins pode fazer com que o pre\u00e7o da gasolina, do etanol e do diesel aumente a partir da pr\u00f3xima ter\u00e7a-feira, e o impacto seria de at\u00e9 0,12 p.p. no <strong>IPCA<\/strong>,&#8221; estima a XP.<\/p>\n\n\n\t<p>\n\t\t<a href=\"https:\/\/lp.suno.com.br\/ebook-gratuito-investindo-no-exterior\/\" target=\"_blank\" data-element=\"shortcode-suno-banner\" title=\"Banner SUNO, clique e saiba mais\">\n\t\t\t<picture>\n\t\t\t\t<source media=\"(max-width: 500px)\" srcset=\"https:\/\/files.sunoresearch.com.br\/n\/uploads\/2023\/03\/400x300-Investindo-no-exterior.png\">\n\t\t\t\t<img class=\"newsContent__article__imgCapa newsContent__article__imgCapa--banner\"\n\t\t\t\t\tsrc=\"https:\/\/files.sunoresearch.com.br\/n\/uploads\/2023\/03\/1420x240-Investindo-no-exterior.png\"\n\t\t\t\t\tdata-promo-id=\"383161\"\t\t\t\t\t\t\t\t\t\twidth='1420' height='240'\t\t\t\t\talt=\"https:\/\/files.sunoresearch.com.br\/n\/uploads\/2023\/03\/1420x240-Investindo-no-exterior.png\"\n\t\t\t\t>\n\t\t\t<\/picture>\n\t\t<\/a>\n\t<\/p>\n\n\n\n\n\n<h2 class=\"wp-block-heading\">Resumo do Boletim Focus<\/h2>\n\n\n\n<p>Veja, em detalhes, as proje\u00e7\u00f5es mais importantes para 2024 e 2025:<\/p>\n\n\n\n<h3 class=\"wp-block-heading\">2024<\/h3>\n\n\n\n<ul class=\"wp-block-list\">\n<li>IPCA: a proje\u00e7\u00e3o subiu para 3,90%<\/li>\n\n\n\n<li>PIB: a proje\u00e7\u00e3o subiu para 2,09%<\/li>\n\n\n\n<li>D\u00f3lar: a previs\u00e3o do c\u00e2mbio se manteve a R$ 5,05<\/li>\n\n\n\n<li>Balan\u00e7a Comercial: a expectativa para o super\u00e1vit subiu para US$ 82,51 bilh\u00f5es<\/li>\n\n\n\n<li>Investimento Estrangeiro Direto: a previs\u00e3o ficou em US$ 70,00 bilh\u00f5es<\/li>\n\n\n\n<li>D\u00edvida do Setor P\u00fablico: a previs\u00e3o caiu para 63,65% do PIB<\/li>\n<\/ul>\n\n\n\n<h3 class=\"wp-block-heading\">2025<\/h3>\n\n\n\n<ul class=\"wp-block-list\">\n<li>IPCA: a proje\u00e7\u00e3o subiu para 3,78%<\/li>\n\n\n\n<li>PIB: a proje\u00e7\u00e3o se manteve em 2,00%<\/li>\n\n\n\n<li>D\u00f3lar: a previs\u00e3o do c\u00e2mbio subiu para R$ 5,05<\/li>\n\n\n\n<li>Taxa Selic: a previs\u00e3o elevou a 9,25%<\/li>\n\n\n\n<li>Balan\u00e7a Comercial: a expectativa para o super\u00e1vit se manteve em US$ 78,00 bilh\u00f5es<\/li>\n\n\n\n<li>Investimento Estrangeiro Direto: a previs\u00e3o caiu para US$ 72,50 bilh\u00f5es<\/li>\n\n\n\n<li>D\u00edvida do Setor P\u00fablico: a previs\u00e3o se manteve em 66,50% do PIB<\/li>\n<\/ul>\n\n\n\n<p>O <a href=\"https:\/\/www.suno.com.br\/artigos\/boletim-focus\/\">Boletim Focus<\/a> \u00e9 elaborado semanalmente pelo Banco Central. Para a composi\u00e7\u00e3o do boletim, s\u00e3o utilizadas as proje\u00e7\u00f5es dos especialistas das 100 principais institui\u00e7\u00f5es ligadas ao mercado financeiro do Brasil para juros, IPCA, c\u00e2mbio, taxa <strong>Selic<\/strong> e outros indicadores.<\/p>\n\n\n\n\t<div data-element=\"shortcode-read-more\" class=\"readToo\">\n\t\t\t\t<span class=\"readToo__title\">Leia mais<\/span>\n\t\t\t\t<ul class=\"readToo__list\">\n\t\t\t<li><a href=\"https:\/\/www.suno.com.br\/noticias\/news-agenda-dividendos-jhsf3-pomo4-junho-cpf\/\">JHSF (JHSF3), Marcopolo (POMO4): Veja quais empresas pagar\u00e3o dividendos nesta segunda-feira<\/a><\/li><li><a href=\"https:\/\/www.suno.com.br\/noticias\/news-agenda-dividendos-fundo-imobiliario-ggrc11-patl11-junho-cpf\/\">GGRC11, PATL11: Cotistas de FIIS v\u00e3o receber proventos hoje; veja quais<\/a><\/li><li><a href=\"https:\/\/www.suno.com.br\/noticias\/eletricas-pagam-menos-dividendos-no-semestre-nt\/\">El\u00e9tricas pagam menos dividendos no semestre, mas devem melhorar at\u00e9 dezembro<\/a><\/li>\t\t<\/ul>\n\t<\/div>\n\n\n\n\t<p>\n\t\t<a href=\"https:\/\/lp.suno.com.br\/planilha-da-vida-financeira\/\" target=\"_blank\" data-element=\"shortcode-suno-banner\" title=\"Banner SUNO, clique e saiba mais\">\n\t\t\t<picture>\n\t\t\t\t<source media=\"(max-width: 500px)\" srcset=\"https:\/\/files.sunoresearch.com.br\/n\/uploads\/2023\/04\/400x300-Planilha-vida-financeira-true.png\">\n\t\t\t\t<img class=\"newsContent__article__imgCapa newsContent__article__imgCapa--banner\"\n\t\t\t\t\tsrc=\"https:\/\/files.sunoresearch.com.br\/n\/uploads\/2023\/04\/1420x240-Planilha-vida-financeira-true.png\"\n\t\t\t\t\tdata-promo-id=\"383123\"\t\t\t\t\t\t\t\t\t\twidth='1420' height='240'\t\t\t\t\talt=\"https:\/\/files.sunoresearch.com.br\/n\/uploads\/2023\/04\/1420x240-Planilha-vida-financeira-true.png\"\n\t\t\t\t>\n\t\t\t<\/picture>\n\t\t<\/a>\n\t<\/p>\n\n\n","protected":false},"excerpt":{"rendered":"<p>O mercado financeira manteve sua expectativa para a Taxa Selic em 10,25% para 2024, enquanto que a proje\u00e7\u00e3o de infla\u00e7\u00e3o segue subindo. Taxa Selic. Foto: iStock. Segundo Boletim Focus divulgado hoje pelo Banco Central (BC) nesta segunda-feira (10), a estimativa para a taxa b\u00e1sica de juros, a taxa Selic, est\u00e1 em 10,25% ao final deste [&hellip;]<\/p>\n","protected":false},"author":283,"featured_media":546754,"comment_status":"closed","ping_status":"closed","sticky":false,"template":"","format":"standard","meta":[],"categories":[64],"tags":[1842,834,326,105816,850,966,807,290],"suno_strategy":[],"class_list":["post-561061","post","type-post","status-publish","format-standard","has-post-thumbnail","hentry","category-negocios","tag-banco-central-bc","tag-boletim-focus","tag-dolar","tag-especialistas","tag-inflacao","tag-ipca","tag-produto-interno-bruto-pib","tag-taxa-selic"],"yoast_head":"<!-- This site is optimized with the Yoast SEO plugin v24.4 - https:\/\/yoast.com\/wordpress\/plugins\/seo\/ -->\n<title>Selic volta a subir com infla\u00e7\u00e3o no Focus para 2025; veja proje\u00e7\u00f5es<\/title>\n<meta name=\"description\" content=\"O mercado financeira manteve sua expectativa para a Taxa Selic em 10,25% para 2024, enquanto que a proje\u00e7\u00e3o de infla\u00e7\u00e3o segue subindo.\" \/>\n<meta name=\"robots\" content=\"index, follow, max-snippet:-1, max-image-preview:large, max-video-preview:-1\" \/>\n<link rel=\"canonical\" href=\"https:\/\/www.suno.com.br\/noticias\/boletim-focus-inflacao-taxa-selic-projecoes-cpf\/\" \/>\n<meta property=\"og:locale\" content=\"pt_BR\" \/>\n<meta property=\"og:type\" content=\"article\" \/>\n<meta property=\"og:title\" content=\"Selic volta a subir com infla\u00e7\u00e3o no Focus para 2025; veja proje\u00e7\u00f5es\" \/>\n<meta property=\"og:description\" content=\"O mercado financeira manteve sua expectativa para a Taxa Selic em 10,25% para 2024, enquanto que a proje\u00e7\u00e3o de infla\u00e7\u00e3o segue subindo.\" \/>\n<meta property=\"og:url\" content=\"https:\/\/www.suno.com.br\/noticias\/boletim-focus-inflacao-taxa-selic-projecoes-cpf\/\" \/>\n<meta property=\"og:site_name\" content=\"Suno Not\u00edcias\" \/>\n<meta property=\"article:publisher\" content=\"https:\/\/facebook.com\/sunoresearch\" \/>\n<meta property=\"og:image\" content=\"https:\/\/files.sunoresearch.com.br\/n\/uploads\/2024\/04\/iStock-1414982888.jpg\" \/>\n\t<meta property=\"og:image:width\" content=\"1254\" \/>\n\t<meta property=\"og:image:height\" content=\"836\" \/>\n\t<meta property=\"og:image:type\" content=\"image\/jpeg\" \/>\n<meta name=\"author\" content=\"Camila Paim\" \/>\n<meta name=\"twitter:card\" content=\"summary_large_image\" \/>\n<meta name=\"twitter:creator\" content=\"@sunoresearch\" \/>\n<meta name=\"twitter:site\" content=\"@sunoresearch\" \/>\n<meta name=\"twitter:label1\" content=\"Escrito por\" \/>\n\t<meta name=\"twitter:data1\" content=\"Camila Paim\" \/>\n\t<meta name=\"twitter:label2\" content=\"Est. tempo de leitura\" \/>\n\t<meta name=\"twitter:data2\" content=\"3 minutos\" \/>\n<script type=\"application\/ld+json\" class=\"yoast-schema-graph\">{\"@context\":\"https:\/\/schema.org\",\"@graph\":[{\"@type\":\"NewsArticle\",\"@id\":\"https:\/\/www.suno.com.br\/noticias\/boletim-focus-inflacao-taxa-selic-projecoes-cpf\/#article\",\"isPartOf\":{\"@id\":\"https:\/\/www.suno.com.br\/noticias\/boletim-focus-inflacao-taxa-selic-projecoes-cpf\/\"},\"author\":{\"name\":\"Camila Paim\",\"@id\":\"https:\/\/www.suno.com.br\/noticias\/#\/schema\/person\/f341d3ae5d1cc685176c9a5327cdfdbb\"},\"headline\":\"Selic volta a subir com infla\u00e7\u00e3o no Focus para 2025; veja proje\u00e7\u00f5es da semana\",\"datePublished\":\"2024-06-10T12:07:12+00:00\",\"dateModified\":\"2024-06-10T12:07:20+00:00\",\"mainEntityOfPage\":{\"@id\":\"https:\/\/www.suno.com.br\/noticias\/boletim-focus-inflacao-taxa-selic-projecoes-cpf\/\"},\"wordCount\":482,\"publisher\":{\"@id\":\"https:\/\/www.suno.com.br\/noticias\/#organization\"},\"image\":{\"@id\":\"https:\/\/www.suno.com.br\/noticias\/boletim-focus-inflacao-taxa-selic-projecoes-cpf\/#primaryimage\"},\"thumbnailUrl\":\"https:\/\/files.sunoresearch.com.br\/n\/uploads\/2024\/04\/iStock-1414982888.jpg\",\"keywords\":[\"Banco Central (BC)\",\"Boletim Focus\",\"d\u00f3lar\",\"Especialistas\",\"infla\u00e7\u00e3o\",\"IPCA\",\"Produto Interno Bruto (PIB)\",\"Taxa Selic\"],\"articleSection\":[\"Neg\u00f3cios\"],\"inLanguage\":\"pt-BR\"},{\"@type\":\"WebPage\",\"@id\":\"https:\/\/www.suno.com.br\/noticias\/boletim-focus-inflacao-taxa-selic-projecoes-cpf\/\",\"url\":\"https:\/\/www.suno.com.br\/noticias\/boletim-focus-inflacao-taxa-selic-projecoes-cpf\/\",\"name\":\"Selic volta a subir com infla\u00e7\u00e3o no Focus para 2025; veja proje\u00e7\u00f5es\",\"isPartOf\":{\"@id\":\"https:\/\/www.suno.com.br\/noticias\/#website\"},\"primaryImageOfPage\":{\"@id\":\"https:\/\/www.suno.com.br\/noticias\/boletim-focus-inflacao-taxa-selic-projecoes-cpf\/#primaryimage\"},\"image\":{\"@id\":\"https:\/\/www.suno.com.br\/noticias\/boletim-focus-inflacao-taxa-selic-projecoes-cpf\/#primaryimage\"},\"thumbnailUrl\":\"https:\/\/files.sunoresearch.com.br\/n\/uploads\/2024\/04\/iStock-1414982888.jpg\",\"datePublished\":\"2024-06-10T12:07:12+00:00\",\"dateModified\":\"2024-06-10T12:07:20+00:00\",\"description\":\"O mercado financeira manteve sua expectativa para a Taxa Selic em 10,25% para 2024, enquanto que a proje\u00e7\u00e3o de infla\u00e7\u00e3o segue subindo.\",\"breadcrumb\":{\"@id\":\"https:\/\/www.suno.com.br\/noticias\/boletim-focus-inflacao-taxa-selic-projecoes-cpf\/#breadcrumb\"},\"inLanguage\":\"pt-BR\",\"potentialAction\":[{\"@type\":\"ReadAction\",\"target\":[\"https:\/\/www.suno.com.br\/noticias\/boletim-focus-inflacao-taxa-selic-projecoes-cpf\/\"]}]},{\"@type\":\"ImageObject\",\"inLanguage\":\"pt-BR\",\"@id\":\"https:\/\/www.suno.com.br\/noticias\/boletim-focus-inflacao-taxa-selic-projecoes-cpf\/#primaryimage\",\"url\":\"https:\/\/files.sunoresearch.com.br\/n\/uploads\/2024\/04\/iStock-1414982888.jpg\",\"contentUrl\":\"https:\/\/files.sunoresearch.com.br\/n\/uploads\/2024\/04\/iStock-1414982888.jpg\",\"width\":1254,\"height\":836,\"caption\":\"Taxa Selic. Foto: iStock.\"},{\"@type\":\"BreadcrumbList\",\"@id\":\"https:\/\/www.suno.com.br\/noticias\/boletim-focus-inflacao-taxa-selic-projecoes-cpf\/#breadcrumb\",\"itemListElement\":[{\"@type\":\"ListItem\",\"position\":1,\"name\":\"Not\u00edcias\",\"item\":\"https:\/\/www.suno.com.br\/noticias\/\"},{\"@type\":\"ListItem\",\"position\":2,\"name\":\"Neg\u00f3cios\",\"item\":\"https:\/\/www.suno.com.br\/noticias\/negocios\/\"},{\"@type\":\"ListItem\",\"position\":3,\"name\":\"Selic volta a subir com infla\u00e7\u00e3o no Focus para 2025; veja proje\u00e7\u00f5es da semana\"}]},{\"@type\":\"WebSite\",\"@id\":\"https:\/\/www.suno.com.br\/noticias\/#website\",\"url\":\"https:\/\/www.suno.com.br\/noticias\/\",\"name\":\"Suno Not\u00edcias\",\"description\":\"Seu portal de informa\u00e7\u00e3o sobre o mundo dos investimentos\",\"publisher\":{\"@id\":\"https:\/\/www.suno.com.br\/noticias\/#organization\"},\"potentialAction\":[{\"@type\":\"SearchAction\",\"target\":{\"@type\":\"EntryPoint\",\"urlTemplate\":\"https:\/\/www.suno.com.br\/noticias\/?s={search_term_string}\"},\"query-input\":{\"@type\":\"PropertyValueSpecification\",\"valueRequired\":true,\"valueName\":\"search_term_string\"}}],\"inLanguage\":\"pt-BR\"},{\"@type\":\"Organization\",\"@id\":\"https:\/\/www.suno.com.br\/noticias\/#organization\",\"name\":\"Suno Not\u00edcias\",\"url\":\"https:\/\/www.suno.com.br\/noticias\/\",\"logo\":{\"@type\":\"ImageObject\",\"inLanguage\":\"pt-BR\",\"@id\":\"https:\/\/www.suno.com.br\/noticias\/#\/schema\/logo\/image\/\",\"url\":\"https:\/\/files.sunoresearch.com.br\/n\/uploads\/2021\/09\/suno-logo.png\",\"contentUrl\":\"https:\/\/files.sunoresearch.com.br\/n\/uploads\/2021\/09\/suno-logo.png\",\"width\":180,\"height\":180,\"caption\":\"Suno Not\u00edcias\"},\"image\":{\"@id\":\"https:\/\/www.suno.com.br\/noticias\/#\/schema\/logo\/image\/\"},\"sameAs\":[\"https:\/\/facebook.com\/sunoresearch\",\"https:\/\/x.com\/sunoresearch\",\"https:\/\/www.instagram.com\/suno\",\"https:\/\/www.linkedin.com\/company\/suno-research\/\",\"https:\/\/www.youtube.com\/c\/sunoresearch\"]},{\"@type\":\"Person\",\"@id\":\"https:\/\/www.suno.com.br\/noticias\/#\/schema\/person\/f341d3ae5d1cc685176c9a5327cdfdbb\",\"name\":\"Camila Paim\",\"image\":{\"@type\":\"ImageObject\",\"inLanguage\":\"pt-BR\",\"@id\":\"https:\/\/www.suno.com.br\/noticias\/#\/schema\/person\/image\/\",\"url\":\"https:\/\/secure.gravatar.com\/avatar\/f33728e65febb1aa7ecf6792956f9b20?s=96&r=g\",\"contentUrl\":\"https:\/\/secure.gravatar.com\/avatar\/f33728e65febb1aa7ecf6792956f9b20?s=96&r=g\",\"caption\":\"Camila Paim\"},\"description\":\"Jornalista formada pela USP, tem experi\u00eancia em reda\u00e7\u00f5es, SEO, Branded Content e Webdesign. Com passagem pelo Jornal da USP, Empiricus e C6 Bank, hoje \u00e9 rep\u00f3rter no Suno Not\u00edcias cobrindo macroeconomia, finan\u00e7as pessoais e startups.\",\"url\":\"https:\/\/www.suno.com.br\/noticias\/author\/camila-figueiredosuno-com-br\/\"}]}<\/script>\n<!-- \/ Yoast SEO plugin. -->","yoast_head_json":{"title":"Selic volta a subir com infla\u00e7\u00e3o no Focus para 2025; veja proje\u00e7\u00f5es","description":"O mercado financeira manteve sua expectativa para a Taxa Selic em 10,25% para 2024, enquanto que a proje\u00e7\u00e3o de infla\u00e7\u00e3o segue subindo.","robots":{"index":"index","follow":"follow","max-snippet":"max-snippet:-1","max-image-preview":"max-image-preview:large","max-video-preview":"max-video-preview:-1"},"canonical":"https:\/\/www.suno.com.br\/noticias\/boletim-focus-inflacao-taxa-selic-projecoes-cpf\/","og_locale":"pt_BR","og_type":"article","og_title":"Selic volta a subir com infla\u00e7\u00e3o no Focus para 2025; veja proje\u00e7\u00f5es","og_description":"O mercado financeira manteve sua expectativa para a Taxa Selic em 10,25% para 2024, enquanto que a proje\u00e7\u00e3o de infla\u00e7\u00e3o segue subindo.","og_url":"https:\/\/www.suno.com.br\/noticias\/boletim-focus-inflacao-taxa-selic-projecoes-cpf\/","og_site_name":"Suno Not\u00edcias","article_publisher":"https:\/\/facebook.com\/sunoresearch","og_image":[{"width":1254,"height":836,"url":"https:\/\/files.sunoresearch.com.br\/n\/uploads\/2024\/04\/iStock-1414982888.jpg","type":"image\/jpeg"}],"author":"Camila Paim","twitter_card":"summary_large_image","twitter_creator":"@sunoresearch","twitter_site":"@sunoresearch","twitter_misc":{"Escrito por":"Camila Paim","Est. tempo de leitura":"3 minutos"},"schema":{"@context":"https:\/\/schema.org","@graph":[{"@type":"NewsArticle","@id":"https:\/\/www.suno.com.br\/noticias\/boletim-focus-inflacao-taxa-selic-projecoes-cpf\/#article","isPartOf":{"@id":"https:\/\/www.suno.com.br\/noticias\/boletim-focus-inflacao-taxa-selic-projecoes-cpf\/"},"author":{"name":"Camila Paim","@id":"https:\/\/www.suno.com.br\/noticias\/#\/schema\/person\/f341d3ae5d1cc685176c9a5327cdfdbb"},"headline":"Selic volta a subir com infla\u00e7\u00e3o no Focus para 2025; veja proje\u00e7\u00f5es da semana","datePublished":"2024-06-10T12:07:12+00:00","dateModified":"2024-06-10T12:07:20+00:00","mainEntityOfPage":{"@id":"https:\/\/www.suno.com.br\/noticias\/boletim-focus-inflacao-taxa-selic-projecoes-cpf\/"},"wordCount":482,"publisher":{"@id":"https:\/\/www.suno.com.br\/noticias\/#organization"},"image":{"@id":"https:\/\/www.suno.com.br\/noticias\/boletim-focus-inflacao-taxa-selic-projecoes-cpf\/#primaryimage"},"thumbnailUrl":"https:\/\/files.sunoresearch.com.br\/n\/uploads\/2024\/04\/iStock-1414982888.jpg","keywords":["Banco Central (BC)","Boletim Focus","d\u00f3lar","Especialistas","infla\u00e7\u00e3o","IPCA","Produto Interno Bruto (PIB)","Taxa Selic"],"articleSection":["Neg\u00f3cios"],"inLanguage":"pt-BR"},{"@type":"WebPage","@id":"https:\/\/www.suno.com.br\/noticias\/boletim-focus-inflacao-taxa-selic-projecoes-cpf\/","url":"https:\/\/www.suno.com.br\/noticias\/boletim-focus-inflacao-taxa-selic-projecoes-cpf\/","name":"Selic volta a subir com infla\u00e7\u00e3o no Focus para 2025; veja proje\u00e7\u00f5es","isPartOf":{"@id":"https:\/\/www.suno.com.br\/noticias\/#website"},"primaryImageOfPage":{"@id":"https:\/\/www.suno.com.br\/noticias\/boletim-focus-inflacao-taxa-selic-projecoes-cpf\/#primaryimage"},"image":{"@id":"https:\/\/www.suno.com.br\/noticias\/boletim-focus-inflacao-taxa-selic-projecoes-cpf\/#primaryimage"},"thumbnailUrl":"https:\/\/files.sunoresearch.com.br\/n\/uploads\/2024\/04\/iStock-1414982888.jpg","datePublished":"2024-06-10T12:07:12+00:00","dateModified":"2024-06-10T12:07:20+00:00","description":"O mercado financeira manteve sua expectativa para a Taxa Selic em 10,25% para 2024, enquanto que a proje\u00e7\u00e3o de infla\u00e7\u00e3o segue subindo.","breadcrumb":{"@id":"https:\/\/www.suno.com.br\/noticias\/boletim-focus-inflacao-taxa-selic-projecoes-cpf\/#breadcrumb"},"inLanguage":"pt-BR","potentialAction":[{"@type":"ReadAction","target":["https:\/\/www.suno.com.br\/noticias\/boletim-focus-inflacao-taxa-selic-projecoes-cpf\/"]}]},{"@type":"ImageObject","inLanguage":"pt-BR","@id":"https:\/\/www.suno.com.br\/noticias\/boletim-focus-inflacao-taxa-selic-projecoes-cpf\/#primaryimage","url":"https:\/\/files.sunoresearch.com.br\/n\/uploads\/2024\/04\/iStock-1414982888.jpg","contentUrl":"https:\/\/files.sunoresearch.com.br\/n\/uploads\/2024\/04\/iStock-1414982888.jpg","width":1254,"height":836,"caption":"Taxa Selic. Foto: iStock."},{"@type":"BreadcrumbList","@id":"https:\/\/www.suno.com.br\/noticias\/boletim-focus-inflacao-taxa-selic-projecoes-cpf\/#breadcrumb","itemListElement":[{"@type":"ListItem","position":1,"name":"Not\u00edcias","item":"https:\/\/www.suno.com.br\/noticias\/"},{"@type":"ListItem","position":2,"name":"Neg\u00f3cios","item":"https:\/\/www.suno.com.br\/noticias\/negocios\/"},{"@type":"ListItem","position":3,"name":"Selic volta a subir com infla\u00e7\u00e3o no Focus para 2025; veja proje\u00e7\u00f5es da semana"}]},{"@type":"WebSite","@id":"https:\/\/www.suno.com.br\/noticias\/#website","url":"https:\/\/www.suno.com.br\/noticias\/","name":"Suno Not\u00edcias","description":"Seu portal de informa\u00e7\u00e3o sobre o mundo dos investimentos","publisher":{"@id":"https:\/\/www.suno.com.br\/noticias\/#organization"},"potentialAction":[{"@type":"SearchAction","target":{"@type":"EntryPoint","urlTemplate":"https:\/\/www.suno.com.br\/noticias\/?s={search_term_string}"},"query-input":{"@type":"PropertyValueSpecification","valueRequired":true,"valueName":"search_term_string"}}],"inLanguage":"pt-BR"},{"@type":"Organization","@id":"https:\/\/www.suno.com.br\/noticias\/#organization","name":"Suno Not\u00edcias","url":"https:\/\/www.suno.com.br\/noticias\/","logo":{"@type":"ImageObject","inLanguage":"pt-BR","@id":"https:\/\/www.suno.com.br\/noticias\/#\/schema\/logo\/image\/","url":"https:\/\/files.sunoresearch.com.br\/n\/uploads\/2021\/09\/suno-logo.png","contentUrl":"https:\/\/files.sunoresearch.com.br\/n\/uploads\/2021\/09\/suno-logo.png","width":180,"height":180,"caption":"Suno Not\u00edcias"},"image":{"@id":"https:\/\/www.suno.com.br\/noticias\/#\/schema\/logo\/image\/"},"sameAs":["https:\/\/facebook.com\/sunoresearch","https:\/\/x.com\/sunoresearch","https:\/\/www.instagram.com\/suno","https:\/\/www.linkedin.com\/company\/suno-research\/","https:\/\/www.youtube.com\/c\/sunoresearch"]},{"@type":"Person","@id":"https:\/\/www.suno.com.br\/noticias\/#\/schema\/person\/f341d3ae5d1cc685176c9a5327cdfdbb","name":"Camila Paim","image":{"@type":"ImageObject","inLanguage":"pt-BR","@id":"https:\/\/www.suno.com.br\/noticias\/#\/schema\/person\/image\/","url":"https:\/\/secure.gravatar.com\/avatar\/f33728e65febb1aa7ecf6792956f9b20?s=96&r=g","contentUrl":"https:\/\/secure.gravatar.com\/avatar\/f33728e65febb1aa7ecf6792956f9b20?s=96&r=g","caption":"Camila Paim"},"description":"Jornalista formada pela USP, tem experi\u00eancia em reda\u00e7\u00f5es, SEO, Branded Content e Webdesign. Com passagem pelo Jornal da USP, Empiricus e C6 Bank, hoje \u00e9 rep\u00f3rter no Suno Not\u00edcias cobrindo macroeconomia, finan\u00e7as pessoais e startups.","url":"https:\/\/www.suno.com.br\/noticias\/author\/camila-figueiredosuno-com-br\/"}]}},"default_loop_html":"<div class=\"cardsPage__listCard__boxs\"><div class=\"cardsPage__listCard__boxs__img\"><a href=\"https:\/\/www.suno.com.br\/noticias\/boletim-focus-inflacao-taxa-selic-projecoes-cpf\/\"><img class=\"mask\" src=\"https:\/\/www.suno.com.br\/noticias\/wp-content\/themes\/suno\/resources\/images\/spotlight\/spotlight1img\/bg-mask.png\" alt=\"Image Mask\"\/><img src=\"https:\/\/files.sunoresearch.com.br\/n\/uploads\/2024\/04\/iStock-1414982888-400x200.jpg\" alt=\"Selic volta a subir com infla\u00e7\u00e3o no Focus para 2025; veja proje\u00e7\u00f5es da semana\"\/><\/a><span class=\"spotlightCategory\"><a href=\"https:\/\/www.suno.com.br\/noticias\/negocios\/\">Neg\u00f3cios<\/a><\/span><\/div><div class=\"cardsPage__listCard__boxs__content\"><a href=\"https:\/\/www.suno.com.br\/noticias\/boletim-focus-inflacao-taxa-selic-projecoes-cpf\/\"><h2 class=\"content__title\">Selic volta a subir com infla\u00e7\u00e3o no Focus para 2025; veja proje\u00e7\u00f5es da semana<\/h2><\/a><div class=\"newsContent__article__meta\"><div class=\"newsContent__article__meta__authorBox\"><a href=\"https:\/\/www.suno.com.br\/noticias\/author\/nelsontuccigmail-com\/\" class=\"authorBox__avatar noMobi\"><img src=\"https:\/\/files.sunoresearch.com.br\/n\/uploads\/2024\/06\/f5-150x150.jpg\" alt=\"Nelson Tucci\"><\/a><div class=\"authorBox__name\"><span>por\n\t\t\t<a href=\"https:\/\/www.suno.com.br\/noticias\/author\/nelsontuccigmail-com\/\"><span itemprop=\"author\">Nelson Tucci<\/span><\/a><\/span><time datetime=\"2024-06-10T09:07:12-03:00\" itemprop=\"datePublished\">10\/06\/2024 09:07<\/time><\/div><\/div><\/div><\/div><\/div>","single_layout":"posts","amp_enabled":true,"_links":{"self":[{"href":"https:\/\/www.suno.com.br\/noticias\/wp-json\/wp\/v2\/posts\/561061"}],"collection":[{"href":"https:\/\/www.suno.com.br\/noticias\/wp-json\/wp\/v2\/posts"}],"about":[{"href":"https:\/\/www.suno.com.br\/noticias\/wp-json\/wp\/v2\/types\/post"}],"author":[{"embeddable":true,"href":"https:\/\/www.suno.com.br\/noticias\/wp-json\/wp\/v2\/users\/283"}],"replies":[{"embeddable":true,"href":"https:\/\/www.suno.com.br\/noticias\/wp-json\/wp\/v2\/comments?post=561061"}],"version-history":[{"count":3,"href":"https:\/\/www.suno.com.br\/noticias\/wp-json\/wp\/v2\/posts\/561061\/revisions"}],"predecessor-version":[{"id":561082,"href":"https:\/\/www.suno.com.br\/noticias\/wp-json\/wp\/v2\/posts\/561061\/revisions\/561082"}],"wp:featuredmedia":[{"embeddable":true,"href":"https:\/\/www.suno.com.br\/noticias\/wp-json\/wp\/v2\/media\/546754"}],"wp:attachment":[{"href":"https:\/\/www.suno.com.br\/noticias\/wp-json\/wp\/v2\/media?parent=561061"}],"wp:term":[{"taxonomy":"category","embeddable":true,"href":"https:\/\/www.suno.com.br\/noticias\/wp-json\/wp\/v2\/categories?post=561061"},{"taxonomy":"post_tag","embeddable":true,"href":"https:\/\/www.suno.com.br\/noticias\/wp-json\/wp\/v2\/tags?post=561061"},{"taxonomy":"suno_strategy","embeddable":true,"href":"https:\/\/www.suno.com.br\/noticias\/wp-json\/wp\/v2\/suno_strategy?post=561061"}],"curies":[{"name":"wp","href":"https:\/\/api.w.org\/{rel}","templated":true}]}}