{"id":560941,"date":"2024-06-08T13:13:54","date_gmt":"2024-06-08T16:13:54","guid":{"rendered":"https:\/\/www.suno.com.br\/noticias\/?p=560941"},"modified":"2024-06-08T13:13:59","modified_gmt":"2024-06-08T16:13:59","slug":"enchentes-rs-fazem-industria-gaucha-cairem-va","status":"publish","type":"post","link":"https:\/\/www.suno.com.br\/noticias\/enchentes-rs-fazem-industria-gaucha-cairem-va\/","title":{"rendered":"Enchentes no RS fazem vendas da ind\u00fastria ga\u00facha ca\u00edrem 15,6% em maio"},"content":{"rendered":"<p>As <strong>enchentes do Rio Grande do Sul<\/strong> que aconteceram a partir do fim de abril tiveram seu impacto negativo sobre a ind\u00fastria ga\u00facha mensurado pela Receita Estadual, que constatou uma queda de 15,6% nas vendas ao longo do m\u00eas de maio, na compara\u00e7\u00e3o com o mesmo m\u00eas do ano anterior.<img decoding=\"async\" style=\"width: 1px; height: 1px; display: inline;\" src=\"https:\/\/agenciabrasil.ebc.com.br\/ebc.png?id=1598970&amp;o=rss\"><img decoding=\"async\" style=\"width: 1px; height: 1px; display: inline;\" src=\"https:\/\/agenciabrasil.ebc.com.br\/ebc.gif?id=1598970&amp;o=rss\"><\/p>\t<div class=\"wrapper-featured-image\">\n\t\t<figure class=\"spotlightImg\">\n\n\t\t\t<picture>\n\t\t\t\t<source media=\"(max-width: 768px)\" srcset=\"https:\/\/files.sunoresearch.com.br\/n\/uploads\/2021\/12\/fabrica-brf-abu-dhabi_mcamgo_abr_051020211818-3-400x200.jpg\">\n\t\t\t\t<img loading=\"lazy\" decoding=\"async\" class=\"newsContent__article__imgCapa lazyloadDisabled \" src=\"https:\/\/files.sunoresearch.com.br\/n\/uploads\/2021\/12\/fabrica-brf-abu-dhabi_mcamgo_abr_051020211818-3-800x450.jpg\" width=\"800\" height=\"450\" alt=\"Enchentes no RS fazem vendas da ind\u00fastria ga\u00facha ca\u00edrem 15,6% em maio\" fetchpriority=high \/>\n\t\t\t<\/picture>\n\n\t\t\t<figcaption class=\"wp-caption-text wp-caption-text--show\"> Enchentes no RS fazem vendas da ind\u00fastria ga\u00facha- Foto: Marcelo Camargo\/Ag\u00eancia Brasil<\/figcaption>\n\t\t<\/figure>\n\t<\/div>\n\n\n\n\n\n\t<p>\n\t\t<a href=\"https:\/\/lp.suno.com.br\/planilha-da-vida-financeira\/\" target=\"_blank\" data-element=\"shortcode-suno-banner\" title=\"Banner SUNO, clique e saiba mais\">\n\t\t\t<picture>\n\t\t\t\t<source media=\"(max-width: 500px)\" srcset=\"https:\/\/files.sunoresearch.com.br\/n\/uploads\/2023\/04\/400x300-Planilha-vida-financeira-true.png\">\n\t\t\t\t<img class=\"newsContent__article__imgCapa newsContent__article__imgCapa--banner\"\n\t\t\t\t\tsrc=\"https:\/\/files.sunoresearch.com.br\/n\/uploads\/2023\/04\/1420x240-Planilha-vida-financeira-true.png\"\n\t\t\t\t\tdata-promo-id=\"106682\"\t\t\t\t\t\t\t\t\t\twidth='1420' height='240'\t\t\t\t\talt=\"https:\/\/files.sunoresearch.com.br\/n\/uploads\/2023\/04\/1420x240-Planilha-vida-financeira-true.png\"\n\t\t\t\t>\n\t\t\t<\/picture>\n\t\t<\/a>\n\t<\/p>\n\n\n\n\n\n<p>Segundo boletim sobre arrecada\u00e7\u00e3o e emiss\u00e3o de notas fiscais no per\u00edodo, os setores mais impactados foram: insumos agropecu\u00e1rios, com -39,1% em maio; metalmec\u00e2nico, com -24,4%; e de pneum\u00e1ticos e borrachas, com -18,2%. O segmento de t\u00eaxteis e vestu\u00e1rio, vendeu -17,2%, e o de Madeira, Cimento e Vidro, -16,1%.<\/p>\n\n\n\n<p>O setor agropecu\u00e1rio vendeu -9,9% em maio, na compara\u00e7\u00e3o anual, enquanto as vendas no setor alimentos recuou 5,3%.<\/p>\n\n\n\n<p>\u201cApesar disso, todos os setores analisados j\u00e1 apresentam sinal de retomada ap\u00f3s o momento mais cr\u00edtico da crise meteorol\u00f3gica\u201d, disse em nota o governo do RS. De acordo com os dados oficiais, o maior impacto econ\u00f4mico foi registrado na primeira semana do desastre clim\u00e1tico, em que a queda geral m\u00e9dia chegou a ser de -37,3%.<\/p>\n\n\n\n<p>O relat\u00f3rio sobre a atividade econ\u00f4mica ga\u00facha tamb\u00e9m detalhou os dados por regi\u00e3o, com as maiores baixas verificadas na Fronteira Noroeste (-63,2%), no Alto do Jacu\u00ed (-28,6%), no Vale do Rio dos Sinos (-26,2%), no Vale do Taquari (-26,0%) e no Vale do Ca\u00ed (-25,9%). A Regi\u00e3o Metropolitana de Porto Alegre teve \u00edndice de -21,2% na compara\u00e7\u00e3o das vendas da ind\u00fastria em maio de 2024 e 2023.<\/p>\n\n\n\n<p>No geral, a arrecada\u00e7\u00e3o do <a class=\"suno-keyword\" target=\"_blank\" data-force=\"no\" data-priority=\"2\" href=\"https:\/\/www.suno.com.br\/artigos\/icms\/\" rel=\"noopener\">Imposto sobre Circula\u00e7\u00e3o de Mercadorias e Servi\u00e7os (ICMS)<\/a> no RS em maio foi R$ 640 milh\u00f5es (-16.1%) menor do que era projetado no in\u00edcio do ano. Segundo o governo ga\u00facho, 91% dos 278 mil estabelecimentos contribuintes do ICMS no RS est\u00e3o situados em munic\u00edpios em estado de calamidade p\u00fablica ou em situa\u00e7\u00e3o de emerg\u00eancia. Desses, 44 mil estabelecimentos (16% do total), respons\u00e1veis por 27% da arrecada\u00e7\u00e3o de ICMS, est\u00e3o situados em \u00e1reas que foram inundadas.<\/p>\n\n\n\n\t<div data-element=\"shortcode-read-more\" class=\"readToo\">\n\t\t\t\t<span class=\"readToo__title\">Leia mais<\/span>\n\t\t\t\t<ul class=\"readToo__list\">\n\t\t\t<li><a href=\"https:\/\/www.suno.com.br\/noticias\/dolar-atinge-maior-patamar-desde-janeiro-2023-va\/\">D\u00f3lar atinge maior patamar desde janeiro de 2023; veja as raz\u00f5es para a disparada da moeda<\/a><\/li><li><a href=\"https:\/\/www.suno.com.br\/noticias\/pib-do-brasil-ranking-crescimento-cpf\/\">Brasil \u00e9 17\u00ba pa\u00eds no ranking de crescimento do PIB; pa\u00eds dever\u00e1 ser a 8\u00aa maior economia do mundo, diz FMI<\/a><\/li>\t\t<\/ul>\n\t<\/div>\n\n\n\n\n<h2 class=\"wp-block-heading\">Qual impacto da trag\u00e9dia do RS sobre o PIB?<\/h2>\n\n\n\n<p>O impacto da<strong> trag\u00e9dia clim\u00e1tica no Rio Grande do Sul<\/strong> sobre a economia nacional ainda n\u00e3o foi inteiramente mensurado. Nesta semana, por exemplo, o Instituto Nacional de Geografia e Estat\u00edstica (IBGE) divulgou o crescimento de 2,5% do <a class=\"suno-keyword\" data-force=\"no\" data-priority=\"2\" href=\"https:\/\/www.suno.com.br\/artigos\/pib-produto-interno-bruto\/\" target=\"_blank\" rel=\"noopener\">Produto Interno Bruto (PIB)<\/a> brasileiro no primeiro trimestre deste ano, destacando, contudo, que o c\u00e1lculo n\u00e3o capta o impacto das chuvas e enchentes em territ\u00f3rio ga\u00facho.<\/p>\n\n\n\t<p>\n\t\t<a href=\"https:\/\/lp.suno.com.br\/ebook-como-analisar-uma-acao\/\" target=\"_blank\" data-element=\"shortcode-suno-banner\" title=\"Banner SUNO, clique e saiba mais\">\n\t\t\t<picture>\n\t\t\t\t<source media=\"(max-width: 500px)\" srcset=\"https:\/\/files.sunoresearch.com.br\/n\/uploads\/2023\/03\/Ebook-Acoes-Mobile.jpg\">\n\t\t\t\t<img class=\"newsContent__article__imgCapa newsContent__article__imgCapa--banner\"\n\t\t\t\t\tsrc=\"https:\/\/files.sunoresearch.com.br\/n\/uploads\/2023\/03\/Ebook-Acoes-Desktop.jpg\"\n\t\t\t\t\tdata-promo-id=\"378302\"\t\t\t\t\t\t\t\t\t\twidth='1420' height='286'\t\t\t\t\talt=\"https:\/\/files.sunoresearch.com.br\/n\/uploads\/2023\/03\/Ebook-Acoes-Desktop.jpg\"\n\t\t\t\t>\n\t\t\t<\/picture>\n\t\t<\/a>\n\t<\/p>\n\n\n\n\n\n<p>\u201cIsso s\u00f3 vai aparecer quando tivermos as pr\u00f3prias <a href=\"https:\/\/agenciabrasil.ebc.com.br\/economia\/noticia\/2024-06\/economia-do-pais-cresce-25-em-doze-meses-aponta-ibge\" target=\"_blank\" rel=\"noopener\">pesquisas mensais<\/a> referentes a esse per\u00edodo\u201d, disse a coordenadora de Contas Nacionais do IBGE, Rebeca Palis.<\/p>\n\n\n\n<p>Em 2023, o Rio Grande do Sul foi o estado com o quinto maior PIB do Brasil, atr\u00e1s de S\u00e3o Paulo, Rio de Janeiro, Minas Gerais e Paran\u00e1. A economia ga\u00facha produziu R$ 640,299 bilh\u00f5es no ano passado, o equivalente a 5,9% do PIB nacional. Dessa forma, os economistas ainda mensuram os definitivos impactos das<strong> enchentes no RS<\/strong> sobre a economia nacional.<\/p>\n\n\n\n\n\n<p>Com Ag\u00eancia Brasil<\/p>\n\n\n\t<p>\n\t\t<a href=\"https:\/\/lp.suno.com.br\/planilha-da-vida-financeira\/\" target=\"_blank\" data-element=\"shortcode-suno-banner\" title=\"Banner SUNO, clique e saiba mais\">\n\t\t\t<picture>\n\t\t\t\t<source media=\"(max-width: 500px)\" srcset=\"https:\/\/files.sunoresearch.com.br\/n\/uploads\/2023\/04\/400x300-Planilha-vida-financeira-true.png\">\n\t\t\t\t<img class=\"newsContent__article__imgCapa newsContent__article__imgCapa--banner\"\n\t\t\t\t\tsrc=\"https:\/\/files.sunoresearch.com.br\/n\/uploads\/2023\/04\/1420x240-Planilha-vida-financeira-true.png\"\n\t\t\t\t\tdata-promo-id=\"383123\"\t\t\t\t\t\t\t\t\t\twidth='1420' height='240'\t\t\t\t\talt=\"https:\/\/files.sunoresearch.com.br\/n\/uploads\/2023\/04\/1420x240-Planilha-vida-financeira-true.png\"\n\t\t\t\t>\n\t\t\t<\/picture>\n\t\t<\/a>\n\t<\/p>\n\n\n","protected":false},"excerpt":{"rendered":"<p>As enchentes do Rio Grande do Sul que aconteceram a partir do fim de abril tiveram seu impacto negativo sobre a ind\u00fastria ga\u00facha mensurado pela Receita Estadual, que constatou uma queda de 15,6% nas vendas ao longo do m\u00eas de maio, na compara\u00e7\u00e3o com o mesmo m\u00eas do ano anterior. Enchentes no RS fazem vendas [&hellip;]<\/p>\n","protected":false},"author":43,"featured_media":211773,"comment_status":"closed","ping_status":"closed","sticky":false,"template":"","format":"standard","meta":[],"categories":[62],"tags":[740,106043],"suno_strategy":[],"class_list":["post-560941","post","type-post","status-publish","format-standard","has-post-thumbnail","hentry","category-economia","tag-economia","tag-rio-grande-do-sul"],"yoast_head":"<!-- This site is optimized with the Yoast SEO plugin v24.4 - https:\/\/yoast.com\/wordpress\/plugins\/seo\/ -->\n<title>Enchentes no RS fazem vendas da ind\u00fastria ca\u00edrem em maio<\/title>\n<meta name=\"description\" content=\"As enchentes do RS que aconteceram a partir do fim de abril tiveram seu impacto negativo sobre a ind\u00fastria ga\u00facha.\" \/>\n<meta name=\"robots\" content=\"index, follow, max-snippet:-1, max-image-preview:large, max-video-preview:-1\" \/>\n<link rel=\"canonical\" href=\"https:\/\/www.suno.com.br\/noticias\/enchentes-rs-fazem-industria-gaucha-cairem-va\/\" \/>\n<meta property=\"og:locale\" content=\"pt_BR\" \/>\n<meta property=\"og:type\" content=\"article\" \/>\n<meta property=\"og:title\" content=\"Enchentes no RS fazem vendas da ind\u00fastria ca\u00edrem em maio\" \/>\n<meta property=\"og:description\" content=\"As enchentes do RS que aconteceram a partir do fim de abril tiveram seu impacto negativo sobre a ind\u00fastria ga\u00facha.\" \/>\n<meta property=\"og:url\" content=\"https:\/\/www.suno.com.br\/noticias\/enchentes-rs-fazem-industria-gaucha-cairem-va\/\" \/>\n<meta property=\"og:site_name\" content=\"Suno Not\u00edcias\" \/>\n<meta property=\"article:publisher\" content=\"https:\/\/facebook.com\/sunoresearch\" \/>\n<meta property=\"article:author\" content=\"https:\/\/www.facebook.com\/sunonoticias\/\" \/>\n<meta property=\"og:image\" content=\"https:\/\/files.sunoresearch.com.br\/n\/uploads\/2021\/12\/fabrica-brf-abu-dhabi_mcamgo_abr_051020211818-3-scaled.jpg\" \/>\n\t<meta property=\"og:image:width\" content=\"2560\" \/>\n\t<meta property=\"og:image:height\" content=\"1707\" \/>\n\t<meta property=\"og:image:type\" content=\"image\/jpeg\" \/>\n<meta name=\"author\" content=\"Reda\u00e7\u00e3o Suno Not\u00edcias\" \/>\n<meta name=\"twitter:card\" content=\"summary_large_image\" \/>\n<meta name=\"twitter:creator\" content=\"@https:\/\/twitter.com\/sunoresearch\" \/>\n<meta name=\"twitter:site\" content=\"@sunoresearch\" \/>\n<meta name=\"twitter:label1\" content=\"Escrito por\" \/>\n\t<meta name=\"twitter:data1\" content=\"Reda\u00e7\u00e3o Suno Not\u00edcias\" \/>\n\t<meta name=\"twitter:label2\" content=\"Est. tempo de leitura\" \/>\n\t<meta name=\"twitter:data2\" content=\"4 minutos\" \/>\n<script type=\"application\/ld+json\" class=\"yoast-schema-graph\">{\"@context\":\"https:\/\/schema.org\",\"@graph\":[{\"@type\":\"NewsArticle\",\"@id\":\"https:\/\/www.suno.com.br\/noticias\/enchentes-rs-fazem-industria-gaucha-cairem-va\/#article\",\"isPartOf\":{\"@id\":\"https:\/\/www.suno.com.br\/noticias\/enchentes-rs-fazem-industria-gaucha-cairem-va\/\"},\"author\":{\"name\":\"Reda\u00e7\u00e3o Suno Not\u00edcias\",\"@id\":\"https:\/\/www.suno.com.br\/noticias\/#\/schema\/person\/c1b1bd3727fa852bd045e9dbff3673ea\"},\"headline\":\"Enchentes no RS fazem vendas da ind\u00fastria ga\u00facha ca\u00edrem 15,6% em maio\",\"datePublished\":\"2024-06-08T16:13:54+00:00\",\"dateModified\":\"2024-06-08T16:13:59+00:00\",\"mainEntityOfPage\":{\"@id\":\"https:\/\/www.suno.com.br\/noticias\/enchentes-rs-fazem-industria-gaucha-cairem-va\/\"},\"wordCount\":547,\"publisher\":{\"@id\":\"https:\/\/www.suno.com.br\/noticias\/#organization\"},\"image\":{\"@id\":\"https:\/\/www.suno.com.br\/noticias\/enchentes-rs-fazem-industria-gaucha-cairem-va\/#primaryimage\"},\"thumbnailUrl\":\"https:\/\/files.sunoresearch.com.br\/n\/uploads\/2021\/12\/fabrica-brf-abu-dhabi_mcamgo_abr_051020211818-3-scaled.jpg\",\"keywords\":[\"Economia\",\"Rio Grande do Sul\"],\"articleSection\":[\"Economia\"],\"inLanguage\":\"pt-BR\"},{\"@type\":\"WebPage\",\"@id\":\"https:\/\/www.suno.com.br\/noticias\/enchentes-rs-fazem-industria-gaucha-cairem-va\/\",\"url\":\"https:\/\/www.suno.com.br\/noticias\/enchentes-rs-fazem-industria-gaucha-cairem-va\/\",\"name\":\"Enchentes no RS fazem vendas da ind\u00fastria ca\u00edrem em maio\",\"isPartOf\":{\"@id\":\"https:\/\/www.suno.com.br\/noticias\/#website\"},\"primaryImageOfPage\":{\"@id\":\"https:\/\/www.suno.com.br\/noticias\/enchentes-rs-fazem-industria-gaucha-cairem-va\/#primaryimage\"},\"image\":{\"@id\":\"https:\/\/www.suno.com.br\/noticias\/enchentes-rs-fazem-industria-gaucha-cairem-va\/#primaryimage\"},\"thumbnailUrl\":\"https:\/\/files.sunoresearch.com.br\/n\/uploads\/2021\/12\/fabrica-brf-abu-dhabi_mcamgo_abr_051020211818-3-scaled.jpg\",\"datePublished\":\"2024-06-08T16:13:54+00:00\",\"dateModified\":\"2024-06-08T16:13:59+00:00\",\"description\":\"As enchentes do RS que aconteceram a partir do fim de abril tiveram seu impacto negativo sobre a ind\u00fastria ga\u00facha.\",\"breadcrumb\":{\"@id\":\"https:\/\/www.suno.com.br\/noticias\/enchentes-rs-fazem-industria-gaucha-cairem-va\/#breadcrumb\"},\"inLanguage\":\"pt-BR\",\"potentialAction\":[{\"@type\":\"ReadAction\",\"target\":[\"https:\/\/www.suno.com.br\/noticias\/enchentes-rs-fazem-industria-gaucha-cairem-va\/\"]}]},{\"@type\":\"ImageObject\",\"inLanguage\":\"pt-BR\",\"@id\":\"https:\/\/www.suno.com.br\/noticias\/enchentes-rs-fazem-industria-gaucha-cairem-va\/#primaryimage\",\"url\":\"https:\/\/files.sunoresearch.com.br\/n\/uploads\/2021\/12\/fabrica-brf-abu-dhabi_mcamgo_abr_051020211818-3-scaled.jpg\",\"contentUrl\":\"https:\/\/files.sunoresearch.com.br\/n\/uploads\/2021\/12\/fabrica-brf-abu-dhabi_mcamgo_abr_051020211818-3-scaled.jpg\",\"width\":2560,\"height\":1707,\"caption\":\"Enchentes no RS fazem vendas da ind\u00fastria ga\u00facha- Foto: Marcelo Camargo\/Ag\u00eancia Brasil\"},{\"@type\":\"BreadcrumbList\",\"@id\":\"https:\/\/www.suno.com.br\/noticias\/enchentes-rs-fazem-industria-gaucha-cairem-va\/#breadcrumb\",\"itemListElement\":[{\"@type\":\"ListItem\",\"position\":1,\"name\":\"Not\u00edcias\",\"item\":\"https:\/\/www.suno.com.br\/noticias\/\"},{\"@type\":\"ListItem\",\"position\":2,\"name\":\"Economia\",\"item\":\"https:\/\/www.suno.com.br\/noticias\/economia\/\"},{\"@type\":\"ListItem\",\"position\":3,\"name\":\"Enchentes no RS fazem vendas da ind\u00fastria ga\u00facha ca\u00edrem 15,6% em maio\"}]},{\"@type\":\"WebSite\",\"@id\":\"https:\/\/www.suno.com.br\/noticias\/#website\",\"url\":\"https:\/\/www.suno.com.br\/noticias\/\",\"name\":\"Suno Not\u00edcias\",\"description\":\"Seu portal de informa\u00e7\u00e3o sobre o mundo dos investimentos\",\"publisher\":{\"@id\":\"https:\/\/www.suno.com.br\/noticias\/#organization\"},\"potentialAction\":[{\"@type\":\"SearchAction\",\"target\":{\"@type\":\"EntryPoint\",\"urlTemplate\":\"https:\/\/www.suno.com.br\/noticias\/?s={search_term_string}\"},\"query-input\":{\"@type\":\"PropertyValueSpecification\",\"valueRequired\":true,\"valueName\":\"search_term_string\"}}],\"inLanguage\":\"pt-BR\"},{\"@type\":\"Organization\",\"@id\":\"https:\/\/www.suno.com.br\/noticias\/#organization\",\"name\":\"Suno Not\u00edcias\",\"url\":\"https:\/\/www.suno.com.br\/noticias\/\",\"logo\":{\"@type\":\"ImageObject\",\"inLanguage\":\"pt-BR\",\"@id\":\"https:\/\/www.suno.com.br\/noticias\/#\/schema\/logo\/image\/\",\"url\":\"https:\/\/files.sunoresearch.com.br\/n\/uploads\/2021\/09\/suno-logo.png\",\"contentUrl\":\"https:\/\/files.sunoresearch.com.br\/n\/uploads\/2021\/09\/suno-logo.png\",\"width\":180,\"height\":180,\"caption\":\"Suno Not\u00edcias\"},\"image\":{\"@id\":\"https:\/\/www.suno.com.br\/noticias\/#\/schema\/logo\/image\/\"},\"sameAs\":[\"https:\/\/facebook.com\/sunoresearch\",\"https:\/\/x.com\/sunoresearch\",\"https:\/\/www.instagram.com\/suno\",\"https:\/\/www.linkedin.com\/company\/suno-research\/\",\"https:\/\/www.youtube.com\/c\/sunoresearch\"]},{\"@type\":\"Person\",\"@id\":\"https:\/\/www.suno.com.br\/noticias\/#\/schema\/person\/c1b1bd3727fa852bd045e9dbff3673ea\",\"name\":\"Reda\u00e7\u00e3o Suno Not\u00edcias\",\"image\":{\"@type\":\"ImageObject\",\"inLanguage\":\"pt-BR\",\"@id\":\"https:\/\/www.suno.com.br\/noticias\/#\/schema\/person\/image\/\",\"url\":\"https:\/\/secure.gravatar.com\/avatar\/b8104b9b5a71985d5238ee59fbe418af?s=96&r=g\",\"contentUrl\":\"https:\/\/secure.gravatar.com\/avatar\/b8104b9b5a71985d5238ee59fbe418af?s=96&r=g\",\"caption\":\"Reda\u00e7\u00e3o Suno Not\u00edcias\"},\"description\":\"O Suno Not\u00edcias \u00e9 um portal de informa\u00e7\u00f5es sobre Mercado Financeiro, Pol\u00edtica, Neg\u00f3cios, Economia e Finan\u00e7as Pessoais.\",\"sameAs\":[\"https:\/\/www.suno.com.br\/noticias\",\"https:\/\/www.facebook.com\/sunonoticias\/\",\"https:\/\/www.instagram.com\/sunonoticias\/\",\"https:\/\/x.com\/https:\/\/twitter.com\/sunoresearch\",\"https:\/\/www.youtube.com\/sunonoticias\"],\"url\":\"https:\/\/www.suno.com.br\/noticias\/author\/redacao-suno\/\"}]}<\/script>\n<!-- \/ Yoast SEO plugin. -->","yoast_head_json":{"title":"Enchentes no RS fazem vendas da ind\u00fastria ca\u00edrem em maio","description":"As enchentes do RS que aconteceram a partir do fim de abril tiveram seu impacto negativo sobre a ind\u00fastria ga\u00facha.","robots":{"index":"index","follow":"follow","max-snippet":"max-snippet:-1","max-image-preview":"max-image-preview:large","max-video-preview":"max-video-preview:-1"},"canonical":"https:\/\/www.suno.com.br\/noticias\/enchentes-rs-fazem-industria-gaucha-cairem-va\/","og_locale":"pt_BR","og_type":"article","og_title":"Enchentes no RS fazem vendas da ind\u00fastria ca\u00edrem em maio","og_description":"As enchentes do RS que aconteceram a partir do fim de abril tiveram seu impacto negativo sobre a ind\u00fastria ga\u00facha.","og_url":"https:\/\/www.suno.com.br\/noticias\/enchentes-rs-fazem-industria-gaucha-cairem-va\/","og_site_name":"Suno Not\u00edcias","article_publisher":"https:\/\/facebook.com\/sunoresearch","article_author":"https:\/\/www.facebook.com\/sunonoticias\/","og_image":[{"width":2560,"height":1707,"url":"https:\/\/files.sunoresearch.com.br\/n\/uploads\/2021\/12\/fabrica-brf-abu-dhabi_mcamgo_abr_051020211818-3-scaled.jpg","type":"image\/jpeg"}],"author":"Reda\u00e7\u00e3o Suno Not\u00edcias","twitter_card":"summary_large_image","twitter_creator":"@https:\/\/twitter.com\/sunoresearch","twitter_site":"@sunoresearch","twitter_misc":{"Escrito por":"Reda\u00e7\u00e3o Suno Not\u00edcias","Est. tempo de leitura":"4 minutos"},"schema":{"@context":"https:\/\/schema.org","@graph":[{"@type":"NewsArticle","@id":"https:\/\/www.suno.com.br\/noticias\/enchentes-rs-fazem-industria-gaucha-cairem-va\/#article","isPartOf":{"@id":"https:\/\/www.suno.com.br\/noticias\/enchentes-rs-fazem-industria-gaucha-cairem-va\/"},"author":{"name":"Reda\u00e7\u00e3o Suno Not\u00edcias","@id":"https:\/\/www.suno.com.br\/noticias\/#\/schema\/person\/c1b1bd3727fa852bd045e9dbff3673ea"},"headline":"Enchentes no RS fazem vendas da ind\u00fastria ga\u00facha ca\u00edrem 15,6% em maio","datePublished":"2024-06-08T16:13:54+00:00","dateModified":"2024-06-08T16:13:59+00:00","mainEntityOfPage":{"@id":"https:\/\/www.suno.com.br\/noticias\/enchentes-rs-fazem-industria-gaucha-cairem-va\/"},"wordCount":547,"publisher":{"@id":"https:\/\/www.suno.com.br\/noticias\/#organization"},"image":{"@id":"https:\/\/www.suno.com.br\/noticias\/enchentes-rs-fazem-industria-gaucha-cairem-va\/#primaryimage"},"thumbnailUrl":"https:\/\/files.sunoresearch.com.br\/n\/uploads\/2021\/12\/fabrica-brf-abu-dhabi_mcamgo_abr_051020211818-3-scaled.jpg","keywords":["Economia","Rio Grande do Sul"],"articleSection":["Economia"],"inLanguage":"pt-BR"},{"@type":"WebPage","@id":"https:\/\/www.suno.com.br\/noticias\/enchentes-rs-fazem-industria-gaucha-cairem-va\/","url":"https:\/\/www.suno.com.br\/noticias\/enchentes-rs-fazem-industria-gaucha-cairem-va\/","name":"Enchentes no RS fazem vendas da ind\u00fastria ca\u00edrem em maio","isPartOf":{"@id":"https:\/\/www.suno.com.br\/noticias\/#website"},"primaryImageOfPage":{"@id":"https:\/\/www.suno.com.br\/noticias\/enchentes-rs-fazem-industria-gaucha-cairem-va\/#primaryimage"},"image":{"@id":"https:\/\/www.suno.com.br\/noticias\/enchentes-rs-fazem-industria-gaucha-cairem-va\/#primaryimage"},"thumbnailUrl":"https:\/\/files.sunoresearch.com.br\/n\/uploads\/2021\/12\/fabrica-brf-abu-dhabi_mcamgo_abr_051020211818-3-scaled.jpg","datePublished":"2024-06-08T16:13:54+00:00","dateModified":"2024-06-08T16:13:59+00:00","description":"As enchentes do RS que aconteceram a partir do fim de abril tiveram seu impacto negativo sobre a ind\u00fastria ga\u00facha.","breadcrumb":{"@id":"https:\/\/www.suno.com.br\/noticias\/enchentes-rs-fazem-industria-gaucha-cairem-va\/#breadcrumb"},"inLanguage":"pt-BR","potentialAction":[{"@type":"ReadAction","target":["https:\/\/www.suno.com.br\/noticias\/enchentes-rs-fazem-industria-gaucha-cairem-va\/"]}]},{"@type":"ImageObject","inLanguage":"pt-BR","@id":"https:\/\/www.suno.com.br\/noticias\/enchentes-rs-fazem-industria-gaucha-cairem-va\/#primaryimage","url":"https:\/\/files.sunoresearch.com.br\/n\/uploads\/2021\/12\/fabrica-brf-abu-dhabi_mcamgo_abr_051020211818-3-scaled.jpg","contentUrl":"https:\/\/files.sunoresearch.com.br\/n\/uploads\/2021\/12\/fabrica-brf-abu-dhabi_mcamgo_abr_051020211818-3-scaled.jpg","width":2560,"height":1707,"caption":"Enchentes no RS fazem vendas da ind\u00fastria ga\u00facha- Foto: Marcelo Camargo\/Ag\u00eancia Brasil"},{"@type":"BreadcrumbList","@id":"https:\/\/www.suno.com.br\/noticias\/enchentes-rs-fazem-industria-gaucha-cairem-va\/#breadcrumb","itemListElement":[{"@type":"ListItem","position":1,"name":"Not\u00edcias","item":"https:\/\/www.suno.com.br\/noticias\/"},{"@type":"ListItem","position":2,"name":"Economia","item":"https:\/\/www.suno.com.br\/noticias\/economia\/"},{"@type":"ListItem","position":3,"name":"Enchentes no RS fazem vendas da ind\u00fastria ga\u00facha ca\u00edrem 15,6% em maio"}]},{"@type":"WebSite","@id":"https:\/\/www.suno.com.br\/noticias\/#website","url":"https:\/\/www.suno.com.br\/noticias\/","name":"Suno Not\u00edcias","description":"Seu portal de informa\u00e7\u00e3o sobre o mundo dos investimentos","publisher":{"@id":"https:\/\/www.suno.com.br\/noticias\/#organization"},"potentialAction":[{"@type":"SearchAction","target":{"@type":"EntryPoint","urlTemplate":"https:\/\/www.suno.com.br\/noticias\/?s={search_term_string}"},"query-input":{"@type":"PropertyValueSpecification","valueRequired":true,"valueName":"search_term_string"}}],"inLanguage":"pt-BR"},{"@type":"Organization","@id":"https:\/\/www.suno.com.br\/noticias\/#organization","name":"Suno Not\u00edcias","url":"https:\/\/www.suno.com.br\/noticias\/","logo":{"@type":"ImageObject","inLanguage":"pt-BR","@id":"https:\/\/www.suno.com.br\/noticias\/#\/schema\/logo\/image\/","url":"https:\/\/files.sunoresearch.com.br\/n\/uploads\/2021\/09\/suno-logo.png","contentUrl":"https:\/\/files.sunoresearch.com.br\/n\/uploads\/2021\/09\/suno-logo.png","width":180,"height":180,"caption":"Suno Not\u00edcias"},"image":{"@id":"https:\/\/www.suno.com.br\/noticias\/#\/schema\/logo\/image\/"},"sameAs":["https:\/\/facebook.com\/sunoresearch","https:\/\/x.com\/sunoresearch","https:\/\/www.instagram.com\/suno","https:\/\/www.linkedin.com\/company\/suno-research\/","https:\/\/www.youtube.com\/c\/sunoresearch"]},{"@type":"Person","@id":"https:\/\/www.suno.com.br\/noticias\/#\/schema\/person\/c1b1bd3727fa852bd045e9dbff3673ea","name":"Reda\u00e7\u00e3o Suno Not\u00edcias","image":{"@type":"ImageObject","inLanguage":"pt-BR","@id":"https:\/\/www.suno.com.br\/noticias\/#\/schema\/person\/image\/","url":"https:\/\/secure.gravatar.com\/avatar\/b8104b9b5a71985d5238ee59fbe418af?s=96&r=g","contentUrl":"https:\/\/secure.gravatar.com\/avatar\/b8104b9b5a71985d5238ee59fbe418af?s=96&r=g","caption":"Reda\u00e7\u00e3o Suno Not\u00edcias"},"description":"O Suno Not\u00edcias \u00e9 um portal de informa\u00e7\u00f5es sobre Mercado Financeiro, Pol\u00edtica, Neg\u00f3cios, Economia e Finan\u00e7as Pessoais.","sameAs":["https:\/\/www.suno.com.br\/noticias","https:\/\/www.facebook.com\/sunonoticias\/","https:\/\/www.instagram.com\/sunonoticias\/","https:\/\/x.com\/https:\/\/twitter.com\/sunoresearch","https:\/\/www.youtube.com\/sunonoticias"],"url":"https:\/\/www.suno.com.br\/noticias\/author\/redacao-suno\/"}]}},"default_loop_html":"<div class=\"cardsPage__listCard__boxs\"><div class=\"cardsPage__listCard__boxs__img\"><a href=\"https:\/\/www.suno.com.br\/noticias\/enchentes-rs-fazem-industria-gaucha-cairem-va\/\"><img class=\"mask\" src=\"https:\/\/www.suno.com.br\/noticias\/wp-content\/themes\/suno\/resources\/images\/spotlight\/spotlight1img\/bg-mask.png\" alt=\"Image Mask\"\/><img src=\"https:\/\/files.sunoresearch.com.br\/n\/uploads\/2021\/12\/fabrica-brf-abu-dhabi_mcamgo_abr_051020211818-3-400x200.jpg\" alt=\"Enchentes no RS fazem vendas da ind\u00fastria ga\u00facha ca\u00edrem 15,6% em maio\"\/><\/a><span class=\"spotlightCategory\"><a href=\"https:\/\/www.suno.com.br\/noticias\/economia\/\">Economia<\/a><\/span><\/div><div class=\"cardsPage__listCard__boxs__content\"><a href=\"https:\/\/www.suno.com.br\/noticias\/enchentes-rs-fazem-industria-gaucha-cairem-va\/\"><h2 class=\"content__title\">Enchentes no RS fazem vendas da ind\u00fastria ga\u00facha ca\u00edrem 15,6% em maio<\/h2><\/a><div class=\"newsContent__article__meta\"><div class=\"newsContent__article__meta__authorBox\"><a href=\"https:\/\/www.suno.com.br\/noticias\/author\/camila-figueiredosuno-com-br\/\" class=\"authorBox__avatar noMobi\"><img src=\"https:\/\/files.sunoresearch.com.br\/n\/uploads\/2024\/05\/camila-paim-square-150x150.jpg\" alt=\"Camila Paim\"><\/a><div class=\"authorBox__name\"><span>por\n\t\t\t<a href=\"https:\/\/www.suno.com.br\/noticias\/author\/camila-figueiredosuno-com-br\/\"><span itemprop=\"author\">Camila Paim<\/span><\/a><\/span><time datetime=\"2024-06-08T13:13:54-03:00\" itemprop=\"datePublished\">08\/06\/2024 13:13<\/time><\/div><\/div><\/div><\/div><\/div>","single_layout":"posts","amp_enabled":true,"_links":{"self":[{"href":"https:\/\/www.suno.com.br\/noticias\/wp-json\/wp\/v2\/posts\/560941"}],"collection":[{"href":"https:\/\/www.suno.com.br\/noticias\/wp-json\/wp\/v2\/posts"}],"about":[{"href":"https:\/\/www.suno.com.br\/noticias\/wp-json\/wp\/v2\/types\/post"}],"author":[{"embeddable":true,"href":"https:\/\/www.suno.com.br\/noticias\/wp-json\/wp\/v2\/users\/43"}],"replies":[{"embeddable":true,"href":"https:\/\/www.suno.com.br\/noticias\/wp-json\/wp\/v2\/comments?post=560941"}],"version-history":[{"count":3,"href":"https:\/\/www.suno.com.br\/noticias\/wp-json\/wp\/v2\/posts\/560941\/revisions"}],"predecessor-version":[{"id":560954,"href":"https:\/\/www.suno.com.br\/noticias\/wp-json\/wp\/v2\/posts\/560941\/revisions\/560954"}],"wp:featuredmedia":[{"embeddable":true,"href":"https:\/\/www.suno.com.br\/noticias\/wp-json\/wp\/v2\/media\/211773"}],"wp:attachment":[{"href":"https:\/\/www.suno.com.br\/noticias\/wp-json\/wp\/v2\/media?parent=560941"}],"wp:term":[{"taxonomy":"category","embeddable":true,"href":"https:\/\/www.suno.com.br\/noticias\/wp-json\/wp\/v2\/categories?post=560941"},{"taxonomy":"post_tag","embeddable":true,"href":"https:\/\/www.suno.com.br\/noticias\/wp-json\/wp\/v2\/tags?post=560941"},{"taxonomy":"suno_strategy","embeddable":true,"href":"https:\/\/www.suno.com.br\/noticias\/wp-json\/wp\/v2\/suno_strategy?post=560941"}],"curies":[{"name":"wp","href":"https:\/\/api.w.org\/{rel}","templated":true}]}}