{"id":560902,"date":"2024-06-07T21:03:25","date_gmt":"2024-06-08T00:03:25","guid":{"rendered":"https:\/\/www.suno.com.br\/noticias\/?p=560902"},"modified":"2024-06-07T21:12:55","modified_gmt":"2024-06-08T00:12:55","slug":"bolsa-de-valores-rio-de-janeiro-rj-evm","status":"publish","type":"post","link":"https:\/\/www.suno.com.br\/noticias\/bolsa-de-valores-rio-de-janeiro-rj-evm\/","title":{"rendered":"A Bolsa de Valores do RJ vai voltar? Entenda projeto de Eduardo Paes"},"content":{"rendered":"<p>O prefeito do Rio de Janeiro, <a href=\"https:\/\/www.suno.com.br\/noticias\/itau-itub4-madonna-confirma-brasil-cpf\/\">Eduardo Paes (PSD)<\/a>, revelou na quinta-feira (6), por meio de sua conta no X (antigo Twitter), que submeteu \u00e0 C\u00e2mara dos Vereadores um projeto de lei visando estabelecer uma nova <a class=\"suno-keyword\" data-force=\"no\" data-priority=\"3\" href=\"https:\/\/www.suno.com.br\/guias\/bolsa-de-valores\/\" target=\"_blank\" rel=\"noopener\"><strong>Bolsa de Valores<\/strong><\/a> no Rio de Janeiro.<\/p><div class=\"videoFull \">\n\t\t\t<div class=\"videoWrapper yt-lazyload center\"\n\t\t\t\tdata-width=\"960\"\n\t\t\t\tdata-height=\"540\"\n\t\t\t\tdata-id=\"N3JwXEue6go\"\n\t\t\t\tdata-alt=\"V\u00eddeo do YouTube - clique para reproduzir\"\n\t\t\t\tdata-logo=\"3\"\n\t\t\t\tdata-imagequality=\"maxres\">\n\t\t\t<\/div>\n\t\t<\/div><script type=\"application\/ld+json\">{\"@context\":\"https:\/\/schema.org\",\"@type\":\"VideoObject\",\"name\":\"\ud83d\udd34IBOVESPA CAI COM HADDAD E PAYROLL | Petrobras (PETR4) reativa 'f\u00e1brica do preju\u00edzo' | JCP Bradesco\",\"description\":\"#mercadofinanceiro #a\u00e7\u00f5es #investimentos #bolsadevalores #ibovespa #dinheiro #finan\u00e7as #pol\u00edtica #d\u00f3lar #livedas19h #petr4 #petr3 #petrobras #vale3 #vale #a\u00e7\u00f5es #economia #dividendos #min\u00e9riodeferro #min\u00e9rio #petr\u00f3leo #commodities #proventos #dividendos #jcp #statusinvest #statusalpha #sunoconsultoria #bradesco #bbdc4 #fertilizantes #microsoft #msft34 #lula #haddad #governo \ud83d\udd34TENHA UM CONSULTOR PRA TE AJUDAR NOS SEUS INVESTIMENTOS: https:\/\/lp.suno.com.br\/ao\/consultoria-de-investimentos\/?utm_source=youtube.noticias&utm_campaign=020524&utm_medium=live 00:00 In\u00edcio do v\u00eddeo 01:45 Fechamento de preg\u00e3o 09:30\u2026\",\"duration\":\"PT29M22S\",\"embedUrl\":\"https:\/\/www.youtube.com\/embed\/N3JwXEue6go\",\"regionsAllowed\":\"en-US\",\"interactionStatistic\":{\"@type\":\"InteractionCounter\",\"interactionType\":{\"@type\":\"WatchAction\"},\"userInteractionCount\":11317},\"thumbnailUrl\":\"https:\/\/i.ytimg.com\/vi\/N3JwXEue6go\/default.jpg\",\"uploadDate\":\"2024-06-07T22:38:51Z\"}<\/script>\n\n\n\n\n\t<p>\n\t\t<a href=\"https:\/\/lp.suno.com.br\/planilha-da-vida-financeira\/\" target=\"_blank\" data-element=\"shortcode-suno-banner\" title=\"Banner SUNO, clique e saiba mais\">\n\t\t\t<picture>\n\t\t\t\t<source media=\"(max-width: 500px)\" srcset=\"https:\/\/files.sunoresearch.com.br\/n\/uploads\/2023\/04\/400x300-Planilha-vida-financeira-true.png\">\n\t\t\t\t<img class=\"newsContent__article__imgCapa newsContent__article__imgCapa--banner\"\n\t\t\t\t\tsrc=\"https:\/\/files.sunoresearch.com.br\/n\/uploads\/2023\/04\/1420x240-Planilha-vida-financeira-true.png\"\n\t\t\t\t\tdata-promo-id=\"106682\"\t\t\t\t\t\t\t\t\t\twidth='1420' height='240'\t\t\t\t\talt=\"https:\/\/files.sunoresearch.com.br\/n\/uploads\/2023\/04\/1420x240-Planilha-vida-financeira-true.png\"\n\t\t\t\t>\n\t\t\t<\/picture>\n\t\t<\/a>\n\t<\/p>\n\n\n\n\n\n\n\n<p>A C\u00e2mara municipal, contudo, ainda n\u00e3o confirmou o recebimento do <strong>projeto<\/strong>, e o texto n\u00e3o est\u00e1 dispon\u00edvel no site oficial do parlamento carioca.<\/p>\n\n\n\n<p>Eduardo Paes destacou a import\u00e2ncia do projeto: \u201cA cria\u00e7\u00e3o de uma nova bolsa de valores seria um marco significativo para a cidade, reafirmando o Rio de Janeiro como um centro vital do setor financeiro.&#8221;<\/p>\n\n\n<blockquote class=\"twitter-tweet\">\n<p lang=\"pt\" dir=\"ltr\">A BOLSA DO RIO DE JANEIRO VAI VOLTAR.<\/p>\n<p>Acabei de encaminhar \u00e0 C\u00e2mara de vereadores o Projeto de Lei que cria as condi\u00e7\u00f5es para que tenhamos mais uma Bolsa de Valores no Brasil, o que \u00e9 sempre uma saud\u00e1vel competi\u00e7\u00e3o para quem defende o livre mercado. <br \/>\u00c9 mais que trabalho! \u00c9 amor\u2026 <a href=\"https:\/\/t.co\/OIqsm9Xh8S\">pic.twitter.com\/OIqsm9Xh8S<\/a><\/p>\n<p>&mdash; Eduardo Paes (@eduardopaes) <a href=\"https:\/\/twitter.com\/eduardopaes\/status\/1798738975932526990?ref_src=twsrc%5Etfw\">June 6, 2024<\/a><\/p><\/blockquote>\n\n\n\n\n<p>O projeto divulgado por Eduardo Paes sugere que a nova <strong>Bolsa de Valores do Rio<\/strong> poderia incrementar a receita municipal atrav\u00e9s de impostos. <\/p>\n\n\n\n<p>Entre 2021 e 2023, o setor financeiro figurou como o quarto maior contribuinte de impostos na cidade.<\/p>\n\n\n\n<p>&#8220;A instala\u00e7\u00e3o de uma nova bolsa seria um verdadeiro marco para a cidade, posicionando novamente o Rio de Janeiro no epicentro do setor financeiro&#8221;, diz o projeto de <strong>Eduardo Paes<\/strong>.<\/p>\n\n\n\n<p>O projeto de lei sugere tamb\u00e9m que a nova bolsa fomentaria a abertura de novos neg\u00f3cios no setor de servi\u00e7os, como bancos, dinamizando a economia local. <\/p>\n\n\n\n<p>Al\u00e9m disso, prop\u00f5e a cria\u00e7\u00e3o de uma al\u00edquota de 2% sobre o Imposto sobre Servi\u00e7os de Qualquer Natureza.<\/p>\n\n\n\t<p>\n\t\t<a href=\"https:\/\/lp.suno.com.br\/ebook-como-analisar-uma-acao\/\" target=\"_blank\" data-element=\"shortcode-suno-banner\" title=\"Banner SUNO, clique e saiba mais\">\n\t\t\t<picture>\n\t\t\t\t<source media=\"(max-width: 500px)\" srcset=\"https:\/\/files.sunoresearch.com.br\/n\/uploads\/2023\/03\/Ebook-Acoes-Mobile.jpg\">\n\t\t\t\t<img class=\"newsContent__article__imgCapa newsContent__article__imgCapa--banner\"\n\t\t\t\t\tsrc=\"https:\/\/files.sunoresearch.com.br\/n\/uploads\/2023\/03\/Ebook-Acoes-Desktop.jpg\"\n\t\t\t\t\tdata-promo-id=\"378302\"\t\t\t\t\t\t\t\t\t\twidth='1420' height='286'\t\t\t\t\talt=\"https:\/\/files.sunoresearch.com.br\/n\/uploads\/2023\/03\/Ebook-Acoes-Desktop.jpg\"\n\t\t\t\t>\n\t\t\t<\/picture>\n\t\t<\/a>\n\t<\/p>\n\n\n\n\n\n<p>Em um encontro do Grupo Lide sobre o Plano Diretor, realizado no in\u00edcio de maio, Eduardo Paes j\u00e1 havia adiantado a proposta da Bolsa de Valores do Rio a pol\u00edticos e empres\u00e1rios, com previs\u00e3o de opera\u00e7\u00e3o a partir de 2025. <\/p>\n\n\n\n<p>\u201cIsso deve ser celebrado por todos os que apoiam o <a class=\"suno-keyword\" target=\"_blank\" data-force=\"no\" data-priority=\"1\" href=\"https:\/\/www.suno.com.br\/artigos\/livre-mercado\/\" rel=\"noopener\">livre mercado<\/a>,\u201d disse o prefeito do Rio de Janeiro, \u00e0 \u00e9poca.<\/p>\n\n\n\n<p>Conforme informa\u00e7\u00f5es do jornal O Estado de S. Paulo, a CSD BR &#8211; empresa que vai administrar a Bolsa do Rio &#8211; tamb\u00e9m aguarda licen\u00e7as da Comiss\u00e3o de Valores Mobili\u00e1rios (CVM) e do Banco Central (BC) para operar como deposit\u00e1ria de ativos &#8211; sendo uma &#8216;concorrente&#8217; para ser a nova <strong>Bolsa do Rio<\/strong>.<\/p>\n\n\n\n<h2 class=\"wp-block-heading\">O Rio de Janeiro j\u00e1 teve uma bolsa de valores para chamar de sua<\/h2>\n\n\n\n<p>No passado, o <strong>Rio de Janeiro<\/strong> chegou a ter uma bolsa, que nasceu em meados de 1820, ap\u00f3s o per\u00edodo colonial. A <strong>bolsa de valores do RJ<\/strong>, contudo, passou a negociar apenas <a class=\"suno-keyword\" target=\"_blank\" data-force=\"no\" data-priority=\"1\" href=\"https:\/\/www.suno.com.br\/artigos\/titulos-publicos\/\" rel=\"noopener\">t\u00edtulos p\u00fablicos<\/a> em 2000 (com a transfer\u00eancia da negocia\u00e7\u00e3o com a\u00e7\u00f5es para a Bolsa de Valores de S\u00e3o Paulo, atual B3).<\/p>\n\n\n\n<p>Em 2002, foi totalmente incorporada pela BM&amp;F, e em 2007 foi criada a <strong>Bolsa de Valores<\/strong>, Mercadorias e Futuros &#8211; BM&amp;FBOVESPA, que posteriormente se tornou a <a class=\"suno-keyword\" target=\"_blank\" data-force=\"yes\" data-priority=\"2\" href=\"https:\/\/www.suno.com.br\/acoes\/B3SA3\/\" rel=\"noopener\">B3 (B3SA3)<\/a>.<\/p>\n\n\n\t<p>\n\t\t<a href=\"https:\/\/lp.suno.com.br\/planilha-da-vida-financeira\/\" target=\"_blank\" data-element=\"shortcode-suno-banner\" title=\"Banner SUNO, clique e saiba mais\">\n\t\t\t<picture>\n\t\t\t\t<source media=\"(max-width: 500px)\" srcset=\"https:\/\/files.sunoresearch.com.br\/n\/uploads\/2023\/04\/400x300-Planilha-vida-financeira-true.png\">\n\t\t\t\t<img class=\"newsContent__article__imgCapa newsContent__article__imgCapa--banner\"\n\t\t\t\t\tsrc=\"https:\/\/files.sunoresearch.com.br\/n\/uploads\/2023\/04\/1420x240-Planilha-vida-financeira-true.png\"\n\t\t\t\t\tdata-promo-id=\"383123\"\t\t\t\t\t\t\t\t\t\twidth='1420' height='240'\t\t\t\t\talt=\"https:\/\/files.sunoresearch.com.br\/n\/uploads\/2023\/04\/1420x240-Planilha-vida-financeira-true.png\"\n\t\t\t\t>\n\t\t\t<\/picture>\n\t\t<\/a>\n\t<\/p>\n\n\n","protected":false},"excerpt":{"rendered":"<p>O prefeito do Rio de Janeiro, Eduardo Paes (PSD), revelou na quinta-feira (6), por meio de sua conta no X (antigo Twitter), que submeteu \u00e0 C\u00e2mara dos Vereadores um projeto de lei visando estabelecer uma nova Bolsa de Valores no Rio de Janeiro. A C\u00e2mara municipal, contudo, ainda n\u00e3o confirmou o recebimento do projeto, e [&hellip;]<\/p>\n","protected":false},"author":73,"featured_media":222077,"comment_status":"closed","ping_status":"closed","sticky":false,"template":"","format":"standard","meta":[],"categories":[60],"tags":[309,802],"suno_strategy":[],"class_list":["post-560902","post","type-post","status-publish","format-standard","has-post-thumbnail","hentry","category-mercado","tag-bolsa-de-valores","tag-rio-de-janeiro"],"yoast_head":"<!-- This site is optimized with the Yoast SEO plugin v24.4 - https:\/\/yoast.com\/wordpress\/plugins\/seo\/ -->\n<title>A Bolsa de Valores do RJ vai voltar? Entenda projeto<\/title>\n<meta name=\"description\" content=\"&quot;A cria\u00e7\u00e3o de uma nova bolsa de valores seria um marco significativo para a cidade, reafirmando o RJ como um centro vital&quot;, disse Paes\" \/>\n<meta name=\"robots\" content=\"index, follow, max-snippet:-1, max-image-preview:large, max-video-preview:-1\" \/>\n<link rel=\"canonical\" href=\"https:\/\/www.suno.com.br\/noticias\/bolsa-de-valores-rio-de-janeiro-rj-evm\/\" \/>\n<meta property=\"og:locale\" content=\"pt_BR\" \/>\n<meta property=\"og:type\" content=\"article\" \/>\n<meta property=\"og:title\" content=\"A Bolsa de Valores do RJ vai voltar? Entenda projeto\" \/>\n<meta property=\"og:description\" content=\"&quot;A cria\u00e7\u00e3o de uma nova bolsa de valores seria um marco significativo para a cidade, reafirmando o RJ como um centro vital&quot;, disse Paes\" \/>\n<meta property=\"og:url\" content=\"https:\/\/www.suno.com.br\/noticias\/bolsa-de-valores-rio-de-janeiro-rj-evm\/\" \/>\n<meta property=\"og:site_name\" content=\"Suno Not\u00edcias\" \/>\n<meta property=\"article:publisher\" content=\"https:\/\/facebook.com\/sunoresearch\" \/>\n<meta property=\"og:image\" content=\"https:\/\/files.sunoresearch.com.br\/n\/uploads\/2022\/01\/eduardo-paes-scaled.jpg\" \/>\n\t<meta property=\"og:image:width\" content=\"2560\" \/>\n\t<meta property=\"og:image:height\" content=\"1704\" \/>\n\t<meta property=\"og:image:type\" content=\"image\/jpeg\" \/>\n<meta name=\"author\" content=\"Eduardo Vargas\" \/>\n<meta name=\"twitter:card\" content=\"summary_large_image\" \/>\n<meta name=\"twitter:creator\" content=\"@sunoresearch\" \/>\n<meta name=\"twitter:site\" content=\"@sunoresearch\" \/>\n<meta name=\"twitter:label1\" content=\"Escrito por\" \/>\n\t<meta name=\"twitter:data1\" content=\"Eduardo Vargas\" \/>\n\t<meta name=\"twitter:label2\" content=\"Est. tempo de leitura\" \/>\n\t<meta name=\"twitter:data2\" content=\"3 minutos\" \/>\n<script type=\"application\/ld+json\" class=\"yoast-schema-graph\">{\"@context\":\"https:\/\/schema.org\",\"@graph\":[{\"@type\":\"NewsArticle\",\"@id\":\"https:\/\/www.suno.com.br\/noticias\/bolsa-de-valores-rio-de-janeiro-rj-evm\/#article\",\"isPartOf\":{\"@id\":\"https:\/\/www.suno.com.br\/noticias\/bolsa-de-valores-rio-de-janeiro-rj-evm\/\"},\"author\":{\"name\":\"Eduardo Vargas\",\"@id\":\"https:\/\/www.suno.com.br\/noticias\/#\/schema\/person\/7f4d362bf3518e76090143ae77bb49a5\"},\"headline\":\"A Bolsa de Valores do RJ vai voltar? Entenda projeto de Eduardo Paes\",\"datePublished\":\"2024-06-08T00:03:25+00:00\",\"dateModified\":\"2024-06-08T00:12:55+00:00\",\"mainEntityOfPage\":{\"@id\":\"https:\/\/www.suno.com.br\/noticias\/bolsa-de-valores-rio-de-janeiro-rj-evm\/\"},\"wordCount\":538,\"publisher\":{\"@id\":\"https:\/\/www.suno.com.br\/noticias\/#organization\"},\"image\":{\"@id\":\"https:\/\/www.suno.com.br\/noticias\/bolsa-de-valores-rio-de-janeiro-rj-evm\/#primaryimage\"},\"thumbnailUrl\":\"https:\/\/files.sunoresearch.com.br\/n\/uploads\/2022\/01\/eduardo-paes-scaled.jpg\",\"keywords\":[\"Bolsa de Valores\",\"Rio de Janeiro\"],\"articleSection\":[\"Mercado\"],\"inLanguage\":\"pt-BR\"},{\"@type\":\"WebPage\",\"@id\":\"https:\/\/www.suno.com.br\/noticias\/bolsa-de-valores-rio-de-janeiro-rj-evm\/\",\"url\":\"https:\/\/www.suno.com.br\/noticias\/bolsa-de-valores-rio-de-janeiro-rj-evm\/\",\"name\":\"A Bolsa de Valores do RJ vai voltar? Entenda projeto\",\"isPartOf\":{\"@id\":\"https:\/\/www.suno.com.br\/noticias\/#website\"},\"primaryImageOfPage\":{\"@id\":\"https:\/\/www.suno.com.br\/noticias\/bolsa-de-valores-rio-de-janeiro-rj-evm\/#primaryimage\"},\"image\":{\"@id\":\"https:\/\/www.suno.com.br\/noticias\/bolsa-de-valores-rio-de-janeiro-rj-evm\/#primaryimage\"},\"thumbnailUrl\":\"https:\/\/files.sunoresearch.com.br\/n\/uploads\/2022\/01\/eduardo-paes-scaled.jpg\",\"datePublished\":\"2024-06-08T00:03:25+00:00\",\"dateModified\":\"2024-06-08T00:12:55+00:00\",\"description\":\"\\\"A cria\u00e7\u00e3o de uma nova bolsa de valores seria um marco significativo para a cidade, reafirmando o RJ como um centro vital\\\", disse Paes\",\"breadcrumb\":{\"@id\":\"https:\/\/www.suno.com.br\/noticias\/bolsa-de-valores-rio-de-janeiro-rj-evm\/#breadcrumb\"},\"inLanguage\":\"pt-BR\",\"potentialAction\":[{\"@type\":\"ReadAction\",\"target\":[\"https:\/\/www.suno.com.br\/noticias\/bolsa-de-valores-rio-de-janeiro-rj-evm\/\"]}]},{\"@type\":\"ImageObject\",\"inLanguage\":\"pt-BR\",\"@id\":\"https:\/\/www.suno.com.br\/noticias\/bolsa-de-valores-rio-de-janeiro-rj-evm\/#primaryimage\",\"url\":\"https:\/\/files.sunoresearch.com.br\/n\/uploads\/2022\/01\/eduardo-paes-scaled.jpg\",\"contentUrl\":\"https:\/\/files.sunoresearch.com.br\/n\/uploads\/2022\/01\/eduardo-paes-scaled.jpg\",\"width\":2560,\"height\":1704,\"caption\":\"O prefeito Eduardo Paes fez o an\u00fancio na Rio Innovation Week. Foto: Marcelo Camargo\/Ag\u00eancia Brasil\"},{\"@type\":\"BreadcrumbList\",\"@id\":\"https:\/\/www.suno.com.br\/noticias\/bolsa-de-valores-rio-de-janeiro-rj-evm\/#breadcrumb\",\"itemListElement\":[{\"@type\":\"ListItem\",\"position\":1,\"name\":\"Not\u00edcias\",\"item\":\"https:\/\/www.suno.com.br\/noticias\/\"},{\"@type\":\"ListItem\",\"position\":2,\"name\":\"Mercado\",\"item\":\"https:\/\/www.suno.com.br\/noticias\/mercado\/\"},{\"@type\":\"ListItem\",\"position\":3,\"name\":\"A Bolsa de Valores do RJ vai voltar? Entenda projeto de Eduardo Paes\"}]},{\"@type\":\"WebSite\",\"@id\":\"https:\/\/www.suno.com.br\/noticias\/#website\",\"url\":\"https:\/\/www.suno.com.br\/noticias\/\",\"name\":\"Suno Not\u00edcias\",\"description\":\"Seu portal de informa\u00e7\u00e3o sobre o mundo dos investimentos\",\"publisher\":{\"@id\":\"https:\/\/www.suno.com.br\/noticias\/#organization\"},\"potentialAction\":[{\"@type\":\"SearchAction\",\"target\":{\"@type\":\"EntryPoint\",\"urlTemplate\":\"https:\/\/www.suno.com.br\/noticias\/?s={search_term_string}\"},\"query-input\":{\"@type\":\"PropertyValueSpecification\",\"valueRequired\":true,\"valueName\":\"search_term_string\"}}],\"inLanguage\":\"pt-BR\"},{\"@type\":\"Organization\",\"@id\":\"https:\/\/www.suno.com.br\/noticias\/#organization\",\"name\":\"Suno Not\u00edcias\",\"url\":\"https:\/\/www.suno.com.br\/noticias\/\",\"logo\":{\"@type\":\"ImageObject\",\"inLanguage\":\"pt-BR\",\"@id\":\"https:\/\/www.suno.com.br\/noticias\/#\/schema\/logo\/image\/\",\"url\":\"https:\/\/files.sunoresearch.com.br\/n\/uploads\/2021\/09\/suno-logo.png\",\"contentUrl\":\"https:\/\/files.sunoresearch.com.br\/n\/uploads\/2021\/09\/suno-logo.png\",\"width\":180,\"height\":180,\"caption\":\"Suno Not\u00edcias\"},\"image\":{\"@id\":\"https:\/\/www.suno.com.br\/noticias\/#\/schema\/logo\/image\/\"},\"sameAs\":[\"https:\/\/facebook.com\/sunoresearch\",\"https:\/\/x.com\/sunoresearch\",\"https:\/\/www.instagram.com\/suno\",\"https:\/\/www.linkedin.com\/company\/suno-research\/\",\"https:\/\/www.youtube.com\/c\/sunoresearch\"]},{\"@type\":\"Person\",\"@id\":\"https:\/\/www.suno.com.br\/noticias\/#\/schema\/person\/7f4d362bf3518e76090143ae77bb49a5\",\"name\":\"Eduardo Vargas\",\"image\":{\"@type\":\"ImageObject\",\"inLanguage\":\"pt-BR\",\"@id\":\"https:\/\/www.suno.com.br\/noticias\/#\/schema\/person\/image\/\",\"url\":\"https:\/\/secure.gravatar.com\/avatar\/dac340933427a22924c9f99d1eb2e3f2?s=96&r=g\",\"contentUrl\":\"https:\/\/secure.gravatar.com\/avatar\/dac340933427a22924c9f99d1eb2e3f2?s=96&r=g\",\"caption\":\"Eduardo Vargas\"},\"description\":\"Jornalista formado pela UFSC, cobre macroeconomia, neg\u00f3cios e startups para o Suno Not\u00edcias, escrevendo principalmente not\u00edcias sobre o mercado financeiro e a bolsa de valores. No YouTube e no Instagram, \u00e9 respons\u00e1vel pela produ\u00e7\u00e3o de Reels e Shorts do Suno Not\u00edcias. Anteriormente, trabalhou cobrindo economia e cotidiano no ND+ e para o ND, maior jornal impresso de Santa Catarina. Cursou um semestre letivo de Estudos de M\u00eddia na Universidad de Buenos Aires.\",\"url\":\"https:\/\/www.suno.com.br\/noticias\/author\/eduardo-vargas\/\"}]}<\/script>\n<!-- \/ Yoast SEO plugin. -->","yoast_head_json":{"title":"A Bolsa de Valores do RJ vai voltar? Entenda projeto","description":"\"A cria\u00e7\u00e3o de uma nova bolsa de valores seria um marco significativo para a cidade, reafirmando o RJ como um centro vital\", disse Paes","robots":{"index":"index","follow":"follow","max-snippet":"max-snippet:-1","max-image-preview":"max-image-preview:large","max-video-preview":"max-video-preview:-1"},"canonical":"https:\/\/www.suno.com.br\/noticias\/bolsa-de-valores-rio-de-janeiro-rj-evm\/","og_locale":"pt_BR","og_type":"article","og_title":"A Bolsa de Valores do RJ vai voltar? Entenda projeto","og_description":"\"A cria\u00e7\u00e3o de uma nova bolsa de valores seria um marco significativo para a cidade, reafirmando o RJ como um centro vital\", disse Paes","og_url":"https:\/\/www.suno.com.br\/noticias\/bolsa-de-valores-rio-de-janeiro-rj-evm\/","og_site_name":"Suno Not\u00edcias","article_publisher":"https:\/\/facebook.com\/sunoresearch","og_image":[{"width":2560,"height":1704,"url":"https:\/\/files.sunoresearch.com.br\/n\/uploads\/2022\/01\/eduardo-paes-scaled.jpg","type":"image\/jpeg"}],"author":"Eduardo Vargas","twitter_card":"summary_large_image","twitter_creator":"@sunoresearch","twitter_site":"@sunoresearch","twitter_misc":{"Escrito por":"Eduardo Vargas","Est. tempo de leitura":"3 minutos"},"schema":{"@context":"https:\/\/schema.org","@graph":[{"@type":"NewsArticle","@id":"https:\/\/www.suno.com.br\/noticias\/bolsa-de-valores-rio-de-janeiro-rj-evm\/#article","isPartOf":{"@id":"https:\/\/www.suno.com.br\/noticias\/bolsa-de-valores-rio-de-janeiro-rj-evm\/"},"author":{"name":"Eduardo Vargas","@id":"https:\/\/www.suno.com.br\/noticias\/#\/schema\/person\/7f4d362bf3518e76090143ae77bb49a5"},"headline":"A Bolsa de Valores do RJ vai voltar? Entenda projeto de Eduardo Paes","datePublished":"2024-06-08T00:03:25+00:00","dateModified":"2024-06-08T00:12:55+00:00","mainEntityOfPage":{"@id":"https:\/\/www.suno.com.br\/noticias\/bolsa-de-valores-rio-de-janeiro-rj-evm\/"},"wordCount":538,"publisher":{"@id":"https:\/\/www.suno.com.br\/noticias\/#organization"},"image":{"@id":"https:\/\/www.suno.com.br\/noticias\/bolsa-de-valores-rio-de-janeiro-rj-evm\/#primaryimage"},"thumbnailUrl":"https:\/\/files.sunoresearch.com.br\/n\/uploads\/2022\/01\/eduardo-paes-scaled.jpg","keywords":["Bolsa de Valores","Rio de Janeiro"],"articleSection":["Mercado"],"inLanguage":"pt-BR"},{"@type":"WebPage","@id":"https:\/\/www.suno.com.br\/noticias\/bolsa-de-valores-rio-de-janeiro-rj-evm\/","url":"https:\/\/www.suno.com.br\/noticias\/bolsa-de-valores-rio-de-janeiro-rj-evm\/","name":"A Bolsa de Valores do RJ vai voltar? Entenda projeto","isPartOf":{"@id":"https:\/\/www.suno.com.br\/noticias\/#website"},"primaryImageOfPage":{"@id":"https:\/\/www.suno.com.br\/noticias\/bolsa-de-valores-rio-de-janeiro-rj-evm\/#primaryimage"},"image":{"@id":"https:\/\/www.suno.com.br\/noticias\/bolsa-de-valores-rio-de-janeiro-rj-evm\/#primaryimage"},"thumbnailUrl":"https:\/\/files.sunoresearch.com.br\/n\/uploads\/2022\/01\/eduardo-paes-scaled.jpg","datePublished":"2024-06-08T00:03:25+00:00","dateModified":"2024-06-08T00:12:55+00:00","description":"\"A cria\u00e7\u00e3o de uma nova bolsa de valores seria um marco significativo para a cidade, reafirmando o RJ como um centro vital\", disse Paes","breadcrumb":{"@id":"https:\/\/www.suno.com.br\/noticias\/bolsa-de-valores-rio-de-janeiro-rj-evm\/#breadcrumb"},"inLanguage":"pt-BR","potentialAction":[{"@type":"ReadAction","target":["https:\/\/www.suno.com.br\/noticias\/bolsa-de-valores-rio-de-janeiro-rj-evm\/"]}]},{"@type":"ImageObject","inLanguage":"pt-BR","@id":"https:\/\/www.suno.com.br\/noticias\/bolsa-de-valores-rio-de-janeiro-rj-evm\/#primaryimage","url":"https:\/\/files.sunoresearch.com.br\/n\/uploads\/2022\/01\/eduardo-paes-scaled.jpg","contentUrl":"https:\/\/files.sunoresearch.com.br\/n\/uploads\/2022\/01\/eduardo-paes-scaled.jpg","width":2560,"height":1704,"caption":"O prefeito Eduardo Paes fez o an\u00fancio na Rio Innovation Week. Foto: Marcelo Camargo\/Ag\u00eancia Brasil"},{"@type":"BreadcrumbList","@id":"https:\/\/www.suno.com.br\/noticias\/bolsa-de-valores-rio-de-janeiro-rj-evm\/#breadcrumb","itemListElement":[{"@type":"ListItem","position":1,"name":"Not\u00edcias","item":"https:\/\/www.suno.com.br\/noticias\/"},{"@type":"ListItem","position":2,"name":"Mercado","item":"https:\/\/www.suno.com.br\/noticias\/mercado\/"},{"@type":"ListItem","position":3,"name":"A Bolsa de Valores do RJ vai voltar? Entenda projeto de Eduardo Paes"}]},{"@type":"WebSite","@id":"https:\/\/www.suno.com.br\/noticias\/#website","url":"https:\/\/www.suno.com.br\/noticias\/","name":"Suno Not\u00edcias","description":"Seu portal de informa\u00e7\u00e3o sobre o mundo dos investimentos","publisher":{"@id":"https:\/\/www.suno.com.br\/noticias\/#organization"},"potentialAction":[{"@type":"SearchAction","target":{"@type":"EntryPoint","urlTemplate":"https:\/\/www.suno.com.br\/noticias\/?s={search_term_string}"},"query-input":{"@type":"PropertyValueSpecification","valueRequired":true,"valueName":"search_term_string"}}],"inLanguage":"pt-BR"},{"@type":"Organization","@id":"https:\/\/www.suno.com.br\/noticias\/#organization","name":"Suno Not\u00edcias","url":"https:\/\/www.suno.com.br\/noticias\/","logo":{"@type":"ImageObject","inLanguage":"pt-BR","@id":"https:\/\/www.suno.com.br\/noticias\/#\/schema\/logo\/image\/","url":"https:\/\/files.sunoresearch.com.br\/n\/uploads\/2021\/09\/suno-logo.png","contentUrl":"https:\/\/files.sunoresearch.com.br\/n\/uploads\/2021\/09\/suno-logo.png","width":180,"height":180,"caption":"Suno Not\u00edcias"},"image":{"@id":"https:\/\/www.suno.com.br\/noticias\/#\/schema\/logo\/image\/"},"sameAs":["https:\/\/facebook.com\/sunoresearch","https:\/\/x.com\/sunoresearch","https:\/\/www.instagram.com\/suno","https:\/\/www.linkedin.com\/company\/suno-research\/","https:\/\/www.youtube.com\/c\/sunoresearch"]},{"@type":"Person","@id":"https:\/\/www.suno.com.br\/noticias\/#\/schema\/person\/7f4d362bf3518e76090143ae77bb49a5","name":"Eduardo Vargas","image":{"@type":"ImageObject","inLanguage":"pt-BR","@id":"https:\/\/www.suno.com.br\/noticias\/#\/schema\/person\/image\/","url":"https:\/\/secure.gravatar.com\/avatar\/dac340933427a22924c9f99d1eb2e3f2?s=96&r=g","contentUrl":"https:\/\/secure.gravatar.com\/avatar\/dac340933427a22924c9f99d1eb2e3f2?s=96&r=g","caption":"Eduardo Vargas"},"description":"Jornalista formado pela UFSC, cobre macroeconomia, neg\u00f3cios e startups para o Suno Not\u00edcias, escrevendo principalmente not\u00edcias sobre o mercado financeiro e a bolsa de valores. No YouTube e no Instagram, \u00e9 respons\u00e1vel pela produ\u00e7\u00e3o de Reels e Shorts do Suno Not\u00edcias. Anteriormente, trabalhou cobrindo economia e cotidiano no ND+ e para o ND, maior jornal impresso de Santa Catarina. Cursou um semestre letivo de Estudos de M\u00eddia na Universidad de Buenos Aires.","url":"https:\/\/www.suno.com.br\/noticias\/author\/eduardo-vargas\/"}]}},"default_loop_html":"<div class=\"cardsPage__listCard__boxs\"><div class=\"cardsPage__listCard__boxs__img\"><a href=\"https:\/\/www.suno.com.br\/noticias\/bolsa-de-valores-rio-de-janeiro-rj-evm\/\"><img class=\"mask\" src=\"https:\/\/www.suno.com.br\/noticias\/wp-content\/themes\/suno\/resources\/images\/spotlight\/spotlight1img\/bg-mask.png\" alt=\"Image Mask\"\/><img src=\"https:\/\/files.sunoresearch.com.br\/n\/uploads\/2022\/01\/eduardo-paes-400x200.jpg\" alt=\"A Bolsa de Valores do RJ vai voltar? Entenda projeto de Eduardo Paes\"\/><\/a><span class=\"spotlightCategory\"><a href=\"https:\/\/www.suno.com.br\/noticias\/mercado\/\">Mercado<\/a><\/span><\/div><div class=\"cardsPage__listCard__boxs__content\"><a href=\"https:\/\/www.suno.com.br\/noticias\/bolsa-de-valores-rio-de-janeiro-rj-evm\/\"><h2 class=\"content__title\">A Bolsa de Valores do RJ vai voltar? Entenda projeto de Eduardo Paes<\/h2><\/a><div class=\"newsContent__article__meta\"><div class=\"newsContent__article__meta__authorBox\"><a href=\"https:\/\/www.suno.com.br\/noticias\/author\/eduardo-vargas\/\" class=\"authorBox__avatar noMobi\"><img src=\"https:\/\/secure.gravatar.com\/avatar\/dac340933427a22924c9f99d1eb2e3f2?s=96&#038;r=g\" alt=\"Eduardo Vargas\"><\/a><div class=\"authorBox__name\"><span>por\n\t\t\t<a href=\"https:\/\/www.suno.com.br\/noticias\/author\/eduardo-vargas\/\"><span itemprop=\"author\">Eduardo Vargas<\/span><\/a><\/span><time datetime=\"2024-06-07T21:03:25-03:00\" itemprop=\"datePublished\">07\/06\/2024 21:03<\/time><\/div><\/div><\/div><\/div><\/div>","single_layout":"posts","amp_enabled":true,"_links":{"self":[{"href":"https:\/\/www.suno.com.br\/noticias\/wp-json\/wp\/v2\/posts\/560902"}],"collection":[{"href":"https:\/\/www.suno.com.br\/noticias\/wp-json\/wp\/v2\/posts"}],"about":[{"href":"https:\/\/www.suno.com.br\/noticias\/wp-json\/wp\/v2\/types\/post"}],"author":[{"embeddable":true,"href":"https:\/\/www.suno.com.br\/noticias\/wp-json\/wp\/v2\/users\/73"}],"replies":[{"embeddable":true,"href":"https:\/\/www.suno.com.br\/noticias\/wp-json\/wp\/v2\/comments?post=560902"}],"version-history":[{"count":2,"href":"https:\/\/www.suno.com.br\/noticias\/wp-json\/wp\/v2\/posts\/560902\/revisions"}],"predecessor-version":[{"id":560915,"href":"https:\/\/www.suno.com.br\/noticias\/wp-json\/wp\/v2\/posts\/560902\/revisions\/560915"}],"wp:featuredmedia":[{"embeddable":true,"href":"https:\/\/www.suno.com.br\/noticias\/wp-json\/wp\/v2\/media\/222077"}],"wp:attachment":[{"href":"https:\/\/www.suno.com.br\/noticias\/wp-json\/wp\/v2\/media?parent=560902"}],"wp:term":[{"taxonomy":"category","embeddable":true,"href":"https:\/\/www.suno.com.br\/noticias\/wp-json\/wp\/v2\/categories?post=560902"},{"taxonomy":"post_tag","embeddable":true,"href":"https:\/\/www.suno.com.br\/noticias\/wp-json\/wp\/v2\/tags?post=560902"},{"taxonomy":"suno_strategy","embeddable":true,"href":"https:\/\/www.suno.com.br\/noticias\/wp-json\/wp\/v2\/suno_strategy?post=560902"}],"curies":[{"name":"wp","href":"https:\/\/api.w.org\/{rel}","templated":true}]}}