{"id":5607,"date":"2018-10-23T18:21:31","date_gmt":"2018-10-23T21:21:31","guid":{"rendered":"https:\/\/www.suno.com.br\/noticias\/?p=5607"},"modified":"2020-12-21T17:29:15","modified_gmt":"2020-12-21T20:29:15","slug":"amazon-qualcomm-alexa-varejista","status":"publish","type":"post","link":"https:\/\/www.suno.com.br\/noticias\/amazon-qualcomm-alexa-varejista\/","title":{"rendered":"Amazon e Qualcomm querem Alexa, assistente de voz da varejista, em fones de ouvido"},"content":{"rendered":"<p class=\"content-textcontainer\" style=\"margin: 0cm; margin-bottom: .0001pt; background: white; vertical-align: baseline;\"><span style=\"font-family: 'Helvetica',sans-serif; color: #333333;\">A Qualcomm, fabricante de microchips, est\u00e1 se aliando a Amazon para tentar aumentar o alcance da assistente de voz da varejista norte-americana, Aelxa, em fone de ouvidos. <\/span><\/p>\t<div class=\"wrapper-featured-image\">\n\t\t<figure class=\"spotlightImg\">\n\n\t\t\t<picture>\n\t\t\t\t<source media=\"(max-width: 768px)\" srcset=\"https:\/\/files.sunoresearch.com.br\/n\/uploads\/2018\/09\/f9c885ec-amazon_go_in_seattle_december_2016-400x200.webp\">\n\t\t\t\t<img loading=\"lazy\" decoding=\"async\" class=\"newsContent__article__imgCapa lazyloadDisabled newsContent__article__imgCapa--noCaption\" src=\"https:\/\/files.sunoresearch.com.br\/n\/uploads\/2018\/09\/f9c885ec-amazon_go_in_seattle_december_2016-800x450.webp\" width=\"800\" height=\"450\" alt=\"Amazon e Qualcomm querem Alexa, assistente de voz da varejista, em fones de ouvido\" fetchpriority=high \/>\n\t\t\t<\/picture>\n\n\t\t\t<figcaption class=\"wp-caption-text wp-caption-text--hide\"><\/figcaption>\n\t\t<\/figure>\n\t<\/div>\n\n<p class=\"content-textcontainer\" style=\"margin: 0cm; margin-bottom: .0001pt; background: white; vertical-align: baseline;\"><span style=\"font-family: 'Helvetica',sans-serif; color: #333333;\">A Qualcomm, fabricante de microchips, est\u00e1 se aliando a Amazon para tentar aumentar o alcance da assistente de voz da varejista norte-americana, Aelxa, em fone de ouvidos. <\/span><\/p>\n<p class=\"content-textcontainer\" style=\"margin: 0cm; margin-bottom: .0001pt; background: white; vertical-align: baseline;\"><span style=\"font-family: 'Helvetica',sans-serif; color: #333333;\">\u00a0<\/span><\/p>\n<p class=\"content-textcontainer\" style=\"margin: 0cm; margin-bottom: .0001pt; background: white; vertical-align: baseline;\"><span style=\"font-family: 'Helvetica',sans-serif; color: #333333;\">A Qualcomm lan\u00e7ar\u00e1 chips para que qualquer empresa de fones de ouvido, via bluetooth, possa incorporar a Alexa. Quando o aparelho, que tiver o chip, entrar em contato com qualquer outra ferramenta que tiver a assistente de voz, ambas as ferramentas poder\u00e3o conversar. Assim como acontece com os AirPods, fones de ouvido sem fio da Apple, que permitem que os usu\u00e1rios possam entrar em contato com a Siri, assistente de voz da empresa.<\/span><\/p>\n<p class=\"content-textcontainer\" style=\"margin: 0cm; margin-bottom: .0001pt; background: white; vertical-align: baseline;\"><span style=\"font-family: 'Helvetica',sans-serif; color: #333333;\">\u00a0<\/span><\/p>\n<p class=\"content-textcontainer\" style=\"margin: 0cm; margin-bottom: .0001pt; background: white; vertical-align: baseline; box-sizing: inherit;\" data-track-category=\"Link no Texto\" data-track-links=\"\"><span style=\"font-family: 'Helvetica',sans-serif; color: #333333;\">\u00a0<\/span><span style=\"font-family: 'Helvetica',sans-serif; color: #333333;\">A Google e a Amazon, que tem as assistentes de voz mais utilizadas no mercado, tamb\u00e9m querem fixar acordos com as empresas que produzem os fones de ouvido, como a Sony e JBL.<\/span><\/p>\n<p class=\"content-textcontainer\" style=\"margin: 0cm; margin-bottom: .0001pt; background: white; vertical-align: baseline;\"><span style=\"font-family: 'Helvetica',sans-serif; color: #333333;\">\u00a0<\/span><\/p>\n<p class=\"content-textcontainer\" style=\"margin: 0cm; margin-bottom: .0001pt; background: white; vertical-align: baseline;\"><span style=\"font-family: 'Helvetica',sans-serif; color: #333333;\">Em entrevista, um dos diretores da Qualcomm, Anthony Murray, afirmou que poder\u00e1 existir uma oferta parecida para o Google Assitant, pois gostaria de apoiar e conquistar outros tipos de parcerias. Um dos planejamentos da Qualcoom, ao realizar a parceria com a Amazon, \u00e9 conseguir aumentar sua carteira de produtos, que hoje se concentra em chips para celulares.<\/span><\/p>\n","protected":false},"excerpt":{"rendered":"<p>A Qualcomm, fabricante de microchips, est\u00e1 se aliando a Amazon para tentar aumentar o alcance da assistente de voz da varejista norte-americana, Aelxa, em fone de ouvidos. A Qualcomm, fabricante de microchips, est\u00e1 se aliando a Amazon para tentar aumentar o alcance da assistente de voz da varejista norte-americana, Aelxa, em fone de ouvidos. \u00a0 [&hellip;]<\/p>\n","protected":false},"author":6,"featured_media":4206,"comment_status":"closed","ping_status":"closed","sticky":false,"template":"","format":"standard","meta":[],"categories":[64],"tags":[694],"suno_strategy":[],"class_list":["post-5607","post","type-post","status-publish","format-standard","has-post-thumbnail","hentry","category-negocios","tag-amazon-amzo34"],"yoast_head":"<!-- This site is optimized with the Yoast SEO plugin v24.4 - https:\/\/yoast.com\/wordpress\/plugins\/seo\/ -->\n<title>Amazon e Qualcomm querem Alexa, assistente de voz da varejista, em fones de ouvido<\/title>\n<meta name=\"robots\" content=\"index, follow, max-snippet:-1, max-image-preview:large, max-video-preview:-1\" \/>\n<link rel=\"canonical\" href=\"https:\/\/www.suno.com.br\/noticias\/amazon-qualcomm-alexa-varejista\/\" \/>\n<meta property=\"og:locale\" content=\"pt_BR\" \/>\n<meta property=\"og:type\" content=\"article\" \/>\n<meta property=\"og:title\" content=\"Amazon e Qualcomm querem Alexa, assistente de voz da varejista, em fones de ouvido\" \/>\n<meta property=\"og:description\" content=\"A Qualcomm, fabricante de microchips, est\u00e1 se aliando a Amazon para tentar aumentar o alcance da assistente de voz da varejista norte-americana, Aelxa, em fone de ouvidos. A Qualcomm, fabricante de microchips, est\u00e1 se aliando a Amazon para tentar aumentar o alcance da assistente de voz da varejista norte-americana, Aelxa, em fone de ouvidos. \u00a0 [&hellip;]\" \/>\n<meta property=\"og:url\" content=\"https:\/\/www.suno.com.br\/noticias\/amazon-qualcomm-alexa-varejista\/\" \/>\n<meta property=\"og:site_name\" content=\"Suno Not\u00edcias\" \/>\n<meta property=\"article:publisher\" content=\"https:\/\/facebook.com\/sunoresearch\" \/>\n<meta property=\"article:author\" content=\"https:\/\/www.linkedin.com\/in\/paulo-jaschke-328221168\/\" \/>\n<meta property=\"og:image\" content=\"https:\/\/files.sunoresearch.com.br\/n\/uploads\/2018\/09\/f9c885ec-amazon_go_in_seattle_december_2016.jpg\" \/>\n\t<meta property=\"og:image:width\" content=\"800\" \/>\n\t<meta property=\"og:image:height\" content=\"506\" \/>\n\t<meta property=\"og:image:type\" content=\"image\/jpeg\" \/>\n<meta name=\"author\" content=\"Paulo Jaschke\" \/>\n<meta name=\"twitter:card\" content=\"summary_large_image\" \/>\n<meta name=\"twitter:creator\" content=\"@sunoresearch\" \/>\n<meta name=\"twitter:site\" content=\"@sunoresearch\" \/>\n<meta name=\"twitter:label1\" content=\"Escrito por\" \/>\n\t<meta name=\"twitter:data1\" content=\"Paulo Jaschke\" \/>\n\t<meta name=\"twitter:label2\" content=\"Est. tempo de leitura\" \/>\n\t<meta name=\"twitter:data2\" content=\"1 minuto\" \/>\n<script type=\"application\/ld+json\" class=\"yoast-schema-graph\">{\"@context\":\"https:\/\/schema.org\",\"@graph\":[{\"@type\":\"NewsArticle\",\"@id\":\"https:\/\/www.suno.com.br\/noticias\/amazon-qualcomm-alexa-varejista\/#article\",\"isPartOf\":{\"@id\":\"https:\/\/www.suno.com.br\/noticias\/amazon-qualcomm-alexa-varejista\/\"},\"author\":{\"name\":\"Paulo Jaschke\",\"@id\":\"https:\/\/www.suno.com.br\/noticias\/#\/schema\/person\/edc78e26bff487bcad4a7d5e75ca2938\"},\"headline\":\"Amazon e Qualcomm querem Alexa, assistente de voz da varejista, em fones de ouvido\",\"datePublished\":\"2018-10-23T21:21:31+00:00\",\"dateModified\":\"2020-12-21T20:29:15+00:00\",\"mainEntityOfPage\":{\"@id\":\"https:\/\/www.suno.com.br\/noticias\/amazon-qualcomm-alexa-varejista\/\"},\"wordCount\":207,\"publisher\":{\"@id\":\"https:\/\/www.suno.com.br\/noticias\/#organization\"},\"image\":{\"@id\":\"https:\/\/www.suno.com.br\/noticias\/amazon-qualcomm-alexa-varejista\/#primaryimage\"},\"thumbnailUrl\":\"https:\/\/files.sunoresearch.com.br\/n\/uploads\/2018\/09\/f9c885ec-amazon_go_in_seattle_december_2016-jpg.webp\",\"keywords\":[\"Amazon (AMZO34)\"],\"articleSection\":[\"Neg\u00f3cios\"],\"inLanguage\":\"pt-BR\"},{\"@type\":\"WebPage\",\"@id\":\"https:\/\/www.suno.com.br\/noticias\/amazon-qualcomm-alexa-varejista\/\",\"url\":\"https:\/\/www.suno.com.br\/noticias\/amazon-qualcomm-alexa-varejista\/\",\"name\":\"Amazon e Qualcomm querem Alexa, assistente de voz da varejista, em fones de ouvido\",\"isPartOf\":{\"@id\":\"https:\/\/www.suno.com.br\/noticias\/#website\"},\"primaryImageOfPage\":{\"@id\":\"https:\/\/www.suno.com.br\/noticias\/amazon-qualcomm-alexa-varejista\/#primaryimage\"},\"image\":{\"@id\":\"https:\/\/www.suno.com.br\/noticias\/amazon-qualcomm-alexa-varejista\/#primaryimage\"},\"thumbnailUrl\":\"https:\/\/files.sunoresearch.com.br\/n\/uploads\/2018\/09\/f9c885ec-amazon_go_in_seattle_december_2016-jpg.webp\",\"datePublished\":\"2018-10-23T21:21:31+00:00\",\"dateModified\":\"2020-12-21T20:29:15+00:00\",\"breadcrumb\":{\"@id\":\"https:\/\/www.suno.com.br\/noticias\/amazon-qualcomm-alexa-varejista\/#breadcrumb\"},\"inLanguage\":\"pt-BR\",\"potentialAction\":[{\"@type\":\"ReadAction\",\"target\":[\"https:\/\/www.suno.com.br\/noticias\/amazon-qualcomm-alexa-varejista\/\"]}]},{\"@type\":\"ImageObject\",\"inLanguage\":\"pt-BR\",\"@id\":\"https:\/\/www.suno.com.br\/noticias\/amazon-qualcomm-alexa-varejista\/#primaryimage\",\"url\":\"https:\/\/files.sunoresearch.com.br\/n\/uploads\/2018\/09\/f9c885ec-amazon_go_in_seattle_december_2016-jpg.webp\",\"contentUrl\":\"https:\/\/files.sunoresearch.com.br\/n\/uploads\/2018\/09\/f9c885ec-amazon_go_in_seattle_december_2016-jpg.webp\",\"width\":800,\"height\":506},{\"@type\":\"BreadcrumbList\",\"@id\":\"https:\/\/www.suno.com.br\/noticias\/amazon-qualcomm-alexa-varejista\/#breadcrumb\",\"itemListElement\":[{\"@type\":\"ListItem\",\"position\":1,\"name\":\"Not\u00edcias\",\"item\":\"https:\/\/www.suno.com.br\/noticias\/\"},{\"@type\":\"ListItem\",\"position\":2,\"name\":\"Neg\u00f3cios\",\"item\":\"https:\/\/www.suno.com.br\/noticias\/negocios\/\"},{\"@type\":\"ListItem\",\"position\":3,\"name\":\"Amazon e Qualcomm querem Alexa, assistente de voz da varejista, em fones de ouvido\"}]},{\"@type\":\"WebSite\",\"@id\":\"https:\/\/www.suno.com.br\/noticias\/#website\",\"url\":\"https:\/\/www.suno.com.br\/noticias\/\",\"name\":\"Suno Not\u00edcias\",\"description\":\"Seu portal de informa\u00e7\u00e3o sobre o mundo dos investimentos\",\"publisher\":{\"@id\":\"https:\/\/www.suno.com.br\/noticias\/#organization\"},\"potentialAction\":[{\"@type\":\"SearchAction\",\"target\":{\"@type\":\"EntryPoint\",\"urlTemplate\":\"https:\/\/www.suno.com.br\/noticias\/?s={search_term_string}\"},\"query-input\":{\"@type\":\"PropertyValueSpecification\",\"valueRequired\":true,\"valueName\":\"search_term_string\"}}],\"inLanguage\":\"pt-BR\"},{\"@type\":\"Organization\",\"@id\":\"https:\/\/www.suno.com.br\/noticias\/#organization\",\"name\":\"Suno Not\u00edcias\",\"url\":\"https:\/\/www.suno.com.br\/noticias\/\",\"logo\":{\"@type\":\"ImageObject\",\"inLanguage\":\"pt-BR\",\"@id\":\"https:\/\/www.suno.com.br\/noticias\/#\/schema\/logo\/image\/\",\"url\":\"https:\/\/files.sunoresearch.com.br\/n\/uploads\/2021\/09\/suno-logo.png\",\"contentUrl\":\"https:\/\/files.sunoresearch.com.br\/n\/uploads\/2021\/09\/suno-logo.png\",\"width\":180,\"height\":180,\"caption\":\"Suno Not\u00edcias\"},\"image\":{\"@id\":\"https:\/\/www.suno.com.br\/noticias\/#\/schema\/logo\/image\/\"},\"sameAs\":[\"https:\/\/facebook.com\/sunoresearch\",\"https:\/\/x.com\/sunoresearch\",\"https:\/\/www.instagram.com\/suno\",\"https:\/\/www.linkedin.com\/company\/suno-research\/\",\"https:\/\/www.youtube.com\/c\/sunoresearch\"]},{\"@type\":\"Person\",\"@id\":\"https:\/\/www.suno.com.br\/noticias\/#\/schema\/person\/edc78e26bff487bcad4a7d5e75ca2938\",\"name\":\"Paulo Jaschke\",\"image\":{\"@type\":\"ImageObject\",\"inLanguage\":\"pt-BR\",\"@id\":\"https:\/\/www.suno.com.br\/noticias\/#\/schema\/person\/image\/\",\"url\":\"https:\/\/secure.gravatar.com\/avatar\/d866ede420b0a0e4741620ba27841b8f?s=96&r=g\",\"contentUrl\":\"https:\/\/secure.gravatar.com\/avatar\/d866ede420b0a0e4741620ba27841b8f?s=96&r=g\",\"caption\":\"Paulo Jaschke\"},\"description\":\"Paulo Jaschke \u00e9 estudante de jornalismo na ESPM-SP. Escreve sobre o mercado financeiro, economia e pol\u00edtica internacional para o portal da Suno Research. Tamb\u00e9m escreve sobre economia internacional na ag\u00eancia CMA e \u00e9 rep\u00f3rter esportivo pela Web r\u00e1dio EsportesNet. Em 2018, foi rep\u00f3rter esportivo pela R\u00e1dio ESPM na Copa do Mundo 2018 e escreveu para a Revista Plural ESPM.\",\"sameAs\":[\"https:\/\/www.suno.com.br\/\",\"https:\/\/www.linkedin.com\/in\/paulo-jaschke-328221168\/\"],\"url\":\"https:\/\/www.suno.com.br\/noticias\/author\/paulo-jaschke\/\"}]}<\/script>\n<!-- \/ Yoast SEO plugin. -->","yoast_head_json":{"title":"Amazon e Qualcomm querem Alexa, assistente de voz da varejista, em fones de ouvido","robots":{"index":"index","follow":"follow","max-snippet":"max-snippet:-1","max-image-preview":"max-image-preview:large","max-video-preview":"max-video-preview:-1"},"canonical":"https:\/\/www.suno.com.br\/noticias\/amazon-qualcomm-alexa-varejista\/","og_locale":"pt_BR","og_type":"article","og_title":"Amazon e Qualcomm querem Alexa, assistente de voz da varejista, em fones de ouvido","og_description":"A Qualcomm, fabricante de microchips, est\u00e1 se aliando a Amazon para tentar aumentar o alcance da assistente de voz da varejista norte-americana, Aelxa, em fone de ouvidos. A Qualcomm, fabricante de microchips, est\u00e1 se aliando a Amazon para tentar aumentar o alcance da assistente de voz da varejista norte-americana, Aelxa, em fone de ouvidos. \u00a0 [&hellip;]","og_url":"https:\/\/www.suno.com.br\/noticias\/amazon-qualcomm-alexa-varejista\/","og_site_name":"Suno Not\u00edcias","article_publisher":"https:\/\/facebook.com\/sunoresearch","article_author":"https:\/\/www.linkedin.com\/in\/paulo-jaschke-328221168\/","og_image":[{"width":800,"height":506,"url":"https:\/\/files.sunoresearch.com.br\/n\/uploads\/2018\/09\/f9c885ec-amazon_go_in_seattle_december_2016.jpg","type":"image\/jpeg"}],"author":"Paulo Jaschke","twitter_card":"summary_large_image","twitter_creator":"@sunoresearch","twitter_site":"@sunoresearch","twitter_misc":{"Escrito por":"Paulo Jaschke","Est. tempo de leitura":"1 minuto"},"schema":{"@context":"https:\/\/schema.org","@graph":[{"@type":"NewsArticle","@id":"https:\/\/www.suno.com.br\/noticias\/amazon-qualcomm-alexa-varejista\/#article","isPartOf":{"@id":"https:\/\/www.suno.com.br\/noticias\/amazon-qualcomm-alexa-varejista\/"},"author":{"name":"Paulo Jaschke","@id":"https:\/\/www.suno.com.br\/noticias\/#\/schema\/person\/edc78e26bff487bcad4a7d5e75ca2938"},"headline":"Amazon e Qualcomm querem Alexa, assistente de voz da varejista, em fones de ouvido","datePublished":"2018-10-23T21:21:31+00:00","dateModified":"2020-12-21T20:29:15+00:00","mainEntityOfPage":{"@id":"https:\/\/www.suno.com.br\/noticias\/amazon-qualcomm-alexa-varejista\/"},"wordCount":207,"publisher":{"@id":"https:\/\/www.suno.com.br\/noticias\/#organization"},"image":{"@id":"https:\/\/www.suno.com.br\/noticias\/amazon-qualcomm-alexa-varejista\/#primaryimage"},"thumbnailUrl":"https:\/\/files.sunoresearch.com.br\/n\/uploads\/2018\/09\/f9c885ec-amazon_go_in_seattle_december_2016-jpg.webp","keywords":["Amazon (AMZO34)"],"articleSection":["Neg\u00f3cios"],"inLanguage":"pt-BR"},{"@type":"WebPage","@id":"https:\/\/www.suno.com.br\/noticias\/amazon-qualcomm-alexa-varejista\/","url":"https:\/\/www.suno.com.br\/noticias\/amazon-qualcomm-alexa-varejista\/","name":"Amazon e Qualcomm querem Alexa, assistente de voz da varejista, em fones de ouvido","isPartOf":{"@id":"https:\/\/www.suno.com.br\/noticias\/#website"},"primaryImageOfPage":{"@id":"https:\/\/www.suno.com.br\/noticias\/amazon-qualcomm-alexa-varejista\/#primaryimage"},"image":{"@id":"https:\/\/www.suno.com.br\/noticias\/amazon-qualcomm-alexa-varejista\/#primaryimage"},"thumbnailUrl":"https:\/\/files.sunoresearch.com.br\/n\/uploads\/2018\/09\/f9c885ec-amazon_go_in_seattle_december_2016-jpg.webp","datePublished":"2018-10-23T21:21:31+00:00","dateModified":"2020-12-21T20:29:15+00:00","breadcrumb":{"@id":"https:\/\/www.suno.com.br\/noticias\/amazon-qualcomm-alexa-varejista\/#breadcrumb"},"inLanguage":"pt-BR","potentialAction":[{"@type":"ReadAction","target":["https:\/\/www.suno.com.br\/noticias\/amazon-qualcomm-alexa-varejista\/"]}]},{"@type":"ImageObject","inLanguage":"pt-BR","@id":"https:\/\/www.suno.com.br\/noticias\/amazon-qualcomm-alexa-varejista\/#primaryimage","url":"https:\/\/files.sunoresearch.com.br\/n\/uploads\/2018\/09\/f9c885ec-amazon_go_in_seattle_december_2016-jpg.webp","contentUrl":"https:\/\/files.sunoresearch.com.br\/n\/uploads\/2018\/09\/f9c885ec-amazon_go_in_seattle_december_2016-jpg.webp","width":800,"height":506},{"@type":"BreadcrumbList","@id":"https:\/\/www.suno.com.br\/noticias\/amazon-qualcomm-alexa-varejista\/#breadcrumb","itemListElement":[{"@type":"ListItem","position":1,"name":"Not\u00edcias","item":"https:\/\/www.suno.com.br\/noticias\/"},{"@type":"ListItem","position":2,"name":"Neg\u00f3cios","item":"https:\/\/www.suno.com.br\/noticias\/negocios\/"},{"@type":"ListItem","position":3,"name":"Amazon e Qualcomm querem Alexa, assistente de voz da varejista, em fones de ouvido"}]},{"@type":"WebSite","@id":"https:\/\/www.suno.com.br\/noticias\/#website","url":"https:\/\/www.suno.com.br\/noticias\/","name":"Suno Not\u00edcias","description":"Seu portal de informa\u00e7\u00e3o sobre o mundo dos investimentos","publisher":{"@id":"https:\/\/www.suno.com.br\/noticias\/#organization"},"potentialAction":[{"@type":"SearchAction","target":{"@type":"EntryPoint","urlTemplate":"https:\/\/www.suno.com.br\/noticias\/?s={search_term_string}"},"query-input":{"@type":"PropertyValueSpecification","valueRequired":true,"valueName":"search_term_string"}}],"inLanguage":"pt-BR"},{"@type":"Organization","@id":"https:\/\/www.suno.com.br\/noticias\/#organization","name":"Suno Not\u00edcias","url":"https:\/\/www.suno.com.br\/noticias\/","logo":{"@type":"ImageObject","inLanguage":"pt-BR","@id":"https:\/\/www.suno.com.br\/noticias\/#\/schema\/logo\/image\/","url":"https:\/\/files.sunoresearch.com.br\/n\/uploads\/2021\/09\/suno-logo.png","contentUrl":"https:\/\/files.sunoresearch.com.br\/n\/uploads\/2021\/09\/suno-logo.png","width":180,"height":180,"caption":"Suno Not\u00edcias"},"image":{"@id":"https:\/\/www.suno.com.br\/noticias\/#\/schema\/logo\/image\/"},"sameAs":["https:\/\/facebook.com\/sunoresearch","https:\/\/x.com\/sunoresearch","https:\/\/www.instagram.com\/suno","https:\/\/www.linkedin.com\/company\/suno-research\/","https:\/\/www.youtube.com\/c\/sunoresearch"]},{"@type":"Person","@id":"https:\/\/www.suno.com.br\/noticias\/#\/schema\/person\/edc78e26bff487bcad4a7d5e75ca2938","name":"Paulo Jaschke","image":{"@type":"ImageObject","inLanguage":"pt-BR","@id":"https:\/\/www.suno.com.br\/noticias\/#\/schema\/person\/image\/","url":"https:\/\/secure.gravatar.com\/avatar\/d866ede420b0a0e4741620ba27841b8f?s=96&r=g","contentUrl":"https:\/\/secure.gravatar.com\/avatar\/d866ede420b0a0e4741620ba27841b8f?s=96&r=g","caption":"Paulo Jaschke"},"description":"Paulo Jaschke \u00e9 estudante de jornalismo na ESPM-SP. Escreve sobre o mercado financeiro, economia e pol\u00edtica internacional para o portal da Suno Research. Tamb\u00e9m escreve sobre economia internacional na ag\u00eancia CMA e \u00e9 rep\u00f3rter esportivo pela Web r\u00e1dio EsportesNet. Em 2018, foi rep\u00f3rter esportivo pela R\u00e1dio ESPM na Copa do Mundo 2018 e escreveu para a Revista Plural ESPM.","sameAs":["https:\/\/www.suno.com.br\/","https:\/\/www.linkedin.com\/in\/paulo-jaschke-328221168\/"],"url":"https:\/\/www.suno.com.br\/noticias\/author\/paulo-jaschke\/"}]}},"default_loop_html":"<div class=\"cardsPage__listCard__boxs\"><div class=\"cardsPage__listCard__boxs__img\"><a href=\"https:\/\/www.suno.com.br\/noticias\/amazon-qualcomm-alexa-varejista\/\"><img class=\"mask\" src=\"https:\/\/www.suno.com.br\/noticias\/wp-content\/themes\/suno\/resources\/images\/spotlight\/spotlight1img\/bg-mask.png\" alt=\"Image Mask\"\/><img src=\"https:\/\/files.sunoresearch.com.br\/n\/uploads\/2018\/09\/f9c885ec-amazon_go_in_seattle_december_2016-400x200.webp\" alt=\"Amazon e Qualcomm querem Alexa, assistente de voz da varejista, em fones de ouvido\"\/><\/a><span class=\"spotlightCategory\"><a href=\"https:\/\/www.suno.com.br\/noticias\/negocios\/\">Neg\u00f3cios<\/a><\/span><\/div><div class=\"cardsPage__listCard__boxs__content\"><a href=\"https:\/\/www.suno.com.br\/noticias\/amazon-qualcomm-alexa-varejista\/\"><h2 class=\"content__title\">Amazon e Qualcomm querem Alexa, assistente de voz da varejista, em fones de ouvido<\/h2><\/a><div class=\"newsContent__article__meta\"><div class=\"newsContent__article__meta__authorBox\"><a href=\"https:\/\/www.suno.com.br\/noticias\/author\/paulo-jaschke\/\" class=\"authorBox__avatar noMobi\"><img src=\"https:\/\/secure.gravatar.com\/avatar\/d866ede420b0a0e4741620ba27841b8f?s=96&#038;r=g\" alt=\"Paulo Jaschke\"><\/a><div class=\"authorBox__name\"><span>por\n\t\t\t<a href=\"https:\/\/www.suno.com.br\/noticias\/author\/paulo-jaschke\/\"><span itemprop=\"author\">Paulo Jaschke<\/span><\/a><\/span><time datetime=\"2018-10-23T18:21:31-03:00\" itemprop=\"datePublished\">23\/10\/2018 18:21<\/time><\/div><\/div><\/div><\/div><\/div>","single_layout":"posts","amp_enabled":true,"_links":{"self":[{"href":"https:\/\/www.suno.com.br\/noticias\/wp-json\/wp\/v2\/posts\/5607"}],"collection":[{"href":"https:\/\/www.suno.com.br\/noticias\/wp-json\/wp\/v2\/posts"}],"about":[{"href":"https:\/\/www.suno.com.br\/noticias\/wp-json\/wp\/v2\/types\/post"}],"author":[{"embeddable":true,"href":"https:\/\/www.suno.com.br\/noticias\/wp-json\/wp\/v2\/users\/6"}],"replies":[{"embeddable":true,"href":"https:\/\/www.suno.com.br\/noticias\/wp-json\/wp\/v2\/comments?post=5607"}],"version-history":[{"count":0,"href":"https:\/\/www.suno.com.br\/noticias\/wp-json\/wp\/v2\/posts\/5607\/revisions"}],"wp:featuredmedia":[{"embeddable":true,"href":"https:\/\/www.suno.com.br\/noticias\/wp-json\/wp\/v2\/media\/4206"}],"wp:attachment":[{"href":"https:\/\/www.suno.com.br\/noticias\/wp-json\/wp\/v2\/media?parent=5607"}],"wp:term":[{"taxonomy":"category","embeddable":true,"href":"https:\/\/www.suno.com.br\/noticias\/wp-json\/wp\/v2\/categories?post=5607"},{"taxonomy":"post_tag","embeddable":true,"href":"https:\/\/www.suno.com.br\/noticias\/wp-json\/wp\/v2\/tags?post=5607"},{"taxonomy":"suno_strategy","embeddable":true,"href":"https:\/\/www.suno.com.br\/noticias\/wp-json\/wp\/v2\/suno_strategy?post=5607"}],"curies":[{"name":"wp","href":"https:\/\/api.w.org\/{rel}","templated":true}]}}