{"id":560595,"date":"2024-06-07T08:39:21","date_gmt":"2024-06-07T11:39:21","guid":{"rendered":"https:\/\/www.suno.com.br\/noticias\/?p=560595"},"modified":"2024-06-07T08:39:27","modified_gmt":"2024-06-07T11:39:27","slug":"braskem-brkm5-nega-indicacao-mantega-conselho-cpf","status":"publish","type":"post","link":"https:\/\/www.suno.com.br\/noticias\/braskem-brkm5-nega-indicacao-mantega-conselho-cpf\/","title":{"rendered":"Braskem (BRKM5) nega conhecimento sobre indica\u00e7\u00e3o de Guido Mantega em seu Conselho"},"content":{"rendered":"<p>A <strong>Braskem <\/strong>(<a href=\"https:\/\/www.suno.com.br\/acoes\/BRKM5\/\" target=\"_blank\" rel=\"noreferrer noopener\">BRKM5<\/a>) comunicou via fato relevante nesta sexta-feira (7) que desconhece a indica\u00e7\u00e3o de Guido Mantega para o seu <a class=\"suno-keyword\" data-force=\"no\" data-priority=\"1\" href=\"https:\/\/www.suno.com.br\/artigos\/conselho-administracao\/\" target=\"_blank\" rel=\"noopener\">Conselho de Administra\u00e7\u00e3o<\/a>.<\/p>\t<div class=\"wrapper-featured-image\">\n\t\t<figure class=\"spotlightImg\">\n\n\t\t\t<picture>\n\t\t\t\t<source media=\"(max-width: 768px)\" srcset=\"https:\/\/files.sunoresearch.com.br\/n\/uploads\/2023\/06\/petrobras-petr4-compra-braskem-brkm5-acionista-400x200.jpg\">\n\t\t\t\t<img loading=\"lazy\" decoding=\"async\" class=\"newsContent__article__imgCapa lazyloadDisabled \" src=\"https:\/\/files.sunoresearch.com.br\/n\/uploads\/2023\/06\/petrobras-petr4-compra-braskem-brkm5-acionista-800x450.jpg\" width=\"800\" height=\"450\" alt=\"Braskem (BRKM5) nega conhecimento sobre indica\u00e7\u00e3o de Guido Mantega em seu Conselho\" fetchpriority=high \/>\n\t\t\t<\/picture>\n\n\t\t\t<figcaption class=\"wp-caption-text wp-caption-text--show\">Braskem (BRKM5) - Foto: Divulga\u00e7\u00e3o.<\/figcaption>\n\t\t<\/figure>\n\t<\/div>\n\n\n\n\n\n\n\n\t<p>\n\t\t<a href=\"https:\/\/lp.suno.com.br\/planilha-da-vida-financeira\/\" target=\"_blank\" data-element=\"shortcode-suno-banner\" title=\"Banner SUNO, clique e saiba mais\">\n\t\t\t<picture>\n\t\t\t\t<source media=\"(max-width: 500px)\" srcset=\"https:\/\/files.sunoresearch.com.br\/n\/uploads\/2023\/04\/400x300-Planilha-vida-financeira-true.png\">\n\t\t\t\t<img class=\"newsContent__article__imgCapa newsContent__article__imgCapa--banner\"\n\t\t\t\t\tsrc=\"https:\/\/files.sunoresearch.com.br\/n\/uploads\/2023\/04\/1420x240-Planilha-vida-financeira-true.png\"\n\t\t\t\t\tdata-promo-id=\"106682\"\t\t\t\t\t\t\t\t\t\twidth='1420' height='240'\t\t\t\t\talt=\"https:\/\/files.sunoresearch.com.br\/n\/uploads\/2023\/04\/1420x240-Planilha-vida-financeira-true.png\"\n\t\t\t\t>\n\t\t\t<\/picture>\n\t\t<\/a>\n\t<\/p>\n\n\n\n\n\n<p>A informa\u00e7\u00e3o teria come\u00e7ado a ecoar pelo notici\u00e1rio ap\u00f3s uma not\u00edcia sobre o fato ter sido veiculado pelo jornal Infomoney, sob o t\u00edtulo: &#8220;Braskem (<strong>BRKM5<\/strong>) cai 2% ap\u00f3s Mantega dizer que foi sondado por<br>governo para Conselho&#8221;.<\/p>\n\n\n\n<p>Em esclarecimentos, a companhia afirma: &#8220;A Braskem informa que n\u00e3o tem conhecimento de tal informa\u00e7\u00e3o e que a elei\u00e7\u00e3o dos 11 membros efetivos do Conselho de Administra\u00e7\u00e3o da Companhia indicados pelos acionistas signat\u00e1rios dos <a class=\"suno-keyword\" data-force=\"no\" data-priority=\"1\" href=\"https:\/\/www.suno.com.br\/artigos\/acordo-de-acionistas\/\" target=\"_blank\" rel=\"noopener\">Acordo de Acionistas<\/a> para o mandato at\u00e9 a <a class=\"suno-keyword\" data-force=\"no\" data-priority=\"1\" href=\"https:\/\/www.suno.com.br\/artigos\/assembleia-geral-ordinaria\/\" target=\"_blank\" rel=\"noopener\">Assembleia Geral Ordin\u00e1ria<\/a> a ser realizada em 2026 ocorreu na Assembleia Geral Ordin\u00e1ria realizada em 29 de abril de 2024.&#8221;<\/p>\n\n\n\n\t<div data-element=\"shortcode-read-more\" class=\"readToo\">\n\t\t\t\t<span class=\"readToo__title\">Leia mais<\/span>\n\t\t\t\t<ul class=\"readToo__list\">\n\t\t\t<li><a href=\"https:\/\/www.suno.com.br\/noticias\/news-agenda-dividendos-fundos-imobiliarios-rztr11-hsml11-junho-cpf\/\">17 fundos imobili\u00e1rios pagam rendimentos nesta sexta-feira: RZTR11, HSML11 e mais<\/a><\/li><li><a href=\"https:\/\/www.suno.com.br\/noticias\/bolsas-da-europa-queda-asia-mista-payroll-eua-cpf\/\">Bolsas da Europa em clima de queda, \u00e0 espera do payroll nos EUA; \u00c1sia fecha mista<\/a><\/li><li><a href=\"https:\/\/www.suno.com.br\/noticias\/selic-copom-taxa-basica-de-juros-xp-mm\/\">Selic: por que o Copom deve interromper cortes dos juros em junho, segundo a XP<\/a><\/li>\t\t<\/ul>\n\t<\/div>\n\n\n\n\t<p>\n\t\t<a href=\"https:\/\/lp.suno.com.br\/ebook-como-analisar-uma-acao\/\" target=\"_blank\" data-element=\"shortcode-suno-banner\" title=\"Banner SUNO, clique e saiba mais\">\n\t\t\t<picture>\n\t\t\t\t<source media=\"(max-width: 500px)\" srcset=\"https:\/\/files.sunoresearch.com.br\/n\/uploads\/2023\/03\/Ebook-Acoes-Mobile.jpg\">\n\t\t\t\t<img class=\"newsContent__article__imgCapa newsContent__article__imgCapa--banner\"\n\t\t\t\t\tsrc=\"https:\/\/files.sunoresearch.com.br\/n\/uploads\/2023\/03\/Ebook-Acoes-Desktop.jpg\"\n\t\t\t\t\tdata-promo-id=\"378302\"\t\t\t\t\t\t\t\t\t\twidth='1420' height='286'\t\t\t\t\talt=\"https:\/\/files.sunoresearch.com.br\/n\/uploads\/2023\/03\/Ebook-Acoes-Desktop.jpg\"\n\t\t\t\t>\n\t\t\t<\/picture>\n\t\t<\/a>\n\t<\/p>\n\n\n\n\n\n<h2 class=\"wp-block-heading\">A\u00e7\u00f5es da Braskem (BRKM5) caem por indica\u00e7\u00e3o de Mantega? Entenda<\/h2>\n\n\n\n<p>A mat\u00e9ria do portal Infomoney, publicado no dia 3 de junho, afirmava que as <strong>a\u00e7\u00f5es da Braskem<\/strong> estariam em queda de mais de 2% na ocasi\u00e3o, &#8220;ap\u00f3s a Bloomberg noticiar a fala do ex-ministro da Fazenda Guido Mantega de que foi sondado pelo governo para integrar o conselho da petroqu\u00edmica.&#8221;<\/p>\n\n\n\n<p>Em entrevista, <strong>Mantega<\/strong> afirmou que aceitar\u00e1 o cargo se sua nomea\u00e7\u00e3o for aprovada pelos acionistas. &#8220;Eu fui sondado pela Casa Civil e me coloquei \u00e0 disposi\u00e7\u00e3o&#8221;, disse em entrevista. &#8220;Se acaso os acionistas e a Assembleia decidirem isso, ent\u00e3o eu irei para o <strong>conselho da Braskem<\/strong>.&#8221;<\/p>\n\n\n\n<p>A Braskem n\u00e3o quis comentar e a Casa Civil n\u00e3o respondeu imediatamente a pedido de coment\u00e1rio.<\/p>\n\n\n\n<p>Em comunicado publicado na <a class=\"suno-keyword\" data-force=\"no\" data-priority=\"2\" href=\"https:\/\/www.suno.com.br\/artigos\/cvm\/\" target=\"_blank\" rel=\"noopener\">Comiss\u00e3o de Valores Mobili\u00e1rios (CVM)<\/a>, a Braskem solicitou que o ex-ministro <strong>Guido Mantega<\/strong> esclare\u00e7a se as afirma\u00e7\u00f5es constantes da not\u00edcia s\u00e3o ver\u00eddicas e, em caso afirmativo, os motivos pelos quais entendeu n\u00e3o se tratar de Fato Relevante. <\/p>\n\n\n\n<p>Na \u00faltima semana, os papeis da <strong>Braskem<\/strong> (BRKM5) j\u00e1 desvalorizaram 6,92%, acumulando uma queda de 15,17% em 2024.<\/p>\n\n\n\t<p>\n\t\t<a href=\"https:\/\/lp.suno.com.br\/planilha-da-vida-financeira\/\" target=\"_blank\" data-element=\"shortcode-suno-banner\" title=\"Banner SUNO, clique e saiba mais\">\n\t\t\t<picture>\n\t\t\t\t<source media=\"(max-width: 500px)\" srcset=\"https:\/\/files.sunoresearch.com.br\/n\/uploads\/2023\/04\/400x300-Planilha-vida-financeira-true.png\">\n\t\t\t\t<img class=\"newsContent__article__imgCapa newsContent__article__imgCapa--banner\"\n\t\t\t\t\tsrc=\"https:\/\/files.sunoresearch.com.br\/n\/uploads\/2023\/04\/1420x240-Planilha-vida-financeira-true.png\"\n\t\t\t\t\tdata-promo-id=\"383123\"\t\t\t\t\t\t\t\t\t\twidth='1420' height='240'\t\t\t\t\talt=\"https:\/\/files.sunoresearch.com.br\/n\/uploads\/2023\/04\/1420x240-Planilha-vida-financeira-true.png\"\n\t\t\t\t>\n\t\t\t<\/picture>\n\t\t<\/a>\n\t<\/p>\n\n\n","protected":false},"excerpt":{"rendered":"<p>A Braskem (BRKM5) comunicou via fato relevante nesta sexta-feira (7) que desconhece a indica\u00e7\u00e3o de Guido Mantega para o seu Conselho de Administra\u00e7\u00e3o. Braskem (BRKM5) &#8211; Foto: Divulga\u00e7\u00e3o. A informa\u00e7\u00e3o teria come\u00e7ado a ecoar pelo notici\u00e1rio ap\u00f3s uma not\u00edcia sobre o fato ter sido veiculado pelo jornal Infomoney, sob o t\u00edtulo: &#8220;Braskem (BRKM5) cai 2% [&hellip;]<\/p>\n","protected":false},"author":283,"featured_media":417316,"comment_status":"closed","ping_status":"closed","sticky":false,"template":"","format":"standard","meta":[],"categories":[64],"tags":[395,2721],"suno_strategy":[],"class_list":["post-560595","post","type-post","status-publish","format-standard","has-post-thumbnail","hentry","category-negocios","tag-braskem-brkm3-brkm5-brkm6","tag-conselho-de-administracao"],"yoast_head":"<!-- This site is optimized with the Yoast SEO plugin v24.4 - https:\/\/yoast.com\/wordpress\/plugins\/seo\/ -->\n<title>Braskem (BRKM5) diz desconhecer indica\u00e7\u00e3o de Mantega para Conselho<\/title>\n<meta name=\"description\" content=\"A Braskem (BRKM5) comunicou via fato relevante que desconhece a indica\u00e7\u00e3o de Guido Mantega para o seu Conselho de Administra\u00e7\u00e3o. Leia mais.\" \/>\n<meta name=\"robots\" content=\"index, follow, max-snippet:-1, max-image-preview:large, max-video-preview:-1\" \/>\n<link rel=\"canonical\" href=\"https:\/\/www.suno.com.br\/noticias\/braskem-brkm5-nega-indicacao-mantega-conselho-cpf\/\" \/>\n<meta property=\"og:locale\" content=\"pt_BR\" \/>\n<meta property=\"og:type\" content=\"article\" \/>\n<meta property=\"og:title\" content=\"Braskem (BRKM5) diz desconhecer indica\u00e7\u00e3o de Mantega para Conselho\" \/>\n<meta property=\"og:description\" content=\"A Braskem (BRKM5) comunicou via fato relevante que desconhece a indica\u00e7\u00e3o de Guido Mantega para o seu Conselho de Administra\u00e7\u00e3o. Leia mais.\" \/>\n<meta property=\"og:url\" content=\"https:\/\/www.suno.com.br\/noticias\/braskem-brkm5-nega-indicacao-mantega-conselho-cpf\/\" \/>\n<meta property=\"og:site_name\" content=\"Suno Not\u00edcias\" \/>\n<meta property=\"article:publisher\" content=\"https:\/\/facebook.com\/sunoresearch\" \/>\n<meta property=\"og:image\" content=\"https:\/\/files.sunoresearch.com.br\/n\/uploads\/2023\/06\/petrobras-petr4-compra-braskem-brkm5-acionista.jpg\" \/>\n\t<meta property=\"og:image:width\" content=\"1200\" \/>\n\t<meta property=\"og:image:height\" content=\"800\" \/>\n\t<meta property=\"og:image:type\" content=\"image\/jpeg\" \/>\n<meta name=\"author\" content=\"Camila Paim\" \/>\n<meta name=\"twitter:card\" content=\"summary_large_image\" \/>\n<meta name=\"twitter:creator\" content=\"@sunoresearch\" \/>\n<meta name=\"twitter:site\" content=\"@sunoresearch\" \/>\n<meta name=\"twitter:label1\" content=\"Escrito por\" \/>\n\t<meta name=\"twitter:data1\" content=\"Camila Paim\" \/>\n\t<meta name=\"twitter:label2\" content=\"Est. tempo de leitura\" \/>\n\t<meta name=\"twitter:data2\" content=\"2 minutos\" \/>\n<script type=\"application\/ld+json\" class=\"yoast-schema-graph\">{\"@context\":\"https:\/\/schema.org\",\"@graph\":[{\"@type\":\"NewsArticle\",\"@id\":\"https:\/\/www.suno.com.br\/noticias\/braskem-brkm5-nega-indicacao-mantega-conselho-cpf\/#article\",\"isPartOf\":{\"@id\":\"https:\/\/www.suno.com.br\/noticias\/braskem-brkm5-nega-indicacao-mantega-conselho-cpf\/\"},\"author\":{\"name\":\"Camila Paim\",\"@id\":\"https:\/\/www.suno.com.br\/noticias\/#\/schema\/person\/f341d3ae5d1cc685176c9a5327cdfdbb\"},\"headline\":\"Braskem (BRKM5) nega conhecimento sobre indica\u00e7\u00e3o de Guido Mantega em seu Conselho\",\"datePublished\":\"2024-06-07T11:39:21+00:00\",\"dateModified\":\"2024-06-07T11:39:27+00:00\",\"mainEntityOfPage\":{\"@id\":\"https:\/\/www.suno.com.br\/noticias\/braskem-brkm5-nega-indicacao-mantega-conselho-cpf\/\"},\"wordCount\":349,\"publisher\":{\"@id\":\"https:\/\/www.suno.com.br\/noticias\/#organization\"},\"image\":{\"@id\":\"https:\/\/www.suno.com.br\/noticias\/braskem-brkm5-nega-indicacao-mantega-conselho-cpf\/#primaryimage\"},\"thumbnailUrl\":\"https:\/\/files.sunoresearch.com.br\/n\/uploads\/2023\/06\/petrobras-petr4-compra-braskem-brkm5-acionista.jpg\",\"keywords\":[\"Braskem (BRKM3\/BRKM5\/BRKM6)\",\"Conselho de Administra\u00e7\u00e3o\"],\"articleSection\":[\"Neg\u00f3cios\"],\"inLanguage\":\"pt-BR\"},{\"@type\":\"WebPage\",\"@id\":\"https:\/\/www.suno.com.br\/noticias\/braskem-brkm5-nega-indicacao-mantega-conselho-cpf\/\",\"url\":\"https:\/\/www.suno.com.br\/noticias\/braskem-brkm5-nega-indicacao-mantega-conselho-cpf\/\",\"name\":\"Braskem (BRKM5) diz desconhecer indica\u00e7\u00e3o de Mantega para Conselho\",\"isPartOf\":{\"@id\":\"https:\/\/www.suno.com.br\/noticias\/#website\"},\"primaryImageOfPage\":{\"@id\":\"https:\/\/www.suno.com.br\/noticias\/braskem-brkm5-nega-indicacao-mantega-conselho-cpf\/#primaryimage\"},\"image\":{\"@id\":\"https:\/\/www.suno.com.br\/noticias\/braskem-brkm5-nega-indicacao-mantega-conselho-cpf\/#primaryimage\"},\"thumbnailUrl\":\"https:\/\/files.sunoresearch.com.br\/n\/uploads\/2023\/06\/petrobras-petr4-compra-braskem-brkm5-acionista.jpg\",\"datePublished\":\"2024-06-07T11:39:21+00:00\",\"dateModified\":\"2024-06-07T11:39:27+00:00\",\"description\":\"A Braskem (BRKM5) comunicou via fato relevante que desconhece a indica\u00e7\u00e3o de Guido Mantega para o seu Conselho de Administra\u00e7\u00e3o. Leia mais.\",\"breadcrumb\":{\"@id\":\"https:\/\/www.suno.com.br\/noticias\/braskem-brkm5-nega-indicacao-mantega-conselho-cpf\/#breadcrumb\"},\"inLanguage\":\"pt-BR\",\"potentialAction\":[{\"@type\":\"ReadAction\",\"target\":[\"https:\/\/www.suno.com.br\/noticias\/braskem-brkm5-nega-indicacao-mantega-conselho-cpf\/\"]}]},{\"@type\":\"ImageObject\",\"inLanguage\":\"pt-BR\",\"@id\":\"https:\/\/www.suno.com.br\/noticias\/braskem-brkm5-nega-indicacao-mantega-conselho-cpf\/#primaryimage\",\"url\":\"https:\/\/files.sunoresearch.com.br\/n\/uploads\/2023\/06\/petrobras-petr4-compra-braskem-brkm5-acionista.jpg\",\"contentUrl\":\"https:\/\/files.sunoresearch.com.br\/n\/uploads\/2023\/06\/petrobras-petr4-compra-braskem-brkm5-acionista.jpg\",\"width\":1200,\"height\":800,\"caption\":\"Braskem (BRKM5) - Foto: Divulga\u00e7\u00e3o.\"},{\"@type\":\"BreadcrumbList\",\"@id\":\"https:\/\/www.suno.com.br\/noticias\/braskem-brkm5-nega-indicacao-mantega-conselho-cpf\/#breadcrumb\",\"itemListElement\":[{\"@type\":\"ListItem\",\"position\":1,\"name\":\"Not\u00edcias\",\"item\":\"https:\/\/www.suno.com.br\/noticias\/\"},{\"@type\":\"ListItem\",\"position\":2,\"name\":\"Neg\u00f3cios\",\"item\":\"https:\/\/www.suno.com.br\/noticias\/negocios\/\"},{\"@type\":\"ListItem\",\"position\":3,\"name\":\"Braskem (BRKM5) nega conhecimento sobre indica\u00e7\u00e3o de Guido Mantega em seu Conselho\"}]},{\"@type\":\"WebSite\",\"@id\":\"https:\/\/www.suno.com.br\/noticias\/#website\",\"url\":\"https:\/\/www.suno.com.br\/noticias\/\",\"name\":\"Suno Not\u00edcias\",\"description\":\"Seu portal de informa\u00e7\u00e3o sobre o mundo dos investimentos\",\"publisher\":{\"@id\":\"https:\/\/www.suno.com.br\/noticias\/#organization\"},\"potentialAction\":[{\"@type\":\"SearchAction\",\"target\":{\"@type\":\"EntryPoint\",\"urlTemplate\":\"https:\/\/www.suno.com.br\/noticias\/?s={search_term_string}\"},\"query-input\":{\"@type\":\"PropertyValueSpecification\",\"valueRequired\":true,\"valueName\":\"search_term_string\"}}],\"inLanguage\":\"pt-BR\"},{\"@type\":\"Organization\",\"@id\":\"https:\/\/www.suno.com.br\/noticias\/#organization\",\"name\":\"Suno Not\u00edcias\",\"url\":\"https:\/\/www.suno.com.br\/noticias\/\",\"logo\":{\"@type\":\"ImageObject\",\"inLanguage\":\"pt-BR\",\"@id\":\"https:\/\/www.suno.com.br\/noticias\/#\/schema\/logo\/image\/\",\"url\":\"https:\/\/files.sunoresearch.com.br\/n\/uploads\/2021\/09\/suno-logo.png\",\"contentUrl\":\"https:\/\/files.sunoresearch.com.br\/n\/uploads\/2021\/09\/suno-logo.png\",\"width\":180,\"height\":180,\"caption\":\"Suno Not\u00edcias\"},\"image\":{\"@id\":\"https:\/\/www.suno.com.br\/noticias\/#\/schema\/logo\/image\/\"},\"sameAs\":[\"https:\/\/facebook.com\/sunoresearch\",\"https:\/\/x.com\/sunoresearch\",\"https:\/\/www.instagram.com\/suno\",\"https:\/\/www.linkedin.com\/company\/suno-research\/\",\"https:\/\/www.youtube.com\/c\/sunoresearch\"]},{\"@type\":\"Person\",\"@id\":\"https:\/\/www.suno.com.br\/noticias\/#\/schema\/person\/f341d3ae5d1cc685176c9a5327cdfdbb\",\"name\":\"Camila Paim\",\"image\":{\"@type\":\"ImageObject\",\"inLanguage\":\"pt-BR\",\"@id\":\"https:\/\/www.suno.com.br\/noticias\/#\/schema\/person\/image\/\",\"url\":\"https:\/\/secure.gravatar.com\/avatar\/f33728e65febb1aa7ecf6792956f9b20?s=96&r=g\",\"contentUrl\":\"https:\/\/secure.gravatar.com\/avatar\/f33728e65febb1aa7ecf6792956f9b20?s=96&r=g\",\"caption\":\"Camila Paim\"},\"description\":\"Jornalista formada pela USP, tem experi\u00eancia em reda\u00e7\u00f5es, SEO, Branded Content e Webdesign. Com passagem pelo Jornal da USP, Empiricus e C6 Bank, hoje \u00e9 rep\u00f3rter no Suno Not\u00edcias cobrindo macroeconomia, finan\u00e7as pessoais e startups.\",\"url\":\"https:\/\/www.suno.com.br\/noticias\/author\/camila-figueiredosuno-com-br\/\"}]}<\/script>\n<!-- \/ Yoast SEO plugin. -->","yoast_head_json":{"title":"Braskem (BRKM5) diz desconhecer indica\u00e7\u00e3o de Mantega para Conselho","description":"A Braskem (BRKM5) comunicou via fato relevante que desconhece a indica\u00e7\u00e3o de Guido Mantega para o seu Conselho de Administra\u00e7\u00e3o. Leia mais.","robots":{"index":"index","follow":"follow","max-snippet":"max-snippet:-1","max-image-preview":"max-image-preview:large","max-video-preview":"max-video-preview:-1"},"canonical":"https:\/\/www.suno.com.br\/noticias\/braskem-brkm5-nega-indicacao-mantega-conselho-cpf\/","og_locale":"pt_BR","og_type":"article","og_title":"Braskem (BRKM5) diz desconhecer indica\u00e7\u00e3o de Mantega para Conselho","og_description":"A Braskem (BRKM5) comunicou via fato relevante que desconhece a indica\u00e7\u00e3o de Guido Mantega para o seu Conselho de Administra\u00e7\u00e3o. Leia mais.","og_url":"https:\/\/www.suno.com.br\/noticias\/braskem-brkm5-nega-indicacao-mantega-conselho-cpf\/","og_site_name":"Suno Not\u00edcias","article_publisher":"https:\/\/facebook.com\/sunoresearch","og_image":[{"width":1200,"height":800,"url":"https:\/\/files.sunoresearch.com.br\/n\/uploads\/2023\/06\/petrobras-petr4-compra-braskem-brkm5-acionista.jpg","type":"image\/jpeg"}],"author":"Camila Paim","twitter_card":"summary_large_image","twitter_creator":"@sunoresearch","twitter_site":"@sunoresearch","twitter_misc":{"Escrito por":"Camila Paim","Est. tempo de leitura":"2 minutos"},"schema":{"@context":"https:\/\/schema.org","@graph":[{"@type":"NewsArticle","@id":"https:\/\/www.suno.com.br\/noticias\/braskem-brkm5-nega-indicacao-mantega-conselho-cpf\/#article","isPartOf":{"@id":"https:\/\/www.suno.com.br\/noticias\/braskem-brkm5-nega-indicacao-mantega-conselho-cpf\/"},"author":{"name":"Camila Paim","@id":"https:\/\/www.suno.com.br\/noticias\/#\/schema\/person\/f341d3ae5d1cc685176c9a5327cdfdbb"},"headline":"Braskem (BRKM5) nega conhecimento sobre indica\u00e7\u00e3o de Guido Mantega em seu Conselho","datePublished":"2024-06-07T11:39:21+00:00","dateModified":"2024-06-07T11:39:27+00:00","mainEntityOfPage":{"@id":"https:\/\/www.suno.com.br\/noticias\/braskem-brkm5-nega-indicacao-mantega-conselho-cpf\/"},"wordCount":349,"publisher":{"@id":"https:\/\/www.suno.com.br\/noticias\/#organization"},"image":{"@id":"https:\/\/www.suno.com.br\/noticias\/braskem-brkm5-nega-indicacao-mantega-conselho-cpf\/#primaryimage"},"thumbnailUrl":"https:\/\/files.sunoresearch.com.br\/n\/uploads\/2023\/06\/petrobras-petr4-compra-braskem-brkm5-acionista.jpg","keywords":["Braskem (BRKM3\/BRKM5\/BRKM6)","Conselho de Administra\u00e7\u00e3o"],"articleSection":["Neg\u00f3cios"],"inLanguage":"pt-BR"},{"@type":"WebPage","@id":"https:\/\/www.suno.com.br\/noticias\/braskem-brkm5-nega-indicacao-mantega-conselho-cpf\/","url":"https:\/\/www.suno.com.br\/noticias\/braskem-brkm5-nega-indicacao-mantega-conselho-cpf\/","name":"Braskem (BRKM5) diz desconhecer indica\u00e7\u00e3o de Mantega para Conselho","isPartOf":{"@id":"https:\/\/www.suno.com.br\/noticias\/#website"},"primaryImageOfPage":{"@id":"https:\/\/www.suno.com.br\/noticias\/braskem-brkm5-nega-indicacao-mantega-conselho-cpf\/#primaryimage"},"image":{"@id":"https:\/\/www.suno.com.br\/noticias\/braskem-brkm5-nega-indicacao-mantega-conselho-cpf\/#primaryimage"},"thumbnailUrl":"https:\/\/files.sunoresearch.com.br\/n\/uploads\/2023\/06\/petrobras-petr4-compra-braskem-brkm5-acionista.jpg","datePublished":"2024-06-07T11:39:21+00:00","dateModified":"2024-06-07T11:39:27+00:00","description":"A Braskem (BRKM5) comunicou via fato relevante que desconhece a indica\u00e7\u00e3o de Guido Mantega para o seu Conselho de Administra\u00e7\u00e3o. Leia mais.","breadcrumb":{"@id":"https:\/\/www.suno.com.br\/noticias\/braskem-brkm5-nega-indicacao-mantega-conselho-cpf\/#breadcrumb"},"inLanguage":"pt-BR","potentialAction":[{"@type":"ReadAction","target":["https:\/\/www.suno.com.br\/noticias\/braskem-brkm5-nega-indicacao-mantega-conselho-cpf\/"]}]},{"@type":"ImageObject","inLanguage":"pt-BR","@id":"https:\/\/www.suno.com.br\/noticias\/braskem-brkm5-nega-indicacao-mantega-conselho-cpf\/#primaryimage","url":"https:\/\/files.sunoresearch.com.br\/n\/uploads\/2023\/06\/petrobras-petr4-compra-braskem-brkm5-acionista.jpg","contentUrl":"https:\/\/files.sunoresearch.com.br\/n\/uploads\/2023\/06\/petrobras-petr4-compra-braskem-brkm5-acionista.jpg","width":1200,"height":800,"caption":"Braskem (BRKM5) - Foto: Divulga\u00e7\u00e3o."},{"@type":"BreadcrumbList","@id":"https:\/\/www.suno.com.br\/noticias\/braskem-brkm5-nega-indicacao-mantega-conselho-cpf\/#breadcrumb","itemListElement":[{"@type":"ListItem","position":1,"name":"Not\u00edcias","item":"https:\/\/www.suno.com.br\/noticias\/"},{"@type":"ListItem","position":2,"name":"Neg\u00f3cios","item":"https:\/\/www.suno.com.br\/noticias\/negocios\/"},{"@type":"ListItem","position":3,"name":"Braskem (BRKM5) nega conhecimento sobre indica\u00e7\u00e3o de Guido Mantega em seu Conselho"}]},{"@type":"WebSite","@id":"https:\/\/www.suno.com.br\/noticias\/#website","url":"https:\/\/www.suno.com.br\/noticias\/","name":"Suno Not\u00edcias","description":"Seu portal de informa\u00e7\u00e3o sobre o mundo dos investimentos","publisher":{"@id":"https:\/\/www.suno.com.br\/noticias\/#organization"},"potentialAction":[{"@type":"SearchAction","target":{"@type":"EntryPoint","urlTemplate":"https:\/\/www.suno.com.br\/noticias\/?s={search_term_string}"},"query-input":{"@type":"PropertyValueSpecification","valueRequired":true,"valueName":"search_term_string"}}],"inLanguage":"pt-BR"},{"@type":"Organization","@id":"https:\/\/www.suno.com.br\/noticias\/#organization","name":"Suno Not\u00edcias","url":"https:\/\/www.suno.com.br\/noticias\/","logo":{"@type":"ImageObject","inLanguage":"pt-BR","@id":"https:\/\/www.suno.com.br\/noticias\/#\/schema\/logo\/image\/","url":"https:\/\/files.sunoresearch.com.br\/n\/uploads\/2021\/09\/suno-logo.png","contentUrl":"https:\/\/files.sunoresearch.com.br\/n\/uploads\/2021\/09\/suno-logo.png","width":180,"height":180,"caption":"Suno Not\u00edcias"},"image":{"@id":"https:\/\/www.suno.com.br\/noticias\/#\/schema\/logo\/image\/"},"sameAs":["https:\/\/facebook.com\/sunoresearch","https:\/\/x.com\/sunoresearch","https:\/\/www.instagram.com\/suno","https:\/\/www.linkedin.com\/company\/suno-research\/","https:\/\/www.youtube.com\/c\/sunoresearch"]},{"@type":"Person","@id":"https:\/\/www.suno.com.br\/noticias\/#\/schema\/person\/f341d3ae5d1cc685176c9a5327cdfdbb","name":"Camila Paim","image":{"@type":"ImageObject","inLanguage":"pt-BR","@id":"https:\/\/www.suno.com.br\/noticias\/#\/schema\/person\/image\/","url":"https:\/\/secure.gravatar.com\/avatar\/f33728e65febb1aa7ecf6792956f9b20?s=96&r=g","contentUrl":"https:\/\/secure.gravatar.com\/avatar\/f33728e65febb1aa7ecf6792956f9b20?s=96&r=g","caption":"Camila Paim"},"description":"Jornalista formada pela USP, tem experi\u00eancia em reda\u00e7\u00f5es, SEO, Branded Content e Webdesign. Com passagem pelo Jornal da USP, Empiricus e C6 Bank, hoje \u00e9 rep\u00f3rter no Suno Not\u00edcias cobrindo macroeconomia, finan\u00e7as pessoais e startups.","url":"https:\/\/www.suno.com.br\/noticias\/author\/camila-figueiredosuno-com-br\/"}]}},"default_loop_html":"<div class=\"cardsPage__listCard__boxs\"><div class=\"cardsPage__listCard__boxs__img\"><a href=\"https:\/\/www.suno.com.br\/noticias\/braskem-brkm5-nega-indicacao-mantega-conselho-cpf\/\"><img class=\"mask\" src=\"https:\/\/www.suno.com.br\/noticias\/wp-content\/themes\/suno\/resources\/images\/spotlight\/spotlight1img\/bg-mask.png\" alt=\"Image Mask\"\/><img src=\"https:\/\/files.sunoresearch.com.br\/n\/uploads\/2023\/06\/petrobras-petr4-compra-braskem-brkm5-acionista-400x200.jpg\" alt=\"Braskem (BRKM5) nega conhecimento sobre indica\u00e7\u00e3o de Guido Mantega em seu Conselho\"\/><\/a><span class=\"spotlightCategory\"><a href=\"https:\/\/www.suno.com.br\/noticias\/negocios\/\">Neg\u00f3cios<\/a><\/span><\/div><div class=\"cardsPage__listCard__boxs__content\"><a href=\"https:\/\/www.suno.com.br\/noticias\/braskem-brkm5-nega-indicacao-mantega-conselho-cpf\/\"><h2 class=\"content__title\">Braskem (BRKM5) nega conhecimento sobre indica\u00e7\u00e3o de Guido Mantega em seu Conselho<\/h2><\/a><div class=\"newsContent__article__meta\"><div class=\"newsContent__article__meta__authorBox\"><a href=\"https:\/\/www.suno.com.br\/noticias\/author\/murilomelo-jornalismogmail-com\/\" class=\"authorBox__avatar noMobi\"><img src=\"https:\/\/files.sunoresearch.com.br\/n\/uploads\/2024\/02\/Murilo_Melo_Jornalista-e1708476456132-150x150.jpeg\" alt=\"Murilo Melo\"><\/a><div class=\"authorBox__name\"><span>por\n\t\t\t<a href=\"https:\/\/www.suno.com.br\/noticias\/author\/murilomelo-jornalismogmail-com\/\"><span itemprop=\"author\">Murilo Melo<\/span><\/a><\/span><time datetime=\"2024-06-07T08:39:21-03:00\" itemprop=\"datePublished\">07\/06\/2024 08:39<\/time><\/div><\/div><\/div><\/div><\/div>","single_layout":"posts","amp_enabled":true,"_links":{"self":[{"href":"https:\/\/www.suno.com.br\/noticias\/wp-json\/wp\/v2\/posts\/560595"}],"collection":[{"href":"https:\/\/www.suno.com.br\/noticias\/wp-json\/wp\/v2\/posts"}],"about":[{"href":"https:\/\/www.suno.com.br\/noticias\/wp-json\/wp\/v2\/types\/post"}],"author":[{"embeddable":true,"href":"https:\/\/www.suno.com.br\/noticias\/wp-json\/wp\/v2\/users\/283"}],"replies":[{"embeddable":true,"href":"https:\/\/www.suno.com.br\/noticias\/wp-json\/wp\/v2\/comments?post=560595"}],"version-history":[{"count":3,"href":"https:\/\/www.suno.com.br\/noticias\/wp-json\/wp\/v2\/posts\/560595\/revisions"}],"predecessor-version":[{"id":560603,"href":"https:\/\/www.suno.com.br\/noticias\/wp-json\/wp\/v2\/posts\/560595\/revisions\/560603"}],"wp:featuredmedia":[{"embeddable":true,"href":"https:\/\/www.suno.com.br\/noticias\/wp-json\/wp\/v2\/media\/417316"}],"wp:attachment":[{"href":"https:\/\/www.suno.com.br\/noticias\/wp-json\/wp\/v2\/media?parent=560595"}],"wp:term":[{"taxonomy":"category","embeddable":true,"href":"https:\/\/www.suno.com.br\/noticias\/wp-json\/wp\/v2\/categories?post=560595"},{"taxonomy":"post_tag","embeddable":true,"href":"https:\/\/www.suno.com.br\/noticias\/wp-json\/wp\/v2\/tags?post=560595"},{"taxonomy":"suno_strategy","embeddable":true,"href":"https:\/\/www.suno.com.br\/noticias\/wp-json\/wp\/v2\/suno_strategy?post=560595"}],"curies":[{"name":"wp","href":"https:\/\/api.w.org\/{rel}","templated":true}]}}