{"id":560476,"date":"2024-06-06T22:05:59","date_gmt":"2024-06-07T01:05:59","guid":{"rendered":"https:\/\/www.suno.com.br\/noticias\/?p=560476"},"modified":"2024-06-06T22:09:17","modified_gmt":"2024-06-07T01:09:17","slug":"selic-copom-taxa-basica-de-juros-xp-mm","status":"publish","type":"post","link":"https:\/\/www.suno.com.br\/noticias\/selic-copom-taxa-basica-de-juros-xp-mm\/","title":{"rendered":"Selic: por que o Copom deve interromper cortes dos juros em junho, segundo a XP"},"content":{"rendered":"<p>A XP espera que o <a class=\"suno-keyword\" data-force=\"no\" data-priority=\"2\" href=\"https:\/\/www.suno.com.br\/artigos\/copom\/\" target=\"_blank\" rel=\"noopener\">Comit\u00ea de Pol\u00edtica Monet\u00e1ria (Copom)<\/a> do Banco Central (BC) interrompa o ciclo de redu\u00e7\u00e3o na <a class=\"suno-keyword\" data-force=\"no\" data-priority=\"1\" href=\"https:\/\/www.suno.com.br\/artigos\/taxa-de-juros\/\" target=\"_blank\" rel=\"noopener\">taxa b\u00e1sica de juros<\/a> da economia brasileira, a <strong>Selic<\/strong>, em sua pr\u00f3xima decis\u00e3o. A pr\u00f3xima reuni\u00e3o est\u00e1 agendada para os dias 18 e 19 deste m\u00eas. No \u00faltimo encontro, houve um corte de 0,25 ponto percentual, em uma decis\u00e3o dividida, contrariando o guidance anterior que indicava uma redu\u00e7\u00e3o de 0,5 ponto percentual. <\/p>\t<div class=\"wrapper-featured-image\">\n\t\t<figure class=\"spotlightImg\">\n\n\t\t\t<picture>\n\t\t\t\t<source media=\"(max-width: 768px)\" srcset=\"https:\/\/files.sunoresearch.com.br\/n\/uploads\/2023\/05\/agenda-copom-natura-ntco3-braskem-cpi-eua-400x200.jpg\">\n\t\t\t\t<img loading=\"lazy\" decoding=\"async\" class=\"newsContent__article__imgCapa lazyloadDisabled \" src=\"https:\/\/files.sunoresearch.com.br\/n\/uploads\/2023\/05\/agenda-copom-natura-ntco3-braskem-cpi-eua-800x450.jpg\" width=\"800\" height=\"450\" alt=\"Selic: por que o Copom deve interromper cortes dos juros em junho, segundo a XP\" fetchpriority=high \/>\n\t\t\t<\/picture>\n\n\t\t\t<figcaption class=\"wp-caption-text wp-caption-text--show\"> Reuni\u00e3o do Copom -  Foto: Copom \/Divulga\u00e7\u00e3o<\/figcaption>\n\t\t<\/figure>\n\t<\/div>\n\n\n\n\n\n\t<p>\n\t\t<a href=\"https:\/\/lp.suno.com.br\/planilha-da-vida-financeira\/\" target=\"_blank\" data-element=\"shortcode-suno-banner\" title=\"Banner SUNO, clique e saiba mais\">\n\t\t\t<picture>\n\t\t\t\t<source media=\"(max-width: 500px)\" srcset=\"https:\/\/files.sunoresearch.com.br\/n\/uploads\/2023\/04\/400x300-Planilha-vida-financeira-true.png\">\n\t\t\t\t<img class=\"newsContent__article__imgCapa newsContent__article__imgCapa--banner\"\n\t\t\t\t\tsrc=\"https:\/\/files.sunoresearch.com.br\/n\/uploads\/2023\/04\/1420x240-Planilha-vida-financeira-true.png\"\n\t\t\t\t\tdata-promo-id=\"106682\"\t\t\t\t\t\t\t\t\t\twidth='1420' height='240'\t\t\t\t\talt=\"https:\/\/files.sunoresearch.com.br\/n\/uploads\/2023\/04\/1420x240-Planilha-vida-financeira-true.png\"\n\t\t\t\t>\n\t\t\t<\/picture>\n\t\t<\/a>\n\t<\/p>\n\n\n\n\n\n<p>\u201cO desafio da <a class=\"suno-keyword\" data-force=\"no\" data-priority=\"1\" href=\"https:\/\/www.suno.com.br\/artigos\/politica-monetaria\/\" target=\"_blank\" rel=\"noopener\"><strong>pol\u00edtica monet\u00e1ria<\/strong><\/a> aumentou com a alta das expectativas de infla\u00e7\u00e3o. Acreditamos que o Copom interromper\u00e1 o ciclo de flexibiliza\u00e7\u00e3o na pr\u00f3xima reuni\u00e3o (em 10,50%). Diante do n\u00edvel de incertezas acima do usual, consideramos, por ora, o mesmo patamar para 2025\u201d, dizem os analistas. <\/p>\n\n\n\n<p>O banco estima que a<strong> infla\u00e7\u00e3o<\/strong> medida pelo \u00cdndice de Pre\u00e7os ao Consumidor Amplo (IPCA) ser\u00e1 de 3,7% em 2024 e de 4,0% em 2025. <\/p>\n\n\n\n<p>Al\u00e9m disso, a XP mant\u00e9m a proje\u00e7\u00e3o de crescimento do Produto Interno Bruto (PIB) em 2,2% para este ano e 1,7% em 2025. &#8220;A infla\u00e7\u00e3o de <a class=\"suno-keyword\" data-force=\"no\" data-priority=\"1\" href=\"https:\/\/www.suno.com.br\/artigos\/curto-prazo\/\" target=\"_blank\" rel=\"noopener\">curto prazo<\/a> segue bem-comportada a despeito da deteriora\u00e7\u00e3o das expectativas, incertezas sobre o impacto das enchentes no Rio Grande do Sul e mercado de trabalho aquecido&#8221;, pontua.<\/p>\n\n\n\n<p>Quanto ao<strong> d\u00f3lar<\/strong>, a XP prev\u00ea uma taxa de R$ 5 no final de 2024 e R$ 5,15 no final de 2025, destacando que a desvaloriza\u00e7\u00e3o atual do real \u00e9 influenciada pela amplia\u00e7\u00e3o do diferencial de juros e pelos fundamentos econ\u00f4micos. <\/p>\n\n\n\n<p>Em rela\u00e7\u00e3o ao Federal Reserve, o <strong>Fed<\/strong>, dos Estados Unidos, os estrategistas preveem o in\u00edcio do ciclo de <strong>cortes de juros<\/strong> somente em dezembro. No entanto, ressaltam que esse atraso n\u00e3o deve impedir redu\u00e7\u00e3o de juros em outras regi\u00f5es no curto prazo, embora possa limitar seu ritmo e magnitude. Os economistas da XP indicam ainda a continuidade dos riscos geopol\u00edticos como um fator relevante a ser considerado.<\/p>\n\n\n\t<p>\n\t\t<a href=\"https:\/\/lp.suno.com.br\/ebook-como-analisar-uma-acao\/\" target=\"_blank\" data-element=\"shortcode-suno-banner\" title=\"Banner SUNO, clique e saiba mais\">\n\t\t\t<picture>\n\t\t\t\t<source media=\"(max-width: 500px)\" srcset=\"https:\/\/files.sunoresearch.com.br\/n\/uploads\/2023\/03\/Ebook-Acoes-Mobile.jpg\">\n\t\t\t\t<img class=\"newsContent__article__imgCapa newsContent__article__imgCapa--banner\"\n\t\t\t\t\tsrc=\"https:\/\/files.sunoresearch.com.br\/n\/uploads\/2023\/03\/Ebook-Acoes-Desktop.jpg\"\n\t\t\t\t\tdata-promo-id=\"378302\"\t\t\t\t\t\t\t\t\t\twidth='1420' height='286'\t\t\t\t\talt=\"https:\/\/files.sunoresearch.com.br\/n\/uploads\/2023\/03\/Ebook-Acoes-Desktop.jpg\"\n\t\t\t\t>\n\t\t\t<\/picture>\n\t\t<\/a>\n\t<\/p>\n\n\n\n\n\n<h2 class=\"wp-block-heading\">Focus prev\u00ea infla\u00e7\u00e3o a 3,88% neste ano<\/h2>\n\n\n\n<p>O <a class=\"suno-keyword\" target=\"_blank\" data-force=\"no\" data-priority=\"2\" href=\"https:\/\/www.suno.com.br\/guias\/mercado-financeiro\/\" rel=\"noopener\">mercado financeiro<\/a> aumentou pela quarta vez consecutiva a previs\u00e3o da<strong> infla\u00e7\u00e3o para 2024<\/strong>, de acordo com o boletim Focus divulgado nesta segunda-feira (3) pelo Banco Central (BC). O \u00cdndice de Pre\u00e7os ao Consumidor Amplo (IPCA) agora \u00e9 estimado em 3,88% para 2024, ante 3,86% na semana anterior e 3,72% h\u00e1 quatro semanas.<\/p>\n\n\n\n<p>Essa proje\u00e7\u00e3o est\u00e1 dentro do intervalo de <strong>meta de infla\u00e7\u00e3o<\/strong> estabelecido pelo <a class=\"suno-keyword\" target=\"_blank\" data-force=\"no\" data-priority=\"1\" href=\"https:\/\/www.suno.com.br\/artigos\/cmn-conselho-monetario-nacional\/\" rel=\"noopener\">Conselho Monet\u00e1rio Nacional (CMN)<\/a>, que \u00e9 de 3%, com uma margem de toler\u00e2ncia de 1,5 ponto percentual para cima ou para baixo, resultando em um limite inferior de 1,5% e um superior de 4,5%.<\/p>\n\n\n\n<p>O Focus tamb\u00e9m mostra uma eleva\u00e7\u00e3o na previs\u00e3o da <strong>taxa b\u00e1sica de juros<\/strong>, a Selic, para este ano. A estimativa \u00e9 de que a taxa encerre 2024 em 10,25%, enquanto atualmente est\u00e1 em 10,5%. Na semana anterior, os analistas projetavam a Selic em 10% e h\u00e1 quatro semanas a previs\u00e3o era de 9,63%.<\/p>\n\n\n\n<p>Em rela\u00e7\u00e3o ao <strong>crescimento do Produto Interno Bruto<\/strong> (PIB), a previs\u00e3o para este ano permaneceu em 2,05%, conforme estimado pelos t\u00e9cnicos consultados pelo BC. Para os pr\u00f3ximos tr\u00eas anos (2025, 2026 e 2027), a expectativa \u00e9 de um crescimento de 2%.<\/p>\n\n\n\n<p>Quanto ao c\u00e2mbio, o Focus manteve a proje\u00e7\u00e3o de que o d\u00f3lar encerre 2024 em R$ 5,05, assim como na semana anterior. H\u00e1 quatro semanas, os analistas estimavam o d\u00f3lar em R$ 5. Para os anos seguintes, a previs\u00e3o \u00e9 de que o d\u00f3lar se mantenha em R$ 5,05 em 2025 e suba para R$ 5,10 em 2026 e 2027.<\/p>\n\n\n\n<h2 class=\"wp-block-heading\">Selic deve ficar acima de dois d\u00edgitos at\u00e9 primeiro trimestre de 2025, estima BB<\/h2>\n\n\n\n<p>Na avalia\u00e7\u00e3o de especialistas do BB, a dificuldade de converg\u00eancia da infla\u00e7\u00e3o para o centro da meta deve contribuir para uma \u201cflexibiliza\u00e7\u00e3o mais lenta\u201d da\u00a0<a href=\"https:\/\/www.suno.com.br\/artigos\/taxa-selic\/\" target=\"_blank\" rel=\"noreferrer noopener\">taxa\u00a0<strong>Selic<\/strong><\/a>. Dessa forma, a expectativa \u00e9 que a\u00a0<a href=\"https:\/\/www.suno.com.br\/artigos\/taxa-de-juros\/\" target=\"_blank\" rel=\"noreferrer noopener\">taxa b\u00e1sica de juros<\/a>\u00a0encerre o ano em dois d\u00edgitos. \u00a0<\/p>\n\n\n\n<p>A perspectiva da equipe de an\u00e1lise do BB \u00e9 que a taxa Selic encerre este ano em 10,25% ao ano. Anteriormente, a previs\u00e3o \u00e9 que a taxa de juros da economia brasileira terminasse 2024 em 9,75% ao ano.<\/p>\n\n\n\n<p>Al\u00e9m disso, os especialistas indicaram que a <strong>Selic<\/strong> deve ficar em dois d\u00edgitos at\u00e9 o primeiro trimestre de 2025. Apesar disso, o BB manteve a perspectiva de que os juros encerrem o pr\u00f3ximo ano em 9% ao ano.<\/p>\n\n\n\t<div data-element=\"shortcode-read-more\" class=\"knowMore\">\n\t\t\t\t<span class=\"knowMore__title\">Leia mais<\/span>\n\t\t\t\t<a class=\"knowMore__link\" href=\"https:\/\/www.suno.com.br\/noticias\/taxa-selic-digitos-2025-bb\/\">\n\t\t\tTaxa Selic deve ficar acima de dois d\u00edgitos at\u00e9 primeiro trimestre de 2025, estima BB\t\t<\/a>\n\t<\/div>\n\n\n\n\t<p>\n\t\t<a href=\"https:\/\/lp.suno.com.br\/planilha-da-vida-financeira\/\" target=\"_blank\" data-element=\"shortcode-suno-banner\" title=\"Banner SUNO, clique e saiba mais\">\n\t\t\t<picture>\n\t\t\t\t<source media=\"(max-width: 500px)\" srcset=\"https:\/\/files.sunoresearch.com.br\/n\/uploads\/2023\/04\/400x300-Planilha-vida-financeira-true.png\">\n\t\t\t\t<img class=\"newsContent__article__imgCapa newsContent__article__imgCapa--banner\"\n\t\t\t\t\tsrc=\"https:\/\/files.sunoresearch.com.br\/n\/uploads\/2023\/04\/1420x240-Planilha-vida-financeira-true.png\"\n\t\t\t\t\tdata-promo-id=\"383123\"\t\t\t\t\t\t\t\t\t\twidth='1420' height='240'\t\t\t\t\talt=\"https:\/\/files.sunoresearch.com.br\/n\/uploads\/2023\/04\/1420x240-Planilha-vida-financeira-true.png\"\n\t\t\t\t>\n\t\t\t<\/picture>\n\t\t<\/a>\n\t<\/p>\n\n\n","protected":false},"excerpt":{"rendered":"<p>A XP espera que o Comit\u00ea de Pol\u00edtica Monet\u00e1ria (Copom) do Banco Central (BC) interrompa o ciclo de redu\u00e7\u00e3o na taxa b\u00e1sica de juros da economia brasileira, a Selic, em sua pr\u00f3xima decis\u00e3o. A pr\u00f3xima reuni\u00e3o est\u00e1 agendada para os dias 18 e 19 deste m\u00eas. No \u00faltimo encontro, houve um corte de 0,25 ponto [&hellip;]<\/p>\n","protected":false},"author":345,"featured_media":402006,"comment_status":"closed","ping_status":"closed","sticky":false,"template":"","format":"standard","meta":[],"categories":[60],"tags":[1842,1104,1752,290],"suno_strategy":[],"class_list":["post-560476","post","type-post","status-publish","format-standard","has-post-thumbnail","hentry","category-mercado","tag-banco-central-bc","tag-copom","tag-taxa-de-juros","tag-taxa-selic"],"yoast_head":"<!-- This site is optimized with the Yoast SEO plugin v24.4 - https:\/\/yoast.com\/wordpress\/plugins\/seo\/ -->\n<title>XP: Copom deve interromper cortes da Selic na reuni\u00e3o de junho<\/title>\n<meta name=\"description\" content=\"A XP espera que o Comit\u00ea de Pol\u00edtica Monet\u00e1ria (Copom) interrompa o ciclo de redu\u00e7\u00e3o na taxa b\u00e1sica de juros da economia brasileira, a Selic.\" \/>\n<meta name=\"robots\" content=\"index, follow, max-snippet:-1, max-image-preview:large, max-video-preview:-1\" \/>\n<link rel=\"canonical\" href=\"https:\/\/www.suno.com.br\/noticias\/selic-copom-taxa-basica-de-juros-xp-mm\/\" \/>\n<meta property=\"og:locale\" content=\"pt_BR\" \/>\n<meta property=\"og:type\" content=\"article\" \/>\n<meta property=\"og:title\" content=\"XP: Copom deve interromper cortes da Selic na reuni\u00e3o de junho\" \/>\n<meta property=\"og:description\" content=\"A XP espera que o Comit\u00ea de Pol\u00edtica Monet\u00e1ria (Copom) interrompa o ciclo de redu\u00e7\u00e3o na taxa b\u00e1sica de juros da economia brasileira, a Selic.\" \/>\n<meta property=\"og:url\" content=\"https:\/\/www.suno.com.br\/noticias\/selic-copom-taxa-basica-de-juros-xp-mm\/\" \/>\n<meta property=\"og:site_name\" content=\"Suno Not\u00edcias\" \/>\n<meta property=\"article:publisher\" content=\"https:\/\/facebook.com\/sunoresearch\" \/>\n<meta property=\"og:image\" content=\"https:\/\/files.sunoresearch.com.br\/n\/uploads\/2023\/05\/agenda-copom-natura-ntco3-braskem-cpi-eua.jpg\" \/>\n\t<meta property=\"og:image:width\" content=\"1200\" \/>\n\t<meta property=\"og:image:height\" content=\"800\" \/>\n\t<meta property=\"og:image:type\" content=\"image\/jpeg\" \/>\n<meta name=\"author\" content=\"Murilo Melo\" \/>\n<meta name=\"twitter:card\" content=\"summary_large_image\" \/>\n<meta name=\"twitter:creator\" content=\"@sunoresearch\" \/>\n<meta name=\"twitter:site\" content=\"@sunoresearch\" \/>\n<meta name=\"twitter:label1\" content=\"Escrito por\" \/>\n\t<meta name=\"twitter:data1\" content=\"Murilo Melo\" \/>\n\t<meta name=\"twitter:label2\" content=\"Est. tempo de leitura\" \/>\n\t<meta name=\"twitter:data2\" content=\"4 minutos\" \/>\n<script type=\"application\/ld+json\" class=\"yoast-schema-graph\">{\"@context\":\"https:\/\/schema.org\",\"@graph\":[{\"@type\":\"NewsArticle\",\"@id\":\"https:\/\/www.suno.com.br\/noticias\/selic-copom-taxa-basica-de-juros-xp-mm\/#article\",\"isPartOf\":{\"@id\":\"https:\/\/www.suno.com.br\/noticias\/selic-copom-taxa-basica-de-juros-xp-mm\/\"},\"author\":{\"name\":\"Murilo Melo\",\"@id\":\"https:\/\/www.suno.com.br\/noticias\/#\/schema\/person\/32d4feb215afe4b317d446bb442400dd\"},\"headline\":\"Selic: por que o Copom deve interromper cortes dos juros em junho, segundo a XP\",\"datePublished\":\"2024-06-07T01:05:59+00:00\",\"dateModified\":\"2024-06-07T01:09:17+00:00\",\"mainEntityOfPage\":{\"@id\":\"https:\/\/www.suno.com.br\/noticias\/selic-copom-taxa-basica-de-juros-xp-mm\/\"},\"wordCount\":732,\"publisher\":{\"@id\":\"https:\/\/www.suno.com.br\/noticias\/#organization\"},\"image\":{\"@id\":\"https:\/\/www.suno.com.br\/noticias\/selic-copom-taxa-basica-de-juros-xp-mm\/#primaryimage\"},\"thumbnailUrl\":\"https:\/\/files.sunoresearch.com.br\/n\/uploads\/2023\/05\/agenda-copom-natura-ntco3-braskem-cpi-eua.jpg\",\"keywords\":[\"Banco Central (BC)\",\"Copom\",\"taxa de juros\",\"Taxa Selic\"],\"articleSection\":[\"Mercado\"],\"inLanguage\":\"pt-BR\"},{\"@type\":\"WebPage\",\"@id\":\"https:\/\/www.suno.com.br\/noticias\/selic-copom-taxa-basica-de-juros-xp-mm\/\",\"url\":\"https:\/\/www.suno.com.br\/noticias\/selic-copom-taxa-basica-de-juros-xp-mm\/\",\"name\":\"XP: Copom deve interromper cortes da Selic na reuni\u00e3o de junho\",\"isPartOf\":{\"@id\":\"https:\/\/www.suno.com.br\/noticias\/#website\"},\"primaryImageOfPage\":{\"@id\":\"https:\/\/www.suno.com.br\/noticias\/selic-copom-taxa-basica-de-juros-xp-mm\/#primaryimage\"},\"image\":{\"@id\":\"https:\/\/www.suno.com.br\/noticias\/selic-copom-taxa-basica-de-juros-xp-mm\/#primaryimage\"},\"thumbnailUrl\":\"https:\/\/files.sunoresearch.com.br\/n\/uploads\/2023\/05\/agenda-copom-natura-ntco3-braskem-cpi-eua.jpg\",\"datePublished\":\"2024-06-07T01:05:59+00:00\",\"dateModified\":\"2024-06-07T01:09:17+00:00\",\"description\":\"A XP espera que o Comit\u00ea de Pol\u00edtica Monet\u00e1ria (Copom) interrompa o ciclo de redu\u00e7\u00e3o na taxa b\u00e1sica de juros da economia brasileira, a Selic.\",\"breadcrumb\":{\"@id\":\"https:\/\/www.suno.com.br\/noticias\/selic-copom-taxa-basica-de-juros-xp-mm\/#breadcrumb\"},\"inLanguage\":\"pt-BR\",\"potentialAction\":[{\"@type\":\"ReadAction\",\"target\":[\"https:\/\/www.suno.com.br\/noticias\/selic-copom-taxa-basica-de-juros-xp-mm\/\"]}]},{\"@type\":\"ImageObject\",\"inLanguage\":\"pt-BR\",\"@id\":\"https:\/\/www.suno.com.br\/noticias\/selic-copom-taxa-basica-de-juros-xp-mm\/#primaryimage\",\"url\":\"https:\/\/files.sunoresearch.com.br\/n\/uploads\/2023\/05\/agenda-copom-natura-ntco3-braskem-cpi-eua.jpg\",\"contentUrl\":\"https:\/\/files.sunoresearch.com.br\/n\/uploads\/2023\/05\/agenda-copom-natura-ntco3-braskem-cpi-eua.jpg\",\"width\":1200,\"height\":800,\"caption\":\"Reuni\u00e3o do Copom - Foto: Copom \/Divulga\u00e7\u00e3o\"},{\"@type\":\"BreadcrumbList\",\"@id\":\"https:\/\/www.suno.com.br\/noticias\/selic-copom-taxa-basica-de-juros-xp-mm\/#breadcrumb\",\"itemListElement\":[{\"@type\":\"ListItem\",\"position\":1,\"name\":\"Not\u00edcias\",\"item\":\"https:\/\/www.suno.com.br\/noticias\/\"},{\"@type\":\"ListItem\",\"position\":2,\"name\":\"Mercado\",\"item\":\"https:\/\/www.suno.com.br\/noticias\/mercado\/\"},{\"@type\":\"ListItem\",\"position\":3,\"name\":\"Selic: por que o Copom deve interromper cortes dos juros em junho, segundo a XP\"}]},{\"@type\":\"WebSite\",\"@id\":\"https:\/\/www.suno.com.br\/noticias\/#website\",\"url\":\"https:\/\/www.suno.com.br\/noticias\/\",\"name\":\"Suno Not\u00edcias\",\"description\":\"Seu portal de informa\u00e7\u00e3o sobre o mundo dos investimentos\",\"publisher\":{\"@id\":\"https:\/\/www.suno.com.br\/noticias\/#organization\"},\"potentialAction\":[{\"@type\":\"SearchAction\",\"target\":{\"@type\":\"EntryPoint\",\"urlTemplate\":\"https:\/\/www.suno.com.br\/noticias\/?s={search_term_string}\"},\"query-input\":{\"@type\":\"PropertyValueSpecification\",\"valueRequired\":true,\"valueName\":\"search_term_string\"}}],\"inLanguage\":\"pt-BR\"},{\"@type\":\"Organization\",\"@id\":\"https:\/\/www.suno.com.br\/noticias\/#organization\",\"name\":\"Suno Not\u00edcias\",\"url\":\"https:\/\/www.suno.com.br\/noticias\/\",\"logo\":{\"@type\":\"ImageObject\",\"inLanguage\":\"pt-BR\",\"@id\":\"https:\/\/www.suno.com.br\/noticias\/#\/schema\/logo\/image\/\",\"url\":\"https:\/\/files.sunoresearch.com.br\/n\/uploads\/2021\/09\/suno-logo.png\",\"contentUrl\":\"https:\/\/files.sunoresearch.com.br\/n\/uploads\/2021\/09\/suno-logo.png\",\"width\":180,\"height\":180,\"caption\":\"Suno Not\u00edcias\"},\"image\":{\"@id\":\"https:\/\/www.suno.com.br\/noticias\/#\/schema\/logo\/image\/\"},\"sameAs\":[\"https:\/\/facebook.com\/sunoresearch\",\"https:\/\/x.com\/sunoresearch\",\"https:\/\/www.instagram.com\/suno\",\"https:\/\/www.linkedin.com\/company\/suno-research\/\",\"https:\/\/www.youtube.com\/c\/sunoresearch\"]},{\"@type\":\"Person\",\"@id\":\"https:\/\/www.suno.com.br\/noticias\/#\/schema\/person\/32d4feb215afe4b317d446bb442400dd\",\"name\":\"Murilo Melo\",\"image\":{\"@type\":\"ImageObject\",\"inLanguage\":\"pt-BR\",\"@id\":\"https:\/\/www.suno.com.br\/noticias\/#\/schema\/person\/image\/\",\"url\":\"https:\/\/secure.gravatar.com\/avatar\/af7a693198b592028493c0e8b0583d4f?s=96&r=g\",\"contentUrl\":\"https:\/\/secure.gravatar.com\/avatar\/af7a693198b592028493c0e8b0583d4f?s=96&r=g\",\"caption\":\"Murilo Melo\"},\"description\":\"\u00c9 um jornalista e letr\u00f3logo com vasta experi\u00eancia em economia, finan\u00e7as e mercado. J\u00e1 foi rep\u00f3rter de jornais, revistas e sites noticiosos como A Tarde, Correio e Folha de S.Paulo. No Suno Not\u00edcias, escreve sobre neg\u00f3cios\",\"url\":\"https:\/\/www.suno.com.br\/noticias\/author\/murilomelo-jornalismogmail-com\/\"}]}<\/script>\n<!-- \/ Yoast SEO plugin. -->","yoast_head_json":{"title":"XP: Copom deve interromper cortes da Selic na reuni\u00e3o de junho","description":"A XP espera que o Comit\u00ea de Pol\u00edtica Monet\u00e1ria (Copom) interrompa o ciclo de redu\u00e7\u00e3o na taxa b\u00e1sica de juros da economia brasileira, a Selic.","robots":{"index":"index","follow":"follow","max-snippet":"max-snippet:-1","max-image-preview":"max-image-preview:large","max-video-preview":"max-video-preview:-1"},"canonical":"https:\/\/www.suno.com.br\/noticias\/selic-copom-taxa-basica-de-juros-xp-mm\/","og_locale":"pt_BR","og_type":"article","og_title":"XP: Copom deve interromper cortes da Selic na reuni\u00e3o de junho","og_description":"A XP espera que o Comit\u00ea de Pol\u00edtica Monet\u00e1ria (Copom) interrompa o ciclo de redu\u00e7\u00e3o na taxa b\u00e1sica de juros da economia brasileira, a Selic.","og_url":"https:\/\/www.suno.com.br\/noticias\/selic-copom-taxa-basica-de-juros-xp-mm\/","og_site_name":"Suno Not\u00edcias","article_publisher":"https:\/\/facebook.com\/sunoresearch","og_image":[{"width":1200,"height":800,"url":"https:\/\/files.sunoresearch.com.br\/n\/uploads\/2023\/05\/agenda-copom-natura-ntco3-braskem-cpi-eua.jpg","type":"image\/jpeg"}],"author":"Murilo Melo","twitter_card":"summary_large_image","twitter_creator":"@sunoresearch","twitter_site":"@sunoresearch","twitter_misc":{"Escrito por":"Murilo Melo","Est. tempo de leitura":"4 minutos"},"schema":{"@context":"https:\/\/schema.org","@graph":[{"@type":"NewsArticle","@id":"https:\/\/www.suno.com.br\/noticias\/selic-copom-taxa-basica-de-juros-xp-mm\/#article","isPartOf":{"@id":"https:\/\/www.suno.com.br\/noticias\/selic-copom-taxa-basica-de-juros-xp-mm\/"},"author":{"name":"Murilo Melo","@id":"https:\/\/www.suno.com.br\/noticias\/#\/schema\/person\/32d4feb215afe4b317d446bb442400dd"},"headline":"Selic: por que o Copom deve interromper cortes dos juros em junho, segundo a XP","datePublished":"2024-06-07T01:05:59+00:00","dateModified":"2024-06-07T01:09:17+00:00","mainEntityOfPage":{"@id":"https:\/\/www.suno.com.br\/noticias\/selic-copom-taxa-basica-de-juros-xp-mm\/"},"wordCount":732,"publisher":{"@id":"https:\/\/www.suno.com.br\/noticias\/#organization"},"image":{"@id":"https:\/\/www.suno.com.br\/noticias\/selic-copom-taxa-basica-de-juros-xp-mm\/#primaryimage"},"thumbnailUrl":"https:\/\/files.sunoresearch.com.br\/n\/uploads\/2023\/05\/agenda-copom-natura-ntco3-braskem-cpi-eua.jpg","keywords":["Banco Central (BC)","Copom","taxa de juros","Taxa Selic"],"articleSection":["Mercado"],"inLanguage":"pt-BR"},{"@type":"WebPage","@id":"https:\/\/www.suno.com.br\/noticias\/selic-copom-taxa-basica-de-juros-xp-mm\/","url":"https:\/\/www.suno.com.br\/noticias\/selic-copom-taxa-basica-de-juros-xp-mm\/","name":"XP: Copom deve interromper cortes da Selic na reuni\u00e3o de junho","isPartOf":{"@id":"https:\/\/www.suno.com.br\/noticias\/#website"},"primaryImageOfPage":{"@id":"https:\/\/www.suno.com.br\/noticias\/selic-copom-taxa-basica-de-juros-xp-mm\/#primaryimage"},"image":{"@id":"https:\/\/www.suno.com.br\/noticias\/selic-copom-taxa-basica-de-juros-xp-mm\/#primaryimage"},"thumbnailUrl":"https:\/\/files.sunoresearch.com.br\/n\/uploads\/2023\/05\/agenda-copom-natura-ntco3-braskem-cpi-eua.jpg","datePublished":"2024-06-07T01:05:59+00:00","dateModified":"2024-06-07T01:09:17+00:00","description":"A XP espera que o Comit\u00ea de Pol\u00edtica Monet\u00e1ria (Copom) interrompa o ciclo de redu\u00e7\u00e3o na taxa b\u00e1sica de juros da economia brasileira, a Selic.","breadcrumb":{"@id":"https:\/\/www.suno.com.br\/noticias\/selic-copom-taxa-basica-de-juros-xp-mm\/#breadcrumb"},"inLanguage":"pt-BR","potentialAction":[{"@type":"ReadAction","target":["https:\/\/www.suno.com.br\/noticias\/selic-copom-taxa-basica-de-juros-xp-mm\/"]}]},{"@type":"ImageObject","inLanguage":"pt-BR","@id":"https:\/\/www.suno.com.br\/noticias\/selic-copom-taxa-basica-de-juros-xp-mm\/#primaryimage","url":"https:\/\/files.sunoresearch.com.br\/n\/uploads\/2023\/05\/agenda-copom-natura-ntco3-braskem-cpi-eua.jpg","contentUrl":"https:\/\/files.sunoresearch.com.br\/n\/uploads\/2023\/05\/agenda-copom-natura-ntco3-braskem-cpi-eua.jpg","width":1200,"height":800,"caption":"Reuni\u00e3o do Copom - Foto: Copom \/Divulga\u00e7\u00e3o"},{"@type":"BreadcrumbList","@id":"https:\/\/www.suno.com.br\/noticias\/selic-copom-taxa-basica-de-juros-xp-mm\/#breadcrumb","itemListElement":[{"@type":"ListItem","position":1,"name":"Not\u00edcias","item":"https:\/\/www.suno.com.br\/noticias\/"},{"@type":"ListItem","position":2,"name":"Mercado","item":"https:\/\/www.suno.com.br\/noticias\/mercado\/"},{"@type":"ListItem","position":3,"name":"Selic: por que o Copom deve interromper cortes dos juros em junho, segundo a XP"}]},{"@type":"WebSite","@id":"https:\/\/www.suno.com.br\/noticias\/#website","url":"https:\/\/www.suno.com.br\/noticias\/","name":"Suno Not\u00edcias","description":"Seu portal de informa\u00e7\u00e3o sobre o mundo dos investimentos","publisher":{"@id":"https:\/\/www.suno.com.br\/noticias\/#organization"},"potentialAction":[{"@type":"SearchAction","target":{"@type":"EntryPoint","urlTemplate":"https:\/\/www.suno.com.br\/noticias\/?s={search_term_string}"},"query-input":{"@type":"PropertyValueSpecification","valueRequired":true,"valueName":"search_term_string"}}],"inLanguage":"pt-BR"},{"@type":"Organization","@id":"https:\/\/www.suno.com.br\/noticias\/#organization","name":"Suno Not\u00edcias","url":"https:\/\/www.suno.com.br\/noticias\/","logo":{"@type":"ImageObject","inLanguage":"pt-BR","@id":"https:\/\/www.suno.com.br\/noticias\/#\/schema\/logo\/image\/","url":"https:\/\/files.sunoresearch.com.br\/n\/uploads\/2021\/09\/suno-logo.png","contentUrl":"https:\/\/files.sunoresearch.com.br\/n\/uploads\/2021\/09\/suno-logo.png","width":180,"height":180,"caption":"Suno Not\u00edcias"},"image":{"@id":"https:\/\/www.suno.com.br\/noticias\/#\/schema\/logo\/image\/"},"sameAs":["https:\/\/facebook.com\/sunoresearch","https:\/\/x.com\/sunoresearch","https:\/\/www.instagram.com\/suno","https:\/\/www.linkedin.com\/company\/suno-research\/","https:\/\/www.youtube.com\/c\/sunoresearch"]},{"@type":"Person","@id":"https:\/\/www.suno.com.br\/noticias\/#\/schema\/person\/32d4feb215afe4b317d446bb442400dd","name":"Murilo Melo","image":{"@type":"ImageObject","inLanguage":"pt-BR","@id":"https:\/\/www.suno.com.br\/noticias\/#\/schema\/person\/image\/","url":"https:\/\/secure.gravatar.com\/avatar\/af7a693198b592028493c0e8b0583d4f?s=96&r=g","contentUrl":"https:\/\/secure.gravatar.com\/avatar\/af7a693198b592028493c0e8b0583d4f?s=96&r=g","caption":"Murilo Melo"},"description":"\u00c9 um jornalista e letr\u00f3logo com vasta experi\u00eancia em economia, finan\u00e7as e mercado. J\u00e1 foi rep\u00f3rter de jornais, revistas e sites noticiosos como A Tarde, Correio e Folha de S.Paulo. No Suno Not\u00edcias, escreve sobre neg\u00f3cios","url":"https:\/\/www.suno.com.br\/noticias\/author\/murilomelo-jornalismogmail-com\/"}]}},"default_loop_html":"<div class=\"cardsPage__listCard__boxs\"><div class=\"cardsPage__listCard__boxs__img\"><a href=\"https:\/\/www.suno.com.br\/noticias\/selic-copom-taxa-basica-de-juros-xp-mm\/\"><img class=\"mask\" src=\"https:\/\/www.suno.com.br\/noticias\/wp-content\/themes\/suno\/resources\/images\/spotlight\/spotlight1img\/bg-mask.png\" alt=\"Image Mask\"\/><img src=\"https:\/\/files.sunoresearch.com.br\/n\/uploads\/2023\/05\/agenda-copom-natura-ntco3-braskem-cpi-eua-400x200.jpg\" alt=\"Selic: por que o Copom deve interromper cortes dos juros em junho, segundo a XP\"\/><\/a><span class=\"spotlightCategory\"><a href=\"https:\/\/www.suno.com.br\/noticias\/mercado\/\">Mercado<\/a><\/span><\/div><div class=\"cardsPage__listCard__boxs__content\"><a href=\"https:\/\/www.suno.com.br\/noticias\/selic-copom-taxa-basica-de-juros-xp-mm\/\"><h2 class=\"content__title\">Selic: por que o Copom deve interromper cortes dos juros em junho, segundo a XP<\/h2><\/a><div class=\"newsContent__article__meta\"><div class=\"newsContent__article__meta__authorBox\"><a href=\"https:\/\/www.suno.com.br\/noticias\/author\/murilomelo-jornalismogmail-com\/\" class=\"authorBox__avatar noMobi\"><img src=\"https:\/\/files.sunoresearch.com.br\/n\/uploads\/2024\/02\/Murilo_Melo_Jornalista-e1708476456132-150x150.jpeg\" alt=\"Murilo Melo\"><\/a><div class=\"authorBox__name\"><span>por\n\t\t\t<a href=\"https:\/\/www.suno.com.br\/noticias\/author\/murilomelo-jornalismogmail-com\/\"><span itemprop=\"author\">Murilo Melo<\/span><\/a><\/span><time datetime=\"2024-06-06T22:05:59-03:00\" itemprop=\"datePublished\">06\/06\/2024 22:05<\/time><\/div><\/div><\/div><\/div><\/div>","single_layout":"posts","amp_enabled":true,"_links":{"self":[{"href":"https:\/\/www.suno.com.br\/noticias\/wp-json\/wp\/v2\/posts\/560476"}],"collection":[{"href":"https:\/\/www.suno.com.br\/noticias\/wp-json\/wp\/v2\/posts"}],"about":[{"href":"https:\/\/www.suno.com.br\/noticias\/wp-json\/wp\/v2\/types\/post"}],"author":[{"embeddable":true,"href":"https:\/\/www.suno.com.br\/noticias\/wp-json\/wp\/v2\/users\/345"}],"replies":[{"embeddable":true,"href":"https:\/\/www.suno.com.br\/noticias\/wp-json\/wp\/v2\/comments?post=560476"}],"version-history":[{"count":3,"href":"https:\/\/www.suno.com.br\/noticias\/wp-json\/wp\/v2\/posts\/560476\/revisions"}],"predecessor-version":[{"id":560558,"href":"https:\/\/www.suno.com.br\/noticias\/wp-json\/wp\/v2\/posts\/560476\/revisions\/560558"}],"wp:featuredmedia":[{"embeddable":true,"href":"https:\/\/www.suno.com.br\/noticias\/wp-json\/wp\/v2\/media\/402006"}],"wp:attachment":[{"href":"https:\/\/www.suno.com.br\/noticias\/wp-json\/wp\/v2\/media?parent=560476"}],"wp:term":[{"taxonomy":"category","embeddable":true,"href":"https:\/\/www.suno.com.br\/noticias\/wp-json\/wp\/v2\/categories?post=560476"},{"taxonomy":"post_tag","embeddable":true,"href":"https:\/\/www.suno.com.br\/noticias\/wp-json\/wp\/v2\/tags?post=560476"},{"taxonomy":"suno_strategy","embeddable":true,"href":"https:\/\/www.suno.com.br\/noticias\/wp-json\/wp\/v2\/suno_strategy?post=560476"}],"curies":[{"name":"wp","href":"https:\/\/api.w.org\/{rel}","templated":true}]}}