{"id":559854,"date":"2024-06-05T08:23:32","date_gmt":"2024-06-05T11:23:32","guid":{"rendered":"https:\/\/www.suno.com.br\/noticias\/?p=559854"},"modified":"2024-06-05T08:23:55","modified_gmt":"2024-06-05T11:23:55","slug":"auren-aure3-compra-esfera-comercializadora-energia-cpf","status":"publish","type":"post","link":"https:\/\/www.suno.com.br\/noticias\/auren-aure3-compra-esfera-comercializadora-energia-cpf\/","title":{"rendered":"Auren (AURE3) adquire segunda maior comercializadora de energia do pa\u00eds"},"content":{"rendered":"<p>A <strong>Auren <\/strong>(AURE3) informou ao mercado nesta ter\u00e7a-feira (4) sobre a aquisi\u00e7\u00e3o de uma das principais gestoras de energia do Brasil, a Esfera Energia.<\/p>\t<div class=\"wrapper-featured-image\">\n\t\t<figure class=\"spotlightImg\">\n\n\t\t\t<picture>\n\t\t\t\t<source media=\"(max-width: 768px)\" srcset=\"https:\/\/files.sunoresearch.com.br\/n\/uploads\/2022\/12\/usina-hidreletrica-de-tres-irmaos-governo-de-pereira-barreto-sp-400x200.jpg\">\n\t\t\t\t<img loading=\"lazy\" decoding=\"async\" class=\"newsContent__article__imgCapa lazyloadDisabled \" src=\"https:\/\/files.sunoresearch.com.br\/n\/uploads\/2022\/12\/usina-hidreletrica-de-tres-irmaos-governo-de-pereira-barreto-sp-800x450.jpg\" width=\"800\" height=\"450\" alt=\"Auren (AURE3) adquire segunda maior comercializadora de energia do pa\u00eds\" fetchpriority=high \/>\n\t\t\t<\/picture>\n\n\t\t\t<figcaption class=\"wp-caption-text wp-caption-text--show\">Usina hidrel\u00e9trica de Tr\u00eas Irm\u00e3os, fruto de investimentos da Auren Energia - Foto: Divulga\u00e7\u00e3o\/Prefeitura de Pereira Barreto (SP)\n<\/figcaption>\n\t\t<\/figure>\n\t<\/div>\n\n\n\n\n\n\t<p>\n\t\t<a href=\"\" target=\"_blank\" data-element=\"shortcode-suno-banner\" title=\"Banner SUNO, clique e saiba mais\">\n\t\t\t<picture>\n\t\t\t\t<source media=\"(max-width: 500px)\" srcset=\"\">\n\t\t\t\t<img class=\"newsContent__article__imgCapa newsContent__article__imgCapa--banner\"\n\t\t\t\t\tsrc=\"\"\n\t\t\t\t\tdata-promo-id=\"265372\"\t\t\t\t\t\t\t\t\t\t\t\t\t\t\talt=\"\"\n\t\t\t\t>\n\t\t\t<\/picture>\n\t\t<\/a>\n\t<\/p>\n\n\n\n\n\n<p>A opera\u00e7\u00e3o que foi conduzida com a Auren Comercializadora de Energia Ltda., controlada da <strong>Auren Energia<\/strong>, inclui a compra da totalidade das quotas representativas do <a class=\"suno-keyword\" data-force=\"no\" data-priority=\"2\" href=\"https:\/\/www.suno.com.br\/artigos\/capital-social\/\" target=\"_blank\" rel=\"noopener\">capital social<\/a> da Esfera Comercializadora de Energia Ltda. e da Esfera Energia Consultoria e Gest\u00e3o de Energia Ltda. O valor da <strong>compra da Esfera<\/strong> n\u00e3o foi revelada.<\/p>\n\n\n\n<p>Criada em 2015, a <strong>Esfera Energia <\/strong>possui 80 colaboradores, atende 570 grupos empresariais e gerencia cerca de 1.600 contratos de compra e venda de energia el\u00e9trica no mercado livre, al\u00e9m de ter 142 unidades geradoras em sua carteira. <\/p>\n\n\n\n<p>Em 2023, o <strong>faturamento da Esfera<\/strong> foi de R$ 324 milh\u00f5es.<\/p>\n\n\n\t<p>\n\t\t<a href=\"https:\/\/lp.suno.com.br\/ebook-como-analisar-uma-acao\/\" target=\"_blank\" data-element=\"shortcode-suno-banner\" title=\"Banner SUNO, clique e saiba mais\">\n\t\t\t<picture>\n\t\t\t\t<source media=\"(max-width: 500px)\" srcset=\"https:\/\/files.sunoresearch.com.br\/n\/uploads\/2023\/03\/Ebook-Acoes-Mobile.jpg\">\n\t\t\t\t<img class=\"newsContent__article__imgCapa newsContent__article__imgCapa--banner\"\n\t\t\t\t\tsrc=\"https:\/\/files.sunoresearch.com.br\/n\/uploads\/2023\/03\/Ebook-Acoes-Desktop.jpg\"\n\t\t\t\t\tdata-promo-id=\"378302\"\t\t\t\t\t\t\t\t\t\twidth='1420' height='286'\t\t\t\t\talt=\"https:\/\/files.sunoresearch.com.br\/n\/uploads\/2023\/03\/Ebook-Acoes-Desktop.jpg\"\n\t\t\t\t>\n\t\t\t<\/picture>\n\t\t<\/a>\n\t<\/p>\n\n\n\n\n\n<h2 class=\"wp-block-heading\">Auren (AURE3) vai \u00e0s compras: Esfera e AES Brasil (AESB3)<\/h2>\n\n\n\n<p>Duas semanas atr\u00e1s, a <strong>AURE3<\/strong> conclu\u00eda a compra da AES Brasil (AESB3), a segunda maior comercializadora de energia do pa\u00eds \u2013 que fica atr\u00e1s apenas da pr\u00f3pria Auren. <\/p>\n\n\n\n<p>Com a aquisi\u00e7\u00e3o da Esfera, a Auren refor\u00e7a sua posi\u00e7\u00e3o no mercado de energia, consolidando uma plataforma de comercializa\u00e7\u00e3o robusta e completa, voltada para a gest\u00e3o de energia para clientes de m\u00e9dio e grande portes, bem como no varejo. <\/p>\n\n\n\n<p>A opera\u00e7\u00e3o abre espa\u00e7o para a Auren aprimorar sua expertise em garantir aos seus clientes uma experi\u00eancia eficiente nas etapas de p\u00f3s-venda. A Esfera Energia manter\u00e1 sua independ\u00eancia e estrutura pr\u00f3pria.<\/p>\n\n\n\n<p>Esta aquisi\u00e7\u00e3o se alinha \u00e0 estrat\u00e9gia da Auren dos \u00faltimos anos em expandir suas opera\u00e7\u00f5es por meio de  empresas do setor, com parcerias e investimentos.<\/p>\n\n\n\n<p>Nos \u00faltimos anos, a Auren adquiriu participa\u00e7\u00f5es na Flora Energia Renov\u00e1vel, na Way2 Servi\u00e7os de Tecnologia e na Aquarela Inova\u00e7\u00e3o Tecnol\u00f3gica do Brasil, al\u00e9m de ter constitu\u00eddo uma joint-venture com a <a class=\"suno-keyword\" target=\"_blank\" data-force=\"yes\" data-priority=\"2\" href=\"https:\/\/www.suno.com.br\/acoes\/VIVT3\/\" rel=\"noopener\">Vivo (VIVT3)<\/a> em 2023 para comercializa\u00e7\u00e3o varejista de energia.<\/p>\n\n\n\n<p>A conclus\u00e3o da<strong> compra da Auren <\/strong>ainda est\u00e1 sujeita a aprova\u00e7\u00f5es regulat\u00f3rias da Ag\u00eancia Nacional de Energia El\u00e9trica (ANEEL), do Conselho Administrativo de Defesa Econ\u00f4mica (CADE) e da C\u00e2mara de Comercializa\u00e7\u00e3o de Energia El\u00e9trica (CCEE), com expectativa de finaliza\u00e7\u00e3o no segundo semestre de 2024. <\/p>\n\n\n\n<p>As <strong>a\u00e7\u00f5es da Auren<\/strong> nesta ter\u00e7a-feira (4) tiveram negocia\u00e7\u00f5es est\u00e1veis. No ano, o papel <strong>AURE3<\/strong> acumula uma queda de -8,80%, que \u00e9 ainda maior no espectro dos \u00faltimos 12 meses (-12,98%). <\/p>\n\n\n\t<p>\n\t\t<a href=\"https:\/\/lp.suno.com.br\/plataforma-de-controle-de-investimentos\/\" target=\"_blank\" data-element=\"shortcode-suno-banner\" title=\"Banner SUNO, clique e saiba mais\">\n\t\t\t<picture>\n\t\t\t\t<source media=\"(max-width: 500px)\" srcset=\"https:\/\/files.sunoresearch.com.br\/n\/uploads\/2023\/03\/400x300-Controle-de-Investimentos.png\">\n\t\t\t\t<img class=\"newsContent__article__imgCapa newsContent__article__imgCapa--banner\"\n\t\t\t\t\tsrc=\"https:\/\/files.sunoresearch.com.br\/n\/uploads\/2023\/03\/1420x240-Controle-de-Investimentos.png\"\n\t\t\t\t\tdata-promo-id=\"383162\"\t\t\t\t\t\t\t\t\t\twidth='1420' height='240'\t\t\t\t\talt=\"https:\/\/files.sunoresearch.com.br\/n\/uploads\/2023\/03\/1420x240-Controle-de-Investimentos.png\"\n\t\t\t\t>\n\t\t\t<\/picture>\n\t\t<\/a>\n\t<\/p>\n\n\n","protected":false},"excerpt":{"rendered":"<p>A Auren (AURE3) informou ao mercado nesta ter\u00e7a-feira (4) sobre a aquisi\u00e7\u00e3o de uma das principais gestoras de energia do Brasil, a Esfera Energia. Usina hidrel\u00e9trica de Tr\u00eas Irm\u00e3os, fruto de investimentos da Auren Energia &#8211; Foto: Divulga\u00e7\u00e3o\/Prefeitura de Pereira Barreto (SP) A opera\u00e7\u00e3o que foi conduzida com a Auren Comercializadora de Energia Ltda., controlada [&hellip;]<\/p>\n","protected":false},"author":283,"featured_media":331363,"comment_status":"closed","ping_status":"closed","sticky":false,"template":"","format":"standard","meta":[],"categories":[64],"tags":[106963,62812],"suno_strategy":[],"class_list":["post-559854","post","type-post","status-publish","format-standard","has-post-thumbnail","hentry","category-negocios","tag-auren-aure3","tag-fusoes-e-aquisicoes"],"yoast_head":"<!-- This site is optimized with the Yoast SEO plugin v24.4 - https:\/\/yoast.com\/wordpress\/plugins\/seo\/ -->\n<title>Auren (AURE3) compra 2\u00aa maior comercializadora de energia<\/title>\n<meta name=\"description\" content=\"A Auren (AURE3) informou ao mercado sobre a aquisi\u00e7\u00e3o de uma das principais gestoras de energia do Brasil, a Esfera Energia. Veja mais.\" \/>\n<meta name=\"robots\" content=\"index, follow, max-snippet:-1, max-image-preview:large, max-video-preview:-1\" \/>\n<link rel=\"canonical\" href=\"https:\/\/www.suno.com.br\/noticias\/auren-aure3-compra-esfera-comercializadora-energia-cpf\/\" \/>\n<meta property=\"og:locale\" content=\"pt_BR\" \/>\n<meta property=\"og:type\" content=\"article\" \/>\n<meta property=\"og:title\" content=\"Auren (AURE3) compra 2\u00aa maior comercializadora de energia\" \/>\n<meta property=\"og:description\" content=\"A Auren (AURE3) informou ao mercado sobre a aquisi\u00e7\u00e3o de uma das principais gestoras de energia do Brasil, a Esfera Energia. Veja mais.\" \/>\n<meta property=\"og:url\" content=\"https:\/\/www.suno.com.br\/noticias\/auren-aure3-compra-esfera-comercializadora-energia-cpf\/\" \/>\n<meta property=\"og:site_name\" content=\"Suno Not\u00edcias\" \/>\n<meta property=\"article:publisher\" content=\"https:\/\/facebook.com\/sunoresearch\" \/>\n<meta property=\"og:image\" content=\"https:\/\/files.sunoresearch.com.br\/n\/uploads\/2022\/12\/usina-hidreletrica-de-tres-irmaos-governo-de-pereira-barreto-sp.jpg\" \/>\n\t<meta property=\"og:image:width\" content=\"1374\" \/>\n\t<meta property=\"og:image:height\" content=\"919\" \/>\n\t<meta property=\"og:image:type\" content=\"image\/jpeg\" \/>\n<meta name=\"author\" content=\"Camila Paim\" \/>\n<meta name=\"twitter:card\" content=\"summary_large_image\" \/>\n<meta name=\"twitter:creator\" content=\"@sunoresearch\" \/>\n<meta name=\"twitter:site\" content=\"@sunoresearch\" \/>\n<meta name=\"twitter:label1\" content=\"Escrito por\" \/>\n\t<meta name=\"twitter:data1\" content=\"Camila Paim\" \/>\n\t<meta name=\"twitter:label2\" content=\"Est. tempo de leitura\" \/>\n\t<meta name=\"twitter:data2\" content=\"3 minutos\" \/>\n<script type=\"application\/ld+json\" class=\"yoast-schema-graph\">{\"@context\":\"https:\/\/schema.org\",\"@graph\":[{\"@type\":\"NewsArticle\",\"@id\":\"https:\/\/www.suno.com.br\/noticias\/auren-aure3-compra-esfera-comercializadora-energia-cpf\/#article\",\"isPartOf\":{\"@id\":\"https:\/\/www.suno.com.br\/noticias\/auren-aure3-compra-esfera-comercializadora-energia-cpf\/\"},\"author\":{\"name\":\"Camila Paim\",\"@id\":\"https:\/\/www.suno.com.br\/noticias\/#\/schema\/person\/f341d3ae5d1cc685176c9a5327cdfdbb\"},\"headline\":\"Auren (AURE3) adquire segunda maior comercializadora de energia do pa\u00eds\",\"datePublished\":\"2024-06-05T11:23:32+00:00\",\"dateModified\":\"2024-06-05T11:23:55+00:00\",\"mainEntityOfPage\":{\"@id\":\"https:\/\/www.suno.com.br\/noticias\/auren-aure3-compra-esfera-comercializadora-energia-cpf\/\"},\"wordCount\":428,\"publisher\":{\"@id\":\"https:\/\/www.suno.com.br\/noticias\/#organization\"},\"image\":{\"@id\":\"https:\/\/www.suno.com.br\/noticias\/auren-aure3-compra-esfera-comercializadora-energia-cpf\/#primaryimage\"},\"thumbnailUrl\":\"https:\/\/files.sunoresearch.com.br\/n\/uploads\/2022\/12\/usina-hidreletrica-de-tres-irmaos-governo-de-pereira-barreto-sp.jpg\",\"keywords\":[\"Auren (AURE3)\",\"fus\u00f5es e aquisi\u00e7\u00f5es\"],\"articleSection\":[\"Neg\u00f3cios\"],\"inLanguage\":\"pt-BR\"},{\"@type\":\"WebPage\",\"@id\":\"https:\/\/www.suno.com.br\/noticias\/auren-aure3-compra-esfera-comercializadora-energia-cpf\/\",\"url\":\"https:\/\/www.suno.com.br\/noticias\/auren-aure3-compra-esfera-comercializadora-energia-cpf\/\",\"name\":\"Auren (AURE3) compra 2\u00aa maior comercializadora de energia\",\"isPartOf\":{\"@id\":\"https:\/\/www.suno.com.br\/noticias\/#website\"},\"primaryImageOfPage\":{\"@id\":\"https:\/\/www.suno.com.br\/noticias\/auren-aure3-compra-esfera-comercializadora-energia-cpf\/#primaryimage\"},\"image\":{\"@id\":\"https:\/\/www.suno.com.br\/noticias\/auren-aure3-compra-esfera-comercializadora-energia-cpf\/#primaryimage\"},\"thumbnailUrl\":\"https:\/\/files.sunoresearch.com.br\/n\/uploads\/2022\/12\/usina-hidreletrica-de-tres-irmaos-governo-de-pereira-barreto-sp.jpg\",\"datePublished\":\"2024-06-05T11:23:32+00:00\",\"dateModified\":\"2024-06-05T11:23:55+00:00\",\"description\":\"A Auren (AURE3) informou ao mercado sobre a aquisi\u00e7\u00e3o de uma das principais gestoras de energia do Brasil, a Esfera Energia. Veja mais.\",\"breadcrumb\":{\"@id\":\"https:\/\/www.suno.com.br\/noticias\/auren-aure3-compra-esfera-comercializadora-energia-cpf\/#breadcrumb\"},\"inLanguage\":\"pt-BR\",\"potentialAction\":[{\"@type\":\"ReadAction\",\"target\":[\"https:\/\/www.suno.com.br\/noticias\/auren-aure3-compra-esfera-comercializadora-energia-cpf\/\"]}]},{\"@type\":\"ImageObject\",\"inLanguage\":\"pt-BR\",\"@id\":\"https:\/\/www.suno.com.br\/noticias\/auren-aure3-compra-esfera-comercializadora-energia-cpf\/#primaryimage\",\"url\":\"https:\/\/files.sunoresearch.com.br\/n\/uploads\/2022\/12\/usina-hidreletrica-de-tres-irmaos-governo-de-pereira-barreto-sp.jpg\",\"contentUrl\":\"https:\/\/files.sunoresearch.com.br\/n\/uploads\/2022\/12\/usina-hidreletrica-de-tres-irmaos-governo-de-pereira-barreto-sp.jpg\",\"width\":1374,\"height\":919,\"caption\":\"Usina hidrel\u00e9trica de Tr\u00eas Irm\u00e3os, fruto de investimentos da Auren Energia - Foto: Divulga\u00e7\u00e3o\/Prefeitura de Pereira Barreto (SP)\"},{\"@type\":\"BreadcrumbList\",\"@id\":\"https:\/\/www.suno.com.br\/noticias\/auren-aure3-compra-esfera-comercializadora-energia-cpf\/#breadcrumb\",\"itemListElement\":[{\"@type\":\"ListItem\",\"position\":1,\"name\":\"Not\u00edcias\",\"item\":\"https:\/\/www.suno.com.br\/noticias\/\"},{\"@type\":\"ListItem\",\"position\":2,\"name\":\"Neg\u00f3cios\",\"item\":\"https:\/\/www.suno.com.br\/noticias\/negocios\/\"},{\"@type\":\"ListItem\",\"position\":3,\"name\":\"Auren (AURE3) adquire segunda maior comercializadora de energia do pa\u00eds\"}]},{\"@type\":\"WebSite\",\"@id\":\"https:\/\/www.suno.com.br\/noticias\/#website\",\"url\":\"https:\/\/www.suno.com.br\/noticias\/\",\"name\":\"Suno Not\u00edcias\",\"description\":\"Seu portal de informa\u00e7\u00e3o sobre o mundo dos investimentos\",\"publisher\":{\"@id\":\"https:\/\/www.suno.com.br\/noticias\/#organization\"},\"potentialAction\":[{\"@type\":\"SearchAction\",\"target\":{\"@type\":\"EntryPoint\",\"urlTemplate\":\"https:\/\/www.suno.com.br\/noticias\/?s={search_term_string}\"},\"query-input\":{\"@type\":\"PropertyValueSpecification\",\"valueRequired\":true,\"valueName\":\"search_term_string\"}}],\"inLanguage\":\"pt-BR\"},{\"@type\":\"Organization\",\"@id\":\"https:\/\/www.suno.com.br\/noticias\/#organization\",\"name\":\"Suno Not\u00edcias\",\"url\":\"https:\/\/www.suno.com.br\/noticias\/\",\"logo\":{\"@type\":\"ImageObject\",\"inLanguage\":\"pt-BR\",\"@id\":\"https:\/\/www.suno.com.br\/noticias\/#\/schema\/logo\/image\/\",\"url\":\"https:\/\/files.sunoresearch.com.br\/n\/uploads\/2021\/09\/suno-logo.png\",\"contentUrl\":\"https:\/\/files.sunoresearch.com.br\/n\/uploads\/2021\/09\/suno-logo.png\",\"width\":180,\"height\":180,\"caption\":\"Suno Not\u00edcias\"},\"image\":{\"@id\":\"https:\/\/www.suno.com.br\/noticias\/#\/schema\/logo\/image\/\"},\"sameAs\":[\"https:\/\/facebook.com\/sunoresearch\",\"https:\/\/x.com\/sunoresearch\",\"https:\/\/www.instagram.com\/suno\",\"https:\/\/www.linkedin.com\/company\/suno-research\/\",\"https:\/\/www.youtube.com\/c\/sunoresearch\"]},{\"@type\":\"Person\",\"@id\":\"https:\/\/www.suno.com.br\/noticias\/#\/schema\/person\/f341d3ae5d1cc685176c9a5327cdfdbb\",\"name\":\"Camila Paim\",\"image\":{\"@type\":\"ImageObject\",\"inLanguage\":\"pt-BR\",\"@id\":\"https:\/\/www.suno.com.br\/noticias\/#\/schema\/person\/image\/\",\"url\":\"https:\/\/secure.gravatar.com\/avatar\/f33728e65febb1aa7ecf6792956f9b20?s=96&r=g\",\"contentUrl\":\"https:\/\/secure.gravatar.com\/avatar\/f33728e65febb1aa7ecf6792956f9b20?s=96&r=g\",\"caption\":\"Camila Paim\"},\"description\":\"Jornalista formada pela USP, tem experi\u00eancia em reda\u00e7\u00f5es, SEO, Branded Content e Webdesign. Com passagem pelo Jornal da USP, Empiricus e C6 Bank, hoje \u00e9 rep\u00f3rter no Suno Not\u00edcias cobrindo macroeconomia, finan\u00e7as pessoais e startups.\",\"url\":\"https:\/\/www.suno.com.br\/noticias\/author\/camila-figueiredosuno-com-br\/\"}]}<\/script>\n<!-- \/ Yoast SEO plugin. -->","yoast_head_json":{"title":"Auren (AURE3) compra 2\u00aa maior comercializadora de energia","description":"A Auren (AURE3) informou ao mercado sobre a aquisi\u00e7\u00e3o de uma das principais gestoras de energia do Brasil, a Esfera Energia. Veja mais.","robots":{"index":"index","follow":"follow","max-snippet":"max-snippet:-1","max-image-preview":"max-image-preview:large","max-video-preview":"max-video-preview:-1"},"canonical":"https:\/\/www.suno.com.br\/noticias\/auren-aure3-compra-esfera-comercializadora-energia-cpf\/","og_locale":"pt_BR","og_type":"article","og_title":"Auren (AURE3) compra 2\u00aa maior comercializadora de energia","og_description":"A Auren (AURE3) informou ao mercado sobre a aquisi\u00e7\u00e3o de uma das principais gestoras de energia do Brasil, a Esfera Energia. Veja mais.","og_url":"https:\/\/www.suno.com.br\/noticias\/auren-aure3-compra-esfera-comercializadora-energia-cpf\/","og_site_name":"Suno Not\u00edcias","article_publisher":"https:\/\/facebook.com\/sunoresearch","og_image":[{"width":1374,"height":919,"url":"https:\/\/files.sunoresearch.com.br\/n\/uploads\/2022\/12\/usina-hidreletrica-de-tres-irmaos-governo-de-pereira-barreto-sp.jpg","type":"image\/jpeg"}],"author":"Camila Paim","twitter_card":"summary_large_image","twitter_creator":"@sunoresearch","twitter_site":"@sunoresearch","twitter_misc":{"Escrito por":"Camila Paim","Est. tempo de leitura":"3 minutos"},"schema":{"@context":"https:\/\/schema.org","@graph":[{"@type":"NewsArticle","@id":"https:\/\/www.suno.com.br\/noticias\/auren-aure3-compra-esfera-comercializadora-energia-cpf\/#article","isPartOf":{"@id":"https:\/\/www.suno.com.br\/noticias\/auren-aure3-compra-esfera-comercializadora-energia-cpf\/"},"author":{"name":"Camila Paim","@id":"https:\/\/www.suno.com.br\/noticias\/#\/schema\/person\/f341d3ae5d1cc685176c9a5327cdfdbb"},"headline":"Auren (AURE3) adquire segunda maior comercializadora de energia do pa\u00eds","datePublished":"2024-06-05T11:23:32+00:00","dateModified":"2024-06-05T11:23:55+00:00","mainEntityOfPage":{"@id":"https:\/\/www.suno.com.br\/noticias\/auren-aure3-compra-esfera-comercializadora-energia-cpf\/"},"wordCount":428,"publisher":{"@id":"https:\/\/www.suno.com.br\/noticias\/#organization"},"image":{"@id":"https:\/\/www.suno.com.br\/noticias\/auren-aure3-compra-esfera-comercializadora-energia-cpf\/#primaryimage"},"thumbnailUrl":"https:\/\/files.sunoresearch.com.br\/n\/uploads\/2022\/12\/usina-hidreletrica-de-tres-irmaos-governo-de-pereira-barreto-sp.jpg","keywords":["Auren (AURE3)","fus\u00f5es e aquisi\u00e7\u00f5es"],"articleSection":["Neg\u00f3cios"],"inLanguage":"pt-BR"},{"@type":"WebPage","@id":"https:\/\/www.suno.com.br\/noticias\/auren-aure3-compra-esfera-comercializadora-energia-cpf\/","url":"https:\/\/www.suno.com.br\/noticias\/auren-aure3-compra-esfera-comercializadora-energia-cpf\/","name":"Auren (AURE3) compra 2\u00aa maior comercializadora de energia","isPartOf":{"@id":"https:\/\/www.suno.com.br\/noticias\/#website"},"primaryImageOfPage":{"@id":"https:\/\/www.suno.com.br\/noticias\/auren-aure3-compra-esfera-comercializadora-energia-cpf\/#primaryimage"},"image":{"@id":"https:\/\/www.suno.com.br\/noticias\/auren-aure3-compra-esfera-comercializadora-energia-cpf\/#primaryimage"},"thumbnailUrl":"https:\/\/files.sunoresearch.com.br\/n\/uploads\/2022\/12\/usina-hidreletrica-de-tres-irmaos-governo-de-pereira-barreto-sp.jpg","datePublished":"2024-06-05T11:23:32+00:00","dateModified":"2024-06-05T11:23:55+00:00","description":"A Auren (AURE3) informou ao mercado sobre a aquisi\u00e7\u00e3o de uma das principais gestoras de energia do Brasil, a Esfera Energia. Veja mais.","breadcrumb":{"@id":"https:\/\/www.suno.com.br\/noticias\/auren-aure3-compra-esfera-comercializadora-energia-cpf\/#breadcrumb"},"inLanguage":"pt-BR","potentialAction":[{"@type":"ReadAction","target":["https:\/\/www.suno.com.br\/noticias\/auren-aure3-compra-esfera-comercializadora-energia-cpf\/"]}]},{"@type":"ImageObject","inLanguage":"pt-BR","@id":"https:\/\/www.suno.com.br\/noticias\/auren-aure3-compra-esfera-comercializadora-energia-cpf\/#primaryimage","url":"https:\/\/files.sunoresearch.com.br\/n\/uploads\/2022\/12\/usina-hidreletrica-de-tres-irmaos-governo-de-pereira-barreto-sp.jpg","contentUrl":"https:\/\/files.sunoresearch.com.br\/n\/uploads\/2022\/12\/usina-hidreletrica-de-tres-irmaos-governo-de-pereira-barreto-sp.jpg","width":1374,"height":919,"caption":"Usina hidrel\u00e9trica de Tr\u00eas Irm\u00e3os, fruto de investimentos da Auren Energia - Foto: Divulga\u00e7\u00e3o\/Prefeitura de Pereira Barreto (SP)"},{"@type":"BreadcrumbList","@id":"https:\/\/www.suno.com.br\/noticias\/auren-aure3-compra-esfera-comercializadora-energia-cpf\/#breadcrumb","itemListElement":[{"@type":"ListItem","position":1,"name":"Not\u00edcias","item":"https:\/\/www.suno.com.br\/noticias\/"},{"@type":"ListItem","position":2,"name":"Neg\u00f3cios","item":"https:\/\/www.suno.com.br\/noticias\/negocios\/"},{"@type":"ListItem","position":3,"name":"Auren (AURE3) adquire segunda maior comercializadora de energia do pa\u00eds"}]},{"@type":"WebSite","@id":"https:\/\/www.suno.com.br\/noticias\/#website","url":"https:\/\/www.suno.com.br\/noticias\/","name":"Suno Not\u00edcias","description":"Seu portal de informa\u00e7\u00e3o sobre o mundo dos investimentos","publisher":{"@id":"https:\/\/www.suno.com.br\/noticias\/#organization"},"potentialAction":[{"@type":"SearchAction","target":{"@type":"EntryPoint","urlTemplate":"https:\/\/www.suno.com.br\/noticias\/?s={search_term_string}"},"query-input":{"@type":"PropertyValueSpecification","valueRequired":true,"valueName":"search_term_string"}}],"inLanguage":"pt-BR"},{"@type":"Organization","@id":"https:\/\/www.suno.com.br\/noticias\/#organization","name":"Suno Not\u00edcias","url":"https:\/\/www.suno.com.br\/noticias\/","logo":{"@type":"ImageObject","inLanguage":"pt-BR","@id":"https:\/\/www.suno.com.br\/noticias\/#\/schema\/logo\/image\/","url":"https:\/\/files.sunoresearch.com.br\/n\/uploads\/2021\/09\/suno-logo.png","contentUrl":"https:\/\/files.sunoresearch.com.br\/n\/uploads\/2021\/09\/suno-logo.png","width":180,"height":180,"caption":"Suno Not\u00edcias"},"image":{"@id":"https:\/\/www.suno.com.br\/noticias\/#\/schema\/logo\/image\/"},"sameAs":["https:\/\/facebook.com\/sunoresearch","https:\/\/x.com\/sunoresearch","https:\/\/www.instagram.com\/suno","https:\/\/www.linkedin.com\/company\/suno-research\/","https:\/\/www.youtube.com\/c\/sunoresearch"]},{"@type":"Person","@id":"https:\/\/www.suno.com.br\/noticias\/#\/schema\/person\/f341d3ae5d1cc685176c9a5327cdfdbb","name":"Camila Paim","image":{"@type":"ImageObject","inLanguage":"pt-BR","@id":"https:\/\/www.suno.com.br\/noticias\/#\/schema\/person\/image\/","url":"https:\/\/secure.gravatar.com\/avatar\/f33728e65febb1aa7ecf6792956f9b20?s=96&r=g","contentUrl":"https:\/\/secure.gravatar.com\/avatar\/f33728e65febb1aa7ecf6792956f9b20?s=96&r=g","caption":"Camila Paim"},"description":"Jornalista formada pela USP, tem experi\u00eancia em reda\u00e7\u00f5es, SEO, Branded Content e Webdesign. Com passagem pelo Jornal da USP, Empiricus e C6 Bank, hoje \u00e9 rep\u00f3rter no Suno Not\u00edcias cobrindo macroeconomia, finan\u00e7as pessoais e startups.","url":"https:\/\/www.suno.com.br\/noticias\/author\/camila-figueiredosuno-com-br\/"}]}},"default_loop_html":"<div class=\"cardsPage__listCard__boxs\"><div class=\"cardsPage__listCard__boxs__img\"><a href=\"https:\/\/www.suno.com.br\/noticias\/auren-aure3-compra-esfera-comercializadora-energia-cpf\/\"><img class=\"mask\" src=\"https:\/\/www.suno.com.br\/noticias\/wp-content\/themes\/suno\/resources\/images\/spotlight\/spotlight1img\/bg-mask.png\" alt=\"Image Mask\"\/><img src=\"https:\/\/files.sunoresearch.com.br\/n\/uploads\/2022\/12\/usina-hidreletrica-de-tres-irmaos-governo-de-pereira-barreto-sp-400x200.jpg\" alt=\"Auren (AURE3) adquire segunda maior comercializadora de energia do pa\u00eds\"\/><\/a><span class=\"spotlightCategory\"><a href=\"https:\/\/www.suno.com.br\/noticias\/negocios\/\">Neg\u00f3cios<\/a><\/span><\/div><div class=\"cardsPage__listCard__boxs__content\"><a href=\"https:\/\/www.suno.com.br\/noticias\/auren-aure3-compra-esfera-comercializadora-energia-cpf\/\"><h2 class=\"content__title\">Auren (AURE3) adquire segunda maior comercializadora de energia do pa\u00eds<\/h2><\/a><div class=\"newsContent__article__meta\"><div class=\"newsContent__article__meta__authorBox\"><a href=\"https:\/\/www.suno.com.br\/noticias\/author\/camila-figueiredosuno-com-br\/\" class=\"authorBox__avatar noMobi\"><img src=\"https:\/\/files.sunoresearch.com.br\/n\/uploads\/2024\/05\/camila-paim-square-150x150.jpg\" alt=\"Camila Paim\"><\/a><div class=\"authorBox__name\"><span>por\n\t\t\t<a href=\"https:\/\/www.suno.com.br\/noticias\/author\/camila-figueiredosuno-com-br\/\"><span itemprop=\"author\">Camila Paim<\/span><\/a><\/span><time datetime=\"2024-06-05T08:23:32-03:00\" itemprop=\"datePublished\">05\/06\/2024 08:23<\/time><\/div><\/div><\/div><\/div><\/div>","single_layout":"posts","amp_enabled":true,"_links":{"self":[{"href":"https:\/\/www.suno.com.br\/noticias\/wp-json\/wp\/v2\/posts\/559854"}],"collection":[{"href":"https:\/\/www.suno.com.br\/noticias\/wp-json\/wp\/v2\/posts"}],"about":[{"href":"https:\/\/www.suno.com.br\/noticias\/wp-json\/wp\/v2\/types\/post"}],"author":[{"embeddable":true,"href":"https:\/\/www.suno.com.br\/noticias\/wp-json\/wp\/v2\/users\/283"}],"replies":[{"embeddable":true,"href":"https:\/\/www.suno.com.br\/noticias\/wp-json\/wp\/v2\/comments?post=559854"}],"version-history":[{"count":3,"href":"https:\/\/www.suno.com.br\/noticias\/wp-json\/wp\/v2\/posts\/559854\/revisions"}],"predecessor-version":[{"id":559863,"href":"https:\/\/www.suno.com.br\/noticias\/wp-json\/wp\/v2\/posts\/559854\/revisions\/559863"}],"wp:featuredmedia":[{"embeddable":true,"href":"https:\/\/www.suno.com.br\/noticias\/wp-json\/wp\/v2\/media\/331363"}],"wp:attachment":[{"href":"https:\/\/www.suno.com.br\/noticias\/wp-json\/wp\/v2\/media?parent=559854"}],"wp:term":[{"taxonomy":"category","embeddable":true,"href":"https:\/\/www.suno.com.br\/noticias\/wp-json\/wp\/v2\/categories?post=559854"},{"taxonomy":"post_tag","embeddable":true,"href":"https:\/\/www.suno.com.br\/noticias\/wp-json\/wp\/v2\/tags?post=559854"},{"taxonomy":"suno_strategy","embeddable":true,"href":"https:\/\/www.suno.com.br\/noticias\/wp-json\/wp\/v2\/suno_strategy?post=559854"}],"curies":[{"name":"wp","href":"https:\/\/api.w.org\/{rel}","templated":true}]}}