{"id":559801,"date":"2024-06-04T22:11:33","date_gmt":"2024-06-05T01:11:33","guid":{"rendered":"https:\/\/www.suno.com.br\/noticias\/?p=559801"},"modified":"2024-06-04T22:14:28","modified_gmt":"2024-06-05T01:14:28","slug":"embraer-embr3-mexicana-jatos-recomendacoes-adr-mm","status":"publish","type":"post","link":"https:\/\/www.suno.com.br\/noticias\/embraer-embr3-mexicana-jatos-recomendacoes-adr-mm\/","title":{"rendered":"Ap\u00f3s empresa mexicana fechar pedido com 20 jatos da Embraer (EMBR3), analistas recomendam compra dos ADRs"},"content":{"rendered":"<p>O BTG e o Santander reiteraram a recomenda\u00e7\u00e3o de compra para os ADRs da <a href=\"https:\/\/www.suno.com.br\/acoes\/embr3\/\"><strong>Embraer<\/strong> (EMBR3)<\/a>, com pre\u00e7o-alvo definido pelos bancos a US$ 32 e US$ 38, respectivamente. Os pap\u00e9is da Embraer s\u00e3o negociados hoje a US$ 28,61. A sugest\u00e3o dos analistas foi feita ap\u00f3s a empresa de aeronaves afirmar, em comunicado na segunda-feira (3), que a companhia a\u00e9rea estatal Mexicana de Aviaci\u00f3n fez um pedido de 20 jatos E2 com entregas previstas para come\u00e7ar no segundo trimestre de 2025. <\/p>\t<div class=\"wrapper-featured-image\">\n\t\t<figure class=\"spotlightImg\">\n\n\t\t\t<picture>\n\t\t\t\t<source media=\"(max-width: 768px)\" srcset=\"https:\/\/files.sunoresearch.com.br\/n\/uploads\/2023\/12\/embraer-embr3-400x200.jpg\">\n\t\t\t\t<img loading=\"lazy\" decoding=\"async\" class=\"newsContent__article__imgCapa lazyloadDisabled \" src=\"https:\/\/files.sunoresearch.com.br\/n\/uploads\/2023\/12\/embraer-embr3-800x450.jpg\" width=\"800\" height=\"450\" alt=\"Ap\u00f3s empresa mexicana fechar pedido com 20 jatos da Embraer (EMBR3), analistas recomendam compra dos ADRs\" fetchpriority=high \/>\n\t\t\t<\/picture>\n\n\t\t\t<figcaption class=\"wp-caption-text wp-caption-text--show\">Embraer emite US$ 1 bilh\u00e3o em t\u00edtulos de d\u00edvida com vencimento em 2038. Foto: Reprodu\u00e7\u00e3o\/ Embraer<\/figcaption>\n\t\t<\/figure>\n\t<\/div>\n\n\n\n\n\n\t<p>\n\t\t<a href=\"https:\/\/lp.suno.com.br\/planilha-da-vida-financeira\/\" target=\"_blank\" data-element=\"shortcode-suno-banner\" title=\"Banner SUNO, clique e saiba mais\">\n\t\t\t<picture>\n\t\t\t\t<source media=\"(max-width: 500px)\" srcset=\"https:\/\/files.sunoresearch.com.br\/n\/uploads\/2023\/04\/400x300-Planilha-vida-financeira-true.png\">\n\t\t\t\t<img class=\"newsContent__article__imgCapa newsContent__article__imgCapa--banner\"\n\t\t\t\t\tsrc=\"https:\/\/files.sunoresearch.com.br\/n\/uploads\/2023\/04\/1420x240-Planilha-vida-financeira-true.png\"\n\t\t\t\t\tdata-promo-id=\"106682\"\t\t\t\t\t\t\t\t\t\twidth='1420' height='240'\t\t\t\t\talt=\"https:\/\/files.sunoresearch.com.br\/n\/uploads\/2023\/04\/1420x240-Planilha-vida-financeira-true.png\"\n\t\t\t\t>\n\t\t\t<\/picture>\n\t\t<\/a>\n\t<\/p>\n\n\n\n\n\n<p>O <strong>pedido dos jatos da Embraer<\/strong> \u00e9 bem avaliado pelos estrategistas porque a <strong>Mexicana<\/strong> ser\u00e1 a primeira operadora dos E2 no M\u00e9xico, o que pode abrir caminho para a entrada desses modelos da Embraer no mercado dos Estados Unidos. <\/p>\n\n\n\n<p>Os estrategistas do BTG e do Santander calculam que o pedido de 20 <strong>jatos E2 da Embraer <\/strong>pode representar um acr\u00e9scimo de aproximadamente US$ 0,8 bilh\u00e3o na carteira de <strong>pedidos da Embraer<\/strong>, um aumento de cerca de 4% em rela\u00e7\u00e3o ao backlog divulgado no primeiro trimestre deste ano (1T24). <\/p>\n\n\n\n<p>Al\u00e9m disso, segundo os bancos, o desenvolvimento tamb\u00e9m \u00e9 visto como positivo para a Embraer, indicando um poss\u00edvel aumento na demanda pela fam\u00edlia <strong>E2 na Am\u00e9rica do Norte<\/strong>, ajudando a manter a rela\u00e7\u00e3o entre pedidos e entregas acima de 1,0x neste ano.<\/p>\n\n\n\n<p>Outra observa\u00e7\u00e3o do BTG e do Santander ap\u00f3s o comunicado: como a Mexicana \u00e9 uma operadora jovem e ir\u00e1 utilizar aeronaves da Embraer, h\u00e1 potencial para que a companhia a\u00e9rea se torne um cliente importante dos E2 a m\u00e9dio e <a class=\"suno-keyword\" data-force=\"no\" data-priority=\"1\" href=\"https:\/\/www.suno.com.br\/artigos\/longo-prazo\/\" target=\"_blank\" rel=\"noopener\">longo prazo<\/a>, o que pode favorecer a expans\u00e3o das margens das aeronaves.<\/p>\n\n\n\n<p>&#8220;A Embraer tamb\u00e9m possui campanhas comerciais totalizando cerca de 200 aeronaves em v\u00e1rias regi\u00f5es. Estamos otimistas em rela\u00e7\u00e3o \u00e0s suas campanhas na ind\u00fastria de Defesa, j\u00e1 que a aeronave C-390 Millennium da Embraer tem tido sucesso constante em campanhas comerciais em todo o mundo&#8221;, escrevem os analistas do BTG. <\/p>\n\n\n\n<p>Os relat\u00f3rios lembram que as negocia\u00e7\u00f5es da Mexicana com a <strong>Boeing<\/strong> (<a class=\"suno-keyword\" target=\"_blank\" data-force=\"yes\" data-priority=\"2\" href=\"https:\/\/www.suno.com.br\/bdrs\/boei34\/\" rel=\"noopener\">BOEI34<\/a>) para a aquisi\u00e7\u00e3o de mais aeronaves n\u00e3o avan\u00e7aram, possivelmente devido aos prazos de entrega estendidos da fabricante norte-americana. Em contraste, a Embraer tem disponibilidade de slots de produ\u00e7\u00e3o para o pr\u00f3ximo ano, o que viabiliza o plano de crescimento da Mexicana.<\/p>\n\n\n\t<p>\n\t\t<a href=\"https:\/\/lp.suno.com.br\/ebook-como-analisar-uma-acao\/\" target=\"_blank\" data-element=\"shortcode-suno-banner\" title=\"Banner SUNO, clique e saiba mais\">\n\t\t\t<picture>\n\t\t\t\t<source media=\"(max-width: 500px)\" srcset=\"https:\/\/files.sunoresearch.com.br\/n\/uploads\/2023\/03\/Ebook-Acoes-Mobile.jpg\">\n\t\t\t\t<img class=\"newsContent__article__imgCapa newsContent__article__imgCapa--banner\"\n\t\t\t\t\tsrc=\"https:\/\/files.sunoresearch.com.br\/n\/uploads\/2023\/03\/Ebook-Acoes-Desktop.jpg\"\n\t\t\t\t\tdata-promo-id=\"378302\"\t\t\t\t\t\t\t\t\t\twidth='1420' height='286'\t\t\t\t\talt=\"https:\/\/files.sunoresearch.com.br\/n\/uploads\/2023\/03\/Ebook-Acoes-Desktop.jpg\"\n\t\t\t\t>\n\t\t\t<\/picture>\n\t\t<\/a>\n\t<\/p>\n\n\n\n\n\n<h2 class=\"wp-block-heading\">Redu\u00e7\u00e3o de preju\u00edzo da Embraer em 86,2% chama aten\u00e7\u00e3o do mercado financeiro<\/h2>\n\n\n\n<p>O <a class=\"suno-keyword\" target=\"_blank\" data-force=\"no\" data-priority=\"2\" href=\"https:\/\/www.suno.com.br\/guias\/mercado-financeiro\/\" rel=\"noopener\">mercado financeiro<\/a> viu com bons olhos o <strong>balan\u00e7o da Embraer<\/strong> divulgado no dia 7 de maio. Nele, a companhia aponta que registrou um preju\u00edzo l\u00edquido ajustado de R$ 63,5 milh\u00f5es no primeiro trimestre de 2024 (1T24), uma redu\u00e7\u00e3o de 86,2% em compara\u00e7\u00e3o ao preju\u00edzo de R$ 460,5 milh\u00f5es no mesmo per\u00edodo do ano anterior. A empresa tamb\u00e9m divulgou suas proje\u00e7\u00f5es para 2024.<\/p>\n\n\n\n<p>De janeiro a mar\u00e7o, considerando o resultado atribu\u00eddo aos acionistas, a Embraer apresentou um lucro de R$ 142,7 milh\u00f5es, ante lucro de R$ 943,6 milh\u00f5es no primeiro trimestre de 2023.<\/p>\n\n\n\n<p>O <a class=\"suno-keyword\" target=\"_blank\" data-force=\"no\" data-priority=\"1\" href=\"https:\/\/www.suno.com.br\/artigos\/ebitda-ajustado\/\" rel=\"noopener\">Ebitda ajustado<\/a> (lucro antes de juros, impostos, <a class=\"suno-keyword\" target=\"_blank\" data-force=\"no\" data-priority=\"1\" href=\"https:\/\/www.suno.com.br\/artigos\/depreciacao-amortizacao\/\" rel=\"noopener\">deprecia\u00e7\u00e3o e amortiza\u00e7\u00e3o<\/a>) alcan\u00e7ou R$ 233,7 milh\u00f5es no primeiro trimestre, comparado aos R$ 53,9 milh\u00f5es do mesmo per\u00edodo do ano anterior.<\/p>\n\n\n\n<p>Assim, a <a class=\"suno-keyword\" target=\"_blank\" data-force=\"no\" data-priority=\"1\" href=\"https:\/\/www.suno.com.br\/artigos\/margem-ebitda\/\" rel=\"noopener\">margem Ebitda<\/a> ajustada foi positiva em 5,3% no per\u00edodo, em compara\u00e7\u00e3o com 1,4% positiva um ano antes.<\/p>\n\n\n\n<p>A Embraer entregou 25 jatos no primeiro trimestre, sendo 7 comerciais (3 E1-175 e 4 E2-195) e 18 executivos (11 leves e 7 m\u00e9dios), um aumento de 67% em rela\u00e7\u00e3o \u00e0s 15 aeronaves entregues no 1T23.<\/p>\n\n\n\n<p>A <strong>receita l\u00edquida da Embraer <\/strong>foi de R$ 4,448 bilh\u00f5es no per\u00edodo de janeiro a mar\u00e7o de 2024, um aumento de 19% em rela\u00e7\u00e3o aos R$ 3,726 bilh\u00f5es registrados no 1T23. &#8220;Destaque para a Avia\u00e7\u00e3o Executiva, com crescimento de 2,6 vezes durante o per\u00edodo (de R$ 0,5 bilh\u00e3o no 1T23 para R$ 1,2 bilh\u00e3o no 1T24)&#8221;, informou a empresa.<\/p>\n\n\n\n<p>A unidade de defesa e seguran\u00e7a teve uma queda de 21% no per\u00edodo, com receita de R$ 400 milh\u00f5es. Na unidade de avia\u00e7\u00e3o comercial, a receita totalizou R$ 1 bilh\u00e3o, uma redu\u00e7\u00e3o de 3,5% em rela\u00e7\u00e3o ao ano anterior. Em servi\u00e7os e suporte, as receitas somaram R$ 1,8 bilh\u00e3o, um aumento de 7% em rela\u00e7\u00e3o ao ano anterior.<\/p>\n\n\n\n<p>A carteira de pedidos total da <strong>Embraer <\/strong>alcan\u00e7ou US$ 21,1 bilh\u00f5es no 1T24. Nesta ter\u00e7a (4), os pap\u00e9is da Embraer negociados no Ibovespa tiveram alta de 2,58%, cotados a R$ 37,68.<\/p>\n\n\n\t<p>\n\t\t<a href=\"https:\/\/lp.suno.com.br\/planilha-da-vida-financeira\/\" target=\"_blank\" data-element=\"shortcode-suno-banner\" title=\"Banner SUNO, clique e saiba mais\">\n\t\t\t<picture>\n\t\t\t\t<source media=\"(max-width: 500px)\" srcset=\"https:\/\/files.sunoresearch.com.br\/n\/uploads\/2023\/04\/400x300-Planilha-vida-financeira-true.png\">\n\t\t\t\t<img class=\"newsContent__article__imgCapa newsContent__article__imgCapa--banner\"\n\t\t\t\t\tsrc=\"https:\/\/files.sunoresearch.com.br\/n\/uploads\/2023\/04\/1420x240-Planilha-vida-financeira-true.png\"\n\t\t\t\t\tdata-promo-id=\"383123\"\t\t\t\t\t\t\t\t\t\twidth='1420' height='240'\t\t\t\t\talt=\"https:\/\/files.sunoresearch.com.br\/n\/uploads\/2023\/04\/1420x240-Planilha-vida-financeira-true.png\"\n\t\t\t\t>\n\t\t\t<\/picture>\n\t\t<\/a>\n\t<\/p>\n\n\n","protected":false},"excerpt":{"rendered":"<p>O BTG e o Santander reiteraram a recomenda\u00e7\u00e3o de compra para os ADRs da Embraer (EMBR3), com pre\u00e7o-alvo definido pelos bancos a US$ 32 e US$ 38, respectivamente. Os pap\u00e9is da Embraer s\u00e3o negociados hoje a US$ 28,61. A sugest\u00e3o dos analistas foi feita ap\u00f3s a empresa de aeronaves afirmar, em comunicado na segunda-feira (3), [&hellip;]<\/p>\n","protected":false},"author":345,"featured_media":494623,"comment_status":"closed","ping_status":"closed","sticky":false,"template":"","format":"standard","meta":[],"categories":[64],"tags":[286,1041,460],"suno_strategy":[],"class_list":["post-559801","post","type-post","status-publish","format-standard","has-post-thumbnail","hentry","category-negocios","tag-acoes","tag-adrs","tag-embraer-embr3"],"yoast_head":"<!-- This site is optimized with the Yoast SEO plugin v24.4 - https:\/\/yoast.com\/wordpress\/plugins\/seo\/ -->\n<title>Empresa mexicana encomenda 20 jatos E2 da Embraer (EMBR3)<\/title>\n<meta name=\"description\" content=\"BTG e Santander recomendam compra para os ADRs da Embraer (EMBR3), com pre\u00e7o-alvo definido pelos bancos a US$ 32 e US$ 38, respectivamente.\" \/>\n<meta name=\"robots\" content=\"index, follow, max-snippet:-1, max-image-preview:large, max-video-preview:-1\" \/>\n<link rel=\"canonical\" href=\"https:\/\/www.suno.com.br\/noticias\/embraer-embr3-mexicana-jatos-recomendacoes-adr-mm\/\" \/>\n<meta property=\"og:locale\" content=\"pt_BR\" \/>\n<meta property=\"og:type\" content=\"article\" \/>\n<meta property=\"og:title\" content=\"Empresa mexicana encomenda 20 jatos E2 da Embraer (EMBR3)\" \/>\n<meta property=\"og:description\" content=\"BTG e Santander recomendam compra para os ADRs da Embraer (EMBR3), com pre\u00e7o-alvo definido pelos bancos a US$ 32 e US$ 38, respectivamente.\" \/>\n<meta property=\"og:url\" content=\"https:\/\/www.suno.com.br\/noticias\/embraer-embr3-mexicana-jatos-recomendacoes-adr-mm\/\" \/>\n<meta property=\"og:site_name\" content=\"Suno Not\u00edcias\" \/>\n<meta property=\"article:publisher\" content=\"https:\/\/facebook.com\/sunoresearch\" \/>\n<meta property=\"og:image\" content=\"https:\/\/files.sunoresearch.com.br\/n\/uploads\/2023\/12\/embraer-embr3.jpg\" \/>\n\t<meta property=\"og:image:width\" content=\"1200\" \/>\n\t<meta property=\"og:image:height\" content=\"800\" \/>\n\t<meta property=\"og:image:type\" content=\"image\/jpeg\" \/>\n<meta name=\"author\" content=\"Murilo Melo\" \/>\n<meta name=\"twitter:card\" content=\"summary_large_image\" \/>\n<meta name=\"twitter:creator\" content=\"@sunoresearch\" \/>\n<meta name=\"twitter:site\" content=\"@sunoresearch\" \/>\n<meta name=\"twitter:label1\" content=\"Escrito por\" \/>\n\t<meta name=\"twitter:data1\" content=\"Murilo Melo\" \/>\n\t<meta name=\"twitter:label2\" content=\"Est. tempo de leitura\" \/>\n\t<meta name=\"twitter:data2\" content=\"4 minutos\" \/>\n<script type=\"application\/ld+json\" class=\"yoast-schema-graph\">{\"@context\":\"https:\/\/schema.org\",\"@graph\":[{\"@type\":\"NewsArticle\",\"@id\":\"https:\/\/www.suno.com.br\/noticias\/embraer-embr3-mexicana-jatos-recomendacoes-adr-mm\/#article\",\"isPartOf\":{\"@id\":\"https:\/\/www.suno.com.br\/noticias\/embraer-embr3-mexicana-jatos-recomendacoes-adr-mm\/\"},\"author\":{\"name\":\"Murilo Melo\",\"@id\":\"https:\/\/www.suno.com.br\/noticias\/#\/schema\/person\/32d4feb215afe4b317d446bb442400dd\"},\"headline\":\"Ap\u00f3s empresa mexicana fechar pedido com 20 jatos da Embraer (EMBR3), analistas recomendam compra dos ADRs\",\"datePublished\":\"2024-06-05T01:11:33+00:00\",\"dateModified\":\"2024-06-05T01:14:28+00:00\",\"mainEntityOfPage\":{\"@id\":\"https:\/\/www.suno.com.br\/noticias\/embraer-embr3-mexicana-jatos-recomendacoes-adr-mm\/\"},\"wordCount\":763,\"publisher\":{\"@id\":\"https:\/\/www.suno.com.br\/noticias\/#organization\"},\"image\":{\"@id\":\"https:\/\/www.suno.com.br\/noticias\/embraer-embr3-mexicana-jatos-recomendacoes-adr-mm\/#primaryimage\"},\"thumbnailUrl\":\"https:\/\/files.sunoresearch.com.br\/n\/uploads\/2023\/12\/embraer-embr3.jpg\",\"keywords\":[\"A\u00e7\u00f5es\",\"ADRs\",\"Embraer (EMBR3)\"],\"articleSection\":[\"Neg\u00f3cios\"],\"inLanguage\":\"pt-BR\"},{\"@type\":\"WebPage\",\"@id\":\"https:\/\/www.suno.com.br\/noticias\/embraer-embr3-mexicana-jatos-recomendacoes-adr-mm\/\",\"url\":\"https:\/\/www.suno.com.br\/noticias\/embraer-embr3-mexicana-jatos-recomendacoes-adr-mm\/\",\"name\":\"Empresa mexicana encomenda 20 jatos E2 da Embraer (EMBR3)\",\"isPartOf\":{\"@id\":\"https:\/\/www.suno.com.br\/noticias\/#website\"},\"primaryImageOfPage\":{\"@id\":\"https:\/\/www.suno.com.br\/noticias\/embraer-embr3-mexicana-jatos-recomendacoes-adr-mm\/#primaryimage\"},\"image\":{\"@id\":\"https:\/\/www.suno.com.br\/noticias\/embraer-embr3-mexicana-jatos-recomendacoes-adr-mm\/#primaryimage\"},\"thumbnailUrl\":\"https:\/\/files.sunoresearch.com.br\/n\/uploads\/2023\/12\/embraer-embr3.jpg\",\"datePublished\":\"2024-06-05T01:11:33+00:00\",\"dateModified\":\"2024-06-05T01:14:28+00:00\",\"description\":\"BTG e Santander recomendam compra para os ADRs da Embraer (EMBR3), com pre\u00e7o-alvo definido pelos bancos a US$ 32 e US$ 38, respectivamente.\",\"breadcrumb\":{\"@id\":\"https:\/\/www.suno.com.br\/noticias\/embraer-embr3-mexicana-jatos-recomendacoes-adr-mm\/#breadcrumb\"},\"inLanguage\":\"pt-BR\",\"potentialAction\":[{\"@type\":\"ReadAction\",\"target\":[\"https:\/\/www.suno.com.br\/noticias\/embraer-embr3-mexicana-jatos-recomendacoes-adr-mm\/\"]}]},{\"@type\":\"ImageObject\",\"inLanguage\":\"pt-BR\",\"@id\":\"https:\/\/www.suno.com.br\/noticias\/embraer-embr3-mexicana-jatos-recomendacoes-adr-mm\/#primaryimage\",\"url\":\"https:\/\/files.sunoresearch.com.br\/n\/uploads\/2023\/12\/embraer-embr3.jpg\",\"contentUrl\":\"https:\/\/files.sunoresearch.com.br\/n\/uploads\/2023\/12\/embraer-embr3.jpg\",\"width\":1200,\"height\":800,\"caption\":\"Embraer emite US$ 1 bilh\u00e3o em t\u00edtulos de d\u00edvida com vencimento em 2038. Foto: Reprodu\u00e7\u00e3o\/ Embraer\"},{\"@type\":\"BreadcrumbList\",\"@id\":\"https:\/\/www.suno.com.br\/noticias\/embraer-embr3-mexicana-jatos-recomendacoes-adr-mm\/#breadcrumb\",\"itemListElement\":[{\"@type\":\"ListItem\",\"position\":1,\"name\":\"Not\u00edcias\",\"item\":\"https:\/\/www.suno.com.br\/noticias\/\"},{\"@type\":\"ListItem\",\"position\":2,\"name\":\"Neg\u00f3cios\",\"item\":\"https:\/\/www.suno.com.br\/noticias\/negocios\/\"},{\"@type\":\"ListItem\",\"position\":3,\"name\":\"Ap\u00f3s empresa mexicana fechar pedido com 20 jatos da Embraer (EMBR3), analistas recomendam compra dos ADRs\"}]},{\"@type\":\"WebSite\",\"@id\":\"https:\/\/www.suno.com.br\/noticias\/#website\",\"url\":\"https:\/\/www.suno.com.br\/noticias\/\",\"name\":\"Suno Not\u00edcias\",\"description\":\"Seu portal de informa\u00e7\u00e3o sobre o mundo dos investimentos\",\"publisher\":{\"@id\":\"https:\/\/www.suno.com.br\/noticias\/#organization\"},\"potentialAction\":[{\"@type\":\"SearchAction\",\"target\":{\"@type\":\"EntryPoint\",\"urlTemplate\":\"https:\/\/www.suno.com.br\/noticias\/?s={search_term_string}\"},\"query-input\":{\"@type\":\"PropertyValueSpecification\",\"valueRequired\":true,\"valueName\":\"search_term_string\"}}],\"inLanguage\":\"pt-BR\"},{\"@type\":\"Organization\",\"@id\":\"https:\/\/www.suno.com.br\/noticias\/#organization\",\"name\":\"Suno Not\u00edcias\",\"url\":\"https:\/\/www.suno.com.br\/noticias\/\",\"logo\":{\"@type\":\"ImageObject\",\"inLanguage\":\"pt-BR\",\"@id\":\"https:\/\/www.suno.com.br\/noticias\/#\/schema\/logo\/image\/\",\"url\":\"https:\/\/files.sunoresearch.com.br\/n\/uploads\/2021\/09\/suno-logo.png\",\"contentUrl\":\"https:\/\/files.sunoresearch.com.br\/n\/uploads\/2021\/09\/suno-logo.png\",\"width\":180,\"height\":180,\"caption\":\"Suno Not\u00edcias\"},\"image\":{\"@id\":\"https:\/\/www.suno.com.br\/noticias\/#\/schema\/logo\/image\/\"},\"sameAs\":[\"https:\/\/facebook.com\/sunoresearch\",\"https:\/\/x.com\/sunoresearch\",\"https:\/\/www.instagram.com\/suno\",\"https:\/\/www.linkedin.com\/company\/suno-research\/\",\"https:\/\/www.youtube.com\/c\/sunoresearch\"]},{\"@type\":\"Person\",\"@id\":\"https:\/\/www.suno.com.br\/noticias\/#\/schema\/person\/32d4feb215afe4b317d446bb442400dd\",\"name\":\"Murilo Melo\",\"image\":{\"@type\":\"ImageObject\",\"inLanguage\":\"pt-BR\",\"@id\":\"https:\/\/www.suno.com.br\/noticias\/#\/schema\/person\/image\/\",\"url\":\"https:\/\/secure.gravatar.com\/avatar\/af7a693198b592028493c0e8b0583d4f?s=96&r=g\",\"contentUrl\":\"https:\/\/secure.gravatar.com\/avatar\/af7a693198b592028493c0e8b0583d4f?s=96&r=g\",\"caption\":\"Murilo Melo\"},\"description\":\"\u00c9 um jornalista e letr\u00f3logo com vasta experi\u00eancia em economia, finan\u00e7as e mercado. J\u00e1 foi rep\u00f3rter de jornais, revistas e sites noticiosos como A Tarde, Correio e Folha de S.Paulo. No Suno Not\u00edcias, escreve sobre neg\u00f3cios\",\"url\":\"https:\/\/www.suno.com.br\/noticias\/author\/murilomelo-jornalismogmail-com\/\"}]}<\/script>\n<!-- \/ Yoast SEO plugin. -->","yoast_head_json":{"title":"Empresa mexicana encomenda 20 jatos E2 da Embraer (EMBR3)","description":"BTG e Santander recomendam compra para os ADRs da Embraer (EMBR3), com pre\u00e7o-alvo definido pelos bancos a US$ 32 e US$ 38, respectivamente.","robots":{"index":"index","follow":"follow","max-snippet":"max-snippet:-1","max-image-preview":"max-image-preview:large","max-video-preview":"max-video-preview:-1"},"canonical":"https:\/\/www.suno.com.br\/noticias\/embraer-embr3-mexicana-jatos-recomendacoes-adr-mm\/","og_locale":"pt_BR","og_type":"article","og_title":"Empresa mexicana encomenda 20 jatos E2 da Embraer (EMBR3)","og_description":"BTG e Santander recomendam compra para os ADRs da Embraer (EMBR3), com pre\u00e7o-alvo definido pelos bancos a US$ 32 e US$ 38, respectivamente.","og_url":"https:\/\/www.suno.com.br\/noticias\/embraer-embr3-mexicana-jatos-recomendacoes-adr-mm\/","og_site_name":"Suno Not\u00edcias","article_publisher":"https:\/\/facebook.com\/sunoresearch","og_image":[{"width":1200,"height":800,"url":"https:\/\/files.sunoresearch.com.br\/n\/uploads\/2023\/12\/embraer-embr3.jpg","type":"image\/jpeg"}],"author":"Murilo Melo","twitter_card":"summary_large_image","twitter_creator":"@sunoresearch","twitter_site":"@sunoresearch","twitter_misc":{"Escrito por":"Murilo Melo","Est. tempo de leitura":"4 minutos"},"schema":{"@context":"https:\/\/schema.org","@graph":[{"@type":"NewsArticle","@id":"https:\/\/www.suno.com.br\/noticias\/embraer-embr3-mexicana-jatos-recomendacoes-adr-mm\/#article","isPartOf":{"@id":"https:\/\/www.suno.com.br\/noticias\/embraer-embr3-mexicana-jatos-recomendacoes-adr-mm\/"},"author":{"name":"Murilo Melo","@id":"https:\/\/www.suno.com.br\/noticias\/#\/schema\/person\/32d4feb215afe4b317d446bb442400dd"},"headline":"Ap\u00f3s empresa mexicana fechar pedido com 20 jatos da Embraer (EMBR3), analistas recomendam compra dos ADRs","datePublished":"2024-06-05T01:11:33+00:00","dateModified":"2024-06-05T01:14:28+00:00","mainEntityOfPage":{"@id":"https:\/\/www.suno.com.br\/noticias\/embraer-embr3-mexicana-jatos-recomendacoes-adr-mm\/"},"wordCount":763,"publisher":{"@id":"https:\/\/www.suno.com.br\/noticias\/#organization"},"image":{"@id":"https:\/\/www.suno.com.br\/noticias\/embraer-embr3-mexicana-jatos-recomendacoes-adr-mm\/#primaryimage"},"thumbnailUrl":"https:\/\/files.sunoresearch.com.br\/n\/uploads\/2023\/12\/embraer-embr3.jpg","keywords":["A\u00e7\u00f5es","ADRs","Embraer (EMBR3)"],"articleSection":["Neg\u00f3cios"],"inLanguage":"pt-BR"},{"@type":"WebPage","@id":"https:\/\/www.suno.com.br\/noticias\/embraer-embr3-mexicana-jatos-recomendacoes-adr-mm\/","url":"https:\/\/www.suno.com.br\/noticias\/embraer-embr3-mexicana-jatos-recomendacoes-adr-mm\/","name":"Empresa mexicana encomenda 20 jatos E2 da Embraer (EMBR3)","isPartOf":{"@id":"https:\/\/www.suno.com.br\/noticias\/#website"},"primaryImageOfPage":{"@id":"https:\/\/www.suno.com.br\/noticias\/embraer-embr3-mexicana-jatos-recomendacoes-adr-mm\/#primaryimage"},"image":{"@id":"https:\/\/www.suno.com.br\/noticias\/embraer-embr3-mexicana-jatos-recomendacoes-adr-mm\/#primaryimage"},"thumbnailUrl":"https:\/\/files.sunoresearch.com.br\/n\/uploads\/2023\/12\/embraer-embr3.jpg","datePublished":"2024-06-05T01:11:33+00:00","dateModified":"2024-06-05T01:14:28+00:00","description":"BTG e Santander recomendam compra para os ADRs da Embraer (EMBR3), com pre\u00e7o-alvo definido pelos bancos a US$ 32 e US$ 38, respectivamente.","breadcrumb":{"@id":"https:\/\/www.suno.com.br\/noticias\/embraer-embr3-mexicana-jatos-recomendacoes-adr-mm\/#breadcrumb"},"inLanguage":"pt-BR","potentialAction":[{"@type":"ReadAction","target":["https:\/\/www.suno.com.br\/noticias\/embraer-embr3-mexicana-jatos-recomendacoes-adr-mm\/"]}]},{"@type":"ImageObject","inLanguage":"pt-BR","@id":"https:\/\/www.suno.com.br\/noticias\/embraer-embr3-mexicana-jatos-recomendacoes-adr-mm\/#primaryimage","url":"https:\/\/files.sunoresearch.com.br\/n\/uploads\/2023\/12\/embraer-embr3.jpg","contentUrl":"https:\/\/files.sunoresearch.com.br\/n\/uploads\/2023\/12\/embraer-embr3.jpg","width":1200,"height":800,"caption":"Embraer emite US$ 1 bilh\u00e3o em t\u00edtulos de d\u00edvida com vencimento em 2038. Foto: Reprodu\u00e7\u00e3o\/ Embraer"},{"@type":"BreadcrumbList","@id":"https:\/\/www.suno.com.br\/noticias\/embraer-embr3-mexicana-jatos-recomendacoes-adr-mm\/#breadcrumb","itemListElement":[{"@type":"ListItem","position":1,"name":"Not\u00edcias","item":"https:\/\/www.suno.com.br\/noticias\/"},{"@type":"ListItem","position":2,"name":"Neg\u00f3cios","item":"https:\/\/www.suno.com.br\/noticias\/negocios\/"},{"@type":"ListItem","position":3,"name":"Ap\u00f3s empresa mexicana fechar pedido com 20 jatos da Embraer (EMBR3), analistas recomendam compra dos ADRs"}]},{"@type":"WebSite","@id":"https:\/\/www.suno.com.br\/noticias\/#website","url":"https:\/\/www.suno.com.br\/noticias\/","name":"Suno Not\u00edcias","description":"Seu portal de informa\u00e7\u00e3o sobre o mundo dos investimentos","publisher":{"@id":"https:\/\/www.suno.com.br\/noticias\/#organization"},"potentialAction":[{"@type":"SearchAction","target":{"@type":"EntryPoint","urlTemplate":"https:\/\/www.suno.com.br\/noticias\/?s={search_term_string}"},"query-input":{"@type":"PropertyValueSpecification","valueRequired":true,"valueName":"search_term_string"}}],"inLanguage":"pt-BR"},{"@type":"Organization","@id":"https:\/\/www.suno.com.br\/noticias\/#organization","name":"Suno Not\u00edcias","url":"https:\/\/www.suno.com.br\/noticias\/","logo":{"@type":"ImageObject","inLanguage":"pt-BR","@id":"https:\/\/www.suno.com.br\/noticias\/#\/schema\/logo\/image\/","url":"https:\/\/files.sunoresearch.com.br\/n\/uploads\/2021\/09\/suno-logo.png","contentUrl":"https:\/\/files.sunoresearch.com.br\/n\/uploads\/2021\/09\/suno-logo.png","width":180,"height":180,"caption":"Suno Not\u00edcias"},"image":{"@id":"https:\/\/www.suno.com.br\/noticias\/#\/schema\/logo\/image\/"},"sameAs":["https:\/\/facebook.com\/sunoresearch","https:\/\/x.com\/sunoresearch","https:\/\/www.instagram.com\/suno","https:\/\/www.linkedin.com\/company\/suno-research\/","https:\/\/www.youtube.com\/c\/sunoresearch"]},{"@type":"Person","@id":"https:\/\/www.suno.com.br\/noticias\/#\/schema\/person\/32d4feb215afe4b317d446bb442400dd","name":"Murilo Melo","image":{"@type":"ImageObject","inLanguage":"pt-BR","@id":"https:\/\/www.suno.com.br\/noticias\/#\/schema\/person\/image\/","url":"https:\/\/secure.gravatar.com\/avatar\/af7a693198b592028493c0e8b0583d4f?s=96&r=g","contentUrl":"https:\/\/secure.gravatar.com\/avatar\/af7a693198b592028493c0e8b0583d4f?s=96&r=g","caption":"Murilo Melo"},"description":"\u00c9 um jornalista e letr\u00f3logo com vasta experi\u00eancia em economia, finan\u00e7as e mercado. J\u00e1 foi rep\u00f3rter de jornais, revistas e sites noticiosos como A Tarde, Correio e Folha de S.Paulo. No Suno Not\u00edcias, escreve sobre neg\u00f3cios","url":"https:\/\/www.suno.com.br\/noticias\/author\/murilomelo-jornalismogmail-com\/"}]}},"default_loop_html":"<div class=\"cardsPage__listCard__boxs\"><div class=\"cardsPage__listCard__boxs__img\"><a href=\"https:\/\/www.suno.com.br\/noticias\/embraer-embr3-mexicana-jatos-recomendacoes-adr-mm\/\"><img class=\"mask\" src=\"https:\/\/www.suno.com.br\/noticias\/wp-content\/themes\/suno\/resources\/images\/spotlight\/spotlight1img\/bg-mask.png\" alt=\"Image Mask\"\/><img src=\"https:\/\/files.sunoresearch.com.br\/n\/uploads\/2023\/12\/embraer-embr3-400x200.jpg\" alt=\"Ap\u00f3s empresa mexicana fechar pedido com 20 jatos da Embraer (EMBR3), analistas recomendam compra dos ADRs\"\/><\/a><span class=\"spotlightCategory\"><a href=\"https:\/\/www.suno.com.br\/noticias\/negocios\/\">Neg\u00f3cios<\/a><\/span><\/div><div class=\"cardsPage__listCard__boxs__content\"><a href=\"https:\/\/www.suno.com.br\/noticias\/embraer-embr3-mexicana-jatos-recomendacoes-adr-mm\/\"><h2 class=\"content__title\">Ap\u00f3s empresa mexicana fechar pedido com 20 jatos da Embraer (EMBR3), analistas recomendam compra dos ADRs<\/h2><\/a><div class=\"newsContent__article__meta\"><div class=\"newsContent__article__meta__authorBox\"><a href=\"https:\/\/www.suno.com.br\/noticias\/author\/murilomelo-jornalismogmail-com\/\" class=\"authorBox__avatar noMobi\"><img src=\"https:\/\/files.sunoresearch.com.br\/n\/uploads\/2024\/02\/Murilo_Melo_Jornalista-e1708476456132-150x150.jpeg\" alt=\"Murilo Melo\"><\/a><div class=\"authorBox__name\"><span>por\n\t\t\t<a href=\"https:\/\/www.suno.com.br\/noticias\/author\/murilomelo-jornalismogmail-com\/\"><span itemprop=\"author\">Murilo Melo<\/span><\/a><\/span><time datetime=\"2024-06-04T22:11:33-03:00\" itemprop=\"datePublished\">04\/06\/2024 22:11<\/time><\/div><\/div><\/div><\/div><\/div>","single_layout":"posts","amp_enabled":true,"_links":{"self":[{"href":"https:\/\/www.suno.com.br\/noticias\/wp-json\/wp\/v2\/posts\/559801"}],"collection":[{"href":"https:\/\/www.suno.com.br\/noticias\/wp-json\/wp\/v2\/posts"}],"about":[{"href":"https:\/\/www.suno.com.br\/noticias\/wp-json\/wp\/v2\/types\/post"}],"author":[{"embeddable":true,"href":"https:\/\/www.suno.com.br\/noticias\/wp-json\/wp\/v2\/users\/345"}],"replies":[{"embeddable":true,"href":"https:\/\/www.suno.com.br\/noticias\/wp-json\/wp\/v2\/comments?post=559801"}],"version-history":[{"count":2,"href":"https:\/\/www.suno.com.br\/noticias\/wp-json\/wp\/v2\/posts\/559801\/revisions"}],"predecessor-version":[{"id":559829,"href":"https:\/\/www.suno.com.br\/noticias\/wp-json\/wp\/v2\/posts\/559801\/revisions\/559829"}],"wp:featuredmedia":[{"embeddable":true,"href":"https:\/\/www.suno.com.br\/noticias\/wp-json\/wp\/v2\/media\/494623"}],"wp:attachment":[{"href":"https:\/\/www.suno.com.br\/noticias\/wp-json\/wp\/v2\/media?parent=559801"}],"wp:term":[{"taxonomy":"category","embeddable":true,"href":"https:\/\/www.suno.com.br\/noticias\/wp-json\/wp\/v2\/categories?post=559801"},{"taxonomy":"post_tag","embeddable":true,"href":"https:\/\/www.suno.com.br\/noticias\/wp-json\/wp\/v2\/tags?post=559801"},{"taxonomy":"suno_strategy","embeddable":true,"href":"https:\/\/www.suno.com.br\/noticias\/wp-json\/wp\/v2\/suno_strategy?post=559801"}],"curies":[{"name":"wp","href":"https:\/\/api.w.org\/{rel}","templated":true}]}}