{"id":559769,"date":"2024-06-04T20:20:29","date_gmt":"2024-06-04T23:20:29","guid":{"rendered":"https:\/\/www.suno.com.br\/noticias\/?p=559769"},"modified":"2024-06-04T20:20:33","modified_gmt":"2024-06-04T23:20:33","slug":"taxacao-compras-internacionais-adiada-no-senado","status":"publish","type":"post","link":"https:\/\/www.suno.com.br\/noticias\/taxacao-compras-internacionais-adiada-no-senado\/","title":{"rendered":"Shopee, AliExpress e Shein: vota\u00e7\u00e3o sobre taxa\u00e7\u00e3o de compras internacionais \u00e9 adiada no Senado"},"content":{"rendered":"<p>O Senado Federal adiou nesta ter\u00e7a-feira (4) a vota\u00e7\u00e3o do projeto que cria o Programa Mobilidade Verde e Inova\u00e7\u00e3o (Mover), que promove tecnologias para produ\u00e7\u00e3o de ve\u00edculos que emitem menos gases de efeito estufa. A medida, j\u00e1 aprovada pela C\u00e2mara dos Deputados na semana passada, trazia uma emenda que prev\u00ea uma taxa\u00e7\u00e3o de 20% nas <strong>compras internacionais<\/strong> de at\u00e9 US$ 50, que abrange grandes empresas varejistas internacionais que vendem pela internet, como Shopee, AliExpress e Shein.<img decoding=\"async\" style=\"width: 1px; height: 1px; display: inline;\" src=\"https:\/\/agenciabrasil.ebc.com.br\/ebc.png?id=1598409&amp;o=rss\"><img decoding=\"async\" style=\"width: 1px; height: 1px; display: inline;\" src=\"https:\/\/agenciabrasil.ebc.com.br\/ebc.gif?id=1598409&amp;o=rss\"><\/p>\t<div class=\"wrapper-featured-image\">\n\t\t<figure class=\"spotlightImg\">\n\n\t\t\t<picture>\n\t\t\t\t<source media=\"(max-width: 768px)\" srcset=\"https:\/\/files.sunoresearch.com.br\/n\/uploads\/2022\/01\/15472110202_f32ba4d0d5_o-400x200.jpg\">\n\t\t\t\t<img loading=\"lazy\" decoding=\"async\" class=\"newsContent__article__imgCapa lazyloadDisabled \" src=\"https:\/\/files.sunoresearch.com.br\/n\/uploads\/2022\/01\/15472110202_f32ba4d0d5_o-800x450.jpg\" width=\"800\" height=\"450\" alt=\"Shopee, AliExpress e Shein: vota\u00e7\u00e3o sobre taxa\u00e7\u00e3o de compras internacionais \u00e9 adiada no Senado\" fetchpriority=high \/>\n\t\t\t<\/picture>\n\n\t\t\t<figcaption class=\"wp-caption-text wp-caption-text--show\">Senado: compras internacionais. Foto: Jefferson Rudy\/Ag\u00eancia Senado\n<\/figcaption>\n\t\t<\/figure>\n\t<\/div>\n\n\n\n\n\n\t<p>\n\t\t<a href=\"\" target=\"_blank\" data-element=\"shortcode-suno-banner\" title=\"Banner SUNO, clique e saiba mais\">\n\t\t\t<picture>\n\t\t\t\t<source media=\"(max-width: 500px)\" srcset=\"\">\n\t\t\t\t<img class=\"newsContent__article__imgCapa newsContent__article__imgCapa--banner\"\n\t\t\t\t\tsrc=\"\"\n\t\t\t\t\tdata-promo-id=\"240038\"\t\t\t\t\t\t\t\t\t\t\t\t\t\t\talt=\"\"\n\t\t\t\t>\n\t\t\t<\/picture>\n\t\t<\/a>\n\t<\/p>\n\n\n\n\n\n\n\n<p>O relator do projeto com a<strong> emenda sobre compras internacionais<\/strong> no Senado, Rodrigo Cunha (Podemos-AL), havia anunciado, mais cedo, ter exclu\u00eddo essa taxa\u00e7\u00e3o do relat\u00f3rio, argumentando tratar-se de tema &#8220;estranho&#8221; ao conte\u00fado principal do projeto de lei. Essa decis\u00e3o contrariou o acordo costurado entre parlamentares da base do governo e da oposi\u00e7\u00e3o que resultou na aprova\u00e7\u00e3o do projeto pelos deputados.<\/p>\n\n\n\n<p>&#8220;O relat\u00f3rio foi lido agora, praticamente em cima da hora, o relator acaba de retirar mais uma emenda. \u00c9 dif\u00edcil pegar um tema desse, que foi constru\u00eddo para atrair investimentos para c\u00e1. Eu tenho j\u00e1 o compromisso do presidente de veto de uma s\u00e9rie de dispositivos que s\u00e3o parte da retirada que o senador Rodrigo Cunha fez. Ent\u00e3o, eu acho mais pertinente, at\u00e9 para que haja tempo&#8221;, afirmou o l\u00edder do governo no Senado, Jaques Wagner (PT-BA), ao pedir o adiamento. Ele foi seguido por outros colegas em plen\u00e1rio.<\/p>\n\n\n\n<p>&#8220;O relat\u00f3rio foi publicado quando o senador estava subindo \u00e0 tribuna, portanto n\u00f3s n\u00e3o tivemos condi\u00e7\u00f5es de conhecer o relat\u00f3rio. N\u00e3o t\u00ednhamos condi\u00e7\u00f5es de conhecer todas as emendas apresentadas. Portanto, a discuss\u00e3o, hoje, seria, na minha opini\u00e3o, um tanto quanto enviesada&#8221;, refor\u00e7ou o l\u00edder do MDB, senador Eduardo Braga (MDB-AM).<\/p>\n\n\n\n<p>Na mesma linha, o senador Rog\u00e9rio Marinho (PL-RN), l\u00edder da oposi\u00e7\u00e3o no Senado, pediu mais tempo de an\u00e1lise para que se possa construir um consenso em torno da <strong>taxa\u00e7\u00e3o de compras internacionais<\/strong>. &#8220;Todos n\u00f3s vamos nos debru\u00e7ar sobre o texto que o relator nos deu conhecimento agora. Eu, particularmente, gostaria de conversar com o relator, depois, para verificar se \u00e9 poss\u00edvel algum tipo de converg\u00eancia com o pr\u00f3prio governo, para termos um texto mais redondo&#8221;, afirmou.<\/p>\n\n\n\n<p>Ao acatar prontamente o pedido, o presidente do <strong>Senado<\/strong>, Rodrigo Pacheco (PSD-MG), afirmou que o texto ser\u00e1 inclu\u00eddo na pauta do plen\u00e1rio desta quarta-feira (5), retomando a partir da discuss\u00e3o da proposta do relator.<\/p>\n\n\n\n\t<div data-element=\"shortcode-read-more\" class=\"readToo\">\n\t\t\t\t<span class=\"readToo__title\">Leia mais<\/span>\n\t\t\t\t<ul class=\"readToo__list\">\n\t\t\t<li><a href=\"https:\/\/www.suno.com.br\/noticias\/por-que-shein-ipo-londres-bastidores-cpf\/\">Por que a Shein quer fazer um IPO em Londres? Conhe\u00e7a os bastidores da oferta<\/a><\/li><li><a href=\"https:\/\/www.suno.com.br\/noticias\/shopee-imposto-importacao-vendas-nacionais-ec\/\">Shopee \u00e9 a favor de imposto de importa\u00e7\u00e3o de 20% e diz ter 90% das vendas vindas de nacionais<\/a><\/li><li><a href=\"https:\/\/www.suno.com.br\/noticias\/shein-ve-retrocesso-taxacao-compras-va\/\">Shein v\u00ea retrocesso em taxa\u00e7\u00e3o de compras internacionais aprovada pela C\u00e2mara<\/a><\/li>\t\t<\/ul>\n\t<\/div>\n\n\n\n\t<p>\n\t\t<a href=\"https:\/\/lp.suno.com.br\/ebook-gratuito-investindo-no-exterior\/\" target=\"_blank\" data-element=\"shortcode-suno-banner\" title=\"Banner SUNO, clique e saiba mais\">\n\t\t\t<picture>\n\t\t\t\t<source media=\"(max-width: 500px)\" srcset=\"https:\/\/files.sunoresearch.com.br\/n\/uploads\/2023\/03\/400x300-Investindo-no-exterior.png\">\n\t\t\t\t<img class=\"newsContent__article__imgCapa newsContent__article__imgCapa--banner\"\n\t\t\t\t\tsrc=\"https:\/\/files.sunoresearch.com.br\/n\/uploads\/2023\/03\/1420x240-Investindo-no-exterior.png\"\n\t\t\t\t\tdata-promo-id=\"383161\"\t\t\t\t\t\t\t\t\t\twidth='1420' height='240'\t\t\t\t\talt=\"https:\/\/files.sunoresearch.com.br\/n\/uploads\/2023\/03\/1420x240-Investindo-no-exterior.png\"\n\t\t\t\t>\n\t\t\t<\/picture>\n\t\t<\/a>\n\t<\/p>\n\n\n\n\n\n<h2 class=\"wp-block-heading\">Como seria taxa\u00e7\u00e3o das compras internacionais?<\/h2>\n\n\n\n<p>Pela legisla\u00e7\u00e3o atual, produtos importados abaixo de US$ 50 (cerca de R$ 255) s\u00e3o <strong>isentos de imposto de importa\u00e7\u00e3o<\/strong>. O relator do projeto na C\u00e2mara, deputado \u00c1tila Lira (PP-PI), incluiu a taxa\u00e7\u00e3o de 20% de <strong>imposto sobre essas compras internacionais<\/strong>.<\/p>\n\n\n\n<p>Compras dentro desse limite s\u00e3o muito comuns em <strong>sites de varejistas estrangeiros<\/strong>, notadamente do Sudeste Asi\u00e1tico, como <strong>Shopee, AliExpress <\/strong>e<strong> Shein<\/strong>. Os varejistas brasileiros pedem a taxa\u00e7\u00e3o dessas compras, afirmando que, sem o tributo, a concorr\u00eancia fica desleal.<\/p>\n\n\n\n<p>De US$ 50 at\u00e9 US$ 3 mil, o projeto que veio da C\u00e2mara previa que o imposto de importa\u00e7\u00e3o seria de 60%, com desconto de US$ 20 do tributo a pagar.<\/p>\n\n\n\n<p>A<strong> taxa\u00e7\u00e3o das compras internacionais<\/strong> foi inclu\u00edda no projeto de lei do Mover, que prev\u00ea incentivos de R$ 19,3 bilh\u00f5es em cinco anos e redu\u00e7\u00e3o do <a class=\"suno-keyword\" target=\"_blank\" data-force=\"no\" data-priority=\"2\" href=\"https:\/\/www.suno.com.br\/artigos\/ipi\/\" rel=\"noopener\">Imposto Sobre Produtos Industrializados (IPI)<\/a> para estimular a fabrica\u00e7\u00e3o de carros e outros ve\u00edculos menos poluentes.&nbsp;&nbsp;<\/p>\n\n\n\n<p><em>Com Ag\u00eancia Brasil<\/em><\/p>\n\n\n\t<p>\n\t\t<a href=\"https:\/\/lp.suno.com.br\/planilha-da-vida-financeira\/\" target=\"_blank\" data-element=\"shortcode-suno-banner\" title=\"Banner SUNO, clique e saiba mais\">\n\t\t\t<picture>\n\t\t\t\t<source media=\"(max-width: 500px)\" srcset=\"https:\/\/files.sunoresearch.com.br\/n\/uploads\/2023\/04\/400x300-Planilha-vida-financeira-true.png\">\n\t\t\t\t<img class=\"newsContent__article__imgCapa newsContent__article__imgCapa--banner\"\n\t\t\t\t\tsrc=\"https:\/\/files.sunoresearch.com.br\/n\/uploads\/2023\/04\/1420x240-Planilha-vida-financeira-true.png\"\n\t\t\t\t\tdata-promo-id=\"383123\"\t\t\t\t\t\t\t\t\t\twidth='1420' height='240'\t\t\t\t\talt=\"https:\/\/files.sunoresearch.com.br\/n\/uploads\/2023\/04\/1420x240-Planilha-vida-financeira-true.png\"\n\t\t\t\t>\n\t\t\t<\/picture>\n\t\t<\/a>\n\t<\/p>\n\n\n","protected":false},"excerpt":{"rendered":"<p>O Senado Federal adiou nesta ter\u00e7a-feira (4) a vota\u00e7\u00e3o do projeto que cria o Programa Mobilidade Verde e Inova\u00e7\u00e3o (Mover), que promove tecnologias para produ\u00e7\u00e3o de ve\u00edculos que emitem menos gases de efeito estufa. A medida, j\u00e1 aprovada pela C\u00e2mara dos Deputados na semana passada, trazia uma emenda que prev\u00ea uma taxa\u00e7\u00e3o de 20% nas [&hellip;]<\/p>\n","protected":false},"author":43,"featured_media":223460,"comment_status":"closed","ping_status":"closed","sticky":false,"template":"","format":"standard","meta":[],"categories":[61],"tags":[107142,1068,107140,107141],"suno_strategy":[],"class_list":["post-559769","post","type-post","status-publish","format-standard","has-post-thumbnail","hentry","category-politica","tag-aliexpress","tag-senado-federal","tag-shein","tag-shopee"],"yoast_head":"<!-- This site is optimized with the Yoast SEO plugin v24.4 - https:\/\/yoast.com\/wordpress\/plugins\/seo\/ -->\n<title>Compras internacionais: vota\u00e7\u00e3o sobre taxa\u00e7\u00e3o \u00e9 adiada<\/title>\n<meta name=\"description\" content=\"Senado Federal adiou nesta ter\u00e7a-feira (4) a vota\u00e7\u00e3o do projeto Mover, que inclui emenda sobre taxa\u00e7\u00e3o de compras internacionais\" \/>\n<meta name=\"robots\" content=\"index, follow, max-snippet:-1, max-image-preview:large, max-video-preview:-1\" \/>\n<link rel=\"canonical\" href=\"https:\/\/www.suno.com.br\/noticias\/taxacao-compras-internacionais-adiada-no-senado\/\" \/>\n<meta property=\"og:locale\" content=\"pt_BR\" \/>\n<meta property=\"og:type\" content=\"article\" \/>\n<meta property=\"og:title\" content=\"Compras internacionais: vota\u00e7\u00e3o sobre taxa\u00e7\u00e3o \u00e9 adiada\" \/>\n<meta property=\"og:description\" content=\"Senado Federal adiou nesta ter\u00e7a-feira (4) a vota\u00e7\u00e3o do projeto Mover, que inclui emenda sobre taxa\u00e7\u00e3o de compras internacionais\" \/>\n<meta property=\"og:url\" content=\"https:\/\/www.suno.com.br\/noticias\/taxacao-compras-internacionais-adiada-no-senado\/\" \/>\n<meta property=\"og:site_name\" content=\"Suno Not\u00edcias\" \/>\n<meta property=\"article:publisher\" content=\"https:\/\/facebook.com\/sunoresearch\" \/>\n<meta property=\"article:author\" content=\"https:\/\/www.facebook.com\/sunonoticias\/\" \/>\n<meta property=\"og:image\" content=\"https:\/\/files.sunoresearch.com.br\/n\/uploads\/2022\/01\/15472110202_f32ba4d0d5_o-scaled.jpg\" \/>\n\t<meta property=\"og:image:width\" content=\"2560\" \/>\n\t<meta property=\"og:image:height\" content=\"1705\" \/>\n\t<meta property=\"og:image:type\" content=\"image\/jpeg\" \/>\n<meta name=\"author\" content=\"Reda\u00e7\u00e3o Suno Not\u00edcias\" \/>\n<meta name=\"twitter:card\" content=\"summary_large_image\" \/>\n<meta name=\"twitter:creator\" content=\"@https:\/\/twitter.com\/sunoresearch\" \/>\n<meta name=\"twitter:site\" content=\"@sunoresearch\" \/>\n<meta name=\"twitter:label1\" content=\"Escrito por\" \/>\n\t<meta name=\"twitter:data1\" content=\"Reda\u00e7\u00e3o Suno Not\u00edcias\" \/>\n\t<meta name=\"twitter:label2\" content=\"Est. tempo de leitura\" \/>\n\t<meta name=\"twitter:data2\" content=\"4 minutos\" \/>\n<script type=\"application\/ld+json\" class=\"yoast-schema-graph\">{\"@context\":\"https:\/\/schema.org\",\"@graph\":[{\"@type\":\"NewsArticle\",\"@id\":\"https:\/\/www.suno.com.br\/noticias\/taxacao-compras-internacionais-adiada-no-senado\/#article\",\"isPartOf\":{\"@id\":\"https:\/\/www.suno.com.br\/noticias\/taxacao-compras-internacionais-adiada-no-senado\/\"},\"author\":{\"name\":\"Reda\u00e7\u00e3o Suno Not\u00edcias\",\"@id\":\"https:\/\/www.suno.com.br\/noticias\/#\/schema\/person\/c1b1bd3727fa852bd045e9dbff3673ea\"},\"headline\":\"Shopee, AliExpress e Shein: vota\u00e7\u00e3o sobre taxa\u00e7\u00e3o de compras internacionais \u00e9 adiada no Senado\",\"datePublished\":\"2024-06-04T23:20:29+00:00\",\"dateModified\":\"2024-06-04T23:20:33+00:00\",\"mainEntityOfPage\":{\"@id\":\"https:\/\/www.suno.com.br\/noticias\/taxacao-compras-internacionais-adiada-no-senado\/\"},\"wordCount\":622,\"publisher\":{\"@id\":\"https:\/\/www.suno.com.br\/noticias\/#organization\"},\"image\":{\"@id\":\"https:\/\/www.suno.com.br\/noticias\/taxacao-compras-internacionais-adiada-no-senado\/#primaryimage\"},\"thumbnailUrl\":\"https:\/\/files.sunoresearch.com.br\/n\/uploads\/2022\/01\/15472110202_f32ba4d0d5_o-scaled.jpg\",\"keywords\":[\"AliExpress\",\"Senado Federal\",\"Shein\",\"Shopee\"],\"articleSection\":[\"Pol\u00edtica\"],\"inLanguage\":\"pt-BR\"},{\"@type\":\"WebPage\",\"@id\":\"https:\/\/www.suno.com.br\/noticias\/taxacao-compras-internacionais-adiada-no-senado\/\",\"url\":\"https:\/\/www.suno.com.br\/noticias\/taxacao-compras-internacionais-adiada-no-senado\/\",\"name\":\"Compras internacionais: vota\u00e7\u00e3o sobre taxa\u00e7\u00e3o \u00e9 adiada\",\"isPartOf\":{\"@id\":\"https:\/\/www.suno.com.br\/noticias\/#website\"},\"primaryImageOfPage\":{\"@id\":\"https:\/\/www.suno.com.br\/noticias\/taxacao-compras-internacionais-adiada-no-senado\/#primaryimage\"},\"image\":{\"@id\":\"https:\/\/www.suno.com.br\/noticias\/taxacao-compras-internacionais-adiada-no-senado\/#primaryimage\"},\"thumbnailUrl\":\"https:\/\/files.sunoresearch.com.br\/n\/uploads\/2022\/01\/15472110202_f32ba4d0d5_o-scaled.jpg\",\"datePublished\":\"2024-06-04T23:20:29+00:00\",\"dateModified\":\"2024-06-04T23:20:33+00:00\",\"description\":\"Senado Federal adiou nesta ter\u00e7a-feira (4) a vota\u00e7\u00e3o do projeto Mover, que inclui emenda sobre taxa\u00e7\u00e3o de compras internacionais\",\"breadcrumb\":{\"@id\":\"https:\/\/www.suno.com.br\/noticias\/taxacao-compras-internacionais-adiada-no-senado\/#breadcrumb\"},\"inLanguage\":\"pt-BR\",\"potentialAction\":[{\"@type\":\"ReadAction\",\"target\":[\"https:\/\/www.suno.com.br\/noticias\/taxacao-compras-internacionais-adiada-no-senado\/\"]}]},{\"@type\":\"ImageObject\",\"inLanguage\":\"pt-BR\",\"@id\":\"https:\/\/www.suno.com.br\/noticias\/taxacao-compras-internacionais-adiada-no-senado\/#primaryimage\",\"url\":\"https:\/\/files.sunoresearch.com.br\/n\/uploads\/2022\/01\/15472110202_f32ba4d0d5_o-scaled.jpg\",\"contentUrl\":\"https:\/\/files.sunoresearch.com.br\/n\/uploads\/2022\/01\/15472110202_f32ba4d0d5_o-scaled.jpg\",\"width\":2560,\"height\":1705,\"caption\":\"Senado: compras internacionais. Foto: Jefferson Rudy\/Ag\u00eancia Senado\"},{\"@type\":\"BreadcrumbList\",\"@id\":\"https:\/\/www.suno.com.br\/noticias\/taxacao-compras-internacionais-adiada-no-senado\/#breadcrumb\",\"itemListElement\":[{\"@type\":\"ListItem\",\"position\":1,\"name\":\"Not\u00edcias\",\"item\":\"https:\/\/www.suno.com.br\/noticias\/\"},{\"@type\":\"ListItem\",\"position\":2,\"name\":\"Pol\u00edtica\",\"item\":\"https:\/\/www.suno.com.br\/noticias\/politica\/\"},{\"@type\":\"ListItem\",\"position\":3,\"name\":\"Shopee, AliExpress e Shein: vota\u00e7\u00e3o sobre taxa\u00e7\u00e3o de compras internacionais \u00e9 adiada no Senado\"}]},{\"@type\":\"WebSite\",\"@id\":\"https:\/\/www.suno.com.br\/noticias\/#website\",\"url\":\"https:\/\/www.suno.com.br\/noticias\/\",\"name\":\"Suno Not\u00edcias\",\"description\":\"Seu portal de informa\u00e7\u00e3o sobre o mundo dos investimentos\",\"publisher\":{\"@id\":\"https:\/\/www.suno.com.br\/noticias\/#organization\"},\"potentialAction\":[{\"@type\":\"SearchAction\",\"target\":{\"@type\":\"EntryPoint\",\"urlTemplate\":\"https:\/\/www.suno.com.br\/noticias\/?s={search_term_string}\"},\"query-input\":{\"@type\":\"PropertyValueSpecification\",\"valueRequired\":true,\"valueName\":\"search_term_string\"}}],\"inLanguage\":\"pt-BR\"},{\"@type\":\"Organization\",\"@id\":\"https:\/\/www.suno.com.br\/noticias\/#organization\",\"name\":\"Suno Not\u00edcias\",\"url\":\"https:\/\/www.suno.com.br\/noticias\/\",\"logo\":{\"@type\":\"ImageObject\",\"inLanguage\":\"pt-BR\",\"@id\":\"https:\/\/www.suno.com.br\/noticias\/#\/schema\/logo\/image\/\",\"url\":\"https:\/\/files.sunoresearch.com.br\/n\/uploads\/2021\/09\/suno-logo.png\",\"contentUrl\":\"https:\/\/files.sunoresearch.com.br\/n\/uploads\/2021\/09\/suno-logo.png\",\"width\":180,\"height\":180,\"caption\":\"Suno Not\u00edcias\"},\"image\":{\"@id\":\"https:\/\/www.suno.com.br\/noticias\/#\/schema\/logo\/image\/\"},\"sameAs\":[\"https:\/\/facebook.com\/sunoresearch\",\"https:\/\/x.com\/sunoresearch\",\"https:\/\/www.instagram.com\/suno\",\"https:\/\/www.linkedin.com\/company\/suno-research\/\",\"https:\/\/www.youtube.com\/c\/sunoresearch\"]},{\"@type\":\"Person\",\"@id\":\"https:\/\/www.suno.com.br\/noticias\/#\/schema\/person\/c1b1bd3727fa852bd045e9dbff3673ea\",\"name\":\"Reda\u00e7\u00e3o Suno Not\u00edcias\",\"image\":{\"@type\":\"ImageObject\",\"inLanguage\":\"pt-BR\",\"@id\":\"https:\/\/www.suno.com.br\/noticias\/#\/schema\/person\/image\/\",\"url\":\"https:\/\/secure.gravatar.com\/avatar\/b8104b9b5a71985d5238ee59fbe418af?s=96&r=g\",\"contentUrl\":\"https:\/\/secure.gravatar.com\/avatar\/b8104b9b5a71985d5238ee59fbe418af?s=96&r=g\",\"caption\":\"Reda\u00e7\u00e3o Suno Not\u00edcias\"},\"description\":\"O Suno Not\u00edcias \u00e9 um portal de informa\u00e7\u00f5es sobre Mercado Financeiro, Pol\u00edtica, Neg\u00f3cios, Economia e Finan\u00e7as Pessoais.\",\"sameAs\":[\"https:\/\/www.suno.com.br\/noticias\",\"https:\/\/www.facebook.com\/sunonoticias\/\",\"https:\/\/www.instagram.com\/sunonoticias\/\",\"https:\/\/x.com\/https:\/\/twitter.com\/sunoresearch\",\"https:\/\/www.youtube.com\/sunonoticias\"],\"url\":\"https:\/\/www.suno.com.br\/noticias\/author\/redacao-suno\/\"}]}<\/script>\n<!-- \/ Yoast SEO plugin. -->","yoast_head_json":{"title":"Compras internacionais: vota\u00e7\u00e3o sobre taxa\u00e7\u00e3o \u00e9 adiada","description":"Senado Federal adiou nesta ter\u00e7a-feira (4) a vota\u00e7\u00e3o do projeto Mover, que inclui emenda sobre taxa\u00e7\u00e3o de compras internacionais","robots":{"index":"index","follow":"follow","max-snippet":"max-snippet:-1","max-image-preview":"max-image-preview:large","max-video-preview":"max-video-preview:-1"},"canonical":"https:\/\/www.suno.com.br\/noticias\/taxacao-compras-internacionais-adiada-no-senado\/","og_locale":"pt_BR","og_type":"article","og_title":"Compras internacionais: vota\u00e7\u00e3o sobre taxa\u00e7\u00e3o \u00e9 adiada","og_description":"Senado Federal adiou nesta ter\u00e7a-feira (4) a vota\u00e7\u00e3o do projeto Mover, que inclui emenda sobre taxa\u00e7\u00e3o de compras internacionais","og_url":"https:\/\/www.suno.com.br\/noticias\/taxacao-compras-internacionais-adiada-no-senado\/","og_site_name":"Suno Not\u00edcias","article_publisher":"https:\/\/facebook.com\/sunoresearch","article_author":"https:\/\/www.facebook.com\/sunonoticias\/","og_image":[{"width":2560,"height":1705,"url":"https:\/\/files.sunoresearch.com.br\/n\/uploads\/2022\/01\/15472110202_f32ba4d0d5_o-scaled.jpg","type":"image\/jpeg"}],"author":"Reda\u00e7\u00e3o Suno Not\u00edcias","twitter_card":"summary_large_image","twitter_creator":"@https:\/\/twitter.com\/sunoresearch","twitter_site":"@sunoresearch","twitter_misc":{"Escrito por":"Reda\u00e7\u00e3o Suno Not\u00edcias","Est. tempo de leitura":"4 minutos"},"schema":{"@context":"https:\/\/schema.org","@graph":[{"@type":"NewsArticle","@id":"https:\/\/www.suno.com.br\/noticias\/taxacao-compras-internacionais-adiada-no-senado\/#article","isPartOf":{"@id":"https:\/\/www.suno.com.br\/noticias\/taxacao-compras-internacionais-adiada-no-senado\/"},"author":{"name":"Reda\u00e7\u00e3o Suno Not\u00edcias","@id":"https:\/\/www.suno.com.br\/noticias\/#\/schema\/person\/c1b1bd3727fa852bd045e9dbff3673ea"},"headline":"Shopee, AliExpress e Shein: vota\u00e7\u00e3o sobre taxa\u00e7\u00e3o de compras internacionais \u00e9 adiada no Senado","datePublished":"2024-06-04T23:20:29+00:00","dateModified":"2024-06-04T23:20:33+00:00","mainEntityOfPage":{"@id":"https:\/\/www.suno.com.br\/noticias\/taxacao-compras-internacionais-adiada-no-senado\/"},"wordCount":622,"publisher":{"@id":"https:\/\/www.suno.com.br\/noticias\/#organization"},"image":{"@id":"https:\/\/www.suno.com.br\/noticias\/taxacao-compras-internacionais-adiada-no-senado\/#primaryimage"},"thumbnailUrl":"https:\/\/files.sunoresearch.com.br\/n\/uploads\/2022\/01\/15472110202_f32ba4d0d5_o-scaled.jpg","keywords":["AliExpress","Senado Federal","Shein","Shopee"],"articleSection":["Pol\u00edtica"],"inLanguage":"pt-BR"},{"@type":"WebPage","@id":"https:\/\/www.suno.com.br\/noticias\/taxacao-compras-internacionais-adiada-no-senado\/","url":"https:\/\/www.suno.com.br\/noticias\/taxacao-compras-internacionais-adiada-no-senado\/","name":"Compras internacionais: vota\u00e7\u00e3o sobre taxa\u00e7\u00e3o \u00e9 adiada","isPartOf":{"@id":"https:\/\/www.suno.com.br\/noticias\/#website"},"primaryImageOfPage":{"@id":"https:\/\/www.suno.com.br\/noticias\/taxacao-compras-internacionais-adiada-no-senado\/#primaryimage"},"image":{"@id":"https:\/\/www.suno.com.br\/noticias\/taxacao-compras-internacionais-adiada-no-senado\/#primaryimage"},"thumbnailUrl":"https:\/\/files.sunoresearch.com.br\/n\/uploads\/2022\/01\/15472110202_f32ba4d0d5_o-scaled.jpg","datePublished":"2024-06-04T23:20:29+00:00","dateModified":"2024-06-04T23:20:33+00:00","description":"Senado Federal adiou nesta ter\u00e7a-feira (4) a vota\u00e7\u00e3o do projeto Mover, que inclui emenda sobre taxa\u00e7\u00e3o de compras internacionais","breadcrumb":{"@id":"https:\/\/www.suno.com.br\/noticias\/taxacao-compras-internacionais-adiada-no-senado\/#breadcrumb"},"inLanguage":"pt-BR","potentialAction":[{"@type":"ReadAction","target":["https:\/\/www.suno.com.br\/noticias\/taxacao-compras-internacionais-adiada-no-senado\/"]}]},{"@type":"ImageObject","inLanguage":"pt-BR","@id":"https:\/\/www.suno.com.br\/noticias\/taxacao-compras-internacionais-adiada-no-senado\/#primaryimage","url":"https:\/\/files.sunoresearch.com.br\/n\/uploads\/2022\/01\/15472110202_f32ba4d0d5_o-scaled.jpg","contentUrl":"https:\/\/files.sunoresearch.com.br\/n\/uploads\/2022\/01\/15472110202_f32ba4d0d5_o-scaled.jpg","width":2560,"height":1705,"caption":"Senado: compras internacionais. Foto: Jefferson Rudy\/Ag\u00eancia Senado"},{"@type":"BreadcrumbList","@id":"https:\/\/www.suno.com.br\/noticias\/taxacao-compras-internacionais-adiada-no-senado\/#breadcrumb","itemListElement":[{"@type":"ListItem","position":1,"name":"Not\u00edcias","item":"https:\/\/www.suno.com.br\/noticias\/"},{"@type":"ListItem","position":2,"name":"Pol\u00edtica","item":"https:\/\/www.suno.com.br\/noticias\/politica\/"},{"@type":"ListItem","position":3,"name":"Shopee, AliExpress e Shein: vota\u00e7\u00e3o sobre taxa\u00e7\u00e3o de compras internacionais \u00e9 adiada no Senado"}]},{"@type":"WebSite","@id":"https:\/\/www.suno.com.br\/noticias\/#website","url":"https:\/\/www.suno.com.br\/noticias\/","name":"Suno Not\u00edcias","description":"Seu portal de informa\u00e7\u00e3o sobre o mundo dos investimentos","publisher":{"@id":"https:\/\/www.suno.com.br\/noticias\/#organization"},"potentialAction":[{"@type":"SearchAction","target":{"@type":"EntryPoint","urlTemplate":"https:\/\/www.suno.com.br\/noticias\/?s={search_term_string}"},"query-input":{"@type":"PropertyValueSpecification","valueRequired":true,"valueName":"search_term_string"}}],"inLanguage":"pt-BR"},{"@type":"Organization","@id":"https:\/\/www.suno.com.br\/noticias\/#organization","name":"Suno Not\u00edcias","url":"https:\/\/www.suno.com.br\/noticias\/","logo":{"@type":"ImageObject","inLanguage":"pt-BR","@id":"https:\/\/www.suno.com.br\/noticias\/#\/schema\/logo\/image\/","url":"https:\/\/files.sunoresearch.com.br\/n\/uploads\/2021\/09\/suno-logo.png","contentUrl":"https:\/\/files.sunoresearch.com.br\/n\/uploads\/2021\/09\/suno-logo.png","width":180,"height":180,"caption":"Suno Not\u00edcias"},"image":{"@id":"https:\/\/www.suno.com.br\/noticias\/#\/schema\/logo\/image\/"},"sameAs":["https:\/\/facebook.com\/sunoresearch","https:\/\/x.com\/sunoresearch","https:\/\/www.instagram.com\/suno","https:\/\/www.linkedin.com\/company\/suno-research\/","https:\/\/www.youtube.com\/c\/sunoresearch"]},{"@type":"Person","@id":"https:\/\/www.suno.com.br\/noticias\/#\/schema\/person\/c1b1bd3727fa852bd045e9dbff3673ea","name":"Reda\u00e7\u00e3o Suno Not\u00edcias","image":{"@type":"ImageObject","inLanguage":"pt-BR","@id":"https:\/\/www.suno.com.br\/noticias\/#\/schema\/person\/image\/","url":"https:\/\/secure.gravatar.com\/avatar\/b8104b9b5a71985d5238ee59fbe418af?s=96&r=g","contentUrl":"https:\/\/secure.gravatar.com\/avatar\/b8104b9b5a71985d5238ee59fbe418af?s=96&r=g","caption":"Reda\u00e7\u00e3o Suno Not\u00edcias"},"description":"O Suno Not\u00edcias \u00e9 um portal de informa\u00e7\u00f5es sobre Mercado Financeiro, Pol\u00edtica, Neg\u00f3cios, Economia e Finan\u00e7as Pessoais.","sameAs":["https:\/\/www.suno.com.br\/noticias","https:\/\/www.facebook.com\/sunonoticias\/","https:\/\/www.instagram.com\/sunonoticias\/","https:\/\/x.com\/https:\/\/twitter.com\/sunoresearch","https:\/\/www.youtube.com\/sunonoticias"],"url":"https:\/\/www.suno.com.br\/noticias\/author\/redacao-suno\/"}]}},"default_loop_html":"<div class=\"cardsPage__listCard__boxs\"><div class=\"cardsPage__listCard__boxs__img\"><a href=\"https:\/\/www.suno.com.br\/noticias\/taxacao-compras-internacionais-adiada-no-senado\/\"><img class=\"mask\" src=\"https:\/\/www.suno.com.br\/noticias\/wp-content\/themes\/suno\/resources\/images\/spotlight\/spotlight1img\/bg-mask.png\" alt=\"Image Mask\"\/><img src=\"https:\/\/files.sunoresearch.com.br\/n\/uploads\/2022\/01\/15472110202_f32ba4d0d5_o-400x200.jpg\" alt=\"Shopee, AliExpress e Shein: vota\u00e7\u00e3o sobre taxa\u00e7\u00e3o de compras internacionais \u00e9 adiada no Senado\"\/><\/a><span class=\"spotlightCategory\"><a href=\"https:\/\/www.suno.com.br\/noticias\/politica\/\">Pol\u00edtica<\/a><\/span><\/div><div class=\"cardsPage__listCard__boxs__content\"><a href=\"https:\/\/www.suno.com.br\/noticias\/taxacao-compras-internacionais-adiada-no-senado\/\"><h2 class=\"content__title\">Shopee, AliExpress e Shein: vota\u00e7\u00e3o sobre taxa\u00e7\u00e3o de compras internacionais \u00e9 adiada no Senado<\/h2><\/a><div class=\"newsContent__article__meta\"><div class=\"newsContent__article__meta__authorBox\"><a href=\"https:\/\/www.suno.com.br\/noticias\/author\/vini08correiagmail-com\/\" class=\"authorBox__avatar noMobi\"><img src=\"https:\/\/files.sunoresearch.com.br\/n\/uploads\/2026\/04\/WhatsApp-Image-2026-04-20-at-19.35.48-150x150.webp\" alt=\"Vin\u00edcius Alves\"><\/a><div class=\"authorBox__name\"><span>por\n\t\t\t<a href=\"https:\/\/www.suno.com.br\/noticias\/author\/vini08correiagmail-com\/\"><span itemprop=\"author\">Vin\u00edcius Alves<\/span><\/a><\/span><time datetime=\"2024-06-04T20:20:29-03:00\" itemprop=\"datePublished\">04\/06\/2024 20:20<\/time><\/div><\/div><\/div><\/div><\/div>","single_layout":"posts","amp_enabled":true,"_links":{"self":[{"href":"https:\/\/www.suno.com.br\/noticias\/wp-json\/wp\/v2\/posts\/559769"}],"collection":[{"href":"https:\/\/www.suno.com.br\/noticias\/wp-json\/wp\/v2\/posts"}],"about":[{"href":"https:\/\/www.suno.com.br\/noticias\/wp-json\/wp\/v2\/types\/post"}],"author":[{"embeddable":true,"href":"https:\/\/www.suno.com.br\/noticias\/wp-json\/wp\/v2\/users\/43"}],"replies":[{"embeddable":true,"href":"https:\/\/www.suno.com.br\/noticias\/wp-json\/wp\/v2\/comments?post=559769"}],"version-history":[{"count":2,"href":"https:\/\/www.suno.com.br\/noticias\/wp-json\/wp\/v2\/posts\/559769\/revisions"}],"predecessor-version":[{"id":559786,"href":"https:\/\/www.suno.com.br\/noticias\/wp-json\/wp\/v2\/posts\/559769\/revisions\/559786"}],"wp:featuredmedia":[{"embeddable":true,"href":"https:\/\/www.suno.com.br\/noticias\/wp-json\/wp\/v2\/media\/223460"}],"wp:attachment":[{"href":"https:\/\/www.suno.com.br\/noticias\/wp-json\/wp\/v2\/media?parent=559769"}],"wp:term":[{"taxonomy":"category","embeddable":true,"href":"https:\/\/www.suno.com.br\/noticias\/wp-json\/wp\/v2\/categories?post=559769"},{"taxonomy":"post_tag","embeddable":true,"href":"https:\/\/www.suno.com.br\/noticias\/wp-json\/wp\/v2\/tags?post=559769"},{"taxonomy":"suno_strategy","embeddable":true,"href":"https:\/\/www.suno.com.br\/noticias\/wp-json\/wp\/v2\/suno_strategy?post=559769"}],"curies":[{"name":"wp","href":"https:\/\/api.w.org\/{rel}","templated":true}]}}