{"id":559568,"date":"2024-06-04T13:43:24","date_gmt":"2024-06-04T16:43:24","guid":{"rendered":"https:\/\/www.suno.com.br\/noticias\/?p=559568"},"modified":"2024-06-04T14:47:44","modified_gmt":"2024-06-04T17:47:44","slug":"cenario-de-dolar-forte-deve-persistir-e-pode-se-intensificar-diz-itau","status":"publish","type":"post","link":"https:\/\/www.suno.com.br\/noticias\/cenario-de-dolar-forte-deve-persistir-e-pode-se-intensificar-diz-itau\/","title":{"rendered":"Cen\u00e1rio de d\u00f3lar forte continua e pode se intensificar, diz Ita\u00fa"},"content":{"rendered":"<p>Com o diferencial de juros entre Brasil e EUA e o aumento do risco geopol\u00edtico no Oriente M\u00e9dio e a tens\u00e3o entre EUA e China, especialistas do Ita\u00fa passaram a esperar um prolongamento do cen\u00e1rio de <strong><a href=\"https:\/\/www.suno.com.br\/noticias\/dolar-alta-treasuries-pib-brasil-cpf\/\">d\u00f3lar<\/a><\/strong> mais forte e, eventualmente, uma intensifica\u00e7\u00e3o da alta da moeda.<\/p><div class=\"videoFull \">\n\t\t\t<div class=\"videoWrapper yt-lazyload center\"\n\t\t\t\tdata-width=\"960\"\n\t\t\t\tdata-height=\"540\"\n\t\t\t\tdata-id=\"LQdxo5i2GuY\"\n\t\t\t\tdata-alt=\"V\u00eddeo do YouTube - clique para reproduzir\"\n\t\t\t\tdata-logo=\"3\"\n\t\t\t\tdata-imagequality=\"maxres\">\n\t\t\t<\/div>\n\t\t<\/div><script type=\"application\/ld+json\">{\"@context\":\"https:\/\/schema.org\",\"@type\":\"VideoObject\",\"name\":\"\ud83d\udd34FUNDO DO IBOVESPA EM 2024? | Contrato bilion\u00e1rio da Petrobras (PETR4) | GameStop dispara\",\"description\":\"#mercadofinanceiro #a\u00e7\u00f5es #investimentos #bolsadevalores #ibovespa #dinheiro #finan\u00e7as #pol\u00edtica #d\u00f3lar #livedas19h #petr4 #petr3 #petrobras #vale3 #vale #a\u00e7\u00f5es #economia #dividendos #min\u00e9riodeferro #min\u00e9rio #petr\u00f3leo #commodities #proventos #dividendos #jcp #statusinvest #statusalpha #lula #b3 #fluxoestrangeiro \ud83d\udd34CURSO DE GRA\u00c7A SOBRE DIVIDENDOS: https:\/\/suno.me\/4e71brx 00:00 In\u00edcio do v\u00eddeo 01:40 Fechamento de preg\u00e3o 06:50 o que est\u00e1 acontecendo com o Ibovespa 12:40 Petrobras e\u2026\",\"duration\":\"PT24M43S\",\"embedUrl\":\"https:\/\/www.youtube.com\/embed\/LQdxo5i2GuY\",\"regionsAllowed\":\"en-US\",\"interactionStatistic\":{\"@type\":\"InteractionCounter\",\"interactionType\":{\"@type\":\"WatchAction\"},\"userInteractionCount\":7091},\"thumbnailUrl\":\"https:\/\/i.ytimg.com\/vi\/LQdxo5i2GuY\/default.jpg\",\"uploadDate\":\"2024-06-03T22:31:07Z\"}<\/script>\n\n\n\n\n\t<p>\n\t\t<a href=\"https:\/\/lp.suno.com.br\/ebook-como-analisar-uma-acao\/\" target=\"_blank\" data-element=\"shortcode-suno-banner\" title=\"Banner SUNO, clique e saiba mais\">\n\t\t\t<picture>\n\t\t\t\t<source media=\"(max-width: 500px)\" srcset=\"https:\/\/files.sunoresearch.com.br\/n\/uploads\/2023\/03\/Ebook-Acoes-Mobile.jpg\">\n\t\t\t\t<img class=\"newsContent__article__imgCapa newsContent__article__imgCapa--banner\"\n\t\t\t\t\tsrc=\"https:\/\/files.sunoresearch.com.br\/n\/uploads\/2023\/03\/Ebook-Acoes-Desktop.jpg\"\n\t\t\t\t\tdata-promo-id=\"378302\"\t\t\t\t\t\t\t\t\t\twidth='1420' height='286'\t\t\t\t\talt=\"https:\/\/files.sunoresearch.com.br\/n\/uploads\/2023\/03\/Ebook-Acoes-Desktop.jpg\"\n\t\t\t\t>\n\t\t\t<\/picture>\n\t\t<\/a>\n\t<\/p>\n\n\n\n\n\n\n\n<p>Os especialistas elevaram por isso sua <strong>proje\u00e7\u00e3o do d\u00f3lar<\/strong> para 2024 de R$ 5 para R$ 5,15.<\/p>\n\n\n\n<p>J\u00e1 a expectativa para a <strong>cota\u00e7\u00e3o do d\u00f3lar<\/strong> em 2025 foi de R$ 5,20 para R$ 5,25.<\/p>\n\n\n\n<p>Com o cen\u00e1rio de <a class=\"suno-keyword\" data-force=\"no\" data-priority=\"1\" href=\"https:\/\/www.suno.com.br\/artigos\/politica-monetaria\/\" target=\"_blank\" rel=\"noopener\">pol\u00edtica monet\u00e1ria<\/a> global, o Ita\u00fa destaca que a diverg\u00eancia dos EUA frente ao restante do mundo, diante do chamado \u201cexcepcionalismo\u201d do pa\u00eds em termos de crescimento resiliente e infla\u00e7\u00e3o mais persistente, est\u00e1 levando a uma posterga\u00e7\u00e3o dos cortes do Fed e a um aumento do diferencial de juros dos EUA frente \u00e0s outras economias.<\/p>\n\n\n\n<p>&#8220;Considerando nosso cen\u00e1rio para os bancos centrais desenvolvidos (quatro cortes do Fed e sete cortes do ECB at\u00e9 o fim do ano que vem), estimamos um potencial de aprecia\u00e7\u00e3o adicional do d\u00f3lar multilateral de em torno de 1,5% at\u00e9 o fim do ano&#8221;, diz a casa.<\/p>\n\n\n\n<p>&#8220;Avaliamos que essa aprecia\u00e7\u00e3o pode se acentuar, a depender das tens\u00f5es geopol\u00edticas globais. Especificamente, estimamos que a cada 10% de aumento da raz\u00e3o entre os pre\u00e7os do ouro e do cobre (m\u00e9trica que avaliamos como a mais representativa do risco geopol\u00edtico no momento), h\u00e1 uma aprecia\u00e7\u00e3o de 2% do d\u00f3lar, tudo o mais constante&#8221;, completa<\/p>\n\n\n\n<p>Nesse cen\u00e1rio, os analistas destacam que para os <a class=\"suno-keyword\" data-force=\"no\" data-priority=\"2\" href=\"https:\/\/www.suno.com.br\/artigos\/paises-emergentes\/\" target=\"_blank\" rel=\"noopener\">pa\u00edses emergentes<\/a>, o d\u00f3lar mais forte deve contribuir para ciclos de cortes de juros mais contidos \u00e0 frente. <\/p>\n\n\n\n<p>&#8220;Notamos que as moedas dos pa\u00edses com diferenciais de juros relativamente baixos frente ao padr\u00e3o hist\u00f3rico s\u00e3o as que mais depreciam esse ano. Uma dessas \u00e9 o real, cujos movimentos t\u00eam correla\u00e7\u00e3o hist\u00f3rica alta com o d\u00f3lar multilateral&#8221;, diz o relat\u00f3rio.<\/p>\n\n\n\t<p>\n\t\t<a href=\"https:\/\/lp.suno.com.br\/ebook-gratuito-investindo-no-exterior\/\" target=\"_blank\" data-element=\"shortcode-suno-banner\" title=\"Banner SUNO, clique e saiba mais\">\n\t\t\t<picture>\n\t\t\t\t<source media=\"(max-width: 500px)\" srcset=\"https:\/\/files.sunoresearch.com.br\/n\/uploads\/2023\/03\/400x300-Investindo-no-exterior.png\">\n\t\t\t\t<img class=\"newsContent__article__imgCapa newsContent__article__imgCapa--banner\"\n\t\t\t\t\tsrc=\"https:\/\/files.sunoresearch.com.br\/n\/uploads\/2023\/03\/1420x240-Investindo-no-exterior.png\"\n\t\t\t\t\tdata-promo-id=\"383161\"\t\t\t\t\t\t\t\t\t\twidth='1420' height='240'\t\t\t\t\talt=\"https:\/\/files.sunoresearch.com.br\/n\/uploads\/2023\/03\/1420x240-Investindo-no-exterior.png\"\n\t\t\t\t>\n\t\t\t<\/picture>\n\t\t<\/a>\n\t<\/p>\n\n\n\n\n\n<h2 class=\"wp-block-heading\">Aprecia\u00e7\u00e3o recente do d\u00f3lar<\/h2>\n\n\n\n<p>Os especialistas ainda acrescentam que nos \u00faltimos 12 meses o d\u00f3lar apreciou 2,2% em termos reais, com movimentos de <a class=\"suno-keyword\" data-force=\"no\" data-priority=\"1\" href=\"https:\/\/www.suno.com.br\/artigos\/curto-prazo\/\" target=\"_blank\" rel=\"noopener\">curto prazo<\/a> expressivos, em grande parte impulsionados pela pol\u00edtica monet\u00e1ria. <\/p>\n\n\n\n<p>&#8220;No terceiro trimestre do ano passado, a postura mais dura do Fed e a percep\u00e7\u00e3o de uma situa\u00e7\u00e3o fiscal americana pior levaram a um aumento do diferencial de juros e a um d\u00f3lar mais forte. No quarto trimestre, a infla\u00e7\u00e3o americana e global mais fraca impulsionou a <strong>cota\u00e7\u00e3o do d\u00f3lar<\/strong> para baixo, mas o pr\u00eamio geopol\u00edtico mais elevado pelo conflito no Oriente M\u00e9dio compensou para cima&#8221;, observa o Ita\u00fa.<\/p>\n\n\n\n<p>&#8220;Em 2024, no primeiro trimestre, a infla\u00e7\u00e3o nos EUA se mostrou mais forte, mas a interpreta\u00e7\u00e3o do mercado foi de que isso poderia se tratar de um repique transit\u00f3rio. Ao mesmo tempo, o Banco do Jap\u00e3o saiu do juro negativo, na contram\u00e3o do ciclo de pol\u00edtica monet\u00e1ria do restante do mundo, o que tamb\u00e9m contribuiu para um <strong>enfraquecimento do d\u00f3lar<\/strong>&#8220;, completa.<\/p>\n\n\n\n<p>Al\u00e9m disso, ainda no segundo trimestre desse ano, abril foi marcado por uma forte reprecifica\u00e7\u00e3o dos juros americanos, apontando para o adiamento do in\u00edcio da flexibiliza\u00e7\u00e3o &#8211; fen\u00f4meno que tamb\u00e9m afetou o <strong>d\u00f3lar<\/strong>.<\/p>\n\n\n\t<p>\n\t\t<a href=\"https:\/\/lp.suno.com.br\/planilha-da-vida-financeira\/\" target=\"_blank\" data-element=\"shortcode-suno-banner\" title=\"Banner SUNO, clique e saiba mais\">\n\t\t\t<picture>\n\t\t\t\t<source media=\"(max-width: 500px)\" srcset=\"https:\/\/files.sunoresearch.com.br\/n\/uploads\/2023\/04\/400x300-Planilha-vida-financeira-true.png\">\n\t\t\t\t<img class=\"newsContent__article__imgCapa newsContent__article__imgCapa--banner\"\n\t\t\t\t\tsrc=\"https:\/\/files.sunoresearch.com.br\/n\/uploads\/2023\/04\/1420x240-Planilha-vida-financeira-true.png\"\n\t\t\t\t\tdata-promo-id=\"383123\"\t\t\t\t\t\t\t\t\t\twidth='1420' height='240'\t\t\t\t\talt=\"https:\/\/files.sunoresearch.com.br\/n\/uploads\/2023\/04\/1420x240-Planilha-vida-financeira-true.png\"\n\t\t\t\t>\n\t\t\t<\/picture>\n\t\t<\/a>\n\t<\/p>\n\n\n","protected":false},"excerpt":{"rendered":"<p>Com o diferencial de juros entre Brasil e EUA e o aumento do risco geopol\u00edtico no Oriente M\u00e9dio e a tens\u00e3o entre EUA e China, especialistas do Ita\u00fa passaram a esperar um prolongamento do cen\u00e1rio de d\u00f3lar mais forte e, eventualmente, uma intensifica\u00e7\u00e3o da alta da moeda. Os especialistas elevaram por isso sua proje\u00e7\u00e3o do [&hellip;]<\/p>\n","protected":false},"author":73,"featured_media":556996,"comment_status":"closed","ping_status":"closed","sticky":false,"template":"","format":"standard","meta":[],"categories":[60],"tags":[326,105816],"suno_strategy":[],"class_list":["post-559568","post","type-post","status-publish","format-standard","has-post-thumbnail","hentry","category-mercado","tag-dolar","tag-especialistas"],"yoast_head":"<!-- This site is optimized with the Yoast SEO plugin v24.4 - https:\/\/yoast.com\/wordpress\/plugins\/seo\/ -->\n<title>Cen\u00e1rio de d\u00f3lar forte deve persistir e pode se intensificar, diz Ita\u00fa<\/title>\n<meta name=\"description\" content=\"Com isso, os especialistas elevaram sua proje\u00e7\u00e3o do d\u00f3lar para 2024 de R$ 5 para R$ 5,15, olhando para o cen\u00e1rio geopol\u00edtico e para o Fed\" \/>\n<meta name=\"robots\" content=\"index, follow, max-snippet:-1, max-image-preview:large, max-video-preview:-1\" \/>\n<link rel=\"canonical\" href=\"https:\/\/www.suno.com.br\/noticias\/cenario-de-dolar-forte-deve-persistir-e-pode-se-intensificar-diz-itau\/\" \/>\n<meta property=\"og:locale\" content=\"pt_BR\" \/>\n<meta property=\"og:type\" content=\"article\" \/>\n<meta property=\"og:title\" content=\"Cen\u00e1rio de d\u00f3lar forte deve persistir e pode se intensificar, diz Ita\u00fa\" \/>\n<meta property=\"og:description\" content=\"Com isso, os especialistas elevaram sua proje\u00e7\u00e3o do d\u00f3lar para 2024 de R$ 5 para R$ 5,15, olhando para o cen\u00e1rio geopol\u00edtico e para o Fed\" \/>\n<meta property=\"og:url\" content=\"https:\/\/www.suno.com.br\/noticias\/cenario-de-dolar-forte-deve-persistir-e-pode-se-intensificar-diz-itau\/\" \/>\n<meta property=\"og:site_name\" content=\"Suno Not\u00edcias\" \/>\n<meta property=\"article:publisher\" content=\"https:\/\/facebook.com\/sunoresearch\" \/>\n<meta property=\"og:image\" content=\"https:\/\/files.sunoresearch.com.br\/n\/uploads\/2024\/05\/dolar-estados-unidos.jpg\" \/>\n\t<meta property=\"og:image:width\" content=\"1200\" \/>\n\t<meta property=\"og:image:height\" content=\"675\" \/>\n\t<meta property=\"og:image:type\" content=\"image\/jpeg\" \/>\n<meta name=\"author\" content=\"Eduardo Vargas\" \/>\n<meta name=\"twitter:card\" content=\"summary_large_image\" \/>\n<meta name=\"twitter:creator\" content=\"@sunoresearch\" \/>\n<meta name=\"twitter:site\" content=\"@sunoresearch\" \/>\n<meta name=\"twitter:label1\" content=\"Escrito por\" \/>\n\t<meta name=\"twitter:data1\" content=\"Eduardo Vargas\" \/>\n\t<meta name=\"twitter:label2\" content=\"Est. tempo de leitura\" \/>\n\t<meta name=\"twitter:data2\" content=\"3 minutos\" \/>\n<script type=\"application\/ld+json\" class=\"yoast-schema-graph\">{\"@context\":\"https:\/\/schema.org\",\"@graph\":[{\"@type\":\"NewsArticle\",\"@id\":\"https:\/\/www.suno.com.br\/noticias\/cenario-de-dolar-forte-deve-persistir-e-pode-se-intensificar-diz-itau\/#article\",\"isPartOf\":{\"@id\":\"https:\/\/www.suno.com.br\/noticias\/cenario-de-dolar-forte-deve-persistir-e-pode-se-intensificar-diz-itau\/\"},\"author\":{\"name\":\"Eduardo Vargas\",\"@id\":\"https:\/\/www.suno.com.br\/noticias\/#\/schema\/person\/7f4d362bf3518e76090143ae77bb49a5\"},\"headline\":\"Cen\u00e1rio de d\u00f3lar forte continua e pode se intensificar, diz Ita\u00fa\",\"datePublished\":\"2024-06-04T16:43:24+00:00\",\"dateModified\":\"2024-06-04T17:47:44+00:00\",\"mainEntityOfPage\":{\"@id\":\"https:\/\/www.suno.com.br\/noticias\/cenario-de-dolar-forte-deve-persistir-e-pode-se-intensificar-diz-itau\/\"},\"wordCount\":582,\"publisher\":{\"@id\":\"https:\/\/www.suno.com.br\/noticias\/#organization\"},\"image\":{\"@id\":\"https:\/\/www.suno.com.br\/noticias\/cenario-de-dolar-forte-deve-persistir-e-pode-se-intensificar-diz-itau\/#primaryimage\"},\"thumbnailUrl\":\"https:\/\/files.sunoresearch.com.br\/n\/uploads\/2024\/05\/dolar-estados-unidos.jpg\",\"keywords\":[\"d\u00f3lar\",\"Especialistas\"],\"articleSection\":[\"Mercado\"],\"inLanguage\":\"pt-BR\"},{\"@type\":\"WebPage\",\"@id\":\"https:\/\/www.suno.com.br\/noticias\/cenario-de-dolar-forte-deve-persistir-e-pode-se-intensificar-diz-itau\/\",\"url\":\"https:\/\/www.suno.com.br\/noticias\/cenario-de-dolar-forte-deve-persistir-e-pode-se-intensificar-diz-itau\/\",\"name\":\"Cen\u00e1rio de d\u00f3lar forte deve persistir e pode se intensificar, diz Ita\u00fa\",\"isPartOf\":{\"@id\":\"https:\/\/www.suno.com.br\/noticias\/#website\"},\"primaryImageOfPage\":{\"@id\":\"https:\/\/www.suno.com.br\/noticias\/cenario-de-dolar-forte-deve-persistir-e-pode-se-intensificar-diz-itau\/#primaryimage\"},\"image\":{\"@id\":\"https:\/\/www.suno.com.br\/noticias\/cenario-de-dolar-forte-deve-persistir-e-pode-se-intensificar-diz-itau\/#primaryimage\"},\"thumbnailUrl\":\"https:\/\/files.sunoresearch.com.br\/n\/uploads\/2024\/05\/dolar-estados-unidos.jpg\",\"datePublished\":\"2024-06-04T16:43:24+00:00\",\"dateModified\":\"2024-06-04T17:47:44+00:00\",\"description\":\"Com isso, os especialistas elevaram sua proje\u00e7\u00e3o do d\u00f3lar para 2024 de R$ 5 para R$ 5,15, olhando para o cen\u00e1rio geopol\u00edtico e para o Fed\",\"breadcrumb\":{\"@id\":\"https:\/\/www.suno.com.br\/noticias\/cenario-de-dolar-forte-deve-persistir-e-pode-se-intensificar-diz-itau\/#breadcrumb\"},\"inLanguage\":\"pt-BR\",\"potentialAction\":[{\"@type\":\"ReadAction\",\"target\":[\"https:\/\/www.suno.com.br\/noticias\/cenario-de-dolar-forte-deve-persistir-e-pode-se-intensificar-diz-itau\/\"]}]},{\"@type\":\"ImageObject\",\"inLanguage\":\"pt-BR\",\"@id\":\"https:\/\/www.suno.com.br\/noticias\/cenario-de-dolar-forte-deve-persistir-e-pode-se-intensificar-diz-itau\/#primaryimage\",\"url\":\"https:\/\/files.sunoresearch.com.br\/n\/uploads\/2024\/05\/dolar-estados-unidos.jpg\",\"contentUrl\":\"https:\/\/files.sunoresearch.com.br\/n\/uploads\/2024\/05\/dolar-estados-unidos.jpg\",\"width\":1200,\"height\":675,\"caption\":\"BDRs - Foto: iStock\"},{\"@type\":\"BreadcrumbList\",\"@id\":\"https:\/\/www.suno.com.br\/noticias\/cenario-de-dolar-forte-deve-persistir-e-pode-se-intensificar-diz-itau\/#breadcrumb\",\"itemListElement\":[{\"@type\":\"ListItem\",\"position\":1,\"name\":\"Not\u00edcias\",\"item\":\"https:\/\/www.suno.com.br\/noticias\/\"},{\"@type\":\"ListItem\",\"position\":2,\"name\":\"Mercado\",\"item\":\"https:\/\/www.suno.com.br\/noticias\/mercado\/\"},{\"@type\":\"ListItem\",\"position\":3,\"name\":\"Cen\u00e1rio de d\u00f3lar forte continua e pode se intensificar, diz Ita\u00fa\"}]},{\"@type\":\"WebSite\",\"@id\":\"https:\/\/www.suno.com.br\/noticias\/#website\",\"url\":\"https:\/\/www.suno.com.br\/noticias\/\",\"name\":\"Suno Not\u00edcias\",\"description\":\"Seu portal de informa\u00e7\u00e3o sobre o mundo dos investimentos\",\"publisher\":{\"@id\":\"https:\/\/www.suno.com.br\/noticias\/#organization\"},\"potentialAction\":[{\"@type\":\"SearchAction\",\"target\":{\"@type\":\"EntryPoint\",\"urlTemplate\":\"https:\/\/www.suno.com.br\/noticias\/?s={search_term_string}\"},\"query-input\":{\"@type\":\"PropertyValueSpecification\",\"valueRequired\":true,\"valueName\":\"search_term_string\"}}],\"inLanguage\":\"pt-BR\"},{\"@type\":\"Organization\",\"@id\":\"https:\/\/www.suno.com.br\/noticias\/#organization\",\"name\":\"Suno Not\u00edcias\",\"url\":\"https:\/\/www.suno.com.br\/noticias\/\",\"logo\":{\"@type\":\"ImageObject\",\"inLanguage\":\"pt-BR\",\"@id\":\"https:\/\/www.suno.com.br\/noticias\/#\/schema\/logo\/image\/\",\"url\":\"https:\/\/files.sunoresearch.com.br\/n\/uploads\/2021\/09\/suno-logo.png\",\"contentUrl\":\"https:\/\/files.sunoresearch.com.br\/n\/uploads\/2021\/09\/suno-logo.png\",\"width\":180,\"height\":180,\"caption\":\"Suno Not\u00edcias\"},\"image\":{\"@id\":\"https:\/\/www.suno.com.br\/noticias\/#\/schema\/logo\/image\/\"},\"sameAs\":[\"https:\/\/facebook.com\/sunoresearch\",\"https:\/\/x.com\/sunoresearch\",\"https:\/\/www.instagram.com\/suno\",\"https:\/\/www.linkedin.com\/company\/suno-research\/\",\"https:\/\/www.youtube.com\/c\/sunoresearch\"]},{\"@type\":\"Person\",\"@id\":\"https:\/\/www.suno.com.br\/noticias\/#\/schema\/person\/7f4d362bf3518e76090143ae77bb49a5\",\"name\":\"Eduardo Vargas\",\"image\":{\"@type\":\"ImageObject\",\"inLanguage\":\"pt-BR\",\"@id\":\"https:\/\/www.suno.com.br\/noticias\/#\/schema\/person\/image\/\",\"url\":\"https:\/\/secure.gravatar.com\/avatar\/dac340933427a22924c9f99d1eb2e3f2?s=96&r=g\",\"contentUrl\":\"https:\/\/secure.gravatar.com\/avatar\/dac340933427a22924c9f99d1eb2e3f2?s=96&r=g\",\"caption\":\"Eduardo Vargas\"},\"description\":\"Jornalista formado pela UFSC, cobre macroeconomia, neg\u00f3cios e startups para o Suno Not\u00edcias, escrevendo principalmente not\u00edcias sobre o mercado financeiro e a bolsa de valores. No YouTube e no Instagram, \u00e9 respons\u00e1vel pela produ\u00e7\u00e3o de Reels e Shorts do Suno Not\u00edcias. Anteriormente, trabalhou cobrindo economia e cotidiano no ND+ e para o ND, maior jornal impresso de Santa Catarina. Cursou um semestre letivo de Estudos de M\u00eddia na Universidad de Buenos Aires.\",\"url\":\"https:\/\/www.suno.com.br\/noticias\/author\/eduardo-vargas\/\"}]}<\/script>\n<!-- \/ Yoast SEO plugin. -->","yoast_head_json":{"title":"Cen\u00e1rio de d\u00f3lar forte deve persistir e pode se intensificar, diz Ita\u00fa","description":"Com isso, os especialistas elevaram sua proje\u00e7\u00e3o do d\u00f3lar para 2024 de R$ 5 para R$ 5,15, olhando para o cen\u00e1rio geopol\u00edtico e para o Fed","robots":{"index":"index","follow":"follow","max-snippet":"max-snippet:-1","max-image-preview":"max-image-preview:large","max-video-preview":"max-video-preview:-1"},"canonical":"https:\/\/www.suno.com.br\/noticias\/cenario-de-dolar-forte-deve-persistir-e-pode-se-intensificar-diz-itau\/","og_locale":"pt_BR","og_type":"article","og_title":"Cen\u00e1rio de d\u00f3lar forte deve persistir e pode se intensificar, diz Ita\u00fa","og_description":"Com isso, os especialistas elevaram sua proje\u00e7\u00e3o do d\u00f3lar para 2024 de R$ 5 para R$ 5,15, olhando para o cen\u00e1rio geopol\u00edtico e para o Fed","og_url":"https:\/\/www.suno.com.br\/noticias\/cenario-de-dolar-forte-deve-persistir-e-pode-se-intensificar-diz-itau\/","og_site_name":"Suno Not\u00edcias","article_publisher":"https:\/\/facebook.com\/sunoresearch","og_image":[{"width":1200,"height":675,"url":"https:\/\/files.sunoresearch.com.br\/n\/uploads\/2024\/05\/dolar-estados-unidos.jpg","type":"image\/jpeg"}],"author":"Eduardo Vargas","twitter_card":"summary_large_image","twitter_creator":"@sunoresearch","twitter_site":"@sunoresearch","twitter_misc":{"Escrito por":"Eduardo Vargas","Est. tempo de leitura":"3 minutos"},"schema":{"@context":"https:\/\/schema.org","@graph":[{"@type":"NewsArticle","@id":"https:\/\/www.suno.com.br\/noticias\/cenario-de-dolar-forte-deve-persistir-e-pode-se-intensificar-diz-itau\/#article","isPartOf":{"@id":"https:\/\/www.suno.com.br\/noticias\/cenario-de-dolar-forte-deve-persistir-e-pode-se-intensificar-diz-itau\/"},"author":{"name":"Eduardo Vargas","@id":"https:\/\/www.suno.com.br\/noticias\/#\/schema\/person\/7f4d362bf3518e76090143ae77bb49a5"},"headline":"Cen\u00e1rio de d\u00f3lar forte continua e pode se intensificar, diz Ita\u00fa","datePublished":"2024-06-04T16:43:24+00:00","dateModified":"2024-06-04T17:47:44+00:00","mainEntityOfPage":{"@id":"https:\/\/www.suno.com.br\/noticias\/cenario-de-dolar-forte-deve-persistir-e-pode-se-intensificar-diz-itau\/"},"wordCount":582,"publisher":{"@id":"https:\/\/www.suno.com.br\/noticias\/#organization"},"image":{"@id":"https:\/\/www.suno.com.br\/noticias\/cenario-de-dolar-forte-deve-persistir-e-pode-se-intensificar-diz-itau\/#primaryimage"},"thumbnailUrl":"https:\/\/files.sunoresearch.com.br\/n\/uploads\/2024\/05\/dolar-estados-unidos.jpg","keywords":["d\u00f3lar","Especialistas"],"articleSection":["Mercado"],"inLanguage":"pt-BR"},{"@type":"WebPage","@id":"https:\/\/www.suno.com.br\/noticias\/cenario-de-dolar-forte-deve-persistir-e-pode-se-intensificar-diz-itau\/","url":"https:\/\/www.suno.com.br\/noticias\/cenario-de-dolar-forte-deve-persistir-e-pode-se-intensificar-diz-itau\/","name":"Cen\u00e1rio de d\u00f3lar forte deve persistir e pode se intensificar, diz Ita\u00fa","isPartOf":{"@id":"https:\/\/www.suno.com.br\/noticias\/#website"},"primaryImageOfPage":{"@id":"https:\/\/www.suno.com.br\/noticias\/cenario-de-dolar-forte-deve-persistir-e-pode-se-intensificar-diz-itau\/#primaryimage"},"image":{"@id":"https:\/\/www.suno.com.br\/noticias\/cenario-de-dolar-forte-deve-persistir-e-pode-se-intensificar-diz-itau\/#primaryimage"},"thumbnailUrl":"https:\/\/files.sunoresearch.com.br\/n\/uploads\/2024\/05\/dolar-estados-unidos.jpg","datePublished":"2024-06-04T16:43:24+00:00","dateModified":"2024-06-04T17:47:44+00:00","description":"Com isso, os especialistas elevaram sua proje\u00e7\u00e3o do d\u00f3lar para 2024 de R$ 5 para R$ 5,15, olhando para o cen\u00e1rio geopol\u00edtico e para o Fed","breadcrumb":{"@id":"https:\/\/www.suno.com.br\/noticias\/cenario-de-dolar-forte-deve-persistir-e-pode-se-intensificar-diz-itau\/#breadcrumb"},"inLanguage":"pt-BR","potentialAction":[{"@type":"ReadAction","target":["https:\/\/www.suno.com.br\/noticias\/cenario-de-dolar-forte-deve-persistir-e-pode-se-intensificar-diz-itau\/"]}]},{"@type":"ImageObject","inLanguage":"pt-BR","@id":"https:\/\/www.suno.com.br\/noticias\/cenario-de-dolar-forte-deve-persistir-e-pode-se-intensificar-diz-itau\/#primaryimage","url":"https:\/\/files.sunoresearch.com.br\/n\/uploads\/2024\/05\/dolar-estados-unidos.jpg","contentUrl":"https:\/\/files.sunoresearch.com.br\/n\/uploads\/2024\/05\/dolar-estados-unidos.jpg","width":1200,"height":675,"caption":"BDRs - Foto: iStock"},{"@type":"BreadcrumbList","@id":"https:\/\/www.suno.com.br\/noticias\/cenario-de-dolar-forte-deve-persistir-e-pode-se-intensificar-diz-itau\/#breadcrumb","itemListElement":[{"@type":"ListItem","position":1,"name":"Not\u00edcias","item":"https:\/\/www.suno.com.br\/noticias\/"},{"@type":"ListItem","position":2,"name":"Mercado","item":"https:\/\/www.suno.com.br\/noticias\/mercado\/"},{"@type":"ListItem","position":3,"name":"Cen\u00e1rio de d\u00f3lar forte continua e pode se intensificar, diz Ita\u00fa"}]},{"@type":"WebSite","@id":"https:\/\/www.suno.com.br\/noticias\/#website","url":"https:\/\/www.suno.com.br\/noticias\/","name":"Suno Not\u00edcias","description":"Seu portal de informa\u00e7\u00e3o sobre o mundo dos investimentos","publisher":{"@id":"https:\/\/www.suno.com.br\/noticias\/#organization"},"potentialAction":[{"@type":"SearchAction","target":{"@type":"EntryPoint","urlTemplate":"https:\/\/www.suno.com.br\/noticias\/?s={search_term_string}"},"query-input":{"@type":"PropertyValueSpecification","valueRequired":true,"valueName":"search_term_string"}}],"inLanguage":"pt-BR"},{"@type":"Organization","@id":"https:\/\/www.suno.com.br\/noticias\/#organization","name":"Suno Not\u00edcias","url":"https:\/\/www.suno.com.br\/noticias\/","logo":{"@type":"ImageObject","inLanguage":"pt-BR","@id":"https:\/\/www.suno.com.br\/noticias\/#\/schema\/logo\/image\/","url":"https:\/\/files.sunoresearch.com.br\/n\/uploads\/2021\/09\/suno-logo.png","contentUrl":"https:\/\/files.sunoresearch.com.br\/n\/uploads\/2021\/09\/suno-logo.png","width":180,"height":180,"caption":"Suno Not\u00edcias"},"image":{"@id":"https:\/\/www.suno.com.br\/noticias\/#\/schema\/logo\/image\/"},"sameAs":["https:\/\/facebook.com\/sunoresearch","https:\/\/x.com\/sunoresearch","https:\/\/www.instagram.com\/suno","https:\/\/www.linkedin.com\/company\/suno-research\/","https:\/\/www.youtube.com\/c\/sunoresearch"]},{"@type":"Person","@id":"https:\/\/www.suno.com.br\/noticias\/#\/schema\/person\/7f4d362bf3518e76090143ae77bb49a5","name":"Eduardo Vargas","image":{"@type":"ImageObject","inLanguage":"pt-BR","@id":"https:\/\/www.suno.com.br\/noticias\/#\/schema\/person\/image\/","url":"https:\/\/secure.gravatar.com\/avatar\/dac340933427a22924c9f99d1eb2e3f2?s=96&r=g","contentUrl":"https:\/\/secure.gravatar.com\/avatar\/dac340933427a22924c9f99d1eb2e3f2?s=96&r=g","caption":"Eduardo Vargas"},"description":"Jornalista formado pela UFSC, cobre macroeconomia, neg\u00f3cios e startups para o Suno Not\u00edcias, escrevendo principalmente not\u00edcias sobre o mercado financeiro e a bolsa de valores. No YouTube e no Instagram, \u00e9 respons\u00e1vel pela produ\u00e7\u00e3o de Reels e Shorts do Suno Not\u00edcias. Anteriormente, trabalhou cobrindo economia e cotidiano no ND+ e para o ND, maior jornal impresso de Santa Catarina. Cursou um semestre letivo de Estudos de M\u00eddia na Universidad de Buenos Aires.","url":"https:\/\/www.suno.com.br\/noticias\/author\/eduardo-vargas\/"}]}},"default_loop_html":"<div class=\"cardsPage__listCard__boxs\"><div class=\"cardsPage__listCard__boxs__img\"><a href=\"https:\/\/www.suno.com.br\/noticias\/cenario-de-dolar-forte-deve-persistir-e-pode-se-intensificar-diz-itau\/\"><img class=\"mask\" src=\"https:\/\/www.suno.com.br\/noticias\/wp-content\/themes\/suno\/resources\/images\/spotlight\/spotlight1img\/bg-mask.png\" alt=\"Image Mask\"\/><img src=\"https:\/\/files.sunoresearch.com.br\/n\/uploads\/2024\/05\/dolar-estados-unidos-400x200.jpg\" alt=\"Cen\u00e1rio de d\u00f3lar forte continua e pode se intensificar, diz Ita\u00fa\"\/><\/a><span class=\"spotlightCategory\"><a href=\"https:\/\/www.suno.com.br\/noticias\/mercado\/\">Mercado<\/a><\/span><\/div><div class=\"cardsPage__listCard__boxs__content\"><a href=\"https:\/\/www.suno.com.br\/noticias\/cenario-de-dolar-forte-deve-persistir-e-pode-se-intensificar-diz-itau\/\"><h2 class=\"content__title\">Cen\u00e1rio de d\u00f3lar forte continua e pode se intensificar, diz Ita\u00fa<\/h2><\/a><div class=\"newsContent__article__meta\"><div class=\"newsContent__article__meta__authorBox\"><a href=\"https:\/\/www.suno.com.br\/noticias\/author\/eduardo-vargas\/\" class=\"authorBox__avatar noMobi\"><img src=\"https:\/\/secure.gravatar.com\/avatar\/dac340933427a22924c9f99d1eb2e3f2?s=96&#038;r=g\" alt=\"Eduardo Vargas\"><\/a><div class=\"authorBox__name\"><span>por\n\t\t\t<a href=\"https:\/\/www.suno.com.br\/noticias\/author\/eduardo-vargas\/\"><span itemprop=\"author\">Eduardo Vargas<\/span><\/a><\/span><time datetime=\"2024-06-04T13:43:24-03:00\" itemprop=\"datePublished\">04\/06\/2024 13:43<\/time><\/div><\/div><\/div><\/div><\/div>","single_layout":"posts","amp_enabled":true,"_links":{"self":[{"href":"https:\/\/www.suno.com.br\/noticias\/wp-json\/wp\/v2\/posts\/559568"}],"collection":[{"href":"https:\/\/www.suno.com.br\/noticias\/wp-json\/wp\/v2\/posts"}],"about":[{"href":"https:\/\/www.suno.com.br\/noticias\/wp-json\/wp\/v2\/types\/post"}],"author":[{"embeddable":true,"href":"https:\/\/www.suno.com.br\/noticias\/wp-json\/wp\/v2\/users\/73"}],"replies":[{"embeddable":true,"href":"https:\/\/www.suno.com.br\/noticias\/wp-json\/wp\/v2\/comments?post=559568"}],"version-history":[{"count":3,"href":"https:\/\/www.suno.com.br\/noticias\/wp-json\/wp\/v2\/posts\/559568\/revisions"}],"predecessor-version":[{"id":559619,"href":"https:\/\/www.suno.com.br\/noticias\/wp-json\/wp\/v2\/posts\/559568\/revisions\/559619"}],"wp:featuredmedia":[{"embeddable":true,"href":"https:\/\/www.suno.com.br\/noticias\/wp-json\/wp\/v2\/media\/556996"}],"wp:attachment":[{"href":"https:\/\/www.suno.com.br\/noticias\/wp-json\/wp\/v2\/media?parent=559568"}],"wp:term":[{"taxonomy":"category","embeddable":true,"href":"https:\/\/www.suno.com.br\/noticias\/wp-json\/wp\/v2\/categories?post=559568"},{"taxonomy":"post_tag","embeddable":true,"href":"https:\/\/www.suno.com.br\/noticias\/wp-json\/wp\/v2\/tags?post=559568"},{"taxonomy":"suno_strategy","embeddable":true,"href":"https:\/\/www.suno.com.br\/noticias\/wp-json\/wp\/v2\/suno_strategy?post=559568"}],"curies":[{"name":"wp","href":"https:\/\/api.w.org\/{rel}","templated":true}]}}