{"id":559536,"date":"2024-06-04T12:06:32","date_gmt":"2024-06-04T15:06:32","guid":{"rendered":"https:\/\/www.suno.com.br\/noticias\/?p=559536"},"modified":"2024-06-04T15:31:44","modified_gmt":"2024-06-04T18:31:44","slug":"toyota-governo-japao-montadoras-fraude-evm","status":"publish","type":"post","link":"https:\/\/www.suno.com.br\/noticias\/toyota-governo-japao-montadoras-fraude-evm\/","title":{"rendered":"Toyota (TMCO34) entra na mira do governo japon\u00eas ap\u00f3s assumir fraudes e irregularidades"},"content":{"rendered":"<p>A <strong>Toyota<\/strong> (<a class=\"suno-keyword\" data-force=\"yes\" data-priority=\"2\" href=\"https:\/\/www.suno.com.br\/bdrs\/tmco34\/\" target=\"_blank\" rel=\"noopener\">TMCO34<\/a>) est\u00e1 sob investiga\u00e7\u00e3o do governo japon\u00eas ap\u00f3s a descoberta de irregularidades nas certifica\u00e7\u00f5es de ve\u00edculos. <a href=\"https:\/\/www.suno.com.br\/noticias\/web-stories\/honda-lanca-moto-compacta-inspirada-modelo-anos-80-va\/\">Honda<\/a>, Suzuki, Mazda e Yamaha tamb\u00e9m estariam envolvidas nas pr\u00e1ticas fraudulentas.<\/p><div class=\"videoFull \">\n\t\t\t<div class=\"videoWrapper yt-lazyload center\"\n\t\t\t\tdata-width=\"960\"\n\t\t\t\tdata-height=\"540\"\n\t\t\t\tdata-id=\"LQdxo5i2GuY\"\n\t\t\t\tdata-alt=\"V\u00eddeo do YouTube - clique para reproduzir\"\n\t\t\t\tdata-logo=\"3\"\n\t\t\t\tdata-imagequality=\"maxres\">\n\t\t\t<\/div>\n\t\t<\/div><script type=\"application\/ld+json\">{\"@context\":\"https:\/\/schema.org\",\"@type\":\"VideoObject\",\"name\":\"\ud83d\udd34FUNDO DO IBOVESPA EM 2024? | Contrato bilion\u00e1rio da Petrobras (PETR4) | GameStop dispara\",\"description\":\"#mercadofinanceiro #a\u00e7\u00f5es #investimentos #bolsadevalores #ibovespa #dinheiro #finan\u00e7as #pol\u00edtica #d\u00f3lar #livedas19h #petr4 #petr3 #petrobras #vale3 #vale #a\u00e7\u00f5es #economia #dividendos #min\u00e9riodeferro #min\u00e9rio #petr\u00f3leo #commodities #proventos #dividendos #jcp #statusinvest #statusalpha #lula #b3 #fluxoestrangeiro \ud83d\udd34CURSO DE GRA\u00c7A SOBRE DIVIDENDOS: https:\/\/suno.me\/4e71brx 00:00 In\u00edcio do v\u00eddeo 01:40 Fechamento de preg\u00e3o 06:50 o que est\u00e1 acontecendo com o Ibovespa 12:40 Petrobras e\u2026\",\"duration\":\"PT24M43S\",\"embedUrl\":\"https:\/\/www.youtube.com\/embed\/LQdxo5i2GuY\",\"regionsAllowed\":\"en-US\",\"interactionStatistic\":{\"@type\":\"InteractionCounter\",\"interactionType\":{\"@type\":\"WatchAction\"},\"userInteractionCount\":7091},\"thumbnailUrl\":\"https:\/\/i.ytimg.com\/vi\/LQdxo5i2GuY\/default.jpg\",\"uploadDate\":\"2024-06-03T22:31:07Z\"}<\/script>\n\n\n\n\n\t<p>\n\t\t<a href=\"https:\/\/lp.suno.com.br\/planilha-da-vida-financeira\/\" target=\"_blank\" data-element=\"shortcode-suno-banner\" title=\"Banner SUNO, clique e saiba mais\">\n\t\t\t<picture>\n\t\t\t\t<source media=\"(max-width: 500px)\" srcset=\"https:\/\/files.sunoresearch.com.br\/n\/uploads\/2023\/04\/400x300-Planilha-vida-financeira-true.png\">\n\t\t\t\t<img class=\"newsContent__article__imgCapa newsContent__article__imgCapa--banner\"\n\t\t\t\t\tsrc=\"https:\/\/files.sunoresearch.com.br\/n\/uploads\/2023\/04\/1420x240-Planilha-vida-financeira-true.png\"\n\t\t\t\t\tdata-promo-id=\"106682\"\t\t\t\t\t\t\t\t\t\twidth='1420' height='240'\t\t\t\t\talt=\"https:\/\/files.sunoresearch.com.br\/n\/uploads\/2023\/04\/1420x240-Planilha-vida-financeira-true.png\"\n\t\t\t\t>\n\t\t\t<\/picture>\n\t\t<\/a>\n\t<\/p>\n\n\n\n\n\n\n\n<p>Ainda nesta segunda (3), a Toyota e a Honda e outras das principais montadoras japonesas disseram que investiga\u00e7\u00f5es internas descobriram que havia, de fato, manipulado testes de ve\u00edculos em dezenas de modelos ao longo dos \u00faltimos anos.<\/p>\n\n\n\n<p>As descobertas foram feitas ap\u00f3s o <a href=\"https:\/\/www.suno.com.br\/noticias\/web-stories\/iphone-mais-barato-japao-evm\/\">governo do <strong>Jap\u00e3o<\/strong><\/a> ordenar que quase 90 fabricantes reexaminassem seus procedimentos de teste.<\/p>\n\n\n\n<p>Apesar disso, a Toyota declarou n\u00e3o ter conseguido reunir dados adequados ao realizar testes de seguran\u00e7a de pedestres e ocupantes para alguns modelos, incluindo o Yaris.<\/p>\n\n\n\n<p>Nesse cen\u00e1rio, as montadoras interromperam as remessas de alguns modelos envolvidos em fraudes, agravando a crise.<\/p>\n\n\n\n<p>Essa n\u00e3o \u00e9 a primeira vez que esse tipo pr\u00e1tica \u00e9 descoberta em <strong>montadoras japonesas<\/strong>. <\/p>\n\n\n\n<p><strong>Nissan<\/strong>, <strong>Mazda <\/strong>e <strong><a href=\"https:\/\/www.suno.com.br\/noticias\/toyota-e-suzuki-fazem-alianca-com-participacao-acionaria\/\">Suzuki<\/a> <\/strong>estiveram envolvidas em pr\u00e1ticas fraudulentas que incluem falsifica\u00e7\u00e3o de emiss\u00f5es de dados de economia de combust\u00edvel.<\/p>\n\n\n\n<p>Al\u00e9m disso, a Takata &#8211; uma fabricante de airbags &#8211; chegou a pedir fal\u00eancia em meados de 2017 ap\u00f3s uma intensa crise de recall.<\/p>\n\n\n\t<p>\n\t\t<a href=\"https:\/\/lp.suno.com.br\/ebook-como-analisar-uma-acao\/\" target=\"_blank\" data-element=\"shortcode-suno-banner\" title=\"Banner SUNO, clique e saiba mais\">\n\t\t\t<picture>\n\t\t\t\t<source media=\"(max-width: 500px)\" srcset=\"https:\/\/files.sunoresearch.com.br\/n\/uploads\/2023\/03\/Ebook-Acoes-Mobile.jpg\">\n\t\t\t\t<img class=\"newsContent__article__imgCapa newsContent__article__imgCapa--banner\"\n\t\t\t\t\tsrc=\"https:\/\/files.sunoresearch.com.br\/n\/uploads\/2023\/03\/Ebook-Acoes-Desktop.jpg\"\n\t\t\t\t\tdata-promo-id=\"378302\"\t\t\t\t\t\t\t\t\t\twidth='1420' height='286'\t\t\t\t\talt=\"https:\/\/files.sunoresearch.com.br\/n\/uploads\/2023\/03\/Ebook-Acoes-Desktop.jpg\"\n\t\t\t\t>\n\t\t\t<\/picture>\n\t\t<\/a>\n\t<\/p>\n\n\n\n\n\n<h2 class=\"wp-block-heading\">Quais os impactos da crise da Toyota e outras montadoras japonesas<\/h2>\n\n\n\n<p>No contexto atual, com a suspens\u00e3o da produ\u00e7\u00e3o de apenas <strong>tr\u00eas modelos de carros da Toyota<\/strong>, o impacto \u00e9 considerado limitado por analistas.<\/p>\n\n\n\n<p>Especialistas ouvidos pela Reuters atestam, contudo, que as irregularidades podem causar interrup\u00e7\u00f5es na cadeia de suprimentos automotiva do Jap\u00e3o &#8211; e, por consequ\u00eancia, ter um impacto na economia do pa\u00eds asi\u00e1tico como um todo.<\/p>\n\n\n\n<p>Al\u00e9m disso, as medidas do governo japon\u00eas passaram a ser mais ostensivas. Autoridades de fiscaliza\u00e7\u00e3o est\u00e3o na sede da Toyota, em Nagoya, nesta ter\u00e7a-feira (4), segundo comunicado do Minist\u00e9rio dos Transportes. <\/p>\n\n\n\n<p>Foram feitas inspe\u00e7\u00f5es tamb\u00e9m nos locais da Mazda, Yamaha e Suzuki.<\/p>\n\n\n\n<p>Esse cen\u00e1rio deve levar investidores e outras institui\u00e7\u00f5es a pressionar a companhia por mudan\u00e7as corporativas internas.<\/p>\n\n\n\n<p>No final de junho ocorrer\u00e1 uma assembleia de acionistas da <strong>Toyota<\/strong>, e empresas de consultoria influentes &#8211; como a Institutional Shareholder Services (ISS) e Glass Lewis &#8211; est\u00e3o recomendando voto contr\u00e1rio \u00e0 reelei\u00e7\u00e3o de Akio Toyoda enquanto CEO da companhia justamente por conta das irregularidades.<\/p>\n\n\n\t<p>\n\t\t<a href=\"https:\/\/lp.suno.com.br\/planilha-da-vida-financeira\/\" target=\"_blank\" data-element=\"shortcode-suno-banner\" title=\"Banner SUNO, clique e saiba mais\">\n\t\t\t<picture>\n\t\t\t\t<source media=\"(max-width: 500px)\" srcset=\"https:\/\/files.sunoresearch.com.br\/n\/uploads\/2023\/04\/400x300-Planilha-vida-financeira-true.png\">\n\t\t\t\t<img class=\"newsContent__article__imgCapa newsContent__article__imgCapa--banner\"\n\t\t\t\t\tsrc=\"https:\/\/files.sunoresearch.com.br\/n\/uploads\/2023\/04\/1420x240-Planilha-vida-financeira-true.png\"\n\t\t\t\t\tdata-promo-id=\"383123\"\t\t\t\t\t\t\t\t\t\twidth='1420' height='240'\t\t\t\t\talt=\"https:\/\/files.sunoresearch.com.br\/n\/uploads\/2023\/04\/1420x240-Planilha-vida-financeira-true.png\"\n\t\t\t\t>\n\t\t\t<\/picture>\n\t\t<\/a>\n\t<\/p>\n\n\n","protected":false},"excerpt":{"rendered":"<p>A Toyota (TMCO34) est\u00e1 sob investiga\u00e7\u00e3o do governo japon\u00eas ap\u00f3s a descoberta de irregularidades nas certifica\u00e7\u00f5es de ve\u00edculos. Honda, Suzuki, Mazda e Yamaha tamb\u00e9m estariam envolvidas nas pr\u00e1ticas fraudulentas. Ainda nesta segunda (3), a Toyota e a Honda e outras das principais montadoras japonesas disseram que investiga\u00e7\u00f5es internas descobriram que havia, de fato, manipulado testes [&hellip;]<\/p>\n","protected":false},"author":73,"featured_media":402110,"comment_status":"closed","ping_status":"closed","sticky":false,"template":"","format":"standard","meta":[],"categories":[64],"tags":[905,889,941,864],"suno_strategy":[],"class_list":["post-559536","post","type-post","status-publish","format-standard","has-post-thumbnail","hentry","category-negocios","tag-honda","tag-japao","tag-setor-automotivo","tag-toyota-tmco34"],"yoast_head":"<!-- This site is optimized with the Yoast SEO plugin v24.4 - https:\/\/yoast.com\/wordpress\/plugins\/seo\/ -->\n<title>Toyota entra na mira do governo japon\u00eas ap\u00f3s assumir fraude<\/title>\n<meta name=\"description\" content=\"Toyota, Suzuki, Mazda e outras montadoras japonesas veem o cerco se fechar ap\u00f3s assumirem manipula\u00e7\u00e3o de certifica\u00e7\u00f5es\" \/>\n<meta name=\"robots\" content=\"index, follow, max-snippet:-1, max-image-preview:large, max-video-preview:-1\" \/>\n<link rel=\"canonical\" href=\"https:\/\/www.suno.com.br\/noticias\/toyota-governo-japao-montadoras-fraude-evm\/\" \/>\n<meta property=\"og:locale\" content=\"pt_BR\" \/>\n<meta property=\"og:type\" content=\"article\" \/>\n<meta property=\"og:title\" content=\"Toyota entra na mira do governo japon\u00eas ap\u00f3s assumir fraude\" \/>\n<meta property=\"og:description\" content=\"Toyota, Suzuki, Mazda e outras montadoras japonesas veem o cerco se fechar ap\u00f3s assumirem manipula\u00e7\u00e3o de certifica\u00e7\u00f5es\" \/>\n<meta property=\"og:url\" content=\"https:\/\/www.suno.com.br\/noticias\/toyota-governo-japao-montadoras-fraude-evm\/\" \/>\n<meta property=\"og:site_name\" content=\"Suno Not\u00edcias\" \/>\n<meta property=\"article:publisher\" content=\"https:\/\/facebook.com\/sunoresearch\" \/>\n<meta property=\"og:image\" content=\"https:\/\/files.sunoresearch.com.br\/n\/uploads\/2023\/05\/bridgestone-carros-demissao-funcionarios-toyota.jpg\" \/>\n\t<meta property=\"og:image:width\" content=\"1200\" \/>\n\t<meta property=\"og:image:height\" content=\"800\" \/>\n\t<meta property=\"og:image:type\" content=\"image\/jpeg\" \/>\n<meta name=\"author\" content=\"Eduardo Vargas\" \/>\n<meta name=\"twitter:card\" content=\"summary_large_image\" \/>\n<meta name=\"twitter:creator\" content=\"@sunoresearch\" \/>\n<meta name=\"twitter:site\" content=\"@sunoresearch\" \/>\n<meta name=\"twitter:label1\" content=\"Escrito por\" \/>\n\t<meta name=\"twitter:data1\" content=\"Eduardo Vargas\" \/>\n\t<meta name=\"twitter:label2\" content=\"Est. tempo de leitura\" \/>\n\t<meta name=\"twitter:data2\" content=\"2 minutos\" \/>\n<script type=\"application\/ld+json\" class=\"yoast-schema-graph\">{\"@context\":\"https:\/\/schema.org\",\"@graph\":[{\"@type\":\"NewsArticle\",\"@id\":\"https:\/\/www.suno.com.br\/noticias\/toyota-governo-japao-montadoras-fraude-evm\/#article\",\"isPartOf\":{\"@id\":\"https:\/\/www.suno.com.br\/noticias\/toyota-governo-japao-montadoras-fraude-evm\/\"},\"author\":{\"name\":\"Eduardo Vargas\",\"@id\":\"https:\/\/www.suno.com.br\/noticias\/#\/schema\/person\/7f4d362bf3518e76090143ae77bb49a5\"},\"headline\":\"Toyota (TMCO34) entra na mira do governo japon\u00eas ap\u00f3s assumir fraudes e irregularidades\",\"datePublished\":\"2024-06-04T15:06:32+00:00\",\"dateModified\":\"2024-06-04T18:31:44+00:00\",\"mainEntityOfPage\":{\"@id\":\"https:\/\/www.suno.com.br\/noticias\/toyota-governo-japao-montadoras-fraude-evm\/\"},\"wordCount\":418,\"publisher\":{\"@id\":\"https:\/\/www.suno.com.br\/noticias\/#organization\"},\"image\":{\"@id\":\"https:\/\/www.suno.com.br\/noticias\/toyota-governo-japao-montadoras-fraude-evm\/#primaryimage\"},\"thumbnailUrl\":\"https:\/\/files.sunoresearch.com.br\/n\/uploads\/2023\/05\/bridgestone-carros-demissao-funcionarios-toyota.jpg\",\"keywords\":[\"Honda\",\"Jap\u00e3o\",\"setor automotivo\",\"Toyota (TMCO34)\"],\"articleSection\":[\"Neg\u00f3cios\"],\"inLanguage\":\"pt-BR\"},{\"@type\":\"WebPage\",\"@id\":\"https:\/\/www.suno.com.br\/noticias\/toyota-governo-japao-montadoras-fraude-evm\/\",\"url\":\"https:\/\/www.suno.com.br\/noticias\/toyota-governo-japao-montadoras-fraude-evm\/\",\"name\":\"Toyota entra na mira do governo japon\u00eas ap\u00f3s assumir fraude\",\"isPartOf\":{\"@id\":\"https:\/\/www.suno.com.br\/noticias\/#website\"},\"primaryImageOfPage\":{\"@id\":\"https:\/\/www.suno.com.br\/noticias\/toyota-governo-japao-montadoras-fraude-evm\/#primaryimage\"},\"image\":{\"@id\":\"https:\/\/www.suno.com.br\/noticias\/toyota-governo-japao-montadoras-fraude-evm\/#primaryimage\"},\"thumbnailUrl\":\"https:\/\/files.sunoresearch.com.br\/n\/uploads\/2023\/05\/bridgestone-carros-demissao-funcionarios-toyota.jpg\",\"datePublished\":\"2024-06-04T15:06:32+00:00\",\"dateModified\":\"2024-06-04T18:31:44+00:00\",\"description\":\"Toyota, Suzuki, Mazda e outras montadoras japonesas veem o cerco se fechar ap\u00f3s assumirem manipula\u00e7\u00e3o de certifica\u00e7\u00f5es\",\"breadcrumb\":{\"@id\":\"https:\/\/www.suno.com.br\/noticias\/toyota-governo-japao-montadoras-fraude-evm\/#breadcrumb\"},\"inLanguage\":\"pt-BR\",\"potentialAction\":[{\"@type\":\"ReadAction\",\"target\":[\"https:\/\/www.suno.com.br\/noticias\/toyota-governo-japao-montadoras-fraude-evm\/\"]}]},{\"@type\":\"ImageObject\",\"inLanguage\":\"pt-BR\",\"@id\":\"https:\/\/www.suno.com.br\/noticias\/toyota-governo-japao-montadoras-fraude-evm\/#primaryimage\",\"url\":\"https:\/\/files.sunoresearch.com.br\/n\/uploads\/2023\/05\/bridgestone-carros-demissao-funcionarios-toyota.jpg\",\"contentUrl\":\"https:\/\/files.sunoresearch.com.br\/n\/uploads\/2023\/05\/bridgestone-carros-demissao-funcionarios-toyota.jpg\",\"width\":1200,\"height\":800,\"caption\":\"bridgestone-carros-demiss\u00e3o-funcionarios-toyota\"},{\"@type\":\"BreadcrumbList\",\"@id\":\"https:\/\/www.suno.com.br\/noticias\/toyota-governo-japao-montadoras-fraude-evm\/#breadcrumb\",\"itemListElement\":[{\"@type\":\"ListItem\",\"position\":1,\"name\":\"Not\u00edcias\",\"item\":\"https:\/\/www.suno.com.br\/noticias\/\"},{\"@type\":\"ListItem\",\"position\":2,\"name\":\"Neg\u00f3cios\",\"item\":\"https:\/\/www.suno.com.br\/noticias\/negocios\/\"},{\"@type\":\"ListItem\",\"position\":3,\"name\":\"Toyota (TMCO34) entra na mira do governo japon\u00eas ap\u00f3s assumir fraudes e irregularidades\"}]},{\"@type\":\"WebSite\",\"@id\":\"https:\/\/www.suno.com.br\/noticias\/#website\",\"url\":\"https:\/\/www.suno.com.br\/noticias\/\",\"name\":\"Suno Not\u00edcias\",\"description\":\"Seu portal de informa\u00e7\u00e3o sobre o mundo dos investimentos\",\"publisher\":{\"@id\":\"https:\/\/www.suno.com.br\/noticias\/#organization\"},\"potentialAction\":[{\"@type\":\"SearchAction\",\"target\":{\"@type\":\"EntryPoint\",\"urlTemplate\":\"https:\/\/www.suno.com.br\/noticias\/?s={search_term_string}\"},\"query-input\":{\"@type\":\"PropertyValueSpecification\",\"valueRequired\":true,\"valueName\":\"search_term_string\"}}],\"inLanguage\":\"pt-BR\"},{\"@type\":\"Organization\",\"@id\":\"https:\/\/www.suno.com.br\/noticias\/#organization\",\"name\":\"Suno Not\u00edcias\",\"url\":\"https:\/\/www.suno.com.br\/noticias\/\",\"logo\":{\"@type\":\"ImageObject\",\"inLanguage\":\"pt-BR\",\"@id\":\"https:\/\/www.suno.com.br\/noticias\/#\/schema\/logo\/image\/\",\"url\":\"https:\/\/files.sunoresearch.com.br\/n\/uploads\/2021\/09\/suno-logo.png\",\"contentUrl\":\"https:\/\/files.sunoresearch.com.br\/n\/uploads\/2021\/09\/suno-logo.png\",\"width\":180,\"height\":180,\"caption\":\"Suno Not\u00edcias\"},\"image\":{\"@id\":\"https:\/\/www.suno.com.br\/noticias\/#\/schema\/logo\/image\/\"},\"sameAs\":[\"https:\/\/facebook.com\/sunoresearch\",\"https:\/\/x.com\/sunoresearch\",\"https:\/\/www.instagram.com\/suno\",\"https:\/\/www.linkedin.com\/company\/suno-research\/\",\"https:\/\/www.youtube.com\/c\/sunoresearch\"]},{\"@type\":\"Person\",\"@id\":\"https:\/\/www.suno.com.br\/noticias\/#\/schema\/person\/7f4d362bf3518e76090143ae77bb49a5\",\"name\":\"Eduardo Vargas\",\"image\":{\"@type\":\"ImageObject\",\"inLanguage\":\"pt-BR\",\"@id\":\"https:\/\/www.suno.com.br\/noticias\/#\/schema\/person\/image\/\",\"url\":\"https:\/\/secure.gravatar.com\/avatar\/dac340933427a22924c9f99d1eb2e3f2?s=96&r=g\",\"contentUrl\":\"https:\/\/secure.gravatar.com\/avatar\/dac340933427a22924c9f99d1eb2e3f2?s=96&r=g\",\"caption\":\"Eduardo Vargas\"},\"description\":\"Jornalista formado pela UFSC, cobre macroeconomia, neg\u00f3cios e startups para o Suno Not\u00edcias, escrevendo principalmente not\u00edcias sobre o mercado financeiro e a bolsa de valores. No YouTube e no Instagram, \u00e9 respons\u00e1vel pela produ\u00e7\u00e3o de Reels e Shorts do Suno Not\u00edcias. Anteriormente, trabalhou cobrindo economia e cotidiano no ND+ e para o ND, maior jornal impresso de Santa Catarina. Cursou um semestre letivo de Estudos de M\u00eddia na Universidad de Buenos Aires.\",\"url\":\"https:\/\/www.suno.com.br\/noticias\/author\/eduardo-vargas\/\"}]}<\/script>\n<!-- \/ Yoast SEO plugin. -->","yoast_head_json":{"title":"Toyota entra na mira do governo japon\u00eas ap\u00f3s assumir fraude","description":"Toyota, Suzuki, Mazda e outras montadoras japonesas veem o cerco se fechar ap\u00f3s assumirem manipula\u00e7\u00e3o de certifica\u00e7\u00f5es","robots":{"index":"index","follow":"follow","max-snippet":"max-snippet:-1","max-image-preview":"max-image-preview:large","max-video-preview":"max-video-preview:-1"},"canonical":"https:\/\/www.suno.com.br\/noticias\/toyota-governo-japao-montadoras-fraude-evm\/","og_locale":"pt_BR","og_type":"article","og_title":"Toyota entra na mira do governo japon\u00eas ap\u00f3s assumir fraude","og_description":"Toyota, Suzuki, Mazda e outras montadoras japonesas veem o cerco se fechar ap\u00f3s assumirem manipula\u00e7\u00e3o de certifica\u00e7\u00f5es","og_url":"https:\/\/www.suno.com.br\/noticias\/toyota-governo-japao-montadoras-fraude-evm\/","og_site_name":"Suno Not\u00edcias","article_publisher":"https:\/\/facebook.com\/sunoresearch","og_image":[{"width":1200,"height":800,"url":"https:\/\/files.sunoresearch.com.br\/n\/uploads\/2023\/05\/bridgestone-carros-demissao-funcionarios-toyota.jpg","type":"image\/jpeg"}],"author":"Eduardo Vargas","twitter_card":"summary_large_image","twitter_creator":"@sunoresearch","twitter_site":"@sunoresearch","twitter_misc":{"Escrito por":"Eduardo Vargas","Est. tempo de leitura":"2 minutos"},"schema":{"@context":"https:\/\/schema.org","@graph":[{"@type":"NewsArticle","@id":"https:\/\/www.suno.com.br\/noticias\/toyota-governo-japao-montadoras-fraude-evm\/#article","isPartOf":{"@id":"https:\/\/www.suno.com.br\/noticias\/toyota-governo-japao-montadoras-fraude-evm\/"},"author":{"name":"Eduardo Vargas","@id":"https:\/\/www.suno.com.br\/noticias\/#\/schema\/person\/7f4d362bf3518e76090143ae77bb49a5"},"headline":"Toyota (TMCO34) entra na mira do governo japon\u00eas ap\u00f3s assumir fraudes e irregularidades","datePublished":"2024-06-04T15:06:32+00:00","dateModified":"2024-06-04T18:31:44+00:00","mainEntityOfPage":{"@id":"https:\/\/www.suno.com.br\/noticias\/toyota-governo-japao-montadoras-fraude-evm\/"},"wordCount":418,"publisher":{"@id":"https:\/\/www.suno.com.br\/noticias\/#organization"},"image":{"@id":"https:\/\/www.suno.com.br\/noticias\/toyota-governo-japao-montadoras-fraude-evm\/#primaryimage"},"thumbnailUrl":"https:\/\/files.sunoresearch.com.br\/n\/uploads\/2023\/05\/bridgestone-carros-demissao-funcionarios-toyota.jpg","keywords":["Honda","Jap\u00e3o","setor automotivo","Toyota (TMCO34)"],"articleSection":["Neg\u00f3cios"],"inLanguage":"pt-BR"},{"@type":"WebPage","@id":"https:\/\/www.suno.com.br\/noticias\/toyota-governo-japao-montadoras-fraude-evm\/","url":"https:\/\/www.suno.com.br\/noticias\/toyota-governo-japao-montadoras-fraude-evm\/","name":"Toyota entra na mira do governo japon\u00eas ap\u00f3s assumir fraude","isPartOf":{"@id":"https:\/\/www.suno.com.br\/noticias\/#website"},"primaryImageOfPage":{"@id":"https:\/\/www.suno.com.br\/noticias\/toyota-governo-japao-montadoras-fraude-evm\/#primaryimage"},"image":{"@id":"https:\/\/www.suno.com.br\/noticias\/toyota-governo-japao-montadoras-fraude-evm\/#primaryimage"},"thumbnailUrl":"https:\/\/files.sunoresearch.com.br\/n\/uploads\/2023\/05\/bridgestone-carros-demissao-funcionarios-toyota.jpg","datePublished":"2024-06-04T15:06:32+00:00","dateModified":"2024-06-04T18:31:44+00:00","description":"Toyota, Suzuki, Mazda e outras montadoras japonesas veem o cerco se fechar ap\u00f3s assumirem manipula\u00e7\u00e3o de certifica\u00e7\u00f5es","breadcrumb":{"@id":"https:\/\/www.suno.com.br\/noticias\/toyota-governo-japao-montadoras-fraude-evm\/#breadcrumb"},"inLanguage":"pt-BR","potentialAction":[{"@type":"ReadAction","target":["https:\/\/www.suno.com.br\/noticias\/toyota-governo-japao-montadoras-fraude-evm\/"]}]},{"@type":"ImageObject","inLanguage":"pt-BR","@id":"https:\/\/www.suno.com.br\/noticias\/toyota-governo-japao-montadoras-fraude-evm\/#primaryimage","url":"https:\/\/files.sunoresearch.com.br\/n\/uploads\/2023\/05\/bridgestone-carros-demissao-funcionarios-toyota.jpg","contentUrl":"https:\/\/files.sunoresearch.com.br\/n\/uploads\/2023\/05\/bridgestone-carros-demissao-funcionarios-toyota.jpg","width":1200,"height":800,"caption":"bridgestone-carros-demiss\u00e3o-funcionarios-toyota"},{"@type":"BreadcrumbList","@id":"https:\/\/www.suno.com.br\/noticias\/toyota-governo-japao-montadoras-fraude-evm\/#breadcrumb","itemListElement":[{"@type":"ListItem","position":1,"name":"Not\u00edcias","item":"https:\/\/www.suno.com.br\/noticias\/"},{"@type":"ListItem","position":2,"name":"Neg\u00f3cios","item":"https:\/\/www.suno.com.br\/noticias\/negocios\/"},{"@type":"ListItem","position":3,"name":"Toyota (TMCO34) entra na mira do governo japon\u00eas ap\u00f3s assumir fraudes e irregularidades"}]},{"@type":"WebSite","@id":"https:\/\/www.suno.com.br\/noticias\/#website","url":"https:\/\/www.suno.com.br\/noticias\/","name":"Suno Not\u00edcias","description":"Seu portal de informa\u00e7\u00e3o sobre o mundo dos investimentos","publisher":{"@id":"https:\/\/www.suno.com.br\/noticias\/#organization"},"potentialAction":[{"@type":"SearchAction","target":{"@type":"EntryPoint","urlTemplate":"https:\/\/www.suno.com.br\/noticias\/?s={search_term_string}"},"query-input":{"@type":"PropertyValueSpecification","valueRequired":true,"valueName":"search_term_string"}}],"inLanguage":"pt-BR"},{"@type":"Organization","@id":"https:\/\/www.suno.com.br\/noticias\/#organization","name":"Suno Not\u00edcias","url":"https:\/\/www.suno.com.br\/noticias\/","logo":{"@type":"ImageObject","inLanguage":"pt-BR","@id":"https:\/\/www.suno.com.br\/noticias\/#\/schema\/logo\/image\/","url":"https:\/\/files.sunoresearch.com.br\/n\/uploads\/2021\/09\/suno-logo.png","contentUrl":"https:\/\/files.sunoresearch.com.br\/n\/uploads\/2021\/09\/suno-logo.png","width":180,"height":180,"caption":"Suno Not\u00edcias"},"image":{"@id":"https:\/\/www.suno.com.br\/noticias\/#\/schema\/logo\/image\/"},"sameAs":["https:\/\/facebook.com\/sunoresearch","https:\/\/x.com\/sunoresearch","https:\/\/www.instagram.com\/suno","https:\/\/www.linkedin.com\/company\/suno-research\/","https:\/\/www.youtube.com\/c\/sunoresearch"]},{"@type":"Person","@id":"https:\/\/www.suno.com.br\/noticias\/#\/schema\/person\/7f4d362bf3518e76090143ae77bb49a5","name":"Eduardo Vargas","image":{"@type":"ImageObject","inLanguage":"pt-BR","@id":"https:\/\/www.suno.com.br\/noticias\/#\/schema\/person\/image\/","url":"https:\/\/secure.gravatar.com\/avatar\/dac340933427a22924c9f99d1eb2e3f2?s=96&r=g","contentUrl":"https:\/\/secure.gravatar.com\/avatar\/dac340933427a22924c9f99d1eb2e3f2?s=96&r=g","caption":"Eduardo Vargas"},"description":"Jornalista formado pela UFSC, cobre macroeconomia, neg\u00f3cios e startups para o Suno Not\u00edcias, escrevendo principalmente not\u00edcias sobre o mercado financeiro e a bolsa de valores. No YouTube e no Instagram, \u00e9 respons\u00e1vel pela produ\u00e7\u00e3o de Reels e Shorts do Suno Not\u00edcias. Anteriormente, trabalhou cobrindo economia e cotidiano no ND+ e para o ND, maior jornal impresso de Santa Catarina. Cursou um semestre letivo de Estudos de M\u00eddia na Universidad de Buenos Aires.","url":"https:\/\/www.suno.com.br\/noticias\/author\/eduardo-vargas\/"}]}},"default_loop_html":"<div class=\"cardsPage__listCard__boxs\"><div class=\"cardsPage__listCard__boxs__img\"><a href=\"https:\/\/www.suno.com.br\/noticias\/toyota-governo-japao-montadoras-fraude-evm\/\"><img class=\"mask\" src=\"https:\/\/www.suno.com.br\/noticias\/wp-content\/themes\/suno\/resources\/images\/spotlight\/spotlight1img\/bg-mask.png\" alt=\"Image Mask\"\/><img src=\"https:\/\/files.sunoresearch.com.br\/n\/uploads\/2023\/05\/bridgestone-carros-demissao-funcionarios-toyota-400x200.jpg\" alt=\"Toyota (TMCO34) entra na mira do governo japon\u00eas ap\u00f3s assumir fraudes e irregularidades\"\/><\/a><span class=\"spotlightCategory\"><a href=\"https:\/\/www.suno.com.br\/noticias\/negocios\/\">Neg\u00f3cios<\/a><\/span><\/div><div class=\"cardsPage__listCard__boxs__content\"><a href=\"https:\/\/www.suno.com.br\/noticias\/toyota-governo-japao-montadoras-fraude-evm\/\"><h2 class=\"content__title\">Toyota (TMCO34) entra na mira do governo japon\u00eas ap\u00f3s assumir fraudes e irregularidades<\/h2><\/a><div class=\"newsContent__article__meta\"><div class=\"newsContent__article__meta__authorBox\"><a href=\"https:\/\/www.suno.com.br\/noticias\/author\/eduardo-vargas\/\" class=\"authorBox__avatar noMobi\"><img src=\"https:\/\/secure.gravatar.com\/avatar\/dac340933427a22924c9f99d1eb2e3f2?s=96&#038;r=g\" alt=\"Eduardo Vargas\"><\/a><div class=\"authorBox__name\"><span>por\n\t\t\t<a href=\"https:\/\/www.suno.com.br\/noticias\/author\/eduardo-vargas\/\"><span itemprop=\"author\">Eduardo Vargas<\/span><\/a><\/span><time datetime=\"2024-06-04T12:06:32-03:00\" itemprop=\"datePublished\">04\/06\/2024 12:06<\/time><\/div><\/div><\/div><\/div><\/div>","single_layout":"posts","amp_enabled":true,"_links":{"self":[{"href":"https:\/\/www.suno.com.br\/noticias\/wp-json\/wp\/v2\/posts\/559536"}],"collection":[{"href":"https:\/\/www.suno.com.br\/noticias\/wp-json\/wp\/v2\/posts"}],"about":[{"href":"https:\/\/www.suno.com.br\/noticias\/wp-json\/wp\/v2\/types\/post"}],"author":[{"embeddable":true,"href":"https:\/\/www.suno.com.br\/noticias\/wp-json\/wp\/v2\/users\/73"}],"replies":[{"embeddable":true,"href":"https:\/\/www.suno.com.br\/noticias\/wp-json\/wp\/v2\/comments?post=559536"}],"version-history":[{"count":2,"href":"https:\/\/www.suno.com.br\/noticias\/wp-json\/wp\/v2\/posts\/559536\/revisions"}],"predecessor-version":[{"id":559645,"href":"https:\/\/www.suno.com.br\/noticias\/wp-json\/wp\/v2\/posts\/559536\/revisions\/559645"}],"wp:featuredmedia":[{"embeddable":true,"href":"https:\/\/www.suno.com.br\/noticias\/wp-json\/wp\/v2\/media\/402110"}],"wp:attachment":[{"href":"https:\/\/www.suno.com.br\/noticias\/wp-json\/wp\/v2\/media?parent=559536"}],"wp:term":[{"taxonomy":"category","embeddable":true,"href":"https:\/\/www.suno.com.br\/noticias\/wp-json\/wp\/v2\/categories?post=559536"},{"taxonomy":"post_tag","embeddable":true,"href":"https:\/\/www.suno.com.br\/noticias\/wp-json\/wp\/v2\/tags?post=559536"},{"taxonomy":"suno_strategy","embeddable":true,"href":"https:\/\/www.suno.com.br\/noticias\/wp-json\/wp\/v2\/suno_strategy?post=559536"}],"curies":[{"name":"wp","href":"https:\/\/api.w.org\/{rel}","templated":true}]}}