{"id":559491,"date":"2024-06-04T10:24:39","date_gmt":"2024-06-04T13:24:39","guid":{"rendered":"https:\/\/www.suno.com.br\/noticias\/?p=559491"},"modified":"2024-06-04T10:24:43","modified_gmt":"2024-06-04T13:24:43","slug":"dolar-alta-treasuries-pib-brasil-cpf","status":"publish","type":"post","link":"https:\/\/www.suno.com.br\/noticias\/dolar-alta-treasuries-pib-brasil-cpf\/","title":{"rendered":"D\u00f3lar em alta com Treasuries e alta do PIB do Brasil"},"content":{"rendered":"<p>O <strong>d\u00f3lar <\/strong>opera em alta nos primeiros neg\u00f3cios desta ter\u00e7a-feira (4) acompanhando a valoriza\u00e7\u00e3o externa predominante da divisa americana em manh\u00e3 de queda firme das commodities. <\/p>\t<div class=\"wrapper-featured-image\">\n\t\t<figure class=\"spotlightImg\">\n\n\t\t\t<picture>\n\t\t\t\t<source media=\"(max-width: 768px)\" srcset=\"https:\/\/files.sunoresearch.com.br\/n\/uploads\/2023\/12\/dolar-cotacao-400x200.jpg\">\n\t\t\t\t<img loading=\"lazy\" decoding=\"async\" class=\"newsContent__article__imgCapa lazyloadDisabled \" src=\"https:\/\/files.sunoresearch.com.br\/n\/uploads\/2023\/12\/dolar-cotacao-800x450.jpg\" width=\"800\" height=\"450\" alt=\"D\u00f3lar em alta com Treasuries e alta do PIB do Brasil\" fetchpriority=high \/>\n\t\t\t<\/picture>\n\n\t\t\t<figcaption class=\"wp-caption-text wp-caption-text--show\">D\u00f3lar. Foto: iStock<\/figcaption>\n\t\t<\/figure>\n\t<\/div>\n\n\n\n\n\n\n\n\t<p>\n\t\t<a href=\"https:\/\/lp.suno.com.br\/ebook-como-analisar-uma-acao\/\" target=\"_blank\" data-element=\"shortcode-suno-banner\" title=\"Banner SUNO, clique e saiba mais\">\n\t\t\t<picture>\n\t\t\t\t<source media=\"(max-width: 500px)\" srcset=\"https:\/\/files.sunoresearch.com.br\/n\/uploads\/2023\/03\/Ebook-Acoes-Mobile.jpg\">\n\t\t\t\t<img class=\"newsContent__article__imgCapa newsContent__article__imgCapa--banner\"\n\t\t\t\t\tsrc=\"https:\/\/files.sunoresearch.com.br\/n\/uploads\/2023\/03\/Ebook-Acoes-Desktop.jpg\"\n\t\t\t\t\tdata-promo-id=\"378302\"\t\t\t\t\t\t\t\t\t\twidth='1420' height='286'\t\t\t\t\talt=\"https:\/\/files.sunoresearch.com.br\/n\/uploads\/2023\/03\/Ebook-Acoes-Desktop.jpg\"\n\t\t\t\t>\n\t\t\t<\/picture>\n\t\t<\/a>\n\t<\/p>\n\n\n\n\n\n<p>O petr\u00f3leo perdia cerca de 1,4% mais cedo e o min\u00e9rio de ferro caiu 2,11% em Dalian, na China. Investidores observam ainda o recuo dos juros dos Treasuries e digerem os <a href=\"https:\/\/www.suno.com.br\/noticias\/produto-interno-bruto-pib-1t24-cpf\/\" target=\"_blank\" rel=\"noreferrer noopener\">dados do Produto Interno Bruto (PIB) do Brasil.<\/a><\/p>\n\n\n\n<p><strong>PIB do Brasil<\/strong><\/p>\n\n\n\n<p>O PIB brasileiro registrou alta de 0,8% no primeiro trimestre de 2024 ante o quarto trimestre de 2023, totalizando R$ 2,7 trilh\u00f5es, informou o Instituto Brasileiro de Geografia e Estat\u00edstica (IBGE). <\/p>\n\n\n\n<p>O resultado veio acima da mediana de 0,7% das estimativas do mercado financeiro, que eram de avan\u00e7o entre 0,4% e 1,2%, segundo o Proje\u00e7\u00f5es Broadcast. <\/p>\n\n\n\n<p>Na compara\u00e7\u00e3o com o primeiro trimestre de 2023, o PIB apresentou alta de 2,5% no primeiro trimestre de 2024, tamb\u00e9m acima da mediana de 2,3% das estimativas, que variavam de uma eleva\u00e7\u00e3o de 1,1% a 2,9%.<\/p>\n\n\n\n<p>No detalhe, o PIB da ind\u00fastria caiu 0,1% no 1\u00ba trimestre de 2024 ante 4\u00ba trimestre de 2023; o PIB da agropecu\u00e1ria subiu 11,3%; e o PIB de servi\u00e7os avan\u00e7ou 1,4% no mesmo per\u00edodo. <\/p>\n\n\n\n<p>A <a class=\"suno-keyword\" data-force=\"no\" data-priority=\"1\" href=\"https:\/\/www.suno.com.br\/artigos\/formacao-bruta-capital-fixo-fbcf\/\" target=\"_blank\" rel=\"noopener\">Forma\u00e7\u00e3o Bruta de Capital Fixo<\/a> (FBCF) subiu 4,1% no primeiro trimestre de 2024 ante o quarto trimestre de 2023 e, na compara\u00e7\u00e3o com o primeiro trimestre de 2023, a FBCF mostrou alta de 2,7%. Segundo o instituto, a taxa de investimento (FBCF\/PIB) do primeiro trimestre de 2024 ficou em 16,9%.<\/p>\n\n\n\n\t<div data-element=\"shortcode-read-more\" class=\"readToo\">\n\t\t\t\t<span class=\"readToo__title\">Leia mais<\/span>\n\t\t\t\t<ul class=\"readToo__list\">\n\t\t\t<li><a href=\"https:\/\/www.suno.com.br\/noticias\/varejo-pix-cresce-banco-central-gss\/\">Uso do Pix no varejo cresce 75% em 2023, mostra Banco Central<\/a><\/li><li><a href=\"https:\/\/www.suno.com.br\/noticias\/produto-interno-bruto-pib-1t24-cpf\/\">PIB cresce 0,8% no primeiro trimestre, ainda sem impactos do RS; mercado deve esperar &#8216;crescimento menor&#8217; a seguir, diz economista<\/a><\/li><li><a href=\"https:\/\/www.suno.com.br\/noticias\/pec-autonomia-do-banco-central-deve-ser-apresentada-hoje-fb\/\">Na agenda do dia: Texto sobre autonomia do Banco Central deve ser apresentado hoje (4)<\/a><\/li>\t\t<\/ul>\n\t<\/div>\n\n\n\n\t<p>\n\t\t<a href=\"https:\/\/lp.suno.com.br\/ebook-gratuito-investindo-no-exterior\/\" target=\"_blank\" data-element=\"shortcode-suno-banner\" title=\"Banner SUNO, clique e saiba mais\">\n\t\t\t<picture>\n\t\t\t\t<source media=\"(max-width: 500px)\" srcset=\"https:\/\/files.sunoresearch.com.br\/n\/uploads\/2023\/03\/400x300-Investindo-no-exterior.png\">\n\t\t\t\t<img class=\"newsContent__article__imgCapa newsContent__article__imgCapa--banner\"\n\t\t\t\t\tsrc=\"https:\/\/files.sunoresearch.com.br\/n\/uploads\/2023\/03\/1420x240-Investindo-no-exterior.png\"\n\t\t\t\t\tdata-promo-id=\"383161\"\t\t\t\t\t\t\t\t\t\twidth='1420' height='240'\t\t\t\t\talt=\"https:\/\/files.sunoresearch.com.br\/n\/uploads\/2023\/03\/1420x240-Investindo-no-exterior.png\"\n\t\t\t\t>\n\t\t\t<\/picture>\n\t\t<\/a>\n\t<\/p>\n\n\n\n\n\n<p><strong>Tesouro dos EUA<\/strong><\/p>\n\n\n\n<p>No exterior, os t\u00edtulos do Tesouro dos EUA estendem nesta ter\u00e7a as perdas das tr\u00eas \u00faltimas sess\u00f5es, ecoando dados recentes de infla\u00e7\u00e3o e atividade em linha ou abaixo das previs\u00f5es, que apoiam expectativas de que o Federal Reserve (Fed, o banco central dos EUA) poder\u00e1 come\u00e7ar a reduzir seus juros b\u00e1sicos em setembro. Os investidores est\u00e3o no aguardo de indicadores dos EUA sobre cria\u00e7\u00e3o de empregos e encomendas \u00e0 ind\u00fastria referentes a abril (11h).<\/p>\n\n\n\n<p><strong>Agenda do dia<\/strong><\/p>\n\n\n\n<p>As aten\u00e7\u00f5es internas devem se voltar ainda para a apresenta\u00e7\u00e3o pelo <a class=\"suno-keyword\" target=\"_blank\" data-force=\"no\" data-priority=\"2\" href=\"https:\/\/www.suno.com.br\/artigos\/ministerio-da-fazenda\/\" rel=\"noopener\">Minist\u00e9rio da Fazenda<\/a> das medidas compensat\u00f3rias da desonera\u00e7\u00e3o da folha de pagamento para 17 setores econ\u00f4micos e munic\u00edpios com at\u00e9 156 mil habitantes (10h).<\/p>\n\n\n\n<p>Uma das medidas compensat\u00f3rias \u00e0 desonera\u00e7\u00e3o da folha pode ser elevar o pre\u00e7o m\u00ednimo do cigarro. A iniciativa pode gerar de R$ 3 bilh\u00f5es a R$ 4 bilh\u00f5es aos cofres, mas os n\u00fameros ainda podem passar por revis\u00e3o. Outra alternativa pode ser o aumento do Cofins-Importa\u00e7\u00e3o. A Receita Federal calcula que ser\u00e3o necess\u00e1rios R$ 25,8 bilh\u00f5es para restituir a perda arrecadat\u00f3ria com a prorroga\u00e7\u00e3o da desonera\u00e7\u00e3o.<\/p>\n\n\n\n<p>Al\u00e9m disso, o secret\u00e1rio extraordin\u00e1rio da Reforma Tribut\u00e1ria, Bernard Appy, participa da coletiva para detalhar o segundo Projeto de Lei Complementar que regulamenta a reforma tribut\u00e1ria do consumo (12h30). E o ministro da Fazenda, Fernando Haddad, concede coletiva junto com o ministro da Economia da Espanha, Carlos Cuerpo, em Roma (It\u00e1lia) \u00e0s 12h30.<\/p>\n\n\n\n<p>J\u00e1 publicado, o \u00cdndice de Pre\u00e7os ao Consumidor (IPC), que mede a infla\u00e7\u00e3o na cidade de S\u00e3o Paulo, subiu 0,09% em maio, desacelerando ante o ganho de 0,33% de abril, segundo a Funda\u00e7\u00e3o Instituto de Pesquisas Econ\u00f4micas (Fipe). O resultado veio dentro das estimativas do Proje\u00e7\u00f5es Broadcast, que variavam de baixa de 0,12% a alta de 0,20%, mas superou a mediana, de +0,05%. Entre janeiro e maio, o IPC-Fipe acumulou infla\u00e7\u00e3o de 1,61%. No per\u00edodo de 12 meses at\u00e9 maio, o \u00edndice avan\u00e7ou 2,66%, vindo praticamente em linha com o esperado.<\/p>\n\n\n\n<p>O \u00cdndice de Pre\u00e7os ao Consumidor Semanal (IPC-S) acelerou em duas das sete capitais pesquisadas no encerramento de maio, segundo a FGV. O indicador fechou o m\u00eas anterior com alta de 0,53%, ante 0,49% na terceira quadrissemana e 0,42% no encerramento de abril.<\/p>\n\n\n\n<p><strong>\u00cdndia<\/strong><\/p>\n\n\n\n<p>Na \u00cdndia, a apura\u00e7\u00e3o inicial dos votos na elei\u00e7\u00e3o nacional do pa\u00eds, que foi conclu\u00edda no fim de semana, indica que a coaliz\u00e3o governista do primeiro-ministro Narendra Modi n\u00e3o dever\u00e1 ter uma vit\u00f3ria decisiva, como sugeria a boca de urna. At\u00e9 o momento, as tend\u00eancias mostram que a alian\u00e7a governista est\u00e1 liderando em 293 assentos, enquanto o grupo oposicionista est\u00e1 na frente em 231 assentos, segundo o site do canal de not\u00edcias NDTV<\/p>\n\n\n\n<p><strong>Cota\u00e7\u00e3o do d\u00f3lar<\/strong><\/p>\n\n\n\n<p>\u00c0s 9h46 desta ter\u00e7a, o <strong>d\u00f3lar \u00e0 vista<\/strong> subia 0,51%, a R$ 5,2605. <\/p>\n\n\n\n<p>O <strong>d\u00f3lar <\/strong>para julho ganhava 0,16%, a R$ 5,2730. <\/p>\n\n\n\n<p>O juro da T-Note 10 anos ca\u00eda a 4,361%, ante 4,401% no fim da tarde de segunda; e o <strong>\u00edndice DXY do d\u00f3lar <\/strong>frente seis moedas principais ganhava 0,11%, a 104,25 pontos.<\/p>\n\n\n\n<p><em>Com informa\u00e7\u00f5es de Estad\u00e3o Conte\u00fado.<\/em><\/p>\n\n\n\t<p>\n\t\t<a href=\"https:\/\/lp.suno.com.br\/planilha-da-vida-financeira\/\" target=\"_blank\" data-element=\"shortcode-suno-banner\" title=\"Banner SUNO, clique e saiba mais\">\n\t\t\t<picture>\n\t\t\t\t<source media=\"(max-width: 500px)\" srcset=\"https:\/\/files.sunoresearch.com.br\/n\/uploads\/2023\/04\/400x300-Planilha-vida-financeira-true.png\">\n\t\t\t\t<img class=\"newsContent__article__imgCapa newsContent__article__imgCapa--banner\"\n\t\t\t\t\tsrc=\"https:\/\/files.sunoresearch.com.br\/n\/uploads\/2023\/04\/1420x240-Planilha-vida-financeira-true.png\"\n\t\t\t\t\tdata-promo-id=\"383123\"\t\t\t\t\t\t\t\t\t\twidth='1420' height='240'\t\t\t\t\talt=\"https:\/\/files.sunoresearch.com.br\/n\/uploads\/2023\/04\/1420x240-Planilha-vida-financeira-true.png\"\n\t\t\t\t>\n\t\t\t<\/picture>\n\t\t<\/a>\n\t<\/p>\n\n\n","protected":false},"excerpt":{"rendered":"<p>O d\u00f3lar opera em alta nos primeiros neg\u00f3cios desta ter\u00e7a-feira (4) acompanhando a valoriza\u00e7\u00e3o externa predominante da divisa americana em manh\u00e3 de queda firme das commodities. D\u00f3lar. Foto: iStock O petr\u00f3leo perdia cerca de 1,4% mais cedo e o min\u00e9rio de ferro caiu 2,11% em Dalian, na China. Investidores observam ainda o recuo dos juros [&hellip;]<\/p>\n","protected":false},"author":283,"featured_media":495020,"comment_status":"closed","ping_status":"closed","sticky":false,"template":"","format":"standard","meta":[],"categories":[60],"tags":[326],"suno_strategy":[],"class_list":["post-559491","post","type-post","status-publish","format-standard","has-post-thumbnail","hentry","category-mercado","tag-dolar"],"yoast_head":"<!-- This site is optimized with the Yoast SEO plugin v24.4 - https:\/\/yoast.com\/wordpress\/plugins\/seo\/ -->\n<title>D\u00f3lar em alta com Treasuries e alta do PIB do Brasil<\/title>\n<meta name=\"description\" content=\"O d\u00f3lar opera em alta nesta ter\u00e7a-feira (4) acompanhando a valoriza\u00e7\u00e3o externa predominante em manh\u00e2 de queda firme das commodities.\" \/>\n<meta name=\"robots\" content=\"index, follow, max-snippet:-1, max-image-preview:large, max-video-preview:-1\" \/>\n<link rel=\"canonical\" href=\"https:\/\/www.suno.com.br\/noticias\/dolar-alta-treasuries-pib-brasil-cpf\/\" \/>\n<meta property=\"og:locale\" content=\"pt_BR\" \/>\n<meta property=\"og:type\" content=\"article\" \/>\n<meta property=\"og:title\" content=\"D\u00f3lar em alta com Treasuries e alta do PIB do Brasil\" \/>\n<meta property=\"og:description\" content=\"O d\u00f3lar opera em alta nesta ter\u00e7a-feira (4) acompanhando a valoriza\u00e7\u00e3o externa predominante em manh\u00e2 de queda firme das commodities.\" \/>\n<meta property=\"og:url\" content=\"https:\/\/www.suno.com.br\/noticias\/dolar-alta-treasuries-pib-brasil-cpf\/\" \/>\n<meta property=\"og:site_name\" content=\"Suno Not\u00edcias\" \/>\n<meta property=\"article:publisher\" content=\"https:\/\/facebook.com\/sunoresearch\" \/>\n<meta property=\"og:image\" content=\"https:\/\/files.sunoresearch.com.br\/n\/uploads\/2023\/12\/dolar-cotacao.jpg\" \/>\n\t<meta property=\"og:image:width\" content=\"1200\" \/>\n\t<meta property=\"og:image:height\" content=\"800\" \/>\n\t<meta property=\"og:image:type\" content=\"image\/jpeg\" \/>\n<meta name=\"author\" content=\"Camila Paim\" \/>\n<meta name=\"twitter:card\" content=\"summary_large_image\" \/>\n<meta name=\"twitter:creator\" content=\"@sunoresearch\" \/>\n<meta name=\"twitter:site\" content=\"@sunoresearch\" \/>\n<meta name=\"twitter:label1\" content=\"Escrito por\" \/>\n\t<meta name=\"twitter:data1\" content=\"Camila Paim\" \/>\n\t<meta name=\"twitter:label2\" content=\"Est. tempo de leitura\" \/>\n\t<meta name=\"twitter:data2\" content=\"5 minutos\" \/>\n<script type=\"application\/ld+json\" class=\"yoast-schema-graph\">{\"@context\":\"https:\/\/schema.org\",\"@graph\":[{\"@type\":\"NewsArticle\",\"@id\":\"https:\/\/www.suno.com.br\/noticias\/dolar-alta-treasuries-pib-brasil-cpf\/#article\",\"isPartOf\":{\"@id\":\"https:\/\/www.suno.com.br\/noticias\/dolar-alta-treasuries-pib-brasil-cpf\/\"},\"author\":{\"name\":\"Camila Paim\",\"@id\":\"https:\/\/www.suno.com.br\/noticias\/#\/schema\/person\/f341d3ae5d1cc685176c9a5327cdfdbb\"},\"headline\":\"D\u00f3lar em alta com Treasuries e alta do PIB do Brasil\",\"datePublished\":\"2024-06-04T13:24:39+00:00\",\"dateModified\":\"2024-06-04T13:24:43+00:00\",\"mainEntityOfPage\":{\"@id\":\"https:\/\/www.suno.com.br\/noticias\/dolar-alta-treasuries-pib-brasil-cpf\/\"},\"wordCount\":801,\"publisher\":{\"@id\":\"https:\/\/www.suno.com.br\/noticias\/#organization\"},\"image\":{\"@id\":\"https:\/\/www.suno.com.br\/noticias\/dolar-alta-treasuries-pib-brasil-cpf\/#primaryimage\"},\"thumbnailUrl\":\"https:\/\/files.sunoresearch.com.br\/n\/uploads\/2023\/12\/dolar-cotacao.jpg\",\"keywords\":[\"d\u00f3lar\"],\"articleSection\":[\"Mercado\"],\"inLanguage\":\"pt-BR\"},{\"@type\":\"WebPage\",\"@id\":\"https:\/\/www.suno.com.br\/noticias\/dolar-alta-treasuries-pib-brasil-cpf\/\",\"url\":\"https:\/\/www.suno.com.br\/noticias\/dolar-alta-treasuries-pib-brasil-cpf\/\",\"name\":\"D\u00f3lar em alta com Treasuries e alta do PIB do Brasil\",\"isPartOf\":{\"@id\":\"https:\/\/www.suno.com.br\/noticias\/#website\"},\"primaryImageOfPage\":{\"@id\":\"https:\/\/www.suno.com.br\/noticias\/dolar-alta-treasuries-pib-brasil-cpf\/#primaryimage\"},\"image\":{\"@id\":\"https:\/\/www.suno.com.br\/noticias\/dolar-alta-treasuries-pib-brasil-cpf\/#primaryimage\"},\"thumbnailUrl\":\"https:\/\/files.sunoresearch.com.br\/n\/uploads\/2023\/12\/dolar-cotacao.jpg\",\"datePublished\":\"2024-06-04T13:24:39+00:00\",\"dateModified\":\"2024-06-04T13:24:43+00:00\",\"description\":\"O d\u00f3lar opera em alta nesta ter\u00e7a-feira (4) acompanhando a valoriza\u00e7\u00e3o externa predominante em manh\u00e2 de queda firme das commodities.\",\"breadcrumb\":{\"@id\":\"https:\/\/www.suno.com.br\/noticias\/dolar-alta-treasuries-pib-brasil-cpf\/#breadcrumb\"},\"inLanguage\":\"pt-BR\",\"potentialAction\":[{\"@type\":\"ReadAction\",\"target\":[\"https:\/\/www.suno.com.br\/noticias\/dolar-alta-treasuries-pib-brasil-cpf\/\"]}]},{\"@type\":\"ImageObject\",\"inLanguage\":\"pt-BR\",\"@id\":\"https:\/\/www.suno.com.br\/noticias\/dolar-alta-treasuries-pib-brasil-cpf\/#primaryimage\",\"url\":\"https:\/\/files.sunoresearch.com.br\/n\/uploads\/2023\/12\/dolar-cotacao.jpg\",\"contentUrl\":\"https:\/\/files.sunoresearch.com.br\/n\/uploads\/2023\/12\/dolar-cotacao.jpg\",\"width\":1200,\"height\":800,\"caption\":\"D\u00f3lar. Foto: iStock\"},{\"@type\":\"BreadcrumbList\",\"@id\":\"https:\/\/www.suno.com.br\/noticias\/dolar-alta-treasuries-pib-brasil-cpf\/#breadcrumb\",\"itemListElement\":[{\"@type\":\"ListItem\",\"position\":1,\"name\":\"Not\u00edcias\",\"item\":\"https:\/\/www.suno.com.br\/noticias\/\"},{\"@type\":\"ListItem\",\"position\":2,\"name\":\"Mercado\",\"item\":\"https:\/\/www.suno.com.br\/noticias\/mercado\/\"},{\"@type\":\"ListItem\",\"position\":3,\"name\":\"D\u00f3lar em alta com Treasuries e alta do PIB do Brasil\"}]},{\"@type\":\"WebSite\",\"@id\":\"https:\/\/www.suno.com.br\/noticias\/#website\",\"url\":\"https:\/\/www.suno.com.br\/noticias\/\",\"name\":\"Suno Not\u00edcias\",\"description\":\"Seu portal de informa\u00e7\u00e3o sobre o mundo dos investimentos\",\"publisher\":{\"@id\":\"https:\/\/www.suno.com.br\/noticias\/#organization\"},\"potentialAction\":[{\"@type\":\"SearchAction\",\"target\":{\"@type\":\"EntryPoint\",\"urlTemplate\":\"https:\/\/www.suno.com.br\/noticias\/?s={search_term_string}\"},\"query-input\":{\"@type\":\"PropertyValueSpecification\",\"valueRequired\":true,\"valueName\":\"search_term_string\"}}],\"inLanguage\":\"pt-BR\"},{\"@type\":\"Organization\",\"@id\":\"https:\/\/www.suno.com.br\/noticias\/#organization\",\"name\":\"Suno Not\u00edcias\",\"url\":\"https:\/\/www.suno.com.br\/noticias\/\",\"logo\":{\"@type\":\"ImageObject\",\"inLanguage\":\"pt-BR\",\"@id\":\"https:\/\/www.suno.com.br\/noticias\/#\/schema\/logo\/image\/\",\"url\":\"https:\/\/files.sunoresearch.com.br\/n\/uploads\/2021\/09\/suno-logo.png\",\"contentUrl\":\"https:\/\/files.sunoresearch.com.br\/n\/uploads\/2021\/09\/suno-logo.png\",\"width\":180,\"height\":180,\"caption\":\"Suno Not\u00edcias\"},\"image\":{\"@id\":\"https:\/\/www.suno.com.br\/noticias\/#\/schema\/logo\/image\/\"},\"sameAs\":[\"https:\/\/facebook.com\/sunoresearch\",\"https:\/\/x.com\/sunoresearch\",\"https:\/\/www.instagram.com\/suno\",\"https:\/\/www.linkedin.com\/company\/suno-research\/\",\"https:\/\/www.youtube.com\/c\/sunoresearch\"]},{\"@type\":\"Person\",\"@id\":\"https:\/\/www.suno.com.br\/noticias\/#\/schema\/person\/f341d3ae5d1cc685176c9a5327cdfdbb\",\"name\":\"Camila Paim\",\"image\":{\"@type\":\"ImageObject\",\"inLanguage\":\"pt-BR\",\"@id\":\"https:\/\/www.suno.com.br\/noticias\/#\/schema\/person\/image\/\",\"url\":\"https:\/\/secure.gravatar.com\/avatar\/f33728e65febb1aa7ecf6792956f9b20?s=96&r=g\",\"contentUrl\":\"https:\/\/secure.gravatar.com\/avatar\/f33728e65febb1aa7ecf6792956f9b20?s=96&r=g\",\"caption\":\"Camila Paim\"},\"description\":\"Jornalista formada pela USP, tem experi\u00eancia em reda\u00e7\u00f5es, SEO, Branded Content e Webdesign. Com passagem pelo Jornal da USP, Empiricus e C6 Bank, hoje \u00e9 rep\u00f3rter no Suno Not\u00edcias cobrindo macroeconomia, finan\u00e7as pessoais e startups.\",\"url\":\"https:\/\/www.suno.com.br\/noticias\/author\/camila-figueiredosuno-com-br\/\"}]}<\/script>\n<!-- \/ Yoast SEO plugin. -->","yoast_head_json":{"title":"D\u00f3lar em alta com Treasuries e alta do PIB do Brasil","description":"O d\u00f3lar opera em alta nesta ter\u00e7a-feira (4) acompanhando a valoriza\u00e7\u00e3o externa predominante em manh\u00e2 de queda firme das commodities.","robots":{"index":"index","follow":"follow","max-snippet":"max-snippet:-1","max-image-preview":"max-image-preview:large","max-video-preview":"max-video-preview:-1"},"canonical":"https:\/\/www.suno.com.br\/noticias\/dolar-alta-treasuries-pib-brasil-cpf\/","og_locale":"pt_BR","og_type":"article","og_title":"D\u00f3lar em alta com Treasuries e alta do PIB do Brasil","og_description":"O d\u00f3lar opera em alta nesta ter\u00e7a-feira (4) acompanhando a valoriza\u00e7\u00e3o externa predominante em manh\u00e2 de queda firme das commodities.","og_url":"https:\/\/www.suno.com.br\/noticias\/dolar-alta-treasuries-pib-brasil-cpf\/","og_site_name":"Suno Not\u00edcias","article_publisher":"https:\/\/facebook.com\/sunoresearch","og_image":[{"width":1200,"height":800,"url":"https:\/\/files.sunoresearch.com.br\/n\/uploads\/2023\/12\/dolar-cotacao.jpg","type":"image\/jpeg"}],"author":"Camila Paim","twitter_card":"summary_large_image","twitter_creator":"@sunoresearch","twitter_site":"@sunoresearch","twitter_misc":{"Escrito por":"Camila Paim","Est. tempo de leitura":"5 minutos"},"schema":{"@context":"https:\/\/schema.org","@graph":[{"@type":"NewsArticle","@id":"https:\/\/www.suno.com.br\/noticias\/dolar-alta-treasuries-pib-brasil-cpf\/#article","isPartOf":{"@id":"https:\/\/www.suno.com.br\/noticias\/dolar-alta-treasuries-pib-brasil-cpf\/"},"author":{"name":"Camila Paim","@id":"https:\/\/www.suno.com.br\/noticias\/#\/schema\/person\/f341d3ae5d1cc685176c9a5327cdfdbb"},"headline":"D\u00f3lar em alta com Treasuries e alta do PIB do Brasil","datePublished":"2024-06-04T13:24:39+00:00","dateModified":"2024-06-04T13:24:43+00:00","mainEntityOfPage":{"@id":"https:\/\/www.suno.com.br\/noticias\/dolar-alta-treasuries-pib-brasil-cpf\/"},"wordCount":801,"publisher":{"@id":"https:\/\/www.suno.com.br\/noticias\/#organization"},"image":{"@id":"https:\/\/www.suno.com.br\/noticias\/dolar-alta-treasuries-pib-brasil-cpf\/#primaryimage"},"thumbnailUrl":"https:\/\/files.sunoresearch.com.br\/n\/uploads\/2023\/12\/dolar-cotacao.jpg","keywords":["d\u00f3lar"],"articleSection":["Mercado"],"inLanguage":"pt-BR"},{"@type":"WebPage","@id":"https:\/\/www.suno.com.br\/noticias\/dolar-alta-treasuries-pib-brasil-cpf\/","url":"https:\/\/www.suno.com.br\/noticias\/dolar-alta-treasuries-pib-brasil-cpf\/","name":"D\u00f3lar em alta com Treasuries e alta do PIB do Brasil","isPartOf":{"@id":"https:\/\/www.suno.com.br\/noticias\/#website"},"primaryImageOfPage":{"@id":"https:\/\/www.suno.com.br\/noticias\/dolar-alta-treasuries-pib-brasil-cpf\/#primaryimage"},"image":{"@id":"https:\/\/www.suno.com.br\/noticias\/dolar-alta-treasuries-pib-brasil-cpf\/#primaryimage"},"thumbnailUrl":"https:\/\/files.sunoresearch.com.br\/n\/uploads\/2023\/12\/dolar-cotacao.jpg","datePublished":"2024-06-04T13:24:39+00:00","dateModified":"2024-06-04T13:24:43+00:00","description":"O d\u00f3lar opera em alta nesta ter\u00e7a-feira (4) acompanhando a valoriza\u00e7\u00e3o externa predominante em manh\u00e2 de queda firme das commodities.","breadcrumb":{"@id":"https:\/\/www.suno.com.br\/noticias\/dolar-alta-treasuries-pib-brasil-cpf\/#breadcrumb"},"inLanguage":"pt-BR","potentialAction":[{"@type":"ReadAction","target":["https:\/\/www.suno.com.br\/noticias\/dolar-alta-treasuries-pib-brasil-cpf\/"]}]},{"@type":"ImageObject","inLanguage":"pt-BR","@id":"https:\/\/www.suno.com.br\/noticias\/dolar-alta-treasuries-pib-brasil-cpf\/#primaryimage","url":"https:\/\/files.sunoresearch.com.br\/n\/uploads\/2023\/12\/dolar-cotacao.jpg","contentUrl":"https:\/\/files.sunoresearch.com.br\/n\/uploads\/2023\/12\/dolar-cotacao.jpg","width":1200,"height":800,"caption":"D\u00f3lar. Foto: iStock"},{"@type":"BreadcrumbList","@id":"https:\/\/www.suno.com.br\/noticias\/dolar-alta-treasuries-pib-brasil-cpf\/#breadcrumb","itemListElement":[{"@type":"ListItem","position":1,"name":"Not\u00edcias","item":"https:\/\/www.suno.com.br\/noticias\/"},{"@type":"ListItem","position":2,"name":"Mercado","item":"https:\/\/www.suno.com.br\/noticias\/mercado\/"},{"@type":"ListItem","position":3,"name":"D\u00f3lar em alta com Treasuries e alta do PIB do Brasil"}]},{"@type":"WebSite","@id":"https:\/\/www.suno.com.br\/noticias\/#website","url":"https:\/\/www.suno.com.br\/noticias\/","name":"Suno Not\u00edcias","description":"Seu portal de informa\u00e7\u00e3o sobre o mundo dos investimentos","publisher":{"@id":"https:\/\/www.suno.com.br\/noticias\/#organization"},"potentialAction":[{"@type":"SearchAction","target":{"@type":"EntryPoint","urlTemplate":"https:\/\/www.suno.com.br\/noticias\/?s={search_term_string}"},"query-input":{"@type":"PropertyValueSpecification","valueRequired":true,"valueName":"search_term_string"}}],"inLanguage":"pt-BR"},{"@type":"Organization","@id":"https:\/\/www.suno.com.br\/noticias\/#organization","name":"Suno Not\u00edcias","url":"https:\/\/www.suno.com.br\/noticias\/","logo":{"@type":"ImageObject","inLanguage":"pt-BR","@id":"https:\/\/www.suno.com.br\/noticias\/#\/schema\/logo\/image\/","url":"https:\/\/files.sunoresearch.com.br\/n\/uploads\/2021\/09\/suno-logo.png","contentUrl":"https:\/\/files.sunoresearch.com.br\/n\/uploads\/2021\/09\/suno-logo.png","width":180,"height":180,"caption":"Suno Not\u00edcias"},"image":{"@id":"https:\/\/www.suno.com.br\/noticias\/#\/schema\/logo\/image\/"},"sameAs":["https:\/\/facebook.com\/sunoresearch","https:\/\/x.com\/sunoresearch","https:\/\/www.instagram.com\/suno","https:\/\/www.linkedin.com\/company\/suno-research\/","https:\/\/www.youtube.com\/c\/sunoresearch"]},{"@type":"Person","@id":"https:\/\/www.suno.com.br\/noticias\/#\/schema\/person\/f341d3ae5d1cc685176c9a5327cdfdbb","name":"Camila Paim","image":{"@type":"ImageObject","inLanguage":"pt-BR","@id":"https:\/\/www.suno.com.br\/noticias\/#\/schema\/person\/image\/","url":"https:\/\/secure.gravatar.com\/avatar\/f33728e65febb1aa7ecf6792956f9b20?s=96&r=g","contentUrl":"https:\/\/secure.gravatar.com\/avatar\/f33728e65febb1aa7ecf6792956f9b20?s=96&r=g","caption":"Camila Paim"},"description":"Jornalista formada pela USP, tem experi\u00eancia em reda\u00e7\u00f5es, SEO, Branded Content e Webdesign. Com passagem pelo Jornal da USP, Empiricus e C6 Bank, hoje \u00e9 rep\u00f3rter no Suno Not\u00edcias cobrindo macroeconomia, finan\u00e7as pessoais e startups.","url":"https:\/\/www.suno.com.br\/noticias\/author\/camila-figueiredosuno-com-br\/"}]}},"default_loop_html":"<div class=\"cardsPage__listCard__boxs\"><div class=\"cardsPage__listCard__boxs__img\"><a href=\"https:\/\/www.suno.com.br\/noticias\/dolar-alta-treasuries-pib-brasil-cpf\/\"><img class=\"mask\" src=\"https:\/\/www.suno.com.br\/noticias\/wp-content\/themes\/suno\/resources\/images\/spotlight\/spotlight1img\/bg-mask.png\" alt=\"Image Mask\"\/><img src=\"https:\/\/files.sunoresearch.com.br\/n\/uploads\/2023\/12\/dolar-cotacao-400x200.jpg\" alt=\"D\u00f3lar em alta com Treasuries e alta do PIB do Brasil\"\/><\/a><span class=\"spotlightCategory\"><a href=\"https:\/\/www.suno.com.br\/noticias\/mercado\/\">Mercado<\/a><\/span><\/div><div class=\"cardsPage__listCard__boxs__content\"><a href=\"https:\/\/www.suno.com.br\/noticias\/dolar-alta-treasuries-pib-brasil-cpf\/\"><h2 class=\"content__title\">D\u00f3lar em alta com Treasuries e alta do PIB do Brasil<\/h2><\/a><div class=\"newsContent__article__meta\"><div class=\"newsContent__article__meta__authorBox\"><a href=\"https:\/\/www.suno.com.br\/noticias\/author\/redacao-suno\/\" class=\"authorBox__avatar noMobi\"><img src=\"https:\/\/files.sunoresearch.com.br\/n\/uploads\/2020\/08\/0ace682d-redacao-1-150x150.webp\" alt=\"Reda\u00e7\u00e3o Suno Not\u00edcias\"><\/a><div class=\"authorBox__name\"><span>por\n\t\t\t<a href=\"https:\/\/www.suno.com.br\/noticias\/author\/redacao-suno\/\"><span itemprop=\"author\">Reda\u00e7\u00e3o Suno Not\u00edcias<\/span><\/a><\/span><time datetime=\"2024-06-04T10:24:39-03:00\" itemprop=\"datePublished\">04\/06\/2024 10:24<\/time><\/div><\/div><\/div><\/div><\/div>","single_layout":"posts","amp_enabled":true,"_links":{"self":[{"href":"https:\/\/www.suno.com.br\/noticias\/wp-json\/wp\/v2\/posts\/559491"}],"collection":[{"href":"https:\/\/www.suno.com.br\/noticias\/wp-json\/wp\/v2\/posts"}],"about":[{"href":"https:\/\/www.suno.com.br\/noticias\/wp-json\/wp\/v2\/types\/post"}],"author":[{"embeddable":true,"href":"https:\/\/www.suno.com.br\/noticias\/wp-json\/wp\/v2\/users\/283"}],"replies":[{"embeddable":true,"href":"https:\/\/www.suno.com.br\/noticias\/wp-json\/wp\/v2\/comments?post=559491"}],"version-history":[{"count":2,"href":"https:\/\/www.suno.com.br\/noticias\/wp-json\/wp\/v2\/posts\/559491\/revisions"}],"predecessor-version":[{"id":559496,"href":"https:\/\/www.suno.com.br\/noticias\/wp-json\/wp\/v2\/posts\/559491\/revisions\/559496"}],"wp:featuredmedia":[{"embeddable":true,"href":"https:\/\/www.suno.com.br\/noticias\/wp-json\/wp\/v2\/media\/495020"}],"wp:attachment":[{"href":"https:\/\/www.suno.com.br\/noticias\/wp-json\/wp\/v2\/media?parent=559491"}],"wp:term":[{"taxonomy":"category","embeddable":true,"href":"https:\/\/www.suno.com.br\/noticias\/wp-json\/wp\/v2\/categories?post=559491"},{"taxonomy":"post_tag","embeddable":true,"href":"https:\/\/www.suno.com.br\/noticias\/wp-json\/wp\/v2\/tags?post=559491"},{"taxonomy":"suno_strategy","embeddable":true,"href":"https:\/\/www.suno.com.br\/noticias\/wp-json\/wp\/v2\/suno_strategy?post=559491"}],"curies":[{"name":"wp","href":"https:\/\/api.w.org\/{rel}","templated":true}]}}