{"id":559385,"date":"2024-06-03T22:05:28","date_gmt":"2024-06-04T01:05:28","guid":{"rendered":"https:\/\/www.suno.com.br\/noticias\/?p=559385"},"modified":"2024-06-03T22:05:37","modified_gmt":"2024-06-04T01:05:37","slug":"suzano-suzb3-ebitda-lucro-ebitda-mm","status":"publish","type":"post","link":"https:\/\/www.suno.com.br\/noticias\/suzano-suzb3-ebitda-lucro-ebitda-mm\/","title":{"rendered":"Em baixa no Ibovespa, Suzano (SUZB3) deve ver alta de um indicador ap\u00f3s expans\u00e3o de opera\u00e7\u00e3o na planta de Limeira, diz Genial"},"content":{"rendered":"<p>A expans\u00e3o da opera\u00e7\u00e3o de fluff na planta de Limeira, em S\u00e3o Paulo, uma fibra de celulose curta e macia, deve aumentar 0,5% no lucro antes de juros, impostos, <a class=\"suno-keyword\" target=\"_blank\" data-force=\"no\" data-priority=\"1\" href=\"https:\/\/www.suno.com.br\/artigos\/depreciacao-amortizacao\/\" rel=\"noopener\">deprecia\u00e7\u00e3o e amortiza\u00e7\u00e3o<\/a> (Ebitda) projetado da <strong>Suzano<\/strong> (SUZB3) para 2026, 1,0% para 2027 e 1,5% para 2028, em compara\u00e7\u00e3o com as proje\u00e7\u00f5es anteriores, segundo a Genial Investimentos.<\/p>\t<div class=\"wrapper-featured-image\">\n\t\t<figure class=\"spotlightImg\">\n\n\t\t\t<picture>\n\t\t\t\t<source media=\"(max-width: 768px)\" srcset=\"https:\/\/files.sunoresearch.com.br\/n\/uploads\/2021\/02\/d3903e16-suzano-1-400x200.webp\">\n\t\t\t\t<img loading=\"lazy\" decoding=\"async\" class=\"newsContent__article__imgCapa lazyloadDisabled \" src=\"https:\/\/files.sunoresearch.com.br\/n\/uploads\/2021\/02\/d3903e16-suzano-1-800x450.webp\" width=\"800\" height=\"450\" alt=\"Em baixa no Ibovespa, Suzano (SUZB3) deve ver alta de um indicador ap\u00f3s expans\u00e3o de opera\u00e7\u00e3o na planta de Limeira, diz Genial\" fetchpriority=high \/>\n\t\t\t<\/picture>\n\n\t\t\t<figcaption class=\"wp-caption-text wp-caption-text--show\">Suzano (SUZB3). Foto: divulga\u00e7\u00e3o<\/figcaption>\n\t\t<\/figure>\n\t<\/div>\n\n\n\n\n\n\t<p>\n\t\t<a href=\"https:\/\/lp.suno.com.br\/planilha-da-vida-financeira\/\" target=\"_blank\" data-element=\"shortcode-suno-banner\" title=\"Banner SUNO, clique e saiba mais\">\n\t\t\t<picture>\n\t\t\t\t<source media=\"(max-width: 500px)\" srcset=\"https:\/\/files.sunoresearch.com.br\/n\/uploads\/2023\/04\/400x300-Planilha-vida-financeira-true.png\">\n\t\t\t\t<img class=\"newsContent__article__imgCapa newsContent__article__imgCapa--banner\"\n\t\t\t\t\tsrc=\"https:\/\/files.sunoresearch.com.br\/n\/uploads\/2023\/04\/1420x240-Planilha-vida-financeira-true.png\"\n\t\t\t\t\tdata-promo-id=\"106682\"\t\t\t\t\t\t\t\t\t\twidth='1420' height='240'\t\t\t\t\talt=\"https:\/\/files.sunoresearch.com.br\/n\/uploads\/2023\/04\/1420x240-Planilha-vida-financeira-true.png\"\n\t\t\t\t>\n\t\t\t<\/picture>\n\t\t<\/a>\n\t<\/p>\n\n\n\n\n\n<p>Os analistas estimam que a <strong>valoriza\u00e7\u00e3o da celulose no mercado<\/strong>, devido \u00e0 transforma\u00e7\u00e3o do BHKP em fluff (celulose branqueada de madeira de folhosas), pode gerar um incremento de cerca de 10% em rela\u00e7\u00e3o ao pre\u00e7o atual na China, equivalente a US$ 70 por tonelada.<\/p>\n\n\n\n<p>Considerando a posi\u00e7\u00e3o da <strong>Suzano no mercado<\/strong>, com 13 linhas de produ\u00e7\u00e3o e capacidade total de aproximadamente 12 milh\u00f5es de toneladas por ano, excluindo Cerrado, a f\u00e1brica de Limeira representa uma parcela significativa, aproximadamente 5,8%, conforme os estrategistas.<\/p>\n\n\n\n<p>O relat\u00f3rio indica que cerca de 17% da capacidade de Limeira seria direcionada para a <strong>produ\u00e7\u00e3o de fluff <\/strong>no in\u00edcio de 2026, o que implica um aumento de aproximadamente 120 mil toneladas por ano. Esse n\u00famero aumentaria gradualmente, alcan\u00e7ando 290 mil toneladas por ano at\u00e9 o final de 2028. A celulose fluff \u00e9 a mat\u00e9ria-prima de produtos absorventes e de higiene pessoal como fraldas infantis e adultas, absorventes femininos e tapetes para pets.<\/p>\n\n\n\n<p>A Genial diz que as mudan\u00e7as n\u00e3o implicam em altera\u00e7\u00f5es nos custos, exceto pelo Capex (despesas) j\u00e1 inclu\u00eddo no guia, destacando o objetivo de quantificar o valor adicional que a produ\u00e7\u00e3o de fluff em Limeira pode agregar \u00e0 empresa.<\/p>\n\n\n\t<p>\n\t\t<a href=\"https:\/\/lp.suno.com.br\/ebook-como-analisar-uma-acao\/\" target=\"_blank\" data-element=\"shortcode-suno-banner\" title=\"Banner SUNO, clique e saiba mais\">\n\t\t\t<picture>\n\t\t\t\t<source media=\"(max-width: 500px)\" srcset=\"https:\/\/files.sunoresearch.com.br\/n\/uploads\/2023\/03\/Ebook-Acoes-Mobile.jpg\">\n\t\t\t\t<img class=\"newsContent__article__imgCapa newsContent__article__imgCapa--banner\"\n\t\t\t\t\tsrc=\"https:\/\/files.sunoresearch.com.br\/n\/uploads\/2023\/03\/Ebook-Acoes-Desktop.jpg\"\n\t\t\t\t\tdata-promo-id=\"378302\"\t\t\t\t\t\t\t\t\t\twidth='1420' height='286'\t\t\t\t\talt=\"https:\/\/files.sunoresearch.com.br\/n\/uploads\/2023\/03\/Ebook-Acoes-Desktop.jpg\"\n\t\t\t\t>\n\t\t\t<\/picture>\n\t\t<\/a>\n\t<\/p>\n\n\n\n\n\n<h2 class=\"wp-block-heading\">A\u00e7\u00f5es da Suzano desabam ap\u00f3s especula\u00e7\u00e3o de aquisi\u00e7\u00e3o da International Paper <\/h2>\n\n\n\n<p>O relat\u00f3rio da<strong> Genial sobre a Suzano<\/strong> tamb\u00e9m abordou os efeitos das<strong> <\/strong>especula\u00e7\u00f5es sobre uma poss\u00edvel aquisi\u00e7\u00e3o da International Paper (IP) pela empresa brasileira. Embora n\u00e3o tenha sido confirmada pela Suzano, essa aquisi\u00e7\u00e3o tem sido discutida entre investidores ap\u00f3s a visita \u00e0 planta de Limeira.<\/p>\n\n\n\n<p>Enquanto alguns demonstram otimismo em rela\u00e7\u00e3o \u00e0 obten\u00e7\u00e3o de fluff atrav\u00e9s de fibra curta (BHKP), a Genial diz que outros expressam preocupa\u00e7\u00f5es com a compatibilidade da IP com os ativos principais da Suzano, sobretudo pela diferen\u00e7a na produ\u00e7\u00e3o de produtos com fibra longa (BSKP) e a localiza\u00e7\u00e3o da IP em pa\u00edses de clima temperado.<\/p>\n\n\n\n<p>Desde que rumores sobre a aquisi\u00e7\u00e3o da IP surgiram em 7 de maio, as a\u00e7\u00f5es da Suzano experimentaram uma queda acentuada de cerca de -20% em um per\u00edodo de aproximadamente 25 dias. A incerteza em torno da poss\u00edvel transa\u00e7\u00e3o e suas implica\u00e7\u00f5es no <a class=\"suno-keyword\" target=\"_blank\" data-force=\"no\" data-priority=\"1\" href=\"https:\/\/www.suno.com.br\/artigos\/curto-prazo\/\" rel=\"noopener\">curto prazo<\/a> t\u00eam contribu\u00eddo para a volatilidade do mercado. <\/p>\n\n\n\n<p>Nesta segunda-feira (3), a empresa mais uma vez caiu no \u00edndice Ibovespa. As <strong>a\u00e7\u00f5es da Suzano <\/strong>derraparam 3,26%, o que significa que seus pap\u00e9is foram negociados a R$ 47,11. No dia 2 de abril, a empresa de papel e celulose teve as a\u00e7\u00f5es valendo R$ 65,23, pre\u00e7o jamais visto desde ent\u00e3o.<\/p>\n\n\n\n<p>O CEO da IP, Andy Silvernail, declarou que a empresa n\u00e3o est\u00e1 engajada na potencial oferta de aquisi\u00e7\u00e3o da Suzano e que est\u00e1 focada em outros projetos, como a compra da DS Smith, uma empresa de embalagens sediada na Europa. No entanto, relatos recentes comentados pela Genial sugerem que a Suzano est\u00e1 em conversas com bancos japoneses para obter financiamento para a oferta, o que tem preocupado alguns investidores com o poss\u00edvel aumento da alavancagem da empresa.<\/p>\n\n\n\n<p>Enquanto as discuss\u00f5es sobre a IP continuam, a Genial pontua que a Suzano anunciou recentemente um aumento nos<strong> pre\u00e7os da celulose<\/strong>, refletindo a demanda crescente pelo produto. Embora o mercado permane\u00e7a focado nas especula\u00e7\u00f5es sobre a IP, alguns analistas enfatizam que o desempenho operacional da Suzano est\u00e1 em um momento positivo, o que pode n\u00e3o estar refletido totalmente no pre\u00e7o das a\u00e7\u00f5es.<\/p>\n\n\n\n<p>&#8220;Acreditamos que um percentual relevante de queda j\u00e1 tenha acontecido, ent\u00e3o parte da negatividade que o mercado enxerga na aquisi\u00e7\u00e3o j\u00e1 foi precificada. Embora tamb\u00e9m julguemos que as a\u00e7\u00f5es possam cair um pouco mais mediante ao an\u00fancio oficial (se ele vier), procuramos n\u00e3o rebaixar a nossa recomenda\u00e7\u00e3o, devido a uma possibilidade (que ainda existe), de o acordo n\u00e3o acontecer&#8221;, escrevem os analistas.<\/p>\n\n\n\n<p>Diante desse cen\u00e1rio, a recomenda\u00e7\u00e3o da Genial Investimentos \u00e9 de Cxompra, com um pre\u00e7o-alvo de R$ 72, representando um potencial de valoriza\u00e7\u00e3o da<strong> Suzano<\/strong> de aproximadamente 47,84%.<\/p>\n\n\n\t<p>\n\t\t<a href=\"https:\/\/lp.suno.com.br\/planilha-da-vida-financeira\/\" target=\"_blank\" data-element=\"shortcode-suno-banner\" title=\"Banner SUNO, clique e saiba mais\">\n\t\t\t<picture>\n\t\t\t\t<source media=\"(max-width: 500px)\" srcset=\"https:\/\/files.sunoresearch.com.br\/n\/uploads\/2023\/04\/400x300-Planilha-vida-financeira-true.png\">\n\t\t\t\t<img class=\"newsContent__article__imgCapa newsContent__article__imgCapa--banner\"\n\t\t\t\t\tsrc=\"https:\/\/files.sunoresearch.com.br\/n\/uploads\/2023\/04\/1420x240-Planilha-vida-financeira-true.png\"\n\t\t\t\t\tdata-promo-id=\"383123\"\t\t\t\t\t\t\t\t\t\twidth='1420' height='240'\t\t\t\t\talt=\"https:\/\/files.sunoresearch.com.br\/n\/uploads\/2023\/04\/1420x240-Planilha-vida-financeira-true.png\"\n\t\t\t\t>\n\t\t\t<\/picture>\n\t\t<\/a>\n\t<\/p>\n\n\n","protected":false},"excerpt":{"rendered":"<p>A expans\u00e3o da opera\u00e7\u00e3o de fluff na planta de Limeira, em S\u00e3o Paulo, uma fibra de celulose curta e macia, deve aumentar 0,5% no lucro antes de juros, impostos, deprecia\u00e7\u00e3o e amortiza\u00e7\u00e3o (Ebitda) projetado da Suzano (SUZB3) para 2026, 1,0% para 2027 e 1,5% para 2028, em compara\u00e7\u00e3o com as proje\u00e7\u00f5es anteriores, segundo a Genial [&hellip;]<\/p>\n","protected":false},"author":345,"featured_media":120749,"comment_status":"closed","ping_status":"closed","sticky":false,"template":"","format":"standard","meta":[],"categories":[60],"tags":[286,648],"suno_strategy":[],"class_list":["post-559385","post","type-post","status-publish","format-standard","has-post-thumbnail","hentry","category-mercado","tag-acoes","tag-suzano-suzb3"],"yoast_head":"<!-- This site is optimized with the Yoast SEO plugin v24.4 - https:\/\/yoast.com\/wordpress\/plugins\/seo\/ -->\n<title>Suzano (SUZB3) deve crescer ap\u00f3s ampliar opera\u00e7\u00e3o em SP<\/title>\n<meta name=\"description\" content=\"Relat\u00f3rio sobre a Suzano diz que cerca de 17% da capacidade de Limeira seria direcionada para a produ\u00e7\u00e3o de fluff no in\u00edcio de 2026.\" \/>\n<meta name=\"robots\" content=\"index, follow, max-snippet:-1, max-image-preview:large, max-video-preview:-1\" \/>\n<link rel=\"canonical\" href=\"https:\/\/www.suno.com.br\/noticias\/suzano-suzb3-ebitda-lucro-ebitda-mm\/\" \/>\n<meta property=\"og:locale\" content=\"pt_BR\" \/>\n<meta property=\"og:type\" content=\"article\" \/>\n<meta property=\"og:title\" content=\"Suzano (SUZB3) deve crescer ap\u00f3s ampliar opera\u00e7\u00e3o em SP\" \/>\n<meta property=\"og:description\" content=\"Relat\u00f3rio sobre a Suzano diz que cerca de 17% da capacidade de Limeira seria direcionada para a produ\u00e7\u00e3o de fluff no in\u00edcio de 2026.\" \/>\n<meta property=\"og:url\" content=\"https:\/\/www.suno.com.br\/noticias\/suzano-suzb3-ebitda-lucro-ebitda-mm\/\" \/>\n<meta property=\"og:site_name\" content=\"Suno Not\u00edcias\" \/>\n<meta property=\"article:publisher\" content=\"https:\/\/facebook.com\/sunoresearch\" \/>\n<meta property=\"og:image\" content=\"https:\/\/files.sunoresearch.com.br\/n\/uploads\/2021\/02\/d3903e16-suzano-1.jpg\" \/>\n\t<meta property=\"og:image:width\" content=\"1280\" \/>\n\t<meta property=\"og:image:height\" content=\"960\" \/>\n\t<meta property=\"og:image:type\" content=\"image\/jpeg\" \/>\n<meta name=\"author\" content=\"Murilo Melo\" \/>\n<meta name=\"twitter:card\" content=\"summary_large_image\" \/>\n<meta name=\"twitter:creator\" content=\"@sunoresearch\" \/>\n<meta name=\"twitter:site\" content=\"@sunoresearch\" \/>\n<meta name=\"twitter:label1\" content=\"Escrito por\" \/>\n\t<meta name=\"twitter:data1\" content=\"Murilo Melo\" \/>\n\t<meta name=\"twitter:label2\" content=\"Est. tempo de leitura\" \/>\n\t<meta name=\"twitter:data2\" content=\"4 minutos\" \/>\n<script type=\"application\/ld+json\" class=\"yoast-schema-graph\">{\"@context\":\"https:\/\/schema.org\",\"@graph\":[{\"@type\":\"NewsArticle\",\"@id\":\"https:\/\/www.suno.com.br\/noticias\/suzano-suzb3-ebitda-lucro-ebitda-mm\/#article\",\"isPartOf\":{\"@id\":\"https:\/\/www.suno.com.br\/noticias\/suzano-suzb3-ebitda-lucro-ebitda-mm\/\"},\"author\":{\"name\":\"Murilo Melo\",\"@id\":\"https:\/\/www.suno.com.br\/noticias\/#\/schema\/person\/32d4feb215afe4b317d446bb442400dd\"},\"headline\":\"Em baixa no Ibovespa, Suzano (SUZB3) deve ver alta de um indicador ap\u00f3s expans\u00e3o de opera\u00e7\u00e3o na planta de Limeira, diz Genial\",\"datePublished\":\"2024-06-04T01:05:28+00:00\",\"dateModified\":\"2024-06-04T01:05:37+00:00\",\"mainEntityOfPage\":{\"@id\":\"https:\/\/www.suno.com.br\/noticias\/suzano-suzb3-ebitda-lucro-ebitda-mm\/\"},\"wordCount\":775,\"publisher\":{\"@id\":\"https:\/\/www.suno.com.br\/noticias\/#organization\"},\"image\":{\"@id\":\"https:\/\/www.suno.com.br\/noticias\/suzano-suzb3-ebitda-lucro-ebitda-mm\/#primaryimage\"},\"thumbnailUrl\":\"https:\/\/files.sunoresearch.com.br\/n\/uploads\/2021\/02\/d3903e16-suzano-1-jpg.webp\",\"keywords\":[\"A\u00e7\u00f5es\",\"Suzano (SUZB3)\"],\"articleSection\":[\"Mercado\"],\"inLanguage\":\"pt-BR\"},{\"@type\":\"WebPage\",\"@id\":\"https:\/\/www.suno.com.br\/noticias\/suzano-suzb3-ebitda-lucro-ebitda-mm\/\",\"url\":\"https:\/\/www.suno.com.br\/noticias\/suzano-suzb3-ebitda-lucro-ebitda-mm\/\",\"name\":\"Suzano (SUZB3) deve crescer ap\u00f3s ampliar opera\u00e7\u00e3o em SP\",\"isPartOf\":{\"@id\":\"https:\/\/www.suno.com.br\/noticias\/#website\"},\"primaryImageOfPage\":{\"@id\":\"https:\/\/www.suno.com.br\/noticias\/suzano-suzb3-ebitda-lucro-ebitda-mm\/#primaryimage\"},\"image\":{\"@id\":\"https:\/\/www.suno.com.br\/noticias\/suzano-suzb3-ebitda-lucro-ebitda-mm\/#primaryimage\"},\"thumbnailUrl\":\"https:\/\/files.sunoresearch.com.br\/n\/uploads\/2021\/02\/d3903e16-suzano-1-jpg.webp\",\"datePublished\":\"2024-06-04T01:05:28+00:00\",\"dateModified\":\"2024-06-04T01:05:37+00:00\",\"description\":\"Relat\u00f3rio sobre a Suzano diz que cerca de 17% da capacidade de Limeira seria direcionada para a produ\u00e7\u00e3o de fluff no in\u00edcio de 2026.\",\"breadcrumb\":{\"@id\":\"https:\/\/www.suno.com.br\/noticias\/suzano-suzb3-ebitda-lucro-ebitda-mm\/#breadcrumb\"},\"inLanguage\":\"pt-BR\",\"potentialAction\":[{\"@type\":\"ReadAction\",\"target\":[\"https:\/\/www.suno.com.br\/noticias\/suzano-suzb3-ebitda-lucro-ebitda-mm\/\"]}]},{\"@type\":\"ImageObject\",\"inLanguage\":\"pt-BR\",\"@id\":\"https:\/\/www.suno.com.br\/noticias\/suzano-suzb3-ebitda-lucro-ebitda-mm\/#primaryimage\",\"url\":\"https:\/\/files.sunoresearch.com.br\/n\/uploads\/2021\/02\/d3903e16-suzano-1-jpg.webp\",\"contentUrl\":\"https:\/\/files.sunoresearch.com.br\/n\/uploads\/2021\/02\/d3903e16-suzano-1-jpg.webp\",\"width\":1280,\"height\":960,\"caption\":\"Suzano (SUZB3). Foto: divulga\u00e7\u00e3o\"},{\"@type\":\"BreadcrumbList\",\"@id\":\"https:\/\/www.suno.com.br\/noticias\/suzano-suzb3-ebitda-lucro-ebitda-mm\/#breadcrumb\",\"itemListElement\":[{\"@type\":\"ListItem\",\"position\":1,\"name\":\"Not\u00edcias\",\"item\":\"https:\/\/www.suno.com.br\/noticias\/\"},{\"@type\":\"ListItem\",\"position\":2,\"name\":\"Mercado\",\"item\":\"https:\/\/www.suno.com.br\/noticias\/mercado\/\"},{\"@type\":\"ListItem\",\"position\":3,\"name\":\"Em baixa no Ibovespa, Suzano (SUZB3) deve ver alta de um indicador ap\u00f3s expans\u00e3o de opera\u00e7\u00e3o na planta de Limeira, diz Genial\"}]},{\"@type\":\"WebSite\",\"@id\":\"https:\/\/www.suno.com.br\/noticias\/#website\",\"url\":\"https:\/\/www.suno.com.br\/noticias\/\",\"name\":\"Suno Not\u00edcias\",\"description\":\"Seu portal de informa\u00e7\u00e3o sobre o mundo dos investimentos\",\"publisher\":{\"@id\":\"https:\/\/www.suno.com.br\/noticias\/#organization\"},\"potentialAction\":[{\"@type\":\"SearchAction\",\"target\":{\"@type\":\"EntryPoint\",\"urlTemplate\":\"https:\/\/www.suno.com.br\/noticias\/?s={search_term_string}\"},\"query-input\":{\"@type\":\"PropertyValueSpecification\",\"valueRequired\":true,\"valueName\":\"search_term_string\"}}],\"inLanguage\":\"pt-BR\"},{\"@type\":\"Organization\",\"@id\":\"https:\/\/www.suno.com.br\/noticias\/#organization\",\"name\":\"Suno Not\u00edcias\",\"url\":\"https:\/\/www.suno.com.br\/noticias\/\",\"logo\":{\"@type\":\"ImageObject\",\"inLanguage\":\"pt-BR\",\"@id\":\"https:\/\/www.suno.com.br\/noticias\/#\/schema\/logo\/image\/\",\"url\":\"https:\/\/files.sunoresearch.com.br\/n\/uploads\/2021\/09\/suno-logo.png\",\"contentUrl\":\"https:\/\/files.sunoresearch.com.br\/n\/uploads\/2021\/09\/suno-logo.png\",\"width\":180,\"height\":180,\"caption\":\"Suno Not\u00edcias\"},\"image\":{\"@id\":\"https:\/\/www.suno.com.br\/noticias\/#\/schema\/logo\/image\/\"},\"sameAs\":[\"https:\/\/facebook.com\/sunoresearch\",\"https:\/\/x.com\/sunoresearch\",\"https:\/\/www.instagram.com\/suno\",\"https:\/\/www.linkedin.com\/company\/suno-research\/\",\"https:\/\/www.youtube.com\/c\/sunoresearch\"]},{\"@type\":\"Person\",\"@id\":\"https:\/\/www.suno.com.br\/noticias\/#\/schema\/person\/32d4feb215afe4b317d446bb442400dd\",\"name\":\"Murilo Melo\",\"image\":{\"@type\":\"ImageObject\",\"inLanguage\":\"pt-BR\",\"@id\":\"https:\/\/www.suno.com.br\/noticias\/#\/schema\/person\/image\/\",\"url\":\"https:\/\/secure.gravatar.com\/avatar\/af7a693198b592028493c0e8b0583d4f?s=96&r=g\",\"contentUrl\":\"https:\/\/secure.gravatar.com\/avatar\/af7a693198b592028493c0e8b0583d4f?s=96&r=g\",\"caption\":\"Murilo Melo\"},\"description\":\"\u00c9 um jornalista e letr\u00f3logo com vasta experi\u00eancia em economia, finan\u00e7as e mercado. J\u00e1 foi rep\u00f3rter de jornais, revistas e sites noticiosos como A Tarde, Correio e Folha de S.Paulo. No Suno Not\u00edcias, escreve sobre neg\u00f3cios\",\"url\":\"https:\/\/www.suno.com.br\/noticias\/author\/murilomelo-jornalismogmail-com\/\"}]}<\/script>\n<!-- \/ Yoast SEO plugin. -->","yoast_head_json":{"title":"Suzano (SUZB3) deve crescer ap\u00f3s ampliar opera\u00e7\u00e3o em SP","description":"Relat\u00f3rio sobre a Suzano diz que cerca de 17% da capacidade de Limeira seria direcionada para a produ\u00e7\u00e3o de fluff no in\u00edcio de 2026.","robots":{"index":"index","follow":"follow","max-snippet":"max-snippet:-1","max-image-preview":"max-image-preview:large","max-video-preview":"max-video-preview:-1"},"canonical":"https:\/\/www.suno.com.br\/noticias\/suzano-suzb3-ebitda-lucro-ebitda-mm\/","og_locale":"pt_BR","og_type":"article","og_title":"Suzano (SUZB3) deve crescer ap\u00f3s ampliar opera\u00e7\u00e3o em SP","og_description":"Relat\u00f3rio sobre a Suzano diz que cerca de 17% da capacidade de Limeira seria direcionada para a produ\u00e7\u00e3o de fluff no in\u00edcio de 2026.","og_url":"https:\/\/www.suno.com.br\/noticias\/suzano-suzb3-ebitda-lucro-ebitda-mm\/","og_site_name":"Suno Not\u00edcias","article_publisher":"https:\/\/facebook.com\/sunoresearch","og_image":[{"width":1280,"height":960,"url":"https:\/\/files.sunoresearch.com.br\/n\/uploads\/2021\/02\/d3903e16-suzano-1.jpg","type":"image\/jpeg"}],"author":"Murilo Melo","twitter_card":"summary_large_image","twitter_creator":"@sunoresearch","twitter_site":"@sunoresearch","twitter_misc":{"Escrito por":"Murilo Melo","Est. tempo de leitura":"4 minutos"},"schema":{"@context":"https:\/\/schema.org","@graph":[{"@type":"NewsArticle","@id":"https:\/\/www.suno.com.br\/noticias\/suzano-suzb3-ebitda-lucro-ebitda-mm\/#article","isPartOf":{"@id":"https:\/\/www.suno.com.br\/noticias\/suzano-suzb3-ebitda-lucro-ebitda-mm\/"},"author":{"name":"Murilo Melo","@id":"https:\/\/www.suno.com.br\/noticias\/#\/schema\/person\/32d4feb215afe4b317d446bb442400dd"},"headline":"Em baixa no Ibovespa, Suzano (SUZB3) deve ver alta de um indicador ap\u00f3s expans\u00e3o de opera\u00e7\u00e3o na planta de Limeira, diz Genial","datePublished":"2024-06-04T01:05:28+00:00","dateModified":"2024-06-04T01:05:37+00:00","mainEntityOfPage":{"@id":"https:\/\/www.suno.com.br\/noticias\/suzano-suzb3-ebitda-lucro-ebitda-mm\/"},"wordCount":775,"publisher":{"@id":"https:\/\/www.suno.com.br\/noticias\/#organization"},"image":{"@id":"https:\/\/www.suno.com.br\/noticias\/suzano-suzb3-ebitda-lucro-ebitda-mm\/#primaryimage"},"thumbnailUrl":"https:\/\/files.sunoresearch.com.br\/n\/uploads\/2021\/02\/d3903e16-suzano-1-jpg.webp","keywords":["A\u00e7\u00f5es","Suzano (SUZB3)"],"articleSection":["Mercado"],"inLanguage":"pt-BR"},{"@type":"WebPage","@id":"https:\/\/www.suno.com.br\/noticias\/suzano-suzb3-ebitda-lucro-ebitda-mm\/","url":"https:\/\/www.suno.com.br\/noticias\/suzano-suzb3-ebitda-lucro-ebitda-mm\/","name":"Suzano (SUZB3) deve crescer ap\u00f3s ampliar opera\u00e7\u00e3o em SP","isPartOf":{"@id":"https:\/\/www.suno.com.br\/noticias\/#website"},"primaryImageOfPage":{"@id":"https:\/\/www.suno.com.br\/noticias\/suzano-suzb3-ebitda-lucro-ebitda-mm\/#primaryimage"},"image":{"@id":"https:\/\/www.suno.com.br\/noticias\/suzano-suzb3-ebitda-lucro-ebitda-mm\/#primaryimage"},"thumbnailUrl":"https:\/\/files.sunoresearch.com.br\/n\/uploads\/2021\/02\/d3903e16-suzano-1-jpg.webp","datePublished":"2024-06-04T01:05:28+00:00","dateModified":"2024-06-04T01:05:37+00:00","description":"Relat\u00f3rio sobre a Suzano diz que cerca de 17% da capacidade de Limeira seria direcionada para a produ\u00e7\u00e3o de fluff no in\u00edcio de 2026.","breadcrumb":{"@id":"https:\/\/www.suno.com.br\/noticias\/suzano-suzb3-ebitda-lucro-ebitda-mm\/#breadcrumb"},"inLanguage":"pt-BR","potentialAction":[{"@type":"ReadAction","target":["https:\/\/www.suno.com.br\/noticias\/suzano-suzb3-ebitda-lucro-ebitda-mm\/"]}]},{"@type":"ImageObject","inLanguage":"pt-BR","@id":"https:\/\/www.suno.com.br\/noticias\/suzano-suzb3-ebitda-lucro-ebitda-mm\/#primaryimage","url":"https:\/\/files.sunoresearch.com.br\/n\/uploads\/2021\/02\/d3903e16-suzano-1-jpg.webp","contentUrl":"https:\/\/files.sunoresearch.com.br\/n\/uploads\/2021\/02\/d3903e16-suzano-1-jpg.webp","width":1280,"height":960,"caption":"Suzano (SUZB3). Foto: divulga\u00e7\u00e3o"},{"@type":"BreadcrumbList","@id":"https:\/\/www.suno.com.br\/noticias\/suzano-suzb3-ebitda-lucro-ebitda-mm\/#breadcrumb","itemListElement":[{"@type":"ListItem","position":1,"name":"Not\u00edcias","item":"https:\/\/www.suno.com.br\/noticias\/"},{"@type":"ListItem","position":2,"name":"Mercado","item":"https:\/\/www.suno.com.br\/noticias\/mercado\/"},{"@type":"ListItem","position":3,"name":"Em baixa no Ibovespa, Suzano (SUZB3) deve ver alta de um indicador ap\u00f3s expans\u00e3o de opera\u00e7\u00e3o na planta de Limeira, diz Genial"}]},{"@type":"WebSite","@id":"https:\/\/www.suno.com.br\/noticias\/#website","url":"https:\/\/www.suno.com.br\/noticias\/","name":"Suno Not\u00edcias","description":"Seu portal de informa\u00e7\u00e3o sobre o mundo dos investimentos","publisher":{"@id":"https:\/\/www.suno.com.br\/noticias\/#organization"},"potentialAction":[{"@type":"SearchAction","target":{"@type":"EntryPoint","urlTemplate":"https:\/\/www.suno.com.br\/noticias\/?s={search_term_string}"},"query-input":{"@type":"PropertyValueSpecification","valueRequired":true,"valueName":"search_term_string"}}],"inLanguage":"pt-BR"},{"@type":"Organization","@id":"https:\/\/www.suno.com.br\/noticias\/#organization","name":"Suno Not\u00edcias","url":"https:\/\/www.suno.com.br\/noticias\/","logo":{"@type":"ImageObject","inLanguage":"pt-BR","@id":"https:\/\/www.suno.com.br\/noticias\/#\/schema\/logo\/image\/","url":"https:\/\/files.sunoresearch.com.br\/n\/uploads\/2021\/09\/suno-logo.png","contentUrl":"https:\/\/files.sunoresearch.com.br\/n\/uploads\/2021\/09\/suno-logo.png","width":180,"height":180,"caption":"Suno Not\u00edcias"},"image":{"@id":"https:\/\/www.suno.com.br\/noticias\/#\/schema\/logo\/image\/"},"sameAs":["https:\/\/facebook.com\/sunoresearch","https:\/\/x.com\/sunoresearch","https:\/\/www.instagram.com\/suno","https:\/\/www.linkedin.com\/company\/suno-research\/","https:\/\/www.youtube.com\/c\/sunoresearch"]},{"@type":"Person","@id":"https:\/\/www.suno.com.br\/noticias\/#\/schema\/person\/32d4feb215afe4b317d446bb442400dd","name":"Murilo Melo","image":{"@type":"ImageObject","inLanguage":"pt-BR","@id":"https:\/\/www.suno.com.br\/noticias\/#\/schema\/person\/image\/","url":"https:\/\/secure.gravatar.com\/avatar\/af7a693198b592028493c0e8b0583d4f?s=96&r=g","contentUrl":"https:\/\/secure.gravatar.com\/avatar\/af7a693198b592028493c0e8b0583d4f?s=96&r=g","caption":"Murilo Melo"},"description":"\u00c9 um jornalista e letr\u00f3logo com vasta experi\u00eancia em economia, finan\u00e7as e mercado. J\u00e1 foi rep\u00f3rter de jornais, revistas e sites noticiosos como A Tarde, Correio e Folha de S.Paulo. No Suno Not\u00edcias, escreve sobre neg\u00f3cios","url":"https:\/\/www.suno.com.br\/noticias\/author\/murilomelo-jornalismogmail-com\/"}]}},"default_loop_html":"<div class=\"cardsPage__listCard__boxs\"><div class=\"cardsPage__listCard__boxs__img\"><a href=\"https:\/\/www.suno.com.br\/noticias\/suzano-suzb3-ebitda-lucro-ebitda-mm\/\"><img class=\"mask\" src=\"https:\/\/www.suno.com.br\/noticias\/wp-content\/themes\/suno\/resources\/images\/spotlight\/spotlight1img\/bg-mask.png\" alt=\"Image Mask\"\/><img src=\"https:\/\/files.sunoresearch.com.br\/n\/uploads\/2021\/02\/d3903e16-suzano-1-400x200.webp\" alt=\"Em baixa no Ibovespa, Suzano (SUZB3) deve ver alta de um indicador ap\u00f3s expans\u00e3o de opera\u00e7\u00e3o na planta de Limeira, diz Genial\"\/><\/a><span class=\"spotlightCategory\"><a href=\"https:\/\/www.suno.com.br\/noticias\/mercado\/\">Mercado<\/a><\/span><\/div><div class=\"cardsPage__listCard__boxs__content\"><a href=\"https:\/\/www.suno.com.br\/noticias\/suzano-suzb3-ebitda-lucro-ebitda-mm\/\"><h2 class=\"content__title\">Em baixa no Ibovespa, Suzano (SUZB3) deve ver alta de um indicador ap\u00f3s expans\u00e3o de opera\u00e7\u00e3o na planta de Limeira, diz Genial<\/h2><\/a><div class=\"newsContent__article__meta\"><div class=\"newsContent__article__meta__authorBox\"><a href=\"https:\/\/www.suno.com.br\/noticias\/author\/murilomelo-jornalismogmail-com\/\" class=\"authorBox__avatar noMobi\"><img src=\"https:\/\/files.sunoresearch.com.br\/n\/uploads\/2024\/02\/Murilo_Melo_Jornalista-e1708476456132-150x150.jpeg\" alt=\"Murilo Melo\"><\/a><div class=\"authorBox__name\"><span>por\n\t\t\t<a href=\"https:\/\/www.suno.com.br\/noticias\/author\/murilomelo-jornalismogmail-com\/\"><span itemprop=\"author\">Murilo Melo<\/span><\/a><\/span><time datetime=\"2024-06-03T22:05:28-03:00\" itemprop=\"datePublished\">03\/06\/2024 22:05<\/time><\/div><\/div><\/div><\/div><\/div>","single_layout":"posts","amp_enabled":true,"_links":{"self":[{"href":"https:\/\/www.suno.com.br\/noticias\/wp-json\/wp\/v2\/posts\/559385"}],"collection":[{"href":"https:\/\/www.suno.com.br\/noticias\/wp-json\/wp\/v2\/posts"}],"about":[{"href":"https:\/\/www.suno.com.br\/noticias\/wp-json\/wp\/v2\/types\/post"}],"author":[{"embeddable":true,"href":"https:\/\/www.suno.com.br\/noticias\/wp-json\/wp\/v2\/users\/345"}],"replies":[{"embeddable":true,"href":"https:\/\/www.suno.com.br\/noticias\/wp-json\/wp\/v2\/comments?post=559385"}],"version-history":[{"count":2,"href":"https:\/\/www.suno.com.br\/noticias\/wp-json\/wp\/v2\/posts\/559385\/revisions"}],"predecessor-version":[{"id":559413,"href":"https:\/\/www.suno.com.br\/noticias\/wp-json\/wp\/v2\/posts\/559385\/revisions\/559413"}],"wp:featuredmedia":[{"embeddable":true,"href":"https:\/\/www.suno.com.br\/noticias\/wp-json\/wp\/v2\/media\/120749"}],"wp:attachment":[{"href":"https:\/\/www.suno.com.br\/noticias\/wp-json\/wp\/v2\/media?parent=559385"}],"wp:term":[{"taxonomy":"category","embeddable":true,"href":"https:\/\/www.suno.com.br\/noticias\/wp-json\/wp\/v2\/categories?post=559385"},{"taxonomy":"post_tag","embeddable":true,"href":"https:\/\/www.suno.com.br\/noticias\/wp-json\/wp\/v2\/tags?post=559385"},{"taxonomy":"suno_strategy","embeddable":true,"href":"https:\/\/www.suno.com.br\/noticias\/wp-json\/wp\/v2\/suno_strategy?post=559385"}],"curies":[{"name":"wp","href":"https:\/\/api.w.org\/{rel}","templated":true}]}}