{"id":559363,"date":"2024-06-03T21:51:28","date_gmt":"2024-06-04T00:51:28","guid":{"rendered":"https:\/\/www.suno.com.br\/noticias\/?p=559363"},"modified":"2024-06-03T21:54:01","modified_gmt":"2024-06-04T00:54:01","slug":"ambipar-ambp3-acoes-bolsa-alta-recompra-mm","status":"publish","type":"post","link":"https:\/\/www.suno.com.br\/noticias\/ambipar-ambp3-acoes-bolsa-alta-recompra-mm\/","title":{"rendered":"Ambipar (AMBP3) dispara na Bolsa ap\u00f3s an\u00fancio de recompra de a\u00e7\u00f5es e metas de aumento na receita"},"content":{"rendered":"<p>A <strong>Ambipar<\/strong> (AMBP3) conseguiu subir 17,22% na <a class=\"suno-keyword\" data-force=\"no\" data-priority=\"3\" href=\"https:\/\/www.suno.com.br\/guias\/bolsa-de-valores\/\" target=\"_blank\" rel=\"noopener\">Bolsa de Valores<\/a>, nesta segunda-feira (3), ap\u00f3s apresentar ao mercado o novo programa de <a class=\"suno-keyword\" data-force=\"no\" data-priority=\"1\" href=\"https:\/\/www.suno.com.br\/artigos\/recompra-de-acoes\/\" target=\"_blank\" rel=\"noopener\">recompra de a\u00e7\u00f5es<\/a>, guidance de alavancagem, crescimento e rentabilidade da empresa. Gra\u00e7as ao comunicado, a companhia saiu de R$ 8,12, negociado na sexta-feira (31), para R$ 9,46 no fechamento Ibovespa de hoje.<\/p>\t<div class=\"wrapper-featured-image\">\n\t\t<figure class=\"spotlightImg\">\n\n\t\t\t<picture>\n\t\t\t\t<source media=\"(max-width: 768px)\" srcset=\"https:\/\/files.sunoresearch.com.br\/n\/uploads\/2020\/07\/dd20ab52-ambipar-1-400x200.webp\">\n\t\t\t\t<img loading=\"lazy\" decoding=\"async\" class=\"newsContent__article__imgCapa lazyloadDisabled \" src=\"https:\/\/files.sunoresearch.com.br\/n\/uploads\/2020\/07\/dd20ab52-ambipar-1-800x450.webp\" width=\"800\" height=\"450\" alt=\"Ambipar (AMBP3) dispara na Bolsa ap\u00f3s an\u00fancio de recompra de a\u00e7\u00f5es e metas de aumento na receita\" fetchpriority=high \/>\n\t\t\t<\/picture>\n\n\t\t\t<figcaption class=\"wp-caption-text wp-caption-text--show\">Foto: Reprodu\u00e7\u00e3o - site <\/figcaption>\n\t\t<\/figure>\n\t<\/div>\n\n\n\n\n\n\t<p>\n\t\t<a href=\"https:\/\/lp.suno.com.br\/planilha-da-vida-financeira\/\" target=\"_blank\" data-element=\"shortcode-suno-banner\" title=\"Banner SUNO, clique e saiba mais\">\n\t\t\t<picture>\n\t\t\t\t<source media=\"(max-width: 500px)\" srcset=\"https:\/\/files.sunoresearch.com.br\/n\/uploads\/2023\/04\/400x300-Planilha-vida-financeira-true.png\">\n\t\t\t\t<img class=\"newsContent__article__imgCapa newsContent__article__imgCapa--banner\"\n\t\t\t\t\tsrc=\"https:\/\/files.sunoresearch.com.br\/n\/uploads\/2023\/04\/1420x240-Planilha-vida-financeira-true.png\"\n\t\t\t\t\tdata-promo-id=\"106682\"\t\t\t\t\t\t\t\t\t\twidth='1420' height='240'\t\t\t\t\talt=\"https:\/\/files.sunoresearch.com.br\/n\/uploads\/2023\/04\/1420x240-Planilha-vida-financeira-true.png\"\n\t\t\t\t>\n\t\t\t<\/picture>\n\t\t<\/a>\n\t<\/p>\n\n\n\n\n\n<p>No an\u00fancio, a<strong> <\/strong>Ambipar compartilhou metas para crescimento da receita l\u00edquida em 10% at\u00e9 o final do ano. A estrat\u00e9gia para que isso aconte\u00e7a, segundo a empresa, \u00e9 aproveitar oportunidades de vendas cruzadas, ou seja, oferecer produtos ou servi\u00e7os adicionais aos clientes que est\u00e3o comprando algo da companhia (cross-selling). <\/p>\n\n\n\n<p>Nos planos h\u00e1 tamb\u00e9m o aumento da<strong> margem Ebitda<\/strong> <strong>da Ambipar<\/strong> (lucro antes de juros, impostos, <a class=\"suno-keyword\" data-force=\"no\" data-priority=\"1\" href=\"https:\/\/www.suno.com.br\/artigos\/depreciacao-amortizacao\/\" target=\"_blank\" rel=\"noopener\">deprecia\u00e7\u00e3o e amortiza\u00e7\u00e3o<\/a>) em 300 pontos base nos pr\u00f3ximos 12 meses, atrav\u00e9s de ganhos de efici\u00eancia e sinergias operacionais. <\/p>\n\n\n\n<p>Outra not\u00edcia chamou a aten\u00e7\u00e3o dos investidores: o novo<strong> programa de recompra de a\u00e7\u00f5es da Ambipar<\/strong>. Conforme a empresa, ele ter\u00e1 dura\u00e7\u00e3o de at\u00e9 18 meses, at\u00e9 30 de novembro de 2025, com a recompra de at\u00e9 20,8 milh\u00f5es de a\u00e7\u00f5es, o que representa aproximadamente 37% da quantidade de a\u00e7\u00f5es que est\u00e3o dispon\u00edveis para negocia\u00e7\u00e3o p\u00fablica no mercado de a\u00e7\u00f5es (<a class=\"suno-keyword\" data-force=\"no\" data-priority=\"1\" href=\"https:\/\/www.suno.com.br\/artigos\/free-float\/\" target=\"_blank\" rel=\"noopener\">free float<\/a>). A administra\u00e7\u00e3o disse que o pre\u00e7o atual dos <strong>pap\u00e9is da Ambipar <\/strong>n\u00e3o reflete o valor real da empresa.<\/p>\n\n\n\n<p>Na vis\u00e3o do Ita\u00fa BBA, o crescimento inorg\u00e2nico da empresa nos \u00faltimos anos impactou margens, alavancagem e <strong>gera\u00e7\u00e3o de caixa<\/strong> <strong>da Ambipar<\/strong>. &#8220;No entanto, elogiamos a empresa por suas iniciativas cont\u00ednuas para reduzir a alavancagem e focar na melhoria das margens do neg\u00f3cio atual. Acreditamos que os investidores est\u00e3o ansiosos para ver melhoras nas margens da Ambipar, bem como a implementa\u00e7\u00e3o bem-sucedida do seu plano de gest\u00e3o de passivos&#8221;, dizem os analistas.<\/p>\n\n\n\n<p>Apesar de as a\u00e7\u00f5es parecerem subvalorizadas, segundo o banco, a avalia\u00e7\u00e3o de desempenho de mercado \u00e9 baseada na possibilidade de um ambiente macroecon\u00f4mico desafiador e na avalia\u00e7\u00e3o de outras empresas do setor de servi\u00e7os ambientais e utilidades. <\/p>\n\n\n\n<p>A recomenda\u00e7\u00e3o do BBA \u00e9 de market perform para as<strong> a\u00e7\u00f5es da Ambipar<\/strong>, o que sugere um desempenho em linha com a m\u00e9dia do mercado. os analistas estabeleceram um pre\u00e7o-alvo de R$ 14,2 para as a\u00e7\u00f5es. Isso indica um potencial de alta de cerca de 50% com base no pre\u00e7o m\u00e1ximo atingido at\u00e9 hoje, que foi de R$ 9,33.<\/p>\n\n\n\n<p>Na mesma dire\u00e7\u00e3o que o BBA, os estrategistas da XP Investimentos avaliam a not\u00edcia como positiva, destacando que a estrat\u00e9gia demonstra um compromisso da empresa com a <a class=\"suno-keyword\" data-force=\"no\" data-priority=\"1\" href=\"https:\/\/www.suno.com.br\/artigos\/geracao-de-caixa\/\" target=\"_blank\" rel=\"noopener\">gera\u00e7\u00e3o de caixa<\/a> e a aloca\u00e7\u00e3o diligente de capital. A antecipa\u00e7\u00e3o das metas de desalavancagem e o compromisso com a melhora das margens, de acordo com a XP, s\u00e3o vistos como medidas que reduzem a probabilidade de um poss\u00edvel follow-on, uma das principais preocupa\u00e7\u00f5es dos investidores.<\/p>\n\n\n\t<p>\n\t\t<a href=\"https:\/\/lp.suno.com.br\/ebook-como-analisar-uma-acao\/\" target=\"_blank\" data-element=\"shortcode-suno-banner\" title=\"Banner SUNO, clique e saiba mais\">\n\t\t\t<picture>\n\t\t\t\t<source media=\"(max-width: 500px)\" srcset=\"https:\/\/files.sunoresearch.com.br\/n\/uploads\/2023\/03\/Ebook-Acoes-Mobile.jpg\">\n\t\t\t\t<img class=\"newsContent__article__imgCapa newsContent__article__imgCapa--banner\"\n\t\t\t\t\tsrc=\"https:\/\/files.sunoresearch.com.br\/n\/uploads\/2023\/03\/Ebook-Acoes-Desktop.jpg\"\n\t\t\t\t\tdata-promo-id=\"378302\"\t\t\t\t\t\t\t\t\t\twidth='1420' height='286'\t\t\t\t\talt=\"https:\/\/files.sunoresearch.com.br\/n\/uploads\/2023\/03\/Ebook-Acoes-Desktop.jpg\"\n\t\t\t\t>\n\t\t\t<\/picture>\n\t\t<\/a>\n\t<\/p>\n\n\n\n\n\n<h2 class=\"wp-block-heading\">Ambipar quase quadruplica lucro no 1T24<\/h2>\n\n\n\n<p>A Ambipar encerrou o primeiro trimestre de 2024 com um ganho l\u00edquido recorrente consolidado de R$ 42,3 milh\u00f5es. Com isso, o ganho da Ambipar cresceu 288% em compara\u00e7\u00e3o com o mesmo per\u00edodo de 2023.<\/p>\n\n\n\n<p>Durante o mesmo intervalo, a <a class=\"suno-keyword\" target=\"_blank\" data-force=\"no\" data-priority=\"1\" href=\"https:\/\/www.suno.com.br\/artigos\/o-que-receita-bruta\/\" rel=\"noopener\">receita bruta<\/a> consolidada atingiu R$ 1,4 bilh\u00e3o, aumentando 13% em rela\u00e7\u00e3o ao primeiro trimestre de 2023.<\/p>\n\n\n\n<p>O Ebitda (lucro antes de juros, impostos, deprecia\u00e7\u00e3o e amortiza\u00e7\u00e3o) alcan\u00e7ou R$ 375 milh\u00f5es, subindo 28% em compara\u00e7\u00e3o ao ano anterior.<\/p>\n\n\n\n<p>No primeiro trimestre, o capex (investimento) da Ambipar foi reduzido a R$ 124 milh\u00f5es. Desses recursos, R$ 80,6 milh\u00f5es foram direcionados para manuten\u00e7\u00e3o e R$ 43,6 milh\u00f5es para amplia\u00e7\u00e3o das opera\u00e7\u00f5es.<\/p>\n\n\n\n<p>Conforme o comunicado de resultados, as duas empresas operacionais do grupo \u2013 a <strong>Ambipar <\/strong>Response e a Ambipar Environment \u2013 mostraram progresso nos principais indicadores.<\/p>\n\n\n\t<p>\n\t\t<a href=\"https:\/\/lp.suno.com.br\/planilha-da-vida-financeira\/\" target=\"_blank\" data-element=\"shortcode-suno-banner\" title=\"Banner SUNO, clique e saiba mais\">\n\t\t\t<picture>\n\t\t\t\t<source media=\"(max-width: 500px)\" srcset=\"https:\/\/files.sunoresearch.com.br\/n\/uploads\/2023\/04\/400x300-Planilha-vida-financeira-true.png\">\n\t\t\t\t<img class=\"newsContent__article__imgCapa newsContent__article__imgCapa--banner\"\n\t\t\t\t\tsrc=\"https:\/\/files.sunoresearch.com.br\/n\/uploads\/2023\/04\/1420x240-Planilha-vida-financeira-true.png\"\n\t\t\t\t\tdata-promo-id=\"383123\"\t\t\t\t\t\t\t\t\t\twidth='1420' height='240'\t\t\t\t\talt=\"https:\/\/files.sunoresearch.com.br\/n\/uploads\/2023\/04\/1420x240-Planilha-vida-financeira-true.png\"\n\t\t\t\t>\n\t\t\t<\/picture>\n\t\t<\/a>\n\t<\/p>\n\n\n","protected":false},"excerpt":{"rendered":"<p>A Ambipar (AMBP3) conseguiu subir 17,22% na Bolsa de Valores, nesta segunda-feira (3), ap\u00f3s apresentar ao mercado o novo programa de recompra de a\u00e7\u00f5es, guidance de alavancagem, crescimento e rentabilidade da empresa. Gra\u00e7as ao comunicado, a companhia saiu de R$ 8,12, negociado na sexta-feira (31), para R$ 9,46 no fechamento Ibovespa de hoje. Foto: Reprodu\u00e7\u00e3o [&hellip;]<\/p>\n","protected":false},"author":345,"featured_media":72038,"comment_status":"closed","ping_status":"closed","sticky":false,"template":"","format":"standard","meta":[],"categories":[64],"tags":[286,66864,1886,888],"suno_strategy":[],"class_list":["post-559363","post","type-post","status-publish","format-standard","has-post-thumbnail","hentry","category-negocios","tag-acoes","tag-ambipar-ambp3","tag-itau-bba","tag-xp-investimentos"],"yoast_head":"<!-- This site is optimized with the Yoast SEO plugin v24.4 - https:\/\/yoast.com\/wordpress\/plugins\/seo\/ -->\n<title>A\u00e7\u00f5es da Ambipar (AMBP3) sobem ap\u00f3s an\u00fancio de receita l\u00edquida<\/title>\n<meta name=\"description\" content=\"Nos planos da Ambipar h\u00e1 tamb\u00e9m o aumento da margem Ebitda (lucro antes de juros, impostos, deprecia\u00e7\u00e3o e amortiza\u00e7\u00e3o) em 300 pontos base.\" \/>\n<meta name=\"robots\" content=\"index, follow, max-snippet:-1, max-image-preview:large, max-video-preview:-1\" \/>\n<link rel=\"canonical\" href=\"https:\/\/www.suno.com.br\/noticias\/ambipar-ambp3-acoes-bolsa-alta-recompra-mm\/\" \/>\n<meta property=\"og:locale\" content=\"pt_BR\" \/>\n<meta property=\"og:type\" content=\"article\" \/>\n<meta property=\"og:title\" content=\"A\u00e7\u00f5es da Ambipar (AMBP3) sobem ap\u00f3s an\u00fancio de receita l\u00edquida\" \/>\n<meta property=\"og:description\" content=\"Nos planos da Ambipar h\u00e1 tamb\u00e9m o aumento da margem Ebitda (lucro antes de juros, impostos, deprecia\u00e7\u00e3o e amortiza\u00e7\u00e3o) em 300 pontos base.\" \/>\n<meta property=\"og:url\" content=\"https:\/\/www.suno.com.br\/noticias\/ambipar-ambp3-acoes-bolsa-alta-recompra-mm\/\" \/>\n<meta property=\"og:site_name\" content=\"Suno Not\u00edcias\" \/>\n<meta property=\"article:publisher\" content=\"https:\/\/facebook.com\/sunoresearch\" \/>\n<meta property=\"og:image\" content=\"https:\/\/files.sunoresearch.com.br\/n\/uploads\/2020\/07\/dd20ab52-ambipar-1.jpg\" \/>\n\t<meta property=\"og:image:width\" content=\"1785\" \/>\n\t<meta property=\"og:image:height\" content=\"1138\" \/>\n\t<meta property=\"og:image:type\" content=\"image\/jpeg\" \/>\n<meta name=\"author\" content=\"Murilo Melo\" \/>\n<meta name=\"twitter:card\" content=\"summary_large_image\" \/>\n<meta name=\"twitter:creator\" content=\"@sunoresearch\" \/>\n<meta name=\"twitter:site\" content=\"@sunoresearch\" \/>\n<meta name=\"twitter:label1\" content=\"Escrito por\" \/>\n\t<meta name=\"twitter:data1\" content=\"Murilo Melo\" \/>\n\t<meta name=\"twitter:label2\" content=\"Est. tempo de leitura\" \/>\n\t<meta name=\"twitter:data2\" content=\"4 minutos\" \/>\n<script type=\"application\/ld+json\" class=\"yoast-schema-graph\">{\"@context\":\"https:\/\/schema.org\",\"@graph\":[{\"@type\":\"NewsArticle\",\"@id\":\"https:\/\/www.suno.com.br\/noticias\/ambipar-ambp3-acoes-bolsa-alta-recompra-mm\/#article\",\"isPartOf\":{\"@id\":\"https:\/\/www.suno.com.br\/noticias\/ambipar-ambp3-acoes-bolsa-alta-recompra-mm\/\"},\"author\":{\"name\":\"Murilo Melo\",\"@id\":\"https:\/\/www.suno.com.br\/noticias\/#\/schema\/person\/32d4feb215afe4b317d446bb442400dd\"},\"headline\":\"Ambipar (AMBP3) dispara na Bolsa ap\u00f3s an\u00fancio de recompra de a\u00e7\u00f5es e metas de aumento na receita\",\"datePublished\":\"2024-06-04T00:51:28+00:00\",\"dateModified\":\"2024-06-04T00:54:01+00:00\",\"mainEntityOfPage\":{\"@id\":\"https:\/\/www.suno.com.br\/noticias\/ambipar-ambp3-acoes-bolsa-alta-recompra-mm\/\"},\"wordCount\":669,\"publisher\":{\"@id\":\"https:\/\/www.suno.com.br\/noticias\/#organization\"},\"image\":{\"@id\":\"https:\/\/www.suno.com.br\/noticias\/ambipar-ambp3-acoes-bolsa-alta-recompra-mm\/#primaryimage\"},\"thumbnailUrl\":\"https:\/\/files.sunoresearch.com.br\/n\/uploads\/2020\/07\/dd20ab52-ambipar-1-jpg.webp\",\"keywords\":[\"A\u00e7\u00f5es\",\"Ambipar (AMBP3)\",\"Ita\u00fa BBA\",\"XP Investimentos\"],\"articleSection\":[\"Neg\u00f3cios\"],\"inLanguage\":\"pt-BR\"},{\"@type\":\"WebPage\",\"@id\":\"https:\/\/www.suno.com.br\/noticias\/ambipar-ambp3-acoes-bolsa-alta-recompra-mm\/\",\"url\":\"https:\/\/www.suno.com.br\/noticias\/ambipar-ambp3-acoes-bolsa-alta-recompra-mm\/\",\"name\":\"A\u00e7\u00f5es da Ambipar (AMBP3) sobem ap\u00f3s an\u00fancio de receita l\u00edquida\",\"isPartOf\":{\"@id\":\"https:\/\/www.suno.com.br\/noticias\/#website\"},\"primaryImageOfPage\":{\"@id\":\"https:\/\/www.suno.com.br\/noticias\/ambipar-ambp3-acoes-bolsa-alta-recompra-mm\/#primaryimage\"},\"image\":{\"@id\":\"https:\/\/www.suno.com.br\/noticias\/ambipar-ambp3-acoes-bolsa-alta-recompra-mm\/#primaryimage\"},\"thumbnailUrl\":\"https:\/\/files.sunoresearch.com.br\/n\/uploads\/2020\/07\/dd20ab52-ambipar-1-jpg.webp\",\"datePublished\":\"2024-06-04T00:51:28+00:00\",\"dateModified\":\"2024-06-04T00:54:01+00:00\",\"description\":\"Nos planos da Ambipar h\u00e1 tamb\u00e9m o aumento da margem Ebitda (lucro antes de juros, impostos, deprecia\u00e7\u00e3o e amortiza\u00e7\u00e3o) em 300 pontos base.\",\"breadcrumb\":{\"@id\":\"https:\/\/www.suno.com.br\/noticias\/ambipar-ambp3-acoes-bolsa-alta-recompra-mm\/#breadcrumb\"},\"inLanguage\":\"pt-BR\",\"potentialAction\":[{\"@type\":\"ReadAction\",\"target\":[\"https:\/\/www.suno.com.br\/noticias\/ambipar-ambp3-acoes-bolsa-alta-recompra-mm\/\"]}]},{\"@type\":\"ImageObject\",\"inLanguage\":\"pt-BR\",\"@id\":\"https:\/\/www.suno.com.br\/noticias\/ambipar-ambp3-acoes-bolsa-alta-recompra-mm\/#primaryimage\",\"url\":\"https:\/\/files.sunoresearch.com.br\/n\/uploads\/2020\/07\/dd20ab52-ambipar-1-jpg.webp\",\"contentUrl\":\"https:\/\/files.sunoresearch.com.br\/n\/uploads\/2020\/07\/dd20ab52-ambipar-1-jpg.webp\",\"width\":1785,\"height\":1138,\"caption\":\"Foto: Reprodu\u00e7\u00e3o - site\"},{\"@type\":\"BreadcrumbList\",\"@id\":\"https:\/\/www.suno.com.br\/noticias\/ambipar-ambp3-acoes-bolsa-alta-recompra-mm\/#breadcrumb\",\"itemListElement\":[{\"@type\":\"ListItem\",\"position\":1,\"name\":\"Not\u00edcias\",\"item\":\"https:\/\/www.suno.com.br\/noticias\/\"},{\"@type\":\"ListItem\",\"position\":2,\"name\":\"Neg\u00f3cios\",\"item\":\"https:\/\/www.suno.com.br\/noticias\/negocios\/\"},{\"@type\":\"ListItem\",\"position\":3,\"name\":\"Ambipar (AMBP3) dispara na Bolsa ap\u00f3s an\u00fancio de recompra de a\u00e7\u00f5es e metas de aumento na receita\"}]},{\"@type\":\"WebSite\",\"@id\":\"https:\/\/www.suno.com.br\/noticias\/#website\",\"url\":\"https:\/\/www.suno.com.br\/noticias\/\",\"name\":\"Suno Not\u00edcias\",\"description\":\"Seu portal de informa\u00e7\u00e3o sobre o mundo dos investimentos\",\"publisher\":{\"@id\":\"https:\/\/www.suno.com.br\/noticias\/#organization\"},\"potentialAction\":[{\"@type\":\"SearchAction\",\"target\":{\"@type\":\"EntryPoint\",\"urlTemplate\":\"https:\/\/www.suno.com.br\/noticias\/?s={search_term_string}\"},\"query-input\":{\"@type\":\"PropertyValueSpecification\",\"valueRequired\":true,\"valueName\":\"search_term_string\"}}],\"inLanguage\":\"pt-BR\"},{\"@type\":\"Organization\",\"@id\":\"https:\/\/www.suno.com.br\/noticias\/#organization\",\"name\":\"Suno Not\u00edcias\",\"url\":\"https:\/\/www.suno.com.br\/noticias\/\",\"logo\":{\"@type\":\"ImageObject\",\"inLanguage\":\"pt-BR\",\"@id\":\"https:\/\/www.suno.com.br\/noticias\/#\/schema\/logo\/image\/\",\"url\":\"https:\/\/files.sunoresearch.com.br\/n\/uploads\/2021\/09\/suno-logo.png\",\"contentUrl\":\"https:\/\/files.sunoresearch.com.br\/n\/uploads\/2021\/09\/suno-logo.png\",\"width\":180,\"height\":180,\"caption\":\"Suno Not\u00edcias\"},\"image\":{\"@id\":\"https:\/\/www.suno.com.br\/noticias\/#\/schema\/logo\/image\/\"},\"sameAs\":[\"https:\/\/facebook.com\/sunoresearch\",\"https:\/\/x.com\/sunoresearch\",\"https:\/\/www.instagram.com\/suno\",\"https:\/\/www.linkedin.com\/company\/suno-research\/\",\"https:\/\/www.youtube.com\/c\/sunoresearch\"]},{\"@type\":\"Person\",\"@id\":\"https:\/\/www.suno.com.br\/noticias\/#\/schema\/person\/32d4feb215afe4b317d446bb442400dd\",\"name\":\"Murilo Melo\",\"image\":{\"@type\":\"ImageObject\",\"inLanguage\":\"pt-BR\",\"@id\":\"https:\/\/www.suno.com.br\/noticias\/#\/schema\/person\/image\/\",\"url\":\"https:\/\/secure.gravatar.com\/avatar\/af7a693198b592028493c0e8b0583d4f?s=96&r=g\",\"contentUrl\":\"https:\/\/secure.gravatar.com\/avatar\/af7a693198b592028493c0e8b0583d4f?s=96&r=g\",\"caption\":\"Murilo Melo\"},\"description\":\"\u00c9 um jornalista e letr\u00f3logo com vasta experi\u00eancia em economia, finan\u00e7as e mercado. J\u00e1 foi rep\u00f3rter de jornais, revistas e sites noticiosos como A Tarde, Correio e Folha de S.Paulo. No Suno Not\u00edcias, escreve sobre neg\u00f3cios\",\"url\":\"https:\/\/www.suno.com.br\/noticias\/author\/murilomelo-jornalismogmail-com\/\"}]}<\/script>\n<!-- \/ Yoast SEO plugin. -->","yoast_head_json":{"title":"A\u00e7\u00f5es da Ambipar (AMBP3) sobem ap\u00f3s an\u00fancio de receita l\u00edquida","description":"Nos planos da Ambipar h\u00e1 tamb\u00e9m o aumento da margem Ebitda (lucro antes de juros, impostos, deprecia\u00e7\u00e3o e amortiza\u00e7\u00e3o) em 300 pontos base.","robots":{"index":"index","follow":"follow","max-snippet":"max-snippet:-1","max-image-preview":"max-image-preview:large","max-video-preview":"max-video-preview:-1"},"canonical":"https:\/\/www.suno.com.br\/noticias\/ambipar-ambp3-acoes-bolsa-alta-recompra-mm\/","og_locale":"pt_BR","og_type":"article","og_title":"A\u00e7\u00f5es da Ambipar (AMBP3) sobem ap\u00f3s an\u00fancio de receita l\u00edquida","og_description":"Nos planos da Ambipar h\u00e1 tamb\u00e9m o aumento da margem Ebitda (lucro antes de juros, impostos, deprecia\u00e7\u00e3o e amortiza\u00e7\u00e3o) em 300 pontos base.","og_url":"https:\/\/www.suno.com.br\/noticias\/ambipar-ambp3-acoes-bolsa-alta-recompra-mm\/","og_site_name":"Suno Not\u00edcias","article_publisher":"https:\/\/facebook.com\/sunoresearch","og_image":[{"width":1785,"height":1138,"url":"https:\/\/files.sunoresearch.com.br\/n\/uploads\/2020\/07\/dd20ab52-ambipar-1.jpg","type":"image\/jpeg"}],"author":"Murilo Melo","twitter_card":"summary_large_image","twitter_creator":"@sunoresearch","twitter_site":"@sunoresearch","twitter_misc":{"Escrito por":"Murilo Melo","Est. tempo de leitura":"4 minutos"},"schema":{"@context":"https:\/\/schema.org","@graph":[{"@type":"NewsArticle","@id":"https:\/\/www.suno.com.br\/noticias\/ambipar-ambp3-acoes-bolsa-alta-recompra-mm\/#article","isPartOf":{"@id":"https:\/\/www.suno.com.br\/noticias\/ambipar-ambp3-acoes-bolsa-alta-recompra-mm\/"},"author":{"name":"Murilo Melo","@id":"https:\/\/www.suno.com.br\/noticias\/#\/schema\/person\/32d4feb215afe4b317d446bb442400dd"},"headline":"Ambipar (AMBP3) dispara na Bolsa ap\u00f3s an\u00fancio de recompra de a\u00e7\u00f5es e metas de aumento na receita","datePublished":"2024-06-04T00:51:28+00:00","dateModified":"2024-06-04T00:54:01+00:00","mainEntityOfPage":{"@id":"https:\/\/www.suno.com.br\/noticias\/ambipar-ambp3-acoes-bolsa-alta-recompra-mm\/"},"wordCount":669,"publisher":{"@id":"https:\/\/www.suno.com.br\/noticias\/#organization"},"image":{"@id":"https:\/\/www.suno.com.br\/noticias\/ambipar-ambp3-acoes-bolsa-alta-recompra-mm\/#primaryimage"},"thumbnailUrl":"https:\/\/files.sunoresearch.com.br\/n\/uploads\/2020\/07\/dd20ab52-ambipar-1-jpg.webp","keywords":["A\u00e7\u00f5es","Ambipar (AMBP3)","Ita\u00fa BBA","XP Investimentos"],"articleSection":["Neg\u00f3cios"],"inLanguage":"pt-BR"},{"@type":"WebPage","@id":"https:\/\/www.suno.com.br\/noticias\/ambipar-ambp3-acoes-bolsa-alta-recompra-mm\/","url":"https:\/\/www.suno.com.br\/noticias\/ambipar-ambp3-acoes-bolsa-alta-recompra-mm\/","name":"A\u00e7\u00f5es da Ambipar (AMBP3) sobem ap\u00f3s an\u00fancio de receita l\u00edquida","isPartOf":{"@id":"https:\/\/www.suno.com.br\/noticias\/#website"},"primaryImageOfPage":{"@id":"https:\/\/www.suno.com.br\/noticias\/ambipar-ambp3-acoes-bolsa-alta-recompra-mm\/#primaryimage"},"image":{"@id":"https:\/\/www.suno.com.br\/noticias\/ambipar-ambp3-acoes-bolsa-alta-recompra-mm\/#primaryimage"},"thumbnailUrl":"https:\/\/files.sunoresearch.com.br\/n\/uploads\/2020\/07\/dd20ab52-ambipar-1-jpg.webp","datePublished":"2024-06-04T00:51:28+00:00","dateModified":"2024-06-04T00:54:01+00:00","description":"Nos planos da Ambipar h\u00e1 tamb\u00e9m o aumento da margem Ebitda (lucro antes de juros, impostos, deprecia\u00e7\u00e3o e amortiza\u00e7\u00e3o) em 300 pontos base.","breadcrumb":{"@id":"https:\/\/www.suno.com.br\/noticias\/ambipar-ambp3-acoes-bolsa-alta-recompra-mm\/#breadcrumb"},"inLanguage":"pt-BR","potentialAction":[{"@type":"ReadAction","target":["https:\/\/www.suno.com.br\/noticias\/ambipar-ambp3-acoes-bolsa-alta-recompra-mm\/"]}]},{"@type":"ImageObject","inLanguage":"pt-BR","@id":"https:\/\/www.suno.com.br\/noticias\/ambipar-ambp3-acoes-bolsa-alta-recompra-mm\/#primaryimage","url":"https:\/\/files.sunoresearch.com.br\/n\/uploads\/2020\/07\/dd20ab52-ambipar-1-jpg.webp","contentUrl":"https:\/\/files.sunoresearch.com.br\/n\/uploads\/2020\/07\/dd20ab52-ambipar-1-jpg.webp","width":1785,"height":1138,"caption":"Foto: Reprodu\u00e7\u00e3o - site"},{"@type":"BreadcrumbList","@id":"https:\/\/www.suno.com.br\/noticias\/ambipar-ambp3-acoes-bolsa-alta-recompra-mm\/#breadcrumb","itemListElement":[{"@type":"ListItem","position":1,"name":"Not\u00edcias","item":"https:\/\/www.suno.com.br\/noticias\/"},{"@type":"ListItem","position":2,"name":"Neg\u00f3cios","item":"https:\/\/www.suno.com.br\/noticias\/negocios\/"},{"@type":"ListItem","position":3,"name":"Ambipar (AMBP3) dispara na Bolsa ap\u00f3s an\u00fancio de recompra de a\u00e7\u00f5es e metas de aumento na receita"}]},{"@type":"WebSite","@id":"https:\/\/www.suno.com.br\/noticias\/#website","url":"https:\/\/www.suno.com.br\/noticias\/","name":"Suno Not\u00edcias","description":"Seu portal de informa\u00e7\u00e3o sobre o mundo dos investimentos","publisher":{"@id":"https:\/\/www.suno.com.br\/noticias\/#organization"},"potentialAction":[{"@type":"SearchAction","target":{"@type":"EntryPoint","urlTemplate":"https:\/\/www.suno.com.br\/noticias\/?s={search_term_string}"},"query-input":{"@type":"PropertyValueSpecification","valueRequired":true,"valueName":"search_term_string"}}],"inLanguage":"pt-BR"},{"@type":"Organization","@id":"https:\/\/www.suno.com.br\/noticias\/#organization","name":"Suno Not\u00edcias","url":"https:\/\/www.suno.com.br\/noticias\/","logo":{"@type":"ImageObject","inLanguage":"pt-BR","@id":"https:\/\/www.suno.com.br\/noticias\/#\/schema\/logo\/image\/","url":"https:\/\/files.sunoresearch.com.br\/n\/uploads\/2021\/09\/suno-logo.png","contentUrl":"https:\/\/files.sunoresearch.com.br\/n\/uploads\/2021\/09\/suno-logo.png","width":180,"height":180,"caption":"Suno Not\u00edcias"},"image":{"@id":"https:\/\/www.suno.com.br\/noticias\/#\/schema\/logo\/image\/"},"sameAs":["https:\/\/facebook.com\/sunoresearch","https:\/\/x.com\/sunoresearch","https:\/\/www.instagram.com\/suno","https:\/\/www.linkedin.com\/company\/suno-research\/","https:\/\/www.youtube.com\/c\/sunoresearch"]},{"@type":"Person","@id":"https:\/\/www.suno.com.br\/noticias\/#\/schema\/person\/32d4feb215afe4b317d446bb442400dd","name":"Murilo Melo","image":{"@type":"ImageObject","inLanguage":"pt-BR","@id":"https:\/\/www.suno.com.br\/noticias\/#\/schema\/person\/image\/","url":"https:\/\/secure.gravatar.com\/avatar\/af7a693198b592028493c0e8b0583d4f?s=96&r=g","contentUrl":"https:\/\/secure.gravatar.com\/avatar\/af7a693198b592028493c0e8b0583d4f?s=96&r=g","caption":"Murilo Melo"},"description":"\u00c9 um jornalista e letr\u00f3logo com vasta experi\u00eancia em economia, finan\u00e7as e mercado. J\u00e1 foi rep\u00f3rter de jornais, revistas e sites noticiosos como A Tarde, Correio e Folha de S.Paulo. No Suno Not\u00edcias, escreve sobre neg\u00f3cios","url":"https:\/\/www.suno.com.br\/noticias\/author\/murilomelo-jornalismogmail-com\/"}]}},"default_loop_html":"<div class=\"cardsPage__listCard__boxs\"><div class=\"cardsPage__listCard__boxs__img\"><a href=\"https:\/\/www.suno.com.br\/noticias\/ambipar-ambp3-acoes-bolsa-alta-recompra-mm\/\"><img class=\"mask\" src=\"https:\/\/www.suno.com.br\/noticias\/wp-content\/themes\/suno\/resources\/images\/spotlight\/spotlight1img\/bg-mask.png\" alt=\"Image Mask\"\/><img src=\"https:\/\/files.sunoresearch.com.br\/n\/uploads\/2020\/07\/dd20ab52-ambipar-1-400x200.webp\" alt=\"Ambipar (AMBP3) dispara na Bolsa ap\u00f3s an\u00fancio de recompra de a\u00e7\u00f5es e metas de aumento na receita\"\/><\/a><span class=\"spotlightCategory\"><a href=\"https:\/\/www.suno.com.br\/noticias\/negocios\/\">Neg\u00f3cios<\/a><\/span><\/div><div class=\"cardsPage__listCard__boxs__content\"><a href=\"https:\/\/www.suno.com.br\/noticias\/ambipar-ambp3-acoes-bolsa-alta-recompra-mm\/\"><h2 class=\"content__title\">Ambipar (AMBP3) dispara na Bolsa ap\u00f3s an\u00fancio de recompra de a\u00e7\u00f5es e metas de aumento na receita<\/h2><\/a><div class=\"newsContent__article__meta\"><div class=\"newsContent__article__meta__authorBox\"><a href=\"https:\/\/www.suno.com.br\/noticias\/author\/murilomelo-jornalismogmail-com\/\" class=\"authorBox__avatar noMobi\"><img src=\"https:\/\/files.sunoresearch.com.br\/n\/uploads\/2024\/02\/Murilo_Melo_Jornalista-e1708476456132-150x150.jpeg\" alt=\"Murilo Melo\"><\/a><div class=\"authorBox__name\"><span>por\n\t\t\t<a href=\"https:\/\/www.suno.com.br\/noticias\/author\/murilomelo-jornalismogmail-com\/\"><span itemprop=\"author\">Murilo Melo<\/span><\/a><\/span><time datetime=\"2024-06-03T21:51:28-03:00\" itemprop=\"datePublished\">03\/06\/2024 21:51<\/time><\/div><\/div><\/div><\/div><\/div>","single_layout":"posts","amp_enabled":true,"_links":{"self":[{"href":"https:\/\/www.suno.com.br\/noticias\/wp-json\/wp\/v2\/posts\/559363"}],"collection":[{"href":"https:\/\/www.suno.com.br\/noticias\/wp-json\/wp\/v2\/posts"}],"about":[{"href":"https:\/\/www.suno.com.br\/noticias\/wp-json\/wp\/v2\/types\/post"}],"author":[{"embeddable":true,"href":"https:\/\/www.suno.com.br\/noticias\/wp-json\/wp\/v2\/users\/345"}],"replies":[{"embeddable":true,"href":"https:\/\/www.suno.com.br\/noticias\/wp-json\/wp\/v2\/comments?post=559363"}],"version-history":[{"count":3,"href":"https:\/\/www.suno.com.br\/noticias\/wp-json\/wp\/v2\/posts\/559363\/revisions"}],"predecessor-version":[{"id":559409,"href":"https:\/\/www.suno.com.br\/noticias\/wp-json\/wp\/v2\/posts\/559363\/revisions\/559409"}],"wp:featuredmedia":[{"embeddable":true,"href":"https:\/\/www.suno.com.br\/noticias\/wp-json\/wp\/v2\/media\/72038"}],"wp:attachment":[{"href":"https:\/\/www.suno.com.br\/noticias\/wp-json\/wp\/v2\/media?parent=559363"}],"wp:term":[{"taxonomy":"category","embeddable":true,"href":"https:\/\/www.suno.com.br\/noticias\/wp-json\/wp\/v2\/categories?post=559363"},{"taxonomy":"post_tag","embeddable":true,"href":"https:\/\/www.suno.com.br\/noticias\/wp-json\/wp\/v2\/tags?post=559363"},{"taxonomy":"suno_strategy","embeddable":true,"href":"https:\/\/www.suno.com.br\/noticias\/wp-json\/wp\/v2\/suno_strategy?post=559363"}],"curies":[{"name":"wp","href":"https:\/\/api.w.org\/{rel}","templated":true}]}}