{"id":559201,"date":"2024-06-03T13:55:50","date_gmt":"2024-06-03T16:55:50","guid":{"rendered":"https:\/\/www.suno.com.br\/noticias\/?p=559201"},"modified":"2024-06-03T15:03:34","modified_gmt":"2024-06-03T18:03:34","slug":"positivo-posi3-compra-algar-aquisicao-evm","status":"publish","type":"post","link":"https:\/\/www.suno.com.br\/noticias\/positivo-posi3-compra-algar-aquisicao-evm\/","title":{"rendered":"Positivo (POSI3) fecha compra da Algar por R$ 235 milh\u00f5es"},"content":{"rendered":"<p>A <a class=\"suno-keyword\" data-force=\"yes\" data-priority=\"2\" href=\"https:\/\/www.suno.com.br\/acoes\/POSI3\/\" target=\"_blank\" rel=\"noopener\"><strong>Positivo<\/strong> (POSI3)<\/a> concluiu a aquisi\u00e7\u00e3o da Algar Tech MSP pela cifra de R$ 235 milh\u00f5es, conforme comunicado pela companhia em <a class=\"suno-keyword\" data-force=\"no\" data-priority=\"1\" href=\"https:\/\/www.suno.com.br\/artigos\/fato-relevante\/\" target=\"_blank\" rel=\"noopener\">fato relevante<\/a> nesta segunda-feira (3).<\/p><div class=\"videoFull \">\n\t\t\t<div class=\"videoWrapper yt-lazyload center\"\n\t\t\t\tdata-width=\"960\"\n\t\t\t\tdata-height=\"540\"\n\t\t\t\tdata-id=\"bYz8jqMKXOs\"\n\t\t\t\tdata-alt=\"V\u00eddeo do YouTube - clique para reproduzir\"\n\t\t\t\tdata-logo=\"3\"\n\t\t\t\tdata-imagequality=\"maxres\">\n\t\t\t<\/div>\n\t\t<\/div><script type=\"application\/ld+json\">{\"@context\":\"https:\/\/schema.org\",\"@type\":\"VideoObject\",\"name\":\"\ud83d\udd34SAFRA CORTA VALE (VALE3) | Sobe e desce do Magazine Luiza (MGLU3) | Ibovespa recua\",\"description\":\"#mercadofinanceiro #a\u00e7\u00f5es #investimentos #bolsadevalores #ibovespa #dinheiro #finan\u00e7as #pol\u00edtica #d\u00f3lar #livedas19h #petr4 #petr3 #petrobras #vale3 #vale #a\u00e7\u00f5es #economia #dividendos #min\u00e9riodeferro #min\u00e9rio #petr\u00f3leo #commodities #proventos #dividendos #jcp #statusinvest #statusalpha #magazineluiza #mglu3 \ud83d\udd34SUNO CONSULTORIA: https:\/\/lp.suno.com.br\/ao\/consultoria-de-investimentos\/?utm_source=youtube.noticias&utm_campaign=020524&utm_medium=live 00:00 In\u00edcio do v\u00eddeo 01:30 Fechamento de preg\u00e3o 05:32 VALE3 e efeito Samarco 08:46 Sobe e desce de MGLU3 13:47 RECV3 dispara com\u2026\",\"duration\":\"PT22M40S\",\"embedUrl\":\"https:\/\/www.youtube.com\/embed\/bYz8jqMKXOs\",\"regionsAllowed\":\"en-US\",\"interactionStatistic\":{\"@type\":\"InteractionCounter\",\"interactionType\":{\"@type\":\"WatchAction\"},\"userInteractionCount\":6529},\"thumbnailUrl\":\"https:\/\/i.ytimg.com\/vi\/bYz8jqMKXOs\/default.jpg\",\"uploadDate\":\"2024-06-01T10:26:30Z\"}<\/script>\n\n\n\n\n\t<p>\n\t\t<a href=\"https:\/\/lp.suno.com.br\/planilha-da-vida-financeira\/\" target=\"_blank\" data-element=\"shortcode-suno-banner\" title=\"Banner SUNO, clique e saiba mais\">\n\t\t\t<picture>\n\t\t\t\t<source media=\"(max-width: 500px)\" srcset=\"https:\/\/files.sunoresearch.com.br\/n\/uploads\/2023\/04\/400x300-Planilha-vida-financeira-true.png\">\n\t\t\t\t<img class=\"newsContent__article__imgCapa newsContent__article__imgCapa--banner\"\n\t\t\t\t\tsrc=\"https:\/\/files.sunoresearch.com.br\/n\/uploads\/2023\/04\/1420x240-Planilha-vida-financeira-true.png\"\n\t\t\t\t\tdata-promo-id=\"106682\"\t\t\t\t\t\t\t\t\t\twidth='1420' height='240'\t\t\t\t\talt=\"https:\/\/files.sunoresearch.com.br\/n\/uploads\/2023\/04\/1420x240-Planilha-vida-financeira-true.png\"\n\t\t\t\t>\n\t\t\t<\/picture>\n\t\t<\/a>\n\t<\/p>\n\n\n\n\n\n\n\n<p>A <strong>compra da Algar<\/strong> pela positivo foi anunciada ainda em meados de mar\u00e7o.<\/p>\n\n\n\n<p>Dos R$ 235 milh\u00f5es, R$ 190 milh\u00f5es foram pagos j\u00e1 na data do fechamento da transa\u00e7\u00e3o, em mar\u00e7o. O valor remanescente ser\u00e1 quitado em mar\u00e7o de 2025, 12 meses ap\u00f3s o fechamento da aquisi\u00e7\u00e3o, conforme previamente acordado.<\/p>\n\n\n\n<p>Al\u00e9m disso, esse pagamento est\u00e1 condicionado ao atingimento de determinadas metas operacionais e financeiras.<\/p>\n\n\n\n<p>A unidade de Servi\u00e7os Gerenciados de TI (MSP) agregada ao portf\u00f3lio da Positivo Tecnologia possui mais de 25 anos de hist\u00f3ria e soma uma <a class=\"suno-keyword\" target=\"_blank\" data-force=\"no\" data-priority=\"1\" href=\"https:\/\/www.suno.com.br\/artigos\/o-que-receita-bruta\/\" rel=\"noopener\">receita bruta<\/a> anual R$ 474 milh\u00f5es (conforme dados do fim de 2023).<\/p>\n\n\n\n<p>O crescimento anual composto (CAGR) \u00e9 de 19% desde meados 2021. J\u00e1 o Ebitda (Lucros antes de juros, impostos, deprecia\u00e7\u00e3o e amortiza\u00e7\u00e3o) no mesmo per\u00edodo foi de R$ 64 milh\u00f5es, com margem de 14,8%.<\/p>\n\n\n\n<p>Conforme detalhado no comunicado da Positivo, a aquisi\u00e7\u00e3o compreendeu 100% da unidade de neg\u00f3cios respons\u00e1vel pela \u00e1rea de Servi\u00e7os Gerenciados de TI (MSP &#8211; Managed Services Provider) da empresa <strong>Algar Tech<\/strong> e n\u00e3o inclui a unidade de neg\u00f3cios respons\u00e1vel pela \u00e1rea de CX &#8211; Customer Experience (Call Center), que permanecer\u00e1 no grupo Algar.<\/p>\n\n\n\t<p>\n\t\t<a href=\"https:\/\/lp.suno.com.br\/ebook-como-analisar-uma-acao\/\" target=\"_blank\" data-element=\"shortcode-suno-banner\" title=\"Banner SUNO, clique e saiba mais\">\n\t\t\t<picture>\n\t\t\t\t<source media=\"(max-width: 500px)\" srcset=\"https:\/\/files.sunoresearch.com.br\/n\/uploads\/2023\/03\/Ebook-Acoes-Mobile.jpg\">\n\t\t\t\t<img class=\"newsContent__article__imgCapa newsContent__article__imgCapa--banner\"\n\t\t\t\t\tsrc=\"https:\/\/files.sunoresearch.com.br\/n\/uploads\/2023\/03\/Ebook-Acoes-Desktop.jpg\"\n\t\t\t\t\tdata-promo-id=\"378302\"\t\t\t\t\t\t\t\t\t\twidth='1420' height='286'\t\t\t\t\talt=\"https:\/\/files.sunoresearch.com.br\/n\/uploads\/2023\/03\/Ebook-Acoes-Desktop.jpg\"\n\t\t\t\t>\n\t\t\t<\/picture>\n\t\t<\/a>\n\t<\/p>\n\n\n\n\n\n<p>&#8220;Essa transa\u00e7\u00e3o \u00e9 um passo definitivo na execu\u00e7\u00e3o da estrat\u00e9gia de diversifica\u00e7\u00e3o da Positivo Tecnologia. Com o novo neg\u00f3cio, a Companhia se estabelece como uma Powerhouse de Tecnologia e parceira One-Stop-Shop para institui\u00e7\u00f5es p\u00fablicas e privadas. S\u00e3o mais de 6.000 especialistas e consultores em <strong>TI<\/strong> de forma combinada, al\u00e9m de ampla capilaridade no Brasil e na Am\u00e9rica Latina&#8221;, diz a companhia.<\/p>\n\n\n\n<p>&#8220;Desta forma, a Positivo Tecnologia expande a capacidade de consultoria, gest\u00e3o, implementa\u00e7\u00e3o de projetos de transforma\u00e7\u00e3o digital e intelig\u00eancia artificial. Capacita-se ainda para a apoiar a transforma\u00e7\u00e3o digital de empresas de todos os tamanhos e segmentos de atua\u00e7\u00e3o, aumentar a competitividade dos neg\u00f3cios e impulsionar a inova\u00e7\u00e3o por meio da tecnologia&#8221;, conclui.<\/p>\n\n\n\n<h2 class=\"wp-block-heading\">Cota\u00e7\u00e3o das a\u00e7\u00f5es da Positivo<\/h2>\n\n\n\n<p>As a\u00e7\u00f5es da <strong>Positivo<\/strong> caem 0,9% no intradia desta segunda (3), a R$ 8,94 por volta das 15h. No acumulado de 2024, os pap\u00e9is somam uma valoriza\u00e7\u00e3o de 35%, contudo.<\/p>\n\n\n\n<div class=\"pluginQuotation\">\n  <p class=\"ticker\">\n    Cota\u00e7\u00e3o <span>posi3<\/span>\n  <\/p>\n  <div class=\"info\">\n    <div class=\"leftSide\">\n      Gr\u00e1fico gerado em: 03\/06\/2024    <\/div>\n\t\t\t\t\t<div class=\"rightSide\">\n\t\t\t\t\t<span class=\"period\">\n\t\t\t\t\t\t1 Ano\t\t\t\t\t<\/span>\n\t\t\t<\/div>\n\t\t  <\/div>\n\n  <div id=\"chart-3ccd9de2625d19aaef3ab36a803d53ee\" data-block-hash=\"3ccd9de2625d19aaef3ab36a803d53ee\"  class=\"chart\" style=\"width:100%;height:400px;\"><\/div>\n\n  <div class=\"pluginQuotation__footer\">\n    <div class=\"dataChart\">\n\n      <div class=\"dataChart__div1 variation\">\n        <div class=\"value-positive\">\n          35,45 (+2,34%)        <\/div>\n        <div class=\"text\">\n          Varia\u00e7\u00e3o do per\u00edodo\n        <\/div>\n      <\/div>\n\n      <div class=\"dataChart__div2 minMax\">\n        <div class=\"value\">\n          R$\u00a05,96        <\/div>\n        <div class=\"text\">\n          M\u00ednima\n        <\/div>\n      <\/div>\n\n      <div class=\"dataChart__div3 minMax\">\n        <div class=\"value\">\n          R$\u00a010,51        <\/div>\n        <div class=\"text\">\n          M\u00e1xima\n        <\/div>\n      <\/div>\n\n\t\t\t<div class=\"dataChart__div4 rightSide\">\n\t\t\t\t<div class=\"analiticaSource\">\n\t\t\t\t\t<span>\n\t\t\t\t\t\tFonte:\n\t\t\t\t\t<\/span>\n\t\t\t\t\t<img decoding=\"async\" class=\"analiticaLogo\" src=\"https:\/\/www.suno.com.br\/noticias\/wp-content\/plugins\/suno-block-ticker-quotation\/src\/suno-analitica-logo.png\" alt=\"Logo Suno Anal\u00edtica\" \/>\n\t\t\t\t<\/div>\n\n\t\t\t\t<a href=\"https:\/\/www.suno.com.br\/analitica\/acoes\/posi3\" target=\"_blank\">\n\t\t\t\t\t<span>\n\t\t\t\t\t\tVer mais cota\u00e7\u00f5es\n\t\t\t\t\t<\/span>\n\t\t\t\t\t<svg xmlns=\"http:\/\/www.w3.org\/2000\/svg\" width=\"9\" height=\"8\" viewBox=\"0 0 9 8\" fill=\"none\">\n\t\t\t\t\t\t<path d=\"M4.20996 0L3.50496 0.705L6.29496 3.5H0.209961V4.5H6.29496L3.50496 7.295L4.20996 8L8.20996 4L4.20996 0Z\" fill=\"#D42126\" \/>\n\t\t\t\t\t<\/svg>\n\t\t\t\t<\/a>\n    <\/div>\n\n    <\/div>\n  <\/div>\n<\/div>\n\n\n<script type=\"text\/javascript\">\n  let chart_3ccd9de2625d19aaef3ab36a803d53ee = document.getElementById('chart-3ccd9de2625d19aaef3ab36a803d53ee');\n  let data_json_3ccd9de2625d19aaef3ab36a803d53ee = \"[{\\\"date\\\":\\\"05\\\\\\\/06\\\\\\\/23 \\\",\\\"value\\\":6.6},{\\\"date\\\":\\\"06\\\\\\\/06\\\\\\\/23 \\\",\\\"value\\\":6.91},{\\\"date\\\":\\\"07\\\\\\\/06\\\\\\\/23 \\\",\\\"value\\\":6.92},{\\\"date\\\":\\\"09\\\\\\\/06\\\\\\\/23 \\\",\\\"value\\\":7.2},{\\\"date\\\":\\\"12\\\\\\\/06\\\\\\\/23 \\\",\\\"value\\\":7.52},{\\\"date\\\":\\\"13\\\\\\\/06\\\\\\\/23 \\\",\\\"value\\\":7.36},{\\\"date\\\":\\\"14\\\\\\\/06\\\\\\\/23 \\\",\\\"value\\\":7.92},{\\\"date\\\":\\\"15\\\\\\\/06\\\\\\\/23 \\\",\\\"value\\\":8.64},{\\\"date\\\":\\\"16\\\\\\\/06\\\\\\\/23 \\\",\\\"value\\\":8.55},{\\\"date\\\":\\\"19\\\\\\\/06\\\\\\\/23 \\\",\\\"value\\\":9.02},{\\\"date\\\":\\\"20\\\\\\\/06\\\\\\\/23 \\\",\\\"value\\\":9.24},{\\\"date\\\":\\\"21\\\\\\\/06\\\\\\\/23 \\\",\\\"value\\\":9.15},{\\\"date\\\":\\\"22\\\\\\\/06\\\\\\\/23 \\\",\\\"value\\\":9.01},{\\\"date\\\":\\\"23\\\\\\\/06\\\\\\\/23 \\\",\\\"value\\\":8.74},{\\\"date\\\":\\\"26\\\\\\\/06\\\\\\\/23 \\\",\\\"value\\\":8.59},{\\\"date\\\":\\\"27\\\\\\\/06\\\\\\\/23 \\\",\\\"value\\\":8.62},{\\\"date\\\":\\\"28\\\\\\\/06\\\\\\\/23 \\\",\\\"value\\\":8.59},{\\\"date\\\":\\\"29\\\\\\\/06\\\\\\\/23 \\\",\\\"value\\\":8.65},{\\\"date\\\":\\\"30\\\\\\\/06\\\\\\\/23 \\\",\\\"value\\\":8.8},{\\\"date\\\":\\\"03\\\\\\\/07\\\\\\\/23 \\\",\\\"value\\\":8.73},{\\\"date\\\":\\\"04\\\\\\\/07\\\\\\\/23 \\\",\\\"value\\\":8.88},{\\\"date\\\":\\\"05\\\\\\\/07\\\\\\\/23 \\\",\\\"value\\\":8.93},{\\\"date\\\":\\\"06\\\\\\\/07\\\\\\\/23 \\\",\\\"value\\\":8.61},{\\\"date\\\":\\\"07\\\\\\\/07\\\\\\\/23 \\\",\\\"value\\\":8.65},{\\\"date\\\":\\\"10\\\\\\\/07\\\\\\\/23 \\\",\\\"value\\\":8.36},{\\\"date\\\":\\\"11\\\\\\\/07\\\\\\\/23 \\\",\\\"value\\\":8.28},{\\\"date\\\":\\\"12\\\\\\\/07\\\\\\\/23 \\\",\\\"value\\\":8.11},{\\\"date\\\":\\\"13\\\\\\\/07\\\\\\\/23 \\\",\\\"value\\\":8.18},{\\\"date\\\":\\\"14\\\\\\\/07\\\\\\\/23 \\\",\\\"value\\\":7.84},{\\\"date\\\":\\\"17\\\\\\\/07\\\\\\\/23 \\\",\\\"value\\\":7.94},{\\\"date\\\":\\\"18\\\\\\\/07\\\\\\\/23 \\\",\\\"value\\\":7.97},{\\\"date\\\":\\\"19\\\\\\\/07\\\\\\\/23 \\\",\\\"value\\\":7.84},{\\\"date\\\":\\\"20\\\\\\\/07\\\\\\\/23 \\\",\\\"value\\\":7.78},{\\\"date\\\":\\\"21\\\\\\\/07\\\\\\\/23 \\\",\\\"value\\\":7.91},{\\\"date\\\":\\\"24\\\\\\\/07\\\\\\\/23 \\\",\\\"value\\\":7.88},{\\\"date\\\":\\\"25\\\\\\\/07\\\\\\\/23 \\\",\\\"value\\\":7.94},{\\\"date\\\":\\\"26\\\\\\\/07\\\\\\\/23 \\\",\\\"value\\\":7.99},{\\\"date\\\":\\\"27\\\\\\\/07\\\\\\\/23 \\\",\\\"value\\\":7.85},{\\\"date\\\":\\\"28\\\\\\\/07\\\\\\\/23 \\\",\\\"value\\\":7.94},{\\\"date\\\":\\\"31\\\\\\\/07\\\\\\\/23 \\\",\\\"value\\\":7.87},{\\\"date\\\":\\\"01\\\\\\\/08\\\\\\\/23 \\\",\\\"value\\\":8.05},{\\\"date\\\":\\\"02\\\\\\\/08\\\\\\\/23 \\\",\\\"value\\\":8.01},{\\\"date\\\":\\\"03\\\\\\\/08\\\\\\\/23 \\\",\\\"value\\\":8.2},{\\\"date\\\":\\\"04\\\\\\\/08\\\\\\\/23 \\\",\\\"value\\\":8.29},{\\\"date\\\":\\\"07\\\\\\\/08\\\\\\\/23 \\\",\\\"value\\\":7.88},{\\\"date\\\":\\\"08\\\\\\\/08\\\\\\\/23 \\\",\\\"value\\\":7.82},{\\\"date\\\":\\\"09\\\\\\\/08\\\\\\\/23 \\\",\\\"value\\\":7.42},{\\\"date\\\":\\\"10\\\\\\\/08\\\\\\\/23 \\\",\\\"value\\\":7.8},{\\\"date\\\":\\\"11\\\\\\\/08\\\\\\\/23 \\\",\\\"value\\\":7.97},{\\\"date\\\":\\\"14\\\\\\\/08\\\\\\\/23 \\\",\\\"value\\\":7.98},{\\\"date\\\":\\\"15\\\\\\\/08\\\\\\\/23 \\\",\\\"value\\\":7.77},{\\\"date\\\":\\\"16\\\\\\\/08\\\\\\\/23 \\\",\\\"value\\\":8.28},{\\\"date\\\":\\\"17\\\\\\\/08\\\\\\\/23 \\\",\\\"value\\\":8.2},{\\\"date\\\":\\\"18\\\\\\\/08\\\\\\\/23 \\\",\\\"value\\\":8.17},{\\\"date\\\":\\\"21\\\\\\\/08\\\\\\\/23 \\\",\\\"value\\\":8.18},{\\\"date\\\":\\\"22\\\\\\\/08\\\\\\\/23 \\\",\\\"value\\\":8.51},{\\\"date\\\":\\\"23\\\\\\\/08\\\\\\\/23 \\\",\\\"value\\\":8.84},{\\\"date\\\":\\\"24\\\\\\\/08\\\\\\\/23 \\\",\\\"value\\\":8.56},{\\\"date\\\":\\\"25\\\\\\\/08\\\\\\\/23 \\\",\\\"value\\\":8.45},{\\\"date\\\":\\\"28\\\\\\\/08\\\\\\\/23 \\\",\\\"value\\\":8.5},{\\\"date\\\":\\\"29\\\\\\\/08\\\\\\\/23 \\\",\\\"value\\\":8.47},{\\\"date\\\":\\\"30\\\\\\\/08\\\\\\\/23 \\\",\\\"value\\\":8.39},{\\\"date\\\":\\\"31\\\\\\\/08\\\\\\\/23 \\\",\\\"value\\\":7.67},{\\\"date\\\":\\\"01\\\\\\\/09\\\\\\\/23 \\\",\\\"value\\\":7.91},{\\\"date\\\":\\\"04\\\\\\\/09\\\\\\\/23 \\\",\\\"value\\\":8.03},{\\\"date\\\":\\\"05\\\\\\\/09\\\\\\\/23 \\\",\\\"value\\\":7.92},{\\\"date\\\":\\\"06\\\\\\\/09\\\\\\\/23 \\\",\\\"value\\\":7.7},{\\\"date\\\":\\\"08\\\\\\\/09\\\\\\\/23 \\\",\\\"value\\\":7.44},{\\\"date\\\":\\\"11\\\\\\\/09\\\\\\\/23 \\\",\\\"value\\\":7.63},{\\\"date\\\":\\\"12\\\\\\\/09\\\\\\\/23 \\\",\\\"value\\\":7.68},{\\\"date\\\":\\\"13\\\\\\\/09\\\\\\\/23 \\\",\\\"value\\\":7.73},{\\\"date\\\":\\\"14\\\\\\\/09\\\\\\\/23 \\\",\\\"value\\\":7.59},{\\\"date\\\":\\\"15\\\\\\\/09\\\\\\\/23 \\\",\\\"value\\\":7.35},{\\\"date\\\":\\\"18\\\\\\\/09\\\\\\\/23 \\\",\\\"value\\\":7.2},{\\\"date\\\":\\\"19\\\\\\\/09\\\\\\\/23 \\\",\\\"value\\\":7.13},{\\\"date\\\":\\\"20\\\\\\\/09\\\\\\\/23 \\\",\\\"value\\\":7.05},{\\\"date\\\":\\\"21\\\\\\\/09\\\\\\\/23 \\\",\\\"value\\\":6.87},{\\\"date\\\":\\\"22\\\\\\\/09\\\\\\\/23 \\\",\\\"value\\\":6.78},{\\\"date\\\":\\\"25\\\\\\\/09\\\\\\\/23 \\\",\\\"value\\\":6.75},{\\\"date\\\":\\\"26\\\\\\\/09\\\\\\\/23 \\\",\\\"value\\\":6.49},{\\\"date\\\":\\\"27\\\\\\\/09\\\\\\\/23 \\\",\\\"value\\\":6.31},{\\\"date\\\":\\\"28\\\\\\\/09\\\\\\\/23 \\\",\\\"value\\\":6.64},{\\\"date\\\":\\\"29\\\\\\\/09\\\\\\\/23 \\\",\\\"value\\\":6.87},{\\\"date\\\":\\\"02\\\\\\\/10\\\\\\\/23 \\\",\\\"value\\\":6.59},{\\\"date\\\":\\\"03\\\\\\\/10\\\\\\\/23 \\\",\\\"value\\\":6.45},{\\\"date\\\":\\\"04\\\\\\\/10\\\\\\\/23 \\\",\\\"value\\\":6.74},{\\\"date\\\":\\\"05\\\\\\\/10\\\\\\\/23 \\\",\\\"value\\\":6.59},{\\\"date\\\":\\\"06\\\\\\\/10\\\\\\\/23 \\\",\\\"value\\\":6.52},{\\\"date\\\":\\\"09\\\\\\\/10\\\\\\\/23 \\\",\\\"value\\\":6.58},{\\\"date\\\":\\\"10\\\\\\\/10\\\\\\\/23 \\\",\\\"value\\\":6.8},{\\\"date\\\":\\\"11\\\\\\\/10\\\\\\\/23 \\\",\\\"value\\\":6.73},{\\\"date\\\":\\\"13\\\\\\\/10\\\\\\\/23 \\\",\\\"value\\\":6.37},{\\\"date\\\":\\\"16\\\\\\\/10\\\\\\\/23 \\\",\\\"value\\\":6.56},{\\\"date\\\":\\\"17\\\\\\\/10\\\\\\\/23 \\\",\\\"value\\\":6.31},{\\\"date\\\":\\\"18\\\\\\\/10\\\\\\\/23 \\\",\\\"value\\\":6.18},{\\\"date\\\":\\\"19\\\\\\\/10\\\\\\\/23 \\\",\\\"value\\\":6.13},{\\\"date\\\":\\\"20\\\\\\\/10\\\\\\\/23 \\\",\\\"value\\\":6.13},{\\\"date\\\":\\\"23\\\\\\\/10\\\\\\\/23 \\\",\\\"value\\\":6.14},{\\\"date\\\":\\\"24\\\\\\\/10\\\\\\\/23 \\\",\\\"value\\\":6.33},{\\\"date\\\":\\\"25\\\\\\\/10\\\\\\\/23 \\\",\\\"value\\\":6.25},{\\\"date\\\":\\\"26\\\\\\\/10\\\\\\\/23 \\\",\\\"value\\\":6.41},{\\\"date\\\":\\\"27\\\\\\\/10\\\\\\\/23 \\\",\\\"value\\\":6.17},{\\\"date\\\":\\\"30\\\\\\\/10\\\\\\\/23 \\\",\\\"value\\\":5.96},{\\\"date\\\":\\\"31\\\\\\\/10\\\\\\\/23 \\\",\\\"value\\\":5.98},{\\\"date\\\":\\\"01\\\\\\\/11\\\\\\\/23 \\\",\\\"value\\\":6.13},{\\\"date\\\":\\\"03\\\\\\\/11\\\\\\\/23 \\\",\\\"value\\\":6.57},{\\\"date\\\":\\\"06\\\\\\\/11\\\\\\\/23 \\\",\\\"value\\\":6.3},{\\\"date\\\":\\\"07\\\\\\\/11\\\\\\\/23 \\\",\\\"value\\\":6.59},{\\\"date\\\":\\\"08\\\\\\\/11\\\\\\\/23 \\\",\\\"value\\\":6.66},{\\\"date\\\":\\\"09\\\\\\\/11\\\\\\\/23 \\\",\\\"value\\\":6.59},{\\\"date\\\":\\\"10\\\\\\\/11\\\\\\\/23 \\\",\\\"value\\\":6.79},{\\\"date\\\":\\\"13\\\\\\\/11\\\\\\\/23 \\\",\\\"value\\\":7.16},{\\\"date\\\":\\\"14\\\\\\\/11\\\\\\\/23 \\\",\\\"value\\\":6.73},{\\\"date\\\":\\\"16\\\\\\\/11\\\\\\\/23 \\\",\\\"value\\\":6.87},{\\\"date\\\":\\\"17\\\\\\\/11\\\\\\\/23 \\\",\\\"value\\\":6.82},{\\\"date\\\":\\\"20\\\\\\\/11\\\\\\\/23 \\\",\\\"value\\\":6.87},{\\\"date\\\":\\\"21\\\\\\\/11\\\\\\\/23 \\\",\\\"value\\\":6.47},{\\\"date\\\":\\\"22\\\\\\\/11\\\\\\\/23 \\\",\\\"value\\\":6.34},{\\\"date\\\":\\\"23\\\\\\\/11\\\\\\\/23 \\\",\\\"value\\\":6.35},{\\\"date\\\":\\\"24\\\\\\\/11\\\\\\\/23 \\\",\\\"value\\\":6.32},{\\\"date\\\":\\\"27\\\\\\\/11\\\\\\\/23 \\\",\\\"value\\\":6.18},{\\\"date\\\":\\\"28\\\\\\\/11\\\\\\\/23 \\\",\\\"value\\\":6.28},{\\\"date\\\":\\\"29\\\\\\\/11\\\\\\\/23 \\\",\\\"value\\\":6.37},{\\\"date\\\":\\\"30\\\\\\\/11\\\\\\\/23 \\\",\\\"value\\\":6.4},{\\\"date\\\":\\\"01\\\\\\\/12\\\\\\\/23 \\\",\\\"value\\\":6.4},{\\\"date\\\":\\\"04\\\\\\\/12\\\\\\\/23 \\\",\\\"value\\\":6.22},{\\\"date\\\":\\\"05\\\\\\\/12\\\\\\\/23 \\\",\\\"value\\\":6.35},{\\\"date\\\":\\\"06\\\\\\\/12\\\\\\\/23 \\\",\\\"value\\\":6.25},{\\\"date\\\":\\\"07\\\\\\\/12\\\\\\\/23 \\\",\\\"value\\\":6.51},{\\\"date\\\":\\\"08\\\\\\\/12\\\\\\\/23 \\\",\\\"value\\\":6.38},{\\\"date\\\":\\\"11\\\\\\\/12\\\\\\\/23 \\\",\\\"value\\\":6.38},{\\\"date\\\":\\\"12\\\\\\\/12\\\\\\\/23 \\\",\\\"value\\\":6.38},{\\\"date\\\":\\\"13\\\\\\\/12\\\\\\\/23 \\\",\\\"value\\\":6.63},{\\\"date\\\":\\\"14\\\\\\\/12\\\\\\\/23 \\\",\\\"value\\\":6.6},{\\\"date\\\":\\\"15\\\\\\\/12\\\\\\\/23 \\\",\\\"value\\\":6.48},{\\\"date\\\":\\\"18\\\\\\\/12\\\\\\\/23 \\\",\\\"value\\\":6.58},{\\\"date\\\":\\\"19\\\\\\\/12\\\\\\\/23 \\\",\\\"value\\\":6.58},{\\\"date\\\":\\\"20\\\\\\\/12\\\\\\\/23 \\\",\\\"value\\\":6.5},{\\\"date\\\":\\\"21\\\\\\\/12\\\\\\\/23 \\\",\\\"value\\\":6.57},{\\\"date\\\":\\\"22\\\\\\\/12\\\\\\\/23 \\\",\\\"value\\\":6.6},{\\\"date\\\":\\\"26\\\\\\\/12\\\\\\\/23 \\\",\\\"value\\\":6.78},{\\\"date\\\":\\\"27\\\\\\\/12\\\\\\\/23 \\\",\\\"value\\\":6.79},{\\\"date\\\":\\\"28\\\\\\\/12\\\\\\\/23 \\\",\\\"value\\\":6.64},{\\\"date\\\":\\\"02\\\\\\\/01\\\\\\\/24 \\\",\\\"value\\\":6.28},{\\\"date\\\":\\\"03\\\\\\\/01\\\\\\\/24 \\\",\\\"value\\\":6.3},{\\\"date\\\":\\\"04\\\\\\\/01\\\\\\\/24 \\\",\\\"value\\\":6.18},{\\\"date\\\":\\\"05\\\\\\\/01\\\\\\\/24 \\\",\\\"value\\\":6.23},{\\\"date\\\":\\\"08\\\\\\\/01\\\\\\\/24 \\\",\\\"value\\\":6.39},{\\\"date\\\":\\\"09\\\\\\\/01\\\\\\\/24 \\\",\\\"value\\\":6.4},{\\\"date\\\":\\\"10\\\\\\\/01\\\\\\\/24 \\\",\\\"value\\\":6.41},{\\\"date\\\":\\\"11\\\\\\\/01\\\\\\\/24 \\\",\\\"value\\\":6.35},{\\\"date\\\":\\\"12\\\\\\\/01\\\\\\\/24 \\\",\\\"value\\\":6.45},{\\\"date\\\":\\\"15\\\\\\\/01\\\\\\\/24 \\\",\\\"value\\\":6.48},{\\\"date\\\":\\\"16\\\\\\\/01\\\\\\\/24 \\\",\\\"value\\\":6.38},{\\\"date\\\":\\\"17\\\\\\\/01\\\\\\\/24 \\\",\\\"value\\\":6.31},{\\\"date\\\":\\\"18\\\\\\\/01\\\\\\\/24 \\\",\\\"value\\\":6.24},{\\\"date\\\":\\\"19\\\\\\\/01\\\\\\\/24 \\\",\\\"value\\\":6.3},{\\\"date\\\":\\\"22\\\\\\\/01\\\\\\\/24 \\\",\\\"value\\\":6.38},{\\\"date\\\":\\\"23\\\\\\\/01\\\\\\\/24 \\\",\\\"value\\\":6.63},{\\\"date\\\":\\\"24\\\\\\\/01\\\\\\\/24 \\\",\\\"value\\\":6.79},{\\\"date\\\":\\\"25\\\\\\\/01\\\\\\\/24 \\\",\\\"value\\\":6.99},{\\\"date\\\":\\\"26\\\\\\\/01\\\\\\\/24 \\\",\\\"value\\\":6.85},{\\\"date\\\":\\\"29\\\\\\\/01\\\\\\\/24 \\\",\\\"value\\\":6.91},{\\\"date\\\":\\\"30\\\\\\\/01\\\\\\\/24 \\\",\\\"value\\\":6.75},{\\\"date\\\":\\\"31\\\\\\\/01\\\\\\\/24 \\\",\\\"value\\\":6.85},{\\\"date\\\":\\\"01\\\\\\\/02\\\\\\\/24 \\\",\\\"value\\\":6.79},{\\\"date\\\":\\\"02\\\\\\\/02\\\\\\\/24 \\\",\\\"value\\\":6.84},{\\\"date\\\":\\\"05\\\\\\\/02\\\\\\\/24 \\\",\\\"value\\\":6.67},{\\\"date\\\":\\\"06\\\\\\\/02\\\\\\\/24 \\\",\\\"value\\\":6.72},{\\\"date\\\":\\\"07\\\\\\\/02\\\\\\\/24 \\\",\\\"value\\\":6.97},{\\\"date\\\":\\\"08\\\\\\\/02\\\\\\\/24 \\\",\\\"value\\\":6.92},{\\\"date\\\":\\\"09\\\\\\\/02\\\\\\\/24 \\\",\\\"value\\\":6.87},{\\\"date\\\":\\\"14\\\\\\\/02\\\\\\\/24 \\\",\\\"value\\\":6.87},{\\\"date\\\":\\\"15\\\\\\\/02\\\\\\\/24 \\\",\\\"value\\\":6.89},{\\\"date\\\":\\\"16\\\\\\\/02\\\\\\\/24 \\\",\\\"value\\\":6.85},{\\\"date\\\":\\\"19\\\\\\\/02\\\\\\\/24 \\\",\\\"value\\\":6.99},{\\\"date\\\":\\\"20\\\\\\\/02\\\\\\\/24 \\\",\\\"value\\\":7.5},{\\\"date\\\":\\\"21\\\\\\\/02\\\\\\\/24 \\\",\\\"value\\\":7.55},{\\\"date\\\":\\\"22\\\\\\\/02\\\\\\\/24 \\\",\\\"value\\\":7.91},{\\\"date\\\":\\\"23\\\\\\\/02\\\\\\\/24 \\\",\\\"value\\\":7.37},{\\\"date\\\":\\\"26\\\\\\\/02\\\\\\\/24 \\\",\\\"value\\\":7.4},{\\\"date\\\":\\\"27\\\\\\\/02\\\\\\\/24 \\\",\\\"value\\\":7.82},{\\\"date\\\":\\\"28\\\\\\\/02\\\\\\\/24 \\\",\\\"value\\\":7.52},{\\\"date\\\":\\\"29\\\\\\\/02\\\\\\\/24 \\\",\\\"value\\\":7.63},{\\\"date\\\":\\\"01\\\\\\\/03\\\\\\\/24 \\\",\\\"value\\\":7.83},{\\\"date\\\":\\\"04\\\\\\\/03\\\\\\\/24 \\\",\\\"value\\\":7.95},{\\\"date\\\":\\\"05\\\\\\\/03\\\\\\\/24 \\\",\\\"value\\\":7.89},{\\\"date\\\":\\\"06\\\\\\\/03\\\\\\\/24 \\\",\\\"value\\\":8.02},{\\\"date\\\":\\\"07\\\\\\\/03\\\\\\\/24 \\\",\\\"value\\\":7.83},{\\\"date\\\":\\\"08\\\\\\\/03\\\\\\\/24 \\\",\\\"value\\\":7.88},{\\\"date\\\":\\\"11\\\\\\\/03\\\\\\\/24 \\\",\\\"value\\\":7.94},{\\\"date\\\":\\\"12\\\\\\\/03\\\\\\\/24 \\\",\\\"value\\\":8.05},{\\\"date\\\":\\\"13\\\\\\\/03\\\\\\\/24 \\\",\\\"value\\\":8.09},{\\\"date\\\":\\\"14\\\\\\\/03\\\\\\\/24 \\\",\\\"value\\\":8.04},{\\\"date\\\":\\\"15\\\\\\\/03\\\\\\\/24 \\\",\\\"value\\\":7.64},{\\\"date\\\":\\\"18\\\\\\\/03\\\\\\\/24 \\\",\\\"value\\\":7.83},{\\\"date\\\":\\\"19\\\\\\\/03\\\\\\\/24 \\\",\\\"value\\\":8.25},{\\\"date\\\":\\\"20\\\\\\\/03\\\\\\\/24 \\\",\\\"value\\\":8.13},{\\\"date\\\":\\\"21\\\\\\\/03\\\\\\\/24 \\\",\\\"value\\\":8.32},{\\\"date\\\":\\\"22\\\\\\\/03\\\\\\\/24 \\\",\\\"value\\\":8.4},{\\\"date\\\":\\\"25\\\\\\\/03\\\\\\\/24 \\\",\\\"value\\\":8.28},{\\\"date\\\":\\\"26\\\\\\\/03\\\\\\\/24 \\\",\\\"value\\\":8.67},{\\\"date\\\":\\\"27\\\\\\\/03\\\\\\\/24 \\\",\\\"value\\\":8.88},{\\\"date\\\":\\\"28\\\\\\\/03\\\\\\\/24 \\\",\\\"value\\\":9.56},{\\\"date\\\":\\\"01\\\\\\\/04\\\\\\\/24 \\\",\\\"value\\\":10.02},{\\\"date\\\":\\\"02\\\\\\\/04\\\\\\\/24 \\\",\\\"value\\\":10.44},{\\\"date\\\":\\\"03\\\\\\\/04\\\\\\\/24 \\\",\\\"value\\\":10.51},{\\\"date\\\":\\\"04\\\\\\\/04\\\\\\\/24 \\\",\\\"value\\\":10.02},{\\\"date\\\":\\\"05\\\\\\\/04\\\\\\\/24 \\\",\\\"value\\\":9.91},{\\\"date\\\":\\\"08\\\\\\\/04\\\\\\\/24 \\\",\\\"value\\\":9.93},{\\\"date\\\":\\\"09\\\\\\\/04\\\\\\\/24 \\\",\\\"value\\\":9.8},{\\\"date\\\":\\\"10\\\\\\\/04\\\\\\\/24 \\\",\\\"value\\\":9.53},{\\\"date\\\":\\\"11\\\\\\\/04\\\\\\\/24 \\\",\\\"value\\\":9.49},{\\\"date\\\":\\\"12\\\\\\\/04\\\\\\\/24 \\\",\\\"value\\\":9.3},{\\\"date\\\":\\\"15\\\\\\\/04\\\\\\\/24 \\\",\\\"value\\\":9.16},{\\\"date\\\":\\\"16\\\\\\\/04\\\\\\\/24 \\\",\\\"value\\\":8.95},{\\\"date\\\":\\\"17\\\\\\\/04\\\\\\\/24 \\\",\\\"value\\\":8.83},{\\\"date\\\":\\\"18\\\\\\\/04\\\\\\\/24 \\\",\\\"value\\\":9.17},{\\\"date\\\":\\\"19\\\\\\\/04\\\\\\\/24 \\\",\\\"value\\\":9.22},{\\\"date\\\":\\\"22\\\\\\\/04\\\\\\\/24 \\\",\\\"value\\\":9.22},{\\\"date\\\":\\\"23\\\\\\\/04\\\\\\\/24 \\\",\\\"value\\\":8.98},{\\\"date\\\":\\\"24\\\\\\\/04\\\\\\\/24 \\\",\\\"value\\\":8.57},{\\\"date\\\":\\\"25\\\\\\\/04\\\\\\\/24 \\\",\\\"value\\\":8.6},{\\\"date\\\":\\\"26\\\\\\\/04\\\\\\\/24 \\\",\\\"value\\\":9.01},{\\\"date\\\":\\\"29\\\\\\\/04\\\\\\\/24 \\\",\\\"value\\\":8.71},{\\\"date\\\":\\\"30\\\\\\\/04\\\\\\\/24 \\\",\\\"value\\\":8.78},{\\\"date\\\":\\\"02\\\\\\\/05\\\\\\\/24 \\\",\\\"value\\\":9.28},{\\\"date\\\":\\\"03\\\\\\\/05\\\\\\\/24 \\\",\\\"value\\\":10.01},{\\\"date\\\":\\\"06\\\\\\\/05\\\\\\\/24 \\\",\\\"value\\\":10.2},{\\\"date\\\":\\\"07\\\\\\\/05\\\\\\\/24 \\\",\\\"value\\\":9.5},{\\\"date\\\":\\\"08\\\\\\\/05\\\\\\\/24 \\\",\\\"value\\\":9.78},{\\\"date\\\":\\\"09\\\\\\\/05\\\\\\\/24 \\\",\\\"value\\\":9.63},{\\\"date\\\":\\\"10\\\\\\\/05\\\\\\\/24 \\\",\\\"value\\\":9.24},{\\\"date\\\":\\\"13\\\\\\\/05\\\\\\\/24 \\\",\\\"value\\\":9.29},{\\\"date\\\":\\\"14\\\\\\\/05\\\\\\\/24 \\\",\\\"value\\\":9.25},{\\\"date\\\":\\\"15\\\\\\\/05\\\\\\\/24 \\\",\\\"value\\\":9.5},{\\\"date\\\":\\\"16\\\\\\\/05\\\\\\\/24 \\\",\\\"value\\\":9.43},{\\\"date\\\":\\\"17\\\\\\\/05\\\\\\\/24 \\\",\\\"value\\\":9.89},{\\\"date\\\":\\\"20\\\\\\\/05\\\\\\\/24 \\\",\\\"value\\\":9.88},{\\\"date\\\":\\\"21\\\\\\\/05\\\\\\\/24 \\\",\\\"value\\\":9.56},{\\\"date\\\":\\\"22\\\\\\\/05\\\\\\\/24 \\\",\\\"value\\\":9.14},{\\\"date\\\":\\\"23\\\\\\\/05\\\\\\\/24 \\\",\\\"value\\\":9.06},{\\\"date\\\":\\\"24\\\\\\\/05\\\\\\\/24 \\\",\\\"value\\\":9.16},{\\\"date\\\":\\\"27\\\\\\\/05\\\\\\\/24 \\\",\\\"value\\\":9.27},{\\\"date\\\":\\\"28\\\\\\\/05\\\\\\\/24 \\\",\\\"value\\\":9.29},{\\\"date\\\":\\\"31\\\\\\\/05\\\\\\\/24 \\\",\\\"value\\\":9.01},{\\\"date\\\":\\\"03\\\\\\\/06\\\\\\\/24 \\\",\\\"value\\\":8.94}]\";\n  let isPositive_3ccd9de2625d19aaef3ab36a803d53ee = true;\n\n  let color_3ccd9de2625d19aaef3ab36a803d53ee = isPositive_3ccd9de2625d19aaef3ab36a803d53ee ? '#3AB53A' : '#D92C2D';\n\n  let data_3ccd9de2625d19aaef3ab36a803d53ee = JSON.parse(data_json_3ccd9de2625d19aaef3ab36a803d53ee);\n\n  const result_3ccd9de2625d19aaef3ab36a803d53ee = {\n    date: [],\n    value: [],\n  };\n\n  data_3ccd9de2625d19aaef3ab36a803d53ee.forEach((item) => {\n    result_3ccd9de2625d19aaef3ab36a803d53ee.date.push(item.date);\n    result_3ccd9de2625d19aaef3ab36a803d53ee.value.push(Number(item.value));\n  });\n\n  let option_3ccd9de2625d19aaef3ab36a803d53ee = {\n    \/\/ variavel de cor global\n    color: [color_3ccd9de2625d19aaef3ab36a803d53ee],\n    title: {\n      text: '',\n    },\n    tooltip: {\n      trigger: 'axis',\n      axisPointer: {\n        type: 'cross',\n        label: {\n          \/\/ cor dos valores em X e Y\n          backgroundColor: color_3ccd9de2625d19aaef3ab36a803d53ee,\n          formatter: (value) => {\n            if (typeof value.value === 'number') {\n              return Number(value.value).toLocaleString('pt-br', {\n                style: 'currency',\n                currency: 'BRL'\n              });\n            }\n            return value.value;\n          },\n        },\n      },\n      valueFormatter: (value) => Number(value).toLocaleString('pt-br', {\n        style: 'currency',\n        currency: 'BRL'\n      }),\n    },\n    legend: {\n      \/\/ data: ['Valor de Fechamento'],\n      show: false,\n    },\n    toolbox: {\n      feature: {\n        saveAsImage: {\n          show: false,\n        },\n      },\n    },\n    grid: {\n      left: '0px',\n      right: '0px',\n      bottom: '0px',\n      containLabel: true,\n    },\n    xAxis: [{\n      type: 'category',\n      data: result_3ccd9de2625d19aaef3ab36a803d53ee.date,\n      boundaryGap: true,\n    }],\n    yAxis: [{\n      type: 'value',\n      min: Math.min(...result_3ccd9de2625d19aaef3ab36a803d53ee.value),\n      max: Math.max(...result_3ccd9de2625d19aaef3ab36a803d53ee.value),\n      axisLabel: {\n        formatter: (value) => value.toLocaleString('pt-br', {\n          style: 'currency',\n          currency: 'BRL'\n        }),\n      },\n    }],\n    series: [{\n      name: 'Valor de Fechamento',\n      type: 'line',\n      stack: 'Total',\n      \/\/ cor do grafico\n      areaStyle: {},\n      emphasis: {\n        focus: 'series',\n      },\n      data: result_3ccd9de2625d19aaef3ab36a803d53ee.value,\n      \/\/ cor da linha\n      lineStyle: {\n        color: color_3ccd9de2625d19aaef3ab36a803d53ee,\n      },\n    }, ],\n  };\n\n\twindow.chart_3ccd9de2625d19aaef3ab36a803d53ee = {\n\t\tel: chart_3ccd9de2625d19aaef3ab36a803d53ee,\n\t\toption: option_3ccd9de2625d19aaef3ab36a803d53ee\t};\n\n\n<\/script>\n\n\n\t<p>\n\t\t<a href=\"https:\/\/lp.suno.com.br\/planilha-da-vida-financeira\/\" target=\"_blank\" data-element=\"shortcode-suno-banner\" title=\"Banner SUNO, clique e saiba mais\">\n\t\t\t<picture>\n\t\t\t\t<source media=\"(max-width: 500px)\" srcset=\"https:\/\/files.sunoresearch.com.br\/n\/uploads\/2023\/04\/400x300-Planilha-vida-financeira-true.png\">\n\t\t\t\t<img class=\"newsContent__article__imgCapa newsContent__article__imgCapa--banner\"\n\t\t\t\t\tsrc=\"https:\/\/files.sunoresearch.com.br\/n\/uploads\/2023\/04\/1420x240-Planilha-vida-financeira-true.png\"\n\t\t\t\t\tdata-promo-id=\"383123\"\t\t\t\t\t\t\t\t\t\twidth='1420' height='240'\t\t\t\t\talt=\"https:\/\/files.sunoresearch.com.br\/n\/uploads\/2023\/04\/1420x240-Planilha-vida-financeira-true.png\"\n\t\t\t\t>\n\t\t\t<\/picture>\n\t\t<\/a>\n\t<\/p>\n\n\n","protected":false},"excerpt":{"rendered":"<p>A Positivo (POSI3) concluiu a aquisi\u00e7\u00e3o da Algar Tech MSP pela cifra de R$ 235 milh\u00f5es, conforme comunicado pela companhia em fato relevante nesta segunda-feira (3). A compra da Algar pela positivo foi anunciada ainda em meados de mar\u00e7o. Dos R$ 235 milh\u00f5es, R$ 190 milh\u00f5es foram pagos j\u00e1 na data do fechamento da transa\u00e7\u00e3o, [&hellip;]<\/p>\n","protected":false},"author":73,"featured_media":221127,"comment_status":"closed","ping_status":"closed","sticky":false,"template":"","format":"standard","meta":[],"categories":[64],"tags":[2034],"suno_strategy":[],"class_list":["post-559201","post","type-post","status-publish","format-standard","has-post-thumbnail","hentry","category-negocios","tag-positivo-tecnologia-posi3"],"yoast_head":"<!-- This site is optimized with the Yoast SEO plugin v24.4 - https:\/\/yoast.com\/wordpress\/plugins\/seo\/ -->\n<title>Positivo (POSI3) fecha compra da Algar por R$ 235 milh\u00f5es<\/title>\n<meta name=\"description\" content=\"Dos R$ 235 milh\u00f5es, R$ 190 milh\u00f5es foram pagos pela Positivo j\u00e1 na data do fechamento da transa\u00e7\u00e3o, em meados de mar\u00e7o\" \/>\n<meta name=\"robots\" content=\"index, follow, max-snippet:-1, max-image-preview:large, max-video-preview:-1\" \/>\n<link rel=\"canonical\" href=\"https:\/\/www.suno.com.br\/noticias\/positivo-posi3-compra-algar-aquisicao-evm\/\" \/>\n<meta property=\"og:locale\" content=\"pt_BR\" \/>\n<meta property=\"og:type\" content=\"article\" \/>\n<meta property=\"og:title\" content=\"Positivo (POSI3) fecha compra da Algar por R$ 235 milh\u00f5es\" \/>\n<meta property=\"og:description\" content=\"Dos R$ 235 milh\u00f5es, R$ 190 milh\u00f5es foram pagos pela Positivo j\u00e1 na data do fechamento da transa\u00e7\u00e3o, em meados de mar\u00e7o\" \/>\n<meta property=\"og:url\" content=\"https:\/\/www.suno.com.br\/noticias\/positivo-posi3-compra-algar-aquisicao-evm\/\" \/>\n<meta property=\"og:site_name\" content=\"Suno Not\u00edcias\" \/>\n<meta property=\"article:publisher\" content=\"https:\/\/facebook.com\/sunoresearch\" \/>\n<meta property=\"og:image\" content=\"https:\/\/files.sunoresearch.com.br\/n\/uploads\/2022\/01\/Positivo_Fabrica-Manaus.jpg\" \/>\n\t<meta property=\"og:image:width\" content=\"2000\" \/>\n\t<meta property=\"og:image:height\" content=\"1325\" \/>\n\t<meta property=\"og:image:type\" content=\"image\/jpeg\" \/>\n<meta name=\"author\" content=\"Eduardo Vargas\" \/>\n<meta name=\"twitter:card\" content=\"summary_large_image\" \/>\n<meta name=\"twitter:creator\" content=\"@sunoresearch\" \/>\n<meta name=\"twitter:site\" content=\"@sunoresearch\" \/>\n<meta name=\"twitter:label1\" content=\"Escrito por\" \/>\n\t<meta name=\"twitter:data1\" content=\"Eduardo Vargas\" \/>\n\t<meta name=\"twitter:label2\" content=\"Est. tempo de leitura\" \/>\n\t<meta name=\"twitter:data2\" content=\"3 minutos\" \/>\n<script type=\"application\/ld+json\" class=\"yoast-schema-graph\">{\"@context\":\"https:\/\/schema.org\",\"@graph\":[{\"@type\":\"NewsArticle\",\"@id\":\"https:\/\/www.suno.com.br\/noticias\/positivo-posi3-compra-algar-aquisicao-evm\/#article\",\"isPartOf\":{\"@id\":\"https:\/\/www.suno.com.br\/noticias\/positivo-posi3-compra-algar-aquisicao-evm\/\"},\"author\":{\"name\":\"Eduardo Vargas\",\"@id\":\"https:\/\/www.suno.com.br\/noticias\/#\/schema\/person\/7f4d362bf3518e76090143ae77bb49a5\"},\"headline\":\"Positivo (POSI3) fecha compra da Algar por R$ 235 milh\u00f5es\",\"datePublished\":\"2024-06-03T16:55:50+00:00\",\"dateModified\":\"2024-06-03T18:03:34+00:00\",\"mainEntityOfPage\":{\"@id\":\"https:\/\/www.suno.com.br\/noticias\/positivo-posi3-compra-algar-aquisicao-evm\/\"},\"wordCount\":407,\"publisher\":{\"@id\":\"https:\/\/www.suno.com.br\/noticias\/#organization\"},\"image\":{\"@id\":\"https:\/\/www.suno.com.br\/noticias\/positivo-posi3-compra-algar-aquisicao-evm\/#primaryimage\"},\"thumbnailUrl\":\"https:\/\/files.sunoresearch.com.br\/n\/uploads\/2022\/01\/Positivo_Fabrica-Manaus.jpg\",\"keywords\":[\"Positivo Tecnologia (POSI3)\"],\"articleSection\":[\"Neg\u00f3cios\"],\"inLanguage\":\"pt-BR\"},{\"@type\":\"WebPage\",\"@id\":\"https:\/\/www.suno.com.br\/noticias\/positivo-posi3-compra-algar-aquisicao-evm\/\",\"url\":\"https:\/\/www.suno.com.br\/noticias\/positivo-posi3-compra-algar-aquisicao-evm\/\",\"name\":\"Positivo (POSI3) fecha compra da Algar por R$ 235 milh\u00f5es\",\"isPartOf\":{\"@id\":\"https:\/\/www.suno.com.br\/noticias\/#website\"},\"primaryImageOfPage\":{\"@id\":\"https:\/\/www.suno.com.br\/noticias\/positivo-posi3-compra-algar-aquisicao-evm\/#primaryimage\"},\"image\":{\"@id\":\"https:\/\/www.suno.com.br\/noticias\/positivo-posi3-compra-algar-aquisicao-evm\/#primaryimage\"},\"thumbnailUrl\":\"https:\/\/files.sunoresearch.com.br\/n\/uploads\/2022\/01\/Positivo_Fabrica-Manaus.jpg\",\"datePublished\":\"2024-06-03T16:55:50+00:00\",\"dateModified\":\"2024-06-03T18:03:34+00:00\",\"description\":\"Dos R$ 235 milh\u00f5es, R$ 190 milh\u00f5es foram pagos pela Positivo j\u00e1 na data do fechamento da transa\u00e7\u00e3o, em meados de mar\u00e7o\",\"breadcrumb\":{\"@id\":\"https:\/\/www.suno.com.br\/noticias\/positivo-posi3-compra-algar-aquisicao-evm\/#breadcrumb\"},\"inLanguage\":\"pt-BR\",\"potentialAction\":[{\"@type\":\"ReadAction\",\"target\":[\"https:\/\/www.suno.com.br\/noticias\/positivo-posi3-compra-algar-aquisicao-evm\/\"]}]},{\"@type\":\"ImageObject\",\"inLanguage\":\"pt-BR\",\"@id\":\"https:\/\/www.suno.com.br\/noticias\/positivo-posi3-compra-algar-aquisicao-evm\/#primaryimage\",\"url\":\"https:\/\/files.sunoresearch.com.br\/n\/uploads\/2022\/01\/Positivo_Fabrica-Manaus.jpg\",\"contentUrl\":\"https:\/\/files.sunoresearch.com.br\/n\/uploads\/2022\/01\/Positivo_Fabrica-Manaus.jpg\",\"width\":2000,\"height\":1325,\"caption\":\"Positivo (POSI3) foi foco de relat\u00f3rio da XP - Foto: Divulga\u00e7\u00e3o\"},{\"@type\":\"BreadcrumbList\",\"@id\":\"https:\/\/www.suno.com.br\/noticias\/positivo-posi3-compra-algar-aquisicao-evm\/#breadcrumb\",\"itemListElement\":[{\"@type\":\"ListItem\",\"position\":1,\"name\":\"Not\u00edcias\",\"item\":\"https:\/\/www.suno.com.br\/noticias\/\"},{\"@type\":\"ListItem\",\"position\":2,\"name\":\"Neg\u00f3cios\",\"item\":\"https:\/\/www.suno.com.br\/noticias\/negocios\/\"},{\"@type\":\"ListItem\",\"position\":3,\"name\":\"Positivo (POSI3) fecha compra da Algar por R$ 235 milh\u00f5es\"}]},{\"@type\":\"WebSite\",\"@id\":\"https:\/\/www.suno.com.br\/noticias\/#website\",\"url\":\"https:\/\/www.suno.com.br\/noticias\/\",\"name\":\"Suno Not\u00edcias\",\"description\":\"Seu portal de informa\u00e7\u00e3o sobre o mundo dos investimentos\",\"publisher\":{\"@id\":\"https:\/\/www.suno.com.br\/noticias\/#organization\"},\"potentialAction\":[{\"@type\":\"SearchAction\",\"target\":{\"@type\":\"EntryPoint\",\"urlTemplate\":\"https:\/\/www.suno.com.br\/noticias\/?s={search_term_string}\"},\"query-input\":{\"@type\":\"PropertyValueSpecification\",\"valueRequired\":true,\"valueName\":\"search_term_string\"}}],\"inLanguage\":\"pt-BR\"},{\"@type\":\"Organization\",\"@id\":\"https:\/\/www.suno.com.br\/noticias\/#organization\",\"name\":\"Suno Not\u00edcias\",\"url\":\"https:\/\/www.suno.com.br\/noticias\/\",\"logo\":{\"@type\":\"ImageObject\",\"inLanguage\":\"pt-BR\",\"@id\":\"https:\/\/www.suno.com.br\/noticias\/#\/schema\/logo\/image\/\",\"url\":\"https:\/\/files.sunoresearch.com.br\/n\/uploads\/2021\/09\/suno-logo.png\",\"contentUrl\":\"https:\/\/files.sunoresearch.com.br\/n\/uploads\/2021\/09\/suno-logo.png\",\"width\":180,\"height\":180,\"caption\":\"Suno Not\u00edcias\"},\"image\":{\"@id\":\"https:\/\/www.suno.com.br\/noticias\/#\/schema\/logo\/image\/\"},\"sameAs\":[\"https:\/\/facebook.com\/sunoresearch\",\"https:\/\/x.com\/sunoresearch\",\"https:\/\/www.instagram.com\/suno\",\"https:\/\/www.linkedin.com\/company\/suno-research\/\",\"https:\/\/www.youtube.com\/c\/sunoresearch\"]},{\"@type\":\"Person\",\"@id\":\"https:\/\/www.suno.com.br\/noticias\/#\/schema\/person\/7f4d362bf3518e76090143ae77bb49a5\",\"name\":\"Eduardo Vargas\",\"image\":{\"@type\":\"ImageObject\",\"inLanguage\":\"pt-BR\",\"@id\":\"https:\/\/www.suno.com.br\/noticias\/#\/schema\/person\/image\/\",\"url\":\"https:\/\/secure.gravatar.com\/avatar\/dac340933427a22924c9f99d1eb2e3f2?s=96&r=g\",\"contentUrl\":\"https:\/\/secure.gravatar.com\/avatar\/dac340933427a22924c9f99d1eb2e3f2?s=96&r=g\",\"caption\":\"Eduardo Vargas\"},\"description\":\"Jornalista formado pela UFSC, cobre macroeconomia, neg\u00f3cios e startups para o Suno Not\u00edcias, escrevendo principalmente not\u00edcias sobre o mercado financeiro e a bolsa de valores. No YouTube e no Instagram, \u00e9 respons\u00e1vel pela produ\u00e7\u00e3o de Reels e Shorts do Suno Not\u00edcias. Anteriormente, trabalhou cobrindo economia e cotidiano no ND+ e para o ND, maior jornal impresso de Santa Catarina. Cursou um semestre letivo de Estudos de M\u00eddia na Universidad de Buenos Aires.\",\"url\":\"https:\/\/www.suno.com.br\/noticias\/author\/eduardo-vargas\/\"}]}<\/script>\n<!-- \/ Yoast SEO plugin. -->","yoast_head_json":{"title":"Positivo (POSI3) fecha compra da Algar por R$ 235 milh\u00f5es","description":"Dos R$ 235 milh\u00f5es, R$ 190 milh\u00f5es foram pagos pela Positivo j\u00e1 na data do fechamento da transa\u00e7\u00e3o, em meados de mar\u00e7o","robots":{"index":"index","follow":"follow","max-snippet":"max-snippet:-1","max-image-preview":"max-image-preview:large","max-video-preview":"max-video-preview:-1"},"canonical":"https:\/\/www.suno.com.br\/noticias\/positivo-posi3-compra-algar-aquisicao-evm\/","og_locale":"pt_BR","og_type":"article","og_title":"Positivo (POSI3) fecha compra da Algar por R$ 235 milh\u00f5es","og_description":"Dos R$ 235 milh\u00f5es, R$ 190 milh\u00f5es foram pagos pela Positivo j\u00e1 na data do fechamento da transa\u00e7\u00e3o, em meados de mar\u00e7o","og_url":"https:\/\/www.suno.com.br\/noticias\/positivo-posi3-compra-algar-aquisicao-evm\/","og_site_name":"Suno Not\u00edcias","article_publisher":"https:\/\/facebook.com\/sunoresearch","og_image":[{"width":2000,"height":1325,"url":"https:\/\/files.sunoresearch.com.br\/n\/uploads\/2022\/01\/Positivo_Fabrica-Manaus.jpg","type":"image\/jpeg"}],"author":"Eduardo Vargas","twitter_card":"summary_large_image","twitter_creator":"@sunoresearch","twitter_site":"@sunoresearch","twitter_misc":{"Escrito por":"Eduardo Vargas","Est. tempo de leitura":"3 minutos"},"schema":{"@context":"https:\/\/schema.org","@graph":[{"@type":"NewsArticle","@id":"https:\/\/www.suno.com.br\/noticias\/positivo-posi3-compra-algar-aquisicao-evm\/#article","isPartOf":{"@id":"https:\/\/www.suno.com.br\/noticias\/positivo-posi3-compra-algar-aquisicao-evm\/"},"author":{"name":"Eduardo Vargas","@id":"https:\/\/www.suno.com.br\/noticias\/#\/schema\/person\/7f4d362bf3518e76090143ae77bb49a5"},"headline":"Positivo (POSI3) fecha compra da Algar por R$ 235 milh\u00f5es","datePublished":"2024-06-03T16:55:50+00:00","dateModified":"2024-06-03T18:03:34+00:00","mainEntityOfPage":{"@id":"https:\/\/www.suno.com.br\/noticias\/positivo-posi3-compra-algar-aquisicao-evm\/"},"wordCount":407,"publisher":{"@id":"https:\/\/www.suno.com.br\/noticias\/#organization"},"image":{"@id":"https:\/\/www.suno.com.br\/noticias\/positivo-posi3-compra-algar-aquisicao-evm\/#primaryimage"},"thumbnailUrl":"https:\/\/files.sunoresearch.com.br\/n\/uploads\/2022\/01\/Positivo_Fabrica-Manaus.jpg","keywords":["Positivo Tecnologia (POSI3)"],"articleSection":["Neg\u00f3cios"],"inLanguage":"pt-BR"},{"@type":"WebPage","@id":"https:\/\/www.suno.com.br\/noticias\/positivo-posi3-compra-algar-aquisicao-evm\/","url":"https:\/\/www.suno.com.br\/noticias\/positivo-posi3-compra-algar-aquisicao-evm\/","name":"Positivo (POSI3) fecha compra da Algar por R$ 235 milh\u00f5es","isPartOf":{"@id":"https:\/\/www.suno.com.br\/noticias\/#website"},"primaryImageOfPage":{"@id":"https:\/\/www.suno.com.br\/noticias\/positivo-posi3-compra-algar-aquisicao-evm\/#primaryimage"},"image":{"@id":"https:\/\/www.suno.com.br\/noticias\/positivo-posi3-compra-algar-aquisicao-evm\/#primaryimage"},"thumbnailUrl":"https:\/\/files.sunoresearch.com.br\/n\/uploads\/2022\/01\/Positivo_Fabrica-Manaus.jpg","datePublished":"2024-06-03T16:55:50+00:00","dateModified":"2024-06-03T18:03:34+00:00","description":"Dos R$ 235 milh\u00f5es, R$ 190 milh\u00f5es foram pagos pela Positivo j\u00e1 na data do fechamento da transa\u00e7\u00e3o, em meados de mar\u00e7o","breadcrumb":{"@id":"https:\/\/www.suno.com.br\/noticias\/positivo-posi3-compra-algar-aquisicao-evm\/#breadcrumb"},"inLanguage":"pt-BR","potentialAction":[{"@type":"ReadAction","target":["https:\/\/www.suno.com.br\/noticias\/positivo-posi3-compra-algar-aquisicao-evm\/"]}]},{"@type":"ImageObject","inLanguage":"pt-BR","@id":"https:\/\/www.suno.com.br\/noticias\/positivo-posi3-compra-algar-aquisicao-evm\/#primaryimage","url":"https:\/\/files.sunoresearch.com.br\/n\/uploads\/2022\/01\/Positivo_Fabrica-Manaus.jpg","contentUrl":"https:\/\/files.sunoresearch.com.br\/n\/uploads\/2022\/01\/Positivo_Fabrica-Manaus.jpg","width":2000,"height":1325,"caption":"Positivo (POSI3) foi foco de relat\u00f3rio da XP - Foto: Divulga\u00e7\u00e3o"},{"@type":"BreadcrumbList","@id":"https:\/\/www.suno.com.br\/noticias\/positivo-posi3-compra-algar-aquisicao-evm\/#breadcrumb","itemListElement":[{"@type":"ListItem","position":1,"name":"Not\u00edcias","item":"https:\/\/www.suno.com.br\/noticias\/"},{"@type":"ListItem","position":2,"name":"Neg\u00f3cios","item":"https:\/\/www.suno.com.br\/noticias\/negocios\/"},{"@type":"ListItem","position":3,"name":"Positivo (POSI3) fecha compra da Algar por R$ 235 milh\u00f5es"}]},{"@type":"WebSite","@id":"https:\/\/www.suno.com.br\/noticias\/#website","url":"https:\/\/www.suno.com.br\/noticias\/","name":"Suno Not\u00edcias","description":"Seu portal de informa\u00e7\u00e3o sobre o mundo dos investimentos","publisher":{"@id":"https:\/\/www.suno.com.br\/noticias\/#organization"},"potentialAction":[{"@type":"SearchAction","target":{"@type":"EntryPoint","urlTemplate":"https:\/\/www.suno.com.br\/noticias\/?s={search_term_string}"},"query-input":{"@type":"PropertyValueSpecification","valueRequired":true,"valueName":"search_term_string"}}],"inLanguage":"pt-BR"},{"@type":"Organization","@id":"https:\/\/www.suno.com.br\/noticias\/#organization","name":"Suno Not\u00edcias","url":"https:\/\/www.suno.com.br\/noticias\/","logo":{"@type":"ImageObject","inLanguage":"pt-BR","@id":"https:\/\/www.suno.com.br\/noticias\/#\/schema\/logo\/image\/","url":"https:\/\/files.sunoresearch.com.br\/n\/uploads\/2021\/09\/suno-logo.png","contentUrl":"https:\/\/files.sunoresearch.com.br\/n\/uploads\/2021\/09\/suno-logo.png","width":180,"height":180,"caption":"Suno Not\u00edcias"},"image":{"@id":"https:\/\/www.suno.com.br\/noticias\/#\/schema\/logo\/image\/"},"sameAs":["https:\/\/facebook.com\/sunoresearch","https:\/\/x.com\/sunoresearch","https:\/\/www.instagram.com\/suno","https:\/\/www.linkedin.com\/company\/suno-research\/","https:\/\/www.youtube.com\/c\/sunoresearch"]},{"@type":"Person","@id":"https:\/\/www.suno.com.br\/noticias\/#\/schema\/person\/7f4d362bf3518e76090143ae77bb49a5","name":"Eduardo Vargas","image":{"@type":"ImageObject","inLanguage":"pt-BR","@id":"https:\/\/www.suno.com.br\/noticias\/#\/schema\/person\/image\/","url":"https:\/\/secure.gravatar.com\/avatar\/dac340933427a22924c9f99d1eb2e3f2?s=96&r=g","contentUrl":"https:\/\/secure.gravatar.com\/avatar\/dac340933427a22924c9f99d1eb2e3f2?s=96&r=g","caption":"Eduardo Vargas"},"description":"Jornalista formado pela UFSC, cobre macroeconomia, neg\u00f3cios e startups para o Suno Not\u00edcias, escrevendo principalmente not\u00edcias sobre o mercado financeiro e a bolsa de valores. No YouTube e no Instagram, \u00e9 respons\u00e1vel pela produ\u00e7\u00e3o de Reels e Shorts do Suno Not\u00edcias. Anteriormente, trabalhou cobrindo economia e cotidiano no ND+ e para o ND, maior jornal impresso de Santa Catarina. Cursou um semestre letivo de Estudos de M\u00eddia na Universidad de Buenos Aires.","url":"https:\/\/www.suno.com.br\/noticias\/author\/eduardo-vargas\/"}]}},"default_loop_html":"<div class=\"cardsPage__listCard__boxs\"><div class=\"cardsPage__listCard__boxs__img\"><a href=\"https:\/\/www.suno.com.br\/noticias\/positivo-posi3-compra-algar-aquisicao-evm\/\"><img class=\"mask\" src=\"https:\/\/www.suno.com.br\/noticias\/wp-content\/themes\/suno\/resources\/images\/spotlight\/spotlight1img\/bg-mask.png\" alt=\"Image Mask\"\/><img src=\"https:\/\/files.sunoresearch.com.br\/n\/uploads\/2022\/01\/Positivo_Fabrica-Manaus-400x200.jpg\" alt=\"Positivo (POSI3) fecha compra da Algar por R$ 235 milh\u00f5es\"\/><\/a><span class=\"spotlightCategory\"><a href=\"https:\/\/www.suno.com.br\/noticias\/negocios\/\">Neg\u00f3cios<\/a><\/span><\/div><div class=\"cardsPage__listCard__boxs__content\"><a href=\"https:\/\/www.suno.com.br\/noticias\/positivo-posi3-compra-algar-aquisicao-evm\/\"><h2 class=\"content__title\">Positivo (POSI3) fecha compra da Algar por R$ 235 milh\u00f5es<\/h2><\/a><div class=\"newsContent__article__meta\"><div class=\"newsContent__article__meta__authorBox\"><a href=\"https:\/\/www.suno.com.br\/noticias\/author\/eduardo-vargas\/\" class=\"authorBox__avatar noMobi\"><img src=\"https:\/\/secure.gravatar.com\/avatar\/dac340933427a22924c9f99d1eb2e3f2?s=96&#038;r=g\" alt=\"Eduardo Vargas\"><\/a><div class=\"authorBox__name\"><span>por\n\t\t\t<a href=\"https:\/\/www.suno.com.br\/noticias\/author\/eduardo-vargas\/\"><span itemprop=\"author\">Eduardo Vargas<\/span><\/a><\/span><time datetime=\"2024-06-03T13:55:50-03:00\" itemprop=\"datePublished\">03\/06\/2024 13:55<\/time><\/div><\/div><\/div><\/div><\/div>","single_layout":"posts","amp_enabled":true,"_links":{"self":[{"href":"https:\/\/www.suno.com.br\/noticias\/wp-json\/wp\/v2\/posts\/559201"}],"collection":[{"href":"https:\/\/www.suno.com.br\/noticias\/wp-json\/wp\/v2\/posts"}],"about":[{"href":"https:\/\/www.suno.com.br\/noticias\/wp-json\/wp\/v2\/types\/post"}],"author":[{"embeddable":true,"href":"https:\/\/www.suno.com.br\/noticias\/wp-json\/wp\/v2\/users\/73"}],"replies":[{"embeddable":true,"href":"https:\/\/www.suno.com.br\/noticias\/wp-json\/wp\/v2\/comments?post=559201"}],"version-history":[{"count":2,"href":"https:\/\/www.suno.com.br\/noticias\/wp-json\/wp\/v2\/posts\/559201\/revisions"}],"predecessor-version":[{"id":559242,"href":"https:\/\/www.suno.com.br\/noticias\/wp-json\/wp\/v2\/posts\/559201\/revisions\/559242"}],"wp:featuredmedia":[{"embeddable":true,"href":"https:\/\/www.suno.com.br\/noticias\/wp-json\/wp\/v2\/media\/221127"}],"wp:attachment":[{"href":"https:\/\/www.suno.com.br\/noticias\/wp-json\/wp\/v2\/media?parent=559201"}],"wp:term":[{"taxonomy":"category","embeddable":true,"href":"https:\/\/www.suno.com.br\/noticias\/wp-json\/wp\/v2\/categories?post=559201"},{"taxonomy":"post_tag","embeddable":true,"href":"https:\/\/www.suno.com.br\/noticias\/wp-json\/wp\/v2\/tags?post=559201"},{"taxonomy":"suno_strategy","embeddable":true,"href":"https:\/\/www.suno.com.br\/noticias\/wp-json\/wp\/v2\/suno_strategy?post=559201"}],"curies":[{"name":"wp","href":"https:\/\/api.w.org\/{rel}","templated":true}]}}