{"id":559050,"date":"2024-06-02T15:04:32","date_gmt":"2024-06-02T18:04:32","guid":{"rendered":"https:\/\/www.suno.com.br\/noticias\/?p=559050"},"modified":"2024-06-02T15:04:35","modified_gmt":"2024-06-02T18:04:35","slug":"opep-restricoes-producao-petroleo-2025","status":"publish","type":"post","link":"https:\/\/www.suno.com.br\/noticias\/opep-restricoes-producao-petroleo-2025\/","title":{"rendered":"Ap\u00f3s acordo para cortes at\u00e9 setembro, Opep+ estende restri\u00e7\u00f5es at\u00e9 2025"},"content":{"rendered":"<p>Depois de chegar a um acordo provis\u00f3rio que previa a extens\u00e3o dos cortes vigentes na produ\u00e7\u00e3o de petr\u00f3leo at\u00e9 o m\u00eas de setembro, a Organiza\u00e7\u00e3o dos Pa\u00edses Exportadores de Petr\u00f3leo e aliados (<strong>Opep+<\/strong>) decidiu estender as restri\u00e7\u00f5es coletivas at\u00e9 2025. <\/p>\t<div class=\"wrapper-featured-image\">\n\t\t<figure class=\"spotlightImg\">\n\n\t\t\t<picture>\n\t\t\t\t<source media=\"(max-width: 768px)\" srcset=\"https:\/\/files.sunoresearch.com.br\/n\/uploads\/2021\/07\/7dd040c4-oil-4663237_1920-400x200.jpg\">\n\t\t\t\t<img loading=\"lazy\" decoding=\"async\" class=\"newsContent__article__imgCapa lazyloadDisabled \" src=\"https:\/\/files.sunoresearch.com.br\/n\/uploads\/2021\/07\/7dd040c4-oil-4663237_1920-800x450.jpg\" width=\"800\" height=\"450\" alt=\"Ap\u00f3s acordo para cortes at\u00e9 setembro, Opep+ estende restri\u00e7\u00f5es at\u00e9 2025\" fetchpriority=high \/>\n\t\t\t<\/picture>\n\n\t\t\t<figcaption class=\"wp-caption-text wp-caption-text--show\">Ap\u00f3s acordo para cortes at\u00e9 setembro, Opep+ estende restri\u00e7\u00f5es at\u00e9 2025. Foto: Pixabay<\/figcaption>\n\t\t<\/figure>\n\t<\/div>\n\n\n\n\n\n\t<p>\n\t\t<a href=\"https:\/\/lp.suno.com.br\/ebook-como-analisar-uma-acao\/\" target=\"_blank\" data-element=\"shortcode-suno-banner\" title=\"Banner SUNO, clique e saiba mais\">\n\t\t\t<picture>\n\t\t\t\t<source media=\"(max-width: 500px)\" srcset=\"https:\/\/files.sunoresearch.com.br\/n\/uploads\/2023\/03\/Ebook-Acoes-Mobile.jpg\">\n\t\t\t\t<img class=\"newsContent__article__imgCapa newsContent__article__imgCapa--banner\"\n\t\t\t\t\tsrc=\"https:\/\/files.sunoresearch.com.br\/n\/uploads\/2023\/03\/Ebook-Acoes-Desktop.jpg\"\n\t\t\t\t\tdata-promo-id=\"378302\"\t\t\t\t\t\t\t\t\t\twidth='1420' height='286'\t\t\t\t\talt=\"https:\/\/files.sunoresearch.com.br\/n\/uploads\/2023\/03\/Ebook-Acoes-Desktop.jpg\"\n\t\t\t\t>\n\t\t\t<\/picture>\n\t\t<\/a>\n\t<\/p>\n\n\n\n\n\n<p>O grupo j\u00e1 tem cortes de 3,66 milh\u00f5es de barris por dia (bpd), mas os Emirados \u00c1rabes poder\u00e3o aumentar sua produ\u00e7\u00e3o de petr\u00f3leo em 300 mil bpd de janeiro a setembro do pr\u00f3ximo ano.<\/p>\n\n\n\n<p>Alguns dos principais produtores da Opep+ tamb\u00e9m discutiram a extens\u00e3o dos cortes volunt\u00e1rios at\u00e9 2025, de cerca de 2,2 milh\u00f5es de barris por dia, mas optou-se por divulgar separadamente qualquer ajuste adicional na produ\u00e7\u00e3o para esses pa\u00edses.<\/p>\n\n\n\n<p>Os cortes volunt\u00e1rios, que deveriam terminar no fim de 2024, incluem um corte de produ\u00e7\u00e3o de um milh\u00e3o de barris por dia do principal produtor, Ar\u00e1bia Saudita, implementado pela primeira vez em julho do ano passado. <\/p>\n\n\n\n\t<div data-element=\"shortcode-read-more\" class=\"readToo\">\n\t\t\t\t<span class=\"readToo__title\">Leia mais<\/span>\n\t\t\t\t<ul class=\"readToo__list\">\n\t\t\t<li><a href=\"https:\/\/www.suno.com.br\/noticias\/b3-b3sa3-leiloes-petroleo-gas-natural-evm\/\">B3 (B3SA3) vai realizar leil\u00f5es para comercializa\u00e7\u00e3o de petr\u00f3leo e g\u00e1s natural<\/a><\/li><li><a href=\"https:\/\/www.suno.com.br\/noticias\/petrobras-petr4-producao-vendas-1t24-jvj\/\">Petrobras (PETR4): produ\u00e7\u00e3o de petr\u00f3leo e g\u00e1s cresce 3,7% no 1T24<\/a><\/li>\t\t<\/ul>\n\t<\/div>\n\n\n\n\n<h2 class=\"wp-block-heading\">Objetivo das restri\u00e7\u00f5es pela Opep+<\/h2>\n\n\n\n<p>As restri\u00e7\u00f5es visam evitar um excedente global num contexto de aumento da produ\u00e7\u00e3o por produtores n\u00e3o membros, particularmente os Estados Unidos, al\u00e9m de preocupa\u00e7\u00f5es com a demanda em meio a altas taxas de juros e infla\u00e7\u00e3o.<\/p>\n\n\n\n<p>A reuni\u00e3o da Opep, que normalmente acontece em Viena, foi realizada com v\u00e1rios ministros-chave do em Riad depois que a Ar\u00e1bia Saudita desistiu dos planos de realizar a reuni\u00e3o exclusivamente online.<\/p>\n\n\n\n<p>Outros produtores participaram virtualmente como fizeram em novembro, quando a reuni\u00e3o foi adiada por quatro dias enquanto os membros discutiam sobre a produ\u00e7\u00e3o. <\/p>\n\n\n\n<p>A Opep, que atualmente, conta com 13 grandes produtores globais de petr\u00f3leo, se iniciou em 1960. Inicialmente, os pa\u00edses que integravam o grupo eram a Ar\u00e1bia Saudita, Kuwait, Ir\u00e3, Iraque e Venezuela. J\u00e1 em 2016, outras na\u00e7\u00f5es foram convidadas a fazer parte do grupo para terem a fun\u00e7\u00e3o de membros associados \u2014 de modo a originar a <strong>Opep+<\/strong>.<\/p>\n\n\n\n<p>Fonte: <i>Dow Jones Newswires<\/i><\/p>\n\n\n\n<p>Com Estad\u00e3o Conte\u00fado<\/p>\n\n\n\t<p>\n\t\t<a href=\"https:\/\/lp.suno.com.br\/ebook-gratuito-investindo-no-exterior\/\" target=\"_blank\" data-element=\"shortcode-suno-banner\" title=\"Banner SUNO, clique e saiba mais\">\n\t\t\t<picture>\n\t\t\t\t<source media=\"(max-width: 500px)\" srcset=\"https:\/\/files.sunoresearch.com.br\/n\/uploads\/2023\/03\/400x300-Investindo-no-exterior.png\">\n\t\t\t\t<img class=\"newsContent__article__imgCapa newsContent__article__imgCapa--banner\"\n\t\t\t\t\tsrc=\"https:\/\/files.sunoresearch.com.br\/n\/uploads\/2023\/03\/1420x240-Investindo-no-exterior.png\"\n\t\t\t\t\tdata-promo-id=\"383161\"\t\t\t\t\t\t\t\t\t\twidth='1420' height='240'\t\t\t\t\talt=\"https:\/\/files.sunoresearch.com.br\/n\/uploads\/2023\/03\/1420x240-Investindo-no-exterior.png\"\n\t\t\t\t>\n\t\t\t<\/picture>\n\t\t<\/a>\n\t<\/p>\n\n\n","protected":false},"excerpt":{"rendered":"<p>Depois de chegar a um acordo provis\u00f3rio que previa a extens\u00e3o dos cortes vigentes na produ\u00e7\u00e3o de petr\u00f3leo at\u00e9 o m\u00eas de setembro, a Organiza\u00e7\u00e3o dos Pa\u00edses Exportadores de Petr\u00f3leo e aliados (Opep+) decidiu estender as restri\u00e7\u00f5es coletivas at\u00e9 2025. Ap\u00f3s acordo para cortes at\u00e9 setembro, Opep+ estende restri\u00e7\u00f5es at\u00e9 2025. Foto: Pixabay O grupo [&hellip;]<\/p>\n","protected":false},"author":43,"featured_media":164502,"comment_status":"closed","ping_status":"closed","sticky":false,"template":"","format":"standard","meta":[],"categories":[63,64],"tags":[811,766],"suno_strategy":[],"class_list":["post-559050","post","type-post","status-publish","format-standard","has-post-thumbnail","hentry","category-internacional","category-negocios","tag-opep","tag-petroleo"],"yoast_head":"<!-- This site is optimized with the Yoast SEO plugin v24.4 - https:\/\/yoast.com\/wordpress\/plugins\/seo\/ -->\n<title>Opep+ estende restri\u00e7\u00f5es na produ\u00e7\u00e3o de petr\u00f3leo at\u00e9 2025<\/title>\n<meta name=\"description\" content=\"Ap\u00f3s acordo para cortes at\u00e9 setembro, Opep+ estende restri\u00e7\u00f5es na produ\u00e7\u00e3o de petr\u00f3leo at\u00e9 2025. Saiba mais.\" \/>\n<meta name=\"robots\" content=\"index, follow, max-snippet:-1, max-image-preview:large, max-video-preview:-1\" \/>\n<link rel=\"canonical\" href=\"https:\/\/www.suno.com.br\/noticias\/opep-restricoes-producao-petroleo-2025\/\" \/>\n<meta property=\"og:locale\" content=\"pt_BR\" \/>\n<meta property=\"og:type\" content=\"article\" \/>\n<meta property=\"og:title\" content=\"Opep+ estende restri\u00e7\u00f5es na produ\u00e7\u00e3o de petr\u00f3leo at\u00e9 2025\" \/>\n<meta property=\"og:description\" content=\"Ap\u00f3s acordo para cortes at\u00e9 setembro, Opep+ estende restri\u00e7\u00f5es na produ\u00e7\u00e3o de petr\u00f3leo at\u00e9 2025. Saiba mais.\" \/>\n<meta property=\"og:url\" content=\"https:\/\/www.suno.com.br\/noticias\/opep-restricoes-producao-petroleo-2025\/\" \/>\n<meta property=\"og:site_name\" content=\"Suno Not\u00edcias\" \/>\n<meta property=\"article:publisher\" content=\"https:\/\/facebook.com\/sunoresearch\" \/>\n<meta property=\"article:author\" content=\"https:\/\/www.facebook.com\/sunonoticias\/\" \/>\n<meta property=\"og:image\" content=\"https:\/\/files.sunoresearch.com.br\/n\/uploads\/2021\/07\/7dd040c4-oil-4663237_1920.jpg\" \/>\n\t<meta property=\"og:image:width\" content=\"1920\" \/>\n\t<meta property=\"og:image:height\" content=\"1280\" \/>\n\t<meta property=\"og:image:type\" content=\"image\/jpeg\" \/>\n<meta name=\"author\" content=\"Reda\u00e7\u00e3o Suno Not\u00edcias\" \/>\n<meta name=\"twitter:card\" content=\"summary_large_image\" \/>\n<meta name=\"twitter:creator\" content=\"@https:\/\/twitter.com\/sunoresearch\" \/>\n<meta name=\"twitter:site\" content=\"@sunoresearch\" \/>\n<meta name=\"twitter:label1\" content=\"Escrito por\" \/>\n\t<meta name=\"twitter:data1\" content=\"Reda\u00e7\u00e3o Suno Not\u00edcias\" \/>\n\t<meta name=\"twitter:label2\" content=\"Est. tempo de leitura\" \/>\n\t<meta name=\"twitter:data2\" content=\"2 minutos\" \/>\n<script type=\"application\/ld+json\" class=\"yoast-schema-graph\">{\"@context\":\"https:\/\/schema.org\",\"@graph\":[{\"@type\":\"NewsArticle\",\"@id\":\"https:\/\/www.suno.com.br\/noticias\/opep-restricoes-producao-petroleo-2025\/#article\",\"isPartOf\":{\"@id\":\"https:\/\/www.suno.com.br\/noticias\/opep-restricoes-producao-petroleo-2025\/\"},\"author\":{\"name\":\"Reda\u00e7\u00e3o Suno Not\u00edcias\",\"@id\":\"https:\/\/www.suno.com.br\/noticias\/#\/schema\/person\/c1b1bd3727fa852bd045e9dbff3673ea\"},\"headline\":\"Ap\u00f3s acordo para cortes at\u00e9 setembro, Opep+ estende restri\u00e7\u00f5es at\u00e9 2025\",\"datePublished\":\"2024-06-02T18:04:32+00:00\",\"dateModified\":\"2024-06-02T18:04:35+00:00\",\"mainEntityOfPage\":{\"@id\":\"https:\/\/www.suno.com.br\/noticias\/opep-restricoes-producao-petroleo-2025\/\"},\"wordCount\":359,\"publisher\":{\"@id\":\"https:\/\/www.suno.com.br\/noticias\/#organization\"},\"image\":{\"@id\":\"https:\/\/www.suno.com.br\/noticias\/opep-restricoes-producao-petroleo-2025\/#primaryimage\"},\"thumbnailUrl\":\"https:\/\/files.sunoresearch.com.br\/n\/uploads\/2021\/07\/7dd040c4-oil-4663237_1920.jpg\",\"keywords\":[\"OPEP\",\"Petr\u00f3leo\"],\"articleSection\":[\"Internacional\",\"Neg\u00f3cios\"],\"inLanguage\":\"pt-BR\"},{\"@type\":\"WebPage\",\"@id\":\"https:\/\/www.suno.com.br\/noticias\/opep-restricoes-producao-petroleo-2025\/\",\"url\":\"https:\/\/www.suno.com.br\/noticias\/opep-restricoes-producao-petroleo-2025\/\",\"name\":\"Opep+ estende restri\u00e7\u00f5es na produ\u00e7\u00e3o de petr\u00f3leo at\u00e9 2025\",\"isPartOf\":{\"@id\":\"https:\/\/www.suno.com.br\/noticias\/#website\"},\"primaryImageOfPage\":{\"@id\":\"https:\/\/www.suno.com.br\/noticias\/opep-restricoes-producao-petroleo-2025\/#primaryimage\"},\"image\":{\"@id\":\"https:\/\/www.suno.com.br\/noticias\/opep-restricoes-producao-petroleo-2025\/#primaryimage\"},\"thumbnailUrl\":\"https:\/\/files.sunoresearch.com.br\/n\/uploads\/2021\/07\/7dd040c4-oil-4663237_1920.jpg\",\"datePublished\":\"2024-06-02T18:04:32+00:00\",\"dateModified\":\"2024-06-02T18:04:35+00:00\",\"description\":\"Ap\u00f3s acordo para cortes at\u00e9 setembro, Opep+ estende restri\u00e7\u00f5es na produ\u00e7\u00e3o de petr\u00f3leo at\u00e9 2025. Saiba mais.\",\"breadcrumb\":{\"@id\":\"https:\/\/www.suno.com.br\/noticias\/opep-restricoes-producao-petroleo-2025\/#breadcrumb\"},\"inLanguage\":\"pt-BR\",\"potentialAction\":[{\"@type\":\"ReadAction\",\"target\":[\"https:\/\/www.suno.com.br\/noticias\/opep-restricoes-producao-petroleo-2025\/\"]}]},{\"@type\":\"ImageObject\",\"inLanguage\":\"pt-BR\",\"@id\":\"https:\/\/www.suno.com.br\/noticias\/opep-restricoes-producao-petroleo-2025\/#primaryimage\",\"url\":\"https:\/\/files.sunoresearch.com.br\/n\/uploads\/2021\/07\/7dd040c4-oil-4663237_1920.jpg\",\"contentUrl\":\"https:\/\/files.sunoresearch.com.br\/n\/uploads\/2021\/07\/7dd040c4-oil-4663237_1920.jpg\",\"width\":1920,\"height\":1280,\"caption\":\"Ap\u00f3s acordo para cortes at\u00e9 setembro, Opep+ estende restri\u00e7\u00f5es at\u00e9 2025. Foto: Pixabay\"},{\"@type\":\"BreadcrumbList\",\"@id\":\"https:\/\/www.suno.com.br\/noticias\/opep-restricoes-producao-petroleo-2025\/#breadcrumb\",\"itemListElement\":[{\"@type\":\"ListItem\",\"position\":1,\"name\":\"Not\u00edcias\",\"item\":\"https:\/\/www.suno.com.br\/noticias\/\"},{\"@type\":\"ListItem\",\"position\":2,\"name\":\"Neg\u00f3cios\",\"item\":\"https:\/\/www.suno.com.br\/noticias\/negocios\/\"},{\"@type\":\"ListItem\",\"position\":3,\"name\":\"Ap\u00f3s acordo para cortes at\u00e9 setembro, Opep+ estende restri\u00e7\u00f5es at\u00e9 2025\"}]},{\"@type\":\"WebSite\",\"@id\":\"https:\/\/www.suno.com.br\/noticias\/#website\",\"url\":\"https:\/\/www.suno.com.br\/noticias\/\",\"name\":\"Suno Not\u00edcias\",\"description\":\"Seu portal de informa\u00e7\u00e3o sobre o mundo dos investimentos\",\"publisher\":{\"@id\":\"https:\/\/www.suno.com.br\/noticias\/#organization\"},\"potentialAction\":[{\"@type\":\"SearchAction\",\"target\":{\"@type\":\"EntryPoint\",\"urlTemplate\":\"https:\/\/www.suno.com.br\/noticias\/?s={search_term_string}\"},\"query-input\":{\"@type\":\"PropertyValueSpecification\",\"valueRequired\":true,\"valueName\":\"search_term_string\"}}],\"inLanguage\":\"pt-BR\"},{\"@type\":\"Organization\",\"@id\":\"https:\/\/www.suno.com.br\/noticias\/#organization\",\"name\":\"Suno Not\u00edcias\",\"url\":\"https:\/\/www.suno.com.br\/noticias\/\",\"logo\":{\"@type\":\"ImageObject\",\"inLanguage\":\"pt-BR\",\"@id\":\"https:\/\/www.suno.com.br\/noticias\/#\/schema\/logo\/image\/\",\"url\":\"https:\/\/files.sunoresearch.com.br\/n\/uploads\/2021\/09\/suno-logo.png\",\"contentUrl\":\"https:\/\/files.sunoresearch.com.br\/n\/uploads\/2021\/09\/suno-logo.png\",\"width\":180,\"height\":180,\"caption\":\"Suno Not\u00edcias\"},\"image\":{\"@id\":\"https:\/\/www.suno.com.br\/noticias\/#\/schema\/logo\/image\/\"},\"sameAs\":[\"https:\/\/facebook.com\/sunoresearch\",\"https:\/\/x.com\/sunoresearch\",\"https:\/\/www.instagram.com\/suno\",\"https:\/\/www.linkedin.com\/company\/suno-research\/\",\"https:\/\/www.youtube.com\/c\/sunoresearch\"]},{\"@type\":\"Person\",\"@id\":\"https:\/\/www.suno.com.br\/noticias\/#\/schema\/person\/c1b1bd3727fa852bd045e9dbff3673ea\",\"name\":\"Reda\u00e7\u00e3o Suno Not\u00edcias\",\"image\":{\"@type\":\"ImageObject\",\"inLanguage\":\"pt-BR\",\"@id\":\"https:\/\/www.suno.com.br\/noticias\/#\/schema\/person\/image\/\",\"url\":\"https:\/\/secure.gravatar.com\/avatar\/b8104b9b5a71985d5238ee59fbe418af?s=96&r=g\",\"contentUrl\":\"https:\/\/secure.gravatar.com\/avatar\/b8104b9b5a71985d5238ee59fbe418af?s=96&r=g\",\"caption\":\"Reda\u00e7\u00e3o Suno Not\u00edcias\"},\"description\":\"O Suno Not\u00edcias \u00e9 um portal de informa\u00e7\u00f5es sobre Mercado Financeiro, Pol\u00edtica, Neg\u00f3cios, Economia e Finan\u00e7as Pessoais.\",\"sameAs\":[\"https:\/\/www.suno.com.br\/noticias\",\"https:\/\/www.facebook.com\/sunonoticias\/\",\"https:\/\/www.instagram.com\/sunonoticias\/\",\"https:\/\/x.com\/https:\/\/twitter.com\/sunoresearch\",\"https:\/\/www.youtube.com\/sunonoticias\"],\"url\":\"https:\/\/www.suno.com.br\/noticias\/author\/redacao-suno\/\"}]}<\/script>\n<!-- \/ Yoast SEO plugin. -->","yoast_head_json":{"title":"Opep+ estende restri\u00e7\u00f5es na produ\u00e7\u00e3o de petr\u00f3leo at\u00e9 2025","description":"Ap\u00f3s acordo para cortes at\u00e9 setembro, Opep+ estende restri\u00e7\u00f5es na produ\u00e7\u00e3o de petr\u00f3leo at\u00e9 2025. Saiba mais.","robots":{"index":"index","follow":"follow","max-snippet":"max-snippet:-1","max-image-preview":"max-image-preview:large","max-video-preview":"max-video-preview:-1"},"canonical":"https:\/\/www.suno.com.br\/noticias\/opep-restricoes-producao-petroleo-2025\/","og_locale":"pt_BR","og_type":"article","og_title":"Opep+ estende restri\u00e7\u00f5es na produ\u00e7\u00e3o de petr\u00f3leo at\u00e9 2025","og_description":"Ap\u00f3s acordo para cortes at\u00e9 setembro, Opep+ estende restri\u00e7\u00f5es na produ\u00e7\u00e3o de petr\u00f3leo at\u00e9 2025. Saiba mais.","og_url":"https:\/\/www.suno.com.br\/noticias\/opep-restricoes-producao-petroleo-2025\/","og_site_name":"Suno Not\u00edcias","article_publisher":"https:\/\/facebook.com\/sunoresearch","article_author":"https:\/\/www.facebook.com\/sunonoticias\/","og_image":[{"width":1920,"height":1280,"url":"https:\/\/files.sunoresearch.com.br\/n\/uploads\/2021\/07\/7dd040c4-oil-4663237_1920.jpg","type":"image\/jpeg"}],"author":"Reda\u00e7\u00e3o Suno Not\u00edcias","twitter_card":"summary_large_image","twitter_creator":"@https:\/\/twitter.com\/sunoresearch","twitter_site":"@sunoresearch","twitter_misc":{"Escrito por":"Reda\u00e7\u00e3o Suno Not\u00edcias","Est. tempo de leitura":"2 minutos"},"schema":{"@context":"https:\/\/schema.org","@graph":[{"@type":"NewsArticle","@id":"https:\/\/www.suno.com.br\/noticias\/opep-restricoes-producao-petroleo-2025\/#article","isPartOf":{"@id":"https:\/\/www.suno.com.br\/noticias\/opep-restricoes-producao-petroleo-2025\/"},"author":{"name":"Reda\u00e7\u00e3o Suno Not\u00edcias","@id":"https:\/\/www.suno.com.br\/noticias\/#\/schema\/person\/c1b1bd3727fa852bd045e9dbff3673ea"},"headline":"Ap\u00f3s acordo para cortes at\u00e9 setembro, Opep+ estende restri\u00e7\u00f5es at\u00e9 2025","datePublished":"2024-06-02T18:04:32+00:00","dateModified":"2024-06-02T18:04:35+00:00","mainEntityOfPage":{"@id":"https:\/\/www.suno.com.br\/noticias\/opep-restricoes-producao-petroleo-2025\/"},"wordCount":359,"publisher":{"@id":"https:\/\/www.suno.com.br\/noticias\/#organization"},"image":{"@id":"https:\/\/www.suno.com.br\/noticias\/opep-restricoes-producao-petroleo-2025\/#primaryimage"},"thumbnailUrl":"https:\/\/files.sunoresearch.com.br\/n\/uploads\/2021\/07\/7dd040c4-oil-4663237_1920.jpg","keywords":["OPEP","Petr\u00f3leo"],"articleSection":["Internacional","Neg\u00f3cios"],"inLanguage":"pt-BR"},{"@type":"WebPage","@id":"https:\/\/www.suno.com.br\/noticias\/opep-restricoes-producao-petroleo-2025\/","url":"https:\/\/www.suno.com.br\/noticias\/opep-restricoes-producao-petroleo-2025\/","name":"Opep+ estende restri\u00e7\u00f5es na produ\u00e7\u00e3o de petr\u00f3leo at\u00e9 2025","isPartOf":{"@id":"https:\/\/www.suno.com.br\/noticias\/#website"},"primaryImageOfPage":{"@id":"https:\/\/www.suno.com.br\/noticias\/opep-restricoes-producao-petroleo-2025\/#primaryimage"},"image":{"@id":"https:\/\/www.suno.com.br\/noticias\/opep-restricoes-producao-petroleo-2025\/#primaryimage"},"thumbnailUrl":"https:\/\/files.sunoresearch.com.br\/n\/uploads\/2021\/07\/7dd040c4-oil-4663237_1920.jpg","datePublished":"2024-06-02T18:04:32+00:00","dateModified":"2024-06-02T18:04:35+00:00","description":"Ap\u00f3s acordo para cortes at\u00e9 setembro, Opep+ estende restri\u00e7\u00f5es na produ\u00e7\u00e3o de petr\u00f3leo at\u00e9 2025. Saiba mais.","breadcrumb":{"@id":"https:\/\/www.suno.com.br\/noticias\/opep-restricoes-producao-petroleo-2025\/#breadcrumb"},"inLanguage":"pt-BR","potentialAction":[{"@type":"ReadAction","target":["https:\/\/www.suno.com.br\/noticias\/opep-restricoes-producao-petroleo-2025\/"]}]},{"@type":"ImageObject","inLanguage":"pt-BR","@id":"https:\/\/www.suno.com.br\/noticias\/opep-restricoes-producao-petroleo-2025\/#primaryimage","url":"https:\/\/files.sunoresearch.com.br\/n\/uploads\/2021\/07\/7dd040c4-oil-4663237_1920.jpg","contentUrl":"https:\/\/files.sunoresearch.com.br\/n\/uploads\/2021\/07\/7dd040c4-oil-4663237_1920.jpg","width":1920,"height":1280,"caption":"Ap\u00f3s acordo para cortes at\u00e9 setembro, Opep+ estende restri\u00e7\u00f5es at\u00e9 2025. Foto: Pixabay"},{"@type":"BreadcrumbList","@id":"https:\/\/www.suno.com.br\/noticias\/opep-restricoes-producao-petroleo-2025\/#breadcrumb","itemListElement":[{"@type":"ListItem","position":1,"name":"Not\u00edcias","item":"https:\/\/www.suno.com.br\/noticias\/"},{"@type":"ListItem","position":2,"name":"Neg\u00f3cios","item":"https:\/\/www.suno.com.br\/noticias\/negocios\/"},{"@type":"ListItem","position":3,"name":"Ap\u00f3s acordo para cortes at\u00e9 setembro, Opep+ estende restri\u00e7\u00f5es at\u00e9 2025"}]},{"@type":"WebSite","@id":"https:\/\/www.suno.com.br\/noticias\/#website","url":"https:\/\/www.suno.com.br\/noticias\/","name":"Suno Not\u00edcias","description":"Seu portal de informa\u00e7\u00e3o sobre o mundo dos investimentos","publisher":{"@id":"https:\/\/www.suno.com.br\/noticias\/#organization"},"potentialAction":[{"@type":"SearchAction","target":{"@type":"EntryPoint","urlTemplate":"https:\/\/www.suno.com.br\/noticias\/?s={search_term_string}"},"query-input":{"@type":"PropertyValueSpecification","valueRequired":true,"valueName":"search_term_string"}}],"inLanguage":"pt-BR"},{"@type":"Organization","@id":"https:\/\/www.suno.com.br\/noticias\/#organization","name":"Suno Not\u00edcias","url":"https:\/\/www.suno.com.br\/noticias\/","logo":{"@type":"ImageObject","inLanguage":"pt-BR","@id":"https:\/\/www.suno.com.br\/noticias\/#\/schema\/logo\/image\/","url":"https:\/\/files.sunoresearch.com.br\/n\/uploads\/2021\/09\/suno-logo.png","contentUrl":"https:\/\/files.sunoresearch.com.br\/n\/uploads\/2021\/09\/suno-logo.png","width":180,"height":180,"caption":"Suno Not\u00edcias"},"image":{"@id":"https:\/\/www.suno.com.br\/noticias\/#\/schema\/logo\/image\/"},"sameAs":["https:\/\/facebook.com\/sunoresearch","https:\/\/x.com\/sunoresearch","https:\/\/www.instagram.com\/suno","https:\/\/www.linkedin.com\/company\/suno-research\/","https:\/\/www.youtube.com\/c\/sunoresearch"]},{"@type":"Person","@id":"https:\/\/www.suno.com.br\/noticias\/#\/schema\/person\/c1b1bd3727fa852bd045e9dbff3673ea","name":"Reda\u00e7\u00e3o Suno Not\u00edcias","image":{"@type":"ImageObject","inLanguage":"pt-BR","@id":"https:\/\/www.suno.com.br\/noticias\/#\/schema\/person\/image\/","url":"https:\/\/secure.gravatar.com\/avatar\/b8104b9b5a71985d5238ee59fbe418af?s=96&r=g","contentUrl":"https:\/\/secure.gravatar.com\/avatar\/b8104b9b5a71985d5238ee59fbe418af?s=96&r=g","caption":"Reda\u00e7\u00e3o Suno Not\u00edcias"},"description":"O Suno Not\u00edcias \u00e9 um portal de informa\u00e7\u00f5es sobre Mercado Financeiro, Pol\u00edtica, Neg\u00f3cios, Economia e Finan\u00e7as Pessoais.","sameAs":["https:\/\/www.suno.com.br\/noticias","https:\/\/www.facebook.com\/sunonoticias\/","https:\/\/www.instagram.com\/sunonoticias\/","https:\/\/x.com\/https:\/\/twitter.com\/sunoresearch","https:\/\/www.youtube.com\/sunonoticias"],"url":"https:\/\/www.suno.com.br\/noticias\/author\/redacao-suno\/"}]}},"default_loop_html":"<div class=\"cardsPage__listCard__boxs\"><div class=\"cardsPage__listCard__boxs__img\"><a href=\"https:\/\/www.suno.com.br\/noticias\/opep-restricoes-producao-petroleo-2025\/\"><img class=\"mask\" src=\"https:\/\/www.suno.com.br\/noticias\/wp-content\/themes\/suno\/resources\/images\/spotlight\/spotlight1img\/bg-mask.png\" alt=\"Image Mask\"\/><img src=\"https:\/\/files.sunoresearch.com.br\/n\/uploads\/2021\/07\/7dd040c4-oil-4663237_1920-400x200.jpg\" alt=\"Ap\u00f3s acordo para cortes at\u00e9 setembro, Opep+ estende restri\u00e7\u00f5es at\u00e9 2025\"\/><\/a><span class=\"spotlightCategory\"><a href=\"https:\/\/www.suno.com.br\/noticias\/internacional\/\">Internacional<\/a><\/span><\/div><div class=\"cardsPage__listCard__boxs__content\"><a href=\"https:\/\/www.suno.com.br\/noticias\/opep-restricoes-producao-petroleo-2025\/\"><h2 class=\"content__title\">Ap\u00f3s acordo para cortes at\u00e9 setembro, Opep+ estende restri\u00e7\u00f5es at\u00e9 2025<\/h2><\/a><div class=\"newsContent__article__meta\"><div class=\"newsContent__article__meta__authorBox\"><a href=\"https:\/\/www.suno.com.br\/noticias\/author\/joao-vitor-jacintho\/\" class=\"authorBox__avatar noMobi\"><img src=\"https:\/\/secure.gravatar.com\/avatar\/2843227ca03ccf8cc7ccca45204c127e?s=96&#038;r=g\" alt=\"Jo\u00e3o Vitor Jacintho\"><\/a><div class=\"authorBox__name\"><span>por\n\t\t\t<a href=\"https:\/\/www.suno.com.br\/noticias\/author\/joao-vitor-jacintho\/\"><span itemprop=\"author\">Jo\u00e3o Vitor Jacintho<\/span><\/a><\/span><time datetime=\"2024-06-02T15:04:32-03:00\" itemprop=\"datePublished\">02\/06\/2024 15:04<\/time><\/div><\/div><\/div><\/div><\/div>","single_layout":"posts","amp_enabled":true,"_links":{"self":[{"href":"https:\/\/www.suno.com.br\/noticias\/wp-json\/wp\/v2\/posts\/559050"}],"collection":[{"href":"https:\/\/www.suno.com.br\/noticias\/wp-json\/wp\/v2\/posts"}],"about":[{"href":"https:\/\/www.suno.com.br\/noticias\/wp-json\/wp\/v2\/types\/post"}],"author":[{"embeddable":true,"href":"https:\/\/www.suno.com.br\/noticias\/wp-json\/wp\/v2\/users\/43"}],"replies":[{"embeddable":true,"href":"https:\/\/www.suno.com.br\/noticias\/wp-json\/wp\/v2\/comments?post=559050"}],"version-history":[{"count":1,"href":"https:\/\/www.suno.com.br\/noticias\/wp-json\/wp\/v2\/posts\/559050\/revisions"}],"predecessor-version":[{"id":559053,"href":"https:\/\/www.suno.com.br\/noticias\/wp-json\/wp\/v2\/posts\/559050\/revisions\/559053"}],"wp:featuredmedia":[{"embeddable":true,"href":"https:\/\/www.suno.com.br\/noticias\/wp-json\/wp\/v2\/media\/164502"}],"wp:attachment":[{"href":"https:\/\/www.suno.com.br\/noticias\/wp-json\/wp\/v2\/media?parent=559050"}],"wp:term":[{"taxonomy":"category","embeddable":true,"href":"https:\/\/www.suno.com.br\/noticias\/wp-json\/wp\/v2\/categories?post=559050"},{"taxonomy":"post_tag","embeddable":true,"href":"https:\/\/www.suno.com.br\/noticias\/wp-json\/wp\/v2\/tags?post=559050"},{"taxonomy":"suno_strategy","embeddable":true,"href":"https:\/\/www.suno.com.br\/noticias\/wp-json\/wp\/v2\/suno_strategy?post=559050"}],"curies":[{"name":"wp","href":"https:\/\/api.w.org\/{rel}","templated":true}]}}