{"id":559004,"date":"2024-06-01T14:48:15","date_gmt":"2024-06-01T17:48:15","guid":{"rendered":"https:\/\/www.suno.com.br\/noticias\/?p=559004"},"modified":"2024-06-01T14:48:18","modified_gmt":"2024-06-01T17:48:18","slug":"ibovespa-semana-queda-apesar-alta-petrobras-petr4-jvj","status":"publish","type":"post","link":"https:\/\/www.suno.com.br\/noticias\/ibovespa-semana-queda-apesar-alta-petrobras-petr4-jvj\/","title":{"rendered":"Ibovespa cai 1,78% apesar de forte alta da Petrobras (PETR4) e chega a menor cota\u00e7\u00e3o em 7 meses; o que aconteceu?"},"content":{"rendered":"<p>O <strong>Ibovespa<\/strong> fechou a semana em queda de 1,78% na <a class=\"suno-keyword\" target=\"_blank\" data-force=\"no\" data-priority=\"3\" href=\"https:\/\/www.suno.com.br\/guias\/bolsa-de-valores\/\" rel=\"noopener\">Bolsa de Valores<\/a>, aos 122.098,09 pontos, ap\u00f3s j\u00e1 ter ca\u00eddo 3,00% na semana anterior. Essa \u00e9 a cota\u00e7\u00e3o de fechamento semanal mais baixa desde a semana iniciada em 6 de novembro de 2023, ou seja, em quase 7 meses.<\/p>\t<div class=\"wrapper-featured-image\">\n\t\t<figure class=\"spotlightImg\">\n\n\t\t\t<picture>\n\t\t\t\t<source media=\"(max-width: 768px)\" srcset=\"https:\/\/files.sunoresearch.com.br\/n\/uploads\/2024\/03\/iStock-1199024928-400x200.jpg\">\n\t\t\t\t<img loading=\"lazy\" decoding=\"async\" class=\"newsContent__article__imgCapa lazyloadDisabled \" src=\"https:\/\/files.sunoresearch.com.br\/n\/uploads\/2024\/03\/iStock-1199024928-800x450.jpg\" width=\"800\" height=\"450\" alt=\"Ibovespa cai 1,78% apesar de forte alta da Petrobras (PETR4) e chega a menor cota\u00e7\u00e3o em 7 meses; o que aconteceu?\" fetchpriority=high \/>\n\t\t\t<\/picture>\n\n\t\t\t<figcaption class=\"wp-caption-text wp-caption-text--show\">a\u00e7\u00f5es. Foto: iStock.<\/figcaption>\n\t\t<\/figure>\n\t<\/div>\n\n\n\n\n\n\t<p>\n\t\t<a href=\"https:\/\/lp.suno.com.br\/ebook-como-analisar-uma-acao\/\" target=\"_blank\" data-element=\"shortcode-suno-banner\" title=\"Banner SUNO, clique e saiba mais\">\n\t\t\t<picture>\n\t\t\t\t<source media=\"(max-width: 500px)\" srcset=\"https:\/\/files.sunoresearch.com.br\/n\/uploads\/2023\/12\/Ebook-Acoes-Mobile.jpg\">\n\t\t\t\t<img class=\"newsContent__article__imgCapa newsContent__article__imgCapa--banner\"\n\t\t\t\t\tsrc=\"https:\/\/files.sunoresearch.com.br\/n\/uploads\/2023\/12\/Ebook-Acoes-Desktop.webp\"\n\t\t\t\t\tdata-promo-id=\"311260\"\t\t\t\t\t\t\t\t\t\twidth='1420' height='286'\t\t\t\t\talt=\"https:\/\/files.sunoresearch.com.br\/n\/uploads\/2023\/12\/Ebook-Acoes-Desktop.webp\"\n\t\t\t\t>\n\t\t\t<\/picture>\n\t\t<\/a>\n\t<\/p>\n\n\n\n\n\n<p>A <strong>cota\u00e7\u00e3o do Ibovespa<\/strong> chegou a bater a m\u00ednima semanal de 121.928,86 pontos e uma m\u00e1xima de 125.392,39 pontos. O \u00edndice se alinhou com a performance semanal negativa das Bolsas de Valores de Nova York.<\/p>\n\n\n\n<ul class=\"wp-block-list\">\n<li>Dow Jones: -0,98%, aos 38.686,58 pontos<\/li>\n\n\n\n<li>S&amp;P 500: -0,40%, aos 5.277,65 pontos<\/li>\n\n\n\n<li>Nasdaq: -1,10%, aos 16.735,01 pontos<\/li>\n<\/ul>\n\n\n\n<p>Em resumo semanal sobre a <strong>Bolsa de Valores<\/strong>, a XP Investimentos destacou nesta semana o <a class=\"suno-keyword\" target=\"_blank\" data-force=\"no\" data-priority=\"1\" href=\"https:\/\/www.suno.com.br\/artigos\/livro-bege\/\" rel=\"noopener\">Livro Bege<\/a> do Federal Reserve (Fed), que mostrou que a atividade econ\u00f4mica dos Estados Unidos permanece em crescimento desde o come\u00e7o do m\u00eas de abril at\u00e9 a metade de maio.<\/p>\n\n\n\t<div data-element=\"shortcode-read-more\" class=\"knowMore\">\n\t\t\t\t<span class=\"knowMore__title\">Leia mais<\/span>\n\t\t\t\t<a class=\"knowMore__link\" href=\"https:\/\/www.suno.com.br\/noticias\/preco-dolar-cotacao-semana-maior-valor-6-semanas-jvj\/\">\n\t\t\tD\u00f3lar sobe 1,60% na semana e atinge maior pre\u00e7o em 6 semanas; o que aconteceu?\t\t<\/a>\n\t<\/div>\n\n\n\n\n<p>Esse fator acabou diminuindo as perspectivas em rela\u00e7\u00e3o a um potencial corte dos juros. Por outro lado, isso foi \u201csuavizado\u201d pela divulga\u00e7\u00e3o do PCE, que veio alinhado com as expectativas do mercado.<\/p>\n\n\n\n<p>No Brasil, os investidores ficaram atentos \u00e0 divulga\u00e7\u00e3o do IPCA-15, referente ao m\u00eas de maio. Embora o \u00edndice inflacion\u00e1rio tenha sido inferior \u00e0s perspectivas, os investidores ainda t\u00eam uma maior cautela sobre qual ser\u00e1 a postura do Banco Central brasileiro em eventuais cortes da <a class=\"suno-keyword\" target=\"_blank\" data-force=\"no\" data-priority=\"3\" href=\"https:\/\/www.suno.com.br\/artigos\/taxa-selic\/\" rel=\"noopener\">taxa Selic<\/a>, frente a desancoragem das proje\u00e7\u00f5es de infla\u00e7\u00e3o.<\/p>\n\n\n\n<h2 class=\"wp-block-heading\"><a><\/a>A\u00e7\u00f5es brasileiras que se destacaram na semana<\/h2>\n\n\n\n<p>As a\u00e7\u00f5es da Petrobras foram o principal destaque positivo da semana, embora esse movimento n\u00e3o tenha impedido a queda do <strong>Ibovespa na semana<\/strong>. A a\u00e7\u00e3o PETR3 disparou 6,24%, enquanto PETR4 subiu 5,95%.<\/p>\n\n\n\n<p>A movimenta\u00e7\u00e3o da Petrobras nesta semana se descolou do desempenho negativo do petr\u00f3leo Brent, que recuou 0,6%.<\/p>\n\n\n\n<p>Dentre as quedas do <strong>Ibovespa nesta semana<\/strong>, o principal destaque foi a <a class=\"suno-keyword\" target=\"_blank\" data-force=\"yes\" data-priority=\"2\" href=\"https:\/\/www.suno.com.br\/acoes\/yduq3\/\" rel=\"noopener\">Yduqs (YDUQ3)<\/a>, com uma forte desvaloriza\u00e7\u00e3o de 11,15%. Essa baixa se deu diante das atuais perspectivas de infla\u00e7\u00e3o, algo que, de acordo com a XP, pressiona o setor de educa\u00e7\u00e3o de forma geral.<\/p>\n\n\n\n<h2 class=\"wp-block-heading\"><a><\/a>Maiores altas da semana<\/h2>\n\n\n\n<ul class=\"wp-block-list\">\n<li>Petrobras ON (PETR3): +6,24%<\/li>\n\n\n\n<li>Petrobras PN (PETR4): +5,95%<\/li>\n\n\n\n<li>Petrorec\u00f4ncavo (RECV3): +5,44%<\/li>\n\n\n\n<li>LWSA (LWSA3): +4,59%<\/li>\n\n\n\n<li>3R Petroleum (RRRP3): +2,88%<\/li>\n<\/ul>\n\n\n\n<h2 class=\"wp-block-heading\"><a><\/a>Maiores quedas da semana<\/h2>\n\n\n\n<ul class=\"wp-block-list\">\n<li>Yduqs (YDUQ3): -11,15%<\/li>\n\n\n\n<li>Azul (AZUL4): -8,59%<\/li>\n\n\n\n<li>Hypera (HYPE3): -8,59%<\/li>\n\n\n\n<li>Isa Cteep (TRPL4): -6,89%<\/li>\n\n\n\n<li>CSN Minera\u00e7\u00e3o (CMIN3): -6,62%<\/li>\n<\/ul>\n\n\n\n<p>Para a pr\u00f3xima semana, a XP diz que os investidores devem se atentar \u00e0s novas informa\u00e7\u00f5es do mercado de trabalho registradas em maio, como payroll, JOLTS e ADP.<\/p>\n\n\n\n<p>No cen\u00e1rio dom\u00e9stico, a expectativa estar\u00e1 sobre o an\u00fancio do Produto Interno Bruto (PIB) do primeiro trimestre de 2024 (1T24), que pode ser um dos fatores que movimentam o <strong>Ibovespa<\/strong> nesta semana.<\/p>\n\n\n\t<p>\n\t\t<a href=\"https:\/\/lp2.suno.com.br\/cl\/black-friday-2025\/?utm_campaign=_SNCDF0E4858_\" target=\"_blank\" data-element=\"shortcode-suno-banner\" title=\"Banner SUNO, clique e saiba mais\">\n\t\t\t<picture>\n\t\t\t\t<source media=\"(max-width: 500px)\" srcset=\"https:\/\/files.sunoresearch.com.br\/n\/uploads\/2025\/10\/Artigos-e-Noticias-Banner-Home-artigos-01-Mobile_-400x300-1-png.webp\">\n\t\t\t\t<img class=\"newsContent__article__imgCapa newsContent__article__imgCapa--banner\"\n\t\t\t\t\tsrc=\"https:\/\/files.sunoresearch.com.br\/n\/uploads\/2025\/10\/Artigos-e-Noticias-Banner-Home-artigos-01-Desktop_-1420x240-1-png.webp\"\n\t\t\t\t\tdata-promo-id=\"311259\"\t\t\t\t\t\t\t\t\t\twidth='1420' height='240'\t\t\t\t\talt=\"https:\/\/files.sunoresearch.com.br\/n\/uploads\/2025\/10\/Artigos-e-Noticias-Banner-Home-artigos-01-Desktop_-1420x240-1-png.webp\"\n\t\t\t\t>\n\t\t\t<\/picture>\n\t\t<\/a>\n\t<\/p>\n\n\n","protected":false},"excerpt":{"rendered":"<p>O Ibovespa fechou a semana em queda de 1,78% na Bolsa de Valores, aos 122.098,09 pontos, ap\u00f3s j\u00e1 ter ca\u00eddo 3,00% na semana anterior. Essa \u00e9 a cota\u00e7\u00e3o de fechamento semanal mais baixa desde a semana iniciada em 6 de novembro de 2023, ou seja, em quase 7 meses. a\u00e7\u00f5es. Foto: iStock. A cota\u00e7\u00e3o do [&hellip;]<\/p>\n","protected":false},"author":173,"featured_media":537193,"comment_status":"closed","ping_status":"closed","sticky":false,"template":"","format":"standard","meta":[],"categories":[64],"tags":[286,106932,721,106964,595,106252,2363],"suno_strategy":[],"class_list":["post-559004","post","type-post","status-publish","format-standard","has-post-thumbnail","hentry","category-negocios","tag-acoes","tag-azul-azul4","tag-ibovespa","tag-isa-cteep-trpl4","tag-petrobras-petr4","tag-petroreconcavo-recv3","tag-yduqs-yduq3"],"yoast_head":"<!-- This site is optimized with the Yoast SEO plugin v24.4 - https:\/\/yoast.com\/wordpress\/plugins\/seo\/ -->\n<title>Ibovespa chega a menor cota\u00e7\u00e3o em 7 meses; o que aconteceu?<\/title>\n<meta name=\"description\" content=\"Apesar da forte alta da Petrobras (PETR4), o Ibovespa caiu 1,78% na semana e chegou a menor cota\u00e7\u00e3o em 7 meses. Veja o que aconteceu.\" \/>\n<meta name=\"robots\" content=\"index, follow, max-snippet:-1, max-image-preview:large, max-video-preview:-1\" \/>\n<link rel=\"canonical\" href=\"https:\/\/www.suno.com.br\/noticias\/ibovespa-semana-queda-apesar-alta-petrobras-petr4-jvj\/\" \/>\n<meta property=\"og:locale\" content=\"pt_BR\" \/>\n<meta property=\"og:type\" content=\"article\" \/>\n<meta property=\"og:title\" content=\"Ibovespa chega a menor cota\u00e7\u00e3o em 7 meses; o que aconteceu?\" \/>\n<meta property=\"og:description\" content=\"Apesar da forte alta da Petrobras (PETR4), o Ibovespa caiu 1,78% na semana e chegou a menor cota\u00e7\u00e3o em 7 meses. Veja o que aconteceu.\" \/>\n<meta property=\"og:url\" content=\"https:\/\/www.suno.com.br\/noticias\/ibovespa-semana-queda-apesar-alta-petrobras-petr4-jvj\/\" \/>\n<meta property=\"og:site_name\" content=\"Suno Not\u00edcias\" \/>\n<meta property=\"article:publisher\" content=\"https:\/\/facebook.com\/sunoresearch\" \/>\n<meta property=\"og:image\" content=\"https:\/\/files.sunoresearch.com.br\/n\/uploads\/2024\/03\/iStock-1199024928.jpg\" \/>\n\t<meta property=\"og:image:width\" content=\"1257\" \/>\n\t<meta property=\"og:image:height\" content=\"835\" \/>\n\t<meta property=\"og:image:type\" content=\"image\/jpeg\" \/>\n<meta name=\"author\" content=\"Jo\u00e3o Vitor\" \/>\n<meta name=\"twitter:card\" content=\"summary_large_image\" \/>\n<meta name=\"twitter:creator\" content=\"@sunoresearch\" \/>\n<meta name=\"twitter:site\" content=\"@sunoresearch\" \/>\n<meta name=\"twitter:label1\" content=\"Escrito por\" \/>\n\t<meta name=\"twitter:data1\" content=\"Jo\u00e3o Vitor\" \/>\n\t<meta name=\"twitter:label2\" content=\"Est. tempo de leitura\" \/>\n\t<meta name=\"twitter:data2\" content=\"3 minutos\" \/>\n<script type=\"application\/ld+json\" class=\"yoast-schema-graph\">{\"@context\":\"https:\/\/schema.org\",\"@graph\":[{\"@type\":\"NewsArticle\",\"@id\":\"https:\/\/www.suno.com.br\/noticias\/ibovespa-semana-queda-apesar-alta-petrobras-petr4-jvj\/#article\",\"isPartOf\":{\"@id\":\"https:\/\/www.suno.com.br\/noticias\/ibovespa-semana-queda-apesar-alta-petrobras-petr4-jvj\/\"},\"author\":{\"name\":\"Jo\u00e3o Vitor\",\"@id\":\"https:\/\/www.suno.com.br\/noticias\/#\/schema\/person\/87fc6973867c52dd884811905c43afba\"},\"headline\":\"Ibovespa cai 1,78% apesar de forte alta da Petrobras (PETR4) e chega a menor cota\u00e7\u00e3o em 7 meses; o que aconteceu?\",\"datePublished\":\"2024-06-01T17:48:15+00:00\",\"dateModified\":\"2024-06-01T17:48:18+00:00\",\"mainEntityOfPage\":{\"@id\":\"https:\/\/www.suno.com.br\/noticias\/ibovespa-semana-queda-apesar-alta-petrobras-petr4-jvj\/\"},\"wordCount\":472,\"publisher\":{\"@id\":\"https:\/\/www.suno.com.br\/noticias\/#organization\"},\"image\":{\"@id\":\"https:\/\/www.suno.com.br\/noticias\/ibovespa-semana-queda-apesar-alta-petrobras-petr4-jvj\/#primaryimage\"},\"thumbnailUrl\":\"https:\/\/files.sunoresearch.com.br\/n\/uploads\/2024\/03\/iStock-1199024928.jpg\",\"keywords\":[\"A\u00e7\u00f5es\",\"Azul (AZUL4)\",\"Ibovespa\",\"Isa CTEEP (TRPL4)\",\"Petrobras (PETR4)\",\"PetroRec\u00f4ncavo (RECV3)\",\"Yduqs (YDUQ3)\"],\"articleSection\":[\"Neg\u00f3cios\"],\"inLanguage\":\"pt-BR\"},{\"@type\":\"WebPage\",\"@id\":\"https:\/\/www.suno.com.br\/noticias\/ibovespa-semana-queda-apesar-alta-petrobras-petr4-jvj\/\",\"url\":\"https:\/\/www.suno.com.br\/noticias\/ibovespa-semana-queda-apesar-alta-petrobras-petr4-jvj\/\",\"name\":\"Ibovespa chega a menor cota\u00e7\u00e3o em 7 meses; o que aconteceu?\",\"isPartOf\":{\"@id\":\"https:\/\/www.suno.com.br\/noticias\/#website\"},\"primaryImageOfPage\":{\"@id\":\"https:\/\/www.suno.com.br\/noticias\/ibovespa-semana-queda-apesar-alta-petrobras-petr4-jvj\/#primaryimage\"},\"image\":{\"@id\":\"https:\/\/www.suno.com.br\/noticias\/ibovespa-semana-queda-apesar-alta-petrobras-petr4-jvj\/#primaryimage\"},\"thumbnailUrl\":\"https:\/\/files.sunoresearch.com.br\/n\/uploads\/2024\/03\/iStock-1199024928.jpg\",\"datePublished\":\"2024-06-01T17:48:15+00:00\",\"dateModified\":\"2024-06-01T17:48:18+00:00\",\"description\":\"Apesar da forte alta da Petrobras (PETR4), o Ibovespa caiu 1,78% na semana e chegou a menor cota\u00e7\u00e3o em 7 meses. Veja o que aconteceu.\",\"breadcrumb\":{\"@id\":\"https:\/\/www.suno.com.br\/noticias\/ibovespa-semana-queda-apesar-alta-petrobras-petr4-jvj\/#breadcrumb\"},\"inLanguage\":\"pt-BR\",\"potentialAction\":[{\"@type\":\"ReadAction\",\"target\":[\"https:\/\/www.suno.com.br\/noticias\/ibovespa-semana-queda-apesar-alta-petrobras-petr4-jvj\/\"]}]},{\"@type\":\"ImageObject\",\"inLanguage\":\"pt-BR\",\"@id\":\"https:\/\/www.suno.com.br\/noticias\/ibovespa-semana-queda-apesar-alta-petrobras-petr4-jvj\/#primaryimage\",\"url\":\"https:\/\/files.sunoresearch.com.br\/n\/uploads\/2024\/03\/iStock-1199024928.jpg\",\"contentUrl\":\"https:\/\/files.sunoresearch.com.br\/n\/uploads\/2024\/03\/iStock-1199024928.jpg\",\"width\":1257,\"height\":835,\"caption\":\"a\u00e7\u00f5es. Foto: iStock.\"},{\"@type\":\"BreadcrumbList\",\"@id\":\"https:\/\/www.suno.com.br\/noticias\/ibovespa-semana-queda-apesar-alta-petrobras-petr4-jvj\/#breadcrumb\",\"itemListElement\":[{\"@type\":\"ListItem\",\"position\":1,\"name\":\"Not\u00edcias\",\"item\":\"https:\/\/www.suno.com.br\/noticias\/\"},{\"@type\":\"ListItem\",\"position\":2,\"name\":\"Neg\u00f3cios\",\"item\":\"https:\/\/www.suno.com.br\/noticias\/negocios\/\"},{\"@type\":\"ListItem\",\"position\":3,\"name\":\"Ibovespa cai 1,78% apesar de forte alta da Petrobras (PETR4) e chega a menor cota\u00e7\u00e3o em 7 meses; o que aconteceu?\"}]},{\"@type\":\"WebSite\",\"@id\":\"https:\/\/www.suno.com.br\/noticias\/#website\",\"url\":\"https:\/\/www.suno.com.br\/noticias\/\",\"name\":\"Suno Not\u00edcias\",\"description\":\"Seu portal de informa\u00e7\u00e3o sobre o mundo dos investimentos\",\"publisher\":{\"@id\":\"https:\/\/www.suno.com.br\/noticias\/#organization\"},\"potentialAction\":[{\"@type\":\"SearchAction\",\"target\":{\"@type\":\"EntryPoint\",\"urlTemplate\":\"https:\/\/www.suno.com.br\/noticias\/?s={search_term_string}\"},\"query-input\":{\"@type\":\"PropertyValueSpecification\",\"valueRequired\":true,\"valueName\":\"search_term_string\"}}],\"inLanguage\":\"pt-BR\"},{\"@type\":\"Organization\",\"@id\":\"https:\/\/www.suno.com.br\/noticias\/#organization\",\"name\":\"Suno Not\u00edcias\",\"url\":\"https:\/\/www.suno.com.br\/noticias\/\",\"logo\":{\"@type\":\"ImageObject\",\"inLanguage\":\"pt-BR\",\"@id\":\"https:\/\/www.suno.com.br\/noticias\/#\/schema\/logo\/image\/\",\"url\":\"https:\/\/files.sunoresearch.com.br\/n\/uploads\/2021\/09\/suno-logo.png\",\"contentUrl\":\"https:\/\/files.sunoresearch.com.br\/n\/uploads\/2021\/09\/suno-logo.png\",\"width\":180,\"height\":180,\"caption\":\"Suno Not\u00edcias\"},\"image\":{\"@id\":\"https:\/\/www.suno.com.br\/noticias\/#\/schema\/logo\/image\/\"},\"sameAs\":[\"https:\/\/facebook.com\/sunoresearch\",\"https:\/\/x.com\/sunoresearch\",\"https:\/\/www.instagram.com\/suno\",\"https:\/\/www.linkedin.com\/company\/suno-research\/\",\"https:\/\/www.youtube.com\/c\/sunoresearch\"]},{\"@type\":\"Person\",\"@id\":\"https:\/\/www.suno.com.br\/noticias\/#\/schema\/person\/87fc6973867c52dd884811905c43afba\",\"name\":\"Jo\u00e3o Vitor\",\"image\":{\"@type\":\"ImageObject\",\"inLanguage\":\"pt-BR\",\"@id\":\"https:\/\/www.suno.com.br\/noticias\/#\/schema\/person\/image\/\",\"url\":\"https:\/\/secure.gravatar.com\/avatar\/2843227ca03ccf8cc7ccca45204c127e?s=96&r=g\",\"contentUrl\":\"https:\/\/secure.gravatar.com\/avatar\/2843227ca03ccf8cc7ccca45204c127e?s=96&r=g\",\"caption\":\"Jo\u00e3o Vitor\"},\"description\":\"Redator profissional, com atua\u00e7\u00e3o no mercado editorial na produ\u00e7\u00e3o de not\u00edcias e conte\u00fados sobre o mercado de a\u00e7\u00f5es, fundos imobili\u00e1rios e economia popular. Graduando em Engenharia Qu\u00edmica pela Unesp, tamb\u00e9m j\u00e1 atuou como consultor financeiro.\",\"url\":\"https:\/\/www.suno.com.br\/noticias\/author\/joao-vitor-jacintho\/\"}]}<\/script>\n<!-- \/ Yoast SEO plugin. -->","yoast_head_json":{"title":"Ibovespa chega a menor cota\u00e7\u00e3o em 7 meses; o que aconteceu?","description":"Apesar da forte alta da Petrobras (PETR4), o Ibovespa caiu 1,78% na semana e chegou a menor cota\u00e7\u00e3o em 7 meses. Veja o que aconteceu.","robots":{"index":"index","follow":"follow","max-snippet":"max-snippet:-1","max-image-preview":"max-image-preview:large","max-video-preview":"max-video-preview:-1"},"canonical":"https:\/\/www.suno.com.br\/noticias\/ibovespa-semana-queda-apesar-alta-petrobras-petr4-jvj\/","og_locale":"pt_BR","og_type":"article","og_title":"Ibovespa chega a menor cota\u00e7\u00e3o em 7 meses; o que aconteceu?","og_description":"Apesar da forte alta da Petrobras (PETR4), o Ibovespa caiu 1,78% na semana e chegou a menor cota\u00e7\u00e3o em 7 meses. Veja o que aconteceu.","og_url":"https:\/\/www.suno.com.br\/noticias\/ibovespa-semana-queda-apesar-alta-petrobras-petr4-jvj\/","og_site_name":"Suno Not\u00edcias","article_publisher":"https:\/\/facebook.com\/sunoresearch","og_image":[{"width":1257,"height":835,"url":"https:\/\/files.sunoresearch.com.br\/n\/uploads\/2024\/03\/iStock-1199024928.jpg","type":"image\/jpeg"}],"author":"Jo\u00e3o Vitor","twitter_card":"summary_large_image","twitter_creator":"@sunoresearch","twitter_site":"@sunoresearch","twitter_misc":{"Escrito por":"Jo\u00e3o Vitor","Est. tempo de leitura":"3 minutos"},"schema":{"@context":"https:\/\/schema.org","@graph":[{"@type":"NewsArticle","@id":"https:\/\/www.suno.com.br\/noticias\/ibovespa-semana-queda-apesar-alta-petrobras-petr4-jvj\/#article","isPartOf":{"@id":"https:\/\/www.suno.com.br\/noticias\/ibovespa-semana-queda-apesar-alta-petrobras-petr4-jvj\/"},"author":{"name":"Jo\u00e3o Vitor","@id":"https:\/\/www.suno.com.br\/noticias\/#\/schema\/person\/87fc6973867c52dd884811905c43afba"},"headline":"Ibovespa cai 1,78% apesar de forte alta da Petrobras (PETR4) e chega a menor cota\u00e7\u00e3o em 7 meses; o que aconteceu?","datePublished":"2024-06-01T17:48:15+00:00","dateModified":"2024-06-01T17:48:18+00:00","mainEntityOfPage":{"@id":"https:\/\/www.suno.com.br\/noticias\/ibovespa-semana-queda-apesar-alta-petrobras-petr4-jvj\/"},"wordCount":472,"publisher":{"@id":"https:\/\/www.suno.com.br\/noticias\/#organization"},"image":{"@id":"https:\/\/www.suno.com.br\/noticias\/ibovespa-semana-queda-apesar-alta-petrobras-petr4-jvj\/#primaryimage"},"thumbnailUrl":"https:\/\/files.sunoresearch.com.br\/n\/uploads\/2024\/03\/iStock-1199024928.jpg","keywords":["A\u00e7\u00f5es","Azul (AZUL4)","Ibovespa","Isa CTEEP (TRPL4)","Petrobras (PETR4)","PetroRec\u00f4ncavo (RECV3)","Yduqs (YDUQ3)"],"articleSection":["Neg\u00f3cios"],"inLanguage":"pt-BR"},{"@type":"WebPage","@id":"https:\/\/www.suno.com.br\/noticias\/ibovespa-semana-queda-apesar-alta-petrobras-petr4-jvj\/","url":"https:\/\/www.suno.com.br\/noticias\/ibovespa-semana-queda-apesar-alta-petrobras-petr4-jvj\/","name":"Ibovespa chega a menor cota\u00e7\u00e3o em 7 meses; o que aconteceu?","isPartOf":{"@id":"https:\/\/www.suno.com.br\/noticias\/#website"},"primaryImageOfPage":{"@id":"https:\/\/www.suno.com.br\/noticias\/ibovespa-semana-queda-apesar-alta-petrobras-petr4-jvj\/#primaryimage"},"image":{"@id":"https:\/\/www.suno.com.br\/noticias\/ibovespa-semana-queda-apesar-alta-petrobras-petr4-jvj\/#primaryimage"},"thumbnailUrl":"https:\/\/files.sunoresearch.com.br\/n\/uploads\/2024\/03\/iStock-1199024928.jpg","datePublished":"2024-06-01T17:48:15+00:00","dateModified":"2024-06-01T17:48:18+00:00","description":"Apesar da forte alta da Petrobras (PETR4), o Ibovespa caiu 1,78% na semana e chegou a menor cota\u00e7\u00e3o em 7 meses. Veja o que aconteceu.","breadcrumb":{"@id":"https:\/\/www.suno.com.br\/noticias\/ibovespa-semana-queda-apesar-alta-petrobras-petr4-jvj\/#breadcrumb"},"inLanguage":"pt-BR","potentialAction":[{"@type":"ReadAction","target":["https:\/\/www.suno.com.br\/noticias\/ibovespa-semana-queda-apesar-alta-petrobras-petr4-jvj\/"]}]},{"@type":"ImageObject","inLanguage":"pt-BR","@id":"https:\/\/www.suno.com.br\/noticias\/ibovespa-semana-queda-apesar-alta-petrobras-petr4-jvj\/#primaryimage","url":"https:\/\/files.sunoresearch.com.br\/n\/uploads\/2024\/03\/iStock-1199024928.jpg","contentUrl":"https:\/\/files.sunoresearch.com.br\/n\/uploads\/2024\/03\/iStock-1199024928.jpg","width":1257,"height":835,"caption":"a\u00e7\u00f5es. Foto: iStock."},{"@type":"BreadcrumbList","@id":"https:\/\/www.suno.com.br\/noticias\/ibovespa-semana-queda-apesar-alta-petrobras-petr4-jvj\/#breadcrumb","itemListElement":[{"@type":"ListItem","position":1,"name":"Not\u00edcias","item":"https:\/\/www.suno.com.br\/noticias\/"},{"@type":"ListItem","position":2,"name":"Neg\u00f3cios","item":"https:\/\/www.suno.com.br\/noticias\/negocios\/"},{"@type":"ListItem","position":3,"name":"Ibovespa cai 1,78% apesar de forte alta da Petrobras (PETR4) e chega a menor cota\u00e7\u00e3o em 7 meses; o que aconteceu?"}]},{"@type":"WebSite","@id":"https:\/\/www.suno.com.br\/noticias\/#website","url":"https:\/\/www.suno.com.br\/noticias\/","name":"Suno Not\u00edcias","description":"Seu portal de informa\u00e7\u00e3o sobre o mundo dos investimentos","publisher":{"@id":"https:\/\/www.suno.com.br\/noticias\/#organization"},"potentialAction":[{"@type":"SearchAction","target":{"@type":"EntryPoint","urlTemplate":"https:\/\/www.suno.com.br\/noticias\/?s={search_term_string}"},"query-input":{"@type":"PropertyValueSpecification","valueRequired":true,"valueName":"search_term_string"}}],"inLanguage":"pt-BR"},{"@type":"Organization","@id":"https:\/\/www.suno.com.br\/noticias\/#organization","name":"Suno Not\u00edcias","url":"https:\/\/www.suno.com.br\/noticias\/","logo":{"@type":"ImageObject","inLanguage":"pt-BR","@id":"https:\/\/www.suno.com.br\/noticias\/#\/schema\/logo\/image\/","url":"https:\/\/files.sunoresearch.com.br\/n\/uploads\/2021\/09\/suno-logo.png","contentUrl":"https:\/\/files.sunoresearch.com.br\/n\/uploads\/2021\/09\/suno-logo.png","width":180,"height":180,"caption":"Suno Not\u00edcias"},"image":{"@id":"https:\/\/www.suno.com.br\/noticias\/#\/schema\/logo\/image\/"},"sameAs":["https:\/\/facebook.com\/sunoresearch","https:\/\/x.com\/sunoresearch","https:\/\/www.instagram.com\/suno","https:\/\/www.linkedin.com\/company\/suno-research\/","https:\/\/www.youtube.com\/c\/sunoresearch"]},{"@type":"Person","@id":"https:\/\/www.suno.com.br\/noticias\/#\/schema\/person\/87fc6973867c52dd884811905c43afba","name":"Jo\u00e3o Vitor","image":{"@type":"ImageObject","inLanguage":"pt-BR","@id":"https:\/\/www.suno.com.br\/noticias\/#\/schema\/person\/image\/","url":"https:\/\/secure.gravatar.com\/avatar\/2843227ca03ccf8cc7ccca45204c127e?s=96&r=g","contentUrl":"https:\/\/secure.gravatar.com\/avatar\/2843227ca03ccf8cc7ccca45204c127e?s=96&r=g","caption":"Jo\u00e3o Vitor"},"description":"Redator profissional, com atua\u00e7\u00e3o no mercado editorial na produ\u00e7\u00e3o de not\u00edcias e conte\u00fados sobre o mercado de a\u00e7\u00f5es, fundos imobili\u00e1rios e economia popular. Graduando em Engenharia Qu\u00edmica pela Unesp, tamb\u00e9m j\u00e1 atuou como consultor financeiro.","url":"https:\/\/www.suno.com.br\/noticias\/author\/joao-vitor-jacintho\/"}]}},"default_loop_html":"<div class=\"cardsPage__listCard__boxs\"><div class=\"cardsPage__listCard__boxs__img\"><a href=\"https:\/\/www.suno.com.br\/noticias\/ibovespa-semana-queda-apesar-alta-petrobras-petr4-jvj\/\"><img class=\"mask\" src=\"https:\/\/www.suno.com.br\/noticias\/wp-content\/themes\/suno\/resources\/images\/spotlight\/spotlight1img\/bg-mask.png\" alt=\"Image Mask\"\/><img src=\"https:\/\/files.sunoresearch.com.br\/n\/uploads\/2024\/03\/iStock-1199024928-400x200.jpg\" alt=\"Ibovespa cai 1,78% apesar de forte alta da Petrobras (PETR4) e chega a menor cota\u00e7\u00e3o em 7 meses; o que aconteceu?\"\/><\/a><span class=\"spotlightCategory\"><a href=\"https:\/\/www.suno.com.br\/noticias\/negocios\/\">Neg\u00f3cios<\/a><\/span><\/div><div class=\"cardsPage__listCard__boxs__content\"><a href=\"https:\/\/www.suno.com.br\/noticias\/ibovespa-semana-queda-apesar-alta-petrobras-petr4-jvj\/\"><h2 class=\"content__title\">Ibovespa cai 1,78% apesar de forte alta da Petrobras (PETR4) e chega a menor cota\u00e7\u00e3o em 7 meses; o que aconteceu?<\/h2><\/a><div class=\"newsContent__article__meta\"><div class=\"newsContent__article__meta__authorBox\"><a href=\"https:\/\/www.suno.com.br\/noticias\/author\/joao-vitor-jacintho\/\" class=\"authorBox__avatar noMobi\"><img src=\"https:\/\/secure.gravatar.com\/avatar\/2843227ca03ccf8cc7ccca45204c127e?s=96&#038;r=g\" alt=\"Jo\u00e3o Vitor Jacintho\"><\/a><div class=\"authorBox__name\"><span>por\n\t\t\t<a href=\"https:\/\/www.suno.com.br\/noticias\/author\/joao-vitor-jacintho\/\"><span itemprop=\"author\">Jo\u00e3o Vitor Jacintho<\/span><\/a><\/span><time datetime=\"2024-06-01T14:48:15-03:00\" itemprop=\"datePublished\">01\/06\/2024 14:48<\/time><\/div><\/div><\/div><\/div><\/div>","single_layout":"posts","amp_enabled":true,"_links":{"self":[{"href":"https:\/\/www.suno.com.br\/noticias\/wp-json\/wp\/v2\/posts\/559004"}],"collection":[{"href":"https:\/\/www.suno.com.br\/noticias\/wp-json\/wp\/v2\/posts"}],"about":[{"href":"https:\/\/www.suno.com.br\/noticias\/wp-json\/wp\/v2\/types\/post"}],"author":[{"embeddable":true,"href":"https:\/\/www.suno.com.br\/noticias\/wp-json\/wp\/v2\/users\/173"}],"replies":[{"embeddable":true,"href":"https:\/\/www.suno.com.br\/noticias\/wp-json\/wp\/v2\/comments?post=559004"}],"version-history":[{"count":2,"href":"https:\/\/www.suno.com.br\/noticias\/wp-json\/wp\/v2\/posts\/559004\/revisions"}],"predecessor-version":[{"id":559006,"href":"https:\/\/www.suno.com.br\/noticias\/wp-json\/wp\/v2\/posts\/559004\/revisions\/559006"}],"wp:featuredmedia":[{"embeddable":true,"href":"https:\/\/www.suno.com.br\/noticias\/wp-json\/wp\/v2\/media\/537193"}],"wp:attachment":[{"href":"https:\/\/www.suno.com.br\/noticias\/wp-json\/wp\/v2\/media?parent=559004"}],"wp:term":[{"taxonomy":"category","embeddable":true,"href":"https:\/\/www.suno.com.br\/noticias\/wp-json\/wp\/v2\/categories?post=559004"},{"taxonomy":"post_tag","embeddable":true,"href":"https:\/\/www.suno.com.br\/noticias\/wp-json\/wp\/v2\/tags?post=559004"},{"taxonomy":"suno_strategy","embeddable":true,"href":"https:\/\/www.suno.com.br\/noticias\/wp-json\/wp\/v2\/suno_strategy?post=559004"}],"curies":[{"name":"wp","href":"https:\/\/api.w.org\/{rel}","templated":true}]}}