{"id":558620,"date":"2024-05-31T09:44:44","date_gmt":"2024-05-31T12:44:44","guid":{"rendered":"https:\/\/www.suno.com.br\/noticias\/?p=558620"},"modified":"2024-05-31T09:44:48","modified_gmt":"2024-05-31T12:44:48","slug":"grupo-dia-vende-operacoes-brasil-gss","status":"publish","type":"post","link":"https:\/\/www.suno.com.br\/noticias\/grupo-dia-vende-operacoes-brasil-gss\/","title":{"rendered":"Grupo Dia vende opera\u00e7\u00f5es no Brasil por valor simb\u00f3lico"},"content":{"rendered":"<p>Nesta quinta-feira (30), o <strong>Grupo Dia<\/strong> anunciou a venda de toda a sua opera\u00e7\u00e3o no Brasil por 100 euros, um valor simb\u00f3lico. <\/p>\t<div class=\"wrapper-featured-image\">\n\t\t<figure class=\"spotlightImg\">\n\n\t\t\t<picture>\n\t\t\t\t<source media=\"(max-width: 768px)\" srcset=\"https:\/\/files.sunoresearch.com.br\/n\/uploads\/2024\/03\/Dia-BR_Tienda-400x200.jpeg\">\n\t\t\t\t<img loading=\"lazy\" decoding=\"async\" class=\"newsContent__article__imgCapa lazyloadDisabled \" src=\"https:\/\/files.sunoresearch.com.br\/n\/uploads\/2024\/03\/Dia-BR_Tienda-800x450.jpeg\" width=\"800\" height=\"450\" alt=\"Grupo Dia vende opera\u00e7\u00f5es no Brasil por valor simb\u00f3lico\" fetchpriority=high \/>\n\t\t\t<\/picture>\n\n\t\t\t<figcaption class=\"wp-caption-text wp-caption-text--show\">Supermercado Dia. Foto: Divulga\u00e7\u00e3o\/Dia.<\/figcaption>\n\t\t<\/figure>\n\t<\/div>\n\n\n\n\n\n\n\n\t<p>\n\t\t<a href=\"https:\/\/lp.suno.com.br\/planilha-da-vida-financeira\/\" target=\"_blank\" data-element=\"shortcode-suno-banner\" title=\"Banner SUNO, clique e saiba mais\">\n\t\t\t<picture>\n\t\t\t\t<source media=\"(max-width: 500px)\" srcset=\"https:\/\/files.sunoresearch.com.br\/n\/uploads\/2023\/04\/400x300-Planilha-vida-financeira-true.png\">\n\t\t\t\t<img class=\"newsContent__article__imgCapa newsContent__article__imgCapa--banner\"\n\t\t\t\t\tsrc=\"https:\/\/files.sunoresearch.com.br\/n\/uploads\/2023\/04\/1420x240-Planilha-vida-financeira-true.png\"\n\t\t\t\t\tdata-promo-id=\"106682\"\t\t\t\t\t\t\t\t\t\twidth='1420' height='240'\t\t\t\t\talt=\"https:\/\/files.sunoresearch.com.br\/n\/uploads\/2023\/04\/1420x240-Planilha-vida-financeira-true.png\"\n\t\t\t\t>\n\t\t\t<\/picture>\n\t\t<\/a>\n\t<\/p>\n\n\n\n\n\n<p>Agora, toda a <strong>rede Dia<\/strong> ficar\u00e1 com a gestora de ativos brasileira MAM, que pertence ao Banco Master e receber\u00e1 39 milh\u00f5es de euros do grupo, no \u00e2mbito de sua <a class=\"suno-keyword\" data-force=\"no\" data-priority=\"2\" href=\"https:\/\/www.suno.com.br\/artigos\/recuperacao-judicial\/\" target=\"_blank\" rel=\"noopener\">recupera\u00e7\u00e3o judicial<\/a>.<\/p>\n\n\n\n<p>\u201cA Opera\u00e7\u00e3o, marcada no contexto dos persistentes resultados negativos no Dia<br>Brasil referido em fatos relevantes anteriores, leva ao total desinvestimento por parte do Grupo Dia no territ\u00f3rio brasileiro\u201d, declarou a empresa espanhola em <a class=\"suno-keyword\" target=\"_blank\" data-force=\"no\" data-priority=\"1\" href=\"https:\/\/www.suno.com.br\/artigos\/fato-relevante\/\" rel=\"noopener\">fato relevante<\/a>. <\/p>\n\n\n\n<p>Vale lembrar que opera\u00e7\u00e3o brasileira da rede de supermercados <strong>Dia<\/strong> havia entrado com um pedido de recupera\u00e7\u00e3o judicial em mar\u00e7o deste ano, com o objetivo de \u201ctentar superar a sua atual situa\u00e7\u00e3o econ\u00f4mica e financeira\u201d, segundo comunicado pela companhia. \u00c0 \u00e9poca, a d\u00edvida da empresa era estimada em mais de R$ 1 bilh\u00e3o.<\/p>\n\n\n\n<p>Com a venda da <strong>opera\u00e7\u00e3o brasileira do Dia<\/strong>, a controladora espanhola da empresa afirma que o grupo poder\u00e1 focar em mercados mais rent\u00e1veis e com maior potencial de crescimento, como Espanha e Argentina.<\/p>\n\n\n\n<p>Al\u00e9m do aporte de 39 milh\u00f5es de euros a ser feito pelo Dia em benef\u00edcio da opera\u00e7\u00e3o no Brasil, o movimento deve acarretar em um saldo cont\u00e1bil negativo de 30 milh\u00f5es de euros pelo pagamento de d\u00edvidas financeiras com garantia, 27 milh\u00f5es de euros para reclassifica\u00e7\u00e3o das diferen\u00e7as de convers\u00e3o associadas ao Real e 5 milh\u00f5es de euros em <a class=\"suno-keyword\" target=\"_blank\" data-force=\"no\" data-priority=\"1\" href=\"https:\/\/www.suno.com.br\/artigos\/despesas-operacionais\/\" rel=\"noopener\">despesas operacionais<\/a>.<\/p>\n\n\n\t<p>\n\t\t<a href=\"https:\/\/lp.suno.com.br\/ebook-como-analisar-uma-acao\/\" target=\"_blank\" data-element=\"shortcode-suno-banner\" title=\"Banner SUNO, clique e saiba mais\">\n\t\t\t<picture>\n\t\t\t\t<source media=\"(max-width: 500px)\" srcset=\"https:\/\/files.sunoresearch.com.br\/n\/uploads\/2023\/03\/Ebook-Acoes-Mobile.jpg\">\n\t\t\t\t<img class=\"newsContent__article__imgCapa newsContent__article__imgCapa--banner\"\n\t\t\t\t\tsrc=\"https:\/\/files.sunoresearch.com.br\/n\/uploads\/2023\/03\/Ebook-Acoes-Desktop.jpg\"\n\t\t\t\t\tdata-promo-id=\"378302\"\t\t\t\t\t\t\t\t\t\twidth='1420' height='286'\t\t\t\t\talt=\"https:\/\/files.sunoresearch.com.br\/n\/uploads\/2023\/03\/Ebook-Acoes-Desktop.jpg\"\n\t\t\t\t>\n\t\t\t<\/picture>\n\t\t<\/a>\n\t<\/p>\n\n\n\n\n\n<h2 class=\"wp-block-heading\">Relembre o pedido de recupera\u00e7\u00e3o judicial<\/h2>\n\n\n\n<p>Em 21 de mar\u00e7o deste ano, opera\u00e7\u00e3o brasileira da rede de supermercados Dia entrou com um pedido de recupera\u00e7\u00e3o judicial.<\/p>\n\n\n\n<p>O decis\u00e3o pelo pedido de recupera\u00e7\u00e3o judicial do Dia veio uma semana depois que a companhia anunciou o fechamento de 343 supermercados e 3 centros de distribui\u00e7\u00e3o no Brasil, permanecendo apenas em S\u00e3o Paulo, ap\u00f3s cerca de 23 anos atuando no pa\u00eds.<\/p>\n\n\n\n<p>\u201cDesde a sua chegada ao Brasil, em 2001, o Grupo Dia tem realizado um forte investimento e esfor\u00e7o no pa\u00eds que n\u00e3o obteve o retorno esperado, persistindo em perdas recorrentes, situa\u00e7\u00e3o que finalmente levou \u00e0 decis\u00e3o de optar pelo referido processo de recupera\u00e7\u00e3o judicial como um potencial estabilizador da situa\u00e7\u00e3o do Dia Brasil\u201d, escreveu a empresa em comunicado.<\/p>\n\n\n\n<p>Ainda de acordo com a varejista, o pedido de recupera\u00e7\u00e3o judicial limita-se exclusivamente \u00e0 opera\u00e7\u00e3o brasileira e, portanto, n\u00e3o impacta a situa\u00e7\u00e3o financeira da Espanha e da Argentina, \u201conde o <strong>Grupo Dia <\/strong>alcan\u00e7ou atualmente uma posi\u00e7\u00e3o relevante com uma estrat\u00e9gia focada na distribui\u00e7\u00e3o local de alimentos\u201d.<\/p>\n\n\n\t<p>\n\t\t<a href=\"https:\/\/lp.suno.com.br\/planilha-da-vida-financeira\/\" target=\"_blank\" data-element=\"shortcode-suno-banner\" title=\"Banner SUNO, clique e saiba mais\">\n\t\t\t<picture>\n\t\t\t\t<source media=\"(max-width: 500px)\" srcset=\"https:\/\/files.sunoresearch.com.br\/n\/uploads\/2023\/04\/400x300-Planilha-vida-financeira-true.png\">\n\t\t\t\t<img class=\"newsContent__article__imgCapa newsContent__article__imgCapa--banner\"\n\t\t\t\t\tsrc=\"https:\/\/files.sunoresearch.com.br\/n\/uploads\/2023\/04\/1420x240-Planilha-vida-financeira-true.png\"\n\t\t\t\t\tdata-promo-id=\"383123\"\t\t\t\t\t\t\t\t\t\twidth='1420' height='240'\t\t\t\t\talt=\"https:\/\/files.sunoresearch.com.br\/n\/uploads\/2023\/04\/1420x240-Planilha-vida-financeira-true.png\"\n\t\t\t\t>\n\t\t\t<\/picture>\n\t\t<\/a>\n\t<\/p>\n\n\n","protected":false},"excerpt":{"rendered":"<p>Nesta quinta-feira (30), o Grupo Dia anunciou a venda de toda a sua opera\u00e7\u00e3o no Brasil por 100 euros, um valor simb\u00f3lico. Supermercado Dia. Foto: Divulga\u00e7\u00e3o\/Dia. Agora, toda a rede Dia ficar\u00e1 com a gestora de ativos brasileira MAM, que pertence ao Banco Master e receber\u00e1 39 milh\u00f5es de euros do grupo, no \u00e2mbito de [&hellip;]<\/p>\n","protected":false},"author":376,"featured_media":536166,"comment_status":"closed","ping_status":"closed","sticky":false,"template":"","format":"standard","meta":[],"categories":[64],"tags":[803],"suno_strategy":[],"class_list":["post-558620","post","type-post","status-publish","format-standard","has-post-thumbnail","hentry","category-negocios","tag-varejo"],"yoast_head":"<!-- This site is optimized with the Yoast SEO plugin v24.4 - https:\/\/yoast.com\/wordpress\/plugins\/seo\/ -->\n<title>Grupo Dia vende opera\u00e7\u00f5es no Brasil por valor simb\u00f3lico<\/title>\n<meta name=\"description\" content=\"O Grupo Dia anunciou a venda de suas opera\u00e7\u00f5es no Brasil, pouco mais de dois meses ap\u00f3s pedir recupera\u00e7\u00e3o judicial.\" \/>\n<meta name=\"robots\" content=\"index, follow, max-snippet:-1, max-image-preview:large, max-video-preview:-1\" \/>\n<link rel=\"canonical\" href=\"https:\/\/www.suno.com.br\/noticias\/grupo-dia-vende-operacoes-brasil-gss\/\" \/>\n<meta property=\"og:locale\" content=\"pt_BR\" \/>\n<meta property=\"og:type\" content=\"article\" \/>\n<meta property=\"og:title\" content=\"Grupo Dia vende opera\u00e7\u00f5es no Brasil por valor simb\u00f3lico\" \/>\n<meta property=\"og:description\" content=\"O Grupo Dia anunciou a venda de suas opera\u00e7\u00f5es no Brasil, pouco mais de dois meses ap\u00f3s pedir recupera\u00e7\u00e3o judicial.\" \/>\n<meta property=\"og:url\" content=\"https:\/\/www.suno.com.br\/noticias\/grupo-dia-vende-operacoes-brasil-gss\/\" \/>\n<meta property=\"og:site_name\" content=\"Suno Not\u00edcias\" \/>\n<meta property=\"article:publisher\" content=\"https:\/\/facebook.com\/sunoresearch\" \/>\n<meta property=\"og:image\" content=\"https:\/\/files.sunoresearch.com.br\/n\/uploads\/2024\/03\/Dia-BR_Tienda.jpeg\" \/>\n\t<meta property=\"og:image:width\" content=\"1280\" \/>\n\t<meta property=\"og:image:height\" content=\"720\" \/>\n\t<meta property=\"og:image:type\" content=\"image\/jpeg\" \/>\n<meta name=\"author\" content=\"Guilherme Serrano\" \/>\n<meta name=\"twitter:card\" content=\"summary_large_image\" \/>\n<meta name=\"twitter:creator\" content=\"@sunoresearch\" \/>\n<meta name=\"twitter:site\" content=\"@sunoresearch\" \/>\n<meta name=\"twitter:label1\" content=\"Escrito por\" \/>\n\t<meta name=\"twitter:data1\" content=\"Guilherme Serrano\" \/>\n\t<meta name=\"twitter:label2\" content=\"Est. tempo de leitura\" \/>\n\t<meta name=\"twitter:data2\" content=\"3 minutos\" \/>\n<script type=\"application\/ld+json\" class=\"yoast-schema-graph\">{\"@context\":\"https:\/\/schema.org\",\"@graph\":[{\"@type\":\"NewsArticle\",\"@id\":\"https:\/\/www.suno.com.br\/noticias\/grupo-dia-vende-operacoes-brasil-gss\/#article\",\"isPartOf\":{\"@id\":\"https:\/\/www.suno.com.br\/noticias\/grupo-dia-vende-operacoes-brasil-gss\/\"},\"author\":{\"name\":\"Guilherme Serrano\",\"@id\":\"https:\/\/www.suno.com.br\/noticias\/#\/schema\/person\/d0f07e64bce64aa671feadfb844f04ca\"},\"headline\":\"Grupo Dia vende opera\u00e7\u00f5es no Brasil por valor simb\u00f3lico\",\"datePublished\":\"2024-05-31T12:44:44+00:00\",\"dateModified\":\"2024-05-31T12:44:48+00:00\",\"mainEntityOfPage\":{\"@id\":\"https:\/\/www.suno.com.br\/noticias\/grupo-dia-vende-operacoes-brasil-gss\/\"},\"wordCount\":464,\"publisher\":{\"@id\":\"https:\/\/www.suno.com.br\/noticias\/#organization\"},\"image\":{\"@id\":\"https:\/\/www.suno.com.br\/noticias\/grupo-dia-vende-operacoes-brasil-gss\/#primaryimage\"},\"thumbnailUrl\":\"https:\/\/files.sunoresearch.com.br\/n\/uploads\/2024\/03\/Dia-BR_Tienda.jpeg\",\"keywords\":[\"varejo\"],\"articleSection\":[\"Neg\u00f3cios\"],\"inLanguage\":\"pt-BR\"},{\"@type\":\"WebPage\",\"@id\":\"https:\/\/www.suno.com.br\/noticias\/grupo-dia-vende-operacoes-brasil-gss\/\",\"url\":\"https:\/\/www.suno.com.br\/noticias\/grupo-dia-vende-operacoes-brasil-gss\/\",\"name\":\"Grupo Dia vende opera\u00e7\u00f5es no Brasil por valor simb\u00f3lico\",\"isPartOf\":{\"@id\":\"https:\/\/www.suno.com.br\/noticias\/#website\"},\"primaryImageOfPage\":{\"@id\":\"https:\/\/www.suno.com.br\/noticias\/grupo-dia-vende-operacoes-brasil-gss\/#primaryimage\"},\"image\":{\"@id\":\"https:\/\/www.suno.com.br\/noticias\/grupo-dia-vende-operacoes-brasil-gss\/#primaryimage\"},\"thumbnailUrl\":\"https:\/\/files.sunoresearch.com.br\/n\/uploads\/2024\/03\/Dia-BR_Tienda.jpeg\",\"datePublished\":\"2024-05-31T12:44:44+00:00\",\"dateModified\":\"2024-05-31T12:44:48+00:00\",\"description\":\"O Grupo Dia anunciou a venda de suas opera\u00e7\u00f5es no Brasil, pouco mais de dois meses ap\u00f3s pedir recupera\u00e7\u00e3o judicial.\",\"breadcrumb\":{\"@id\":\"https:\/\/www.suno.com.br\/noticias\/grupo-dia-vende-operacoes-brasil-gss\/#breadcrumb\"},\"inLanguage\":\"pt-BR\",\"potentialAction\":[{\"@type\":\"ReadAction\",\"target\":[\"https:\/\/www.suno.com.br\/noticias\/grupo-dia-vende-operacoes-brasil-gss\/\"]}]},{\"@type\":\"ImageObject\",\"inLanguage\":\"pt-BR\",\"@id\":\"https:\/\/www.suno.com.br\/noticias\/grupo-dia-vende-operacoes-brasil-gss\/#primaryimage\",\"url\":\"https:\/\/files.sunoresearch.com.br\/n\/uploads\/2024\/03\/Dia-BR_Tienda.jpeg\",\"contentUrl\":\"https:\/\/files.sunoresearch.com.br\/n\/uploads\/2024\/03\/Dia-BR_Tienda.jpeg\",\"width\":1280,\"height\":720,\"caption\":\"Supermercado Dia. Foto: Divulga\u00e7\u00e3o\/Dia.\"},{\"@type\":\"BreadcrumbList\",\"@id\":\"https:\/\/www.suno.com.br\/noticias\/grupo-dia-vende-operacoes-brasil-gss\/#breadcrumb\",\"itemListElement\":[{\"@type\":\"ListItem\",\"position\":1,\"name\":\"Not\u00edcias\",\"item\":\"https:\/\/www.suno.com.br\/noticias\/\"},{\"@type\":\"ListItem\",\"position\":2,\"name\":\"Neg\u00f3cios\",\"item\":\"https:\/\/www.suno.com.br\/noticias\/negocios\/\"},{\"@type\":\"ListItem\",\"position\":3,\"name\":\"Grupo Dia vende opera\u00e7\u00f5es no Brasil por valor simb\u00f3lico\"}]},{\"@type\":\"WebSite\",\"@id\":\"https:\/\/www.suno.com.br\/noticias\/#website\",\"url\":\"https:\/\/www.suno.com.br\/noticias\/\",\"name\":\"Suno Not\u00edcias\",\"description\":\"Seu portal de informa\u00e7\u00e3o sobre o mundo dos investimentos\",\"publisher\":{\"@id\":\"https:\/\/www.suno.com.br\/noticias\/#organization\"},\"potentialAction\":[{\"@type\":\"SearchAction\",\"target\":{\"@type\":\"EntryPoint\",\"urlTemplate\":\"https:\/\/www.suno.com.br\/noticias\/?s={search_term_string}\"},\"query-input\":{\"@type\":\"PropertyValueSpecification\",\"valueRequired\":true,\"valueName\":\"search_term_string\"}}],\"inLanguage\":\"pt-BR\"},{\"@type\":\"Organization\",\"@id\":\"https:\/\/www.suno.com.br\/noticias\/#organization\",\"name\":\"Suno Not\u00edcias\",\"url\":\"https:\/\/www.suno.com.br\/noticias\/\",\"logo\":{\"@type\":\"ImageObject\",\"inLanguage\":\"pt-BR\",\"@id\":\"https:\/\/www.suno.com.br\/noticias\/#\/schema\/logo\/image\/\",\"url\":\"https:\/\/files.sunoresearch.com.br\/n\/uploads\/2021\/09\/suno-logo.png\",\"contentUrl\":\"https:\/\/files.sunoresearch.com.br\/n\/uploads\/2021\/09\/suno-logo.png\",\"width\":180,\"height\":180,\"caption\":\"Suno Not\u00edcias\"},\"image\":{\"@id\":\"https:\/\/www.suno.com.br\/noticias\/#\/schema\/logo\/image\/\"},\"sameAs\":[\"https:\/\/facebook.com\/sunoresearch\",\"https:\/\/x.com\/sunoresearch\",\"https:\/\/www.instagram.com\/suno\",\"https:\/\/www.linkedin.com\/company\/suno-research\/\",\"https:\/\/www.youtube.com\/c\/sunoresearch\"]},{\"@type\":\"Person\",\"@id\":\"https:\/\/www.suno.com.br\/noticias\/#\/schema\/person\/d0f07e64bce64aa671feadfb844f04ca\",\"name\":\"Guilherme Serrano\",\"image\":{\"@type\":\"ImageObject\",\"inLanguage\":\"pt-BR\",\"@id\":\"https:\/\/www.suno.com.br\/noticias\/#\/schema\/person\/image\/\",\"url\":\"https:\/\/secure.gravatar.com\/avatar\/a90be19d8c67bef61497e4522de30ac4?s=96&r=g\",\"contentUrl\":\"https:\/\/secure.gravatar.com\/avatar\/a90be19d8c67bef61497e4522de30ac4?s=96&r=g\",\"caption\":\"Guilherme Serrano\"},\"description\":\"Jornalista formado pela Faculdade C\u00e1sper L\u00edbero e p\u00f3s-graduado em Can\u00e7\u00e3o Popular pela Faculdade Santa Marcelina. Passagens por R\u00e1dio Gazeta AM, gazetaesportiva.com e TC R\u00e1dio.\",\"url\":\"https:\/\/www.suno.com.br\/noticias\/author\/guilherme-silvasuno-com-br\/\"}]}<\/script>\n<!-- \/ Yoast SEO plugin. -->","yoast_head_json":{"title":"Grupo Dia vende opera\u00e7\u00f5es no Brasil por valor simb\u00f3lico","description":"O Grupo Dia anunciou a venda de suas opera\u00e7\u00f5es no Brasil, pouco mais de dois meses ap\u00f3s pedir recupera\u00e7\u00e3o judicial.","robots":{"index":"index","follow":"follow","max-snippet":"max-snippet:-1","max-image-preview":"max-image-preview:large","max-video-preview":"max-video-preview:-1"},"canonical":"https:\/\/www.suno.com.br\/noticias\/grupo-dia-vende-operacoes-brasil-gss\/","og_locale":"pt_BR","og_type":"article","og_title":"Grupo Dia vende opera\u00e7\u00f5es no Brasil por valor simb\u00f3lico","og_description":"O Grupo Dia anunciou a venda de suas opera\u00e7\u00f5es no Brasil, pouco mais de dois meses ap\u00f3s pedir recupera\u00e7\u00e3o judicial.","og_url":"https:\/\/www.suno.com.br\/noticias\/grupo-dia-vende-operacoes-brasil-gss\/","og_site_name":"Suno Not\u00edcias","article_publisher":"https:\/\/facebook.com\/sunoresearch","og_image":[{"width":1280,"height":720,"url":"https:\/\/files.sunoresearch.com.br\/n\/uploads\/2024\/03\/Dia-BR_Tienda.jpeg","type":"image\/jpeg"}],"author":"Guilherme Serrano","twitter_card":"summary_large_image","twitter_creator":"@sunoresearch","twitter_site":"@sunoresearch","twitter_misc":{"Escrito por":"Guilherme Serrano","Est. tempo de leitura":"3 minutos"},"schema":{"@context":"https:\/\/schema.org","@graph":[{"@type":"NewsArticle","@id":"https:\/\/www.suno.com.br\/noticias\/grupo-dia-vende-operacoes-brasil-gss\/#article","isPartOf":{"@id":"https:\/\/www.suno.com.br\/noticias\/grupo-dia-vende-operacoes-brasil-gss\/"},"author":{"name":"Guilherme Serrano","@id":"https:\/\/www.suno.com.br\/noticias\/#\/schema\/person\/d0f07e64bce64aa671feadfb844f04ca"},"headline":"Grupo Dia vende opera\u00e7\u00f5es no Brasil por valor simb\u00f3lico","datePublished":"2024-05-31T12:44:44+00:00","dateModified":"2024-05-31T12:44:48+00:00","mainEntityOfPage":{"@id":"https:\/\/www.suno.com.br\/noticias\/grupo-dia-vende-operacoes-brasil-gss\/"},"wordCount":464,"publisher":{"@id":"https:\/\/www.suno.com.br\/noticias\/#organization"},"image":{"@id":"https:\/\/www.suno.com.br\/noticias\/grupo-dia-vende-operacoes-brasil-gss\/#primaryimage"},"thumbnailUrl":"https:\/\/files.sunoresearch.com.br\/n\/uploads\/2024\/03\/Dia-BR_Tienda.jpeg","keywords":["varejo"],"articleSection":["Neg\u00f3cios"],"inLanguage":"pt-BR"},{"@type":"WebPage","@id":"https:\/\/www.suno.com.br\/noticias\/grupo-dia-vende-operacoes-brasil-gss\/","url":"https:\/\/www.suno.com.br\/noticias\/grupo-dia-vende-operacoes-brasil-gss\/","name":"Grupo Dia vende opera\u00e7\u00f5es no Brasil por valor simb\u00f3lico","isPartOf":{"@id":"https:\/\/www.suno.com.br\/noticias\/#website"},"primaryImageOfPage":{"@id":"https:\/\/www.suno.com.br\/noticias\/grupo-dia-vende-operacoes-brasil-gss\/#primaryimage"},"image":{"@id":"https:\/\/www.suno.com.br\/noticias\/grupo-dia-vende-operacoes-brasil-gss\/#primaryimage"},"thumbnailUrl":"https:\/\/files.sunoresearch.com.br\/n\/uploads\/2024\/03\/Dia-BR_Tienda.jpeg","datePublished":"2024-05-31T12:44:44+00:00","dateModified":"2024-05-31T12:44:48+00:00","description":"O Grupo Dia anunciou a venda de suas opera\u00e7\u00f5es no Brasil, pouco mais de dois meses ap\u00f3s pedir recupera\u00e7\u00e3o judicial.","breadcrumb":{"@id":"https:\/\/www.suno.com.br\/noticias\/grupo-dia-vende-operacoes-brasil-gss\/#breadcrumb"},"inLanguage":"pt-BR","potentialAction":[{"@type":"ReadAction","target":["https:\/\/www.suno.com.br\/noticias\/grupo-dia-vende-operacoes-brasil-gss\/"]}]},{"@type":"ImageObject","inLanguage":"pt-BR","@id":"https:\/\/www.suno.com.br\/noticias\/grupo-dia-vende-operacoes-brasil-gss\/#primaryimage","url":"https:\/\/files.sunoresearch.com.br\/n\/uploads\/2024\/03\/Dia-BR_Tienda.jpeg","contentUrl":"https:\/\/files.sunoresearch.com.br\/n\/uploads\/2024\/03\/Dia-BR_Tienda.jpeg","width":1280,"height":720,"caption":"Supermercado Dia. Foto: Divulga\u00e7\u00e3o\/Dia."},{"@type":"BreadcrumbList","@id":"https:\/\/www.suno.com.br\/noticias\/grupo-dia-vende-operacoes-brasil-gss\/#breadcrumb","itemListElement":[{"@type":"ListItem","position":1,"name":"Not\u00edcias","item":"https:\/\/www.suno.com.br\/noticias\/"},{"@type":"ListItem","position":2,"name":"Neg\u00f3cios","item":"https:\/\/www.suno.com.br\/noticias\/negocios\/"},{"@type":"ListItem","position":3,"name":"Grupo Dia vende opera\u00e7\u00f5es no Brasil por valor simb\u00f3lico"}]},{"@type":"WebSite","@id":"https:\/\/www.suno.com.br\/noticias\/#website","url":"https:\/\/www.suno.com.br\/noticias\/","name":"Suno Not\u00edcias","description":"Seu portal de informa\u00e7\u00e3o sobre o mundo dos investimentos","publisher":{"@id":"https:\/\/www.suno.com.br\/noticias\/#organization"},"potentialAction":[{"@type":"SearchAction","target":{"@type":"EntryPoint","urlTemplate":"https:\/\/www.suno.com.br\/noticias\/?s={search_term_string}"},"query-input":{"@type":"PropertyValueSpecification","valueRequired":true,"valueName":"search_term_string"}}],"inLanguage":"pt-BR"},{"@type":"Organization","@id":"https:\/\/www.suno.com.br\/noticias\/#organization","name":"Suno Not\u00edcias","url":"https:\/\/www.suno.com.br\/noticias\/","logo":{"@type":"ImageObject","inLanguage":"pt-BR","@id":"https:\/\/www.suno.com.br\/noticias\/#\/schema\/logo\/image\/","url":"https:\/\/files.sunoresearch.com.br\/n\/uploads\/2021\/09\/suno-logo.png","contentUrl":"https:\/\/files.sunoresearch.com.br\/n\/uploads\/2021\/09\/suno-logo.png","width":180,"height":180,"caption":"Suno Not\u00edcias"},"image":{"@id":"https:\/\/www.suno.com.br\/noticias\/#\/schema\/logo\/image\/"},"sameAs":["https:\/\/facebook.com\/sunoresearch","https:\/\/x.com\/sunoresearch","https:\/\/www.instagram.com\/suno","https:\/\/www.linkedin.com\/company\/suno-research\/","https:\/\/www.youtube.com\/c\/sunoresearch"]},{"@type":"Person","@id":"https:\/\/www.suno.com.br\/noticias\/#\/schema\/person\/d0f07e64bce64aa671feadfb844f04ca","name":"Guilherme Serrano","image":{"@type":"ImageObject","inLanguage":"pt-BR","@id":"https:\/\/www.suno.com.br\/noticias\/#\/schema\/person\/image\/","url":"https:\/\/secure.gravatar.com\/avatar\/a90be19d8c67bef61497e4522de30ac4?s=96&r=g","contentUrl":"https:\/\/secure.gravatar.com\/avatar\/a90be19d8c67bef61497e4522de30ac4?s=96&r=g","caption":"Guilherme Serrano"},"description":"Jornalista formado pela Faculdade C\u00e1sper L\u00edbero e p\u00f3s-graduado em Can\u00e7\u00e3o Popular pela Faculdade Santa Marcelina. Passagens por R\u00e1dio Gazeta AM, gazetaesportiva.com e TC R\u00e1dio.","url":"https:\/\/www.suno.com.br\/noticias\/author\/guilherme-silvasuno-com-br\/"}]}},"default_loop_html":"<div class=\"cardsPage__listCard__boxs\"><div class=\"cardsPage__listCard__boxs__img\"><a href=\"https:\/\/www.suno.com.br\/noticias\/grupo-dia-vende-operacoes-brasil-gss\/\"><img class=\"mask\" src=\"https:\/\/www.suno.com.br\/noticias\/wp-content\/themes\/suno\/resources\/images\/spotlight\/spotlight1img\/bg-mask.png\" alt=\"Image Mask\"\/><img src=\"https:\/\/files.sunoresearch.com.br\/n\/uploads\/2024\/03\/Dia-BR_Tienda-400x200.jpeg\" alt=\"Grupo Dia vende opera\u00e7\u00f5es no Brasil por valor simb\u00f3lico\"\/><\/a><span class=\"spotlightCategory\"><a href=\"https:\/\/www.suno.com.br\/noticias\/negocios\/\">Neg\u00f3cios<\/a><\/span><\/div><div class=\"cardsPage__listCard__boxs__content\"><a href=\"https:\/\/www.suno.com.br\/noticias\/grupo-dia-vende-operacoes-brasil-gss\/\"><h2 class=\"content__title\">Grupo Dia vende opera\u00e7\u00f5es no Brasil por valor simb\u00f3lico<\/h2><\/a><div class=\"newsContent__article__meta\"><div class=\"newsContent__article__meta__authorBox\"><a href=\"https:\/\/www.suno.com.br\/noticias\/author\/guilherme-silvasuno-com-br\/\" class=\"authorBox__avatar noMobi\"><img src=\"https:\/\/secure.gravatar.com\/avatar\/a90be19d8c67bef61497e4522de30ac4?s=96&#038;r=g\" alt=\"Guilherme Serrano\"><\/a><div class=\"authorBox__name\"><span>por\n\t\t\t<a href=\"https:\/\/www.suno.com.br\/noticias\/author\/guilherme-silvasuno-com-br\/\"><span itemprop=\"author\">Guilherme Serrano<\/span><\/a><\/span><time datetime=\"2024-05-31T09:44:44-03:00\" itemprop=\"datePublished\">31\/05\/2024 09:44<\/time><\/div><\/div><\/div><\/div><\/div>","single_layout":"posts","amp_enabled":true,"_links":{"self":[{"href":"https:\/\/www.suno.com.br\/noticias\/wp-json\/wp\/v2\/posts\/558620"}],"collection":[{"href":"https:\/\/www.suno.com.br\/noticias\/wp-json\/wp\/v2\/posts"}],"about":[{"href":"https:\/\/www.suno.com.br\/noticias\/wp-json\/wp\/v2\/types\/post"}],"author":[{"embeddable":true,"href":"https:\/\/www.suno.com.br\/noticias\/wp-json\/wp\/v2\/users\/376"}],"replies":[{"embeddable":true,"href":"https:\/\/www.suno.com.br\/noticias\/wp-json\/wp\/v2\/comments?post=558620"}],"version-history":[{"count":2,"href":"https:\/\/www.suno.com.br\/noticias\/wp-json\/wp\/v2\/posts\/558620\/revisions"}],"predecessor-version":[{"id":558628,"href":"https:\/\/www.suno.com.br\/noticias\/wp-json\/wp\/v2\/posts\/558620\/revisions\/558628"}],"wp:featuredmedia":[{"embeddable":true,"href":"https:\/\/www.suno.com.br\/noticias\/wp-json\/wp\/v2\/media\/536166"}],"wp:attachment":[{"href":"https:\/\/www.suno.com.br\/noticias\/wp-json\/wp\/v2\/media?parent=558620"}],"wp:term":[{"taxonomy":"category","embeddable":true,"href":"https:\/\/www.suno.com.br\/noticias\/wp-json\/wp\/v2\/categories?post=558620"},{"taxonomy":"post_tag","embeddable":true,"href":"https:\/\/www.suno.com.br\/noticias\/wp-json\/wp\/v2\/tags?post=558620"},{"taxonomy":"suno_strategy","embeddable":true,"href":"https:\/\/www.suno.com.br\/noticias\/wp-json\/wp\/v2\/suno_strategy?post=558620"}],"curies":[{"name":"wp","href":"https:\/\/api.w.org\/{rel}","templated":true}]}}