{"id":55800,"date":"2020-03-10T11:08:06","date_gmt":"2020-03-10T14:08:06","guid":{"rendered":"https:\/\/www.suno.com.br\/noticias\/?p=55800"},"modified":"2020-03-14T09:19:12","modified_gmt":"2020-03-14T12:19:12","slug":"assembleia-gol-incorporacao-smiles-dia-18","status":"publish","type":"post","link":"https:\/\/www.suno.com.br\/noticias\/assembleia-gol-incorporacao-smiles-dia-18\/","title":{"rendered":"Assembleia Geral da Gol sobre incorpora\u00e7\u00e3o da Smiles ser\u00e1 retomada no dia 18"},"content":{"rendered":"<p>A <a href=\"https:\/\/www.suno.com.br\/acoes\/goll4\/\"><strong>Gol Linhas A\u00e9reas<\/strong> (GOLL4)<\/a> comunicou nesta ter\u00e7a-feira (10) ao mercado que sua <a href=\"https:\/\/www.suno.com.br\/artigos\/assembleia-geral-extraordinaria\/\">assembleia geral extraordin\u00e1ria (AGE)<\/a>, do dia 5 de mar\u00e7o, sobre a incorpora\u00e7\u00e3o da <strong><a href=\"https:\/\/www.suno.com.br\/acoes\/smls3\/\">Smiles (SMLS3)<\/a> <\/strong>e a reorganiza\u00e7\u00e3o da empresa, ser\u00e1 retomada no dia 18 deste m\u00eas, \u00e0s 16h30, na sede da companhia, em S\u00e3o Paulo.<\/p>\t<div class=\"wrapper-featured-image\">\n\t\t<figure class=\"spotlightImg\">\n\n\t\t\t<picture>\n\t\t\t\t<source media=\"(max-width: 768px)\" srcset=\"https:\/\/files.sunoresearch.com.br\/n\/uploads\/2019\/06\/6d0ccee2-gol-smiles-400x200.webp\">\n\t\t\t\t<img loading=\"lazy\" decoding=\"async\" class=\"newsContent__article__imgCapa lazyloadDisabled newsContent__article__imgCapa--noCaption\" src=\"https:\/\/files.sunoresearch.com.br\/n\/uploads\/2019\/06\/6d0ccee2-gol-smiles-png.webp\" width=\"800\" height=\"450\" alt=\"Assembleia Geral da Gol sobre incorpora\u00e7\u00e3o da Smiles ser\u00e1 retomada no dia 18\" fetchpriority=high \/>\n\t\t\t<\/picture>\n\n\t\t\t<figcaption class=\"wp-caption-text wp-caption-text--hide\">Gol (GOLL4): Acionistas da Smiles solicitam R$ 1,6 bilh\u00e3o)<\/figcaption>\n\t\t<\/figure>\n\t<\/div>\n\n\n\n<p>A assembleia da Smiles, que estava prevista tamb\u00e9m para o dia 5 de mar\u00e7o, n\u00e3o aconteceu por n\u00e3o ter acionistas o suficiente para ser realizada. A Smiles fez uma nova convoca\u00e7\u00e3o para uma AGE, para o pr\u00f3ximo dia 18, em Barueri, na sede da empresa.<\/p>\n<h2>Incorpora\u00e7\u00e3o da Smiles pela Gol deve ser realizada em maio<\/h2>\n<p>A <strong>Gol<\/strong>\u00a0informou no dia 20 de fevereiro que tinha como objetivo incorporar a empresa de fidelidade <strong>Smiles<\/strong>\u00a0em maio.<\/p>\n<p>Durante a teleconfer\u00eancia, apresentando o balan\u00e7o de resultados de 2019, o vice-presidente financeiro da Gol, Richard Lark, afirmou que uma assembleia entre acionistas da a\u00e9rea e da <strong>Smiles<\/strong> ocorrer\u00e1 em 5 de mar\u00e7o. Na ocasi\u00e3o, as empresas devem decidir sobre a fus\u00e3o.<\/p>\n<p><a href=\"https:\/\/www.suno.com.br\/noticias\/gol-pretende-incorporar-smiles-maio\/\">Saiba mais: Gol (GOLL4) pretende incorporar Smiles em maio, diz vice-presidente<\/a><\/p>\n<p>\u201c\u00c9 prov\u00e1vel que a Gol liquide a incorpora\u00e7\u00e3o da Smiles em maio. A incorpora\u00e7\u00e3o vai gerar melhorias em gastos tribut\u00e1rios e nos rendimentos. A gera\u00e7\u00e3o de caixa ser\u00e1 maior\u201d, afirmou o executivo.<\/p>\n<p>Desde o final de janeiro, a companhia j\u00e1 det\u00e9m o controle da empresa de fidelidade de forma indireta. Isso porque a GLA, subsidi\u00e1ria da Gol, adquiriu as a\u00e7\u00f5es da Smiles no m\u00eas passado.<\/p>\n<p><a href=\"https:\/\/www.suno.com.br\/nossas-assinaturas\/suno-premium\/\">Bolsa em queda livre!? Aproveita as maiores oportunidades da bolsa brasileira com nosso acesso Suno Premium<\/a><\/p>\n<p>Segundo o vice-presidente financeiro da <strong>Gol<\/strong>, a proje\u00e7\u00e3o de obter R$ 15,4 bilh\u00f5es de <a href=\"https:\/\/www.suno.com.br\/artigos\/o-que-receita-liquida\/\">receita<\/a> em 2020, divulgada em meados de fevereiro, considera a incorpora\u00e7\u00e3o da <strong>Smiles<\/strong>. No ano passado, a receita da companhia foi de R$ 13,9 bilh\u00f5es.<\/p>\n\n<div id=\"njcdgcofcbnlbpkpdhmlmiblaglnkpnj\"><\/div>\n","protected":false},"excerpt":{"rendered":"<p>A Gol Linhas A\u00e9reas (GOLL4) comunicou nesta ter\u00e7a-feira (10) ao mercado que sua assembleia geral extraordin\u00e1ria (AGE), do dia 5 de mar\u00e7o, sobre a incorpora\u00e7\u00e3o da Smiles (SMLS3) e a reorganiza\u00e7\u00e3o da empresa, ser\u00e1 retomada no dia 18 deste m\u00eas, \u00e0s 16h30, na sede da companhia, em S\u00e3o Paulo. Gol (GOLL4): Acionistas da Smiles solicitam [&hellip;]<\/p>\n","protected":false},"author":19,"featured_media":28795,"comment_status":"closed","ping_status":"closed","sticky":false,"template":"","format":"standard","meta":[],"categories":[64],"tags":[489,637],"suno_strategy":[],"class_list":["post-55800","post","type-post","status-publish","format-standard","has-post-thumbnail","hentry","category-negocios","tag-gol-linhas-aereas-goll11-goll4","tag-smiles-smls3"],"yoast_head":"<!-- This site is optimized with the Yoast SEO plugin v24.4 - https:\/\/yoast.com\/wordpress\/plugins\/seo\/ -->\n<title>Assembleia da Gol sobre incorpora\u00e7\u00e3o da Smiles ser\u00e1 retomada no dia 18<\/title>\n<meta name=\"description\" content=\"A Gol comunicou que sua assembleia geral extraordin\u00e1ria do dia 5 de mar\u00e7o, sobre a incorpora\u00e7\u00e3o da Smiles, ser\u00e1 retomada no dia 18 deste m\u00eas.\" \/>\n<meta name=\"robots\" content=\"index, follow, max-snippet:-1, max-image-preview:large, max-video-preview:-1\" \/>\n<link rel=\"canonical\" href=\"https:\/\/www.suno.com.br\/noticias\/assembleia-gol-incorporacao-smiles-dia-18\/\" \/>\n<meta property=\"og:locale\" content=\"pt_BR\" \/>\n<meta property=\"og:type\" content=\"article\" \/>\n<meta property=\"og:title\" content=\"Assembleia da Gol sobre incorpora\u00e7\u00e3o da Smiles ser\u00e1 retomada no dia 18\" \/>\n<meta property=\"og:description\" content=\"A Gol comunicou que sua assembleia geral extraordin\u00e1ria do dia 5 de mar\u00e7o, sobre a incorpora\u00e7\u00e3o da Smiles, ser\u00e1 retomada no dia 18 deste m\u00eas.\" \/>\n<meta property=\"og:url\" content=\"https:\/\/www.suno.com.br\/noticias\/assembleia-gol-incorporacao-smiles-dia-18\/\" \/>\n<meta property=\"og:site_name\" content=\"Suno Not\u00edcias\" \/>\n<meta property=\"article:publisher\" content=\"https:\/\/facebook.com\/sunoresearch\" \/>\n<meta property=\"og:image\" content=\"https:\/\/files.sunoresearch.com.br\/n\/uploads\/2019\/06\/6d0ccee2-gol-smiles.png\" \/>\n\t<meta property=\"og:image:width\" content=\"568\" \/>\n\t<meta property=\"og:image:height\" content=\"388\" \/>\n\t<meta property=\"og:image:type\" content=\"image\/png\" \/>\n<meta name=\"author\" content=\"Juliano Passaro\" \/>\n<meta name=\"twitter:card\" content=\"summary_large_image\" \/>\n<meta name=\"twitter:creator\" content=\"@sunoresearch\" \/>\n<meta name=\"twitter:site\" content=\"@sunoresearch\" \/>\n<meta name=\"twitter:label1\" content=\"Escrito por\" \/>\n\t<meta name=\"twitter:data1\" content=\"Juliano Passaro\" \/>\n\t<meta name=\"twitter:label2\" content=\"Est. tempo de leitura\" \/>\n\t<meta name=\"twitter:data2\" content=\"2 minutos\" \/>\n<script type=\"application\/ld+json\" class=\"yoast-schema-graph\">{\"@context\":\"https:\/\/schema.org\",\"@graph\":[{\"@type\":\"NewsArticle\",\"@id\":\"https:\/\/www.suno.com.br\/noticias\/assembleia-gol-incorporacao-smiles-dia-18\/#article\",\"isPartOf\":{\"@id\":\"https:\/\/www.suno.com.br\/noticias\/assembleia-gol-incorporacao-smiles-dia-18\/\"},\"author\":{\"name\":\"Juliano Passaro\",\"@id\":\"https:\/\/www.suno.com.br\/noticias\/#\/schema\/person\/1db762f78ffd8919a648a63e425953e3\"},\"headline\":\"Assembleia Geral da Gol sobre incorpora\u00e7\u00e3o da Smiles ser\u00e1 retomada no dia 18\",\"datePublished\":\"2020-03-10T14:08:06+00:00\",\"dateModified\":\"2020-03-14T12:19:12+00:00\",\"mainEntityOfPage\":{\"@id\":\"https:\/\/www.suno.com.br\/noticias\/assembleia-gol-incorporacao-smiles-dia-18\/\"},\"wordCount\":340,\"publisher\":{\"@id\":\"https:\/\/www.suno.com.br\/noticias\/#organization\"},\"image\":{\"@id\":\"https:\/\/www.suno.com.br\/noticias\/assembleia-gol-incorporacao-smiles-dia-18\/#primaryimage\"},\"thumbnailUrl\":\"https:\/\/files.sunoresearch.com.br\/n\/uploads\/2019\/06\/6d0ccee2-gol-smiles-png.webp\",\"keywords\":[\"Gol Linhas A\u00e9reas (GOLL11\/GOLL4)\",\"Smiles (SMLS3)\"],\"articleSection\":[\"Neg\u00f3cios\"],\"inLanguage\":\"pt-BR\"},{\"@type\":\"WebPage\",\"@id\":\"https:\/\/www.suno.com.br\/noticias\/assembleia-gol-incorporacao-smiles-dia-18\/\",\"url\":\"https:\/\/www.suno.com.br\/noticias\/assembleia-gol-incorporacao-smiles-dia-18\/\",\"name\":\"Assembleia da Gol sobre incorpora\u00e7\u00e3o da Smiles ser\u00e1 retomada no dia 18\",\"isPartOf\":{\"@id\":\"https:\/\/www.suno.com.br\/noticias\/#website\"},\"primaryImageOfPage\":{\"@id\":\"https:\/\/www.suno.com.br\/noticias\/assembleia-gol-incorporacao-smiles-dia-18\/#primaryimage\"},\"image\":{\"@id\":\"https:\/\/www.suno.com.br\/noticias\/assembleia-gol-incorporacao-smiles-dia-18\/#primaryimage\"},\"thumbnailUrl\":\"https:\/\/files.sunoresearch.com.br\/n\/uploads\/2019\/06\/6d0ccee2-gol-smiles-png.webp\",\"datePublished\":\"2020-03-10T14:08:06+00:00\",\"dateModified\":\"2020-03-14T12:19:12+00:00\",\"description\":\"A Gol comunicou que sua assembleia geral extraordin\u00e1ria do dia 5 de mar\u00e7o, sobre a incorpora\u00e7\u00e3o da Smiles, ser\u00e1 retomada no dia 18 deste m\u00eas.\",\"breadcrumb\":{\"@id\":\"https:\/\/www.suno.com.br\/noticias\/assembleia-gol-incorporacao-smiles-dia-18\/#breadcrumb\"},\"inLanguage\":\"pt-BR\",\"potentialAction\":[{\"@type\":\"ReadAction\",\"target\":[\"https:\/\/www.suno.com.br\/noticias\/assembleia-gol-incorporacao-smiles-dia-18\/\"]}]},{\"@type\":\"ImageObject\",\"inLanguage\":\"pt-BR\",\"@id\":\"https:\/\/www.suno.com.br\/noticias\/assembleia-gol-incorporacao-smiles-dia-18\/#primaryimage\",\"url\":\"https:\/\/files.sunoresearch.com.br\/n\/uploads\/2019\/06\/6d0ccee2-gol-smiles-png.webp\",\"contentUrl\":\"https:\/\/files.sunoresearch.com.br\/n\/uploads\/2019\/06\/6d0ccee2-gol-smiles-png.webp\",\"width\":568,\"height\":388,\"caption\":\"Gol (GOLL4): Acionistas da Smiles solicitam R$ 1,6 bilh\u00e3o)\"},{\"@type\":\"BreadcrumbList\",\"@id\":\"https:\/\/www.suno.com.br\/noticias\/assembleia-gol-incorporacao-smiles-dia-18\/#breadcrumb\",\"itemListElement\":[{\"@type\":\"ListItem\",\"position\":1,\"name\":\"Not\u00edcias\",\"item\":\"https:\/\/www.suno.com.br\/noticias\/\"},{\"@type\":\"ListItem\",\"position\":2,\"name\":\"Neg\u00f3cios\",\"item\":\"https:\/\/www.suno.com.br\/noticias\/negocios\/\"},{\"@type\":\"ListItem\",\"position\":3,\"name\":\"Assembleia Geral da Gol sobre incorpora\u00e7\u00e3o da Smiles ser\u00e1 retomada no dia 18\"}]},{\"@type\":\"WebSite\",\"@id\":\"https:\/\/www.suno.com.br\/noticias\/#website\",\"url\":\"https:\/\/www.suno.com.br\/noticias\/\",\"name\":\"Suno Not\u00edcias\",\"description\":\"Seu portal de informa\u00e7\u00e3o sobre o mundo dos investimentos\",\"publisher\":{\"@id\":\"https:\/\/www.suno.com.br\/noticias\/#organization\"},\"potentialAction\":[{\"@type\":\"SearchAction\",\"target\":{\"@type\":\"EntryPoint\",\"urlTemplate\":\"https:\/\/www.suno.com.br\/noticias\/?s={search_term_string}\"},\"query-input\":{\"@type\":\"PropertyValueSpecification\",\"valueRequired\":true,\"valueName\":\"search_term_string\"}}],\"inLanguage\":\"pt-BR\"},{\"@type\":\"Organization\",\"@id\":\"https:\/\/www.suno.com.br\/noticias\/#organization\",\"name\":\"Suno Not\u00edcias\",\"url\":\"https:\/\/www.suno.com.br\/noticias\/\",\"logo\":{\"@type\":\"ImageObject\",\"inLanguage\":\"pt-BR\",\"@id\":\"https:\/\/www.suno.com.br\/noticias\/#\/schema\/logo\/image\/\",\"url\":\"https:\/\/files.sunoresearch.com.br\/n\/uploads\/2021\/09\/suno-logo.png\",\"contentUrl\":\"https:\/\/files.sunoresearch.com.br\/n\/uploads\/2021\/09\/suno-logo.png\",\"width\":180,\"height\":180,\"caption\":\"Suno Not\u00edcias\"},\"image\":{\"@id\":\"https:\/\/www.suno.com.br\/noticias\/#\/schema\/logo\/image\/\"},\"sameAs\":[\"https:\/\/facebook.com\/sunoresearch\",\"https:\/\/x.com\/sunoresearch\",\"https:\/\/www.instagram.com\/suno\",\"https:\/\/www.linkedin.com\/company\/suno-research\/\",\"https:\/\/www.youtube.com\/c\/sunoresearch\"]},{\"@type\":\"Person\",\"@id\":\"https:\/\/www.suno.com.br\/noticias\/#\/schema\/person\/1db762f78ffd8919a648a63e425953e3\",\"name\":\"Juliano Passaro\",\"image\":{\"@type\":\"ImageObject\",\"inLanguage\":\"pt-BR\",\"@id\":\"https:\/\/www.suno.com.br\/noticias\/#\/schema\/person\/image\/\",\"url\":\"https:\/\/secure.gravatar.com\/avatar\/743d4df28eebf6dcc46b4ad03c319e92?s=96&r=g\",\"contentUrl\":\"https:\/\/secure.gravatar.com\/avatar\/743d4df28eebf6dcc46b4ad03c319e92?s=96&r=g\",\"caption\":\"Juliano Passaro\"},\"description\":\"Juliano Passaro escreve sobre pol\u00edtica, economia e neg\u00f3cios para o portal da Suno Research. Antes da Suno, trabalhou no Portal da Band. \u00c9 formado em jornalismo pela Universidade Presbiteriana Mackenzie.\",\"url\":\"https:\/\/www.suno.com.br\/noticias\/author\/juliano\/\"}]}<\/script>\n<!-- \/ Yoast SEO plugin. -->","yoast_head_json":{"title":"Assembleia da Gol sobre incorpora\u00e7\u00e3o da Smiles ser\u00e1 retomada no dia 18","description":"A Gol comunicou que sua assembleia geral extraordin\u00e1ria do dia 5 de mar\u00e7o, sobre a incorpora\u00e7\u00e3o da Smiles, ser\u00e1 retomada no dia 18 deste m\u00eas.","robots":{"index":"index","follow":"follow","max-snippet":"max-snippet:-1","max-image-preview":"max-image-preview:large","max-video-preview":"max-video-preview:-1"},"canonical":"https:\/\/www.suno.com.br\/noticias\/assembleia-gol-incorporacao-smiles-dia-18\/","og_locale":"pt_BR","og_type":"article","og_title":"Assembleia da Gol sobre incorpora\u00e7\u00e3o da Smiles ser\u00e1 retomada no dia 18","og_description":"A Gol comunicou que sua assembleia geral extraordin\u00e1ria do dia 5 de mar\u00e7o, sobre a incorpora\u00e7\u00e3o da Smiles, ser\u00e1 retomada no dia 18 deste m\u00eas.","og_url":"https:\/\/www.suno.com.br\/noticias\/assembleia-gol-incorporacao-smiles-dia-18\/","og_site_name":"Suno Not\u00edcias","article_publisher":"https:\/\/facebook.com\/sunoresearch","og_image":[{"width":568,"height":388,"url":"https:\/\/files.sunoresearch.com.br\/n\/uploads\/2019\/06\/6d0ccee2-gol-smiles.png","type":"image\/png"}],"author":"Juliano Passaro","twitter_card":"summary_large_image","twitter_creator":"@sunoresearch","twitter_site":"@sunoresearch","twitter_misc":{"Escrito por":"Juliano Passaro","Est. tempo de leitura":"2 minutos"},"schema":{"@context":"https:\/\/schema.org","@graph":[{"@type":"NewsArticle","@id":"https:\/\/www.suno.com.br\/noticias\/assembleia-gol-incorporacao-smiles-dia-18\/#article","isPartOf":{"@id":"https:\/\/www.suno.com.br\/noticias\/assembleia-gol-incorporacao-smiles-dia-18\/"},"author":{"name":"Juliano Passaro","@id":"https:\/\/www.suno.com.br\/noticias\/#\/schema\/person\/1db762f78ffd8919a648a63e425953e3"},"headline":"Assembleia Geral da Gol sobre incorpora\u00e7\u00e3o da Smiles ser\u00e1 retomada no dia 18","datePublished":"2020-03-10T14:08:06+00:00","dateModified":"2020-03-14T12:19:12+00:00","mainEntityOfPage":{"@id":"https:\/\/www.suno.com.br\/noticias\/assembleia-gol-incorporacao-smiles-dia-18\/"},"wordCount":340,"publisher":{"@id":"https:\/\/www.suno.com.br\/noticias\/#organization"},"image":{"@id":"https:\/\/www.suno.com.br\/noticias\/assembleia-gol-incorporacao-smiles-dia-18\/#primaryimage"},"thumbnailUrl":"https:\/\/files.sunoresearch.com.br\/n\/uploads\/2019\/06\/6d0ccee2-gol-smiles-png.webp","keywords":["Gol Linhas A\u00e9reas (GOLL11\/GOLL4)","Smiles (SMLS3)"],"articleSection":["Neg\u00f3cios"],"inLanguage":"pt-BR"},{"@type":"WebPage","@id":"https:\/\/www.suno.com.br\/noticias\/assembleia-gol-incorporacao-smiles-dia-18\/","url":"https:\/\/www.suno.com.br\/noticias\/assembleia-gol-incorporacao-smiles-dia-18\/","name":"Assembleia da Gol sobre incorpora\u00e7\u00e3o da Smiles ser\u00e1 retomada no dia 18","isPartOf":{"@id":"https:\/\/www.suno.com.br\/noticias\/#website"},"primaryImageOfPage":{"@id":"https:\/\/www.suno.com.br\/noticias\/assembleia-gol-incorporacao-smiles-dia-18\/#primaryimage"},"image":{"@id":"https:\/\/www.suno.com.br\/noticias\/assembleia-gol-incorporacao-smiles-dia-18\/#primaryimage"},"thumbnailUrl":"https:\/\/files.sunoresearch.com.br\/n\/uploads\/2019\/06\/6d0ccee2-gol-smiles-png.webp","datePublished":"2020-03-10T14:08:06+00:00","dateModified":"2020-03-14T12:19:12+00:00","description":"A Gol comunicou que sua assembleia geral extraordin\u00e1ria do dia 5 de mar\u00e7o, sobre a incorpora\u00e7\u00e3o da Smiles, ser\u00e1 retomada no dia 18 deste m\u00eas.","breadcrumb":{"@id":"https:\/\/www.suno.com.br\/noticias\/assembleia-gol-incorporacao-smiles-dia-18\/#breadcrumb"},"inLanguage":"pt-BR","potentialAction":[{"@type":"ReadAction","target":["https:\/\/www.suno.com.br\/noticias\/assembleia-gol-incorporacao-smiles-dia-18\/"]}]},{"@type":"ImageObject","inLanguage":"pt-BR","@id":"https:\/\/www.suno.com.br\/noticias\/assembleia-gol-incorporacao-smiles-dia-18\/#primaryimage","url":"https:\/\/files.sunoresearch.com.br\/n\/uploads\/2019\/06\/6d0ccee2-gol-smiles-png.webp","contentUrl":"https:\/\/files.sunoresearch.com.br\/n\/uploads\/2019\/06\/6d0ccee2-gol-smiles-png.webp","width":568,"height":388,"caption":"Gol (GOLL4): Acionistas da Smiles solicitam R$ 1,6 bilh\u00e3o)"},{"@type":"BreadcrumbList","@id":"https:\/\/www.suno.com.br\/noticias\/assembleia-gol-incorporacao-smiles-dia-18\/#breadcrumb","itemListElement":[{"@type":"ListItem","position":1,"name":"Not\u00edcias","item":"https:\/\/www.suno.com.br\/noticias\/"},{"@type":"ListItem","position":2,"name":"Neg\u00f3cios","item":"https:\/\/www.suno.com.br\/noticias\/negocios\/"},{"@type":"ListItem","position":3,"name":"Assembleia Geral da Gol sobre incorpora\u00e7\u00e3o da Smiles ser\u00e1 retomada no dia 18"}]},{"@type":"WebSite","@id":"https:\/\/www.suno.com.br\/noticias\/#website","url":"https:\/\/www.suno.com.br\/noticias\/","name":"Suno Not\u00edcias","description":"Seu portal de informa\u00e7\u00e3o sobre o mundo dos investimentos","publisher":{"@id":"https:\/\/www.suno.com.br\/noticias\/#organization"},"potentialAction":[{"@type":"SearchAction","target":{"@type":"EntryPoint","urlTemplate":"https:\/\/www.suno.com.br\/noticias\/?s={search_term_string}"},"query-input":{"@type":"PropertyValueSpecification","valueRequired":true,"valueName":"search_term_string"}}],"inLanguage":"pt-BR"},{"@type":"Organization","@id":"https:\/\/www.suno.com.br\/noticias\/#organization","name":"Suno Not\u00edcias","url":"https:\/\/www.suno.com.br\/noticias\/","logo":{"@type":"ImageObject","inLanguage":"pt-BR","@id":"https:\/\/www.suno.com.br\/noticias\/#\/schema\/logo\/image\/","url":"https:\/\/files.sunoresearch.com.br\/n\/uploads\/2021\/09\/suno-logo.png","contentUrl":"https:\/\/files.sunoresearch.com.br\/n\/uploads\/2021\/09\/suno-logo.png","width":180,"height":180,"caption":"Suno Not\u00edcias"},"image":{"@id":"https:\/\/www.suno.com.br\/noticias\/#\/schema\/logo\/image\/"},"sameAs":["https:\/\/facebook.com\/sunoresearch","https:\/\/x.com\/sunoresearch","https:\/\/www.instagram.com\/suno","https:\/\/www.linkedin.com\/company\/suno-research\/","https:\/\/www.youtube.com\/c\/sunoresearch"]},{"@type":"Person","@id":"https:\/\/www.suno.com.br\/noticias\/#\/schema\/person\/1db762f78ffd8919a648a63e425953e3","name":"Juliano Passaro","image":{"@type":"ImageObject","inLanguage":"pt-BR","@id":"https:\/\/www.suno.com.br\/noticias\/#\/schema\/person\/image\/","url":"https:\/\/secure.gravatar.com\/avatar\/743d4df28eebf6dcc46b4ad03c319e92?s=96&r=g","contentUrl":"https:\/\/secure.gravatar.com\/avatar\/743d4df28eebf6dcc46b4ad03c319e92?s=96&r=g","caption":"Juliano Passaro"},"description":"Juliano Passaro escreve sobre pol\u00edtica, economia e neg\u00f3cios para o portal da Suno Research. Antes da Suno, trabalhou no Portal da Band. \u00c9 formado em jornalismo pela Universidade Presbiteriana Mackenzie.","url":"https:\/\/www.suno.com.br\/noticias\/author\/juliano\/"}]}},"default_loop_html":"<div class=\"cardsPage__listCard__boxs\"><div class=\"cardsPage__listCard__boxs__img\"><a href=\"https:\/\/www.suno.com.br\/noticias\/assembleia-gol-incorporacao-smiles-dia-18\/\"><img class=\"mask\" src=\"https:\/\/www.suno.com.br\/noticias\/wp-content\/themes\/suno\/resources\/images\/spotlight\/spotlight1img\/bg-mask.png\" alt=\"Image Mask\"\/><img src=\"https:\/\/files.sunoresearch.com.br\/n\/uploads\/2019\/06\/6d0ccee2-gol-smiles-400x200.webp\" alt=\"Assembleia Geral da Gol sobre incorpora\u00e7\u00e3o da Smiles ser\u00e1 retomada no dia 18\"\/><\/a><span class=\"spotlightCategory\"><a href=\"https:\/\/www.suno.com.br\/noticias\/negocios\/\">Neg\u00f3cios<\/a><\/span><\/div><div class=\"cardsPage__listCard__boxs__content\"><a href=\"https:\/\/www.suno.com.br\/noticias\/assembleia-gol-incorporacao-smiles-dia-18\/\"><h2 class=\"content__title\">Assembleia Geral da Gol sobre incorpora\u00e7\u00e3o da Smiles ser\u00e1 retomada no dia 18<\/h2><\/a><div class=\"newsContent__article__meta\"><div class=\"newsContent__article__meta__authorBox\"><a href=\"https:\/\/www.suno.com.br\/noticias\/author\/juliano\/\" class=\"authorBox__avatar noMobi\"><img src=\"https:\/\/files.sunoresearch.com.br\/n\/uploads\/2019\/06\/7cc3efea-whatsapp-image-2019-07-18-at-21.59.33-e1563499821209-150x150.webp\" alt=\"Juliano Passaro\"><\/a><div class=\"authorBox__name\"><span>por\n\t\t\t<a href=\"https:\/\/www.suno.com.br\/noticias\/author\/juliano\/\"><span itemprop=\"author\">Juliano Passaro<\/span><\/a><\/span><time datetime=\"2020-03-10T11:08:06-03:00\" itemprop=\"datePublished\">10\/03\/2020 11:08<\/time><\/div><\/div><\/div><\/div><\/div>","single_layout":"posts","amp_enabled":true,"_links":{"self":[{"href":"https:\/\/www.suno.com.br\/noticias\/wp-json\/wp\/v2\/posts\/55800"}],"collection":[{"href":"https:\/\/www.suno.com.br\/noticias\/wp-json\/wp\/v2\/posts"}],"about":[{"href":"https:\/\/www.suno.com.br\/noticias\/wp-json\/wp\/v2\/types\/post"}],"author":[{"embeddable":true,"href":"https:\/\/www.suno.com.br\/noticias\/wp-json\/wp\/v2\/users\/19"}],"replies":[{"embeddable":true,"href":"https:\/\/www.suno.com.br\/noticias\/wp-json\/wp\/v2\/comments?post=55800"}],"version-history":[{"count":0,"href":"https:\/\/www.suno.com.br\/noticias\/wp-json\/wp\/v2\/posts\/55800\/revisions"}],"wp:featuredmedia":[{"embeddable":true,"href":"https:\/\/www.suno.com.br\/noticias\/wp-json\/wp\/v2\/media\/28795"}],"wp:attachment":[{"href":"https:\/\/www.suno.com.br\/noticias\/wp-json\/wp\/v2\/media?parent=55800"}],"wp:term":[{"taxonomy":"category","embeddable":true,"href":"https:\/\/www.suno.com.br\/noticias\/wp-json\/wp\/v2\/categories?post=55800"},{"taxonomy":"post_tag","embeddable":true,"href":"https:\/\/www.suno.com.br\/noticias\/wp-json\/wp\/v2\/tags?post=55800"},{"taxonomy":"suno_strategy","embeddable":true,"href":"https:\/\/www.suno.com.br\/noticias\/wp-json\/wp\/v2\/suno_strategy?post=55800"}],"curies":[{"name":"wp","href":"https:\/\/api.w.org\/{rel}","templated":true}]}}