{"id":557771,"date":"2024-05-28T11:05:51","date_gmt":"2024-05-28T14:05:51","guid":{"rendered":"https:\/\/www.suno.com.br\/noticias\/?p=557771"},"modified":"2024-05-28T11:05:59","modified_gmt":"2024-05-28T14:05:59","slug":"patria-compra-hglg11-fiis-credit-suisse-cpf","status":"publish","type":"post","link":"https:\/\/www.suno.com.br\/noticias\/patria-compra-hglg11-fiis-credit-suisse-cpf\/","title":{"rendered":"Patria compra HGLG11 e mais FIIs do Credit Suisse, com R$ 31 bilh\u00f5es sob gest\u00e3o"},"content":{"rendered":"<p>A gestora global <strong>Patria <\/strong>Investments Limited informou nesta ter\u00e7a-feira (28) sobre a conclus\u00e3o da compra do <a class=\"suno-keyword\" target=\"_blank\" data-force=\"yes\" data-priority=\"2\" href=\"https:\/\/www.suno.com.br\/fundos-imobiliarios\/hglg11\/\" rel=\"noopener\">HGLG11<\/a>, <a class=\"suno-keyword\" target=\"_blank\" data-force=\"yes\" data-priority=\"2\" href=\"https:\/\/www.suno.com.br\/fundos-imobiliarios\/hgru11\/\" rel=\"noopener\">HGRU11<\/a> e mais cinco dos fundos imobili\u00e1rios (FIIs) do Credit Suisse no Brasil. <\/p>\t<div class=\"wrapper-featured-image\">\n\t\t<figure class=\"spotlightImg\">\n\n\t\t\t<picture>\n\t\t\t\t<source media=\"(max-width: 768px)\" srcset=\"https:\/\/files.sunoresearch.com.br\/n\/uploads\/2021\/09\/patria-investimentos-400x200.jpg\">\n\t\t\t\t<img loading=\"lazy\" decoding=\"async\" class=\"newsContent__article__imgCapa lazyloadDisabled \" src=\"https:\/\/files.sunoresearch.com.br\/n\/uploads\/2021\/09\/patria-investimentos-800x450.jpg\" width=\"800\" height=\"450\" alt=\"Patria compra HGLG11 e mais FIIs do Credit Suisse, com R$ 31 bilh\u00f5es sob gest\u00e3o\" fetchpriority=high \/>\n\t\t\t<\/picture>\n\n\t\t\t<figcaption class=\"wp-caption-text wp-caption-text--show\">P\u00e1tria Investimentos Foto: Divulga\u00e7\u00e3o<\/figcaption>\n\t\t<\/figure>\n\t<\/div>\n\n\n\n\n\n\n\n\t<p>\n\t\t<a href=\"https:\/\/lp.suno.com.br\/plataforma-de-controle-de-investimentos\/\" target=\"_blank\" data-element=\"shortcode-suno-banner\" title=\"Banner SUNO, clique e saiba mais\">\n\t\t\t<picture>\n\t\t\t\t<source media=\"(max-width: 500px)\" srcset=\"https:\/\/files.sunoresearch.com.br\/n\/uploads\/2023\/03\/400x300-Controle-de-Investimentos.png\">\n\t\t\t\t<img class=\"newsContent__article__imgCapa newsContent__article__imgCapa--banner\"\n\t\t\t\t\tsrc=\"https:\/\/files.sunoresearch.com.br\/n\/uploads\/2023\/03\/1420x240-Controle-de-Investimentos.png\"\n\t\t\t\t\tdata-promo-id=\"383162\"\t\t\t\t\t\t\t\t\t\twidth='1420' height='240'\t\t\t\t\talt=\"https:\/\/files.sunoresearch.com.br\/n\/uploads\/2023\/03\/1420x240-Controle-de-Investimentos.png\"\n\t\t\t\t>\n\t\t\t<\/picture>\n\t\t<\/a>\n\t<\/p>\n\n\n\n\n\n<p>Os sete fundos do <strong>Credit Suisse<\/strong> Hedging Griffo Real Estate (HGLG11, HGRU11, <a class=\"suno-keyword\" target=\"_blank\" data-force=\"yes\" data-priority=\"2\" href=\"https:\/\/www.suno.com.br\/fundos-imobiliarios\/hgre11\/\" rel=\"noopener\">HGRE11<\/a>, <a class=\"suno-keyword\" target=\"_blank\" data-force=\"yes\" data-priority=\"2\" href=\"https:\/\/www.suno.com.br\/fundos-imobiliarios\/hgcr11\/\" rel=\"noopener\">HGCR11<\/a>, <a class=\"suno-keyword\" target=\"_blank\" data-force=\"yes\" data-priority=\"2\" href=\"https:\/\/www.suno.com.br\/fundos-imobiliarios\/hgpo11\/\" rel=\"noopener\">HGPO11<\/a>, <a class=\"suno-keyword\" target=\"_blank\" data-force=\"yes\" data-priority=\"2\" href=\"https:\/\/www.suno.com.br\/fundos-imobiliarios\/hgff11\/\" rel=\"noopener\">HGFF11<\/a>, <a class=\"suno-keyword\" target=\"_blank\" data-force=\"yes\" data-priority=\"2\" href=\"https:\/\/www.suno.com.br\/fundos-imobiliarios\/cbop11\/\" rel=\"noopener\">CBOP11<\/a>) acrescentam ao todo R$ 12 bilh\u00f5es sob gest\u00e3o do segmento imobili\u00e1rio da Patria. <\/p>\n\n\n\n<p>Ap\u00f3s a aprova\u00e7\u00e3o pelos acionistas do REIT (fundo de investimento imobili\u00e1rio dos Estados Unidos), a <strong>Patria Investimentos<\/strong> est\u00e1 posicionada como uma das principais<strong> gestoras de im\u00f3veis <\/strong>no Brasil e na Am\u00e9rica Latina.<\/p>\n\n\n\n<p>\u201cEstamos muito satisfeitos pela aprova\u00e7\u00e3o dos acionistas e estamos ansiosos para receber a equipe de profissionais na Patria assim que a transfer\u00eancia dos fundos for conclu\u00edda. Esta fam\u00edlia de REITs adiciona escala adicional \u00e0 nossa plataforma imobili\u00e1ria e abre novas potenciais vias de crescimento para a Patria,\u201d comemora Marcelo Fedak, chefe do neg\u00f3cio imobili\u00e1rio da <strong>gestora Patria<\/strong>.<\/p>\n\n\n\t<p>\n\t\t<a href=\"\" target=\"_blank\" data-element=\"shortcode-suno-banner\" title=\"Banner SUNO, clique e saiba mais\">\n\t\t\t<picture>\n\t\t\t\t<source media=\"(max-width: 500px)\" srcset=\"\">\n\t\t\t\t<img class=\"newsContent__article__imgCapa newsContent__article__imgCapa--banner\"\n\t\t\t\t\tsrc=\"\"\n\t\t\t\t\tdata-promo-id=\"77014\"\t\t\t\t\t\t\t\t\t\t\t\t\t\t\talt=\"\"\n\t\t\t\t>\n\t\t\t<\/picture>\n\t\t<\/a>\n\t<\/p>\n\n\n\n\n\n<h2 class=\"wp-block-heading\">Patria avan\u00e7a em posicionamento de gest\u00e3o de FIIs no Brasil<\/h2>\n\n\n\n<p>A aquisi\u00e7\u00e3o dos <strong>fundos do Credit Suisse <\/strong>rendeu um bom neg\u00f3cio \u00e0 gestora. A compra dos sete FIIs foi fechada em dezembro do ano passado, por R$ 650 milh\u00f5es. <\/p>\n\n\n\n<p>Apesar do acordo ter sido firmado no ano passado, a aquisi\u00e7\u00e3o ainda precisou passar pelo <a class=\"suno-keyword\" target=\"_blank\" data-force=\"no\" data-priority=\"2\" href=\"https:\/\/www.suno.com.br\/artigos\/cade\/\" rel=\"noopener\">Conselho Administrativo de Defesa Econ\u00f4mica (Cade)<\/a> e ser aprovado por um quarto (25%) das cotas emitidas de cada um dos <strong>FIIs do Credit Suisse<\/strong>, que somavam 960 mil cotistas.<\/p>\n\n\n\n<p>&#8220;Foi com uma relativa folga que passamos dos 25%. Em alguns casos, chegamos a mais de 30%&#8221;, revela Daniel Sorrentino, s\u00f3cio e<strong> CEO do P\u00e1tria<\/strong> para as Am\u00e9ricas, em entrevista ao jornal NeoFeed.<\/p>\n\n\n\n<p>Ao todo, a vota\u00e7\u00e3o conseguiu 130 mil cotistas nas assembleias, o que atingiu o qu\u00f3rum m\u00ednimo de 25% do n\u00famero de cotas. <\/p>\n\n\n\t<p>\n\t\t<a href=\"https:\/\/lp.suno.com.br\/ebook-investindo-em-fiis\/\" target=\"_blank\" data-element=\"shortcode-suno-banner\" title=\"Banner SUNO, clique e saiba mais\">\n\t\t\t<picture>\n\t\t\t\t<source media=\"(max-width: 500px)\" srcset=\"https:\/\/files.sunoresearch.com.br\/n\/uploads\/2023\/07\/Ebook-Fundos-Imobiliarios-Mobile.jpg\">\n\t\t\t\t<img class=\"newsContent__article__imgCapa newsContent__article__imgCapa--banner\"\n\t\t\t\t\tsrc=\"https:\/\/files.sunoresearch.com.br\/n\/uploads\/2023\/07\/Ebook-Fundos-Imobiliarios-Desktop.jpg\"\n\t\t\t\t\tdata-promo-id=\"378301\"\t\t\t\t\t\t\t\t\t\twidth='1420' height='286'\t\t\t\t\talt=\"https:\/\/files.sunoresearch.com.br\/n\/uploads\/2023\/07\/Ebook-Fundos-Imobiliarios-Desktop.jpg\"\n\t\t\t\t>\n\t\t\t<\/picture>\n\t\t<\/a>\n\t<\/p>\n\n\n\n\n\n<h2 class=\"wp-block-heading\">Gestora atinge R$ 31 bilh\u00f5es em ativos<\/h2>\n\n\n\n<p>A <strong>Patria Investimentos <\/strong>agora det\u00e9m cerca de US$ 2,4 bilh\u00f5es (R$ 12,3, bilh\u00f5es, aproximadamente) de ativos sob gest\u00e3o geradores de taxas e est\u00e1 perseguindo a posi\u00e7\u00e3o de maior gestora da Am\u00e9rica Latina, conforme diz Sorrentino ao NeoFeed.<\/p>\n\n\n\n<p>Ap\u00f3s a transfer\u00eancia dos fundos, que dever\u00e1 ocorrer em etapas e ser conclu\u00edda at\u00e9 30 de agosto, o business imobili\u00e1rio da Patria totalizar\u00e1 mais de US$ 6,0 bilh\u00f5es (R$ 30,8 bilh\u00f5es na cota\u00e7\u00e3o de hoje) em ativos geradores de taxas. <\/p>\n\n\n\n<p>O crescimento \u00e9 bem relevante quando comparado com o portf\u00f3lio da empresa em 2021, na \u00e9poca de seu IPO, quando detinha menos de US$ 700 milh\u00f5es. <\/p>\n\n\n\n<p>A previs\u00e3o \u00e9 de que a transa\u00e7\u00e3o eleve o <strong>capital permanente da Patria <\/strong>para aproximadamente 20% do total de ativos sob gest\u00e3o geradores de taxas, &#8220;em compara\u00e7\u00e3o com praticamente nada na \u00e9poca do IPO&#8221;, afirma \u00e0 companhia em comunicado \u00e0 imprensa.<\/p>\n\n\n\n<p>\u201cO mercado de fundos imobili\u00e1rios listados (FIIs) no Brasil experimentou um crescimento anualizado de 27% de 2018 a 2023, com base em dados da Anbima. Consequentemente, esta transa\u00e7\u00e3o representa um passo significativo para a <strong>Patria<\/strong>, pois busca adicionar capacidades de investimento neste segmento de mercado atraente [de FIIs] e ampliar sua plataforma imobili\u00e1ria na Am\u00e9rica Latina,\u201d diz Sorrentino em nota. <\/p>\n\n\n\n\t<div data-element=\"shortcode-read-more\" class=\"readToo\">\n\t\t\t\t<span class=\"readToo__title\">Leia mais<\/span>\n\t\t\t\t<ul class=\"readToo__list\">\n\t\t\t<li><a href=\"https:\/\/www.suno.com.br\/noticias\/ipca-15-retoma-alta-maio-medicamentos-cpf\/\">IPCA-15 retoma escalada, a 0,44% em maio, com medicamentos mais caros e sem impactos do RS<\/a><\/li><li><a href=\"https:\/\/www.suno.com.br\/noticias\/itau-unibano-itub4-incorporacao-hipercard-assembleia-cpf\/\">Ita\u00fa (ITUB4) prop\u00f5e incorpora\u00e7\u00e3o do Hipercard e convoca Assembleia Extraordin\u00e1ria<\/a><\/li><li><a href=\"https:\/\/www.suno.com.br\/noticias\/banco-inter-inbr32-compra-granito-interpag-cpf\/\">Banco Inter (INBR32) compra metade da Granito e renomeia empresa como InterPag<\/a><\/li>\t\t<\/ul>\n\t<\/div>\n\n\n\n\t<p>\n\t\t<a href=\"https:\/\/lp.suno.com.br\/planilha-da-vida-financeira\/\" target=\"_blank\" data-element=\"shortcode-suno-banner\" title=\"Banner SUNO, clique e saiba mais\">\n\t\t\t<picture>\n\t\t\t\t<source media=\"(max-width: 500px)\" srcset=\"https:\/\/files.sunoresearch.com.br\/n\/uploads\/2023\/04\/400x300-Planilha-vida-financeira-true.png\">\n\t\t\t\t<img class=\"newsContent__article__imgCapa newsContent__article__imgCapa--banner\"\n\t\t\t\t\tsrc=\"https:\/\/files.sunoresearch.com.br\/n\/uploads\/2023\/04\/1420x240-Planilha-vida-financeira-true.png\"\n\t\t\t\t\tdata-promo-id=\"383123\"\t\t\t\t\t\t\t\t\t\twidth='1420' height='240'\t\t\t\t\talt=\"https:\/\/files.sunoresearch.com.br\/n\/uploads\/2023\/04\/1420x240-Planilha-vida-financeira-true.png\"\n\t\t\t\t>\n\t\t\t<\/picture>\n\t\t<\/a>\n\t<\/p>\n\n\n","protected":false},"excerpt":{"rendered":"<p>A gestora global Patria Investments Limited informou nesta ter\u00e7a-feira (28) sobre a conclus\u00e3o da compra do HGLG11, HGRU11 e mais cinco dos fundos imobili\u00e1rios (FIIs) do Credit Suisse no Brasil. P\u00e1tria Investimentos Foto: Divulga\u00e7\u00e3o Os sete fundos do Credit Suisse Hedging Griffo Real Estate (HGLG11, HGRU11, HGRE11, HGCR11, HGPO11, HGFF11, CBOP11) acrescentam ao todo R$ [&hellip;]<\/p>\n","protected":false},"author":283,"featured_media":182339,"comment_status":"closed","ping_status":"closed","sticky":false,"template":"","format":"standard","meta":[],"categories":[66],"tags":[1788,315,104303,105501,2305,1139],"suno_strategy":[],"class_list":["post-557771","post","type-post","status-publish","format-standard","has-post-thumbnail","hentry","category-fiis","tag-credit-suisse-c1su34","tag-fundos-imobiliarios-fiis","tag-hglg11","tag-hgre11","tag-hgru11","tag-patria-investimentos"],"yoast_head":"<!-- This site is optimized with the Yoast SEO plugin v24.4 - https:\/\/yoast.com\/wordpress\/plugins\/seo\/ -->\n<title>Patria compra FIIs do Credit Suisse, com R$ 31 bilh\u00f5es sob gest\u00e3o<\/title>\n<meta name=\"description\" content=\"A Patria concluiu a compra do HGLG11 e demais fundos imobili\u00e1rios do Credit Suisse, com portf\u00f3lio de R$ 31 bilh\u00f5es de ativos sob gest\u00e3o.\" \/>\n<meta name=\"robots\" content=\"index, follow, max-snippet:-1, max-image-preview:large, max-video-preview:-1\" \/>\n<link rel=\"canonical\" href=\"https:\/\/www.suno.com.br\/noticias\/patria-compra-hglg11-fiis-credit-suisse-cpf\/\" \/>\n<meta property=\"og:locale\" content=\"pt_BR\" \/>\n<meta property=\"og:type\" content=\"article\" \/>\n<meta property=\"og:title\" content=\"Patria compra FIIs do Credit Suisse, com R$ 31 bilh\u00f5es sob gest\u00e3o\" \/>\n<meta property=\"og:description\" content=\"A Patria concluiu a compra do HGLG11 e demais fundos imobili\u00e1rios do Credit Suisse, com portf\u00f3lio de R$ 31 bilh\u00f5es de ativos sob gest\u00e3o.\" \/>\n<meta property=\"og:url\" content=\"https:\/\/www.suno.com.br\/noticias\/patria-compra-hglg11-fiis-credit-suisse-cpf\/\" \/>\n<meta property=\"og:site_name\" content=\"Suno Not\u00edcias\" \/>\n<meta property=\"article:publisher\" content=\"https:\/\/facebook.com\/sunoresearch\" \/>\n<meta property=\"og:image\" content=\"https:\/\/files.sunoresearch.com.br\/n\/uploads\/2021\/09\/patria-investimentos.jpg\" \/>\n\t<meta property=\"og:image:width\" content=\"1262\" \/>\n\t<meta property=\"og:image:height\" content=\"860\" \/>\n\t<meta property=\"og:image:type\" content=\"image\/jpeg\" \/>\n<meta name=\"author\" content=\"Camila Paim\" \/>\n<meta name=\"twitter:card\" content=\"summary_large_image\" \/>\n<meta name=\"twitter:creator\" content=\"@sunoresearch\" \/>\n<meta name=\"twitter:site\" content=\"@sunoresearch\" \/>\n<meta name=\"twitter:label1\" content=\"Escrito por\" \/>\n\t<meta name=\"twitter:data1\" content=\"Camila Paim\" \/>\n\t<meta name=\"twitter:label2\" content=\"Est. tempo de leitura\" \/>\n\t<meta name=\"twitter:data2\" content=\"3 minutos\" \/>\n<script type=\"application\/ld+json\" class=\"yoast-schema-graph\">{\"@context\":\"https:\/\/schema.org\",\"@graph\":[{\"@type\":\"NewsArticle\",\"@id\":\"https:\/\/www.suno.com.br\/noticias\/patria-compra-hglg11-fiis-credit-suisse-cpf\/#article\",\"isPartOf\":{\"@id\":\"https:\/\/www.suno.com.br\/noticias\/patria-compra-hglg11-fiis-credit-suisse-cpf\/\"},\"author\":{\"name\":\"Camila Paim\",\"@id\":\"https:\/\/www.suno.com.br\/noticias\/#\/schema\/person\/f341d3ae5d1cc685176c9a5327cdfdbb\"},\"headline\":\"Patria compra HGLG11 e mais FIIs do Credit Suisse, com R$ 31 bilh\u00f5es sob gest\u00e3o\",\"datePublished\":\"2024-05-28T14:05:51+00:00\",\"dateModified\":\"2024-05-28T14:05:59+00:00\",\"mainEntityOfPage\":{\"@id\":\"https:\/\/www.suno.com.br\/noticias\/patria-compra-hglg11-fiis-credit-suisse-cpf\/\"},\"wordCount\":555,\"publisher\":{\"@id\":\"https:\/\/www.suno.com.br\/noticias\/#organization\"},\"image\":{\"@id\":\"https:\/\/www.suno.com.br\/noticias\/patria-compra-hglg11-fiis-credit-suisse-cpf\/#primaryimage\"},\"thumbnailUrl\":\"https:\/\/files.sunoresearch.com.br\/n\/uploads\/2021\/09\/patria-investimentos.jpg\",\"keywords\":[\"Credit Suisse (C1SU34)\",\"Fundos Imobili\u00e1rios (FIIs)\",\"HGLG11\",\"HGRE11\",\"HGRU11\",\"P\u00e1tria Investimentos\"],\"articleSection\":[\"FIIs\"],\"inLanguage\":\"pt-BR\"},{\"@type\":\"WebPage\",\"@id\":\"https:\/\/www.suno.com.br\/noticias\/patria-compra-hglg11-fiis-credit-suisse-cpf\/\",\"url\":\"https:\/\/www.suno.com.br\/noticias\/patria-compra-hglg11-fiis-credit-suisse-cpf\/\",\"name\":\"Patria compra FIIs do Credit Suisse, com R$ 31 bilh\u00f5es sob gest\u00e3o\",\"isPartOf\":{\"@id\":\"https:\/\/www.suno.com.br\/noticias\/#website\"},\"primaryImageOfPage\":{\"@id\":\"https:\/\/www.suno.com.br\/noticias\/patria-compra-hglg11-fiis-credit-suisse-cpf\/#primaryimage\"},\"image\":{\"@id\":\"https:\/\/www.suno.com.br\/noticias\/patria-compra-hglg11-fiis-credit-suisse-cpf\/#primaryimage\"},\"thumbnailUrl\":\"https:\/\/files.sunoresearch.com.br\/n\/uploads\/2021\/09\/patria-investimentos.jpg\",\"datePublished\":\"2024-05-28T14:05:51+00:00\",\"dateModified\":\"2024-05-28T14:05:59+00:00\",\"description\":\"A Patria concluiu a compra do HGLG11 e demais fundos imobili\u00e1rios do Credit Suisse, com portf\u00f3lio de R$ 31 bilh\u00f5es de ativos sob gest\u00e3o.\",\"breadcrumb\":{\"@id\":\"https:\/\/www.suno.com.br\/noticias\/patria-compra-hglg11-fiis-credit-suisse-cpf\/#breadcrumb\"},\"inLanguage\":\"pt-BR\",\"potentialAction\":[{\"@type\":\"ReadAction\",\"target\":[\"https:\/\/www.suno.com.br\/noticias\/patria-compra-hglg11-fiis-credit-suisse-cpf\/\"]}]},{\"@type\":\"ImageObject\",\"inLanguage\":\"pt-BR\",\"@id\":\"https:\/\/www.suno.com.br\/noticias\/patria-compra-hglg11-fiis-credit-suisse-cpf\/#primaryimage\",\"url\":\"https:\/\/files.sunoresearch.com.br\/n\/uploads\/2021\/09\/patria-investimentos.jpg\",\"contentUrl\":\"https:\/\/files.sunoresearch.com.br\/n\/uploads\/2021\/09\/patria-investimentos.jpg\",\"width\":1262,\"height\":860,\"caption\":\"P\u00e1tria Investimentos Foto: Divulga\u00e7\u00e3o\"},{\"@type\":\"BreadcrumbList\",\"@id\":\"https:\/\/www.suno.com.br\/noticias\/patria-compra-hglg11-fiis-credit-suisse-cpf\/#breadcrumb\",\"itemListElement\":[{\"@type\":\"ListItem\",\"position\":1,\"name\":\"Not\u00edcias\",\"item\":\"https:\/\/www.suno.com.br\/noticias\/\"},{\"@type\":\"ListItem\",\"position\":2,\"name\":\"FIIs\",\"item\":\"https:\/\/www.suno.com.br\/noticias\/fiis\/\"},{\"@type\":\"ListItem\",\"position\":3,\"name\":\"Patria compra HGLG11 e mais FIIs do Credit Suisse, com R$ 31 bilh\u00f5es sob gest\u00e3o\"}]},{\"@type\":\"WebSite\",\"@id\":\"https:\/\/www.suno.com.br\/noticias\/#website\",\"url\":\"https:\/\/www.suno.com.br\/noticias\/\",\"name\":\"Suno Not\u00edcias\",\"description\":\"Seu portal de informa\u00e7\u00e3o sobre o mundo dos investimentos\",\"publisher\":{\"@id\":\"https:\/\/www.suno.com.br\/noticias\/#organization\"},\"potentialAction\":[{\"@type\":\"SearchAction\",\"target\":{\"@type\":\"EntryPoint\",\"urlTemplate\":\"https:\/\/www.suno.com.br\/noticias\/?s={search_term_string}\"},\"query-input\":{\"@type\":\"PropertyValueSpecification\",\"valueRequired\":true,\"valueName\":\"search_term_string\"}}],\"inLanguage\":\"pt-BR\"},{\"@type\":\"Organization\",\"@id\":\"https:\/\/www.suno.com.br\/noticias\/#organization\",\"name\":\"Suno Not\u00edcias\",\"url\":\"https:\/\/www.suno.com.br\/noticias\/\",\"logo\":{\"@type\":\"ImageObject\",\"inLanguage\":\"pt-BR\",\"@id\":\"https:\/\/www.suno.com.br\/noticias\/#\/schema\/logo\/image\/\",\"url\":\"https:\/\/files.sunoresearch.com.br\/n\/uploads\/2021\/09\/suno-logo.png\",\"contentUrl\":\"https:\/\/files.sunoresearch.com.br\/n\/uploads\/2021\/09\/suno-logo.png\",\"width\":180,\"height\":180,\"caption\":\"Suno Not\u00edcias\"},\"image\":{\"@id\":\"https:\/\/www.suno.com.br\/noticias\/#\/schema\/logo\/image\/\"},\"sameAs\":[\"https:\/\/facebook.com\/sunoresearch\",\"https:\/\/x.com\/sunoresearch\",\"https:\/\/www.instagram.com\/suno\",\"https:\/\/www.linkedin.com\/company\/suno-research\/\",\"https:\/\/www.youtube.com\/c\/sunoresearch\"]},{\"@type\":\"Person\",\"@id\":\"https:\/\/www.suno.com.br\/noticias\/#\/schema\/person\/f341d3ae5d1cc685176c9a5327cdfdbb\",\"name\":\"Camila Paim\",\"image\":{\"@type\":\"ImageObject\",\"inLanguage\":\"pt-BR\",\"@id\":\"https:\/\/www.suno.com.br\/noticias\/#\/schema\/person\/image\/\",\"url\":\"https:\/\/secure.gravatar.com\/avatar\/f33728e65febb1aa7ecf6792956f9b20?s=96&r=g\",\"contentUrl\":\"https:\/\/secure.gravatar.com\/avatar\/f33728e65febb1aa7ecf6792956f9b20?s=96&r=g\",\"caption\":\"Camila Paim\"},\"description\":\"Jornalista formada pela USP, tem experi\u00eancia em reda\u00e7\u00f5es, SEO, Branded Content e Webdesign. Com passagem pelo Jornal da USP, Empiricus e C6 Bank, hoje \u00e9 rep\u00f3rter no Suno Not\u00edcias cobrindo macroeconomia, finan\u00e7as pessoais e startups.\",\"url\":\"https:\/\/www.suno.com.br\/noticias\/author\/camila-figueiredosuno-com-br\/\"}]}<\/script>\n<!-- \/ Yoast SEO plugin. -->","yoast_head_json":{"title":"Patria compra FIIs do Credit Suisse, com R$ 31 bilh\u00f5es sob gest\u00e3o","description":"A Patria concluiu a compra do HGLG11 e demais fundos imobili\u00e1rios do Credit Suisse, com portf\u00f3lio de R$ 31 bilh\u00f5es de ativos sob gest\u00e3o.","robots":{"index":"index","follow":"follow","max-snippet":"max-snippet:-1","max-image-preview":"max-image-preview:large","max-video-preview":"max-video-preview:-1"},"canonical":"https:\/\/www.suno.com.br\/noticias\/patria-compra-hglg11-fiis-credit-suisse-cpf\/","og_locale":"pt_BR","og_type":"article","og_title":"Patria compra FIIs do Credit Suisse, com R$ 31 bilh\u00f5es sob gest\u00e3o","og_description":"A Patria concluiu a compra do HGLG11 e demais fundos imobili\u00e1rios do Credit Suisse, com portf\u00f3lio de R$ 31 bilh\u00f5es de ativos sob gest\u00e3o.","og_url":"https:\/\/www.suno.com.br\/noticias\/patria-compra-hglg11-fiis-credit-suisse-cpf\/","og_site_name":"Suno Not\u00edcias","article_publisher":"https:\/\/facebook.com\/sunoresearch","og_image":[{"width":1262,"height":860,"url":"https:\/\/files.sunoresearch.com.br\/n\/uploads\/2021\/09\/patria-investimentos.jpg","type":"image\/jpeg"}],"author":"Camila Paim","twitter_card":"summary_large_image","twitter_creator":"@sunoresearch","twitter_site":"@sunoresearch","twitter_misc":{"Escrito por":"Camila Paim","Est. tempo de leitura":"3 minutos"},"schema":{"@context":"https:\/\/schema.org","@graph":[{"@type":"NewsArticle","@id":"https:\/\/www.suno.com.br\/noticias\/patria-compra-hglg11-fiis-credit-suisse-cpf\/#article","isPartOf":{"@id":"https:\/\/www.suno.com.br\/noticias\/patria-compra-hglg11-fiis-credit-suisse-cpf\/"},"author":{"name":"Camila Paim","@id":"https:\/\/www.suno.com.br\/noticias\/#\/schema\/person\/f341d3ae5d1cc685176c9a5327cdfdbb"},"headline":"Patria compra HGLG11 e mais FIIs do Credit Suisse, com R$ 31 bilh\u00f5es sob gest\u00e3o","datePublished":"2024-05-28T14:05:51+00:00","dateModified":"2024-05-28T14:05:59+00:00","mainEntityOfPage":{"@id":"https:\/\/www.suno.com.br\/noticias\/patria-compra-hglg11-fiis-credit-suisse-cpf\/"},"wordCount":555,"publisher":{"@id":"https:\/\/www.suno.com.br\/noticias\/#organization"},"image":{"@id":"https:\/\/www.suno.com.br\/noticias\/patria-compra-hglg11-fiis-credit-suisse-cpf\/#primaryimage"},"thumbnailUrl":"https:\/\/files.sunoresearch.com.br\/n\/uploads\/2021\/09\/patria-investimentos.jpg","keywords":["Credit Suisse (C1SU34)","Fundos Imobili\u00e1rios (FIIs)","HGLG11","HGRE11","HGRU11","P\u00e1tria Investimentos"],"articleSection":["FIIs"],"inLanguage":"pt-BR"},{"@type":"WebPage","@id":"https:\/\/www.suno.com.br\/noticias\/patria-compra-hglg11-fiis-credit-suisse-cpf\/","url":"https:\/\/www.suno.com.br\/noticias\/patria-compra-hglg11-fiis-credit-suisse-cpf\/","name":"Patria compra FIIs do Credit Suisse, com R$ 31 bilh\u00f5es sob gest\u00e3o","isPartOf":{"@id":"https:\/\/www.suno.com.br\/noticias\/#website"},"primaryImageOfPage":{"@id":"https:\/\/www.suno.com.br\/noticias\/patria-compra-hglg11-fiis-credit-suisse-cpf\/#primaryimage"},"image":{"@id":"https:\/\/www.suno.com.br\/noticias\/patria-compra-hglg11-fiis-credit-suisse-cpf\/#primaryimage"},"thumbnailUrl":"https:\/\/files.sunoresearch.com.br\/n\/uploads\/2021\/09\/patria-investimentos.jpg","datePublished":"2024-05-28T14:05:51+00:00","dateModified":"2024-05-28T14:05:59+00:00","description":"A Patria concluiu a compra do HGLG11 e demais fundos imobili\u00e1rios do Credit Suisse, com portf\u00f3lio de R$ 31 bilh\u00f5es de ativos sob gest\u00e3o.","breadcrumb":{"@id":"https:\/\/www.suno.com.br\/noticias\/patria-compra-hglg11-fiis-credit-suisse-cpf\/#breadcrumb"},"inLanguage":"pt-BR","potentialAction":[{"@type":"ReadAction","target":["https:\/\/www.suno.com.br\/noticias\/patria-compra-hglg11-fiis-credit-suisse-cpf\/"]}]},{"@type":"ImageObject","inLanguage":"pt-BR","@id":"https:\/\/www.suno.com.br\/noticias\/patria-compra-hglg11-fiis-credit-suisse-cpf\/#primaryimage","url":"https:\/\/files.sunoresearch.com.br\/n\/uploads\/2021\/09\/patria-investimentos.jpg","contentUrl":"https:\/\/files.sunoresearch.com.br\/n\/uploads\/2021\/09\/patria-investimentos.jpg","width":1262,"height":860,"caption":"P\u00e1tria Investimentos Foto: Divulga\u00e7\u00e3o"},{"@type":"BreadcrumbList","@id":"https:\/\/www.suno.com.br\/noticias\/patria-compra-hglg11-fiis-credit-suisse-cpf\/#breadcrumb","itemListElement":[{"@type":"ListItem","position":1,"name":"Not\u00edcias","item":"https:\/\/www.suno.com.br\/noticias\/"},{"@type":"ListItem","position":2,"name":"FIIs","item":"https:\/\/www.suno.com.br\/noticias\/fiis\/"},{"@type":"ListItem","position":3,"name":"Patria compra HGLG11 e mais FIIs do Credit Suisse, com R$ 31 bilh\u00f5es sob gest\u00e3o"}]},{"@type":"WebSite","@id":"https:\/\/www.suno.com.br\/noticias\/#website","url":"https:\/\/www.suno.com.br\/noticias\/","name":"Suno Not\u00edcias","description":"Seu portal de informa\u00e7\u00e3o sobre o mundo dos investimentos","publisher":{"@id":"https:\/\/www.suno.com.br\/noticias\/#organization"},"potentialAction":[{"@type":"SearchAction","target":{"@type":"EntryPoint","urlTemplate":"https:\/\/www.suno.com.br\/noticias\/?s={search_term_string}"},"query-input":{"@type":"PropertyValueSpecification","valueRequired":true,"valueName":"search_term_string"}}],"inLanguage":"pt-BR"},{"@type":"Organization","@id":"https:\/\/www.suno.com.br\/noticias\/#organization","name":"Suno Not\u00edcias","url":"https:\/\/www.suno.com.br\/noticias\/","logo":{"@type":"ImageObject","inLanguage":"pt-BR","@id":"https:\/\/www.suno.com.br\/noticias\/#\/schema\/logo\/image\/","url":"https:\/\/files.sunoresearch.com.br\/n\/uploads\/2021\/09\/suno-logo.png","contentUrl":"https:\/\/files.sunoresearch.com.br\/n\/uploads\/2021\/09\/suno-logo.png","width":180,"height":180,"caption":"Suno Not\u00edcias"},"image":{"@id":"https:\/\/www.suno.com.br\/noticias\/#\/schema\/logo\/image\/"},"sameAs":["https:\/\/facebook.com\/sunoresearch","https:\/\/x.com\/sunoresearch","https:\/\/www.instagram.com\/suno","https:\/\/www.linkedin.com\/company\/suno-research\/","https:\/\/www.youtube.com\/c\/sunoresearch"]},{"@type":"Person","@id":"https:\/\/www.suno.com.br\/noticias\/#\/schema\/person\/f341d3ae5d1cc685176c9a5327cdfdbb","name":"Camila Paim","image":{"@type":"ImageObject","inLanguage":"pt-BR","@id":"https:\/\/www.suno.com.br\/noticias\/#\/schema\/person\/image\/","url":"https:\/\/secure.gravatar.com\/avatar\/f33728e65febb1aa7ecf6792956f9b20?s=96&r=g","contentUrl":"https:\/\/secure.gravatar.com\/avatar\/f33728e65febb1aa7ecf6792956f9b20?s=96&r=g","caption":"Camila Paim"},"description":"Jornalista formada pela USP, tem experi\u00eancia em reda\u00e7\u00f5es, SEO, Branded Content e Webdesign. Com passagem pelo Jornal da USP, Empiricus e C6 Bank, hoje \u00e9 rep\u00f3rter no Suno Not\u00edcias cobrindo macroeconomia, finan\u00e7as pessoais e startups.","url":"https:\/\/www.suno.com.br\/noticias\/author\/camila-figueiredosuno-com-br\/"}]}},"default_loop_html":"<div class=\"cardsPage__listCard__boxs\"><div class=\"cardsPage__listCard__boxs__img\"><a href=\"https:\/\/www.suno.com.br\/noticias\/patria-compra-hglg11-fiis-credit-suisse-cpf\/\"><img class=\"mask\" src=\"https:\/\/www.suno.com.br\/noticias\/wp-content\/themes\/suno\/resources\/images\/spotlight\/spotlight1img\/bg-mask.png\" alt=\"Image Mask\"\/><img src=\"https:\/\/files.sunoresearch.com.br\/n\/uploads\/2021\/09\/patria-investimentos-400x200.jpg\" alt=\"Patria compra HGLG11 e mais FIIs do Credit Suisse, com R$ 31 bilh\u00f5es sob gest\u00e3o\"\/><\/a><span class=\"spotlightCategory\"><a href=\"https:\/\/www.suno.com.br\/noticias\/fiis\/\">FIIs<\/a><\/span><\/div><div class=\"cardsPage__listCard__boxs__content\"><a href=\"https:\/\/www.suno.com.br\/noticias\/patria-compra-hglg11-fiis-credit-suisse-cpf\/\"><h2 class=\"content__title\">Patria compra HGLG11 e mais FIIs do Credit Suisse, com R$ 31 bilh\u00f5es sob gest\u00e3o<\/h2><\/a><div class=\"newsContent__article__meta\"><div class=\"newsContent__article__meta__authorBox\"><a href=\"https:\/\/www.suno.com.br\/noticias\/author\/camila-figueiredosuno-com-br\/\" class=\"authorBox__avatar noMobi\"><img src=\"https:\/\/files.sunoresearch.com.br\/n\/uploads\/2024\/05\/camila-paim-square-150x150.jpg\" alt=\"Camila Paim\"><\/a><div class=\"authorBox__name\"><span>por\n\t\t\t<a href=\"https:\/\/www.suno.com.br\/noticias\/author\/camila-figueiredosuno-com-br\/\"><span itemprop=\"author\">Camila Paim<\/span><\/a><\/span><time datetime=\"2024-05-28T11:05:51-03:00\" itemprop=\"datePublished\">28\/05\/2024 11:05<\/time><\/div><\/div><\/div><\/div><\/div>","single_layout":"posts","amp_enabled":true,"_links":{"self":[{"href":"https:\/\/www.suno.com.br\/noticias\/wp-json\/wp\/v2\/posts\/557771"}],"collection":[{"href":"https:\/\/www.suno.com.br\/noticias\/wp-json\/wp\/v2\/posts"}],"about":[{"href":"https:\/\/www.suno.com.br\/noticias\/wp-json\/wp\/v2\/types\/post"}],"author":[{"embeddable":true,"href":"https:\/\/www.suno.com.br\/noticias\/wp-json\/wp\/v2\/users\/283"}],"replies":[{"embeddable":true,"href":"https:\/\/www.suno.com.br\/noticias\/wp-json\/wp\/v2\/comments?post=557771"}],"version-history":[{"count":3,"href":"https:\/\/www.suno.com.br\/noticias\/wp-json\/wp\/v2\/posts\/557771\/revisions"}],"predecessor-version":[{"id":557807,"href":"https:\/\/www.suno.com.br\/noticias\/wp-json\/wp\/v2\/posts\/557771\/revisions\/557807"}],"wp:featuredmedia":[{"embeddable":true,"href":"https:\/\/www.suno.com.br\/noticias\/wp-json\/wp\/v2\/media\/182339"}],"wp:attachment":[{"href":"https:\/\/www.suno.com.br\/noticias\/wp-json\/wp\/v2\/media?parent=557771"}],"wp:term":[{"taxonomy":"category","embeddable":true,"href":"https:\/\/www.suno.com.br\/noticias\/wp-json\/wp\/v2\/categories?post=557771"},{"taxonomy":"post_tag","embeddable":true,"href":"https:\/\/www.suno.com.br\/noticias\/wp-json\/wp\/v2\/tags?post=557771"},{"taxonomy":"suno_strategy","embeddable":true,"href":"https:\/\/www.suno.com.br\/noticias\/wp-json\/wp\/v2\/suno_strategy?post=557771"}],"curies":[{"name":"wp","href":"https:\/\/api.w.org\/{rel}","templated":true}]}}