{"id":557739,"date":"2024-05-28T09:13:23","date_gmt":"2024-05-28T12:13:23","guid":{"rendered":"https:\/\/www.suno.com.br\/noticias\/?p=557739"},"modified":"2024-05-28T09:14:02","modified_gmt":"2024-05-28T12:14:02","slug":"itau-unibano-itub4-incorporacao-hipercard-assembleia-cpf","status":"publish","type":"post","link":"https:\/\/www.suno.com.br\/noticias\/itau-unibano-itub4-incorporacao-hipercard-assembleia-cpf\/","title":{"rendered":"Ita\u00fa (ITUB4) prop\u00f5e incorpora\u00e7\u00e3o do Hipercard e convoca Assembleia Extraordin\u00e1ria"},"content":{"rendered":"<p>O <strong>Ita\u00fa <\/strong>Unibanco (<a href=\"https:\/\/www.suno.com.br\/acoes\/ITUB4\/\" target=\"_blank\" rel=\"noreferrer noopener\">ITUB4<\/a>) informou nesta ter\u00e7a-feira (28) que aos o <a class=\"suno-keyword\" data-force=\"no\" data-priority=\"1\" href=\"https:\/\/www.suno.com.br\/artigos\/conselho-administracao\/\" target=\"_blank\" rel=\"noopener\">Conselho de Administra\u00e7\u00e3o<\/a> aprovou a proposta de incorpora\u00e7\u00e3o do Hipercard Banco M\u00faltiplo. <\/p>\t<div class=\"wrapper-featured-image\">\n\t\t<figure class=\"spotlightImg\">\n\n\t\t\t<picture>\n\t\t\t\t<source media=\"(max-width: 768px)\" srcset=\"https:\/\/files.sunoresearch.com.br\/n\/uploads\/2022\/12\/Itau-e1683551404706-400x200.jpg\">\n\t\t\t\t<img loading=\"lazy\" decoding=\"async\" class=\"newsContent__article__imgCapa lazyloadDisabled \" src=\"https:\/\/files.sunoresearch.com.br\/n\/uploads\/2022\/12\/Itau-e1683551404706-800x450.jpg\" width=\"800\" height=\"450\" alt=\"Ita\u00fa (ITUB4) prop\u00f5e incorpora\u00e7\u00e3o do Hipercard e convoca Assembleia Extraordin\u00e1ria\" fetchpriority=high \/>\n\t\t\t<\/picture>\n\n\t\t\t<figcaption class=\"wp-caption-text wp-caption-text--show\">Ita\u00fa (ITUB4) Foto: Divulga\u00e7\u00e3o.<\/figcaption>\n\t\t<\/figure>\n\t<\/div>\n\n\n\n\n\n\t<p>\n\t\t<a href=\"\" target=\"_blank\" data-element=\"shortcode-suno-banner\" title=\"Banner SUNO, clique e saiba mais\">\n\t\t\t<picture>\n\t\t\t\t<source media=\"(max-width: 500px)\" srcset=\"\">\n\t\t\t\t<img class=\"newsContent__article__imgCapa newsContent__article__imgCapa--banner\"\n\t\t\t\t\tsrc=\"\"\n\t\t\t\t\tdata-promo-id=\"265406\"\t\t\t\t\t\t\t\t\t\t\t\t\t\t\talt=\"\"\n\t\t\t\t>\n\t\t\t<\/picture>\n\t\t<\/a>\n\t<\/p>\n\n\n\n\n\n<p>Subsidi\u00e1ria integral do <strong>Ita\u00fa Unibanco<\/strong>, o <strong>Hipercard<\/strong> passaria todas as suas atividades ao banco, incluindo a administra\u00e7\u00e3o de cart\u00f5es. <\/p>\n\n\n\n<p>A negocia\u00e7\u00e3o ainda vai passar por votos na pr\u00f3xima Assembleia Geral Extraordin\u00e1ria para os acionistas, no dia 26 de junho de 2024. A delibera\u00e7\u00e3o sobre a opera\u00e7\u00e3o dever\u00e1 acontecer nesta data. <\/p>\n\n\n\n<p>Segundo o comunicado, o objetivo do Ita\u00fa Unibanco com essa reorganiza\u00e7\u00e3o \u00e9 otimizar o uso de seus recursos e melhorar a efici\u00eancia dos neg\u00f3cios, ao eliminar uma entidade do seu grupo e suas respectivas licen\u00e7as de opera\u00e7\u00e3o.<\/p>\n\n\n\n<p>&#8220;O <strong>ITUB4<\/strong> tem buscado, de forma constante, a racionaliza\u00e7\u00e3o do uso de seus recursos e a otimiza\u00e7\u00e3o de suas estruturas e neg\u00f3cios, com vistas a propiciar maior efici\u00eancia e retorno dos valores investidos, considerando a extin\u00e7\u00e3o de uma sociedade de seu conglomerado e de suas licen\u00e7as para operar,&#8221; afirma o banco em comunicado divulgado na <a class=\"suno-keyword\" target=\"_blank\" data-force=\"no\" data-priority=\"2\" href=\"https:\/\/www.suno.com.br\/artigos\/cvm\/\" rel=\"noopener\">Comiss\u00e3o de Valores Mobili\u00e1rios (CVM)<\/a>. <\/p>\n\n\n\n<p>Atualmente, o Hipercard \u00e9 totalmente controlado pelo <strong>banco Ita\u00fa<\/strong>, sem acionistas minorit\u00e1rios. Isso significa que a incorpora\u00e7\u00e3o n\u00e3o demandaria troca de a\u00e7\u00f5es ou <a class=\"suno-keyword\" target=\"_blank\" data-force=\"no\" data-priority=\"1\" href=\"https:\/\/www.suno.com.br\/artigos\/aumento-capital\/\" rel=\"noopener\">aumento de capital<\/a> no Ita\u00fa Unibanco, al\u00e9m de que n\u00e3o se aplicam as regras de <a class=\"suno-keyword\" target=\"_blank\" data-force=\"no\" data-priority=\"1\" href=\"https:\/\/www.suno.com.br\/artigos\/direito-de-retirada\/\" rel=\"noopener\">direito de retirada<\/a> dos acionistas dissidentes e a opera\u00e7\u00e3o n\u00e3o ter\u00e1 impacto financeiro para nenhuma das pontas.<\/p>\n\n\n\n<p>Mais detalhes sobre a proposta est\u00e3o dispon\u00edveis no site de <a class=\"suno-keyword\" target=\"_blank\" data-force=\"no\" data-priority=\"1\" href=\"https:\/\/www.suno.com.br\/artigos\/relacoes-com-investidores\/\" rel=\"noopener\">Rela\u00e7\u00f5es com Investidores<\/a> do Ita\u00fa e nos sites da CVM e da <a class=\"suno-keyword\" target=\"_blank\" data-force=\"yes\" data-priority=\"2\" href=\"https:\/\/www.suno.com.br\/acoes\/B3SA3\/\" rel=\"noopener\">B3 (B3SA3)<\/a>.<\/p>\n\n\n\t<p>\n\t\t<a href=\"https:\/\/lp.suno.com.br\/ebook-como-analisar-uma-acao\/\" target=\"_blank\" data-element=\"shortcode-suno-banner\" title=\"Banner SUNO, clique e saiba mais\">\n\t\t\t<picture>\n\t\t\t\t<source media=\"(max-width: 500px)\" srcset=\"https:\/\/files.sunoresearch.com.br\/n\/uploads\/2023\/03\/Ebook-Acoes-Mobile.jpg\">\n\t\t\t\t<img class=\"newsContent__article__imgCapa newsContent__article__imgCapa--banner\"\n\t\t\t\t\tsrc=\"https:\/\/files.sunoresearch.com.br\/n\/uploads\/2023\/03\/Ebook-Acoes-Desktop.jpg\"\n\t\t\t\t\tdata-promo-id=\"378302\"\t\t\t\t\t\t\t\t\t\twidth='1420' height='286'\t\t\t\t\talt=\"https:\/\/files.sunoresearch.com.br\/n\/uploads\/2023\/03\/Ebook-Acoes-Desktop.jpg\"\n\t\t\t\t>\n\t\t\t<\/picture>\n\t\t<\/a>\n\t<\/p>\n\n\n\n\n\n<h2 class=\"wp-block-heading\">A\u00e7\u00f5es do Ita\u00fa Unibanco (ITUB4)<\/h2>\n\n\n\n<p>Conforme novo relat\u00f3rio do BB-BI, as <strong>a\u00e7\u00f5es do Ita\u00fa<\/strong> junto com o BTG Pactual (BPAC11) s\u00e3o as preferidas da casa na carteira fundamentalista e tamb\u00e9m na Sele\u00e7\u00e3o BB 2024.<\/p>\n\n\n\n<p>Para os pap\u00e9is, o <strong>pre\u00e7o-alvo de ITUB4 <\/strong>\u00e9 de R$ 40, implicando em uma valoriza\u00e7\u00e3o de cerca de 25% ante a cota\u00e7\u00e3o atual, que fica na faixa dos R$ 31.<\/p>\n\n\n\n<p>No \u00faltimo preg\u00e3o, desta segunda-feira (27), as a\u00e7\u00f5es do <strong>Ita\u00fa <\/strong>fecharam em queda de 0,35% a R$ 31,74. Os pap\u00e9is acumulam uma desvaloriza\u00e7\u00e3o de 5,5% no acumulado de 2024.<\/p>\n\n\n\t<p>\n\t\t<a href=\"https:\/\/lp.suno.com.br\/plataforma-de-controle-de-investimentos\/\" target=\"_blank\" data-element=\"shortcode-suno-banner\" title=\"Banner SUNO, clique e saiba mais\">\n\t\t\t<picture>\n\t\t\t\t<source media=\"(max-width: 500px)\" srcset=\"https:\/\/files.sunoresearch.com.br\/n\/uploads\/2023\/03\/400x300-Controle-de-Investimentos.png\">\n\t\t\t\t<img class=\"newsContent__article__imgCapa newsContent__article__imgCapa--banner\"\n\t\t\t\t\tsrc=\"https:\/\/files.sunoresearch.com.br\/n\/uploads\/2023\/03\/1420x240-Controle-de-Investimentos.png\"\n\t\t\t\t\tdata-promo-id=\"383162\"\t\t\t\t\t\t\t\t\t\twidth='1420' height='240'\t\t\t\t\talt=\"https:\/\/files.sunoresearch.com.br\/n\/uploads\/2023\/03\/1420x240-Controle-de-Investimentos.png\"\n\t\t\t\t>\n\t\t\t<\/picture>\n\t\t<\/a>\n\t<\/p>\n\n\n","protected":false},"excerpt":{"rendered":"<p>O Ita\u00fa Unibanco (ITUB4) informou nesta ter\u00e7a-feira (28) que aos o Conselho de Administra\u00e7\u00e3o aprovou a proposta de incorpora\u00e7\u00e3o do Hipercard Banco M\u00faltiplo. Ita\u00fa (ITUB4) Foto: Divulga\u00e7\u00e3o. Subsidi\u00e1ria integral do Ita\u00fa Unibanco, o Hipercard passaria todas as suas atividades ao banco, incluindo a administra\u00e7\u00e3o de cart\u00f5es. A negocia\u00e7\u00e3o ainda vai passar por votos na pr\u00f3xima [&hellip;]<\/p>\n","protected":false},"author":283,"featured_media":338861,"comment_status":"closed","ping_status":"closed","sticky":false,"template":"","format":"standard","meta":[],"categories":[64],"tags":[519],"suno_strategy":[],"class_list":["post-557739","post","type-post","status-publish","format-standard","has-post-thumbnail","hentry","category-negocios","tag-itau-unibanco-itub3-itub4"],"yoast_head":"<!-- This site is optimized with the Yoast SEO plugin v24.4 - https:\/\/yoast.com\/wordpress\/plugins\/seo\/ -->\n<title>Ita\u00fa (ITUB4) prop\u00f5e incorpora\u00e7\u00e3o do Hipercard e convoca AGE<\/title>\n<meta name=\"description\" content=\"A incorpora\u00e7\u00e3o do Hipercard foi aprovada no Conselho do Ita\u00fa Unibanco (ITUB4) e agora passar\u00e1 por vota\u00e7\u00e3o em Assembleia Geral. Confira data.\" \/>\n<meta name=\"robots\" content=\"index, follow, max-snippet:-1, max-image-preview:large, max-video-preview:-1\" \/>\n<link rel=\"canonical\" href=\"https:\/\/www.suno.com.br\/noticias\/itau-unibano-itub4-incorporacao-hipercard-assembleia-cpf\/\" \/>\n<meta property=\"og:locale\" content=\"pt_BR\" \/>\n<meta property=\"og:type\" content=\"article\" \/>\n<meta property=\"og:title\" content=\"Ita\u00fa (ITUB4) prop\u00f5e incorpora\u00e7\u00e3o do Hipercard e convoca AGE\" \/>\n<meta property=\"og:description\" content=\"A incorpora\u00e7\u00e3o do Hipercard foi aprovada no Conselho do Ita\u00fa Unibanco (ITUB4) e agora passar\u00e1 por vota\u00e7\u00e3o em Assembleia Geral. Confira data.\" \/>\n<meta property=\"og:url\" content=\"https:\/\/www.suno.com.br\/noticias\/itau-unibano-itub4-incorporacao-hipercard-assembleia-cpf\/\" \/>\n<meta property=\"og:site_name\" content=\"Suno Not\u00edcias\" \/>\n<meta property=\"article:publisher\" content=\"https:\/\/facebook.com\/sunoresearch\" \/>\n<meta property=\"og:image\" content=\"https:\/\/files.sunoresearch.com.br\/n\/uploads\/2022\/12\/Itau-e1683551404706.jpg\" \/>\n\t<meta property=\"og:image:width\" content=\"1200\" \/>\n\t<meta property=\"og:image:height\" content=\"800\" \/>\n\t<meta property=\"og:image:type\" content=\"image\/jpeg\" \/>\n<meta name=\"author\" content=\"Camila Paim\" \/>\n<meta name=\"twitter:card\" content=\"summary_large_image\" \/>\n<meta name=\"twitter:creator\" content=\"@sunoresearch\" \/>\n<meta name=\"twitter:site\" content=\"@sunoresearch\" \/>\n<meta name=\"twitter:label1\" content=\"Escrito por\" \/>\n\t<meta name=\"twitter:data1\" content=\"Camila Paim\" \/>\n\t<meta name=\"twitter:label2\" content=\"Est. tempo de leitura\" \/>\n\t<meta name=\"twitter:data2\" content=\"2 minutos\" \/>\n<script type=\"application\/ld+json\" class=\"yoast-schema-graph\">{\"@context\":\"https:\/\/schema.org\",\"@graph\":[{\"@type\":\"NewsArticle\",\"@id\":\"https:\/\/www.suno.com.br\/noticias\/itau-unibano-itub4-incorporacao-hipercard-assembleia-cpf\/#article\",\"isPartOf\":{\"@id\":\"https:\/\/www.suno.com.br\/noticias\/itau-unibano-itub4-incorporacao-hipercard-assembleia-cpf\/\"},\"author\":{\"name\":\"Camila Paim\",\"@id\":\"https:\/\/www.suno.com.br\/noticias\/#\/schema\/person\/f341d3ae5d1cc685176c9a5327cdfdbb\"},\"headline\":\"Ita\u00fa (ITUB4) prop\u00f5e incorpora\u00e7\u00e3o do Hipercard e convoca Assembleia Extraordin\u00e1ria\",\"datePublished\":\"2024-05-28T12:13:23+00:00\",\"dateModified\":\"2024-05-28T12:14:02+00:00\",\"mainEntityOfPage\":{\"@id\":\"https:\/\/www.suno.com.br\/noticias\/itau-unibano-itub4-incorporacao-hipercard-assembleia-cpf\/\"},\"wordCount\":400,\"publisher\":{\"@id\":\"https:\/\/www.suno.com.br\/noticias\/#organization\"},\"image\":{\"@id\":\"https:\/\/www.suno.com.br\/noticias\/itau-unibano-itub4-incorporacao-hipercard-assembleia-cpf\/#primaryimage\"},\"thumbnailUrl\":\"https:\/\/files.sunoresearch.com.br\/n\/uploads\/2022\/12\/Itau-e1683551404706.jpg\",\"keywords\":[\"Ita\u00fa Unibanco (ITUB3\/ITUB4)\"],\"articleSection\":[\"Neg\u00f3cios\"],\"inLanguage\":\"pt-BR\"},{\"@type\":\"WebPage\",\"@id\":\"https:\/\/www.suno.com.br\/noticias\/itau-unibano-itub4-incorporacao-hipercard-assembleia-cpf\/\",\"url\":\"https:\/\/www.suno.com.br\/noticias\/itau-unibano-itub4-incorporacao-hipercard-assembleia-cpf\/\",\"name\":\"Ita\u00fa (ITUB4) prop\u00f5e incorpora\u00e7\u00e3o do Hipercard e convoca AGE\",\"isPartOf\":{\"@id\":\"https:\/\/www.suno.com.br\/noticias\/#website\"},\"primaryImageOfPage\":{\"@id\":\"https:\/\/www.suno.com.br\/noticias\/itau-unibano-itub4-incorporacao-hipercard-assembleia-cpf\/#primaryimage\"},\"image\":{\"@id\":\"https:\/\/www.suno.com.br\/noticias\/itau-unibano-itub4-incorporacao-hipercard-assembleia-cpf\/#primaryimage\"},\"thumbnailUrl\":\"https:\/\/files.sunoresearch.com.br\/n\/uploads\/2022\/12\/Itau-e1683551404706.jpg\",\"datePublished\":\"2024-05-28T12:13:23+00:00\",\"dateModified\":\"2024-05-28T12:14:02+00:00\",\"description\":\"A incorpora\u00e7\u00e3o do Hipercard foi aprovada no Conselho do Ita\u00fa Unibanco (ITUB4) e agora passar\u00e1 por vota\u00e7\u00e3o em Assembleia Geral. Confira data.\",\"breadcrumb\":{\"@id\":\"https:\/\/www.suno.com.br\/noticias\/itau-unibano-itub4-incorporacao-hipercard-assembleia-cpf\/#breadcrumb\"},\"inLanguage\":\"pt-BR\",\"potentialAction\":[{\"@type\":\"ReadAction\",\"target\":[\"https:\/\/www.suno.com.br\/noticias\/itau-unibano-itub4-incorporacao-hipercard-assembleia-cpf\/\"]}]},{\"@type\":\"ImageObject\",\"inLanguage\":\"pt-BR\",\"@id\":\"https:\/\/www.suno.com.br\/noticias\/itau-unibano-itub4-incorporacao-hipercard-assembleia-cpf\/#primaryimage\",\"url\":\"https:\/\/files.sunoresearch.com.br\/n\/uploads\/2022\/12\/Itau-e1683551404706.jpg\",\"contentUrl\":\"https:\/\/files.sunoresearch.com.br\/n\/uploads\/2022\/12\/Itau-e1683551404706.jpg\",\"width\":1200,\"height\":800,\"caption\":\"Ita\u00fa (ITUB4) Foto: Divulga\u00e7\u00e3o.\"},{\"@type\":\"BreadcrumbList\",\"@id\":\"https:\/\/www.suno.com.br\/noticias\/itau-unibano-itub4-incorporacao-hipercard-assembleia-cpf\/#breadcrumb\",\"itemListElement\":[{\"@type\":\"ListItem\",\"position\":1,\"name\":\"Not\u00edcias\",\"item\":\"https:\/\/www.suno.com.br\/noticias\/\"},{\"@type\":\"ListItem\",\"position\":2,\"name\":\"Neg\u00f3cios\",\"item\":\"https:\/\/www.suno.com.br\/noticias\/negocios\/\"},{\"@type\":\"ListItem\",\"position\":3,\"name\":\"Ita\u00fa (ITUB4) prop\u00f5e incorpora\u00e7\u00e3o do Hipercard e convoca Assembleia Extraordin\u00e1ria\"}]},{\"@type\":\"WebSite\",\"@id\":\"https:\/\/www.suno.com.br\/noticias\/#website\",\"url\":\"https:\/\/www.suno.com.br\/noticias\/\",\"name\":\"Suno Not\u00edcias\",\"description\":\"Seu portal de informa\u00e7\u00e3o sobre o mundo dos investimentos\",\"publisher\":{\"@id\":\"https:\/\/www.suno.com.br\/noticias\/#organization\"},\"potentialAction\":[{\"@type\":\"SearchAction\",\"target\":{\"@type\":\"EntryPoint\",\"urlTemplate\":\"https:\/\/www.suno.com.br\/noticias\/?s={search_term_string}\"},\"query-input\":{\"@type\":\"PropertyValueSpecification\",\"valueRequired\":true,\"valueName\":\"search_term_string\"}}],\"inLanguage\":\"pt-BR\"},{\"@type\":\"Organization\",\"@id\":\"https:\/\/www.suno.com.br\/noticias\/#organization\",\"name\":\"Suno Not\u00edcias\",\"url\":\"https:\/\/www.suno.com.br\/noticias\/\",\"logo\":{\"@type\":\"ImageObject\",\"inLanguage\":\"pt-BR\",\"@id\":\"https:\/\/www.suno.com.br\/noticias\/#\/schema\/logo\/image\/\",\"url\":\"https:\/\/files.sunoresearch.com.br\/n\/uploads\/2021\/09\/suno-logo.png\",\"contentUrl\":\"https:\/\/files.sunoresearch.com.br\/n\/uploads\/2021\/09\/suno-logo.png\",\"width\":180,\"height\":180,\"caption\":\"Suno Not\u00edcias\"},\"image\":{\"@id\":\"https:\/\/www.suno.com.br\/noticias\/#\/schema\/logo\/image\/\"},\"sameAs\":[\"https:\/\/facebook.com\/sunoresearch\",\"https:\/\/x.com\/sunoresearch\",\"https:\/\/www.instagram.com\/suno\",\"https:\/\/www.linkedin.com\/company\/suno-research\/\",\"https:\/\/www.youtube.com\/c\/sunoresearch\"]},{\"@type\":\"Person\",\"@id\":\"https:\/\/www.suno.com.br\/noticias\/#\/schema\/person\/f341d3ae5d1cc685176c9a5327cdfdbb\",\"name\":\"Camila Paim\",\"image\":{\"@type\":\"ImageObject\",\"inLanguage\":\"pt-BR\",\"@id\":\"https:\/\/www.suno.com.br\/noticias\/#\/schema\/person\/image\/\",\"url\":\"https:\/\/secure.gravatar.com\/avatar\/f33728e65febb1aa7ecf6792956f9b20?s=96&r=g\",\"contentUrl\":\"https:\/\/secure.gravatar.com\/avatar\/f33728e65febb1aa7ecf6792956f9b20?s=96&r=g\",\"caption\":\"Camila Paim\"},\"description\":\"Jornalista formada pela USP, tem experi\u00eancia em reda\u00e7\u00f5es, SEO, Branded Content e Webdesign. Com passagem pelo Jornal da USP, Empiricus e C6 Bank, hoje \u00e9 rep\u00f3rter no Suno Not\u00edcias cobrindo macroeconomia, finan\u00e7as pessoais e startups.\",\"url\":\"https:\/\/www.suno.com.br\/noticias\/author\/camila-figueiredosuno-com-br\/\"}]}<\/script>\n<!-- \/ Yoast SEO plugin. -->","yoast_head_json":{"title":"Ita\u00fa (ITUB4) prop\u00f5e incorpora\u00e7\u00e3o do Hipercard e convoca AGE","description":"A incorpora\u00e7\u00e3o do Hipercard foi aprovada no Conselho do Ita\u00fa Unibanco (ITUB4) e agora passar\u00e1 por vota\u00e7\u00e3o em Assembleia Geral. Confira data.","robots":{"index":"index","follow":"follow","max-snippet":"max-snippet:-1","max-image-preview":"max-image-preview:large","max-video-preview":"max-video-preview:-1"},"canonical":"https:\/\/www.suno.com.br\/noticias\/itau-unibano-itub4-incorporacao-hipercard-assembleia-cpf\/","og_locale":"pt_BR","og_type":"article","og_title":"Ita\u00fa (ITUB4) prop\u00f5e incorpora\u00e7\u00e3o do Hipercard e convoca AGE","og_description":"A incorpora\u00e7\u00e3o do Hipercard foi aprovada no Conselho do Ita\u00fa Unibanco (ITUB4) e agora passar\u00e1 por vota\u00e7\u00e3o em Assembleia Geral. Confira data.","og_url":"https:\/\/www.suno.com.br\/noticias\/itau-unibano-itub4-incorporacao-hipercard-assembleia-cpf\/","og_site_name":"Suno Not\u00edcias","article_publisher":"https:\/\/facebook.com\/sunoresearch","og_image":[{"width":1200,"height":800,"url":"https:\/\/files.sunoresearch.com.br\/n\/uploads\/2022\/12\/Itau-e1683551404706.jpg","type":"image\/jpeg"}],"author":"Camila Paim","twitter_card":"summary_large_image","twitter_creator":"@sunoresearch","twitter_site":"@sunoresearch","twitter_misc":{"Escrito por":"Camila Paim","Est. tempo de leitura":"2 minutos"},"schema":{"@context":"https:\/\/schema.org","@graph":[{"@type":"NewsArticle","@id":"https:\/\/www.suno.com.br\/noticias\/itau-unibano-itub4-incorporacao-hipercard-assembleia-cpf\/#article","isPartOf":{"@id":"https:\/\/www.suno.com.br\/noticias\/itau-unibano-itub4-incorporacao-hipercard-assembleia-cpf\/"},"author":{"name":"Camila Paim","@id":"https:\/\/www.suno.com.br\/noticias\/#\/schema\/person\/f341d3ae5d1cc685176c9a5327cdfdbb"},"headline":"Ita\u00fa (ITUB4) prop\u00f5e incorpora\u00e7\u00e3o do Hipercard e convoca Assembleia Extraordin\u00e1ria","datePublished":"2024-05-28T12:13:23+00:00","dateModified":"2024-05-28T12:14:02+00:00","mainEntityOfPage":{"@id":"https:\/\/www.suno.com.br\/noticias\/itau-unibano-itub4-incorporacao-hipercard-assembleia-cpf\/"},"wordCount":400,"publisher":{"@id":"https:\/\/www.suno.com.br\/noticias\/#organization"},"image":{"@id":"https:\/\/www.suno.com.br\/noticias\/itau-unibano-itub4-incorporacao-hipercard-assembleia-cpf\/#primaryimage"},"thumbnailUrl":"https:\/\/files.sunoresearch.com.br\/n\/uploads\/2022\/12\/Itau-e1683551404706.jpg","keywords":["Ita\u00fa Unibanco (ITUB3\/ITUB4)"],"articleSection":["Neg\u00f3cios"],"inLanguage":"pt-BR"},{"@type":"WebPage","@id":"https:\/\/www.suno.com.br\/noticias\/itau-unibano-itub4-incorporacao-hipercard-assembleia-cpf\/","url":"https:\/\/www.suno.com.br\/noticias\/itau-unibano-itub4-incorporacao-hipercard-assembleia-cpf\/","name":"Ita\u00fa (ITUB4) prop\u00f5e incorpora\u00e7\u00e3o do Hipercard e convoca AGE","isPartOf":{"@id":"https:\/\/www.suno.com.br\/noticias\/#website"},"primaryImageOfPage":{"@id":"https:\/\/www.suno.com.br\/noticias\/itau-unibano-itub4-incorporacao-hipercard-assembleia-cpf\/#primaryimage"},"image":{"@id":"https:\/\/www.suno.com.br\/noticias\/itau-unibano-itub4-incorporacao-hipercard-assembleia-cpf\/#primaryimage"},"thumbnailUrl":"https:\/\/files.sunoresearch.com.br\/n\/uploads\/2022\/12\/Itau-e1683551404706.jpg","datePublished":"2024-05-28T12:13:23+00:00","dateModified":"2024-05-28T12:14:02+00:00","description":"A incorpora\u00e7\u00e3o do Hipercard foi aprovada no Conselho do Ita\u00fa Unibanco (ITUB4) e agora passar\u00e1 por vota\u00e7\u00e3o em Assembleia Geral. Confira data.","breadcrumb":{"@id":"https:\/\/www.suno.com.br\/noticias\/itau-unibano-itub4-incorporacao-hipercard-assembleia-cpf\/#breadcrumb"},"inLanguage":"pt-BR","potentialAction":[{"@type":"ReadAction","target":["https:\/\/www.suno.com.br\/noticias\/itau-unibano-itub4-incorporacao-hipercard-assembleia-cpf\/"]}]},{"@type":"ImageObject","inLanguage":"pt-BR","@id":"https:\/\/www.suno.com.br\/noticias\/itau-unibano-itub4-incorporacao-hipercard-assembleia-cpf\/#primaryimage","url":"https:\/\/files.sunoresearch.com.br\/n\/uploads\/2022\/12\/Itau-e1683551404706.jpg","contentUrl":"https:\/\/files.sunoresearch.com.br\/n\/uploads\/2022\/12\/Itau-e1683551404706.jpg","width":1200,"height":800,"caption":"Ita\u00fa (ITUB4) Foto: Divulga\u00e7\u00e3o."},{"@type":"BreadcrumbList","@id":"https:\/\/www.suno.com.br\/noticias\/itau-unibano-itub4-incorporacao-hipercard-assembleia-cpf\/#breadcrumb","itemListElement":[{"@type":"ListItem","position":1,"name":"Not\u00edcias","item":"https:\/\/www.suno.com.br\/noticias\/"},{"@type":"ListItem","position":2,"name":"Neg\u00f3cios","item":"https:\/\/www.suno.com.br\/noticias\/negocios\/"},{"@type":"ListItem","position":3,"name":"Ita\u00fa (ITUB4) prop\u00f5e incorpora\u00e7\u00e3o do Hipercard e convoca Assembleia Extraordin\u00e1ria"}]},{"@type":"WebSite","@id":"https:\/\/www.suno.com.br\/noticias\/#website","url":"https:\/\/www.suno.com.br\/noticias\/","name":"Suno Not\u00edcias","description":"Seu portal de informa\u00e7\u00e3o sobre o mundo dos investimentos","publisher":{"@id":"https:\/\/www.suno.com.br\/noticias\/#organization"},"potentialAction":[{"@type":"SearchAction","target":{"@type":"EntryPoint","urlTemplate":"https:\/\/www.suno.com.br\/noticias\/?s={search_term_string}"},"query-input":{"@type":"PropertyValueSpecification","valueRequired":true,"valueName":"search_term_string"}}],"inLanguage":"pt-BR"},{"@type":"Organization","@id":"https:\/\/www.suno.com.br\/noticias\/#organization","name":"Suno Not\u00edcias","url":"https:\/\/www.suno.com.br\/noticias\/","logo":{"@type":"ImageObject","inLanguage":"pt-BR","@id":"https:\/\/www.suno.com.br\/noticias\/#\/schema\/logo\/image\/","url":"https:\/\/files.sunoresearch.com.br\/n\/uploads\/2021\/09\/suno-logo.png","contentUrl":"https:\/\/files.sunoresearch.com.br\/n\/uploads\/2021\/09\/suno-logo.png","width":180,"height":180,"caption":"Suno Not\u00edcias"},"image":{"@id":"https:\/\/www.suno.com.br\/noticias\/#\/schema\/logo\/image\/"},"sameAs":["https:\/\/facebook.com\/sunoresearch","https:\/\/x.com\/sunoresearch","https:\/\/www.instagram.com\/suno","https:\/\/www.linkedin.com\/company\/suno-research\/","https:\/\/www.youtube.com\/c\/sunoresearch"]},{"@type":"Person","@id":"https:\/\/www.suno.com.br\/noticias\/#\/schema\/person\/f341d3ae5d1cc685176c9a5327cdfdbb","name":"Camila Paim","image":{"@type":"ImageObject","inLanguage":"pt-BR","@id":"https:\/\/www.suno.com.br\/noticias\/#\/schema\/person\/image\/","url":"https:\/\/secure.gravatar.com\/avatar\/f33728e65febb1aa7ecf6792956f9b20?s=96&r=g","contentUrl":"https:\/\/secure.gravatar.com\/avatar\/f33728e65febb1aa7ecf6792956f9b20?s=96&r=g","caption":"Camila Paim"},"description":"Jornalista formada pela USP, tem experi\u00eancia em reda\u00e7\u00f5es, SEO, Branded Content e Webdesign. Com passagem pelo Jornal da USP, Empiricus e C6 Bank, hoje \u00e9 rep\u00f3rter no Suno Not\u00edcias cobrindo macroeconomia, finan\u00e7as pessoais e startups.","url":"https:\/\/www.suno.com.br\/noticias\/author\/camila-figueiredosuno-com-br\/"}]}},"default_loop_html":"<div class=\"cardsPage__listCard__boxs\"><div class=\"cardsPage__listCard__boxs__img\"><a href=\"https:\/\/www.suno.com.br\/noticias\/itau-unibano-itub4-incorporacao-hipercard-assembleia-cpf\/\"><img class=\"mask\" src=\"https:\/\/www.suno.com.br\/noticias\/wp-content\/themes\/suno\/resources\/images\/spotlight\/spotlight1img\/bg-mask.png\" alt=\"Image Mask\"\/><img src=\"https:\/\/files.sunoresearch.com.br\/n\/uploads\/2022\/12\/Itau-e1683551404706-400x200.jpg\" alt=\"Ita\u00fa (ITUB4) prop\u00f5e incorpora\u00e7\u00e3o do Hipercard e convoca Assembleia Extraordin\u00e1ria\"\/><\/a><span class=\"spotlightCategory\"><a href=\"https:\/\/www.suno.com.br\/noticias\/negocios\/\">Neg\u00f3cios<\/a><\/span><\/div><div class=\"cardsPage__listCard__boxs__content\"><a href=\"https:\/\/www.suno.com.br\/noticias\/itau-unibano-itub4-incorporacao-hipercard-assembleia-cpf\/\"><h2 class=\"content__title\">Ita\u00fa (ITUB4) prop\u00f5e incorpora\u00e7\u00e3o do Hipercard e convoca Assembleia Extraordin\u00e1ria<\/h2><\/a><div class=\"newsContent__article__meta\"><div class=\"newsContent__article__meta__authorBox\"><a href=\"https:\/\/www.suno.com.br\/noticias\/author\/camila-figueiredosuno-com-br\/\" class=\"authorBox__avatar noMobi\"><img src=\"https:\/\/files.sunoresearch.com.br\/n\/uploads\/2024\/05\/camila-paim-square-150x150.jpg\" alt=\"Camila Paim\"><\/a><div class=\"authorBox__name\"><span>por\n\t\t\t<a href=\"https:\/\/www.suno.com.br\/noticias\/author\/camila-figueiredosuno-com-br\/\"><span itemprop=\"author\">Camila Paim<\/span><\/a><\/span><time datetime=\"2024-05-28T09:13:23-03:00\" itemprop=\"datePublished\">28\/05\/2024 09:13<\/time><\/div><\/div><\/div><\/div><\/div>","single_layout":"posts","amp_enabled":true,"_links":{"self":[{"href":"https:\/\/www.suno.com.br\/noticias\/wp-json\/wp\/v2\/posts\/557739"}],"collection":[{"href":"https:\/\/www.suno.com.br\/noticias\/wp-json\/wp\/v2\/posts"}],"about":[{"href":"https:\/\/www.suno.com.br\/noticias\/wp-json\/wp\/v2\/types\/post"}],"author":[{"embeddable":true,"href":"https:\/\/www.suno.com.br\/noticias\/wp-json\/wp\/v2\/users\/283"}],"replies":[{"embeddable":true,"href":"https:\/\/www.suno.com.br\/noticias\/wp-json\/wp\/v2\/comments?post=557739"}],"version-history":[{"count":3,"href":"https:\/\/www.suno.com.br\/noticias\/wp-json\/wp\/v2\/posts\/557739\/revisions"}],"predecessor-version":[{"id":557747,"href":"https:\/\/www.suno.com.br\/noticias\/wp-json\/wp\/v2\/posts\/557739\/revisions\/557747"}],"wp:featuredmedia":[{"embeddable":true,"href":"https:\/\/www.suno.com.br\/noticias\/wp-json\/wp\/v2\/media\/338861"}],"wp:attachment":[{"href":"https:\/\/www.suno.com.br\/noticias\/wp-json\/wp\/v2\/media?parent=557739"}],"wp:term":[{"taxonomy":"category","embeddable":true,"href":"https:\/\/www.suno.com.br\/noticias\/wp-json\/wp\/v2\/categories?post=557739"},{"taxonomy":"post_tag","embeddable":true,"href":"https:\/\/www.suno.com.br\/noticias\/wp-json\/wp\/v2\/tags?post=557739"},{"taxonomy":"suno_strategy","embeddable":true,"href":"https:\/\/www.suno.com.br\/noticias\/wp-json\/wp\/v2\/suno_strategy?post=557739"}],"curies":[{"name":"wp","href":"https:\/\/api.w.org\/{rel}","templated":true}]}}